{"id":135904,"date":"2026-01-29T11:23:17","date_gmt":"2026-01-29T14:23:17","guid":{"rendered":"https:\/\/www.institutodeengenharia.org.br\/site\/?p=135904"},"modified":"2026-02-11T10:59:16","modified_gmt":"2026-02-11T13:59:16","slug":"projeto-oficina-escola-de-itu-forma-jovens-restauradores","status":"publish","type":"post","link":"https:\/\/www.institutodeengenharia.org.br\/site\/2026\/01\/29\/projeto-oficina-escola-de-itu-forma-jovens-restauradores\/","title":{"rendered":"Projeto Oficina Escola de Itu forma jovens restauradores"},"content":{"rendered":"<p>O presidente do Instituto de Engenharia, Jos\u00e9 Eduardo Jardim, e membros da diretoria receberam, nesta ter\u00e7a-feira (27), a visita de Raul de Souza Almeida, que levou o projeto\u00a0 <strong>Oficina Escola de Artes e Of\u00edcios a Itu.\u00a0<\/strong><\/p>\n<p>Durante o encontro, Raul apresentou o projeto, iniciado em 2006 na cidade, que tem como objetivo capacitar adolescentes entre 14 e 17 anos incompletos, de fam\u00edlias em situa\u00e7\u00e3o de vulnerabilidade social e estudantes de escolas p\u00fablicas do munic\u00edpio, na arte do restauro de patrim\u00f4nios hist\u00f3ricos, \u00e1rea integrante da Constru\u00e7\u00e3o Civil.<\/p>\n<p>Engenheiro eletricista formado pela Escola de Engenharia Mackenzie, a trajet\u00f3ria de Raul no projeto teve in\u00edcio ap\u00f3s sua aposentadoria, quando se mudou para o interior de S\u00e3o Paulo e passou a se envolver com atividades ligadas ao turismo. Itu, cidade com cerca de 175 mil habitantes, j\u00e1 foi considerada a mais rica do Estado de S\u00e3o Paulo, tendo sido resid\u00eancia de diversos bar\u00f5es do caf\u00e9. O munic\u00edpio abriga um expressivo patrim\u00f4nio hist\u00f3rico, com 235 im\u00f3veis tombados pelo Condephaat (Conselho de Defesa do Patrim\u00f4nio Hist\u00f3rico, Arqueol\u00f3gico, Art\u00edstico e Tur\u00edstico) e pelo Iphan (Instituto do Patrim\u00f4nio Hist\u00f3rico e Art\u00edstico Nacional), al\u00e9m de 30 fazendas dos s\u00e9culos XVII e XVIII, um verdadeiro museu a c\u00e9u aberto \u2014 cen\u00e1rio que chamou a aten\u00e7\u00e3o de Raul.<\/p>\n<p>Instalada no Quartel de Itu, fruto da cess\u00e3o do local pelo Ex\u00e9rcito Brasileiro e resultado de uma das parcerias e conv\u00eanios que mant\u00e9m o Oficina Escola funcionando, o curso tem dura\u00e7\u00e3o de 12 meses, \u00e9 realizado no per\u00edodo da tarde, de segunda a sexta-feira, e oferece aos alunos refei\u00e7\u00e3o di\u00e1ria e bolsa-aux\u00edlio mensal. Para ingressar no programa, os candidatos passam por entrevista com a equipe de assist\u00eancia social. At\u00e9 o momento, o projeto j\u00e1 formou 357 restauradores.<\/p>\n<p><img loading=\"lazy\" decoding=\"async\" class=\"size-medium wp-image-136479 alignleft\" src=\"https:\/\/www.institutodeengenharia.org.br\/site\/wp-content\/uploads\/2026\/01\/itu-300x227.png\" alt=\"\" width=\"300\" height=\"227\" srcset=\"https:\/\/www.institutodeengenharia.org.br\/site\/wp-content\/uploads\/2026\/01\/itu-300x227.png 300w, https:\/\/www.institutodeengenharia.org.br\/site\/wp-content\/uploads\/2026\/01\/itu-80x60.png 80w, https:\/\/www.institutodeengenharia.org.br\/site\/wp-content\/uploads\/2026\/01\/itu.png 383w\" sizes=\"auto, (max-width: 300px) 100vw, 300px\" \/>A grade curricular conta com 717 horas\/aula por ano, incluindo disciplinas como hist\u00f3ria da arquitetura, or\u00e7amento de obras, educa\u00e7\u00e3o patrimonial e AutoCAD 2D, entre outras.<\/p>\n<p>Como associa\u00e7\u00e3o voltada \u00e0 inclus\u00e3o social, o projeto \u00e9 *<em>beneficiado por incentivos fiscais<\/em> do Fundo dos Direitos da Crian\u00e7a e do Adolescente (federal) e do ICMS, por meio da Secretaria de Cultura do Estado de S\u00e3o Paulo.<\/p>\n<p>O pr\u00f3ximo desafio dos alunos ser\u00e1 o projeto de restauro da primeira sede do Col\u00e9gio S\u00e3o Luiz, em Itu, que completar\u00e1 160 anos, em 2027.<\/p>\n<p>Participaram tamb\u00e9m da apresenta\u00e7\u00e3o Miriana Marques, vice-presidente de Administra\u00e7\u00e3o e Finan\u00e7as, e Lawrence Koo, vice-presidente de Assuntos Internos.<\/p>\n<p><strong><em>*Se <span data-teams=\"true\">voc\u00ea \u00e9 comerci\u00e1rio e deseja apoiar essa iniciativa, pode contribuir por meio da destina\u00e7\u00e3o de parte do ICMS devido, utilizando o mecanismo de ren\u00fancia fiscal em favor do projeto n\u00ba 55236, aprovado pela Secretaria de Cultura do Estado de S\u00e3o Paulo. Trata-se de uma forma legal e sem custo adicional de investir diretamente na forma\u00e7\u00e3o de jovens e na preserva\u00e7\u00e3o do patrim\u00f4nio hist\u00f3rico, fortalecendo o impacto social e cultural do Oficina Escola de Artes e Of\u00edcios.<\/span><\/em><\/strong><\/p>\n","protected":false},"excerpt":{"rendered":"<p>O presidente do Instituto de Engenharia, Jos\u00e9 Eduardo Jardim, e membros da diretoria receberam, nesta ter\u00e7a-feira (27), a visita de Raul de Souza Almeida, que levou o projeto\u00a0 Oficina Escola de Artes e Of\u00edcios a Itu.\u00a0 Durante o encontro, Raul apresentou o projeto, iniciado em 2006 na cidade, que tem como objetivo capacitar adolescentes entre [&hellip;]<\/p>\n","protected":false},"author":14,"featured_media":135905,"comment_status":"open","ping_status":"open","sticky":false,"template":"","format":"standard","meta":{"footnotes":""},"categories":[23,27,141],"tags":[],"class_list":{"0":"post-135904","1":"post","2":"type-post","3":"status-publish","4":"format-standard","5":"has-post-thumbnail","7":"category-educacao","8":"category-instituto-de-engenharia","9":"category-noticias-menu"},"yoast_head":"<!-- This site is optimized with the Yoast SEO plugin v27.2 - https:\/\/yoast.com\/product\/yoast-seo-wordpress\/ -->\n<title>Projeto Oficina Escola de Itu forma jovens restauradores - Instituto de Engenharia<\/title>\n<meta name=\"robots\" content=\"index, follow, max-snippet:-1, max-image-preview:large, max-video-preview:-1\" \/>\n<link rel=\"canonical\" href=\"https:\/\/www.institutodeengenharia.org.br\/site\/2026\/01\/29\/projeto-oficina-escola-de-itu-forma-jovens-restauradores\/\" \/>\n<meta property=\"og:locale\" content=\"pt_BR\" \/>\n<meta property=\"og:type\" content=\"article\" \/>\n<meta property=\"og:title\" content=\"Projeto Oficina Escola de Itu forma jovens restauradores - Instituto de Engenharia\" \/>\n<meta property=\"og:description\" content=\"O presidente do Instituto de Engenharia, Jos\u00e9 Eduardo Jardim, e membros da diretoria receberam, nesta ter\u00e7a-feira (27), a visita de Raul de Souza Almeida, que levou o projeto\u00a0 Oficina Escola de Artes e Of\u00edcios a Itu.\u00a0 Durante o encontro, Raul apresentou o projeto, iniciado em 2006 na cidade, que tem como objetivo capacitar adolescentes entre [&hellip;]\" \/>\n<meta property=\"og:url\" content=\"https:\/\/www.institutodeengenharia.org.br\/site\/2026\/01\/29\/projeto-oficina-escola-de-itu-forma-jovens-restauradores\/\" \/>\n<meta property=\"og:site_name\" content=\"Instituto de Engenharia\" \/>\n<meta property=\"article:publisher\" content=\"https:\/\/www.facebook.com\/institutodeengenharia\" \/>\n<meta property=\"article:published_time\" content=\"2026-01-29T14:23:17+00:00\" \/>\n<meta property=\"article:modified_time\" content=\"2026-02-11T13:59:16+00:00\" \/>\n<meta property=\"og:image\" content=\"https:\/\/www.institutodeengenharia.org.br\/site\/wp-content\/uploads\/2026\/01\/Oficina-Escola-de-Artes-e-Oficios-de-Itu.jpg\" \/>\n\t<meta property=\"og:image:width\" content=\"449\" \/>\n\t<meta property=\"og:image:height\" content=\"360\" \/>\n\t<meta property=\"og:image:type\" content=\"image\/jpeg\" \/>\n<meta name=\"author\" content=\"Isabel\" \/>\n<meta name=\"twitter:card\" content=\"summary_large_image\" \/>\n<meta name=\"twitter:creator\" content=\"@iengenharia\" \/>\n<meta name=\"twitter:site\" content=\"@iengenharia\" \/>\n<meta name=\"twitter:label1\" content=\"Escrito por\" \/>\n\t<meta name=\"twitter:data1\" content=\"Isabel\" \/>\n\t<meta name=\"twitter:label2\" content=\"Est. tempo de leitura\" \/>\n\t<meta name=\"twitter:data2\" content=\"3 minutos\" \/>\n<script type=\"application\/ld+json\" class=\"yoast-schema-graph\">{\"@context\":\"https:\/\/schema.org\",\"@graph\":[{\"@type\":\"Article\",\"@id\":\"https:\/\/www.institutodeengenharia.org.br\/site\/2026\/01\/29\/projeto-oficina-escola-de-itu-forma-jovens-restauradores\/#article\",\"isPartOf\":{\"@id\":\"https:\/\/www.institutodeengenharia.org.br\/site\/2026\/01\/29\/projeto-oficina-escola-de-itu-forma-jovens-restauradores\/\"},\"author\":{\"name\":\"Isabel\",\"@id\":\"https:\/\/www.institutodeengenharia.org.br\/site\/#\/schema\/person\/593dc356630173a4877a635d3e5fd76b\"},\"headline\":\"Projeto Oficina Escola de Itu forma jovens restauradores\",\"datePublished\":\"2026-01-29T14:23:17+00:00\",\"dateModified\":\"2026-02-11T13:59:16+00:00\",\"mainEntityOfPage\":{\"@id\":\"https:\/\/www.institutodeengenharia.org.br\/site\/2026\/01\/29\/projeto-oficina-escola-de-itu-forma-jovens-restauradores\/\"},\"wordCount\":523,\"commentCount\":0,\"publisher\":{\"@id\":\"https:\/\/www.institutodeengenharia.org.br\/site\/#organization\"},\"image\":{\"@id\":\"https:\/\/www.institutodeengenharia.org.br\/site\/2026\/01\/29\/projeto-oficina-escola-de-itu-forma-jovens-restauradores\/#primaryimage\"},\"thumbnailUrl\":\"https:\/\/www.institutodeengenharia.org.br\/site\/wp-content\/uploads\/2026\/01\/Oficina-Escola-de-Artes-e-Oficios-de-Itu.jpg\",\"articleSection\":[\"Educa\u00e7\u00e3o\",\"Instituto de Engenharia\",\"Not\u00edcias\"],\"inLanguage\":\"pt-BR\",\"potentialAction\":[{\"@type\":\"CommentAction\",\"name\":\"Comment\",\"target\":[\"https:\/\/www.institutodeengenharia.org.br\/site\/2026\/01\/29\/projeto-oficina-escola-de-itu-forma-jovens-restauradores\/#respond\"]}]},{\"@type\":\"WebPage\",\"@id\":\"https:\/\/www.institutodeengenharia.org.br\/site\/2026\/01\/29\/projeto-oficina-escola-de-itu-forma-jovens-restauradores\/\",\"url\":\"https:\/\/www.institutodeengenharia.org.br\/site\/2026\/01\/29\/projeto-oficina-escola-de-itu-forma-jovens-restauradores\/\",\"name\":\"Projeto Oficina Escola de Itu forma jovens restauradores - Instituto de Engenharia\",\"isPartOf\":{\"@id\":\"https:\/\/www.institutodeengenharia.org.br\/site\/#website\"},\"primaryImageOfPage\":{\"@id\":\"https:\/\/www.institutodeengenharia.org.br\/site\/2026\/01\/29\/projeto-oficina-escola-de-itu-forma-jovens-restauradores\/#primaryimage\"},\"image\":{\"@id\":\"https:\/\/www.institutodeengenharia.org.br\/site\/2026\/01\/29\/projeto-oficina-escola-de-itu-forma-jovens-restauradores\/#primaryimage\"},\"thumbnailUrl\":\"https:\/\/www.institutodeengenharia.org.br\/site\/wp-content\/uploads\/2026\/01\/Oficina-Escola-de-Artes-e-Oficios-de-Itu.jpg\",\"datePublished\":\"2026-01-29T14:23:17+00:00\",\"dateModified\":\"2026-02-11T13:59:16+00:00\",\"breadcrumb\":{\"@id\":\"https:\/\/www.institutodeengenharia.org.br\/site\/2026\/01\/29\/projeto-oficina-escola-de-itu-forma-jovens-restauradores\/#breadcrumb\"},\"inLanguage\":\"pt-BR\",\"potentialAction\":[{\"@type\":\"ReadAction\",\"target\":[\"https:\/\/www.institutodeengenharia.org.br\/site\/2026\/01\/29\/projeto-oficina-escola-de-itu-forma-jovens-restauradores\/\"]}]},{\"@type\":\"ImageObject\",\"inLanguage\":\"pt-BR\",\"@id\":\"https:\/\/www.institutodeengenharia.org.br\/site\/2026\/01\/29\/projeto-oficina-escola-de-itu-forma-jovens-restauradores\/#primaryimage\",\"url\":\"https:\/\/www.institutodeengenharia.org.br\/site\/wp-content\/uploads\/2026\/01\/Oficina-Escola-de-Artes-e-Oficios-de-Itu.jpg\",\"contentUrl\":\"https:\/\/www.institutodeengenharia.org.br\/site\/wp-content\/uploads\/2026\/01\/Oficina-Escola-de-Artes-e-Oficios-de-Itu.jpg\",\"width\":449,\"height\":360,\"caption\":\"Miriana Marques, com Raul Souza (\u00e0 esq.) e Jos\u00e9 Eduardo Jardim\"},{\"@type\":\"BreadcrumbList\",\"@id\":\"https:\/\/www.institutodeengenharia.org.br\/site\/2026\/01\/29\/projeto-oficina-escola-de-itu-forma-jovens-restauradores\/#breadcrumb\",\"itemListElement\":[{\"@type\":\"ListItem\",\"position\":1,\"name\":\"In\u00edcio\",\"item\":\"https:\/\/www.institutodeengenharia.org.br\/site\/\"},{\"@type\":\"ListItem\",\"position\":2,\"name\":\"Projeto Oficina Escola de Itu forma jovens restauradores\"}]},{\"@type\":\"WebSite\",\"@id\":\"https:\/\/www.institutodeengenharia.org.br\/site\/#website\",\"url\":\"https:\/\/www.institutodeengenharia.org.br\/site\/\",\"name\":\"Instituto de Engenharia\",\"description\":\"O Instituto de Engenharia promove a Engenharia em benef\u00edcio do desenvolvimento e da qualidade de vida da sociedade.\",\"publisher\":{\"@id\":\"https:\/\/www.institutodeengenharia.org.br\/site\/#organization\"},\"potentialAction\":[{\"@type\":\"SearchAction\",\"target\":{\"@type\":\"EntryPoint\",\"urlTemplate\":\"https:\/\/www.institutodeengenharia.org.br\/site\/?s={search_term_string}\"},\"query-input\":{\"@type\":\"PropertyValueSpecification\",\"valueRequired\":true,\"valueName\":\"search_term_string\"}}],\"inLanguage\":\"pt-BR\"},{\"@type\":\"Organization\",\"@id\":\"https:\/\/www.institutodeengenharia.org.br\/site\/#organization\",\"name\":\"Instituto de Engenharia\",\"url\":\"https:\/\/www.institutodeengenharia.org.br\/site\/\",\"logo\":{\"@type\":\"ImageObject\",\"inLanguage\":\"pt-BR\",\"@id\":\"https:\/\/www.institutodeengenharia.org.br\/site\/#\/schema\/logo\/image\/\",\"url\":\"https:\/\/www.institutodeengenharia.org.br\/site\/wp-content\/uploads\/2019\/03\/logo-novo-IE2018-1.jpg\",\"contentUrl\":\"https:\/\/www.institutodeengenharia.org.br\/site\/wp-content\/uploads\/2019\/03\/logo-novo-IE2018-1.jpg\",\"width\":1486,\"height\":1879,\"caption\":\"Instituto de Engenharia\"},\"image\":{\"@id\":\"https:\/\/www.institutodeengenharia.org.br\/site\/#\/schema\/logo\/image\/\"},\"sameAs\":[\"https:\/\/www.facebook.com\/institutodeengenharia\",\"https:\/\/x.com\/iengenharia\",\"https:\/\/www.instagram.com\/institutodeengenharia\/\",\"https:\/\/www.linkedin.com\/company\/instituto-de-engenharia\/\",\"https:\/\/www.youtube.com\/channel\/UCXiCAlsSMe977vamW915HxA\"]},{\"@type\":\"Person\",\"@id\":\"https:\/\/www.institutodeengenharia.org.br\/site\/#\/schema\/person\/593dc356630173a4877a635d3e5fd76b\",\"name\":\"Isabel\",\"image\":{\"@type\":\"ImageObject\",\"inLanguage\":\"pt-BR\",\"@id\":\"https:\/\/secure.gravatar.com\/avatar\/f3c521db63ec9db17894f10a88c6a3cf95b2281d7f80eeb3cf3ef1cb091576e7?s=96&d=mm&r=g\",\"url\":\"https:\/\/secure.gravatar.com\/avatar\/f3c521db63ec9db17894f10a88c6a3cf95b2281d7f80eeb3cf3ef1cb091576e7?s=96&d=mm&r=g\",\"contentUrl\":\"https:\/\/secure.gravatar.com\/avatar\/f3c521db63ec9db17894f10a88c6a3cf95b2281d7f80eeb3cf3ef1cb091576e7?s=96&d=mm&r=g\",\"caption\":\"Isabel\"},\"url\":\"https:\/\/www.institutodeengenharia.org.br\/site\/author\/comunicacao2\/\"}]}<\/script>\n<!-- \/ Yoast SEO plugin. -->","yoast_head_json":{"title":"Projeto Oficina Escola de Itu forma jovens restauradores - Instituto de Engenharia","robots":{"index":"index","follow":"follow","max-snippet":"max-snippet:-1","max-image-preview":"max-image-preview:large","max-video-preview":"max-video-preview:-1"},"canonical":"https:\/\/www.institutodeengenharia.org.br\/site\/2026\/01\/29\/projeto-oficina-escola-de-itu-forma-jovens-restauradores\/","og_locale":"pt_BR","og_type":"article","og_title":"Projeto Oficina Escola de Itu forma jovens restauradores - Instituto de Engenharia","og_description":"O presidente do Instituto de Engenharia, Jos\u00e9 Eduardo Jardim, e membros da diretoria receberam, nesta ter\u00e7a-feira (27), a visita de Raul de Souza Almeida, que levou o projeto\u00a0 Oficina Escola de Artes e Of\u00edcios a Itu.\u00a0 Durante o encontro, Raul apresentou o projeto, iniciado em 2006 na cidade, que tem como objetivo capacitar adolescentes entre [&hellip;]","og_url":"https:\/\/www.institutodeengenharia.org.br\/site\/2026\/01\/29\/projeto-oficina-escola-de-itu-forma-jovens-restauradores\/","og_site_name":"Instituto de Engenharia","article_publisher":"https:\/\/www.facebook.com\/institutodeengenharia","article_published_time":"2026-01-29T14:23:17+00:00","article_modified_time":"2026-02-11T13:59:16+00:00","og_image":[{"width":449,"height":360,"url":"https:\/\/www.institutodeengenharia.org.br\/site\/wp-content\/uploads\/2026\/01\/Oficina-Escola-de-Artes-e-Oficios-de-Itu.jpg","type":"image\/jpeg"}],"author":"Isabel","twitter_card":"summary_large_image","twitter_creator":"@iengenharia","twitter_site":"@iengenharia","twitter_misc":{"Escrito por":"Isabel","Est. tempo de leitura":"3 minutos"},"schema":{"@context":"https:\/\/schema.org","@graph":[{"@type":"Article","@id":"https:\/\/www.institutodeengenharia.org.br\/site\/2026\/01\/29\/projeto-oficina-escola-de-itu-forma-jovens-restauradores\/#article","isPartOf":{"@id":"https:\/\/www.institutodeengenharia.org.br\/site\/2026\/01\/29\/projeto-oficina-escola-de-itu-forma-jovens-restauradores\/"},"author":{"name":"Isabel","@id":"https:\/\/www.institutodeengenharia.org.br\/site\/#\/schema\/person\/593dc356630173a4877a635d3e5fd76b"},"headline":"Projeto Oficina Escola de Itu forma jovens restauradores","datePublished":"2026-01-29T14:23:17+00:00","dateModified":"2026-02-11T13:59:16+00:00","mainEntityOfPage":{"@id":"https:\/\/www.institutodeengenharia.org.br\/site\/2026\/01\/29\/projeto-oficina-escola-de-itu-forma-jovens-restauradores\/"},"wordCount":523,"commentCount":0,"publisher":{"@id":"https:\/\/www.institutodeengenharia.org.br\/site\/#organization"},"image":{"@id":"https:\/\/www.institutodeengenharia.org.br\/site\/2026\/01\/29\/projeto-oficina-escola-de-itu-forma-jovens-restauradores\/#primaryimage"},"thumbnailUrl":"https:\/\/www.institutodeengenharia.org.br\/site\/wp-content\/uploads\/2026\/01\/Oficina-Escola-de-Artes-e-Oficios-de-Itu.jpg","articleSection":["Educa\u00e7\u00e3o","Instituto de Engenharia","Not\u00edcias"],"inLanguage":"pt-BR","potentialAction":[{"@type":"CommentAction","name":"Comment","target":["https:\/\/www.institutodeengenharia.org.br\/site\/2026\/01\/29\/projeto-oficina-escola-de-itu-forma-jovens-restauradores\/#respond"]}]},{"@type":"WebPage","@id":"https:\/\/www.institutodeengenharia.org.br\/site\/2026\/01\/29\/projeto-oficina-escola-de-itu-forma-jovens-restauradores\/","url":"https:\/\/www.institutodeengenharia.org.br\/site\/2026\/01\/29\/projeto-oficina-escola-de-itu-forma-jovens-restauradores\/","name":"Projeto Oficina Escola de Itu forma jovens restauradores - Instituto de Engenharia","isPartOf":{"@id":"https:\/\/www.institutodeengenharia.org.br\/site\/#website"},"primaryImageOfPage":{"@id":"https:\/\/www.institutodeengenharia.org.br\/site\/2026\/01\/29\/projeto-oficina-escola-de-itu-forma-jovens-restauradores\/#primaryimage"},"image":{"@id":"https:\/\/www.institutodeengenharia.org.br\/site\/2026\/01\/29\/projeto-oficina-escola-de-itu-forma-jovens-restauradores\/#primaryimage"},"thumbnailUrl":"https:\/\/www.institutodeengenharia.org.br\/site\/wp-content\/uploads\/2026\/01\/Oficina-Escola-de-Artes-e-Oficios-de-Itu.jpg","datePublished":"2026-01-29T14:23:17+00:00","dateModified":"2026-02-11T13:59:16+00:00","breadcrumb":{"@id":"https:\/\/www.institutodeengenharia.org.br\/site\/2026\/01\/29\/projeto-oficina-escola-de-itu-forma-jovens-restauradores\/#breadcrumb"},"inLanguage":"pt-BR","potentialAction":[{"@type":"ReadAction","target":["https:\/\/www.institutodeengenharia.org.br\/site\/2026\/01\/29\/projeto-oficina-escola-de-itu-forma-jovens-restauradores\/"]}]},{"@type":"ImageObject","inLanguage":"pt-BR","@id":"https:\/\/www.institutodeengenharia.org.br\/site\/2026\/01\/29\/projeto-oficina-escola-de-itu-forma-jovens-restauradores\/#primaryimage","url":"https:\/\/www.institutodeengenharia.org.br\/site\/wp-content\/uploads\/2026\/01\/Oficina-Escola-de-Artes-e-Oficios-de-Itu.jpg","contentUrl":"https:\/\/www.institutodeengenharia.org.br\/site\/wp-content\/uploads\/2026\/01\/Oficina-Escola-de-Artes-e-Oficios-de-Itu.jpg","width":449,"height":360,"caption":"Miriana Marques, com Raul Souza (\u00e0 esq.) e Jos\u00e9 Eduardo Jardim"},{"@type":"BreadcrumbList","@id":"https:\/\/www.institutodeengenharia.org.br\/site\/2026\/01\/29\/projeto-oficina-escola-de-itu-forma-jovens-restauradores\/#breadcrumb","itemListElement":[{"@type":"ListItem","position":1,"name":"In\u00edcio","item":"https:\/\/www.institutodeengenharia.org.br\/site\/"},{"@type":"ListItem","position":2,"name":"Projeto Oficina Escola de Itu forma jovens restauradores"}]},{"@type":"WebSite","@id":"https:\/\/www.institutodeengenharia.org.br\/site\/#website","url":"https:\/\/www.institutodeengenharia.org.br\/site\/","name":"Instituto de Engenharia","description":"O Instituto de Engenharia promove a Engenharia em benef\u00edcio do desenvolvimento e da qualidade de vida da sociedade.","publisher":{"@id":"https:\/\/www.institutodeengenharia.org.br\/site\/#organization"},"potentialAction":[{"@type":"SearchAction","target":{"@type":"EntryPoint","urlTemplate":"https:\/\/www.institutodeengenharia.org.br\/site\/?s={search_term_string}"},"query-input":{"@type":"PropertyValueSpecification","valueRequired":true,"valueName":"search_term_string"}}],"inLanguage":"pt-BR"},{"@type":"Organization","@id":"https:\/\/www.institutodeengenharia.org.br\/site\/#organization","name":"Instituto de Engenharia","url":"https:\/\/www.institutodeengenharia.org.br\/site\/","logo":{"@type":"ImageObject","inLanguage":"pt-BR","@id":"https:\/\/www.institutodeengenharia.org.br\/site\/#\/schema\/logo\/image\/","url":"https:\/\/www.institutodeengenharia.org.br\/site\/wp-content\/uploads\/2019\/03\/logo-novo-IE2018-1.jpg","contentUrl":"https:\/\/www.institutodeengenharia.org.br\/site\/wp-content\/uploads\/2019\/03\/logo-novo-IE2018-1.jpg","width":1486,"height":1879,"caption":"Instituto de Engenharia"},"image":{"@id":"https:\/\/www.institutodeengenharia.org.br\/site\/#\/schema\/logo\/image\/"},"sameAs":["https:\/\/www.facebook.com\/institutodeengenharia","https:\/\/x.com\/iengenharia","https:\/\/www.instagram.com\/institutodeengenharia\/","https:\/\/www.linkedin.com\/company\/instituto-de-engenharia\/","https:\/\/www.youtube.com\/channel\/UCXiCAlsSMe977vamW915HxA"]},{"@type":"Person","@id":"https:\/\/www.institutodeengenharia.org.br\/site\/#\/schema\/person\/593dc356630173a4877a635d3e5fd76b","name":"Isabel","image":{"@type":"ImageObject","inLanguage":"pt-BR","@id":"https:\/\/secure.gravatar.com\/avatar\/f3c521db63ec9db17894f10a88c6a3cf95b2281d7f80eeb3cf3ef1cb091576e7?s=96&d=mm&r=g","url":"https:\/\/secure.gravatar.com\/avatar\/f3c521db63ec9db17894f10a88c6a3cf95b2281d7f80eeb3cf3ef1cb091576e7?s=96&d=mm&r=g","contentUrl":"https:\/\/secure.gravatar.com\/avatar\/f3c521db63ec9db17894f10a88c6a3cf95b2281d7f80eeb3cf3ef1cb091576e7?s=96&d=mm&r=g","caption":"Isabel"},"url":"https:\/\/www.institutodeengenharia.org.br\/site\/author\/comunicacao2\/"}]}},"_links":{"self":[{"href":"https:\/\/www.institutodeengenharia.org.br\/site\/wp-json\/wp\/v2\/posts\/135904","targetHints":{"allow":["GET"]}}],"collection":[{"href":"https:\/\/www.institutodeengenharia.org.br\/site\/wp-json\/wp\/v2\/posts"}],"about":[{"href":"https:\/\/www.institutodeengenharia.org.br\/site\/wp-json\/wp\/v2\/types\/post"}],"author":[{"embeddable":true,"href":"https:\/\/www.institutodeengenharia.org.br\/site\/wp-json\/wp\/v2\/users\/14"}],"replies":[{"embeddable":true,"href":"https:\/\/www.institutodeengenharia.org.br\/site\/wp-json\/wp\/v2\/comments?post=135904"}],"version-history":[{"count":5,"href":"https:\/\/www.institutodeengenharia.org.br\/site\/wp-json\/wp\/v2\/posts\/135904\/revisions"}],"predecessor-version":[{"id":136480,"href":"https:\/\/www.institutodeengenharia.org.br\/site\/wp-json\/wp\/v2\/posts\/135904\/revisions\/136480"}],"wp:featuredmedia":[{"embeddable":true,"href":"https:\/\/www.institutodeengenharia.org.br\/site\/wp-json\/wp\/v2\/media\/135905"}],"wp:attachment":[{"href":"https:\/\/www.institutodeengenharia.org.br\/site\/wp-json\/wp\/v2\/media?parent=135904"}],"wp:term":[{"taxonomy":"category","embeddable":true,"href":"https:\/\/www.institutodeengenharia.org.br\/site\/wp-json\/wp\/v2\/categories?post=135904"},{"taxonomy":"post_tag","embeddable":true,"href":"https:\/\/www.institutodeengenharia.org.br\/site\/wp-json\/wp\/v2\/tags?post=135904"}],"curies":[{"name":"wp","href":"https:\/\/api.w.org\/{rel}","templated":true}]}}