{"id":135885,"date":"2026-01-20T11:48:17","date_gmt":"2026-01-20T14:48:17","guid":{"rendered":"https:\/\/www.institutodeengenharia.org.br\/site\/?p=135885"},"modified":"2026-02-10T14:25:42","modified_gmt":"2026-02-10T17:25:42","slug":"ia-em-projetos-eletricos-e-automacao","status":"publish","type":"post","link":"https:\/\/www.institutodeengenharia.org.br\/site\/2026\/01\/20\/ia-em-projetos-eletricos-e-automacao\/","title":{"rendered":"IA em projetos el\u00e9tricos e automa\u00e7\u00e3o"},"content":{"rendered":"<p><strong>Assista abaixo \u00e0 grava\u00e7\u00e3o do evento:\u00a0<\/strong><\/p>\n<div style=\"padding: 56.25% 0 0 0; position: relative;\"><iframe style=\"position: absolute; top: 0; left: 0; width: 100%; height: 100%;\" title=\"IA em projetos eletricos e automa\u00e7\u00e3o\" src=\"https:\/\/player.vimeo.com\/video\/1158405031?badge=0&amp;autopause=0&amp;player_id=0&amp;app_id=58479\" frameborder=\"0\"><\/iframe><\/div>\n<p><strong>+ Informa\u00e7\u00f5es:\u00a0<\/strong><\/p>\n<p>A Intelig\u00eancia Artificial (IA) est\u00e1 revolucionando os projetos el\u00e9tricos e a automa\u00e7\u00e3o, otimizando processos, melhorando a efici\u00eancia e permitindo a manuten\u00e7\u00e3o preditiva. Ela n\u00e3o substitui os profissionais, mas os capacita, ajudando a criar solu\u00e7\u00f5es mais modernas e eficazes.<\/p>\n<p>Dessa forma, estaremos abordando essas quest\u00f5es na palestra: otimiza\u00e7\u00e3o e efici\u00eancia nos processos de Engenharia.<\/p>\n<p><strong>P\u00fablico-alvo:<\/strong><\/p>\n<p>Engenheiros, arquitetos, t\u00e9cnicos, estudantes e demais interessados.<\/p>\n<p><strong>Realiza\u00e7\u00e3o:<\/strong><\/p>\n<p><img loading=\"lazy\" decoding=\"async\" class=\" wp-image-136101 alignleft\" src=\"https:\/\/www.institutodeengenharia.org.br\/site\/wp-content\/uploads\/2026\/02\/Logo-110-Anos-Sem-fundo-Azul.png\" alt=\"\" width=\"153\" height=\"153\" srcset=\"https:\/\/www.institutodeengenharia.org.br\/site\/wp-content\/uploads\/2026\/02\/Logo-110-Anos-Sem-fundo-Azul.png 1024w, https:\/\/www.institutodeengenharia.org.br\/site\/wp-content\/uploads\/2026\/02\/Logo-110-Anos-Sem-fundo-Azul-300x300.png 300w, https:\/\/www.institutodeengenharia.org.br\/site\/wp-content\/uploads\/2026\/02\/Logo-110-Anos-Sem-fundo-Azul-150x150.png 150w, https:\/\/www.institutodeengenharia.org.br\/site\/wp-content\/uploads\/2026\/02\/Logo-110-Anos-Sem-fundo-Azul-768x768.png 768w, https:\/\/www.institutodeengenharia.org.br\/site\/wp-content\/uploads\/2026\/02\/Logo-110-Anos-Sem-fundo-Azul-420x420.png 420w, https:\/\/www.institutodeengenharia.org.br\/site\/wp-content\/uploads\/2026\/02\/Logo-110-Anos-Sem-fundo-Azul-696x696.png 696w, https:\/\/www.institutodeengenharia.org.br\/site\/wp-content\/uploads\/2026\/02\/Logo-110-Anos-Sem-fundo-Azul-600x600.png 600w, https:\/\/www.institutodeengenharia.org.br\/site\/wp-content\/uploads\/2026\/02\/Logo-110-Anos-Sem-fundo-Azul-100x100.png 100w\" sizes=\"auto, (max-width: 153px) 100vw, 153px\" \/><\/p>\n<p><strong>Eng. Jer\u00f4nimo Cabral Pereira Fagundes Neto<\/strong>\u00a0\u2013 Vice-presidente de Atividades T\u00e9cnicas<\/p>\n<p><strong>Eng. Al\u00e9ssio Bento Borelli<\/strong>\u00a0\u2013 Diretor do Departamento de Desenvolvimento de Tecnologia, Ind\u00fastria, Energia e Telecomunica\u00e7\u00f5es<\/p>\n<p><strong>Eng. Francisco Jos\u00e9 Pereira de Oliveira<\/strong>\u00a0\u2013 Diretor do Departamento de Desenvolvimento de Projeto e Servi\u00e7os de Infraestrutura<\/p>\n<p><strong>Eng.\u00aa Aurea L. Vendramin Georgi<\/strong>\u00a0\u2013 Vice-diretora do Departamento de Desenvolvimento de Tecnologia, Ind\u00fastria, Energia e Telecomunica\u00e7\u00f5es; coordenadora da Divis\u00e3o T\u00e9cnica de Intelig\u00eancia Artificial, Controle e Automa\u00e7\u00e3o<\/p>\n<p><strong>Arq. Urb. Taina Volcov<\/strong>\u00a0\u2013 Coordenadora da Divis\u00e3o T\u00e9cnica de Arquitetura, Paisagismo e Comunica\u00e7\u00e3o Visual<\/p>\n<p><strong>Eng. Paulo Barreto<\/strong>\u00a0\u2013 Coordenador da Divis\u00e3o T\u00e9cnica de Sistemas<\/p>\n<p><strong>COMET<\/strong>\u00a0\u2013 Comit\u00ea das Mulheres na Engenharia e Tecnologia<\/p>\n<p><strong>Apoio Institucional:<\/strong><\/p>\n<p><img loading=\"lazy\" decoding=\"async\" class=\"alignnone wp-image-77696 td-animation-stack-type0-2\" src=\"https:\/\/www.institutodeengenharia.org.br\/site\/wp-content\/uploads\/2021\/02\/crea.jpg\" alt=\"\" width=\"145\" height=\"102\" srcset=\"https:\/\/www.institutodeengenharia.org.br\/site\/wp-content\/uploads\/2021\/02\/crea.jpg 448w, https:\/\/www.institutodeengenharia.org.br\/site\/wp-content\/uploads\/2021\/02\/crea-300x211.jpg 300w, https:\/\/www.institutodeengenharia.org.br\/site\/wp-content\/uploads\/2021\/02\/crea-100x70.jpg 100w\" sizes=\"auto, (max-width: 145px) 100vw, 145px\" \/><\/p>\n<p><strong>Apoio \u00e0 forma\u00e7\u00e3o:\u00a0<\/strong><\/p>\n<p>Espa\u00e7o aberto ao CREA-SP, objetivando o aperfei\u00e7oamento dos profissionais e o aprimoramento da fiscaliza\u00e7\u00e3o das \u00e1reas abrangidas pelo Sistema Confea\/CREAs, al\u00e9m de promover a conscientiza\u00e7\u00e3o da sociedade quanto \u00e0 necessidade e obrigatoriedade de contratar um profissional devidamente habilitado.<\/p>\n<p>&nbsp;<\/p>\n","protected":false},"excerpt":{"rendered":"<p>Assista abaixo \u00e0 grava\u00e7\u00e3o do evento:\u00a0 + Informa\u00e7\u00f5es:\u00a0 A Intelig\u00eancia Artificial (IA) est\u00e1 revolucionando os projetos el\u00e9tricos e a automa\u00e7\u00e3o, otimizando processos, melhorando a efici\u00eancia e permitindo a manuten\u00e7\u00e3o preditiva. Ela n\u00e3o substitui os profissionais, mas os capacita, ajudando a criar solu\u00e7\u00f5es mais modernas e eficazes. Dessa forma, estaremos abordando essas quest\u00f5es na palestra: otimiza\u00e7\u00e3o [&hellip;]<\/p>\n","protected":false},"author":13,"featured_media":136417,"comment_status":"open","ping_status":"open","sticky":false,"template":"","format":"video","meta":{"footnotes":""},"categories":[968,969],"tags":[1176],"class_list":{"0":"post-135885","1":"post","2":"type-post","3":"status-publish","4":"format-video","5":"has-post-thumbnail","7":"category-nova-tv-engenharia","8":"category-palestra","9":"tag-video-home","10":"post_format-post-format-video"},"yoast_head":"<!-- This site is optimized with the Yoast SEO plugin v27.2 - https:\/\/yoast.com\/product\/yoast-seo-wordpress\/ -->\n<title>IA em projetos el\u00e9tricos e automa\u00e7\u00e3o - Instituto de Engenharia<\/title>\n<meta name=\"robots\" content=\"index, follow, max-snippet:-1, max-image-preview:large, max-video-preview:-1\" \/>\n<link rel=\"canonical\" href=\"https:\/\/www.institutodeengenharia.org.br\/site\/2026\/01\/20\/ia-em-projetos-eletricos-e-automacao\/\" \/>\n<meta property=\"og:locale\" content=\"pt_BR\" \/>\n<meta property=\"og:type\" content=\"article\" \/>\n<meta property=\"og:title\" content=\"IA em projetos el\u00e9tricos e automa\u00e7\u00e3o - Instituto de Engenharia\" \/>\n<meta property=\"og:description\" content=\"Assista abaixo \u00e0 grava\u00e7\u00e3o do evento:\u00a0 + Informa\u00e7\u00f5es:\u00a0 A Intelig\u00eancia Artificial (IA) est\u00e1 revolucionando os projetos el\u00e9tricos e a automa\u00e7\u00e3o, otimizando processos, melhorando a efici\u00eancia e permitindo a manuten\u00e7\u00e3o preditiva. Ela n\u00e3o substitui os profissionais, mas os capacita, ajudando a criar solu\u00e7\u00f5es mais modernas e eficazes. Dessa forma, estaremos abordando essas quest\u00f5es na palestra: otimiza\u00e7\u00e3o [&hellip;]\" \/>\n<meta property=\"og:url\" content=\"https:\/\/www.institutodeengenharia.org.br\/site\/2026\/01\/20\/ia-em-projetos-eletricos-e-automacao\/\" \/>\n<meta property=\"og:site_name\" content=\"Instituto de Engenharia\" \/>\n<meta property=\"article:publisher\" content=\"https:\/\/www.facebook.com\/institutodeengenharia\" \/>\n<meta property=\"article:published_time\" content=\"2026-01-20T14:48:17+00:00\" \/>\n<meta property=\"article:modified_time\" content=\"2026-02-10T17:25:42+00:00\" \/>\n<meta property=\"og:image\" content=\"https:\/\/www.institutodeengenharia.org.br\/site\/wp-content\/uploads\/2026\/01\/CAPA-PALESTRA-ONLINE-6-2.jpg\" \/>\n\t<meta property=\"og:image:width\" content=\"1920\" \/>\n\t<meta property=\"og:image:height\" content=\"1080\" \/>\n\t<meta property=\"og:image:type\" content=\"image\/jpeg\" \/>\n<meta name=\"author\" content=\"Bianca\" \/>\n<meta name=\"twitter:card\" content=\"summary_large_image\" \/>\n<meta name=\"twitter:creator\" content=\"@iengenharia\" \/>\n<meta name=\"twitter:site\" content=\"@iengenharia\" \/>\n<meta name=\"twitter:label1\" content=\"Escrito por\" \/>\n\t<meta name=\"twitter:data1\" content=\"Bianca\" \/>\n\t<meta name=\"twitter:label2\" content=\"Est. tempo de leitura\" \/>\n\t<meta name=\"twitter:data2\" content=\"2 minutos\" \/>\n<script type=\"application\/ld+json\" class=\"yoast-schema-graph\">{\"@context\":\"https:\/\/schema.org\",\"@graph\":[{\"@type\":\"Article\",\"@id\":\"https:\/\/www.institutodeengenharia.org.br\/site\/2026\/01\/20\/ia-em-projetos-eletricos-e-automacao\/#article\",\"isPartOf\":{\"@id\":\"https:\/\/www.institutodeengenharia.org.br\/site\/2026\/01\/20\/ia-em-projetos-eletricos-e-automacao\/\"},\"author\":{\"name\":\"Bianca\",\"@id\":\"https:\/\/www.institutodeengenharia.org.br\/site\/#\/schema\/person\/aeb64951c405e100d26d30b033dd423f\"},\"headline\":\"IA em projetos el\u00e9tricos e automa\u00e7\u00e3o\",\"datePublished\":\"2026-01-20T14:48:17+00:00\",\"dateModified\":\"2026-02-10T17:25:42+00:00\",\"mainEntityOfPage\":{\"@id\":\"https:\/\/www.institutodeengenharia.org.br\/site\/2026\/01\/20\/ia-em-projetos-eletricos-e-automacao\/\"},\"wordCount\":256,\"commentCount\":0,\"publisher\":{\"@id\":\"https:\/\/www.institutodeengenharia.org.br\/site\/#organization\"},\"image\":{\"@id\":\"https:\/\/www.institutodeengenharia.org.br\/site\/2026\/01\/20\/ia-em-projetos-eletricos-e-automacao\/#primaryimage\"},\"thumbnailUrl\":\"https:\/\/www.institutodeengenharia.org.br\/site\/wp-content\/uploads\/2026\/01\/CAPA-PALESTRA-ONLINE-6-2.jpg\",\"keywords\":[\"video-home\"],\"articleSection\":[\"Nova TV Engenharia\",\"Palestra\"],\"inLanguage\":\"pt-BR\",\"potentialAction\":[{\"@type\":\"CommentAction\",\"name\":\"Comment\",\"target\":[\"https:\/\/www.institutodeengenharia.org.br\/site\/2026\/01\/20\/ia-em-projetos-eletricos-e-automacao\/#respond\"]}]},{\"@type\":\"WebPage\",\"@id\":\"https:\/\/www.institutodeengenharia.org.br\/site\/2026\/01\/20\/ia-em-projetos-eletricos-e-automacao\/\",\"url\":\"https:\/\/www.institutodeengenharia.org.br\/site\/2026\/01\/20\/ia-em-projetos-eletricos-e-automacao\/\",\"name\":\"IA em projetos el\u00e9tricos e automa\u00e7\u00e3o - Instituto de Engenharia\",\"isPartOf\":{\"@id\":\"https:\/\/www.institutodeengenharia.org.br\/site\/#website\"},\"primaryImageOfPage\":{\"@id\":\"https:\/\/www.institutodeengenharia.org.br\/site\/2026\/01\/20\/ia-em-projetos-eletricos-e-automacao\/#primaryimage\"},\"image\":{\"@id\":\"https:\/\/www.institutodeengenharia.org.br\/site\/2026\/01\/20\/ia-em-projetos-eletricos-e-automacao\/#primaryimage\"},\"thumbnailUrl\":\"https:\/\/www.institutodeengenharia.org.br\/site\/wp-content\/uploads\/2026\/01\/CAPA-PALESTRA-ONLINE-6-2.jpg\",\"datePublished\":\"2026-01-20T14:48:17+00:00\",\"dateModified\":\"2026-02-10T17:25:42+00:00\",\"breadcrumb\":{\"@id\":\"https:\/\/www.institutodeengenharia.org.br\/site\/2026\/01\/20\/ia-em-projetos-eletricos-e-automacao\/#breadcrumb\"},\"inLanguage\":\"pt-BR\",\"potentialAction\":[{\"@type\":\"ReadAction\",\"target\":[\"https:\/\/www.institutodeengenharia.org.br\/site\/2026\/01\/20\/ia-em-projetos-eletricos-e-automacao\/\"]}]},{\"@type\":\"ImageObject\",\"inLanguage\":\"pt-BR\",\"@id\":\"https:\/\/www.institutodeengenharia.org.br\/site\/2026\/01\/20\/ia-em-projetos-eletricos-e-automacao\/#primaryimage\",\"url\":\"https:\/\/www.institutodeengenharia.org.br\/site\/wp-content\/uploads\/2026\/01\/CAPA-PALESTRA-ONLINE-6-2.jpg\",\"contentUrl\":\"https:\/\/www.institutodeengenharia.org.br\/site\/wp-content\/uploads\/2026\/01\/CAPA-PALESTRA-ONLINE-6-2.jpg\",\"width\":1920,\"height\":1080},{\"@type\":\"BreadcrumbList\",\"@id\":\"https:\/\/www.institutodeengenharia.org.br\/site\/2026\/01\/20\/ia-em-projetos-eletricos-e-automacao\/#breadcrumb\",\"itemListElement\":[{\"@type\":\"ListItem\",\"position\":1,\"name\":\"In\u00edcio\",\"item\":\"https:\/\/www.institutodeengenharia.org.br\/site\/\"},{\"@type\":\"ListItem\",\"position\":2,\"name\":\"IA em projetos el\u00e9tricos e automa\u00e7\u00e3o\"}]},{\"@type\":\"WebSite\",\"@id\":\"https:\/\/www.institutodeengenharia.org.br\/site\/#website\",\"url\":\"https:\/\/www.institutodeengenharia.org.br\/site\/\",\"name\":\"Instituto de Engenharia\",\"description\":\"O Instituto de Engenharia promove a Engenharia em benef\u00edcio do desenvolvimento e da qualidade de vida da sociedade.\",\"publisher\":{\"@id\":\"https:\/\/www.institutodeengenharia.org.br\/site\/#organization\"},\"potentialAction\":[{\"@type\":\"SearchAction\",\"target\":{\"@type\":\"EntryPoint\",\"urlTemplate\":\"https:\/\/www.institutodeengenharia.org.br\/site\/?s={search_term_string}\"},\"query-input\":{\"@type\":\"PropertyValueSpecification\",\"valueRequired\":true,\"valueName\":\"search_term_string\"}}],\"inLanguage\":\"pt-BR\"},{\"@type\":\"Organization\",\"@id\":\"https:\/\/www.institutodeengenharia.org.br\/site\/#organization\",\"name\":\"Instituto de Engenharia\",\"url\":\"https:\/\/www.institutodeengenharia.org.br\/site\/\",\"logo\":{\"@type\":\"ImageObject\",\"inLanguage\":\"pt-BR\",\"@id\":\"https:\/\/www.institutodeengenharia.org.br\/site\/#\/schema\/logo\/image\/\",\"url\":\"https:\/\/www.institutodeengenharia.org.br\/site\/wp-content\/uploads\/2019\/03\/logo-novo-IE2018-1.jpg\",\"contentUrl\":\"https:\/\/www.institutodeengenharia.org.br\/site\/wp-content\/uploads\/2019\/03\/logo-novo-IE2018-1.jpg\",\"width\":1486,\"height\":1879,\"caption\":\"Instituto de Engenharia\"},\"image\":{\"@id\":\"https:\/\/www.institutodeengenharia.org.br\/site\/#\/schema\/logo\/image\/\"},\"sameAs\":[\"https:\/\/www.facebook.com\/institutodeengenharia\",\"https:\/\/x.com\/iengenharia\",\"https:\/\/www.instagram.com\/institutodeengenharia\/\",\"https:\/\/www.linkedin.com\/company\/instituto-de-engenharia\/\",\"https:\/\/www.youtube.com\/channel\/UCXiCAlsSMe977vamW915HxA\"]},{\"@type\":\"Person\",\"@id\":\"https:\/\/www.institutodeengenharia.org.br\/site\/#\/schema\/person\/aeb64951c405e100d26d30b033dd423f\",\"name\":\"Bianca\",\"image\":{\"@type\":\"ImageObject\",\"inLanguage\":\"pt-BR\",\"@id\":\"https:\/\/secure.gravatar.com\/avatar\/a6fbe9bff57405baf4c1e2c5c1811e072b558253974a9f9508f4678900c97c2a?s=96&d=mm&r=g\",\"url\":\"https:\/\/secure.gravatar.com\/avatar\/a6fbe9bff57405baf4c1e2c5c1811e072b558253974a9f9508f4678900c97c2a?s=96&d=mm&r=g\",\"contentUrl\":\"https:\/\/secure.gravatar.com\/avatar\/a6fbe9bff57405baf4c1e2c5c1811e072b558253974a9f9508f4678900c97c2a?s=96&d=mm&r=g\",\"caption\":\"Bianca\"},\"url\":\"https:\/\/www.institutodeengenharia.org.br\/site\/author\/comunicacao1\/\"}]}<\/script>\n<!-- \/ Yoast SEO plugin. -->","yoast_head_json":{"title":"IA em projetos el\u00e9tricos e automa\u00e7\u00e3o - Instituto de Engenharia","robots":{"index":"index","follow":"follow","max-snippet":"max-snippet:-1","max-image-preview":"max-image-preview:large","max-video-preview":"max-video-preview:-1"},"canonical":"https:\/\/www.institutodeengenharia.org.br\/site\/2026\/01\/20\/ia-em-projetos-eletricos-e-automacao\/","og_locale":"pt_BR","og_type":"article","og_title":"IA em projetos el\u00e9tricos e automa\u00e7\u00e3o - Instituto de Engenharia","og_description":"Assista abaixo \u00e0 grava\u00e7\u00e3o do evento:\u00a0 + Informa\u00e7\u00f5es:\u00a0 A Intelig\u00eancia Artificial (IA) est\u00e1 revolucionando os projetos el\u00e9tricos e a automa\u00e7\u00e3o, otimizando processos, melhorando a efici\u00eancia e permitindo a manuten\u00e7\u00e3o preditiva. Ela n\u00e3o substitui os profissionais, mas os capacita, ajudando a criar solu\u00e7\u00f5es mais modernas e eficazes. Dessa forma, estaremos abordando essas quest\u00f5es na palestra: otimiza\u00e7\u00e3o [&hellip;]","og_url":"https:\/\/www.institutodeengenharia.org.br\/site\/2026\/01\/20\/ia-em-projetos-eletricos-e-automacao\/","og_site_name":"Instituto de Engenharia","article_publisher":"https:\/\/www.facebook.com\/institutodeengenharia","article_published_time":"2026-01-20T14:48:17+00:00","article_modified_time":"2026-02-10T17:25:42+00:00","og_image":[{"width":1920,"height":1080,"url":"https:\/\/www.institutodeengenharia.org.br\/site\/wp-content\/uploads\/2026\/01\/CAPA-PALESTRA-ONLINE-6-2.jpg","type":"image\/jpeg"}],"author":"Bianca","twitter_card":"summary_large_image","twitter_creator":"@iengenharia","twitter_site":"@iengenharia","twitter_misc":{"Escrito por":"Bianca","Est. tempo de leitura":"2 minutos"},"schema":{"@context":"https:\/\/schema.org","@graph":[{"@type":"Article","@id":"https:\/\/www.institutodeengenharia.org.br\/site\/2026\/01\/20\/ia-em-projetos-eletricos-e-automacao\/#article","isPartOf":{"@id":"https:\/\/www.institutodeengenharia.org.br\/site\/2026\/01\/20\/ia-em-projetos-eletricos-e-automacao\/"},"author":{"name":"Bianca","@id":"https:\/\/www.institutodeengenharia.org.br\/site\/#\/schema\/person\/aeb64951c405e100d26d30b033dd423f"},"headline":"IA em projetos el\u00e9tricos e automa\u00e7\u00e3o","datePublished":"2026-01-20T14:48:17+00:00","dateModified":"2026-02-10T17:25:42+00:00","mainEntityOfPage":{"@id":"https:\/\/www.institutodeengenharia.org.br\/site\/2026\/01\/20\/ia-em-projetos-eletricos-e-automacao\/"},"wordCount":256,"commentCount":0,"publisher":{"@id":"https:\/\/www.institutodeengenharia.org.br\/site\/#organization"},"image":{"@id":"https:\/\/www.institutodeengenharia.org.br\/site\/2026\/01\/20\/ia-em-projetos-eletricos-e-automacao\/#primaryimage"},"thumbnailUrl":"https:\/\/www.institutodeengenharia.org.br\/site\/wp-content\/uploads\/2026\/01\/CAPA-PALESTRA-ONLINE-6-2.jpg","keywords":["video-home"],"articleSection":["Nova TV Engenharia","Palestra"],"inLanguage":"pt-BR","potentialAction":[{"@type":"CommentAction","name":"Comment","target":["https:\/\/www.institutodeengenharia.org.br\/site\/2026\/01\/20\/ia-em-projetos-eletricos-e-automacao\/#respond"]}]},{"@type":"WebPage","@id":"https:\/\/www.institutodeengenharia.org.br\/site\/2026\/01\/20\/ia-em-projetos-eletricos-e-automacao\/","url":"https:\/\/www.institutodeengenharia.org.br\/site\/2026\/01\/20\/ia-em-projetos-eletricos-e-automacao\/","name":"IA em projetos el\u00e9tricos e automa\u00e7\u00e3o - Instituto de Engenharia","isPartOf":{"@id":"https:\/\/www.institutodeengenharia.org.br\/site\/#website"},"primaryImageOfPage":{"@id":"https:\/\/www.institutodeengenharia.org.br\/site\/2026\/01\/20\/ia-em-projetos-eletricos-e-automacao\/#primaryimage"},"image":{"@id":"https:\/\/www.institutodeengenharia.org.br\/site\/2026\/01\/20\/ia-em-projetos-eletricos-e-automacao\/#primaryimage"},"thumbnailUrl":"https:\/\/www.institutodeengenharia.org.br\/site\/wp-content\/uploads\/2026\/01\/CAPA-PALESTRA-ONLINE-6-2.jpg","datePublished":"2026-01-20T14:48:17+00:00","dateModified":"2026-02-10T17:25:42+00:00","breadcrumb":{"@id":"https:\/\/www.institutodeengenharia.org.br\/site\/2026\/01\/20\/ia-em-projetos-eletricos-e-automacao\/#breadcrumb"},"inLanguage":"pt-BR","potentialAction":[{"@type":"ReadAction","target":["https:\/\/www.institutodeengenharia.org.br\/site\/2026\/01\/20\/ia-em-projetos-eletricos-e-automacao\/"]}]},{"@type":"ImageObject","inLanguage":"pt-BR","@id":"https:\/\/www.institutodeengenharia.org.br\/site\/2026\/01\/20\/ia-em-projetos-eletricos-e-automacao\/#primaryimage","url":"https:\/\/www.institutodeengenharia.org.br\/site\/wp-content\/uploads\/2026\/01\/CAPA-PALESTRA-ONLINE-6-2.jpg","contentUrl":"https:\/\/www.institutodeengenharia.org.br\/site\/wp-content\/uploads\/2026\/01\/CAPA-PALESTRA-ONLINE-6-2.jpg","width":1920,"height":1080},{"@type":"BreadcrumbList","@id":"https:\/\/www.institutodeengenharia.org.br\/site\/2026\/01\/20\/ia-em-projetos-eletricos-e-automacao\/#breadcrumb","itemListElement":[{"@type":"ListItem","position":1,"name":"In\u00edcio","item":"https:\/\/www.institutodeengenharia.org.br\/site\/"},{"@type":"ListItem","position":2,"name":"IA em projetos el\u00e9tricos e automa\u00e7\u00e3o"}]},{"@type":"WebSite","@id":"https:\/\/www.institutodeengenharia.org.br\/site\/#website","url":"https:\/\/www.institutodeengenharia.org.br\/site\/","name":"Instituto de Engenharia","description":"O Instituto de Engenharia promove a Engenharia em benef\u00edcio do desenvolvimento e da qualidade de vida da sociedade.","publisher":{"@id":"https:\/\/www.institutodeengenharia.org.br\/site\/#organization"},"potentialAction":[{"@type":"SearchAction","target":{"@type":"EntryPoint","urlTemplate":"https:\/\/www.institutodeengenharia.org.br\/site\/?s={search_term_string}"},"query-input":{"@type":"PropertyValueSpecification","valueRequired":true,"valueName":"search_term_string"}}],"inLanguage":"pt-BR"},{"@type":"Organization","@id":"https:\/\/www.institutodeengenharia.org.br\/site\/#organization","name":"Instituto de Engenharia","url":"https:\/\/www.institutodeengenharia.org.br\/site\/","logo":{"@type":"ImageObject","inLanguage":"pt-BR","@id":"https:\/\/www.institutodeengenharia.org.br\/site\/#\/schema\/logo\/image\/","url":"https:\/\/www.institutodeengenharia.org.br\/site\/wp-content\/uploads\/2019\/03\/logo-novo-IE2018-1.jpg","contentUrl":"https:\/\/www.institutodeengenharia.org.br\/site\/wp-content\/uploads\/2019\/03\/logo-novo-IE2018-1.jpg","width":1486,"height":1879,"caption":"Instituto de Engenharia"},"image":{"@id":"https:\/\/www.institutodeengenharia.org.br\/site\/#\/schema\/logo\/image\/"},"sameAs":["https:\/\/www.facebook.com\/institutodeengenharia","https:\/\/x.com\/iengenharia","https:\/\/www.instagram.com\/institutodeengenharia\/","https:\/\/www.linkedin.com\/company\/instituto-de-engenharia\/","https:\/\/www.youtube.com\/channel\/UCXiCAlsSMe977vamW915HxA"]},{"@type":"Person","@id":"https:\/\/www.institutodeengenharia.org.br\/site\/#\/schema\/person\/aeb64951c405e100d26d30b033dd423f","name":"Bianca","image":{"@type":"ImageObject","inLanguage":"pt-BR","@id":"https:\/\/secure.gravatar.com\/avatar\/a6fbe9bff57405baf4c1e2c5c1811e072b558253974a9f9508f4678900c97c2a?s=96&d=mm&r=g","url":"https:\/\/secure.gravatar.com\/avatar\/a6fbe9bff57405baf4c1e2c5c1811e072b558253974a9f9508f4678900c97c2a?s=96&d=mm&r=g","contentUrl":"https:\/\/secure.gravatar.com\/avatar\/a6fbe9bff57405baf4c1e2c5c1811e072b558253974a9f9508f4678900c97c2a?s=96&d=mm&r=g","caption":"Bianca"},"url":"https:\/\/www.institutodeengenharia.org.br\/site\/author\/comunicacao1\/"}]}},"_links":{"self":[{"href":"https:\/\/www.institutodeengenharia.org.br\/site\/wp-json\/wp\/v2\/posts\/135885","targetHints":{"allow":["GET"]}}],"collection":[{"href":"https:\/\/www.institutodeengenharia.org.br\/site\/wp-json\/wp\/v2\/posts"}],"about":[{"href":"https:\/\/www.institutodeengenharia.org.br\/site\/wp-json\/wp\/v2\/types\/post"}],"author":[{"embeddable":true,"href":"https:\/\/www.institutodeengenharia.org.br\/site\/wp-json\/wp\/v2\/users\/13"}],"replies":[{"embeddable":true,"href":"https:\/\/www.institutodeengenharia.org.br\/site\/wp-json\/wp\/v2\/comments?post=135885"}],"version-history":[{"count":2,"href":"https:\/\/www.institutodeengenharia.org.br\/site\/wp-json\/wp\/v2\/posts\/135885\/revisions"}],"predecessor-version":[{"id":136418,"href":"https:\/\/www.institutodeengenharia.org.br\/site\/wp-json\/wp\/v2\/posts\/135885\/revisions\/136418"}],"wp:featuredmedia":[{"embeddable":true,"href":"https:\/\/www.institutodeengenharia.org.br\/site\/wp-json\/wp\/v2\/media\/136417"}],"wp:attachment":[{"href":"https:\/\/www.institutodeengenharia.org.br\/site\/wp-json\/wp\/v2\/media?parent=135885"}],"wp:term":[{"taxonomy":"category","embeddable":true,"href":"https:\/\/www.institutodeengenharia.org.br\/site\/wp-json\/wp\/v2\/categories?post=135885"},{"taxonomy":"post_tag","embeddable":true,"href":"https:\/\/www.institutodeengenharia.org.br\/site\/wp-json\/wp\/v2\/tags?post=135885"}],"curies":[{"name":"wp","href":"https:\/\/api.w.org\/{rel}","templated":true}]}}