{"id":135882,"date":"2026-01-27T11:39:52","date_gmt":"2026-01-27T14:39:52","guid":{"rendered":"https:\/\/www.institutodeengenharia.org.br\/site\/?p=135882"},"modified":"2026-01-30T09:55:32","modified_gmt":"2026-01-30T12:55:32","slug":"o-estado-de-s-paulo-forum-de-leitores-crise-hidrica-antes-que-seja-tarde","status":"publish","type":"post","link":"https:\/\/www.institutodeengenharia.org.br\/site\/2026\/01\/27\/o-estado-de-s-paulo-forum-de-leitores-crise-hidrica-antes-que-seja-tarde\/","title":{"rendered":"O Estado de S. Paulo &#8211; F\u00f3rum de leitores: Crise h\u00eddrica, antes que seja tarde"},"content":{"rendered":"<p data-bind=\"text: $data\">Em mar\u00e7o de 2016, o ent\u00e3o governador de S\u00e3o Paulo, Geraldo Alckmin, \u201cdecretou\u201d o fim da crise h\u00eddrica, sustentando que a quest\u00e3o da \u00e1gua estaria resolvida, porquanto o Cantareira, nosso principal manancial de \u00e1gua, e o Alto Tiet\u00ea estavam, respectivamente, com 58% e 40%, apostando que tais volumes eram suficientes \u201cpara quatro ou cinco anos de seca\u201d e que o Estado e a regi\u00e3o metropolitana (RMSP) estariam \u201cbem preparados para as mudan\u00e7as clim\u00e1ticas\u201d.<\/p>\n<p data-bind=\"text: $data\">Essa decis\u00e3o pol\u00edtica do governador foi tamb\u00e9m encorajada pela recupera\u00e7\u00e3o dos mananciais, gra\u00e7as \u00e0s chuvas acima das m\u00e9dias ocorridas nos ver\u00f5es de 2015 e 2016; a atua\u00e7\u00e3o da Sabesp, principalmente no cumprimento de seu programa de obras, entre as quais a conclus\u00e3o do Sistema S\u00e3o Louren\u00e7o, a interliga\u00e7\u00e3o entre as Represas Jaguari (na bacia do Para\u00edba) e Atibainha (Sistema Cantareira); a interliga\u00e7\u00e3o dos mananciais da RMSP; e a economia propiciada pela popula\u00e7\u00e3o no consumo de \u00e1gua.<\/p>\n<p data-bind=\"text: $data\">Entretanto, tal atitude foi \u00e0 \u00e9poca considerada por muitos especialistas como precipitada em raz\u00e3o das incertezas quanto ao regime hidrol\u00f3gico que se seguiria, particularmente quanto \u00e0 ocorr\u00eancia de chuvas, dependentes de v\u00e1rios fatores clim\u00e1ticos e meteorol\u00f3gicos como a influ\u00eancia dos fen\u00f4menos El Ni\u00f1o e La Ni\u00f1a, decisivos no surgimento de estiagens e na intensidade das chuvas.<\/p>\n<p data-bind=\"text: $data\">Decorridos quase dez anos, eis que estamos no limiar da quarta \u2013 e provavelmente mais dr\u00e1stica \u2013 crise h\u00eddrica deste in\u00edcio de s\u00e9culo. A RMSP est\u00e1 novamente inserida nesse contexto, uma vez que seus principais mananciais est\u00e3o sentindo os efeitos da estiagem que se iniciou j\u00e1 h\u00e1 algum tempo provocada pelo fen\u00f4meno La Ni\u00f1a no Pac\u00edfico equatorial.<\/p>\n<p data-bind=\"text: $data\">Assim \u00e9 que o Sistema Cantareira, que hoje oscila em torno de 20% de sua capacidade, mesmo recebendo desde julho de 2021 o refor\u00e7o das \u00e1guas da bacia do Para\u00edba, opera muito abaixo de sua capacidade. Outros sistemas produtores da RMSP est\u00e3o tamb\u00e9m sofrendo os efeitos da estiagem, sendo que o n\u00edvel do sistema integrado, hoje, est\u00e1 com cerca de 30% apenas. As provid\u00eancias para o enfrentamento da crise j\u00e1 deveriam ter sido tomadas realisticamente, de nada adiantando o negacionismo dos respons\u00e1veis.<\/p>\n<p data-bind=\"text: $data\">Como salientou o editorial Antes que seja tarde (23\/1, A17) do Estad\u00e3o, \u201cas medidas mais en\u00e9rgicas devem ser tomadas agora, enquanto ainda h\u00e1 \u00e1gua nos reservat\u00f3rios e nas torneiras\u201d.<\/p>\n<p style=\"text-align: right;\"><em>Jos\u00e9 Eduardo Cavalcanti, S\u00e3o Paulo<\/em><\/p>\n<h6><strong><a href=\"https:\/\/digital.estadao.com.br\/o-estado-de-s-paulo\/20260126\"><em>Fonte: O Estado de S. Paulo<\/em><\/a><\/strong><\/h6>\n","protected":false},"excerpt":{"rendered":"<p>Em mar\u00e7o de 2016, o ent\u00e3o governador de S\u00e3o Paulo, Geraldo Alckmin, \u201cdecretou\u201d o fim da crise h\u00eddrica, sustentando que a quest\u00e3o da \u00e1gua estaria resolvida, porquanto o Cantareira, nosso principal manancial de \u00e1gua, e o Alto Tiet\u00ea estavam, respectivamente, com 58% e 40%, apostando que tais volumes eram suficientes \u201cpara quatro ou cinco anos [&hellip;]<\/p>\n","protected":false},"author":13,"featured_media":135417,"comment_status":"open","ping_status":"open","sticky":false,"template":"","format":"standard","meta":{"footnotes":""},"categories":[28,6],"tags":[1171],"class_list":{"0":"post-135882","1":"post","2":"type-post","3":"status-publish","4":"format-standard","5":"has-post-thumbnail","7":"category-ie-na-midia","8":"category-noticias","9":"tag-destaque-abaixo"},"yoast_head":"<!-- This site is optimized with the Yoast SEO plugin v27.2 - https:\/\/yoast.com\/product\/yoast-seo-wordpress\/ -->\n<title>O Estado de S. Paulo - F\u00f3rum de leitores: Crise h\u00eddrica, antes que seja tarde - Instituto de Engenharia<\/title>\n<meta name=\"robots\" content=\"index, follow, max-snippet:-1, max-image-preview:large, max-video-preview:-1\" \/>\n<link rel=\"canonical\" href=\"https:\/\/www.institutodeengenharia.org.br\/site\/2026\/01\/27\/o-estado-de-s-paulo-forum-de-leitores-crise-hidrica-antes-que-seja-tarde\/\" \/>\n<meta property=\"og:locale\" content=\"pt_BR\" \/>\n<meta property=\"og:type\" content=\"article\" \/>\n<meta property=\"og:title\" content=\"O Estado de S. Paulo - F\u00f3rum de leitores: Crise h\u00eddrica, antes que seja tarde - Instituto de Engenharia\" \/>\n<meta property=\"og:description\" content=\"Em mar\u00e7o de 2016, o ent\u00e3o governador de S\u00e3o Paulo, Geraldo Alckmin, \u201cdecretou\u201d o fim da crise h\u00eddrica, sustentando que a quest\u00e3o da \u00e1gua estaria resolvida, porquanto o Cantareira, nosso principal manancial de \u00e1gua, e o Alto Tiet\u00ea estavam, respectivamente, com 58% e 40%, apostando que tais volumes eram suficientes \u201cpara quatro ou cinco anos [&hellip;]\" \/>\n<meta property=\"og:url\" content=\"https:\/\/www.institutodeengenharia.org.br\/site\/2026\/01\/27\/o-estado-de-s-paulo-forum-de-leitores-crise-hidrica-antes-que-seja-tarde\/\" \/>\n<meta property=\"og:site_name\" content=\"Instituto de Engenharia\" \/>\n<meta property=\"article:publisher\" content=\"https:\/\/www.facebook.com\/institutodeengenharia\" \/>\n<meta property=\"article:published_time\" content=\"2026-01-27T14:39:52+00:00\" \/>\n<meta property=\"article:modified_time\" content=\"2026-01-30T12:55:32+00:00\" \/>\n<meta property=\"og:image\" content=\"https:\/\/www.institutodeengenharia.org.br\/site\/wp-content\/uploads\/2026\/01\/entrevista-18-1024x576-1.jpg\" \/>\n\t<meta property=\"og:image:width\" content=\"1024\" \/>\n\t<meta property=\"og:image:height\" content=\"576\" \/>\n\t<meta property=\"og:image:type\" content=\"image\/jpeg\" \/>\n<meta name=\"author\" content=\"Bianca\" \/>\n<meta name=\"twitter:card\" content=\"summary_large_image\" \/>\n<meta name=\"twitter:creator\" content=\"@iengenharia\" \/>\n<meta name=\"twitter:site\" content=\"@iengenharia\" \/>\n<meta name=\"twitter:label1\" content=\"Escrito por\" \/>\n\t<meta name=\"twitter:data1\" content=\"Bianca\" \/>\n\t<meta name=\"twitter:label2\" content=\"Est. tempo de leitura\" \/>\n\t<meta name=\"twitter:data2\" content=\"3 minutos\" \/>\n<script type=\"application\/ld+json\" class=\"yoast-schema-graph\">{\"@context\":\"https:\/\/schema.org\",\"@graph\":[{\"@type\":\"Article\",\"@id\":\"https:\/\/www.institutodeengenharia.org.br\/site\/2026\/01\/27\/o-estado-de-s-paulo-forum-de-leitores-crise-hidrica-antes-que-seja-tarde\/#article\",\"isPartOf\":{\"@id\":\"https:\/\/www.institutodeengenharia.org.br\/site\/2026\/01\/27\/o-estado-de-s-paulo-forum-de-leitores-crise-hidrica-antes-que-seja-tarde\/\"},\"author\":{\"name\":\"Bianca\",\"@id\":\"https:\/\/www.institutodeengenharia.org.br\/site\/#\/schema\/person\/aeb64951c405e100d26d30b033dd423f\"},\"headline\":\"O Estado de S. Paulo &#8211; F\u00f3rum de leitores: Crise h\u00eddrica, antes que seja tarde\",\"datePublished\":\"2026-01-27T14:39:52+00:00\",\"dateModified\":\"2026-01-30T12:55:32+00:00\",\"mainEntityOfPage\":{\"@id\":\"https:\/\/www.institutodeengenharia.org.br\/site\/2026\/01\/27\/o-estado-de-s-paulo-forum-de-leitores-crise-hidrica-antes-que-seja-tarde\/\"},\"wordCount\":439,\"commentCount\":0,\"publisher\":{\"@id\":\"https:\/\/www.institutodeengenharia.org.br\/site\/#organization\"},\"image\":{\"@id\":\"https:\/\/www.institutodeengenharia.org.br\/site\/2026\/01\/27\/o-estado-de-s-paulo-forum-de-leitores-crise-hidrica-antes-que-seja-tarde\/#primaryimage\"},\"thumbnailUrl\":\"https:\/\/www.institutodeengenharia.org.br\/site\/wp-content\/uploads\/2026\/01\/entrevista-18-1024x576-1.jpg\",\"keywords\":[\"destaque-abaixo\"],\"articleSection\":[\"IE NA M\u00cdDIA\",\"Not\u00edcias\"],\"inLanguage\":\"pt-BR\",\"potentialAction\":[{\"@type\":\"CommentAction\",\"name\":\"Comment\",\"target\":[\"https:\/\/www.institutodeengenharia.org.br\/site\/2026\/01\/27\/o-estado-de-s-paulo-forum-de-leitores-crise-hidrica-antes-que-seja-tarde\/#respond\"]}]},{\"@type\":\"WebPage\",\"@id\":\"https:\/\/www.institutodeengenharia.org.br\/site\/2026\/01\/27\/o-estado-de-s-paulo-forum-de-leitores-crise-hidrica-antes-que-seja-tarde\/\",\"url\":\"https:\/\/www.institutodeengenharia.org.br\/site\/2026\/01\/27\/o-estado-de-s-paulo-forum-de-leitores-crise-hidrica-antes-que-seja-tarde\/\",\"name\":\"O Estado de S. Paulo - F\u00f3rum de leitores: Crise h\u00eddrica, antes que seja tarde - Instituto de Engenharia\",\"isPartOf\":{\"@id\":\"https:\/\/www.institutodeengenharia.org.br\/site\/#website\"},\"primaryImageOfPage\":{\"@id\":\"https:\/\/www.institutodeengenharia.org.br\/site\/2026\/01\/27\/o-estado-de-s-paulo-forum-de-leitores-crise-hidrica-antes-que-seja-tarde\/#primaryimage\"},\"image\":{\"@id\":\"https:\/\/www.institutodeengenharia.org.br\/site\/2026\/01\/27\/o-estado-de-s-paulo-forum-de-leitores-crise-hidrica-antes-que-seja-tarde\/#primaryimage\"},\"thumbnailUrl\":\"https:\/\/www.institutodeengenharia.org.br\/site\/wp-content\/uploads\/2026\/01\/entrevista-18-1024x576-1.jpg\",\"datePublished\":\"2026-01-27T14:39:52+00:00\",\"dateModified\":\"2026-01-30T12:55:32+00:00\",\"breadcrumb\":{\"@id\":\"https:\/\/www.institutodeengenharia.org.br\/site\/2026\/01\/27\/o-estado-de-s-paulo-forum-de-leitores-crise-hidrica-antes-que-seja-tarde\/#breadcrumb\"},\"inLanguage\":\"pt-BR\",\"potentialAction\":[{\"@type\":\"ReadAction\",\"target\":[\"https:\/\/www.institutodeengenharia.org.br\/site\/2026\/01\/27\/o-estado-de-s-paulo-forum-de-leitores-crise-hidrica-antes-que-seja-tarde\/\"]}]},{\"@type\":\"ImageObject\",\"inLanguage\":\"pt-BR\",\"@id\":\"https:\/\/www.institutodeengenharia.org.br\/site\/2026\/01\/27\/o-estado-de-s-paulo-forum-de-leitores-crise-hidrica-antes-que-seja-tarde\/#primaryimage\",\"url\":\"https:\/\/www.institutodeengenharia.org.br\/site\/wp-content\/uploads\/2026\/01\/entrevista-18-1024x576-1.jpg\",\"contentUrl\":\"https:\/\/www.institutodeengenharia.org.br\/site\/wp-content\/uploads\/2026\/01\/entrevista-18-1024x576-1.jpg\",\"width\":1024,\"height\":576},{\"@type\":\"BreadcrumbList\",\"@id\":\"https:\/\/www.institutodeengenharia.org.br\/site\/2026\/01\/27\/o-estado-de-s-paulo-forum-de-leitores-crise-hidrica-antes-que-seja-tarde\/#breadcrumb\",\"itemListElement\":[{\"@type\":\"ListItem\",\"position\":1,\"name\":\"In\u00edcio\",\"item\":\"https:\/\/www.institutodeengenharia.org.br\/site\/\"},{\"@type\":\"ListItem\",\"position\":2,\"name\":\"O Estado de S. Paulo &#8211; F\u00f3rum de leitores: Crise h\u00eddrica, antes que seja tarde\"}]},{\"@type\":\"WebSite\",\"@id\":\"https:\/\/www.institutodeengenharia.org.br\/site\/#website\",\"url\":\"https:\/\/www.institutodeengenharia.org.br\/site\/\",\"name\":\"Instituto de Engenharia\",\"description\":\"O Instituto de Engenharia promove a Engenharia em benef\u00edcio do desenvolvimento e da qualidade de vida da sociedade.\",\"publisher\":{\"@id\":\"https:\/\/www.institutodeengenharia.org.br\/site\/#organization\"},\"potentialAction\":[{\"@type\":\"SearchAction\",\"target\":{\"@type\":\"EntryPoint\",\"urlTemplate\":\"https:\/\/www.institutodeengenharia.org.br\/site\/?s={search_term_string}\"},\"query-input\":{\"@type\":\"PropertyValueSpecification\",\"valueRequired\":true,\"valueName\":\"search_term_string\"}}],\"inLanguage\":\"pt-BR\"},{\"@type\":\"Organization\",\"@id\":\"https:\/\/www.institutodeengenharia.org.br\/site\/#organization\",\"name\":\"Instituto de Engenharia\",\"url\":\"https:\/\/www.institutodeengenharia.org.br\/site\/\",\"logo\":{\"@type\":\"ImageObject\",\"inLanguage\":\"pt-BR\",\"@id\":\"https:\/\/www.institutodeengenharia.org.br\/site\/#\/schema\/logo\/image\/\",\"url\":\"https:\/\/www.institutodeengenharia.org.br\/site\/wp-content\/uploads\/2019\/03\/logo-novo-IE2018-1.jpg\",\"contentUrl\":\"https:\/\/www.institutodeengenharia.org.br\/site\/wp-content\/uploads\/2019\/03\/logo-novo-IE2018-1.jpg\",\"width\":1486,\"height\":1879,\"caption\":\"Instituto de Engenharia\"},\"image\":{\"@id\":\"https:\/\/www.institutodeengenharia.org.br\/site\/#\/schema\/logo\/image\/\"},\"sameAs\":[\"https:\/\/www.facebook.com\/institutodeengenharia\",\"https:\/\/x.com\/iengenharia\",\"https:\/\/www.instagram.com\/institutodeengenharia\/\",\"https:\/\/www.linkedin.com\/company\/instituto-de-engenharia\/\",\"https:\/\/www.youtube.com\/channel\/UCXiCAlsSMe977vamW915HxA\"]},{\"@type\":\"Person\",\"@id\":\"https:\/\/www.institutodeengenharia.org.br\/site\/#\/schema\/person\/aeb64951c405e100d26d30b033dd423f\",\"name\":\"Bianca\",\"image\":{\"@type\":\"ImageObject\",\"inLanguage\":\"pt-BR\",\"@id\":\"https:\/\/secure.gravatar.com\/avatar\/a6fbe9bff57405baf4c1e2c5c1811e072b558253974a9f9508f4678900c97c2a?s=96&d=mm&r=g\",\"url\":\"https:\/\/secure.gravatar.com\/avatar\/a6fbe9bff57405baf4c1e2c5c1811e072b558253974a9f9508f4678900c97c2a?s=96&d=mm&r=g\",\"contentUrl\":\"https:\/\/secure.gravatar.com\/avatar\/a6fbe9bff57405baf4c1e2c5c1811e072b558253974a9f9508f4678900c97c2a?s=96&d=mm&r=g\",\"caption\":\"Bianca\"},\"url\":\"https:\/\/www.institutodeengenharia.org.br\/site\/author\/comunicacao1\/\"}]}<\/script>\n<!-- \/ Yoast SEO plugin. -->","yoast_head_json":{"title":"O Estado de S. Paulo - F\u00f3rum de leitores: Crise h\u00eddrica, antes que seja tarde - Instituto de Engenharia","robots":{"index":"index","follow":"follow","max-snippet":"max-snippet:-1","max-image-preview":"max-image-preview:large","max-video-preview":"max-video-preview:-1"},"canonical":"https:\/\/www.institutodeengenharia.org.br\/site\/2026\/01\/27\/o-estado-de-s-paulo-forum-de-leitores-crise-hidrica-antes-que-seja-tarde\/","og_locale":"pt_BR","og_type":"article","og_title":"O Estado de S. Paulo - F\u00f3rum de leitores: Crise h\u00eddrica, antes que seja tarde - Instituto de Engenharia","og_description":"Em mar\u00e7o de 2016, o ent\u00e3o governador de S\u00e3o Paulo, Geraldo Alckmin, \u201cdecretou\u201d o fim da crise h\u00eddrica, sustentando que a quest\u00e3o da \u00e1gua estaria resolvida, porquanto o Cantareira, nosso principal manancial de \u00e1gua, e o Alto Tiet\u00ea estavam, respectivamente, com 58% e 40%, apostando que tais volumes eram suficientes \u201cpara quatro ou cinco anos [&hellip;]","og_url":"https:\/\/www.institutodeengenharia.org.br\/site\/2026\/01\/27\/o-estado-de-s-paulo-forum-de-leitores-crise-hidrica-antes-que-seja-tarde\/","og_site_name":"Instituto de Engenharia","article_publisher":"https:\/\/www.facebook.com\/institutodeengenharia","article_published_time":"2026-01-27T14:39:52+00:00","article_modified_time":"2026-01-30T12:55:32+00:00","og_image":[{"width":1024,"height":576,"url":"https:\/\/www.institutodeengenharia.org.br\/site\/wp-content\/uploads\/2026\/01\/entrevista-18-1024x576-1.jpg","type":"image\/jpeg"}],"author":"Bianca","twitter_card":"summary_large_image","twitter_creator":"@iengenharia","twitter_site":"@iengenharia","twitter_misc":{"Escrito por":"Bianca","Est. tempo de leitura":"3 minutos"},"schema":{"@context":"https:\/\/schema.org","@graph":[{"@type":"Article","@id":"https:\/\/www.institutodeengenharia.org.br\/site\/2026\/01\/27\/o-estado-de-s-paulo-forum-de-leitores-crise-hidrica-antes-que-seja-tarde\/#article","isPartOf":{"@id":"https:\/\/www.institutodeengenharia.org.br\/site\/2026\/01\/27\/o-estado-de-s-paulo-forum-de-leitores-crise-hidrica-antes-que-seja-tarde\/"},"author":{"name":"Bianca","@id":"https:\/\/www.institutodeengenharia.org.br\/site\/#\/schema\/person\/aeb64951c405e100d26d30b033dd423f"},"headline":"O Estado de S. Paulo &#8211; F\u00f3rum de leitores: Crise h\u00eddrica, antes que seja tarde","datePublished":"2026-01-27T14:39:52+00:00","dateModified":"2026-01-30T12:55:32+00:00","mainEntityOfPage":{"@id":"https:\/\/www.institutodeengenharia.org.br\/site\/2026\/01\/27\/o-estado-de-s-paulo-forum-de-leitores-crise-hidrica-antes-que-seja-tarde\/"},"wordCount":439,"commentCount":0,"publisher":{"@id":"https:\/\/www.institutodeengenharia.org.br\/site\/#organization"},"image":{"@id":"https:\/\/www.institutodeengenharia.org.br\/site\/2026\/01\/27\/o-estado-de-s-paulo-forum-de-leitores-crise-hidrica-antes-que-seja-tarde\/#primaryimage"},"thumbnailUrl":"https:\/\/www.institutodeengenharia.org.br\/site\/wp-content\/uploads\/2026\/01\/entrevista-18-1024x576-1.jpg","keywords":["destaque-abaixo"],"articleSection":["IE NA M\u00cdDIA","Not\u00edcias"],"inLanguage":"pt-BR","potentialAction":[{"@type":"CommentAction","name":"Comment","target":["https:\/\/www.institutodeengenharia.org.br\/site\/2026\/01\/27\/o-estado-de-s-paulo-forum-de-leitores-crise-hidrica-antes-que-seja-tarde\/#respond"]}]},{"@type":"WebPage","@id":"https:\/\/www.institutodeengenharia.org.br\/site\/2026\/01\/27\/o-estado-de-s-paulo-forum-de-leitores-crise-hidrica-antes-que-seja-tarde\/","url":"https:\/\/www.institutodeengenharia.org.br\/site\/2026\/01\/27\/o-estado-de-s-paulo-forum-de-leitores-crise-hidrica-antes-que-seja-tarde\/","name":"O Estado de S. Paulo - F\u00f3rum de leitores: Crise h\u00eddrica, antes que seja tarde - Instituto de Engenharia","isPartOf":{"@id":"https:\/\/www.institutodeengenharia.org.br\/site\/#website"},"primaryImageOfPage":{"@id":"https:\/\/www.institutodeengenharia.org.br\/site\/2026\/01\/27\/o-estado-de-s-paulo-forum-de-leitores-crise-hidrica-antes-que-seja-tarde\/#primaryimage"},"image":{"@id":"https:\/\/www.institutodeengenharia.org.br\/site\/2026\/01\/27\/o-estado-de-s-paulo-forum-de-leitores-crise-hidrica-antes-que-seja-tarde\/#primaryimage"},"thumbnailUrl":"https:\/\/www.institutodeengenharia.org.br\/site\/wp-content\/uploads\/2026\/01\/entrevista-18-1024x576-1.jpg","datePublished":"2026-01-27T14:39:52+00:00","dateModified":"2026-01-30T12:55:32+00:00","breadcrumb":{"@id":"https:\/\/www.institutodeengenharia.org.br\/site\/2026\/01\/27\/o-estado-de-s-paulo-forum-de-leitores-crise-hidrica-antes-que-seja-tarde\/#breadcrumb"},"inLanguage":"pt-BR","potentialAction":[{"@type":"ReadAction","target":["https:\/\/www.institutodeengenharia.org.br\/site\/2026\/01\/27\/o-estado-de-s-paulo-forum-de-leitores-crise-hidrica-antes-que-seja-tarde\/"]}]},{"@type":"ImageObject","inLanguage":"pt-BR","@id":"https:\/\/www.institutodeengenharia.org.br\/site\/2026\/01\/27\/o-estado-de-s-paulo-forum-de-leitores-crise-hidrica-antes-que-seja-tarde\/#primaryimage","url":"https:\/\/www.institutodeengenharia.org.br\/site\/wp-content\/uploads\/2026\/01\/entrevista-18-1024x576-1.jpg","contentUrl":"https:\/\/www.institutodeengenharia.org.br\/site\/wp-content\/uploads\/2026\/01\/entrevista-18-1024x576-1.jpg","width":1024,"height":576},{"@type":"BreadcrumbList","@id":"https:\/\/www.institutodeengenharia.org.br\/site\/2026\/01\/27\/o-estado-de-s-paulo-forum-de-leitores-crise-hidrica-antes-que-seja-tarde\/#breadcrumb","itemListElement":[{"@type":"ListItem","position":1,"name":"In\u00edcio","item":"https:\/\/www.institutodeengenharia.org.br\/site\/"},{"@type":"ListItem","position":2,"name":"O Estado de S. Paulo &#8211; F\u00f3rum de leitores: Crise h\u00eddrica, antes que seja tarde"}]},{"@type":"WebSite","@id":"https:\/\/www.institutodeengenharia.org.br\/site\/#website","url":"https:\/\/www.institutodeengenharia.org.br\/site\/","name":"Instituto de Engenharia","description":"O Instituto de Engenharia promove a Engenharia em benef\u00edcio do desenvolvimento e da qualidade de vida da sociedade.","publisher":{"@id":"https:\/\/www.institutodeengenharia.org.br\/site\/#organization"},"potentialAction":[{"@type":"SearchAction","target":{"@type":"EntryPoint","urlTemplate":"https:\/\/www.institutodeengenharia.org.br\/site\/?s={search_term_string}"},"query-input":{"@type":"PropertyValueSpecification","valueRequired":true,"valueName":"search_term_string"}}],"inLanguage":"pt-BR"},{"@type":"Organization","@id":"https:\/\/www.institutodeengenharia.org.br\/site\/#organization","name":"Instituto de Engenharia","url":"https:\/\/www.institutodeengenharia.org.br\/site\/","logo":{"@type":"ImageObject","inLanguage":"pt-BR","@id":"https:\/\/www.institutodeengenharia.org.br\/site\/#\/schema\/logo\/image\/","url":"https:\/\/www.institutodeengenharia.org.br\/site\/wp-content\/uploads\/2019\/03\/logo-novo-IE2018-1.jpg","contentUrl":"https:\/\/www.institutodeengenharia.org.br\/site\/wp-content\/uploads\/2019\/03\/logo-novo-IE2018-1.jpg","width":1486,"height":1879,"caption":"Instituto de Engenharia"},"image":{"@id":"https:\/\/www.institutodeengenharia.org.br\/site\/#\/schema\/logo\/image\/"},"sameAs":["https:\/\/www.facebook.com\/institutodeengenharia","https:\/\/x.com\/iengenharia","https:\/\/www.instagram.com\/institutodeengenharia\/","https:\/\/www.linkedin.com\/company\/instituto-de-engenharia\/","https:\/\/www.youtube.com\/channel\/UCXiCAlsSMe977vamW915HxA"]},{"@type":"Person","@id":"https:\/\/www.institutodeengenharia.org.br\/site\/#\/schema\/person\/aeb64951c405e100d26d30b033dd423f","name":"Bianca","image":{"@type":"ImageObject","inLanguage":"pt-BR","@id":"https:\/\/secure.gravatar.com\/avatar\/a6fbe9bff57405baf4c1e2c5c1811e072b558253974a9f9508f4678900c97c2a?s=96&d=mm&r=g","url":"https:\/\/secure.gravatar.com\/avatar\/a6fbe9bff57405baf4c1e2c5c1811e072b558253974a9f9508f4678900c97c2a?s=96&d=mm&r=g","contentUrl":"https:\/\/secure.gravatar.com\/avatar\/a6fbe9bff57405baf4c1e2c5c1811e072b558253974a9f9508f4678900c97c2a?s=96&d=mm&r=g","caption":"Bianca"},"url":"https:\/\/www.institutodeengenharia.org.br\/site\/author\/comunicacao1\/"}]}},"_links":{"self":[{"href":"https:\/\/www.institutodeengenharia.org.br\/site\/wp-json\/wp\/v2\/posts\/135882","targetHints":{"allow":["GET"]}}],"collection":[{"href":"https:\/\/www.institutodeengenharia.org.br\/site\/wp-json\/wp\/v2\/posts"}],"about":[{"href":"https:\/\/www.institutodeengenharia.org.br\/site\/wp-json\/wp\/v2\/types\/post"}],"author":[{"embeddable":true,"href":"https:\/\/www.institutodeengenharia.org.br\/site\/wp-json\/wp\/v2\/users\/13"}],"replies":[{"embeddable":true,"href":"https:\/\/www.institutodeengenharia.org.br\/site\/wp-json\/wp\/v2\/comments?post=135882"}],"version-history":[{"count":3,"href":"https:\/\/www.institutodeengenharia.org.br\/site\/wp-json\/wp\/v2\/posts\/135882\/revisions"}],"predecessor-version":[{"id":135937,"href":"https:\/\/www.institutodeengenharia.org.br\/site\/wp-json\/wp\/v2\/posts\/135882\/revisions\/135937"}],"wp:featuredmedia":[{"embeddable":true,"href":"https:\/\/www.institutodeengenharia.org.br\/site\/wp-json\/wp\/v2\/media\/135417"}],"wp:attachment":[{"href":"https:\/\/www.institutodeengenharia.org.br\/site\/wp-json\/wp\/v2\/media?parent=135882"}],"wp:term":[{"taxonomy":"category","embeddable":true,"href":"https:\/\/www.institutodeengenharia.org.br\/site\/wp-json\/wp\/v2\/categories?post=135882"},{"taxonomy":"post_tag","embeddable":true,"href":"https:\/\/www.institutodeengenharia.org.br\/site\/wp-json\/wp\/v2\/tags?post=135882"}],"curies":[{"name":"wp","href":"https:\/\/api.w.org\/{rel}","templated":true}]}}