{"id":135862,"date":"2025-05-22T14:42:29","date_gmt":"2025-05-22T17:42:29","guid":{"rendered":"https:\/\/www.institutodeengenharia.org.br\/site\/?p=135862"},"modified":"2026-01-27T14:59:27","modified_gmt":"2026-01-27T17:59:27","slug":"simposio-eolica-offshore","status":"publish","type":"post","link":"https:\/\/www.institutodeengenharia.org.br\/site\/2025\/05\/22\/simposio-eolica-offshore\/","title":{"rendered":"Simp\u00f3sio E\u00f3lica Offshore"},"content":{"rendered":"<p><strong>Assista abaixo \u00e0 grava\u00e7\u00e3o do evento:\u00a0<\/strong><\/p>\n<div style=\"padding: 56.25% 0 0 0; position: relative;\"><iframe style=\"position: absolute; top: 0; left: 0; width: 100%; height: 100%;\" title=\"Simp\u00f3sio E\u00f3lica Offshore\" src=\"https:\/\/player.vimeo.com\/video\/1157582637?badge=0&amp;autopause=0&amp;player_id=0&amp;app_id=58479\" frameborder=\"0\"><\/iframe><\/div>\n<p>&nbsp;<\/p>\n<p>+ Informa\u00e7\u00f5es:<\/p>\n<p>Esse evento \u00e9 voltado ao fortalecimento do setor de energias renov\u00e1veis, com enfoque especial na Energia E\u00f3lica, gerada em ambientes mar\u00edtimos.<\/p>\n<p>O simp\u00f3sio reunir\u00e1 especialistas, representantes do setor p\u00fablico e privado e pesquisadores para discutir os desafios e as inova\u00e7\u00f5es no setor E\u00f3lico Offshore no Brasil.<\/p>\n<p>Diante do crescimento exponencial do interesse por fontes limpas e sustent\u00e1veis de energia, o Brasil desponta como um territ\u00f3rio promissor para a implanta\u00e7\u00e3o de parques e\u00f3licos offshore, especialmente devido ao seu extenso litoral e potencial t\u00e9cnico. Esse simp\u00f3sio surge como uma plataforma essencial para promover o di\u00e1logo t\u00e9cnico, regulat\u00f3rio e ambiental, al\u00e9m de incentivar investimentos, parcerias e inova\u00e7\u00e3o tecnol\u00f3gica no setor.<\/p>\n<p><strong>P\u00fablico-alvo:\u00a0<\/strong><\/p>\n<p>Profissionais da \u00e1rea de energia, engenheiros, t\u00e9cnicos, gestores p\u00fablicos, estudantes e demais interessados no tema.<\/p>\n<h4><strong>PROGRAMA\u00c7\u00c3O<\/strong><\/h4>\n<p><strong>8h50 \u00e0s 9h \u2013<\/strong>\u00a0<strong>Abertura do Evento<\/strong><\/p>\n<p>Miriana Marques \u2013 Vice-presidente de Administra\u00e7\u00e3o e Finan\u00e7as \u2013 Instituto de Engenharia<\/p>\n<p><strong>9h \u00e0s 9h45 \u2013\u00a0<em>Palestra 1:<\/em><\/strong>\u00a0Introdu\u00e7\u00e3o ao tema, inova\u00e7\u00f5es e sinergias com o setor de P&amp;G no mundo<\/p>\n<p><em>Palestrante:<\/em>\u00a0MSc. Jean Viterbo \u2013 Diretor da Bia Athena Servi\u00e7os Empresariais<\/p>\n<p><strong>9h45 \u00e0s 10h30 \u2013\u00a0<em>Palestra 2:<\/em><\/strong>\u00a0Panorama regulat\u00f3rio da energia e\u00f3lica offshore no Brasil<\/p>\n<p><em>Palestrante:<\/em>\u00a0DSc Robson Barbosa \u2013 Secret\u00e1rio Executivo de Energia da Para\u00edba<\/p>\n<p><strong>10h30 \u00e0s 11h15 \u2013\u00a0<em>Palestra 3:<\/em><\/strong>\u00a0Panorama do licenciamento de projetos e\u00f3licos offshore no Brasil<\/p>\n<p><em>Palestrante:<\/em>\u00a0Eng. Eduardo Wagner da Silva \u2013 Coordenador de Licenciamento Ambiental de Energia Nuclear, T\u00e9rmica, E\u00f3lica e de outras Fontes Alternativas \u2013 IBAMA<\/p>\n<p><strong>11h15 \u00e0s 12h \u2013\u00a0<em>Palestra 4:<\/em><\/strong>\u00a0Panorama regulat\u00f3rio na Col\u00f4mbia e sinergias com P&amp;G<\/p>\n<p><em>Palestrantes:<\/em>\u00a0Prof. Dr. Jairo Cabrera \u2013 Diretor do Depto. de Eng. Naval da Universidade Tecnol\u00f3gica de Bol\u00edvar \u2013 Col\u00f4mbia<\/p>\n<p>Raquel Rey \u2013 Eng\u00aa Naval \u2013 Assistente de projeto da Ger\u00eancia de Projeto e Engenharia \u2013 GEDIN<\/p>\n<p><em><strong>No final de cada palestra teremos 15min dedicados as perguntas do p\u00fablico<\/strong><\/em><\/p>\n<p><strong>12h \u00e0s 13h30 \u2013 Almo\u00e7o<\/strong><\/p>\n<p><strong>13h30 \u00e0s 14h15 \u2013\u00a0<em>Palestra 5:<\/em><\/strong>\u00a0Potencial E\u00f3lico Offshore do Brasil: desafios e oportunidades frente aos aspectos de mudan\u00e7a do clima<\/p>\n<p><em>Palestrante:<\/em>\u00a0Dr. Rodrigo Costa \u2013 Tecnologista do Laborat\u00f3rio de Modelagem e Estudos de Recursos Renov\u00e1veis de Energia \u2013 INPE<\/p>\n<p><strong>14h15 \u00e0s 15h \u2013\u00a0<em>Palestra 6:<\/em><\/strong>\u00a0Flutuadores, hidrodin\u00e2mica e cabeamento para turbinas flutuantes<\/p>\n<p><em>Palestrante:<\/em>\u00a0MSc. Cassiano Neves \u2013 Diretor da CRN Engenharia<\/p>\n<p><strong>15h \u00e0s 15h45 \u2013\u00a0<em>Palestra 7:<\/em><\/strong>\u00a0Funda\u00e7\u00f5es e avalia\u00e7\u00e3o de integridade estrutural para torres fixas<\/p>\n<p><em>Palestrante:<\/em>\u00a0MSc. Euclydes Trovato \u2013 Diretor da Oriciclon Engenharia<\/p>\n<p><strong>15h45 \u00e0s 16h30 \u2013\u00a0<em>Palestra 8:<\/em><\/strong>\u00a0Banco Nacional de Dados Oceanogr\u00e1ficos (BNDO) \u2013 Contribui\u00e7\u00e3o \u00e0 pesquisa do mar por meio do armazenamento e interc\u00e2mbio de dados<\/p>\n<p><em>Palestrante:<\/em>\u00a0Capit\u00e3o de Mar e Guerra Daniel Peixoto de Carvalho \u2013 Diretor do Centro de Hidrografia da Marinha (CHM)<\/p>\n<p><strong>16h \u00e0s 17h15 \u2013\u00a0<em>Palestra 9:<\/em><\/strong>\u00a0Avalia\u00e7\u00e3o de estrat\u00e9gias locacionais para infraestruturas de transmiss\u00e3o de energia de fonte e\u00f3lica offshore no estado do Rio Grande do Norte<\/p>\n<p><em>Palestrante:<\/em>\u00a0MSc. Ant\u00f4nio Medeiros \u2013 Coordenador de P&amp;D do Instituto Senai de Inova\u00e7\u00e3o \u2013 Energias Renov\u00e1veis<\/p>\n<p><em><strong>No final de cada palestra teremos 15min dedicados as perguntas do p\u00fablico.<\/strong><\/em><\/p>\n<p><strong>17h15 \u00e0s 17h30 \u2013 Encerramento e considera\u00e7\u00f5es finais<\/strong><\/p>\n<p>Ivan Metran Whately- Vice-presidente de Rela\u00e7\u00f5es Externas \u2013 Instituto de Engenharia<\/p>\n<p><strong>Realiza\u00e7\u00e3o:<\/strong><\/p>\n<p><img loading=\"lazy\" decoding=\"async\" class=\"wp-image-86938 alignnone alignleft\" src=\"https:\/\/www.institutodeengenharia.org.br\/site\/wp-content\/uploads\/2021\/10\/logo-news2.png\" alt=\"\" width=\"114\" height=\"166\" srcset=\"https:\/\/www.institutodeengenharia.org.br\/site\/wp-content\/uploads\/2021\/10\/logo-news2.png 553w, https:\/\/www.institutodeengenharia.org.br\/site\/wp-content\/uploads\/2021\/10\/logo-news2-207x300.png 207w, https:\/\/www.institutodeengenharia.org.br\/site\/wp-content\/uploads\/2021\/10\/logo-news2-290x420.png 290w\" sizes=\"auto, (max-width: 114px) 100vw, 114px\" \/><strong>Eng. Ivan Metran Whately<\/strong>\u00a0\u2013 Vice-presidente de Atividades T\u00e9cnicas<\/p>\n<p><strong>Eng. Al\u00e9ssio Bento Borelli<\/strong>\u00a0\u2013 Diretor do Departamento de Desenvolvimento de Tecnologia, Ind\u00fastria, Energia e Telecomunica\u00e7\u00f5es<\/p>\n<p><strong>Eng.\u00aa Simone Cotrufo Fran\u00e7a<\/strong>\u00a0\u2013 Coordenadora da Divis\u00e3o T\u00e9cnica de Tecnologias Renov\u00e1veis<\/p>\n<p><strong>Eng. Ant\u00f4nio Pedro Timoszczuk\u00a0<\/strong>\u2013 Coordenador da Divis\u00e3o T\u00e9cnica de Energia<\/p>\n<p>&nbsp;<\/p>\n<p><strong>Patroc\u00ednio:<\/strong><\/p>\n<p><img loading=\"lazy\" decoding=\"async\" class=\"alignnone wp-image-128769\" src=\"https:\/\/www.institutodeengenharia.org.br\/site\/wp-content\/uploads\/2025\/03\/Logo_ORICICLON.png\" alt=\"\" width=\"114\" height=\"141\" srcset=\"https:\/\/www.institutodeengenharia.org.br\/site\/wp-content\/uploads\/2025\/03\/Logo_ORICICLON.png 271w, https:\/\/www.institutodeengenharia.org.br\/site\/wp-content\/uploads\/2025\/03\/Logo_ORICICLON-243x300.png 243w\" sizes=\"auto, (max-width: 114px) 100vw, 114px\" \/><\/p>\n<p><strong>Apoio Institucional:<\/strong><\/p>\n<p><img loading=\"lazy\" decoding=\"async\" class=\"alignnone wp-image-77696\" src=\"https:\/\/www.institutodeengenharia.org.br\/site\/wp-content\/uploads\/2021\/02\/crea.jpg\" alt=\"\" width=\"145\" height=\"102\" srcset=\"https:\/\/www.institutodeengenharia.org.br\/site\/wp-content\/uploads\/2021\/02\/crea.jpg 448w, https:\/\/www.institutodeengenharia.org.br\/site\/wp-content\/uploads\/2021\/02\/crea-300x211.jpg 300w, https:\/\/www.institutodeengenharia.org.br\/site\/wp-content\/uploads\/2021\/02\/crea-100x70.jpg 100w\" sizes=\"auto, (max-width: 145px) 100vw, 145px\" \/><\/p>\n<p><strong>Apoio \u00e0 forma\u00e7\u00e3o:\u00a0<\/strong><\/p>\n<p>Espa\u00e7o aberto ao CREA-SP, objetivando o aperfei\u00e7oamento dos profissionais e o aprimoramento da fiscaliza\u00e7\u00e3o das \u00e1reas abrangidas pelo Sistema Confea\/CREAs, al\u00e9m de promover a conscientiza\u00e7\u00e3o da sociedade quanto \u00e0 necessidade e obrigatoriedade de contratar um profissional devidamente habilitado.<\/p>\n<p>&nbsp;<\/p>\n","protected":false},"excerpt":{"rendered":"<p>Assista abaixo \u00e0 grava\u00e7\u00e3o do evento:\u00a0 &nbsp; + Informa\u00e7\u00f5es: Esse evento \u00e9 voltado ao fortalecimento do setor de energias renov\u00e1veis, com enfoque especial na Energia E\u00f3lica, gerada em ambientes mar\u00edtimos. O simp\u00f3sio reunir\u00e1 especialistas, representantes do setor p\u00fablico e privado e pesquisadores para discutir os desafios e as inova\u00e7\u00f5es no setor E\u00f3lico Offshore no Brasil. [&hellip;]<\/p>\n","protected":false},"author":13,"featured_media":135863,"comment_status":"open","ping_status":"open","sticky":false,"template":"","format":"video","meta":{"footnotes":""},"categories":[968,969],"tags":[],"class_list":{"0":"post-135862","1":"post","2":"type-post","3":"status-publish","4":"format-video","5":"has-post-thumbnail","7":"category-nova-tv-engenharia","8":"category-palestra","9":"post_format-post-format-video"},"yoast_head":"<!-- This site is optimized with the Yoast SEO plugin v27.2 - https:\/\/yoast.com\/product\/yoast-seo-wordpress\/ -->\n<title>Simp\u00f3sio E\u00f3lica Offshore - Instituto de Engenharia<\/title>\n<meta name=\"robots\" content=\"index, follow, max-snippet:-1, max-image-preview:large, max-video-preview:-1\" \/>\n<link rel=\"canonical\" href=\"https:\/\/www.institutodeengenharia.org.br\/site\/2025\/05\/22\/simposio-eolica-offshore\/\" \/>\n<meta property=\"og:locale\" content=\"pt_BR\" \/>\n<meta property=\"og:type\" content=\"article\" \/>\n<meta property=\"og:title\" content=\"Simp\u00f3sio E\u00f3lica Offshore - Instituto de Engenharia\" \/>\n<meta property=\"og:description\" content=\"Assista abaixo \u00e0 grava\u00e7\u00e3o do evento:\u00a0 &nbsp; + Informa\u00e7\u00f5es: Esse evento \u00e9 voltado ao fortalecimento do setor de energias renov\u00e1veis, com enfoque especial na Energia E\u00f3lica, gerada em ambientes mar\u00edtimos. O simp\u00f3sio reunir\u00e1 especialistas, representantes do setor p\u00fablico e privado e pesquisadores para discutir os desafios e as inova\u00e7\u00f5es no setor E\u00f3lico Offshore no Brasil. [&hellip;]\" \/>\n<meta property=\"og:url\" content=\"https:\/\/www.institutodeengenharia.org.br\/site\/2025\/05\/22\/simposio-eolica-offshore\/\" \/>\n<meta property=\"og:site_name\" content=\"Instituto de Engenharia\" \/>\n<meta property=\"article:publisher\" content=\"https:\/\/www.facebook.com\/institutodeengenharia\" \/>\n<meta property=\"article:published_time\" content=\"2025-05-22T17:42:29+00:00\" \/>\n<meta property=\"article:modified_time\" content=\"2026-01-27T17:59:27+00:00\" \/>\n<meta property=\"og:image\" content=\"https:\/\/www.institutodeengenharia.org.br\/site\/wp-content\/uploads\/2026\/01\/CAPA-PALESTRA-ONLINE-2-6-1.jpg\" \/>\n\t<meta property=\"og:image:width\" content=\"1920\" \/>\n\t<meta property=\"og:image:height\" content=\"1080\" \/>\n\t<meta property=\"og:image:type\" content=\"image\/jpeg\" \/>\n<meta name=\"author\" content=\"Bianca\" \/>\n<meta name=\"twitter:card\" content=\"summary_large_image\" \/>\n<meta name=\"twitter:creator\" content=\"@iengenharia\" \/>\n<meta name=\"twitter:site\" content=\"@iengenharia\" \/>\n<meta name=\"twitter:label1\" content=\"Escrito por\" \/>\n\t<meta name=\"twitter:data1\" content=\"Bianca\" \/>\n\t<meta name=\"twitter:label2\" content=\"Est. tempo de leitura\" \/>\n\t<meta name=\"twitter:data2\" content=\"1 minuto\" \/>\n<script type=\"application\/ld+json\" class=\"yoast-schema-graph\">{\"@context\":\"https:\/\/schema.org\",\"@graph\":[{\"@type\":\"Article\",\"@id\":\"https:\/\/www.institutodeengenharia.org.br\/site\/2025\/05\/22\/simposio-eolica-offshore\/#article\",\"isPartOf\":{\"@id\":\"https:\/\/www.institutodeengenharia.org.br\/site\/2025\/05\/22\/simposio-eolica-offshore\/\"},\"author\":{\"name\":\"Bianca\",\"@id\":\"https:\/\/www.institutodeengenharia.org.br\/site\/#\/schema\/person\/aeb64951c405e100d26d30b033dd423f\"},\"headline\":\"Simp\u00f3sio E\u00f3lica Offshore\",\"datePublished\":\"2025-05-22T17:42:29+00:00\",\"dateModified\":\"2026-01-27T17:59:27+00:00\",\"mainEntityOfPage\":{\"@id\":\"https:\/\/www.institutodeengenharia.org.br\/site\/2025\/05\/22\/simposio-eolica-offshore\/\"},\"wordCount\":658,\"commentCount\":0,\"publisher\":{\"@id\":\"https:\/\/www.institutodeengenharia.org.br\/site\/#organization\"},\"image\":{\"@id\":\"https:\/\/www.institutodeengenharia.org.br\/site\/2025\/05\/22\/simposio-eolica-offshore\/#primaryimage\"},\"thumbnailUrl\":\"https:\/\/www.institutodeengenharia.org.br\/site\/wp-content\/uploads\/2026\/01\/CAPA-PALESTRA-ONLINE-2-6-1.jpg\",\"articleSection\":[\"Nova TV Engenharia\",\"Palestra\"],\"inLanguage\":\"pt-BR\",\"potentialAction\":[{\"@type\":\"CommentAction\",\"name\":\"Comment\",\"target\":[\"https:\/\/www.institutodeengenharia.org.br\/site\/2025\/05\/22\/simposio-eolica-offshore\/#respond\"]}]},{\"@type\":\"WebPage\",\"@id\":\"https:\/\/www.institutodeengenharia.org.br\/site\/2025\/05\/22\/simposio-eolica-offshore\/\",\"url\":\"https:\/\/www.institutodeengenharia.org.br\/site\/2025\/05\/22\/simposio-eolica-offshore\/\",\"name\":\"Simp\u00f3sio E\u00f3lica Offshore - Instituto de Engenharia\",\"isPartOf\":{\"@id\":\"https:\/\/www.institutodeengenharia.org.br\/site\/#website\"},\"primaryImageOfPage\":{\"@id\":\"https:\/\/www.institutodeengenharia.org.br\/site\/2025\/05\/22\/simposio-eolica-offshore\/#primaryimage\"},\"image\":{\"@id\":\"https:\/\/www.institutodeengenharia.org.br\/site\/2025\/05\/22\/simposio-eolica-offshore\/#primaryimage\"},\"thumbnailUrl\":\"https:\/\/www.institutodeengenharia.org.br\/site\/wp-content\/uploads\/2026\/01\/CAPA-PALESTRA-ONLINE-2-6-1.jpg\",\"datePublished\":\"2025-05-22T17:42:29+00:00\",\"dateModified\":\"2026-01-27T17:59:27+00:00\",\"breadcrumb\":{\"@id\":\"https:\/\/www.institutodeengenharia.org.br\/site\/2025\/05\/22\/simposio-eolica-offshore\/#breadcrumb\"},\"inLanguage\":\"pt-BR\",\"potentialAction\":[{\"@type\":\"ReadAction\",\"target\":[\"https:\/\/www.institutodeengenharia.org.br\/site\/2025\/05\/22\/simposio-eolica-offshore\/\"]}]},{\"@type\":\"ImageObject\",\"inLanguage\":\"pt-BR\",\"@id\":\"https:\/\/www.institutodeengenharia.org.br\/site\/2025\/05\/22\/simposio-eolica-offshore\/#primaryimage\",\"url\":\"https:\/\/www.institutodeengenharia.org.br\/site\/wp-content\/uploads\/2026\/01\/CAPA-PALESTRA-ONLINE-2-6-1.jpg\",\"contentUrl\":\"https:\/\/www.institutodeengenharia.org.br\/site\/wp-content\/uploads\/2026\/01\/CAPA-PALESTRA-ONLINE-2-6-1.jpg\",\"width\":1920,\"height\":1080},{\"@type\":\"BreadcrumbList\",\"@id\":\"https:\/\/www.institutodeengenharia.org.br\/site\/2025\/05\/22\/simposio-eolica-offshore\/#breadcrumb\",\"itemListElement\":[{\"@type\":\"ListItem\",\"position\":1,\"name\":\"In\u00edcio\",\"item\":\"https:\/\/www.institutodeengenharia.org.br\/site\/\"},{\"@type\":\"ListItem\",\"position\":2,\"name\":\"Simp\u00f3sio E\u00f3lica Offshore\"}]},{\"@type\":\"WebSite\",\"@id\":\"https:\/\/www.institutodeengenharia.org.br\/site\/#website\",\"url\":\"https:\/\/www.institutodeengenharia.org.br\/site\/\",\"name\":\"Instituto de Engenharia\",\"description\":\"O Instituto de Engenharia promove a Engenharia em benef\u00edcio do desenvolvimento e da qualidade de vida da sociedade.\",\"publisher\":{\"@id\":\"https:\/\/www.institutodeengenharia.org.br\/site\/#organization\"},\"potentialAction\":[{\"@type\":\"SearchAction\",\"target\":{\"@type\":\"EntryPoint\",\"urlTemplate\":\"https:\/\/www.institutodeengenharia.org.br\/site\/?s={search_term_string}\"},\"query-input\":{\"@type\":\"PropertyValueSpecification\",\"valueRequired\":true,\"valueName\":\"search_term_string\"}}],\"inLanguage\":\"pt-BR\"},{\"@type\":\"Organization\",\"@id\":\"https:\/\/www.institutodeengenharia.org.br\/site\/#organization\",\"name\":\"Instituto de Engenharia\",\"url\":\"https:\/\/www.institutodeengenharia.org.br\/site\/\",\"logo\":{\"@type\":\"ImageObject\",\"inLanguage\":\"pt-BR\",\"@id\":\"https:\/\/www.institutodeengenharia.org.br\/site\/#\/schema\/logo\/image\/\",\"url\":\"https:\/\/www.institutodeengenharia.org.br\/site\/wp-content\/uploads\/2019\/03\/logo-novo-IE2018-1.jpg\",\"contentUrl\":\"https:\/\/www.institutodeengenharia.org.br\/site\/wp-content\/uploads\/2019\/03\/logo-novo-IE2018-1.jpg\",\"width\":1486,\"height\":1879,\"caption\":\"Instituto de Engenharia\"},\"image\":{\"@id\":\"https:\/\/www.institutodeengenharia.org.br\/site\/#\/schema\/logo\/image\/\"},\"sameAs\":[\"https:\/\/www.facebook.com\/institutodeengenharia\",\"https:\/\/x.com\/iengenharia\",\"https:\/\/www.instagram.com\/institutodeengenharia\/\",\"https:\/\/www.linkedin.com\/company\/instituto-de-engenharia\/\",\"https:\/\/www.youtube.com\/channel\/UCXiCAlsSMe977vamW915HxA\"]},{\"@type\":\"Person\",\"@id\":\"https:\/\/www.institutodeengenharia.org.br\/site\/#\/schema\/person\/aeb64951c405e100d26d30b033dd423f\",\"name\":\"Bianca\",\"image\":{\"@type\":\"ImageObject\",\"inLanguage\":\"pt-BR\",\"@id\":\"https:\/\/secure.gravatar.com\/avatar\/a6fbe9bff57405baf4c1e2c5c1811e072b558253974a9f9508f4678900c97c2a?s=96&d=mm&r=g\",\"url\":\"https:\/\/secure.gravatar.com\/avatar\/a6fbe9bff57405baf4c1e2c5c1811e072b558253974a9f9508f4678900c97c2a?s=96&d=mm&r=g\",\"contentUrl\":\"https:\/\/secure.gravatar.com\/avatar\/a6fbe9bff57405baf4c1e2c5c1811e072b558253974a9f9508f4678900c97c2a?s=96&d=mm&r=g\",\"caption\":\"Bianca\"},\"url\":\"https:\/\/www.institutodeengenharia.org.br\/site\/author\/comunicacao1\/\"}]}<\/script>\n<!-- \/ Yoast SEO plugin. -->","yoast_head_json":{"title":"Simp\u00f3sio E\u00f3lica Offshore - Instituto de Engenharia","robots":{"index":"index","follow":"follow","max-snippet":"max-snippet:-1","max-image-preview":"max-image-preview:large","max-video-preview":"max-video-preview:-1"},"canonical":"https:\/\/www.institutodeengenharia.org.br\/site\/2025\/05\/22\/simposio-eolica-offshore\/","og_locale":"pt_BR","og_type":"article","og_title":"Simp\u00f3sio E\u00f3lica Offshore - Instituto de Engenharia","og_description":"Assista abaixo \u00e0 grava\u00e7\u00e3o do evento:\u00a0 &nbsp; + Informa\u00e7\u00f5es: Esse evento \u00e9 voltado ao fortalecimento do setor de energias renov\u00e1veis, com enfoque especial na Energia E\u00f3lica, gerada em ambientes mar\u00edtimos. O simp\u00f3sio reunir\u00e1 especialistas, representantes do setor p\u00fablico e privado e pesquisadores para discutir os desafios e as inova\u00e7\u00f5es no setor E\u00f3lico Offshore no Brasil. [&hellip;]","og_url":"https:\/\/www.institutodeengenharia.org.br\/site\/2025\/05\/22\/simposio-eolica-offshore\/","og_site_name":"Instituto de Engenharia","article_publisher":"https:\/\/www.facebook.com\/institutodeengenharia","article_published_time":"2025-05-22T17:42:29+00:00","article_modified_time":"2026-01-27T17:59:27+00:00","og_image":[{"width":1920,"height":1080,"url":"https:\/\/www.institutodeengenharia.org.br\/site\/wp-content\/uploads\/2026\/01\/CAPA-PALESTRA-ONLINE-2-6-1.jpg","type":"image\/jpeg"}],"author":"Bianca","twitter_card":"summary_large_image","twitter_creator":"@iengenharia","twitter_site":"@iengenharia","twitter_misc":{"Escrito por":"Bianca","Est. tempo de leitura":"1 minuto"},"schema":{"@context":"https:\/\/schema.org","@graph":[{"@type":"Article","@id":"https:\/\/www.institutodeengenharia.org.br\/site\/2025\/05\/22\/simposio-eolica-offshore\/#article","isPartOf":{"@id":"https:\/\/www.institutodeengenharia.org.br\/site\/2025\/05\/22\/simposio-eolica-offshore\/"},"author":{"name":"Bianca","@id":"https:\/\/www.institutodeengenharia.org.br\/site\/#\/schema\/person\/aeb64951c405e100d26d30b033dd423f"},"headline":"Simp\u00f3sio E\u00f3lica Offshore","datePublished":"2025-05-22T17:42:29+00:00","dateModified":"2026-01-27T17:59:27+00:00","mainEntityOfPage":{"@id":"https:\/\/www.institutodeengenharia.org.br\/site\/2025\/05\/22\/simposio-eolica-offshore\/"},"wordCount":658,"commentCount":0,"publisher":{"@id":"https:\/\/www.institutodeengenharia.org.br\/site\/#organization"},"image":{"@id":"https:\/\/www.institutodeengenharia.org.br\/site\/2025\/05\/22\/simposio-eolica-offshore\/#primaryimage"},"thumbnailUrl":"https:\/\/www.institutodeengenharia.org.br\/site\/wp-content\/uploads\/2026\/01\/CAPA-PALESTRA-ONLINE-2-6-1.jpg","articleSection":["Nova TV Engenharia","Palestra"],"inLanguage":"pt-BR","potentialAction":[{"@type":"CommentAction","name":"Comment","target":["https:\/\/www.institutodeengenharia.org.br\/site\/2025\/05\/22\/simposio-eolica-offshore\/#respond"]}]},{"@type":"WebPage","@id":"https:\/\/www.institutodeengenharia.org.br\/site\/2025\/05\/22\/simposio-eolica-offshore\/","url":"https:\/\/www.institutodeengenharia.org.br\/site\/2025\/05\/22\/simposio-eolica-offshore\/","name":"Simp\u00f3sio E\u00f3lica Offshore - Instituto de Engenharia","isPartOf":{"@id":"https:\/\/www.institutodeengenharia.org.br\/site\/#website"},"primaryImageOfPage":{"@id":"https:\/\/www.institutodeengenharia.org.br\/site\/2025\/05\/22\/simposio-eolica-offshore\/#primaryimage"},"image":{"@id":"https:\/\/www.institutodeengenharia.org.br\/site\/2025\/05\/22\/simposio-eolica-offshore\/#primaryimage"},"thumbnailUrl":"https:\/\/www.institutodeengenharia.org.br\/site\/wp-content\/uploads\/2026\/01\/CAPA-PALESTRA-ONLINE-2-6-1.jpg","datePublished":"2025-05-22T17:42:29+00:00","dateModified":"2026-01-27T17:59:27+00:00","breadcrumb":{"@id":"https:\/\/www.institutodeengenharia.org.br\/site\/2025\/05\/22\/simposio-eolica-offshore\/#breadcrumb"},"inLanguage":"pt-BR","potentialAction":[{"@type":"ReadAction","target":["https:\/\/www.institutodeengenharia.org.br\/site\/2025\/05\/22\/simposio-eolica-offshore\/"]}]},{"@type":"ImageObject","inLanguage":"pt-BR","@id":"https:\/\/www.institutodeengenharia.org.br\/site\/2025\/05\/22\/simposio-eolica-offshore\/#primaryimage","url":"https:\/\/www.institutodeengenharia.org.br\/site\/wp-content\/uploads\/2026\/01\/CAPA-PALESTRA-ONLINE-2-6-1.jpg","contentUrl":"https:\/\/www.institutodeengenharia.org.br\/site\/wp-content\/uploads\/2026\/01\/CAPA-PALESTRA-ONLINE-2-6-1.jpg","width":1920,"height":1080},{"@type":"BreadcrumbList","@id":"https:\/\/www.institutodeengenharia.org.br\/site\/2025\/05\/22\/simposio-eolica-offshore\/#breadcrumb","itemListElement":[{"@type":"ListItem","position":1,"name":"In\u00edcio","item":"https:\/\/www.institutodeengenharia.org.br\/site\/"},{"@type":"ListItem","position":2,"name":"Simp\u00f3sio E\u00f3lica Offshore"}]},{"@type":"WebSite","@id":"https:\/\/www.institutodeengenharia.org.br\/site\/#website","url":"https:\/\/www.institutodeengenharia.org.br\/site\/","name":"Instituto de Engenharia","description":"O Instituto de Engenharia promove a Engenharia em benef\u00edcio do desenvolvimento e da qualidade de vida da sociedade.","publisher":{"@id":"https:\/\/www.institutodeengenharia.org.br\/site\/#organization"},"potentialAction":[{"@type":"SearchAction","target":{"@type":"EntryPoint","urlTemplate":"https:\/\/www.institutodeengenharia.org.br\/site\/?s={search_term_string}"},"query-input":{"@type":"PropertyValueSpecification","valueRequired":true,"valueName":"search_term_string"}}],"inLanguage":"pt-BR"},{"@type":"Organization","@id":"https:\/\/www.institutodeengenharia.org.br\/site\/#organization","name":"Instituto de Engenharia","url":"https:\/\/www.institutodeengenharia.org.br\/site\/","logo":{"@type":"ImageObject","inLanguage":"pt-BR","@id":"https:\/\/www.institutodeengenharia.org.br\/site\/#\/schema\/logo\/image\/","url":"https:\/\/www.institutodeengenharia.org.br\/site\/wp-content\/uploads\/2019\/03\/logo-novo-IE2018-1.jpg","contentUrl":"https:\/\/www.institutodeengenharia.org.br\/site\/wp-content\/uploads\/2019\/03\/logo-novo-IE2018-1.jpg","width":1486,"height":1879,"caption":"Instituto de Engenharia"},"image":{"@id":"https:\/\/www.institutodeengenharia.org.br\/site\/#\/schema\/logo\/image\/"},"sameAs":["https:\/\/www.facebook.com\/institutodeengenharia","https:\/\/x.com\/iengenharia","https:\/\/www.instagram.com\/institutodeengenharia\/","https:\/\/www.linkedin.com\/company\/instituto-de-engenharia\/","https:\/\/www.youtube.com\/channel\/UCXiCAlsSMe977vamW915HxA"]},{"@type":"Person","@id":"https:\/\/www.institutodeengenharia.org.br\/site\/#\/schema\/person\/aeb64951c405e100d26d30b033dd423f","name":"Bianca","image":{"@type":"ImageObject","inLanguage":"pt-BR","@id":"https:\/\/secure.gravatar.com\/avatar\/a6fbe9bff57405baf4c1e2c5c1811e072b558253974a9f9508f4678900c97c2a?s=96&d=mm&r=g","url":"https:\/\/secure.gravatar.com\/avatar\/a6fbe9bff57405baf4c1e2c5c1811e072b558253974a9f9508f4678900c97c2a?s=96&d=mm&r=g","contentUrl":"https:\/\/secure.gravatar.com\/avatar\/a6fbe9bff57405baf4c1e2c5c1811e072b558253974a9f9508f4678900c97c2a?s=96&d=mm&r=g","caption":"Bianca"},"url":"https:\/\/www.institutodeengenharia.org.br\/site\/author\/comunicacao1\/"}]}},"_links":{"self":[{"href":"https:\/\/www.institutodeengenharia.org.br\/site\/wp-json\/wp\/v2\/posts\/135862","targetHints":{"allow":["GET"]}}],"collection":[{"href":"https:\/\/www.institutodeengenharia.org.br\/site\/wp-json\/wp\/v2\/posts"}],"about":[{"href":"https:\/\/www.institutodeengenharia.org.br\/site\/wp-json\/wp\/v2\/types\/post"}],"author":[{"embeddable":true,"href":"https:\/\/www.institutodeengenharia.org.br\/site\/wp-json\/wp\/v2\/users\/13"}],"replies":[{"embeddable":true,"href":"https:\/\/www.institutodeengenharia.org.br\/site\/wp-json\/wp\/v2\/comments?post=135862"}],"version-history":[{"count":1,"href":"https:\/\/www.institutodeengenharia.org.br\/site\/wp-json\/wp\/v2\/posts\/135862\/revisions"}],"predecessor-version":[{"id":135864,"href":"https:\/\/www.institutodeengenharia.org.br\/site\/wp-json\/wp\/v2\/posts\/135862\/revisions\/135864"}],"wp:featuredmedia":[{"embeddable":true,"href":"https:\/\/www.institutodeengenharia.org.br\/site\/wp-json\/wp\/v2\/media\/135863"}],"wp:attachment":[{"href":"https:\/\/www.institutodeengenharia.org.br\/site\/wp-json\/wp\/v2\/media?parent=135862"}],"wp:term":[{"taxonomy":"category","embeddable":true,"href":"https:\/\/www.institutodeengenharia.org.br\/site\/wp-json\/wp\/v2\/categories?post=135862"},{"taxonomy":"post_tag","embeddable":true,"href":"https:\/\/www.institutodeengenharia.org.br\/site\/wp-json\/wp\/v2\/tags?post=135862"}],"curies":[{"name":"wp","href":"https:\/\/api.w.org\/{rel}","templated":true}]}}