{"id":135799,"date":"2026-01-26T11:25:15","date_gmt":"2026-01-26T14:25:15","guid":{"rendered":"https:\/\/www.institutodeengenharia.org.br\/site\/?p=135799"},"modified":"2026-01-26T12:04:10","modified_gmt":"2026-01-26T15:04:10","slug":"20-anos-de-pre-sal-quando-fatos-falam-mais-alto-que-discursos-por-joao-ricardo-lafraia","status":"publish","type":"post","link":"https:\/\/www.institutodeengenharia.org.br\/site\/2026\/01\/26\/20-anos-de-pre-sal-quando-fatos-falam-mais-alto-que-discursos-por-joao-ricardo-lafraia\/","title":{"rendered":"&#8220;20 anos de Pr\u00e9-Sal: Quando fatos falam mais alto que discursos&#8221;, por *Jo\u00e3o Ricardo Lafraia"},"content":{"rendered":"<p>Cheguei ao evento dos 20 anos da Uo BS, em Santos, no dia 20 de janeiro, esperando uma comemora\u00e7\u00e3o. Sa\u00ed com uma reflex\u00e3o. O encontro foi menos sobre exaltar conquistas e mais sobre compreender decis\u00f5es, riscos assumidos e escolhas t\u00e9cnicas e estrat\u00e9gicas que resistiram ao tempo. Um espa\u00e7o para olhar o passado com responsabilidade e projetar o futuro com lucidez.<\/p>\n<p>Estar ao lado de pessoas que ajudaram a escrever essa hist\u00f3ria, como Guilherme Estrella, Sylvia Anjos, diretores de EP, refor\u00e7ou a real dimens\u00e3o do caminho percorrido. Nada do que foi conquistado veio de forma simples. Em diversos momentos, convic\u00e7\u00f5es t\u00e9cnicas, institucionais e estrat\u00e9gicas foram colocadas \u00e0 prova \u2014 e sustentadas.<\/p>\n<p>Primeiro disseram que n\u00e3o havia petr\u00f3leo no Brasil. A BR mostrou que estavam errados.<\/p>\n<p>Depois, afirmaram que n\u00e3o haveria petr\u00f3leo no mar. Erraram novamente.<\/p>\n<p>Petr\u00f3leo abaixo da camada de sal? Mais um \u201cn\u00e3o\u201d que o tempo tratou de desmentir.<\/p>\n<p>Com o avan\u00e7o, vieram as perguntas mais duras \u2014 e absolutamente leg\u00edtimas:<\/p>\n<p>a explora\u00e7\u00e3o \u00e9 econ\u00f4mica? \u00c9 ambientalmente correta? \u00c9 subsidiada?<\/p>\n<p>Os n\u00fameros ajudam a responder. O pr\u00e9-sal gera dezenas de bilh\u00f5es de d\u00f3lares por ano em fluxo de caixa livre. Ao longo de 20 anos, estima-se que trouxe aproximadamente US$ 500 bilh\u00f5es em impostos e taxas diretas para o Brasil \u2014 algo pr\u00f3ximo de US$ 2 bilh\u00f5es por dia. Tudo isso sem uma gota de \u00f3leo no mar.<\/p>\n<p>Enquanto esse debate ainda se prolonga por aqui, muitos pa\u00edses seguem altamente dependentes do carv\u00e3o mineral em suas matrizes energ\u00e9ticas. O contraste \u00e9 eloquente. N\u00e3o questiono \u2014 e nem minimizo \u2014 o rigor dos processos de aprova\u00e7\u00e3o: ele \u00e9 necess\u00e1rio e saud\u00e1vel. O desafio surge quando o rigor t\u00e9cnico d\u00e1 lugar a narrativas desconectadas de resultado, efici\u00eancia e evid\u00eancia.<\/p>\n<p>H\u00e1 tamb\u00e9m um aspecto frequentemente pouco valorizado. Trata se de um empreendimento feito por brasileiros. Diferente de muitos projetos internacionais da ind\u00fastria, estruturados como cons\u00f3rcios de m\u00faltiplas nacionalidades, aqui o protagonismo \u00e9 nacional \u2014 na concep\u00e7\u00e3o, na execu\u00e7\u00e3o e na opera\u00e7\u00e3o. Um modelo que, curiosamente, produziu resultados consistentes sem precisar ser \u201creinventado\u201d para parecer moderno.<\/p>\n<p>Os resultados operacionais refor\u00e7am esse ponto. Em efici\u00eancia, os FPSOs (Unidade Flutuante de Produ\u00e7\u00e3o, Armazenamento e Transfer\u00eancia) do pr\u00e9 sal \u2014 outra inova\u00e7\u00e3o brasileira, premiada e replicada mundo afora \u2014 figuram no primeiro quartil em estudos internacionais independentes, isto \u00e9, avalia\u00e7\u00f5es que n\u00e3o dependem de narrativa pr\u00f3pria para se sustentar.<\/p>\n<p>Tudo isso est\u00e1 ancorado em um prop\u00f3sito claro: prover a energia que movimenta o progresso do Brasil. O ambiente constru\u00eddo ao longo desses anos foi f\u00e9rtil para a inova\u00e7\u00e3o, com ci\u00eancia e tecnologia aplicadas no cotidiano da opera\u00e7\u00e3o e da manuten\u00e7\u00e3o. Pesquisa, Desenvolvimento e Inova\u00e7\u00e3o que n\u00e3o se traduzem em pr\u00e1tica tendem a sobreviver apenas nos discursos.<\/p>\n<p>Na gest\u00e3o de ativos e na confiabilidade, o impacto \u00e9 direto e mensur\u00e1vel. Cada 4% de aumento de efici\u00eancia representa, na pr\u00e1tica, uma unidade \u201coculta\u201d a mais no meio das que j\u00e1 est\u00e3o produzindo \u2014 um ganho silencioso, mas muito concreto.<\/p>\n<p>Por fim, h\u00e1 o fator humano \u2014 talvez o mais determinante. Ao longo dessa trajet\u00f3ria, diferentes lideran\u00e7as se sucederam \u00e0 frente da unidade \u2014 em per\u00edodos distintos e contextos igualmente desafiadores \u2014, mas o resultado nunca foi obra de uma cadeira ou de um nome. Ele foi constru\u00eddo por equipes t\u00e9cnicas, operacionais e administrativas inteiras, em todas as \u00e1reas da BR, que sustentaram decis\u00f5es dif\u00edceis, operaram sistemas complexos e fizeram o extraordin\u00e1rio parecer rotina. Nesse percurso, passaram pela fun\u00e7\u00e3o de gerente geral Jos\u00e9 Luiz Marcusso, Osvaldo Kawakami, Felipe Matoso \u2014 e eu pr\u00f3prio \u2014, sem que o essencial nunca tenha se desviado do que realmente importava: a continuidade do prop\u00f3sito coletivo, o respeito \u00e0s equipes e a entrega consistente de resultados, independentemente de quem estivesse no comando institucional.<\/p>\n<p>Foi um dia especial.<\/p>\n<p>Um retrato de um Brasil que entrega resultados.<\/p>\n<p>Feito por brasileiros, usando o que h\u00e1 de melhor entre n\u00f3s.<\/p>\n<p>PS: Marcas podem ir e vir. Institui\u00e7\u00f5es de verdade permanecem \u2014 especialmente quando o nome BR segue associado a engenharia, compet\u00eancia t\u00e9cnica e entrega de resultado.<\/p>\n<p><em>*Por Jo\u00e3o Ricardo Lafraia, associado ao Instituto de Engenharia\u00a0<\/em><\/p>\n","protected":false},"excerpt":{"rendered":"<p>Cheguei ao evento dos 20 anos da Uo BS, em Santos, no dia 20 de janeiro, esperando uma comemora\u00e7\u00e3o. Sa\u00ed com uma reflex\u00e3o. O encontro foi menos sobre exaltar conquistas e mais sobre compreender decis\u00f5es, riscos assumidos e escolhas t\u00e9cnicas e estrat\u00e9gicas que resistiram ao tempo. Um espa\u00e7o para olhar o passado com responsabilidade e [&hellip;]<\/p>\n","protected":false},"author":14,"featured_media":100222,"comment_status":"open","ping_status":"open","sticky":false,"template":"","format":"standard","meta":{"footnotes":""},"categories":[114,27,6,113],"tags":[],"class_list":{"0":"post-135799","1":"post","2":"type-post","3":"status-publish","4":"format-standard","5":"has-post-thumbnail","7":"category-artigos","8":"category-instituto-de-engenharia","9":"category-noticias","10":"category-publicacoes"},"yoast_head":"<!-- This site is optimized with the Yoast SEO plugin v27.2 - https:\/\/yoast.com\/product\/yoast-seo-wordpress\/ -->\n<title>&quot;20 anos de Pr\u00e9-Sal: Quando fatos falam mais alto que discursos&quot;, por *Jo\u00e3o Ricardo Lafraia - Instituto de Engenharia<\/title>\n<meta name=\"robots\" content=\"index, follow, max-snippet:-1, max-image-preview:large, max-video-preview:-1\" \/>\n<link rel=\"canonical\" href=\"https:\/\/www.institutodeengenharia.org.br\/site\/2026\/01\/26\/20-anos-de-pre-sal-quando-fatos-falam-mais-alto-que-discursos-por-joao-ricardo-lafraia\/\" \/>\n<meta property=\"og:locale\" content=\"pt_BR\" \/>\n<meta property=\"og:type\" content=\"article\" \/>\n<meta property=\"og:title\" content=\"&quot;20 anos de Pr\u00e9-Sal: Quando fatos falam mais alto que discursos&quot;, por *Jo\u00e3o Ricardo Lafraia - Instituto de Engenharia\" \/>\n<meta property=\"og:description\" content=\"Cheguei ao evento dos 20 anos da Uo BS, em Santos, no dia 20 de janeiro, esperando uma comemora\u00e7\u00e3o. Sa\u00ed com uma reflex\u00e3o. O encontro foi menos sobre exaltar conquistas e mais sobre compreender decis\u00f5es, riscos assumidos e escolhas t\u00e9cnicas e estrat\u00e9gicas que resistiram ao tempo. Um espa\u00e7o para olhar o passado com responsabilidade e [&hellip;]\" \/>\n<meta property=\"og:url\" content=\"https:\/\/www.institutodeengenharia.org.br\/site\/2026\/01\/26\/20-anos-de-pre-sal-quando-fatos-falam-mais-alto-que-discursos-por-joao-ricardo-lafraia\/\" \/>\n<meta property=\"og:site_name\" content=\"Instituto de Engenharia\" \/>\n<meta property=\"article:publisher\" content=\"https:\/\/www.facebook.com\/institutodeengenharia\" \/>\n<meta property=\"article:published_time\" content=\"2026-01-26T14:25:15+00:00\" \/>\n<meta property=\"article:modified_time\" content=\"2026-01-26T15:04:10+00:00\" \/>\n<meta property=\"og:image\" content=\"https:\/\/www.institutodeengenharia.org.br\/site\/wp-content\/uploads\/2022\/08\/Joao-Ricardo-Barusso-Lafraia-FOTO-EM-SETEMBRO-2022.png\" \/>\n\t<meta property=\"og:image:width\" content=\"726\" \/>\n\t<meta property=\"og:image:height\" content=\"525\" \/>\n\t<meta property=\"og:image:type\" content=\"image\/png\" \/>\n<meta name=\"author\" content=\"Isabel\" \/>\n<meta name=\"twitter:card\" content=\"summary_large_image\" \/>\n<meta name=\"twitter:creator\" content=\"@iengenharia\" \/>\n<meta name=\"twitter:site\" content=\"@iengenharia\" \/>\n<meta name=\"twitter:label1\" content=\"Escrito por\" \/>\n\t<meta name=\"twitter:data1\" content=\"Isabel\" \/>\n\t<meta name=\"twitter:label2\" content=\"Est. tempo de leitura\" \/>\n\t<meta name=\"twitter:data2\" content=\"4 minutos\" \/>\n<script type=\"application\/ld+json\" class=\"yoast-schema-graph\">{\"@context\":\"https:\/\/schema.org\",\"@graph\":[{\"@type\":\"Article\",\"@id\":\"https:\/\/www.institutodeengenharia.org.br\/site\/2026\/01\/26\/20-anos-de-pre-sal-quando-fatos-falam-mais-alto-que-discursos-por-joao-ricardo-lafraia\/#article\",\"isPartOf\":{\"@id\":\"https:\/\/www.institutodeengenharia.org.br\/site\/2026\/01\/26\/20-anos-de-pre-sal-quando-fatos-falam-mais-alto-que-discursos-por-joao-ricardo-lafraia\/\"},\"author\":{\"name\":\"Isabel\",\"@id\":\"https:\/\/www.institutodeengenharia.org.br\/site\/#\/schema\/person\/593dc356630173a4877a635d3e5fd76b\"},\"headline\":\"&#8220;20 anos de Pr\u00e9-Sal: Quando fatos falam mais alto que discursos&#8221;, por *Jo\u00e3o Ricardo Lafraia\",\"datePublished\":\"2026-01-26T14:25:15+00:00\",\"dateModified\":\"2026-01-26T15:04:10+00:00\",\"mainEntityOfPage\":{\"@id\":\"https:\/\/www.institutodeengenharia.org.br\/site\/2026\/01\/26\/20-anos-de-pre-sal-quando-fatos-falam-mais-alto-que-discursos-por-joao-ricardo-lafraia\/\"},\"wordCount\":746,\"commentCount\":0,\"publisher\":{\"@id\":\"https:\/\/www.institutodeengenharia.org.br\/site\/#organization\"},\"image\":{\"@id\":\"https:\/\/www.institutodeengenharia.org.br\/site\/2026\/01\/26\/20-anos-de-pre-sal-quando-fatos-falam-mais-alto-que-discursos-por-joao-ricardo-lafraia\/#primaryimage\"},\"thumbnailUrl\":\"https:\/\/www.institutodeengenharia.org.br\/site\/wp-content\/uploads\/2022\/08\/Joao-Ricardo-Barusso-Lafraia-FOTO-EM-SETEMBRO-2022.png\",\"articleSection\":[\"Artigos\",\"Instituto de Engenharia\",\"Not\u00edcias\",\"Publica\u00e7\u00f5es\"],\"inLanguage\":\"pt-BR\",\"potentialAction\":[{\"@type\":\"CommentAction\",\"name\":\"Comment\",\"target\":[\"https:\/\/www.institutodeengenharia.org.br\/site\/2026\/01\/26\/20-anos-de-pre-sal-quando-fatos-falam-mais-alto-que-discursos-por-joao-ricardo-lafraia\/#respond\"]}]},{\"@type\":\"WebPage\",\"@id\":\"https:\/\/www.institutodeengenharia.org.br\/site\/2026\/01\/26\/20-anos-de-pre-sal-quando-fatos-falam-mais-alto-que-discursos-por-joao-ricardo-lafraia\/\",\"url\":\"https:\/\/www.institutodeengenharia.org.br\/site\/2026\/01\/26\/20-anos-de-pre-sal-quando-fatos-falam-mais-alto-que-discursos-por-joao-ricardo-lafraia\/\",\"name\":\"\\\"20 anos de Pr\u00e9-Sal: Quando fatos falam mais alto que discursos\\\", por *Jo\u00e3o Ricardo Lafraia - Instituto de Engenharia\",\"isPartOf\":{\"@id\":\"https:\/\/www.institutodeengenharia.org.br\/site\/#website\"},\"primaryImageOfPage\":{\"@id\":\"https:\/\/www.institutodeengenharia.org.br\/site\/2026\/01\/26\/20-anos-de-pre-sal-quando-fatos-falam-mais-alto-que-discursos-por-joao-ricardo-lafraia\/#primaryimage\"},\"image\":{\"@id\":\"https:\/\/www.institutodeengenharia.org.br\/site\/2026\/01\/26\/20-anos-de-pre-sal-quando-fatos-falam-mais-alto-que-discursos-por-joao-ricardo-lafraia\/#primaryimage\"},\"thumbnailUrl\":\"https:\/\/www.institutodeengenharia.org.br\/site\/wp-content\/uploads\/2022\/08\/Joao-Ricardo-Barusso-Lafraia-FOTO-EM-SETEMBRO-2022.png\",\"datePublished\":\"2026-01-26T14:25:15+00:00\",\"dateModified\":\"2026-01-26T15:04:10+00:00\",\"breadcrumb\":{\"@id\":\"https:\/\/www.institutodeengenharia.org.br\/site\/2026\/01\/26\/20-anos-de-pre-sal-quando-fatos-falam-mais-alto-que-discursos-por-joao-ricardo-lafraia\/#breadcrumb\"},\"inLanguage\":\"pt-BR\",\"potentialAction\":[{\"@type\":\"ReadAction\",\"target\":[\"https:\/\/www.institutodeengenharia.org.br\/site\/2026\/01\/26\/20-anos-de-pre-sal-quando-fatos-falam-mais-alto-que-discursos-por-joao-ricardo-lafraia\/\"]}]},{\"@type\":\"ImageObject\",\"inLanguage\":\"pt-BR\",\"@id\":\"https:\/\/www.institutodeengenharia.org.br\/site\/2026\/01\/26\/20-anos-de-pre-sal-quando-fatos-falam-mais-alto-que-discursos-por-joao-ricardo-lafraia\/#primaryimage\",\"url\":\"https:\/\/www.institutodeengenharia.org.br\/site\/wp-content\/uploads\/2022\/08\/Joao-Ricardo-Barusso-Lafraia-FOTO-EM-SETEMBRO-2022.png\",\"contentUrl\":\"https:\/\/www.institutodeengenharia.org.br\/site\/wp-content\/uploads\/2022\/08\/Joao-Ricardo-Barusso-Lafraia-FOTO-EM-SETEMBRO-2022.png\",\"width\":726,\"height\":525},{\"@type\":\"BreadcrumbList\",\"@id\":\"https:\/\/www.institutodeengenharia.org.br\/site\/2026\/01\/26\/20-anos-de-pre-sal-quando-fatos-falam-mais-alto-que-discursos-por-joao-ricardo-lafraia\/#breadcrumb\",\"itemListElement\":[{\"@type\":\"ListItem\",\"position\":1,\"name\":\"In\u00edcio\",\"item\":\"https:\/\/www.institutodeengenharia.org.br\/site\/\"},{\"@type\":\"ListItem\",\"position\":2,\"name\":\"&#8220;20 anos de Pr\u00e9-Sal: Quando fatos falam mais alto que discursos&#8221;, por *Jo\u00e3o Ricardo Lafraia\"}]},{\"@type\":\"WebSite\",\"@id\":\"https:\/\/www.institutodeengenharia.org.br\/site\/#website\",\"url\":\"https:\/\/www.institutodeengenharia.org.br\/site\/\",\"name\":\"Instituto de Engenharia\",\"description\":\"O Instituto de Engenharia promove a Engenharia em benef\u00edcio do desenvolvimento e da qualidade de vida da sociedade.\",\"publisher\":{\"@id\":\"https:\/\/www.institutodeengenharia.org.br\/site\/#organization\"},\"potentialAction\":[{\"@type\":\"SearchAction\",\"target\":{\"@type\":\"EntryPoint\",\"urlTemplate\":\"https:\/\/www.institutodeengenharia.org.br\/site\/?s={search_term_string}\"},\"query-input\":{\"@type\":\"PropertyValueSpecification\",\"valueRequired\":true,\"valueName\":\"search_term_string\"}}],\"inLanguage\":\"pt-BR\"},{\"@type\":\"Organization\",\"@id\":\"https:\/\/www.institutodeengenharia.org.br\/site\/#organization\",\"name\":\"Instituto de Engenharia\",\"url\":\"https:\/\/www.institutodeengenharia.org.br\/site\/\",\"logo\":{\"@type\":\"ImageObject\",\"inLanguage\":\"pt-BR\",\"@id\":\"https:\/\/www.institutodeengenharia.org.br\/site\/#\/schema\/logo\/image\/\",\"url\":\"https:\/\/www.institutodeengenharia.org.br\/site\/wp-content\/uploads\/2019\/03\/logo-novo-IE2018-1.jpg\",\"contentUrl\":\"https:\/\/www.institutodeengenharia.org.br\/site\/wp-content\/uploads\/2019\/03\/logo-novo-IE2018-1.jpg\",\"width\":1486,\"height\":1879,\"caption\":\"Instituto de Engenharia\"},\"image\":{\"@id\":\"https:\/\/www.institutodeengenharia.org.br\/site\/#\/schema\/logo\/image\/\"},\"sameAs\":[\"https:\/\/www.facebook.com\/institutodeengenharia\",\"https:\/\/x.com\/iengenharia\",\"https:\/\/www.instagram.com\/institutodeengenharia\/\",\"https:\/\/www.linkedin.com\/company\/instituto-de-engenharia\/\",\"https:\/\/www.youtube.com\/channel\/UCXiCAlsSMe977vamW915HxA\"]},{\"@type\":\"Person\",\"@id\":\"https:\/\/www.institutodeengenharia.org.br\/site\/#\/schema\/person\/593dc356630173a4877a635d3e5fd76b\",\"name\":\"Isabel\",\"image\":{\"@type\":\"ImageObject\",\"inLanguage\":\"pt-BR\",\"@id\":\"https:\/\/secure.gravatar.com\/avatar\/f3c521db63ec9db17894f10a88c6a3cf95b2281d7f80eeb3cf3ef1cb091576e7?s=96&d=mm&r=g\",\"url\":\"https:\/\/secure.gravatar.com\/avatar\/f3c521db63ec9db17894f10a88c6a3cf95b2281d7f80eeb3cf3ef1cb091576e7?s=96&d=mm&r=g\",\"contentUrl\":\"https:\/\/secure.gravatar.com\/avatar\/f3c521db63ec9db17894f10a88c6a3cf95b2281d7f80eeb3cf3ef1cb091576e7?s=96&d=mm&r=g\",\"caption\":\"Isabel\"},\"url\":\"https:\/\/www.institutodeengenharia.org.br\/site\/author\/comunicacao2\/\"}]}<\/script>\n<!-- \/ Yoast SEO plugin. -->","yoast_head_json":{"title":"\"20 anos de Pr\u00e9-Sal: Quando fatos falam mais alto que discursos\", por *Jo\u00e3o Ricardo Lafraia - Instituto de Engenharia","robots":{"index":"index","follow":"follow","max-snippet":"max-snippet:-1","max-image-preview":"max-image-preview:large","max-video-preview":"max-video-preview:-1"},"canonical":"https:\/\/www.institutodeengenharia.org.br\/site\/2026\/01\/26\/20-anos-de-pre-sal-quando-fatos-falam-mais-alto-que-discursos-por-joao-ricardo-lafraia\/","og_locale":"pt_BR","og_type":"article","og_title":"\"20 anos de Pr\u00e9-Sal: Quando fatos falam mais alto que discursos\", por *Jo\u00e3o Ricardo Lafraia - Instituto de Engenharia","og_description":"Cheguei ao evento dos 20 anos da Uo BS, em Santos, no dia 20 de janeiro, esperando uma comemora\u00e7\u00e3o. Sa\u00ed com uma reflex\u00e3o. O encontro foi menos sobre exaltar conquistas e mais sobre compreender decis\u00f5es, riscos assumidos e escolhas t\u00e9cnicas e estrat\u00e9gicas que resistiram ao tempo. Um espa\u00e7o para olhar o passado com responsabilidade e [&hellip;]","og_url":"https:\/\/www.institutodeengenharia.org.br\/site\/2026\/01\/26\/20-anos-de-pre-sal-quando-fatos-falam-mais-alto-que-discursos-por-joao-ricardo-lafraia\/","og_site_name":"Instituto de Engenharia","article_publisher":"https:\/\/www.facebook.com\/institutodeengenharia","article_published_time":"2026-01-26T14:25:15+00:00","article_modified_time":"2026-01-26T15:04:10+00:00","og_image":[{"width":726,"height":525,"url":"https:\/\/www.institutodeengenharia.org.br\/site\/wp-content\/uploads\/2022\/08\/Joao-Ricardo-Barusso-Lafraia-FOTO-EM-SETEMBRO-2022.png","type":"image\/png"}],"author":"Isabel","twitter_card":"summary_large_image","twitter_creator":"@iengenharia","twitter_site":"@iengenharia","twitter_misc":{"Escrito por":"Isabel","Est. tempo de leitura":"4 minutos"},"schema":{"@context":"https:\/\/schema.org","@graph":[{"@type":"Article","@id":"https:\/\/www.institutodeengenharia.org.br\/site\/2026\/01\/26\/20-anos-de-pre-sal-quando-fatos-falam-mais-alto-que-discursos-por-joao-ricardo-lafraia\/#article","isPartOf":{"@id":"https:\/\/www.institutodeengenharia.org.br\/site\/2026\/01\/26\/20-anos-de-pre-sal-quando-fatos-falam-mais-alto-que-discursos-por-joao-ricardo-lafraia\/"},"author":{"name":"Isabel","@id":"https:\/\/www.institutodeengenharia.org.br\/site\/#\/schema\/person\/593dc356630173a4877a635d3e5fd76b"},"headline":"&#8220;20 anos de Pr\u00e9-Sal: Quando fatos falam mais alto que discursos&#8221;, por *Jo\u00e3o Ricardo Lafraia","datePublished":"2026-01-26T14:25:15+00:00","dateModified":"2026-01-26T15:04:10+00:00","mainEntityOfPage":{"@id":"https:\/\/www.institutodeengenharia.org.br\/site\/2026\/01\/26\/20-anos-de-pre-sal-quando-fatos-falam-mais-alto-que-discursos-por-joao-ricardo-lafraia\/"},"wordCount":746,"commentCount":0,"publisher":{"@id":"https:\/\/www.institutodeengenharia.org.br\/site\/#organization"},"image":{"@id":"https:\/\/www.institutodeengenharia.org.br\/site\/2026\/01\/26\/20-anos-de-pre-sal-quando-fatos-falam-mais-alto-que-discursos-por-joao-ricardo-lafraia\/#primaryimage"},"thumbnailUrl":"https:\/\/www.institutodeengenharia.org.br\/site\/wp-content\/uploads\/2022\/08\/Joao-Ricardo-Barusso-Lafraia-FOTO-EM-SETEMBRO-2022.png","articleSection":["Artigos","Instituto de Engenharia","Not\u00edcias","Publica\u00e7\u00f5es"],"inLanguage":"pt-BR","potentialAction":[{"@type":"CommentAction","name":"Comment","target":["https:\/\/www.institutodeengenharia.org.br\/site\/2026\/01\/26\/20-anos-de-pre-sal-quando-fatos-falam-mais-alto-que-discursos-por-joao-ricardo-lafraia\/#respond"]}]},{"@type":"WebPage","@id":"https:\/\/www.institutodeengenharia.org.br\/site\/2026\/01\/26\/20-anos-de-pre-sal-quando-fatos-falam-mais-alto-que-discursos-por-joao-ricardo-lafraia\/","url":"https:\/\/www.institutodeengenharia.org.br\/site\/2026\/01\/26\/20-anos-de-pre-sal-quando-fatos-falam-mais-alto-que-discursos-por-joao-ricardo-lafraia\/","name":"\"20 anos de Pr\u00e9-Sal: Quando fatos falam mais alto que discursos\", por *Jo\u00e3o Ricardo Lafraia - Instituto de Engenharia","isPartOf":{"@id":"https:\/\/www.institutodeengenharia.org.br\/site\/#website"},"primaryImageOfPage":{"@id":"https:\/\/www.institutodeengenharia.org.br\/site\/2026\/01\/26\/20-anos-de-pre-sal-quando-fatos-falam-mais-alto-que-discursos-por-joao-ricardo-lafraia\/#primaryimage"},"image":{"@id":"https:\/\/www.institutodeengenharia.org.br\/site\/2026\/01\/26\/20-anos-de-pre-sal-quando-fatos-falam-mais-alto-que-discursos-por-joao-ricardo-lafraia\/#primaryimage"},"thumbnailUrl":"https:\/\/www.institutodeengenharia.org.br\/site\/wp-content\/uploads\/2022\/08\/Joao-Ricardo-Barusso-Lafraia-FOTO-EM-SETEMBRO-2022.png","datePublished":"2026-01-26T14:25:15+00:00","dateModified":"2026-01-26T15:04:10+00:00","breadcrumb":{"@id":"https:\/\/www.institutodeengenharia.org.br\/site\/2026\/01\/26\/20-anos-de-pre-sal-quando-fatos-falam-mais-alto-que-discursos-por-joao-ricardo-lafraia\/#breadcrumb"},"inLanguage":"pt-BR","potentialAction":[{"@type":"ReadAction","target":["https:\/\/www.institutodeengenharia.org.br\/site\/2026\/01\/26\/20-anos-de-pre-sal-quando-fatos-falam-mais-alto-que-discursos-por-joao-ricardo-lafraia\/"]}]},{"@type":"ImageObject","inLanguage":"pt-BR","@id":"https:\/\/www.institutodeengenharia.org.br\/site\/2026\/01\/26\/20-anos-de-pre-sal-quando-fatos-falam-mais-alto-que-discursos-por-joao-ricardo-lafraia\/#primaryimage","url":"https:\/\/www.institutodeengenharia.org.br\/site\/wp-content\/uploads\/2022\/08\/Joao-Ricardo-Barusso-Lafraia-FOTO-EM-SETEMBRO-2022.png","contentUrl":"https:\/\/www.institutodeengenharia.org.br\/site\/wp-content\/uploads\/2022\/08\/Joao-Ricardo-Barusso-Lafraia-FOTO-EM-SETEMBRO-2022.png","width":726,"height":525},{"@type":"BreadcrumbList","@id":"https:\/\/www.institutodeengenharia.org.br\/site\/2026\/01\/26\/20-anos-de-pre-sal-quando-fatos-falam-mais-alto-que-discursos-por-joao-ricardo-lafraia\/#breadcrumb","itemListElement":[{"@type":"ListItem","position":1,"name":"In\u00edcio","item":"https:\/\/www.institutodeengenharia.org.br\/site\/"},{"@type":"ListItem","position":2,"name":"&#8220;20 anos de Pr\u00e9-Sal: Quando fatos falam mais alto que discursos&#8221;, por *Jo\u00e3o Ricardo Lafraia"}]},{"@type":"WebSite","@id":"https:\/\/www.institutodeengenharia.org.br\/site\/#website","url":"https:\/\/www.institutodeengenharia.org.br\/site\/","name":"Instituto de Engenharia","description":"O Instituto de Engenharia promove a Engenharia em benef\u00edcio do desenvolvimento e da qualidade de vida da sociedade.","publisher":{"@id":"https:\/\/www.institutodeengenharia.org.br\/site\/#organization"},"potentialAction":[{"@type":"SearchAction","target":{"@type":"EntryPoint","urlTemplate":"https:\/\/www.institutodeengenharia.org.br\/site\/?s={search_term_string}"},"query-input":{"@type":"PropertyValueSpecification","valueRequired":true,"valueName":"search_term_string"}}],"inLanguage":"pt-BR"},{"@type":"Organization","@id":"https:\/\/www.institutodeengenharia.org.br\/site\/#organization","name":"Instituto de Engenharia","url":"https:\/\/www.institutodeengenharia.org.br\/site\/","logo":{"@type":"ImageObject","inLanguage":"pt-BR","@id":"https:\/\/www.institutodeengenharia.org.br\/site\/#\/schema\/logo\/image\/","url":"https:\/\/www.institutodeengenharia.org.br\/site\/wp-content\/uploads\/2019\/03\/logo-novo-IE2018-1.jpg","contentUrl":"https:\/\/www.institutodeengenharia.org.br\/site\/wp-content\/uploads\/2019\/03\/logo-novo-IE2018-1.jpg","width":1486,"height":1879,"caption":"Instituto de Engenharia"},"image":{"@id":"https:\/\/www.institutodeengenharia.org.br\/site\/#\/schema\/logo\/image\/"},"sameAs":["https:\/\/www.facebook.com\/institutodeengenharia","https:\/\/x.com\/iengenharia","https:\/\/www.instagram.com\/institutodeengenharia\/","https:\/\/www.linkedin.com\/company\/instituto-de-engenharia\/","https:\/\/www.youtube.com\/channel\/UCXiCAlsSMe977vamW915HxA"]},{"@type":"Person","@id":"https:\/\/www.institutodeengenharia.org.br\/site\/#\/schema\/person\/593dc356630173a4877a635d3e5fd76b","name":"Isabel","image":{"@type":"ImageObject","inLanguage":"pt-BR","@id":"https:\/\/secure.gravatar.com\/avatar\/f3c521db63ec9db17894f10a88c6a3cf95b2281d7f80eeb3cf3ef1cb091576e7?s=96&d=mm&r=g","url":"https:\/\/secure.gravatar.com\/avatar\/f3c521db63ec9db17894f10a88c6a3cf95b2281d7f80eeb3cf3ef1cb091576e7?s=96&d=mm&r=g","contentUrl":"https:\/\/secure.gravatar.com\/avatar\/f3c521db63ec9db17894f10a88c6a3cf95b2281d7f80eeb3cf3ef1cb091576e7?s=96&d=mm&r=g","caption":"Isabel"},"url":"https:\/\/www.institutodeengenharia.org.br\/site\/author\/comunicacao2\/"}]}},"_links":{"self":[{"href":"https:\/\/www.institutodeengenharia.org.br\/site\/wp-json\/wp\/v2\/posts\/135799","targetHints":{"allow":["GET"]}}],"collection":[{"href":"https:\/\/www.institutodeengenharia.org.br\/site\/wp-json\/wp\/v2\/posts"}],"about":[{"href":"https:\/\/www.institutodeengenharia.org.br\/site\/wp-json\/wp\/v2\/types\/post"}],"author":[{"embeddable":true,"href":"https:\/\/www.institutodeengenharia.org.br\/site\/wp-json\/wp\/v2\/users\/14"}],"replies":[{"embeddable":true,"href":"https:\/\/www.institutodeengenharia.org.br\/site\/wp-json\/wp\/v2\/comments?post=135799"}],"version-history":[{"count":1,"href":"https:\/\/www.institutodeengenharia.org.br\/site\/wp-json\/wp\/v2\/posts\/135799\/revisions"}],"predecessor-version":[{"id":135800,"href":"https:\/\/www.institutodeengenharia.org.br\/site\/wp-json\/wp\/v2\/posts\/135799\/revisions\/135800"}],"wp:featuredmedia":[{"embeddable":true,"href":"https:\/\/www.institutodeengenharia.org.br\/site\/wp-json\/wp\/v2\/media\/100222"}],"wp:attachment":[{"href":"https:\/\/www.institutodeengenharia.org.br\/site\/wp-json\/wp\/v2\/media?parent=135799"}],"wp:term":[{"taxonomy":"category","embeddable":true,"href":"https:\/\/www.institutodeengenharia.org.br\/site\/wp-json\/wp\/v2\/categories?post=135799"},{"taxonomy":"post_tag","embeddable":true,"href":"https:\/\/www.institutodeengenharia.org.br\/site\/wp-json\/wp\/v2\/tags?post=135799"}],"curies":[{"name":"wp","href":"https:\/\/api.w.org\/{rel}","templated":true}]}}