{"id":135781,"date":"2026-01-23T15:19:15","date_gmt":"2026-01-23T18:19:15","guid":{"rendered":"https:\/\/www.institutodeengenharia.org.br\/site\/?p=135781"},"modified":"2026-01-23T17:20:06","modified_gmt":"2026-01-23T20:20:06","slug":"spurbanismo-apresenta-ao-ie-o-planejamento-dos-proximos-trabalhos","status":"publish","type":"post","link":"https:\/\/www.institutodeengenharia.org.br\/site\/2026\/01\/23\/spurbanismo-apresenta-ao-ie-o-planejamento-dos-proximos-trabalhos\/","title":{"rendered":"SPUrbanismo apresenta ao IE o planejamento dos pr\u00f3ximos trabalhos"},"content":{"rendered":"<p>Nesta sexta (23), o presidente, Jos\u00e9 Eduardo Jardim, e a vice-presidente de Administra\u00e7\u00e3o e Finan\u00e7as, Miriana Marques, do Instituto de Engenharia, receberam o presidente, Pedro Martin Fernandes, e o diretor de Desenvolvimento Urbano, Rafael Barreto Castelo da Cruz, da SPUrbanismo, para uma reuni\u00e3o de apresenta\u00e7\u00e3o dos pr\u00f3ximos projetos que ser\u00e3o realizados na cidade de S\u00e3o Paulo: a obra estrutural Boulevard Marqu\u00eas de S\u00e3o Vicente e a obra Boulevard JK.<\/p>\n<p><img loading=\"lazy\" decoding=\"async\" class=\" wp-image-135782 alignleft\" src=\"https:\/\/www.institutodeengenharia.org.br\/site\/wp-content\/uploads\/2026\/01\/IMG_8782-1024x576.jpeg\" alt=\"\" width=\"375\" height=\"211\" srcset=\"https:\/\/www.institutodeengenharia.org.br\/site\/wp-content\/uploads\/2026\/01\/IMG_8782-1024x576.jpeg 1024w, https:\/\/www.institutodeengenharia.org.br\/site\/wp-content\/uploads\/2026\/01\/IMG_8782-300x169.jpeg 300w, https:\/\/www.institutodeengenharia.org.br\/site\/wp-content\/uploads\/2026\/01\/IMG_8782-768x432.jpeg 768w, https:\/\/www.institutodeengenharia.org.br\/site\/wp-content\/uploads\/2026\/01\/IMG_8782-1536x864.jpeg 1536w, https:\/\/www.institutodeengenharia.org.br\/site\/wp-content\/uploads\/2026\/01\/IMG_8782-2048x1152.jpeg 2048w, https:\/\/www.institutodeengenharia.org.br\/site\/wp-content\/uploads\/2026\/01\/IMG_8782-747x420.jpeg 747w, https:\/\/www.institutodeengenharia.org.br\/site\/wp-content\/uploads\/2026\/01\/IMG_8782-696x392.jpeg 696w, https:\/\/www.institutodeengenharia.org.br\/site\/wp-content\/uploads\/2026\/01\/IMG_8782-1068x601.jpeg 1068w, https:\/\/www.institutodeengenharia.org.br\/site\/wp-content\/uploads\/2026\/01\/IMG_8782-1920x1080.jpeg 1920w, https:\/\/www.institutodeengenharia.org.br\/site\/wp-content\/uploads\/2026\/01\/IMG_8782-600x338.jpeg 600w\" sizes=\"auto, (max-width: 375px) 100vw, 375px\" \/>A obra estrutural Boulevard Marqu\u00eas de S\u00e3o Vicente ir\u00e1 conectar as zonas Leste e Oeste, priorizando as \u00e1reas mais verdes, a mobilidade ativa e a qualidade de vida da popula\u00e7\u00e3o.<\/p>\n<p>J\u00e1 a obra Boulevard JK, de convers\u00e3o vi\u00e1ria da atual Avenida Juscelino Kubistchek, consiste na requalifica\u00e7\u00e3o do eixo vi\u00e1rio da avenida entre o t\u00fanel Sebasti\u00e3o Salgado e o t\u00fanel Tribunal de Justi\u00e7a. O projeto ser\u00e1 desenvolvido no \u00e2mbito da Opera\u00e7\u00e3o Urbana Faria Lima e visa as melhorias na caminhabilidade e ambi\u00eancia.<\/p>\n<p>Ao final do encontro, ficou acordada a realiza\u00e7\u00e3o de um evento, no primeiro bimestre de 2026, com o objetivo de apresentar os projetos \u00e0 popula\u00e7\u00e3o.<\/p>\n<p>Participaram do encontro, Ivan Whately, VP de Rela\u00e7\u00f5es Externas IE, Vicente Abate, coordenador da Divis\u00e3o T\u00e9cnica de Ferrovias IE, Jean Pejo, diretor do Depto. Desenv. Infraestrutura e Log\u00edstica IE, Lawrence Koo, VP de Assuntos Internos IE, Ricardo Kenzo e Massimo Andrea Giavina Bianchi, conselheiros IE, e Renato Meirelles, presidente da CAF Brasil.<\/p>\n<p><em>*Com informa\u00e7\u00f5es de SPUrbanismo<\/em><\/p>\n<p>&nbsp;<\/p>\n<p>&nbsp;<\/p>\n","protected":false},"excerpt":{"rendered":"<p>Nesta sexta (23), o presidente, Jos\u00e9 Eduardo Jardim, e a vice-presidente de Administra\u00e7\u00e3o e Finan\u00e7as, Miriana Marques, do Instituto de Engenharia, receberam o presidente, Pedro Martin Fernandes, e o diretor de Desenvolvimento Urbano, Rafael Barreto Castelo da Cruz, da SPUrbanismo, para uma reuni\u00e3o de apresenta\u00e7\u00e3o dos pr\u00f3ximos projetos que ser\u00e3o realizados na cidade de S\u00e3o [&hellip;]<\/p>\n","protected":false},"author":13,"featured_media":135783,"comment_status":"open","ping_status":"open","sticky":false,"template":"","format":"standard","meta":{"footnotes":""},"categories":[27,6],"tags":[],"class_list":{"0":"post-135781","1":"post","2":"type-post","3":"status-publish","4":"format-standard","5":"has-post-thumbnail","7":"category-instituto-de-engenharia","8":"category-noticias"},"yoast_head":"<!-- This site is optimized with the Yoast SEO plugin v27.2 - https:\/\/yoast.com\/product\/yoast-seo-wordpress\/ -->\n<title>SPUrbanismo apresenta ao IE o planejamento dos pr\u00f3ximos trabalhos - Instituto de Engenharia<\/title>\n<meta name=\"robots\" content=\"index, follow, max-snippet:-1, max-image-preview:large, max-video-preview:-1\" \/>\n<link rel=\"canonical\" href=\"https:\/\/www.institutodeengenharia.org.br\/site\/2026\/01\/23\/spurbanismo-apresenta-ao-ie-o-planejamento-dos-proximos-trabalhos\/\" \/>\n<meta property=\"og:locale\" content=\"pt_BR\" \/>\n<meta property=\"og:type\" content=\"article\" \/>\n<meta property=\"og:title\" content=\"SPUrbanismo apresenta ao IE o planejamento dos pr\u00f3ximos trabalhos - Instituto de Engenharia\" \/>\n<meta property=\"og:description\" content=\"Nesta sexta (23), o presidente, Jos\u00e9 Eduardo Jardim, e a vice-presidente de Administra\u00e7\u00e3o e Finan\u00e7as, Miriana Marques, do Instituto de Engenharia, receberam o presidente, Pedro Martin Fernandes, e o diretor de Desenvolvimento Urbano, Rafael Barreto Castelo da Cruz, da SPUrbanismo, para uma reuni\u00e3o de apresenta\u00e7\u00e3o dos pr\u00f3ximos projetos que ser\u00e3o realizados na cidade de S\u00e3o [&hellip;]\" \/>\n<meta property=\"og:url\" content=\"https:\/\/www.institutodeengenharia.org.br\/site\/2026\/01\/23\/spurbanismo-apresenta-ao-ie-o-planejamento-dos-proximos-trabalhos\/\" \/>\n<meta property=\"og:site_name\" content=\"Instituto de Engenharia\" \/>\n<meta property=\"article:publisher\" content=\"https:\/\/www.facebook.com\/institutodeengenharia\" \/>\n<meta property=\"article:published_time\" content=\"2026-01-23T18:19:15+00:00\" \/>\n<meta property=\"article:modified_time\" content=\"2026-01-23T20:20:06+00:00\" \/>\n<meta property=\"og:image\" content=\"https:\/\/www.institutodeengenharia.org.br\/site\/wp-content\/uploads\/2026\/01\/fotospurbanismo.jpg\" \/>\n\t<meta property=\"og:image:width\" content=\"1600\" \/>\n\t<meta property=\"og:image:height\" content=\"720\" \/>\n\t<meta property=\"og:image:type\" content=\"image\/jpeg\" \/>\n<meta name=\"author\" content=\"Bianca\" \/>\n<meta name=\"twitter:card\" content=\"summary_large_image\" \/>\n<meta name=\"twitter:creator\" content=\"@iengenharia\" \/>\n<meta name=\"twitter:site\" content=\"@iengenharia\" \/>\n<meta name=\"twitter:label1\" content=\"Escrito por\" \/>\n\t<meta name=\"twitter:data1\" content=\"Bianca\" \/>\n\t<meta name=\"twitter:label2\" content=\"Est. tempo de leitura\" \/>\n\t<meta name=\"twitter:data2\" content=\"2 minutos\" \/>\n<script type=\"application\/ld+json\" class=\"yoast-schema-graph\">{\"@context\":\"https:\/\/schema.org\",\"@graph\":[{\"@type\":\"Article\",\"@id\":\"https:\/\/www.institutodeengenharia.org.br\/site\/2026\/01\/23\/spurbanismo-apresenta-ao-ie-o-planejamento-dos-proximos-trabalhos\/#article\",\"isPartOf\":{\"@id\":\"https:\/\/www.institutodeengenharia.org.br\/site\/2026\/01\/23\/spurbanismo-apresenta-ao-ie-o-planejamento-dos-proximos-trabalhos\/\"},\"author\":{\"name\":\"Bianca\",\"@id\":\"https:\/\/www.institutodeengenharia.org.br\/site\/#\/schema\/person\/aeb64951c405e100d26d30b033dd423f\"},\"headline\":\"SPUrbanismo apresenta ao IE o planejamento dos pr\u00f3ximos trabalhos\",\"datePublished\":\"2026-01-23T18:19:15+00:00\",\"dateModified\":\"2026-01-23T20:20:06+00:00\",\"mainEntityOfPage\":{\"@id\":\"https:\/\/www.institutodeengenharia.org.br\/site\/2026\/01\/23\/spurbanismo-apresenta-ao-ie-o-planejamento-dos-proximos-trabalhos\/\"},\"wordCount\":269,\"commentCount\":0,\"publisher\":{\"@id\":\"https:\/\/www.institutodeengenharia.org.br\/site\/#organization\"},\"image\":{\"@id\":\"https:\/\/www.institutodeengenharia.org.br\/site\/2026\/01\/23\/spurbanismo-apresenta-ao-ie-o-planejamento-dos-proximos-trabalhos\/#primaryimage\"},\"thumbnailUrl\":\"https:\/\/www.institutodeengenharia.org.br\/site\/wp-content\/uploads\/2026\/01\/fotospurbanismo.jpg\",\"articleSection\":[\"Instituto de Engenharia\",\"Not\u00edcias\"],\"inLanguage\":\"pt-BR\",\"potentialAction\":[{\"@type\":\"CommentAction\",\"name\":\"Comment\",\"target\":[\"https:\/\/www.institutodeengenharia.org.br\/site\/2026\/01\/23\/spurbanismo-apresenta-ao-ie-o-planejamento-dos-proximos-trabalhos\/#respond\"]}]},{\"@type\":\"WebPage\",\"@id\":\"https:\/\/www.institutodeengenharia.org.br\/site\/2026\/01\/23\/spurbanismo-apresenta-ao-ie-o-planejamento-dos-proximos-trabalhos\/\",\"url\":\"https:\/\/www.institutodeengenharia.org.br\/site\/2026\/01\/23\/spurbanismo-apresenta-ao-ie-o-planejamento-dos-proximos-trabalhos\/\",\"name\":\"SPUrbanismo apresenta ao IE o planejamento dos pr\u00f3ximos trabalhos - Instituto de Engenharia\",\"isPartOf\":{\"@id\":\"https:\/\/www.institutodeengenharia.org.br\/site\/#website\"},\"primaryImageOfPage\":{\"@id\":\"https:\/\/www.institutodeengenharia.org.br\/site\/2026\/01\/23\/spurbanismo-apresenta-ao-ie-o-planejamento-dos-proximos-trabalhos\/#primaryimage\"},\"image\":{\"@id\":\"https:\/\/www.institutodeengenharia.org.br\/site\/2026\/01\/23\/spurbanismo-apresenta-ao-ie-o-planejamento-dos-proximos-trabalhos\/#primaryimage\"},\"thumbnailUrl\":\"https:\/\/www.institutodeengenharia.org.br\/site\/wp-content\/uploads\/2026\/01\/fotospurbanismo.jpg\",\"datePublished\":\"2026-01-23T18:19:15+00:00\",\"dateModified\":\"2026-01-23T20:20:06+00:00\",\"breadcrumb\":{\"@id\":\"https:\/\/www.institutodeengenharia.org.br\/site\/2026\/01\/23\/spurbanismo-apresenta-ao-ie-o-planejamento-dos-proximos-trabalhos\/#breadcrumb\"},\"inLanguage\":\"pt-BR\",\"potentialAction\":[{\"@type\":\"ReadAction\",\"target\":[\"https:\/\/www.institutodeengenharia.org.br\/site\/2026\/01\/23\/spurbanismo-apresenta-ao-ie-o-planejamento-dos-proximos-trabalhos\/\"]}]},{\"@type\":\"ImageObject\",\"inLanguage\":\"pt-BR\",\"@id\":\"https:\/\/www.institutodeengenharia.org.br\/site\/2026\/01\/23\/spurbanismo-apresenta-ao-ie-o-planejamento-dos-proximos-trabalhos\/#primaryimage\",\"url\":\"https:\/\/www.institutodeengenharia.org.br\/site\/wp-content\/uploads\/2026\/01\/fotospurbanismo.jpg\",\"contentUrl\":\"https:\/\/www.institutodeengenharia.org.br\/site\/wp-content\/uploads\/2026\/01\/fotospurbanismo.jpg\",\"width\":1600,\"height\":720,\"caption\":\"Da esq. p\/ dir., Vicente Abate, Massimo Andrea Giavina Bianchi, Rafael Barreto Castelo da Cruz, Pedro Martin Fernandes, Jos\u00e9 Eduardo Jardim, Miriana Marques, Ivan Whately, Jean Pejo, Renato Meirelles, Lawrence Koo e Ricardo Kenzo\"},{\"@type\":\"BreadcrumbList\",\"@id\":\"https:\/\/www.institutodeengenharia.org.br\/site\/2026\/01\/23\/spurbanismo-apresenta-ao-ie-o-planejamento-dos-proximos-trabalhos\/#breadcrumb\",\"itemListElement\":[{\"@type\":\"ListItem\",\"position\":1,\"name\":\"In\u00edcio\",\"item\":\"https:\/\/www.institutodeengenharia.org.br\/site\/\"},{\"@type\":\"ListItem\",\"position\":2,\"name\":\"SPUrbanismo apresenta ao IE o planejamento dos pr\u00f3ximos trabalhos\"}]},{\"@type\":\"WebSite\",\"@id\":\"https:\/\/www.institutodeengenharia.org.br\/site\/#website\",\"url\":\"https:\/\/www.institutodeengenharia.org.br\/site\/\",\"name\":\"Instituto de Engenharia\",\"description\":\"O Instituto de Engenharia promove a Engenharia em benef\u00edcio do desenvolvimento e da qualidade de vida da sociedade.\",\"publisher\":{\"@id\":\"https:\/\/www.institutodeengenharia.org.br\/site\/#organization\"},\"potentialAction\":[{\"@type\":\"SearchAction\",\"target\":{\"@type\":\"EntryPoint\",\"urlTemplate\":\"https:\/\/www.institutodeengenharia.org.br\/site\/?s={search_term_string}\"},\"query-input\":{\"@type\":\"PropertyValueSpecification\",\"valueRequired\":true,\"valueName\":\"search_term_string\"}}],\"inLanguage\":\"pt-BR\"},{\"@type\":\"Organization\",\"@id\":\"https:\/\/www.institutodeengenharia.org.br\/site\/#organization\",\"name\":\"Instituto de Engenharia\",\"url\":\"https:\/\/www.institutodeengenharia.org.br\/site\/\",\"logo\":{\"@type\":\"ImageObject\",\"inLanguage\":\"pt-BR\",\"@id\":\"https:\/\/www.institutodeengenharia.org.br\/site\/#\/schema\/logo\/image\/\",\"url\":\"https:\/\/www.institutodeengenharia.org.br\/site\/wp-content\/uploads\/2019\/03\/logo-novo-IE2018-1.jpg\",\"contentUrl\":\"https:\/\/www.institutodeengenharia.org.br\/site\/wp-content\/uploads\/2019\/03\/logo-novo-IE2018-1.jpg\",\"width\":1486,\"height\":1879,\"caption\":\"Instituto de Engenharia\"},\"image\":{\"@id\":\"https:\/\/www.institutodeengenharia.org.br\/site\/#\/schema\/logo\/image\/\"},\"sameAs\":[\"https:\/\/www.facebook.com\/institutodeengenharia\",\"https:\/\/x.com\/iengenharia\",\"https:\/\/www.instagram.com\/institutodeengenharia\/\",\"https:\/\/www.linkedin.com\/company\/instituto-de-engenharia\/\",\"https:\/\/www.youtube.com\/channel\/UCXiCAlsSMe977vamW915HxA\"]},{\"@type\":\"Person\",\"@id\":\"https:\/\/www.institutodeengenharia.org.br\/site\/#\/schema\/person\/aeb64951c405e100d26d30b033dd423f\",\"name\":\"Bianca\",\"image\":{\"@type\":\"ImageObject\",\"inLanguage\":\"pt-BR\",\"@id\":\"https:\/\/secure.gravatar.com\/avatar\/a6fbe9bff57405baf4c1e2c5c1811e072b558253974a9f9508f4678900c97c2a?s=96&d=mm&r=g\",\"url\":\"https:\/\/secure.gravatar.com\/avatar\/a6fbe9bff57405baf4c1e2c5c1811e072b558253974a9f9508f4678900c97c2a?s=96&d=mm&r=g\",\"contentUrl\":\"https:\/\/secure.gravatar.com\/avatar\/a6fbe9bff57405baf4c1e2c5c1811e072b558253974a9f9508f4678900c97c2a?s=96&d=mm&r=g\",\"caption\":\"Bianca\"},\"url\":\"https:\/\/www.institutodeengenharia.org.br\/site\/author\/comunicacao1\/\"}]}<\/script>\n<!-- \/ Yoast SEO plugin. -->","yoast_head_json":{"title":"SPUrbanismo apresenta ao IE o planejamento dos pr\u00f3ximos trabalhos - Instituto de Engenharia","robots":{"index":"index","follow":"follow","max-snippet":"max-snippet:-1","max-image-preview":"max-image-preview:large","max-video-preview":"max-video-preview:-1"},"canonical":"https:\/\/www.institutodeengenharia.org.br\/site\/2026\/01\/23\/spurbanismo-apresenta-ao-ie-o-planejamento-dos-proximos-trabalhos\/","og_locale":"pt_BR","og_type":"article","og_title":"SPUrbanismo apresenta ao IE o planejamento dos pr\u00f3ximos trabalhos - Instituto de Engenharia","og_description":"Nesta sexta (23), o presidente, Jos\u00e9 Eduardo Jardim, e a vice-presidente de Administra\u00e7\u00e3o e Finan\u00e7as, Miriana Marques, do Instituto de Engenharia, receberam o presidente, Pedro Martin Fernandes, e o diretor de Desenvolvimento Urbano, Rafael Barreto Castelo da Cruz, da SPUrbanismo, para uma reuni\u00e3o de apresenta\u00e7\u00e3o dos pr\u00f3ximos projetos que ser\u00e3o realizados na cidade de S\u00e3o [&hellip;]","og_url":"https:\/\/www.institutodeengenharia.org.br\/site\/2026\/01\/23\/spurbanismo-apresenta-ao-ie-o-planejamento-dos-proximos-trabalhos\/","og_site_name":"Instituto de Engenharia","article_publisher":"https:\/\/www.facebook.com\/institutodeengenharia","article_published_time":"2026-01-23T18:19:15+00:00","article_modified_time":"2026-01-23T20:20:06+00:00","og_image":[{"width":1600,"height":720,"url":"https:\/\/www.institutodeengenharia.org.br\/site\/wp-content\/uploads\/2026\/01\/fotospurbanismo.jpg","type":"image\/jpeg"}],"author":"Bianca","twitter_card":"summary_large_image","twitter_creator":"@iengenharia","twitter_site":"@iengenharia","twitter_misc":{"Escrito por":"Bianca","Est. tempo de leitura":"2 minutos"},"schema":{"@context":"https:\/\/schema.org","@graph":[{"@type":"Article","@id":"https:\/\/www.institutodeengenharia.org.br\/site\/2026\/01\/23\/spurbanismo-apresenta-ao-ie-o-planejamento-dos-proximos-trabalhos\/#article","isPartOf":{"@id":"https:\/\/www.institutodeengenharia.org.br\/site\/2026\/01\/23\/spurbanismo-apresenta-ao-ie-o-planejamento-dos-proximos-trabalhos\/"},"author":{"name":"Bianca","@id":"https:\/\/www.institutodeengenharia.org.br\/site\/#\/schema\/person\/aeb64951c405e100d26d30b033dd423f"},"headline":"SPUrbanismo apresenta ao IE o planejamento dos pr\u00f3ximos trabalhos","datePublished":"2026-01-23T18:19:15+00:00","dateModified":"2026-01-23T20:20:06+00:00","mainEntityOfPage":{"@id":"https:\/\/www.institutodeengenharia.org.br\/site\/2026\/01\/23\/spurbanismo-apresenta-ao-ie-o-planejamento-dos-proximos-trabalhos\/"},"wordCount":269,"commentCount":0,"publisher":{"@id":"https:\/\/www.institutodeengenharia.org.br\/site\/#organization"},"image":{"@id":"https:\/\/www.institutodeengenharia.org.br\/site\/2026\/01\/23\/spurbanismo-apresenta-ao-ie-o-planejamento-dos-proximos-trabalhos\/#primaryimage"},"thumbnailUrl":"https:\/\/www.institutodeengenharia.org.br\/site\/wp-content\/uploads\/2026\/01\/fotospurbanismo.jpg","articleSection":["Instituto de Engenharia","Not\u00edcias"],"inLanguage":"pt-BR","potentialAction":[{"@type":"CommentAction","name":"Comment","target":["https:\/\/www.institutodeengenharia.org.br\/site\/2026\/01\/23\/spurbanismo-apresenta-ao-ie-o-planejamento-dos-proximos-trabalhos\/#respond"]}]},{"@type":"WebPage","@id":"https:\/\/www.institutodeengenharia.org.br\/site\/2026\/01\/23\/spurbanismo-apresenta-ao-ie-o-planejamento-dos-proximos-trabalhos\/","url":"https:\/\/www.institutodeengenharia.org.br\/site\/2026\/01\/23\/spurbanismo-apresenta-ao-ie-o-planejamento-dos-proximos-trabalhos\/","name":"SPUrbanismo apresenta ao IE o planejamento dos pr\u00f3ximos trabalhos - Instituto de Engenharia","isPartOf":{"@id":"https:\/\/www.institutodeengenharia.org.br\/site\/#website"},"primaryImageOfPage":{"@id":"https:\/\/www.institutodeengenharia.org.br\/site\/2026\/01\/23\/spurbanismo-apresenta-ao-ie-o-planejamento-dos-proximos-trabalhos\/#primaryimage"},"image":{"@id":"https:\/\/www.institutodeengenharia.org.br\/site\/2026\/01\/23\/spurbanismo-apresenta-ao-ie-o-planejamento-dos-proximos-trabalhos\/#primaryimage"},"thumbnailUrl":"https:\/\/www.institutodeengenharia.org.br\/site\/wp-content\/uploads\/2026\/01\/fotospurbanismo.jpg","datePublished":"2026-01-23T18:19:15+00:00","dateModified":"2026-01-23T20:20:06+00:00","breadcrumb":{"@id":"https:\/\/www.institutodeengenharia.org.br\/site\/2026\/01\/23\/spurbanismo-apresenta-ao-ie-o-planejamento-dos-proximos-trabalhos\/#breadcrumb"},"inLanguage":"pt-BR","potentialAction":[{"@type":"ReadAction","target":["https:\/\/www.institutodeengenharia.org.br\/site\/2026\/01\/23\/spurbanismo-apresenta-ao-ie-o-planejamento-dos-proximos-trabalhos\/"]}]},{"@type":"ImageObject","inLanguage":"pt-BR","@id":"https:\/\/www.institutodeengenharia.org.br\/site\/2026\/01\/23\/spurbanismo-apresenta-ao-ie-o-planejamento-dos-proximos-trabalhos\/#primaryimage","url":"https:\/\/www.institutodeengenharia.org.br\/site\/wp-content\/uploads\/2026\/01\/fotospurbanismo.jpg","contentUrl":"https:\/\/www.institutodeengenharia.org.br\/site\/wp-content\/uploads\/2026\/01\/fotospurbanismo.jpg","width":1600,"height":720,"caption":"Da esq. p\/ dir., Vicente Abate, Massimo Andrea Giavina Bianchi, Rafael Barreto Castelo da Cruz, Pedro Martin Fernandes, Jos\u00e9 Eduardo Jardim, Miriana Marques, Ivan Whately, Jean Pejo, Renato Meirelles, Lawrence Koo e Ricardo Kenzo"},{"@type":"BreadcrumbList","@id":"https:\/\/www.institutodeengenharia.org.br\/site\/2026\/01\/23\/spurbanismo-apresenta-ao-ie-o-planejamento-dos-proximos-trabalhos\/#breadcrumb","itemListElement":[{"@type":"ListItem","position":1,"name":"In\u00edcio","item":"https:\/\/www.institutodeengenharia.org.br\/site\/"},{"@type":"ListItem","position":2,"name":"SPUrbanismo apresenta ao IE o planejamento dos pr\u00f3ximos trabalhos"}]},{"@type":"WebSite","@id":"https:\/\/www.institutodeengenharia.org.br\/site\/#website","url":"https:\/\/www.institutodeengenharia.org.br\/site\/","name":"Instituto de Engenharia","description":"O Instituto de Engenharia promove a Engenharia em benef\u00edcio do desenvolvimento e da qualidade de vida da sociedade.","publisher":{"@id":"https:\/\/www.institutodeengenharia.org.br\/site\/#organization"},"potentialAction":[{"@type":"SearchAction","target":{"@type":"EntryPoint","urlTemplate":"https:\/\/www.institutodeengenharia.org.br\/site\/?s={search_term_string}"},"query-input":{"@type":"PropertyValueSpecification","valueRequired":true,"valueName":"search_term_string"}}],"inLanguage":"pt-BR"},{"@type":"Organization","@id":"https:\/\/www.institutodeengenharia.org.br\/site\/#organization","name":"Instituto de Engenharia","url":"https:\/\/www.institutodeengenharia.org.br\/site\/","logo":{"@type":"ImageObject","inLanguage":"pt-BR","@id":"https:\/\/www.institutodeengenharia.org.br\/site\/#\/schema\/logo\/image\/","url":"https:\/\/www.institutodeengenharia.org.br\/site\/wp-content\/uploads\/2019\/03\/logo-novo-IE2018-1.jpg","contentUrl":"https:\/\/www.institutodeengenharia.org.br\/site\/wp-content\/uploads\/2019\/03\/logo-novo-IE2018-1.jpg","width":1486,"height":1879,"caption":"Instituto de Engenharia"},"image":{"@id":"https:\/\/www.institutodeengenharia.org.br\/site\/#\/schema\/logo\/image\/"},"sameAs":["https:\/\/www.facebook.com\/institutodeengenharia","https:\/\/x.com\/iengenharia","https:\/\/www.instagram.com\/institutodeengenharia\/","https:\/\/www.linkedin.com\/company\/instituto-de-engenharia\/","https:\/\/www.youtube.com\/channel\/UCXiCAlsSMe977vamW915HxA"]},{"@type":"Person","@id":"https:\/\/www.institutodeengenharia.org.br\/site\/#\/schema\/person\/aeb64951c405e100d26d30b033dd423f","name":"Bianca","image":{"@type":"ImageObject","inLanguage":"pt-BR","@id":"https:\/\/secure.gravatar.com\/avatar\/a6fbe9bff57405baf4c1e2c5c1811e072b558253974a9f9508f4678900c97c2a?s=96&d=mm&r=g","url":"https:\/\/secure.gravatar.com\/avatar\/a6fbe9bff57405baf4c1e2c5c1811e072b558253974a9f9508f4678900c97c2a?s=96&d=mm&r=g","contentUrl":"https:\/\/secure.gravatar.com\/avatar\/a6fbe9bff57405baf4c1e2c5c1811e072b558253974a9f9508f4678900c97c2a?s=96&d=mm&r=g","caption":"Bianca"},"url":"https:\/\/www.institutodeengenharia.org.br\/site\/author\/comunicacao1\/"}]}},"_links":{"self":[{"href":"https:\/\/www.institutodeengenharia.org.br\/site\/wp-json\/wp\/v2\/posts\/135781","targetHints":{"allow":["GET"]}}],"collection":[{"href":"https:\/\/www.institutodeengenharia.org.br\/site\/wp-json\/wp\/v2\/posts"}],"about":[{"href":"https:\/\/www.institutodeengenharia.org.br\/site\/wp-json\/wp\/v2\/types\/post"}],"author":[{"embeddable":true,"href":"https:\/\/www.institutodeengenharia.org.br\/site\/wp-json\/wp\/v2\/users\/13"}],"replies":[{"embeddable":true,"href":"https:\/\/www.institutodeengenharia.org.br\/site\/wp-json\/wp\/v2\/comments?post=135781"}],"version-history":[{"count":5,"href":"https:\/\/www.institutodeengenharia.org.br\/site\/wp-json\/wp\/v2\/posts\/135781\/revisions"}],"predecessor-version":[{"id":135791,"href":"https:\/\/www.institutodeengenharia.org.br\/site\/wp-json\/wp\/v2\/posts\/135781\/revisions\/135791"}],"wp:featuredmedia":[{"embeddable":true,"href":"https:\/\/www.institutodeengenharia.org.br\/site\/wp-json\/wp\/v2\/media\/135783"}],"wp:attachment":[{"href":"https:\/\/www.institutodeengenharia.org.br\/site\/wp-json\/wp\/v2\/media?parent=135781"}],"wp:term":[{"taxonomy":"category","embeddable":true,"href":"https:\/\/www.institutodeengenharia.org.br\/site\/wp-json\/wp\/v2\/categories?post=135781"},{"taxonomy":"post_tag","embeddable":true,"href":"https:\/\/www.institutodeengenharia.org.br\/site\/wp-json\/wp\/v2\/tags?post=135781"}],"curies":[{"name":"wp","href":"https:\/\/api.w.org\/{rel}","templated":true}]}}