{"id":135764,"date":"2026-01-22T10:52:42","date_gmt":"2026-01-22T13:52:42","guid":{"rendered":"https:\/\/www.institutodeengenharia.org.br\/site\/?p=135764"},"modified":"2026-01-26T12:18:30","modified_gmt":"2026-01-26T15:18:30","slug":"estadao-a-linha-20-e-o-risco-de-errar-o-essencial","status":"publish","type":"post","link":"https:\/\/www.institutodeengenharia.org.br\/site\/2026\/01\/22\/estadao-a-linha-20-e-o-risco-de-errar-o-essencial\/","title":{"rendered":"Estad\u00e3o &#8211; A Linha 20 e o risco de errar o essencial"},"content":{"rendered":"<p>Toda grande obra de infraestrutura implica escolhas que v\u00e3o muito al\u00e9m do concreto e do a\u00e7o. No caso do metr\u00f4, essas escolhas moldam a cidade ao longo de gera\u00e7\u00f5es. Linhas metrovi\u00e1rias n\u00e3o s\u00e3o apenas solu\u00e7\u00f5es de transporte: s\u00e3o instrumentos de organiza\u00e7\u00e3o do territ\u00f3rio, capazes de redefinir padr\u00f5es de deslocamento e a localiza\u00e7\u00e3o de empregos e oportunidades urbanas. Por isso, quando um projeto se afasta do essencial, o debate p\u00fablico deixa de ser opcional e passa a ser um dever.<\/p>\n<p>\u00c9 o que ocorre com a recente decis\u00e3o de alterar o tra\u00e7ado da Linha 20-Rosa do Metr\u00f4 de S\u00e3o Paulo, afastando-a do eixo vi\u00e1rio emblem\u00e1tico da Avenida Faria Lima. A nosso ver, trata-se de um equ\u00edvoco t\u00e9cnico relevante \u2013 e os pr\u00f3prios n\u00fameros produzidos nos estudos do projeto ajudam a demonstrar isso com clareza.<\/p>\n<p>A regi\u00e3o da Faria Lima concentra algumas das maiores densidades de emprego da cidade, com valores pr\u00f3ximos de 280 postos de trabalho por hectare em seus entornos imediatos. Trata-se de um patamar t\u00edpico de centralidades metropolitanas maduras, com forte gera\u00e7\u00e3o de viagens pendulares e elevada recorr\u00eancia di\u00e1ria. No planejamento metrovi\u00e1rio, esse dado \u00e9 decisivo: as linhas de alta capacidade existem justamente para atender \u00e1reas onde a demanda j\u00e1 est\u00e1 formada, \u00e9 previs\u00edvel e se renova todos os dias.<\/p>\n<p>Quando se compara esse cen\u00e1rio ao entorno das esta\u00e7\u00f5es Teodoro Sampaio e Fradique Coutinho, op\u00e7\u00e3o adotada no tra\u00e7ado alternativo, a diferen\u00e7a torna-se evidente. Embora seja uma \u00e1rea urbana consolidada, suas densidades de emprego s\u00e3o significativamente menores e mais dispersas, com um perfil muito mais residencial e comercial de bairro. O resultado pr\u00e1tico \u00e9 simples: menos viagens estruturais, menor potencial de capta\u00e7\u00e3o de usu\u00e1rios e menor retorno social por quil\u00f4metro de metr\u00f4 implantado. Al\u00e9m disso, a alternativa de tra\u00e7ado gerou uma dificuldade de acesso para as pessoas, pois o trecho original paralelo contemplava tr\u00eas esta\u00e7\u00f5es, enquanto o trecho alternativo inclui somente duas. Isso imp\u00f5e um espa\u00e7amento muito longo, entre as esta\u00e7\u00f5es Fradique Coutinho e Tabapu\u00e3, totalmente fora dos padr\u00f5es do restante da rede metrovi\u00e1ria da cidade. S\u00e3o Paulo n\u00e3o pode se dar ao luxo de errar o tra\u00e7ado de uma linha de metr\u00f4 por conveni\u00eancia de curto prazo.<\/p>\n<p>Em termos concretos, o tra\u00e7ado pela Faria Lima amplia significativamente o n\u00famero de pessoas que conseguem acessar o metr\u00f4 a p\u00e9, dentro de dist\u00e2ncias consideradas aceit\u00e1veis. Os dados indicam que cerca de 75% dos usu\u00e1rios caminham at\u00e9 600 metros para acessar uma esta\u00e7\u00e3o. A partir da\u00ed, a probabilidade de uso do sistema cai de forma acentuada. Em outras palavras: pequenos desvios no tra\u00e7ado t\u00eam grande impacto na demanda efetiva.<\/p>\n<p>Os estudos comparativos entre as alternativas de tra\u00e7ado da Linha 20 mostram que o atendimento direto \u00e0 Faria Lima gera ganhos consistentes em acessibilidade a empregos e atividades econ\u00f4micas. N\u00e3o por acaso, os crit\u00e9rios de demanda e acessibilidade aparecem como os mais relevantes na avalia\u00e7\u00e3o multicrit\u00e9rio do pr\u00f3prio projeto, com peso superior a 22% na decis\u00e3o final \u2013 acima dos crit\u00e9rios urban\u00edsticos, ambientais ou construtivos.<\/p>\n<p>Para tornar o problema mais claro ao leitor n\u00e3o t\u00e9cnico: implantar a Linha 20 sem atender ao trecho da Faria Lima seria como construir a Linha 02-Verde com o metr\u00f4 passando pela Alameda Itu e n\u00e3o pela Avenida Paulista. Tecnicamente poss\u00edvel, talvez. Urbanisticamente e funcionalmente, um contrassenso.<\/p>\n<p>O problema se agrava quando se observa a solu\u00e7\u00e3o proposta para a integra\u00e7\u00e3o com a Linha 04-Amarela. A alternativa escolhida desloca essa fun\u00e7\u00e3o para a esta\u00e7\u00e3o Fradique Coutinho, que n\u00e3o possui dimens\u00f5es, tampouco as indispens\u00e1veis caracter\u00edsticas vi\u00e1rias para integra\u00e7\u00e3o intermodal com os corredores de \u00f4nibus, bem como com as linhas coletoras e alimentadoras que precisam chegar junto ao acesso da esta\u00e7\u00e3o metrovi\u00e1ria.<\/p>\n<p>A esta\u00e7\u00e3o Faria Lima, ao contr\u00e1rio, foi concebida desde a origem como esta\u00e7\u00e3o estruturadora da rede de transporte multimodal. Seu projeto oferece maior capacidade de circula\u00e7\u00e3o, melhor acomoda\u00e7\u00e3o de fluxos e maior resili\u00eancia operacional \u2013 atributos essenciais para uma linha que, segundo as proje\u00e7\u00f5es oficiais, dever\u00e1 transportar cerca de 1,3 milh\u00e3o de passageiros por dia quando estiver plenamente implantada.<\/p>\n<p>N\u00e3o se trata aqui de uma disputa entre bairros, nem de uma prefer\u00eancia subjetiva por um endere\u00e7o. Trata-se de efici\u00eancia, capacidade e retorno do investimento p\u00fablico. Metr\u00f4s funcionam melhor quando atendem diretamente os maiores polos de emprego e quando suas esta\u00e7\u00f5es integradoras s\u00e3o concebidas, desde o in\u00edcio, para desempenhar esse papel.<\/p>\n<p>S\u00e3o Paulo n\u00e3o pode se dar ao luxo de errar o tra\u00e7ado de uma linha de metr\u00f4 por conveni\u00eancia de curto prazo. Obras desse porte custam bilh\u00f5es, duram d\u00e9cadas e condicionam o funcionamento da cidade por gera\u00e7\u00f5es.<\/p>\n<p>Reabrir essa discuss\u00e3o n\u00e3o enfraquece o metr\u00f4. Ao contr\u00e1rio: \u00e9 fortalecer sua tradi\u00e7\u00e3o t\u00e9cnica e seu compromisso hist\u00f3rico com o planejamento urbano respons\u00e1vel. A Linha 20 ainda est\u00e1 no tempo de ser corrigida. Ignorar esse debate, sim, seria o verdadeiro erro.<\/p>\n<p>*S\u00e3o, respectivamente, engenheiro especializado em Planejamento de Transporte, vice-presidente do Instituto de Engenharia; e ex-presidente da CPTM e do Metr\u00f4 de S\u00e3o Paulo, ex-diretor do Metr\u00f4 do Rio de Janeiro e ex-secret\u00e1rio de Mobilidade e Transportes da Cidade de S\u00e3o Paulo, e consultor em Mobilidade Urbana<\/p>\n<p>&nbsp;<\/p>\n","protected":false},"excerpt":{"rendered":"<p>Toda grande obra de infraestrutura implica escolhas que v\u00e3o muito al\u00e9m do concreto e do a\u00e7o. No caso do metr\u00f4, essas escolhas moldam a cidade ao longo de gera\u00e7\u00f5es. Linhas metrovi\u00e1rias n\u00e3o s\u00e3o apenas solu\u00e7\u00f5es de transporte: s\u00e3o instrumentos de organiza\u00e7\u00e3o do territ\u00f3rio, capazes de redefinir padr\u00f5es de deslocamento e a localiza\u00e7\u00e3o de empregos e [&hellip;]<\/p>\n","protected":false},"author":13,"featured_media":135765,"comment_status":"open","ping_status":"open","sticky":false,"template":"","format":"standard","meta":{"footnotes":""},"categories":[28,6],"tags":[1171],"class_list":{"0":"post-135764","1":"post","2":"type-post","3":"status-publish","4":"format-standard","5":"has-post-thumbnail","7":"category-ie-na-midia","8":"category-noticias","9":"tag-destaque-abaixo"},"yoast_head":"<!-- This site is optimized with the Yoast SEO plugin v27.2 - https:\/\/yoast.com\/product\/yoast-seo-wordpress\/ -->\n<title>Estad\u00e3o - A Linha 20 e o risco de errar o essencial - Instituto de Engenharia<\/title>\n<meta name=\"robots\" content=\"index, follow, max-snippet:-1, max-image-preview:large, max-video-preview:-1\" \/>\n<link rel=\"canonical\" href=\"https:\/\/www.institutodeengenharia.org.br\/site\/2026\/01\/22\/estadao-a-linha-20-e-o-risco-de-errar-o-essencial\/\" \/>\n<meta property=\"og:locale\" content=\"pt_BR\" \/>\n<meta property=\"og:type\" content=\"article\" \/>\n<meta property=\"og:title\" content=\"Estad\u00e3o - A Linha 20 e o risco de errar o essencial - Instituto de Engenharia\" \/>\n<meta property=\"og:description\" content=\"Toda grande obra de infraestrutura implica escolhas que v\u00e3o muito al\u00e9m do concreto e do a\u00e7o. No caso do metr\u00f4, essas escolhas moldam a cidade ao longo de gera\u00e7\u00f5es. Linhas metrovi\u00e1rias n\u00e3o s\u00e3o apenas solu\u00e7\u00f5es de transporte: s\u00e3o instrumentos de organiza\u00e7\u00e3o do territ\u00f3rio, capazes de redefinir padr\u00f5es de deslocamento e a localiza\u00e7\u00e3o de empregos e [&hellip;]\" \/>\n<meta property=\"og:url\" content=\"https:\/\/www.institutodeengenharia.org.br\/site\/2026\/01\/22\/estadao-a-linha-20-e-o-risco-de-errar-o-essencial\/\" \/>\n<meta property=\"og:site_name\" content=\"Instituto de Engenharia\" \/>\n<meta property=\"article:publisher\" content=\"https:\/\/www.facebook.com\/institutodeengenharia\" \/>\n<meta property=\"article:published_time\" content=\"2026-01-22T13:52:42+00:00\" \/>\n<meta property=\"article:modified_time\" content=\"2026-01-26T15:18:30+00:00\" \/>\n<meta property=\"og:image\" content=\"https:\/\/www.institutodeengenharia.org.br\/site\/wp-content\/uploads\/2026\/01\/entrevista-26.jpg\" \/>\n\t<meta property=\"og:image:width\" content=\"1920\" \/>\n\t<meta property=\"og:image:height\" content=\"1080\" \/>\n\t<meta property=\"og:image:type\" content=\"image\/jpeg\" \/>\n<meta name=\"author\" content=\"Bianca\" \/>\n<meta name=\"twitter:card\" content=\"summary_large_image\" \/>\n<meta name=\"twitter:creator\" content=\"@iengenharia\" \/>\n<meta name=\"twitter:site\" content=\"@iengenharia\" \/>\n<meta name=\"twitter:label1\" content=\"Escrito por\" \/>\n\t<meta name=\"twitter:data1\" content=\"Bianca\" \/>\n\t<meta name=\"twitter:label2\" content=\"Est. tempo de leitura\" \/>\n\t<meta name=\"twitter:data2\" content=\"5 minutos\" \/>\n<script type=\"application\/ld+json\" class=\"yoast-schema-graph\">{\"@context\":\"https:\/\/schema.org\",\"@graph\":[{\"@type\":\"Article\",\"@id\":\"https:\/\/www.institutodeengenharia.org.br\/site\/2026\/01\/22\/estadao-a-linha-20-e-o-risco-de-errar-o-essencial\/#article\",\"isPartOf\":{\"@id\":\"https:\/\/www.institutodeengenharia.org.br\/site\/2026\/01\/22\/estadao-a-linha-20-e-o-risco-de-errar-o-essencial\/\"},\"author\":{\"name\":\"Bianca\",\"@id\":\"https:\/\/www.institutodeengenharia.org.br\/site\/#\/schema\/person\/aeb64951c405e100d26d30b033dd423f\"},\"headline\":\"Estad\u00e3o &#8211; A Linha 20 e o risco de errar o essencial\",\"datePublished\":\"2026-01-22T13:52:42+00:00\",\"dateModified\":\"2026-01-26T15:18:30+00:00\",\"mainEntityOfPage\":{\"@id\":\"https:\/\/www.institutodeengenharia.org.br\/site\/2026\/01\/22\/estadao-a-linha-20-e-o-risco-de-errar-o-essencial\/\"},\"wordCount\":954,\"commentCount\":0,\"publisher\":{\"@id\":\"https:\/\/www.institutodeengenharia.org.br\/site\/#organization\"},\"image\":{\"@id\":\"https:\/\/www.institutodeengenharia.org.br\/site\/2026\/01\/22\/estadao-a-linha-20-e-o-risco-de-errar-o-essencial\/#primaryimage\"},\"thumbnailUrl\":\"https:\/\/www.institutodeengenharia.org.br\/site\/wp-content\/uploads\/2026\/01\/entrevista-26.jpg\",\"keywords\":[\"destaque-abaixo\"],\"articleSection\":[\"IE NA M\u00cdDIA\",\"Not\u00edcias\"],\"inLanguage\":\"pt-BR\",\"potentialAction\":[{\"@type\":\"CommentAction\",\"name\":\"Comment\",\"target\":[\"https:\/\/www.institutodeengenharia.org.br\/site\/2026\/01\/22\/estadao-a-linha-20-e-o-risco-de-errar-o-essencial\/#respond\"]}]},{\"@type\":\"WebPage\",\"@id\":\"https:\/\/www.institutodeengenharia.org.br\/site\/2026\/01\/22\/estadao-a-linha-20-e-o-risco-de-errar-o-essencial\/\",\"url\":\"https:\/\/www.institutodeengenharia.org.br\/site\/2026\/01\/22\/estadao-a-linha-20-e-o-risco-de-errar-o-essencial\/\",\"name\":\"Estad\u00e3o - A Linha 20 e o risco de errar o essencial - Instituto de Engenharia\",\"isPartOf\":{\"@id\":\"https:\/\/www.institutodeengenharia.org.br\/site\/#website\"},\"primaryImageOfPage\":{\"@id\":\"https:\/\/www.institutodeengenharia.org.br\/site\/2026\/01\/22\/estadao-a-linha-20-e-o-risco-de-errar-o-essencial\/#primaryimage\"},\"image\":{\"@id\":\"https:\/\/www.institutodeengenharia.org.br\/site\/2026\/01\/22\/estadao-a-linha-20-e-o-risco-de-errar-o-essencial\/#primaryimage\"},\"thumbnailUrl\":\"https:\/\/www.institutodeengenharia.org.br\/site\/wp-content\/uploads\/2026\/01\/entrevista-26.jpg\",\"datePublished\":\"2026-01-22T13:52:42+00:00\",\"dateModified\":\"2026-01-26T15:18:30+00:00\",\"breadcrumb\":{\"@id\":\"https:\/\/www.institutodeengenharia.org.br\/site\/2026\/01\/22\/estadao-a-linha-20-e-o-risco-de-errar-o-essencial\/#breadcrumb\"},\"inLanguage\":\"pt-BR\",\"potentialAction\":[{\"@type\":\"ReadAction\",\"target\":[\"https:\/\/www.institutodeengenharia.org.br\/site\/2026\/01\/22\/estadao-a-linha-20-e-o-risco-de-errar-o-essencial\/\"]}]},{\"@type\":\"ImageObject\",\"inLanguage\":\"pt-BR\",\"@id\":\"https:\/\/www.institutodeengenharia.org.br\/site\/2026\/01\/22\/estadao-a-linha-20-e-o-risco-de-errar-o-essencial\/#primaryimage\",\"url\":\"https:\/\/www.institutodeengenharia.org.br\/site\/wp-content\/uploads\/2026\/01\/entrevista-26.jpg\",\"contentUrl\":\"https:\/\/www.institutodeengenharia.org.br\/site\/wp-content\/uploads\/2026\/01\/entrevista-26.jpg\",\"width\":1920,\"height\":1080},{\"@type\":\"BreadcrumbList\",\"@id\":\"https:\/\/www.institutodeengenharia.org.br\/site\/2026\/01\/22\/estadao-a-linha-20-e-o-risco-de-errar-o-essencial\/#breadcrumb\",\"itemListElement\":[{\"@type\":\"ListItem\",\"position\":1,\"name\":\"In\u00edcio\",\"item\":\"https:\/\/www.institutodeengenharia.org.br\/site\/\"},{\"@type\":\"ListItem\",\"position\":2,\"name\":\"Estad\u00e3o &#8211; A Linha 20 e o risco de errar o essencial\"}]},{\"@type\":\"WebSite\",\"@id\":\"https:\/\/www.institutodeengenharia.org.br\/site\/#website\",\"url\":\"https:\/\/www.institutodeengenharia.org.br\/site\/\",\"name\":\"Instituto de Engenharia\",\"description\":\"O Instituto de Engenharia promove a Engenharia em benef\u00edcio do desenvolvimento e da qualidade de vida da sociedade.\",\"publisher\":{\"@id\":\"https:\/\/www.institutodeengenharia.org.br\/site\/#organization\"},\"potentialAction\":[{\"@type\":\"SearchAction\",\"target\":{\"@type\":\"EntryPoint\",\"urlTemplate\":\"https:\/\/www.institutodeengenharia.org.br\/site\/?s={search_term_string}\"},\"query-input\":{\"@type\":\"PropertyValueSpecification\",\"valueRequired\":true,\"valueName\":\"search_term_string\"}}],\"inLanguage\":\"pt-BR\"},{\"@type\":\"Organization\",\"@id\":\"https:\/\/www.institutodeengenharia.org.br\/site\/#organization\",\"name\":\"Instituto de Engenharia\",\"url\":\"https:\/\/www.institutodeengenharia.org.br\/site\/\",\"logo\":{\"@type\":\"ImageObject\",\"inLanguage\":\"pt-BR\",\"@id\":\"https:\/\/www.institutodeengenharia.org.br\/site\/#\/schema\/logo\/image\/\",\"url\":\"https:\/\/www.institutodeengenharia.org.br\/site\/wp-content\/uploads\/2019\/03\/logo-novo-IE2018-1.jpg\",\"contentUrl\":\"https:\/\/www.institutodeengenharia.org.br\/site\/wp-content\/uploads\/2019\/03\/logo-novo-IE2018-1.jpg\",\"width\":1486,\"height\":1879,\"caption\":\"Instituto de Engenharia\"},\"image\":{\"@id\":\"https:\/\/www.institutodeengenharia.org.br\/site\/#\/schema\/logo\/image\/\"},\"sameAs\":[\"https:\/\/www.facebook.com\/institutodeengenharia\",\"https:\/\/x.com\/iengenharia\",\"https:\/\/www.instagram.com\/institutodeengenharia\/\",\"https:\/\/www.linkedin.com\/company\/instituto-de-engenharia\/\",\"https:\/\/www.youtube.com\/channel\/UCXiCAlsSMe977vamW915HxA\"]},{\"@type\":\"Person\",\"@id\":\"https:\/\/www.institutodeengenharia.org.br\/site\/#\/schema\/person\/aeb64951c405e100d26d30b033dd423f\",\"name\":\"Bianca\",\"image\":{\"@type\":\"ImageObject\",\"inLanguage\":\"pt-BR\",\"@id\":\"https:\/\/secure.gravatar.com\/avatar\/a6fbe9bff57405baf4c1e2c5c1811e072b558253974a9f9508f4678900c97c2a?s=96&d=mm&r=g\",\"url\":\"https:\/\/secure.gravatar.com\/avatar\/a6fbe9bff57405baf4c1e2c5c1811e072b558253974a9f9508f4678900c97c2a?s=96&d=mm&r=g\",\"contentUrl\":\"https:\/\/secure.gravatar.com\/avatar\/a6fbe9bff57405baf4c1e2c5c1811e072b558253974a9f9508f4678900c97c2a?s=96&d=mm&r=g\",\"caption\":\"Bianca\"},\"url\":\"https:\/\/www.institutodeengenharia.org.br\/site\/author\/comunicacao1\/\"}]}<\/script>\n<!-- \/ Yoast SEO plugin. -->","yoast_head_json":{"title":"Estad\u00e3o - A Linha 20 e o risco de errar o essencial - Instituto de Engenharia","robots":{"index":"index","follow":"follow","max-snippet":"max-snippet:-1","max-image-preview":"max-image-preview:large","max-video-preview":"max-video-preview:-1"},"canonical":"https:\/\/www.institutodeengenharia.org.br\/site\/2026\/01\/22\/estadao-a-linha-20-e-o-risco-de-errar-o-essencial\/","og_locale":"pt_BR","og_type":"article","og_title":"Estad\u00e3o - A Linha 20 e o risco de errar o essencial - Instituto de Engenharia","og_description":"Toda grande obra de infraestrutura implica escolhas que v\u00e3o muito al\u00e9m do concreto e do a\u00e7o. No caso do metr\u00f4, essas escolhas moldam a cidade ao longo de gera\u00e7\u00f5es. Linhas metrovi\u00e1rias n\u00e3o s\u00e3o apenas solu\u00e7\u00f5es de transporte: s\u00e3o instrumentos de organiza\u00e7\u00e3o do territ\u00f3rio, capazes de redefinir padr\u00f5es de deslocamento e a localiza\u00e7\u00e3o de empregos e [&hellip;]","og_url":"https:\/\/www.institutodeengenharia.org.br\/site\/2026\/01\/22\/estadao-a-linha-20-e-o-risco-de-errar-o-essencial\/","og_site_name":"Instituto de Engenharia","article_publisher":"https:\/\/www.facebook.com\/institutodeengenharia","article_published_time":"2026-01-22T13:52:42+00:00","article_modified_time":"2026-01-26T15:18:30+00:00","og_image":[{"width":1920,"height":1080,"url":"https:\/\/www.institutodeengenharia.org.br\/site\/wp-content\/uploads\/2026\/01\/entrevista-26.jpg","type":"image\/jpeg"}],"author":"Bianca","twitter_card":"summary_large_image","twitter_creator":"@iengenharia","twitter_site":"@iengenharia","twitter_misc":{"Escrito por":"Bianca","Est. tempo de leitura":"5 minutos"},"schema":{"@context":"https:\/\/schema.org","@graph":[{"@type":"Article","@id":"https:\/\/www.institutodeengenharia.org.br\/site\/2026\/01\/22\/estadao-a-linha-20-e-o-risco-de-errar-o-essencial\/#article","isPartOf":{"@id":"https:\/\/www.institutodeengenharia.org.br\/site\/2026\/01\/22\/estadao-a-linha-20-e-o-risco-de-errar-o-essencial\/"},"author":{"name":"Bianca","@id":"https:\/\/www.institutodeengenharia.org.br\/site\/#\/schema\/person\/aeb64951c405e100d26d30b033dd423f"},"headline":"Estad\u00e3o &#8211; A Linha 20 e o risco de errar o essencial","datePublished":"2026-01-22T13:52:42+00:00","dateModified":"2026-01-26T15:18:30+00:00","mainEntityOfPage":{"@id":"https:\/\/www.institutodeengenharia.org.br\/site\/2026\/01\/22\/estadao-a-linha-20-e-o-risco-de-errar-o-essencial\/"},"wordCount":954,"commentCount":0,"publisher":{"@id":"https:\/\/www.institutodeengenharia.org.br\/site\/#organization"},"image":{"@id":"https:\/\/www.institutodeengenharia.org.br\/site\/2026\/01\/22\/estadao-a-linha-20-e-o-risco-de-errar-o-essencial\/#primaryimage"},"thumbnailUrl":"https:\/\/www.institutodeengenharia.org.br\/site\/wp-content\/uploads\/2026\/01\/entrevista-26.jpg","keywords":["destaque-abaixo"],"articleSection":["IE NA M\u00cdDIA","Not\u00edcias"],"inLanguage":"pt-BR","potentialAction":[{"@type":"CommentAction","name":"Comment","target":["https:\/\/www.institutodeengenharia.org.br\/site\/2026\/01\/22\/estadao-a-linha-20-e-o-risco-de-errar-o-essencial\/#respond"]}]},{"@type":"WebPage","@id":"https:\/\/www.institutodeengenharia.org.br\/site\/2026\/01\/22\/estadao-a-linha-20-e-o-risco-de-errar-o-essencial\/","url":"https:\/\/www.institutodeengenharia.org.br\/site\/2026\/01\/22\/estadao-a-linha-20-e-o-risco-de-errar-o-essencial\/","name":"Estad\u00e3o - A Linha 20 e o risco de errar o essencial - Instituto de Engenharia","isPartOf":{"@id":"https:\/\/www.institutodeengenharia.org.br\/site\/#website"},"primaryImageOfPage":{"@id":"https:\/\/www.institutodeengenharia.org.br\/site\/2026\/01\/22\/estadao-a-linha-20-e-o-risco-de-errar-o-essencial\/#primaryimage"},"image":{"@id":"https:\/\/www.institutodeengenharia.org.br\/site\/2026\/01\/22\/estadao-a-linha-20-e-o-risco-de-errar-o-essencial\/#primaryimage"},"thumbnailUrl":"https:\/\/www.institutodeengenharia.org.br\/site\/wp-content\/uploads\/2026\/01\/entrevista-26.jpg","datePublished":"2026-01-22T13:52:42+00:00","dateModified":"2026-01-26T15:18:30+00:00","breadcrumb":{"@id":"https:\/\/www.institutodeengenharia.org.br\/site\/2026\/01\/22\/estadao-a-linha-20-e-o-risco-de-errar-o-essencial\/#breadcrumb"},"inLanguage":"pt-BR","potentialAction":[{"@type":"ReadAction","target":["https:\/\/www.institutodeengenharia.org.br\/site\/2026\/01\/22\/estadao-a-linha-20-e-o-risco-de-errar-o-essencial\/"]}]},{"@type":"ImageObject","inLanguage":"pt-BR","@id":"https:\/\/www.institutodeengenharia.org.br\/site\/2026\/01\/22\/estadao-a-linha-20-e-o-risco-de-errar-o-essencial\/#primaryimage","url":"https:\/\/www.institutodeengenharia.org.br\/site\/wp-content\/uploads\/2026\/01\/entrevista-26.jpg","contentUrl":"https:\/\/www.institutodeengenharia.org.br\/site\/wp-content\/uploads\/2026\/01\/entrevista-26.jpg","width":1920,"height":1080},{"@type":"BreadcrumbList","@id":"https:\/\/www.institutodeengenharia.org.br\/site\/2026\/01\/22\/estadao-a-linha-20-e-o-risco-de-errar-o-essencial\/#breadcrumb","itemListElement":[{"@type":"ListItem","position":1,"name":"In\u00edcio","item":"https:\/\/www.institutodeengenharia.org.br\/site\/"},{"@type":"ListItem","position":2,"name":"Estad\u00e3o &#8211; A Linha 20 e o risco de errar o essencial"}]},{"@type":"WebSite","@id":"https:\/\/www.institutodeengenharia.org.br\/site\/#website","url":"https:\/\/www.institutodeengenharia.org.br\/site\/","name":"Instituto de Engenharia","description":"O Instituto de Engenharia promove a Engenharia em benef\u00edcio do desenvolvimento e da qualidade de vida da sociedade.","publisher":{"@id":"https:\/\/www.institutodeengenharia.org.br\/site\/#organization"},"potentialAction":[{"@type":"SearchAction","target":{"@type":"EntryPoint","urlTemplate":"https:\/\/www.institutodeengenharia.org.br\/site\/?s={search_term_string}"},"query-input":{"@type":"PropertyValueSpecification","valueRequired":true,"valueName":"search_term_string"}}],"inLanguage":"pt-BR"},{"@type":"Organization","@id":"https:\/\/www.institutodeengenharia.org.br\/site\/#organization","name":"Instituto de Engenharia","url":"https:\/\/www.institutodeengenharia.org.br\/site\/","logo":{"@type":"ImageObject","inLanguage":"pt-BR","@id":"https:\/\/www.institutodeengenharia.org.br\/site\/#\/schema\/logo\/image\/","url":"https:\/\/www.institutodeengenharia.org.br\/site\/wp-content\/uploads\/2019\/03\/logo-novo-IE2018-1.jpg","contentUrl":"https:\/\/www.institutodeengenharia.org.br\/site\/wp-content\/uploads\/2019\/03\/logo-novo-IE2018-1.jpg","width":1486,"height":1879,"caption":"Instituto de Engenharia"},"image":{"@id":"https:\/\/www.institutodeengenharia.org.br\/site\/#\/schema\/logo\/image\/"},"sameAs":["https:\/\/www.facebook.com\/institutodeengenharia","https:\/\/x.com\/iengenharia","https:\/\/www.instagram.com\/institutodeengenharia\/","https:\/\/www.linkedin.com\/company\/instituto-de-engenharia\/","https:\/\/www.youtube.com\/channel\/UCXiCAlsSMe977vamW915HxA"]},{"@type":"Person","@id":"https:\/\/www.institutodeengenharia.org.br\/site\/#\/schema\/person\/aeb64951c405e100d26d30b033dd423f","name":"Bianca","image":{"@type":"ImageObject","inLanguage":"pt-BR","@id":"https:\/\/secure.gravatar.com\/avatar\/a6fbe9bff57405baf4c1e2c5c1811e072b558253974a9f9508f4678900c97c2a?s=96&d=mm&r=g","url":"https:\/\/secure.gravatar.com\/avatar\/a6fbe9bff57405baf4c1e2c5c1811e072b558253974a9f9508f4678900c97c2a?s=96&d=mm&r=g","contentUrl":"https:\/\/secure.gravatar.com\/avatar\/a6fbe9bff57405baf4c1e2c5c1811e072b558253974a9f9508f4678900c97c2a?s=96&d=mm&r=g","caption":"Bianca"},"url":"https:\/\/www.institutodeengenharia.org.br\/site\/author\/comunicacao1\/"}]}},"_links":{"self":[{"href":"https:\/\/www.institutodeengenharia.org.br\/site\/wp-json\/wp\/v2\/posts\/135764","targetHints":{"allow":["GET"]}}],"collection":[{"href":"https:\/\/www.institutodeengenharia.org.br\/site\/wp-json\/wp\/v2\/posts"}],"about":[{"href":"https:\/\/www.institutodeengenharia.org.br\/site\/wp-json\/wp\/v2\/types\/post"}],"author":[{"embeddable":true,"href":"https:\/\/www.institutodeengenharia.org.br\/site\/wp-json\/wp\/v2\/users\/13"}],"replies":[{"embeddable":true,"href":"https:\/\/www.institutodeengenharia.org.br\/site\/wp-json\/wp\/v2\/comments?post=135764"}],"version-history":[{"count":3,"href":"https:\/\/www.institutodeengenharia.org.br\/site\/wp-json\/wp\/v2\/posts\/135764\/revisions"}],"predecessor-version":[{"id":135807,"href":"https:\/\/www.institutodeengenharia.org.br\/site\/wp-json\/wp\/v2\/posts\/135764\/revisions\/135807"}],"wp:featuredmedia":[{"embeddable":true,"href":"https:\/\/www.institutodeengenharia.org.br\/site\/wp-json\/wp\/v2\/media\/135765"}],"wp:attachment":[{"href":"https:\/\/www.institutodeengenharia.org.br\/site\/wp-json\/wp\/v2\/media?parent=135764"}],"wp:term":[{"taxonomy":"category","embeddable":true,"href":"https:\/\/www.institutodeengenharia.org.br\/site\/wp-json\/wp\/v2\/categories?post=135764"},{"taxonomy":"post_tag","embeddable":true,"href":"https:\/\/www.institutodeengenharia.org.br\/site\/wp-json\/wp\/v2\/tags?post=135764"}],"curies":[{"name":"wp","href":"https:\/\/api.w.org\/{rel}","templated":true}]}}