{"id":135439,"date":"2026-01-07T14:48:29","date_gmt":"2026-01-07T17:48:29","guid":{"rendered":"https:\/\/www.institutodeengenharia.org.br\/site\/?p=135439"},"modified":"2026-01-07T14:48:29","modified_gmt":"2026-01-07T17:48:29","slug":"principais-duvidas-anuidade-2026","status":"publish","type":"post","link":"https:\/\/www.institutodeengenharia.org.br\/site\/2026\/01\/07\/principais-duvidas-anuidade-2026\/","title":{"rendered":"Principais D\u00favidas &#8211; Anuidade 2026"},"content":{"rendered":"<div class=\"anchor-h2\">\n<h2 id=\"sobre-o-valor\" class=\"headingSpacingAbove headingSpacingBelow\"><u>Sobre o valor<\/u><\/h2>\n<p><i class=\"a_x95XR_A4j40 f__ui_p_A4j40 css-169\" aria-hidden=\"true\"><\/i><\/div>\n<div class=\"anchor-h3\">\n<h3 id=\"1)-porque-o-crea-sp-aumentou-o-valor-da-anuidade\" class=\"headingSpacingAbove headingSpacingBelow\">1) Porque o Crea-SP aumentou o valor da anuidade?<\/h3>\n<p><i class=\"a_x95XR_A4j40 f__ui_p_A4j40 css-169\" aria-hidden=\"true\"><\/i><\/div>\n<p class=\"noSpacingAbove spacingBelow\" data-text-type=\"withSpacing\"><span class=\"fontSizeLarge\">O valor da anuidade \u00e9 definido conforme a Lei n\u00ba 12.514\/2011, atualizado anualmente de acordo com a varia\u00e7\u00e3o do \u00cdndice Nacional de Pre\u00e7os ao Consumidor (INPC), nos termos das Resolu\u00e7\u00f5es n\u00ba 1.066\/2015 do Confea e do Ato Administrativo do Crea-SP que disp\u00f5e sobre os valores para o exerc\u00edcio de 2026.<\/span><\/p>\n<p class=\"noSpacingAbove spacingBelow\" data-text-type=\"withSpacing\"><span class=\"fontSizeLarge\"><strong>Anuidades de Pessoa F\u00edsica em 2026<\/strong><\/span><br \/>\n<span class=\"fontSizeLarge\">Profissional de n\u00edvel superior:\u00a0<strong>R$ 704,51<\/strong><\/span><br \/>\n<span class=\"fontSizeLarge\">Profissional de n\u00edvel m\u00e9dio:\u00a0<strong>R$ 352,26<\/strong><\/span><\/p>\n<p class=\"noSpacingAbove spacingBelow\" data-text-type=\"withSpacing\"><span class=\"fontSizeLarge\"><strong>Desconto de 15%\u00a0<\/strong>para pagamento em cota \u00fanica at\u00e9 31\/01\/26<\/span><br \/>\n<span class=\"fontSizeLarge\">Valor com desconto para profissionais de n\u00edvel superior:\u00a0<strong>R$ 598,83<\/strong><\/span><br \/>\n<span class=\"fontSizeLarge\">Valor com desconto para profissionais de n\u00edvel m\u00e9dio:\u00a0<strong>R$ 299,42<\/strong><\/span><\/p>\n<p class=\"noSpacingAbove spacingBelow\" data-text-type=\"withSpacing\"><span class=\"fontSizeLarge\"><strong>Desconto de 10%\u00a0<\/strong>para pagamento em cota \u00fanica at\u00e9 28\/02\/26<\/span><br \/>\n<span class=\"fontSizeLarge\">Valor com desconto para profissionais de n\u00edvel superior:\u00a0<strong>R$ 634,06<\/strong><\/span><br \/>\n<span class=\"fontSizeLarge\">Valor com desconto para profissionais de n\u00edvel m\u00e9dio:\u00a0<strong>R$ 317,03<\/strong><\/span><\/p>\n<p class=\"noSpacingAbove spacingBelow\" data-text-type=\"withSpacing\"><span class=\"fontSizeLarge\"><strong>Desconto de 5%\u00a0<\/strong>para pagamento em cota \u00fanica at\u00e9 31\/03\/26<\/span><br \/>\n<span class=\"fontSizeLarge\">Valor com desconto para profissionais de n\u00edvel superior:\u00a0<strong>R$ 669,28<\/strong><\/span><br \/>\n<span class=\"fontSizeLarge\">Valor com desconto para profissionais de n\u00edvel m\u00e9dio:\u00a0<strong>R$ 334,65<\/strong><\/span><\/p>\n<div class=\"anchor-h2\">\n<h2 id=\"emiss\u00e3o-e-acesso-ao-boleto\" class=\"headingSpacingAbove headingSpacingBelow\"><u>Emiss\u00e3o e acesso ao boleto<\/u><\/h2>\n<p><i class=\"a_x95XR_A4j40 f__ui_p_A4j40 css-169\" aria-hidden=\"true\"><\/i><\/div>\n<div class=\"anchor-h3\">\n<h3 id=\"2)-como-emitir-o-boleto-da-anuidade-2026\" class=\"headingSpacingAbove headingSpacingBelow\">2) Como emitir o boleto da anuidade 2026?<\/h3>\n<p><i class=\"a_x95XR_A4j40 f__ui_p_A4j40 css-169\" aria-hidden=\"true\"><\/i><\/div>\n<p class=\"noSpacingAbove spacingBelow\" data-text-type=\"withSpacing\"><span class=\"fontSizeLarge\">O boleto pode ser emitido pelo site\u00a0<\/span><a href=\"https:\/\/anuidade.creasp.org.br\/\" target=\"_blank\" rel=\"noopener noreferrer\" data-interception=\"off\"><span class=\"fontSizeLarge\">anuidade.creasp.org.br<\/span><\/a><span class=\"fontSizeLarge\">. Tamb\u00e9m \u00e9 poss\u00edvel acessar a anuidade pelo CreaNet ou pelo aplicativo do Crea-SP. Al\u00e9m disso, o boleto pode ser inclu\u00eddo como D\u00e9bito Direto Autorizado (DDA) no banco.<\/span><\/p>\n<p class=\"noSpacingAbove spacingBelow\" data-text-type=\"withSpacing\"><span class=\"fontSizeLarge\">Em caso de n\u00e3o recebimento ou dificuldade na emiss\u00e3o, o profissional pode entrar em contato com o SAC pelo telefone 0800 017 18 11 ou pelo e-mail\u00a0<\/span><a href=\"mailto:faleconosco@creasp.org.br\" target=\"_blank\" rel=\"noopener noreferrer\" data-interception=\"off\"><span class=\"fontSizeLarge\">faleconosco@creasp.org.br<\/span><\/a><span class=\"fontSizeLarge\">.<\/span><\/p>\n<div class=\"anchor-h3\">\n<h3 id=\"3)-consultei-o-creanet-para-quitar-a-anuidade-2026,-mas,-aparentemente,-n\u00e3o-est\u00e1-dispon\u00edvel.-o-conselho-enviar\u00e1-o-boleto\" class=\"headingSpacingAbove headingSpacingBelow\">3) Consultei o CreaNet para quitar a anuidade 2026, mas, aparentemente, n\u00e3o est\u00e1 dispon\u00edvel. O Conselho enviar\u00e1 o boleto?<\/h3>\n<p><i class=\"a_x95XR_A4j40 f__ui_p_A4j40 css-169\" aria-hidden=\"true\"><\/i><\/div>\n<p class=\"noSpacingAbove spacingBelow\" data-text-type=\"withSpacing\"><span class=\"fontSizeLarge\">Sim. Pela plataforma\u00a0<\/span><a href=\"https:\/\/anuidade.creasp.org.br\/\" target=\"_blank\" rel=\"noopener noreferrer\" data-interception=\"off\"><span class=\"fontSizeLarge\">anuidade.creasp.org.br<\/span><\/a><span class=\"fontSizeLarge\">\u00a0\u00e9 poss\u00edvel visualizar d\u00e9bitos, emitir boletos ou realizar parcelamentos. A anuidade tamb\u00e9m pode ser acessada pelo CreaNet ou aplicativo do Conselho. Em caso de dificuldades, o SAC est\u00e1 dispon\u00edvel pelos canais oficiais.<\/span><\/p>\n<div class=\"anchor-h3\">\n<h3 id=\"4)-o-boleto-da-anuidade-2026-ser\u00e1-enviado-automaticamente-para-meu-e-mail\" class=\"headingSpacingAbove headingSpacingBelow\">4) O boleto da anuidade 2026 ser\u00e1 enviado automaticamente para meu e-mail?<\/h3>\n<p><i class=\"a_x95XR_A4j40 f__ui_p_A4j40 css-169\" aria-hidden=\"true\"><\/i><\/div>\n<p class=\"noSpacingAbove spacingBelow\" data-text-type=\"withSpacing\"><span class=\"fontSizeLarge\">Sim. O boleto ser\u00e1 enviado para o e-mail cadastrado no sistema. Por isso, \u00e9 fundamental manter os dados atualizados para garantir o recebimento das comunica\u00e7\u00f5es do Crea-SP.<\/span><\/p>\n<div class=\"anchor-h3\">\n<h3 id=\"5)-como-\u00e9-calculado-o-valor-da-anuidade\" class=\"headingSpacingAbove headingSpacingBelow\">5) Como \u00e9 calculado o valor da anuidade?<\/h3>\n<p><i class=\"a_x95XR_A4j40 f__ui_p_A4j40 css-169\" aria-hidden=\"true\"><\/i><\/div>\n<p class=\"noSpacingAbove spacingBelow\" data-text-type=\"withSpacing\"><span class=\"fontSizeLarge\">O valor da anuidade \u00e9 calculado conforme a Lei n\u00ba 12.514\/2011, atualizado anualmente com base no INPC, nos termos das Resolu\u00e7\u00f5es do Confea e do Ato Administrativo do Crea-SP para o exerc\u00edcio de 2026.<\/span><\/p>\n<div class=\"anchor-h3\">\n<h3 id=\"6)-sou-registrado-em-outro-crea,-mas-tenho-visto-profissional-em-s\u00e3o-paulo.-tenho-que-pagar-anuidade-nos-dois-estados\" class=\"headingSpacingAbove headingSpacingBelow\">6) Sou registrado em outro Crea, mas tenho visto profissional em S\u00e3o Paulo. Tenho que pagar anuidade nos dois Estados?<\/h3>\n<p><i class=\"a_x95XR_A4j40 f__ui_p_A4j40 css-169\" aria-hidden=\"true\"><\/i><\/div>\n<p class=\"noSpacingAbove spacingBelow\" data-text-type=\"withSpacing\"><span class=\"fontSizeLarge\">N\u00e3o. A anuidade deve ser paga ao Conselho Regional onde o profissional mant\u00e9m seu registro principal ou onde exerce efetivamente suas atividades, conforme a legisla\u00e7\u00e3o vigente.<\/span><\/p>\n<div class=\"anchor-h2\">\n<h2 id=\"formas-de-pagamento\" class=\"headingSpacingAbove headingSpacingBelow\"><u>Formas de pagamento<\/u><\/h2>\n<p><i class=\"a_x95XR_A4j40 f__ui_p_A4j40 css-169\" aria-hidden=\"true\"><\/i><\/div>\n<div class=\"anchor-h3\">\n<h3 id=\"7)-quais-as-formas-de-pagamento-da-anuidade-2026\" class=\"headingSpacingAbove headingSpacingBelow\">7) Quais as formas de pagamento da anuidade 2026?<\/h3>\n<p><i class=\"a_x95XR_A4j40 f__ui_p_A4j40 css-169\" aria-hidden=\"true\"><\/i><\/div>\n<p class=\"noSpacingAbove spacingBelow\" data-text-type=\"withSpacing\"><span class=\"fontSizeLarge\">O pagamento pode ser realizado por boleto banc\u00e1rio (\u00e0 vista ou parcelado em at\u00e9 6 vezes), Pix ou cart\u00e3o de cr\u00e9dito (em at\u00e9 12 vezes).<\/span><\/p>\n<div class=\"anchor-h3\">\n<h3 id=\"8)-como-posso-pagar-a-anuidade-2026-via-pix\" class=\"headingSpacingAbove headingSpacingBelow\">8) Como posso pagar a anuidade 2026 via Pix?<\/h3>\n<p><i class=\"a_x95XR_A4j40 f__ui_p_A4j40 css-169\" aria-hidden=\"true\"><\/i><\/div>\n<p class=\"noSpacingAbove spacingBelow\" data-text-type=\"withSpacing\"><span class=\"fontSizeLarge\">O pagamento via Pix pode ser feito por meio do QR Code ou do c\u00f3digo de barras dispon\u00edveis no boleto da anuidade.<\/span><\/p>\n<div class=\"anchor-h2\">\n<h2 id=\"descontos-e-condi\u00e7\u00f5es-especiais-para-profissionais\" class=\"headingSpacingAbove headingSpacingBelow\"><u>Descontos e condi\u00e7\u00f5es especiais para profissionais<\/u><\/h2>\n<p><i class=\"a_x95XR_A4j40 f__ui_p_A4j40 css-169\" aria-hidden=\"true\"><\/i><\/div>\n<div class=\"anchor-h3\">\n<h3 id=\"9)-tenho-desconto-no-pagamento-da-anuidade\" class=\"headingSpacingAbove headingSpacingBelow\">9) Tenho desconto no pagamento da anuidade?<\/h3>\n<p><i class=\"a_x95XR_A4j40 f__ui_p_A4j40 css-169\" aria-hidden=\"true\"><\/i><\/div>\n<p class=\"noSpacingAbove spacingBelow\" data-text-type=\"withSpacing\"><span class=\"fontSizeLarge\">Sim. Para pagamento em cota \u00fanica, s\u00e3o concedidos os seguintes descontos sobre o valor integral da anuidade:<\/span><\/p>\n<ul class=\"customListStyle\">\n<li data-list-item-id=\"e26788832d491295f350d3b1dbd89fc9b\">\n<p class=\"noSpacingAbove spacingBelow\" data-text-type=\"withSpacing\"><span class=\"fontSizeLarge\">15% de desconto para pagamentos realizados at\u00e9 31 de janeiro de 2026;<\/span><\/p>\n<\/li>\n<li data-list-item-id=\"edcb35e3d9ee3aa0e0a4f2bbfb2043436\">\n<p class=\"noSpacingAbove spacingBelow\" data-text-type=\"withSpacing\"><span class=\"fontSizeLarge\">10% de desconto para pagamentos realizados at\u00e9 28 de fevereiro de 2026;<\/span><\/p>\n<\/li>\n<li data-list-item-id=\"e77a72d7cc69d332dd25e483725b0a55b\">\n<p class=\"noSpacingAbove spacingBelow\" data-text-type=\"withSpacing\"><span class=\"fontSizeLarge\">5% de desconto para pagamentos realizados at\u00e9 31 de mar\u00e7o de 2026.<\/span><\/p>\n<\/li>\n<\/ul>\n<div class=\"anchor-h3\">\n<h3 id=\"10)-no-boleto-n\u00e3o-aparece-a-op\u00e7\u00e3o-de-desconto,-n\u00e3o-tenho-como-pagar-com-o-desconto-anunciado\" class=\"headingSpacingAbove headingSpacingBelow\">10) No boleto n\u00e3o aparece a op\u00e7\u00e3o de desconto, n\u00e3o tenho como pagar com o desconto anunciado?<\/h3>\n<p><i class=\"a_x95XR_A4j40 f__ui_p_A4j40 css-169\" aria-hidden=\"true\"><\/i><\/div>\n<p class=\"noSpacingAbove spacingBelow\" data-text-type=\"withSpacing\"><span class=\"fontSizeLarge\">O boleto da anuidade ser\u00e1 emitido com vencimento em 31\/03\/2026 e j\u00e1 incluir\u00e1 o desconto de 5% referente \u00e0 cota \u00fanica de mar\u00e7o.<\/span><\/p>\n<p class=\"noSpacingAbove spacingBelow\" data-text-type=\"withSpacing\"><span class=\"fontSizeLarge\">Caso o pagamento seja realizado em janeiro, ser\u00e1 aplicado automaticamente um desconto total de 15% sobre o valor integral da anuidade. Se o pagamento ocorrer em fevereiro, o desconto aplicado ser\u00e1 de 10%.<\/span><\/p>\n<p class=\"noSpacingAbove spacingBelow\" data-text-type=\"withSpacing\"><span class=\"fontSizeLarge\">Esses valores s\u00e3o recalculados diretamente pelo banco no momento do pagamento, conforme o m\u00eas vigente, sem ac\u00famulo de descontos.<\/span><\/p>\n<div class=\"anchor-h3\">\n<h3 id=\"11)-existem-outras-condi\u00e7\u00f5es-especiais-de-desconto\" class=\"headingSpacingAbove headingSpacingBelow\">11) Existem outras condi\u00e7\u00f5es especiais de desconto?<\/h3>\n<p><i class=\"a_x95XR_A4j40 f__ui_p_A4j40 css-169\" aria-hidden=\"true\"><\/i><\/div>\n<p class=\"noSpacingAbove spacingBelow\" data-text-type=\"withSpacing\"><span class=\"fontSizeLarge\">Sim. O Crea-SP concede descontos espec\u00edficos, que n\u00e3o s\u00e3o cumulativos:<\/span><\/p>\n<ul class=\"customListStyle\">\n<li data-list-item-id=\"e88f1baae5343951f61f0730aaf093c63\">\n<p class=\"noSpacingAbove spacingBelow\" data-text-type=\"withSpacing\"><span class=\"fontSizeLarge\"><strong>100% de desconto para rec\u00e9m-formados<\/strong>\u00a0que solicitarem o registro profissional em at\u00e9 6 meses ap\u00f3s a conclus\u00e3o do curso;<\/span><\/p>\n<\/li>\n<li data-list-item-id=\"e266a180f92854d471ea071ce05e27abb\">\n<p class=\"noSpacingAbove spacingBelow\" data-text-type=\"withSpacing\"><span class=\"fontSizeLarge\"><strong>90% de desconto para rec\u00e9m-formados<\/strong>\u00a0que solicitarem o registro profissional entre 6 meses e 1 ano ap\u00f3s a conclus\u00e3o do curso;<\/span><\/p>\n<\/li>\n<li data-list-item-id=\"ed8886a8c628fffccb463ae390ff29c59\">\n<p class=\"noSpacingAbove spacingBelow\" data-text-type=\"withSpacing\"><span class=\"fontSizeLarge\"><strong>90% de desconto<\/strong>\u00a0para homens a partir de 65 anos ou com 35 anos de registro, e mulheres a partir de 60 anos ou com 30 anos de registro no Sistema Confea\/Crea e M\u00fatua;<\/span><\/p>\n<\/li>\n<li data-list-item-id=\"ea38cead723399a523e286782b043f9bc\">\n<p class=\"noSpacingAbove spacingBelow\" data-text-type=\"withSpacing\"><span class=\"fontSizeLarge\"><strong>90% de desconto<\/strong>\u00a0para profissionais que comprovem doen\u00e7a grave que os incapacite para o exerc\u00edcio profissional, desde que estejam em dia com as anuidades anteriores.<\/span><\/p>\n<\/li>\n<\/ul>\n<div class=\"anchor-h3\">\n<h3 id=\"12)-profissionais-com-mais-de-60-anos-t\u00eam-desconto\" class=\"headingSpacingAbove headingSpacingBelow\">12) Profissionais com mais de 60 anos t\u00eam desconto?<\/h3>\n<p><i class=\"a_x95XR_A4j40 f__ui_p_A4j40 css-169\" aria-hidden=\"true\"><\/i><\/div>\n<p class=\"noSpacingAbove spacingBelow\" data-text-type=\"withSpacing\"><span class=\"fontSizeLarge\">Sim. Homens a partir de 65 anos ou com 35 anos de registro, e mulheres a partir de 60 anos ou com 30 anos de registro, t\u00eam 90% de desconto na anuidade.<\/span><\/p>\n<div class=\"anchor-h3\">\n<h3 id=\"13)-aposentados-t\u00eam-desconto\" class=\"headingSpacingAbove headingSpacingBelow\">13) Aposentados t\u00eam desconto?<\/h3>\n<p><i class=\"a_x95XR_A4j40 f__ui_p_A4j40 css-169\" aria-hidden=\"true\"><\/i><\/div>\n<p class=\"noSpacingAbove spacingBelow\" data-text-type=\"withSpacing\"><span class=\"fontSizeLarge\">A aposentadoria, por si s\u00f3, n\u00e3o garante desconto. O benef\u00edcio \u00e9 concedido desde que o profissional atenda aos crit\u00e9rios de idade ou tempo de registro previstos na legisla\u00e7\u00e3o.<\/span><\/p>\n<div class=\"anchor-h3\">\n<h3 id=\"14)-o-que-preciso-fazer-para-garantir-o-desconto-por-doen\u00e7a-grave\" class=\"headingSpacingAbove headingSpacingBelow\">14) O que preciso fazer para garantir o desconto por doen\u00e7a grave?<\/h3>\n<p><i class=\"a_x95XR_A4j40 f__ui_p_A4j40 css-169\" aria-hidden=\"true\"><\/i><\/div>\n<p class=\"noSpacingAbove spacingBelow\" data-text-type=\"withSpacing\"><span class=\"fontSizeLarge\">\u00c9 necess\u00e1rio estar em dia com as anuidades anteriores e apresentar laudo m\u00e9dico atualizado que comprove a incapacidade para o exerc\u00edcio profissional. O pedido ser\u00e1 analisado pelo Crea-SP e o protocolo pode ser acompanhado via CreaNet.<\/span><\/p>\n<div class=\"anchor-h2\">\n<h2 id=\"descontos-e-condi\u00e7\u00f5es-especiais-para-empresas\" class=\"headingSpacingAbove headingSpacingBelow\"><u>Descontos e condi\u00e7\u00f5es especiais para empresas<\/u><\/h2>\n<p><i class=\"a_x95XR_A4j40 f__ui_p_A4j40 css-169\" aria-hidden=\"true\"><\/i><\/div>\n<div class=\"anchor-h3\">\n<h3 id=\"15)-tenho-desconto-no-pagamento-da-anuidade\" class=\"headingSpacingAbove headingSpacingBelow\">15) Tenho desconto no pagamento da anuidade?<\/h3>\n<p><i class=\"a_x95XR_A4j40 f__ui_p_A4j40 css-169\" aria-hidden=\"true\"><\/i><\/div>\n<p class=\"noSpacingAbove spacingBelow\" data-text-type=\"withSpacing\"><span class=\"fontSizeLarge\">Sim. Para pagamento em cota \u00fanica, s\u00e3o concedidos os seguintes descontos sobre o valor integral da anuidade:<\/span><\/p>\n<ul class=\"customListStyle\">\n<li data-list-item-id=\"e6b394507505b3f0c7dec5e2b7be1f5bd\">\n<p class=\"noSpacingAbove spacingBelow\" data-text-type=\"withSpacing\"><span class=\"fontSizeLarge\">15% de desconto para pagamentos realizados at\u00e9 31 de janeiro de 2026;<\/span><\/p>\n<\/li>\n<li data-list-item-id=\"e9097c97ce03d1f81e3b37f85c55ae685\">\n<p class=\"noSpacingAbove spacingBelow\" data-text-type=\"withSpacing\"><span class=\"fontSizeLarge\">10% de desconto para pagamentos realizados at\u00e9 28 de fevereiro de 2026;<\/span><\/p>\n<\/li>\n<li data-list-item-id=\"eb2b919ecbae11c1f0a75713611fe283a\">\n<p class=\"noSpacingAbove spacingBelow\" data-text-type=\"withSpacing\"><span class=\"fontSizeLarge\">5% de desconto para pagamentos realizados at\u00e9 31 de mar\u00e7o de 2026.<\/span><\/p>\n<\/li>\n<\/ul>\n<div class=\"anchor-h3\">\n<h3 id=\"16)-tenho-empresa-unipessoal-e-quero-a-isen\u00e7\u00e3o-para-pessoa-f\u00edsica.-no-site-est\u00e1-gerando-o-boleto-tanto-pessoa-f\u00edsica-como-pessoa\" class=\"headingSpacingAbove headingSpacingBelow\">16) Tenho empresa unipessoal e quero a isen\u00e7\u00e3o para pessoa f\u00edsica. No site est\u00e1 gerando o boleto tanto pessoa f\u00edsica como pessoa jur\u00eddica. Como proceder?<\/h3>\n<p><i class=\"a_x95XR_A4j40 f__ui_p_A4j40 css-169\" aria-hidden=\"true\"><\/i><\/div>\n<p class=\"noSpacingAbove spacingBelow\" data-text-type=\"withSpacing\"><span class=\"fontSizeLarge\">Mesmo nos casos de empresa unipessoal ou t\u00edtulo \u00fanico, o sistema emite os dois boletos, de Pessoa F\u00edsica (PF) e de Pessoa Jur\u00eddica (PJ). No entanto, ao realizar o pagamento da anuidade de Pessoa Jur\u00eddica, a anuidade de Pessoa F\u00edsica \u00e9 automaticamente baixada no sistema em at\u00e9 24 horas.<\/span><\/p>\n<p><span class=\"fontSizeLarge\">Ap\u00f3s baixa no sistema, o status da anuidade de pessoa f\u00edsica constar\u00e1 com o status \u201cBAIXA EMPREENDEDOR &#8211; ANUIDADE EMPRESA QUITADA\u201d no CreaNet.<\/span><\/p>\n<div class=\"anchor-h3\">\n<h3 id=\"17)-tenho-uma-empresa-unipessoal-ou-abri-recentemente-uma,-e-gostaria-de-fazer-o-registro-de-empresa-no-crea-sp.-tenho-direito-a\" class=\"headingSpacingAbove headingSpacingBelow\">17) Tenho uma empresa unipessoal ou abri recentemente uma, e gostaria de fazer o registro de empresa no Crea-SP. Tenho direito ao benef\u00edcio de isen\u00e7\u00e3o da anuidade de pessoa f\u00edsica?<\/h3>\n<p><i class=\"a_x95XR_A4j40 f__ui_p_A4j40 css-169\" aria-hidden=\"true\"><\/i><\/div>\n<p class=\"noSpacingAbove spacingBelow\" data-text-type=\"withSpacing\">Sim, registre sua empresa e fa\u00e7a o pagamento da anuidade de pessoa jur\u00eddica ate o dia 31\/03 e voc\u00ea automaticamente receber\u00e1 o benef\u00edcio de isen\u00e7\u00e3o para anuidade de pessoa f\u00edsica.<\/p>\n<div class=\"anchor-h3\">\n<h3 id=\"17.1)-se-a-empresa-for-registrada-ap\u00f3s-o-pagamento-da-anuidade-de-pessoa-f\u00edsica-no-ano-em-curso,-ainda-terei-o-direito\" class=\"headingSpacingAbove headingSpacingBelow\">17.1) Se a empresa for registrada ap\u00f3s o pagamento da anuidade de pessoa f\u00edsica no ano em curso, ainda terei o direito?<\/h3>\n<p><i class=\"a_x95XR_A4j40 f__ui_p_A4j40 css-169\" aria-hidden=\"true\"><\/i><\/div>\n<p class=\"noSpacingAbove spacingBelow\" data-text-type=\"withSpacing\">N\u00e3o, o benef\u00edcio passar\u00e1 a valer a partir do pr\u00f3ximo ano.<\/p>\n<div class=\"anchor-h3\">\n<h3 id=\"18)-fiz-o-parcelamento-e-n\u00e3o-realizei-o-pagamento-de-uma-parcela.-perco-o-benef\u00edcio\" class=\"headingSpacingAbove headingSpacingBelow\">18) Fiz o parcelamento e n\u00e3o realizei o pagamento de uma parcela. Perco o benef\u00edcio?<\/h3>\n<p><i class=\"a_x95XR_A4j40 f__ui_p_A4j40 css-169\" aria-hidden=\"true\"><\/i><\/div>\n<p class=\"noSpacingAbove spacingBelow\" data-text-type=\"withSpacing\"><span class=\"fontSizeLarge\">Se a pessoa jur\u00eddica ficar inadimplente ap\u00f3s 31 de mar\u00e7o ou n\u00e3o honrar com uma das parcelas, o benef\u00edcio \u00e9 suspenso e tanto a anuidade da empresa quanto da pessoa f\u00edsica passar\u00e3o a ser cobradas, com encargos, podendo ser inscritas em d\u00edvida ativa.<\/span><\/p>\n<div class=\"anchor-h2\">\n<h2 id=\"prazos-e-consequ\u00eancias-do-n\u00e3o-pagamento\" class=\"headingSpacingAbove headingSpacingBelow\"><u>Prazos e consequ\u00eancias do n\u00e3o pagamento<\/u><\/h2>\n<p><i class=\"a_x95XR_A4j40 f__ui_p_A4j40 css-169\" aria-hidden=\"true\"><\/i><\/div>\n<div class=\"anchor-h3\">\n<h3 id=\"19)-qual-\u00e9-o-\u00faltimo-dia-de-pagamento-da-anuidade,-e-se-eu-perder-essa-data-o-que-acontece\" class=\"headingSpacingAbove headingSpacingBelow\">19) Qual \u00e9 o \u00faltimo dia de pagamento da anuidade, e se eu perder essa data o que acontece?<\/h3>\n<p><i class=\"a_x95XR_A4j40 f__ui_p_A4j40 css-169\" aria-hidden=\"true\"><\/i><\/div>\n<p class=\"noSpacingAbove spacingBelow\" data-text-type=\"withSpacing\"><span class=\"fontSizeLarge\">O prazo final para pagamento \u00e9 31 de mar\u00e7o de 2026. Ap\u00f3s essa data, incidem multa e juros, e o d\u00e9bito pode ser inscrito em d\u00edvida ativa ou encaminhado para protesto em cart\u00f3rio.<\/span><\/p>\n<div class=\"anchor-h3\">\n<h3 id=\"20)-a-partir-de-31-de-mar\u00e7o,-qual-ser\u00e1-a-multa-e-os-juros\" class=\"headingSpacingAbove headingSpacingBelow\">20) A partir de 31 de mar\u00e7o, qual ser\u00e1 a multa e os juros?<\/h3>\n<p><i class=\"a_x95XR_A4j40 f__ui_p_A4j40 css-169\" aria-hidden=\"true\"><\/i><\/div>\n<p class=\"noSpacingAbove spacingBelow\" data-text-type=\"withSpacing\"><span class=\"fontSizeLarge\">Ap\u00f3s o vencimento, incidir\u00e1 multa de 20% sobre o valor devido, al\u00e9m de juros de mora de 1% ao m\u00eas ou fra\u00e7\u00e3o.<\/span><\/p>\n<div class=\"anchor-h3\">\n<h3 id=\"21)-o-que-pode-acontecer-caso-eu-deixe-de-pagar-a-anuidade\" class=\"headingSpacingAbove headingSpacingBelow\">21) O que pode acontecer caso eu deixe de pagar a anuidade?<\/h3>\n<p><i class=\"a_x95XR_A4j40 f__ui_p_A4j40 css-169\" aria-hidden=\"true\"><\/i><\/div>\n<p class=\"noSpacingAbove spacingBelow\" data-text-type=\"withSpacing\"><span class=\"fontSizeLarge\">O n\u00e3o pagamento da anuidade pode acarretar a inscri\u00e7\u00e3o do d\u00e9bito em d\u00edvida ativa, com posterior encaminhamento para protesto em cart\u00f3rio de t\u00edtulos, al\u00e9m da cobran\u00e7a de multa, juros e atualiza\u00e7\u00e3o monet\u00e1ria.<\/span><\/p>\n<p class=\"noSpacingAbove spacingBelow\" data-text-type=\"withSpacing\"><span class=\"fontSizeLarge\">A inadimpl\u00eancia tamb\u00e9m pode gerar restri\u00e7\u00f5es ao exerc\u00edcio regular da profiss\u00e3o, uma vez que a perman\u00eancia em d\u00e9bito caracteriza exerc\u00edcio ileg\u00edtimo, conforme a legisla\u00e7\u00e3o vigente, al\u00e9m de impedir a emiss\u00e3o de certid\u00f5es e a regularidade do registro junto ao Crea-SP.<\/span><\/p>\n<div class=\"anchor-h3\">\n<h3 id=\"22)-o-que-acontece-se-eu-pagar-a-anuidade-em-atraso,-mas-antes-da-inscri\u00e7\u00e3o-em-d\u00edvida-ativa\" class=\"headingSpacingAbove headingSpacingBelow\">22) O que acontece se eu pagar a anuidade em atraso, mas antes da inscri\u00e7\u00e3o em d\u00edvida ativa?<\/h3>\n<p><i class=\"a_x95XR_A4j40 f__ui_p_A4j40 css-169\" aria-hidden=\"true\"><\/i><\/div>\n<p class=\"noSpacingAbove spacingBelow\" data-text-type=\"withSpacing\"><span class=\"fontSizeLarge\">O pagamento ser\u00e1 aceito, com acr\u00e9scimo de multa e juros. O parcelamento tamb\u00e9m poder\u00e1 ser realizado, desde que o d\u00e9bito ainda n\u00e3o tenha sido inscrito em d\u00edvida ativa.<\/span><\/p>\n<div class=\"anchor-h3\">\n<h3 id=\"23)-n\u00e3o-estou-atuando-na-\u00e1rea,-preciso-pagar-a-anuidade\" class=\"headingSpacingAbove headingSpacingBelow\">23) N\u00e3o estou atuando na \u00e1rea, preciso pagar a anuidade?<\/h3>\n<p><i class=\"a_x95XR_A4j40 f__ui_p_A4j40 css-169\" aria-hidden=\"true\"><\/i><\/div>\n<p class=\"noSpacingAbove spacingBelow\" data-text-type=\"withSpacing\"><span class=\"fontSizeLarge\">Se o profissional n\u00e3o estiver exercendo atividade t\u00e9cnica e n\u00e3o desejar manter o registro ativo, \u00e9 poss\u00edvel solicitar a interrup\u00e7\u00e3o do registro junto ao Crea-SP. Nessa situa\u00e7\u00e3o, a anuidade ser\u00e1 devida de forma proporcional at\u00e9 o m\u00eas em que a interrup\u00e7\u00e3o for efetivada.<\/span><\/p>\n<p class=\"noSpacingAbove spacingBelow\" data-text-type=\"withSpacing\"><span class=\"fontSizeLarge\">Por outro lado, caso o profissional opte por manter o registro ativo, mesmo sem estar atuando na \u00e1rea, a anuidade \u00e9 devida integralmente, conforme determina a legisla\u00e7\u00e3o vigente. A manuten\u00e7\u00e3o do registro ativo implica a obriga\u00e7\u00e3o do pagamento da anuidade correspondente.<\/span><\/p>\n<div class=\"anchor-h2\">\n<h2 id=\"parcelamentos-e-reemiss\u00e3o\" class=\"headingSpacingAbove headingSpacingBelow\"><u>Parcelamentos e reemiss\u00e3o<\/u><\/h2>\n<p><i class=\"a_x95XR_A4j40 f__ui_p_A4j40 css-169\" aria-hidden=\"true\"><\/i><\/div>\n<div class=\"anchor-h3\">\n<h3 id=\"24)-o-pagamento-da-anuidade-parcelada-pode-ser-suspenso-temporariamente-pelo-profissional\" class=\"headingSpacingAbove headingSpacingBelow\">24) O pagamento da anuidade parcelada pode ser suspenso temporariamente pelo profissional?<\/h3>\n<p><i class=\"a_x95XR_A4j40 f__ui_p_A4j40 css-169\" aria-hidden=\"true\"><\/i><\/div>\n<p class=\"noSpacingAbove spacingBelow\" data-text-type=\"withSpacing\"><span class=\"fontSizeLarge\">N\u00e3o. O n\u00e3o pagamento de uma ou mais parcelas cancela o acordo de parcelamento, e o d\u00e9bito passa a ser atualizado com multa e juros.<\/span><\/p>\n<div class=\"anchor-h3\">\n<h3 id=\"25)-posso-reemitir-boletos-vencidos-de-parcelamentos-anteriores\" class=\"headingSpacingAbove headingSpacingBelow\">25) Posso reemitir boletos vencidos de parcelamentos anteriores?<\/h3>\n<p><i class=\"a_x95XR_A4j40 f__ui_p_A4j40 css-169\" aria-hidden=\"true\"><\/i><\/div>\n<p class=\"noSpacingAbove spacingBelow\" data-text-type=\"withSpacing\"><span class=\"fontSizeLarge\">Sim. Enquanto o parcelamento estiver ativo, \u00e9 poss\u00edvel reemitir boletos vencidos pelo sistema.<\/span><\/p>\n<div class=\"anchor-h3\">\n<h3 id=\"26)-a-partir-de-1\u00ba-de-abril,-ainda-posso-parcelar-a-anuidade\" class=\"headingSpacingAbove headingSpacingBelow\">26) A partir de 1\u00ba de abril, ainda posso parcelar a anuidade?<\/h3>\n<p><i class=\"a_x95XR_A4j40 f__ui_p_A4j40 css-169\" aria-hidden=\"true\"><\/i><\/div>\n<p class=\"noSpacingAbove spacingBelow\" data-text-type=\"withSpacing\"><span class=\"fontSizeLarge\">Sim. Ap\u00f3s essa data, os valores ser\u00e3o reajustados com multa e juros, e o parcelamento poder\u00e1 ser realizado pelo site\u00a0<\/span><a href=\"https:\/\/anuidade.creasp.org.br\/\" target=\"_blank\" rel=\"noopener noreferrer\" data-interception=\"off\"><span class=\"fontSizeLarge\">anuidade.creasp.org.br<\/span><\/a><span class=\"fontSizeLarge\">.<\/span><\/p>\n<div class=\"anchor-h3\">\n<h3 id=\"27)-fiz-o-pagamento,-mas-meu-boleto-ainda-consta-como-pendente.-o-que-devo-fazer\" class=\"headingSpacingAbove headingSpacingBelow\">27) Fiz o pagamento, mas meu boleto ainda consta como pendente. O que devo fazer?<\/h3>\n<p><i class=\"a_x95XR_A4j40 f__ui_p_A4j40 css-169\" aria-hidden=\"true\"><\/i><\/div>\n<p class=\"noSpacingAbove spacingBelow\" data-text-type=\"withSpacing\"><span class=\"fontSizeLarge\">Aguarde at\u00e9 72 horas para a compensa\u00e7\u00e3o banc\u00e1ria. Caso o pagamento n\u00e3o seja identificado ap\u00f3s esse prazo, envie o comprovante para\u00a0<\/span><a href=\"mailto:faleconosco@creasp.org.br\" target=\"_blank\" rel=\"noopener noreferrer\" data-interception=\"off\"><span class=\"fontSizeLarge\">faleconosco@creasp.org.br<\/span><\/a><span class=\"fontSizeLarge\">.<\/span><\/p>\n<div class=\"anchor-h2\">\n<h2 id=\"benef\u00edcios-vinculados-\u00e0-anuidade\" class=\"headingSpacingAbove headingSpacingBelow\"><u>Benef\u00edcios vinculados \u00e0 anuidade<\/u><\/h2>\n<p><i class=\"a_x95XR_A4j40 f__ui_p_A4j40 css-169\" aria-hidden=\"true\"><\/i><\/div>\n<div class=\"anchor-h3\">\n<h3 id=\"28)-quais-benef\u00edcios-est\u00e3o-vinculados-diretamente-ao-pagamento-da-anuidade\" class=\"headingSpacingAbove headingSpacingBelow\">28) Quais benef\u00edcios est\u00e3o vinculados diretamente ao pagamento da anuidade?<\/h3>\n<p><i class=\"a_x95XR_A4j40 f__ui_p_A4j40 css-169\" aria-hidden=\"true\"><\/i><\/div>\n<p class=\"noSpacingAbove spacingBelow\" data-text-type=\"withSpacing\"><span class=\"fontSizeLarge\">Manter a anuidade em dia garante acesso a diversos servi\u00e7os e benef\u00edcios, como:<\/span><\/p>\n<ul class=\"customListStyle\">\n<li data-list-item-id=\"e24fa159c677bc589d542dff31e530189\">\n<p class=\"noSpacingAbove spacingBelow\" data-text-type=\"withSpacing\"><span class=\"fontSizeLarge\">Cursos gratuitos e com desconto pelo\u00a0<strong>Crea-SP Capacita<\/strong>;<\/span><\/p>\n<\/li>\n<li data-list-item-id=\"ea465506b34b6358bdac6e650d67b6bf2\">\n<p class=\"noSpacingAbove spacingBelow\" data-text-type=\"withSpacing\"><span class=\"fontSizeLarge\">Uso da rede\u00a0<strong>CreaLab Coworkings<\/strong>;<\/span><\/p>\n<\/li>\n<li data-list-item-id=\"e9af144a98b35d3b610c9265506f60fce\">\n<p class=\"noSpacingAbove spacingBelow\" data-text-type=\"withSpacing\"><span class=\"fontSizeLarge\">Descontos em normas t\u00e9cnicas via\u00a0<strong>conv\u00eanio com a ABNT<\/strong>;<\/span><\/p>\n<\/li>\n<li data-list-item-id=\"e454496bcec035dc57574c13623fafead\">\n<p class=\"noSpacingAbove spacingBelow\" data-text-type=\"withSpacing\"><span class=\"fontSizeLarge\">Participa\u00e7\u00e3o no\u00a0<strong>Clube de Vantagens<\/strong>;<\/span><\/p>\n<\/li>\n<li data-list-item-id=\"ea5a947d6b9bb49c9f4baee8b8ae7be7f\">\n<p class=\"noSpacingAbove spacingBelow\" data-text-type=\"withSpacing\"><span class=\"fontSizeLarge\">Acesso ao\u00a0<strong>Banco de Talentos<\/strong>, que conecta profissionais e empresas;<\/span><\/p>\n<\/li>\n<\/ul>\n<div class=\"anchor-h3\">\n<h3 id=\"29)-como-funciona-o-cashback-do-clube-de-vantagens-em-rela\u00e7\u00e3o-\u00e0-anuidade\" class=\"headingSpacingAbove headingSpacingBelow\">29) Como funciona o cashback do Clube de Vantagens em rela\u00e7\u00e3o \u00e0 anuidade?<\/h3>\n<p><i class=\"a_x95XR_A4j40 f__ui_p_A4j40 css-169\" aria-hidden=\"true\"><\/i><\/div>\n<p class=\"noSpacingAbove spacingBelow\" data-text-type=\"withSpacing\"><span class=\"fontSizeLarge\">Os valores acumulados em cashback podem ser utilizados para abater parte ou o total do valor da anuidade.<\/span><\/p>\n<div class=\"anchor-h2\">\n<h2 id=\"seguran\u00e7a-e-autenticidade\" class=\"headingSpacingAbove headingSpacingBelow\"><u>Seguran\u00e7a e autenticidade<\/u><\/h2>\n<p><i class=\"a_x95XR_A4j40 f__ui_p_A4j40 css-169\" aria-hidden=\"true\"><\/i><\/div>\n<div class=\"anchor-h3\">\n<h3 id=\"30)-como-saber-que-o-boleto-que-recebi-n\u00e3o-\u00e9-golpe\" class=\"headingSpacingAbove headingSpacingBelow\">30) Como saber que o boleto que recebi n\u00e3o \u00e9 golpe?<\/h3>\n<p><i class=\"a_x95XR_A4j40 f__ui_p_A4j40 css-169\" aria-hidden=\"true\"><\/i><\/div>\n<p class=\"noSpacingAbove spacingBelow\" data-text-type=\"withSpacing\"><span class=\"fontSizeLarge\">Verifique se o boleto cont\u00e9m:<\/span><\/p>\n<ul class=\"customListStyle\">\n<li data-list-item-id=\"e77f3392b76f77b4f46a1f197362b6ae0\">\n<p class=\"noSpacingAbove spacingBelow\" data-text-type=\"withSpacing\"><span class=\"fontSizeLarge\">Bras\u00e3o do Governo Federal e logomarca do Crea-SP;<\/span><\/p>\n<\/li>\n<li data-list-item-id=\"e62a6fee3b8abd4c5c93a2e255a2cc293\">\n<p class=\"noSpacingAbove spacingBelow\" data-text-type=\"withSpacing\"><span class=\"fontSizeLarge\">Emiss\u00e3o pelo Banco do Brasil;<\/span><\/p>\n<\/li>\n<li data-list-item-id=\"e5cfa6f55b52bbc40868e7c8f803ae51e\">\n<p class=\"noSpacingAbove spacingBelow\" data-text-type=\"withSpacing\"><span class=\"fontSizeLarge\">CNPJ correto do emitente: 60.985.017\/0001-77.<\/span><\/p>\n<\/li>\n<\/ul>\n<p class=\"noSpacingAbove spacingBelow\" data-text-type=\"withSpacing\"><span class=\"fontSizeLarge\">Os envios oficiais s\u00e3o feitos pelo e-mail\u00a0<\/span><a href=\"mailto:contato@creasp.org.br\" target=\"_blank\" rel=\"noopener noreferrer\" data-interception=\"off\"><span class=\"fontSizeLarge\">contato@creasp.org.br<\/span><\/a><span class=\"fontSizeLarge\">\u00a0e comunicados via WhatsApp pelo n\u00famero +55 11 97319-3754.<\/span><\/p>\n<div class=\"anchor-h3\">\n<h3 id=\"31)-como-posso-confirmar-se-o-whatsapp-que-recebi-\u00e9-oficial-do-crea-sp\" class=\"headingSpacingAbove headingSpacingBelow\">31) Como posso confirmar se o WhatsApp que recebi \u00e9 oficial do Crea-SP?<\/h3>\n<p><i class=\"a_x95XR_A4j40 f__ui_p_A4j40 css-169\" aria-hidden=\"true\"><\/i><\/div>\n<p class=\"noSpacingAbove spacingBelow\" data-text-type=\"withSpacing\"><span class=\"fontSizeLarge\">O Crea-SP envia mensagens apenas pelo n\u00famero oficial +55 11 97319-3754. Caso receba contato de outro n\u00famero, n\u00e3o efetue pagamentos e procure o SAC para confirma\u00e7\u00e3o.<\/span><\/p>\n<p data-text-type=\"withSpacing\"><strong>Fonte: CREA-SP<\/strong><\/p>\n","protected":false},"excerpt":{"rendered":"<p>Sobre o valor 1) Porque o Crea-SP aumentou o valor da anuidade? O valor da anuidade \u00e9 definido conforme a Lei n\u00ba 12.514\/2011, atualizado anualmente de acordo com a varia\u00e7\u00e3o do \u00cdndice Nacional de Pre\u00e7os ao Consumidor (INPC), nos termos das Resolu\u00e7\u00f5es n\u00ba 1.066\/2015 do Confea e do Ato Administrativo do Crea-SP que disp\u00f5e sobre [&hellip;]<\/p>\n","protected":false},"author":13,"featured_media":135440,"comment_status":"open","ping_status":"open","sticky":false,"template":"","format":"standard","meta":{"footnotes":""},"categories":[21,6],"tags":[],"class_list":{"0":"post-135439","1":"post","2":"type-post","3":"status-publish","4":"format-standard","5":"has-post-thumbnail","7":"category-crea-sp","8":"category-noticias"},"yoast_head":"<!-- This site is optimized with the Yoast SEO plugin v27.2 - https:\/\/yoast.com\/product\/yoast-seo-wordpress\/ -->\n<title>Principais D\u00favidas - Anuidade 2026 - Instituto de Engenharia<\/title>\n<meta name=\"robots\" content=\"index, follow, max-snippet:-1, max-image-preview:large, max-video-preview:-1\" \/>\n<link rel=\"canonical\" href=\"https:\/\/www.institutodeengenharia.org.br\/site\/2026\/01\/07\/principais-duvidas-anuidade-2026\/\" \/>\n<meta property=\"og:locale\" content=\"pt_BR\" \/>\n<meta property=\"og:type\" content=\"article\" \/>\n<meta property=\"og:title\" content=\"Principais D\u00favidas - Anuidade 2026 - Instituto de Engenharia\" \/>\n<meta property=\"og:description\" content=\"Sobre o valor 1) Porque o Crea-SP aumentou o valor da anuidade? O valor da anuidade \u00e9 definido conforme a Lei n\u00ba 12.514\/2011, atualizado anualmente de acordo com a varia\u00e7\u00e3o do \u00cdndice Nacional de Pre\u00e7os ao Consumidor (INPC), nos termos das Resolu\u00e7\u00f5es n\u00ba 1.066\/2015 do Confea e do Ato Administrativo do Crea-SP que disp\u00f5e sobre [&hellip;]\" \/>\n<meta property=\"og:url\" content=\"https:\/\/www.institutodeengenharia.org.br\/site\/2026\/01\/07\/principais-duvidas-anuidade-2026\/\" \/>\n<meta property=\"og:site_name\" content=\"Instituto de Engenharia\" \/>\n<meta property=\"article:publisher\" content=\"https:\/\/www.facebook.com\/institutodeengenharia\" \/>\n<meta property=\"article:published_time\" content=\"2026-01-07T17:48:29+00:00\" \/>\n<meta property=\"og:image\" content=\"https:\/\/www.institutodeengenharia.org.br\/site\/wp-content\/uploads\/2026\/01\/card-5-jan-819x1024.png\" \/>\n\t<meta property=\"og:image:width\" content=\"819\" \/>\n\t<meta property=\"og:image:height\" content=\"1024\" \/>\n\t<meta property=\"og:image:type\" content=\"image\/png\" \/>\n<meta name=\"author\" content=\"Bianca\" \/>\n<meta name=\"twitter:card\" content=\"summary_large_image\" \/>\n<meta name=\"twitter:creator\" content=\"@iengenharia\" \/>\n<meta name=\"twitter:site\" content=\"@iengenharia\" \/>\n<meta name=\"twitter:label1\" content=\"Escrito por\" \/>\n\t<meta name=\"twitter:data1\" content=\"Bianca\" \/>\n\t<meta name=\"twitter:label2\" content=\"Est. tempo de leitura\" \/>\n\t<meta name=\"twitter:data2\" content=\"11 minutos\" \/>\n<script type=\"application\/ld+json\" class=\"yoast-schema-graph\">{\"@context\":\"https:\/\/schema.org\",\"@graph\":[{\"@type\":\"Article\",\"@id\":\"https:\/\/www.institutodeengenharia.org.br\/site\/2026\/01\/07\/principais-duvidas-anuidade-2026\/#article\",\"isPartOf\":{\"@id\":\"https:\/\/www.institutodeengenharia.org.br\/site\/2026\/01\/07\/principais-duvidas-anuidade-2026\/\"},\"author\":{\"name\":\"Bianca\",\"@id\":\"https:\/\/www.institutodeengenharia.org.br\/site\/#\/schema\/person\/aeb64951c405e100d26d30b033dd423f\"},\"headline\":\"Principais D\u00favidas &#8211; Anuidade 2026\",\"datePublished\":\"2026-01-07T17:48:29+00:00\",\"mainEntityOfPage\":{\"@id\":\"https:\/\/www.institutodeengenharia.org.br\/site\/2026\/01\/07\/principais-duvidas-anuidade-2026\/\"},\"wordCount\":1931,\"commentCount\":0,\"publisher\":{\"@id\":\"https:\/\/www.institutodeengenharia.org.br\/site\/#organization\"},\"image\":{\"@id\":\"https:\/\/www.institutodeengenharia.org.br\/site\/2026\/01\/07\/principais-duvidas-anuidade-2026\/#primaryimage\"},\"thumbnailUrl\":\"https:\/\/www.institutodeengenharia.org.br\/site\/wp-content\/uploads\/2026\/01\/card-5-jan.png\",\"articleSection\":[\"CREA-SP\",\"Not\u00edcias\"],\"inLanguage\":\"pt-BR\",\"potentialAction\":[{\"@type\":\"CommentAction\",\"name\":\"Comment\",\"target\":[\"https:\/\/www.institutodeengenharia.org.br\/site\/2026\/01\/07\/principais-duvidas-anuidade-2026\/#respond\"]}]},{\"@type\":\"WebPage\",\"@id\":\"https:\/\/www.institutodeengenharia.org.br\/site\/2026\/01\/07\/principais-duvidas-anuidade-2026\/\",\"url\":\"https:\/\/www.institutodeengenharia.org.br\/site\/2026\/01\/07\/principais-duvidas-anuidade-2026\/\",\"name\":\"Principais D\u00favidas - Anuidade 2026 - Instituto de Engenharia\",\"isPartOf\":{\"@id\":\"https:\/\/www.institutodeengenharia.org.br\/site\/#website\"},\"primaryImageOfPage\":{\"@id\":\"https:\/\/www.institutodeengenharia.org.br\/site\/2026\/01\/07\/principais-duvidas-anuidade-2026\/#primaryimage\"},\"image\":{\"@id\":\"https:\/\/www.institutodeengenharia.org.br\/site\/2026\/01\/07\/principais-duvidas-anuidade-2026\/#primaryimage\"},\"thumbnailUrl\":\"https:\/\/www.institutodeengenharia.org.br\/site\/wp-content\/uploads\/2026\/01\/card-5-jan.png\",\"datePublished\":\"2026-01-07T17:48:29+00:00\",\"breadcrumb\":{\"@id\":\"https:\/\/www.institutodeengenharia.org.br\/site\/2026\/01\/07\/principais-duvidas-anuidade-2026\/#breadcrumb\"},\"inLanguage\":\"pt-BR\",\"potentialAction\":[{\"@type\":\"ReadAction\",\"target\":[\"https:\/\/www.institutodeengenharia.org.br\/site\/2026\/01\/07\/principais-duvidas-anuidade-2026\/\"]}]},{\"@type\":\"ImageObject\",\"inLanguage\":\"pt-BR\",\"@id\":\"https:\/\/www.institutodeengenharia.org.br\/site\/2026\/01\/07\/principais-duvidas-anuidade-2026\/#primaryimage\",\"url\":\"https:\/\/www.institutodeengenharia.org.br\/site\/wp-content\/uploads\/2026\/01\/card-5-jan.png\",\"contentUrl\":\"https:\/\/www.institutodeengenharia.org.br\/site\/wp-content\/uploads\/2026\/01\/card-5-jan.png\",\"width\":1080,\"height\":1350},{\"@type\":\"BreadcrumbList\",\"@id\":\"https:\/\/www.institutodeengenharia.org.br\/site\/2026\/01\/07\/principais-duvidas-anuidade-2026\/#breadcrumb\",\"itemListElement\":[{\"@type\":\"ListItem\",\"position\":1,\"name\":\"In\u00edcio\",\"item\":\"https:\/\/www.institutodeengenharia.org.br\/site\/\"},{\"@type\":\"ListItem\",\"position\":2,\"name\":\"Principais D\u00favidas &#8211; Anuidade 2026\"}]},{\"@type\":\"WebSite\",\"@id\":\"https:\/\/www.institutodeengenharia.org.br\/site\/#website\",\"url\":\"https:\/\/www.institutodeengenharia.org.br\/site\/\",\"name\":\"Instituto de Engenharia\",\"description\":\"O Instituto de Engenharia promove a Engenharia em benef\u00edcio do desenvolvimento e da qualidade de vida da sociedade.\",\"publisher\":{\"@id\":\"https:\/\/www.institutodeengenharia.org.br\/site\/#organization\"},\"potentialAction\":[{\"@type\":\"SearchAction\",\"target\":{\"@type\":\"EntryPoint\",\"urlTemplate\":\"https:\/\/www.institutodeengenharia.org.br\/site\/?s={search_term_string}\"},\"query-input\":{\"@type\":\"PropertyValueSpecification\",\"valueRequired\":true,\"valueName\":\"search_term_string\"}}],\"inLanguage\":\"pt-BR\"},{\"@type\":\"Organization\",\"@id\":\"https:\/\/www.institutodeengenharia.org.br\/site\/#organization\",\"name\":\"Instituto de Engenharia\",\"url\":\"https:\/\/www.institutodeengenharia.org.br\/site\/\",\"logo\":{\"@type\":\"ImageObject\",\"inLanguage\":\"pt-BR\",\"@id\":\"https:\/\/www.institutodeengenharia.org.br\/site\/#\/schema\/logo\/image\/\",\"url\":\"https:\/\/www.institutodeengenharia.org.br\/site\/wp-content\/uploads\/2019\/03\/logo-novo-IE2018-1.jpg\",\"contentUrl\":\"https:\/\/www.institutodeengenharia.org.br\/site\/wp-content\/uploads\/2019\/03\/logo-novo-IE2018-1.jpg\",\"width\":1486,\"height\":1879,\"caption\":\"Instituto de Engenharia\"},\"image\":{\"@id\":\"https:\/\/www.institutodeengenharia.org.br\/site\/#\/schema\/logo\/image\/\"},\"sameAs\":[\"https:\/\/www.facebook.com\/institutodeengenharia\",\"https:\/\/x.com\/iengenharia\",\"https:\/\/www.instagram.com\/institutodeengenharia\/\",\"https:\/\/www.linkedin.com\/company\/instituto-de-engenharia\/\",\"https:\/\/www.youtube.com\/channel\/UCXiCAlsSMe977vamW915HxA\"]},{\"@type\":\"Person\",\"@id\":\"https:\/\/www.institutodeengenharia.org.br\/site\/#\/schema\/person\/aeb64951c405e100d26d30b033dd423f\",\"name\":\"Bianca\",\"image\":{\"@type\":\"ImageObject\",\"inLanguage\":\"pt-BR\",\"@id\":\"https:\/\/secure.gravatar.com\/avatar\/a6fbe9bff57405baf4c1e2c5c1811e072b558253974a9f9508f4678900c97c2a?s=96&d=mm&r=g\",\"url\":\"https:\/\/secure.gravatar.com\/avatar\/a6fbe9bff57405baf4c1e2c5c1811e072b558253974a9f9508f4678900c97c2a?s=96&d=mm&r=g\",\"contentUrl\":\"https:\/\/secure.gravatar.com\/avatar\/a6fbe9bff57405baf4c1e2c5c1811e072b558253974a9f9508f4678900c97c2a?s=96&d=mm&r=g\",\"caption\":\"Bianca\"},\"url\":\"https:\/\/www.institutodeengenharia.org.br\/site\/author\/comunicacao1\/\"}]}<\/script>\n<!-- \/ Yoast SEO plugin. -->","yoast_head_json":{"title":"Principais D\u00favidas - Anuidade 2026 - Instituto de Engenharia","robots":{"index":"index","follow":"follow","max-snippet":"max-snippet:-1","max-image-preview":"max-image-preview:large","max-video-preview":"max-video-preview:-1"},"canonical":"https:\/\/www.institutodeengenharia.org.br\/site\/2026\/01\/07\/principais-duvidas-anuidade-2026\/","og_locale":"pt_BR","og_type":"article","og_title":"Principais D\u00favidas - Anuidade 2026 - Instituto de Engenharia","og_description":"Sobre o valor 1) Porque o Crea-SP aumentou o valor da anuidade? O valor da anuidade \u00e9 definido conforme a Lei n\u00ba 12.514\/2011, atualizado anualmente de acordo com a varia\u00e7\u00e3o do \u00cdndice Nacional de Pre\u00e7os ao Consumidor (INPC), nos termos das Resolu\u00e7\u00f5es n\u00ba 1.066\/2015 do Confea e do Ato Administrativo do Crea-SP que disp\u00f5e sobre [&hellip;]","og_url":"https:\/\/www.institutodeengenharia.org.br\/site\/2026\/01\/07\/principais-duvidas-anuidade-2026\/","og_site_name":"Instituto de Engenharia","article_publisher":"https:\/\/www.facebook.com\/institutodeengenharia","article_published_time":"2026-01-07T17:48:29+00:00","og_image":[{"width":819,"height":1024,"url":"https:\/\/www.institutodeengenharia.org.br\/site\/wp-content\/uploads\/2026\/01\/card-5-jan-819x1024.png","type":"image\/png"}],"author":"Bianca","twitter_card":"summary_large_image","twitter_creator":"@iengenharia","twitter_site":"@iengenharia","twitter_misc":{"Escrito por":"Bianca","Est. tempo de leitura":"11 minutos"},"schema":{"@context":"https:\/\/schema.org","@graph":[{"@type":"Article","@id":"https:\/\/www.institutodeengenharia.org.br\/site\/2026\/01\/07\/principais-duvidas-anuidade-2026\/#article","isPartOf":{"@id":"https:\/\/www.institutodeengenharia.org.br\/site\/2026\/01\/07\/principais-duvidas-anuidade-2026\/"},"author":{"name":"Bianca","@id":"https:\/\/www.institutodeengenharia.org.br\/site\/#\/schema\/person\/aeb64951c405e100d26d30b033dd423f"},"headline":"Principais D\u00favidas &#8211; Anuidade 2026","datePublished":"2026-01-07T17:48:29+00:00","mainEntityOfPage":{"@id":"https:\/\/www.institutodeengenharia.org.br\/site\/2026\/01\/07\/principais-duvidas-anuidade-2026\/"},"wordCount":1931,"commentCount":0,"publisher":{"@id":"https:\/\/www.institutodeengenharia.org.br\/site\/#organization"},"image":{"@id":"https:\/\/www.institutodeengenharia.org.br\/site\/2026\/01\/07\/principais-duvidas-anuidade-2026\/#primaryimage"},"thumbnailUrl":"https:\/\/www.institutodeengenharia.org.br\/site\/wp-content\/uploads\/2026\/01\/card-5-jan.png","articleSection":["CREA-SP","Not\u00edcias"],"inLanguage":"pt-BR","potentialAction":[{"@type":"CommentAction","name":"Comment","target":["https:\/\/www.institutodeengenharia.org.br\/site\/2026\/01\/07\/principais-duvidas-anuidade-2026\/#respond"]}]},{"@type":"WebPage","@id":"https:\/\/www.institutodeengenharia.org.br\/site\/2026\/01\/07\/principais-duvidas-anuidade-2026\/","url":"https:\/\/www.institutodeengenharia.org.br\/site\/2026\/01\/07\/principais-duvidas-anuidade-2026\/","name":"Principais D\u00favidas - Anuidade 2026 - Instituto de Engenharia","isPartOf":{"@id":"https:\/\/www.institutodeengenharia.org.br\/site\/#website"},"primaryImageOfPage":{"@id":"https:\/\/www.institutodeengenharia.org.br\/site\/2026\/01\/07\/principais-duvidas-anuidade-2026\/#primaryimage"},"image":{"@id":"https:\/\/www.institutodeengenharia.org.br\/site\/2026\/01\/07\/principais-duvidas-anuidade-2026\/#primaryimage"},"thumbnailUrl":"https:\/\/www.institutodeengenharia.org.br\/site\/wp-content\/uploads\/2026\/01\/card-5-jan.png","datePublished":"2026-01-07T17:48:29+00:00","breadcrumb":{"@id":"https:\/\/www.institutodeengenharia.org.br\/site\/2026\/01\/07\/principais-duvidas-anuidade-2026\/#breadcrumb"},"inLanguage":"pt-BR","potentialAction":[{"@type":"ReadAction","target":["https:\/\/www.institutodeengenharia.org.br\/site\/2026\/01\/07\/principais-duvidas-anuidade-2026\/"]}]},{"@type":"ImageObject","inLanguage":"pt-BR","@id":"https:\/\/www.institutodeengenharia.org.br\/site\/2026\/01\/07\/principais-duvidas-anuidade-2026\/#primaryimage","url":"https:\/\/www.institutodeengenharia.org.br\/site\/wp-content\/uploads\/2026\/01\/card-5-jan.png","contentUrl":"https:\/\/www.institutodeengenharia.org.br\/site\/wp-content\/uploads\/2026\/01\/card-5-jan.png","width":1080,"height":1350},{"@type":"BreadcrumbList","@id":"https:\/\/www.institutodeengenharia.org.br\/site\/2026\/01\/07\/principais-duvidas-anuidade-2026\/#breadcrumb","itemListElement":[{"@type":"ListItem","position":1,"name":"In\u00edcio","item":"https:\/\/www.institutodeengenharia.org.br\/site\/"},{"@type":"ListItem","position":2,"name":"Principais D\u00favidas &#8211; Anuidade 2026"}]},{"@type":"WebSite","@id":"https:\/\/www.institutodeengenharia.org.br\/site\/#website","url":"https:\/\/www.institutodeengenharia.org.br\/site\/","name":"Instituto de Engenharia","description":"O Instituto de Engenharia promove a Engenharia em benef\u00edcio do desenvolvimento e da qualidade de vida da sociedade.","publisher":{"@id":"https:\/\/www.institutodeengenharia.org.br\/site\/#organization"},"potentialAction":[{"@type":"SearchAction","target":{"@type":"EntryPoint","urlTemplate":"https:\/\/www.institutodeengenharia.org.br\/site\/?s={search_term_string}"},"query-input":{"@type":"PropertyValueSpecification","valueRequired":true,"valueName":"search_term_string"}}],"inLanguage":"pt-BR"},{"@type":"Organization","@id":"https:\/\/www.institutodeengenharia.org.br\/site\/#organization","name":"Instituto de Engenharia","url":"https:\/\/www.institutodeengenharia.org.br\/site\/","logo":{"@type":"ImageObject","inLanguage":"pt-BR","@id":"https:\/\/www.institutodeengenharia.org.br\/site\/#\/schema\/logo\/image\/","url":"https:\/\/www.institutodeengenharia.org.br\/site\/wp-content\/uploads\/2019\/03\/logo-novo-IE2018-1.jpg","contentUrl":"https:\/\/www.institutodeengenharia.org.br\/site\/wp-content\/uploads\/2019\/03\/logo-novo-IE2018-1.jpg","width":1486,"height":1879,"caption":"Instituto de Engenharia"},"image":{"@id":"https:\/\/www.institutodeengenharia.org.br\/site\/#\/schema\/logo\/image\/"},"sameAs":["https:\/\/www.facebook.com\/institutodeengenharia","https:\/\/x.com\/iengenharia","https:\/\/www.instagram.com\/institutodeengenharia\/","https:\/\/www.linkedin.com\/company\/instituto-de-engenharia\/","https:\/\/www.youtube.com\/channel\/UCXiCAlsSMe977vamW915HxA"]},{"@type":"Person","@id":"https:\/\/www.institutodeengenharia.org.br\/site\/#\/schema\/person\/aeb64951c405e100d26d30b033dd423f","name":"Bianca","image":{"@type":"ImageObject","inLanguage":"pt-BR","@id":"https:\/\/secure.gravatar.com\/avatar\/a6fbe9bff57405baf4c1e2c5c1811e072b558253974a9f9508f4678900c97c2a?s=96&d=mm&r=g","url":"https:\/\/secure.gravatar.com\/avatar\/a6fbe9bff57405baf4c1e2c5c1811e072b558253974a9f9508f4678900c97c2a?s=96&d=mm&r=g","contentUrl":"https:\/\/secure.gravatar.com\/avatar\/a6fbe9bff57405baf4c1e2c5c1811e072b558253974a9f9508f4678900c97c2a?s=96&d=mm&r=g","caption":"Bianca"},"url":"https:\/\/www.institutodeengenharia.org.br\/site\/author\/comunicacao1\/"}]}},"_links":{"self":[{"href":"https:\/\/www.institutodeengenharia.org.br\/site\/wp-json\/wp\/v2\/posts\/135439","targetHints":{"allow":["GET"]}}],"collection":[{"href":"https:\/\/www.institutodeengenharia.org.br\/site\/wp-json\/wp\/v2\/posts"}],"about":[{"href":"https:\/\/www.institutodeengenharia.org.br\/site\/wp-json\/wp\/v2\/types\/post"}],"author":[{"embeddable":true,"href":"https:\/\/www.institutodeengenharia.org.br\/site\/wp-json\/wp\/v2\/users\/13"}],"replies":[{"embeddable":true,"href":"https:\/\/www.institutodeengenharia.org.br\/site\/wp-json\/wp\/v2\/comments?post=135439"}],"version-history":[{"count":1,"href":"https:\/\/www.institutodeengenharia.org.br\/site\/wp-json\/wp\/v2\/posts\/135439\/revisions"}],"predecessor-version":[{"id":135441,"href":"https:\/\/www.institutodeengenharia.org.br\/site\/wp-json\/wp\/v2\/posts\/135439\/revisions\/135441"}],"wp:featuredmedia":[{"embeddable":true,"href":"https:\/\/www.institutodeengenharia.org.br\/site\/wp-json\/wp\/v2\/media\/135440"}],"wp:attachment":[{"href":"https:\/\/www.institutodeengenharia.org.br\/site\/wp-json\/wp\/v2\/media?parent=135439"}],"wp:term":[{"taxonomy":"category","embeddable":true,"href":"https:\/\/www.institutodeengenharia.org.br\/site\/wp-json\/wp\/v2\/categories?post=135439"},{"taxonomy":"post_tag","embeddable":true,"href":"https:\/\/www.institutodeengenharia.org.br\/site\/wp-json\/wp\/v2\/tags?post=135439"}],"curies":[{"name":"wp","href":"https:\/\/api.w.org\/{rel}","templated":true}]}}