{"id":135414,"date":"2026-01-07T10:38:19","date_gmt":"2026-01-07T13:38:19","guid":{"rendered":"https:\/\/www.institutodeengenharia.org.br\/site\/?p=135414"},"modified":"2026-01-30T09:57:00","modified_gmt":"2026-01-30T12:57:00","slug":"forum-de-leitores-o-estado-de-sao-paulo-ensino-de-matematica","status":"publish","type":"post","link":"https:\/\/www.institutodeengenharia.org.br\/site\/2026\/01\/07\/forum-de-leitores-o-estado-de-sao-paulo-ensino-de-matematica\/","title":{"rendered":"O Estado de S. Paulo &#8211; F\u00f3rum de Leitores: Ensino de matem\u00e1tica"},"content":{"rendered":"<p>Editorial do Estad\u00e3o 28\/12 (A3) abordou com propriedade o descompasso no ensino de matem\u00e1tica entre alunos dos cursos m\u00e9dio e fundamental no Brasil.<\/p>\n<p>Segundo o Saeb, apenas 5,2% dos alunos saem das escolas p\u00fablicas com conhecimento adequado da matem\u00e1tica, isto \u00e9, sabem resolver equa\u00e7\u00f5es de segundo grau, fazer opera\u00e7\u00f5es que envolvam o conceito de lucro ou o teorema de Pit\u00e1goras. Temos tido oportunidades de constatar tamb\u00e9m essa situa\u00e7\u00e3o observando alunos, e ainda os egressos do curso m\u00e9dio, principalmente das escolas p\u00fablicas, que frequentam, desde 2023, nossos nichos localizados nas esta\u00e7\u00f5es Ana Rosa e Vila Prudente do Metr\u00f4 de S\u00e3o Paulo, no \u00e2mbito do programa do Instituto de Engenharia Matem\u00e1tica no Metr\u00f4, que se prop\u00f5e a resolver d\u00favidas dessa mat\u00e9ria.<\/p>\n<p>Nesses dois anos, observamos que a maior parte dos que nos procuram n\u00e3o conhecem sequer a tabuada, as quatro opera\u00e7\u00f5es, regra de tr\u00eas, fra\u00e7\u00f5es e porcentagens, para dizer o m\u00ednimo. Ou seja: simplesmente n\u00e3o sabem fazer contas.<\/p>\n<p>Quanto \u00e0 tabuada, o princ\u00edpio de tudo, segundo nos informou uma diretora de escola p\u00fablica estadual de ensino m\u00e9dio, tem sido orienta\u00e7\u00e3o da Secretaria Estadual de Educa\u00e7\u00e3o n\u00e3o permitir que professores obriguem os alunos a decorarem a tabuada. O resultado a\u00ed est\u00e1!<\/p>\n<p style=\"text-align: right;\"><em>Jos\u00e9 Eduardo Cavalcanti, S\u00e3o Paulo<\/em><\/p>\n<h6><a href=\"https:\/\/digital.estadao.com.br\/o-estado-de-s-paulo\/20251231\"><strong><em>Fonte: O Estado de S. Paulo<\/em><\/strong><\/a><\/h6>\n","protected":false},"excerpt":{"rendered":"<p>Editorial do Estad\u00e3o 28\/12 (A3) abordou com propriedade o descompasso no ensino de matem\u00e1tica entre alunos dos cursos m\u00e9dio e fundamental no Brasil. Segundo o Saeb, apenas 5,2% dos alunos saem das escolas p\u00fablicas com conhecimento adequado da matem\u00e1tica, isto \u00e9, sabem resolver equa\u00e7\u00f5es de segundo grau, fazer opera\u00e7\u00f5es que envolvam o conceito de lucro [&hellip;]<\/p>\n","protected":false},"author":13,"featured_media":135417,"comment_status":"open","ping_status":"open","sticky":false,"template":"","format":"standard","meta":{"footnotes":""},"categories":[28,6],"tags":[1171],"class_list":{"0":"post-135414","1":"post","2":"type-post","3":"status-publish","4":"format-standard","5":"has-post-thumbnail","7":"category-ie-na-midia","8":"category-noticias","9":"tag-destaque-abaixo"},"yoast_head":"<!-- This site is optimized with the Yoast SEO plugin v27.2 - https:\/\/yoast.com\/product\/yoast-seo-wordpress\/ -->\n<title>O Estado de S. Paulo - F\u00f3rum de Leitores: Ensino de matem\u00e1tica - Instituto de Engenharia<\/title>\n<meta name=\"robots\" content=\"index, follow, max-snippet:-1, max-image-preview:large, max-video-preview:-1\" \/>\n<link rel=\"canonical\" href=\"https:\/\/www.institutodeengenharia.org.br\/site\/2026\/01\/07\/forum-de-leitores-o-estado-de-sao-paulo-ensino-de-matematica\/\" \/>\n<meta property=\"og:locale\" content=\"pt_BR\" \/>\n<meta property=\"og:type\" content=\"article\" \/>\n<meta property=\"og:title\" content=\"O Estado de S. Paulo - F\u00f3rum de Leitores: Ensino de matem\u00e1tica - Instituto de Engenharia\" \/>\n<meta property=\"og:description\" content=\"Editorial do Estad\u00e3o 28\/12 (A3) abordou com propriedade o descompasso no ensino de matem\u00e1tica entre alunos dos cursos m\u00e9dio e fundamental no Brasil. Segundo o Saeb, apenas 5,2% dos alunos saem das escolas p\u00fablicas com conhecimento adequado da matem\u00e1tica, isto \u00e9, sabem resolver equa\u00e7\u00f5es de segundo grau, fazer opera\u00e7\u00f5es que envolvam o conceito de lucro [&hellip;]\" \/>\n<meta property=\"og:url\" content=\"https:\/\/www.institutodeengenharia.org.br\/site\/2026\/01\/07\/forum-de-leitores-o-estado-de-sao-paulo-ensino-de-matematica\/\" \/>\n<meta property=\"og:site_name\" content=\"Instituto de Engenharia\" \/>\n<meta property=\"article:publisher\" content=\"https:\/\/www.facebook.com\/institutodeengenharia\" \/>\n<meta property=\"article:published_time\" content=\"2026-01-07T13:38:19+00:00\" \/>\n<meta property=\"article:modified_time\" content=\"2026-01-30T12:57:00+00:00\" \/>\n<meta property=\"og:image\" content=\"https:\/\/www.institutodeengenharia.org.br\/site\/wp-content\/uploads\/2026\/01\/entrevista-18-1024x576-1.jpg\" \/>\n\t<meta property=\"og:image:width\" content=\"1024\" \/>\n\t<meta property=\"og:image:height\" content=\"576\" \/>\n\t<meta property=\"og:image:type\" content=\"image\/jpeg\" \/>\n<meta name=\"author\" content=\"Bianca\" \/>\n<meta name=\"twitter:card\" content=\"summary_large_image\" \/>\n<meta name=\"twitter:creator\" content=\"@iengenharia\" \/>\n<meta name=\"twitter:site\" content=\"@iengenharia\" \/>\n<meta name=\"twitter:label1\" content=\"Escrito por\" \/>\n\t<meta name=\"twitter:data1\" content=\"Bianca\" \/>\n\t<meta name=\"twitter:label2\" content=\"Est. tempo de leitura\" \/>\n\t<meta name=\"twitter:data2\" content=\"2 minutos\" \/>\n<script type=\"application\/ld+json\" class=\"yoast-schema-graph\">{\"@context\":\"https:\/\/schema.org\",\"@graph\":[{\"@type\":\"Article\",\"@id\":\"https:\/\/www.institutodeengenharia.org.br\/site\/2026\/01\/07\/forum-de-leitores-o-estado-de-sao-paulo-ensino-de-matematica\/#article\",\"isPartOf\":{\"@id\":\"https:\/\/www.institutodeengenharia.org.br\/site\/2026\/01\/07\/forum-de-leitores-o-estado-de-sao-paulo-ensino-de-matematica\/\"},\"author\":{\"name\":\"Bianca\",\"@id\":\"https:\/\/www.institutodeengenharia.org.br\/site\/#\/schema\/person\/aeb64951c405e100d26d30b033dd423f\"},\"headline\":\"O Estado de S. Paulo &#8211; F\u00f3rum de Leitores: Ensino de matem\u00e1tica\",\"datePublished\":\"2026-01-07T13:38:19+00:00\",\"dateModified\":\"2026-01-30T12:57:00+00:00\",\"mainEntityOfPage\":{\"@id\":\"https:\/\/www.institutodeengenharia.org.br\/site\/2026\/01\/07\/forum-de-leitores-o-estado-de-sao-paulo-ensino-de-matematica\/\"},\"wordCount\":249,\"commentCount\":0,\"publisher\":{\"@id\":\"https:\/\/www.institutodeengenharia.org.br\/site\/#organization\"},\"image\":{\"@id\":\"https:\/\/www.institutodeengenharia.org.br\/site\/2026\/01\/07\/forum-de-leitores-o-estado-de-sao-paulo-ensino-de-matematica\/#primaryimage\"},\"thumbnailUrl\":\"https:\/\/www.institutodeengenharia.org.br\/site\/wp-content\/uploads\/2026\/01\/entrevista-18-1024x576-1.jpg\",\"keywords\":[\"destaque-abaixo\"],\"articleSection\":[\"IE NA M\u00cdDIA\",\"Not\u00edcias\"],\"inLanguage\":\"pt-BR\",\"potentialAction\":[{\"@type\":\"CommentAction\",\"name\":\"Comment\",\"target\":[\"https:\/\/www.institutodeengenharia.org.br\/site\/2026\/01\/07\/forum-de-leitores-o-estado-de-sao-paulo-ensino-de-matematica\/#respond\"]}]},{\"@type\":\"WebPage\",\"@id\":\"https:\/\/www.institutodeengenharia.org.br\/site\/2026\/01\/07\/forum-de-leitores-o-estado-de-sao-paulo-ensino-de-matematica\/\",\"url\":\"https:\/\/www.institutodeengenharia.org.br\/site\/2026\/01\/07\/forum-de-leitores-o-estado-de-sao-paulo-ensino-de-matematica\/\",\"name\":\"O Estado de S. Paulo - F\u00f3rum de Leitores: Ensino de matem\u00e1tica - Instituto de Engenharia\",\"isPartOf\":{\"@id\":\"https:\/\/www.institutodeengenharia.org.br\/site\/#website\"},\"primaryImageOfPage\":{\"@id\":\"https:\/\/www.institutodeengenharia.org.br\/site\/2026\/01\/07\/forum-de-leitores-o-estado-de-sao-paulo-ensino-de-matematica\/#primaryimage\"},\"image\":{\"@id\":\"https:\/\/www.institutodeengenharia.org.br\/site\/2026\/01\/07\/forum-de-leitores-o-estado-de-sao-paulo-ensino-de-matematica\/#primaryimage\"},\"thumbnailUrl\":\"https:\/\/www.institutodeengenharia.org.br\/site\/wp-content\/uploads\/2026\/01\/entrevista-18-1024x576-1.jpg\",\"datePublished\":\"2026-01-07T13:38:19+00:00\",\"dateModified\":\"2026-01-30T12:57:00+00:00\",\"breadcrumb\":{\"@id\":\"https:\/\/www.institutodeengenharia.org.br\/site\/2026\/01\/07\/forum-de-leitores-o-estado-de-sao-paulo-ensino-de-matematica\/#breadcrumb\"},\"inLanguage\":\"pt-BR\",\"potentialAction\":[{\"@type\":\"ReadAction\",\"target\":[\"https:\/\/www.institutodeengenharia.org.br\/site\/2026\/01\/07\/forum-de-leitores-o-estado-de-sao-paulo-ensino-de-matematica\/\"]}]},{\"@type\":\"ImageObject\",\"inLanguage\":\"pt-BR\",\"@id\":\"https:\/\/www.institutodeengenharia.org.br\/site\/2026\/01\/07\/forum-de-leitores-o-estado-de-sao-paulo-ensino-de-matematica\/#primaryimage\",\"url\":\"https:\/\/www.institutodeengenharia.org.br\/site\/wp-content\/uploads\/2026\/01\/entrevista-18-1024x576-1.jpg\",\"contentUrl\":\"https:\/\/www.institutodeengenharia.org.br\/site\/wp-content\/uploads\/2026\/01\/entrevista-18-1024x576-1.jpg\",\"width\":1024,\"height\":576},{\"@type\":\"BreadcrumbList\",\"@id\":\"https:\/\/www.institutodeengenharia.org.br\/site\/2026\/01\/07\/forum-de-leitores-o-estado-de-sao-paulo-ensino-de-matematica\/#breadcrumb\",\"itemListElement\":[{\"@type\":\"ListItem\",\"position\":1,\"name\":\"In\u00edcio\",\"item\":\"https:\/\/www.institutodeengenharia.org.br\/site\/\"},{\"@type\":\"ListItem\",\"position\":2,\"name\":\"O Estado de S. Paulo &#8211; F\u00f3rum de Leitores: Ensino de matem\u00e1tica\"}]},{\"@type\":\"WebSite\",\"@id\":\"https:\/\/www.institutodeengenharia.org.br\/site\/#website\",\"url\":\"https:\/\/www.institutodeengenharia.org.br\/site\/\",\"name\":\"Instituto de Engenharia\",\"description\":\"O Instituto de Engenharia promove a Engenharia em benef\u00edcio do desenvolvimento e da qualidade de vida da sociedade.\",\"publisher\":{\"@id\":\"https:\/\/www.institutodeengenharia.org.br\/site\/#organization\"},\"potentialAction\":[{\"@type\":\"SearchAction\",\"target\":{\"@type\":\"EntryPoint\",\"urlTemplate\":\"https:\/\/www.institutodeengenharia.org.br\/site\/?s={search_term_string}\"},\"query-input\":{\"@type\":\"PropertyValueSpecification\",\"valueRequired\":true,\"valueName\":\"search_term_string\"}}],\"inLanguage\":\"pt-BR\"},{\"@type\":\"Organization\",\"@id\":\"https:\/\/www.institutodeengenharia.org.br\/site\/#organization\",\"name\":\"Instituto de Engenharia\",\"url\":\"https:\/\/www.institutodeengenharia.org.br\/site\/\",\"logo\":{\"@type\":\"ImageObject\",\"inLanguage\":\"pt-BR\",\"@id\":\"https:\/\/www.institutodeengenharia.org.br\/site\/#\/schema\/logo\/image\/\",\"url\":\"https:\/\/www.institutodeengenharia.org.br\/site\/wp-content\/uploads\/2019\/03\/logo-novo-IE2018-1.jpg\",\"contentUrl\":\"https:\/\/www.institutodeengenharia.org.br\/site\/wp-content\/uploads\/2019\/03\/logo-novo-IE2018-1.jpg\",\"width\":1486,\"height\":1879,\"caption\":\"Instituto de Engenharia\"},\"image\":{\"@id\":\"https:\/\/www.institutodeengenharia.org.br\/site\/#\/schema\/logo\/image\/\"},\"sameAs\":[\"https:\/\/www.facebook.com\/institutodeengenharia\",\"https:\/\/x.com\/iengenharia\",\"https:\/\/www.instagram.com\/institutodeengenharia\/\",\"https:\/\/www.linkedin.com\/company\/instituto-de-engenharia\/\",\"https:\/\/www.youtube.com\/channel\/UCXiCAlsSMe977vamW915HxA\"]},{\"@type\":\"Person\",\"@id\":\"https:\/\/www.institutodeengenharia.org.br\/site\/#\/schema\/person\/aeb64951c405e100d26d30b033dd423f\",\"name\":\"Bianca\",\"image\":{\"@type\":\"ImageObject\",\"inLanguage\":\"pt-BR\",\"@id\":\"https:\/\/secure.gravatar.com\/avatar\/a6fbe9bff57405baf4c1e2c5c1811e072b558253974a9f9508f4678900c97c2a?s=96&d=mm&r=g\",\"url\":\"https:\/\/secure.gravatar.com\/avatar\/a6fbe9bff57405baf4c1e2c5c1811e072b558253974a9f9508f4678900c97c2a?s=96&d=mm&r=g\",\"contentUrl\":\"https:\/\/secure.gravatar.com\/avatar\/a6fbe9bff57405baf4c1e2c5c1811e072b558253974a9f9508f4678900c97c2a?s=96&d=mm&r=g\",\"caption\":\"Bianca\"},\"url\":\"https:\/\/www.institutodeengenharia.org.br\/site\/author\/comunicacao1\/\"}]}<\/script>\n<!-- \/ Yoast SEO plugin. -->","yoast_head_json":{"title":"O Estado de S. Paulo - F\u00f3rum de Leitores: Ensino de matem\u00e1tica - Instituto de Engenharia","robots":{"index":"index","follow":"follow","max-snippet":"max-snippet:-1","max-image-preview":"max-image-preview:large","max-video-preview":"max-video-preview:-1"},"canonical":"https:\/\/www.institutodeengenharia.org.br\/site\/2026\/01\/07\/forum-de-leitores-o-estado-de-sao-paulo-ensino-de-matematica\/","og_locale":"pt_BR","og_type":"article","og_title":"O Estado de S. Paulo - F\u00f3rum de Leitores: Ensino de matem\u00e1tica - Instituto de Engenharia","og_description":"Editorial do Estad\u00e3o 28\/12 (A3) abordou com propriedade o descompasso no ensino de matem\u00e1tica entre alunos dos cursos m\u00e9dio e fundamental no Brasil. Segundo o Saeb, apenas 5,2% dos alunos saem das escolas p\u00fablicas com conhecimento adequado da matem\u00e1tica, isto \u00e9, sabem resolver equa\u00e7\u00f5es de segundo grau, fazer opera\u00e7\u00f5es que envolvam o conceito de lucro [&hellip;]","og_url":"https:\/\/www.institutodeengenharia.org.br\/site\/2026\/01\/07\/forum-de-leitores-o-estado-de-sao-paulo-ensino-de-matematica\/","og_site_name":"Instituto de Engenharia","article_publisher":"https:\/\/www.facebook.com\/institutodeengenharia","article_published_time":"2026-01-07T13:38:19+00:00","article_modified_time":"2026-01-30T12:57:00+00:00","og_image":[{"width":1024,"height":576,"url":"https:\/\/www.institutodeengenharia.org.br\/site\/wp-content\/uploads\/2026\/01\/entrevista-18-1024x576-1.jpg","type":"image\/jpeg"}],"author":"Bianca","twitter_card":"summary_large_image","twitter_creator":"@iengenharia","twitter_site":"@iengenharia","twitter_misc":{"Escrito por":"Bianca","Est. tempo de leitura":"2 minutos"},"schema":{"@context":"https:\/\/schema.org","@graph":[{"@type":"Article","@id":"https:\/\/www.institutodeengenharia.org.br\/site\/2026\/01\/07\/forum-de-leitores-o-estado-de-sao-paulo-ensino-de-matematica\/#article","isPartOf":{"@id":"https:\/\/www.institutodeengenharia.org.br\/site\/2026\/01\/07\/forum-de-leitores-o-estado-de-sao-paulo-ensino-de-matematica\/"},"author":{"name":"Bianca","@id":"https:\/\/www.institutodeengenharia.org.br\/site\/#\/schema\/person\/aeb64951c405e100d26d30b033dd423f"},"headline":"O Estado de S. Paulo &#8211; F\u00f3rum de Leitores: Ensino de matem\u00e1tica","datePublished":"2026-01-07T13:38:19+00:00","dateModified":"2026-01-30T12:57:00+00:00","mainEntityOfPage":{"@id":"https:\/\/www.institutodeengenharia.org.br\/site\/2026\/01\/07\/forum-de-leitores-o-estado-de-sao-paulo-ensino-de-matematica\/"},"wordCount":249,"commentCount":0,"publisher":{"@id":"https:\/\/www.institutodeengenharia.org.br\/site\/#organization"},"image":{"@id":"https:\/\/www.institutodeengenharia.org.br\/site\/2026\/01\/07\/forum-de-leitores-o-estado-de-sao-paulo-ensino-de-matematica\/#primaryimage"},"thumbnailUrl":"https:\/\/www.institutodeengenharia.org.br\/site\/wp-content\/uploads\/2026\/01\/entrevista-18-1024x576-1.jpg","keywords":["destaque-abaixo"],"articleSection":["IE NA M\u00cdDIA","Not\u00edcias"],"inLanguage":"pt-BR","potentialAction":[{"@type":"CommentAction","name":"Comment","target":["https:\/\/www.institutodeengenharia.org.br\/site\/2026\/01\/07\/forum-de-leitores-o-estado-de-sao-paulo-ensino-de-matematica\/#respond"]}]},{"@type":"WebPage","@id":"https:\/\/www.institutodeengenharia.org.br\/site\/2026\/01\/07\/forum-de-leitores-o-estado-de-sao-paulo-ensino-de-matematica\/","url":"https:\/\/www.institutodeengenharia.org.br\/site\/2026\/01\/07\/forum-de-leitores-o-estado-de-sao-paulo-ensino-de-matematica\/","name":"O Estado de S. Paulo - F\u00f3rum de Leitores: Ensino de matem\u00e1tica - Instituto de Engenharia","isPartOf":{"@id":"https:\/\/www.institutodeengenharia.org.br\/site\/#website"},"primaryImageOfPage":{"@id":"https:\/\/www.institutodeengenharia.org.br\/site\/2026\/01\/07\/forum-de-leitores-o-estado-de-sao-paulo-ensino-de-matematica\/#primaryimage"},"image":{"@id":"https:\/\/www.institutodeengenharia.org.br\/site\/2026\/01\/07\/forum-de-leitores-o-estado-de-sao-paulo-ensino-de-matematica\/#primaryimage"},"thumbnailUrl":"https:\/\/www.institutodeengenharia.org.br\/site\/wp-content\/uploads\/2026\/01\/entrevista-18-1024x576-1.jpg","datePublished":"2026-01-07T13:38:19+00:00","dateModified":"2026-01-30T12:57:00+00:00","breadcrumb":{"@id":"https:\/\/www.institutodeengenharia.org.br\/site\/2026\/01\/07\/forum-de-leitores-o-estado-de-sao-paulo-ensino-de-matematica\/#breadcrumb"},"inLanguage":"pt-BR","potentialAction":[{"@type":"ReadAction","target":["https:\/\/www.institutodeengenharia.org.br\/site\/2026\/01\/07\/forum-de-leitores-o-estado-de-sao-paulo-ensino-de-matematica\/"]}]},{"@type":"ImageObject","inLanguage":"pt-BR","@id":"https:\/\/www.institutodeengenharia.org.br\/site\/2026\/01\/07\/forum-de-leitores-o-estado-de-sao-paulo-ensino-de-matematica\/#primaryimage","url":"https:\/\/www.institutodeengenharia.org.br\/site\/wp-content\/uploads\/2026\/01\/entrevista-18-1024x576-1.jpg","contentUrl":"https:\/\/www.institutodeengenharia.org.br\/site\/wp-content\/uploads\/2026\/01\/entrevista-18-1024x576-1.jpg","width":1024,"height":576},{"@type":"BreadcrumbList","@id":"https:\/\/www.institutodeengenharia.org.br\/site\/2026\/01\/07\/forum-de-leitores-o-estado-de-sao-paulo-ensino-de-matematica\/#breadcrumb","itemListElement":[{"@type":"ListItem","position":1,"name":"In\u00edcio","item":"https:\/\/www.institutodeengenharia.org.br\/site\/"},{"@type":"ListItem","position":2,"name":"O Estado de S. Paulo &#8211; F\u00f3rum de Leitores: Ensino de matem\u00e1tica"}]},{"@type":"WebSite","@id":"https:\/\/www.institutodeengenharia.org.br\/site\/#website","url":"https:\/\/www.institutodeengenharia.org.br\/site\/","name":"Instituto de Engenharia","description":"O Instituto de Engenharia promove a Engenharia em benef\u00edcio do desenvolvimento e da qualidade de vida da sociedade.","publisher":{"@id":"https:\/\/www.institutodeengenharia.org.br\/site\/#organization"},"potentialAction":[{"@type":"SearchAction","target":{"@type":"EntryPoint","urlTemplate":"https:\/\/www.institutodeengenharia.org.br\/site\/?s={search_term_string}"},"query-input":{"@type":"PropertyValueSpecification","valueRequired":true,"valueName":"search_term_string"}}],"inLanguage":"pt-BR"},{"@type":"Organization","@id":"https:\/\/www.institutodeengenharia.org.br\/site\/#organization","name":"Instituto de Engenharia","url":"https:\/\/www.institutodeengenharia.org.br\/site\/","logo":{"@type":"ImageObject","inLanguage":"pt-BR","@id":"https:\/\/www.institutodeengenharia.org.br\/site\/#\/schema\/logo\/image\/","url":"https:\/\/www.institutodeengenharia.org.br\/site\/wp-content\/uploads\/2019\/03\/logo-novo-IE2018-1.jpg","contentUrl":"https:\/\/www.institutodeengenharia.org.br\/site\/wp-content\/uploads\/2019\/03\/logo-novo-IE2018-1.jpg","width":1486,"height":1879,"caption":"Instituto de Engenharia"},"image":{"@id":"https:\/\/www.institutodeengenharia.org.br\/site\/#\/schema\/logo\/image\/"},"sameAs":["https:\/\/www.facebook.com\/institutodeengenharia","https:\/\/x.com\/iengenharia","https:\/\/www.instagram.com\/institutodeengenharia\/","https:\/\/www.linkedin.com\/company\/instituto-de-engenharia\/","https:\/\/www.youtube.com\/channel\/UCXiCAlsSMe977vamW915HxA"]},{"@type":"Person","@id":"https:\/\/www.institutodeengenharia.org.br\/site\/#\/schema\/person\/aeb64951c405e100d26d30b033dd423f","name":"Bianca","image":{"@type":"ImageObject","inLanguage":"pt-BR","@id":"https:\/\/secure.gravatar.com\/avatar\/a6fbe9bff57405baf4c1e2c5c1811e072b558253974a9f9508f4678900c97c2a?s=96&d=mm&r=g","url":"https:\/\/secure.gravatar.com\/avatar\/a6fbe9bff57405baf4c1e2c5c1811e072b558253974a9f9508f4678900c97c2a?s=96&d=mm&r=g","contentUrl":"https:\/\/secure.gravatar.com\/avatar\/a6fbe9bff57405baf4c1e2c5c1811e072b558253974a9f9508f4678900c97c2a?s=96&d=mm&r=g","caption":"Bianca"},"url":"https:\/\/www.institutodeengenharia.org.br\/site\/author\/comunicacao1\/"}]}},"_links":{"self":[{"href":"https:\/\/www.institutodeengenharia.org.br\/site\/wp-json\/wp\/v2\/posts\/135414","targetHints":{"allow":["GET"]}}],"collection":[{"href":"https:\/\/www.institutodeengenharia.org.br\/site\/wp-json\/wp\/v2\/posts"}],"about":[{"href":"https:\/\/www.institutodeengenharia.org.br\/site\/wp-json\/wp\/v2\/types\/post"}],"author":[{"embeddable":true,"href":"https:\/\/www.institutodeengenharia.org.br\/site\/wp-json\/wp\/v2\/users\/13"}],"replies":[{"embeddable":true,"href":"https:\/\/www.institutodeengenharia.org.br\/site\/wp-json\/wp\/v2\/comments?post=135414"}],"version-history":[{"count":7,"href":"https:\/\/www.institutodeengenharia.org.br\/site\/wp-json\/wp\/v2\/posts\/135414\/revisions"}],"predecessor-version":[{"id":135938,"href":"https:\/\/www.institutodeengenharia.org.br\/site\/wp-json\/wp\/v2\/posts\/135414\/revisions\/135938"}],"wp:featuredmedia":[{"embeddable":true,"href":"https:\/\/www.institutodeengenharia.org.br\/site\/wp-json\/wp\/v2\/media\/135417"}],"wp:attachment":[{"href":"https:\/\/www.institutodeengenharia.org.br\/site\/wp-json\/wp\/v2\/media?parent=135414"}],"wp:term":[{"taxonomy":"category","embeddable":true,"href":"https:\/\/www.institutodeengenharia.org.br\/site\/wp-json\/wp\/v2\/categories?post=135414"},{"taxonomy":"post_tag","embeddable":true,"href":"https:\/\/www.institutodeengenharia.org.br\/site\/wp-json\/wp\/v2\/tags?post=135414"}],"curies":[{"name":"wp","href":"https:\/\/api.w.org\/{rel}","templated":true}]}}