{"id":135250,"date":"2025-11-11T09:46:17","date_gmt":"2025-11-11T12:46:17","guid":{"rendered":"https:\/\/www.institutodeengenharia.org.br\/site\/?p=135250"},"modified":"2025-12-19T09:50:49","modified_gmt":"2025-12-19T12:50:49","slug":"abordagem-holistica-de-projeto-para-alcancar-sustentabilidade-descarbonizacao-e-ieq","status":"publish","type":"post","link":"https:\/\/www.institutodeengenharia.org.br\/site\/2025\/11\/11\/abordagem-holistica-de-projeto-para-alcancar-sustentabilidade-descarbonizacao-e-ieq\/","title":{"rendered":"Abordagem Hol\u00edstica de Projeto para Alcan\u00e7ar Sustentabilidade, Descarboniza\u00e7\u00e3o e IEQ"},"content":{"rendered":"<p><strong>Assista abaixo \u00e0 grava\u00e7\u00e3o do evento:\u00a0<\/strong><\/p>\n<div style=\"padding: 56.25% 0 0 0; position: relative;\"><iframe style=\"position: absolute; top: 0; left: 0; width: 100%; height: 100%;\" title=\"Abordagem Hol\u00edstica de Projeto_1\" src=\"https:\/\/player.vimeo.com\/video\/1143401257?badge=0&amp;autopause=0&amp;player_id=0&amp;app_id=58479\" frameborder=\"0\"><\/iframe><\/div>\n<p>&nbsp;<\/p>\n<p><strong>+ Informa\u00e7\u00e3o:\u00a0<\/strong><\/p>\n<p>Esta palestra ir\u00e1 explorar como os processos de projeto integrados e orientados por dados (data-driven design) podem apoiar a entrega de edifica\u00e7\u00f5es de alta performance, e net-zero carbon, que tamb\u00e9m promovem a qualidade do ambiente interno (IEQ). No contexto atual, marcado pelas mudan\u00e7as clim\u00e1ticas e pelas prioridades p\u00f3s-pandemia, as edifica\u00e7\u00f5es devem ir al\u00e9m da fun\u00e7\u00e3o de abrigo: precisam contribuir ativamente para a sa\u00fade, a produtividade dos ocupantes e a resili\u00eancia ambiental.<\/p>\n<p>Por meio de uma abordagem multidisciplinar, e colaborativa, desde as fases iniciais do projeto, os participantes compreender\u00e3o como aplicar estrat\u00e9gias passivas, baseadas em desempenho e o pensamento de ciclo de vida para otimizar o desempenho das edifica\u00e7\u00f5es em m\u00e9tricas-chave. A palestra aborda como equilibrar efici\u00eancia energ\u00e9tica, carbono e integra\u00e7\u00e3o de energias renov\u00e1veis com par\u00e2metros cr\u00edticos de IEQ, como conforto, ilumina\u00e7\u00e3o natural e materiais de baixa emiss\u00e3o.<\/p>\n<p>A palestra apresentar\u00e1, tamb\u00e9m, ferramentas de modelagem que apoiam a tomada de decis\u00e3o informada e a verifica\u00e7\u00e3o cont\u00ednua de desempenho. Os participantes ter\u00e3o acesso a um arcabou\u00e7o para integrar objetivos de IEQ e sustentabilidade com metas de carbono, demonstrando como edifica\u00e7\u00f5es regenerativas podem ser alcan\u00e7adas por meio de pr\u00e1ticas de projeto estruturadas e baseadas em dados.<\/p>\n<p><strong>P\u00fablico-alvo:<\/strong><\/p>\n<p>Engenheiros, arquitetos e estudantes.<\/p>\n<p><strong>Realiza\u00e7\u00e3o:<\/strong><\/p>\n<p><img loading=\"lazy\" decoding=\"async\" class=\"alignnone wp-image-81229 alignleft td-animation-stack-type0-2\" src=\"https:\/\/www.institutodeengenharia.org.br\/site\/wp-content\/uploads\/2021\/05\/ie-logo-escudo.jpeg\" alt=\"\" width=\"94\" height=\"119\" srcset=\"https:\/\/www.institutodeengenharia.org.br\/site\/wp-content\/uploads\/2021\/05\/ie-logo-escudo.jpeg 1012w, https:\/\/www.institutodeengenharia.org.br\/site\/wp-content\/uploads\/2021\/05\/ie-logo-escudo-237x300.jpeg 237w, https:\/\/www.institutodeengenharia.org.br\/site\/wp-content\/uploads\/2021\/05\/ie-logo-escudo-810x1024.jpeg 810w, https:\/\/www.institutodeengenharia.org.br\/site\/wp-content\/uploads\/2021\/05\/ie-logo-escudo-768x971.jpeg 768w, https:\/\/www.institutodeengenharia.org.br\/site\/wp-content\/uploads\/2021\/05\/ie-logo-escudo-696x880.jpeg 696w, https:\/\/www.institutodeengenharia.org.br\/site\/wp-content\/uploads\/2021\/05\/ie-logo-escudo-332x420.jpeg 332w, https:\/\/www.institutodeengenharia.org.br\/site\/wp-content\/uploads\/2021\/05\/ie-logo-escudo-600x759.jpeg 600w\" sizes=\"auto, (max-width: 94px) 100vw, 94px\" \/><\/p>\n<p><strong>Eng. Jer\u00f4nimo Cabral Pereira Fagundes Neto<\/strong>\u00a0\u2013 Vice-presidente de Atividades T\u00e9cnicas<\/p>\n<p><strong>Eng. Al\u00e9ssio Bento Borelli<\/strong>\u00a0\u2013 Diretor do Departamento de Desenvolvimento de Tecnologia, Ind\u00fastria, Energia e Telecomunica\u00e7\u00f5es<\/p>\n<p><strong>Eng. Francisco Jos\u00e9 Pereira de Oliveira<\/strong>\u00a0\u2013 Diretor do Departamento de Desenvolvimento de Projeto e Servi\u00e7os de Infraestrutura<\/p>\n<p><strong>Eng.\u00aa Aurea L. Vendramin Georgi<\/strong>\u00a0\u2013 Vice-diretora do Departamento de Desenvolvimento de Tecnologia, Ind\u00fastria, Energia e Telecomunica\u00e7\u00f5es; coordenadora da Divis\u00e3o T\u00e9cnica de Intelig\u00eancia Artificial, Controle e Automa\u00e7\u00e3o<\/p>\n<p><strong>Arq. Urb. Taina Volcov<\/strong>\u00a0\u2013 Coordenadora da Divis\u00e3o T\u00e9cnica de Arquitetura, Paisagismo e Comunica\u00e7\u00e3o Visual<\/p>\n<p><strong>COMET<\/strong>\u00a0\u2013 Comit\u00ea das Mulheres na Engenharia e Tecnologia<\/p>\n<p><strong>Apoio Institucional:<\/strong><\/p>\n<p><img loading=\"lazy\" decoding=\"async\" class=\"alignnone wp-image-77696 td-animation-stack-type0-2\" src=\"https:\/\/www.institutodeengenharia.org.br\/site\/wp-content\/uploads\/2021\/02\/crea.jpg\" alt=\"\" width=\"145\" height=\"102\" srcset=\"https:\/\/www.institutodeengenharia.org.br\/site\/wp-content\/uploads\/2021\/02\/crea.jpg 448w, https:\/\/www.institutodeengenharia.org.br\/site\/wp-content\/uploads\/2021\/02\/crea-300x211.jpg 300w, https:\/\/www.institutodeengenharia.org.br\/site\/wp-content\/uploads\/2021\/02\/crea-100x70.jpg 100w\" sizes=\"auto, (max-width: 145px) 100vw, 145px\" \/><\/p>\n<p><strong>Apoio \u00e0 forma\u00e7\u00e3o:\u00a0<\/strong><\/p>\n<p>Espa\u00e7o aberto ao CREA-SP, objetivando o aperfei\u00e7oamento dos profissionais e o aprimoramento da fiscaliza\u00e7\u00e3o das \u00e1reas abrangidas pelo Sistema Confea\/CREAs, al\u00e9m de promover a conscientiza\u00e7\u00e3o da sociedade quanto \u00e0 necessidade e obrigatoriedade de contratar um profissional devidamente habilitado.<\/p>\n<p>&nbsp;<\/p>\n","protected":false},"excerpt":{"rendered":"<p>Assista abaixo \u00e0 grava\u00e7\u00e3o do evento:\u00a0 &nbsp; + Informa\u00e7\u00e3o:\u00a0 Esta palestra ir\u00e1 explorar como os processos de projeto integrados e orientados por dados (data-driven design) podem apoiar a entrega de edifica\u00e7\u00f5es de alta performance, e net-zero carbon, que tamb\u00e9m promovem a qualidade do ambiente interno (IEQ). No contexto atual, marcado pelas mudan\u00e7as clim\u00e1ticas e pelas [&hellip;]<\/p>\n","protected":false},"author":13,"featured_media":135251,"comment_status":"open","ping_status":"open","sticky":false,"template":"","format":"video","meta":{"footnotes":""},"categories":[968,969],"tags":[],"class_list":{"0":"post-135250","1":"post","2":"type-post","3":"status-publish","4":"format-video","5":"has-post-thumbnail","7":"category-nova-tv-engenharia","8":"category-palestra","9":"post_format-post-format-video"},"yoast_head":"<!-- This site is optimized with the Yoast SEO plugin v27.2 - https:\/\/yoast.com\/product\/yoast-seo-wordpress\/ -->\n<title>Abordagem Hol\u00edstica de Projeto para Alcan\u00e7ar Sustentabilidade, Descarboniza\u00e7\u00e3o e IEQ - Instituto de Engenharia<\/title>\n<meta name=\"robots\" content=\"index, follow, max-snippet:-1, max-image-preview:large, max-video-preview:-1\" \/>\n<link rel=\"canonical\" href=\"https:\/\/www.institutodeengenharia.org.br\/site\/2025\/11\/11\/abordagem-holistica-de-projeto-para-alcancar-sustentabilidade-descarbonizacao-e-ieq\/\" \/>\n<meta property=\"og:locale\" content=\"pt_BR\" \/>\n<meta property=\"og:type\" content=\"article\" \/>\n<meta property=\"og:title\" content=\"Abordagem Hol\u00edstica de Projeto para Alcan\u00e7ar Sustentabilidade, Descarboniza\u00e7\u00e3o e IEQ - Instituto de Engenharia\" \/>\n<meta property=\"og:description\" content=\"Assista abaixo \u00e0 grava\u00e7\u00e3o do evento:\u00a0 &nbsp; + Informa\u00e7\u00e3o:\u00a0 Esta palestra ir\u00e1 explorar como os processos de projeto integrados e orientados por dados (data-driven design) podem apoiar a entrega de edifica\u00e7\u00f5es de alta performance, e net-zero carbon, que tamb\u00e9m promovem a qualidade do ambiente interno (IEQ). No contexto atual, marcado pelas mudan\u00e7as clim\u00e1ticas e pelas [&hellip;]\" \/>\n<meta property=\"og:url\" content=\"https:\/\/www.institutodeengenharia.org.br\/site\/2025\/11\/11\/abordagem-holistica-de-projeto-para-alcancar-sustentabilidade-descarbonizacao-e-ieq\/\" \/>\n<meta property=\"og:site_name\" content=\"Instituto de Engenharia\" \/>\n<meta property=\"article:publisher\" content=\"https:\/\/www.facebook.com\/institutodeengenharia\" \/>\n<meta property=\"article:published_time\" content=\"2025-11-11T12:46:17+00:00\" \/>\n<meta property=\"article:modified_time\" content=\"2025-12-19T12:50:49+00:00\" \/>\n<meta property=\"og:image\" content=\"https:\/\/www.institutodeengenharia.org.br\/site\/wp-content\/uploads\/2025\/12\/CAPA-PALESTRA-ONLINE-5-1.jpg\" \/>\n\t<meta property=\"og:image:width\" content=\"1920\" \/>\n\t<meta property=\"og:image:height\" content=\"1080\" \/>\n\t<meta property=\"og:image:type\" content=\"image\/jpeg\" \/>\n<meta name=\"author\" content=\"Bianca\" \/>\n<meta name=\"twitter:card\" content=\"summary_large_image\" \/>\n<meta name=\"twitter:creator\" content=\"@iengenharia\" \/>\n<meta name=\"twitter:site\" content=\"@iengenharia\" \/>\n<meta name=\"twitter:label1\" content=\"Escrito por\" \/>\n\t<meta name=\"twitter:data1\" content=\"Bianca\" \/>\n\t<meta name=\"twitter:label2\" content=\"Est. tempo de leitura\" \/>\n\t<meta name=\"twitter:data2\" content=\"3 minutos\" \/>\n<script type=\"application\/ld+json\" class=\"yoast-schema-graph\">{\"@context\":\"https:\/\/schema.org\",\"@graph\":[{\"@type\":\"Article\",\"@id\":\"https:\/\/www.institutodeengenharia.org.br\/site\/2025\/11\/11\/abordagem-holistica-de-projeto-para-alcancar-sustentabilidade-descarbonizacao-e-ieq\/#article\",\"isPartOf\":{\"@id\":\"https:\/\/www.institutodeengenharia.org.br\/site\/2025\/11\/11\/abordagem-holistica-de-projeto-para-alcancar-sustentabilidade-descarbonizacao-e-ieq\/\"},\"author\":{\"name\":\"Bianca\",\"@id\":\"https:\/\/www.institutodeengenharia.org.br\/site\/#\/schema\/person\/aeb64951c405e100d26d30b033dd423f\"},\"headline\":\"Abordagem Hol\u00edstica de Projeto para Alcan\u00e7ar Sustentabilidade, Descarboniza\u00e7\u00e3o e IEQ\",\"datePublished\":\"2025-11-11T12:46:17+00:00\",\"dateModified\":\"2025-12-19T12:50:49+00:00\",\"mainEntityOfPage\":{\"@id\":\"https:\/\/www.institutodeengenharia.org.br\/site\/2025\/11\/11\/abordagem-holistica-de-projeto-para-alcancar-sustentabilidade-descarbonizacao-e-ieq\/\"},\"wordCount\":408,\"commentCount\":0,\"publisher\":{\"@id\":\"https:\/\/www.institutodeengenharia.org.br\/site\/#organization\"},\"image\":{\"@id\":\"https:\/\/www.institutodeengenharia.org.br\/site\/2025\/11\/11\/abordagem-holistica-de-projeto-para-alcancar-sustentabilidade-descarbonizacao-e-ieq\/#primaryimage\"},\"thumbnailUrl\":\"https:\/\/www.institutodeengenharia.org.br\/site\/wp-content\/uploads\/2025\/12\/CAPA-PALESTRA-ONLINE-5-1.jpg\",\"articleSection\":[\"Nova TV Engenharia\",\"Palestra\"],\"inLanguage\":\"pt-BR\",\"potentialAction\":[{\"@type\":\"CommentAction\",\"name\":\"Comment\",\"target\":[\"https:\/\/www.institutodeengenharia.org.br\/site\/2025\/11\/11\/abordagem-holistica-de-projeto-para-alcancar-sustentabilidade-descarbonizacao-e-ieq\/#respond\"]}]},{\"@type\":\"WebPage\",\"@id\":\"https:\/\/www.institutodeengenharia.org.br\/site\/2025\/11\/11\/abordagem-holistica-de-projeto-para-alcancar-sustentabilidade-descarbonizacao-e-ieq\/\",\"url\":\"https:\/\/www.institutodeengenharia.org.br\/site\/2025\/11\/11\/abordagem-holistica-de-projeto-para-alcancar-sustentabilidade-descarbonizacao-e-ieq\/\",\"name\":\"Abordagem Hol\u00edstica de Projeto para Alcan\u00e7ar Sustentabilidade, Descarboniza\u00e7\u00e3o e IEQ - Instituto de Engenharia\",\"isPartOf\":{\"@id\":\"https:\/\/www.institutodeengenharia.org.br\/site\/#website\"},\"primaryImageOfPage\":{\"@id\":\"https:\/\/www.institutodeengenharia.org.br\/site\/2025\/11\/11\/abordagem-holistica-de-projeto-para-alcancar-sustentabilidade-descarbonizacao-e-ieq\/#primaryimage\"},\"image\":{\"@id\":\"https:\/\/www.institutodeengenharia.org.br\/site\/2025\/11\/11\/abordagem-holistica-de-projeto-para-alcancar-sustentabilidade-descarbonizacao-e-ieq\/#primaryimage\"},\"thumbnailUrl\":\"https:\/\/www.institutodeengenharia.org.br\/site\/wp-content\/uploads\/2025\/12\/CAPA-PALESTRA-ONLINE-5-1.jpg\",\"datePublished\":\"2025-11-11T12:46:17+00:00\",\"dateModified\":\"2025-12-19T12:50:49+00:00\",\"breadcrumb\":{\"@id\":\"https:\/\/www.institutodeengenharia.org.br\/site\/2025\/11\/11\/abordagem-holistica-de-projeto-para-alcancar-sustentabilidade-descarbonizacao-e-ieq\/#breadcrumb\"},\"inLanguage\":\"pt-BR\",\"potentialAction\":[{\"@type\":\"ReadAction\",\"target\":[\"https:\/\/www.institutodeengenharia.org.br\/site\/2025\/11\/11\/abordagem-holistica-de-projeto-para-alcancar-sustentabilidade-descarbonizacao-e-ieq\/\"]}]},{\"@type\":\"ImageObject\",\"inLanguage\":\"pt-BR\",\"@id\":\"https:\/\/www.institutodeengenharia.org.br\/site\/2025\/11\/11\/abordagem-holistica-de-projeto-para-alcancar-sustentabilidade-descarbonizacao-e-ieq\/#primaryimage\",\"url\":\"https:\/\/www.institutodeengenharia.org.br\/site\/wp-content\/uploads\/2025\/12\/CAPA-PALESTRA-ONLINE-5-1.jpg\",\"contentUrl\":\"https:\/\/www.institutodeengenharia.org.br\/site\/wp-content\/uploads\/2025\/12\/CAPA-PALESTRA-ONLINE-5-1.jpg\",\"width\":1920,\"height\":1080},{\"@type\":\"BreadcrumbList\",\"@id\":\"https:\/\/www.institutodeengenharia.org.br\/site\/2025\/11\/11\/abordagem-holistica-de-projeto-para-alcancar-sustentabilidade-descarbonizacao-e-ieq\/#breadcrumb\",\"itemListElement\":[{\"@type\":\"ListItem\",\"position\":1,\"name\":\"In\u00edcio\",\"item\":\"https:\/\/www.institutodeengenharia.org.br\/site\/\"},{\"@type\":\"ListItem\",\"position\":2,\"name\":\"Abordagem Hol\u00edstica de Projeto para Alcan\u00e7ar Sustentabilidade, Descarboniza\u00e7\u00e3o e IEQ\"}]},{\"@type\":\"WebSite\",\"@id\":\"https:\/\/www.institutodeengenharia.org.br\/site\/#website\",\"url\":\"https:\/\/www.institutodeengenharia.org.br\/site\/\",\"name\":\"Instituto de Engenharia\",\"description\":\"O Instituto de Engenharia promove a Engenharia em benef\u00edcio do desenvolvimento e da qualidade de vida da sociedade.\",\"publisher\":{\"@id\":\"https:\/\/www.institutodeengenharia.org.br\/site\/#organization\"},\"potentialAction\":[{\"@type\":\"SearchAction\",\"target\":{\"@type\":\"EntryPoint\",\"urlTemplate\":\"https:\/\/www.institutodeengenharia.org.br\/site\/?s={search_term_string}\"},\"query-input\":{\"@type\":\"PropertyValueSpecification\",\"valueRequired\":true,\"valueName\":\"search_term_string\"}}],\"inLanguage\":\"pt-BR\"},{\"@type\":\"Organization\",\"@id\":\"https:\/\/www.institutodeengenharia.org.br\/site\/#organization\",\"name\":\"Instituto de Engenharia\",\"url\":\"https:\/\/www.institutodeengenharia.org.br\/site\/\",\"logo\":{\"@type\":\"ImageObject\",\"inLanguage\":\"pt-BR\",\"@id\":\"https:\/\/www.institutodeengenharia.org.br\/site\/#\/schema\/logo\/image\/\",\"url\":\"https:\/\/www.institutodeengenharia.org.br\/site\/wp-content\/uploads\/2019\/03\/logo-novo-IE2018-1.jpg\",\"contentUrl\":\"https:\/\/www.institutodeengenharia.org.br\/site\/wp-content\/uploads\/2019\/03\/logo-novo-IE2018-1.jpg\",\"width\":1486,\"height\":1879,\"caption\":\"Instituto de Engenharia\"},\"image\":{\"@id\":\"https:\/\/www.institutodeengenharia.org.br\/site\/#\/schema\/logo\/image\/\"},\"sameAs\":[\"https:\/\/www.facebook.com\/institutodeengenharia\",\"https:\/\/x.com\/iengenharia\",\"https:\/\/www.instagram.com\/institutodeengenharia\/\",\"https:\/\/www.linkedin.com\/company\/instituto-de-engenharia\/\",\"https:\/\/www.youtube.com\/channel\/UCXiCAlsSMe977vamW915HxA\"]},{\"@type\":\"Person\",\"@id\":\"https:\/\/www.institutodeengenharia.org.br\/site\/#\/schema\/person\/aeb64951c405e100d26d30b033dd423f\",\"name\":\"Bianca\",\"image\":{\"@type\":\"ImageObject\",\"inLanguage\":\"pt-BR\",\"@id\":\"https:\/\/secure.gravatar.com\/avatar\/a6fbe9bff57405baf4c1e2c5c1811e072b558253974a9f9508f4678900c97c2a?s=96&d=mm&r=g\",\"url\":\"https:\/\/secure.gravatar.com\/avatar\/a6fbe9bff57405baf4c1e2c5c1811e072b558253974a9f9508f4678900c97c2a?s=96&d=mm&r=g\",\"contentUrl\":\"https:\/\/secure.gravatar.com\/avatar\/a6fbe9bff57405baf4c1e2c5c1811e072b558253974a9f9508f4678900c97c2a?s=96&d=mm&r=g\",\"caption\":\"Bianca\"},\"url\":\"https:\/\/www.institutodeengenharia.org.br\/site\/author\/comunicacao1\/\"}]}<\/script>\n<!-- \/ Yoast SEO plugin. -->","yoast_head_json":{"title":"Abordagem Hol\u00edstica de Projeto para Alcan\u00e7ar Sustentabilidade, Descarboniza\u00e7\u00e3o e IEQ - Instituto de Engenharia","robots":{"index":"index","follow":"follow","max-snippet":"max-snippet:-1","max-image-preview":"max-image-preview:large","max-video-preview":"max-video-preview:-1"},"canonical":"https:\/\/www.institutodeengenharia.org.br\/site\/2025\/11\/11\/abordagem-holistica-de-projeto-para-alcancar-sustentabilidade-descarbonizacao-e-ieq\/","og_locale":"pt_BR","og_type":"article","og_title":"Abordagem Hol\u00edstica de Projeto para Alcan\u00e7ar Sustentabilidade, Descarboniza\u00e7\u00e3o e IEQ - Instituto de Engenharia","og_description":"Assista abaixo \u00e0 grava\u00e7\u00e3o do evento:\u00a0 &nbsp; + Informa\u00e7\u00e3o:\u00a0 Esta palestra ir\u00e1 explorar como os processos de projeto integrados e orientados por dados (data-driven design) podem apoiar a entrega de edifica\u00e7\u00f5es de alta performance, e net-zero carbon, que tamb\u00e9m promovem a qualidade do ambiente interno (IEQ). No contexto atual, marcado pelas mudan\u00e7as clim\u00e1ticas e pelas [&hellip;]","og_url":"https:\/\/www.institutodeengenharia.org.br\/site\/2025\/11\/11\/abordagem-holistica-de-projeto-para-alcancar-sustentabilidade-descarbonizacao-e-ieq\/","og_site_name":"Instituto de Engenharia","article_publisher":"https:\/\/www.facebook.com\/institutodeengenharia","article_published_time":"2025-11-11T12:46:17+00:00","article_modified_time":"2025-12-19T12:50:49+00:00","og_image":[{"width":1920,"height":1080,"url":"https:\/\/www.institutodeengenharia.org.br\/site\/wp-content\/uploads\/2025\/12\/CAPA-PALESTRA-ONLINE-5-1.jpg","type":"image\/jpeg"}],"author":"Bianca","twitter_card":"summary_large_image","twitter_creator":"@iengenharia","twitter_site":"@iengenharia","twitter_misc":{"Escrito por":"Bianca","Est. tempo de leitura":"3 minutos"},"schema":{"@context":"https:\/\/schema.org","@graph":[{"@type":"Article","@id":"https:\/\/www.institutodeengenharia.org.br\/site\/2025\/11\/11\/abordagem-holistica-de-projeto-para-alcancar-sustentabilidade-descarbonizacao-e-ieq\/#article","isPartOf":{"@id":"https:\/\/www.institutodeengenharia.org.br\/site\/2025\/11\/11\/abordagem-holistica-de-projeto-para-alcancar-sustentabilidade-descarbonizacao-e-ieq\/"},"author":{"name":"Bianca","@id":"https:\/\/www.institutodeengenharia.org.br\/site\/#\/schema\/person\/aeb64951c405e100d26d30b033dd423f"},"headline":"Abordagem Hol\u00edstica de Projeto para Alcan\u00e7ar Sustentabilidade, Descarboniza\u00e7\u00e3o e IEQ","datePublished":"2025-11-11T12:46:17+00:00","dateModified":"2025-12-19T12:50:49+00:00","mainEntityOfPage":{"@id":"https:\/\/www.institutodeengenharia.org.br\/site\/2025\/11\/11\/abordagem-holistica-de-projeto-para-alcancar-sustentabilidade-descarbonizacao-e-ieq\/"},"wordCount":408,"commentCount":0,"publisher":{"@id":"https:\/\/www.institutodeengenharia.org.br\/site\/#organization"},"image":{"@id":"https:\/\/www.institutodeengenharia.org.br\/site\/2025\/11\/11\/abordagem-holistica-de-projeto-para-alcancar-sustentabilidade-descarbonizacao-e-ieq\/#primaryimage"},"thumbnailUrl":"https:\/\/www.institutodeengenharia.org.br\/site\/wp-content\/uploads\/2025\/12\/CAPA-PALESTRA-ONLINE-5-1.jpg","articleSection":["Nova TV Engenharia","Palestra"],"inLanguage":"pt-BR","potentialAction":[{"@type":"CommentAction","name":"Comment","target":["https:\/\/www.institutodeengenharia.org.br\/site\/2025\/11\/11\/abordagem-holistica-de-projeto-para-alcancar-sustentabilidade-descarbonizacao-e-ieq\/#respond"]}]},{"@type":"WebPage","@id":"https:\/\/www.institutodeengenharia.org.br\/site\/2025\/11\/11\/abordagem-holistica-de-projeto-para-alcancar-sustentabilidade-descarbonizacao-e-ieq\/","url":"https:\/\/www.institutodeengenharia.org.br\/site\/2025\/11\/11\/abordagem-holistica-de-projeto-para-alcancar-sustentabilidade-descarbonizacao-e-ieq\/","name":"Abordagem Hol\u00edstica de Projeto para Alcan\u00e7ar Sustentabilidade, Descarboniza\u00e7\u00e3o e IEQ - Instituto de Engenharia","isPartOf":{"@id":"https:\/\/www.institutodeengenharia.org.br\/site\/#website"},"primaryImageOfPage":{"@id":"https:\/\/www.institutodeengenharia.org.br\/site\/2025\/11\/11\/abordagem-holistica-de-projeto-para-alcancar-sustentabilidade-descarbonizacao-e-ieq\/#primaryimage"},"image":{"@id":"https:\/\/www.institutodeengenharia.org.br\/site\/2025\/11\/11\/abordagem-holistica-de-projeto-para-alcancar-sustentabilidade-descarbonizacao-e-ieq\/#primaryimage"},"thumbnailUrl":"https:\/\/www.institutodeengenharia.org.br\/site\/wp-content\/uploads\/2025\/12\/CAPA-PALESTRA-ONLINE-5-1.jpg","datePublished":"2025-11-11T12:46:17+00:00","dateModified":"2025-12-19T12:50:49+00:00","breadcrumb":{"@id":"https:\/\/www.institutodeengenharia.org.br\/site\/2025\/11\/11\/abordagem-holistica-de-projeto-para-alcancar-sustentabilidade-descarbonizacao-e-ieq\/#breadcrumb"},"inLanguage":"pt-BR","potentialAction":[{"@type":"ReadAction","target":["https:\/\/www.institutodeengenharia.org.br\/site\/2025\/11\/11\/abordagem-holistica-de-projeto-para-alcancar-sustentabilidade-descarbonizacao-e-ieq\/"]}]},{"@type":"ImageObject","inLanguage":"pt-BR","@id":"https:\/\/www.institutodeengenharia.org.br\/site\/2025\/11\/11\/abordagem-holistica-de-projeto-para-alcancar-sustentabilidade-descarbonizacao-e-ieq\/#primaryimage","url":"https:\/\/www.institutodeengenharia.org.br\/site\/wp-content\/uploads\/2025\/12\/CAPA-PALESTRA-ONLINE-5-1.jpg","contentUrl":"https:\/\/www.institutodeengenharia.org.br\/site\/wp-content\/uploads\/2025\/12\/CAPA-PALESTRA-ONLINE-5-1.jpg","width":1920,"height":1080},{"@type":"BreadcrumbList","@id":"https:\/\/www.institutodeengenharia.org.br\/site\/2025\/11\/11\/abordagem-holistica-de-projeto-para-alcancar-sustentabilidade-descarbonizacao-e-ieq\/#breadcrumb","itemListElement":[{"@type":"ListItem","position":1,"name":"In\u00edcio","item":"https:\/\/www.institutodeengenharia.org.br\/site\/"},{"@type":"ListItem","position":2,"name":"Abordagem Hol\u00edstica de Projeto para Alcan\u00e7ar Sustentabilidade, Descarboniza\u00e7\u00e3o e IEQ"}]},{"@type":"WebSite","@id":"https:\/\/www.institutodeengenharia.org.br\/site\/#website","url":"https:\/\/www.institutodeengenharia.org.br\/site\/","name":"Instituto de Engenharia","description":"O Instituto de Engenharia promove a Engenharia em benef\u00edcio do desenvolvimento e da qualidade de vida da sociedade.","publisher":{"@id":"https:\/\/www.institutodeengenharia.org.br\/site\/#organization"},"potentialAction":[{"@type":"SearchAction","target":{"@type":"EntryPoint","urlTemplate":"https:\/\/www.institutodeengenharia.org.br\/site\/?s={search_term_string}"},"query-input":{"@type":"PropertyValueSpecification","valueRequired":true,"valueName":"search_term_string"}}],"inLanguage":"pt-BR"},{"@type":"Organization","@id":"https:\/\/www.institutodeengenharia.org.br\/site\/#organization","name":"Instituto de Engenharia","url":"https:\/\/www.institutodeengenharia.org.br\/site\/","logo":{"@type":"ImageObject","inLanguage":"pt-BR","@id":"https:\/\/www.institutodeengenharia.org.br\/site\/#\/schema\/logo\/image\/","url":"https:\/\/www.institutodeengenharia.org.br\/site\/wp-content\/uploads\/2019\/03\/logo-novo-IE2018-1.jpg","contentUrl":"https:\/\/www.institutodeengenharia.org.br\/site\/wp-content\/uploads\/2019\/03\/logo-novo-IE2018-1.jpg","width":1486,"height":1879,"caption":"Instituto de Engenharia"},"image":{"@id":"https:\/\/www.institutodeengenharia.org.br\/site\/#\/schema\/logo\/image\/"},"sameAs":["https:\/\/www.facebook.com\/institutodeengenharia","https:\/\/x.com\/iengenharia","https:\/\/www.instagram.com\/institutodeengenharia\/","https:\/\/www.linkedin.com\/company\/instituto-de-engenharia\/","https:\/\/www.youtube.com\/channel\/UCXiCAlsSMe977vamW915HxA"]},{"@type":"Person","@id":"https:\/\/www.institutodeengenharia.org.br\/site\/#\/schema\/person\/aeb64951c405e100d26d30b033dd423f","name":"Bianca","image":{"@type":"ImageObject","inLanguage":"pt-BR","@id":"https:\/\/secure.gravatar.com\/avatar\/a6fbe9bff57405baf4c1e2c5c1811e072b558253974a9f9508f4678900c97c2a?s=96&d=mm&r=g","url":"https:\/\/secure.gravatar.com\/avatar\/a6fbe9bff57405baf4c1e2c5c1811e072b558253974a9f9508f4678900c97c2a?s=96&d=mm&r=g","contentUrl":"https:\/\/secure.gravatar.com\/avatar\/a6fbe9bff57405baf4c1e2c5c1811e072b558253974a9f9508f4678900c97c2a?s=96&d=mm&r=g","caption":"Bianca"},"url":"https:\/\/www.institutodeengenharia.org.br\/site\/author\/comunicacao1\/"}]}},"_links":{"self":[{"href":"https:\/\/www.institutodeengenharia.org.br\/site\/wp-json\/wp\/v2\/posts\/135250","targetHints":{"allow":["GET"]}}],"collection":[{"href":"https:\/\/www.institutodeengenharia.org.br\/site\/wp-json\/wp\/v2\/posts"}],"about":[{"href":"https:\/\/www.institutodeengenharia.org.br\/site\/wp-json\/wp\/v2\/types\/post"}],"author":[{"embeddable":true,"href":"https:\/\/www.institutodeengenharia.org.br\/site\/wp-json\/wp\/v2\/users\/13"}],"replies":[{"embeddable":true,"href":"https:\/\/www.institutodeengenharia.org.br\/site\/wp-json\/wp\/v2\/comments?post=135250"}],"version-history":[{"count":1,"href":"https:\/\/www.institutodeengenharia.org.br\/site\/wp-json\/wp\/v2\/posts\/135250\/revisions"}],"predecessor-version":[{"id":135252,"href":"https:\/\/www.institutodeengenharia.org.br\/site\/wp-json\/wp\/v2\/posts\/135250\/revisions\/135252"}],"wp:featuredmedia":[{"embeddable":true,"href":"https:\/\/www.institutodeengenharia.org.br\/site\/wp-json\/wp\/v2\/media\/135251"}],"wp:attachment":[{"href":"https:\/\/www.institutodeengenharia.org.br\/site\/wp-json\/wp\/v2\/media?parent=135250"}],"wp:term":[{"taxonomy":"category","embeddable":true,"href":"https:\/\/www.institutodeengenharia.org.br\/site\/wp-json\/wp\/v2\/categories?post=135250"},{"taxonomy":"post_tag","embeddable":true,"href":"https:\/\/www.institutodeengenharia.org.br\/site\/wp-json\/wp\/v2\/tags?post=135250"}],"curies":[{"name":"wp","href":"https:\/\/api.w.org\/{rel}","templated":true}]}}