{"id":135075,"date":"2025-12-11T11:53:45","date_gmt":"2025-12-11T14:53:45","guid":{"rendered":"https:\/\/www.institutodeengenharia.org.br\/site\/?p=135075"},"modified":"2025-12-11T14:29:16","modified_gmt":"2025-12-11T17:29:16","slug":"ie-recebe-mencao-honrosa-do-crea-sp","status":"publish","type":"post","link":"https:\/\/www.institutodeengenharia.org.br\/site\/2025\/12\/11\/ie-recebe-mencao-honrosa-do-crea-sp\/","title":{"rendered":"IE recebe men\u00e7\u00e3o honrosa do CREA-SP"},"content":{"rendered":"<p>Nesta quarta (10), o Instituto de Engenharia teve o m\u00e9rito de receber a &#8220;Men\u00e7\u00e3o Honrosa do CREA-SP&#8221;, homenagem dedicada \u00e0s pessoas de \u00e1rea jur\u00eddica e\/ou entidades de classe que tenham se destacado por suas a\u00e7\u00f5es em prol da \u00e1rea Tecnol\u00f3gica.<\/p>\n<div class=\"flex flex-col text-sm @w-xl\/main:pt-header-height pb-25\">\n<article class=\"text-token-text-primary w-full focus:outline-none [--shadow-height:45px] has-data-writing-block:pointer-events-none has-data-writing-block:-mt-(--shadow-height) has-data-writing-block:pt-(--shadow-height) [&amp;:has([data-writing-block])&gt;*]:pointer-events-auto scroll-mt-[calc(var(--header-height)+min(200px,max(70px,20svh)))]\" dir=\"auto\" tabindex=\"-1\" data-turn-id=\"request-WEB:7faaa8c0-c12f-4cee-91e6-0ea775fed805-3\" data-testid=\"conversation-turn-8\" data-scroll-anchor=\"true\" data-turn=\"assistant\">\n<div class=\"text-base my-auto mx-auto pb-10 [--thread-content-margin:--spacing(4)] @w-sm\/main:[--thread-content-margin:--spacing(6)] @w-lg\/main:[--thread-content-margin:--spacing(16)] px-(--thread-content-margin)\">\n<div class=\"[--thread-content-max-width:40rem] @w-lg\/main:[--thread-content-max-width:48rem] mx-auto max-w-(--thread-content-max-width) flex-1 group\/turn-messages focus-visible:outline-hidden relative flex w-full min-w-0 flex-col agent-turn\" tabindex=\"-1\">\n<div class=\"flex max-w-full flex-col grow\">\n<div class=\"min-h-8 text-message relative flex w-full flex-col items-end gap-2 text-start break-words whitespace-normal [.text-message+&amp;]:mt-1\" dir=\"auto\" data-message-author-role=\"assistant\" data-message-id=\"932f4c97-abd3-4eec-9189-08aa0040376c\" data-message-model-slug=\"gpt-5-1\">\n<div class=\"flex w-full flex-col gap-1 empty:hidden first:pt-[1px]\">\n<div class=\"markdown prose dark:prose-invert w-full break-words light markdown-new-styling\">\n<p data-start=\"55\" data-end=\"310\" data-is-last-node=\"\" data-is-only-node=\"\"><img loading=\"lazy\" decoding=\"async\" class=\" wp-image-135081 alignleft\" src=\"https:\/\/www.institutodeengenharia.org.br\/site\/wp-content\/uploads\/2025\/12\/unnamed-2025-12-11T120145.029-1024x768.jpg\" alt=\"\" width=\"325\" height=\"244\" srcset=\"https:\/\/www.institutodeengenharia.org.br\/site\/wp-content\/uploads\/2025\/12\/unnamed-2025-12-11T120145.029-1024x768.jpg 1024w, https:\/\/www.institutodeengenharia.org.br\/site\/wp-content\/uploads\/2025\/12\/unnamed-2025-12-11T120145.029-300x225.jpg 300w, https:\/\/www.institutodeengenharia.org.br\/site\/wp-content\/uploads\/2025\/12\/unnamed-2025-12-11T120145.029-768x576.jpg 768w, https:\/\/www.institutodeengenharia.org.br\/site\/wp-content\/uploads\/2025\/12\/unnamed-2025-12-11T120145.029-1536x1152.jpg 1536w, https:\/\/www.institutodeengenharia.org.br\/site\/wp-content\/uploads\/2025\/12\/unnamed-2025-12-11T120145.029-560x420.jpg 560w, https:\/\/www.institutodeengenharia.org.br\/site\/wp-content\/uploads\/2025\/12\/unnamed-2025-12-11T120145.029-80x60.jpg 80w, https:\/\/www.institutodeengenharia.org.br\/site\/wp-content\/uploads\/2025\/12\/unnamed-2025-12-11T120145.029-696x522.jpg 696w, https:\/\/www.institutodeengenharia.org.br\/site\/wp-content\/uploads\/2025\/12\/unnamed-2025-12-11T120145.029-1068x801.jpg 1068w, https:\/\/www.institutodeengenharia.org.br\/site\/wp-content\/uploads\/2025\/12\/unnamed-2025-12-11T120145.029-265x198.jpg 265w, https:\/\/www.institutodeengenharia.org.br\/site\/wp-content\/uploads\/2025\/12\/unnamed-2025-12-11T120145.029-600x450.jpg 600w, https:\/\/www.institutodeengenharia.org.br\/site\/wp-content\/uploads\/2025\/12\/unnamed-2025-12-11T120145.029.jpg 1600w\" sizes=\"auto, (max-width: 325px) 100vw, 325px\" \/>Jos\u00e9 Eduardo Jardim, presidente do IE, recebeu o pr\u00eamio das m\u00e3os de L\u00edgia Mackey, presidente do CREA-SP, em reconhecimento das \u00e1reas que abrangem a Engenharia e\u00a0 Tecnologia. A indica\u00e7\u00e3o foi feita pela C\u00e2mara Especializada de Engenharia Civil.<\/p>\n<\/div>\n<\/div>\n<\/div>\n<\/div>\n<\/div>\n<\/div>\n<\/article>\n<\/div>\n<p>Al\u00e9m do presidente, do Instituto de Engenharia, tamb\u00e9m estiveram presentes: Constanzio Ticceu, 2\u00ba diretor-financeiro, Eny Uono, 1\u00aa diretora-secret\u00e1ria, e Cibele Monteverde, associada. Vin\u00edcius Caruso, conselheiro e representante do IE no CREA-SP, tamb\u00e9m prestigiou o momento.<\/p>\n<div class=\"flex flex-col text-sm @w-xl\/main:pt-header-height pb-25\">\n<article class=\"text-token-text-primary w-full focus:outline-none [--shadow-height:45px] has-data-writing-block:pointer-events-none has-data-writing-block:-mt-(--shadow-height) has-data-writing-block:pt-(--shadow-height) [&amp;:has([data-writing-block])&gt;*]:pointer-events-auto scroll-mt-[calc(var(--header-height)+min(200px,max(70px,20svh)))]\" dir=\"auto\" tabindex=\"-1\" data-turn-id=\"request-WEB:7faaa8c0-c12f-4cee-91e6-0ea775fed805-4\" data-testid=\"conversation-turn-10\" data-scroll-anchor=\"true\" data-turn=\"assistant\">\n<div class=\"text-base my-auto mx-auto pb-10 [--thread-content-margin:--spacing(4)] @w-sm\/main:[--thread-content-margin:--spacing(6)] @w-lg\/main:[--thread-content-margin:--spacing(16)] px-(--thread-content-margin)\">\n<div class=\"[--thread-content-max-width:40rem] @w-lg\/main:[--thread-content-max-width:48rem] mx-auto max-w-(--thread-content-max-width) flex-1 group\/turn-messages focus-visible:outline-hidden relative flex w-full min-w-0 flex-col agent-turn\" tabindex=\"-1\">\n<div class=\"flex max-w-full flex-col grow\">\n<div class=\"min-h-8 text-message relative flex w-full flex-col items-end gap-2 text-start break-words whitespace-normal [.text-message+&amp;]:mt-1\" dir=\"auto\" data-message-author-role=\"assistant\" data-message-id=\"9c600a13-2e5b-4f1b-b922-5e81bb6fd06a\" data-message-model-slug=\"gpt-5-1\">\n<div class=\"flex w-full flex-col gap-1 empty:hidden first:pt-[1px]\">\n<div class=\"markdown prose dark:prose-invert w-full break-words light markdown-new-styling\">\n<p data-start=\"34\" data-end=\"239\" data-is-last-node=\"\" data-is-only-node=\"\">Em momentos de reconhecimento como esse, o Instituto de Engenharia refor\u00e7a a certeza de que cumpre sua miss\u00e3o: promover a Engenharia em benef\u00edcio do desenvolvimento e da qualidade de vida da sociedade.<\/p>\n<\/div>\n<\/div>\n<\/div>\n<\/div>\n<div class=\"z-0 flex min-h-[46px] justify-start\"><\/div>\n<div class=\"mt-3 w-full empty:hidden\">\n<div class=\"text-center\"><\/div>\n<\/div>\n<\/div>\n<\/div>\n<\/article>\n<\/div>\n<div class=\"pointer-events-none h-px w-px absolute bottom-0\" aria-hidden=\"true\" data-edge=\"true\"><\/div>\n","protected":false},"excerpt":{"rendered":"<p>Nesta quarta (10), o Instituto de Engenharia teve o m\u00e9rito de receber a &#8220;Men\u00e7\u00e3o Honrosa do CREA-SP&#8221;, homenagem dedicada \u00e0s pessoas de \u00e1rea jur\u00eddica e\/ou entidades de classe que tenham se destacado por suas a\u00e7\u00f5es em prol da \u00e1rea Tecnol\u00f3gica. Jos\u00e9 Eduardo Jardim, presidente do IE, recebeu o pr\u00eamio das m\u00e3os de L\u00edgia Mackey, presidente [&hellip;]<\/p>\n","protected":false},"author":13,"featured_media":135076,"comment_status":"open","ping_status":"open","sticky":false,"template":"","format":"standard","meta":{"footnotes":""},"categories":[27,6],"tags":[],"class_list":{"0":"post-135075","1":"post","2":"type-post","3":"status-publish","4":"format-standard","5":"has-post-thumbnail","7":"category-instituto-de-engenharia","8":"category-noticias"},"yoast_head":"<!-- This site is optimized with the Yoast SEO plugin v27.2 - https:\/\/yoast.com\/product\/yoast-seo-wordpress\/ -->\n<title>IE recebe men\u00e7\u00e3o honrosa do CREA-SP - Instituto de Engenharia<\/title>\n<meta name=\"robots\" content=\"index, follow, max-snippet:-1, max-image-preview:large, max-video-preview:-1\" \/>\n<link rel=\"canonical\" href=\"https:\/\/www.institutodeengenharia.org.br\/site\/2025\/12\/11\/ie-recebe-mencao-honrosa-do-crea-sp\/\" \/>\n<meta property=\"og:locale\" content=\"pt_BR\" \/>\n<meta property=\"og:type\" content=\"article\" \/>\n<meta property=\"og:title\" content=\"IE recebe men\u00e7\u00e3o honrosa do CREA-SP - Instituto de Engenharia\" \/>\n<meta property=\"og:description\" content=\"Nesta quarta (10), o Instituto de Engenharia teve o m\u00e9rito de receber a &#8220;Men\u00e7\u00e3o Honrosa do CREA-SP&#8221;, homenagem dedicada \u00e0s pessoas de \u00e1rea jur\u00eddica e\/ou entidades de classe que tenham se destacado por suas a\u00e7\u00f5es em prol da \u00e1rea Tecnol\u00f3gica. Jos\u00e9 Eduardo Jardim, presidente do IE, recebeu o pr\u00eamio das m\u00e3os de L\u00edgia Mackey, presidente [&hellip;]\" \/>\n<meta property=\"og:url\" content=\"https:\/\/www.institutodeengenharia.org.br\/site\/2025\/12\/11\/ie-recebe-mencao-honrosa-do-crea-sp\/\" \/>\n<meta property=\"og:site_name\" content=\"Instituto de Engenharia\" \/>\n<meta property=\"article:publisher\" content=\"https:\/\/www.facebook.com\/institutodeengenharia\" \/>\n<meta property=\"article:published_time\" content=\"2025-12-11T14:53:45+00:00\" \/>\n<meta property=\"article:modified_time\" content=\"2025-12-11T17:29:16+00:00\" \/>\n<meta property=\"og:image\" content=\"https:\/\/www.institutodeengenharia.org.br\/site\/wp-content\/uploads\/2025\/12\/unnamed-2025-12-11T113544.760-e1765463846764.jpg\" \/>\n\t<meta property=\"og:image:width\" content=\"960\" \/>\n\t<meta property=\"og:image:height\" content=\"798\" \/>\n\t<meta property=\"og:image:type\" content=\"image\/jpeg\" \/>\n<meta name=\"author\" content=\"Bianca\" \/>\n<meta name=\"twitter:card\" content=\"summary_large_image\" \/>\n<meta name=\"twitter:creator\" content=\"@iengenharia\" \/>\n<meta name=\"twitter:site\" content=\"@iengenharia\" \/>\n<meta name=\"twitter:label1\" content=\"Escrito por\" \/>\n\t<meta name=\"twitter:data1\" content=\"Bianca\" \/>\n\t<meta name=\"twitter:label2\" content=\"Est. tempo de leitura\" \/>\n\t<meta name=\"twitter:data2\" content=\"2 minutos\" \/>\n<script type=\"application\/ld+json\" class=\"yoast-schema-graph\">{\"@context\":\"https:\/\/schema.org\",\"@graph\":[{\"@type\":\"Article\",\"@id\":\"https:\/\/www.institutodeengenharia.org.br\/site\/2025\/12\/11\/ie-recebe-mencao-honrosa-do-crea-sp\/#article\",\"isPartOf\":{\"@id\":\"https:\/\/www.institutodeengenharia.org.br\/site\/2025\/12\/11\/ie-recebe-mencao-honrosa-do-crea-sp\/\"},\"author\":{\"name\":\"Bianca\",\"@id\":\"https:\/\/www.institutodeengenharia.org.br\/site\/#\/schema\/person\/aeb64951c405e100d26d30b033dd423f\"},\"headline\":\"IE recebe men\u00e7\u00e3o honrosa do CREA-SP\",\"datePublished\":\"2025-12-11T14:53:45+00:00\",\"dateModified\":\"2025-12-11T17:29:16+00:00\",\"mainEntityOfPage\":{\"@id\":\"https:\/\/www.institutodeengenharia.org.br\/site\/2025\/12\/11\/ie-recebe-mencao-honrosa-do-crea-sp\/\"},\"wordCount\":167,\"commentCount\":0,\"publisher\":{\"@id\":\"https:\/\/www.institutodeengenharia.org.br\/site\/#organization\"},\"image\":{\"@id\":\"https:\/\/www.institutodeengenharia.org.br\/site\/2025\/12\/11\/ie-recebe-mencao-honrosa-do-crea-sp\/#primaryimage\"},\"thumbnailUrl\":\"https:\/\/www.institutodeengenharia.org.br\/site\/wp-content\/uploads\/2025\/12\/unnamed-2025-12-11T113544.760-e1765463846764.jpg\",\"articleSection\":[\"Instituto de Engenharia\",\"Not\u00edcias\"],\"inLanguage\":\"pt-BR\",\"potentialAction\":[{\"@type\":\"CommentAction\",\"name\":\"Comment\",\"target\":[\"https:\/\/www.institutodeengenharia.org.br\/site\/2025\/12\/11\/ie-recebe-mencao-honrosa-do-crea-sp\/#respond\"]}]},{\"@type\":\"WebPage\",\"@id\":\"https:\/\/www.institutodeengenharia.org.br\/site\/2025\/12\/11\/ie-recebe-mencao-honrosa-do-crea-sp\/\",\"url\":\"https:\/\/www.institutodeengenharia.org.br\/site\/2025\/12\/11\/ie-recebe-mencao-honrosa-do-crea-sp\/\",\"name\":\"IE recebe men\u00e7\u00e3o honrosa do CREA-SP - Instituto de Engenharia\",\"isPartOf\":{\"@id\":\"https:\/\/www.institutodeengenharia.org.br\/site\/#website\"},\"primaryImageOfPage\":{\"@id\":\"https:\/\/www.institutodeengenharia.org.br\/site\/2025\/12\/11\/ie-recebe-mencao-honrosa-do-crea-sp\/#primaryimage\"},\"image\":{\"@id\":\"https:\/\/www.institutodeengenharia.org.br\/site\/2025\/12\/11\/ie-recebe-mencao-honrosa-do-crea-sp\/#primaryimage\"},\"thumbnailUrl\":\"https:\/\/www.institutodeengenharia.org.br\/site\/wp-content\/uploads\/2025\/12\/unnamed-2025-12-11T113544.760-e1765463846764.jpg\",\"datePublished\":\"2025-12-11T14:53:45+00:00\",\"dateModified\":\"2025-12-11T17:29:16+00:00\",\"breadcrumb\":{\"@id\":\"https:\/\/www.institutodeengenharia.org.br\/site\/2025\/12\/11\/ie-recebe-mencao-honrosa-do-crea-sp\/#breadcrumb\"},\"inLanguage\":\"pt-BR\",\"potentialAction\":[{\"@type\":\"ReadAction\",\"target\":[\"https:\/\/www.institutodeengenharia.org.br\/site\/2025\/12\/11\/ie-recebe-mencao-honrosa-do-crea-sp\/\"]}]},{\"@type\":\"ImageObject\",\"inLanguage\":\"pt-BR\",\"@id\":\"https:\/\/www.institutodeengenharia.org.br\/site\/2025\/12\/11\/ie-recebe-mencao-honrosa-do-crea-sp\/#primaryimage\",\"url\":\"https:\/\/www.institutodeengenharia.org.br\/site\/wp-content\/uploads\/2025\/12\/unnamed-2025-12-11T113544.760-e1765463846764.jpg\",\"contentUrl\":\"https:\/\/www.institutodeengenharia.org.br\/site\/wp-content\/uploads\/2025\/12\/unnamed-2025-12-11T113544.760-e1765463846764.jpg\",\"width\":960,\"height\":798,\"caption\":\"Da esq. p\/ dir., Constanzio Facci, Vin\u00edcius Caruso, Cibele Monteverde, L\u00edgia Mackey, Jos\u00e9 Eduardo Jardim, e Eny Uono\"},{\"@type\":\"BreadcrumbList\",\"@id\":\"https:\/\/www.institutodeengenharia.org.br\/site\/2025\/12\/11\/ie-recebe-mencao-honrosa-do-crea-sp\/#breadcrumb\",\"itemListElement\":[{\"@type\":\"ListItem\",\"position\":1,\"name\":\"In\u00edcio\",\"item\":\"https:\/\/www.institutodeengenharia.org.br\/site\/\"},{\"@type\":\"ListItem\",\"position\":2,\"name\":\"IE recebe men\u00e7\u00e3o honrosa do CREA-SP\"}]},{\"@type\":\"WebSite\",\"@id\":\"https:\/\/www.institutodeengenharia.org.br\/site\/#website\",\"url\":\"https:\/\/www.institutodeengenharia.org.br\/site\/\",\"name\":\"Instituto de Engenharia\",\"description\":\"O Instituto de Engenharia promove a Engenharia em benef\u00edcio do desenvolvimento e da qualidade de vida da sociedade.\",\"publisher\":{\"@id\":\"https:\/\/www.institutodeengenharia.org.br\/site\/#organization\"},\"potentialAction\":[{\"@type\":\"SearchAction\",\"target\":{\"@type\":\"EntryPoint\",\"urlTemplate\":\"https:\/\/www.institutodeengenharia.org.br\/site\/?s={search_term_string}\"},\"query-input\":{\"@type\":\"PropertyValueSpecification\",\"valueRequired\":true,\"valueName\":\"search_term_string\"}}],\"inLanguage\":\"pt-BR\"},{\"@type\":\"Organization\",\"@id\":\"https:\/\/www.institutodeengenharia.org.br\/site\/#organization\",\"name\":\"Instituto de Engenharia\",\"url\":\"https:\/\/www.institutodeengenharia.org.br\/site\/\",\"logo\":{\"@type\":\"ImageObject\",\"inLanguage\":\"pt-BR\",\"@id\":\"https:\/\/www.institutodeengenharia.org.br\/site\/#\/schema\/logo\/image\/\",\"url\":\"https:\/\/www.institutodeengenharia.org.br\/site\/wp-content\/uploads\/2019\/03\/logo-novo-IE2018-1.jpg\",\"contentUrl\":\"https:\/\/www.institutodeengenharia.org.br\/site\/wp-content\/uploads\/2019\/03\/logo-novo-IE2018-1.jpg\",\"width\":1486,\"height\":1879,\"caption\":\"Instituto de Engenharia\"},\"image\":{\"@id\":\"https:\/\/www.institutodeengenharia.org.br\/site\/#\/schema\/logo\/image\/\"},\"sameAs\":[\"https:\/\/www.facebook.com\/institutodeengenharia\",\"https:\/\/x.com\/iengenharia\",\"https:\/\/www.instagram.com\/institutodeengenharia\/\",\"https:\/\/www.linkedin.com\/company\/instituto-de-engenharia\/\",\"https:\/\/www.youtube.com\/channel\/UCXiCAlsSMe977vamW915HxA\"]},{\"@type\":\"Person\",\"@id\":\"https:\/\/www.institutodeengenharia.org.br\/site\/#\/schema\/person\/aeb64951c405e100d26d30b033dd423f\",\"name\":\"Bianca\",\"image\":{\"@type\":\"ImageObject\",\"inLanguage\":\"pt-BR\",\"@id\":\"https:\/\/secure.gravatar.com\/avatar\/a6fbe9bff57405baf4c1e2c5c1811e072b558253974a9f9508f4678900c97c2a?s=96&d=mm&r=g\",\"url\":\"https:\/\/secure.gravatar.com\/avatar\/a6fbe9bff57405baf4c1e2c5c1811e072b558253974a9f9508f4678900c97c2a?s=96&d=mm&r=g\",\"contentUrl\":\"https:\/\/secure.gravatar.com\/avatar\/a6fbe9bff57405baf4c1e2c5c1811e072b558253974a9f9508f4678900c97c2a?s=96&d=mm&r=g\",\"caption\":\"Bianca\"},\"url\":\"https:\/\/www.institutodeengenharia.org.br\/site\/author\/comunicacao1\/\"}]}<\/script>\n<!-- \/ Yoast SEO plugin. -->","yoast_head_json":{"title":"IE recebe men\u00e7\u00e3o honrosa do CREA-SP - Instituto de Engenharia","robots":{"index":"index","follow":"follow","max-snippet":"max-snippet:-1","max-image-preview":"max-image-preview:large","max-video-preview":"max-video-preview:-1"},"canonical":"https:\/\/www.institutodeengenharia.org.br\/site\/2025\/12\/11\/ie-recebe-mencao-honrosa-do-crea-sp\/","og_locale":"pt_BR","og_type":"article","og_title":"IE recebe men\u00e7\u00e3o honrosa do CREA-SP - Instituto de Engenharia","og_description":"Nesta quarta (10), o Instituto de Engenharia teve o m\u00e9rito de receber a &#8220;Men\u00e7\u00e3o Honrosa do CREA-SP&#8221;, homenagem dedicada \u00e0s pessoas de \u00e1rea jur\u00eddica e\/ou entidades de classe que tenham se destacado por suas a\u00e7\u00f5es em prol da \u00e1rea Tecnol\u00f3gica. Jos\u00e9 Eduardo Jardim, presidente do IE, recebeu o pr\u00eamio das m\u00e3os de L\u00edgia Mackey, presidente [&hellip;]","og_url":"https:\/\/www.institutodeengenharia.org.br\/site\/2025\/12\/11\/ie-recebe-mencao-honrosa-do-crea-sp\/","og_site_name":"Instituto de Engenharia","article_publisher":"https:\/\/www.facebook.com\/institutodeengenharia","article_published_time":"2025-12-11T14:53:45+00:00","article_modified_time":"2025-12-11T17:29:16+00:00","og_image":[{"width":960,"height":798,"url":"https:\/\/www.institutodeengenharia.org.br\/site\/wp-content\/uploads\/2025\/12\/unnamed-2025-12-11T113544.760-e1765463846764.jpg","type":"image\/jpeg"}],"author":"Bianca","twitter_card":"summary_large_image","twitter_creator":"@iengenharia","twitter_site":"@iengenharia","twitter_misc":{"Escrito por":"Bianca","Est. tempo de leitura":"2 minutos"},"schema":{"@context":"https:\/\/schema.org","@graph":[{"@type":"Article","@id":"https:\/\/www.institutodeengenharia.org.br\/site\/2025\/12\/11\/ie-recebe-mencao-honrosa-do-crea-sp\/#article","isPartOf":{"@id":"https:\/\/www.institutodeengenharia.org.br\/site\/2025\/12\/11\/ie-recebe-mencao-honrosa-do-crea-sp\/"},"author":{"name":"Bianca","@id":"https:\/\/www.institutodeengenharia.org.br\/site\/#\/schema\/person\/aeb64951c405e100d26d30b033dd423f"},"headline":"IE recebe men\u00e7\u00e3o honrosa do CREA-SP","datePublished":"2025-12-11T14:53:45+00:00","dateModified":"2025-12-11T17:29:16+00:00","mainEntityOfPage":{"@id":"https:\/\/www.institutodeengenharia.org.br\/site\/2025\/12\/11\/ie-recebe-mencao-honrosa-do-crea-sp\/"},"wordCount":167,"commentCount":0,"publisher":{"@id":"https:\/\/www.institutodeengenharia.org.br\/site\/#organization"},"image":{"@id":"https:\/\/www.institutodeengenharia.org.br\/site\/2025\/12\/11\/ie-recebe-mencao-honrosa-do-crea-sp\/#primaryimage"},"thumbnailUrl":"https:\/\/www.institutodeengenharia.org.br\/site\/wp-content\/uploads\/2025\/12\/unnamed-2025-12-11T113544.760-e1765463846764.jpg","articleSection":["Instituto de Engenharia","Not\u00edcias"],"inLanguage":"pt-BR","potentialAction":[{"@type":"CommentAction","name":"Comment","target":["https:\/\/www.institutodeengenharia.org.br\/site\/2025\/12\/11\/ie-recebe-mencao-honrosa-do-crea-sp\/#respond"]}]},{"@type":"WebPage","@id":"https:\/\/www.institutodeengenharia.org.br\/site\/2025\/12\/11\/ie-recebe-mencao-honrosa-do-crea-sp\/","url":"https:\/\/www.institutodeengenharia.org.br\/site\/2025\/12\/11\/ie-recebe-mencao-honrosa-do-crea-sp\/","name":"IE recebe men\u00e7\u00e3o honrosa do CREA-SP - Instituto de Engenharia","isPartOf":{"@id":"https:\/\/www.institutodeengenharia.org.br\/site\/#website"},"primaryImageOfPage":{"@id":"https:\/\/www.institutodeengenharia.org.br\/site\/2025\/12\/11\/ie-recebe-mencao-honrosa-do-crea-sp\/#primaryimage"},"image":{"@id":"https:\/\/www.institutodeengenharia.org.br\/site\/2025\/12\/11\/ie-recebe-mencao-honrosa-do-crea-sp\/#primaryimage"},"thumbnailUrl":"https:\/\/www.institutodeengenharia.org.br\/site\/wp-content\/uploads\/2025\/12\/unnamed-2025-12-11T113544.760-e1765463846764.jpg","datePublished":"2025-12-11T14:53:45+00:00","dateModified":"2025-12-11T17:29:16+00:00","breadcrumb":{"@id":"https:\/\/www.institutodeengenharia.org.br\/site\/2025\/12\/11\/ie-recebe-mencao-honrosa-do-crea-sp\/#breadcrumb"},"inLanguage":"pt-BR","potentialAction":[{"@type":"ReadAction","target":["https:\/\/www.institutodeengenharia.org.br\/site\/2025\/12\/11\/ie-recebe-mencao-honrosa-do-crea-sp\/"]}]},{"@type":"ImageObject","inLanguage":"pt-BR","@id":"https:\/\/www.institutodeengenharia.org.br\/site\/2025\/12\/11\/ie-recebe-mencao-honrosa-do-crea-sp\/#primaryimage","url":"https:\/\/www.institutodeengenharia.org.br\/site\/wp-content\/uploads\/2025\/12\/unnamed-2025-12-11T113544.760-e1765463846764.jpg","contentUrl":"https:\/\/www.institutodeengenharia.org.br\/site\/wp-content\/uploads\/2025\/12\/unnamed-2025-12-11T113544.760-e1765463846764.jpg","width":960,"height":798,"caption":"Da esq. p\/ dir., Constanzio Facci, Vin\u00edcius Caruso, Cibele Monteverde, L\u00edgia Mackey, Jos\u00e9 Eduardo Jardim, e Eny Uono"},{"@type":"BreadcrumbList","@id":"https:\/\/www.institutodeengenharia.org.br\/site\/2025\/12\/11\/ie-recebe-mencao-honrosa-do-crea-sp\/#breadcrumb","itemListElement":[{"@type":"ListItem","position":1,"name":"In\u00edcio","item":"https:\/\/www.institutodeengenharia.org.br\/site\/"},{"@type":"ListItem","position":2,"name":"IE recebe men\u00e7\u00e3o honrosa do CREA-SP"}]},{"@type":"WebSite","@id":"https:\/\/www.institutodeengenharia.org.br\/site\/#website","url":"https:\/\/www.institutodeengenharia.org.br\/site\/","name":"Instituto de Engenharia","description":"O Instituto de Engenharia promove a Engenharia em benef\u00edcio do desenvolvimento e da qualidade de vida da sociedade.","publisher":{"@id":"https:\/\/www.institutodeengenharia.org.br\/site\/#organization"},"potentialAction":[{"@type":"SearchAction","target":{"@type":"EntryPoint","urlTemplate":"https:\/\/www.institutodeengenharia.org.br\/site\/?s={search_term_string}"},"query-input":{"@type":"PropertyValueSpecification","valueRequired":true,"valueName":"search_term_string"}}],"inLanguage":"pt-BR"},{"@type":"Organization","@id":"https:\/\/www.institutodeengenharia.org.br\/site\/#organization","name":"Instituto de Engenharia","url":"https:\/\/www.institutodeengenharia.org.br\/site\/","logo":{"@type":"ImageObject","inLanguage":"pt-BR","@id":"https:\/\/www.institutodeengenharia.org.br\/site\/#\/schema\/logo\/image\/","url":"https:\/\/www.institutodeengenharia.org.br\/site\/wp-content\/uploads\/2019\/03\/logo-novo-IE2018-1.jpg","contentUrl":"https:\/\/www.institutodeengenharia.org.br\/site\/wp-content\/uploads\/2019\/03\/logo-novo-IE2018-1.jpg","width":1486,"height":1879,"caption":"Instituto de Engenharia"},"image":{"@id":"https:\/\/www.institutodeengenharia.org.br\/site\/#\/schema\/logo\/image\/"},"sameAs":["https:\/\/www.facebook.com\/institutodeengenharia","https:\/\/x.com\/iengenharia","https:\/\/www.instagram.com\/institutodeengenharia\/","https:\/\/www.linkedin.com\/company\/instituto-de-engenharia\/","https:\/\/www.youtube.com\/channel\/UCXiCAlsSMe977vamW915HxA"]},{"@type":"Person","@id":"https:\/\/www.institutodeengenharia.org.br\/site\/#\/schema\/person\/aeb64951c405e100d26d30b033dd423f","name":"Bianca","image":{"@type":"ImageObject","inLanguage":"pt-BR","@id":"https:\/\/secure.gravatar.com\/avatar\/a6fbe9bff57405baf4c1e2c5c1811e072b558253974a9f9508f4678900c97c2a?s=96&d=mm&r=g","url":"https:\/\/secure.gravatar.com\/avatar\/a6fbe9bff57405baf4c1e2c5c1811e072b558253974a9f9508f4678900c97c2a?s=96&d=mm&r=g","contentUrl":"https:\/\/secure.gravatar.com\/avatar\/a6fbe9bff57405baf4c1e2c5c1811e072b558253974a9f9508f4678900c97c2a?s=96&d=mm&r=g","caption":"Bianca"},"url":"https:\/\/www.institutodeengenharia.org.br\/site\/author\/comunicacao1\/"}]}},"_links":{"self":[{"href":"https:\/\/www.institutodeengenharia.org.br\/site\/wp-json\/wp\/v2\/posts\/135075","targetHints":{"allow":["GET"]}}],"collection":[{"href":"https:\/\/www.institutodeengenharia.org.br\/site\/wp-json\/wp\/v2\/posts"}],"about":[{"href":"https:\/\/www.institutodeengenharia.org.br\/site\/wp-json\/wp\/v2\/types\/post"}],"author":[{"embeddable":true,"href":"https:\/\/www.institutodeengenharia.org.br\/site\/wp-json\/wp\/v2\/users\/13"}],"replies":[{"embeddable":true,"href":"https:\/\/www.institutodeengenharia.org.br\/site\/wp-json\/wp\/v2\/comments?post=135075"}],"version-history":[{"count":8,"href":"https:\/\/www.institutodeengenharia.org.br\/site\/wp-json\/wp\/v2\/posts\/135075\/revisions"}],"predecessor-version":[{"id":135089,"href":"https:\/\/www.institutodeengenharia.org.br\/site\/wp-json\/wp\/v2\/posts\/135075\/revisions\/135089"}],"wp:featuredmedia":[{"embeddable":true,"href":"https:\/\/www.institutodeengenharia.org.br\/site\/wp-json\/wp\/v2\/media\/135076"}],"wp:attachment":[{"href":"https:\/\/www.institutodeengenharia.org.br\/site\/wp-json\/wp\/v2\/media?parent=135075"}],"wp:term":[{"taxonomy":"category","embeddable":true,"href":"https:\/\/www.institutodeengenharia.org.br\/site\/wp-json\/wp\/v2\/categories?post=135075"},{"taxonomy":"post_tag","embeddable":true,"href":"https:\/\/www.institutodeengenharia.org.br\/site\/wp-json\/wp\/v2\/tags?post=135075"}],"curies":[{"name":"wp","href":"https:\/\/api.w.org\/{rel}","templated":true}]}}