{"id":135074,"date":"2025-12-11T11:52:10","date_gmt":"2025-12-11T14:52:10","guid":{"rendered":"https:\/\/www.institutodeengenharia.org.br\/site\/?p=135074"},"modified":"2025-12-11T11:52:47","modified_gmt":"2025-12-11T14:52:47","slug":"presidente-do-ie-participa-de-missa-celebrada-por-cardeal-dom-odilo-scherer-no-tcmsp","status":"publish","type":"post","link":"https:\/\/www.institutodeengenharia.org.br\/site\/2025\/12\/11\/presidente-do-ie-participa-de-missa-celebrada-por-cardeal-dom-odilo-scherer-no-tcmsp\/","title":{"rendered":"Presidente do IE participa de missa celebrada por Cardeal Dom Odilo Scherer, no TCMSP"},"content":{"rendered":"<p>O presidente do Instituto de Engenharia, Jos\u00e9 Eduardo Jardim, participou nesta quarta (10), da missa em prepara\u00e7\u00e3o \u00e0 chegada do Natal, celebrada pelo Cardeal de S\u00e3o Paulo, Dom Odilo Pedro Scherer, no Plen\u00e1rio do Tribunal de Contas do Munic\u00edpio de S\u00e3o Paulo (TCMSP).<\/p>\n<p>Na presen\u00e7a do presidente da Casa, conselheiro Domingos Dissei, do vice-presidente, conselheiro Ricardo Torres e dos conselheiros Jo\u00e3o Antonio, Eur\u00edpedes Sales e Ant\u00f4nio Caruso, Dom Odilo abriu a celebra\u00e7\u00e3o lembrando a import\u00e2ncia do per\u00edodo do Advento: \u201c\u00e9 a prepara\u00e7\u00e3o para o an\u00fancio de uma grande alegria para toda a humanidade, o nascimento do Salvador que veio trazer luz. \u00c9 um tempo de esperan\u00e7a, de alegria, de confraterniza\u00e7\u00e3o e tamb\u00e9m \u00e9 tempo de voltar o pensamento a Deus, renovar a f\u00e9 e as motiva\u00e7\u00f5es para a vida&#8221;, lembrou o Cardeal.<\/p>\n<h6><em>Fonte: <a href=\"https:\/\/portal.tcm.sp.gov.br\/noticias\/missa-com-cardeal-dom-odilo-scherer-lota-plenario-do-tcmsp\">TCMSP<\/a><\/em><\/h6>\n","protected":false},"excerpt":{"rendered":"<p>O presidente do Instituto de Engenharia, Jos\u00e9 Eduardo Jardim, participou nesta quarta (10), da missa em prepara\u00e7\u00e3o \u00e0 chegada do Natal, celebrada pelo Cardeal de S\u00e3o Paulo, Dom Odilo Pedro Scherer, no Plen\u00e1rio do Tribunal de Contas do Munic\u00edpio de S\u00e3o Paulo (TCMSP). Na presen\u00e7a do presidente da Casa, conselheiro Domingos Dissei, do vice-presidente, conselheiro [&hellip;]<\/p>\n","protected":false},"author":14,"featured_media":135077,"comment_status":"open","ping_status":"open","sticky":false,"template":"","format":"standard","meta":{"footnotes":""},"categories":[27,141],"tags":[],"class_list":{"0":"post-135074","1":"post","2":"type-post","3":"status-publish","4":"format-standard","5":"has-post-thumbnail","7":"category-instituto-de-engenharia","8":"category-noticias-menu"},"yoast_head":"<!-- This site is optimized with the Yoast SEO plugin v27.2 - https:\/\/yoast.com\/product\/yoast-seo-wordpress\/ -->\n<title>Presidente do IE participa de missa celebrada por Cardeal Dom Odilo Scherer, no TCMSP - Instituto de Engenharia<\/title>\n<meta name=\"robots\" content=\"index, follow, max-snippet:-1, max-image-preview:large, max-video-preview:-1\" \/>\n<link rel=\"canonical\" href=\"https:\/\/www.institutodeengenharia.org.br\/site\/2025\/12\/11\/presidente-do-ie-participa-de-missa-celebrada-por-cardeal-dom-odilo-scherer-no-tcmsp\/\" \/>\n<meta property=\"og:locale\" content=\"pt_BR\" \/>\n<meta property=\"og:type\" content=\"article\" \/>\n<meta property=\"og:title\" content=\"Presidente do IE participa de missa celebrada por Cardeal Dom Odilo Scherer, no TCMSP - Instituto de Engenharia\" \/>\n<meta property=\"og:description\" content=\"O presidente do Instituto de Engenharia, Jos\u00e9 Eduardo Jardim, participou nesta quarta (10), da missa em prepara\u00e7\u00e3o \u00e0 chegada do Natal, celebrada pelo Cardeal de S\u00e3o Paulo, Dom Odilo Pedro Scherer, no Plen\u00e1rio do Tribunal de Contas do Munic\u00edpio de S\u00e3o Paulo (TCMSP). Na presen\u00e7a do presidente da Casa, conselheiro Domingos Dissei, do vice-presidente, conselheiro [&hellip;]\" \/>\n<meta property=\"og:url\" content=\"https:\/\/www.institutodeengenharia.org.br\/site\/2025\/12\/11\/presidente-do-ie-participa-de-missa-celebrada-por-cardeal-dom-odilo-scherer-no-tcmsp\/\" \/>\n<meta property=\"og:site_name\" content=\"Instituto de Engenharia\" \/>\n<meta property=\"article:publisher\" content=\"https:\/\/www.facebook.com\/institutodeengenharia\" \/>\n<meta property=\"article:published_time\" content=\"2025-12-11T14:52:10+00:00\" \/>\n<meta property=\"article:modified_time\" content=\"2025-12-11T14:52:47+00:00\" \/>\n<meta property=\"og:image\" content=\"https:\/\/www.institutodeengenharia.org.br\/site\/wp-content\/uploads\/2025\/12\/tcmsp.jpg\" \/>\n\t<meta property=\"og:image:width\" content=\"1676\" \/>\n\t<meta property=\"og:image:height\" content=\"914\" \/>\n\t<meta property=\"og:image:type\" content=\"image\/jpeg\" \/>\n<meta name=\"author\" content=\"Isabel\" \/>\n<meta name=\"twitter:card\" content=\"summary_large_image\" \/>\n<meta name=\"twitter:creator\" content=\"@iengenharia\" \/>\n<meta name=\"twitter:site\" content=\"@iengenharia\" \/>\n<meta name=\"twitter:label1\" content=\"Escrito por\" \/>\n\t<meta name=\"twitter:data1\" content=\"Isabel\" \/>\n\t<meta name=\"twitter:label2\" content=\"Est. tempo de leitura\" \/>\n\t<meta name=\"twitter:data2\" content=\"1 minuto\" \/>\n<script type=\"application\/ld+json\" class=\"yoast-schema-graph\">{\"@context\":\"https:\/\/schema.org\",\"@graph\":[{\"@type\":\"Article\",\"@id\":\"https:\/\/www.institutodeengenharia.org.br\/site\/2025\/12\/11\/presidente-do-ie-participa-de-missa-celebrada-por-cardeal-dom-odilo-scherer-no-tcmsp\/#article\",\"isPartOf\":{\"@id\":\"https:\/\/www.institutodeengenharia.org.br\/site\/2025\/12\/11\/presidente-do-ie-participa-de-missa-celebrada-por-cardeal-dom-odilo-scherer-no-tcmsp\/\"},\"author\":{\"name\":\"Isabel\",\"@id\":\"https:\/\/www.institutodeengenharia.org.br\/site\/#\/schema\/person\/593dc356630173a4877a635d3e5fd76b\"},\"headline\":\"Presidente do IE participa de missa celebrada por Cardeal Dom Odilo Scherer, no TCMSP\",\"datePublished\":\"2025-12-11T14:52:10+00:00\",\"dateModified\":\"2025-12-11T14:52:47+00:00\",\"mainEntityOfPage\":{\"@id\":\"https:\/\/www.institutodeengenharia.org.br\/site\/2025\/12\/11\/presidente-do-ie-participa-de-missa-celebrada-por-cardeal-dom-odilo-scherer-no-tcmsp\/\"},\"wordCount\":161,\"commentCount\":0,\"publisher\":{\"@id\":\"https:\/\/www.institutodeengenharia.org.br\/site\/#organization\"},\"image\":{\"@id\":\"https:\/\/www.institutodeengenharia.org.br\/site\/2025\/12\/11\/presidente-do-ie-participa-de-missa-celebrada-por-cardeal-dom-odilo-scherer-no-tcmsp\/#primaryimage\"},\"thumbnailUrl\":\"https:\/\/www.institutodeengenharia.org.br\/site\/wp-content\/uploads\/2025\/12\/tcmsp.jpg\",\"articleSection\":[\"Instituto de Engenharia\",\"Not\u00edcias\"],\"inLanguage\":\"pt-BR\",\"potentialAction\":[{\"@type\":\"CommentAction\",\"name\":\"Comment\",\"target\":[\"https:\/\/www.institutodeengenharia.org.br\/site\/2025\/12\/11\/presidente-do-ie-participa-de-missa-celebrada-por-cardeal-dom-odilo-scherer-no-tcmsp\/#respond\"]}]},{\"@type\":\"WebPage\",\"@id\":\"https:\/\/www.institutodeengenharia.org.br\/site\/2025\/12\/11\/presidente-do-ie-participa-de-missa-celebrada-por-cardeal-dom-odilo-scherer-no-tcmsp\/\",\"url\":\"https:\/\/www.institutodeengenharia.org.br\/site\/2025\/12\/11\/presidente-do-ie-participa-de-missa-celebrada-por-cardeal-dom-odilo-scherer-no-tcmsp\/\",\"name\":\"Presidente do IE participa de missa celebrada por Cardeal Dom Odilo Scherer, no TCMSP - Instituto de Engenharia\",\"isPartOf\":{\"@id\":\"https:\/\/www.institutodeengenharia.org.br\/site\/#website\"},\"primaryImageOfPage\":{\"@id\":\"https:\/\/www.institutodeengenharia.org.br\/site\/2025\/12\/11\/presidente-do-ie-participa-de-missa-celebrada-por-cardeal-dom-odilo-scherer-no-tcmsp\/#primaryimage\"},\"image\":{\"@id\":\"https:\/\/www.institutodeengenharia.org.br\/site\/2025\/12\/11\/presidente-do-ie-participa-de-missa-celebrada-por-cardeal-dom-odilo-scherer-no-tcmsp\/#primaryimage\"},\"thumbnailUrl\":\"https:\/\/www.institutodeengenharia.org.br\/site\/wp-content\/uploads\/2025\/12\/tcmsp.jpg\",\"datePublished\":\"2025-12-11T14:52:10+00:00\",\"dateModified\":\"2025-12-11T14:52:47+00:00\",\"breadcrumb\":{\"@id\":\"https:\/\/www.institutodeengenharia.org.br\/site\/2025\/12\/11\/presidente-do-ie-participa-de-missa-celebrada-por-cardeal-dom-odilo-scherer-no-tcmsp\/#breadcrumb\"},\"inLanguage\":\"pt-BR\",\"potentialAction\":[{\"@type\":\"ReadAction\",\"target\":[\"https:\/\/www.institutodeengenharia.org.br\/site\/2025\/12\/11\/presidente-do-ie-participa-de-missa-celebrada-por-cardeal-dom-odilo-scherer-no-tcmsp\/\"]}]},{\"@type\":\"ImageObject\",\"inLanguage\":\"pt-BR\",\"@id\":\"https:\/\/www.institutodeengenharia.org.br\/site\/2025\/12\/11\/presidente-do-ie-participa-de-missa-celebrada-por-cardeal-dom-odilo-scherer-no-tcmsp\/#primaryimage\",\"url\":\"https:\/\/www.institutodeengenharia.org.br\/site\/wp-content\/uploads\/2025\/12\/tcmsp.jpg\",\"contentUrl\":\"https:\/\/www.institutodeengenharia.org.br\/site\/wp-content\/uploads\/2025\/12\/tcmsp.jpg\",\"width\":1676,\"height\":914,\"caption\":\"Cr\u00e9dito - TCMSP\"},{\"@type\":\"BreadcrumbList\",\"@id\":\"https:\/\/www.institutodeengenharia.org.br\/site\/2025\/12\/11\/presidente-do-ie-participa-de-missa-celebrada-por-cardeal-dom-odilo-scherer-no-tcmsp\/#breadcrumb\",\"itemListElement\":[{\"@type\":\"ListItem\",\"position\":1,\"name\":\"In\u00edcio\",\"item\":\"https:\/\/www.institutodeengenharia.org.br\/site\/\"},{\"@type\":\"ListItem\",\"position\":2,\"name\":\"Presidente do IE participa de missa celebrada por Cardeal Dom Odilo Scherer, no TCMSP\"}]},{\"@type\":\"WebSite\",\"@id\":\"https:\/\/www.institutodeengenharia.org.br\/site\/#website\",\"url\":\"https:\/\/www.institutodeengenharia.org.br\/site\/\",\"name\":\"Instituto de Engenharia\",\"description\":\"O Instituto de Engenharia promove a Engenharia em benef\u00edcio do desenvolvimento e da qualidade de vida da sociedade.\",\"publisher\":{\"@id\":\"https:\/\/www.institutodeengenharia.org.br\/site\/#organization\"},\"potentialAction\":[{\"@type\":\"SearchAction\",\"target\":{\"@type\":\"EntryPoint\",\"urlTemplate\":\"https:\/\/www.institutodeengenharia.org.br\/site\/?s={search_term_string}\"},\"query-input\":{\"@type\":\"PropertyValueSpecification\",\"valueRequired\":true,\"valueName\":\"search_term_string\"}}],\"inLanguage\":\"pt-BR\"},{\"@type\":\"Organization\",\"@id\":\"https:\/\/www.institutodeengenharia.org.br\/site\/#organization\",\"name\":\"Instituto de Engenharia\",\"url\":\"https:\/\/www.institutodeengenharia.org.br\/site\/\",\"logo\":{\"@type\":\"ImageObject\",\"inLanguage\":\"pt-BR\",\"@id\":\"https:\/\/www.institutodeengenharia.org.br\/site\/#\/schema\/logo\/image\/\",\"url\":\"https:\/\/www.institutodeengenharia.org.br\/site\/wp-content\/uploads\/2019\/03\/logo-novo-IE2018-1.jpg\",\"contentUrl\":\"https:\/\/www.institutodeengenharia.org.br\/site\/wp-content\/uploads\/2019\/03\/logo-novo-IE2018-1.jpg\",\"width\":1486,\"height\":1879,\"caption\":\"Instituto de Engenharia\"},\"image\":{\"@id\":\"https:\/\/www.institutodeengenharia.org.br\/site\/#\/schema\/logo\/image\/\"},\"sameAs\":[\"https:\/\/www.facebook.com\/institutodeengenharia\",\"https:\/\/x.com\/iengenharia\",\"https:\/\/www.instagram.com\/institutodeengenharia\/\",\"https:\/\/www.linkedin.com\/company\/instituto-de-engenharia\/\",\"https:\/\/www.youtube.com\/channel\/UCXiCAlsSMe977vamW915HxA\"]},{\"@type\":\"Person\",\"@id\":\"https:\/\/www.institutodeengenharia.org.br\/site\/#\/schema\/person\/593dc356630173a4877a635d3e5fd76b\",\"name\":\"Isabel\",\"image\":{\"@type\":\"ImageObject\",\"inLanguage\":\"pt-BR\",\"@id\":\"https:\/\/secure.gravatar.com\/avatar\/f3c521db63ec9db17894f10a88c6a3cf95b2281d7f80eeb3cf3ef1cb091576e7?s=96&d=mm&r=g\",\"url\":\"https:\/\/secure.gravatar.com\/avatar\/f3c521db63ec9db17894f10a88c6a3cf95b2281d7f80eeb3cf3ef1cb091576e7?s=96&d=mm&r=g\",\"contentUrl\":\"https:\/\/secure.gravatar.com\/avatar\/f3c521db63ec9db17894f10a88c6a3cf95b2281d7f80eeb3cf3ef1cb091576e7?s=96&d=mm&r=g\",\"caption\":\"Isabel\"},\"url\":\"https:\/\/www.institutodeengenharia.org.br\/site\/author\/comunicacao2\/\"}]}<\/script>\n<!-- \/ Yoast SEO plugin. -->","yoast_head_json":{"title":"Presidente do IE participa de missa celebrada por Cardeal Dom Odilo Scherer, no TCMSP - Instituto de Engenharia","robots":{"index":"index","follow":"follow","max-snippet":"max-snippet:-1","max-image-preview":"max-image-preview:large","max-video-preview":"max-video-preview:-1"},"canonical":"https:\/\/www.institutodeengenharia.org.br\/site\/2025\/12\/11\/presidente-do-ie-participa-de-missa-celebrada-por-cardeal-dom-odilo-scherer-no-tcmsp\/","og_locale":"pt_BR","og_type":"article","og_title":"Presidente do IE participa de missa celebrada por Cardeal Dom Odilo Scherer, no TCMSP - Instituto de Engenharia","og_description":"O presidente do Instituto de Engenharia, Jos\u00e9 Eduardo Jardim, participou nesta quarta (10), da missa em prepara\u00e7\u00e3o \u00e0 chegada do Natal, celebrada pelo Cardeal de S\u00e3o Paulo, Dom Odilo Pedro Scherer, no Plen\u00e1rio do Tribunal de Contas do Munic\u00edpio de S\u00e3o Paulo (TCMSP). Na presen\u00e7a do presidente da Casa, conselheiro Domingos Dissei, do vice-presidente, conselheiro [&hellip;]","og_url":"https:\/\/www.institutodeengenharia.org.br\/site\/2025\/12\/11\/presidente-do-ie-participa-de-missa-celebrada-por-cardeal-dom-odilo-scherer-no-tcmsp\/","og_site_name":"Instituto de Engenharia","article_publisher":"https:\/\/www.facebook.com\/institutodeengenharia","article_published_time":"2025-12-11T14:52:10+00:00","article_modified_time":"2025-12-11T14:52:47+00:00","og_image":[{"width":1676,"height":914,"url":"https:\/\/www.institutodeengenharia.org.br\/site\/wp-content\/uploads\/2025\/12\/tcmsp.jpg","type":"image\/jpeg"}],"author":"Isabel","twitter_card":"summary_large_image","twitter_creator":"@iengenharia","twitter_site":"@iengenharia","twitter_misc":{"Escrito por":"Isabel","Est. tempo de leitura":"1 minuto"},"schema":{"@context":"https:\/\/schema.org","@graph":[{"@type":"Article","@id":"https:\/\/www.institutodeengenharia.org.br\/site\/2025\/12\/11\/presidente-do-ie-participa-de-missa-celebrada-por-cardeal-dom-odilo-scherer-no-tcmsp\/#article","isPartOf":{"@id":"https:\/\/www.institutodeengenharia.org.br\/site\/2025\/12\/11\/presidente-do-ie-participa-de-missa-celebrada-por-cardeal-dom-odilo-scherer-no-tcmsp\/"},"author":{"name":"Isabel","@id":"https:\/\/www.institutodeengenharia.org.br\/site\/#\/schema\/person\/593dc356630173a4877a635d3e5fd76b"},"headline":"Presidente do IE participa de missa celebrada por Cardeal Dom Odilo Scherer, no TCMSP","datePublished":"2025-12-11T14:52:10+00:00","dateModified":"2025-12-11T14:52:47+00:00","mainEntityOfPage":{"@id":"https:\/\/www.institutodeengenharia.org.br\/site\/2025\/12\/11\/presidente-do-ie-participa-de-missa-celebrada-por-cardeal-dom-odilo-scherer-no-tcmsp\/"},"wordCount":161,"commentCount":0,"publisher":{"@id":"https:\/\/www.institutodeengenharia.org.br\/site\/#organization"},"image":{"@id":"https:\/\/www.institutodeengenharia.org.br\/site\/2025\/12\/11\/presidente-do-ie-participa-de-missa-celebrada-por-cardeal-dom-odilo-scherer-no-tcmsp\/#primaryimage"},"thumbnailUrl":"https:\/\/www.institutodeengenharia.org.br\/site\/wp-content\/uploads\/2025\/12\/tcmsp.jpg","articleSection":["Instituto de Engenharia","Not\u00edcias"],"inLanguage":"pt-BR","potentialAction":[{"@type":"CommentAction","name":"Comment","target":["https:\/\/www.institutodeengenharia.org.br\/site\/2025\/12\/11\/presidente-do-ie-participa-de-missa-celebrada-por-cardeal-dom-odilo-scherer-no-tcmsp\/#respond"]}]},{"@type":"WebPage","@id":"https:\/\/www.institutodeengenharia.org.br\/site\/2025\/12\/11\/presidente-do-ie-participa-de-missa-celebrada-por-cardeal-dom-odilo-scherer-no-tcmsp\/","url":"https:\/\/www.institutodeengenharia.org.br\/site\/2025\/12\/11\/presidente-do-ie-participa-de-missa-celebrada-por-cardeal-dom-odilo-scherer-no-tcmsp\/","name":"Presidente do IE participa de missa celebrada por Cardeal Dom Odilo Scherer, no TCMSP - Instituto de Engenharia","isPartOf":{"@id":"https:\/\/www.institutodeengenharia.org.br\/site\/#website"},"primaryImageOfPage":{"@id":"https:\/\/www.institutodeengenharia.org.br\/site\/2025\/12\/11\/presidente-do-ie-participa-de-missa-celebrada-por-cardeal-dom-odilo-scherer-no-tcmsp\/#primaryimage"},"image":{"@id":"https:\/\/www.institutodeengenharia.org.br\/site\/2025\/12\/11\/presidente-do-ie-participa-de-missa-celebrada-por-cardeal-dom-odilo-scherer-no-tcmsp\/#primaryimage"},"thumbnailUrl":"https:\/\/www.institutodeengenharia.org.br\/site\/wp-content\/uploads\/2025\/12\/tcmsp.jpg","datePublished":"2025-12-11T14:52:10+00:00","dateModified":"2025-12-11T14:52:47+00:00","breadcrumb":{"@id":"https:\/\/www.institutodeengenharia.org.br\/site\/2025\/12\/11\/presidente-do-ie-participa-de-missa-celebrada-por-cardeal-dom-odilo-scherer-no-tcmsp\/#breadcrumb"},"inLanguage":"pt-BR","potentialAction":[{"@type":"ReadAction","target":["https:\/\/www.institutodeengenharia.org.br\/site\/2025\/12\/11\/presidente-do-ie-participa-de-missa-celebrada-por-cardeal-dom-odilo-scherer-no-tcmsp\/"]}]},{"@type":"ImageObject","inLanguage":"pt-BR","@id":"https:\/\/www.institutodeengenharia.org.br\/site\/2025\/12\/11\/presidente-do-ie-participa-de-missa-celebrada-por-cardeal-dom-odilo-scherer-no-tcmsp\/#primaryimage","url":"https:\/\/www.institutodeengenharia.org.br\/site\/wp-content\/uploads\/2025\/12\/tcmsp.jpg","contentUrl":"https:\/\/www.institutodeengenharia.org.br\/site\/wp-content\/uploads\/2025\/12\/tcmsp.jpg","width":1676,"height":914,"caption":"Cr\u00e9dito - TCMSP"},{"@type":"BreadcrumbList","@id":"https:\/\/www.institutodeengenharia.org.br\/site\/2025\/12\/11\/presidente-do-ie-participa-de-missa-celebrada-por-cardeal-dom-odilo-scherer-no-tcmsp\/#breadcrumb","itemListElement":[{"@type":"ListItem","position":1,"name":"In\u00edcio","item":"https:\/\/www.institutodeengenharia.org.br\/site\/"},{"@type":"ListItem","position":2,"name":"Presidente do IE participa de missa celebrada por Cardeal Dom Odilo Scherer, no TCMSP"}]},{"@type":"WebSite","@id":"https:\/\/www.institutodeengenharia.org.br\/site\/#website","url":"https:\/\/www.institutodeengenharia.org.br\/site\/","name":"Instituto de Engenharia","description":"O Instituto de Engenharia promove a Engenharia em benef\u00edcio do desenvolvimento e da qualidade de vida da sociedade.","publisher":{"@id":"https:\/\/www.institutodeengenharia.org.br\/site\/#organization"},"potentialAction":[{"@type":"SearchAction","target":{"@type":"EntryPoint","urlTemplate":"https:\/\/www.institutodeengenharia.org.br\/site\/?s={search_term_string}"},"query-input":{"@type":"PropertyValueSpecification","valueRequired":true,"valueName":"search_term_string"}}],"inLanguage":"pt-BR"},{"@type":"Organization","@id":"https:\/\/www.institutodeengenharia.org.br\/site\/#organization","name":"Instituto de Engenharia","url":"https:\/\/www.institutodeengenharia.org.br\/site\/","logo":{"@type":"ImageObject","inLanguage":"pt-BR","@id":"https:\/\/www.institutodeengenharia.org.br\/site\/#\/schema\/logo\/image\/","url":"https:\/\/www.institutodeengenharia.org.br\/site\/wp-content\/uploads\/2019\/03\/logo-novo-IE2018-1.jpg","contentUrl":"https:\/\/www.institutodeengenharia.org.br\/site\/wp-content\/uploads\/2019\/03\/logo-novo-IE2018-1.jpg","width":1486,"height":1879,"caption":"Instituto de Engenharia"},"image":{"@id":"https:\/\/www.institutodeengenharia.org.br\/site\/#\/schema\/logo\/image\/"},"sameAs":["https:\/\/www.facebook.com\/institutodeengenharia","https:\/\/x.com\/iengenharia","https:\/\/www.instagram.com\/institutodeengenharia\/","https:\/\/www.linkedin.com\/company\/instituto-de-engenharia\/","https:\/\/www.youtube.com\/channel\/UCXiCAlsSMe977vamW915HxA"]},{"@type":"Person","@id":"https:\/\/www.institutodeengenharia.org.br\/site\/#\/schema\/person\/593dc356630173a4877a635d3e5fd76b","name":"Isabel","image":{"@type":"ImageObject","inLanguage":"pt-BR","@id":"https:\/\/secure.gravatar.com\/avatar\/f3c521db63ec9db17894f10a88c6a3cf95b2281d7f80eeb3cf3ef1cb091576e7?s=96&d=mm&r=g","url":"https:\/\/secure.gravatar.com\/avatar\/f3c521db63ec9db17894f10a88c6a3cf95b2281d7f80eeb3cf3ef1cb091576e7?s=96&d=mm&r=g","contentUrl":"https:\/\/secure.gravatar.com\/avatar\/f3c521db63ec9db17894f10a88c6a3cf95b2281d7f80eeb3cf3ef1cb091576e7?s=96&d=mm&r=g","caption":"Isabel"},"url":"https:\/\/www.institutodeengenharia.org.br\/site\/author\/comunicacao2\/"}]}},"_links":{"self":[{"href":"https:\/\/www.institutodeengenharia.org.br\/site\/wp-json\/wp\/v2\/posts\/135074","targetHints":{"allow":["GET"]}}],"collection":[{"href":"https:\/\/www.institutodeengenharia.org.br\/site\/wp-json\/wp\/v2\/posts"}],"about":[{"href":"https:\/\/www.institutodeengenharia.org.br\/site\/wp-json\/wp\/v2\/types\/post"}],"author":[{"embeddable":true,"href":"https:\/\/www.institutodeengenharia.org.br\/site\/wp-json\/wp\/v2\/users\/14"}],"replies":[{"embeddable":true,"href":"https:\/\/www.institutodeengenharia.org.br\/site\/wp-json\/wp\/v2\/comments?post=135074"}],"version-history":[{"count":1,"href":"https:\/\/www.institutodeengenharia.org.br\/site\/wp-json\/wp\/v2\/posts\/135074\/revisions"}],"predecessor-version":[{"id":135078,"href":"https:\/\/www.institutodeengenharia.org.br\/site\/wp-json\/wp\/v2\/posts\/135074\/revisions\/135078"}],"wp:featuredmedia":[{"embeddable":true,"href":"https:\/\/www.institutodeengenharia.org.br\/site\/wp-json\/wp\/v2\/media\/135077"}],"wp:attachment":[{"href":"https:\/\/www.institutodeengenharia.org.br\/site\/wp-json\/wp\/v2\/media?parent=135074"}],"wp:term":[{"taxonomy":"category","embeddable":true,"href":"https:\/\/www.institutodeengenharia.org.br\/site\/wp-json\/wp\/v2\/categories?post=135074"},{"taxonomy":"post_tag","embeddable":true,"href":"https:\/\/www.institutodeengenharia.org.br\/site\/wp-json\/wp\/v2\/tags?post=135074"}],"curies":[{"name":"wp","href":"https:\/\/api.w.org\/{rel}","templated":true}]}}