{"id":135020,"date":"2025-12-08T14:26:27","date_gmt":"2025-12-08T17:26:27","guid":{"rendered":"https:\/\/www.institutodeengenharia.org.br\/site\/?p=135020"},"modified":"2025-12-08T14:30:57","modified_gmt":"2025-12-08T17:30:57","slug":"por-jose-eduardo-cavalcanti-consideracoes-acerca-do-acidente-ocorrido-em-maio-de-2025-na-marginal-tiete-em-decorrencia-de-vazamento-de-esgotos-originarios-do-interceptor-iti-3-3a-parte-em","status":"publish","type":"post","link":"https:\/\/www.institutodeengenharia.org.br\/site\/2025\/12\/08\/por-jose-eduardo-cavalcanti-consideracoes-acerca-do-acidente-ocorrido-em-maio-de-2025-na-marginal-tiete-em-decorrencia-de-vazamento-de-esgotos-originarios-do-interceptor-iti-3-3a-parte-em\/","title":{"rendered":"Por Jos\u00e9 Eduardo Cavalcanti \u2013 Considera\u00e7\u00f5es acerca do acidente ocorrido, em maio de 2025, na Marginal Tiet\u00ea em decorr\u00eancia de vazamento de esgotos origin\u00e1rios do interceptor ITi 3 (3\u00aa parte em 1\/10\/25)"},"content":{"rendered":"<p style=\"margin: 0cm; margin-bottom: .0001pt;\"><b><span style=\"font-size: 11.5pt; font-family: 'Verdana',sans-serif;\">Alerta<\/span><\/b><span style=\"font-size: 11.5pt; font-family: 'Verdana',sans-serif;\">: As considera\u00e7\u00f5es envolvendo este assunto feitas em dois artigos anteriores foram baseadas apenas nos relatos obtidos atrav\u00e9s de entrevistas concedidas \u00e0 imprensa por parte de engenheiros da SABESP. O presente artigo, ao contr\u00e1rio, se baseia no relato verbal do Eng. Meunin Oliveira Junior, atual\u00a0<\/span><span style=\"font-size: 10.5pt; font-family: 'Arial',sans-serif; color: #474747;\">Diretor de Rela\u00e7\u00f5es Contratuais e Institucionais\u00a0<\/span><span style=\"font-size: 11.5pt; font-family: 'Verdana',sans-serif;\">da Sabesp, proferido na reuni\u00e3o ordin\u00e1ria do Conselho Estadual de Recursos H\u00eddricos realizada em 1 de outubro de 2025.<\/span><\/p>\n<p>&nbsp;<\/p>\n<p style=\"margin: 0cm; margin-bottom: .0001pt;\"><b><span style=\"font-size: 11.5pt; font-family: 'Verdana',sans-serif;\">Hist\u00f3rico<\/span><\/b><\/p>\n<p>Em 10 de abril de 2025 abriu-se repentinamente uma cratera em uma das vias da pista central da Marginal do Tiet\u00ea pr\u00f3ximo \u00e0 ponte At\u00edlio Fontana no sentido Castelo. Assim que se constatou que o acidente foi decorrente de solapamento do terreno devido a infiltra\u00e7\u00e3o de \u00e1gua, a SABESP foi acionada e prontamente reparou em 3 dias as fissuras na laje inferior da caixa principal do po\u00e7o de visita PV 09 do interceptor ITi-3 que margeia o Tiet\u00ea pela sua margem direita, localizada a 18 m de profundidade.<\/p>\n<p>&nbsp;<\/p>\n<p>&nbsp;<\/p>\n<p>Contudo, em 11 de maio, a pista voltou a ceder no mesmo local. A previs\u00e3o inicial divulgada em 12 de maio para os reparos que exigiam interven\u00e7\u00f5es mais robustas era de 30 dias.<\/p>\n<p>&nbsp;<\/p>\n<p>Analisando, no entanto, o problema com mais profundidade, a SABESP verificou que o acesso ao PV 09 n\u00e3o mais existia restando apenas a caixa junto ao interceptor. Isto se deveu, provavelmente, a alguma interven\u00e7\u00e3o durante \u00e0s obras havidas no canteiro central situado entre as pistas local e expressa onde foram implantadas as pistas centrais. Era justamente no canteiro central que ficava o acesso ao PV 09.<\/p>\n<p>&nbsp;<\/p>\n<p>A SABESP ent\u00e3o presume que a retirada da estrutura de acesso ao PV 09 tenha comprometido estruturalmente a caixa.<\/p>\n<p>&nbsp;<\/p>\n<p>Natureza das interven\u00e7\u00f5es<\/p>\n<p>&nbsp;<\/p>\n<p>Diante disso, constatada a complexidade do problema a SABESP, no per\u00edodo de maio a agosto, iniciou as interven\u00e7\u00f5es visando a consolida\u00e7\u00e3o do maci\u00e7o, cujo in\u00edcio se deu t\u00e3o logo se concluiu a abertura de novo acesso atrav\u00e9s da constru\u00e7\u00e3o de um PV com 6 m de di\u00e2metro e 18 m de profundidade.<\/p>\n<p>&nbsp;<\/p>\n<p>Nesta 1\u00aa etapa as interven\u00e7\u00f5es se traduziram pela inje\u00e7\u00e3o, sob press\u00e3o, de argamassa\/concreto no maci\u00e7o em mais de 100 pontos no local do solapamento e pela coloca\u00e7\u00e3o de 66 estacas para a estabiliza\u00e7\u00e3o do terreno de forma a proteger tanto a via local como a expressa. Foram consumidos cerca de 630 m3 de concreto para esta tarefa.\u00a0Em paralelo, foi aberto um novo po\u00e7o de acesso para permitir a entrada no interior do interceptor por meio de uma \u201cjanela\u201d para realizar os trabalhos de limpeza a fim de restabelecer o fluxo total dentro do interceptor.<\/p>\n<p>Deste modo, em 1\u00ba de setembro, a Companhia informou que concluiu a etapa de estabiliza\u00e7\u00e3o do solo e iniciou a fase de limpeza e recupera\u00e7\u00e3o da parte do interceptor atingida com a desativa\u00e7\u00e3o da caixa do PV 09.No entanto, o prazo para a conclus\u00e3o das obras foi estendido at\u00e9 mar\u00e7o de 2026.<\/p>\n<p>&nbsp;<\/p>\n<p>Na segunda etapa, em andamento, com o objetivo de esvaziar o trecho do interceptor para permitir a realiza\u00e7\u00e3o, com seguran\u00e7a, dos devidos reparos em seu interior est\u00e1 sendo feita a transfer\u00eancia dos esgotos do interceptor de uma margem para a outra com o fito de se diminuir a vaz\u00e3o no interceptor. Foram ent\u00e3o estendidas tubula\u00e7\u00f5es provis\u00f3rias nas cal\u00e7adas das pontes Casa Verde e Freguesia do \u00d3, al\u00e9m da revers\u00e3o dos esgotos de uma pequena bacia para a ETE Parque Novo Mundo. Foi tamb\u00e9m feita o \u201cby pass\u201d do PV 6 em 3 tubula\u00e7\u00f5es a\u00e9reas assentadas sobre o canteiro central a fim de permitir o encaminhamento dos esgotos para mais a jusante, nesta mesma margem, em dire\u00e7\u00e3o \u00e0 ETE Barueri. Posteriormente foram instaladas tubula\u00e7\u00f5es na Ponte do Piquer\u00ed com este mesmo objetivo.<\/p>\n<p>O sif\u00e3o do Piqueri, uma antiga tubula\u00e7\u00e3o instalada sob o leito do rio Tiet\u00ea, desativada ap\u00f3s a conclus\u00e3o do ITi3, foi reabilitada como um sistema de resili\u00eancia, de modo a permitir a passagem dos esgotos nos dois sentidos em caso de necessidade, haja vista a intrus\u00e3o de \u00e1guas pluviais no sistema de esgotos.<\/p>\n<p>Na 3\u00aa etapa prevista para ser conclu\u00edda em mar\u00e7o de 2026 ser\u00e3o encetados o bloqueio total do PV 8, demoli\u00e7\u00e3o e limpeza da estrutura, elimina\u00e7\u00e3o da caixa de passagem e constru\u00e7\u00e3o de novo t\u00fanel de aproximadamente 60 m, sendo 30 m de cada lado.<\/p>\n<p>Resta saber se o acidente est\u00e1 relacionado realmente com a intrus\u00e3o de \u00e1guas pluviais no sistema de coleta e que, por conta disso, o interceptor esteja funcionando em carga o que pode ter acarretado fissuras na caixa do po\u00e7o de visita causando o solapamento do solo nas imedia\u00e7\u00f5es provocando o surgimento da cratera.<\/p>\n<p>A conferir.<\/p>\n<p>________________________________________________________________________<\/p>\n<p><img loading=\"lazy\" decoding=\"async\" class=\"wp-image-31353 alignleft td-animation-stack-type0-2\" src=\"https:\/\/www.institutodeengenharia.org.br\/site\/wp-content\/uploads\/2018\/02\/cavalcanti-alta2-e1547225067645.jpg\" sizes=\"auto, (max-width: 169px) 100vw, 169px\" srcset=\"https:\/\/www.institutodeengenharia.org.br\/site\/wp-content\/uploads\/2018\/02\/cavalcanti-alta2-e1547225067645.jpg 606w, https:\/\/www.institutodeengenharia.org.br\/site\/wp-content\/uploads\/2018\/02\/cavalcanti-alta2-e1547225067645-150x150.jpg 150w, https:\/\/www.institutodeengenharia.org.br\/site\/wp-content\/uploads\/2018\/02\/cavalcanti-alta2-e1547225067645-298x300.jpg 298w, https:\/\/www.institutodeengenharia.org.br\/site\/wp-content\/uploads\/2018\/02\/cavalcanti-alta2-e1547225067645-417x420.jpg 417w\" alt=\"\" width=\"169\" height=\"170\" \/><\/p>\n<p>Jos\u00e9 Eduardo Cavalcanti \u00e9 engenheiro consultor, diretor do Departamento de Engenharia da Ambiental do Brasil, diretor da Divis\u00e3o de Saneamento do Deinfra \u2013 Departamento de Infraestrutura da Federa\u00e7\u00e3o das Ind\u00fastrias do Estado de S\u00e3o Paulo (Fiesp), conselheiro do Instituto de Engenharia, e membro da Comiss\u00e3o Editorial da Revista Engenharia. E-mail:\u00a0<a href=\"mailto:cavalcanti@ambientaldobrasil.com.br\">cavalcanti@ambientaldobrasil.com.br<\/a><\/p>\n<p><em>*O conte\u00fado textual e as imagens utilizadas neste artigo s\u00e3o de inteira responsabilidade do autor. O Instituto de Engenharia n\u00e3o se responsabiliza pelas informa\u00e7\u00f5es, opini\u00f5es ou materiais apresentados.<\/em><\/p>\n<p><em>Este artigo \u00e9 de exclusiva responsabilidade do autor.<\/em><\/p>\n","protected":false},"excerpt":{"rendered":"<p>Alerta: As considera\u00e7\u00f5es envolvendo este assunto feitas em dois artigos anteriores foram baseadas apenas nos relatos obtidos atrav\u00e9s de entrevistas concedidas \u00e0 imprensa por parte de engenheiros da SABESP. O presente artigo, ao contr\u00e1rio, se baseia no relato verbal do Eng. Meunin Oliveira Junior, atual\u00a0Diretor de Rela\u00e7\u00f5es Contratuais e Institucionais\u00a0da Sabesp, proferido na reuni\u00e3o ordin\u00e1ria [&hellip;]<\/p>\n","protected":false},"author":13,"featured_media":135021,"comment_status":"open","ping_status":"open","sticky":false,"template":"","format":"standard","meta":{"footnotes":""},"categories":[11,92],"tags":[],"class_list":{"0":"post-135020","1":"post","2":"type-post","3":"status-publish","4":"format-standard","5":"has-post-thumbnail","7":"category-articulistas","8":"category-jose-eduardo-cavalcanti"},"yoast_head":"<!-- This site is optimized with the Yoast SEO plugin v27.2 - https:\/\/yoast.com\/product\/yoast-seo-wordpress\/ -->\n<title>Por Jos\u00e9 Eduardo Cavalcanti \u2013 Considera\u00e7\u00f5es acerca do acidente ocorrido, em maio de 2025, na Marginal Tiet\u00ea em decorr\u00eancia de vazamento de esgotos origin\u00e1rios do interceptor ITi 3 (3\u00aa parte em 1\/10\/25) - Instituto de Engenharia<\/title>\n<meta name=\"robots\" content=\"index, follow, max-snippet:-1, max-image-preview:large, max-video-preview:-1\" \/>\n<link rel=\"canonical\" href=\"https:\/\/www.institutodeengenharia.org.br\/site\/2025\/12\/08\/por-jose-eduardo-cavalcanti-consideracoes-acerca-do-acidente-ocorrido-em-maio-de-2025-na-marginal-tiete-em-decorrencia-de-vazamento-de-esgotos-originarios-do-interceptor-iti-3-3a-parte-em\/\" \/>\n<meta property=\"og:locale\" content=\"pt_BR\" \/>\n<meta property=\"og:type\" content=\"article\" \/>\n<meta property=\"og:title\" content=\"Por Jos\u00e9 Eduardo Cavalcanti \u2013 Considera\u00e7\u00f5es acerca do acidente ocorrido, em maio de 2025, na Marginal Tiet\u00ea em decorr\u00eancia de vazamento de esgotos origin\u00e1rios do interceptor ITi 3 (3\u00aa parte em 1\/10\/25) - Instituto de Engenharia\" \/>\n<meta property=\"og:description\" content=\"Alerta: As considera\u00e7\u00f5es envolvendo este assunto feitas em dois artigos anteriores foram baseadas apenas nos relatos obtidos atrav\u00e9s de entrevistas concedidas \u00e0 imprensa por parte de engenheiros da SABESP. O presente artigo, ao contr\u00e1rio, se baseia no relato verbal do Eng. Meunin Oliveira Junior, atual\u00a0Diretor de Rela\u00e7\u00f5es Contratuais e Institucionais\u00a0da Sabesp, proferido na reuni\u00e3o ordin\u00e1ria [&hellip;]\" \/>\n<meta property=\"og:url\" content=\"https:\/\/www.institutodeengenharia.org.br\/site\/2025\/12\/08\/por-jose-eduardo-cavalcanti-consideracoes-acerca-do-acidente-ocorrido-em-maio-de-2025-na-marginal-tiete-em-decorrencia-de-vazamento-de-esgotos-originarios-do-interceptor-iti-3-3a-parte-em\/\" \/>\n<meta property=\"og:site_name\" content=\"Instituto de Engenharia\" \/>\n<meta property=\"article:publisher\" content=\"https:\/\/www.facebook.com\/institutodeengenharia\" \/>\n<meta property=\"article:published_time\" content=\"2025-12-08T17:26:27+00:00\" \/>\n<meta property=\"article:modified_time\" content=\"2025-12-08T17:30:57+00:00\" \/>\n<meta property=\"og:image\" content=\"https:\/\/www.institutodeengenharia.org.br\/site\/wp-content\/uploads\/2025\/12\/fotoatgclv.png\" \/>\n\t<meta property=\"og:image:width\" content=\"719\" \/>\n\t<meta property=\"og:image:height\" content=\"294\" \/>\n\t<meta property=\"og:image:type\" content=\"image\/png\" \/>\n<meta name=\"author\" content=\"Bianca\" \/>\n<meta name=\"twitter:card\" content=\"summary_large_image\" \/>\n<meta name=\"twitter:creator\" content=\"@iengenharia\" \/>\n<meta name=\"twitter:site\" content=\"@iengenharia\" \/>\n<meta name=\"twitter:label1\" content=\"Escrito por\" \/>\n\t<meta name=\"twitter:data1\" content=\"Bianca\" \/>\n\t<meta name=\"twitter:label2\" content=\"Est. tempo de leitura\" \/>\n\t<meta name=\"twitter:data2\" content=\"6 minutos\" \/>\n<script type=\"application\/ld+json\" class=\"yoast-schema-graph\">{\"@context\":\"https:\/\/schema.org\",\"@graph\":[{\"@type\":\"Article\",\"@id\":\"https:\/\/www.institutodeengenharia.org.br\/site\/2025\/12\/08\/por-jose-eduardo-cavalcanti-consideracoes-acerca-do-acidente-ocorrido-em-maio-de-2025-na-marginal-tiete-em-decorrencia-de-vazamento-de-esgotos-originarios-do-interceptor-iti-3-3a-parte-em\/#article\",\"isPartOf\":{\"@id\":\"https:\/\/www.institutodeengenharia.org.br\/site\/2025\/12\/08\/por-jose-eduardo-cavalcanti-consideracoes-acerca-do-acidente-ocorrido-em-maio-de-2025-na-marginal-tiete-em-decorrencia-de-vazamento-de-esgotos-originarios-do-interceptor-iti-3-3a-parte-em\/\"},\"author\":{\"name\":\"Bianca\",\"@id\":\"https:\/\/www.institutodeengenharia.org.br\/site\/#\/schema\/person\/aeb64951c405e100d26d30b033dd423f\"},\"headline\":\"Por Jos\u00e9 Eduardo Cavalcanti \u2013 Considera\u00e7\u00f5es acerca do acidente ocorrido, em maio de 2025, na Marginal Tiet\u00ea em decorr\u00eancia de vazamento de esgotos origin\u00e1rios do interceptor ITi 3 (3\u00aa parte em 1\/10\/25)\",\"datePublished\":\"2025-12-08T17:26:27+00:00\",\"dateModified\":\"2025-12-08T17:30:57+00:00\",\"mainEntityOfPage\":{\"@id\":\"https:\/\/www.institutodeengenharia.org.br\/site\/2025\/12\/08\/por-jose-eduardo-cavalcanti-consideracoes-acerca-do-acidente-ocorrido-em-maio-de-2025-na-marginal-tiete-em-decorrencia-de-vazamento-de-esgotos-originarios-do-interceptor-iti-3-3a-parte-em\/\"},\"wordCount\":937,\"commentCount\":0,\"publisher\":{\"@id\":\"https:\/\/www.institutodeengenharia.org.br\/site\/#organization\"},\"image\":{\"@id\":\"https:\/\/www.institutodeengenharia.org.br\/site\/2025\/12\/08\/por-jose-eduardo-cavalcanti-consideracoes-acerca-do-acidente-ocorrido-em-maio-de-2025-na-marginal-tiete-em-decorrencia-de-vazamento-de-esgotos-originarios-do-interceptor-iti-3-3a-parte-em\/#primaryimage\"},\"thumbnailUrl\":\"https:\/\/www.institutodeengenharia.org.br\/site\/wp-content\/uploads\/2025\/12\/fotoatgclv.png\",\"articleSection\":[\"Articulistas\",\"Jos\u00e9 Eduardo Cavalcanti\"],\"inLanguage\":\"pt-BR\",\"potentialAction\":[{\"@type\":\"CommentAction\",\"name\":\"Comment\",\"target\":[\"https:\/\/www.institutodeengenharia.org.br\/site\/2025\/12\/08\/por-jose-eduardo-cavalcanti-consideracoes-acerca-do-acidente-ocorrido-em-maio-de-2025-na-marginal-tiete-em-decorrencia-de-vazamento-de-esgotos-originarios-do-interceptor-iti-3-3a-parte-em\/#respond\"]}]},{\"@type\":\"WebPage\",\"@id\":\"https:\/\/www.institutodeengenharia.org.br\/site\/2025\/12\/08\/por-jose-eduardo-cavalcanti-consideracoes-acerca-do-acidente-ocorrido-em-maio-de-2025-na-marginal-tiete-em-decorrencia-de-vazamento-de-esgotos-originarios-do-interceptor-iti-3-3a-parte-em\/\",\"url\":\"https:\/\/www.institutodeengenharia.org.br\/site\/2025\/12\/08\/por-jose-eduardo-cavalcanti-consideracoes-acerca-do-acidente-ocorrido-em-maio-de-2025-na-marginal-tiete-em-decorrencia-de-vazamento-de-esgotos-originarios-do-interceptor-iti-3-3a-parte-em\/\",\"name\":\"Por Jos\u00e9 Eduardo Cavalcanti \u2013 Considera\u00e7\u00f5es acerca do acidente ocorrido, em maio de 2025, na Marginal Tiet\u00ea em decorr\u00eancia de vazamento de esgotos origin\u00e1rios do interceptor ITi 3 (3\u00aa parte em 1\/10\/25) - Instituto de Engenharia\",\"isPartOf\":{\"@id\":\"https:\/\/www.institutodeengenharia.org.br\/site\/#website\"},\"primaryImageOfPage\":{\"@id\":\"https:\/\/www.institutodeengenharia.org.br\/site\/2025\/12\/08\/por-jose-eduardo-cavalcanti-consideracoes-acerca-do-acidente-ocorrido-em-maio-de-2025-na-marginal-tiete-em-decorrencia-de-vazamento-de-esgotos-originarios-do-interceptor-iti-3-3a-parte-em\/#primaryimage\"},\"image\":{\"@id\":\"https:\/\/www.institutodeengenharia.org.br\/site\/2025\/12\/08\/por-jose-eduardo-cavalcanti-consideracoes-acerca-do-acidente-ocorrido-em-maio-de-2025-na-marginal-tiete-em-decorrencia-de-vazamento-de-esgotos-originarios-do-interceptor-iti-3-3a-parte-em\/#primaryimage\"},\"thumbnailUrl\":\"https:\/\/www.institutodeengenharia.org.br\/site\/wp-content\/uploads\/2025\/12\/fotoatgclv.png\",\"datePublished\":\"2025-12-08T17:26:27+00:00\",\"dateModified\":\"2025-12-08T17:30:57+00:00\",\"breadcrumb\":{\"@id\":\"https:\/\/www.institutodeengenharia.org.br\/site\/2025\/12\/08\/por-jose-eduardo-cavalcanti-consideracoes-acerca-do-acidente-ocorrido-em-maio-de-2025-na-marginal-tiete-em-decorrencia-de-vazamento-de-esgotos-originarios-do-interceptor-iti-3-3a-parte-em\/#breadcrumb\"},\"inLanguage\":\"pt-BR\",\"potentialAction\":[{\"@type\":\"ReadAction\",\"target\":[\"https:\/\/www.institutodeengenharia.org.br\/site\/2025\/12\/08\/por-jose-eduardo-cavalcanti-consideracoes-acerca-do-acidente-ocorrido-em-maio-de-2025-na-marginal-tiete-em-decorrencia-de-vazamento-de-esgotos-originarios-do-interceptor-iti-3-3a-parte-em\/\"]}]},{\"@type\":\"ImageObject\",\"inLanguage\":\"pt-BR\",\"@id\":\"https:\/\/www.institutodeengenharia.org.br\/site\/2025\/12\/08\/por-jose-eduardo-cavalcanti-consideracoes-acerca-do-acidente-ocorrido-em-maio-de-2025-na-marginal-tiete-em-decorrencia-de-vazamento-de-esgotos-originarios-do-interceptor-iti-3-3a-parte-em\/#primaryimage\",\"url\":\"https:\/\/www.institutodeengenharia.org.br\/site\/wp-content\/uploads\/2025\/12\/fotoatgclv.png\",\"contentUrl\":\"https:\/\/www.institutodeengenharia.org.br\/site\/wp-content\/uploads\/2025\/12\/fotoatgclv.png\",\"width\":719,\"height\":294,\"caption\":\"Fonte: SABESP\"},{\"@type\":\"BreadcrumbList\",\"@id\":\"https:\/\/www.institutodeengenharia.org.br\/site\/2025\/12\/08\/por-jose-eduardo-cavalcanti-consideracoes-acerca-do-acidente-ocorrido-em-maio-de-2025-na-marginal-tiete-em-decorrencia-de-vazamento-de-esgotos-originarios-do-interceptor-iti-3-3a-parte-em\/#breadcrumb\",\"itemListElement\":[{\"@type\":\"ListItem\",\"position\":1,\"name\":\"In\u00edcio\",\"item\":\"https:\/\/www.institutodeengenharia.org.br\/site\/\"},{\"@type\":\"ListItem\",\"position\":2,\"name\":\"Por Jos\u00e9 Eduardo Cavalcanti \u2013 Considera\u00e7\u00f5es acerca do acidente ocorrido, em maio de 2025, na Marginal Tiet\u00ea em decorr\u00eancia de vazamento de esgotos origin\u00e1rios do interceptor ITi 3 (3\u00aa parte em 1\/10\/25)\"}]},{\"@type\":\"WebSite\",\"@id\":\"https:\/\/www.institutodeengenharia.org.br\/site\/#website\",\"url\":\"https:\/\/www.institutodeengenharia.org.br\/site\/\",\"name\":\"Instituto de Engenharia\",\"description\":\"O Instituto de Engenharia promove a Engenharia em benef\u00edcio do desenvolvimento e da qualidade de vida da sociedade.\",\"publisher\":{\"@id\":\"https:\/\/www.institutodeengenharia.org.br\/site\/#organization\"},\"potentialAction\":[{\"@type\":\"SearchAction\",\"target\":{\"@type\":\"EntryPoint\",\"urlTemplate\":\"https:\/\/www.institutodeengenharia.org.br\/site\/?s={search_term_string}\"},\"query-input\":{\"@type\":\"PropertyValueSpecification\",\"valueRequired\":true,\"valueName\":\"search_term_string\"}}],\"inLanguage\":\"pt-BR\"},{\"@type\":\"Organization\",\"@id\":\"https:\/\/www.institutodeengenharia.org.br\/site\/#organization\",\"name\":\"Instituto de Engenharia\",\"url\":\"https:\/\/www.institutodeengenharia.org.br\/site\/\",\"logo\":{\"@type\":\"ImageObject\",\"inLanguage\":\"pt-BR\",\"@id\":\"https:\/\/www.institutodeengenharia.org.br\/site\/#\/schema\/logo\/image\/\",\"url\":\"https:\/\/www.institutodeengenharia.org.br\/site\/wp-content\/uploads\/2019\/03\/logo-novo-IE2018-1.jpg\",\"contentUrl\":\"https:\/\/www.institutodeengenharia.org.br\/site\/wp-content\/uploads\/2019\/03\/logo-novo-IE2018-1.jpg\",\"width\":1486,\"height\":1879,\"caption\":\"Instituto de Engenharia\"},\"image\":{\"@id\":\"https:\/\/www.institutodeengenharia.org.br\/site\/#\/schema\/logo\/image\/\"},\"sameAs\":[\"https:\/\/www.facebook.com\/institutodeengenharia\",\"https:\/\/x.com\/iengenharia\",\"https:\/\/www.instagram.com\/institutodeengenharia\/\",\"https:\/\/www.linkedin.com\/company\/instituto-de-engenharia\/\",\"https:\/\/www.youtube.com\/channel\/UCXiCAlsSMe977vamW915HxA\"]},{\"@type\":\"Person\",\"@id\":\"https:\/\/www.institutodeengenharia.org.br\/site\/#\/schema\/person\/aeb64951c405e100d26d30b033dd423f\",\"name\":\"Bianca\",\"image\":{\"@type\":\"ImageObject\",\"inLanguage\":\"pt-BR\",\"@id\":\"https:\/\/secure.gravatar.com\/avatar\/a6fbe9bff57405baf4c1e2c5c1811e072b558253974a9f9508f4678900c97c2a?s=96&d=mm&r=g\",\"url\":\"https:\/\/secure.gravatar.com\/avatar\/a6fbe9bff57405baf4c1e2c5c1811e072b558253974a9f9508f4678900c97c2a?s=96&d=mm&r=g\",\"contentUrl\":\"https:\/\/secure.gravatar.com\/avatar\/a6fbe9bff57405baf4c1e2c5c1811e072b558253974a9f9508f4678900c97c2a?s=96&d=mm&r=g\",\"caption\":\"Bianca\"},\"url\":\"https:\/\/www.institutodeengenharia.org.br\/site\/author\/comunicacao1\/\"}]}<\/script>\n<!-- \/ Yoast SEO plugin. -->","yoast_head_json":{"title":"Por Jos\u00e9 Eduardo Cavalcanti \u2013 Considera\u00e7\u00f5es acerca do acidente ocorrido, em maio de 2025, na Marginal Tiet\u00ea em decorr\u00eancia de vazamento de esgotos origin\u00e1rios do interceptor ITi 3 (3\u00aa parte em 1\/10\/25) - Instituto de Engenharia","robots":{"index":"index","follow":"follow","max-snippet":"max-snippet:-1","max-image-preview":"max-image-preview:large","max-video-preview":"max-video-preview:-1"},"canonical":"https:\/\/www.institutodeengenharia.org.br\/site\/2025\/12\/08\/por-jose-eduardo-cavalcanti-consideracoes-acerca-do-acidente-ocorrido-em-maio-de-2025-na-marginal-tiete-em-decorrencia-de-vazamento-de-esgotos-originarios-do-interceptor-iti-3-3a-parte-em\/","og_locale":"pt_BR","og_type":"article","og_title":"Por Jos\u00e9 Eduardo Cavalcanti \u2013 Considera\u00e7\u00f5es acerca do acidente ocorrido, em maio de 2025, na Marginal Tiet\u00ea em decorr\u00eancia de vazamento de esgotos origin\u00e1rios do interceptor ITi 3 (3\u00aa parte em 1\/10\/25) - Instituto de Engenharia","og_description":"Alerta: As considera\u00e7\u00f5es envolvendo este assunto feitas em dois artigos anteriores foram baseadas apenas nos relatos obtidos atrav\u00e9s de entrevistas concedidas \u00e0 imprensa por parte de engenheiros da SABESP. O presente artigo, ao contr\u00e1rio, se baseia no relato verbal do Eng. Meunin Oliveira Junior, atual\u00a0Diretor de Rela\u00e7\u00f5es Contratuais e Institucionais\u00a0da Sabesp, proferido na reuni\u00e3o ordin\u00e1ria [&hellip;]","og_url":"https:\/\/www.institutodeengenharia.org.br\/site\/2025\/12\/08\/por-jose-eduardo-cavalcanti-consideracoes-acerca-do-acidente-ocorrido-em-maio-de-2025-na-marginal-tiete-em-decorrencia-de-vazamento-de-esgotos-originarios-do-interceptor-iti-3-3a-parte-em\/","og_site_name":"Instituto de Engenharia","article_publisher":"https:\/\/www.facebook.com\/institutodeengenharia","article_published_time":"2025-12-08T17:26:27+00:00","article_modified_time":"2025-12-08T17:30:57+00:00","og_image":[{"width":719,"height":294,"url":"https:\/\/www.institutodeengenharia.org.br\/site\/wp-content\/uploads\/2025\/12\/fotoatgclv.png","type":"image\/png"}],"author":"Bianca","twitter_card":"summary_large_image","twitter_creator":"@iengenharia","twitter_site":"@iengenharia","twitter_misc":{"Escrito por":"Bianca","Est. tempo de leitura":"6 minutos"},"schema":{"@context":"https:\/\/schema.org","@graph":[{"@type":"Article","@id":"https:\/\/www.institutodeengenharia.org.br\/site\/2025\/12\/08\/por-jose-eduardo-cavalcanti-consideracoes-acerca-do-acidente-ocorrido-em-maio-de-2025-na-marginal-tiete-em-decorrencia-de-vazamento-de-esgotos-originarios-do-interceptor-iti-3-3a-parte-em\/#article","isPartOf":{"@id":"https:\/\/www.institutodeengenharia.org.br\/site\/2025\/12\/08\/por-jose-eduardo-cavalcanti-consideracoes-acerca-do-acidente-ocorrido-em-maio-de-2025-na-marginal-tiete-em-decorrencia-de-vazamento-de-esgotos-originarios-do-interceptor-iti-3-3a-parte-em\/"},"author":{"name":"Bianca","@id":"https:\/\/www.institutodeengenharia.org.br\/site\/#\/schema\/person\/aeb64951c405e100d26d30b033dd423f"},"headline":"Por Jos\u00e9 Eduardo Cavalcanti \u2013 Considera\u00e7\u00f5es acerca do acidente ocorrido, em maio de 2025, na Marginal Tiet\u00ea em decorr\u00eancia de vazamento de esgotos origin\u00e1rios do interceptor ITi 3 (3\u00aa parte em 1\/10\/25)","datePublished":"2025-12-08T17:26:27+00:00","dateModified":"2025-12-08T17:30:57+00:00","mainEntityOfPage":{"@id":"https:\/\/www.institutodeengenharia.org.br\/site\/2025\/12\/08\/por-jose-eduardo-cavalcanti-consideracoes-acerca-do-acidente-ocorrido-em-maio-de-2025-na-marginal-tiete-em-decorrencia-de-vazamento-de-esgotos-originarios-do-interceptor-iti-3-3a-parte-em\/"},"wordCount":937,"commentCount":0,"publisher":{"@id":"https:\/\/www.institutodeengenharia.org.br\/site\/#organization"},"image":{"@id":"https:\/\/www.institutodeengenharia.org.br\/site\/2025\/12\/08\/por-jose-eduardo-cavalcanti-consideracoes-acerca-do-acidente-ocorrido-em-maio-de-2025-na-marginal-tiete-em-decorrencia-de-vazamento-de-esgotos-originarios-do-interceptor-iti-3-3a-parte-em\/#primaryimage"},"thumbnailUrl":"https:\/\/www.institutodeengenharia.org.br\/site\/wp-content\/uploads\/2025\/12\/fotoatgclv.png","articleSection":["Articulistas","Jos\u00e9 Eduardo Cavalcanti"],"inLanguage":"pt-BR","potentialAction":[{"@type":"CommentAction","name":"Comment","target":["https:\/\/www.institutodeengenharia.org.br\/site\/2025\/12\/08\/por-jose-eduardo-cavalcanti-consideracoes-acerca-do-acidente-ocorrido-em-maio-de-2025-na-marginal-tiete-em-decorrencia-de-vazamento-de-esgotos-originarios-do-interceptor-iti-3-3a-parte-em\/#respond"]}]},{"@type":"WebPage","@id":"https:\/\/www.institutodeengenharia.org.br\/site\/2025\/12\/08\/por-jose-eduardo-cavalcanti-consideracoes-acerca-do-acidente-ocorrido-em-maio-de-2025-na-marginal-tiete-em-decorrencia-de-vazamento-de-esgotos-originarios-do-interceptor-iti-3-3a-parte-em\/","url":"https:\/\/www.institutodeengenharia.org.br\/site\/2025\/12\/08\/por-jose-eduardo-cavalcanti-consideracoes-acerca-do-acidente-ocorrido-em-maio-de-2025-na-marginal-tiete-em-decorrencia-de-vazamento-de-esgotos-originarios-do-interceptor-iti-3-3a-parte-em\/","name":"Por Jos\u00e9 Eduardo Cavalcanti \u2013 Considera\u00e7\u00f5es acerca do acidente ocorrido, em maio de 2025, na Marginal Tiet\u00ea em decorr\u00eancia de vazamento de esgotos origin\u00e1rios do interceptor ITi 3 (3\u00aa parte em 1\/10\/25) - Instituto de Engenharia","isPartOf":{"@id":"https:\/\/www.institutodeengenharia.org.br\/site\/#website"},"primaryImageOfPage":{"@id":"https:\/\/www.institutodeengenharia.org.br\/site\/2025\/12\/08\/por-jose-eduardo-cavalcanti-consideracoes-acerca-do-acidente-ocorrido-em-maio-de-2025-na-marginal-tiete-em-decorrencia-de-vazamento-de-esgotos-originarios-do-interceptor-iti-3-3a-parte-em\/#primaryimage"},"image":{"@id":"https:\/\/www.institutodeengenharia.org.br\/site\/2025\/12\/08\/por-jose-eduardo-cavalcanti-consideracoes-acerca-do-acidente-ocorrido-em-maio-de-2025-na-marginal-tiete-em-decorrencia-de-vazamento-de-esgotos-originarios-do-interceptor-iti-3-3a-parte-em\/#primaryimage"},"thumbnailUrl":"https:\/\/www.institutodeengenharia.org.br\/site\/wp-content\/uploads\/2025\/12\/fotoatgclv.png","datePublished":"2025-12-08T17:26:27+00:00","dateModified":"2025-12-08T17:30:57+00:00","breadcrumb":{"@id":"https:\/\/www.institutodeengenharia.org.br\/site\/2025\/12\/08\/por-jose-eduardo-cavalcanti-consideracoes-acerca-do-acidente-ocorrido-em-maio-de-2025-na-marginal-tiete-em-decorrencia-de-vazamento-de-esgotos-originarios-do-interceptor-iti-3-3a-parte-em\/#breadcrumb"},"inLanguage":"pt-BR","potentialAction":[{"@type":"ReadAction","target":["https:\/\/www.institutodeengenharia.org.br\/site\/2025\/12\/08\/por-jose-eduardo-cavalcanti-consideracoes-acerca-do-acidente-ocorrido-em-maio-de-2025-na-marginal-tiete-em-decorrencia-de-vazamento-de-esgotos-originarios-do-interceptor-iti-3-3a-parte-em\/"]}]},{"@type":"ImageObject","inLanguage":"pt-BR","@id":"https:\/\/www.institutodeengenharia.org.br\/site\/2025\/12\/08\/por-jose-eduardo-cavalcanti-consideracoes-acerca-do-acidente-ocorrido-em-maio-de-2025-na-marginal-tiete-em-decorrencia-de-vazamento-de-esgotos-originarios-do-interceptor-iti-3-3a-parte-em\/#primaryimage","url":"https:\/\/www.institutodeengenharia.org.br\/site\/wp-content\/uploads\/2025\/12\/fotoatgclv.png","contentUrl":"https:\/\/www.institutodeengenharia.org.br\/site\/wp-content\/uploads\/2025\/12\/fotoatgclv.png","width":719,"height":294,"caption":"Fonte: SABESP"},{"@type":"BreadcrumbList","@id":"https:\/\/www.institutodeengenharia.org.br\/site\/2025\/12\/08\/por-jose-eduardo-cavalcanti-consideracoes-acerca-do-acidente-ocorrido-em-maio-de-2025-na-marginal-tiete-em-decorrencia-de-vazamento-de-esgotos-originarios-do-interceptor-iti-3-3a-parte-em\/#breadcrumb","itemListElement":[{"@type":"ListItem","position":1,"name":"In\u00edcio","item":"https:\/\/www.institutodeengenharia.org.br\/site\/"},{"@type":"ListItem","position":2,"name":"Por Jos\u00e9 Eduardo Cavalcanti \u2013 Considera\u00e7\u00f5es acerca do acidente ocorrido, em maio de 2025, na Marginal Tiet\u00ea em decorr\u00eancia de vazamento de esgotos origin\u00e1rios do interceptor ITi 3 (3\u00aa parte em 1\/10\/25)"}]},{"@type":"WebSite","@id":"https:\/\/www.institutodeengenharia.org.br\/site\/#website","url":"https:\/\/www.institutodeengenharia.org.br\/site\/","name":"Instituto de Engenharia","description":"O Instituto de Engenharia promove a Engenharia em benef\u00edcio do desenvolvimento e da qualidade de vida da sociedade.","publisher":{"@id":"https:\/\/www.institutodeengenharia.org.br\/site\/#organization"},"potentialAction":[{"@type":"SearchAction","target":{"@type":"EntryPoint","urlTemplate":"https:\/\/www.institutodeengenharia.org.br\/site\/?s={search_term_string}"},"query-input":{"@type":"PropertyValueSpecification","valueRequired":true,"valueName":"search_term_string"}}],"inLanguage":"pt-BR"},{"@type":"Organization","@id":"https:\/\/www.institutodeengenharia.org.br\/site\/#organization","name":"Instituto de Engenharia","url":"https:\/\/www.institutodeengenharia.org.br\/site\/","logo":{"@type":"ImageObject","inLanguage":"pt-BR","@id":"https:\/\/www.institutodeengenharia.org.br\/site\/#\/schema\/logo\/image\/","url":"https:\/\/www.institutodeengenharia.org.br\/site\/wp-content\/uploads\/2019\/03\/logo-novo-IE2018-1.jpg","contentUrl":"https:\/\/www.institutodeengenharia.org.br\/site\/wp-content\/uploads\/2019\/03\/logo-novo-IE2018-1.jpg","width":1486,"height":1879,"caption":"Instituto de Engenharia"},"image":{"@id":"https:\/\/www.institutodeengenharia.org.br\/site\/#\/schema\/logo\/image\/"},"sameAs":["https:\/\/www.facebook.com\/institutodeengenharia","https:\/\/x.com\/iengenharia","https:\/\/www.instagram.com\/institutodeengenharia\/","https:\/\/www.linkedin.com\/company\/instituto-de-engenharia\/","https:\/\/www.youtube.com\/channel\/UCXiCAlsSMe977vamW915HxA"]},{"@type":"Person","@id":"https:\/\/www.institutodeengenharia.org.br\/site\/#\/schema\/person\/aeb64951c405e100d26d30b033dd423f","name":"Bianca","image":{"@type":"ImageObject","inLanguage":"pt-BR","@id":"https:\/\/secure.gravatar.com\/avatar\/a6fbe9bff57405baf4c1e2c5c1811e072b558253974a9f9508f4678900c97c2a?s=96&d=mm&r=g","url":"https:\/\/secure.gravatar.com\/avatar\/a6fbe9bff57405baf4c1e2c5c1811e072b558253974a9f9508f4678900c97c2a?s=96&d=mm&r=g","contentUrl":"https:\/\/secure.gravatar.com\/avatar\/a6fbe9bff57405baf4c1e2c5c1811e072b558253974a9f9508f4678900c97c2a?s=96&d=mm&r=g","caption":"Bianca"},"url":"https:\/\/www.institutodeengenharia.org.br\/site\/author\/comunicacao1\/"}]}},"_links":{"self":[{"href":"https:\/\/www.institutodeengenharia.org.br\/site\/wp-json\/wp\/v2\/posts\/135020","targetHints":{"allow":["GET"]}}],"collection":[{"href":"https:\/\/www.institutodeengenharia.org.br\/site\/wp-json\/wp\/v2\/posts"}],"about":[{"href":"https:\/\/www.institutodeengenharia.org.br\/site\/wp-json\/wp\/v2\/types\/post"}],"author":[{"embeddable":true,"href":"https:\/\/www.institutodeengenharia.org.br\/site\/wp-json\/wp\/v2\/users\/13"}],"replies":[{"embeddable":true,"href":"https:\/\/www.institutodeengenharia.org.br\/site\/wp-json\/wp\/v2\/comments?post=135020"}],"version-history":[{"count":1,"href":"https:\/\/www.institutodeengenharia.org.br\/site\/wp-json\/wp\/v2\/posts\/135020\/revisions"}],"predecessor-version":[{"id":135022,"href":"https:\/\/www.institutodeengenharia.org.br\/site\/wp-json\/wp\/v2\/posts\/135020\/revisions\/135022"}],"wp:featuredmedia":[{"embeddable":true,"href":"https:\/\/www.institutodeengenharia.org.br\/site\/wp-json\/wp\/v2\/media\/135021"}],"wp:attachment":[{"href":"https:\/\/www.institutodeengenharia.org.br\/site\/wp-json\/wp\/v2\/media?parent=135020"}],"wp:term":[{"taxonomy":"category","embeddable":true,"href":"https:\/\/www.institutodeengenharia.org.br\/site\/wp-json\/wp\/v2\/categories?post=135020"},{"taxonomy":"post_tag","embeddable":true,"href":"https:\/\/www.institutodeengenharia.org.br\/site\/wp-json\/wp\/v2\/tags?post=135020"}],"curies":[{"name":"wp","href":"https:\/\/api.w.org\/{rel}","templated":true}]}}