{"id":135019,"date":"2025-12-08T16:06:53","date_gmt":"2025-12-08T19:06:53","guid":{"rendered":"https:\/\/www.institutodeengenharia.org.br\/site\/?p=135019"},"modified":"2025-12-08T16:20:08","modified_gmt":"2025-12-08T19:20:08","slug":"ie-realiza-visita-tecnica-ao-sistema-de-telecomunicacoes-da-linha-5-lilas-do-metro","status":"publish","type":"post","link":"https:\/\/www.institutodeengenharia.org.br\/site\/2025\/12\/08\/ie-realiza-visita-tecnica-ao-sistema-de-telecomunicacoes-da-linha-5-lilas-do-metro\/","title":{"rendered":"IE realiza visita t\u00e9cnica ao sistema de telecomunica\u00e7\u00f5es da Linha 5\u2013Lil\u00e1s do Metr\u00f4"},"content":{"rendered":"<p data-start=\"122\" data-end=\"470\">A convite da Comba \u2014 empresa de origem asi\u00e1tica e pioneira na implanta\u00e7\u00e3o de sistemas <em data-start=\"230\" data-end=\"258\">Distributed Antenna System<\/em> (DAS) \u2014 a diretoria do Instituto de Engenharia, acompanhada de convidados, participou de uma visita t\u00e9cnica ao sistema de telecomunica\u00e7\u00f5es instalado na esta\u00e7\u00e3o Campo Belo, da Linha 5\u2013Lil\u00e1s do Metr\u00f4 de S\u00e3o Paulo.<\/p>\n<p data-start=\"472\" data-end=\"994\"><img loading=\"lazy\" decoding=\"async\" class=\" wp-image-135030 aligncenter\" src=\"https:\/\/www.institutodeengenharia.org.br\/site\/wp-content\/uploads\/2025\/12\/Midia-7-300x135.jpg\" alt=\"\" width=\"436\" height=\"196\" srcset=\"https:\/\/www.institutodeengenharia.org.br\/site\/wp-content\/uploads\/2025\/12\/Midia-7-300x135.jpg 300w, https:\/\/www.institutodeengenharia.org.br\/site\/wp-content\/uploads\/2025\/12\/Midia-7-1024x461.jpg 1024w, https:\/\/www.institutodeengenharia.org.br\/site\/wp-content\/uploads\/2025\/12\/Midia-7-768x346.jpg 768w, https:\/\/www.institutodeengenharia.org.br\/site\/wp-content\/uploads\/2025\/12\/Midia-7-1536x691.jpg 1536w, https:\/\/www.institutodeengenharia.org.br\/site\/wp-content\/uploads\/2025\/12\/Midia-7-933x420.jpg 933w, https:\/\/www.institutodeengenharia.org.br\/site\/wp-content\/uploads\/2025\/12\/Midia-7-696x313.jpg 696w, https:\/\/www.institutodeengenharia.org.br\/site\/wp-content\/uploads\/2025\/12\/Midia-7-1068x481.jpg 1068w, https:\/\/www.institutodeengenharia.org.br\/site\/wp-content\/uploads\/2025\/12\/Midia-7-600x270.jpg 600w, https:\/\/www.institutodeengenharia.org.br\/site\/wp-content\/uploads\/2025\/12\/Midia-7.jpg 1600w\" sizes=\"auto, (max-width: 436px) 100vw, 436px\" \/>Sobre o projeto, o diretor da Comba no Brasil, Johnny Brito, destacou a abrang\u00eancia da atua\u00e7\u00e3o da empresa no sistema metrovi\u00e1rio paulista. \u201cN\u00e3o apenas neste projeto da Linha 5, mas tamb\u00e9m nas Linhas 1 (Azul), 2 (Verde) e 3 (Vermelha), a Comba foi escolhida para a implanta\u00e7\u00e3o de solu\u00e7\u00f5es t\u00e9cnicas e de Engenharia. Entregamos a solu\u00e7\u00e3o completa: servi\u00e7os de Engenharia, projetos, integra\u00e7\u00e3o, equipamentos e acess\u00f3rios, al\u00e9m da instala\u00e7\u00e3o e da opera\u00e7\u00e3o do sistema em regime 7 por 24&#8243;, explicou.<\/p>\n<p data-start=\"472\" data-end=\"994\">Essas instala\u00e7\u00f5es fortalecem a infraestrutura de telecomunica\u00e7\u00f5es, ampliando a capacidade de cobertura de internet (4G e 5G) para milh\u00f5es de passageiros que usam o sistema diariamente.<\/p>\n<p data-start=\"996\" data-end=\"1275\">Entre os principais desafios do trabalho, Brito ressaltou a necessidade de conciliar a implanta\u00e7\u00e3o dos servi\u00e7os com o hor\u00e1rio de funcionamento do Metr\u00f4, especialmente em linhas j\u00e1 em opera\u00e7\u00e3o. \u201cTemos um cronograma bastante r\u00edgido, o que exige equipes altamente sincronizadas\u201d, afirmou.<\/p>\n<p data-start=\"1277\" data-end=\"1571\">Ao final da visita, o presidente do Instituto de Engenharia, Jos\u00e9 Eduardo Jardim, convidou Johnny Brito e toda a equipe da Comba a apresentarem no Instituto mais detalhes sobre esse trabalho de grande relev\u00e2ncia para a mobilidade urbana e para a infraestrutura das linhas do Metr\u00f4 de S\u00e3o Paulo.<\/p>\n<p data-start=\"1573\" data-end=\"1917\" data-is-last-node=\"\" data-is-only-node=\"\">Al\u00e9m do diretor da Comba, a comitiva do IE foi recebida por Matias Diaz e Rodrigo Dias, engenheiros de Radiofrequ\u00eancia; Alessandro Gomes, respons\u00e1vel pela Infraestrutura; Tamires Porto, da \u00e1rea de Marketing, e Ros\u00e2ngela Ramalho Cacure, respons\u00e1vel T\u00e9cnica da Motiva, maior empresa de infraestrutura de mobilidade do Brasil.<\/p>\n<p>&nbsp;<\/p>\n<p>&nbsp;<\/p>\n<p>&nbsp;<\/p>\n","protected":false},"excerpt":{"rendered":"<p>A convite da Comba \u2014 empresa de origem asi\u00e1tica e pioneira na implanta\u00e7\u00e3o de sistemas Distributed Antenna System (DAS) \u2014 a diretoria do Instituto de Engenharia, acompanhada de convidados, participou de uma visita t\u00e9cnica ao sistema de telecomunica\u00e7\u00f5es instalado na esta\u00e7\u00e3o Campo Belo, da Linha 5\u2013Lil\u00e1s do Metr\u00f4 de S\u00e3o Paulo. Sobre o projeto, o [&hellip;]<\/p>\n","protected":false},"author":14,"featured_media":135029,"comment_status":"open","ping_status":"open","sticky":false,"template":"","format":"standard","meta":{"footnotes":""},"categories":[27,141,40,41],"tags":[],"class_list":{"0":"post-135019","1":"post","2":"type-post","3":"status-publish","4":"format-standard","5":"has-post-thumbnail","7":"category-instituto-de-engenharia","8":"category-noticias-menu","9":"category-tecnologia","10":"category-transportes"},"yoast_head":"<!-- This site is optimized with the Yoast SEO plugin v27.2 - https:\/\/yoast.com\/product\/yoast-seo-wordpress\/ -->\n<title>IE realiza visita t\u00e9cnica ao sistema de telecomunica\u00e7\u00f5es da Linha 5\u2013Lil\u00e1s do Metr\u00f4 - Instituto de Engenharia<\/title>\n<meta name=\"robots\" content=\"index, follow, max-snippet:-1, max-image-preview:large, max-video-preview:-1\" \/>\n<link rel=\"canonical\" href=\"https:\/\/www.institutodeengenharia.org.br\/site\/2025\/12\/08\/ie-realiza-visita-tecnica-ao-sistema-de-telecomunicacoes-da-linha-5-lilas-do-metro\/\" \/>\n<meta property=\"og:locale\" content=\"pt_BR\" \/>\n<meta property=\"og:type\" content=\"article\" \/>\n<meta property=\"og:title\" content=\"IE realiza visita t\u00e9cnica ao sistema de telecomunica\u00e7\u00f5es da Linha 5\u2013Lil\u00e1s do Metr\u00f4 - Instituto de Engenharia\" \/>\n<meta property=\"og:description\" content=\"A convite da Comba \u2014 empresa de origem asi\u00e1tica e pioneira na implanta\u00e7\u00e3o de sistemas Distributed Antenna System (DAS) \u2014 a diretoria do Instituto de Engenharia, acompanhada de convidados, participou de uma visita t\u00e9cnica ao sistema de telecomunica\u00e7\u00f5es instalado na esta\u00e7\u00e3o Campo Belo, da Linha 5\u2013Lil\u00e1s do Metr\u00f4 de S\u00e3o Paulo. Sobre o projeto, o [&hellip;]\" \/>\n<meta property=\"og:url\" content=\"https:\/\/www.institutodeengenharia.org.br\/site\/2025\/12\/08\/ie-realiza-visita-tecnica-ao-sistema-de-telecomunicacoes-da-linha-5-lilas-do-metro\/\" \/>\n<meta property=\"og:site_name\" content=\"Instituto de Engenharia\" \/>\n<meta property=\"article:publisher\" content=\"https:\/\/www.facebook.com\/institutodeengenharia\" \/>\n<meta property=\"article:published_time\" content=\"2025-12-08T19:06:53+00:00\" \/>\n<meta property=\"article:modified_time\" content=\"2025-12-08T19:20:08+00:00\" \/>\n<meta property=\"og:image\" content=\"https:\/\/www.institutodeengenharia.org.br\/site\/wp-content\/uploads\/2025\/12\/shared-image-18.jpg\" \/>\n\t<meta property=\"og:image:width\" content=\"1663\" \/>\n\t<meta property=\"og:image:height\" content=\"804\" \/>\n\t<meta property=\"og:image:type\" content=\"image\/jpeg\" \/>\n<meta name=\"author\" content=\"Isabel\" \/>\n<meta name=\"twitter:card\" content=\"summary_large_image\" \/>\n<meta name=\"twitter:creator\" content=\"@iengenharia\" \/>\n<meta name=\"twitter:site\" content=\"@iengenharia\" \/>\n<meta name=\"twitter:label1\" content=\"Escrito por\" \/>\n\t<meta name=\"twitter:data1\" content=\"Isabel\" \/>\n\t<meta name=\"twitter:label2\" content=\"Est. tempo de leitura\" \/>\n\t<meta name=\"twitter:data2\" content=\"3 minutos\" \/>\n<script type=\"application\/ld+json\" class=\"yoast-schema-graph\">{\"@context\":\"https:\/\/schema.org\",\"@graph\":[{\"@type\":\"Article\",\"@id\":\"https:\/\/www.institutodeengenharia.org.br\/site\/2025\/12\/08\/ie-realiza-visita-tecnica-ao-sistema-de-telecomunicacoes-da-linha-5-lilas-do-metro\/#article\",\"isPartOf\":{\"@id\":\"https:\/\/www.institutodeengenharia.org.br\/site\/2025\/12\/08\/ie-realiza-visita-tecnica-ao-sistema-de-telecomunicacoes-da-linha-5-lilas-do-metro\/\"},\"author\":{\"name\":\"Isabel\",\"@id\":\"https:\/\/www.institutodeengenharia.org.br\/site\/#\/schema\/person\/593dc356630173a4877a635d3e5fd76b\"},\"headline\":\"IE realiza visita t\u00e9cnica ao sistema de telecomunica\u00e7\u00f5es da Linha 5\u2013Lil\u00e1s do Metr\u00f4\",\"datePublished\":\"2025-12-08T19:06:53+00:00\",\"dateModified\":\"2025-12-08T19:20:08+00:00\",\"mainEntityOfPage\":{\"@id\":\"https:\/\/www.institutodeengenharia.org.br\/site\/2025\/12\/08\/ie-realiza-visita-tecnica-ao-sistema-de-telecomunicacoes-da-linha-5-lilas-do-metro\/\"},\"wordCount\":342,\"commentCount\":0,\"publisher\":{\"@id\":\"https:\/\/www.institutodeengenharia.org.br\/site\/#organization\"},\"image\":{\"@id\":\"https:\/\/www.institutodeengenharia.org.br\/site\/2025\/12\/08\/ie-realiza-visita-tecnica-ao-sistema-de-telecomunicacoes-da-linha-5-lilas-do-metro\/#primaryimage\"},\"thumbnailUrl\":\"https:\/\/www.institutodeengenharia.org.br\/site\/wp-content\/uploads\/2025\/12\/shared-image-18.jpg\",\"articleSection\":[\"Instituto de Engenharia\",\"Not\u00edcias\",\"Tecnologia\",\"Transportes\"],\"inLanguage\":\"pt-BR\",\"potentialAction\":[{\"@type\":\"CommentAction\",\"name\":\"Comment\",\"target\":[\"https:\/\/www.institutodeengenharia.org.br\/site\/2025\/12\/08\/ie-realiza-visita-tecnica-ao-sistema-de-telecomunicacoes-da-linha-5-lilas-do-metro\/#respond\"]}]},{\"@type\":\"WebPage\",\"@id\":\"https:\/\/www.institutodeengenharia.org.br\/site\/2025\/12\/08\/ie-realiza-visita-tecnica-ao-sistema-de-telecomunicacoes-da-linha-5-lilas-do-metro\/\",\"url\":\"https:\/\/www.institutodeengenharia.org.br\/site\/2025\/12\/08\/ie-realiza-visita-tecnica-ao-sistema-de-telecomunicacoes-da-linha-5-lilas-do-metro\/\",\"name\":\"IE realiza visita t\u00e9cnica ao sistema de telecomunica\u00e7\u00f5es da Linha 5\u2013Lil\u00e1s do Metr\u00f4 - Instituto de Engenharia\",\"isPartOf\":{\"@id\":\"https:\/\/www.institutodeengenharia.org.br\/site\/#website\"},\"primaryImageOfPage\":{\"@id\":\"https:\/\/www.institutodeengenharia.org.br\/site\/2025\/12\/08\/ie-realiza-visita-tecnica-ao-sistema-de-telecomunicacoes-da-linha-5-lilas-do-metro\/#primaryimage\"},\"image\":{\"@id\":\"https:\/\/www.institutodeengenharia.org.br\/site\/2025\/12\/08\/ie-realiza-visita-tecnica-ao-sistema-de-telecomunicacoes-da-linha-5-lilas-do-metro\/#primaryimage\"},\"thumbnailUrl\":\"https:\/\/www.institutodeengenharia.org.br\/site\/wp-content\/uploads\/2025\/12\/shared-image-18.jpg\",\"datePublished\":\"2025-12-08T19:06:53+00:00\",\"dateModified\":\"2025-12-08T19:20:08+00:00\",\"breadcrumb\":{\"@id\":\"https:\/\/www.institutodeengenharia.org.br\/site\/2025\/12\/08\/ie-realiza-visita-tecnica-ao-sistema-de-telecomunicacoes-da-linha-5-lilas-do-metro\/#breadcrumb\"},\"inLanguage\":\"pt-BR\",\"potentialAction\":[{\"@type\":\"ReadAction\",\"target\":[\"https:\/\/www.institutodeengenharia.org.br\/site\/2025\/12\/08\/ie-realiza-visita-tecnica-ao-sistema-de-telecomunicacoes-da-linha-5-lilas-do-metro\/\"]}]},{\"@type\":\"ImageObject\",\"inLanguage\":\"pt-BR\",\"@id\":\"https:\/\/www.institutodeengenharia.org.br\/site\/2025\/12\/08\/ie-realiza-visita-tecnica-ao-sistema-de-telecomunicacoes-da-linha-5-lilas-do-metro\/#primaryimage\",\"url\":\"https:\/\/www.institutodeengenharia.org.br\/site\/wp-content\/uploads\/2025\/12\/shared-image-18.jpg\",\"contentUrl\":\"https:\/\/www.institutodeengenharia.org.br\/site\/wp-content\/uploads\/2025\/12\/shared-image-18.jpg\",\"width\":1663,\"height\":804},{\"@type\":\"BreadcrumbList\",\"@id\":\"https:\/\/www.institutodeengenharia.org.br\/site\/2025\/12\/08\/ie-realiza-visita-tecnica-ao-sistema-de-telecomunicacoes-da-linha-5-lilas-do-metro\/#breadcrumb\",\"itemListElement\":[{\"@type\":\"ListItem\",\"position\":1,\"name\":\"In\u00edcio\",\"item\":\"https:\/\/www.institutodeengenharia.org.br\/site\/\"},{\"@type\":\"ListItem\",\"position\":2,\"name\":\"IE realiza visita t\u00e9cnica ao sistema de telecomunica\u00e7\u00f5es da Linha 5\u2013Lil\u00e1s do Metr\u00f4\"}]},{\"@type\":\"WebSite\",\"@id\":\"https:\/\/www.institutodeengenharia.org.br\/site\/#website\",\"url\":\"https:\/\/www.institutodeengenharia.org.br\/site\/\",\"name\":\"Instituto de Engenharia\",\"description\":\"O Instituto de Engenharia promove a Engenharia em benef\u00edcio do desenvolvimento e da qualidade de vida da sociedade.\",\"publisher\":{\"@id\":\"https:\/\/www.institutodeengenharia.org.br\/site\/#organization\"},\"potentialAction\":[{\"@type\":\"SearchAction\",\"target\":{\"@type\":\"EntryPoint\",\"urlTemplate\":\"https:\/\/www.institutodeengenharia.org.br\/site\/?s={search_term_string}\"},\"query-input\":{\"@type\":\"PropertyValueSpecification\",\"valueRequired\":true,\"valueName\":\"search_term_string\"}}],\"inLanguage\":\"pt-BR\"},{\"@type\":\"Organization\",\"@id\":\"https:\/\/www.institutodeengenharia.org.br\/site\/#organization\",\"name\":\"Instituto de Engenharia\",\"url\":\"https:\/\/www.institutodeengenharia.org.br\/site\/\",\"logo\":{\"@type\":\"ImageObject\",\"inLanguage\":\"pt-BR\",\"@id\":\"https:\/\/www.institutodeengenharia.org.br\/site\/#\/schema\/logo\/image\/\",\"url\":\"https:\/\/www.institutodeengenharia.org.br\/site\/wp-content\/uploads\/2019\/03\/logo-novo-IE2018-1.jpg\",\"contentUrl\":\"https:\/\/www.institutodeengenharia.org.br\/site\/wp-content\/uploads\/2019\/03\/logo-novo-IE2018-1.jpg\",\"width\":1486,\"height\":1879,\"caption\":\"Instituto de Engenharia\"},\"image\":{\"@id\":\"https:\/\/www.institutodeengenharia.org.br\/site\/#\/schema\/logo\/image\/\"},\"sameAs\":[\"https:\/\/www.facebook.com\/institutodeengenharia\",\"https:\/\/x.com\/iengenharia\",\"https:\/\/www.instagram.com\/institutodeengenharia\/\",\"https:\/\/www.linkedin.com\/company\/instituto-de-engenharia\/\",\"https:\/\/www.youtube.com\/channel\/UCXiCAlsSMe977vamW915HxA\"]},{\"@type\":\"Person\",\"@id\":\"https:\/\/www.institutodeengenharia.org.br\/site\/#\/schema\/person\/593dc356630173a4877a635d3e5fd76b\",\"name\":\"Isabel\",\"image\":{\"@type\":\"ImageObject\",\"inLanguage\":\"pt-BR\",\"@id\":\"https:\/\/secure.gravatar.com\/avatar\/f3c521db63ec9db17894f10a88c6a3cf95b2281d7f80eeb3cf3ef1cb091576e7?s=96&d=mm&r=g\",\"url\":\"https:\/\/secure.gravatar.com\/avatar\/f3c521db63ec9db17894f10a88c6a3cf95b2281d7f80eeb3cf3ef1cb091576e7?s=96&d=mm&r=g\",\"contentUrl\":\"https:\/\/secure.gravatar.com\/avatar\/f3c521db63ec9db17894f10a88c6a3cf95b2281d7f80eeb3cf3ef1cb091576e7?s=96&d=mm&r=g\",\"caption\":\"Isabel\"},\"url\":\"https:\/\/www.institutodeengenharia.org.br\/site\/author\/comunicacao2\/\"}]}<\/script>\n<!-- \/ Yoast SEO plugin. -->","yoast_head_json":{"title":"IE realiza visita t\u00e9cnica ao sistema de telecomunica\u00e7\u00f5es da Linha 5\u2013Lil\u00e1s do Metr\u00f4 - Instituto de Engenharia","robots":{"index":"index","follow":"follow","max-snippet":"max-snippet:-1","max-image-preview":"max-image-preview:large","max-video-preview":"max-video-preview:-1"},"canonical":"https:\/\/www.institutodeengenharia.org.br\/site\/2025\/12\/08\/ie-realiza-visita-tecnica-ao-sistema-de-telecomunicacoes-da-linha-5-lilas-do-metro\/","og_locale":"pt_BR","og_type":"article","og_title":"IE realiza visita t\u00e9cnica ao sistema de telecomunica\u00e7\u00f5es da Linha 5\u2013Lil\u00e1s do Metr\u00f4 - Instituto de Engenharia","og_description":"A convite da Comba \u2014 empresa de origem asi\u00e1tica e pioneira na implanta\u00e7\u00e3o de sistemas Distributed Antenna System (DAS) \u2014 a diretoria do Instituto de Engenharia, acompanhada de convidados, participou de uma visita t\u00e9cnica ao sistema de telecomunica\u00e7\u00f5es instalado na esta\u00e7\u00e3o Campo Belo, da Linha 5\u2013Lil\u00e1s do Metr\u00f4 de S\u00e3o Paulo. Sobre o projeto, o [&hellip;]","og_url":"https:\/\/www.institutodeengenharia.org.br\/site\/2025\/12\/08\/ie-realiza-visita-tecnica-ao-sistema-de-telecomunicacoes-da-linha-5-lilas-do-metro\/","og_site_name":"Instituto de Engenharia","article_publisher":"https:\/\/www.facebook.com\/institutodeengenharia","article_published_time":"2025-12-08T19:06:53+00:00","article_modified_time":"2025-12-08T19:20:08+00:00","og_image":[{"width":1663,"height":804,"url":"https:\/\/www.institutodeengenharia.org.br\/site\/wp-content\/uploads\/2025\/12\/shared-image-18.jpg","type":"image\/jpeg"}],"author":"Isabel","twitter_card":"summary_large_image","twitter_creator":"@iengenharia","twitter_site":"@iengenharia","twitter_misc":{"Escrito por":"Isabel","Est. tempo de leitura":"3 minutos"},"schema":{"@context":"https:\/\/schema.org","@graph":[{"@type":"Article","@id":"https:\/\/www.institutodeengenharia.org.br\/site\/2025\/12\/08\/ie-realiza-visita-tecnica-ao-sistema-de-telecomunicacoes-da-linha-5-lilas-do-metro\/#article","isPartOf":{"@id":"https:\/\/www.institutodeengenharia.org.br\/site\/2025\/12\/08\/ie-realiza-visita-tecnica-ao-sistema-de-telecomunicacoes-da-linha-5-lilas-do-metro\/"},"author":{"name":"Isabel","@id":"https:\/\/www.institutodeengenharia.org.br\/site\/#\/schema\/person\/593dc356630173a4877a635d3e5fd76b"},"headline":"IE realiza visita t\u00e9cnica ao sistema de telecomunica\u00e7\u00f5es da Linha 5\u2013Lil\u00e1s do Metr\u00f4","datePublished":"2025-12-08T19:06:53+00:00","dateModified":"2025-12-08T19:20:08+00:00","mainEntityOfPage":{"@id":"https:\/\/www.institutodeengenharia.org.br\/site\/2025\/12\/08\/ie-realiza-visita-tecnica-ao-sistema-de-telecomunicacoes-da-linha-5-lilas-do-metro\/"},"wordCount":342,"commentCount":0,"publisher":{"@id":"https:\/\/www.institutodeengenharia.org.br\/site\/#organization"},"image":{"@id":"https:\/\/www.institutodeengenharia.org.br\/site\/2025\/12\/08\/ie-realiza-visita-tecnica-ao-sistema-de-telecomunicacoes-da-linha-5-lilas-do-metro\/#primaryimage"},"thumbnailUrl":"https:\/\/www.institutodeengenharia.org.br\/site\/wp-content\/uploads\/2025\/12\/shared-image-18.jpg","articleSection":["Instituto de Engenharia","Not\u00edcias","Tecnologia","Transportes"],"inLanguage":"pt-BR","potentialAction":[{"@type":"CommentAction","name":"Comment","target":["https:\/\/www.institutodeengenharia.org.br\/site\/2025\/12\/08\/ie-realiza-visita-tecnica-ao-sistema-de-telecomunicacoes-da-linha-5-lilas-do-metro\/#respond"]}]},{"@type":"WebPage","@id":"https:\/\/www.institutodeengenharia.org.br\/site\/2025\/12\/08\/ie-realiza-visita-tecnica-ao-sistema-de-telecomunicacoes-da-linha-5-lilas-do-metro\/","url":"https:\/\/www.institutodeengenharia.org.br\/site\/2025\/12\/08\/ie-realiza-visita-tecnica-ao-sistema-de-telecomunicacoes-da-linha-5-lilas-do-metro\/","name":"IE realiza visita t\u00e9cnica ao sistema de telecomunica\u00e7\u00f5es da Linha 5\u2013Lil\u00e1s do Metr\u00f4 - Instituto de Engenharia","isPartOf":{"@id":"https:\/\/www.institutodeengenharia.org.br\/site\/#website"},"primaryImageOfPage":{"@id":"https:\/\/www.institutodeengenharia.org.br\/site\/2025\/12\/08\/ie-realiza-visita-tecnica-ao-sistema-de-telecomunicacoes-da-linha-5-lilas-do-metro\/#primaryimage"},"image":{"@id":"https:\/\/www.institutodeengenharia.org.br\/site\/2025\/12\/08\/ie-realiza-visita-tecnica-ao-sistema-de-telecomunicacoes-da-linha-5-lilas-do-metro\/#primaryimage"},"thumbnailUrl":"https:\/\/www.institutodeengenharia.org.br\/site\/wp-content\/uploads\/2025\/12\/shared-image-18.jpg","datePublished":"2025-12-08T19:06:53+00:00","dateModified":"2025-12-08T19:20:08+00:00","breadcrumb":{"@id":"https:\/\/www.institutodeengenharia.org.br\/site\/2025\/12\/08\/ie-realiza-visita-tecnica-ao-sistema-de-telecomunicacoes-da-linha-5-lilas-do-metro\/#breadcrumb"},"inLanguage":"pt-BR","potentialAction":[{"@type":"ReadAction","target":["https:\/\/www.institutodeengenharia.org.br\/site\/2025\/12\/08\/ie-realiza-visita-tecnica-ao-sistema-de-telecomunicacoes-da-linha-5-lilas-do-metro\/"]}]},{"@type":"ImageObject","inLanguage":"pt-BR","@id":"https:\/\/www.institutodeengenharia.org.br\/site\/2025\/12\/08\/ie-realiza-visita-tecnica-ao-sistema-de-telecomunicacoes-da-linha-5-lilas-do-metro\/#primaryimage","url":"https:\/\/www.institutodeengenharia.org.br\/site\/wp-content\/uploads\/2025\/12\/shared-image-18.jpg","contentUrl":"https:\/\/www.institutodeengenharia.org.br\/site\/wp-content\/uploads\/2025\/12\/shared-image-18.jpg","width":1663,"height":804},{"@type":"BreadcrumbList","@id":"https:\/\/www.institutodeengenharia.org.br\/site\/2025\/12\/08\/ie-realiza-visita-tecnica-ao-sistema-de-telecomunicacoes-da-linha-5-lilas-do-metro\/#breadcrumb","itemListElement":[{"@type":"ListItem","position":1,"name":"In\u00edcio","item":"https:\/\/www.institutodeengenharia.org.br\/site\/"},{"@type":"ListItem","position":2,"name":"IE realiza visita t\u00e9cnica ao sistema de telecomunica\u00e7\u00f5es da Linha 5\u2013Lil\u00e1s do Metr\u00f4"}]},{"@type":"WebSite","@id":"https:\/\/www.institutodeengenharia.org.br\/site\/#website","url":"https:\/\/www.institutodeengenharia.org.br\/site\/","name":"Instituto de Engenharia","description":"O Instituto de Engenharia promove a Engenharia em benef\u00edcio do desenvolvimento e da qualidade de vida da sociedade.","publisher":{"@id":"https:\/\/www.institutodeengenharia.org.br\/site\/#organization"},"potentialAction":[{"@type":"SearchAction","target":{"@type":"EntryPoint","urlTemplate":"https:\/\/www.institutodeengenharia.org.br\/site\/?s={search_term_string}"},"query-input":{"@type":"PropertyValueSpecification","valueRequired":true,"valueName":"search_term_string"}}],"inLanguage":"pt-BR"},{"@type":"Organization","@id":"https:\/\/www.institutodeengenharia.org.br\/site\/#organization","name":"Instituto de Engenharia","url":"https:\/\/www.institutodeengenharia.org.br\/site\/","logo":{"@type":"ImageObject","inLanguage":"pt-BR","@id":"https:\/\/www.institutodeengenharia.org.br\/site\/#\/schema\/logo\/image\/","url":"https:\/\/www.institutodeengenharia.org.br\/site\/wp-content\/uploads\/2019\/03\/logo-novo-IE2018-1.jpg","contentUrl":"https:\/\/www.institutodeengenharia.org.br\/site\/wp-content\/uploads\/2019\/03\/logo-novo-IE2018-1.jpg","width":1486,"height":1879,"caption":"Instituto de Engenharia"},"image":{"@id":"https:\/\/www.institutodeengenharia.org.br\/site\/#\/schema\/logo\/image\/"},"sameAs":["https:\/\/www.facebook.com\/institutodeengenharia","https:\/\/x.com\/iengenharia","https:\/\/www.instagram.com\/institutodeengenharia\/","https:\/\/www.linkedin.com\/company\/instituto-de-engenharia\/","https:\/\/www.youtube.com\/channel\/UCXiCAlsSMe977vamW915HxA"]},{"@type":"Person","@id":"https:\/\/www.institutodeengenharia.org.br\/site\/#\/schema\/person\/593dc356630173a4877a635d3e5fd76b","name":"Isabel","image":{"@type":"ImageObject","inLanguage":"pt-BR","@id":"https:\/\/secure.gravatar.com\/avatar\/f3c521db63ec9db17894f10a88c6a3cf95b2281d7f80eeb3cf3ef1cb091576e7?s=96&d=mm&r=g","url":"https:\/\/secure.gravatar.com\/avatar\/f3c521db63ec9db17894f10a88c6a3cf95b2281d7f80eeb3cf3ef1cb091576e7?s=96&d=mm&r=g","contentUrl":"https:\/\/secure.gravatar.com\/avatar\/f3c521db63ec9db17894f10a88c6a3cf95b2281d7f80eeb3cf3ef1cb091576e7?s=96&d=mm&r=g","caption":"Isabel"},"url":"https:\/\/www.institutodeengenharia.org.br\/site\/author\/comunicacao2\/"}]}},"_links":{"self":[{"href":"https:\/\/www.institutodeengenharia.org.br\/site\/wp-json\/wp\/v2\/posts\/135019","targetHints":{"allow":["GET"]}}],"collection":[{"href":"https:\/\/www.institutodeengenharia.org.br\/site\/wp-json\/wp\/v2\/posts"}],"about":[{"href":"https:\/\/www.institutodeengenharia.org.br\/site\/wp-json\/wp\/v2\/types\/post"}],"author":[{"embeddable":true,"href":"https:\/\/www.institutodeengenharia.org.br\/site\/wp-json\/wp\/v2\/users\/14"}],"replies":[{"embeddable":true,"href":"https:\/\/www.institutodeengenharia.org.br\/site\/wp-json\/wp\/v2\/comments?post=135019"}],"version-history":[{"count":6,"href":"https:\/\/www.institutodeengenharia.org.br\/site\/wp-json\/wp\/v2\/posts\/135019\/revisions"}],"predecessor-version":[{"id":135037,"href":"https:\/\/www.institutodeengenharia.org.br\/site\/wp-json\/wp\/v2\/posts\/135019\/revisions\/135037"}],"wp:featuredmedia":[{"embeddable":true,"href":"https:\/\/www.institutodeengenharia.org.br\/site\/wp-json\/wp\/v2\/media\/135029"}],"wp:attachment":[{"href":"https:\/\/www.institutodeengenharia.org.br\/site\/wp-json\/wp\/v2\/media?parent=135019"}],"wp:term":[{"taxonomy":"category","embeddable":true,"href":"https:\/\/www.institutodeengenharia.org.br\/site\/wp-json\/wp\/v2\/categories?post=135019"},{"taxonomy":"post_tag","embeddable":true,"href":"https:\/\/www.institutodeengenharia.org.br\/site\/wp-json\/wp\/v2\/tags?post=135019"}],"curies":[{"name":"wp","href":"https:\/\/api.w.org\/{rel}","templated":true}]}}