{"id":134970,"date":"2025-12-03T16:26:30","date_gmt":"2025-12-03T19:26:30","guid":{"rendered":"https:\/\/www.institutodeengenharia.org.br\/site\/?p=134970"},"modified":"2025-12-03T16:30:15","modified_gmt":"2025-12-03T19:30:15","slug":"ultima-reuniao-da-camara-civil-do-crea-sp-acontece-no-ie","status":"publish","type":"post","link":"https:\/\/www.institutodeengenharia.org.br\/site\/2025\/12\/03\/ultima-reuniao-da-camara-civil-do-crea-sp-acontece-no-ie\/","title":{"rendered":"\u00daltima reuni\u00e3o da C\u00e2mara Civil do Crea-SP acontece no IE"},"content":{"rendered":"<p>O Instituto de Engenharia recebeu, neste quarta (3), os membros da C\u00e2mara Civil do Crea-SP, para seu \u00faltimo encontro do ano.<\/p>\n<figure id=\"attachment_134982\" aria-describedby=\"caption-attachment-134982\" style=\"width: 462px\" class=\"wp-caption aligncenter\"><img loading=\"lazy\" decoding=\"async\" class=\"wp-image-134982 \" src=\"https:\/\/www.institutodeengenharia.org.br\/site\/wp-content\/uploads\/2025\/12\/shared-image-17-1024x461.jpg\" alt=\"\" width=\"462\" height=\"208\" srcset=\"https:\/\/www.institutodeengenharia.org.br\/site\/wp-content\/uploads\/2025\/12\/shared-image-17-1024x461.jpg 1024w, https:\/\/www.institutodeengenharia.org.br\/site\/wp-content\/uploads\/2025\/12\/shared-image-17-300x135.jpg 300w, https:\/\/www.institutodeengenharia.org.br\/site\/wp-content\/uploads\/2025\/12\/shared-image-17-768x346.jpg 768w, https:\/\/www.institutodeengenharia.org.br\/site\/wp-content\/uploads\/2025\/12\/shared-image-17-1536x691.jpg 1536w, https:\/\/www.institutodeengenharia.org.br\/site\/wp-content\/uploads\/2025\/12\/shared-image-17-933x420.jpg 933w, https:\/\/www.institutodeengenharia.org.br\/site\/wp-content\/uploads\/2025\/12\/shared-image-17-696x313.jpg 696w, https:\/\/www.institutodeengenharia.org.br\/site\/wp-content\/uploads\/2025\/12\/shared-image-17-1068x481.jpg 1068w, https:\/\/www.institutodeengenharia.org.br\/site\/wp-content\/uploads\/2025\/12\/shared-image-17-1920x864.jpg 1920w, https:\/\/www.institutodeengenharia.org.br\/site\/wp-content\/uploads\/2025\/12\/shared-image-17-600x270.jpg 600w, https:\/\/www.institutodeengenharia.org.br\/site\/wp-content\/uploads\/2025\/12\/shared-image-17.jpg 2000w\" sizes=\"auto, (max-width: 462px) 100vw, 462px\" \/><figcaption id=\"caption-attachment-134982\" class=\"wp-caption-text\">Ao centro, Jos\u00e9 Eduardo Jardim, presidente do IE<\/figcaption><\/figure>\n<p>O presidente do IE, Jos\u00e9 Eduardo Jardim, participou da abertura e destacou que &#8220;o Instituto de engenharia, ao longo de mais de um s\u00e9culo de atua\u00e7\u00e3o, se consolidou como um espa\u00e7o independente e dedicado ao di\u00e1logo (&#8230;) sendo uma honra receber um grupo que representa, com tanta compet\u00eancia, o conhecimento t\u00e9cnico e o compromisso com o desenvolvimento do nosso estado e do nosso Pa\u00eds&#8221;.<\/p>\n<p>Ap\u00f3s a reuni\u00e3o de trabalho, houve um almo\u00e7o de confraterniza\u00e7\u00e3o, que contou com a presen\u00e7a da presidente do Crea-SP, a engenheira Civil, L\u00edgia Mackey.<\/p>\n","protected":false},"excerpt":{"rendered":"<p>O Instituto de Engenharia recebeu, neste quarta (3), os membros da C\u00e2mara Civil do Crea-SP, para seu \u00faltimo encontro do ano. O presidente do IE, Jos\u00e9 Eduardo Jardim, participou da abertura e destacou que &#8220;o Instituto de engenharia, ao longo de mais de um s\u00e9culo de atua\u00e7\u00e3o, se consolidou como um espa\u00e7o independente e dedicado [&hellip;]<\/p>\n","protected":false},"author":14,"featured_media":134978,"comment_status":"open","ping_status":"open","sticky":false,"template":"","format":"standard","meta":{"footnotes":""},"categories":[21,27,6],"tags":[],"class_list":{"0":"post-134970","1":"post","2":"type-post","3":"status-publish","4":"format-standard","5":"has-post-thumbnail","7":"category-crea-sp","8":"category-instituto-de-engenharia","9":"category-noticias"},"yoast_head":"<!-- This site is optimized with the Yoast SEO plugin v27.2 - https:\/\/yoast.com\/product\/yoast-seo-wordpress\/ -->\n<title>\u00daltima reuni\u00e3o da C\u00e2mara Civil do Crea-SP acontece no IE - Instituto de Engenharia<\/title>\n<meta name=\"robots\" content=\"index, follow, max-snippet:-1, max-image-preview:large, max-video-preview:-1\" \/>\n<link rel=\"canonical\" href=\"https:\/\/www.institutodeengenharia.org.br\/site\/2025\/12\/03\/ultima-reuniao-da-camara-civil-do-crea-sp-acontece-no-ie\/\" \/>\n<meta property=\"og:locale\" content=\"pt_BR\" \/>\n<meta property=\"og:type\" content=\"article\" \/>\n<meta property=\"og:title\" content=\"\u00daltima reuni\u00e3o da C\u00e2mara Civil do Crea-SP acontece no IE - Instituto de Engenharia\" \/>\n<meta property=\"og:description\" content=\"O Instituto de Engenharia recebeu, neste quarta (3), os membros da C\u00e2mara Civil do Crea-SP, para seu \u00faltimo encontro do ano. O presidente do IE, Jos\u00e9 Eduardo Jardim, participou da abertura e destacou que &#8220;o Instituto de engenharia, ao longo de mais de um s\u00e9culo de atua\u00e7\u00e3o, se consolidou como um espa\u00e7o independente e dedicado [&hellip;]\" \/>\n<meta property=\"og:url\" content=\"https:\/\/www.institutodeengenharia.org.br\/site\/2025\/12\/03\/ultima-reuniao-da-camara-civil-do-crea-sp-acontece-no-ie\/\" \/>\n<meta property=\"og:site_name\" content=\"Instituto de Engenharia\" \/>\n<meta property=\"article:publisher\" content=\"https:\/\/www.facebook.com\/institutodeengenharia\" \/>\n<meta property=\"article:published_time\" content=\"2025-12-03T19:26:30+00:00\" \/>\n<meta property=\"article:modified_time\" content=\"2025-12-03T19:30:15+00:00\" \/>\n<meta property=\"og:image\" content=\"https:\/\/www.institutodeengenharia.org.br\/site\/wp-content\/uploads\/2025\/12\/shared-image-16.jpg\" \/>\n\t<meta property=\"og:image:width\" content=\"800\" \/>\n\t<meta property=\"og:image:height\" content=\"360\" \/>\n\t<meta property=\"og:image:type\" content=\"image\/jpeg\" \/>\n<meta name=\"author\" content=\"Isabel\" \/>\n<meta name=\"twitter:card\" content=\"summary_large_image\" \/>\n<meta name=\"twitter:creator\" content=\"@iengenharia\" \/>\n<meta name=\"twitter:site\" content=\"@iengenharia\" \/>\n<meta name=\"twitter:label1\" content=\"Escrito por\" \/>\n\t<meta name=\"twitter:data1\" content=\"Isabel\" \/>\n\t<meta name=\"twitter:label2\" content=\"Est. tempo de leitura\" \/>\n\t<meta name=\"twitter:data2\" content=\"2 minutos\" \/>\n<script type=\"application\/ld+json\" class=\"yoast-schema-graph\">{\"@context\":\"https:\/\/schema.org\",\"@graph\":[{\"@type\":\"Article\",\"@id\":\"https:\/\/www.institutodeengenharia.org.br\/site\/2025\/12\/03\/ultima-reuniao-da-camara-civil-do-crea-sp-acontece-no-ie\/#article\",\"isPartOf\":{\"@id\":\"https:\/\/www.institutodeengenharia.org.br\/site\/2025\/12\/03\/ultima-reuniao-da-camara-civil-do-crea-sp-acontece-no-ie\/\"},\"author\":{\"name\":\"Isabel\",\"@id\":\"https:\/\/www.institutodeengenharia.org.br\/site\/#\/schema\/person\/593dc356630173a4877a635d3e5fd76b\"},\"headline\":\"\u00daltima reuni\u00e3o da C\u00e2mara Civil do Crea-SP acontece no IE\",\"datePublished\":\"2025-12-03T19:26:30+00:00\",\"dateModified\":\"2025-12-03T19:30:15+00:00\",\"mainEntityOfPage\":{\"@id\":\"https:\/\/www.institutodeengenharia.org.br\/site\/2025\/12\/03\/ultima-reuniao-da-camara-civil-do-crea-sp-acontece-no-ie\/\"},\"wordCount\":148,\"commentCount\":0,\"publisher\":{\"@id\":\"https:\/\/www.institutodeengenharia.org.br\/site\/#organization\"},\"image\":{\"@id\":\"https:\/\/www.institutodeengenharia.org.br\/site\/2025\/12\/03\/ultima-reuniao-da-camara-civil-do-crea-sp-acontece-no-ie\/#primaryimage\"},\"thumbnailUrl\":\"https:\/\/www.institutodeengenharia.org.br\/site\/wp-content\/uploads\/2025\/12\/shared-image-16.jpg\",\"articleSection\":[\"CREA-SP\",\"Instituto de Engenharia\",\"Not\u00edcias\"],\"inLanguage\":\"pt-BR\",\"potentialAction\":[{\"@type\":\"CommentAction\",\"name\":\"Comment\",\"target\":[\"https:\/\/www.institutodeengenharia.org.br\/site\/2025\/12\/03\/ultima-reuniao-da-camara-civil-do-crea-sp-acontece-no-ie\/#respond\"]}]},{\"@type\":\"WebPage\",\"@id\":\"https:\/\/www.institutodeengenharia.org.br\/site\/2025\/12\/03\/ultima-reuniao-da-camara-civil-do-crea-sp-acontece-no-ie\/\",\"url\":\"https:\/\/www.institutodeengenharia.org.br\/site\/2025\/12\/03\/ultima-reuniao-da-camara-civil-do-crea-sp-acontece-no-ie\/\",\"name\":\"\u00daltima reuni\u00e3o da C\u00e2mara Civil do Crea-SP acontece no IE - Instituto de Engenharia\",\"isPartOf\":{\"@id\":\"https:\/\/www.institutodeengenharia.org.br\/site\/#website\"},\"primaryImageOfPage\":{\"@id\":\"https:\/\/www.institutodeengenharia.org.br\/site\/2025\/12\/03\/ultima-reuniao-da-camara-civil-do-crea-sp-acontece-no-ie\/#primaryimage\"},\"image\":{\"@id\":\"https:\/\/www.institutodeengenharia.org.br\/site\/2025\/12\/03\/ultima-reuniao-da-camara-civil-do-crea-sp-acontece-no-ie\/#primaryimage\"},\"thumbnailUrl\":\"https:\/\/www.institutodeengenharia.org.br\/site\/wp-content\/uploads\/2025\/12\/shared-image-16.jpg\",\"datePublished\":\"2025-12-03T19:26:30+00:00\",\"dateModified\":\"2025-12-03T19:30:15+00:00\",\"breadcrumb\":{\"@id\":\"https:\/\/www.institutodeengenharia.org.br\/site\/2025\/12\/03\/ultima-reuniao-da-camara-civil-do-crea-sp-acontece-no-ie\/#breadcrumb\"},\"inLanguage\":\"pt-BR\",\"potentialAction\":[{\"@type\":\"ReadAction\",\"target\":[\"https:\/\/www.institutodeengenharia.org.br\/site\/2025\/12\/03\/ultima-reuniao-da-camara-civil-do-crea-sp-acontece-no-ie\/\"]}]},{\"@type\":\"ImageObject\",\"inLanguage\":\"pt-BR\",\"@id\":\"https:\/\/www.institutodeengenharia.org.br\/site\/2025\/12\/03\/ultima-reuniao-da-camara-civil-do-crea-sp-acontece-no-ie\/#primaryimage\",\"url\":\"https:\/\/www.institutodeengenharia.org.br\/site\/wp-content\/uploads\/2025\/12\/shared-image-16.jpg\",\"contentUrl\":\"https:\/\/www.institutodeengenharia.org.br\/site\/wp-content\/uploads\/2025\/12\/shared-image-16.jpg\",\"width\":800,\"height\":360},{\"@type\":\"BreadcrumbList\",\"@id\":\"https:\/\/www.institutodeengenharia.org.br\/site\/2025\/12\/03\/ultima-reuniao-da-camara-civil-do-crea-sp-acontece-no-ie\/#breadcrumb\",\"itemListElement\":[{\"@type\":\"ListItem\",\"position\":1,\"name\":\"In\u00edcio\",\"item\":\"https:\/\/www.institutodeengenharia.org.br\/site\/\"},{\"@type\":\"ListItem\",\"position\":2,\"name\":\"\u00daltima reuni\u00e3o da C\u00e2mara Civil do Crea-SP acontece no IE\"}]},{\"@type\":\"WebSite\",\"@id\":\"https:\/\/www.institutodeengenharia.org.br\/site\/#website\",\"url\":\"https:\/\/www.institutodeengenharia.org.br\/site\/\",\"name\":\"Instituto de Engenharia\",\"description\":\"O Instituto de Engenharia promove a Engenharia em benef\u00edcio do desenvolvimento e da qualidade de vida da sociedade.\",\"publisher\":{\"@id\":\"https:\/\/www.institutodeengenharia.org.br\/site\/#organization\"},\"potentialAction\":[{\"@type\":\"SearchAction\",\"target\":{\"@type\":\"EntryPoint\",\"urlTemplate\":\"https:\/\/www.institutodeengenharia.org.br\/site\/?s={search_term_string}\"},\"query-input\":{\"@type\":\"PropertyValueSpecification\",\"valueRequired\":true,\"valueName\":\"search_term_string\"}}],\"inLanguage\":\"pt-BR\"},{\"@type\":\"Organization\",\"@id\":\"https:\/\/www.institutodeengenharia.org.br\/site\/#organization\",\"name\":\"Instituto de Engenharia\",\"url\":\"https:\/\/www.institutodeengenharia.org.br\/site\/\",\"logo\":{\"@type\":\"ImageObject\",\"inLanguage\":\"pt-BR\",\"@id\":\"https:\/\/www.institutodeengenharia.org.br\/site\/#\/schema\/logo\/image\/\",\"url\":\"https:\/\/www.institutodeengenharia.org.br\/site\/wp-content\/uploads\/2019\/03\/logo-novo-IE2018-1.jpg\",\"contentUrl\":\"https:\/\/www.institutodeengenharia.org.br\/site\/wp-content\/uploads\/2019\/03\/logo-novo-IE2018-1.jpg\",\"width\":1486,\"height\":1879,\"caption\":\"Instituto de Engenharia\"},\"image\":{\"@id\":\"https:\/\/www.institutodeengenharia.org.br\/site\/#\/schema\/logo\/image\/\"},\"sameAs\":[\"https:\/\/www.facebook.com\/institutodeengenharia\",\"https:\/\/x.com\/iengenharia\",\"https:\/\/www.instagram.com\/institutodeengenharia\/\",\"https:\/\/www.linkedin.com\/company\/instituto-de-engenharia\/\",\"https:\/\/www.youtube.com\/channel\/UCXiCAlsSMe977vamW915HxA\"]},{\"@type\":\"Person\",\"@id\":\"https:\/\/www.institutodeengenharia.org.br\/site\/#\/schema\/person\/593dc356630173a4877a635d3e5fd76b\",\"name\":\"Isabel\",\"image\":{\"@type\":\"ImageObject\",\"inLanguage\":\"pt-BR\",\"@id\":\"https:\/\/secure.gravatar.com\/avatar\/f3c521db63ec9db17894f10a88c6a3cf95b2281d7f80eeb3cf3ef1cb091576e7?s=96&d=mm&r=g\",\"url\":\"https:\/\/secure.gravatar.com\/avatar\/f3c521db63ec9db17894f10a88c6a3cf95b2281d7f80eeb3cf3ef1cb091576e7?s=96&d=mm&r=g\",\"contentUrl\":\"https:\/\/secure.gravatar.com\/avatar\/f3c521db63ec9db17894f10a88c6a3cf95b2281d7f80eeb3cf3ef1cb091576e7?s=96&d=mm&r=g\",\"caption\":\"Isabel\"},\"url\":\"https:\/\/www.institutodeengenharia.org.br\/site\/author\/comunicacao2\/\"}]}<\/script>\n<!-- \/ Yoast SEO plugin. -->","yoast_head_json":{"title":"\u00daltima reuni\u00e3o da C\u00e2mara Civil do Crea-SP acontece no IE - Instituto de Engenharia","robots":{"index":"index","follow":"follow","max-snippet":"max-snippet:-1","max-image-preview":"max-image-preview:large","max-video-preview":"max-video-preview:-1"},"canonical":"https:\/\/www.institutodeengenharia.org.br\/site\/2025\/12\/03\/ultima-reuniao-da-camara-civil-do-crea-sp-acontece-no-ie\/","og_locale":"pt_BR","og_type":"article","og_title":"\u00daltima reuni\u00e3o da C\u00e2mara Civil do Crea-SP acontece no IE - Instituto de Engenharia","og_description":"O Instituto de Engenharia recebeu, neste quarta (3), os membros da C\u00e2mara Civil do Crea-SP, para seu \u00faltimo encontro do ano. O presidente do IE, Jos\u00e9 Eduardo Jardim, participou da abertura e destacou que &#8220;o Instituto de engenharia, ao longo de mais de um s\u00e9culo de atua\u00e7\u00e3o, se consolidou como um espa\u00e7o independente e dedicado [&hellip;]","og_url":"https:\/\/www.institutodeengenharia.org.br\/site\/2025\/12\/03\/ultima-reuniao-da-camara-civil-do-crea-sp-acontece-no-ie\/","og_site_name":"Instituto de Engenharia","article_publisher":"https:\/\/www.facebook.com\/institutodeengenharia","article_published_time":"2025-12-03T19:26:30+00:00","article_modified_time":"2025-12-03T19:30:15+00:00","og_image":[{"width":800,"height":360,"url":"https:\/\/www.institutodeengenharia.org.br\/site\/wp-content\/uploads\/2025\/12\/shared-image-16.jpg","type":"image\/jpeg"}],"author":"Isabel","twitter_card":"summary_large_image","twitter_creator":"@iengenharia","twitter_site":"@iengenharia","twitter_misc":{"Escrito por":"Isabel","Est. tempo de leitura":"2 minutos"},"schema":{"@context":"https:\/\/schema.org","@graph":[{"@type":"Article","@id":"https:\/\/www.institutodeengenharia.org.br\/site\/2025\/12\/03\/ultima-reuniao-da-camara-civil-do-crea-sp-acontece-no-ie\/#article","isPartOf":{"@id":"https:\/\/www.institutodeengenharia.org.br\/site\/2025\/12\/03\/ultima-reuniao-da-camara-civil-do-crea-sp-acontece-no-ie\/"},"author":{"name":"Isabel","@id":"https:\/\/www.institutodeengenharia.org.br\/site\/#\/schema\/person\/593dc356630173a4877a635d3e5fd76b"},"headline":"\u00daltima reuni\u00e3o da C\u00e2mara Civil do Crea-SP acontece no IE","datePublished":"2025-12-03T19:26:30+00:00","dateModified":"2025-12-03T19:30:15+00:00","mainEntityOfPage":{"@id":"https:\/\/www.institutodeengenharia.org.br\/site\/2025\/12\/03\/ultima-reuniao-da-camara-civil-do-crea-sp-acontece-no-ie\/"},"wordCount":148,"commentCount":0,"publisher":{"@id":"https:\/\/www.institutodeengenharia.org.br\/site\/#organization"},"image":{"@id":"https:\/\/www.institutodeengenharia.org.br\/site\/2025\/12\/03\/ultima-reuniao-da-camara-civil-do-crea-sp-acontece-no-ie\/#primaryimage"},"thumbnailUrl":"https:\/\/www.institutodeengenharia.org.br\/site\/wp-content\/uploads\/2025\/12\/shared-image-16.jpg","articleSection":["CREA-SP","Instituto de Engenharia","Not\u00edcias"],"inLanguage":"pt-BR","potentialAction":[{"@type":"CommentAction","name":"Comment","target":["https:\/\/www.institutodeengenharia.org.br\/site\/2025\/12\/03\/ultima-reuniao-da-camara-civil-do-crea-sp-acontece-no-ie\/#respond"]}]},{"@type":"WebPage","@id":"https:\/\/www.institutodeengenharia.org.br\/site\/2025\/12\/03\/ultima-reuniao-da-camara-civil-do-crea-sp-acontece-no-ie\/","url":"https:\/\/www.institutodeengenharia.org.br\/site\/2025\/12\/03\/ultima-reuniao-da-camara-civil-do-crea-sp-acontece-no-ie\/","name":"\u00daltima reuni\u00e3o da C\u00e2mara Civil do Crea-SP acontece no IE - Instituto de Engenharia","isPartOf":{"@id":"https:\/\/www.institutodeengenharia.org.br\/site\/#website"},"primaryImageOfPage":{"@id":"https:\/\/www.institutodeengenharia.org.br\/site\/2025\/12\/03\/ultima-reuniao-da-camara-civil-do-crea-sp-acontece-no-ie\/#primaryimage"},"image":{"@id":"https:\/\/www.institutodeengenharia.org.br\/site\/2025\/12\/03\/ultima-reuniao-da-camara-civil-do-crea-sp-acontece-no-ie\/#primaryimage"},"thumbnailUrl":"https:\/\/www.institutodeengenharia.org.br\/site\/wp-content\/uploads\/2025\/12\/shared-image-16.jpg","datePublished":"2025-12-03T19:26:30+00:00","dateModified":"2025-12-03T19:30:15+00:00","breadcrumb":{"@id":"https:\/\/www.institutodeengenharia.org.br\/site\/2025\/12\/03\/ultima-reuniao-da-camara-civil-do-crea-sp-acontece-no-ie\/#breadcrumb"},"inLanguage":"pt-BR","potentialAction":[{"@type":"ReadAction","target":["https:\/\/www.institutodeengenharia.org.br\/site\/2025\/12\/03\/ultima-reuniao-da-camara-civil-do-crea-sp-acontece-no-ie\/"]}]},{"@type":"ImageObject","inLanguage":"pt-BR","@id":"https:\/\/www.institutodeengenharia.org.br\/site\/2025\/12\/03\/ultima-reuniao-da-camara-civil-do-crea-sp-acontece-no-ie\/#primaryimage","url":"https:\/\/www.institutodeengenharia.org.br\/site\/wp-content\/uploads\/2025\/12\/shared-image-16.jpg","contentUrl":"https:\/\/www.institutodeengenharia.org.br\/site\/wp-content\/uploads\/2025\/12\/shared-image-16.jpg","width":800,"height":360},{"@type":"BreadcrumbList","@id":"https:\/\/www.institutodeengenharia.org.br\/site\/2025\/12\/03\/ultima-reuniao-da-camara-civil-do-crea-sp-acontece-no-ie\/#breadcrumb","itemListElement":[{"@type":"ListItem","position":1,"name":"In\u00edcio","item":"https:\/\/www.institutodeengenharia.org.br\/site\/"},{"@type":"ListItem","position":2,"name":"\u00daltima reuni\u00e3o da C\u00e2mara Civil do Crea-SP acontece no IE"}]},{"@type":"WebSite","@id":"https:\/\/www.institutodeengenharia.org.br\/site\/#website","url":"https:\/\/www.institutodeengenharia.org.br\/site\/","name":"Instituto de Engenharia","description":"O Instituto de Engenharia promove a Engenharia em benef\u00edcio do desenvolvimento e da qualidade de vida da sociedade.","publisher":{"@id":"https:\/\/www.institutodeengenharia.org.br\/site\/#organization"},"potentialAction":[{"@type":"SearchAction","target":{"@type":"EntryPoint","urlTemplate":"https:\/\/www.institutodeengenharia.org.br\/site\/?s={search_term_string}"},"query-input":{"@type":"PropertyValueSpecification","valueRequired":true,"valueName":"search_term_string"}}],"inLanguage":"pt-BR"},{"@type":"Organization","@id":"https:\/\/www.institutodeengenharia.org.br\/site\/#organization","name":"Instituto de Engenharia","url":"https:\/\/www.institutodeengenharia.org.br\/site\/","logo":{"@type":"ImageObject","inLanguage":"pt-BR","@id":"https:\/\/www.institutodeengenharia.org.br\/site\/#\/schema\/logo\/image\/","url":"https:\/\/www.institutodeengenharia.org.br\/site\/wp-content\/uploads\/2019\/03\/logo-novo-IE2018-1.jpg","contentUrl":"https:\/\/www.institutodeengenharia.org.br\/site\/wp-content\/uploads\/2019\/03\/logo-novo-IE2018-1.jpg","width":1486,"height":1879,"caption":"Instituto de Engenharia"},"image":{"@id":"https:\/\/www.institutodeengenharia.org.br\/site\/#\/schema\/logo\/image\/"},"sameAs":["https:\/\/www.facebook.com\/institutodeengenharia","https:\/\/x.com\/iengenharia","https:\/\/www.instagram.com\/institutodeengenharia\/","https:\/\/www.linkedin.com\/company\/instituto-de-engenharia\/","https:\/\/www.youtube.com\/channel\/UCXiCAlsSMe977vamW915HxA"]},{"@type":"Person","@id":"https:\/\/www.institutodeengenharia.org.br\/site\/#\/schema\/person\/593dc356630173a4877a635d3e5fd76b","name":"Isabel","image":{"@type":"ImageObject","inLanguage":"pt-BR","@id":"https:\/\/secure.gravatar.com\/avatar\/f3c521db63ec9db17894f10a88c6a3cf95b2281d7f80eeb3cf3ef1cb091576e7?s=96&d=mm&r=g","url":"https:\/\/secure.gravatar.com\/avatar\/f3c521db63ec9db17894f10a88c6a3cf95b2281d7f80eeb3cf3ef1cb091576e7?s=96&d=mm&r=g","contentUrl":"https:\/\/secure.gravatar.com\/avatar\/f3c521db63ec9db17894f10a88c6a3cf95b2281d7f80eeb3cf3ef1cb091576e7?s=96&d=mm&r=g","caption":"Isabel"},"url":"https:\/\/www.institutodeengenharia.org.br\/site\/author\/comunicacao2\/"}]}},"_links":{"self":[{"href":"https:\/\/www.institutodeengenharia.org.br\/site\/wp-json\/wp\/v2\/posts\/134970","targetHints":{"allow":["GET"]}}],"collection":[{"href":"https:\/\/www.institutodeengenharia.org.br\/site\/wp-json\/wp\/v2\/posts"}],"about":[{"href":"https:\/\/www.institutodeengenharia.org.br\/site\/wp-json\/wp\/v2\/types\/post"}],"author":[{"embeddable":true,"href":"https:\/\/www.institutodeengenharia.org.br\/site\/wp-json\/wp\/v2\/users\/14"}],"replies":[{"embeddable":true,"href":"https:\/\/www.institutodeengenharia.org.br\/site\/wp-json\/wp\/v2\/comments?post=134970"}],"version-history":[{"count":3,"href":"https:\/\/www.institutodeengenharia.org.br\/site\/wp-json\/wp\/v2\/posts\/134970\/revisions"}],"predecessor-version":[{"id":134983,"href":"https:\/\/www.institutodeengenharia.org.br\/site\/wp-json\/wp\/v2\/posts\/134970\/revisions\/134983"}],"wp:featuredmedia":[{"embeddable":true,"href":"https:\/\/www.institutodeengenharia.org.br\/site\/wp-json\/wp\/v2\/media\/134978"}],"wp:attachment":[{"href":"https:\/\/www.institutodeengenharia.org.br\/site\/wp-json\/wp\/v2\/media?parent=134970"}],"wp:term":[{"taxonomy":"category","embeddable":true,"href":"https:\/\/www.institutodeengenharia.org.br\/site\/wp-json\/wp\/v2\/categories?post=134970"},{"taxonomy":"post_tag","embeddable":true,"href":"https:\/\/www.institutodeengenharia.org.br\/site\/wp-json\/wp\/v2\/tags?post=134970"}],"curies":[{"name":"wp","href":"https:\/\/api.w.org\/{rel}","templated":true}]}}