{"id":134880,"date":"2025-11-06T15:12:59","date_gmt":"2025-11-06T18:12:59","guid":{"rendered":"https:\/\/www.institutodeengenharia.org.br\/site\/?p=134880"},"modified":"2025-12-01T15:35:50","modified_gmt":"2025-12-01T18:35:50","slug":"a-inteligencia-artificial-no-agro","status":"publish","type":"post","link":"https:\/\/www.institutodeengenharia.org.br\/site\/2025\/11\/06\/a-inteligencia-artificial-no-agro\/","title":{"rendered":"A intelig\u00eancia artificial no Agro"},"content":{"rendered":"<p><strong>Assista abaixo \u00e0 grava\u00e7\u00e3o do evento:\u00a0<\/strong><\/p>\n<div style=\"padding: 56.25% 0 0 0; position: relative;\"><iframe style=\"position: absolute; top: 0; left: 0; width: 100%; height: 100%;\" title=\"A Inteligencia Artificial no Agro GCs\" src=\"https:\/\/player.vimeo.com\/video\/1141480034?badge=0&amp;autopause=0&amp;player_id=0&amp;app_id=58479\" frameborder=\"0\"><\/iframe><\/div>\n<p>&nbsp;<\/p>\n<p><strong>+ Informa\u00e7\u00f5es:\u00a0<\/strong><br \/>\nA Intelig\u00eancia Artificial est\u00e1 transformando rapidamente a agricultura brasileira, trazendo efici\u00eancia, previsibilidade e sustentabilidade. No campo, sensores, drones e imagens de sat\u00e9lite alimentam sistemas de IA capazes de monitorar lavouras em tempo real, prever pragas, otimizar o uso de insumos e aumentar a produtividade com menor impacto ambiental.<\/p>\n<p>Grandes produtores e cooperativas j\u00e1 utilizam algoritmos de vis\u00e3o computacional e aprendizado de m\u00e1quina para mapear solos, planejar plantios e automatizar decis\u00f5es antes baseadas apenas na experi\u00eancia. Essa revolu\u00e7\u00e3o n\u00e3o se limita ao agroneg\u00f3cio de larga escala \u2014 startups e agtechs nacionais est\u00e3o democratizando o acesso a solu\u00e7\u00f5es de baixo custo, ampliando o alcance da agricultura digital entre pequenos e m\u00e9dios produtores.<\/p>\n<p>Nos pr\u00f3ximos anos, a integra\u00e7\u00e3o entre IA generativa, Internet das Coisas (IoT) e rob\u00f3tica promete uma nova fronteira: fazendas aut\u00f4nomas e cadeias de valor conectadas de ponta a ponta. A an\u00e1lise preditiva do clima, a gest\u00e3o inteligente de carbono e a rastreabilidade baseada em dados ser\u00e3o essenciais para manter o Brasil como pot\u00eancia agroambiental global.<\/p>\n<p>O desafio ser\u00e1 combinar tecnologia com capacita\u00e7\u00e3o humana, conectividade no campo e pol\u00edticas p\u00fablicas que promovam inova\u00e7\u00e3o inclusiva. A IA na agricultura brasileira n\u00e3o \u00e9 apenas uma ferramenta de produtividade \u2014 \u00e9 uma oportunidade estrat\u00e9gica de lideran\u00e7a sustent\u00e1vel e socialmente respons\u00e1vel no cen\u00e1rio global.<\/p>\n<p>Debates:<br \/>\n\u2013 Internet das coisas e computa\u00e7\u00e3o ub\u00edqua na agricultura.<br \/>\n\u2013 Tecnologia para a sustentabilidade econ\u00f4mica, social e ambiental no agro.<\/p>\n<p><strong>P\u00fablico-alvo:<\/strong><br \/>\nProfissionais da \u00e1rea de agroneg\u00f3cio, engenheiros, agr\u00f4nomos, estudantes e demais interessados no tema.<\/p>\n<p><strong>Realiza\u00e7\u00e3o:<\/strong><\/p>\n<p><img loading=\"lazy\" decoding=\"async\" class=\"wp-image-130496 alignleft td-animation-stack-type0-2\" src=\"https:\/\/www.institutodeengenharia.org.br\/site\/wp-content\/uploads\/2025\/07\/logo-novo-TRANSPARENTE2-IE2018-1-237x300.png\" alt=\"\" width=\"97\" height=\"123\" srcset=\"https:\/\/www.institutodeengenharia.org.br\/site\/wp-content\/uploads\/2025\/07\/logo-novo-TRANSPARENTE2-IE2018-1-237x300.png 237w, https:\/\/www.institutodeengenharia.org.br\/site\/wp-content\/uploads\/2025\/07\/logo-novo-TRANSPARENTE2-IE2018-1-810x1024.png 810w, https:\/\/www.institutodeengenharia.org.br\/site\/wp-content\/uploads\/2025\/07\/logo-novo-TRANSPARENTE2-IE2018-1-768x971.png 768w, https:\/\/www.institutodeengenharia.org.br\/site\/wp-content\/uploads\/2025\/07\/logo-novo-TRANSPARENTE2-IE2018-1-1215x1536.png 1215w, https:\/\/www.institutodeengenharia.org.br\/site\/wp-content\/uploads\/2025\/07\/logo-novo-TRANSPARENTE2-IE2018-1-332x420.png 332w, https:\/\/www.institutodeengenharia.org.br\/site\/wp-content\/uploads\/2025\/07\/logo-novo-TRANSPARENTE2-IE2018-1-696x880.png 696w, https:\/\/www.institutodeengenharia.org.br\/site\/wp-content\/uploads\/2025\/07\/logo-novo-TRANSPARENTE2-IE2018-1-1068x1350.png 1068w, https:\/\/www.institutodeengenharia.org.br\/site\/wp-content\/uploads\/2025\/07\/logo-novo-TRANSPARENTE2-IE2018-1-600x759.png 600w, https:\/\/www.institutodeengenharia.org.br\/site\/wp-content\/uploads\/2025\/07\/logo-novo-TRANSPARENTE2-IE2018-1.png 1486w\" sizes=\"auto, (max-width: 97px) 100vw, 97px\" \/><\/p>\n<p><strong>Jer\u00f4nimo Cabral P. Fagundes Neto<\/strong>\u00a0\u2013 Vice-presidente de Atividades T\u00e9cnicas<br \/>\n<strong>Marcio Lacerda Gon\u00e7alves<\/strong>\u00a0\u2013 Diretor do Depto. de Desenvolvimento Agr\u00e1rio<br \/>\n<strong>Maria da Penha Pereira Nobre<\/strong>\u00a0\u2013 Diretora do Depto. de Desenvolvimento Urbano e Regional<br \/>\n<strong>Henrique Dias de Faria<\/strong>\u00a0\u2013 Vice-coordenador da Divis\u00e3o T\u00e9cnica de Agroneg\u00f3cio, Equipamentos e Automa\u00e7\u00e3o, e secret\u00e1rio da Divis\u00e3o T\u00e9cnica de Meio Ambiente e Sustentabilidade<br \/>\n<strong>Denis Gerage Amorim<\/strong>\u00a0\u2013 Vice-coordenador da Divis\u00e3o T\u00e9cnica de Meio Ambiente e Sustentabilidade<\/p>\n<p><strong>Apoio Institucional:<\/strong><\/p>\n<p><img loading=\"lazy\" decoding=\"async\" class=\"alignnone wp-image-77696 td-animation-stack-type0-2\" src=\"https:\/\/www.institutodeengenharia.org.br\/site\/wp-content\/uploads\/2021\/02\/crea.jpg\" alt=\"\" width=\"145\" height=\"102\" srcset=\"https:\/\/www.institutodeengenharia.org.br\/site\/wp-content\/uploads\/2021\/02\/crea.jpg 448w, https:\/\/www.institutodeengenharia.org.br\/site\/wp-content\/uploads\/2021\/02\/crea-300x211.jpg 300w, https:\/\/www.institutodeengenharia.org.br\/site\/wp-content\/uploads\/2021\/02\/crea-100x70.jpg 100w\" sizes=\"auto, (max-width: 145px) 100vw, 145px\" \/><\/p>\n<p><strong>Apoio \u00e0 forma\u00e7\u00e3o:\u00a0<\/strong><\/p>\n<p>Espa\u00e7o aberto ao CREA-SP, objetivando o aperfei\u00e7oamento dos profissionais e o aprimoramento da fiscaliza\u00e7\u00e3o das \u00e1reas abrangidas pelo Sistema Confea\/CREAs, al\u00e9m de promover a conscientiza\u00e7\u00e3o da sociedade quanto \u00e0 necessidade e obrigatoriedade de contratar um profissional devidamente habilitado.<\/p>\n","protected":false},"excerpt":{"rendered":"<p>Assista abaixo \u00e0 grava\u00e7\u00e3o do evento:\u00a0 &nbsp; + Informa\u00e7\u00f5es:\u00a0 A Intelig\u00eancia Artificial est\u00e1 transformando rapidamente a agricultura brasileira, trazendo efici\u00eancia, previsibilidade e sustentabilidade. No campo, sensores, drones e imagens de sat\u00e9lite alimentam sistemas de IA capazes de monitorar lavouras em tempo real, prever pragas, otimizar o uso de insumos e aumentar a produtividade com menor [&hellip;]<\/p>\n","protected":false},"author":13,"featured_media":134881,"comment_status":"open","ping_status":"open","sticky":false,"template":"","format":"video","meta":{"footnotes":""},"categories":[968,969],"tags":[1176],"class_list":{"0":"post-134880","1":"post","2":"type-post","3":"status-publish","4":"format-video","5":"has-post-thumbnail","7":"category-nova-tv-engenharia","8":"category-palestra","9":"tag-video-home","10":"post_format-post-format-video"},"yoast_head":"<!-- This site is optimized with the Yoast SEO plugin v27.2 - https:\/\/yoast.com\/product\/yoast-seo-wordpress\/ -->\n<title>A intelig\u00eancia artificial no Agro - Instituto de Engenharia<\/title>\n<meta name=\"robots\" content=\"index, follow, max-snippet:-1, max-image-preview:large, max-video-preview:-1\" \/>\n<link rel=\"canonical\" href=\"https:\/\/www.institutodeengenharia.org.br\/site\/2025\/11\/06\/a-inteligencia-artificial-no-agro\/\" \/>\n<meta property=\"og:locale\" content=\"pt_BR\" \/>\n<meta property=\"og:type\" content=\"article\" \/>\n<meta property=\"og:title\" content=\"A intelig\u00eancia artificial no Agro - Instituto de Engenharia\" \/>\n<meta property=\"og:description\" content=\"Assista abaixo \u00e0 grava\u00e7\u00e3o do evento:\u00a0 &nbsp; + Informa\u00e7\u00f5es:\u00a0 A Intelig\u00eancia Artificial est\u00e1 transformando rapidamente a agricultura brasileira, trazendo efici\u00eancia, previsibilidade e sustentabilidade. No campo, sensores, drones e imagens de sat\u00e9lite alimentam sistemas de IA capazes de monitorar lavouras em tempo real, prever pragas, otimizar o uso de insumos e aumentar a produtividade com menor [&hellip;]\" \/>\n<meta property=\"og:url\" content=\"https:\/\/www.institutodeengenharia.org.br\/site\/2025\/11\/06\/a-inteligencia-artificial-no-agro\/\" \/>\n<meta property=\"og:site_name\" content=\"Instituto de Engenharia\" \/>\n<meta property=\"article:publisher\" content=\"https:\/\/www.facebook.com\/institutodeengenharia\" \/>\n<meta property=\"article:published_time\" content=\"2025-11-06T18:12:59+00:00\" \/>\n<meta property=\"article:modified_time\" content=\"2025-12-01T18:35:50+00:00\" \/>\n<meta property=\"og:image\" content=\"https:\/\/www.institutodeengenharia.org.br\/site\/wp-content\/uploads\/2025\/12\/CAPA-PALESTRA-ONLINE-102.jpg\" \/>\n\t<meta property=\"og:image:width\" content=\"1920\" \/>\n\t<meta property=\"og:image:height\" content=\"1080\" \/>\n\t<meta property=\"og:image:type\" content=\"image\/jpeg\" \/>\n<meta name=\"author\" content=\"Bianca\" \/>\n<meta name=\"twitter:card\" content=\"summary_large_image\" \/>\n<meta name=\"twitter:creator\" content=\"@iengenharia\" \/>\n<meta name=\"twitter:site\" content=\"@iengenharia\" \/>\n<meta name=\"twitter:label1\" content=\"Escrito por\" \/>\n\t<meta name=\"twitter:data1\" content=\"Bianca\" \/>\n\t<meta name=\"twitter:label2\" content=\"Est. tempo de leitura\" \/>\n\t<meta name=\"twitter:data2\" content=\"3 minutos\" \/>\n<script type=\"application\/ld+json\" class=\"yoast-schema-graph\">{\"@context\":\"https:\/\/schema.org\",\"@graph\":[{\"@type\":\"Article\",\"@id\":\"https:\/\/www.institutodeengenharia.org.br\/site\/2025\/11\/06\/a-inteligencia-artificial-no-agro\/#article\",\"isPartOf\":{\"@id\":\"https:\/\/www.institutodeengenharia.org.br\/site\/2025\/11\/06\/a-inteligencia-artificial-no-agro\/\"},\"author\":{\"name\":\"Bianca\",\"@id\":\"https:\/\/www.institutodeengenharia.org.br\/site\/#\/schema\/person\/aeb64951c405e100d26d30b033dd423f\"},\"headline\":\"A intelig\u00eancia artificial no Agro\",\"datePublished\":\"2025-11-06T18:12:59+00:00\",\"dateModified\":\"2025-12-01T18:35:50+00:00\",\"mainEntityOfPage\":{\"@id\":\"https:\/\/www.institutodeengenharia.org.br\/site\/2025\/11\/06\/a-inteligencia-artificial-no-agro\/\"},\"wordCount\":419,\"commentCount\":0,\"publisher\":{\"@id\":\"https:\/\/www.institutodeengenharia.org.br\/site\/#organization\"},\"image\":{\"@id\":\"https:\/\/www.institutodeengenharia.org.br\/site\/2025\/11\/06\/a-inteligencia-artificial-no-agro\/#primaryimage\"},\"thumbnailUrl\":\"https:\/\/www.institutodeengenharia.org.br\/site\/wp-content\/uploads\/2025\/12\/CAPA-PALESTRA-ONLINE-102.jpg\",\"keywords\":[\"video-home\"],\"articleSection\":[\"Nova TV Engenharia\",\"Palestra\"],\"inLanguage\":\"pt-BR\",\"potentialAction\":[{\"@type\":\"CommentAction\",\"name\":\"Comment\",\"target\":[\"https:\/\/www.institutodeengenharia.org.br\/site\/2025\/11\/06\/a-inteligencia-artificial-no-agro\/#respond\"]}]},{\"@type\":\"WebPage\",\"@id\":\"https:\/\/www.institutodeengenharia.org.br\/site\/2025\/11\/06\/a-inteligencia-artificial-no-agro\/\",\"url\":\"https:\/\/www.institutodeengenharia.org.br\/site\/2025\/11\/06\/a-inteligencia-artificial-no-agro\/\",\"name\":\"A intelig\u00eancia artificial no Agro - Instituto de Engenharia\",\"isPartOf\":{\"@id\":\"https:\/\/www.institutodeengenharia.org.br\/site\/#website\"},\"primaryImageOfPage\":{\"@id\":\"https:\/\/www.institutodeengenharia.org.br\/site\/2025\/11\/06\/a-inteligencia-artificial-no-agro\/#primaryimage\"},\"image\":{\"@id\":\"https:\/\/www.institutodeengenharia.org.br\/site\/2025\/11\/06\/a-inteligencia-artificial-no-agro\/#primaryimage\"},\"thumbnailUrl\":\"https:\/\/www.institutodeengenharia.org.br\/site\/wp-content\/uploads\/2025\/12\/CAPA-PALESTRA-ONLINE-102.jpg\",\"datePublished\":\"2025-11-06T18:12:59+00:00\",\"dateModified\":\"2025-12-01T18:35:50+00:00\",\"breadcrumb\":{\"@id\":\"https:\/\/www.institutodeengenharia.org.br\/site\/2025\/11\/06\/a-inteligencia-artificial-no-agro\/#breadcrumb\"},\"inLanguage\":\"pt-BR\",\"potentialAction\":[{\"@type\":\"ReadAction\",\"target\":[\"https:\/\/www.institutodeengenharia.org.br\/site\/2025\/11\/06\/a-inteligencia-artificial-no-agro\/\"]}]},{\"@type\":\"ImageObject\",\"inLanguage\":\"pt-BR\",\"@id\":\"https:\/\/www.institutodeengenharia.org.br\/site\/2025\/11\/06\/a-inteligencia-artificial-no-agro\/#primaryimage\",\"url\":\"https:\/\/www.institutodeengenharia.org.br\/site\/wp-content\/uploads\/2025\/12\/CAPA-PALESTRA-ONLINE-102.jpg\",\"contentUrl\":\"https:\/\/www.institutodeengenharia.org.br\/site\/wp-content\/uploads\/2025\/12\/CAPA-PALESTRA-ONLINE-102.jpg\",\"width\":1920,\"height\":1080},{\"@type\":\"BreadcrumbList\",\"@id\":\"https:\/\/www.institutodeengenharia.org.br\/site\/2025\/11\/06\/a-inteligencia-artificial-no-agro\/#breadcrumb\",\"itemListElement\":[{\"@type\":\"ListItem\",\"position\":1,\"name\":\"In\u00edcio\",\"item\":\"https:\/\/www.institutodeengenharia.org.br\/site\/\"},{\"@type\":\"ListItem\",\"position\":2,\"name\":\"A intelig\u00eancia artificial no Agro\"}]},{\"@type\":\"WebSite\",\"@id\":\"https:\/\/www.institutodeengenharia.org.br\/site\/#website\",\"url\":\"https:\/\/www.institutodeengenharia.org.br\/site\/\",\"name\":\"Instituto de Engenharia\",\"description\":\"O Instituto de Engenharia promove a Engenharia em benef\u00edcio do desenvolvimento e da qualidade de vida da sociedade.\",\"publisher\":{\"@id\":\"https:\/\/www.institutodeengenharia.org.br\/site\/#organization\"},\"potentialAction\":[{\"@type\":\"SearchAction\",\"target\":{\"@type\":\"EntryPoint\",\"urlTemplate\":\"https:\/\/www.institutodeengenharia.org.br\/site\/?s={search_term_string}\"},\"query-input\":{\"@type\":\"PropertyValueSpecification\",\"valueRequired\":true,\"valueName\":\"search_term_string\"}}],\"inLanguage\":\"pt-BR\"},{\"@type\":\"Organization\",\"@id\":\"https:\/\/www.institutodeengenharia.org.br\/site\/#organization\",\"name\":\"Instituto de Engenharia\",\"url\":\"https:\/\/www.institutodeengenharia.org.br\/site\/\",\"logo\":{\"@type\":\"ImageObject\",\"inLanguage\":\"pt-BR\",\"@id\":\"https:\/\/www.institutodeengenharia.org.br\/site\/#\/schema\/logo\/image\/\",\"url\":\"https:\/\/www.institutodeengenharia.org.br\/site\/wp-content\/uploads\/2019\/03\/logo-novo-IE2018-1.jpg\",\"contentUrl\":\"https:\/\/www.institutodeengenharia.org.br\/site\/wp-content\/uploads\/2019\/03\/logo-novo-IE2018-1.jpg\",\"width\":1486,\"height\":1879,\"caption\":\"Instituto de Engenharia\"},\"image\":{\"@id\":\"https:\/\/www.institutodeengenharia.org.br\/site\/#\/schema\/logo\/image\/\"},\"sameAs\":[\"https:\/\/www.facebook.com\/institutodeengenharia\",\"https:\/\/x.com\/iengenharia\",\"https:\/\/www.instagram.com\/institutodeengenharia\/\",\"https:\/\/www.linkedin.com\/company\/instituto-de-engenharia\/\",\"https:\/\/www.youtube.com\/channel\/UCXiCAlsSMe977vamW915HxA\"]},{\"@type\":\"Person\",\"@id\":\"https:\/\/www.institutodeengenharia.org.br\/site\/#\/schema\/person\/aeb64951c405e100d26d30b033dd423f\",\"name\":\"Bianca\",\"image\":{\"@type\":\"ImageObject\",\"inLanguage\":\"pt-BR\",\"@id\":\"https:\/\/secure.gravatar.com\/avatar\/a6fbe9bff57405baf4c1e2c5c1811e072b558253974a9f9508f4678900c97c2a?s=96&d=mm&r=g\",\"url\":\"https:\/\/secure.gravatar.com\/avatar\/a6fbe9bff57405baf4c1e2c5c1811e072b558253974a9f9508f4678900c97c2a?s=96&d=mm&r=g\",\"contentUrl\":\"https:\/\/secure.gravatar.com\/avatar\/a6fbe9bff57405baf4c1e2c5c1811e072b558253974a9f9508f4678900c97c2a?s=96&d=mm&r=g\",\"caption\":\"Bianca\"},\"url\":\"https:\/\/www.institutodeengenharia.org.br\/site\/author\/comunicacao1\/\"}]}<\/script>\n<!-- \/ Yoast SEO plugin. -->","yoast_head_json":{"title":"A intelig\u00eancia artificial no Agro - Instituto de Engenharia","robots":{"index":"index","follow":"follow","max-snippet":"max-snippet:-1","max-image-preview":"max-image-preview:large","max-video-preview":"max-video-preview:-1"},"canonical":"https:\/\/www.institutodeengenharia.org.br\/site\/2025\/11\/06\/a-inteligencia-artificial-no-agro\/","og_locale":"pt_BR","og_type":"article","og_title":"A intelig\u00eancia artificial no Agro - Instituto de Engenharia","og_description":"Assista abaixo \u00e0 grava\u00e7\u00e3o do evento:\u00a0 &nbsp; + Informa\u00e7\u00f5es:\u00a0 A Intelig\u00eancia Artificial est\u00e1 transformando rapidamente a agricultura brasileira, trazendo efici\u00eancia, previsibilidade e sustentabilidade. No campo, sensores, drones e imagens de sat\u00e9lite alimentam sistemas de IA capazes de monitorar lavouras em tempo real, prever pragas, otimizar o uso de insumos e aumentar a produtividade com menor [&hellip;]","og_url":"https:\/\/www.institutodeengenharia.org.br\/site\/2025\/11\/06\/a-inteligencia-artificial-no-agro\/","og_site_name":"Instituto de Engenharia","article_publisher":"https:\/\/www.facebook.com\/institutodeengenharia","article_published_time":"2025-11-06T18:12:59+00:00","article_modified_time":"2025-12-01T18:35:50+00:00","og_image":[{"width":1920,"height":1080,"url":"https:\/\/www.institutodeengenharia.org.br\/site\/wp-content\/uploads\/2025\/12\/CAPA-PALESTRA-ONLINE-102.jpg","type":"image\/jpeg"}],"author":"Bianca","twitter_card":"summary_large_image","twitter_creator":"@iengenharia","twitter_site":"@iengenharia","twitter_misc":{"Escrito por":"Bianca","Est. tempo de leitura":"3 minutos"},"schema":{"@context":"https:\/\/schema.org","@graph":[{"@type":"Article","@id":"https:\/\/www.institutodeengenharia.org.br\/site\/2025\/11\/06\/a-inteligencia-artificial-no-agro\/#article","isPartOf":{"@id":"https:\/\/www.institutodeengenharia.org.br\/site\/2025\/11\/06\/a-inteligencia-artificial-no-agro\/"},"author":{"name":"Bianca","@id":"https:\/\/www.institutodeengenharia.org.br\/site\/#\/schema\/person\/aeb64951c405e100d26d30b033dd423f"},"headline":"A intelig\u00eancia artificial no Agro","datePublished":"2025-11-06T18:12:59+00:00","dateModified":"2025-12-01T18:35:50+00:00","mainEntityOfPage":{"@id":"https:\/\/www.institutodeengenharia.org.br\/site\/2025\/11\/06\/a-inteligencia-artificial-no-agro\/"},"wordCount":419,"commentCount":0,"publisher":{"@id":"https:\/\/www.institutodeengenharia.org.br\/site\/#organization"},"image":{"@id":"https:\/\/www.institutodeengenharia.org.br\/site\/2025\/11\/06\/a-inteligencia-artificial-no-agro\/#primaryimage"},"thumbnailUrl":"https:\/\/www.institutodeengenharia.org.br\/site\/wp-content\/uploads\/2025\/12\/CAPA-PALESTRA-ONLINE-102.jpg","keywords":["video-home"],"articleSection":["Nova TV Engenharia","Palestra"],"inLanguage":"pt-BR","potentialAction":[{"@type":"CommentAction","name":"Comment","target":["https:\/\/www.institutodeengenharia.org.br\/site\/2025\/11\/06\/a-inteligencia-artificial-no-agro\/#respond"]}]},{"@type":"WebPage","@id":"https:\/\/www.institutodeengenharia.org.br\/site\/2025\/11\/06\/a-inteligencia-artificial-no-agro\/","url":"https:\/\/www.institutodeengenharia.org.br\/site\/2025\/11\/06\/a-inteligencia-artificial-no-agro\/","name":"A intelig\u00eancia artificial no Agro - Instituto de Engenharia","isPartOf":{"@id":"https:\/\/www.institutodeengenharia.org.br\/site\/#website"},"primaryImageOfPage":{"@id":"https:\/\/www.institutodeengenharia.org.br\/site\/2025\/11\/06\/a-inteligencia-artificial-no-agro\/#primaryimage"},"image":{"@id":"https:\/\/www.institutodeengenharia.org.br\/site\/2025\/11\/06\/a-inteligencia-artificial-no-agro\/#primaryimage"},"thumbnailUrl":"https:\/\/www.institutodeengenharia.org.br\/site\/wp-content\/uploads\/2025\/12\/CAPA-PALESTRA-ONLINE-102.jpg","datePublished":"2025-11-06T18:12:59+00:00","dateModified":"2025-12-01T18:35:50+00:00","breadcrumb":{"@id":"https:\/\/www.institutodeengenharia.org.br\/site\/2025\/11\/06\/a-inteligencia-artificial-no-agro\/#breadcrumb"},"inLanguage":"pt-BR","potentialAction":[{"@type":"ReadAction","target":["https:\/\/www.institutodeengenharia.org.br\/site\/2025\/11\/06\/a-inteligencia-artificial-no-agro\/"]}]},{"@type":"ImageObject","inLanguage":"pt-BR","@id":"https:\/\/www.institutodeengenharia.org.br\/site\/2025\/11\/06\/a-inteligencia-artificial-no-agro\/#primaryimage","url":"https:\/\/www.institutodeengenharia.org.br\/site\/wp-content\/uploads\/2025\/12\/CAPA-PALESTRA-ONLINE-102.jpg","contentUrl":"https:\/\/www.institutodeengenharia.org.br\/site\/wp-content\/uploads\/2025\/12\/CAPA-PALESTRA-ONLINE-102.jpg","width":1920,"height":1080},{"@type":"BreadcrumbList","@id":"https:\/\/www.institutodeengenharia.org.br\/site\/2025\/11\/06\/a-inteligencia-artificial-no-agro\/#breadcrumb","itemListElement":[{"@type":"ListItem","position":1,"name":"In\u00edcio","item":"https:\/\/www.institutodeengenharia.org.br\/site\/"},{"@type":"ListItem","position":2,"name":"A intelig\u00eancia artificial no Agro"}]},{"@type":"WebSite","@id":"https:\/\/www.institutodeengenharia.org.br\/site\/#website","url":"https:\/\/www.institutodeengenharia.org.br\/site\/","name":"Instituto de Engenharia","description":"O Instituto de Engenharia promove a Engenharia em benef\u00edcio do desenvolvimento e da qualidade de vida da sociedade.","publisher":{"@id":"https:\/\/www.institutodeengenharia.org.br\/site\/#organization"},"potentialAction":[{"@type":"SearchAction","target":{"@type":"EntryPoint","urlTemplate":"https:\/\/www.institutodeengenharia.org.br\/site\/?s={search_term_string}"},"query-input":{"@type":"PropertyValueSpecification","valueRequired":true,"valueName":"search_term_string"}}],"inLanguage":"pt-BR"},{"@type":"Organization","@id":"https:\/\/www.institutodeengenharia.org.br\/site\/#organization","name":"Instituto de Engenharia","url":"https:\/\/www.institutodeengenharia.org.br\/site\/","logo":{"@type":"ImageObject","inLanguage":"pt-BR","@id":"https:\/\/www.institutodeengenharia.org.br\/site\/#\/schema\/logo\/image\/","url":"https:\/\/www.institutodeengenharia.org.br\/site\/wp-content\/uploads\/2019\/03\/logo-novo-IE2018-1.jpg","contentUrl":"https:\/\/www.institutodeengenharia.org.br\/site\/wp-content\/uploads\/2019\/03\/logo-novo-IE2018-1.jpg","width":1486,"height":1879,"caption":"Instituto de Engenharia"},"image":{"@id":"https:\/\/www.institutodeengenharia.org.br\/site\/#\/schema\/logo\/image\/"},"sameAs":["https:\/\/www.facebook.com\/institutodeengenharia","https:\/\/x.com\/iengenharia","https:\/\/www.instagram.com\/institutodeengenharia\/","https:\/\/www.linkedin.com\/company\/instituto-de-engenharia\/","https:\/\/www.youtube.com\/channel\/UCXiCAlsSMe977vamW915HxA"]},{"@type":"Person","@id":"https:\/\/www.institutodeengenharia.org.br\/site\/#\/schema\/person\/aeb64951c405e100d26d30b033dd423f","name":"Bianca","image":{"@type":"ImageObject","inLanguage":"pt-BR","@id":"https:\/\/secure.gravatar.com\/avatar\/a6fbe9bff57405baf4c1e2c5c1811e072b558253974a9f9508f4678900c97c2a?s=96&d=mm&r=g","url":"https:\/\/secure.gravatar.com\/avatar\/a6fbe9bff57405baf4c1e2c5c1811e072b558253974a9f9508f4678900c97c2a?s=96&d=mm&r=g","contentUrl":"https:\/\/secure.gravatar.com\/avatar\/a6fbe9bff57405baf4c1e2c5c1811e072b558253974a9f9508f4678900c97c2a?s=96&d=mm&r=g","caption":"Bianca"},"url":"https:\/\/www.institutodeengenharia.org.br\/site\/author\/comunicacao1\/"}]}},"_links":{"self":[{"href":"https:\/\/www.institutodeengenharia.org.br\/site\/wp-json\/wp\/v2\/posts\/134880","targetHints":{"allow":["GET"]}}],"collection":[{"href":"https:\/\/www.institutodeengenharia.org.br\/site\/wp-json\/wp\/v2\/posts"}],"about":[{"href":"https:\/\/www.institutodeengenharia.org.br\/site\/wp-json\/wp\/v2\/types\/post"}],"author":[{"embeddable":true,"href":"https:\/\/www.institutodeengenharia.org.br\/site\/wp-json\/wp\/v2\/users\/13"}],"replies":[{"embeddable":true,"href":"https:\/\/www.institutodeengenharia.org.br\/site\/wp-json\/wp\/v2\/comments?post=134880"}],"version-history":[{"count":1,"href":"https:\/\/www.institutodeengenharia.org.br\/site\/wp-json\/wp\/v2\/posts\/134880\/revisions"}],"predecessor-version":[{"id":134882,"href":"https:\/\/www.institutodeengenharia.org.br\/site\/wp-json\/wp\/v2\/posts\/134880\/revisions\/134882"}],"wp:featuredmedia":[{"embeddable":true,"href":"https:\/\/www.institutodeengenharia.org.br\/site\/wp-json\/wp\/v2\/media\/134881"}],"wp:attachment":[{"href":"https:\/\/www.institutodeengenharia.org.br\/site\/wp-json\/wp\/v2\/media?parent=134880"}],"wp:term":[{"taxonomy":"category","embeddable":true,"href":"https:\/\/www.institutodeengenharia.org.br\/site\/wp-json\/wp\/v2\/categories?post=134880"},{"taxonomy":"post_tag","embeddable":true,"href":"https:\/\/www.institutodeengenharia.org.br\/site\/wp-json\/wp\/v2\/tags?post=134880"}],"curies":[{"name":"wp","href":"https:\/\/api.w.org\/{rel}","templated":true}]}}