{"id":134610,"date":"2025-10-28T14:46:29","date_gmt":"2025-10-28T17:46:29","guid":{"rendered":"https:\/\/www.institutodeengenharia.org.br\/site\/?p=134610"},"modified":"2025-11-26T10:30:07","modified_gmt":"2025-11-26T13:30:07","slug":"33o-encontro-aberto-amazonia-clima-e-economia","status":"publish","type":"post","link":"https:\/\/www.institutodeengenharia.org.br\/site\/2025\/10\/28\/33o-encontro-aberto-amazonia-clima-e-economia\/","title":{"rendered":"33\u00ba Encontro Aberto &#8211; Amaz\u00f4nia, Clima e Economia"},"content":{"rendered":"<p><strong>Assista abaixo \u00e0 grava\u00e7\u00e3o do evento:<\/strong><\/p>\n<p>&nbsp;<\/p>\n<div style=\"padding: 56.25% 0 0 0; position: relative;\"><iframe style=\"position: absolute; top: 0; left: 0; width: 100%; height: 100%;\" title=\"33\u00ba Encontro Aberto - Amaz\u00f4nia, Clima e Economia\" src=\"https:\/\/player.vimeo.com\/video\/1138529028?badge=0&amp;autopause=0&amp;player_id=0&amp;a\u2026 frameborder=\"><\/iframe><\/div>\n<p>&nbsp;<\/p>\n<p><strong>+ Informa\u00e7\u00f5es:<\/strong><\/p>\n<p>Import\u00e2ncia da Amaz\u00f4nia e COP 30 para o futuro econ\u00f4mico do Brasil.<\/p>\n<p><strong>Abordagem:\u00a0<\/strong><\/p>\n<p>O Instituto de Engenharia, por meio do GT Bioeconomia Nacional, convida para mais uma edi\u00e7\u00e3o da s\u00e9rie Encontros Abertos 2025, com a participa\u00e7\u00e3o de Marcello Brito, especialista em bioeconomia, lideran\u00e7a do setor agroindustrial e coordenador da For\u00e7a-Tarefa da Amaz\u00f4nia da Rede de Solu\u00e7\u00f5es para o Desenvolvimento Sustent\u00e1vel (SDSN Brasil).<\/p>\n<p>A palestra abordar\u00e1 a centralidade da Amaz\u00f4nia e da COP30, que ser\u00e1 realizada em Bel\u00e9m, no reposicionamento estrat\u00e9gico do Brasil no cen\u00e1rio global. Ser\u00e3o discutidas as oportunidades econ\u00f4micas associadas \u00e0 valoriza\u00e7\u00e3o dos ativos socioambientais da floresta, os caminhos para uma economia de baixo carbono e o papel da bioeconomia na redefini\u00e7\u00e3o do desenvolvimento nacional.<\/p>\n<p><strong>P\u00fablico-alvo:<\/strong><\/p>\n<p>Profissionais de Engenharia, professores e estudantes.<\/p>\n<p><strong>Realiza\u00e7\u00e3o:<\/strong><\/p>\n<p><img loading=\"lazy\" decoding=\"async\" class=\"alignnone wp-image-122599 td-animation-stack-type0-2\" src=\"https:\/\/www.institutodeengenharia.org.br\/site\/wp-content\/uploads\/2024\/08\/GT-Logo-Colorido.png\" alt=\"\" width=\"316\" height=\"107\" srcset=\"https:\/\/www.institutodeengenharia.org.br\/site\/wp-content\/uploads\/2024\/08\/GT-Logo-Colorido.png 596w, https:\/\/www.institutodeengenharia.org.br\/site\/wp-content\/uploads\/2024\/08\/GT-Logo-Colorido-300x102.png 300w\" sizes=\"auto, (max-width: 316px) 100vw, 316px\" \/><\/p>\n<p><strong>Apoio Institucional:<\/strong><\/p>\n<p><img loading=\"lazy\" decoding=\"async\" class=\"alignnone wp-image-77696 td-animation-stack-type0-2\" src=\"https:\/\/www.institutodeengenharia.org.br\/site\/wp-content\/uploads\/2021\/02\/crea.jpg\" alt=\"\" width=\"140\" height=\"98\" srcset=\"https:\/\/www.institutodeengenharia.org.br\/site\/wp-content\/uploads\/2021\/02\/crea.jpg 448w, https:\/\/www.institutodeengenharia.org.br\/site\/wp-content\/uploads\/2021\/02\/crea-300x211.jpg 300w, https:\/\/www.institutodeengenharia.org.br\/site\/wp-content\/uploads\/2021\/02\/crea-100x70.jpg 100w\" sizes=\"auto, (max-width: 140px) 100vw, 140px\" \/><\/p>\n","protected":false},"excerpt":{"rendered":"<p>Assista abaixo \u00e0 grava\u00e7\u00e3o do evento: &nbsp; &nbsp; + Informa\u00e7\u00f5es: Import\u00e2ncia da Amaz\u00f4nia e COP 30 para o futuro econ\u00f4mico do Brasil. Abordagem:\u00a0 O Instituto de Engenharia, por meio do GT Bioeconomia Nacional, convida para mais uma edi\u00e7\u00e3o da s\u00e9rie Encontros Abertos 2025, com a participa\u00e7\u00e3o de Marcello Brito, especialista em bioeconomia, lideran\u00e7a do setor [&hellip;]<\/p>\n","protected":false},"author":13,"featured_media":134611,"comment_status":"open","ping_status":"open","sticky":false,"template":"","format":"video","meta":{"footnotes":""},"categories":[968,969],"tags":[],"class_list":{"0":"post-134610","1":"post","2":"type-post","3":"status-publish","4":"format-video","5":"has-post-thumbnail","7":"category-nova-tv-engenharia","8":"category-palestra","9":"post_format-post-format-video"},"yoast_head":"<!-- This site is optimized with the Yoast SEO plugin v27.2 - https:\/\/yoast.com\/product\/yoast-seo-wordpress\/ -->\n<title>33\u00ba Encontro Aberto - Amaz\u00f4nia, Clima e Economia - Instituto de Engenharia<\/title>\n<meta name=\"robots\" content=\"index, follow, max-snippet:-1, max-image-preview:large, max-video-preview:-1\" \/>\n<link rel=\"canonical\" href=\"https:\/\/www.institutodeengenharia.org.br\/site\/2025\/10\/28\/33o-encontro-aberto-amazonia-clima-e-economia\/\" \/>\n<meta property=\"og:locale\" content=\"pt_BR\" \/>\n<meta property=\"og:type\" content=\"article\" \/>\n<meta property=\"og:title\" content=\"33\u00ba Encontro Aberto - Amaz\u00f4nia, Clima e Economia - Instituto de Engenharia\" \/>\n<meta property=\"og:description\" content=\"Assista abaixo \u00e0 grava\u00e7\u00e3o do evento: &nbsp; &nbsp; + Informa\u00e7\u00f5es: Import\u00e2ncia da Amaz\u00f4nia e COP 30 para o futuro econ\u00f4mico do Brasil. Abordagem:\u00a0 O Instituto de Engenharia, por meio do GT Bioeconomia Nacional, convida para mais uma edi\u00e7\u00e3o da s\u00e9rie Encontros Abertos 2025, com a participa\u00e7\u00e3o de Marcello Brito, especialista em bioeconomia, lideran\u00e7a do setor [&hellip;]\" \/>\n<meta property=\"og:url\" content=\"https:\/\/www.institutodeengenharia.org.br\/site\/2025\/10\/28\/33o-encontro-aberto-amazonia-clima-e-economia\/\" \/>\n<meta property=\"og:site_name\" content=\"Instituto de Engenharia\" \/>\n<meta property=\"article:publisher\" content=\"https:\/\/www.facebook.com\/institutodeengenharia\" \/>\n<meta property=\"article:published_time\" content=\"2025-10-28T17:46:29+00:00\" \/>\n<meta property=\"article:modified_time\" content=\"2025-11-26T13:30:07+00:00\" \/>\n<meta property=\"og:image\" content=\"https:\/\/www.institutodeengenharia.org.br\/site\/wp-content\/uploads\/2025\/11\/CAPA-PALESTRA-ONLINE-2-2.jpg\" \/>\n\t<meta property=\"og:image:width\" content=\"800\" \/>\n\t<meta property=\"og:image:height\" content=\"450\" \/>\n\t<meta property=\"og:image:type\" content=\"image\/jpeg\" \/>\n<meta name=\"author\" content=\"Bianca\" \/>\n<meta name=\"twitter:card\" content=\"summary_large_image\" \/>\n<meta name=\"twitter:creator\" content=\"@iengenharia\" \/>\n<meta name=\"twitter:site\" content=\"@iengenharia\" \/>\n<meta name=\"twitter:label1\" content=\"Escrito por\" \/>\n\t<meta name=\"twitter:data1\" content=\"Bianca\" \/>\n\t<meta name=\"twitter:label2\" content=\"Est. tempo de leitura\" \/>\n\t<meta name=\"twitter:data2\" content=\"2 minutos\" \/>\n<script type=\"application\/ld+json\" class=\"yoast-schema-graph\">{\"@context\":\"https:\/\/schema.org\",\"@graph\":[{\"@type\":\"Article\",\"@id\":\"https:\/\/www.institutodeengenharia.org.br\/site\/2025\/10\/28\/33o-encontro-aberto-amazonia-clima-e-economia\/#article\",\"isPartOf\":{\"@id\":\"https:\/\/www.institutodeengenharia.org.br\/site\/2025\/10\/28\/33o-encontro-aberto-amazonia-clima-e-economia\/\"},\"author\":{\"name\":\"Bianca\",\"@id\":\"https:\/\/www.institutodeengenharia.org.br\/site\/#\/schema\/person\/aeb64951c405e100d26d30b033dd423f\"},\"headline\":\"33\u00ba Encontro Aberto &#8211; Amaz\u00f4nia, Clima e Economia\",\"datePublished\":\"2025-10-28T17:46:29+00:00\",\"dateModified\":\"2025-11-26T13:30:07+00:00\",\"mainEntityOfPage\":{\"@id\":\"https:\/\/www.institutodeengenharia.org.br\/site\/2025\/10\/28\/33o-encontro-aberto-amazonia-clima-e-economia\/\"},\"wordCount\":162,\"commentCount\":0,\"publisher\":{\"@id\":\"https:\/\/www.institutodeengenharia.org.br\/site\/#organization\"},\"image\":{\"@id\":\"https:\/\/www.institutodeengenharia.org.br\/site\/2025\/10\/28\/33o-encontro-aberto-amazonia-clima-e-economia\/#primaryimage\"},\"thumbnailUrl\":\"https:\/\/www.institutodeengenharia.org.br\/site\/wp-content\/uploads\/2025\/11\/CAPA-PALESTRA-ONLINE-2-2.jpg\",\"articleSection\":[\"Nova TV Engenharia\",\"Palestra\"],\"inLanguage\":\"pt-BR\",\"potentialAction\":[{\"@type\":\"CommentAction\",\"name\":\"Comment\",\"target\":[\"https:\/\/www.institutodeengenharia.org.br\/site\/2025\/10\/28\/33o-encontro-aberto-amazonia-clima-e-economia\/#respond\"]}]},{\"@type\":\"WebPage\",\"@id\":\"https:\/\/www.institutodeengenharia.org.br\/site\/2025\/10\/28\/33o-encontro-aberto-amazonia-clima-e-economia\/\",\"url\":\"https:\/\/www.institutodeengenharia.org.br\/site\/2025\/10\/28\/33o-encontro-aberto-amazonia-clima-e-economia\/\",\"name\":\"33\u00ba Encontro Aberto - Amaz\u00f4nia, Clima e Economia - Instituto de Engenharia\",\"isPartOf\":{\"@id\":\"https:\/\/www.institutodeengenharia.org.br\/site\/#website\"},\"primaryImageOfPage\":{\"@id\":\"https:\/\/www.institutodeengenharia.org.br\/site\/2025\/10\/28\/33o-encontro-aberto-amazonia-clima-e-economia\/#primaryimage\"},\"image\":{\"@id\":\"https:\/\/www.institutodeengenharia.org.br\/site\/2025\/10\/28\/33o-encontro-aberto-amazonia-clima-e-economia\/#primaryimage\"},\"thumbnailUrl\":\"https:\/\/www.institutodeengenharia.org.br\/site\/wp-content\/uploads\/2025\/11\/CAPA-PALESTRA-ONLINE-2-2.jpg\",\"datePublished\":\"2025-10-28T17:46:29+00:00\",\"dateModified\":\"2025-11-26T13:30:07+00:00\",\"breadcrumb\":{\"@id\":\"https:\/\/www.institutodeengenharia.org.br\/site\/2025\/10\/28\/33o-encontro-aberto-amazonia-clima-e-economia\/#breadcrumb\"},\"inLanguage\":\"pt-BR\",\"potentialAction\":[{\"@type\":\"ReadAction\",\"target\":[\"https:\/\/www.institutodeengenharia.org.br\/site\/2025\/10\/28\/33o-encontro-aberto-amazonia-clima-e-economia\/\"]}]},{\"@type\":\"ImageObject\",\"inLanguage\":\"pt-BR\",\"@id\":\"https:\/\/www.institutodeengenharia.org.br\/site\/2025\/10\/28\/33o-encontro-aberto-amazonia-clima-e-economia\/#primaryimage\",\"url\":\"https:\/\/www.institutodeengenharia.org.br\/site\/wp-content\/uploads\/2025\/11\/CAPA-PALESTRA-ONLINE-2-2.jpg\",\"contentUrl\":\"https:\/\/www.institutodeengenharia.org.br\/site\/wp-content\/uploads\/2025\/11\/CAPA-PALESTRA-ONLINE-2-2.jpg\",\"width\":800,\"height\":450},{\"@type\":\"BreadcrumbList\",\"@id\":\"https:\/\/www.institutodeengenharia.org.br\/site\/2025\/10\/28\/33o-encontro-aberto-amazonia-clima-e-economia\/#breadcrumb\",\"itemListElement\":[{\"@type\":\"ListItem\",\"position\":1,\"name\":\"In\u00edcio\",\"item\":\"https:\/\/www.institutodeengenharia.org.br\/site\/\"},{\"@type\":\"ListItem\",\"position\":2,\"name\":\"33\u00ba Encontro Aberto &#8211; Amaz\u00f4nia, Clima e Economia\"}]},{\"@type\":\"WebSite\",\"@id\":\"https:\/\/www.institutodeengenharia.org.br\/site\/#website\",\"url\":\"https:\/\/www.institutodeengenharia.org.br\/site\/\",\"name\":\"Instituto de Engenharia\",\"description\":\"O Instituto de Engenharia promove a Engenharia em benef\u00edcio do desenvolvimento e da qualidade de vida da sociedade.\",\"publisher\":{\"@id\":\"https:\/\/www.institutodeengenharia.org.br\/site\/#organization\"},\"potentialAction\":[{\"@type\":\"SearchAction\",\"target\":{\"@type\":\"EntryPoint\",\"urlTemplate\":\"https:\/\/www.institutodeengenharia.org.br\/site\/?s={search_term_string}\"},\"query-input\":{\"@type\":\"PropertyValueSpecification\",\"valueRequired\":true,\"valueName\":\"search_term_string\"}}],\"inLanguage\":\"pt-BR\"},{\"@type\":\"Organization\",\"@id\":\"https:\/\/www.institutodeengenharia.org.br\/site\/#organization\",\"name\":\"Instituto de Engenharia\",\"url\":\"https:\/\/www.institutodeengenharia.org.br\/site\/\",\"logo\":{\"@type\":\"ImageObject\",\"inLanguage\":\"pt-BR\",\"@id\":\"https:\/\/www.institutodeengenharia.org.br\/site\/#\/schema\/logo\/image\/\",\"url\":\"https:\/\/www.institutodeengenharia.org.br\/site\/wp-content\/uploads\/2019\/03\/logo-novo-IE2018-1.jpg\",\"contentUrl\":\"https:\/\/www.institutodeengenharia.org.br\/site\/wp-content\/uploads\/2019\/03\/logo-novo-IE2018-1.jpg\",\"width\":1486,\"height\":1879,\"caption\":\"Instituto de Engenharia\"},\"image\":{\"@id\":\"https:\/\/www.institutodeengenharia.org.br\/site\/#\/schema\/logo\/image\/\"},\"sameAs\":[\"https:\/\/www.facebook.com\/institutodeengenharia\",\"https:\/\/x.com\/iengenharia\",\"https:\/\/www.instagram.com\/institutodeengenharia\/\",\"https:\/\/www.linkedin.com\/company\/instituto-de-engenharia\/\",\"https:\/\/www.youtube.com\/channel\/UCXiCAlsSMe977vamW915HxA\"]},{\"@type\":\"Person\",\"@id\":\"https:\/\/www.institutodeengenharia.org.br\/site\/#\/schema\/person\/aeb64951c405e100d26d30b033dd423f\",\"name\":\"Bianca\",\"image\":{\"@type\":\"ImageObject\",\"inLanguage\":\"pt-BR\",\"@id\":\"https:\/\/secure.gravatar.com\/avatar\/a6fbe9bff57405baf4c1e2c5c1811e072b558253974a9f9508f4678900c97c2a?s=96&d=mm&r=g\",\"url\":\"https:\/\/secure.gravatar.com\/avatar\/a6fbe9bff57405baf4c1e2c5c1811e072b558253974a9f9508f4678900c97c2a?s=96&d=mm&r=g\",\"contentUrl\":\"https:\/\/secure.gravatar.com\/avatar\/a6fbe9bff57405baf4c1e2c5c1811e072b558253974a9f9508f4678900c97c2a?s=96&d=mm&r=g\",\"caption\":\"Bianca\"},\"url\":\"https:\/\/www.institutodeengenharia.org.br\/site\/author\/comunicacao1\/\"}]}<\/script>\n<!-- \/ Yoast SEO plugin. -->","yoast_head_json":{"title":"33\u00ba Encontro Aberto - Amaz\u00f4nia, Clima e Economia - Instituto de Engenharia","robots":{"index":"index","follow":"follow","max-snippet":"max-snippet:-1","max-image-preview":"max-image-preview:large","max-video-preview":"max-video-preview:-1"},"canonical":"https:\/\/www.institutodeengenharia.org.br\/site\/2025\/10\/28\/33o-encontro-aberto-amazonia-clima-e-economia\/","og_locale":"pt_BR","og_type":"article","og_title":"33\u00ba Encontro Aberto - Amaz\u00f4nia, Clima e Economia - Instituto de Engenharia","og_description":"Assista abaixo \u00e0 grava\u00e7\u00e3o do evento: &nbsp; &nbsp; + Informa\u00e7\u00f5es: Import\u00e2ncia da Amaz\u00f4nia e COP 30 para o futuro econ\u00f4mico do Brasil. Abordagem:\u00a0 O Instituto de Engenharia, por meio do GT Bioeconomia Nacional, convida para mais uma edi\u00e7\u00e3o da s\u00e9rie Encontros Abertos 2025, com a participa\u00e7\u00e3o de Marcello Brito, especialista em bioeconomia, lideran\u00e7a do setor [&hellip;]","og_url":"https:\/\/www.institutodeengenharia.org.br\/site\/2025\/10\/28\/33o-encontro-aberto-amazonia-clima-e-economia\/","og_site_name":"Instituto de Engenharia","article_publisher":"https:\/\/www.facebook.com\/institutodeengenharia","article_published_time":"2025-10-28T17:46:29+00:00","article_modified_time":"2025-11-26T13:30:07+00:00","og_image":[{"width":800,"height":450,"url":"https:\/\/www.institutodeengenharia.org.br\/site\/wp-content\/uploads\/2025\/11\/CAPA-PALESTRA-ONLINE-2-2.jpg","type":"image\/jpeg"}],"author":"Bianca","twitter_card":"summary_large_image","twitter_creator":"@iengenharia","twitter_site":"@iengenharia","twitter_misc":{"Escrito por":"Bianca","Est. tempo de leitura":"2 minutos"},"schema":{"@context":"https:\/\/schema.org","@graph":[{"@type":"Article","@id":"https:\/\/www.institutodeengenharia.org.br\/site\/2025\/10\/28\/33o-encontro-aberto-amazonia-clima-e-economia\/#article","isPartOf":{"@id":"https:\/\/www.institutodeengenharia.org.br\/site\/2025\/10\/28\/33o-encontro-aberto-amazonia-clima-e-economia\/"},"author":{"name":"Bianca","@id":"https:\/\/www.institutodeengenharia.org.br\/site\/#\/schema\/person\/aeb64951c405e100d26d30b033dd423f"},"headline":"33\u00ba Encontro Aberto &#8211; Amaz\u00f4nia, Clima e Economia","datePublished":"2025-10-28T17:46:29+00:00","dateModified":"2025-11-26T13:30:07+00:00","mainEntityOfPage":{"@id":"https:\/\/www.institutodeengenharia.org.br\/site\/2025\/10\/28\/33o-encontro-aberto-amazonia-clima-e-economia\/"},"wordCount":162,"commentCount":0,"publisher":{"@id":"https:\/\/www.institutodeengenharia.org.br\/site\/#organization"},"image":{"@id":"https:\/\/www.institutodeengenharia.org.br\/site\/2025\/10\/28\/33o-encontro-aberto-amazonia-clima-e-economia\/#primaryimage"},"thumbnailUrl":"https:\/\/www.institutodeengenharia.org.br\/site\/wp-content\/uploads\/2025\/11\/CAPA-PALESTRA-ONLINE-2-2.jpg","articleSection":["Nova TV Engenharia","Palestra"],"inLanguage":"pt-BR","potentialAction":[{"@type":"CommentAction","name":"Comment","target":["https:\/\/www.institutodeengenharia.org.br\/site\/2025\/10\/28\/33o-encontro-aberto-amazonia-clima-e-economia\/#respond"]}]},{"@type":"WebPage","@id":"https:\/\/www.institutodeengenharia.org.br\/site\/2025\/10\/28\/33o-encontro-aberto-amazonia-clima-e-economia\/","url":"https:\/\/www.institutodeengenharia.org.br\/site\/2025\/10\/28\/33o-encontro-aberto-amazonia-clima-e-economia\/","name":"33\u00ba Encontro Aberto - Amaz\u00f4nia, Clima e Economia - Instituto de Engenharia","isPartOf":{"@id":"https:\/\/www.institutodeengenharia.org.br\/site\/#website"},"primaryImageOfPage":{"@id":"https:\/\/www.institutodeengenharia.org.br\/site\/2025\/10\/28\/33o-encontro-aberto-amazonia-clima-e-economia\/#primaryimage"},"image":{"@id":"https:\/\/www.institutodeengenharia.org.br\/site\/2025\/10\/28\/33o-encontro-aberto-amazonia-clima-e-economia\/#primaryimage"},"thumbnailUrl":"https:\/\/www.institutodeengenharia.org.br\/site\/wp-content\/uploads\/2025\/11\/CAPA-PALESTRA-ONLINE-2-2.jpg","datePublished":"2025-10-28T17:46:29+00:00","dateModified":"2025-11-26T13:30:07+00:00","breadcrumb":{"@id":"https:\/\/www.institutodeengenharia.org.br\/site\/2025\/10\/28\/33o-encontro-aberto-amazonia-clima-e-economia\/#breadcrumb"},"inLanguage":"pt-BR","potentialAction":[{"@type":"ReadAction","target":["https:\/\/www.institutodeengenharia.org.br\/site\/2025\/10\/28\/33o-encontro-aberto-amazonia-clima-e-economia\/"]}]},{"@type":"ImageObject","inLanguage":"pt-BR","@id":"https:\/\/www.institutodeengenharia.org.br\/site\/2025\/10\/28\/33o-encontro-aberto-amazonia-clima-e-economia\/#primaryimage","url":"https:\/\/www.institutodeengenharia.org.br\/site\/wp-content\/uploads\/2025\/11\/CAPA-PALESTRA-ONLINE-2-2.jpg","contentUrl":"https:\/\/www.institutodeengenharia.org.br\/site\/wp-content\/uploads\/2025\/11\/CAPA-PALESTRA-ONLINE-2-2.jpg","width":800,"height":450},{"@type":"BreadcrumbList","@id":"https:\/\/www.institutodeengenharia.org.br\/site\/2025\/10\/28\/33o-encontro-aberto-amazonia-clima-e-economia\/#breadcrumb","itemListElement":[{"@type":"ListItem","position":1,"name":"In\u00edcio","item":"https:\/\/www.institutodeengenharia.org.br\/site\/"},{"@type":"ListItem","position":2,"name":"33\u00ba Encontro Aberto &#8211; Amaz\u00f4nia, Clima e Economia"}]},{"@type":"WebSite","@id":"https:\/\/www.institutodeengenharia.org.br\/site\/#website","url":"https:\/\/www.institutodeengenharia.org.br\/site\/","name":"Instituto de Engenharia","description":"O Instituto de Engenharia promove a Engenharia em benef\u00edcio do desenvolvimento e da qualidade de vida da sociedade.","publisher":{"@id":"https:\/\/www.institutodeengenharia.org.br\/site\/#organization"},"potentialAction":[{"@type":"SearchAction","target":{"@type":"EntryPoint","urlTemplate":"https:\/\/www.institutodeengenharia.org.br\/site\/?s={search_term_string}"},"query-input":{"@type":"PropertyValueSpecification","valueRequired":true,"valueName":"search_term_string"}}],"inLanguage":"pt-BR"},{"@type":"Organization","@id":"https:\/\/www.institutodeengenharia.org.br\/site\/#organization","name":"Instituto de Engenharia","url":"https:\/\/www.institutodeengenharia.org.br\/site\/","logo":{"@type":"ImageObject","inLanguage":"pt-BR","@id":"https:\/\/www.institutodeengenharia.org.br\/site\/#\/schema\/logo\/image\/","url":"https:\/\/www.institutodeengenharia.org.br\/site\/wp-content\/uploads\/2019\/03\/logo-novo-IE2018-1.jpg","contentUrl":"https:\/\/www.institutodeengenharia.org.br\/site\/wp-content\/uploads\/2019\/03\/logo-novo-IE2018-1.jpg","width":1486,"height":1879,"caption":"Instituto de Engenharia"},"image":{"@id":"https:\/\/www.institutodeengenharia.org.br\/site\/#\/schema\/logo\/image\/"},"sameAs":["https:\/\/www.facebook.com\/institutodeengenharia","https:\/\/x.com\/iengenharia","https:\/\/www.instagram.com\/institutodeengenharia\/","https:\/\/www.linkedin.com\/company\/instituto-de-engenharia\/","https:\/\/www.youtube.com\/channel\/UCXiCAlsSMe977vamW915HxA"]},{"@type":"Person","@id":"https:\/\/www.institutodeengenharia.org.br\/site\/#\/schema\/person\/aeb64951c405e100d26d30b033dd423f","name":"Bianca","image":{"@type":"ImageObject","inLanguage":"pt-BR","@id":"https:\/\/secure.gravatar.com\/avatar\/a6fbe9bff57405baf4c1e2c5c1811e072b558253974a9f9508f4678900c97c2a?s=96&d=mm&r=g","url":"https:\/\/secure.gravatar.com\/avatar\/a6fbe9bff57405baf4c1e2c5c1811e072b558253974a9f9508f4678900c97c2a?s=96&d=mm&r=g","contentUrl":"https:\/\/secure.gravatar.com\/avatar\/a6fbe9bff57405baf4c1e2c5c1811e072b558253974a9f9508f4678900c97c2a?s=96&d=mm&r=g","caption":"Bianca"},"url":"https:\/\/www.institutodeengenharia.org.br\/site\/author\/comunicacao1\/"}]}},"_links":{"self":[{"href":"https:\/\/www.institutodeengenharia.org.br\/site\/wp-json\/wp\/v2\/posts\/134610","targetHints":{"allow":["GET"]}}],"collection":[{"href":"https:\/\/www.institutodeengenharia.org.br\/site\/wp-json\/wp\/v2\/posts"}],"about":[{"href":"https:\/\/www.institutodeengenharia.org.br\/site\/wp-json\/wp\/v2\/types\/post"}],"author":[{"embeddable":true,"href":"https:\/\/www.institutodeengenharia.org.br\/site\/wp-json\/wp\/v2\/users\/13"}],"replies":[{"embeddable":true,"href":"https:\/\/www.institutodeengenharia.org.br\/site\/wp-json\/wp\/v2\/comments?post=134610"}],"version-history":[{"count":1,"href":"https:\/\/www.institutodeengenharia.org.br\/site\/wp-json\/wp\/v2\/posts\/134610\/revisions"}],"predecessor-version":[{"id":134612,"href":"https:\/\/www.institutodeengenharia.org.br\/site\/wp-json\/wp\/v2\/posts\/134610\/revisions\/134612"}],"wp:featuredmedia":[{"embeddable":true,"href":"https:\/\/www.institutodeengenharia.org.br\/site\/wp-json\/wp\/v2\/media\/134611"}],"wp:attachment":[{"href":"https:\/\/www.institutodeengenharia.org.br\/site\/wp-json\/wp\/v2\/media?parent=134610"}],"wp:term":[{"taxonomy":"category","embeddable":true,"href":"https:\/\/www.institutodeengenharia.org.br\/site\/wp-json\/wp\/v2\/categories?post=134610"},{"taxonomy":"post_tag","embeddable":true,"href":"https:\/\/www.institutodeengenharia.org.br\/site\/wp-json\/wp\/v2\/tags?post=134610"}],"curies":[{"name":"wp","href":"https:\/\/api.w.org\/{rel}","templated":true}]}}