{"id":134525,"date":"2025-10-09T15:57:20","date_gmt":"2025-10-09T18:57:20","guid":{"rendered":"https:\/\/www.institutodeengenharia.org.br\/site\/?p=134525"},"modified":"2025-11-14T15:59:40","modified_gmt":"2025-11-14T18:59:40","slug":"estudos-e-avancos-sobre-o-reforco-passivo-e-protendido-com-fibra-de-carbono-do-laboratorio-a-obra","status":"publish","type":"post","link":"https:\/\/www.institutodeengenharia.org.br\/site\/2025\/10\/09\/estudos-e-avancos-sobre-o-reforco-passivo-e-protendido-com-fibra-de-carbono-do-laboratorio-a-obra\/","title":{"rendered":"Estudos e avan\u00e7os sobre o refor\u00e7o passivo e protendido com fibra de carbono: do laborat\u00f3rio \u00e0 obra"},"content":{"rendered":"<p><strong>Assista abaixo \u00e0 grava\u00e7\u00e3o do evento:\u00a0<\/strong><\/p>\n<div style=\"padding: 56.25% 0 0 0; position: relative;\"><iframe style=\"position: absolute; top: 0; left: 0; width: 100%; height: 100%;\" title=\"Estudos e Avan\u00e7os Sobre o Refor\u00e7o Passivo\" src=\"https:\/\/player.vimeo.com\/video\/1137001408?badge=0&amp;autopause=0&amp;player_id=0&amp;a\u2026 frameborder=\"><\/iframe><\/div>\n<p>&nbsp;<\/p>\n<p>+ Informa\u00e7\u00f5es:<\/p>\n<ul>\n<li>Apresentar introdu\u00e7\u00e3o aos FRP;<\/li>\n<li>T\u00e9cnicas de refor\u00e7o com FRP;<\/li>\n<li>Sistema passivo de refor\u00e7o com FRP;<\/li>\n<li>Sistema protendido com FRP;<\/li>\n<li>Discutir resultados de pesquisas, recentes, que tenham a comprova\u00e7\u00e3o da efic\u00e1cia dos sistemas por programas experimentais e modelos de dimensionamento.<\/li>\n<\/ul>\n<p><strong>P\u00fablico-alvo:\u00a0<\/strong><\/p>\n<p>Engenheiros, arquitetos, t\u00e9cnicos, estudantes e demais interessados.<\/p>\n<p><strong>Realiza\u00e7\u00e3o:<\/strong><\/p>\n<p><img loading=\"lazy\" decoding=\"async\" class=\"wp-image-86938 alignnone alignleft td-animation-stack-type0-2\" src=\"https:\/\/www.institutodeengenharia.org.br\/site\/wp-content\/uploads\/2021\/10\/logo-news2.png\" alt=\"\" width=\"106\" height=\"154\" srcset=\"https:\/\/www.institutodeengenharia.org.br\/site\/wp-content\/uploads\/2021\/10\/logo-news2.png 553w, https:\/\/www.institutodeengenharia.org.br\/site\/wp-content\/uploads\/2021\/10\/logo-news2-207x300.png 207w, https:\/\/www.institutodeengenharia.org.br\/site\/wp-content\/uploads\/2021\/10\/logo-news2-290x420.png 290w\" sizes=\"auto, (max-width: 106px) 100vw, 106px\" \/><\/p>\n<p><strong>Eng. Jer\u00f4nimo Cabral Pereira Fagundes Neto<\/strong>\u00a0\u2013 Vice-presidente de Atividades T\u00e9cnicas<\/p>\n<p><strong>Eng. Francisco Jos\u00e9 Pereira de Oliveira<\/strong>\u00a0\u2013 Diretor do Departamento de Desenvolvimento de Projeto e Servi\u00e7os de Infraestrutura<\/p>\n<p><strong>Eng. Douglas Couto<\/strong>\u00a0\u2013 Coordenador da Divis\u00e3o T\u00e9cnica de Estruturas e Controle Tecnol\u00f3gico<\/p>\n<p><strong>Apoio Institucional:<\/strong><\/p>\n<p><img loading=\"lazy\" decoding=\"async\" class=\"alignnone wp-image-128355 td-animation-stack-type0-2\" src=\"https:\/\/www.institutodeengenharia.org.br\/site\/wp-content\/uploads\/2025\/04\/creaeibracon.png\" alt=\"\" width=\"241\" height=\"93\" \/><\/p>\n<p><strong>Apoio \u00e0 forma\u00e7\u00e3o:\u00a0<\/strong><\/p>\n<p>Espa\u00e7o aberto ao CREA-SP, objetivando o aperfei\u00e7oamento dos profissionais e o aprimoramento da fiscaliza\u00e7\u00e3o das \u00e1reas abrangidas pelo Sistema Confea\/CREAs, al\u00e9m de promover a conscientiza\u00e7\u00e3o da sociedade quanto \u00e0 necessidade e obrigatoriedade de contratar um profissional devidamente habilitado.<\/p>\n<p>&nbsp;<\/p>\n","protected":false},"excerpt":{"rendered":"<p>Assista abaixo \u00e0 grava\u00e7\u00e3o do evento:\u00a0 &nbsp; + Informa\u00e7\u00f5es: Apresentar introdu\u00e7\u00e3o aos FRP; T\u00e9cnicas de refor\u00e7o com FRP; Sistema passivo de refor\u00e7o com FRP; Sistema protendido com FRP; Discutir resultados de pesquisas, recentes, que tenham a comprova\u00e7\u00e3o da efic\u00e1cia dos sistemas por programas experimentais e modelos de dimensionamento. P\u00fablico-alvo:\u00a0 Engenheiros, arquitetos, t\u00e9cnicos, estudantes e demais [&hellip;]<\/p>\n","protected":false},"author":13,"featured_media":134526,"comment_status":"open","ping_status":"open","sticky":false,"template":"","format":"video","meta":{"footnotes":""},"categories":[968,969],"tags":[],"class_list":{"0":"post-134525","1":"post","2":"type-post","3":"status-publish","4":"format-video","5":"has-post-thumbnail","7":"category-nova-tv-engenharia","8":"category-palestra","9":"post_format-post-format-video"},"yoast_head":"<!-- This site is optimized with the Yoast SEO plugin v27.2 - https:\/\/yoast.com\/product\/yoast-seo-wordpress\/ -->\n<title>Estudos e avan\u00e7os sobre o refor\u00e7o passivo e protendido com fibra de carbono: do laborat\u00f3rio \u00e0 obra - Instituto de Engenharia<\/title>\n<meta name=\"robots\" content=\"index, follow, max-snippet:-1, max-image-preview:large, max-video-preview:-1\" \/>\n<link rel=\"canonical\" href=\"https:\/\/www.institutodeengenharia.org.br\/site\/2025\/10\/09\/estudos-e-avancos-sobre-o-reforco-passivo-e-protendido-com-fibra-de-carbono-do-laboratorio-a-obra\/\" \/>\n<meta property=\"og:locale\" content=\"pt_BR\" \/>\n<meta property=\"og:type\" content=\"article\" \/>\n<meta property=\"og:title\" content=\"Estudos e avan\u00e7os sobre o refor\u00e7o passivo e protendido com fibra de carbono: do laborat\u00f3rio \u00e0 obra - Instituto de Engenharia\" \/>\n<meta property=\"og:description\" content=\"Assista abaixo \u00e0 grava\u00e7\u00e3o do evento:\u00a0 &nbsp; + Informa\u00e7\u00f5es: Apresentar introdu\u00e7\u00e3o aos FRP; T\u00e9cnicas de refor\u00e7o com FRP; Sistema passivo de refor\u00e7o com FRP; Sistema protendido com FRP; Discutir resultados de pesquisas, recentes, que tenham a comprova\u00e7\u00e3o da efic\u00e1cia dos sistemas por programas experimentais e modelos de dimensionamento. P\u00fablico-alvo:\u00a0 Engenheiros, arquitetos, t\u00e9cnicos, estudantes e demais [&hellip;]\" \/>\n<meta property=\"og:url\" content=\"https:\/\/www.institutodeengenharia.org.br\/site\/2025\/10\/09\/estudos-e-avancos-sobre-o-reforco-passivo-e-protendido-com-fibra-de-carbono-do-laboratorio-a-obra\/\" \/>\n<meta property=\"og:site_name\" content=\"Instituto de Engenharia\" \/>\n<meta property=\"article:publisher\" content=\"https:\/\/www.facebook.com\/institutodeengenharia\" \/>\n<meta property=\"article:published_time\" content=\"2025-10-09T18:57:20+00:00\" \/>\n<meta property=\"article:modified_time\" content=\"2025-11-14T18:59:40+00:00\" \/>\n<meta property=\"og:image\" content=\"https:\/\/www.institutodeengenharia.org.br\/site\/wp-content\/uploads\/2025\/11\/CAPA-PALESTRA-ONLINE-3-2.jpg\" \/>\n\t<meta property=\"og:image:width\" content=\"1920\" \/>\n\t<meta property=\"og:image:height\" content=\"1080\" \/>\n\t<meta property=\"og:image:type\" content=\"image\/jpeg\" \/>\n<meta name=\"author\" content=\"Bianca\" \/>\n<meta name=\"twitter:card\" content=\"summary_large_image\" \/>\n<meta name=\"twitter:creator\" content=\"@iengenharia\" \/>\n<meta name=\"twitter:site\" content=\"@iengenharia\" \/>\n<meta name=\"twitter:label1\" content=\"Escrito por\" \/>\n\t<meta name=\"twitter:data1\" content=\"Bianca\" \/>\n\t<meta name=\"twitter:label2\" content=\"Est. tempo de leitura\" \/>\n\t<meta name=\"twitter:data2\" content=\"2 minutos\" \/>\n<script type=\"application\/ld+json\" class=\"yoast-schema-graph\">{\"@context\":\"https:\/\/schema.org\",\"@graph\":[{\"@type\":\"Article\",\"@id\":\"https:\/\/www.institutodeengenharia.org.br\/site\/2025\/10\/09\/estudos-e-avancos-sobre-o-reforco-passivo-e-protendido-com-fibra-de-carbono-do-laboratorio-a-obra\/#article\",\"isPartOf\":{\"@id\":\"https:\/\/www.institutodeengenharia.org.br\/site\/2025\/10\/09\/estudos-e-avancos-sobre-o-reforco-passivo-e-protendido-com-fibra-de-carbono-do-laboratorio-a-obra\/\"},\"author\":{\"name\":\"Bianca\",\"@id\":\"https:\/\/www.institutodeengenharia.org.br\/site\/#\/schema\/person\/aeb64951c405e100d26d30b033dd423f\"},\"headline\":\"Estudos e avan\u00e7os sobre o refor\u00e7o passivo e protendido com fibra de carbono: do laborat\u00f3rio \u00e0 obra\",\"datePublished\":\"2025-10-09T18:57:20+00:00\",\"dateModified\":\"2025-11-14T18:59:40+00:00\",\"mainEntityOfPage\":{\"@id\":\"https:\/\/www.institutodeengenharia.org.br\/site\/2025\/10\/09\/estudos-e-avancos-sobre-o-reforco-passivo-e-protendido-com-fibra-de-carbono-do-laboratorio-a-obra\/\"},\"wordCount\":179,\"commentCount\":0,\"publisher\":{\"@id\":\"https:\/\/www.institutodeengenharia.org.br\/site\/#organization\"},\"image\":{\"@id\":\"https:\/\/www.institutodeengenharia.org.br\/site\/2025\/10\/09\/estudos-e-avancos-sobre-o-reforco-passivo-e-protendido-com-fibra-de-carbono-do-laboratorio-a-obra\/#primaryimage\"},\"thumbnailUrl\":\"https:\/\/www.institutodeengenharia.org.br\/site\/wp-content\/uploads\/2025\/11\/CAPA-PALESTRA-ONLINE-3-2.jpg\",\"articleSection\":[\"Nova TV Engenharia\",\"Palestra\"],\"inLanguage\":\"pt-BR\",\"potentialAction\":[{\"@type\":\"CommentAction\",\"name\":\"Comment\",\"target\":[\"https:\/\/www.institutodeengenharia.org.br\/site\/2025\/10\/09\/estudos-e-avancos-sobre-o-reforco-passivo-e-protendido-com-fibra-de-carbono-do-laboratorio-a-obra\/#respond\"]}]},{\"@type\":\"WebPage\",\"@id\":\"https:\/\/www.institutodeengenharia.org.br\/site\/2025\/10\/09\/estudos-e-avancos-sobre-o-reforco-passivo-e-protendido-com-fibra-de-carbono-do-laboratorio-a-obra\/\",\"url\":\"https:\/\/www.institutodeengenharia.org.br\/site\/2025\/10\/09\/estudos-e-avancos-sobre-o-reforco-passivo-e-protendido-com-fibra-de-carbono-do-laboratorio-a-obra\/\",\"name\":\"Estudos e avan\u00e7os sobre o refor\u00e7o passivo e protendido com fibra de carbono: do laborat\u00f3rio \u00e0 obra - Instituto de Engenharia\",\"isPartOf\":{\"@id\":\"https:\/\/www.institutodeengenharia.org.br\/site\/#website\"},\"primaryImageOfPage\":{\"@id\":\"https:\/\/www.institutodeengenharia.org.br\/site\/2025\/10\/09\/estudos-e-avancos-sobre-o-reforco-passivo-e-protendido-com-fibra-de-carbono-do-laboratorio-a-obra\/#primaryimage\"},\"image\":{\"@id\":\"https:\/\/www.institutodeengenharia.org.br\/site\/2025\/10\/09\/estudos-e-avancos-sobre-o-reforco-passivo-e-protendido-com-fibra-de-carbono-do-laboratorio-a-obra\/#primaryimage\"},\"thumbnailUrl\":\"https:\/\/www.institutodeengenharia.org.br\/site\/wp-content\/uploads\/2025\/11\/CAPA-PALESTRA-ONLINE-3-2.jpg\",\"datePublished\":\"2025-10-09T18:57:20+00:00\",\"dateModified\":\"2025-11-14T18:59:40+00:00\",\"breadcrumb\":{\"@id\":\"https:\/\/www.institutodeengenharia.org.br\/site\/2025\/10\/09\/estudos-e-avancos-sobre-o-reforco-passivo-e-protendido-com-fibra-de-carbono-do-laboratorio-a-obra\/#breadcrumb\"},\"inLanguage\":\"pt-BR\",\"potentialAction\":[{\"@type\":\"ReadAction\",\"target\":[\"https:\/\/www.institutodeengenharia.org.br\/site\/2025\/10\/09\/estudos-e-avancos-sobre-o-reforco-passivo-e-protendido-com-fibra-de-carbono-do-laboratorio-a-obra\/\"]}]},{\"@type\":\"ImageObject\",\"inLanguage\":\"pt-BR\",\"@id\":\"https:\/\/www.institutodeengenharia.org.br\/site\/2025\/10\/09\/estudos-e-avancos-sobre-o-reforco-passivo-e-protendido-com-fibra-de-carbono-do-laboratorio-a-obra\/#primaryimage\",\"url\":\"https:\/\/www.institutodeengenharia.org.br\/site\/wp-content\/uploads\/2025\/11\/CAPA-PALESTRA-ONLINE-3-2.jpg\",\"contentUrl\":\"https:\/\/www.institutodeengenharia.org.br\/site\/wp-content\/uploads\/2025\/11\/CAPA-PALESTRA-ONLINE-3-2.jpg\",\"width\":1920,\"height\":1080},{\"@type\":\"BreadcrumbList\",\"@id\":\"https:\/\/www.institutodeengenharia.org.br\/site\/2025\/10\/09\/estudos-e-avancos-sobre-o-reforco-passivo-e-protendido-com-fibra-de-carbono-do-laboratorio-a-obra\/#breadcrumb\",\"itemListElement\":[{\"@type\":\"ListItem\",\"position\":1,\"name\":\"In\u00edcio\",\"item\":\"https:\/\/www.institutodeengenharia.org.br\/site\/\"},{\"@type\":\"ListItem\",\"position\":2,\"name\":\"Estudos e avan\u00e7os sobre o refor\u00e7o passivo e protendido com fibra de carbono: do laborat\u00f3rio \u00e0 obra\"}]},{\"@type\":\"WebSite\",\"@id\":\"https:\/\/www.institutodeengenharia.org.br\/site\/#website\",\"url\":\"https:\/\/www.institutodeengenharia.org.br\/site\/\",\"name\":\"Instituto de Engenharia\",\"description\":\"O Instituto de Engenharia promove a Engenharia em benef\u00edcio do desenvolvimento e da qualidade de vida da sociedade.\",\"publisher\":{\"@id\":\"https:\/\/www.institutodeengenharia.org.br\/site\/#organization\"},\"potentialAction\":[{\"@type\":\"SearchAction\",\"target\":{\"@type\":\"EntryPoint\",\"urlTemplate\":\"https:\/\/www.institutodeengenharia.org.br\/site\/?s={search_term_string}\"},\"query-input\":{\"@type\":\"PropertyValueSpecification\",\"valueRequired\":true,\"valueName\":\"search_term_string\"}}],\"inLanguage\":\"pt-BR\"},{\"@type\":\"Organization\",\"@id\":\"https:\/\/www.institutodeengenharia.org.br\/site\/#organization\",\"name\":\"Instituto de Engenharia\",\"url\":\"https:\/\/www.institutodeengenharia.org.br\/site\/\",\"logo\":{\"@type\":\"ImageObject\",\"inLanguage\":\"pt-BR\",\"@id\":\"https:\/\/www.institutodeengenharia.org.br\/site\/#\/schema\/logo\/image\/\",\"url\":\"https:\/\/www.institutodeengenharia.org.br\/site\/wp-content\/uploads\/2019\/03\/logo-novo-IE2018-1.jpg\",\"contentUrl\":\"https:\/\/www.institutodeengenharia.org.br\/site\/wp-content\/uploads\/2019\/03\/logo-novo-IE2018-1.jpg\",\"width\":1486,\"height\":1879,\"caption\":\"Instituto de Engenharia\"},\"image\":{\"@id\":\"https:\/\/www.institutodeengenharia.org.br\/site\/#\/schema\/logo\/image\/\"},\"sameAs\":[\"https:\/\/www.facebook.com\/institutodeengenharia\",\"https:\/\/x.com\/iengenharia\",\"https:\/\/www.instagram.com\/institutodeengenharia\/\",\"https:\/\/www.linkedin.com\/company\/instituto-de-engenharia\/\",\"https:\/\/www.youtube.com\/channel\/UCXiCAlsSMe977vamW915HxA\"]},{\"@type\":\"Person\",\"@id\":\"https:\/\/www.institutodeengenharia.org.br\/site\/#\/schema\/person\/aeb64951c405e100d26d30b033dd423f\",\"name\":\"Bianca\",\"image\":{\"@type\":\"ImageObject\",\"inLanguage\":\"pt-BR\",\"@id\":\"https:\/\/secure.gravatar.com\/avatar\/a6fbe9bff57405baf4c1e2c5c1811e072b558253974a9f9508f4678900c97c2a?s=96&d=mm&r=g\",\"url\":\"https:\/\/secure.gravatar.com\/avatar\/a6fbe9bff57405baf4c1e2c5c1811e072b558253974a9f9508f4678900c97c2a?s=96&d=mm&r=g\",\"contentUrl\":\"https:\/\/secure.gravatar.com\/avatar\/a6fbe9bff57405baf4c1e2c5c1811e072b558253974a9f9508f4678900c97c2a?s=96&d=mm&r=g\",\"caption\":\"Bianca\"},\"url\":\"https:\/\/www.institutodeengenharia.org.br\/site\/author\/comunicacao1\/\"}]}<\/script>\n<!-- \/ Yoast SEO plugin. -->","yoast_head_json":{"title":"Estudos e avan\u00e7os sobre o refor\u00e7o passivo e protendido com fibra de carbono: do laborat\u00f3rio \u00e0 obra - Instituto de Engenharia","robots":{"index":"index","follow":"follow","max-snippet":"max-snippet:-1","max-image-preview":"max-image-preview:large","max-video-preview":"max-video-preview:-1"},"canonical":"https:\/\/www.institutodeengenharia.org.br\/site\/2025\/10\/09\/estudos-e-avancos-sobre-o-reforco-passivo-e-protendido-com-fibra-de-carbono-do-laboratorio-a-obra\/","og_locale":"pt_BR","og_type":"article","og_title":"Estudos e avan\u00e7os sobre o refor\u00e7o passivo e protendido com fibra de carbono: do laborat\u00f3rio \u00e0 obra - Instituto de Engenharia","og_description":"Assista abaixo \u00e0 grava\u00e7\u00e3o do evento:\u00a0 &nbsp; + Informa\u00e7\u00f5es: Apresentar introdu\u00e7\u00e3o aos FRP; T\u00e9cnicas de refor\u00e7o com FRP; Sistema passivo de refor\u00e7o com FRP; Sistema protendido com FRP; Discutir resultados de pesquisas, recentes, que tenham a comprova\u00e7\u00e3o da efic\u00e1cia dos sistemas por programas experimentais e modelos de dimensionamento. P\u00fablico-alvo:\u00a0 Engenheiros, arquitetos, t\u00e9cnicos, estudantes e demais [&hellip;]","og_url":"https:\/\/www.institutodeengenharia.org.br\/site\/2025\/10\/09\/estudos-e-avancos-sobre-o-reforco-passivo-e-protendido-com-fibra-de-carbono-do-laboratorio-a-obra\/","og_site_name":"Instituto de Engenharia","article_publisher":"https:\/\/www.facebook.com\/institutodeengenharia","article_published_time":"2025-10-09T18:57:20+00:00","article_modified_time":"2025-11-14T18:59:40+00:00","og_image":[{"width":1920,"height":1080,"url":"https:\/\/www.institutodeengenharia.org.br\/site\/wp-content\/uploads\/2025\/11\/CAPA-PALESTRA-ONLINE-3-2.jpg","type":"image\/jpeg"}],"author":"Bianca","twitter_card":"summary_large_image","twitter_creator":"@iengenharia","twitter_site":"@iengenharia","twitter_misc":{"Escrito por":"Bianca","Est. tempo de leitura":"2 minutos"},"schema":{"@context":"https:\/\/schema.org","@graph":[{"@type":"Article","@id":"https:\/\/www.institutodeengenharia.org.br\/site\/2025\/10\/09\/estudos-e-avancos-sobre-o-reforco-passivo-e-protendido-com-fibra-de-carbono-do-laboratorio-a-obra\/#article","isPartOf":{"@id":"https:\/\/www.institutodeengenharia.org.br\/site\/2025\/10\/09\/estudos-e-avancos-sobre-o-reforco-passivo-e-protendido-com-fibra-de-carbono-do-laboratorio-a-obra\/"},"author":{"name":"Bianca","@id":"https:\/\/www.institutodeengenharia.org.br\/site\/#\/schema\/person\/aeb64951c405e100d26d30b033dd423f"},"headline":"Estudos e avan\u00e7os sobre o refor\u00e7o passivo e protendido com fibra de carbono: do laborat\u00f3rio \u00e0 obra","datePublished":"2025-10-09T18:57:20+00:00","dateModified":"2025-11-14T18:59:40+00:00","mainEntityOfPage":{"@id":"https:\/\/www.institutodeengenharia.org.br\/site\/2025\/10\/09\/estudos-e-avancos-sobre-o-reforco-passivo-e-protendido-com-fibra-de-carbono-do-laboratorio-a-obra\/"},"wordCount":179,"commentCount":0,"publisher":{"@id":"https:\/\/www.institutodeengenharia.org.br\/site\/#organization"},"image":{"@id":"https:\/\/www.institutodeengenharia.org.br\/site\/2025\/10\/09\/estudos-e-avancos-sobre-o-reforco-passivo-e-protendido-com-fibra-de-carbono-do-laboratorio-a-obra\/#primaryimage"},"thumbnailUrl":"https:\/\/www.institutodeengenharia.org.br\/site\/wp-content\/uploads\/2025\/11\/CAPA-PALESTRA-ONLINE-3-2.jpg","articleSection":["Nova TV Engenharia","Palestra"],"inLanguage":"pt-BR","potentialAction":[{"@type":"CommentAction","name":"Comment","target":["https:\/\/www.institutodeengenharia.org.br\/site\/2025\/10\/09\/estudos-e-avancos-sobre-o-reforco-passivo-e-protendido-com-fibra-de-carbono-do-laboratorio-a-obra\/#respond"]}]},{"@type":"WebPage","@id":"https:\/\/www.institutodeengenharia.org.br\/site\/2025\/10\/09\/estudos-e-avancos-sobre-o-reforco-passivo-e-protendido-com-fibra-de-carbono-do-laboratorio-a-obra\/","url":"https:\/\/www.institutodeengenharia.org.br\/site\/2025\/10\/09\/estudos-e-avancos-sobre-o-reforco-passivo-e-protendido-com-fibra-de-carbono-do-laboratorio-a-obra\/","name":"Estudos e avan\u00e7os sobre o refor\u00e7o passivo e protendido com fibra de carbono: do laborat\u00f3rio \u00e0 obra - Instituto de Engenharia","isPartOf":{"@id":"https:\/\/www.institutodeengenharia.org.br\/site\/#website"},"primaryImageOfPage":{"@id":"https:\/\/www.institutodeengenharia.org.br\/site\/2025\/10\/09\/estudos-e-avancos-sobre-o-reforco-passivo-e-protendido-com-fibra-de-carbono-do-laboratorio-a-obra\/#primaryimage"},"image":{"@id":"https:\/\/www.institutodeengenharia.org.br\/site\/2025\/10\/09\/estudos-e-avancos-sobre-o-reforco-passivo-e-protendido-com-fibra-de-carbono-do-laboratorio-a-obra\/#primaryimage"},"thumbnailUrl":"https:\/\/www.institutodeengenharia.org.br\/site\/wp-content\/uploads\/2025\/11\/CAPA-PALESTRA-ONLINE-3-2.jpg","datePublished":"2025-10-09T18:57:20+00:00","dateModified":"2025-11-14T18:59:40+00:00","breadcrumb":{"@id":"https:\/\/www.institutodeengenharia.org.br\/site\/2025\/10\/09\/estudos-e-avancos-sobre-o-reforco-passivo-e-protendido-com-fibra-de-carbono-do-laboratorio-a-obra\/#breadcrumb"},"inLanguage":"pt-BR","potentialAction":[{"@type":"ReadAction","target":["https:\/\/www.institutodeengenharia.org.br\/site\/2025\/10\/09\/estudos-e-avancos-sobre-o-reforco-passivo-e-protendido-com-fibra-de-carbono-do-laboratorio-a-obra\/"]}]},{"@type":"ImageObject","inLanguage":"pt-BR","@id":"https:\/\/www.institutodeengenharia.org.br\/site\/2025\/10\/09\/estudos-e-avancos-sobre-o-reforco-passivo-e-protendido-com-fibra-de-carbono-do-laboratorio-a-obra\/#primaryimage","url":"https:\/\/www.institutodeengenharia.org.br\/site\/wp-content\/uploads\/2025\/11\/CAPA-PALESTRA-ONLINE-3-2.jpg","contentUrl":"https:\/\/www.institutodeengenharia.org.br\/site\/wp-content\/uploads\/2025\/11\/CAPA-PALESTRA-ONLINE-3-2.jpg","width":1920,"height":1080},{"@type":"BreadcrumbList","@id":"https:\/\/www.institutodeengenharia.org.br\/site\/2025\/10\/09\/estudos-e-avancos-sobre-o-reforco-passivo-e-protendido-com-fibra-de-carbono-do-laboratorio-a-obra\/#breadcrumb","itemListElement":[{"@type":"ListItem","position":1,"name":"In\u00edcio","item":"https:\/\/www.institutodeengenharia.org.br\/site\/"},{"@type":"ListItem","position":2,"name":"Estudos e avan\u00e7os sobre o refor\u00e7o passivo e protendido com fibra de carbono: do laborat\u00f3rio \u00e0 obra"}]},{"@type":"WebSite","@id":"https:\/\/www.institutodeengenharia.org.br\/site\/#website","url":"https:\/\/www.institutodeengenharia.org.br\/site\/","name":"Instituto de Engenharia","description":"O Instituto de Engenharia promove a Engenharia em benef\u00edcio do desenvolvimento e da qualidade de vida da sociedade.","publisher":{"@id":"https:\/\/www.institutodeengenharia.org.br\/site\/#organization"},"potentialAction":[{"@type":"SearchAction","target":{"@type":"EntryPoint","urlTemplate":"https:\/\/www.institutodeengenharia.org.br\/site\/?s={search_term_string}"},"query-input":{"@type":"PropertyValueSpecification","valueRequired":true,"valueName":"search_term_string"}}],"inLanguage":"pt-BR"},{"@type":"Organization","@id":"https:\/\/www.institutodeengenharia.org.br\/site\/#organization","name":"Instituto de Engenharia","url":"https:\/\/www.institutodeengenharia.org.br\/site\/","logo":{"@type":"ImageObject","inLanguage":"pt-BR","@id":"https:\/\/www.institutodeengenharia.org.br\/site\/#\/schema\/logo\/image\/","url":"https:\/\/www.institutodeengenharia.org.br\/site\/wp-content\/uploads\/2019\/03\/logo-novo-IE2018-1.jpg","contentUrl":"https:\/\/www.institutodeengenharia.org.br\/site\/wp-content\/uploads\/2019\/03\/logo-novo-IE2018-1.jpg","width":1486,"height":1879,"caption":"Instituto de Engenharia"},"image":{"@id":"https:\/\/www.institutodeengenharia.org.br\/site\/#\/schema\/logo\/image\/"},"sameAs":["https:\/\/www.facebook.com\/institutodeengenharia","https:\/\/x.com\/iengenharia","https:\/\/www.instagram.com\/institutodeengenharia\/","https:\/\/www.linkedin.com\/company\/instituto-de-engenharia\/","https:\/\/www.youtube.com\/channel\/UCXiCAlsSMe977vamW915HxA"]},{"@type":"Person","@id":"https:\/\/www.institutodeengenharia.org.br\/site\/#\/schema\/person\/aeb64951c405e100d26d30b033dd423f","name":"Bianca","image":{"@type":"ImageObject","inLanguage":"pt-BR","@id":"https:\/\/secure.gravatar.com\/avatar\/a6fbe9bff57405baf4c1e2c5c1811e072b558253974a9f9508f4678900c97c2a?s=96&d=mm&r=g","url":"https:\/\/secure.gravatar.com\/avatar\/a6fbe9bff57405baf4c1e2c5c1811e072b558253974a9f9508f4678900c97c2a?s=96&d=mm&r=g","contentUrl":"https:\/\/secure.gravatar.com\/avatar\/a6fbe9bff57405baf4c1e2c5c1811e072b558253974a9f9508f4678900c97c2a?s=96&d=mm&r=g","caption":"Bianca"},"url":"https:\/\/www.institutodeengenharia.org.br\/site\/author\/comunicacao1\/"}]}},"_links":{"self":[{"href":"https:\/\/www.institutodeengenharia.org.br\/site\/wp-json\/wp\/v2\/posts\/134525","targetHints":{"allow":["GET"]}}],"collection":[{"href":"https:\/\/www.institutodeengenharia.org.br\/site\/wp-json\/wp\/v2\/posts"}],"about":[{"href":"https:\/\/www.institutodeengenharia.org.br\/site\/wp-json\/wp\/v2\/types\/post"}],"author":[{"embeddable":true,"href":"https:\/\/www.institutodeengenharia.org.br\/site\/wp-json\/wp\/v2\/users\/13"}],"replies":[{"embeddable":true,"href":"https:\/\/www.institutodeengenharia.org.br\/site\/wp-json\/wp\/v2\/comments?post=134525"}],"version-history":[{"count":1,"href":"https:\/\/www.institutodeengenharia.org.br\/site\/wp-json\/wp\/v2\/posts\/134525\/revisions"}],"predecessor-version":[{"id":134527,"href":"https:\/\/www.institutodeengenharia.org.br\/site\/wp-json\/wp\/v2\/posts\/134525\/revisions\/134527"}],"wp:featuredmedia":[{"embeddable":true,"href":"https:\/\/www.institutodeengenharia.org.br\/site\/wp-json\/wp\/v2\/media\/134526"}],"wp:attachment":[{"href":"https:\/\/www.institutodeengenharia.org.br\/site\/wp-json\/wp\/v2\/media?parent=134525"}],"wp:term":[{"taxonomy":"category","embeddable":true,"href":"https:\/\/www.institutodeengenharia.org.br\/site\/wp-json\/wp\/v2\/categories?post=134525"},{"taxonomy":"post_tag","embeddable":true,"href":"https:\/\/www.institutodeengenharia.org.br\/site\/wp-json\/wp\/v2\/tags?post=134525"}],"curies":[{"name":"wp","href":"https:\/\/api.w.org\/{rel}","templated":true}]}}