{"id":134506,"date":"2025-11-14T12:15:03","date_gmt":"2025-11-14T15:15:03","guid":{"rendered":"https:\/\/www.institutodeengenharia.org.br\/site\/?p=134506"},"modified":"2025-11-14T12:16:42","modified_gmt":"2025-11-14T15:16:42","slug":"sem-agua-nao-ha-vida-guarapiranga-pede-socorro-conclusoes-do-grupo-de-trabalho","status":"publish","type":"post","link":"https:\/\/www.institutodeengenharia.org.br\/site\/2025\/11\/14\/sem-agua-nao-ha-vida-guarapiranga-pede-socorro-conclusoes-do-grupo-de-trabalho\/","title":{"rendered":"Sem \u00c1gua N\u00e3o H\u00e1 Vida &#8211; Guarapiranga pede socorro: Conclus\u00f5es do grupo de trabalho"},"content":{"rendered":"<p>Sob estes alertas realizou-se em 11 de setembro de 2025 no INSTITUTO DE ENGENHARIA, por iniciativa da sua Divis\u00e3o de Engenharia Sanit\u00e1ria e com o apoio da Secretaria Extraordin\u00e1ria de Mudan\u00e7as Clim\u00e1ticas da Prefeitura do Munic\u00edpio de S\u00e3o Paulo, o evento t\u00e9cnico que abordou e discutiu o problema da ocupa\u00e7\u00e3o da bacia e da qualidade da \u00e1gua da represa de Guarapiranga inserida na \u00c1rea de Prote\u00e7\u00e3o e Recupera\u00e7\u00e3o de Mananciais APRM-G.<\/p>\n<p>Embora o evento tenha dado suporte \u00e0 discuss\u00e3o de v\u00e1rios assuntos de cunho social, esportivo e sanit\u00e1rio de suma import\u00e2ncia, o texto a seguir, elaborado pelo Grupo de Trabalho especialmente nomeado pelo IE, discorre apenas sobre a polui\u00e7\u00e3o do manancial e da crescente dificuldade quanto ao tratamento de suas \u00e1guas com vistas \u00e0 potabiliza\u00e7\u00e3o, a ponto de se estar incorrendo no risco da perda do manancial como tal;<\/p>\n<p>Das informa\u00e7\u00f5es abordadas no texto completo deste documento emergem as seguintes conclus\u00f5es:<\/p>\n<ul>\n<li><strong>A ocupa\u00e7\u00e3o irregular da bacia do Guarapiranga \u00e9 crescente e irrevers\u00edvel;<\/strong><\/li>\n<li><strong>Car\u00eancia de infraestrutura sanit\u00e1ria adequada advindo que cerca da metade dos esgotos gerados na bacia n\u00e3o s\u00e3o tratados;<\/strong><\/li>\n<li><strong>Lan\u00e7amento do esgoto bruto rico em nutrientes, (principalmente Nitrog\u00eanio e F\u00f3sforo), pat\u00f3genos, substancias org\u00e2nicas e inorg\u00e2nicas, al\u00e9m de poluentes emergentes nos corpos d&#8217;\u00e1gua da bacia e desses para o reservat\u00f3rio;<\/strong><\/li>\n<li><strong>Agravamento desta situa\u00e7\u00e3o em per\u00edodos chuvosos, pelas cargas difusas que afluem aos corpos d\u2019\u00e1gua;<\/strong><\/li>\n<li><strong>Aumento do grau de eutrofiza\u00e7\u00e3o em consequ\u00eancia da prolifera\u00e7\u00e3o de algas e outros microrganismos, que produzem subst\u00e2ncias causadoras de gosto e odor em consequ\u00eancia;<\/strong><\/li>\n<li><strong>Desequil\u00edbrio do ecossistema aqu\u00e1tico devido a decomposi\u00e7\u00e3o dessa mat\u00e9ria org\u00e2nica, gerando um ciclo de degrada\u00e7\u00e3o provocando uma diminui\u00e7\u00e3o dos n\u00edveis de oxig\u00eanio no lodo de fundo do reservat\u00f3rio que por sua vez solubiliza metais como Fe e Mg, al\u00e9m de produzir subst\u00e2ncias odor\u00edferas como di\u00f3xido de enxofre;<\/strong><\/li>\n<li><strong>Impacto no processo de tratamento de \u00e1gua a ponto de se ter que utilizar produtos qu\u00edmicos oxidantes, al\u00e9m de algicidas, subst\u00e2ncias ambientalmente desfavor\u00e1veis;<\/strong><\/li>\n<\/ul>\n<p>Em paralelo, anomalias na rede de coleta de esgoto, como rupturas, paraliza\u00e7\u00e3o de bombeamento por queda de energia el\u00e9trica e vandalismo, aliados a pontos de lan\u00e7amento nos c\u00f3rregos por ocupa\u00e7\u00e3o irregular das margens e na pr\u00f3pria represa, completam esse <em>quadro sombrio, <\/em>cuja magnitude \u00e9 crescente.<\/p>\n<p>Pelo exposto naquele evento, as proposi\u00e7\u00f5es que aqui se fazem, para provid\u00eancias a curto e m\u00e9dio prazos s\u00e3o as seguintes:<\/p>\n<p>Medidas de Curto prazo<\/p>\n<ol>\n<li>a) Implanta\u00e7\u00e3o de unidades de tratamento em tempo seco nos principais c\u00f3rregos afluentes ao Guarapiranga:<\/li>\n<\/ol>\n<p>Esta \u00e9 uma proposta j\u00e1 encaminhada pelo INSTITUTO DE ENGENHARIA, consubstanciada em oficio enviado \u00e0s autoridades competentes em outubro de 2024.<\/p>\n<p>Na ocasi\u00e3o, o IE j\u00e1 alertava:<\/p>\n<p>\u201cO Guarapiranga, dentre os mananciais que abastecem a RMSP, \u00e9 o que apresenta a pior condi\u00e7\u00e3o sanit\u00e1ria estando caminhando rapidamente para uma situa\u00e7\u00e3o cr\u00edtica para aproveitamento como manancial e tamb\u00e9m para a pr\u00e1tica de esportes aqu\u00e1ticos, e recrea\u00e7\u00e3o de contato, n\u00e3o podendo mais aguardar solu\u00e7\u00f5es que demandem muito tempo para implanta\u00e7\u00e3o. \u00c9 com certeza a prioridade mais premente que hoje se apresenta ao Governo do Estado de S\u00e3o Paulo.<\/p>\n<p>A implanta\u00e7\u00e3o de unidades de tratamento, <em>ex situ, <\/em>em tempo seco (UR), nos mesmos moldes que foram adotadas na bacia do rio Pinheiros, nos principais afluentes da represa (rio Embu Mirim e dos c\u00f3rregos Bonito\/Pedras, S\u00e3o Jo\u00e3o e Parelheiros), objetivando principalmente a remo\u00e7\u00e3o de F\u00f3sforo, principal agente causador da eutrofiza\u00e7\u00e3o da represa, \u00e9 a solu\u00e7\u00e3o a curto prazo que mais se coaduna com as necessidades de prote\u00e7\u00e3o daquele manancial a fim de que o tratamento de \u00e1gua n\u00e3o sofra solu\u00e7\u00e3o de<\/p>\n<p>continuidade devido a problemas relacionados \u00e0 qualidade da \u00e1gua bruta, com consequente risco de desabastecimento de toda a RMSP\u201d. b) implanta\u00e7\u00e3o de tratamentos complementares de urg\u00eancia na Esta\u00e7\u00e3o de Tratamento de \u00c1gua do Alto da Boa Vista.<\/p>\n<p>Os estudos realizados indicam que tecnologia do Carv\u00e3o Ativado em P\u00f3 (CAP), est\u00e1 limitada pelo n\u00edvel de MIB presente na \u00e1gua bruta, respons\u00e1veis pela ocorr\u00eancia de gosto e odor objet\u00e1vel da \u00e1gua tratada<\/p>\n<p>.\u00c9 necess\u00e1rio, pois, a implanta\u00e7\u00e3o de tratamentos adicionais em complemento ao processo de tratamento convencional da ETA ABV.O tratamento complementar seria um processo composto basicamente de c\u00e2maras de ozoniza\u00e7\u00e3o seguidas por leitos de Carv\u00e3o Ativado Granular (GAC).No Jap\u00e3o essa tecnologia j\u00e1 \u00e9 amplamente utilizada, pois h\u00e1 limites de Norma de Potabilidade para o Metilsoborneol (MIB) e Geosmina, o que n\u00e3o acontece no Brasil.<\/p>\n<p>Essa \u00e9 uma medida de grande impacto positivo na melhoria da qualidade da \u00e1gua na Esta\u00e7\u00e3o de Tratamento, principalmente no que se refere a gosto e odor;<\/p>\n<p>Medidas de m\u00e9dio e longo prazos<\/p>\n<p>Moderniza\u00e7\u00e3o da Esta\u00e7\u00e3o de Tratamento de \u00c1gua da ESTA\u00c7\u00c3O DE Tratamento de \u00c1gua do Alto da Boa Vista com a ado\u00e7\u00e3o de processos de tratamento avan\u00e7ados<\/p>\n<p>Objetiva-se com essas medidas\u00b4 atender \u00e0s necessidades de potabiliza\u00e7\u00e3o da \u00e1gua do manancial Guarapiranga, que se encontram atualmente sob condi\u00e7\u00f5es que variam entre os estados super e hipertr\u00f3ficas<\/p>\n<p>Ser\u00e1, pois, imperativo o tratamento de poluentes emergentes que necessitam ser \u201cneutralizados\u201d de forma a atender aos padr\u00f5es de potabilidade.<\/p>\n<p>O saneamento da regi\u00e3o com a implanta\u00e7\u00e3o de redes de esgotos e de esta\u00e7\u00f5es de tratamentos localizadas na pr\u00f3pria bacia ou na ETE Barueri, principalmente nas \u00e1reas irregulares, n\u00e3o dever\u00e1 sofrer solu\u00e7\u00e3o de continuidade, ao contr\u00e1rio, tais obras dever\u00e3o ser aceleradas,<\/p>\n<p style=\"text-align: right;\"><strong><em>S\u00e3o Paulo, 27 de outubro de 2025<\/em><\/strong><\/p>\n<p><strong>Elabora\u00e7\u00e3o<\/strong>: Grupo de Trabalho criado em 11 de setembro de 2025 no evento SEM \u00c1GUA N\u00c3O H\u00c1 VIDA &#8211; GUARAPIRANGA PEDE SOCORRO, com apoio da Divis\u00e3o T\u00e9cnica de Engenharia Sanit\u00e1ria do INSTITUTO DE ENGENHARIA.<\/p>\n","protected":false},"excerpt":{"rendered":"<p>Sob estes alertas realizou-se em 11 de setembro de 2025 no INSTITUTO DE ENGENHARIA, por iniciativa da sua Divis\u00e3o de Engenharia Sanit\u00e1ria e com o apoio da Secretaria Extraordin\u00e1ria de Mudan\u00e7as Clim\u00e1ticas da Prefeitura do Munic\u00edpio de S\u00e3o Paulo, o evento t\u00e9cnico que abordou e discutiu o problema da ocupa\u00e7\u00e3o da bacia e da qualidade [&hellip;]<\/p>\n","protected":false},"author":13,"featured_media":131159,"comment_status":"open","ping_status":"open","sticky":false,"template":"","format":"standard","meta":{"footnotes":""},"categories":[27,6],"tags":[201],"class_list":{"0":"post-134506","1":"post","2":"type-post","3":"status-publish","4":"format-standard","5":"has-post-thumbnail","7":"category-instituto-de-engenharia","8":"category-noticias","9":"tag-destaque-topo"},"yoast_head":"<!-- This site is optimized with the Yoast SEO plugin v27.2 - https:\/\/yoast.com\/product\/yoast-seo-wordpress\/ -->\n<title>Sem \u00c1gua N\u00e3o H\u00e1 Vida - Guarapiranga pede socorro: Conclus\u00f5es do grupo de trabalho - Instituto de Engenharia<\/title>\n<meta name=\"robots\" content=\"index, follow, max-snippet:-1, max-image-preview:large, max-video-preview:-1\" \/>\n<link rel=\"canonical\" href=\"https:\/\/www.institutodeengenharia.org.br\/site\/2025\/11\/14\/sem-agua-nao-ha-vida-guarapiranga-pede-socorro-conclusoes-do-grupo-de-trabalho\/\" \/>\n<meta property=\"og:locale\" content=\"pt_BR\" \/>\n<meta property=\"og:type\" content=\"article\" \/>\n<meta property=\"og:title\" content=\"Sem \u00c1gua N\u00e3o H\u00e1 Vida - Guarapiranga pede socorro: Conclus\u00f5es do grupo de trabalho - Instituto de Engenharia\" \/>\n<meta property=\"og:description\" content=\"Sob estes alertas realizou-se em 11 de setembro de 2025 no INSTITUTO DE ENGENHARIA, por iniciativa da sua Divis\u00e3o de Engenharia Sanit\u00e1ria e com o apoio da Secretaria Extraordin\u00e1ria de Mudan\u00e7as Clim\u00e1ticas da Prefeitura do Munic\u00edpio de S\u00e3o Paulo, o evento t\u00e9cnico que abordou e discutiu o problema da ocupa\u00e7\u00e3o da bacia e da qualidade [&hellip;]\" \/>\n<meta property=\"og:url\" content=\"https:\/\/www.institutodeengenharia.org.br\/site\/2025\/11\/14\/sem-agua-nao-ha-vida-guarapiranga-pede-socorro-conclusoes-do-grupo-de-trabalho\/\" \/>\n<meta property=\"og:site_name\" content=\"Instituto de Engenharia\" \/>\n<meta property=\"article:publisher\" content=\"https:\/\/www.facebook.com\/institutodeengenharia\" \/>\n<meta property=\"article:published_time\" content=\"2025-11-14T15:15:03+00:00\" \/>\n<meta property=\"article:modified_time\" content=\"2025-11-14T15:16:42+00:00\" \/>\n<meta property=\"og:image\" content=\"https:\/\/www.institutodeengenharia.org.br\/site\/wp-content\/uploads\/2025\/07\/Midia-Kit-Steam-Day-2024-Oficial-e1754576732995.jpg\" \/>\n\t<meta property=\"og:image:width\" content=\"1872\" \/>\n\t<meta property=\"og:image:height\" content=\"1080\" \/>\n\t<meta property=\"og:image:type\" content=\"image\/jpeg\" \/>\n<meta name=\"author\" content=\"Bianca\" \/>\n<meta name=\"twitter:card\" content=\"summary_large_image\" \/>\n<meta name=\"twitter:creator\" content=\"@iengenharia\" \/>\n<meta name=\"twitter:site\" content=\"@iengenharia\" \/>\n<meta name=\"twitter:label1\" content=\"Escrito por\" \/>\n\t<meta name=\"twitter:data1\" content=\"Bianca\" \/>\n\t<meta name=\"twitter:label2\" content=\"Est. tempo de leitura\" \/>\n\t<meta name=\"twitter:data2\" content=\"6 minutos\" \/>\n<script type=\"application\/ld+json\" class=\"yoast-schema-graph\">{\"@context\":\"https:\/\/schema.org\",\"@graph\":[{\"@type\":\"Article\",\"@id\":\"https:\/\/www.institutodeengenharia.org.br\/site\/2025\/11\/14\/sem-agua-nao-ha-vida-guarapiranga-pede-socorro-conclusoes-do-grupo-de-trabalho\/#article\",\"isPartOf\":{\"@id\":\"https:\/\/www.institutodeengenharia.org.br\/site\/2025\/11\/14\/sem-agua-nao-ha-vida-guarapiranga-pede-socorro-conclusoes-do-grupo-de-trabalho\/\"},\"author\":{\"name\":\"Bianca\",\"@id\":\"https:\/\/www.institutodeengenharia.org.br\/site\/#\/schema\/person\/aeb64951c405e100d26d30b033dd423f\"},\"headline\":\"Sem \u00c1gua N\u00e3o H\u00e1 Vida &#8211; Guarapiranga pede socorro: Conclus\u00f5es do grupo de trabalho\",\"datePublished\":\"2025-11-14T15:15:03+00:00\",\"dateModified\":\"2025-11-14T15:16:42+00:00\",\"mainEntityOfPage\":{\"@id\":\"https:\/\/www.institutodeengenharia.org.br\/site\/2025\/11\/14\/sem-agua-nao-ha-vida-guarapiranga-pede-socorro-conclusoes-do-grupo-de-trabalho\/\"},\"wordCount\":1037,\"commentCount\":0,\"publisher\":{\"@id\":\"https:\/\/www.institutodeengenharia.org.br\/site\/#organization\"},\"image\":{\"@id\":\"https:\/\/www.institutodeengenharia.org.br\/site\/2025\/11\/14\/sem-agua-nao-ha-vida-guarapiranga-pede-socorro-conclusoes-do-grupo-de-trabalho\/#primaryimage\"},\"thumbnailUrl\":\"https:\/\/www.institutodeengenharia.org.br\/site\/wp-content\/uploads\/2025\/07\/Midia-Kit-Steam-Day-2024-Oficial-e1754576732995.jpg\",\"keywords\":[\"Destaque Topo\"],\"articleSection\":[\"Instituto de Engenharia\",\"Not\u00edcias\"],\"inLanguage\":\"pt-BR\",\"potentialAction\":[{\"@type\":\"CommentAction\",\"name\":\"Comment\",\"target\":[\"https:\/\/www.institutodeengenharia.org.br\/site\/2025\/11\/14\/sem-agua-nao-ha-vida-guarapiranga-pede-socorro-conclusoes-do-grupo-de-trabalho\/#respond\"]}]},{\"@type\":\"WebPage\",\"@id\":\"https:\/\/www.institutodeengenharia.org.br\/site\/2025\/11\/14\/sem-agua-nao-ha-vida-guarapiranga-pede-socorro-conclusoes-do-grupo-de-trabalho\/\",\"url\":\"https:\/\/www.institutodeengenharia.org.br\/site\/2025\/11\/14\/sem-agua-nao-ha-vida-guarapiranga-pede-socorro-conclusoes-do-grupo-de-trabalho\/\",\"name\":\"Sem \u00c1gua N\u00e3o H\u00e1 Vida - Guarapiranga pede socorro: Conclus\u00f5es do grupo de trabalho - Instituto de Engenharia\",\"isPartOf\":{\"@id\":\"https:\/\/www.institutodeengenharia.org.br\/site\/#website\"},\"primaryImageOfPage\":{\"@id\":\"https:\/\/www.institutodeengenharia.org.br\/site\/2025\/11\/14\/sem-agua-nao-ha-vida-guarapiranga-pede-socorro-conclusoes-do-grupo-de-trabalho\/#primaryimage\"},\"image\":{\"@id\":\"https:\/\/www.institutodeengenharia.org.br\/site\/2025\/11\/14\/sem-agua-nao-ha-vida-guarapiranga-pede-socorro-conclusoes-do-grupo-de-trabalho\/#primaryimage\"},\"thumbnailUrl\":\"https:\/\/www.institutodeengenharia.org.br\/site\/wp-content\/uploads\/2025\/07\/Midia-Kit-Steam-Day-2024-Oficial-e1754576732995.jpg\",\"datePublished\":\"2025-11-14T15:15:03+00:00\",\"dateModified\":\"2025-11-14T15:16:42+00:00\",\"breadcrumb\":{\"@id\":\"https:\/\/www.institutodeengenharia.org.br\/site\/2025\/11\/14\/sem-agua-nao-ha-vida-guarapiranga-pede-socorro-conclusoes-do-grupo-de-trabalho\/#breadcrumb\"},\"inLanguage\":\"pt-BR\",\"potentialAction\":[{\"@type\":\"ReadAction\",\"target\":[\"https:\/\/www.institutodeengenharia.org.br\/site\/2025\/11\/14\/sem-agua-nao-ha-vida-guarapiranga-pede-socorro-conclusoes-do-grupo-de-trabalho\/\"]}]},{\"@type\":\"ImageObject\",\"inLanguage\":\"pt-BR\",\"@id\":\"https:\/\/www.institutodeengenharia.org.br\/site\/2025\/11\/14\/sem-agua-nao-ha-vida-guarapiranga-pede-socorro-conclusoes-do-grupo-de-trabalho\/#primaryimage\",\"url\":\"https:\/\/www.institutodeengenharia.org.br\/site\/wp-content\/uploads\/2025\/07\/Midia-Kit-Steam-Day-2024-Oficial-e1754576732995.jpg\",\"contentUrl\":\"https:\/\/www.institutodeengenharia.org.br\/site\/wp-content\/uploads\/2025\/07\/Midia-Kit-Steam-Day-2024-Oficial-e1754576732995.jpg\",\"width\":1872,\"height\":1080},{\"@type\":\"BreadcrumbList\",\"@id\":\"https:\/\/www.institutodeengenharia.org.br\/site\/2025\/11\/14\/sem-agua-nao-ha-vida-guarapiranga-pede-socorro-conclusoes-do-grupo-de-trabalho\/#breadcrumb\",\"itemListElement\":[{\"@type\":\"ListItem\",\"position\":1,\"name\":\"In\u00edcio\",\"item\":\"https:\/\/www.institutodeengenharia.org.br\/site\/\"},{\"@type\":\"ListItem\",\"position\":2,\"name\":\"Sem \u00c1gua N\u00e3o H\u00e1 Vida &#8211; Guarapiranga pede socorro: Conclus\u00f5es do grupo de trabalho\"}]},{\"@type\":\"WebSite\",\"@id\":\"https:\/\/www.institutodeengenharia.org.br\/site\/#website\",\"url\":\"https:\/\/www.institutodeengenharia.org.br\/site\/\",\"name\":\"Instituto de Engenharia\",\"description\":\"O Instituto de Engenharia promove a Engenharia em benef\u00edcio do desenvolvimento e da qualidade de vida da sociedade.\",\"publisher\":{\"@id\":\"https:\/\/www.institutodeengenharia.org.br\/site\/#organization\"},\"potentialAction\":[{\"@type\":\"SearchAction\",\"target\":{\"@type\":\"EntryPoint\",\"urlTemplate\":\"https:\/\/www.institutodeengenharia.org.br\/site\/?s={search_term_string}\"},\"query-input\":{\"@type\":\"PropertyValueSpecification\",\"valueRequired\":true,\"valueName\":\"search_term_string\"}}],\"inLanguage\":\"pt-BR\"},{\"@type\":\"Organization\",\"@id\":\"https:\/\/www.institutodeengenharia.org.br\/site\/#organization\",\"name\":\"Instituto de Engenharia\",\"url\":\"https:\/\/www.institutodeengenharia.org.br\/site\/\",\"logo\":{\"@type\":\"ImageObject\",\"inLanguage\":\"pt-BR\",\"@id\":\"https:\/\/www.institutodeengenharia.org.br\/site\/#\/schema\/logo\/image\/\",\"url\":\"https:\/\/www.institutodeengenharia.org.br\/site\/wp-content\/uploads\/2019\/03\/logo-novo-IE2018-1.jpg\",\"contentUrl\":\"https:\/\/www.institutodeengenharia.org.br\/site\/wp-content\/uploads\/2019\/03\/logo-novo-IE2018-1.jpg\",\"width\":1486,\"height\":1879,\"caption\":\"Instituto de Engenharia\"},\"image\":{\"@id\":\"https:\/\/www.institutodeengenharia.org.br\/site\/#\/schema\/logo\/image\/\"},\"sameAs\":[\"https:\/\/www.facebook.com\/institutodeengenharia\",\"https:\/\/x.com\/iengenharia\",\"https:\/\/www.instagram.com\/institutodeengenharia\/\",\"https:\/\/www.linkedin.com\/company\/instituto-de-engenharia\/\",\"https:\/\/www.youtube.com\/channel\/UCXiCAlsSMe977vamW915HxA\"]},{\"@type\":\"Person\",\"@id\":\"https:\/\/www.institutodeengenharia.org.br\/site\/#\/schema\/person\/aeb64951c405e100d26d30b033dd423f\",\"name\":\"Bianca\",\"image\":{\"@type\":\"ImageObject\",\"inLanguage\":\"pt-BR\",\"@id\":\"https:\/\/secure.gravatar.com\/avatar\/a6fbe9bff57405baf4c1e2c5c1811e072b558253974a9f9508f4678900c97c2a?s=96&d=mm&r=g\",\"url\":\"https:\/\/secure.gravatar.com\/avatar\/a6fbe9bff57405baf4c1e2c5c1811e072b558253974a9f9508f4678900c97c2a?s=96&d=mm&r=g\",\"contentUrl\":\"https:\/\/secure.gravatar.com\/avatar\/a6fbe9bff57405baf4c1e2c5c1811e072b558253974a9f9508f4678900c97c2a?s=96&d=mm&r=g\",\"caption\":\"Bianca\"},\"url\":\"https:\/\/www.institutodeengenharia.org.br\/site\/author\/comunicacao1\/\"}]}<\/script>\n<!-- \/ Yoast SEO plugin. -->","yoast_head_json":{"title":"Sem \u00c1gua N\u00e3o H\u00e1 Vida - Guarapiranga pede socorro: Conclus\u00f5es do grupo de trabalho - Instituto de Engenharia","robots":{"index":"index","follow":"follow","max-snippet":"max-snippet:-1","max-image-preview":"max-image-preview:large","max-video-preview":"max-video-preview:-1"},"canonical":"https:\/\/www.institutodeengenharia.org.br\/site\/2025\/11\/14\/sem-agua-nao-ha-vida-guarapiranga-pede-socorro-conclusoes-do-grupo-de-trabalho\/","og_locale":"pt_BR","og_type":"article","og_title":"Sem \u00c1gua N\u00e3o H\u00e1 Vida - Guarapiranga pede socorro: Conclus\u00f5es do grupo de trabalho - Instituto de Engenharia","og_description":"Sob estes alertas realizou-se em 11 de setembro de 2025 no INSTITUTO DE ENGENHARIA, por iniciativa da sua Divis\u00e3o de Engenharia Sanit\u00e1ria e com o apoio da Secretaria Extraordin\u00e1ria de Mudan\u00e7as Clim\u00e1ticas da Prefeitura do Munic\u00edpio de S\u00e3o Paulo, o evento t\u00e9cnico que abordou e discutiu o problema da ocupa\u00e7\u00e3o da bacia e da qualidade [&hellip;]","og_url":"https:\/\/www.institutodeengenharia.org.br\/site\/2025\/11\/14\/sem-agua-nao-ha-vida-guarapiranga-pede-socorro-conclusoes-do-grupo-de-trabalho\/","og_site_name":"Instituto de Engenharia","article_publisher":"https:\/\/www.facebook.com\/institutodeengenharia","article_published_time":"2025-11-14T15:15:03+00:00","article_modified_time":"2025-11-14T15:16:42+00:00","og_image":[{"width":1872,"height":1080,"url":"https:\/\/www.institutodeengenharia.org.br\/site\/wp-content\/uploads\/2025\/07\/Midia-Kit-Steam-Day-2024-Oficial-e1754576732995.jpg","type":"image\/jpeg"}],"author":"Bianca","twitter_card":"summary_large_image","twitter_creator":"@iengenharia","twitter_site":"@iengenharia","twitter_misc":{"Escrito por":"Bianca","Est. tempo de leitura":"6 minutos"},"schema":{"@context":"https:\/\/schema.org","@graph":[{"@type":"Article","@id":"https:\/\/www.institutodeengenharia.org.br\/site\/2025\/11\/14\/sem-agua-nao-ha-vida-guarapiranga-pede-socorro-conclusoes-do-grupo-de-trabalho\/#article","isPartOf":{"@id":"https:\/\/www.institutodeengenharia.org.br\/site\/2025\/11\/14\/sem-agua-nao-ha-vida-guarapiranga-pede-socorro-conclusoes-do-grupo-de-trabalho\/"},"author":{"name":"Bianca","@id":"https:\/\/www.institutodeengenharia.org.br\/site\/#\/schema\/person\/aeb64951c405e100d26d30b033dd423f"},"headline":"Sem \u00c1gua N\u00e3o H\u00e1 Vida &#8211; Guarapiranga pede socorro: Conclus\u00f5es do grupo de trabalho","datePublished":"2025-11-14T15:15:03+00:00","dateModified":"2025-11-14T15:16:42+00:00","mainEntityOfPage":{"@id":"https:\/\/www.institutodeengenharia.org.br\/site\/2025\/11\/14\/sem-agua-nao-ha-vida-guarapiranga-pede-socorro-conclusoes-do-grupo-de-trabalho\/"},"wordCount":1037,"commentCount":0,"publisher":{"@id":"https:\/\/www.institutodeengenharia.org.br\/site\/#organization"},"image":{"@id":"https:\/\/www.institutodeengenharia.org.br\/site\/2025\/11\/14\/sem-agua-nao-ha-vida-guarapiranga-pede-socorro-conclusoes-do-grupo-de-trabalho\/#primaryimage"},"thumbnailUrl":"https:\/\/www.institutodeengenharia.org.br\/site\/wp-content\/uploads\/2025\/07\/Midia-Kit-Steam-Day-2024-Oficial-e1754576732995.jpg","keywords":["Destaque Topo"],"articleSection":["Instituto de Engenharia","Not\u00edcias"],"inLanguage":"pt-BR","potentialAction":[{"@type":"CommentAction","name":"Comment","target":["https:\/\/www.institutodeengenharia.org.br\/site\/2025\/11\/14\/sem-agua-nao-ha-vida-guarapiranga-pede-socorro-conclusoes-do-grupo-de-trabalho\/#respond"]}]},{"@type":"WebPage","@id":"https:\/\/www.institutodeengenharia.org.br\/site\/2025\/11\/14\/sem-agua-nao-ha-vida-guarapiranga-pede-socorro-conclusoes-do-grupo-de-trabalho\/","url":"https:\/\/www.institutodeengenharia.org.br\/site\/2025\/11\/14\/sem-agua-nao-ha-vida-guarapiranga-pede-socorro-conclusoes-do-grupo-de-trabalho\/","name":"Sem \u00c1gua N\u00e3o H\u00e1 Vida - Guarapiranga pede socorro: Conclus\u00f5es do grupo de trabalho - Instituto de Engenharia","isPartOf":{"@id":"https:\/\/www.institutodeengenharia.org.br\/site\/#website"},"primaryImageOfPage":{"@id":"https:\/\/www.institutodeengenharia.org.br\/site\/2025\/11\/14\/sem-agua-nao-ha-vida-guarapiranga-pede-socorro-conclusoes-do-grupo-de-trabalho\/#primaryimage"},"image":{"@id":"https:\/\/www.institutodeengenharia.org.br\/site\/2025\/11\/14\/sem-agua-nao-ha-vida-guarapiranga-pede-socorro-conclusoes-do-grupo-de-trabalho\/#primaryimage"},"thumbnailUrl":"https:\/\/www.institutodeengenharia.org.br\/site\/wp-content\/uploads\/2025\/07\/Midia-Kit-Steam-Day-2024-Oficial-e1754576732995.jpg","datePublished":"2025-11-14T15:15:03+00:00","dateModified":"2025-11-14T15:16:42+00:00","breadcrumb":{"@id":"https:\/\/www.institutodeengenharia.org.br\/site\/2025\/11\/14\/sem-agua-nao-ha-vida-guarapiranga-pede-socorro-conclusoes-do-grupo-de-trabalho\/#breadcrumb"},"inLanguage":"pt-BR","potentialAction":[{"@type":"ReadAction","target":["https:\/\/www.institutodeengenharia.org.br\/site\/2025\/11\/14\/sem-agua-nao-ha-vida-guarapiranga-pede-socorro-conclusoes-do-grupo-de-trabalho\/"]}]},{"@type":"ImageObject","inLanguage":"pt-BR","@id":"https:\/\/www.institutodeengenharia.org.br\/site\/2025\/11\/14\/sem-agua-nao-ha-vida-guarapiranga-pede-socorro-conclusoes-do-grupo-de-trabalho\/#primaryimage","url":"https:\/\/www.institutodeengenharia.org.br\/site\/wp-content\/uploads\/2025\/07\/Midia-Kit-Steam-Day-2024-Oficial-e1754576732995.jpg","contentUrl":"https:\/\/www.institutodeengenharia.org.br\/site\/wp-content\/uploads\/2025\/07\/Midia-Kit-Steam-Day-2024-Oficial-e1754576732995.jpg","width":1872,"height":1080},{"@type":"BreadcrumbList","@id":"https:\/\/www.institutodeengenharia.org.br\/site\/2025\/11\/14\/sem-agua-nao-ha-vida-guarapiranga-pede-socorro-conclusoes-do-grupo-de-trabalho\/#breadcrumb","itemListElement":[{"@type":"ListItem","position":1,"name":"In\u00edcio","item":"https:\/\/www.institutodeengenharia.org.br\/site\/"},{"@type":"ListItem","position":2,"name":"Sem \u00c1gua N\u00e3o H\u00e1 Vida &#8211; Guarapiranga pede socorro: Conclus\u00f5es do grupo de trabalho"}]},{"@type":"WebSite","@id":"https:\/\/www.institutodeengenharia.org.br\/site\/#website","url":"https:\/\/www.institutodeengenharia.org.br\/site\/","name":"Instituto de Engenharia","description":"O Instituto de Engenharia promove a Engenharia em benef\u00edcio do desenvolvimento e da qualidade de vida da sociedade.","publisher":{"@id":"https:\/\/www.institutodeengenharia.org.br\/site\/#organization"},"potentialAction":[{"@type":"SearchAction","target":{"@type":"EntryPoint","urlTemplate":"https:\/\/www.institutodeengenharia.org.br\/site\/?s={search_term_string}"},"query-input":{"@type":"PropertyValueSpecification","valueRequired":true,"valueName":"search_term_string"}}],"inLanguage":"pt-BR"},{"@type":"Organization","@id":"https:\/\/www.institutodeengenharia.org.br\/site\/#organization","name":"Instituto de Engenharia","url":"https:\/\/www.institutodeengenharia.org.br\/site\/","logo":{"@type":"ImageObject","inLanguage":"pt-BR","@id":"https:\/\/www.institutodeengenharia.org.br\/site\/#\/schema\/logo\/image\/","url":"https:\/\/www.institutodeengenharia.org.br\/site\/wp-content\/uploads\/2019\/03\/logo-novo-IE2018-1.jpg","contentUrl":"https:\/\/www.institutodeengenharia.org.br\/site\/wp-content\/uploads\/2019\/03\/logo-novo-IE2018-1.jpg","width":1486,"height":1879,"caption":"Instituto de Engenharia"},"image":{"@id":"https:\/\/www.institutodeengenharia.org.br\/site\/#\/schema\/logo\/image\/"},"sameAs":["https:\/\/www.facebook.com\/institutodeengenharia","https:\/\/x.com\/iengenharia","https:\/\/www.instagram.com\/institutodeengenharia\/","https:\/\/www.linkedin.com\/company\/instituto-de-engenharia\/","https:\/\/www.youtube.com\/channel\/UCXiCAlsSMe977vamW915HxA"]},{"@type":"Person","@id":"https:\/\/www.institutodeengenharia.org.br\/site\/#\/schema\/person\/aeb64951c405e100d26d30b033dd423f","name":"Bianca","image":{"@type":"ImageObject","inLanguage":"pt-BR","@id":"https:\/\/secure.gravatar.com\/avatar\/a6fbe9bff57405baf4c1e2c5c1811e072b558253974a9f9508f4678900c97c2a?s=96&d=mm&r=g","url":"https:\/\/secure.gravatar.com\/avatar\/a6fbe9bff57405baf4c1e2c5c1811e072b558253974a9f9508f4678900c97c2a?s=96&d=mm&r=g","contentUrl":"https:\/\/secure.gravatar.com\/avatar\/a6fbe9bff57405baf4c1e2c5c1811e072b558253974a9f9508f4678900c97c2a?s=96&d=mm&r=g","caption":"Bianca"},"url":"https:\/\/www.institutodeengenharia.org.br\/site\/author\/comunicacao1\/"}]}},"_links":{"self":[{"href":"https:\/\/www.institutodeengenharia.org.br\/site\/wp-json\/wp\/v2\/posts\/134506","targetHints":{"allow":["GET"]}}],"collection":[{"href":"https:\/\/www.institutodeengenharia.org.br\/site\/wp-json\/wp\/v2\/posts"}],"about":[{"href":"https:\/\/www.institutodeengenharia.org.br\/site\/wp-json\/wp\/v2\/types\/post"}],"author":[{"embeddable":true,"href":"https:\/\/www.institutodeengenharia.org.br\/site\/wp-json\/wp\/v2\/users\/13"}],"replies":[{"embeddable":true,"href":"https:\/\/www.institutodeengenharia.org.br\/site\/wp-json\/wp\/v2\/comments?post=134506"}],"version-history":[{"count":1,"href":"https:\/\/www.institutodeengenharia.org.br\/site\/wp-json\/wp\/v2\/posts\/134506\/revisions"}],"predecessor-version":[{"id":134507,"href":"https:\/\/www.institutodeengenharia.org.br\/site\/wp-json\/wp\/v2\/posts\/134506\/revisions\/134507"}],"wp:featuredmedia":[{"embeddable":true,"href":"https:\/\/www.institutodeengenharia.org.br\/site\/wp-json\/wp\/v2\/media\/131159"}],"wp:attachment":[{"href":"https:\/\/www.institutodeengenharia.org.br\/site\/wp-json\/wp\/v2\/media?parent=134506"}],"wp:term":[{"taxonomy":"category","embeddable":true,"href":"https:\/\/www.institutodeengenharia.org.br\/site\/wp-json\/wp\/v2\/categories?post=134506"},{"taxonomy":"post_tag","embeddable":true,"href":"https:\/\/www.institutodeengenharia.org.br\/site\/wp-json\/wp\/v2\/tags?post=134506"}],"curies":[{"name":"wp","href":"https:\/\/api.w.org\/{rel}","templated":true}]}}