{"id":134346,"date":"2025-11-07T14:31:06","date_gmt":"2025-11-07T17:31:06","guid":{"rendered":"https:\/\/www.institutodeengenharia.org.br\/site\/?p=134346"},"modified":"2025-11-07T14:42:19","modified_gmt":"2025-11-07T17:42:19","slug":"contribuicao-do-instituto-de-engenharia-na-consulta-publica-sobre-alteracao-da-resolucao-conama-no-430","status":"publish","type":"post","link":"https:\/\/www.institutodeengenharia.org.br\/site\/2025\/11\/07\/contribuicao-do-instituto-de-engenharia-na-consulta-publica-sobre-alteracao-da-resolucao-conama-no-430\/","title":{"rendered":"Por Jos\u00e9 Eduardo Cavalcanti &#8211; Contribui\u00e7\u00e3o do Instituto de Engenharia na Consulta P\u00fablica sobre Altera\u00e7\u00e3o da Resolu\u00e7\u00e3o Conama N\u00ba 430"},"content":{"rendered":"<p>O Instituto de Engenharia, por meio de sua Divis\u00e3o T\u00e9cnica de \u00c1guas e Saneamento, participou da consulta p\u00fablica para a revis\u00e3o da Resolu\u00e7\u00e3o CONAMA n\u00ba 430\/2011 que define padr\u00f5es para o lan\u00e7amento de efluentes em rios, lagos e outros corpos d&#8217;\u00e1gua.<\/p>\n<p>O Minist\u00e9rio do Meio Ambiente e Mudan\u00e7a do Clima (MMA) organizou a consulta para receber contribui\u00e7\u00f5es e modernizar a norma, com foco em \u00e1reas como a drenagem urbana.<br \/>\nForam recebidas 499 contribui\u00e7\u00f5es. O MMA analisar\u00e1 todas elas objetivando a elabora\u00e7\u00e3o da nova vers\u00e3o desta Resolu\u00e7\u00e3o.<\/p>\n<p>O IE contribui com sugest\u00f5es contemplando o art.16, I (c), bem como o art.16, par\u00e1grafo 1\u00ba e o art. 21 par\u00e1grafo 2\u00ba da Resolu\u00e7\u00e3o CONAMA 430:<\/p>\n<p>1. PROPOSI\u00c7AO DE ALTERA\u00c7\u00c3O DO ART.16, I (C) DA RESOLU\u00c7\u00c3O CONAMA 430<br \/>\n1.1.Introdu\u00e7\u00e2o<br \/>\nA Resolu\u00e7\u00e3o CONAMA 430 dedica o seguinte diploma legal relativo aos res\u00edduos os S\u00f3lidos sediment\u00e1veis em efluentes origin\u00e1ros de qualquer fonte poluidora:<br \/>\nArt. 16. Os efluentes de qualquer fonte poluidora somente poder\u00e3o ser lan\u00e7ados diretamente no corpo receptor desde que obede\u00e7am as condi\u00e7\u00f5es e padr\u00f5es previstos neste artigo, resguardadas outras exig\u00eancias cab\u00edveis:<\/p>\n<p>I &#8211; condi\u00e7\u00f5es de lan\u00e7amento de efluentes:<br \/>\na)<br \/>\nb)<br \/>\nc) materiais sediment\u00e1veis: at\u00e9 1 mL\/L em teste de 1 hora em cone Inmhoff. Para o lan\u00e7amento em lagos e lagoas, cuja velocidade de circula\u00e7\u00e3o seja praticamente nula, os materiais sediment\u00e1veis dever\u00e3o estar virtualmente ausentes;<br \/>\nO objetivo deste texto \u00e9 propor com justificativa uma altera\u00e7\u00e3o na reda\u00e7\u00e3o do art. 21, par\u00e1grafo 2\u00ba do CONAMA 430, visando contribuir para melhorar a qualidade nossos rios.<\/p>\n<p>1.2. Contexto<br \/>\nOs s\u00f3lidos em suspens\u00e3o em amostras de esgotos sanit\u00e1rios ou efluentes industriais quando submetidos a repouso (em um determinado per\u00edodo de tempo) se comportam da seguinte forma: parte se sedimentam, parte flotam, por gravidade diferencial e parte permanecem em suspens\u00e3o.<br \/>\nNa norma atual apenas os s\u00f3lidos em suspens\u00e3o que sedimentam em 1 hora s\u00e3o computados volumetricamente em mL\/L.. Os s\u00f3lidos que assomam \u00e0 superf\u00edcie deixam de ser medidos<\/p>\n<p>1.3.Proposi\u00e7\u00e3o de altera\u00e7\u00e3o do art. 16, i (c),<br \/>\nDesta forma, propomos uma nova reda\u00e7\u00e3o do art. 16, I (c) de forma a corrigir esta distor\u00e7\u00e3o, ficando alterada da seguinte forma:<br \/>\nc) materiais sediment\u00e1veis e flot\u00e1veis por gravidade diferencial: at\u00e9 1 mL\/L em teste de 1 hora em cone Inmhoff ou em cilindro graduado. Para o lan\u00e7amento em lagos e lagoas, cuja velocidade de circula\u00e7\u00e3o seja praticamente nula, os materiais sediment\u00e1veis ou flot\u00e1veis por gravidade diferencial dever\u00e3o estar virtualmente ausentes;<\/p>\n<p>1.4. Justificativa para nova reda\u00e7\u00e3o<br \/>\nO legislador tinha como objetivo original na elabora\u00e7\u00e3o desta Norma, evitar o lan\u00e7amento para o meio ambiente de s\u00f3lidos sediment\u00e1veis acima de 1 ml\/L ap\u00f3s repouso de 1 hora medidos em um teste de sedimenta\u00e7\u00e3o.<\/p>\n<p>Ocorre, entretanto, que muitos dos s\u00f3lidos em suspens\u00e3o por terem densidades aparentes inferiores a da \u00e1gua ou por serem levitados por gases presentes na amostra (Nitrog\u00eanio ou g\u00e1s sulf\u00eddrico) ou mesmo por conterem certa oleosidade, acabam assomando \u00e0 superf\u00edcie do frasco de medi\u00e7\u00e3o (cone Imhoff ou cilindro graduado) falseando os resultados por n\u00e3o terem sido medidos, uma vez que passaram da condi\u00e7\u00e3o de s\u00f3lidos sedimentados para flotados.<\/p>\n<p>Com esta nova reda\u00e7\u00e3o, pretende-se corrigir esta distor\u00e7\u00e3o medindo-se todos os s\u00f3lidos, tanto os que sedimentam por gravidade como os que flotam por gravidade diferencial.<\/p>\n<p>2. PROPOSI\u00c7AO DE ALTERA\u00c7\u00c3O DO ART.16, PAR\u00c1GRAFO 1\u00ba E ARTGO 21 PAR\u00c1GRAFO 2\u00ba DA RESOLU\u00c7\u00c3O CONAMA 430<\/p>\n<p>2.1. Intodu\u00e7\u00e3o<br \/>\nA Resolu\u00e7\u00e3o CONAMA 430 dedica os seguintes diplomas legais relativos aos efluentes do tratamento de res\u00edduos s\u00f3lidos:<br \/>\na) art 16 par\u00e1grafo 1\u00b0<br \/>\nOs efluentes oriundos de sistemas de tratamento de res\u00edduos s\u00f3lidos de qualquer origem devem atender as condi\u00e7\u00f5es e padr\u00f5es definidos neste artigo<br \/>\nb) art. 21, par\u00e1grafo 2\u00b0<br \/>\nNo caso de sistemas de tratamento de esgotos sanit\u00e1rios que recebam lixiviados de aterros sanit\u00e1rios, o \u00f3rg\u00e3o ambiental competente dever\u00e1 indicar quais os par\u00e2metros da Tabela 1 do art. 16, inciso II desta Resolu\u00e7\u00e3o que dever\u00e3o ser atendidos e monitorados n\u00e3o sendo exig\u00edvel o padr\u00e3o de Nitrog\u00eanio amoniacal total.<br \/>\nO objetivo deste texto \u00e9 propor com justificativa uma altera\u00e7\u00e3o na reda\u00e7\u00e3o do art. 21, par\u00e1grafo 2\u00ba do CONAMA 430, visando contribuir para melhorar a qualidade nossos rios.<\/p>\n<p>2.2. Contexto<br \/>\nO art. 16, par\u00e1grafo 1\u00ba da Resolu\u00e7\u00e3o CONAMA 430 legisla as condi\u00e7\u00f5es de lan\u00e7amento em corpos receptores e esta\u00e7\u00f5es de tratamento de esgotos dos efluentes oriundos de sistemas de tratamento de res\u00edduos s\u00f3lidos (lixiviados ou chorume). Como qualquer outra fonte geradora, o efluente tratado lan\u00e7ado diretamente em corpos de \u00e1gua, deve atender as \u201ccondi\u00e7\u00f5es e padr\u00f5es previstos neste artigo, resguardadas outras exig\u00eancias cab\u00edveis\u201d<br \/>\nPor outro lado, o par\u00e1grafo 2\u00ba deste mesmo artigo reza que, \u201cos efluentes oriundos de sistemas de tratamento de esgotos sanit\u00e1rios devem atender \u00e0s condi\u00e7\u00f5es e padr\u00f5es espec\u00edficos definidos na Se\u00e7\u00e3o III desta Resolu\u00e7\u00e3o .que especifica, em seu art. 21, condi\u00e7\u00f5es mais brandas de lan\u00e7amento direto de efluentes em corpos de \u00e1gua.<br \/>\nForam abrandados os padr\u00f5es de DBO, Sol\u00faveis em Hexano e tornado o Nitrog\u00eanio amoniacal inexig\u00edvel<\/p>\n<p>2.3. Considera\u00e7\u00f5es sobre a tratabilidade de chorume em esta\u00e7\u00f5es de tratamento biol\u00f3gicas<br \/>\nO abrandamento dos padr\u00f5es de lan\u00e7amento do efluente tratado, quando oriundo de depuradoras p\u00fablicas prioritariamente destinadas ao tratamento de esgotos sanit\u00e1rios \u00e9 compreens\u00edvel dadas as desigualdades regionais muito vis\u00edveis \u00e0 \u00e9poca em que o CONAMA 430 foi promulgado.<\/p>\n<p>Entretanto, no caso espec\u00edfico do lan\u00e7amento direto ou indireto no sistema p\u00fablico de esgotos sanit\u00e1rios pode ocorrer uma distor\u00e7\u00e3o, uma vez que o chorume contribui com elevada DBO e principalmente com altos \u00edndices de Nitrog\u00eanio amoniacal, muito mais do.que o dos esgotos sanit\u00e1rios t\u00edpicos<br \/>\nDesta forma, as esta\u00e7\u00f5es de tratamento que n\u00e3o agregam a nitrifica\u00e7\u00e3o\/desnitrifica\u00e7\u00e3o do esgoto combinado afluente apenas diluem o chorume, pr\u00e1tica vedada nesta pr\u00f3pria Resolu\u00e7\u00e3o (art 9\u00ba), al\u00e9m de ter seu tratamento prejudicado (desnitrifica\u00e7\u00e3o nos decantadores pela forma\u00e7\u00e3o de Nitrog\u00eanio gasoso acarretando arraste de s\u00f3lidos como consequente aumento da Turbidez e redu\u00e7\u00e3o da efici\u00eancia).<\/p>\n<p>2.4. PROPOSI\u00c7\u00c3O DE ALTERA\u00c7AO DO ART. 21, PAR\u00c1GRAFO 2\u00ba<br \/>\nDesta forma, propomos uma nova reda\u00e7\u00e3o do art. 21, par\u00e1grafo 2\u00b0 de forma a corrigir esta distor\u00e7\u00e3o, ficando alterada da seguinte forma:<br \/>\nSomente sistemas de tratamento de esgotos sanit\u00e1rios que disponham de dispositivos de nitrifica\u00e7\u00e3o\/desnitrifica\u00e7\u00e3o s\u00e3o autorizados a receber lixiviados de aterros sanit\u00e1rios. Neste caso, o \u00f3rg\u00e3o ambiental competente dever\u00e1 indicar quais os par\u00e2metros da Tabela 1 do art. 16, inciso II desta Resolu\u00e7\u00e3o dever\u00e3o ser atendidos e monitorados, considerando-se tamb\u00e9m que a raz\u00e3o de dilui\u00e7\u00e3o entre as vaz\u00f5es afluentes do lixiviado e esgotos sanit\u00e1rios n\u00e3o ultrapasse 1%.<\/p>\n<p>2.5. JUSTIFICATIVA PARA A NOVA REDA\u00c7\u00c3O<br \/>\nO lixiviado ou chorume oriundo de aterros sanit\u00e1rios ou \u201clix\u00f5es\u201d cuja vaz\u00e3o \u00e9 principalmente fun\u00e7\u00e3o dos \u00edndices pluviom\u00e9tricos e da contribui\u00e7\u00e3o da \u00e1gua do sub solo agregam, por efeito de lixiviamento, uma pl\u00eaiade de subst\u00e2ncias dissolvidas ou em suspens\u00e3o de natureza org\u00e2nica e inorg\u00e2nica, muitas delas de caracter\u00edsticas t\u00f3xicas.<br \/>\nDentre estas, destacam-se os altos \u00edndices de DQO, DBO e, principalmente, Nitrog\u00eanio amoniacal, em elevadas concentra\u00e7\u00f5es muito superiores aos teores que se apresentam nos esgotos sanit\u00e1rios.<\/p>\n<p>Al\u00e9m destas caracter\u00edsticas, o chorume agrega tamb\u00e9m subst\u00e2ncias t\u00f3xicas, metais pesados, e poluentes emergentes originados das industrias famac\u00eaticas e de cosm\u00e9ticos.<br \/>\nEstes elevados \u00edndices de Nitrog\u00eanio amoniacal do chorume, acabam por desestabilizar os processos de tratamento tanto aer\u00f3bio, como anaer\u00f3bio reduzindo a efici\u00eancia dos processos biol\u00f3gicos de tratamento. Al\u00e9m disso, o efluente tratado ter\u00e1 um teor de Nitrog\u00eanio amoniacal at\u00e9 maior que o do esgoto bruto combinado, mesmo considerando a dilui\u00e7\u00e3o proposta de no m\u00e1ximo 1%.(Ver tabela). Ou seja, quando combinado com o chorume, o sistema de tratamento de esgotos, dispensado pela regra atual de enquadrar o Nitrog\u00eanio amoniacal, acaba por elevar a concentra\u00e7\u00e3o deste composto no efluente tratado.<br \/>\nPor fim, esta dilui\u00e7\u00e3o m\u00e1xima tem de ser observada, caso contr\u00e1rio o efluente tratado agregar\u00e1 uma colora\u00e7\u00e3o escura, tanto maior quanto menor for a raz\u00e3o de dilui\u00e7\u00e3o.<\/p>\n<p>Concentra\u00e7\u00f5es de Nitrog\u00eanio amoniacal da ETE Alegria recebendo chorume:<\/p>\n<figure id=\"attachment_134347\" aria-describedby=\"caption-attachment-134347\" style=\"width: 389px\" class=\"wp-caption aligncenter\"><img loading=\"lazy\" decoding=\"async\" class=\" wp-image-134347\" src=\"https:\/\/www.institutodeengenharia.org.br\/site\/wp-content\/uploads\/2025\/11\/tabela-300x118.png\" alt=\"\" width=\"389\" height=\"153\" srcset=\"https:\/\/www.institutodeengenharia.org.br\/site\/wp-content\/uploads\/2025\/11\/tabela-300x118.png 300w, https:\/\/www.institutodeengenharia.org.br\/site\/wp-content\/uploads\/2025\/11\/tabela-696x274.png 696w, https:\/\/www.institutodeengenharia.org.br\/site\/wp-content\/uploads\/2025\/11\/tabela-600x236.png 600w, https:\/\/www.institutodeengenharia.org.br\/site\/wp-content\/uploads\/2025\/11\/tabela.png 752w\" sizes=\"auto, (max-width: 389px) 100vw, 389px\" \/><figcaption id=\"caption-attachment-134347\" class=\"wp-caption-text\">Fonte: \u00c1guas do Rio<\/figcaption><\/figure>\n<p>_________________________________________________________________________<\/p>\n<p><img loading=\"lazy\" decoding=\"async\" class=\"wp-image-31353 alignleft td-animation-stack-type0-2\" src=\"https:\/\/www.institutodeengenharia.org.br\/site\/wp-content\/uploads\/2018\/02\/cavalcanti-alta2-e1547225067645.jpg\" sizes=\"auto, (max-width: 169px) 100vw, 169px\" srcset=\"https:\/\/www.institutodeengenharia.org.br\/site\/wp-content\/uploads\/2018\/02\/cavalcanti-alta2-e1547225067645.jpg 606w, https:\/\/www.institutodeengenharia.org.br\/site\/wp-content\/uploads\/2018\/02\/cavalcanti-alta2-e1547225067645-150x150.jpg 150w, https:\/\/www.institutodeengenharia.org.br\/site\/wp-content\/uploads\/2018\/02\/cavalcanti-alta2-e1547225067645-298x300.jpg 298w, https:\/\/www.institutodeengenharia.org.br\/site\/wp-content\/uploads\/2018\/02\/cavalcanti-alta2-e1547225067645-417x420.jpg 417w\" alt=\"\" width=\"169\" height=\"170\" \/><\/p>\n<p>Jos\u00e9 Eduardo Cavalcanti \u00e9 engenheiro consultor, diretor do Departamento de Engenharia da Ambiental do Brasil, diretor da Divis\u00e3o de Saneamento do Deinfra \u2013 Departamento de Infraestrutura da Federa\u00e7\u00e3o das Ind\u00fastrias do Estado de S\u00e3o Paulo (Fiesp), conselheiro do Instituto de Engenharia, e membro da Comiss\u00e3o Editorial da Revista Engenharia. E-mail:\u00a0<a href=\"mailto:cavalcanti@ambientaldobrasil.com.br\">cavalcanti@ambientaldobrasil.com.br<\/a><\/p>\n<p>*<em>Os artigos publicados com assinatura, n\u00e3o traduzem necessariamente a opini\u00e3o do Instituto de Engenharia. Sua publica\u00e7\u00e3o obedece ao prop\u00f3sito de estimular o debate dos problemas brasileiros e de refletir as diversas tend\u00eancias do pensamento contempor\u00e2neo<\/em><\/p>\n<p><em>Este artigo \u00e9 de exclusiva responsabilidade do autor.<\/em><\/p>\n","protected":false},"excerpt":{"rendered":"<p>O Instituto de Engenharia, por meio de sua Divis\u00e3o T\u00e9cnica de \u00c1guas e Saneamento, participou da consulta p\u00fablica para a revis\u00e3o da Resolu\u00e7\u00e3o CONAMA n\u00ba 430\/2011 que define padr\u00f5es para o lan\u00e7amento de efluentes em rios, lagos e outros corpos d&#8217;\u00e1gua. O Minist\u00e9rio do Meio Ambiente e Mudan\u00e7a do Clima (MMA) organizou a consulta para [&hellip;]<\/p>\n","protected":false},"author":14,"featured_media":134354,"comment_status":"open","ping_status":"open","sticky":false,"template":"","format":"standard","meta":{"footnotes":""},"categories":[11,75,92],"tags":[],"class_list":{"0":"post-134346","1":"post","2":"type-post","3":"status-publish","4":"format-standard","5":"has-post-thumbnail","7":"category-articulistas","8":"category-divisao-tecnica-aguas-e-saneamento","9":"category-jose-eduardo-cavalcanti"},"yoast_head":"<!-- This site is optimized with the Yoast SEO plugin v27.2 - https:\/\/yoast.com\/product\/yoast-seo-wordpress\/ -->\n<title>Por Jos\u00e9 Eduardo Cavalcanti - Contribui\u00e7\u00e3o do Instituto de Engenharia na Consulta P\u00fablica sobre Altera\u00e7\u00e3o da Resolu\u00e7\u00e3o Conama N\u00ba 430 - Instituto de Engenharia<\/title>\n<meta name=\"robots\" content=\"index, follow, max-snippet:-1, max-image-preview:large, max-video-preview:-1\" \/>\n<link rel=\"canonical\" href=\"https:\/\/www.institutodeengenharia.org.br\/site\/2025\/11\/07\/contribuicao-do-instituto-de-engenharia-na-consulta-publica-sobre-alteracao-da-resolucao-conama-no-430\/\" \/>\n<meta property=\"og:locale\" content=\"pt_BR\" \/>\n<meta property=\"og:type\" content=\"article\" \/>\n<meta property=\"og:title\" content=\"Por Jos\u00e9 Eduardo Cavalcanti - Contribui\u00e7\u00e3o do Instituto de Engenharia na Consulta P\u00fablica sobre Altera\u00e7\u00e3o da Resolu\u00e7\u00e3o Conama N\u00ba 430 - Instituto de Engenharia\" \/>\n<meta property=\"og:description\" content=\"O Instituto de Engenharia, por meio de sua Divis\u00e3o T\u00e9cnica de \u00c1guas e Saneamento, participou da consulta p\u00fablica para a revis\u00e3o da Resolu\u00e7\u00e3o CONAMA n\u00ba 430\/2011 que define padr\u00f5es para o lan\u00e7amento de efluentes em rios, lagos e outros corpos d&#8217;\u00e1gua. O Minist\u00e9rio do Meio Ambiente e Mudan\u00e7a do Clima (MMA) organizou a consulta para [&hellip;]\" \/>\n<meta property=\"og:url\" content=\"https:\/\/www.institutodeengenharia.org.br\/site\/2025\/11\/07\/contribuicao-do-instituto-de-engenharia-na-consulta-publica-sobre-alteracao-da-resolucao-conama-no-430\/\" \/>\n<meta property=\"og:site_name\" content=\"Instituto de Engenharia\" \/>\n<meta property=\"article:publisher\" content=\"https:\/\/www.facebook.com\/institutodeengenharia\" \/>\n<meta property=\"article:published_time\" content=\"2025-11-07T17:31:06+00:00\" \/>\n<meta property=\"article:modified_time\" content=\"2025-11-07T17:42:19+00:00\" \/>\n<meta property=\"og:image\" content=\"https:\/\/www.institutodeengenharia.org.br\/site\/wp-content\/uploads\/2025\/11\/conama.jpeg\" \/>\n\t<meta property=\"og:image:width\" content=\"768\" \/>\n\t<meta property=\"og:image:height\" content=\"537\" \/>\n\t<meta property=\"og:image:type\" content=\"image\/jpeg\" \/>\n<meta name=\"author\" content=\"Isabel\" \/>\n<meta name=\"twitter:card\" content=\"summary_large_image\" \/>\n<meta name=\"twitter:creator\" content=\"@iengenharia\" \/>\n<meta name=\"twitter:site\" content=\"@iengenharia\" \/>\n<meta name=\"twitter:label1\" content=\"Escrito por\" \/>\n\t<meta name=\"twitter:data1\" content=\"Isabel\" \/>\n\t<meta name=\"twitter:label2\" content=\"Est. tempo de leitura\" \/>\n\t<meta name=\"twitter:data2\" content=\"9 minutos\" \/>\n<script type=\"application\/ld+json\" class=\"yoast-schema-graph\">{\"@context\":\"https:\/\/schema.org\",\"@graph\":[{\"@type\":\"Article\",\"@id\":\"https:\/\/www.institutodeengenharia.org.br\/site\/2025\/11\/07\/contribuicao-do-instituto-de-engenharia-na-consulta-publica-sobre-alteracao-da-resolucao-conama-no-430\/#article\",\"isPartOf\":{\"@id\":\"https:\/\/www.institutodeengenharia.org.br\/site\/2025\/11\/07\/contribuicao-do-instituto-de-engenharia-na-consulta-publica-sobre-alteracao-da-resolucao-conama-no-430\/\"},\"author\":{\"name\":\"Isabel\",\"@id\":\"https:\/\/www.institutodeengenharia.org.br\/site\/#\/schema\/person\/593dc356630173a4877a635d3e5fd76b\"},\"headline\":\"Por Jos\u00e9 Eduardo Cavalcanti &#8211; Contribui\u00e7\u00e3o do Instituto de Engenharia na Consulta P\u00fablica sobre Altera\u00e7\u00e3o da Resolu\u00e7\u00e3o Conama N\u00ba 430\",\"datePublished\":\"2025-11-07T17:31:06+00:00\",\"dateModified\":\"2025-11-07T17:42:19+00:00\",\"mainEntityOfPage\":{\"@id\":\"https:\/\/www.institutodeengenharia.org.br\/site\/2025\/11\/07\/contribuicao-do-instituto-de-engenharia-na-consulta-publica-sobre-alteracao-da-resolucao-conama-no-430\/\"},\"wordCount\":1592,\"commentCount\":0,\"publisher\":{\"@id\":\"https:\/\/www.institutodeengenharia.org.br\/site\/#organization\"},\"image\":{\"@id\":\"https:\/\/www.institutodeengenharia.org.br\/site\/2025\/11\/07\/contribuicao-do-instituto-de-engenharia-na-consulta-publica-sobre-alteracao-da-resolucao-conama-no-430\/#primaryimage\"},\"thumbnailUrl\":\"https:\/\/www.institutodeengenharia.org.br\/site\/wp-content\/uploads\/2025\/11\/conama.jpeg\",\"articleSection\":[\"Articulistas\",\"Divis\u00e3o T\u00e9cnica \u00c1guas e Saneamento\",\"Jos\u00e9 Eduardo Cavalcanti\"],\"inLanguage\":\"pt-BR\",\"potentialAction\":[{\"@type\":\"CommentAction\",\"name\":\"Comment\",\"target\":[\"https:\/\/www.institutodeengenharia.org.br\/site\/2025\/11\/07\/contribuicao-do-instituto-de-engenharia-na-consulta-publica-sobre-alteracao-da-resolucao-conama-no-430\/#respond\"]}]},{\"@type\":\"WebPage\",\"@id\":\"https:\/\/www.institutodeengenharia.org.br\/site\/2025\/11\/07\/contribuicao-do-instituto-de-engenharia-na-consulta-publica-sobre-alteracao-da-resolucao-conama-no-430\/\",\"url\":\"https:\/\/www.institutodeengenharia.org.br\/site\/2025\/11\/07\/contribuicao-do-instituto-de-engenharia-na-consulta-publica-sobre-alteracao-da-resolucao-conama-no-430\/\",\"name\":\"Por Jos\u00e9 Eduardo Cavalcanti - Contribui\u00e7\u00e3o do Instituto de Engenharia na Consulta P\u00fablica sobre Altera\u00e7\u00e3o da Resolu\u00e7\u00e3o Conama N\u00ba 430 - Instituto de Engenharia\",\"isPartOf\":{\"@id\":\"https:\/\/www.institutodeengenharia.org.br\/site\/#website\"},\"primaryImageOfPage\":{\"@id\":\"https:\/\/www.institutodeengenharia.org.br\/site\/2025\/11\/07\/contribuicao-do-instituto-de-engenharia-na-consulta-publica-sobre-alteracao-da-resolucao-conama-no-430\/#primaryimage\"},\"image\":{\"@id\":\"https:\/\/www.institutodeengenharia.org.br\/site\/2025\/11\/07\/contribuicao-do-instituto-de-engenharia-na-consulta-publica-sobre-alteracao-da-resolucao-conama-no-430\/#primaryimage\"},\"thumbnailUrl\":\"https:\/\/www.institutodeengenharia.org.br\/site\/wp-content\/uploads\/2025\/11\/conama.jpeg\",\"datePublished\":\"2025-11-07T17:31:06+00:00\",\"dateModified\":\"2025-11-07T17:42:19+00:00\",\"breadcrumb\":{\"@id\":\"https:\/\/www.institutodeengenharia.org.br\/site\/2025\/11\/07\/contribuicao-do-instituto-de-engenharia-na-consulta-publica-sobre-alteracao-da-resolucao-conama-no-430\/#breadcrumb\"},\"inLanguage\":\"pt-BR\",\"potentialAction\":[{\"@type\":\"ReadAction\",\"target\":[\"https:\/\/www.institutodeengenharia.org.br\/site\/2025\/11\/07\/contribuicao-do-instituto-de-engenharia-na-consulta-publica-sobre-alteracao-da-resolucao-conama-no-430\/\"]}]},{\"@type\":\"ImageObject\",\"inLanguage\":\"pt-BR\",\"@id\":\"https:\/\/www.institutodeengenharia.org.br\/site\/2025\/11\/07\/contribuicao-do-instituto-de-engenharia-na-consulta-publica-sobre-alteracao-da-resolucao-conama-no-430\/#primaryimage\",\"url\":\"https:\/\/www.institutodeengenharia.org.br\/site\/wp-content\/uploads\/2025\/11\/conama.jpeg\",\"contentUrl\":\"https:\/\/www.institutodeengenharia.org.br\/site\/wp-content\/uploads\/2025\/11\/conama.jpeg\",\"width\":768,\"height\":537},{\"@type\":\"BreadcrumbList\",\"@id\":\"https:\/\/www.institutodeengenharia.org.br\/site\/2025\/11\/07\/contribuicao-do-instituto-de-engenharia-na-consulta-publica-sobre-alteracao-da-resolucao-conama-no-430\/#breadcrumb\",\"itemListElement\":[{\"@type\":\"ListItem\",\"position\":1,\"name\":\"In\u00edcio\",\"item\":\"https:\/\/www.institutodeengenharia.org.br\/site\/\"},{\"@type\":\"ListItem\",\"position\":2,\"name\":\"Por Jos\u00e9 Eduardo Cavalcanti &#8211; Contribui\u00e7\u00e3o do Instituto de Engenharia na Consulta P\u00fablica sobre Altera\u00e7\u00e3o da Resolu\u00e7\u00e3o Conama N\u00ba 430\"}]},{\"@type\":\"WebSite\",\"@id\":\"https:\/\/www.institutodeengenharia.org.br\/site\/#website\",\"url\":\"https:\/\/www.institutodeengenharia.org.br\/site\/\",\"name\":\"Instituto de Engenharia\",\"description\":\"O Instituto de Engenharia promove a Engenharia em benef\u00edcio do desenvolvimento e da qualidade de vida da sociedade.\",\"publisher\":{\"@id\":\"https:\/\/www.institutodeengenharia.org.br\/site\/#organization\"},\"potentialAction\":[{\"@type\":\"SearchAction\",\"target\":{\"@type\":\"EntryPoint\",\"urlTemplate\":\"https:\/\/www.institutodeengenharia.org.br\/site\/?s={search_term_string}\"},\"query-input\":{\"@type\":\"PropertyValueSpecification\",\"valueRequired\":true,\"valueName\":\"search_term_string\"}}],\"inLanguage\":\"pt-BR\"},{\"@type\":\"Organization\",\"@id\":\"https:\/\/www.institutodeengenharia.org.br\/site\/#organization\",\"name\":\"Instituto de Engenharia\",\"url\":\"https:\/\/www.institutodeengenharia.org.br\/site\/\",\"logo\":{\"@type\":\"ImageObject\",\"inLanguage\":\"pt-BR\",\"@id\":\"https:\/\/www.institutodeengenharia.org.br\/site\/#\/schema\/logo\/image\/\",\"url\":\"https:\/\/www.institutodeengenharia.org.br\/site\/wp-content\/uploads\/2019\/03\/logo-novo-IE2018-1.jpg\",\"contentUrl\":\"https:\/\/www.institutodeengenharia.org.br\/site\/wp-content\/uploads\/2019\/03\/logo-novo-IE2018-1.jpg\",\"width\":1486,\"height\":1879,\"caption\":\"Instituto de Engenharia\"},\"image\":{\"@id\":\"https:\/\/www.institutodeengenharia.org.br\/site\/#\/schema\/logo\/image\/\"},\"sameAs\":[\"https:\/\/www.facebook.com\/institutodeengenharia\",\"https:\/\/x.com\/iengenharia\",\"https:\/\/www.instagram.com\/institutodeengenharia\/\",\"https:\/\/www.linkedin.com\/company\/instituto-de-engenharia\/\",\"https:\/\/www.youtube.com\/channel\/UCXiCAlsSMe977vamW915HxA\"]},{\"@type\":\"Person\",\"@id\":\"https:\/\/www.institutodeengenharia.org.br\/site\/#\/schema\/person\/593dc356630173a4877a635d3e5fd76b\",\"name\":\"Isabel\",\"image\":{\"@type\":\"ImageObject\",\"inLanguage\":\"pt-BR\",\"@id\":\"https:\/\/secure.gravatar.com\/avatar\/f3c521db63ec9db17894f10a88c6a3cf95b2281d7f80eeb3cf3ef1cb091576e7?s=96&d=mm&r=g\",\"url\":\"https:\/\/secure.gravatar.com\/avatar\/f3c521db63ec9db17894f10a88c6a3cf95b2281d7f80eeb3cf3ef1cb091576e7?s=96&d=mm&r=g\",\"contentUrl\":\"https:\/\/secure.gravatar.com\/avatar\/f3c521db63ec9db17894f10a88c6a3cf95b2281d7f80eeb3cf3ef1cb091576e7?s=96&d=mm&r=g\",\"caption\":\"Isabel\"},\"url\":\"https:\/\/www.institutodeengenharia.org.br\/site\/author\/comunicacao2\/\"}]}<\/script>\n<!-- \/ Yoast SEO plugin. -->","yoast_head_json":{"title":"Por Jos\u00e9 Eduardo Cavalcanti - Contribui\u00e7\u00e3o do Instituto de Engenharia na Consulta P\u00fablica sobre Altera\u00e7\u00e3o da Resolu\u00e7\u00e3o Conama N\u00ba 430 - Instituto de Engenharia","robots":{"index":"index","follow":"follow","max-snippet":"max-snippet:-1","max-image-preview":"max-image-preview:large","max-video-preview":"max-video-preview:-1"},"canonical":"https:\/\/www.institutodeengenharia.org.br\/site\/2025\/11\/07\/contribuicao-do-instituto-de-engenharia-na-consulta-publica-sobre-alteracao-da-resolucao-conama-no-430\/","og_locale":"pt_BR","og_type":"article","og_title":"Por Jos\u00e9 Eduardo Cavalcanti - Contribui\u00e7\u00e3o do Instituto de Engenharia na Consulta P\u00fablica sobre Altera\u00e7\u00e3o da Resolu\u00e7\u00e3o Conama N\u00ba 430 - Instituto de Engenharia","og_description":"O Instituto de Engenharia, por meio de sua Divis\u00e3o T\u00e9cnica de \u00c1guas e Saneamento, participou da consulta p\u00fablica para a revis\u00e3o da Resolu\u00e7\u00e3o CONAMA n\u00ba 430\/2011 que define padr\u00f5es para o lan\u00e7amento de efluentes em rios, lagos e outros corpos d&#8217;\u00e1gua. O Minist\u00e9rio do Meio Ambiente e Mudan\u00e7a do Clima (MMA) organizou a consulta para [&hellip;]","og_url":"https:\/\/www.institutodeengenharia.org.br\/site\/2025\/11\/07\/contribuicao-do-instituto-de-engenharia-na-consulta-publica-sobre-alteracao-da-resolucao-conama-no-430\/","og_site_name":"Instituto de Engenharia","article_publisher":"https:\/\/www.facebook.com\/institutodeengenharia","article_published_time":"2025-11-07T17:31:06+00:00","article_modified_time":"2025-11-07T17:42:19+00:00","og_image":[{"width":768,"height":537,"url":"https:\/\/www.institutodeengenharia.org.br\/site\/wp-content\/uploads\/2025\/11\/conama.jpeg","type":"image\/jpeg"}],"author":"Isabel","twitter_card":"summary_large_image","twitter_creator":"@iengenharia","twitter_site":"@iengenharia","twitter_misc":{"Escrito por":"Isabel","Est. tempo de leitura":"9 minutos"},"schema":{"@context":"https:\/\/schema.org","@graph":[{"@type":"Article","@id":"https:\/\/www.institutodeengenharia.org.br\/site\/2025\/11\/07\/contribuicao-do-instituto-de-engenharia-na-consulta-publica-sobre-alteracao-da-resolucao-conama-no-430\/#article","isPartOf":{"@id":"https:\/\/www.institutodeengenharia.org.br\/site\/2025\/11\/07\/contribuicao-do-instituto-de-engenharia-na-consulta-publica-sobre-alteracao-da-resolucao-conama-no-430\/"},"author":{"name":"Isabel","@id":"https:\/\/www.institutodeengenharia.org.br\/site\/#\/schema\/person\/593dc356630173a4877a635d3e5fd76b"},"headline":"Por Jos\u00e9 Eduardo Cavalcanti &#8211; Contribui\u00e7\u00e3o do Instituto de Engenharia na Consulta P\u00fablica sobre Altera\u00e7\u00e3o da Resolu\u00e7\u00e3o Conama N\u00ba 430","datePublished":"2025-11-07T17:31:06+00:00","dateModified":"2025-11-07T17:42:19+00:00","mainEntityOfPage":{"@id":"https:\/\/www.institutodeengenharia.org.br\/site\/2025\/11\/07\/contribuicao-do-instituto-de-engenharia-na-consulta-publica-sobre-alteracao-da-resolucao-conama-no-430\/"},"wordCount":1592,"commentCount":0,"publisher":{"@id":"https:\/\/www.institutodeengenharia.org.br\/site\/#organization"},"image":{"@id":"https:\/\/www.institutodeengenharia.org.br\/site\/2025\/11\/07\/contribuicao-do-instituto-de-engenharia-na-consulta-publica-sobre-alteracao-da-resolucao-conama-no-430\/#primaryimage"},"thumbnailUrl":"https:\/\/www.institutodeengenharia.org.br\/site\/wp-content\/uploads\/2025\/11\/conama.jpeg","articleSection":["Articulistas","Divis\u00e3o T\u00e9cnica \u00c1guas e Saneamento","Jos\u00e9 Eduardo Cavalcanti"],"inLanguage":"pt-BR","potentialAction":[{"@type":"CommentAction","name":"Comment","target":["https:\/\/www.institutodeengenharia.org.br\/site\/2025\/11\/07\/contribuicao-do-instituto-de-engenharia-na-consulta-publica-sobre-alteracao-da-resolucao-conama-no-430\/#respond"]}]},{"@type":"WebPage","@id":"https:\/\/www.institutodeengenharia.org.br\/site\/2025\/11\/07\/contribuicao-do-instituto-de-engenharia-na-consulta-publica-sobre-alteracao-da-resolucao-conama-no-430\/","url":"https:\/\/www.institutodeengenharia.org.br\/site\/2025\/11\/07\/contribuicao-do-instituto-de-engenharia-na-consulta-publica-sobre-alteracao-da-resolucao-conama-no-430\/","name":"Por Jos\u00e9 Eduardo Cavalcanti - Contribui\u00e7\u00e3o do Instituto de Engenharia na Consulta P\u00fablica sobre Altera\u00e7\u00e3o da Resolu\u00e7\u00e3o Conama N\u00ba 430 - Instituto de Engenharia","isPartOf":{"@id":"https:\/\/www.institutodeengenharia.org.br\/site\/#website"},"primaryImageOfPage":{"@id":"https:\/\/www.institutodeengenharia.org.br\/site\/2025\/11\/07\/contribuicao-do-instituto-de-engenharia-na-consulta-publica-sobre-alteracao-da-resolucao-conama-no-430\/#primaryimage"},"image":{"@id":"https:\/\/www.institutodeengenharia.org.br\/site\/2025\/11\/07\/contribuicao-do-instituto-de-engenharia-na-consulta-publica-sobre-alteracao-da-resolucao-conama-no-430\/#primaryimage"},"thumbnailUrl":"https:\/\/www.institutodeengenharia.org.br\/site\/wp-content\/uploads\/2025\/11\/conama.jpeg","datePublished":"2025-11-07T17:31:06+00:00","dateModified":"2025-11-07T17:42:19+00:00","breadcrumb":{"@id":"https:\/\/www.institutodeengenharia.org.br\/site\/2025\/11\/07\/contribuicao-do-instituto-de-engenharia-na-consulta-publica-sobre-alteracao-da-resolucao-conama-no-430\/#breadcrumb"},"inLanguage":"pt-BR","potentialAction":[{"@type":"ReadAction","target":["https:\/\/www.institutodeengenharia.org.br\/site\/2025\/11\/07\/contribuicao-do-instituto-de-engenharia-na-consulta-publica-sobre-alteracao-da-resolucao-conama-no-430\/"]}]},{"@type":"ImageObject","inLanguage":"pt-BR","@id":"https:\/\/www.institutodeengenharia.org.br\/site\/2025\/11\/07\/contribuicao-do-instituto-de-engenharia-na-consulta-publica-sobre-alteracao-da-resolucao-conama-no-430\/#primaryimage","url":"https:\/\/www.institutodeengenharia.org.br\/site\/wp-content\/uploads\/2025\/11\/conama.jpeg","contentUrl":"https:\/\/www.institutodeengenharia.org.br\/site\/wp-content\/uploads\/2025\/11\/conama.jpeg","width":768,"height":537},{"@type":"BreadcrumbList","@id":"https:\/\/www.institutodeengenharia.org.br\/site\/2025\/11\/07\/contribuicao-do-instituto-de-engenharia-na-consulta-publica-sobre-alteracao-da-resolucao-conama-no-430\/#breadcrumb","itemListElement":[{"@type":"ListItem","position":1,"name":"In\u00edcio","item":"https:\/\/www.institutodeengenharia.org.br\/site\/"},{"@type":"ListItem","position":2,"name":"Por Jos\u00e9 Eduardo Cavalcanti &#8211; Contribui\u00e7\u00e3o do Instituto de Engenharia na Consulta P\u00fablica sobre Altera\u00e7\u00e3o da Resolu\u00e7\u00e3o Conama N\u00ba 430"}]},{"@type":"WebSite","@id":"https:\/\/www.institutodeengenharia.org.br\/site\/#website","url":"https:\/\/www.institutodeengenharia.org.br\/site\/","name":"Instituto de Engenharia","description":"O Instituto de Engenharia promove a Engenharia em benef\u00edcio do desenvolvimento e da qualidade de vida da sociedade.","publisher":{"@id":"https:\/\/www.institutodeengenharia.org.br\/site\/#organization"},"potentialAction":[{"@type":"SearchAction","target":{"@type":"EntryPoint","urlTemplate":"https:\/\/www.institutodeengenharia.org.br\/site\/?s={search_term_string}"},"query-input":{"@type":"PropertyValueSpecification","valueRequired":true,"valueName":"search_term_string"}}],"inLanguage":"pt-BR"},{"@type":"Organization","@id":"https:\/\/www.institutodeengenharia.org.br\/site\/#organization","name":"Instituto de Engenharia","url":"https:\/\/www.institutodeengenharia.org.br\/site\/","logo":{"@type":"ImageObject","inLanguage":"pt-BR","@id":"https:\/\/www.institutodeengenharia.org.br\/site\/#\/schema\/logo\/image\/","url":"https:\/\/www.institutodeengenharia.org.br\/site\/wp-content\/uploads\/2019\/03\/logo-novo-IE2018-1.jpg","contentUrl":"https:\/\/www.institutodeengenharia.org.br\/site\/wp-content\/uploads\/2019\/03\/logo-novo-IE2018-1.jpg","width":1486,"height":1879,"caption":"Instituto de Engenharia"},"image":{"@id":"https:\/\/www.institutodeengenharia.org.br\/site\/#\/schema\/logo\/image\/"},"sameAs":["https:\/\/www.facebook.com\/institutodeengenharia","https:\/\/x.com\/iengenharia","https:\/\/www.instagram.com\/institutodeengenharia\/","https:\/\/www.linkedin.com\/company\/instituto-de-engenharia\/","https:\/\/www.youtube.com\/channel\/UCXiCAlsSMe977vamW915HxA"]},{"@type":"Person","@id":"https:\/\/www.institutodeengenharia.org.br\/site\/#\/schema\/person\/593dc356630173a4877a635d3e5fd76b","name":"Isabel","image":{"@type":"ImageObject","inLanguage":"pt-BR","@id":"https:\/\/secure.gravatar.com\/avatar\/f3c521db63ec9db17894f10a88c6a3cf95b2281d7f80eeb3cf3ef1cb091576e7?s=96&d=mm&r=g","url":"https:\/\/secure.gravatar.com\/avatar\/f3c521db63ec9db17894f10a88c6a3cf95b2281d7f80eeb3cf3ef1cb091576e7?s=96&d=mm&r=g","contentUrl":"https:\/\/secure.gravatar.com\/avatar\/f3c521db63ec9db17894f10a88c6a3cf95b2281d7f80eeb3cf3ef1cb091576e7?s=96&d=mm&r=g","caption":"Isabel"},"url":"https:\/\/www.institutodeengenharia.org.br\/site\/author\/comunicacao2\/"}]}},"_links":{"self":[{"href":"https:\/\/www.institutodeengenharia.org.br\/site\/wp-json\/wp\/v2\/posts\/134346","targetHints":{"allow":["GET"]}}],"collection":[{"href":"https:\/\/www.institutodeengenharia.org.br\/site\/wp-json\/wp\/v2\/posts"}],"about":[{"href":"https:\/\/www.institutodeengenharia.org.br\/site\/wp-json\/wp\/v2\/types\/post"}],"author":[{"embeddable":true,"href":"https:\/\/www.institutodeengenharia.org.br\/site\/wp-json\/wp\/v2\/users\/14"}],"replies":[{"embeddable":true,"href":"https:\/\/www.institutodeengenharia.org.br\/site\/wp-json\/wp\/v2\/comments?post=134346"}],"version-history":[{"count":5,"href":"https:\/\/www.institutodeengenharia.org.br\/site\/wp-json\/wp\/v2\/posts\/134346\/revisions"}],"predecessor-version":[{"id":134363,"href":"https:\/\/www.institutodeengenharia.org.br\/site\/wp-json\/wp\/v2\/posts\/134346\/revisions\/134363"}],"wp:featuredmedia":[{"embeddable":true,"href":"https:\/\/www.institutodeengenharia.org.br\/site\/wp-json\/wp\/v2\/media\/134354"}],"wp:attachment":[{"href":"https:\/\/www.institutodeengenharia.org.br\/site\/wp-json\/wp\/v2\/media?parent=134346"}],"wp:term":[{"taxonomy":"category","embeddable":true,"href":"https:\/\/www.institutodeengenharia.org.br\/site\/wp-json\/wp\/v2\/categories?post=134346"},{"taxonomy":"post_tag","embeddable":true,"href":"https:\/\/www.institutodeengenharia.org.br\/site\/wp-json\/wp\/v2\/tags?post=134346"}],"curies":[{"name":"wp","href":"https:\/\/api.w.org\/{rel}","templated":true}]}}