{"id":134215,"date":"2025-11-03T16:48:50","date_gmt":"2025-11-03T19:48:50","guid":{"rendered":"https:\/\/www.institutodeengenharia.org.br\/site\/?p=134215"},"modified":"2025-11-06T10:40:32","modified_gmt":"2025-11-06T13:40:32","slug":"paulo-skaf-tem-encontro-com-liderancas-do-ie","status":"publish","type":"post","link":"https:\/\/www.institutodeengenharia.org.br\/site\/2025\/11\/03\/paulo-skaf-tem-encontro-com-liderancas-do-ie\/","title":{"rendered":"Paulo Skaf tem encontro com lideran\u00e7as do IE"},"content":{"rendered":"<p>O presidente eleito da Fiesp (Federa\u00e7\u00e3o das Ind\u00fastrias do Estado de S\u00e3o Paulo), Paulo Skaf, que assume em janeiro seu quinto mandato \u00e0 frente da entidade, foi recebido nesta segunda-feira (3) pela diretoria executiva do Instituto de Engenharia, parceiros e convidados, para um almo\u00e7o na sede da institui\u00e7\u00e3o.<\/p>\n<p>Ap\u00f3s as boas-vindas do presidente do Instituto de Engenharia, Jos\u00e9 Eduardo Jardim, Skaf abordou temas relacionados \u00e0 geopol\u00edtica e destacou a import\u00e2ncia da rela\u00e7\u00e3o com os Estados Unidos, principal parceiro comercial do Brasil.<\/p>\n<p><img loading=\"lazy\" decoding=\"async\" class=\" wp-image-134219 aligncenter\" src=\"https:\/\/www.institutodeengenharia.org.br\/site\/wp-content\/uploads\/2025\/11\/shared-image-14-300x135.jpg\" alt=\"\" width=\"733\" height=\"330\" srcset=\"https:\/\/www.institutodeengenharia.org.br\/site\/wp-content\/uploads\/2025\/11\/shared-image-14-300x135.jpg 300w, https:\/\/www.institutodeengenharia.org.br\/site\/wp-content\/uploads\/2025\/11\/shared-image-14-768x346.jpg 768w, https:\/\/www.institutodeengenharia.org.br\/site\/wp-content\/uploads\/2025\/11\/shared-image-14-696x313.jpg 696w, https:\/\/www.institutodeengenharia.org.br\/site\/wp-content\/uploads\/2025\/11\/shared-image-14-600x270.jpg 600w, https:\/\/www.institutodeengenharia.org.br\/site\/wp-content\/uploads\/2025\/11\/shared-image-14.jpg 800w\" sizes=\"auto, (max-width: 733px) 100vw, 733px\" \/><\/p>\n<p>Sobre seu retorno \u00e0 Fiesp, previsto para janeiro, Skaf afirmou que ter\u00e1 grandes desafios pela frente, uma vez que, segundo ele, \u201cpara todos os lados que olhamos \u2014 seja na economia, geopol\u00edtica, pol\u00edtica, seguran\u00e7a p\u00fablica, seguran\u00e7a jur\u00eddica ou educa\u00e7\u00e3o \u2014 n\u00e3o h\u00e1 uma \u00e1rea em que possamos dizer \u2018aqui est\u00e1 acertado\u2019. Todas precisam de ajustes\u201d.<\/p>\n<p>Em rela\u00e7\u00e3o ao aumento de impostos, Skaf foi categ\u00f3rico ao afirmar que n\u00e3o permitir\u00e1 novos reajustes e, se necess\u00e1rio, \u201cdesenterrar\u00e1 o pato\u201d, em refer\u00eancia ao s\u00edmbolo da campanha da Fiesp contra a alta de impostos e o retorno da CPMF em 2015.<\/p>\n<p>Quanto \u00e0 composi\u00e7\u00e3o dos novos conselhos superiores da Fiesp, ele citou alguns nomes: a senadora Tereza Cristina (PP-MS), que integrar\u00e1 o conselho do agroneg\u00f3cio, e o senador Sergio Moro, que participar\u00e1 do conselho de seguran\u00e7a.<\/p>\n<p>Ao comentar sobre a opera\u00e7\u00e3o policial realizada na ter\u00e7a-feira (28), no Rio de Janeiro, que resultou em mais de cem mortes, Skaf destacou a import\u00e2ncia do combate ao crime organizado, afirmando que \u201cn\u00e3o se deve proteger bandido\u201d e que a a\u00e7\u00e3o \u201cn\u00e3o foi uma chacina, mas um combate leg\u00edtimo\u201d.<\/p>\n<p><img loading=\"lazy\" decoding=\"async\" class=\" wp-image-134218 aligncenter\" src=\"https:\/\/www.institutodeengenharia.org.br\/site\/wp-content\/uploads\/2025\/11\/shared-image-13-300x135.jpg\" alt=\"\" width=\"487\" height=\"219\" srcset=\"https:\/\/www.institutodeengenharia.org.br\/site\/wp-content\/uploads\/2025\/11\/shared-image-13-300x135.jpg 300w, https:\/\/www.institutodeengenharia.org.br\/site\/wp-content\/uploads\/2025\/11\/shared-image-13-1024x461.jpg 1024w, https:\/\/www.institutodeengenharia.org.br\/site\/wp-content\/uploads\/2025\/11\/shared-image-13-768x346.jpg 768w, https:\/\/www.institutodeengenharia.org.br\/site\/wp-content\/uploads\/2025\/11\/shared-image-13-1536x692.jpg 1536w, https:\/\/www.institutodeengenharia.org.br\/site\/wp-content\/uploads\/2025\/11\/shared-image-13-933x420.jpg 933w, https:\/\/www.institutodeengenharia.org.br\/site\/wp-content\/uploads\/2025\/11\/shared-image-13-696x313.jpg 696w, https:\/\/www.institutodeengenharia.org.br\/site\/wp-content\/uploads\/2025\/11\/shared-image-13-1068x481.jpg 1068w, https:\/\/www.institutodeengenharia.org.br\/site\/wp-content\/uploads\/2025\/11\/shared-image-13-1920x865.jpg 1920w, https:\/\/www.institutodeengenharia.org.br\/site\/wp-content\/uploads\/2025\/11\/shared-image-13-600x270.jpg 600w, https:\/\/www.institutodeengenharia.org.br\/site\/wp-content\/uploads\/2025\/11\/shared-image-13.jpg 2016w\" sizes=\"auto, (max-width: 487px) 100vw, 487px\" \/><\/p>\n<p>O encontro, que foi uma parceria Instituto de Engenharia, Associa\u00e7\u00e3o dos Dirigentes de Vendas e Marketing do Brasil (ADVB) e Associa\u00e7\u00e3o Paulista Viva (APV), teve em sua mesa diretora: Jos\u00e9 Eduardo Jardim, presidente do IE; Miguel Ignatios, presidente da ADVB; Ney Zanella, ADVB; Paulo Skaf; Almirante de Esquadra Alexandre Rabello de Faria, diretor-Geral de Desenvolvimento Nuclear e Tecnol\u00f3gico da Marinha; e Livio Giosa, presidente da APV.<\/p>\n<p>Tamb\u00e9m compareceu ao encontro, entre outras autoridades, Rubens Barbosa, presidente de honra da Fiesp.<\/p>\n","protected":false},"excerpt":{"rendered":"<p>O presidente eleito da Fiesp (Federa\u00e7\u00e3o das Ind\u00fastrias do Estado de S\u00e3o Paulo), Paulo Skaf, que assume em janeiro seu quinto mandato \u00e0 frente da entidade, foi recebido nesta segunda-feira (3) pela diretoria executiva do Instituto de Engenharia, parceiros e convidados, para um almo\u00e7o na sede da institui\u00e7\u00e3o. Ap\u00f3s as boas-vindas do presidente do Instituto [&hellip;]<\/p>\n","protected":false},"author":14,"featured_media":134216,"comment_status":"open","ping_status":"open","sticky":false,"template":"","format":"standard","meta":{"footnotes":""},"categories":[27,6],"tags":[],"class_list":{"0":"post-134215","1":"post","2":"type-post","3":"status-publish","4":"format-standard","5":"has-post-thumbnail","7":"category-instituto-de-engenharia","8":"category-noticias"},"yoast_head":"<!-- This site is optimized with the Yoast SEO plugin v27.2 - https:\/\/yoast.com\/product\/yoast-seo-wordpress\/ -->\n<title>Paulo Skaf tem encontro com lideran\u00e7as do IE - Instituto de Engenharia<\/title>\n<meta name=\"robots\" content=\"index, follow, max-snippet:-1, max-image-preview:large, max-video-preview:-1\" \/>\n<link rel=\"canonical\" href=\"https:\/\/www.institutodeengenharia.org.br\/site\/2025\/11\/03\/paulo-skaf-tem-encontro-com-liderancas-do-ie\/\" \/>\n<meta property=\"og:locale\" content=\"pt_BR\" \/>\n<meta property=\"og:type\" content=\"article\" \/>\n<meta property=\"og:title\" content=\"Paulo Skaf tem encontro com lideran\u00e7as do IE - Instituto de Engenharia\" \/>\n<meta property=\"og:description\" content=\"O presidente eleito da Fiesp (Federa\u00e7\u00e3o das Ind\u00fastrias do Estado de S\u00e3o Paulo), Paulo Skaf, que assume em janeiro seu quinto mandato \u00e0 frente da entidade, foi recebido nesta segunda-feira (3) pela diretoria executiva do Instituto de Engenharia, parceiros e convidados, para um almo\u00e7o na sede da institui\u00e7\u00e3o. Ap\u00f3s as boas-vindas do presidente do Instituto [&hellip;]\" \/>\n<meta property=\"og:url\" content=\"https:\/\/www.institutodeengenharia.org.br\/site\/2025\/11\/03\/paulo-skaf-tem-encontro-com-liderancas-do-ie\/\" \/>\n<meta property=\"og:site_name\" content=\"Instituto de Engenharia\" \/>\n<meta property=\"article:publisher\" content=\"https:\/\/www.facebook.com\/institutodeengenharia\" \/>\n<meta property=\"article:published_time\" content=\"2025-11-03T19:48:50+00:00\" \/>\n<meta property=\"article:modified_time\" content=\"2025-11-06T13:40:32+00:00\" \/>\n<meta property=\"og:image\" content=\"https:\/\/www.institutodeengenharia.org.br\/site\/wp-content\/uploads\/2025\/11\/shared-image-12.jpg\" \/>\n\t<meta property=\"og:image:width\" content=\"2000\" \/>\n\t<meta property=\"og:image:height\" content=\"900\" \/>\n\t<meta property=\"og:image:type\" content=\"image\/jpeg\" \/>\n<meta name=\"author\" content=\"Isabel\" \/>\n<meta name=\"twitter:card\" content=\"summary_large_image\" \/>\n<meta name=\"twitter:creator\" content=\"@iengenharia\" \/>\n<meta name=\"twitter:site\" content=\"@iengenharia\" \/>\n<meta name=\"twitter:label1\" content=\"Escrito por\" \/>\n\t<meta name=\"twitter:data1\" content=\"Isabel\" \/>\n\t<meta name=\"twitter:label2\" content=\"Est. tempo de leitura\" \/>\n\t<meta name=\"twitter:data2\" content=\"3 minutos\" \/>\n<script type=\"application\/ld+json\" class=\"yoast-schema-graph\">{\"@context\":\"https:\/\/schema.org\",\"@graph\":[{\"@type\":\"Article\",\"@id\":\"https:\/\/www.institutodeengenharia.org.br\/site\/2025\/11\/03\/paulo-skaf-tem-encontro-com-liderancas-do-ie\/#article\",\"isPartOf\":{\"@id\":\"https:\/\/www.institutodeengenharia.org.br\/site\/2025\/11\/03\/paulo-skaf-tem-encontro-com-liderancas-do-ie\/\"},\"author\":{\"name\":\"Isabel\",\"@id\":\"https:\/\/www.institutodeengenharia.org.br\/site\/#\/schema\/person\/593dc356630173a4877a635d3e5fd76b\"},\"headline\":\"Paulo Skaf tem encontro com lideran\u00e7as do IE\",\"datePublished\":\"2025-11-03T19:48:50+00:00\",\"dateModified\":\"2025-11-06T13:40:32+00:00\",\"mainEntityOfPage\":{\"@id\":\"https:\/\/www.institutodeengenharia.org.br\/site\/2025\/11\/03\/paulo-skaf-tem-encontro-com-liderancas-do-ie\/\"},\"wordCount\":379,\"commentCount\":0,\"publisher\":{\"@id\":\"https:\/\/www.institutodeengenharia.org.br\/site\/#organization\"},\"image\":{\"@id\":\"https:\/\/www.institutodeengenharia.org.br\/site\/2025\/11\/03\/paulo-skaf-tem-encontro-com-liderancas-do-ie\/#primaryimage\"},\"thumbnailUrl\":\"https:\/\/www.institutodeengenharia.org.br\/site\/wp-content\/uploads\/2025\/11\/shared-image-12.jpg\",\"articleSection\":[\"Instituto de Engenharia\",\"Not\u00edcias\"],\"inLanguage\":\"pt-BR\",\"potentialAction\":[{\"@type\":\"CommentAction\",\"name\":\"Comment\",\"target\":[\"https:\/\/www.institutodeengenharia.org.br\/site\/2025\/11\/03\/paulo-skaf-tem-encontro-com-liderancas-do-ie\/#respond\"]}]},{\"@type\":\"WebPage\",\"@id\":\"https:\/\/www.institutodeengenharia.org.br\/site\/2025\/11\/03\/paulo-skaf-tem-encontro-com-liderancas-do-ie\/\",\"url\":\"https:\/\/www.institutodeengenharia.org.br\/site\/2025\/11\/03\/paulo-skaf-tem-encontro-com-liderancas-do-ie\/\",\"name\":\"Paulo Skaf tem encontro com lideran\u00e7as do IE - Instituto de Engenharia\",\"isPartOf\":{\"@id\":\"https:\/\/www.institutodeengenharia.org.br\/site\/#website\"},\"primaryImageOfPage\":{\"@id\":\"https:\/\/www.institutodeengenharia.org.br\/site\/2025\/11\/03\/paulo-skaf-tem-encontro-com-liderancas-do-ie\/#primaryimage\"},\"image\":{\"@id\":\"https:\/\/www.institutodeengenharia.org.br\/site\/2025\/11\/03\/paulo-skaf-tem-encontro-com-liderancas-do-ie\/#primaryimage\"},\"thumbnailUrl\":\"https:\/\/www.institutodeengenharia.org.br\/site\/wp-content\/uploads\/2025\/11\/shared-image-12.jpg\",\"datePublished\":\"2025-11-03T19:48:50+00:00\",\"dateModified\":\"2025-11-06T13:40:32+00:00\",\"breadcrumb\":{\"@id\":\"https:\/\/www.institutodeengenharia.org.br\/site\/2025\/11\/03\/paulo-skaf-tem-encontro-com-liderancas-do-ie\/#breadcrumb\"},\"inLanguage\":\"pt-BR\",\"potentialAction\":[{\"@type\":\"ReadAction\",\"target\":[\"https:\/\/www.institutodeengenharia.org.br\/site\/2025\/11\/03\/paulo-skaf-tem-encontro-com-liderancas-do-ie\/\"]}]},{\"@type\":\"ImageObject\",\"inLanguage\":\"pt-BR\",\"@id\":\"https:\/\/www.institutodeengenharia.org.br\/site\/2025\/11\/03\/paulo-skaf-tem-encontro-com-liderancas-do-ie\/#primaryimage\",\"url\":\"https:\/\/www.institutodeengenharia.org.br\/site\/wp-content\/uploads\/2025\/11\/shared-image-12.jpg\",\"contentUrl\":\"https:\/\/www.institutodeengenharia.org.br\/site\/wp-content\/uploads\/2025\/11\/shared-image-12.jpg\",\"width\":2000,\"height\":900,\"caption\":\"Da esq. p\/ dir.: Lawrence Koo, VP Assuntos Internos IE, Rui Camargo, diretor da Revista Engenharia, Ivan Whately, VP Rela\u00e7\u00f5es Externas IE, Paulo Skaf, Jos\u00e9 Eduardo Jardim, Eny Uono Sanchez, diretora IE, Miriana Marques, VP Adm. Finan\u00e7as IE, Jer\u00f4nimo Cabral, VP Atividades T\u00e9cnicas IE\"},{\"@type\":\"BreadcrumbList\",\"@id\":\"https:\/\/www.institutodeengenharia.org.br\/site\/2025\/11\/03\/paulo-skaf-tem-encontro-com-liderancas-do-ie\/#breadcrumb\",\"itemListElement\":[{\"@type\":\"ListItem\",\"position\":1,\"name\":\"In\u00edcio\",\"item\":\"https:\/\/www.institutodeengenharia.org.br\/site\/\"},{\"@type\":\"ListItem\",\"position\":2,\"name\":\"Paulo Skaf tem encontro com lideran\u00e7as do IE\"}]},{\"@type\":\"WebSite\",\"@id\":\"https:\/\/www.institutodeengenharia.org.br\/site\/#website\",\"url\":\"https:\/\/www.institutodeengenharia.org.br\/site\/\",\"name\":\"Instituto de Engenharia\",\"description\":\"O Instituto de Engenharia promove a Engenharia em benef\u00edcio do desenvolvimento e da qualidade de vida da sociedade.\",\"publisher\":{\"@id\":\"https:\/\/www.institutodeengenharia.org.br\/site\/#organization\"},\"potentialAction\":[{\"@type\":\"SearchAction\",\"target\":{\"@type\":\"EntryPoint\",\"urlTemplate\":\"https:\/\/www.institutodeengenharia.org.br\/site\/?s={search_term_string}\"},\"query-input\":{\"@type\":\"PropertyValueSpecification\",\"valueRequired\":true,\"valueName\":\"search_term_string\"}}],\"inLanguage\":\"pt-BR\"},{\"@type\":\"Organization\",\"@id\":\"https:\/\/www.institutodeengenharia.org.br\/site\/#organization\",\"name\":\"Instituto de Engenharia\",\"url\":\"https:\/\/www.institutodeengenharia.org.br\/site\/\",\"logo\":{\"@type\":\"ImageObject\",\"inLanguage\":\"pt-BR\",\"@id\":\"https:\/\/www.institutodeengenharia.org.br\/site\/#\/schema\/logo\/image\/\",\"url\":\"https:\/\/www.institutodeengenharia.org.br\/site\/wp-content\/uploads\/2019\/03\/logo-novo-IE2018-1.jpg\",\"contentUrl\":\"https:\/\/www.institutodeengenharia.org.br\/site\/wp-content\/uploads\/2019\/03\/logo-novo-IE2018-1.jpg\",\"width\":1486,\"height\":1879,\"caption\":\"Instituto de Engenharia\"},\"image\":{\"@id\":\"https:\/\/www.institutodeengenharia.org.br\/site\/#\/schema\/logo\/image\/\"},\"sameAs\":[\"https:\/\/www.facebook.com\/institutodeengenharia\",\"https:\/\/x.com\/iengenharia\",\"https:\/\/www.instagram.com\/institutodeengenharia\/\",\"https:\/\/www.linkedin.com\/company\/instituto-de-engenharia\/\",\"https:\/\/www.youtube.com\/channel\/UCXiCAlsSMe977vamW915HxA\"]},{\"@type\":\"Person\",\"@id\":\"https:\/\/www.institutodeengenharia.org.br\/site\/#\/schema\/person\/593dc356630173a4877a635d3e5fd76b\",\"name\":\"Isabel\",\"image\":{\"@type\":\"ImageObject\",\"inLanguage\":\"pt-BR\",\"@id\":\"https:\/\/secure.gravatar.com\/avatar\/f3c521db63ec9db17894f10a88c6a3cf95b2281d7f80eeb3cf3ef1cb091576e7?s=96&d=mm&r=g\",\"url\":\"https:\/\/secure.gravatar.com\/avatar\/f3c521db63ec9db17894f10a88c6a3cf95b2281d7f80eeb3cf3ef1cb091576e7?s=96&d=mm&r=g\",\"contentUrl\":\"https:\/\/secure.gravatar.com\/avatar\/f3c521db63ec9db17894f10a88c6a3cf95b2281d7f80eeb3cf3ef1cb091576e7?s=96&d=mm&r=g\",\"caption\":\"Isabel\"},\"url\":\"https:\/\/www.institutodeengenharia.org.br\/site\/author\/comunicacao2\/\"}]}<\/script>\n<!-- \/ Yoast SEO plugin. -->","yoast_head_json":{"title":"Paulo Skaf tem encontro com lideran\u00e7as do IE - Instituto de Engenharia","robots":{"index":"index","follow":"follow","max-snippet":"max-snippet:-1","max-image-preview":"max-image-preview:large","max-video-preview":"max-video-preview:-1"},"canonical":"https:\/\/www.institutodeengenharia.org.br\/site\/2025\/11\/03\/paulo-skaf-tem-encontro-com-liderancas-do-ie\/","og_locale":"pt_BR","og_type":"article","og_title":"Paulo Skaf tem encontro com lideran\u00e7as do IE - Instituto de Engenharia","og_description":"O presidente eleito da Fiesp (Federa\u00e7\u00e3o das Ind\u00fastrias do Estado de S\u00e3o Paulo), Paulo Skaf, que assume em janeiro seu quinto mandato \u00e0 frente da entidade, foi recebido nesta segunda-feira (3) pela diretoria executiva do Instituto de Engenharia, parceiros e convidados, para um almo\u00e7o na sede da institui\u00e7\u00e3o. Ap\u00f3s as boas-vindas do presidente do Instituto [&hellip;]","og_url":"https:\/\/www.institutodeengenharia.org.br\/site\/2025\/11\/03\/paulo-skaf-tem-encontro-com-liderancas-do-ie\/","og_site_name":"Instituto de Engenharia","article_publisher":"https:\/\/www.facebook.com\/institutodeengenharia","article_published_time":"2025-11-03T19:48:50+00:00","article_modified_time":"2025-11-06T13:40:32+00:00","og_image":[{"width":2000,"height":900,"url":"https:\/\/www.institutodeengenharia.org.br\/site\/wp-content\/uploads\/2025\/11\/shared-image-12.jpg","type":"image\/jpeg"}],"author":"Isabel","twitter_card":"summary_large_image","twitter_creator":"@iengenharia","twitter_site":"@iengenharia","twitter_misc":{"Escrito por":"Isabel","Est. tempo de leitura":"3 minutos"},"schema":{"@context":"https:\/\/schema.org","@graph":[{"@type":"Article","@id":"https:\/\/www.institutodeengenharia.org.br\/site\/2025\/11\/03\/paulo-skaf-tem-encontro-com-liderancas-do-ie\/#article","isPartOf":{"@id":"https:\/\/www.institutodeengenharia.org.br\/site\/2025\/11\/03\/paulo-skaf-tem-encontro-com-liderancas-do-ie\/"},"author":{"name":"Isabel","@id":"https:\/\/www.institutodeengenharia.org.br\/site\/#\/schema\/person\/593dc356630173a4877a635d3e5fd76b"},"headline":"Paulo Skaf tem encontro com lideran\u00e7as do IE","datePublished":"2025-11-03T19:48:50+00:00","dateModified":"2025-11-06T13:40:32+00:00","mainEntityOfPage":{"@id":"https:\/\/www.institutodeengenharia.org.br\/site\/2025\/11\/03\/paulo-skaf-tem-encontro-com-liderancas-do-ie\/"},"wordCount":379,"commentCount":0,"publisher":{"@id":"https:\/\/www.institutodeengenharia.org.br\/site\/#organization"},"image":{"@id":"https:\/\/www.institutodeengenharia.org.br\/site\/2025\/11\/03\/paulo-skaf-tem-encontro-com-liderancas-do-ie\/#primaryimage"},"thumbnailUrl":"https:\/\/www.institutodeengenharia.org.br\/site\/wp-content\/uploads\/2025\/11\/shared-image-12.jpg","articleSection":["Instituto de Engenharia","Not\u00edcias"],"inLanguage":"pt-BR","potentialAction":[{"@type":"CommentAction","name":"Comment","target":["https:\/\/www.institutodeengenharia.org.br\/site\/2025\/11\/03\/paulo-skaf-tem-encontro-com-liderancas-do-ie\/#respond"]}]},{"@type":"WebPage","@id":"https:\/\/www.institutodeengenharia.org.br\/site\/2025\/11\/03\/paulo-skaf-tem-encontro-com-liderancas-do-ie\/","url":"https:\/\/www.institutodeengenharia.org.br\/site\/2025\/11\/03\/paulo-skaf-tem-encontro-com-liderancas-do-ie\/","name":"Paulo Skaf tem encontro com lideran\u00e7as do IE - Instituto de Engenharia","isPartOf":{"@id":"https:\/\/www.institutodeengenharia.org.br\/site\/#website"},"primaryImageOfPage":{"@id":"https:\/\/www.institutodeengenharia.org.br\/site\/2025\/11\/03\/paulo-skaf-tem-encontro-com-liderancas-do-ie\/#primaryimage"},"image":{"@id":"https:\/\/www.institutodeengenharia.org.br\/site\/2025\/11\/03\/paulo-skaf-tem-encontro-com-liderancas-do-ie\/#primaryimage"},"thumbnailUrl":"https:\/\/www.institutodeengenharia.org.br\/site\/wp-content\/uploads\/2025\/11\/shared-image-12.jpg","datePublished":"2025-11-03T19:48:50+00:00","dateModified":"2025-11-06T13:40:32+00:00","breadcrumb":{"@id":"https:\/\/www.institutodeengenharia.org.br\/site\/2025\/11\/03\/paulo-skaf-tem-encontro-com-liderancas-do-ie\/#breadcrumb"},"inLanguage":"pt-BR","potentialAction":[{"@type":"ReadAction","target":["https:\/\/www.institutodeengenharia.org.br\/site\/2025\/11\/03\/paulo-skaf-tem-encontro-com-liderancas-do-ie\/"]}]},{"@type":"ImageObject","inLanguage":"pt-BR","@id":"https:\/\/www.institutodeengenharia.org.br\/site\/2025\/11\/03\/paulo-skaf-tem-encontro-com-liderancas-do-ie\/#primaryimage","url":"https:\/\/www.institutodeengenharia.org.br\/site\/wp-content\/uploads\/2025\/11\/shared-image-12.jpg","contentUrl":"https:\/\/www.institutodeengenharia.org.br\/site\/wp-content\/uploads\/2025\/11\/shared-image-12.jpg","width":2000,"height":900,"caption":"Da esq. p\/ dir.: Lawrence Koo, VP Assuntos Internos IE, Rui Camargo, diretor da Revista Engenharia, Ivan Whately, VP Rela\u00e7\u00f5es Externas IE, Paulo Skaf, Jos\u00e9 Eduardo Jardim, Eny Uono Sanchez, diretora IE, Miriana Marques, VP Adm. Finan\u00e7as IE, Jer\u00f4nimo Cabral, VP Atividades T\u00e9cnicas IE"},{"@type":"BreadcrumbList","@id":"https:\/\/www.institutodeengenharia.org.br\/site\/2025\/11\/03\/paulo-skaf-tem-encontro-com-liderancas-do-ie\/#breadcrumb","itemListElement":[{"@type":"ListItem","position":1,"name":"In\u00edcio","item":"https:\/\/www.institutodeengenharia.org.br\/site\/"},{"@type":"ListItem","position":2,"name":"Paulo Skaf tem encontro com lideran\u00e7as do IE"}]},{"@type":"WebSite","@id":"https:\/\/www.institutodeengenharia.org.br\/site\/#website","url":"https:\/\/www.institutodeengenharia.org.br\/site\/","name":"Instituto de Engenharia","description":"O Instituto de Engenharia promove a Engenharia em benef\u00edcio do desenvolvimento e da qualidade de vida da sociedade.","publisher":{"@id":"https:\/\/www.institutodeengenharia.org.br\/site\/#organization"},"potentialAction":[{"@type":"SearchAction","target":{"@type":"EntryPoint","urlTemplate":"https:\/\/www.institutodeengenharia.org.br\/site\/?s={search_term_string}"},"query-input":{"@type":"PropertyValueSpecification","valueRequired":true,"valueName":"search_term_string"}}],"inLanguage":"pt-BR"},{"@type":"Organization","@id":"https:\/\/www.institutodeengenharia.org.br\/site\/#organization","name":"Instituto de Engenharia","url":"https:\/\/www.institutodeengenharia.org.br\/site\/","logo":{"@type":"ImageObject","inLanguage":"pt-BR","@id":"https:\/\/www.institutodeengenharia.org.br\/site\/#\/schema\/logo\/image\/","url":"https:\/\/www.institutodeengenharia.org.br\/site\/wp-content\/uploads\/2019\/03\/logo-novo-IE2018-1.jpg","contentUrl":"https:\/\/www.institutodeengenharia.org.br\/site\/wp-content\/uploads\/2019\/03\/logo-novo-IE2018-1.jpg","width":1486,"height":1879,"caption":"Instituto de Engenharia"},"image":{"@id":"https:\/\/www.institutodeengenharia.org.br\/site\/#\/schema\/logo\/image\/"},"sameAs":["https:\/\/www.facebook.com\/institutodeengenharia","https:\/\/x.com\/iengenharia","https:\/\/www.instagram.com\/institutodeengenharia\/","https:\/\/www.linkedin.com\/company\/instituto-de-engenharia\/","https:\/\/www.youtube.com\/channel\/UCXiCAlsSMe977vamW915HxA"]},{"@type":"Person","@id":"https:\/\/www.institutodeengenharia.org.br\/site\/#\/schema\/person\/593dc356630173a4877a635d3e5fd76b","name":"Isabel","image":{"@type":"ImageObject","inLanguage":"pt-BR","@id":"https:\/\/secure.gravatar.com\/avatar\/f3c521db63ec9db17894f10a88c6a3cf95b2281d7f80eeb3cf3ef1cb091576e7?s=96&d=mm&r=g","url":"https:\/\/secure.gravatar.com\/avatar\/f3c521db63ec9db17894f10a88c6a3cf95b2281d7f80eeb3cf3ef1cb091576e7?s=96&d=mm&r=g","contentUrl":"https:\/\/secure.gravatar.com\/avatar\/f3c521db63ec9db17894f10a88c6a3cf95b2281d7f80eeb3cf3ef1cb091576e7?s=96&d=mm&r=g","caption":"Isabel"},"url":"https:\/\/www.institutodeengenharia.org.br\/site\/author\/comunicacao2\/"}]}},"_links":{"self":[{"href":"https:\/\/www.institutodeengenharia.org.br\/site\/wp-json\/wp\/v2\/posts\/134215","targetHints":{"allow":["GET"]}}],"collection":[{"href":"https:\/\/www.institutodeengenharia.org.br\/site\/wp-json\/wp\/v2\/posts"}],"about":[{"href":"https:\/\/www.institutodeengenharia.org.br\/site\/wp-json\/wp\/v2\/types\/post"}],"author":[{"embeddable":true,"href":"https:\/\/www.institutodeengenharia.org.br\/site\/wp-json\/wp\/v2\/users\/14"}],"replies":[{"embeddable":true,"href":"https:\/\/www.institutodeengenharia.org.br\/site\/wp-json\/wp\/v2\/comments?post=134215"}],"version-history":[{"count":2,"href":"https:\/\/www.institutodeengenharia.org.br\/site\/wp-json\/wp\/v2\/posts\/134215\/revisions"}],"predecessor-version":[{"id":134321,"href":"https:\/\/www.institutodeengenharia.org.br\/site\/wp-json\/wp\/v2\/posts\/134215\/revisions\/134321"}],"wp:featuredmedia":[{"embeddable":true,"href":"https:\/\/www.institutodeengenharia.org.br\/site\/wp-json\/wp\/v2\/media\/134216"}],"wp:attachment":[{"href":"https:\/\/www.institutodeengenharia.org.br\/site\/wp-json\/wp\/v2\/media?parent=134215"}],"wp:term":[{"taxonomy":"category","embeddable":true,"href":"https:\/\/www.institutodeengenharia.org.br\/site\/wp-json\/wp\/v2\/categories?post=134215"},{"taxonomy":"post_tag","embeddable":true,"href":"https:\/\/www.institutodeengenharia.org.br\/site\/wp-json\/wp\/v2\/tags?post=134215"}],"curies":[{"name":"wp","href":"https:\/\/api.w.org\/{rel}","templated":true}]}}