{"id":134130,"date":"2025-10-30T09:48:24","date_gmt":"2025-10-30T12:48:24","guid":{"rendered":"https:\/\/www.institutodeengenharia.org.br\/site\/?p=134130"},"modified":"2025-10-30T09:48:24","modified_gmt":"2025-10-30T12:48:24","slug":"representantes-da-rinnai-brasil-sao-recebidos-pela-diretoria-executiva-do-ie","status":"publish","type":"post","link":"https:\/\/www.institutodeengenharia.org.br\/site\/2025\/10\/30\/representantes-da-rinnai-brasil-sao-recebidos-pela-diretoria-executiva-do-ie\/","title":{"rendered":"Representantes da Rinnai Brasil s\u00e3o recebidos pela diretoria executiva do IE"},"content":{"rendered":"<p data-start=\"113\" data-end=\"403\">O presidente do Instituto de Engenharia, Jos\u00e9 Eduardo Jardim\u00a0 -juntamente com sua diretoria e conselheiros-, recebeu nesta quarta-feira (29), representantes da Rinnai Brasil, para discutir a formaliza\u00e7\u00e3o de uma parceria t\u00e9cnica. O encontro foi intermediado pela associada, Cibele Monteverde.<\/p>\n<p data-start=\"405\" data-end=\"744\">Empresa nip\u00f4nica, com 105 anos de hist\u00f3ria, e presen\u00e7a consolidada h\u00e1 50 anos no Brasil, onde mant\u00e9m sua sede em Mogi das Cruzes, na regi\u00e3o metropolitana de S\u00e3o Paulo, a Rinnai \u00e9 reconhecida mundialmente por sua excel\u00eancia em aquecedores a g\u00e1s, e busca ampliar sua colabora\u00e7\u00e3o com institui\u00e7\u00f5es t\u00e9cnicas e de Engenharia.<\/p>\n<p data-start=\"405\" data-end=\"744\"><img loading=\"lazy\" decoding=\"async\" class=\" wp-image-134132 aligncenter\" src=\"https:\/\/www.institutodeengenharia.org.br\/site\/wp-content\/uploads\/2025\/10\/shared-image-11-300x135.jpg\" alt=\"\" width=\"378\" height=\"170\" srcset=\"https:\/\/www.institutodeengenharia.org.br\/site\/wp-content\/uploads\/2025\/10\/shared-image-11-300x135.jpg 300w, https:\/\/www.institutodeengenharia.org.br\/site\/wp-content\/uploads\/2025\/10\/shared-image-11-1024x461.jpg 1024w, https:\/\/www.institutodeengenharia.org.br\/site\/wp-content\/uploads\/2025\/10\/shared-image-11-768x346.jpg 768w, https:\/\/www.institutodeengenharia.org.br\/site\/wp-content\/uploads\/2025\/10\/shared-image-11-1536x692.jpg 1536w, https:\/\/www.institutodeengenharia.org.br\/site\/wp-content\/uploads\/2025\/10\/shared-image-11-933x420.jpg 933w, https:\/\/www.institutodeengenharia.org.br\/site\/wp-content\/uploads\/2025\/10\/shared-image-11-696x313.jpg 696w, https:\/\/www.institutodeengenharia.org.br\/site\/wp-content\/uploads\/2025\/10\/shared-image-11-1068x481.jpg 1068w, https:\/\/www.institutodeengenharia.org.br\/site\/wp-content\/uploads\/2025\/10\/shared-image-11-1920x865.jpg 1920w, https:\/\/www.institutodeengenharia.org.br\/site\/wp-content\/uploads\/2025\/10\/shared-image-11-600x270.jpg 600w, https:\/\/www.institutodeengenharia.org.br\/site\/wp-content\/uploads\/2025\/10\/shared-image-11.jpg 2016w\" sizes=\"auto, (max-width: 378px) 100vw, 378px\" \/><\/p>\n<p data-start=\"746\" data-end=\"983\">Participaram da reuni\u00e3o, da Rinnai, Eduardo Tubosaka, diretor Comercial; Leonardo Abreu, respons\u00e1vel pelo Marketing e coordenador de suporte para engenheiros; Leia Barros, executiva Comercial; e Edson Furuta, gerente de Engenharia.<\/p>\n","protected":false},"excerpt":{"rendered":"<p>O presidente do Instituto de Engenharia, Jos\u00e9 Eduardo Jardim\u00a0 -juntamente com sua diretoria e conselheiros-, recebeu nesta quarta-feira (29), representantes da Rinnai Brasil, para discutir a formaliza\u00e7\u00e3o de uma parceria t\u00e9cnica. O encontro foi intermediado pela associada, Cibele Monteverde. Empresa nip\u00f4nica, com 105 anos de hist\u00f3ria, e presen\u00e7a consolidada h\u00e1 50 anos no Brasil, onde [&hellip;]<\/p>\n","protected":false},"author":14,"featured_media":134131,"comment_status":"open","ping_status":"open","sticky":false,"template":"","format":"standard","meta":{"footnotes":""},"categories":[27,6],"tags":[],"class_list":{"0":"post-134130","1":"post","2":"type-post","3":"status-publish","4":"format-standard","5":"has-post-thumbnail","7":"category-instituto-de-engenharia","8":"category-noticias"},"yoast_head":"<!-- This site is optimized with the Yoast SEO plugin v27.2 - https:\/\/yoast.com\/product\/yoast-seo-wordpress\/ -->\n<title>Representantes da Rinnai Brasil s\u00e3o recebidos pela diretoria executiva do IE - Instituto de Engenharia<\/title>\n<meta name=\"robots\" content=\"index, follow, max-snippet:-1, max-image-preview:large, max-video-preview:-1\" \/>\n<link rel=\"canonical\" href=\"https:\/\/www.institutodeengenharia.org.br\/site\/2025\/10\/30\/representantes-da-rinnai-brasil-sao-recebidos-pela-diretoria-executiva-do-ie\/\" \/>\n<meta property=\"og:locale\" content=\"pt_BR\" \/>\n<meta property=\"og:type\" content=\"article\" \/>\n<meta property=\"og:title\" content=\"Representantes da Rinnai Brasil s\u00e3o recebidos pela diretoria executiva do IE - Instituto de Engenharia\" \/>\n<meta property=\"og:description\" content=\"O presidente do Instituto de Engenharia, Jos\u00e9 Eduardo Jardim\u00a0 -juntamente com sua diretoria e conselheiros-, recebeu nesta quarta-feira (29), representantes da Rinnai Brasil, para discutir a formaliza\u00e7\u00e3o de uma parceria t\u00e9cnica. O encontro foi intermediado pela associada, Cibele Monteverde. Empresa nip\u00f4nica, com 105 anos de hist\u00f3ria, e presen\u00e7a consolidada h\u00e1 50 anos no Brasil, onde [&hellip;]\" \/>\n<meta property=\"og:url\" content=\"https:\/\/www.institutodeengenharia.org.br\/site\/2025\/10\/30\/representantes-da-rinnai-brasil-sao-recebidos-pela-diretoria-executiva-do-ie\/\" \/>\n<meta property=\"og:site_name\" content=\"Instituto de Engenharia\" \/>\n<meta property=\"article:publisher\" content=\"https:\/\/www.facebook.com\/institutodeengenharia\" \/>\n<meta property=\"article:published_time\" content=\"2025-10-30T12:48:24+00:00\" \/>\n<meta property=\"og:image\" content=\"https:\/\/www.institutodeengenharia.org.br\/site\/wp-content\/uploads\/2025\/10\/shared-image-10.jpg\" \/>\n\t<meta property=\"og:image:width\" content=\"2016\" \/>\n\t<meta property=\"og:image:height\" content=\"908\" \/>\n\t<meta property=\"og:image:type\" content=\"image\/jpeg\" \/>\n<meta name=\"author\" content=\"Isabel\" \/>\n<meta name=\"twitter:card\" content=\"summary_large_image\" \/>\n<meta name=\"twitter:creator\" content=\"@iengenharia\" \/>\n<meta name=\"twitter:site\" content=\"@iengenharia\" \/>\n<meta name=\"twitter:label1\" content=\"Escrito por\" \/>\n\t<meta name=\"twitter:data1\" content=\"Isabel\" \/>\n\t<meta name=\"twitter:label2\" content=\"Est. tempo de leitura\" \/>\n\t<meta name=\"twitter:data2\" content=\"2 minutos\" \/>\n<script type=\"application\/ld+json\" class=\"yoast-schema-graph\">{\"@context\":\"https:\/\/schema.org\",\"@graph\":[{\"@type\":\"Article\",\"@id\":\"https:\/\/www.institutodeengenharia.org.br\/site\/2025\/10\/30\/representantes-da-rinnai-brasil-sao-recebidos-pela-diretoria-executiva-do-ie\/#article\",\"isPartOf\":{\"@id\":\"https:\/\/www.institutodeengenharia.org.br\/site\/2025\/10\/30\/representantes-da-rinnai-brasil-sao-recebidos-pela-diretoria-executiva-do-ie\/\"},\"author\":{\"name\":\"Isabel\",\"@id\":\"https:\/\/www.institutodeengenharia.org.br\/site\/#\/schema\/person\/593dc356630173a4877a635d3e5fd76b\"},\"headline\":\"Representantes da Rinnai Brasil s\u00e3o recebidos pela diretoria executiva do IE\",\"datePublished\":\"2025-10-30T12:48:24+00:00\",\"mainEntityOfPage\":{\"@id\":\"https:\/\/www.institutodeengenharia.org.br\/site\/2025\/10\/30\/representantes-da-rinnai-brasil-sao-recebidos-pela-diretoria-executiva-do-ie\/\"},\"wordCount\":144,\"commentCount\":0,\"publisher\":{\"@id\":\"https:\/\/www.institutodeengenharia.org.br\/site\/#organization\"},\"image\":{\"@id\":\"https:\/\/www.institutodeengenharia.org.br\/site\/2025\/10\/30\/representantes-da-rinnai-brasil-sao-recebidos-pela-diretoria-executiva-do-ie\/#primaryimage\"},\"thumbnailUrl\":\"https:\/\/www.institutodeengenharia.org.br\/site\/wp-content\/uploads\/2025\/10\/shared-image-10.jpg\",\"articleSection\":[\"Instituto de Engenharia\",\"Not\u00edcias\"],\"inLanguage\":\"pt-BR\",\"potentialAction\":[{\"@type\":\"CommentAction\",\"name\":\"Comment\",\"target\":[\"https:\/\/www.institutodeengenharia.org.br\/site\/2025\/10\/30\/representantes-da-rinnai-brasil-sao-recebidos-pela-diretoria-executiva-do-ie\/#respond\"]}]},{\"@type\":\"WebPage\",\"@id\":\"https:\/\/www.institutodeengenharia.org.br\/site\/2025\/10\/30\/representantes-da-rinnai-brasil-sao-recebidos-pela-diretoria-executiva-do-ie\/\",\"url\":\"https:\/\/www.institutodeengenharia.org.br\/site\/2025\/10\/30\/representantes-da-rinnai-brasil-sao-recebidos-pela-diretoria-executiva-do-ie\/\",\"name\":\"Representantes da Rinnai Brasil s\u00e3o recebidos pela diretoria executiva do IE - Instituto de Engenharia\",\"isPartOf\":{\"@id\":\"https:\/\/www.institutodeengenharia.org.br\/site\/#website\"},\"primaryImageOfPage\":{\"@id\":\"https:\/\/www.institutodeengenharia.org.br\/site\/2025\/10\/30\/representantes-da-rinnai-brasil-sao-recebidos-pela-diretoria-executiva-do-ie\/#primaryimage\"},\"image\":{\"@id\":\"https:\/\/www.institutodeengenharia.org.br\/site\/2025\/10\/30\/representantes-da-rinnai-brasil-sao-recebidos-pela-diretoria-executiva-do-ie\/#primaryimage\"},\"thumbnailUrl\":\"https:\/\/www.institutodeengenharia.org.br\/site\/wp-content\/uploads\/2025\/10\/shared-image-10.jpg\",\"datePublished\":\"2025-10-30T12:48:24+00:00\",\"breadcrumb\":{\"@id\":\"https:\/\/www.institutodeengenharia.org.br\/site\/2025\/10\/30\/representantes-da-rinnai-brasil-sao-recebidos-pela-diretoria-executiva-do-ie\/#breadcrumb\"},\"inLanguage\":\"pt-BR\",\"potentialAction\":[{\"@type\":\"ReadAction\",\"target\":[\"https:\/\/www.institutodeengenharia.org.br\/site\/2025\/10\/30\/representantes-da-rinnai-brasil-sao-recebidos-pela-diretoria-executiva-do-ie\/\"]}]},{\"@type\":\"ImageObject\",\"inLanguage\":\"pt-BR\",\"@id\":\"https:\/\/www.institutodeengenharia.org.br\/site\/2025\/10\/30\/representantes-da-rinnai-brasil-sao-recebidos-pela-diretoria-executiva-do-ie\/#primaryimage\",\"url\":\"https:\/\/www.institutodeengenharia.org.br\/site\/wp-content\/uploads\/2025\/10\/shared-image-10.jpg\",\"contentUrl\":\"https:\/\/www.institutodeengenharia.org.br\/site\/wp-content\/uploads\/2025\/10\/shared-image-10.jpg\",\"width\":2016,\"height\":908,\"caption\":\"Da esq. p\/ dir.: Cibele Monteverde, Edson Furuta, Leonardo Abreu, Leia Barros, Jos\u00e9 Eduardo Jardim, Eduardo Tubosaka, Ivan Whately, VP de Rela\u00e7\u00f5es Externas IE, Miriana Marques, VP de Adm. Finan\u00e7as IE, Rui Camargo, diretor da Revista Engenharia, Ricardo Kenzo e Jos\u00e9 Eduardo Cavalcanti, conselheiros IE\"},{\"@type\":\"BreadcrumbList\",\"@id\":\"https:\/\/www.institutodeengenharia.org.br\/site\/2025\/10\/30\/representantes-da-rinnai-brasil-sao-recebidos-pela-diretoria-executiva-do-ie\/#breadcrumb\",\"itemListElement\":[{\"@type\":\"ListItem\",\"position\":1,\"name\":\"In\u00edcio\",\"item\":\"https:\/\/www.institutodeengenharia.org.br\/site\/\"},{\"@type\":\"ListItem\",\"position\":2,\"name\":\"Representantes da Rinnai Brasil s\u00e3o recebidos pela diretoria executiva do IE\"}]},{\"@type\":\"WebSite\",\"@id\":\"https:\/\/www.institutodeengenharia.org.br\/site\/#website\",\"url\":\"https:\/\/www.institutodeengenharia.org.br\/site\/\",\"name\":\"Instituto de Engenharia\",\"description\":\"O Instituto de Engenharia promove a Engenharia em benef\u00edcio do desenvolvimento e da qualidade de vida da sociedade.\",\"publisher\":{\"@id\":\"https:\/\/www.institutodeengenharia.org.br\/site\/#organization\"},\"potentialAction\":[{\"@type\":\"SearchAction\",\"target\":{\"@type\":\"EntryPoint\",\"urlTemplate\":\"https:\/\/www.institutodeengenharia.org.br\/site\/?s={search_term_string}\"},\"query-input\":{\"@type\":\"PropertyValueSpecification\",\"valueRequired\":true,\"valueName\":\"search_term_string\"}}],\"inLanguage\":\"pt-BR\"},{\"@type\":\"Organization\",\"@id\":\"https:\/\/www.institutodeengenharia.org.br\/site\/#organization\",\"name\":\"Instituto de Engenharia\",\"url\":\"https:\/\/www.institutodeengenharia.org.br\/site\/\",\"logo\":{\"@type\":\"ImageObject\",\"inLanguage\":\"pt-BR\",\"@id\":\"https:\/\/www.institutodeengenharia.org.br\/site\/#\/schema\/logo\/image\/\",\"url\":\"https:\/\/www.institutodeengenharia.org.br\/site\/wp-content\/uploads\/2019\/03\/logo-novo-IE2018-1.jpg\",\"contentUrl\":\"https:\/\/www.institutodeengenharia.org.br\/site\/wp-content\/uploads\/2019\/03\/logo-novo-IE2018-1.jpg\",\"width\":1486,\"height\":1879,\"caption\":\"Instituto de Engenharia\"},\"image\":{\"@id\":\"https:\/\/www.institutodeengenharia.org.br\/site\/#\/schema\/logo\/image\/\"},\"sameAs\":[\"https:\/\/www.facebook.com\/institutodeengenharia\",\"https:\/\/x.com\/iengenharia\",\"https:\/\/www.instagram.com\/institutodeengenharia\/\",\"https:\/\/www.linkedin.com\/company\/instituto-de-engenharia\/\",\"https:\/\/www.youtube.com\/channel\/UCXiCAlsSMe977vamW915HxA\"]},{\"@type\":\"Person\",\"@id\":\"https:\/\/www.institutodeengenharia.org.br\/site\/#\/schema\/person\/593dc356630173a4877a635d3e5fd76b\",\"name\":\"Isabel\",\"image\":{\"@type\":\"ImageObject\",\"inLanguage\":\"pt-BR\",\"@id\":\"https:\/\/secure.gravatar.com\/avatar\/f3c521db63ec9db17894f10a88c6a3cf95b2281d7f80eeb3cf3ef1cb091576e7?s=96&d=mm&r=g\",\"url\":\"https:\/\/secure.gravatar.com\/avatar\/f3c521db63ec9db17894f10a88c6a3cf95b2281d7f80eeb3cf3ef1cb091576e7?s=96&d=mm&r=g\",\"contentUrl\":\"https:\/\/secure.gravatar.com\/avatar\/f3c521db63ec9db17894f10a88c6a3cf95b2281d7f80eeb3cf3ef1cb091576e7?s=96&d=mm&r=g\",\"caption\":\"Isabel\"},\"url\":\"https:\/\/www.institutodeengenharia.org.br\/site\/author\/comunicacao2\/\"}]}<\/script>\n<!-- \/ Yoast SEO plugin. -->","yoast_head_json":{"title":"Representantes da Rinnai Brasil s\u00e3o recebidos pela diretoria executiva do IE - Instituto de Engenharia","robots":{"index":"index","follow":"follow","max-snippet":"max-snippet:-1","max-image-preview":"max-image-preview:large","max-video-preview":"max-video-preview:-1"},"canonical":"https:\/\/www.institutodeengenharia.org.br\/site\/2025\/10\/30\/representantes-da-rinnai-brasil-sao-recebidos-pela-diretoria-executiva-do-ie\/","og_locale":"pt_BR","og_type":"article","og_title":"Representantes da Rinnai Brasil s\u00e3o recebidos pela diretoria executiva do IE - Instituto de Engenharia","og_description":"O presidente do Instituto de Engenharia, Jos\u00e9 Eduardo Jardim\u00a0 -juntamente com sua diretoria e conselheiros-, recebeu nesta quarta-feira (29), representantes da Rinnai Brasil, para discutir a formaliza\u00e7\u00e3o de uma parceria t\u00e9cnica. O encontro foi intermediado pela associada, Cibele Monteverde. Empresa nip\u00f4nica, com 105 anos de hist\u00f3ria, e presen\u00e7a consolidada h\u00e1 50 anos no Brasil, onde [&hellip;]","og_url":"https:\/\/www.institutodeengenharia.org.br\/site\/2025\/10\/30\/representantes-da-rinnai-brasil-sao-recebidos-pela-diretoria-executiva-do-ie\/","og_site_name":"Instituto de Engenharia","article_publisher":"https:\/\/www.facebook.com\/institutodeengenharia","article_published_time":"2025-10-30T12:48:24+00:00","og_image":[{"width":2016,"height":908,"url":"https:\/\/www.institutodeengenharia.org.br\/site\/wp-content\/uploads\/2025\/10\/shared-image-10.jpg","type":"image\/jpeg"}],"author":"Isabel","twitter_card":"summary_large_image","twitter_creator":"@iengenharia","twitter_site":"@iengenharia","twitter_misc":{"Escrito por":"Isabel","Est. tempo de leitura":"2 minutos"},"schema":{"@context":"https:\/\/schema.org","@graph":[{"@type":"Article","@id":"https:\/\/www.institutodeengenharia.org.br\/site\/2025\/10\/30\/representantes-da-rinnai-brasil-sao-recebidos-pela-diretoria-executiva-do-ie\/#article","isPartOf":{"@id":"https:\/\/www.institutodeengenharia.org.br\/site\/2025\/10\/30\/representantes-da-rinnai-brasil-sao-recebidos-pela-diretoria-executiva-do-ie\/"},"author":{"name":"Isabel","@id":"https:\/\/www.institutodeengenharia.org.br\/site\/#\/schema\/person\/593dc356630173a4877a635d3e5fd76b"},"headline":"Representantes da Rinnai Brasil s\u00e3o recebidos pela diretoria executiva do IE","datePublished":"2025-10-30T12:48:24+00:00","mainEntityOfPage":{"@id":"https:\/\/www.institutodeengenharia.org.br\/site\/2025\/10\/30\/representantes-da-rinnai-brasil-sao-recebidos-pela-diretoria-executiva-do-ie\/"},"wordCount":144,"commentCount":0,"publisher":{"@id":"https:\/\/www.institutodeengenharia.org.br\/site\/#organization"},"image":{"@id":"https:\/\/www.institutodeengenharia.org.br\/site\/2025\/10\/30\/representantes-da-rinnai-brasil-sao-recebidos-pela-diretoria-executiva-do-ie\/#primaryimage"},"thumbnailUrl":"https:\/\/www.institutodeengenharia.org.br\/site\/wp-content\/uploads\/2025\/10\/shared-image-10.jpg","articleSection":["Instituto de Engenharia","Not\u00edcias"],"inLanguage":"pt-BR","potentialAction":[{"@type":"CommentAction","name":"Comment","target":["https:\/\/www.institutodeengenharia.org.br\/site\/2025\/10\/30\/representantes-da-rinnai-brasil-sao-recebidos-pela-diretoria-executiva-do-ie\/#respond"]}]},{"@type":"WebPage","@id":"https:\/\/www.institutodeengenharia.org.br\/site\/2025\/10\/30\/representantes-da-rinnai-brasil-sao-recebidos-pela-diretoria-executiva-do-ie\/","url":"https:\/\/www.institutodeengenharia.org.br\/site\/2025\/10\/30\/representantes-da-rinnai-brasil-sao-recebidos-pela-diretoria-executiva-do-ie\/","name":"Representantes da Rinnai Brasil s\u00e3o recebidos pela diretoria executiva do IE - Instituto de Engenharia","isPartOf":{"@id":"https:\/\/www.institutodeengenharia.org.br\/site\/#website"},"primaryImageOfPage":{"@id":"https:\/\/www.institutodeengenharia.org.br\/site\/2025\/10\/30\/representantes-da-rinnai-brasil-sao-recebidos-pela-diretoria-executiva-do-ie\/#primaryimage"},"image":{"@id":"https:\/\/www.institutodeengenharia.org.br\/site\/2025\/10\/30\/representantes-da-rinnai-brasil-sao-recebidos-pela-diretoria-executiva-do-ie\/#primaryimage"},"thumbnailUrl":"https:\/\/www.institutodeengenharia.org.br\/site\/wp-content\/uploads\/2025\/10\/shared-image-10.jpg","datePublished":"2025-10-30T12:48:24+00:00","breadcrumb":{"@id":"https:\/\/www.institutodeengenharia.org.br\/site\/2025\/10\/30\/representantes-da-rinnai-brasil-sao-recebidos-pela-diretoria-executiva-do-ie\/#breadcrumb"},"inLanguage":"pt-BR","potentialAction":[{"@type":"ReadAction","target":["https:\/\/www.institutodeengenharia.org.br\/site\/2025\/10\/30\/representantes-da-rinnai-brasil-sao-recebidos-pela-diretoria-executiva-do-ie\/"]}]},{"@type":"ImageObject","inLanguage":"pt-BR","@id":"https:\/\/www.institutodeengenharia.org.br\/site\/2025\/10\/30\/representantes-da-rinnai-brasil-sao-recebidos-pela-diretoria-executiva-do-ie\/#primaryimage","url":"https:\/\/www.institutodeengenharia.org.br\/site\/wp-content\/uploads\/2025\/10\/shared-image-10.jpg","contentUrl":"https:\/\/www.institutodeengenharia.org.br\/site\/wp-content\/uploads\/2025\/10\/shared-image-10.jpg","width":2016,"height":908,"caption":"Da esq. p\/ dir.: Cibele Monteverde, Edson Furuta, Leonardo Abreu, Leia Barros, Jos\u00e9 Eduardo Jardim, Eduardo Tubosaka, Ivan Whately, VP de Rela\u00e7\u00f5es Externas IE, Miriana Marques, VP de Adm. Finan\u00e7as IE, Rui Camargo, diretor da Revista Engenharia, Ricardo Kenzo e Jos\u00e9 Eduardo Cavalcanti, conselheiros IE"},{"@type":"BreadcrumbList","@id":"https:\/\/www.institutodeengenharia.org.br\/site\/2025\/10\/30\/representantes-da-rinnai-brasil-sao-recebidos-pela-diretoria-executiva-do-ie\/#breadcrumb","itemListElement":[{"@type":"ListItem","position":1,"name":"In\u00edcio","item":"https:\/\/www.institutodeengenharia.org.br\/site\/"},{"@type":"ListItem","position":2,"name":"Representantes da Rinnai Brasil s\u00e3o recebidos pela diretoria executiva do IE"}]},{"@type":"WebSite","@id":"https:\/\/www.institutodeengenharia.org.br\/site\/#website","url":"https:\/\/www.institutodeengenharia.org.br\/site\/","name":"Instituto de Engenharia","description":"O Instituto de Engenharia promove a Engenharia em benef\u00edcio do desenvolvimento e da qualidade de vida da sociedade.","publisher":{"@id":"https:\/\/www.institutodeengenharia.org.br\/site\/#organization"},"potentialAction":[{"@type":"SearchAction","target":{"@type":"EntryPoint","urlTemplate":"https:\/\/www.institutodeengenharia.org.br\/site\/?s={search_term_string}"},"query-input":{"@type":"PropertyValueSpecification","valueRequired":true,"valueName":"search_term_string"}}],"inLanguage":"pt-BR"},{"@type":"Organization","@id":"https:\/\/www.institutodeengenharia.org.br\/site\/#organization","name":"Instituto de Engenharia","url":"https:\/\/www.institutodeengenharia.org.br\/site\/","logo":{"@type":"ImageObject","inLanguage":"pt-BR","@id":"https:\/\/www.institutodeengenharia.org.br\/site\/#\/schema\/logo\/image\/","url":"https:\/\/www.institutodeengenharia.org.br\/site\/wp-content\/uploads\/2019\/03\/logo-novo-IE2018-1.jpg","contentUrl":"https:\/\/www.institutodeengenharia.org.br\/site\/wp-content\/uploads\/2019\/03\/logo-novo-IE2018-1.jpg","width":1486,"height":1879,"caption":"Instituto de Engenharia"},"image":{"@id":"https:\/\/www.institutodeengenharia.org.br\/site\/#\/schema\/logo\/image\/"},"sameAs":["https:\/\/www.facebook.com\/institutodeengenharia","https:\/\/x.com\/iengenharia","https:\/\/www.instagram.com\/institutodeengenharia\/","https:\/\/www.linkedin.com\/company\/instituto-de-engenharia\/","https:\/\/www.youtube.com\/channel\/UCXiCAlsSMe977vamW915HxA"]},{"@type":"Person","@id":"https:\/\/www.institutodeengenharia.org.br\/site\/#\/schema\/person\/593dc356630173a4877a635d3e5fd76b","name":"Isabel","image":{"@type":"ImageObject","inLanguage":"pt-BR","@id":"https:\/\/secure.gravatar.com\/avatar\/f3c521db63ec9db17894f10a88c6a3cf95b2281d7f80eeb3cf3ef1cb091576e7?s=96&d=mm&r=g","url":"https:\/\/secure.gravatar.com\/avatar\/f3c521db63ec9db17894f10a88c6a3cf95b2281d7f80eeb3cf3ef1cb091576e7?s=96&d=mm&r=g","contentUrl":"https:\/\/secure.gravatar.com\/avatar\/f3c521db63ec9db17894f10a88c6a3cf95b2281d7f80eeb3cf3ef1cb091576e7?s=96&d=mm&r=g","caption":"Isabel"},"url":"https:\/\/www.institutodeengenharia.org.br\/site\/author\/comunicacao2\/"}]}},"_links":{"self":[{"href":"https:\/\/www.institutodeengenharia.org.br\/site\/wp-json\/wp\/v2\/posts\/134130","targetHints":{"allow":["GET"]}}],"collection":[{"href":"https:\/\/www.institutodeengenharia.org.br\/site\/wp-json\/wp\/v2\/posts"}],"about":[{"href":"https:\/\/www.institutodeengenharia.org.br\/site\/wp-json\/wp\/v2\/types\/post"}],"author":[{"embeddable":true,"href":"https:\/\/www.institutodeengenharia.org.br\/site\/wp-json\/wp\/v2\/users\/14"}],"replies":[{"embeddable":true,"href":"https:\/\/www.institutodeengenharia.org.br\/site\/wp-json\/wp\/v2\/comments?post=134130"}],"version-history":[{"count":1,"href":"https:\/\/www.institutodeengenharia.org.br\/site\/wp-json\/wp\/v2\/posts\/134130\/revisions"}],"predecessor-version":[{"id":134133,"href":"https:\/\/www.institutodeengenharia.org.br\/site\/wp-json\/wp\/v2\/posts\/134130\/revisions\/134133"}],"wp:featuredmedia":[{"embeddable":true,"href":"https:\/\/www.institutodeengenharia.org.br\/site\/wp-json\/wp\/v2\/media\/134131"}],"wp:attachment":[{"href":"https:\/\/www.institutodeengenharia.org.br\/site\/wp-json\/wp\/v2\/media?parent=134130"}],"wp:term":[{"taxonomy":"category","embeddable":true,"href":"https:\/\/www.institutodeengenharia.org.br\/site\/wp-json\/wp\/v2\/categories?post=134130"},{"taxonomy":"post_tag","embeddable":true,"href":"https:\/\/www.institutodeengenharia.org.br\/site\/wp-json\/wp\/v2\/tags?post=134130"}],"curies":[{"name":"wp","href":"https:\/\/api.w.org\/{rel}","templated":true}]}}