{"id":134043,"date":"2025-10-28T11:04:30","date_gmt":"2025-10-28T14:04:30","guid":{"rendered":"https:\/\/www.institutodeengenharia.org.br\/site\/?p=134043"},"modified":"2025-10-28T11:14:34","modified_gmt":"2025-10-28T14:14:34","slug":"palestra-carina-pimenta-a-bioeconomia-como-projeto-de-estado","status":"publish","type":"post","link":"https:\/\/www.institutodeengenharia.org.br\/site\/2025\/10\/28\/palestra-carina-pimenta-a-bioeconomia-como-projeto-de-estado\/","title":{"rendered":"Palestra \u2013 Carina Pimenta: A Bioeconomia como Projeto de Estado"},"content":{"rendered":"<p><!DOCTYPE html><br \/>\n<html lang=\"pt-BR\"><br \/>\n<head><br \/>\n    <meta charset=\"UTF-8\"><br \/>\n    <meta name=\"viewport\" content=\"width=device-width, initial-scale=1.0\"><br \/>\n    <title>Palestra \u2013 Carina Pimenta: A Bioeconomia como Projeto de Estado<\/title><\/p>\n<style>\n        .artaxo-lecture-container { \/* Mantido o nome da classe para consist\u00eancia com o CSS que funcionou *\/\n            font-family: -apple-system, BlinkMacSystemFont, \"Segoe UI\", Roboto, Helvetica, Arial, sans-serif;\n            line-height: 1.6;\n            background-color: #f9f9f9;\n            color: #333;\n            padding: 20px 0;\n        }\n        .artaxo-lecture-container h1, \n        .artaxo-lecture-container h2, \n        .artaxo-lecture-container h3 {\n            color: #2c3e50;\n            font-weight: 600;\n        }\n        .artaxo-lecture-container h1 {\n            text-align: center;\n            margin-bottom: 10px;\n        }\n        .artaxo-lecture-container h3 {\n            margin-bottom: 20px; \/* Espa\u00e7o entre o t\u00edtulo e o conte\u00fado abaixo *\/\n        }\n        .artaxo-header-subtitle {\n            text-align: center;\n            font-size: 1.1em;\n            color: #555;\n            margin-bottom: 40px;\n            padding: 0 15px;\n        }\n        .artaxo-intro, .artaxo-full-lecture {\n            background: #fff;\n            padding: 25px;\n            margin: 0 15px 30px 15px;\n            border-radius: 8px;\n            box-shadow: 0 4px 8px rgba(0,0,0,0.05);\n        }\n        .artaxo-media-text-block {\n            margin: 0 15px 30px 15px;\n            padding: 25px;\n            background: #fff;\n            border-radius: 8px;\n            box-shadow: 0 4px 8px rgba(0,0,0,0.05);\n        }\n        .artaxo-content-columns {\n            display: flex;\n            gap: 30px;\n            align-items: flex-start;\n        }\n        .artaxo-media-text-block--reverse .artaxo-content-columns {\n            flex-direction: row-reverse;\n        }\n        .artaxo-video-wrapper, .artaxo-text-wrapper {\n            flex: 1;\n            min-width: 0;\n        }\n        .artaxo-video-container {\n            position: relative;\n            width: 100%;\n            padding-bottom: 56.25%; \/* Propor\u00e7\u00e3o 16:9 *\/\n            height: 0;\n            border-radius: 8px;\n            overflow: hidden;\n            border: 1px solid #ddd;\n        }\n        .artaxo-video-container iframe {\n            position: absolute;\n            top: 0;\n            left: 0;\n            width: 100%;\n            height: 100%;\n            border: 0;\n        }\n        .artaxo-full-lecture {\n            text-align: center;\n            padding: 30px;\n        }\n        .artaxo-full-lecture a {\n            display: inline-block;\n            background-color: #3498db;\n            color: white;\n            padding: 12px 24px;\n            text-decoration: none;\n            border-radius: 5px;\n            font-weight: bold;\n            transition: background-color 0.3s ease;\n        }\n        .artaxo-full-lecture a:hover {\n            background-color: #2980b9;\n        }<\/p>\n<p>        \/* AJUSTE PARA CELULAR - AGORA COM !IMPORTANT *\/\n        @media (max-width: 800px) {\n            .artaxo-content-columns,\n            .artaxo-media-text-block--reverse .artaxo-content-columns {\n                flex-direction: column !important; \/* For\u00e7a o empilhamento em telas menores *\/\n            }\n        }\n    <\/style>\n<p><\/head><br \/>\n<body><\/p>\n<div class=\"artaxo-lecture-container\">\n<h1>Palestra \u2013 Carina Pimenta: A Bioeconomia como Projeto de Estado<\/h1>\n<p class=\"artaxo-header-subtitle\">Descubra como o Brasil est\u00e1 se posicionando de forma pioneira e estruturada na agenda global de bioeconomia.<\/p>\n<div class=\"artaxo-intro\">\n<p>Nesta palestra, que contou com a media\u00e7\u00e3o do <strong>Eng. George Paulus<\/strong> e da <strong>Enga. Larissa F\u00e9<\/strong>, e abertura realizada pelo Presidente do Instituto de Engenharia, <strong>Eng. Jos\u00e9 Eduardo Jardim<\/strong>Carina Pimenta apresenta a vis\u00e3o ambiciosa do Brasil para a bioeconomia, transformando-a de uma agenda setorial em um verdadeiro motor de desenvolvimento econ\u00f4mico e produtivo. Entenda como o pa\u00eds se estrutura para liderar essa pauta em n\u00edvel internacional e quais as oportunidades concretas para diversos setores.<\/p>\n<\/p><\/div>\n<div class=\"artaxo-media-text-block\">\n<h3>1. Uma Nova Vis\u00e3o para o Brasil: A Bioeconomia como Projeto de Estado<\/h3>\n<div class=\"artaxo-content-columns\">\n<div class=\"artaxo-video-wrapper\">\n<div class=\"artaxo-video-container\">\n                        <iframe src=\"https:\/\/www.youtube.com\/embed\/jsr5_097Hus\" allowfullscreen><\/iframe>\n                    <\/div>\n<\/p><\/div>\n<div class=\"artaxo-text-wrapper\">\n<p>Carina Pimenta explica que o Brasil vem construindo uma vis\u00e3o integrada da bioeconomia, culminando na Estrat\u00e9gia Nacional de Bioeconomia, formalizada pelo decreto 12.1044. Este marco conceitual posiciona a bioeconomia n\u00e3o como uma agenda setorial isolada, mas como um modelo de desenvolvimento produtivo e econ\u00f4mico. A base \u00e9 o uso sustent\u00e1vel, regenera\u00e7\u00e3o e conserva\u00e7\u00e3o da biodiversidade, aliando inclus\u00e3o, \u00e9tica e justi\u00e7a.<\/p>\n<p>A bioeconomia \u00e9 vista como um \u201cmotor\u201d capaz de trazer \u201cadicionalidade\u201d e transformar diversos setores da economia, buscando a redu\u00e7\u00e3o de emiss\u00f5es e a recomposi\u00e7\u00e3o dos servi\u00e7os ecossist\u00eamicos. Um ponto chave \u00e9 a valoriza\u00e7\u00e3o do conhecimento cient\u00edfico e do conhecimento tradicional em p\u00e9 de igualdade, ambos vistos como fontes de inova\u00e7\u00e3o.<\/p>\n<\/p><\/div>\n<\/p><\/div>\n<\/p><\/div>\n<div class=\"artaxo-media-text-block artaxo-media-text-block--reverse\">\n<h3>Lideran\u00e7a Internacional (G20 e COP30)<\/h3>\n<div class=\"artaxo-content-columns\">\n<div class=\"artaxo-video-wrapper\">\n<div class=\"artaxo-video-container\">\n                        <iframe src=\"https:\/\/www.youtube.com\/embed\/6qUUna50MfU\" allowfullscreen><\/iframe>\n                    <\/div>\n<\/p><\/div>\n<div class=\"artaxo-text-wrapper\">\n<p>O Brasil tem utilizado sua presid\u00eancia do G20 para pautar a bioeconomia globalmente, aprovando princ\u00edpios de alto n\u00edvel que guiar\u00e3o discuss\u00f5es futuras, como na COP30, posicionando o pa\u00eds como protagonista mundial.<\/p>\n<p>No decreto da estrat\u00e9gia nacional, o Brasil definiu as economias florestais e da sociobiodiversidade como alvo e prioridade nacional. Isso reflete a valoriza\u00e7\u00e3o dos ativos biol\u00f3gicos, socioculturais e naturais do pa\u00eds. A secret\u00e1ria tamb\u00e9m destaca a necessidade de criar um sistema de gera\u00e7\u00e3o de informa\u00e7\u00f5es e conhecimento sobre a bioeconomia, reconhecendo que h\u00e1 mais lacunas do que informa\u00e7\u00f5es afirmativas, o que abre um vasto campo para estudos e qualifica\u00e7\u00e3o de pol\u00edticas p\u00fablicas e atua\u00e7\u00e3o do setor privado.<\/p>\n<\/p><\/div>\n<\/p><\/div>\n<\/p><\/div>\n<div class=\"artaxo-media-text-block\">\n<h3>2. O Que Torna a Abordagem Brasileira \u00danica e Inovadora?<\/h3>\n<div class=\"artaxo-content-columns\">\n<div class=\"artaxo-video-wrapper\">\n<div class=\"artaxo-video-container\">\n                        <iframe src=\"https:\/\/www.youtube.com\/embed\/X5skLf9QXKY\" allowfullscreen><\/iframe>\n                    <\/div>\n<\/p><\/div>\n<div class=\"artaxo-text-wrapper\">\n<p>A estrat\u00e9gia brasileira traz conceitos que s\u00e3o, por si s\u00f3, ganchos de grande interesse para o p\u00fablico, valorizando o conhecimento tradicional como ci\u00eancia, em p\u00e9 de igualdade com o conhecimento cient\u00edfico de laborat\u00f3rio. Ambos s\u00e3o vistos como fontes de inova\u00e7\u00e3o, uma abordagem que respeita e valoriza a cultura e a sabedoria dos povos origin\u00e1rios.<\/p>\n<p>Um dos princ\u00edpios fundamentais da bioeconomia brasileira \u00e9 o compromisso com o desmatamento zero, legal e ilegal. Esta diretriz \u00e9 crucial, pois grande parte do desenvolvimento da bioeconomia est\u00e1 ligada aos sistemas produtivos na base e ao extrativismo. O desmatamento \u00e9 um gargalo central para a redu\u00e7\u00e3o de emiss\u00f5es no Brasil e gera diversos impactos sociais, desde quest\u00f5es fundi\u00e1rias at\u00e9 a seguran\u00e7a de comunidades vulner\u00e1veis.<\/p>\n<\/p><\/div>\n<\/p><\/div>\n<\/p><\/div>\n<div class=\"artaxo-media-text-block artaxo-media-text-block--reverse\">\n<h3>Sociobioeconomia como Prioridade Nacional<\/h3>\n<div class=\"artaxo-content-columns\">\n<div class=\"artaxo-video-wrapper\">\n<div class=\"artaxo-video-container\">\n                        <iframe src=\"https:\/\/www.youtube.com\/embed\/FQXs9bLpHUg\" allowfullscreen><\/iframe>\n                    <\/div>\n<\/p><\/div>\n<div class=\"artaxo-text-wrapper\">\n<p>Diferente de outras abordagens, o Brasil definiu as \u201ceconomias florestais e da sociobiodiversidade\u201d como alvo e prioridade nacional. Isso significa focar em quem j\u00e1 protege a biodiversidade: povos e comunidades tradicionais, ind\u00edgenas, quilombolas e agricultores familiares.<\/p>\n<p>Os trabalhos da comiss\u00e3o para formula\u00e7\u00e3o das prioridades nacionais foram estruturados em tr\u00eas grupos de trabalho: bioind\u00fastria e biomanufatura, biomassas, e sociobioeconomia expandida para incluir outras atividades dos ecossistemas terrestres e aqu\u00e1ticos, como o turismo. A ideia \u00e9 dialogar com diferentes setores e valorizar n\u00e3o apenas produtos, mas tamb\u00e9m servi\u00e7os como o turismo em unidades de conserva\u00e7\u00e3o, concess\u00f5es florestais e agendas de restaura\u00e7\u00e3o.<\/p>\n<\/p><\/div>\n<\/p><\/div>\n<\/p><\/div>\n<div class=\"artaxo-media-text-block\">\n<h3>C\u00e2maras T\u00e9cnicas de Apoio e Investimento<\/h3>\n<div class=\"artaxo-content-columns\">\n<div class=\"artaxo-video-wrapper\">\n<div class=\"artaxo-video-container\">\n                        <iframe src=\"https:\/\/www.youtube.com\/embed\/mISDHgSUKQY\" allowfullscreen><\/iframe>\n                    <\/div>\n<\/p><\/div>\n<div class=\"artaxo-text-wrapper\">\n<p>Al\u00e9m dos grupos de trabalho, a comiss\u00e3o instituiu duas c\u00e2maras t\u00e9cnicas. A C\u00e2mara T\u00e9cnica de Monitoramento e Intelig\u00eancia em Bioeconomia formular\u00e1 e implementar\u00e1 o Sistema Nacional de Dados, Informa\u00e7\u00f5es e Conhecimentos de Bioeconomia, al\u00e9m de discutir estrat\u00e9gias de monitoramento e salvaguardas. A C\u00e2mara T\u00e9cnica de Inova\u00e7\u00e3o Financeira e Investimentos em Bioeconomia, liderada pelo Minist\u00e9rio da Fazenda, buscar\u00e1 associar as miss\u00f5es e a\u00e7\u00f5es estrat\u00e9gicas a investimentos p\u00fablicos (via Plano de Transforma\u00e7\u00e3o Ecol\u00f3gica) e promover o engajamento com o setor privado, nacional e internacional.<\/p>\n<\/p><\/div>\n<\/p><\/div>\n<\/p><\/div>\n<div class=\"artaxo-media-text-block artaxo-media-text-block--reverse\">\n<h3>Metodologia de Desenvolvimento do Plano Nacional<\/h3>\n<div class=\"artaxo-content-columns\">\n<div class=\"artaxo-video-wrapper\">\n<div class=\"artaxo-video-container\">\n                        <iframe src=\"https:\/\/www.youtube.com\/embed\/mWHdB2cOxjI\" allowfullscreen><\/iframe>\n                    <\/div>\n<\/p><\/div>\n<div class=\"artaxo-text-wrapper\">\n<p>A metodologia de desenvolvimento do Plano Nacional da Bioeconomia adota o modelo de &#8220;pol\u00edticas por miss\u00f5es&#8221;, inspirado em Mariana Mazzucato. Essa abordagem foca nos desafios societais que a bioeconomia busca endere\u00e7ar, tra\u00e7ando um conjunto de miss\u00f5es estrat\u00e9gicas. O horizonte dessa pol\u00edtica \u00e9 de 10 anos, reconhecendo o tempo necess\u00e1rio para o desenvolvimento da bioeconomia como estrat\u00e9gia de governo.<\/p>\n<\/p><\/div>\n<\/p><\/div>\n<\/p><\/div>\n<div class=\"artaxo-media-text-block\">\n<h3>3. Oportunidades Concretas: Onde Est\u00e3o os Investimentos e o Futuro?<\/h3>\n<div class=\"artaxo-content-columns\">\n<div class=\"artaxo-video-wrapper\">\n<div class=\"artaxo-video-container\">\n                        <iframe src=\"https:\/\/www.youtube.com\/embed\/mZLIGx3vJZs\" allowfullscreen><\/iframe>\n                    <\/div>\n<\/p><\/div>\n<div class=\"artaxo-text-wrapper\">\n<p>A palestra aponta caminhos claros para o setor privado, pesquisadores e empreendedores. O Plano Nacional est\u00e1 sendo desenhado com base em sete miss\u00f5es estrat\u00e9gicas. Duas miss\u00f5es j\u00e1 est\u00e3o em consulta p\u00fablica, focadas em neg\u00f3cios comunit\u00e1rios e no protagonismo dos povos tradicionais. Estas s\u00e3o as partes mais relevantes do plano do ponto de vista de tra\u00e7ar metas espec\u00edficas para uma economia que nunca teve pol\u00edtica de desenvolvimento integrada.<\/p>\n<p>O Minist\u00e9rio do Meio Ambiente fez um trabalho extenso de elabora\u00e7\u00e3o com o p\u00fablico-alvo: povos e comunidades tradicionais, ind\u00edgenas, quilombolas e agricultores familiares, que utilizam sistemas de produ\u00e7\u00e3o de baix\u00edssimo impacto ambiental, como extrativismo, manejo agroecol\u00f3gico e agroflorestal.<\/p>\n<\/p><\/div>\n<\/p><\/div>\n<\/p><\/div>\n<div class=\"artaxo-media-text-block artaxo-media-text-block--reverse\">\n<h3>Potencializando Neg\u00f3cios Comunit\u00e1rios Sustent\u00e1veis<\/h3>\n<div class=\"artaxo-content-columns\">\n<div class=\"artaxo-video-wrapper\">\n<div class=\"artaxo-video-container\">\n                        <iframe src=\"https:\/\/www.youtube.com\/embed\/lXptjnZtgK4\" allowfullscreen><\/iframe>\n                    <\/div>\n<\/p><\/div>\n<div class=\"artaxo-text-wrapper\">\n<p>A primeira miss\u00e3o estrat\u00e9gica \u00e9 potencializar os neg\u00f3cios comunit\u00e1rios sustent\u00e1veis dos povos e comunidades tradicionais em seus diferentes segmentos, com foco em seguran\u00e7a alimentar e participa\u00e7\u00e3o de seus produtos na economia. As metas associadas a ela (ainda em formula\u00e7\u00e3o devido \u00e0 lacuna de dados) buscam aumentar o volume de produ\u00e7\u00e3o, com exemplos como o estudo da UFPA que estimou que 3,8% do PIB do Par\u00e1 vem da sociobioeconomia.<\/p>\n<p>A pol\u00edtica de sociobioeconomia tamb\u00e9m busca universalizar o acesso \u00e0 inclus\u00e3o produtiva, olhando para o n\u00famero de empreendimentos, arranjos coletivos e o \u00edndice de seguran\u00e7a alimentar e nutricional.<\/p>\n<\/p><\/div>\n<\/p><\/div>\n<\/p><\/div>\n<div class=\"artaxo-media-text-block\">\n<h3>Reconhecimento do Protagonismo na Conserva\u00e7\u00e3o<\/h3>\n<div class=\"artaxo-content-columns\">\n<div class=\"artaxo-video-wrapper\">\n<div class=\"artaxo-video-container\">\n                        <iframe src=\"https:\/\/www.youtube.com\/embed\/dSud3Rs2SYA\" allowfullscreen><\/iframe>\n                    <\/div>\n<\/p><\/div>\n<div class=\"artaxo-text-wrapper\">\n<p>A miss\u00e3o 2 foca no reconhecimento do protagonismo dos povos e comunidades tradicionais na conserva\u00e7\u00e3o e manejo da biodiversidade. Aqui, associam-se pol\u00edticas p\u00fablicas em fase de regulamenta\u00e7\u00e3o, como a pol\u00edtica de pagamentos por servi\u00e7os ambientais, que ter\u00e1 consulta p\u00fablica at\u00e9 o final de julho. Esta pol\u00edtica inclui um programa para apoiar a sociobioeconomia na convers\u00e3o de sistemas de produ\u00e7\u00e3o tradicionais em estrat\u00e9gias bioecon\u00f4micas e socioambientais robustas.<\/p>\n<\/p><\/div>\n<\/p><\/div>\n<\/p><\/div>\n<div class=\"artaxo-media-text-block artaxo-media-text-block--reverse\">\n<h3>Programa Prospera Sociobio e Forma\u00e7\u00e3o<\/h3>\n<div class=\"artaxo-content-columns\">\n<div class=\"artaxo-video-wrapper\">\n<div class=\"artaxo-video-container\">\n                        <iframe src=\"https:\/\/www.youtube.com\/embed\/tEfhbgLihoE\" allowfullscreen><\/iframe>\n                    <\/div>\n<\/p><\/div>\n<div class=\"artaxo-text-wrapper\">\n<p>O programa Prospera Sociobio, do Minist\u00e9rio do Meio Ambiente, \u00e9 uma estrat\u00e9gia de conserva\u00e7\u00e3o e desenvolvimento territorial que busca garantir o bem-viver e a inclus\u00e3o socioecon\u00f4mica das popula\u00e7\u00f5es que j\u00e1 utilizam a biodiversidade de forma sustent\u00e1vel. O objetivo \u00e9 criar um ecossistema de apoio com acesso a pol\u00edticas p\u00fablicas, infraestrutura, cr\u00e9dito, assist\u00eancia t\u00e9cnica, inova\u00e7\u00e3o e mercados, desenvolvendo arranjos locais e territorializados.<\/p>\n<p>A secret\u00e1ria Carina Pimenta tamb\u00e9m menciona que a forma\u00e7\u00e3o e o treinamento em sociobiodiversidade s\u00e3o lacunas importantes a serem preenchidas, e o plano busca criar a\u00e7\u00f5es e programas de forma\u00e7\u00e3o espec\u00edficos para suprir essa necessidade, refletindo sobre as capacidades do Brasil para atingir as metas da bioeconomia.<\/p>\n<\/p><\/div>\n<\/p><\/div>\n<\/p><\/div>\n<div class=\"artaxo-media-text-block\">\n<h3>Fitoter\u00e1picos e Plantas Medicinais em Destaque<\/h3>\n<div class=\"artaxo-content-columns\">\n<div class=\"artaxo-video-wrapper\">\n<div class=\"artaxo-video-container\">\n                        <iframe src=\"https:\/\/www.youtube.com\/embed\/eDmgiSH9lok\" allowfullscreen><\/iframe>\n                    <\/div>\n<\/p><\/div>\n<div class=\"artaxo-text-wrapper\">\n<p>A cadeia de plantas medicinais e fitoter\u00e1picos \u00e9 uma prioridade, com metas espec\u00edficas sendo desenhadas para o setor, considerado um dos de maior potencial de agrega\u00e7\u00e3o de valor sobre a biodiversidade brasileira. A secret\u00e1ria cita um exemplo pr\u00e1tico de coopera\u00e7\u00e3o com a Fiocruz e Manguinhos para desenvolver um produto a ser integrado ao SUS, demonstrando o compromisso com a supera\u00e7\u00e3o dos gargalos regulat\u00f3rios.<\/p>\n<\/p><\/div>\n<\/p><\/div>\n<\/p><\/div>\n<div class=\"artaxo-media-text-block artaxo-media-text-block--reverse\">\n<h3>Financiamento e P&#038;D como Chave<\/h3>\n<div class=\"artaxo-content-columns\">\n<div class=\"artaxo-video-wrapper\">\n<div class=\"artaxo-video-container\">\n                        <iframe src=\"https:\/\/www.youtube.com\/embed\/uCZiLv9MEsc\" allowfullscreen><\/iframe>\n                    <\/div>\n<\/p><\/div>\n<div class=\"artaxo-text-wrapper\">\n<p>H\u00e1 um foco claro na cria\u00e7\u00e3o de um ecossistema de apoio, com uma C\u00e2mara T\u00e9cnica de Inova\u00e7\u00e3o Financeira e Investimentos. A secret\u00e1ria ressalta a import\u00e2ncia de instrumentos de fomento \u00e0 Pesquisa e Desenvolvimento (P&#038;D) e de financiamento de risco para que as empresas possam inovar e fazer a transi\u00e7\u00e3o para bioprodutos, com BNDES e FINEP sendo atores centrais nesse processo.<\/p>\n<\/p><\/div>\n<\/p><\/div>\n<\/p><\/div>\n<div class=\"artaxo-media-text-block\">\n<h3>Infraestrutura e Articula\u00e7\u00e3o da Pol\u00edtica<\/h3>\n<div class=\"artaxo-content-columns\">\n<div class=\"artaxo-video-wrapper\">\n<div class=\"artaxo-video-container\">\n                        <iframe src=\"https:\/\/www.youtube.com\/embed\/TbY1xFSZFvw\" allowfullscreen><\/iframe>\n                    <\/div>\n<\/p><\/div>\n<div class=\"artaxo-text-wrapper\">\n<p>A pol\u00edtica de bioeconomia assegura um olhar especial para a infraestrutura produtiva das comunidades, bem como para conectividade e energia. Esse esfor\u00e7o de articula\u00e7\u00e3o, por meio da comiss\u00e3o, garante que o plano n\u00e3o seja apenas um documento, mas seja ativado e implementado de forma cont\u00ednua, associando diferentes pol\u00edticas ao longo do tempo.<\/p>\n<\/p><\/div>\n<\/p><\/div>\n<\/p><\/div>\n<div class=\"artaxo-media-text-block artaxo-media-text-block--reverse\">\n<h3>4. Como Participar? Um Convite \u00e0 A\u00e7\u00e3o<\/h3>\n<div class=\"artaxo-content-columns\">\n<div class=\"artaxo-video-wrapper\">\n<div class=\"artaxo-video-container\">\n                        <iframe src=\"https:\/\/www.youtube.com\/embed\/nZmuYmelJow\" allowfullscreen><\/iframe>\n                    <\/div>\n<\/p><\/div>\n<div class=\"artaxo-text-wrapper\">\n<p>A palestra \u00e9 um chamado \u00e0 sociedade civil, empresas e academia para se envolverem. Carina Pimenta incentiva a contribui\u00e7\u00e3o nas consultas p\u00fablicas do plano, especialmente nas miss\u00f5es de sociobioeconomia. A comiss\u00e3o conta com a participa\u00e7\u00e3o ativa de representa\u00e7\u00f5es empresariais (CNA, CNI, BBI), institui\u00e7\u00f5es financeiras (Febraban) e Sebrae, al\u00e9m de diversas institui\u00e7\u00f5es de apoio.<\/p>\n<p>H\u00e1 um grande engajamento e demandas claras do setor privado, como produtos diferenciados, taxonomia que diferencie bioprodutos, mercado de carbono e PSA funcionando, e compras p\u00fablicas. O estudo da International Chamber of Commerce tamb\u00e9m aponta o enorme interesse de empresas na bioeconomia do conhecimento.<\/p>\n<\/p><\/div>\n<\/p><\/div>\n<\/p><\/div>\n<div class=\"artaxo-full-lecture\">\n<h2>Assista ao Evento Completo<\/h2>\n<p>Para uma an\u00e1lise aprofundada sobre a Bioeconomia como Projeto de Estado, assista ao evento integral:<\/p>\n<p>            <a href=\"https:\/\/www.institutodeengenharia.org.br\/site\/2025\/06\/17\/31o-encontro-aberto-gt-bioeconomia-nacional\/\" target=\"_blank\">Acessar Evento Completo<\/a>\n        <\/div>\n<\/p><\/div>\n<p><\/body><br \/>\n<\/html><\/p>\n","protected":false},"excerpt":{"rendered":"<p>Palestra \u2013 Carina Pimenta: A Bioeconomia como Projeto de Estado Palestra \u2013 Carina Pimenta: A Bioeconomia como Projeto de Estado Descubra como o Brasil est\u00e1 se posicionando de forma pioneira e estruturada na agenda global de bioeconomia. Nesta palestra, que contou com a media\u00e7\u00e3o do Eng. George Paulus e da Enga. Larissa F\u00e9, e abertura [&hellip;]<\/p>\n","protected":false},"author":14,"featured_media":134048,"comment_status":"open","ping_status":"open","sticky":false,"template":"","format":"standard","meta":{"footnotes":""},"categories":[1119,27,141],"tags":[],"class_list":{"0":"post-134043","1":"post","2":"type-post","3":"status-publish","4":"format-standard","5":"has-post-thumbnail","7":"category-amazonia-e-bioeconomia","8":"category-instituto-de-engenharia","9":"category-noticias-menu"},"yoast_head":"<!-- This site is optimized with the Yoast SEO plugin v27.2 - https:\/\/yoast.com\/product\/yoast-seo-wordpress\/ -->\n<title>Palestra \u2013 Carina Pimenta: A Bioeconomia como Projeto de Estado - Instituto de Engenharia<\/title>\n<meta name=\"robots\" content=\"index, follow, max-snippet:-1, max-image-preview:large, max-video-preview:-1\" \/>\n<link rel=\"canonical\" href=\"https:\/\/www.institutodeengenharia.org.br\/site\/2025\/10\/28\/palestra-carina-pimenta-a-bioeconomia-como-projeto-de-estado\/\" \/>\n<meta property=\"og:locale\" content=\"pt_BR\" \/>\n<meta property=\"og:type\" content=\"article\" \/>\n<meta property=\"og:title\" content=\"Palestra \u2013 Carina Pimenta: A Bioeconomia como Projeto de Estado - Instituto de Engenharia\" \/>\n<meta property=\"og:description\" content=\"Palestra \u2013 Carina Pimenta: A Bioeconomia como Projeto de Estado Palestra \u2013 Carina Pimenta: A Bioeconomia como Projeto de Estado Descubra como o Brasil est\u00e1 se posicionando de forma pioneira e estruturada na agenda global de bioeconomia. Nesta palestra, que contou com a media\u00e7\u00e3o do Eng. George Paulus e da Enga. Larissa F\u00e9, e abertura [&hellip;]\" \/>\n<meta property=\"og:url\" content=\"https:\/\/www.institutodeengenharia.org.br\/site\/2025\/10\/28\/palestra-carina-pimenta-a-bioeconomia-como-projeto-de-estado\/\" \/>\n<meta property=\"og:site_name\" content=\"Instituto de Engenharia\" \/>\n<meta property=\"article:publisher\" content=\"https:\/\/www.facebook.com\/institutodeengenharia\" \/>\n<meta property=\"article:published_time\" content=\"2025-10-28T14:04:30+00:00\" \/>\n<meta property=\"article:modified_time\" content=\"2025-10-28T14:14:34+00:00\" \/>\n<meta property=\"og:image\" content=\"https:\/\/www.institutodeengenharia.org.br\/site\/wp-content\/uploads\/2025\/10\/carina-pimenta.png\" \/>\n\t<meta property=\"og:image:width\" content=\"326\" \/>\n\t<meta property=\"og:image:height\" content=\"234\" \/>\n\t<meta property=\"og:image:type\" content=\"image\/png\" \/>\n<meta name=\"author\" content=\"Isabel\" \/>\n<meta name=\"twitter:card\" content=\"summary_large_image\" \/>\n<meta name=\"twitter:creator\" content=\"@iengenharia\" \/>\n<meta name=\"twitter:site\" content=\"@iengenharia\" \/>\n<meta name=\"twitter:label1\" content=\"Escrito por\" \/>\n\t<meta name=\"twitter:data1\" content=\"Isabel\" \/>\n\t<meta name=\"twitter:label2\" content=\"Est. tempo de leitura\" \/>\n\t<meta name=\"twitter:data2\" content=\"1 minuto\" \/>\n<script type=\"application\/ld+json\" class=\"yoast-schema-graph\">{\"@context\":\"https:\/\/schema.org\",\"@graph\":[{\"@type\":\"Article\",\"@id\":\"https:\/\/www.institutodeengenharia.org.br\/site\/2025\/10\/28\/palestra-carina-pimenta-a-bioeconomia-como-projeto-de-estado\/#article\",\"isPartOf\":{\"@id\":\"https:\/\/www.institutodeengenharia.org.br\/site\/2025\/10\/28\/palestra-carina-pimenta-a-bioeconomia-como-projeto-de-estado\/\"},\"author\":{\"name\":\"Isabel\",\"@id\":\"https:\/\/www.institutodeengenharia.org.br\/site\/#\/schema\/person\/593dc356630173a4877a635d3e5fd76b\"},\"headline\":\"Palestra \u2013 Carina Pimenta: A Bioeconomia como Projeto de Estado\",\"datePublished\":\"2025-10-28T14:04:30+00:00\",\"dateModified\":\"2025-10-28T14:14:34+00:00\",\"mainEntityOfPage\":{\"@id\":\"https:\/\/www.institutodeengenharia.org.br\/site\/2025\/10\/28\/palestra-carina-pimenta-a-bioeconomia-como-projeto-de-estado\/\"},\"wordCount\":1642,\"commentCount\":0,\"publisher\":{\"@id\":\"https:\/\/www.institutodeengenharia.org.br\/site\/#organization\"},\"image\":{\"@id\":\"https:\/\/www.institutodeengenharia.org.br\/site\/2025\/10\/28\/palestra-carina-pimenta-a-bioeconomia-como-projeto-de-estado\/#primaryimage\"},\"thumbnailUrl\":\"https:\/\/www.institutodeengenharia.org.br\/site\/wp-content\/uploads\/2025\/10\/carina-pimenta.png\",\"articleSection\":[\"Amaz\u00f4nia e Bioeconomia\",\"Instituto de Engenharia\",\"Not\u00edcias\"],\"inLanguage\":\"pt-BR\",\"potentialAction\":[{\"@type\":\"CommentAction\",\"name\":\"Comment\",\"target\":[\"https:\/\/www.institutodeengenharia.org.br\/site\/2025\/10\/28\/palestra-carina-pimenta-a-bioeconomia-como-projeto-de-estado\/#respond\"]}]},{\"@type\":\"WebPage\",\"@id\":\"https:\/\/www.institutodeengenharia.org.br\/site\/2025\/10\/28\/palestra-carina-pimenta-a-bioeconomia-como-projeto-de-estado\/\",\"url\":\"https:\/\/www.institutodeengenharia.org.br\/site\/2025\/10\/28\/palestra-carina-pimenta-a-bioeconomia-como-projeto-de-estado\/\",\"name\":\"Palestra \u2013 Carina Pimenta: A Bioeconomia como Projeto de Estado - Instituto de Engenharia\",\"isPartOf\":{\"@id\":\"https:\/\/www.institutodeengenharia.org.br\/site\/#website\"},\"primaryImageOfPage\":{\"@id\":\"https:\/\/www.institutodeengenharia.org.br\/site\/2025\/10\/28\/palestra-carina-pimenta-a-bioeconomia-como-projeto-de-estado\/#primaryimage\"},\"image\":{\"@id\":\"https:\/\/www.institutodeengenharia.org.br\/site\/2025\/10\/28\/palestra-carina-pimenta-a-bioeconomia-como-projeto-de-estado\/#primaryimage\"},\"thumbnailUrl\":\"https:\/\/www.institutodeengenharia.org.br\/site\/wp-content\/uploads\/2025\/10\/carina-pimenta.png\",\"datePublished\":\"2025-10-28T14:04:30+00:00\",\"dateModified\":\"2025-10-28T14:14:34+00:00\",\"breadcrumb\":{\"@id\":\"https:\/\/www.institutodeengenharia.org.br\/site\/2025\/10\/28\/palestra-carina-pimenta-a-bioeconomia-como-projeto-de-estado\/#breadcrumb\"},\"inLanguage\":\"pt-BR\",\"potentialAction\":[{\"@type\":\"ReadAction\",\"target\":[\"https:\/\/www.institutodeengenharia.org.br\/site\/2025\/10\/28\/palestra-carina-pimenta-a-bioeconomia-como-projeto-de-estado\/\"]}]},{\"@type\":\"ImageObject\",\"inLanguage\":\"pt-BR\",\"@id\":\"https:\/\/www.institutodeengenharia.org.br\/site\/2025\/10\/28\/palestra-carina-pimenta-a-bioeconomia-como-projeto-de-estado\/#primaryimage\",\"url\":\"https:\/\/www.institutodeengenharia.org.br\/site\/wp-content\/uploads\/2025\/10\/carina-pimenta.png\",\"contentUrl\":\"https:\/\/www.institutodeengenharia.org.br\/site\/wp-content\/uploads\/2025\/10\/carina-pimenta.png\",\"width\":326,\"height\":234},{\"@type\":\"BreadcrumbList\",\"@id\":\"https:\/\/www.institutodeengenharia.org.br\/site\/2025\/10\/28\/palestra-carina-pimenta-a-bioeconomia-como-projeto-de-estado\/#breadcrumb\",\"itemListElement\":[{\"@type\":\"ListItem\",\"position\":1,\"name\":\"In\u00edcio\",\"item\":\"https:\/\/www.institutodeengenharia.org.br\/site\/\"},{\"@type\":\"ListItem\",\"position\":2,\"name\":\"Palestra \u2013 Carina Pimenta: A Bioeconomia como Projeto de Estado\"}]},{\"@type\":\"WebSite\",\"@id\":\"https:\/\/www.institutodeengenharia.org.br\/site\/#website\",\"url\":\"https:\/\/www.institutodeengenharia.org.br\/site\/\",\"name\":\"Instituto de Engenharia\",\"description\":\"O Instituto de Engenharia promove a Engenharia em benef\u00edcio do desenvolvimento e da qualidade de vida da sociedade.\",\"publisher\":{\"@id\":\"https:\/\/www.institutodeengenharia.org.br\/site\/#organization\"},\"potentialAction\":[{\"@type\":\"SearchAction\",\"target\":{\"@type\":\"EntryPoint\",\"urlTemplate\":\"https:\/\/www.institutodeengenharia.org.br\/site\/?s={search_term_string}\"},\"query-input\":{\"@type\":\"PropertyValueSpecification\",\"valueRequired\":true,\"valueName\":\"search_term_string\"}}],\"inLanguage\":\"pt-BR\"},{\"@type\":\"Organization\",\"@id\":\"https:\/\/www.institutodeengenharia.org.br\/site\/#organization\",\"name\":\"Instituto de Engenharia\",\"url\":\"https:\/\/www.institutodeengenharia.org.br\/site\/\",\"logo\":{\"@type\":\"ImageObject\",\"inLanguage\":\"pt-BR\",\"@id\":\"https:\/\/www.institutodeengenharia.org.br\/site\/#\/schema\/logo\/image\/\",\"url\":\"https:\/\/www.institutodeengenharia.org.br\/site\/wp-content\/uploads\/2019\/03\/logo-novo-IE2018-1.jpg\",\"contentUrl\":\"https:\/\/www.institutodeengenharia.org.br\/site\/wp-content\/uploads\/2019\/03\/logo-novo-IE2018-1.jpg\",\"width\":1486,\"height\":1879,\"caption\":\"Instituto de Engenharia\"},\"image\":{\"@id\":\"https:\/\/www.institutodeengenharia.org.br\/site\/#\/schema\/logo\/image\/\"},\"sameAs\":[\"https:\/\/www.facebook.com\/institutodeengenharia\",\"https:\/\/x.com\/iengenharia\",\"https:\/\/www.instagram.com\/institutodeengenharia\/\",\"https:\/\/www.linkedin.com\/company\/instituto-de-engenharia\/\",\"https:\/\/www.youtube.com\/channel\/UCXiCAlsSMe977vamW915HxA\"]},{\"@type\":\"Person\",\"@id\":\"https:\/\/www.institutodeengenharia.org.br\/site\/#\/schema\/person\/593dc356630173a4877a635d3e5fd76b\",\"name\":\"Isabel\",\"image\":{\"@type\":\"ImageObject\",\"inLanguage\":\"pt-BR\",\"@id\":\"https:\/\/secure.gravatar.com\/avatar\/f3c521db63ec9db17894f10a88c6a3cf95b2281d7f80eeb3cf3ef1cb091576e7?s=96&d=mm&r=g\",\"url\":\"https:\/\/secure.gravatar.com\/avatar\/f3c521db63ec9db17894f10a88c6a3cf95b2281d7f80eeb3cf3ef1cb091576e7?s=96&d=mm&r=g\",\"contentUrl\":\"https:\/\/secure.gravatar.com\/avatar\/f3c521db63ec9db17894f10a88c6a3cf95b2281d7f80eeb3cf3ef1cb091576e7?s=96&d=mm&r=g\",\"caption\":\"Isabel\"},\"url\":\"https:\/\/www.institutodeengenharia.org.br\/site\/author\/comunicacao2\/\"}]}<\/script>\n<!-- \/ Yoast SEO plugin. -->","yoast_head_json":{"title":"Palestra \u2013 Carina Pimenta: A Bioeconomia como Projeto de Estado - Instituto de Engenharia","robots":{"index":"index","follow":"follow","max-snippet":"max-snippet:-1","max-image-preview":"max-image-preview:large","max-video-preview":"max-video-preview:-1"},"canonical":"https:\/\/www.institutodeengenharia.org.br\/site\/2025\/10\/28\/palestra-carina-pimenta-a-bioeconomia-como-projeto-de-estado\/","og_locale":"pt_BR","og_type":"article","og_title":"Palestra \u2013 Carina Pimenta: A Bioeconomia como Projeto de Estado - Instituto de Engenharia","og_description":"Palestra \u2013 Carina Pimenta: A Bioeconomia como Projeto de Estado Palestra \u2013 Carina Pimenta: A Bioeconomia como Projeto de Estado Descubra como o Brasil est\u00e1 se posicionando de forma pioneira e estruturada na agenda global de bioeconomia. Nesta palestra, que contou com a media\u00e7\u00e3o do Eng. George Paulus e da Enga. Larissa F\u00e9, e abertura [&hellip;]","og_url":"https:\/\/www.institutodeengenharia.org.br\/site\/2025\/10\/28\/palestra-carina-pimenta-a-bioeconomia-como-projeto-de-estado\/","og_site_name":"Instituto de Engenharia","article_publisher":"https:\/\/www.facebook.com\/institutodeengenharia","article_published_time":"2025-10-28T14:04:30+00:00","article_modified_time":"2025-10-28T14:14:34+00:00","og_image":[{"width":326,"height":234,"url":"https:\/\/www.institutodeengenharia.org.br\/site\/wp-content\/uploads\/2025\/10\/carina-pimenta.png","type":"image\/png"}],"author":"Isabel","twitter_card":"summary_large_image","twitter_creator":"@iengenharia","twitter_site":"@iengenharia","twitter_misc":{"Escrito por":"Isabel","Est. tempo de leitura":"1 minuto"},"schema":{"@context":"https:\/\/schema.org","@graph":[{"@type":"Article","@id":"https:\/\/www.institutodeengenharia.org.br\/site\/2025\/10\/28\/palestra-carina-pimenta-a-bioeconomia-como-projeto-de-estado\/#article","isPartOf":{"@id":"https:\/\/www.institutodeengenharia.org.br\/site\/2025\/10\/28\/palestra-carina-pimenta-a-bioeconomia-como-projeto-de-estado\/"},"author":{"name":"Isabel","@id":"https:\/\/www.institutodeengenharia.org.br\/site\/#\/schema\/person\/593dc356630173a4877a635d3e5fd76b"},"headline":"Palestra \u2013 Carina Pimenta: A Bioeconomia como Projeto de Estado","datePublished":"2025-10-28T14:04:30+00:00","dateModified":"2025-10-28T14:14:34+00:00","mainEntityOfPage":{"@id":"https:\/\/www.institutodeengenharia.org.br\/site\/2025\/10\/28\/palestra-carina-pimenta-a-bioeconomia-como-projeto-de-estado\/"},"wordCount":1642,"commentCount":0,"publisher":{"@id":"https:\/\/www.institutodeengenharia.org.br\/site\/#organization"},"image":{"@id":"https:\/\/www.institutodeengenharia.org.br\/site\/2025\/10\/28\/palestra-carina-pimenta-a-bioeconomia-como-projeto-de-estado\/#primaryimage"},"thumbnailUrl":"https:\/\/www.institutodeengenharia.org.br\/site\/wp-content\/uploads\/2025\/10\/carina-pimenta.png","articleSection":["Amaz\u00f4nia e Bioeconomia","Instituto de Engenharia","Not\u00edcias"],"inLanguage":"pt-BR","potentialAction":[{"@type":"CommentAction","name":"Comment","target":["https:\/\/www.institutodeengenharia.org.br\/site\/2025\/10\/28\/palestra-carina-pimenta-a-bioeconomia-como-projeto-de-estado\/#respond"]}]},{"@type":"WebPage","@id":"https:\/\/www.institutodeengenharia.org.br\/site\/2025\/10\/28\/palestra-carina-pimenta-a-bioeconomia-como-projeto-de-estado\/","url":"https:\/\/www.institutodeengenharia.org.br\/site\/2025\/10\/28\/palestra-carina-pimenta-a-bioeconomia-como-projeto-de-estado\/","name":"Palestra \u2013 Carina Pimenta: A Bioeconomia como Projeto de Estado - Instituto de Engenharia","isPartOf":{"@id":"https:\/\/www.institutodeengenharia.org.br\/site\/#website"},"primaryImageOfPage":{"@id":"https:\/\/www.institutodeengenharia.org.br\/site\/2025\/10\/28\/palestra-carina-pimenta-a-bioeconomia-como-projeto-de-estado\/#primaryimage"},"image":{"@id":"https:\/\/www.institutodeengenharia.org.br\/site\/2025\/10\/28\/palestra-carina-pimenta-a-bioeconomia-como-projeto-de-estado\/#primaryimage"},"thumbnailUrl":"https:\/\/www.institutodeengenharia.org.br\/site\/wp-content\/uploads\/2025\/10\/carina-pimenta.png","datePublished":"2025-10-28T14:04:30+00:00","dateModified":"2025-10-28T14:14:34+00:00","breadcrumb":{"@id":"https:\/\/www.institutodeengenharia.org.br\/site\/2025\/10\/28\/palestra-carina-pimenta-a-bioeconomia-como-projeto-de-estado\/#breadcrumb"},"inLanguage":"pt-BR","potentialAction":[{"@type":"ReadAction","target":["https:\/\/www.institutodeengenharia.org.br\/site\/2025\/10\/28\/palestra-carina-pimenta-a-bioeconomia-como-projeto-de-estado\/"]}]},{"@type":"ImageObject","inLanguage":"pt-BR","@id":"https:\/\/www.institutodeengenharia.org.br\/site\/2025\/10\/28\/palestra-carina-pimenta-a-bioeconomia-como-projeto-de-estado\/#primaryimage","url":"https:\/\/www.institutodeengenharia.org.br\/site\/wp-content\/uploads\/2025\/10\/carina-pimenta.png","contentUrl":"https:\/\/www.institutodeengenharia.org.br\/site\/wp-content\/uploads\/2025\/10\/carina-pimenta.png","width":326,"height":234},{"@type":"BreadcrumbList","@id":"https:\/\/www.institutodeengenharia.org.br\/site\/2025\/10\/28\/palestra-carina-pimenta-a-bioeconomia-como-projeto-de-estado\/#breadcrumb","itemListElement":[{"@type":"ListItem","position":1,"name":"In\u00edcio","item":"https:\/\/www.institutodeengenharia.org.br\/site\/"},{"@type":"ListItem","position":2,"name":"Palestra \u2013 Carina Pimenta: A Bioeconomia como Projeto de Estado"}]},{"@type":"WebSite","@id":"https:\/\/www.institutodeengenharia.org.br\/site\/#website","url":"https:\/\/www.institutodeengenharia.org.br\/site\/","name":"Instituto de Engenharia","description":"O Instituto de Engenharia promove a Engenharia em benef\u00edcio do desenvolvimento e da qualidade de vida da sociedade.","publisher":{"@id":"https:\/\/www.institutodeengenharia.org.br\/site\/#organization"},"potentialAction":[{"@type":"SearchAction","target":{"@type":"EntryPoint","urlTemplate":"https:\/\/www.institutodeengenharia.org.br\/site\/?s={search_term_string}"},"query-input":{"@type":"PropertyValueSpecification","valueRequired":true,"valueName":"search_term_string"}}],"inLanguage":"pt-BR"},{"@type":"Organization","@id":"https:\/\/www.institutodeengenharia.org.br\/site\/#organization","name":"Instituto de Engenharia","url":"https:\/\/www.institutodeengenharia.org.br\/site\/","logo":{"@type":"ImageObject","inLanguage":"pt-BR","@id":"https:\/\/www.institutodeengenharia.org.br\/site\/#\/schema\/logo\/image\/","url":"https:\/\/www.institutodeengenharia.org.br\/site\/wp-content\/uploads\/2019\/03\/logo-novo-IE2018-1.jpg","contentUrl":"https:\/\/www.institutodeengenharia.org.br\/site\/wp-content\/uploads\/2019\/03\/logo-novo-IE2018-1.jpg","width":1486,"height":1879,"caption":"Instituto de Engenharia"},"image":{"@id":"https:\/\/www.institutodeengenharia.org.br\/site\/#\/schema\/logo\/image\/"},"sameAs":["https:\/\/www.facebook.com\/institutodeengenharia","https:\/\/x.com\/iengenharia","https:\/\/www.instagram.com\/institutodeengenharia\/","https:\/\/www.linkedin.com\/company\/instituto-de-engenharia\/","https:\/\/www.youtube.com\/channel\/UCXiCAlsSMe977vamW915HxA"]},{"@type":"Person","@id":"https:\/\/www.institutodeengenharia.org.br\/site\/#\/schema\/person\/593dc356630173a4877a635d3e5fd76b","name":"Isabel","image":{"@type":"ImageObject","inLanguage":"pt-BR","@id":"https:\/\/secure.gravatar.com\/avatar\/f3c521db63ec9db17894f10a88c6a3cf95b2281d7f80eeb3cf3ef1cb091576e7?s=96&d=mm&r=g","url":"https:\/\/secure.gravatar.com\/avatar\/f3c521db63ec9db17894f10a88c6a3cf95b2281d7f80eeb3cf3ef1cb091576e7?s=96&d=mm&r=g","contentUrl":"https:\/\/secure.gravatar.com\/avatar\/f3c521db63ec9db17894f10a88c6a3cf95b2281d7f80eeb3cf3ef1cb091576e7?s=96&d=mm&r=g","caption":"Isabel"},"url":"https:\/\/www.institutodeengenharia.org.br\/site\/author\/comunicacao2\/"}]}},"_links":{"self":[{"href":"https:\/\/www.institutodeengenharia.org.br\/site\/wp-json\/wp\/v2\/posts\/134043","targetHints":{"allow":["GET"]}}],"collection":[{"href":"https:\/\/www.institutodeengenharia.org.br\/site\/wp-json\/wp\/v2\/posts"}],"about":[{"href":"https:\/\/www.institutodeengenharia.org.br\/site\/wp-json\/wp\/v2\/types\/post"}],"author":[{"embeddable":true,"href":"https:\/\/www.institutodeengenharia.org.br\/site\/wp-json\/wp\/v2\/users\/14"}],"replies":[{"embeddable":true,"href":"https:\/\/www.institutodeengenharia.org.br\/site\/wp-json\/wp\/v2\/comments?post=134043"}],"version-history":[{"count":9,"href":"https:\/\/www.institutodeengenharia.org.br\/site\/wp-json\/wp\/v2\/posts\/134043\/revisions"}],"predecessor-version":[{"id":134056,"href":"https:\/\/www.institutodeengenharia.org.br\/site\/wp-json\/wp\/v2\/posts\/134043\/revisions\/134056"}],"wp:featuredmedia":[{"embeddable":true,"href":"https:\/\/www.institutodeengenharia.org.br\/site\/wp-json\/wp\/v2\/media\/134048"}],"wp:attachment":[{"href":"https:\/\/www.institutodeengenharia.org.br\/site\/wp-json\/wp\/v2\/media?parent=134043"}],"wp:term":[{"taxonomy":"category","embeddable":true,"href":"https:\/\/www.institutodeengenharia.org.br\/site\/wp-json\/wp\/v2\/categories?post=134043"},{"taxonomy":"post_tag","embeddable":true,"href":"https:\/\/www.institutodeengenharia.org.br\/site\/wp-json\/wp\/v2\/tags?post=134043"}],"curies":[{"name":"wp","href":"https:\/\/api.w.org\/{rel}","templated":true}]}}