{"id":134038,"date":"2025-10-28T09:50:03","date_gmt":"2025-10-28T12:50:03","guid":{"rendered":"https:\/\/www.institutodeengenharia.org.br\/site\/?p=134038"},"modified":"2025-10-28T15:53:19","modified_gmt":"2025-10-28T18:53:19","slug":"manifestacao-do-instituto-de-engenharia-referente-ao-projeto-complexo-viario-tunel-sena-madureira","status":"publish","type":"post","link":"https:\/\/www.institutodeengenharia.org.br\/site\/2025\/10\/28\/manifestacao-do-instituto-de-engenharia-referente-ao-projeto-complexo-viario-tunel-sena-madureira\/","title":{"rendered":"Manifesta\u00e7\u00e3o do Instituto de Engenharia Referente ao Projeto Complexo Vi\u00e1rio T\u00fanel Sena Madureira"},"content":{"rendered":"<p>O Instituto de Engenharia recebeu, no dia 24 de setembro de 2025, uma delega\u00e7\u00e3o da Prefeitura de S\u00e3o Paulo, com a finalidade de expor o Projeto do Vi\u00e1rio e T\u00fanel Sena Madureira aos t\u00e9cnicos desta centen\u00e1ria associa\u00e7\u00e3o.<\/p>\n<p>Compareceram, nesta apresenta\u00e7\u00e3o, os secret\u00e1rios de Infraestrutura Urbana e Obras, do Verde e do Meio Ambiente e de Habita\u00e7\u00e3o, como tamb\u00e9m os presidentes das empresas municipais SP Obras e CET &#8211; Companhia de Engenharia de Tr\u00e1fego.<\/p>\n<p>Para participar deste evento, foram convidados por nossa institui\u00e7\u00e3o especialistas em mobilidade que tomaram conhecimento das principais caracter\u00edsticas desse projeto. Cada representante da municipalidade apresentou o empreendimento no \u00e2mbito de suas respectivas compet\u00eancias, demonstrando uma abordagem integrada de grande complexidade.<\/p>\n<p>Os representantes da Prefeitura deixaram clara a ousadia de propor obras impactantes para elimina\u00e7\u00e3o de pontos cr\u00edticos, que melhoram as condi\u00e7\u00f5es do individual, com vistas a reduzir congestionamentos e o desperd\u00edcio de horas da popula\u00e7\u00e3o.<\/p>\n<p>A Prefeitura cedeu c\u00f3pia do material t\u00e9cnico utilizado na apresenta\u00e7\u00e3o aos t\u00e9cnicos que participaram do evento, para orientar as an\u00e1lises e documenta\u00e7\u00e3o em nossa institui\u00e7\u00e3o.<\/p>\n<p>Os especialistas do Instituto de Engenharia avaliaram a iniciativa como uma decis\u00e3o estrat\u00e9gica para resolver, tanto o gargalo cr\u00f4nico existente na interse\u00e7\u00e3o da Av. Domingos de Moraes com a Rua Sena Madureira, como um empreendimento que oferece uma liga\u00e7\u00e3o metropolitana entre as Zonas Sul e Sudeste de S\u00e3o Paulo, com os munic\u00edpios do ABC e Baixada Santista.<\/p>\n<p>Dessa forma, os t\u00faneis proporcionar\u00e3o a libera\u00e7\u00e3o do tr\u00e1fego de pedestres e bicicletas na superf\u00edcie, al\u00e9m de atrair o tr\u00e1fego de autom\u00f3veis que utilizam de outras vias compartilhadas com o transporte de \u00f4nibus, proporcionando melhor desempenho do transporte coletivo na Capital.<\/p>\n<p>Quanto \u00e0s t\u00e9cnicas construtivas, observaram que a concep\u00e7\u00e3o de engenharia \u00e9 moderna e segura, alinhada \u00e0s melhores pr\u00e1ticas mundiais. O uso do m\u00e9todo construtivo NATM, apresentado com planejamento detalhado para a intera\u00e7\u00e3o com a infraestrutura existente, como o caso da interfer\u00eancia com a Linha 1- Azul do Metr\u00f4, demonstram o cuidado t\u00e9cnico e a preocupa\u00e7\u00e3o em mitigar riscos.<\/p>\n<p>Os t\u00e9cnicos do Instituto de Engenharia reconhecem como positiva essa importante iniciativa de implementa\u00e7\u00e3o do empreendimento e entendem que a concep\u00e7\u00e3o apresentada pode ser objeto dos importantes aprimoramentos propostos pela entidade:<\/p>\n<p><strong>&#8211; Recomenda\u00e7\u00e3o 1: Movimento de convers\u00e3o \u00e0 esquerda na Avenida Domingos de Moraes, no sentido Centro\/Bairro:<\/strong><br \/>\nAtualmente, existe uma importante convers\u00e3o \u00e0 esquerda na Avenida Domingos de Moraes (sentido C\/B) em dire\u00e7\u00e3o \u00e0 Rua Monsenhor Manoel Vicente. S\u00e3o tr\u00eas faixas de tr\u00e1fego que imp\u00f5em o controle por sem\u00e1foro de tr\u00eas est\u00e1gios, sendo o principal respons\u00e1vel pelos congestionamentos e lentid\u00e3o do tr\u00e2nsito nesta interse\u00e7\u00e3o. Esse importante fluxo n\u00e3o foi contemplado na solu\u00e7\u00e3o em desn\u00edvel e continuar\u00e1 a sobrecarregar o tr\u00e2nsito da interse\u00e7\u00e3o. Para melhorar o desempenho do tr\u00e1fego na superf\u00edcie \u00e9 importante incluir esse movimento no novo t\u00fanel sul.\u00a0Esta adequa\u00e7\u00e3o melhorar\u00e1 o desempenho do complexo vi\u00e1rio como um todo, especialmente a circula\u00e7\u00e3o dos \u00f4nibus e a maior seguran\u00e7a dos pedestres.<\/p>\n<p><strong>&#8211; Recomenda\u00e7\u00e3o 2 &#8211; Geometria e Sem\u00e1foros nos Emboques dos T\u00faneis:<\/strong><br \/>\nOs desenhos apresentados de requalifica\u00e7\u00e3o vi\u00e1ria e sinaliza\u00e7\u00e3o do emboque leste dos t\u00faneis, preveem o cruzamento com a Rua Souza Ramos controlado por sem\u00e1foro para disciplinar os fluxos de ve\u00edculos e pedestres. Esse tipo de controle acarretar\u00e1 conflito no cruzamento e fila dentro do t\u00fanel sul.<\/p>\n<p>Recomenda-se deixar o tr\u00e1fego livre na sa\u00edda do t\u00fanel, afastando o controle dos fluxos para fora do emboque, ou mais pr\u00f3ximo da conflu\u00eancia das Ruas Barros Cruz, Embua\u00e7u e Maur\u00edcio Francisco Klabin.<\/p>\n<p>Nova geometria dever\u00e1 ser projetada, contando com canaliza\u00e7\u00e3o dos fluxos e controle de sem\u00e1foros no local. No Emboque Oeste, o t\u00fanel sul, tamb\u00e9m apresenta controle por sem\u00e1foros para disciplinar ve\u00edculos e pedestres. A instala\u00e7\u00e3o de se m\u00e1foro na entrada do t\u00fanel sul poder\u00e1 transferir para este local grande parte dos conflitos que se pretende eliminar com a solu\u00e7\u00e3o em desn\u00edvel. \u00c9 desej\u00e1vel deixar fluxo livre para acesso ao local, mas ainda depende de um projeto de circula\u00e7\u00e3o, envolvendo a Rua Mairinque e Rua Nuporanga, bem como estudo para a travessia de pedestres e revis\u00e3o da geometria de todas as vias que chegam neste local.<\/p>\n<p><strong>&#8211; Recomenda\u00e7\u00e3o 3 &#8211; Projeto do sistema vi\u00e1rio provis\u00f3rio durante obras:<\/strong><br \/>\nAs obras dos t\u00faneis exigir\u00e3o interdi\u00e7\u00f5es de trechos do vi\u00e1rio e altera\u00e7\u00f5es na circula\u00e7\u00e3o da regi\u00e3o, tanto para remo\u00e7\u00e3o de material das escava\u00e7\u00f5es quanto para as obras de adequa\u00e7\u00e3o da geometria nos emboques dos t\u00faneis. Os desvios do tr\u00e2nsito, durante obras, precisam ser estudados em fun\u00e7\u00e3o do carregamento dos fluxos na \u00e1rea de influ\u00eancia das vias atingidas pelas interdi\u00e7\u00f5es. O projeto apresentado pela Prefeitura de S\u00e3o Paulo n\u00e3o mostrou os impactos dos desvios do tr\u00e1fego, nem a proposta emergencial de circula\u00e7\u00e3o durante obras. Assim, recomenda-se o desenvolvimento de um estudo de circula\u00e7\u00e3o emergencial para a \u00e1rea afetada, aprovado pela equipe t\u00e9cnica da CET, como tamb\u00e9m seja<br \/>\nprogramado o acompanhamento operacional do tr\u00e2nsito durante execu\u00e7\u00e3o das obras.<\/p>\n<p><strong>&#8211; Recomenda\u00e7\u00e3o 4 &#8211; Projeto do sistema vi\u00e1rio definitivo:<\/strong><br \/>\nForam expostas algumas pranchas com a sinaliza\u00e7\u00e3o horizontal e indica\u00e7\u00e3o de implanta\u00e7\u00e3o de novos sem\u00e1foros ou controle dos fluxos de tr\u00e1fego no vi\u00e1rio resultante das obras. Entretanto, faltou apesentar Plano de Circula\u00e7\u00e3o Definitivo a ser implementado para o novo sistema vi\u00e1rio. A reconfigura\u00e7\u00e3o das vias que d\u00e3o acesso aos t\u00faneis exigir\u00e3o novas regras de circula\u00e7\u00e3o para as vias afetadas pelas mudan\u00e7as, tais como: Rua Sena Madureira, Rua Monsenhor Manuel Vicente, Rua Francisco Cruz, Rua Maur\u00edcio Francisco Klabin, Rua Mairinque e Rua Madre Cabrini. Outras vias, tamb\u00e9m, ser\u00e3o afetadas pelas transforma\u00e7\u00f5es. Todavia, n\u00e3o foi apresentado um estudo de tr\u00e2nsito para atender com seguran\u00e7a e fluidez a<br \/>\nnova configura\u00e7\u00e3o da regi\u00e3o que se inicia no Ibirapuera e vai at\u00e9 a Av. Doutor Ricardo Jafet.<\/p>\n<p>\u00c9 necess\u00e1rio um estudo de carregamento e simula\u00e7\u00e3o dos novos fluxos de tr\u00e1fego para toda a regi\u00e3o afetada pela introdu\u00e7\u00e3o dos t\u00faneis, definindo um plano de circula\u00e7\u00e3o, seguran\u00e7a de pedestres, prioridade para os transportes coletivos, novas regulamenta\u00e7\u00f5es e controle de fluxos de tr\u00e1fego. Tal an\u00e1lise poder\u00e1 indicar a necessidade da inclus\u00e3o de outra obra de arte com passagem em desn\u00edvel, especialmente na proximidade da Rua Vergueiro, para que n\u00e3o haja comprometimento da capacidade de escoamento do tr\u00e1fego.<\/p>\n<p><strong>&#8211; Recomenda\u00e7\u00e3o 5 &#8211; Implementa\u00e7\u00e3o de um Jardim Linear:<\/strong><br \/>\nComo forma de compensa\u00e7\u00e3o da remo\u00e7\u00e3o de \u00e1rvores nas imedia\u00e7\u00f5es do t\u00fanel<br \/>\nSena Madureira, recomenda-se a constru\u00e7\u00e3o de um parque linear nas imedia\u00e7\u00f5es<br \/>\nda interven\u00e7\u00e3o proposta.<\/p>\n<p><strong>&#8211; Recomenda\u00e7\u00e3o 6 \u2013 Refor\u00e7o na Pol\u00edtica Social em rela\u00e7\u00e3o \u00e0 Popula\u00e7\u00e3o <\/strong><strong>Desalojada:<br \/>\n<\/strong>O Instituto de Engenharia, preocupado com as interven\u00e7\u00f5es necess\u00e1rias para o desenvolvimento saud\u00e1vel da cidade e seus impactos sociais junto \u00e0 popula\u00e7\u00e3o lindeira, recomenda-se cuidado especial no apoio \u00e0s fam\u00edlias que ser\u00e3o remanejadas, oferecendo as melhores condi\u00e7\u00f5es poss\u00edveis condizentes com as boas pr\u00e1ticas da engenharia.<\/p>\n<p><strong>CONCLUS\u00c3O:<\/strong> O Instituto de Engenharia reitera seu apoio \u00e0 licita\u00e7\u00e3o e execu\u00e7\u00e3o<br \/>\ndo Complexo Vi\u00e1rio T\u00fanel Sena Madureira, por entender que se trata de um<br \/>\nlegado positivo para a infraestrutura de S\u00e3o Paulo, prop\u00f5e sugest\u00f5es que<br \/>\nobjetivam um melhor desempenho do empreendimento, e se coloca \u00e0 disposi\u00e7\u00e3o<br \/>\npara colaborar tecnicamente com o poder p\u00fablico no desenvolvimento da cidade<br \/>\nde S\u00e3o Paulo.<\/p>\n<p>&nbsp;<\/p>\n","protected":false},"excerpt":{"rendered":"<p>O Instituto de Engenharia recebeu, no dia 24 de setembro de 2025, uma delega\u00e7\u00e3o da Prefeitura de S\u00e3o Paulo, com a finalidade de expor o Projeto do Vi\u00e1rio e T\u00fanel Sena Madureira aos t\u00e9cnicos desta centen\u00e1ria associa\u00e7\u00e3o. Compareceram, nesta apresenta\u00e7\u00e3o, os secret\u00e1rios de Infraestrutura Urbana e Obras, do Verde e do Meio Ambiente e de [&hellip;]<\/p>\n","protected":false},"author":14,"featured_media":134039,"comment_status":"open","ping_status":"open","sticky":false,"template":"","format":"standard","meta":{"footnotes":""},"categories":[27,6,141],"tags":[201],"class_list":{"0":"post-134038","1":"post","2":"type-post","3":"status-publish","4":"format-standard","5":"has-post-thumbnail","7":"category-instituto-de-engenharia","8":"category-noticias","9":"category-noticias-menu","10":"tag-destaque-topo"},"yoast_head":"<!-- This site is optimized with the Yoast SEO plugin v27.2 - https:\/\/yoast.com\/product\/yoast-seo-wordpress\/ -->\n<title>Manifesta\u00e7\u00e3o do Instituto de Engenharia Referente ao Projeto Complexo Vi\u00e1rio T\u00fanel Sena Madureira - Instituto de Engenharia<\/title>\n<meta name=\"robots\" content=\"index, follow, max-snippet:-1, max-image-preview:large, max-video-preview:-1\" \/>\n<link rel=\"canonical\" href=\"https:\/\/www.institutodeengenharia.org.br\/site\/2025\/10\/28\/manifestacao-do-instituto-de-engenharia-referente-ao-projeto-complexo-viario-tunel-sena-madureira\/\" \/>\n<meta property=\"og:locale\" content=\"pt_BR\" \/>\n<meta property=\"og:type\" content=\"article\" \/>\n<meta property=\"og:title\" content=\"Manifesta\u00e7\u00e3o do Instituto de Engenharia Referente ao Projeto Complexo Vi\u00e1rio T\u00fanel Sena Madureira - Instituto de Engenharia\" \/>\n<meta property=\"og:description\" content=\"O Instituto de Engenharia recebeu, no dia 24 de setembro de 2025, uma delega\u00e7\u00e3o da Prefeitura de S\u00e3o Paulo, com a finalidade de expor o Projeto do Vi\u00e1rio e T\u00fanel Sena Madureira aos t\u00e9cnicos desta centen\u00e1ria associa\u00e7\u00e3o. Compareceram, nesta apresenta\u00e7\u00e3o, os secret\u00e1rios de Infraestrutura Urbana e Obras, do Verde e do Meio Ambiente e de [&hellip;]\" \/>\n<meta property=\"og:url\" content=\"https:\/\/www.institutodeengenharia.org.br\/site\/2025\/10\/28\/manifestacao-do-instituto-de-engenharia-referente-ao-projeto-complexo-viario-tunel-sena-madureira\/\" \/>\n<meta property=\"og:site_name\" content=\"Instituto de Engenharia\" \/>\n<meta property=\"article:publisher\" content=\"https:\/\/www.facebook.com\/institutodeengenharia\" \/>\n<meta property=\"article:published_time\" content=\"2025-10-28T12:50:03+00:00\" \/>\n<meta property=\"article:modified_time\" content=\"2025-10-28T18:53:19+00:00\" \/>\n<meta property=\"og:image\" content=\"https:\/\/www.institutodeengenharia.org.br\/site\/wp-content\/uploads\/2025\/10\/manifestacao.jpg\" \/>\n\t<meta property=\"og:image:width\" content=\"1920\" \/>\n\t<meta property=\"og:image:height\" content=\"1080\" \/>\n\t<meta property=\"og:image:type\" content=\"image\/jpeg\" \/>\n<meta name=\"author\" content=\"Isabel\" \/>\n<meta name=\"twitter:card\" content=\"summary_large_image\" \/>\n<meta name=\"twitter:creator\" content=\"@iengenharia\" \/>\n<meta name=\"twitter:site\" content=\"@iengenharia\" \/>\n<meta name=\"twitter:label1\" content=\"Escrito por\" \/>\n\t<meta name=\"twitter:data1\" content=\"Isabel\" \/>\n\t<meta name=\"twitter:label2\" content=\"Est. tempo de leitura\" \/>\n\t<meta name=\"twitter:data2\" content=\"7 minutos\" \/>\n<script type=\"application\/ld+json\" class=\"yoast-schema-graph\">{\"@context\":\"https:\/\/schema.org\",\"@graph\":[{\"@type\":\"Article\",\"@id\":\"https:\/\/www.institutodeengenharia.org.br\/site\/2025\/10\/28\/manifestacao-do-instituto-de-engenharia-referente-ao-projeto-complexo-viario-tunel-sena-madureira\/#article\",\"isPartOf\":{\"@id\":\"https:\/\/www.institutodeengenharia.org.br\/site\/2025\/10\/28\/manifestacao-do-instituto-de-engenharia-referente-ao-projeto-complexo-viario-tunel-sena-madureira\/\"},\"author\":{\"name\":\"Isabel\",\"@id\":\"https:\/\/www.institutodeengenharia.org.br\/site\/#\/schema\/person\/593dc356630173a4877a635d3e5fd76b\"},\"headline\":\"Manifesta\u00e7\u00e3o do Instituto de Engenharia Referente ao Projeto Complexo Vi\u00e1rio T\u00fanel Sena Madureira\",\"datePublished\":\"2025-10-28T12:50:03+00:00\",\"dateModified\":\"2025-10-28T18:53:19+00:00\",\"mainEntityOfPage\":{\"@id\":\"https:\/\/www.institutodeengenharia.org.br\/site\/2025\/10\/28\/manifestacao-do-instituto-de-engenharia-referente-ao-projeto-complexo-viario-tunel-sena-madureira\/\"},\"wordCount\":1373,\"commentCount\":0,\"publisher\":{\"@id\":\"https:\/\/www.institutodeengenharia.org.br\/site\/#organization\"},\"image\":{\"@id\":\"https:\/\/www.institutodeengenharia.org.br\/site\/2025\/10\/28\/manifestacao-do-instituto-de-engenharia-referente-ao-projeto-complexo-viario-tunel-sena-madureira\/#primaryimage\"},\"thumbnailUrl\":\"https:\/\/www.institutodeengenharia.org.br\/site\/wp-content\/uploads\/2025\/10\/manifestacao.jpg\",\"keywords\":[\"Destaque Topo\"],\"articleSection\":[\"Instituto de Engenharia\",\"Not\u00edcias\",\"Not\u00edcias\"],\"inLanguage\":\"pt-BR\",\"potentialAction\":[{\"@type\":\"CommentAction\",\"name\":\"Comment\",\"target\":[\"https:\/\/www.institutodeengenharia.org.br\/site\/2025\/10\/28\/manifestacao-do-instituto-de-engenharia-referente-ao-projeto-complexo-viario-tunel-sena-madureira\/#respond\"]}]},{\"@type\":\"WebPage\",\"@id\":\"https:\/\/www.institutodeengenharia.org.br\/site\/2025\/10\/28\/manifestacao-do-instituto-de-engenharia-referente-ao-projeto-complexo-viario-tunel-sena-madureira\/\",\"url\":\"https:\/\/www.institutodeengenharia.org.br\/site\/2025\/10\/28\/manifestacao-do-instituto-de-engenharia-referente-ao-projeto-complexo-viario-tunel-sena-madureira\/\",\"name\":\"Manifesta\u00e7\u00e3o do Instituto de Engenharia Referente ao Projeto Complexo Vi\u00e1rio T\u00fanel Sena Madureira - Instituto de Engenharia\",\"isPartOf\":{\"@id\":\"https:\/\/www.institutodeengenharia.org.br\/site\/#website\"},\"primaryImageOfPage\":{\"@id\":\"https:\/\/www.institutodeengenharia.org.br\/site\/2025\/10\/28\/manifestacao-do-instituto-de-engenharia-referente-ao-projeto-complexo-viario-tunel-sena-madureira\/#primaryimage\"},\"image\":{\"@id\":\"https:\/\/www.institutodeengenharia.org.br\/site\/2025\/10\/28\/manifestacao-do-instituto-de-engenharia-referente-ao-projeto-complexo-viario-tunel-sena-madureira\/#primaryimage\"},\"thumbnailUrl\":\"https:\/\/www.institutodeengenharia.org.br\/site\/wp-content\/uploads\/2025\/10\/manifestacao.jpg\",\"datePublished\":\"2025-10-28T12:50:03+00:00\",\"dateModified\":\"2025-10-28T18:53:19+00:00\",\"breadcrumb\":{\"@id\":\"https:\/\/www.institutodeengenharia.org.br\/site\/2025\/10\/28\/manifestacao-do-instituto-de-engenharia-referente-ao-projeto-complexo-viario-tunel-sena-madureira\/#breadcrumb\"},\"inLanguage\":\"pt-BR\",\"potentialAction\":[{\"@type\":\"ReadAction\",\"target\":[\"https:\/\/www.institutodeengenharia.org.br\/site\/2025\/10\/28\/manifestacao-do-instituto-de-engenharia-referente-ao-projeto-complexo-viario-tunel-sena-madureira\/\"]}]},{\"@type\":\"ImageObject\",\"inLanguage\":\"pt-BR\",\"@id\":\"https:\/\/www.institutodeengenharia.org.br\/site\/2025\/10\/28\/manifestacao-do-instituto-de-engenharia-referente-ao-projeto-complexo-viario-tunel-sena-madureira\/#primaryimage\",\"url\":\"https:\/\/www.institutodeengenharia.org.br\/site\/wp-content\/uploads\/2025\/10\/manifestacao.jpg\",\"contentUrl\":\"https:\/\/www.institutodeengenharia.org.br\/site\/wp-content\/uploads\/2025\/10\/manifestacao.jpg\",\"width\":1920,\"height\":1080},{\"@type\":\"BreadcrumbList\",\"@id\":\"https:\/\/www.institutodeengenharia.org.br\/site\/2025\/10\/28\/manifestacao-do-instituto-de-engenharia-referente-ao-projeto-complexo-viario-tunel-sena-madureira\/#breadcrumb\",\"itemListElement\":[{\"@type\":\"ListItem\",\"position\":1,\"name\":\"In\u00edcio\",\"item\":\"https:\/\/www.institutodeengenharia.org.br\/site\/\"},{\"@type\":\"ListItem\",\"position\":2,\"name\":\"Manifesta\u00e7\u00e3o do Instituto de Engenharia Referente ao Projeto Complexo Vi\u00e1rio T\u00fanel Sena Madureira\"}]},{\"@type\":\"WebSite\",\"@id\":\"https:\/\/www.institutodeengenharia.org.br\/site\/#website\",\"url\":\"https:\/\/www.institutodeengenharia.org.br\/site\/\",\"name\":\"Instituto de Engenharia\",\"description\":\"O Instituto de Engenharia promove a Engenharia em benef\u00edcio do desenvolvimento e da qualidade de vida da sociedade.\",\"publisher\":{\"@id\":\"https:\/\/www.institutodeengenharia.org.br\/site\/#organization\"},\"potentialAction\":[{\"@type\":\"SearchAction\",\"target\":{\"@type\":\"EntryPoint\",\"urlTemplate\":\"https:\/\/www.institutodeengenharia.org.br\/site\/?s={search_term_string}\"},\"query-input\":{\"@type\":\"PropertyValueSpecification\",\"valueRequired\":true,\"valueName\":\"search_term_string\"}}],\"inLanguage\":\"pt-BR\"},{\"@type\":\"Organization\",\"@id\":\"https:\/\/www.institutodeengenharia.org.br\/site\/#organization\",\"name\":\"Instituto de Engenharia\",\"url\":\"https:\/\/www.institutodeengenharia.org.br\/site\/\",\"logo\":{\"@type\":\"ImageObject\",\"inLanguage\":\"pt-BR\",\"@id\":\"https:\/\/www.institutodeengenharia.org.br\/site\/#\/schema\/logo\/image\/\",\"url\":\"https:\/\/www.institutodeengenharia.org.br\/site\/wp-content\/uploads\/2019\/03\/logo-novo-IE2018-1.jpg\",\"contentUrl\":\"https:\/\/www.institutodeengenharia.org.br\/site\/wp-content\/uploads\/2019\/03\/logo-novo-IE2018-1.jpg\",\"width\":1486,\"height\":1879,\"caption\":\"Instituto de Engenharia\"},\"image\":{\"@id\":\"https:\/\/www.institutodeengenharia.org.br\/site\/#\/schema\/logo\/image\/\"},\"sameAs\":[\"https:\/\/www.facebook.com\/institutodeengenharia\",\"https:\/\/x.com\/iengenharia\",\"https:\/\/www.instagram.com\/institutodeengenharia\/\",\"https:\/\/www.linkedin.com\/company\/instituto-de-engenharia\/\",\"https:\/\/www.youtube.com\/channel\/UCXiCAlsSMe977vamW915HxA\"]},{\"@type\":\"Person\",\"@id\":\"https:\/\/www.institutodeengenharia.org.br\/site\/#\/schema\/person\/593dc356630173a4877a635d3e5fd76b\",\"name\":\"Isabel\",\"image\":{\"@type\":\"ImageObject\",\"inLanguage\":\"pt-BR\",\"@id\":\"https:\/\/secure.gravatar.com\/avatar\/f3c521db63ec9db17894f10a88c6a3cf95b2281d7f80eeb3cf3ef1cb091576e7?s=96&d=mm&r=g\",\"url\":\"https:\/\/secure.gravatar.com\/avatar\/f3c521db63ec9db17894f10a88c6a3cf95b2281d7f80eeb3cf3ef1cb091576e7?s=96&d=mm&r=g\",\"contentUrl\":\"https:\/\/secure.gravatar.com\/avatar\/f3c521db63ec9db17894f10a88c6a3cf95b2281d7f80eeb3cf3ef1cb091576e7?s=96&d=mm&r=g\",\"caption\":\"Isabel\"},\"url\":\"https:\/\/www.institutodeengenharia.org.br\/site\/author\/comunicacao2\/\"}]}<\/script>\n<!-- \/ Yoast SEO plugin. -->","yoast_head_json":{"title":"Manifesta\u00e7\u00e3o do Instituto de Engenharia Referente ao Projeto Complexo Vi\u00e1rio T\u00fanel Sena Madureira - Instituto de Engenharia","robots":{"index":"index","follow":"follow","max-snippet":"max-snippet:-1","max-image-preview":"max-image-preview:large","max-video-preview":"max-video-preview:-1"},"canonical":"https:\/\/www.institutodeengenharia.org.br\/site\/2025\/10\/28\/manifestacao-do-instituto-de-engenharia-referente-ao-projeto-complexo-viario-tunel-sena-madureira\/","og_locale":"pt_BR","og_type":"article","og_title":"Manifesta\u00e7\u00e3o do Instituto de Engenharia Referente ao Projeto Complexo Vi\u00e1rio T\u00fanel Sena Madureira - Instituto de Engenharia","og_description":"O Instituto de Engenharia recebeu, no dia 24 de setembro de 2025, uma delega\u00e7\u00e3o da Prefeitura de S\u00e3o Paulo, com a finalidade de expor o Projeto do Vi\u00e1rio e T\u00fanel Sena Madureira aos t\u00e9cnicos desta centen\u00e1ria associa\u00e7\u00e3o. Compareceram, nesta apresenta\u00e7\u00e3o, os secret\u00e1rios de Infraestrutura Urbana e Obras, do Verde e do Meio Ambiente e de [&hellip;]","og_url":"https:\/\/www.institutodeengenharia.org.br\/site\/2025\/10\/28\/manifestacao-do-instituto-de-engenharia-referente-ao-projeto-complexo-viario-tunel-sena-madureira\/","og_site_name":"Instituto de Engenharia","article_publisher":"https:\/\/www.facebook.com\/institutodeengenharia","article_published_time":"2025-10-28T12:50:03+00:00","article_modified_time":"2025-10-28T18:53:19+00:00","og_image":[{"width":1920,"height":1080,"url":"https:\/\/www.institutodeengenharia.org.br\/site\/wp-content\/uploads\/2025\/10\/manifestacao.jpg","type":"image\/jpeg"}],"author":"Isabel","twitter_card":"summary_large_image","twitter_creator":"@iengenharia","twitter_site":"@iengenharia","twitter_misc":{"Escrito por":"Isabel","Est. tempo de leitura":"7 minutos"},"schema":{"@context":"https:\/\/schema.org","@graph":[{"@type":"Article","@id":"https:\/\/www.institutodeengenharia.org.br\/site\/2025\/10\/28\/manifestacao-do-instituto-de-engenharia-referente-ao-projeto-complexo-viario-tunel-sena-madureira\/#article","isPartOf":{"@id":"https:\/\/www.institutodeengenharia.org.br\/site\/2025\/10\/28\/manifestacao-do-instituto-de-engenharia-referente-ao-projeto-complexo-viario-tunel-sena-madureira\/"},"author":{"name":"Isabel","@id":"https:\/\/www.institutodeengenharia.org.br\/site\/#\/schema\/person\/593dc356630173a4877a635d3e5fd76b"},"headline":"Manifesta\u00e7\u00e3o do Instituto de Engenharia Referente ao Projeto Complexo Vi\u00e1rio T\u00fanel Sena Madureira","datePublished":"2025-10-28T12:50:03+00:00","dateModified":"2025-10-28T18:53:19+00:00","mainEntityOfPage":{"@id":"https:\/\/www.institutodeengenharia.org.br\/site\/2025\/10\/28\/manifestacao-do-instituto-de-engenharia-referente-ao-projeto-complexo-viario-tunel-sena-madureira\/"},"wordCount":1373,"commentCount":0,"publisher":{"@id":"https:\/\/www.institutodeengenharia.org.br\/site\/#organization"},"image":{"@id":"https:\/\/www.institutodeengenharia.org.br\/site\/2025\/10\/28\/manifestacao-do-instituto-de-engenharia-referente-ao-projeto-complexo-viario-tunel-sena-madureira\/#primaryimage"},"thumbnailUrl":"https:\/\/www.institutodeengenharia.org.br\/site\/wp-content\/uploads\/2025\/10\/manifestacao.jpg","keywords":["Destaque Topo"],"articleSection":["Instituto de Engenharia","Not\u00edcias","Not\u00edcias"],"inLanguage":"pt-BR","potentialAction":[{"@type":"CommentAction","name":"Comment","target":["https:\/\/www.institutodeengenharia.org.br\/site\/2025\/10\/28\/manifestacao-do-instituto-de-engenharia-referente-ao-projeto-complexo-viario-tunel-sena-madureira\/#respond"]}]},{"@type":"WebPage","@id":"https:\/\/www.institutodeengenharia.org.br\/site\/2025\/10\/28\/manifestacao-do-instituto-de-engenharia-referente-ao-projeto-complexo-viario-tunel-sena-madureira\/","url":"https:\/\/www.institutodeengenharia.org.br\/site\/2025\/10\/28\/manifestacao-do-instituto-de-engenharia-referente-ao-projeto-complexo-viario-tunel-sena-madureira\/","name":"Manifesta\u00e7\u00e3o do Instituto de Engenharia Referente ao Projeto Complexo Vi\u00e1rio T\u00fanel Sena Madureira - Instituto de Engenharia","isPartOf":{"@id":"https:\/\/www.institutodeengenharia.org.br\/site\/#website"},"primaryImageOfPage":{"@id":"https:\/\/www.institutodeengenharia.org.br\/site\/2025\/10\/28\/manifestacao-do-instituto-de-engenharia-referente-ao-projeto-complexo-viario-tunel-sena-madureira\/#primaryimage"},"image":{"@id":"https:\/\/www.institutodeengenharia.org.br\/site\/2025\/10\/28\/manifestacao-do-instituto-de-engenharia-referente-ao-projeto-complexo-viario-tunel-sena-madureira\/#primaryimage"},"thumbnailUrl":"https:\/\/www.institutodeengenharia.org.br\/site\/wp-content\/uploads\/2025\/10\/manifestacao.jpg","datePublished":"2025-10-28T12:50:03+00:00","dateModified":"2025-10-28T18:53:19+00:00","breadcrumb":{"@id":"https:\/\/www.institutodeengenharia.org.br\/site\/2025\/10\/28\/manifestacao-do-instituto-de-engenharia-referente-ao-projeto-complexo-viario-tunel-sena-madureira\/#breadcrumb"},"inLanguage":"pt-BR","potentialAction":[{"@type":"ReadAction","target":["https:\/\/www.institutodeengenharia.org.br\/site\/2025\/10\/28\/manifestacao-do-instituto-de-engenharia-referente-ao-projeto-complexo-viario-tunel-sena-madureira\/"]}]},{"@type":"ImageObject","inLanguage":"pt-BR","@id":"https:\/\/www.institutodeengenharia.org.br\/site\/2025\/10\/28\/manifestacao-do-instituto-de-engenharia-referente-ao-projeto-complexo-viario-tunel-sena-madureira\/#primaryimage","url":"https:\/\/www.institutodeengenharia.org.br\/site\/wp-content\/uploads\/2025\/10\/manifestacao.jpg","contentUrl":"https:\/\/www.institutodeengenharia.org.br\/site\/wp-content\/uploads\/2025\/10\/manifestacao.jpg","width":1920,"height":1080},{"@type":"BreadcrumbList","@id":"https:\/\/www.institutodeengenharia.org.br\/site\/2025\/10\/28\/manifestacao-do-instituto-de-engenharia-referente-ao-projeto-complexo-viario-tunel-sena-madureira\/#breadcrumb","itemListElement":[{"@type":"ListItem","position":1,"name":"In\u00edcio","item":"https:\/\/www.institutodeengenharia.org.br\/site\/"},{"@type":"ListItem","position":2,"name":"Manifesta\u00e7\u00e3o do Instituto de Engenharia Referente ao Projeto Complexo Vi\u00e1rio T\u00fanel Sena Madureira"}]},{"@type":"WebSite","@id":"https:\/\/www.institutodeengenharia.org.br\/site\/#website","url":"https:\/\/www.institutodeengenharia.org.br\/site\/","name":"Instituto de Engenharia","description":"O Instituto de Engenharia promove a Engenharia em benef\u00edcio do desenvolvimento e da qualidade de vida da sociedade.","publisher":{"@id":"https:\/\/www.institutodeengenharia.org.br\/site\/#organization"},"potentialAction":[{"@type":"SearchAction","target":{"@type":"EntryPoint","urlTemplate":"https:\/\/www.institutodeengenharia.org.br\/site\/?s={search_term_string}"},"query-input":{"@type":"PropertyValueSpecification","valueRequired":true,"valueName":"search_term_string"}}],"inLanguage":"pt-BR"},{"@type":"Organization","@id":"https:\/\/www.institutodeengenharia.org.br\/site\/#organization","name":"Instituto de Engenharia","url":"https:\/\/www.institutodeengenharia.org.br\/site\/","logo":{"@type":"ImageObject","inLanguage":"pt-BR","@id":"https:\/\/www.institutodeengenharia.org.br\/site\/#\/schema\/logo\/image\/","url":"https:\/\/www.institutodeengenharia.org.br\/site\/wp-content\/uploads\/2019\/03\/logo-novo-IE2018-1.jpg","contentUrl":"https:\/\/www.institutodeengenharia.org.br\/site\/wp-content\/uploads\/2019\/03\/logo-novo-IE2018-1.jpg","width":1486,"height":1879,"caption":"Instituto de Engenharia"},"image":{"@id":"https:\/\/www.institutodeengenharia.org.br\/site\/#\/schema\/logo\/image\/"},"sameAs":["https:\/\/www.facebook.com\/institutodeengenharia","https:\/\/x.com\/iengenharia","https:\/\/www.instagram.com\/institutodeengenharia\/","https:\/\/www.linkedin.com\/company\/instituto-de-engenharia\/","https:\/\/www.youtube.com\/channel\/UCXiCAlsSMe977vamW915HxA"]},{"@type":"Person","@id":"https:\/\/www.institutodeengenharia.org.br\/site\/#\/schema\/person\/593dc356630173a4877a635d3e5fd76b","name":"Isabel","image":{"@type":"ImageObject","inLanguage":"pt-BR","@id":"https:\/\/secure.gravatar.com\/avatar\/f3c521db63ec9db17894f10a88c6a3cf95b2281d7f80eeb3cf3ef1cb091576e7?s=96&d=mm&r=g","url":"https:\/\/secure.gravatar.com\/avatar\/f3c521db63ec9db17894f10a88c6a3cf95b2281d7f80eeb3cf3ef1cb091576e7?s=96&d=mm&r=g","contentUrl":"https:\/\/secure.gravatar.com\/avatar\/f3c521db63ec9db17894f10a88c6a3cf95b2281d7f80eeb3cf3ef1cb091576e7?s=96&d=mm&r=g","caption":"Isabel"},"url":"https:\/\/www.institutodeengenharia.org.br\/site\/author\/comunicacao2\/"}]}},"_links":{"self":[{"href":"https:\/\/www.institutodeengenharia.org.br\/site\/wp-json\/wp\/v2\/posts\/134038","targetHints":{"allow":["GET"]}}],"collection":[{"href":"https:\/\/www.institutodeengenharia.org.br\/site\/wp-json\/wp\/v2\/posts"}],"about":[{"href":"https:\/\/www.institutodeengenharia.org.br\/site\/wp-json\/wp\/v2\/types\/post"}],"author":[{"embeddable":true,"href":"https:\/\/www.institutodeengenharia.org.br\/site\/wp-json\/wp\/v2\/users\/14"}],"replies":[{"embeddable":true,"href":"https:\/\/www.institutodeengenharia.org.br\/site\/wp-json\/wp\/v2\/comments?post=134038"}],"version-history":[{"count":2,"href":"https:\/\/www.institutodeengenharia.org.br\/site\/wp-json\/wp\/v2\/posts\/134038\/revisions"}],"predecessor-version":[{"id":134047,"href":"https:\/\/www.institutodeengenharia.org.br\/site\/wp-json\/wp\/v2\/posts\/134038\/revisions\/134047"}],"wp:featuredmedia":[{"embeddable":true,"href":"https:\/\/www.institutodeengenharia.org.br\/site\/wp-json\/wp\/v2\/media\/134039"}],"wp:attachment":[{"href":"https:\/\/www.institutodeengenharia.org.br\/site\/wp-json\/wp\/v2\/media?parent=134038"}],"wp:term":[{"taxonomy":"category","embeddable":true,"href":"https:\/\/www.institutodeengenharia.org.br\/site\/wp-json\/wp\/v2\/categories?post=134038"},{"taxonomy":"post_tag","embeddable":true,"href":"https:\/\/www.institutodeengenharia.org.br\/site\/wp-json\/wp\/v2\/tags?post=134038"}],"curies":[{"name":"wp","href":"https:\/\/api.w.org\/{rel}","templated":true}]}}