{"id":133838,"date":"2025-11-03T09:00:10","date_gmt":"2025-11-03T12:00:10","guid":{"rendered":"https:\/\/www.institutodeengenharia.org.br\/site\/?p=133838"},"modified":"2026-01-26T15:16:22","modified_gmt":"2026-01-26T18:16:22","slug":"confira-o-pos-evento-da-semana-nacional-da-engenharia-2025","status":"publish","type":"post","link":"https:\/\/www.institutodeengenharia.org.br\/site\/2025\/11\/03\/confira-o-pos-evento-da-semana-nacional-da-engenharia-2025\/","title":{"rendered":"Confira o p\u00f3s-evento da Semana Nacional da Engenharia 2025"},"content":{"rendered":"<div>\n<p style=\"text-align: center;\"><a href=\"https:\/\/www.flickr.com\/photos\/157391345@N08\/albums\/72177720329803787\"><strong>Clique aqui para conferir as fotos do 1\u00ba dia<\/strong><\/a><\/p>\n<p style=\"text-align: center;\"><a href=\"https:\/\/www.flickr.com\/photos\/157391345@N08\/albums\/72177720329822816\"><strong>Clique aqui para conferir as fotos do 2\u00ba dia<\/strong><\/a><\/p>\n<p style=\"text-align: center;\"><a href=\"https:\/\/www.flickr.com\/photos\/157391345@N08\/albums\/72177720329824436\"><strong>Clique aqui para conferir as fotos do 3\u00ba dia<\/strong><\/a><\/p>\n<p style=\"text-align: center;\"><a href=\"https:\/\/www.flickr.com\/photos\/157391345@N08\/albums\/72177720329871987\"><strong>Clique aqui para conferir as fotos do 4\u00ba dia<\/strong><\/a><\/p>\n<p style=\"text-align: center;\"><a href=\"https:\/\/www.flickr.com\/photos\/157391345@N08\/albums\/72177720329891258\"><strong>Clique aqui para conferir as fotos do 5\u00ba dia<\/strong><\/a><\/p>\n<\/div>\n<div><\/div>\n<div style=\"text-align: center;\">Assista, abaixo, \u00e0 grava\u00e7\u00e3o da Semana Nacional da Engenharia 2025!<\/div>\n<div><\/div>\n<div><strong>Dia 20\/10, segunda-feira\u00a0<\/strong><\/div>\n<div><\/div>\n<p><em>9h \u2013 Cerim\u00f4nia de abertura com autoridades: desafios e avan\u00e7os da Engenharia brasileira<\/em><\/p>\n<div style=\"padding: 56.25% 0 0 0; position: relative;\"><iframe style=\"position: absolute; top: 0; left: 0; width: 100%; height: 100%;\" title=\"sne_20-10-2025_-9 manh\u00e3 (1080p)_2\" src=\"https:\/\/player.vimeo.com\/video\/1129586904?badge=0&amp;autopause=0&amp;player_id=0&amp;a\u2026 frameborder=\"><\/iframe><\/div>\n<p>&nbsp;<\/p>\n<p><em>11h \u2013 Projeto, monitoramento e execu\u00e7\u00e3o de Obras de Arte em S\u00e3o Paulo<\/em><\/p>\n<div style=\"padding: 56.25% 0 0 0; position: relative;\"><iframe style=\"position: absolute; top: 0; left: 0; width: 100%; height: 100%;\" title=\"SNE 2025 20.10 - 11 da manha_1\" src=\"https:\/\/player.vimeo.com\/video\/1129557070?badge=0&amp;autopause=0&amp;player_id=0&amp;a\u2026 frameborder=\"><\/iframe><\/div>\n<p>&nbsp;<\/p>\n<div><em>14h \u2013 Os avan\u00e7os e desafios das Obras do Estado de S\u00e3o Paulo<br \/>\n<\/em><\/div>\n<div><\/div>\n<div><\/div>\n<div>\n<div style=\"padding: 56.25% 0 0 0; position: relative;\"><iframe style=\"position: absolute; top: 0; left: 0; width: 100%; height: 100%;\" title=\"sne_20-10-2025_-_14h (1080p)\" src=\"https:\/\/player.vimeo.com\/video\/1131731623?badge=0&amp;autopause=0&amp;player_id=0&amp;a\u2026 frameborder=\"><\/iframe><\/div>\n<p><script src=\"https:\/\/player.vimeo.com\/api\/player.js\"><\/script><\/p>\n<\/div>\n<p>&nbsp;<\/p>\n<p><strong>Dia 21\/10, ter\u00e7a-feira<\/strong><\/p>\n<p><em>9h \u2013 Rodovias: avan\u00e7os e oportunidades<\/em><\/p>\n<div style=\"padding: 56.25% 0 0 0; position: relative;\"><iframe style=\"position: absolute; top: 0; left: 0; width: 100%; height: 100%;\" title=\"sne_21-10-2025_-9 manh\u00e3 (1080p)\" src=\"https:\/\/player.vimeo.com\/video\/1129922498?badge=0&amp;autopause=0&amp;player_id=0&amp;a\u2026 frameborder=\"><\/iframe><\/div>\n<p>&nbsp;<\/p>\n<p><em>11h \u2013 Transporte Urbano: perspectivas<\/em><\/p>\n<div style=\"padding: 56.25% 0 0 0; position: relative;\"><iframe style=\"position: absolute; top: 0; left: 0; width: 100%; height: 100%;\" title=\"SNE 20.10 - 11 da manha\" src=\"https:\/\/player.vimeo.com\/video\/1129950857?badge=0&amp;autopause=0&amp;player_id=0&amp;a\u2026 frameborder=\"><\/iframe><\/div>\n<p>&nbsp;<\/p>\n<p><em>14h \u2013 Energia: vetores para a expans\u00e3o<\/em><\/p>\n<div style=\"padding: 56.25% 0 0 0; position: relative;\"><iframe style=\"position: absolute; top: 0; left: 0; width: 100%; height: 100%;\" title=\"Semana Nacional da Engenharia - 21\/10\/2025 - 14h\" src=\"https:\/\/player.vimeo.com\/video\/1129922874?badge=0&amp;autopause=0&amp;player_id=0&amp;a\u2026 frameborder=\"><\/iframe><\/div>\n<div><\/div>\n<div><\/div>\n<div><\/div>\n<div><em>17h \u2013 Cerim\u00f4nia do Pr\u00eamio Melhores e Maiores Obras 2025<br \/>\n<\/em><\/div>\n<div><\/div>\n<div><\/div>\n<div>\n<div style=\"padding: 56.25% 0 0 0; position: relative;\"><iframe style=\"position: absolute; top: 0; left: 0; width: 100%; height: 100%;\" title=\"sne_21-10-2025_-_noite (1080p)_1\" src=\"https:\/\/player.vimeo.com\/video\/1131800599?badge=0&amp;autopause=0&amp;player_id=0&amp;a\u2026 frameborder=\"><\/iframe><\/div>\n<p><script src=\"https:\/\/player.vimeo.com\/api\/player.js\"><\/script><\/p>\n<\/div>\n<div>\n<p><strong>22\/10\/2025 (quarta-feira)<\/strong><\/p>\n<\/div>\n<p><em>9h \u2013 Sustentabilidade: biocombust\u00edveis e descarboniza\u00e7\u00e3o<\/em><\/p>\n<div style=\"padding: 56.25% 0 0 0; position: relative;\"><iframe style=\"position: absolute; top: 0; left: 0; width: 100%; height: 100%;\" title=\"sne_22-10-2025_-9 manh\u00e3 (1080p)\" src=\"https:\/\/player.vimeo.com\/video\/1130326176?badge=0&amp;autopause=0&amp;player_id=0&amp;a\u2026 frameborder=\"><\/iframe><\/div>\n<div><\/div>\n<div><em>11h \u2013 O Novo Clima, Projetos e Urbanismo<\/em><\/div>\n<div><\/div>\n<div>\n<div style=\"padding: 56.25% 0 0 0; position: relative;\"><iframe style=\"position: absolute; top: 0; left: 0; width: 100%; height: 100%;\" title=\"SNE 22.10 11 da manha\" src=\"https:\/\/player.vimeo.com\/video\/1133120099?badge=0&amp;autopause=0&amp;player_id=0&amp;a\u2026 frameborder=\"><\/iframe><\/div>\n<p>&nbsp;<\/p>\n<\/div>\n<div><em><br \/>\n14h \u2013 O apag\u00e3o de pessoal qualificado e m\u00e3o de obra<br \/>\n<\/em><\/div>\n<div><\/div>\n<div style=\"padding: 56.25% 0 0 0; position: relative;\"><iframe style=\"position: absolute; top: 0; left: 0; width: 100%; height: 100%;\" title=\"sne_22-10-2025_-_tarde (1080p)\" src=\"https:\/\/player.vimeo.com\/video\/1131816595?badge=0&amp;autopause=0&amp;player_id=0&amp;a\u2026 frameborder=\"><\/iframe><\/div>\n<p>&nbsp;<\/p>\n<p><strong>23\/10\/2025<\/strong><\/p>\n<p><em>9h \u2013 Contrata\u00e7\u00f5es p\u00fablicas e obras paralisadas<\/em><\/p>\n<div style=\"padding: 56.25% 0 0 0; position: relative;\"><iframe style=\"position: absolute; top: 0; left: 0; width: 100%; height: 100%;\" title=\"entrada (1080p)_9 da manha\" src=\"https:\/\/player.vimeo.com\/video\/1132531836?badge=0&amp;autopause=0&amp;player_id=0&amp;a\u2026 frameborder=\"><\/iframe><\/div>\n<p>&nbsp;<\/p>\n<p><em>11h \u2013 Tend\u00eancias dos El\u00e9tricos: ve\u00edculos e equipamentos<\/em><\/p>\n<div style=\"padding: 56.25% 0 0 0; position: relative;\"><iframe style=\"position: absolute; top: 0; left: 0; width: 100%; height: 100%;\" title=\"SNE 23.10 - 11 DA MANHA\" src=\"https:\/\/player.vimeo.com\/video\/1132583021?badge=0&amp;autopause=0&amp;player_id=0&amp;a\u2026 frameborder=\"><\/iframe><\/div>\n<p>&nbsp;<\/p>\n<p><em>14h \u2013 Minera\u00e7\u00e3o e Transforma\u00e7\u00e3o Mineral: Atividades estrat\u00e9gicas para o Desenvolvimento Sustent\u00e1vel do Brasil<\/em><\/p>\n<div style=\"padding: 56.25% 0 0 0; position: relative;\"><iframe style=\"position: absolute; top: 0; left: 0; width: 100%; height: 100%;\" title=\"Semana Nacional da Engenharia 2025 - 23\/10 - 14H -\" src=\"https:\/\/player.vimeo.com\/video\/1132257760?badge=0&amp;autopause=0&amp;player_id=0&amp;a\u2026 frameborder=\"><\/iframe><\/div>\n<p>&nbsp;<\/p>\n<p><strong>24\/10\/2025<\/strong><\/p>\n<p><em>9h &#8211; Intelig\u00eancia Artificial, Inova\u00e7\u00e3o e C<\/em><em>onhecimento<\/em><\/p>\n<div style=\"padding: 56.25% 0 0 0; position: relative;\"><iframe style=\"position: absolute; top: 0; left: 0; width: 100%; height: 100%;\" title=\"9h \u2013 Intelig\u00eancia Artificial, Inova\u00e7\u00e3o e Conhecimento - 24\/10\/2025\" src=\"https:\/\/player.vimeo.com\/video\/1131702365?badge=0&amp;autopause=0&amp;player_id=0&amp;app_id=58479\" frameborder=\"0\"><\/iframe><\/div>\n<p>&nbsp;<\/p>\n<p><em>11h \u2013 Aprofundamento do uso do BIM<\/em><\/p>\n<div style=\"padding: 56.25% 0 0 0; position: relative;\"><iframe style=\"position: absolute; top: 0; left: 0; width: 100%; height: 100%;\" title=\"11h \u2013 Aprofundamento do uso do BIM - 24\/10\/2025\" src=\"https:\/\/player.vimeo.com\/video\/1132196555?badge=0&amp;autopause=0&amp;player_id=0&amp;app_id=58479\" frameborder=\"0\"><\/iframe><\/div>\n<p>&nbsp;<\/p>\n<p><em>14h \u2013 Novas vis\u00f5es para o engenheiro e o ensino<\/em><\/p>\n<div style=\"padding: 56.25% 0 0 0; position: relative;\"><iframe style=\"position: absolute; top: 0; left: 0; width: 100%; height: 100%;\" title=\"14h \u2013 Novas vis\u00f5es para o engenheiro e o ensino - 24\/10\/2025\" src=\"https:\/\/player.vimeo.com\/video\/1132304819?badge=0&amp;autopause=0&amp;player_id=0&amp;app_id=58479\" frameborder=\"0\"><\/iframe><\/div>\n<div><\/div>\n<div><\/div>\n<div style=\"text-align: center;\"><strong>AVALIE A PARTICIPA\u00c7\u00c3O DO CONFEA COMO PATROCINADOR DO EVENTO:\u00a0<\/strong><\/div>\n<div><\/div>\n<div><img loading=\"lazy\" decoding=\"async\" class=\" wp-image-134291 aligncenter\" src=\"https:\/\/www.institutodeengenharia.org.br\/site\/wp-content\/uploads\/2025\/11\/QRCode-Instituto-de-Engenharia.jpg\" alt=\"\" width=\"254\" height=\"127\" srcset=\"https:\/\/www.institutodeengenharia.org.br\/site\/wp-content\/uploads\/2025\/11\/QRCode-Instituto-de-Engenharia.jpg 330w, https:\/\/www.institutodeengenharia.org.br\/site\/wp-content\/uploads\/2025\/11\/QRCode-Instituto-de-Engenharia-300x150.jpg 300w\" sizes=\"auto, (max-width: 254px) 100vw, 254px\" \/><\/div>\n<div><\/div>\n<p>&nbsp;<\/p>\n<p>&nbsp;<\/p>\n","protected":false},"excerpt":{"rendered":"<p>Clique aqui para conferir as fotos do 1\u00ba dia Clique aqui para conferir as fotos do 2\u00ba dia Clique aqui para conferir as fotos do 3\u00ba dia Clique aqui para conferir as fotos do 4\u00ba dia Clique aqui para conferir as fotos do 5\u00ba dia Assista, abaixo, \u00e0 grava\u00e7\u00e3o da Semana Nacional da Engenharia 2025! [&hellip;]<\/p>\n","protected":false},"author":13,"featured_media":133839,"comment_status":"open","ping_status":"open","sticky":false,"template":"","format":"video","meta":{"footnotes":""},"categories":[27,6,969,17],"tags":[201],"class_list":{"0":"post-133838","1":"post","2":"type-post","3":"status-publish","4":"format-video","5":"has-post-thumbnail","7":"category-instituto-de-engenharia","8":"category-noticias","9":"category-palestra","10":"category-tv-engenharia","11":"tag-destaque-topo","12":"post_format-post-format-video"},"yoast_head":"<!-- This site is optimized with the Yoast SEO plugin v27.2 - https:\/\/yoast.com\/product\/yoast-seo-wordpress\/ -->\n<title>Confira o p\u00f3s-evento da Semana Nacional da Engenharia 2025 - Instituto de Engenharia<\/title>\n<meta name=\"robots\" content=\"index, follow, max-snippet:-1, max-image-preview:large, max-video-preview:-1\" \/>\n<link rel=\"canonical\" href=\"https:\/\/www.institutodeengenharia.org.br\/site\/2025\/11\/03\/confira-o-pos-evento-da-semana-nacional-da-engenharia-2025\/\" \/>\n<meta property=\"og:locale\" content=\"pt_BR\" \/>\n<meta property=\"og:type\" content=\"article\" \/>\n<meta property=\"og:title\" content=\"Confira o p\u00f3s-evento da Semana Nacional da Engenharia 2025 - Instituto de Engenharia\" \/>\n<meta property=\"og:description\" content=\"Clique aqui para conferir as fotos do 1\u00ba dia Clique aqui para conferir as fotos do 2\u00ba dia Clique aqui para conferir as fotos do 3\u00ba dia Clique aqui para conferir as fotos do 4\u00ba dia Clique aqui para conferir as fotos do 5\u00ba dia Assista, abaixo, \u00e0 grava\u00e7\u00e3o da Semana Nacional da Engenharia 2025! [&hellip;]\" \/>\n<meta property=\"og:url\" content=\"https:\/\/www.institutodeengenharia.org.br\/site\/2025\/11\/03\/confira-o-pos-evento-da-semana-nacional-da-engenharia-2025\/\" \/>\n<meta property=\"og:site_name\" content=\"Instituto de Engenharia\" \/>\n<meta property=\"article:publisher\" content=\"https:\/\/www.facebook.com\/institutodeengenharia\" \/>\n<meta property=\"article:published_time\" content=\"2025-11-03T12:00:10+00:00\" \/>\n<meta property=\"article:modified_time\" content=\"2026-01-26T18:16:22+00:00\" \/>\n<meta property=\"og:image\" content=\"https:\/\/www.institutodeengenharia.org.br\/site\/wp-content\/uploads\/2025\/10\/Copia-de-Telao-de-Intervalo-SNE-1.jpg\" \/>\n\t<meta property=\"og:image:width\" content=\"800\" \/>\n\t<meta property=\"og:image:height\" content=\"450\" \/>\n\t<meta property=\"og:image:type\" content=\"image\/jpeg\" \/>\n<meta name=\"author\" content=\"Bianca\" \/>\n<meta name=\"twitter:card\" content=\"summary_large_image\" \/>\n<meta name=\"twitter:creator\" content=\"@iengenharia\" \/>\n<meta name=\"twitter:site\" content=\"@iengenharia\" \/>\n<meta name=\"twitter:label1\" content=\"Escrito por\" \/>\n\t<meta name=\"twitter:data1\" content=\"Bianca\" \/>\n\t<meta name=\"twitter:label2\" content=\"Est. tempo de leitura\" \/>\n\t<meta name=\"twitter:data2\" content=\"2 minutos\" \/>\n<script type=\"application\/ld+json\" class=\"yoast-schema-graph\">{\"@context\":\"https:\/\/schema.org\",\"@graph\":[{\"@type\":\"Article\",\"@id\":\"https:\/\/www.institutodeengenharia.org.br\/site\/2025\/11\/03\/confira-o-pos-evento-da-semana-nacional-da-engenharia-2025\/#article\",\"isPartOf\":{\"@id\":\"https:\/\/www.institutodeengenharia.org.br\/site\/2025\/11\/03\/confira-o-pos-evento-da-semana-nacional-da-engenharia-2025\/\"},\"author\":{\"name\":\"Bianca\",\"@id\":\"https:\/\/www.institutodeengenharia.org.br\/site\/#\/schema\/person\/aeb64951c405e100d26d30b033dd423f\"},\"headline\":\"Confira o p\u00f3s-evento da Semana Nacional da Engenharia 2025\",\"datePublished\":\"2025-11-03T12:00:10+00:00\",\"dateModified\":\"2026-01-26T18:16:22+00:00\",\"mainEntityOfPage\":{\"@id\":\"https:\/\/www.institutodeengenharia.org.br\/site\/2025\/11\/03\/confira-o-pos-evento-da-semana-nacional-da-engenharia-2025\/\"},\"wordCount\":244,\"commentCount\":0,\"publisher\":{\"@id\":\"https:\/\/www.institutodeengenharia.org.br\/site\/#organization\"},\"image\":{\"@id\":\"https:\/\/www.institutodeengenharia.org.br\/site\/2025\/11\/03\/confira-o-pos-evento-da-semana-nacional-da-engenharia-2025\/#primaryimage\"},\"thumbnailUrl\":\"https:\/\/www.institutodeengenharia.org.br\/site\/wp-content\/uploads\/2025\/10\/Copia-de-Telao-de-Intervalo-SNE-1.jpg\",\"keywords\":[\"Destaque Topo\"],\"articleSection\":[\"Instituto de Engenharia\",\"Not\u00edcias\",\"Palestra\",\"TV Engenharia\"],\"inLanguage\":\"pt-BR\",\"potentialAction\":[{\"@type\":\"CommentAction\",\"name\":\"Comment\",\"target\":[\"https:\/\/www.institutodeengenharia.org.br\/site\/2025\/11\/03\/confira-o-pos-evento-da-semana-nacional-da-engenharia-2025\/#respond\"]}]},{\"@type\":\"WebPage\",\"@id\":\"https:\/\/www.institutodeengenharia.org.br\/site\/2025\/11\/03\/confira-o-pos-evento-da-semana-nacional-da-engenharia-2025\/\",\"url\":\"https:\/\/www.institutodeengenharia.org.br\/site\/2025\/11\/03\/confira-o-pos-evento-da-semana-nacional-da-engenharia-2025\/\",\"name\":\"Confira o p\u00f3s-evento da Semana Nacional da Engenharia 2025 - Instituto de Engenharia\",\"isPartOf\":{\"@id\":\"https:\/\/www.institutodeengenharia.org.br\/site\/#website\"},\"primaryImageOfPage\":{\"@id\":\"https:\/\/www.institutodeengenharia.org.br\/site\/2025\/11\/03\/confira-o-pos-evento-da-semana-nacional-da-engenharia-2025\/#primaryimage\"},\"image\":{\"@id\":\"https:\/\/www.institutodeengenharia.org.br\/site\/2025\/11\/03\/confira-o-pos-evento-da-semana-nacional-da-engenharia-2025\/#primaryimage\"},\"thumbnailUrl\":\"https:\/\/www.institutodeengenharia.org.br\/site\/wp-content\/uploads\/2025\/10\/Copia-de-Telao-de-Intervalo-SNE-1.jpg\",\"datePublished\":\"2025-11-03T12:00:10+00:00\",\"dateModified\":\"2026-01-26T18:16:22+00:00\",\"breadcrumb\":{\"@id\":\"https:\/\/www.institutodeengenharia.org.br\/site\/2025\/11\/03\/confira-o-pos-evento-da-semana-nacional-da-engenharia-2025\/#breadcrumb\"},\"inLanguage\":\"pt-BR\",\"potentialAction\":[{\"@type\":\"ReadAction\",\"target\":[\"https:\/\/www.institutodeengenharia.org.br\/site\/2025\/11\/03\/confira-o-pos-evento-da-semana-nacional-da-engenharia-2025\/\"]}]},{\"@type\":\"ImageObject\",\"inLanguage\":\"pt-BR\",\"@id\":\"https:\/\/www.institutodeengenharia.org.br\/site\/2025\/11\/03\/confira-o-pos-evento-da-semana-nacional-da-engenharia-2025\/#primaryimage\",\"url\":\"https:\/\/www.institutodeengenharia.org.br\/site\/wp-content\/uploads\/2025\/10\/Copia-de-Telao-de-Intervalo-SNE-1.jpg\",\"contentUrl\":\"https:\/\/www.institutodeengenharia.org.br\/site\/wp-content\/uploads\/2025\/10\/Copia-de-Telao-de-Intervalo-SNE-1.jpg\",\"width\":800,\"height\":450},{\"@type\":\"BreadcrumbList\",\"@id\":\"https:\/\/www.institutodeengenharia.org.br\/site\/2025\/11\/03\/confira-o-pos-evento-da-semana-nacional-da-engenharia-2025\/#breadcrumb\",\"itemListElement\":[{\"@type\":\"ListItem\",\"position\":1,\"name\":\"In\u00edcio\",\"item\":\"https:\/\/www.institutodeengenharia.org.br\/site\/\"},{\"@type\":\"ListItem\",\"position\":2,\"name\":\"Confira o p\u00f3s-evento da Semana Nacional da Engenharia 2025\"}]},{\"@type\":\"WebSite\",\"@id\":\"https:\/\/www.institutodeengenharia.org.br\/site\/#website\",\"url\":\"https:\/\/www.institutodeengenharia.org.br\/site\/\",\"name\":\"Instituto de Engenharia\",\"description\":\"O Instituto de Engenharia promove a Engenharia em benef\u00edcio do desenvolvimento e da qualidade de vida da sociedade.\",\"publisher\":{\"@id\":\"https:\/\/www.institutodeengenharia.org.br\/site\/#organization\"},\"potentialAction\":[{\"@type\":\"SearchAction\",\"target\":{\"@type\":\"EntryPoint\",\"urlTemplate\":\"https:\/\/www.institutodeengenharia.org.br\/site\/?s={search_term_string}\"},\"query-input\":{\"@type\":\"PropertyValueSpecification\",\"valueRequired\":true,\"valueName\":\"search_term_string\"}}],\"inLanguage\":\"pt-BR\"},{\"@type\":\"Organization\",\"@id\":\"https:\/\/www.institutodeengenharia.org.br\/site\/#organization\",\"name\":\"Instituto de Engenharia\",\"url\":\"https:\/\/www.institutodeengenharia.org.br\/site\/\",\"logo\":{\"@type\":\"ImageObject\",\"inLanguage\":\"pt-BR\",\"@id\":\"https:\/\/www.institutodeengenharia.org.br\/site\/#\/schema\/logo\/image\/\",\"url\":\"https:\/\/www.institutodeengenharia.org.br\/site\/wp-content\/uploads\/2019\/03\/logo-novo-IE2018-1.jpg\",\"contentUrl\":\"https:\/\/www.institutodeengenharia.org.br\/site\/wp-content\/uploads\/2019\/03\/logo-novo-IE2018-1.jpg\",\"width\":1486,\"height\":1879,\"caption\":\"Instituto de Engenharia\"},\"image\":{\"@id\":\"https:\/\/www.institutodeengenharia.org.br\/site\/#\/schema\/logo\/image\/\"},\"sameAs\":[\"https:\/\/www.facebook.com\/institutodeengenharia\",\"https:\/\/x.com\/iengenharia\",\"https:\/\/www.instagram.com\/institutodeengenharia\/\",\"https:\/\/www.linkedin.com\/company\/instituto-de-engenharia\/\",\"https:\/\/www.youtube.com\/channel\/UCXiCAlsSMe977vamW915HxA\"]},{\"@type\":\"Person\",\"@id\":\"https:\/\/www.institutodeengenharia.org.br\/site\/#\/schema\/person\/aeb64951c405e100d26d30b033dd423f\",\"name\":\"Bianca\",\"image\":{\"@type\":\"ImageObject\",\"inLanguage\":\"pt-BR\",\"@id\":\"https:\/\/secure.gravatar.com\/avatar\/a6fbe9bff57405baf4c1e2c5c1811e072b558253974a9f9508f4678900c97c2a?s=96&d=mm&r=g\",\"url\":\"https:\/\/secure.gravatar.com\/avatar\/a6fbe9bff57405baf4c1e2c5c1811e072b558253974a9f9508f4678900c97c2a?s=96&d=mm&r=g\",\"contentUrl\":\"https:\/\/secure.gravatar.com\/avatar\/a6fbe9bff57405baf4c1e2c5c1811e072b558253974a9f9508f4678900c97c2a?s=96&d=mm&r=g\",\"caption\":\"Bianca\"},\"url\":\"https:\/\/www.institutodeengenharia.org.br\/site\/author\/comunicacao1\/\"}]}<\/script>\n<!-- \/ Yoast SEO plugin. -->","yoast_head_json":{"title":"Confira o p\u00f3s-evento da Semana Nacional da Engenharia 2025 - Instituto de Engenharia","robots":{"index":"index","follow":"follow","max-snippet":"max-snippet:-1","max-image-preview":"max-image-preview:large","max-video-preview":"max-video-preview:-1"},"canonical":"https:\/\/www.institutodeengenharia.org.br\/site\/2025\/11\/03\/confira-o-pos-evento-da-semana-nacional-da-engenharia-2025\/","og_locale":"pt_BR","og_type":"article","og_title":"Confira o p\u00f3s-evento da Semana Nacional da Engenharia 2025 - Instituto de Engenharia","og_description":"Clique aqui para conferir as fotos do 1\u00ba dia Clique aqui para conferir as fotos do 2\u00ba dia Clique aqui para conferir as fotos do 3\u00ba dia Clique aqui para conferir as fotos do 4\u00ba dia Clique aqui para conferir as fotos do 5\u00ba dia Assista, abaixo, \u00e0 grava\u00e7\u00e3o da Semana Nacional da Engenharia 2025! [&hellip;]","og_url":"https:\/\/www.institutodeengenharia.org.br\/site\/2025\/11\/03\/confira-o-pos-evento-da-semana-nacional-da-engenharia-2025\/","og_site_name":"Instituto de Engenharia","article_publisher":"https:\/\/www.facebook.com\/institutodeengenharia","article_published_time":"2025-11-03T12:00:10+00:00","article_modified_time":"2026-01-26T18:16:22+00:00","og_image":[{"width":800,"height":450,"url":"https:\/\/www.institutodeengenharia.org.br\/site\/wp-content\/uploads\/2025\/10\/Copia-de-Telao-de-Intervalo-SNE-1.jpg","type":"image\/jpeg"}],"author":"Bianca","twitter_card":"summary_large_image","twitter_creator":"@iengenharia","twitter_site":"@iengenharia","twitter_misc":{"Escrito por":"Bianca","Est. tempo de leitura":"2 minutos"},"schema":{"@context":"https:\/\/schema.org","@graph":[{"@type":"Article","@id":"https:\/\/www.institutodeengenharia.org.br\/site\/2025\/11\/03\/confira-o-pos-evento-da-semana-nacional-da-engenharia-2025\/#article","isPartOf":{"@id":"https:\/\/www.institutodeengenharia.org.br\/site\/2025\/11\/03\/confira-o-pos-evento-da-semana-nacional-da-engenharia-2025\/"},"author":{"name":"Bianca","@id":"https:\/\/www.institutodeengenharia.org.br\/site\/#\/schema\/person\/aeb64951c405e100d26d30b033dd423f"},"headline":"Confira o p\u00f3s-evento da Semana Nacional da Engenharia 2025","datePublished":"2025-11-03T12:00:10+00:00","dateModified":"2026-01-26T18:16:22+00:00","mainEntityOfPage":{"@id":"https:\/\/www.institutodeengenharia.org.br\/site\/2025\/11\/03\/confira-o-pos-evento-da-semana-nacional-da-engenharia-2025\/"},"wordCount":244,"commentCount":0,"publisher":{"@id":"https:\/\/www.institutodeengenharia.org.br\/site\/#organization"},"image":{"@id":"https:\/\/www.institutodeengenharia.org.br\/site\/2025\/11\/03\/confira-o-pos-evento-da-semana-nacional-da-engenharia-2025\/#primaryimage"},"thumbnailUrl":"https:\/\/www.institutodeengenharia.org.br\/site\/wp-content\/uploads\/2025\/10\/Copia-de-Telao-de-Intervalo-SNE-1.jpg","keywords":["Destaque Topo"],"articleSection":["Instituto de Engenharia","Not\u00edcias","Palestra","TV Engenharia"],"inLanguage":"pt-BR","potentialAction":[{"@type":"CommentAction","name":"Comment","target":["https:\/\/www.institutodeengenharia.org.br\/site\/2025\/11\/03\/confira-o-pos-evento-da-semana-nacional-da-engenharia-2025\/#respond"]}]},{"@type":"WebPage","@id":"https:\/\/www.institutodeengenharia.org.br\/site\/2025\/11\/03\/confira-o-pos-evento-da-semana-nacional-da-engenharia-2025\/","url":"https:\/\/www.institutodeengenharia.org.br\/site\/2025\/11\/03\/confira-o-pos-evento-da-semana-nacional-da-engenharia-2025\/","name":"Confira o p\u00f3s-evento da Semana Nacional da Engenharia 2025 - Instituto de Engenharia","isPartOf":{"@id":"https:\/\/www.institutodeengenharia.org.br\/site\/#website"},"primaryImageOfPage":{"@id":"https:\/\/www.institutodeengenharia.org.br\/site\/2025\/11\/03\/confira-o-pos-evento-da-semana-nacional-da-engenharia-2025\/#primaryimage"},"image":{"@id":"https:\/\/www.institutodeengenharia.org.br\/site\/2025\/11\/03\/confira-o-pos-evento-da-semana-nacional-da-engenharia-2025\/#primaryimage"},"thumbnailUrl":"https:\/\/www.institutodeengenharia.org.br\/site\/wp-content\/uploads\/2025\/10\/Copia-de-Telao-de-Intervalo-SNE-1.jpg","datePublished":"2025-11-03T12:00:10+00:00","dateModified":"2026-01-26T18:16:22+00:00","breadcrumb":{"@id":"https:\/\/www.institutodeengenharia.org.br\/site\/2025\/11\/03\/confira-o-pos-evento-da-semana-nacional-da-engenharia-2025\/#breadcrumb"},"inLanguage":"pt-BR","potentialAction":[{"@type":"ReadAction","target":["https:\/\/www.institutodeengenharia.org.br\/site\/2025\/11\/03\/confira-o-pos-evento-da-semana-nacional-da-engenharia-2025\/"]}]},{"@type":"ImageObject","inLanguage":"pt-BR","@id":"https:\/\/www.institutodeengenharia.org.br\/site\/2025\/11\/03\/confira-o-pos-evento-da-semana-nacional-da-engenharia-2025\/#primaryimage","url":"https:\/\/www.institutodeengenharia.org.br\/site\/wp-content\/uploads\/2025\/10\/Copia-de-Telao-de-Intervalo-SNE-1.jpg","contentUrl":"https:\/\/www.institutodeengenharia.org.br\/site\/wp-content\/uploads\/2025\/10\/Copia-de-Telao-de-Intervalo-SNE-1.jpg","width":800,"height":450},{"@type":"BreadcrumbList","@id":"https:\/\/www.institutodeengenharia.org.br\/site\/2025\/11\/03\/confira-o-pos-evento-da-semana-nacional-da-engenharia-2025\/#breadcrumb","itemListElement":[{"@type":"ListItem","position":1,"name":"In\u00edcio","item":"https:\/\/www.institutodeengenharia.org.br\/site\/"},{"@type":"ListItem","position":2,"name":"Confira o p\u00f3s-evento da Semana Nacional da Engenharia 2025"}]},{"@type":"WebSite","@id":"https:\/\/www.institutodeengenharia.org.br\/site\/#website","url":"https:\/\/www.institutodeengenharia.org.br\/site\/","name":"Instituto de Engenharia","description":"O Instituto de Engenharia promove a Engenharia em benef\u00edcio do desenvolvimento e da qualidade de vida da sociedade.","publisher":{"@id":"https:\/\/www.institutodeengenharia.org.br\/site\/#organization"},"potentialAction":[{"@type":"SearchAction","target":{"@type":"EntryPoint","urlTemplate":"https:\/\/www.institutodeengenharia.org.br\/site\/?s={search_term_string}"},"query-input":{"@type":"PropertyValueSpecification","valueRequired":true,"valueName":"search_term_string"}}],"inLanguage":"pt-BR"},{"@type":"Organization","@id":"https:\/\/www.institutodeengenharia.org.br\/site\/#organization","name":"Instituto de Engenharia","url":"https:\/\/www.institutodeengenharia.org.br\/site\/","logo":{"@type":"ImageObject","inLanguage":"pt-BR","@id":"https:\/\/www.institutodeengenharia.org.br\/site\/#\/schema\/logo\/image\/","url":"https:\/\/www.institutodeengenharia.org.br\/site\/wp-content\/uploads\/2019\/03\/logo-novo-IE2018-1.jpg","contentUrl":"https:\/\/www.institutodeengenharia.org.br\/site\/wp-content\/uploads\/2019\/03\/logo-novo-IE2018-1.jpg","width":1486,"height":1879,"caption":"Instituto de Engenharia"},"image":{"@id":"https:\/\/www.institutodeengenharia.org.br\/site\/#\/schema\/logo\/image\/"},"sameAs":["https:\/\/www.facebook.com\/institutodeengenharia","https:\/\/x.com\/iengenharia","https:\/\/www.instagram.com\/institutodeengenharia\/","https:\/\/www.linkedin.com\/company\/instituto-de-engenharia\/","https:\/\/www.youtube.com\/channel\/UCXiCAlsSMe977vamW915HxA"]},{"@type":"Person","@id":"https:\/\/www.institutodeengenharia.org.br\/site\/#\/schema\/person\/aeb64951c405e100d26d30b033dd423f","name":"Bianca","image":{"@type":"ImageObject","inLanguage":"pt-BR","@id":"https:\/\/secure.gravatar.com\/avatar\/a6fbe9bff57405baf4c1e2c5c1811e072b558253974a9f9508f4678900c97c2a?s=96&d=mm&r=g","url":"https:\/\/secure.gravatar.com\/avatar\/a6fbe9bff57405baf4c1e2c5c1811e072b558253974a9f9508f4678900c97c2a?s=96&d=mm&r=g","contentUrl":"https:\/\/secure.gravatar.com\/avatar\/a6fbe9bff57405baf4c1e2c5c1811e072b558253974a9f9508f4678900c97c2a?s=96&d=mm&r=g","caption":"Bianca"},"url":"https:\/\/www.institutodeengenharia.org.br\/site\/author\/comunicacao1\/"}]}},"_links":{"self":[{"href":"https:\/\/www.institutodeengenharia.org.br\/site\/wp-json\/wp\/v2\/posts\/133838","targetHints":{"allow":["GET"]}}],"collection":[{"href":"https:\/\/www.institutodeengenharia.org.br\/site\/wp-json\/wp\/v2\/posts"}],"about":[{"href":"https:\/\/www.institutodeengenharia.org.br\/site\/wp-json\/wp\/v2\/types\/post"}],"author":[{"embeddable":true,"href":"https:\/\/www.institutodeengenharia.org.br\/site\/wp-json\/wp\/v2\/users\/13"}],"replies":[{"embeddable":true,"href":"https:\/\/www.institutodeengenharia.org.br\/site\/wp-json\/wp\/v2\/comments?post=133838"}],"version-history":[{"count":29,"href":"https:\/\/www.institutodeengenharia.org.br\/site\/wp-json\/wp\/v2\/posts\/133838\/revisions"}],"predecessor-version":[{"id":134293,"href":"https:\/\/www.institutodeengenharia.org.br\/site\/wp-json\/wp\/v2\/posts\/133838\/revisions\/134293"}],"wp:featuredmedia":[{"embeddable":true,"href":"https:\/\/www.institutodeengenharia.org.br\/site\/wp-json\/wp\/v2\/media\/133839"}],"wp:attachment":[{"href":"https:\/\/www.institutodeengenharia.org.br\/site\/wp-json\/wp\/v2\/media?parent=133838"}],"wp:term":[{"taxonomy":"category","embeddable":true,"href":"https:\/\/www.institutodeengenharia.org.br\/site\/wp-json\/wp\/v2\/categories?post=133838"},{"taxonomy":"post_tag","embeddable":true,"href":"https:\/\/www.institutodeengenharia.org.br\/site\/wp-json\/wp\/v2\/tags?post=133838"}],"curies":[{"name":"wp","href":"https:\/\/api.w.org\/{rel}","templated":true}]}}