{"id":133826,"date":"2025-10-22T10:39:55","date_gmt":"2025-10-22T13:39:55","guid":{"rendered":"https:\/\/www.institutodeengenharia.org.br\/site\/?p=133826"},"modified":"2025-10-24T11:01:31","modified_gmt":"2025-10-24T14:01:31","slug":"segunda-edicao-do-pmmo-aconteceu-nesta-terca-21-durante-a-sne-confira-os-premiados","status":"publish","type":"post","link":"https:\/\/www.institutodeengenharia.org.br\/site\/2025\/10\/22\/segunda-edicao-do-pmmo-aconteceu-nesta-terca-21-durante-a-sne-confira-os-premiados\/","title":{"rendered":"Segunda edi\u00e7\u00e3o do PMMO aconteceu nesta ter\u00e7a (21), durante a SNE. Confira os premiados"},"content":{"rendered":"<p>Nesta ter\u00e7a (21), para encerrar o segundo dia da Semana Nacional da Engenharia, cujos temas abordados foram rodovias, transporte urbano e energia, aconteceu a entrega do Pr\u00eamio Melhores e Maiores Obras 2025!<\/p>\n<p>Em sua segunda edi\u00e7\u00e3o, o PMMO tem o prop\u00f3sito de destacar empresas ou \u00f3rg\u00e3os p\u00fablicos, que transformam realidades, geram benef\u00edcios \u00e0 sociedade e representam o melhor da capacidade construtiva brasileira.<\/p>\n<p><img loading=\"lazy\" decoding=\"async\" class=\"wp-image-133834 alignleft\" src=\"https:\/\/www.institutodeengenharia.org.br\/site\/wp-content\/uploads\/2025\/10\/54872394213_58da61e0d4_c-300x200.jpg\" alt=\"\" width=\"446\" height=\"297\" srcset=\"https:\/\/www.institutodeengenharia.org.br\/site\/wp-content\/uploads\/2025\/10\/54872394213_58da61e0d4_c-300x200.jpg 300w, https:\/\/www.institutodeengenharia.org.br\/site\/wp-content\/uploads\/2025\/10\/54872394213_58da61e0d4_c-768x511.jpg 768w, https:\/\/www.institutodeengenharia.org.br\/site\/wp-content\/uploads\/2025\/10\/54872394213_58da61e0d4_c-632x420.jpg 632w, https:\/\/www.institutodeengenharia.org.br\/site\/wp-content\/uploads\/2025\/10\/54872394213_58da61e0d4_c-696x463.jpg 696w, https:\/\/www.institutodeengenharia.org.br\/site\/wp-content\/uploads\/2025\/10\/54872394213_58da61e0d4_c-600x399.jpg 600w, https:\/\/www.institutodeengenharia.org.br\/site\/wp-content\/uploads\/2025\/10\/54872394213_58da61e0d4_c.jpg 800w\" sizes=\"auto, (max-width: 446px) 100vw, 446px\" \/>Durante a abertura da premia\u00e7\u00e3o, o presidente do Instituto de Engenharia, Jos\u00e9<br \/>\nEduardo Jardim (foto ao lado), destacou o compromisso do Instituto com o reconhecimento das conquistas que inspiram o futuro da profiss\u00e3o. \u201cH\u00e1 109 anos, temos a miss\u00e3o de valorizar e fortalecer a Engenharia brasileira. Ao longo de sua hist\u00f3ria, o Instituto de Engenharia tem sido um espa\u00e7o de di\u00e1logo, de troca de conhecimento e de promo\u00e7\u00e3o das boas pr\u00e1ticas que impulsionam o desenvolvimento nacional. E \u00e9 exatamente esse esp\u00edrito que se reflete neste pr\u00eamio\u201d, disse.<\/p>\n<p>A Semana Nacional da Engenharia \u00e9 uma realiza\u00e7\u00e3o Instituto de Engenharia e CNC Convis\u00e3o.<\/p>\n<p>A seguir, confira os premiados:<\/p>\n<table width=\"711\">\n<tbody>\n<tr>\n<td width=\"170\">Obra<\/td>\n<td width=\"93\">Local<\/td>\n<td width=\"28\">UF<\/td>\n<td width=\"98\">Categoria<\/td>\n<td width=\"152\">Empresa\/\u00d3rg\u00e3o<\/td>\n<td width=\"170\">Representante<\/td>\n<\/tr>\n<tr>\n<td width=\"170\"><\/td>\n<td width=\"93\"><\/td>\n<td width=\"28\"><\/td>\n<td width=\"98\"><\/td>\n<td width=\"152\"><\/td>\n<td width=\"170\"><\/td>\n<\/tr>\n<tr>\n<td width=\"170\">Hospital Barra D&#8217;Or<\/td>\n<td width=\"93\">Rio de Janeiro<\/td>\n<td width=\"28\">RJ<\/td>\n<td width=\"98\">Hospital privado<\/td>\n<td width=\"152\">Engeform Engenharia<\/td>\n<td width=\"170\">Eliezer Valiante<\/td>\n<\/tr>\n<tr>\n<td width=\"170\">Hospital Unimed<\/td>\n<td width=\"93\">Londrina<\/td>\n<td width=\"28\">PR<\/td>\n<td width=\"98\">Hospital privado<\/td>\n<td width=\"152\">A. Yoshii Engenharia<\/td>\n<td width=\"170\">Luciano Ueda e Paulo Souza<\/td>\n<\/tr>\n<tr>\n<td width=\"170\">Complexo Oncol\u00f3gico Cora<\/td>\n<td width=\"93\">Goi\u00e2nia<\/td>\n<td width=\"28\">GO<\/td>\n<td width=\"98\">Hospital p\u00fablico<\/td>\n<td width=\"152\">Secretaria de Estado da Sa\u00fade de Goi\u00e1s<\/td>\n<td width=\"170\"><\/td>\n<\/tr>\n<tr>\n<td width=\"170\">Centro de Pesquisa COVID-19 da Funda\u00e7\u00e3o Oswaldo Cruz<\/td>\n<td width=\"93\">Rio de Janeiro<\/td>\n<td width=\"28\">RJ<\/td>\n<td width=\"98\">Centro Educacional e de Pesquisa<\/td>\n<td width=\"152\">RES Centro de Pesquisas<\/td>\n<td width=\"170\">Eliezer Valiante<\/td>\n<\/tr>\n<tr>\n<td width=\"170\">Centro TEA<\/td>\n<td width=\"93\">S\u00e3o Paulo<\/td>\n<td width=\"28\">SP<\/td>\n<td width=\"98\">Centro de Sa\u00fade<\/td>\n<td width=\"152\">NPC Grupo Arquitetura<\/td>\n<td width=\"170\">Claudia Nucci e Val\u00e9rio Pietraroia<\/td>\n<\/tr>\n<tr>\n<td width=\"170\">Museu Centre Pompidou<\/td>\n<td width=\"93\">Foz do Igua\u00e7u<\/td>\n<td width=\"28\">PR<\/td>\n<td width=\"98\">Centro Cultural<\/td>\n<td width=\"152\">Paran\u00e1 Projetos<\/td>\n<td width=\"170\">Kamila Lima<\/td>\n<\/tr>\n<tr>\n<td width=\"170\">Ponte Gra\u00fana-Gaivotas<\/td>\n<td width=\"93\">S\u00e3o Paulo<\/td>\n<td width=\"28\">SP<\/td>\n<td width=\"98\">Ponte urbana<\/td>\n<td width=\"152\">Siurb S\u00e3o Paulo<\/td>\n<td width=\"170\">Jorge Bayerlein<\/td>\n<\/tr>\n<tr>\n<td width=\"170\">Ponte de Guaratuba<\/td>\n<td width=\"93\">Estado do PR<\/td>\n<td width=\"28\">PR<\/td>\n<td width=\"98\">Ponte Rodovi\u00e1ria<\/td>\n<td width=\"152\">DER-PR e Cons\u00f3rcio Ponte de Guaratuba<\/td>\n<td width=\"170\">Luciano Pizzatto<\/td>\n<\/tr>\n<tr>\n<td width=\"170\">Parque RJ<\/td>\n<td width=\"93\">S\u00e3o Gon\u00e7alo<\/td>\n<td width=\"28\">RJ<\/td>\n<td width=\"98\">Centro de Lazer<\/td>\n<td width=\"152\">Secretaria de Estado das Cidades do Rio de Janeiro<\/td>\n<td width=\"170\">Douglas Ruas e Daniel Alves<\/td>\n<\/tr>\n<tr>\n<td width=\"170\">JK Square<\/td>\n<td width=\"93\">S\u00e3o Paulo<\/td>\n<td width=\"28\">SP<\/td>\n<td width=\"98\">Complexo Multi\u00faso<\/td>\n<td width=\"152\">Engeform Engenharia<\/td>\n<td width=\"170\">Eliezer Valiante<\/td>\n<\/tr>\n<tr>\n<td width=\"170\">Passsarela Ciccillo Matarazzo<\/td>\n<td width=\"93\">S\u00e3o Paulo<\/td>\n<td width=\"28\">SP<\/td>\n<td width=\"98\">Recupera\u00e7\u00e3o Estrutural<\/td>\n<td width=\"152\">Siurb S\u00e3o Paulo<\/td>\n<td width=\"170\">Maria Christina Zacchello<\/td>\n<\/tr>\n<tr>\n<td width=\"170\">Reconstru\u00e7\u00e3o de Encosta no Morro S\u00e3o Bento<\/td>\n<td width=\"93\">Santos<\/td>\n<td width=\"28\">SP<\/td>\n<td width=\"98\">Recupera\u00e7\u00e3o Estrutural<\/td>\n<td width=\"152\">Terracom Constru\u00e7\u00f5es<\/td>\n<td width=\"170\">Marcio Barreiro Brites<\/td>\n<\/tr>\n<tr>\n<td width=\"170\">F\u00e1brica da Bauducco<\/td>\n<td width=\"93\">Extrema<\/td>\n<td width=\"28\">MG<\/td>\n<td width=\"98\">Ind\u00fastria<\/td>\n<td width=\"152\">Brand\u00e3o &amp; Marmo<\/td>\n<td width=\"170\">Eduardo Marmo<\/td>\n<\/tr>\n<tr>\n<td width=\"170\">F\u00e1brica de transformadores da Data Engenharia<\/td>\n<td width=\"93\">Sarzedo<\/td>\n<td width=\"28\">MG<\/td>\n<td width=\"98\">Ind\u00fastria<\/td>\n<td width=\"152\">Collem Construtora Mohallem<\/td>\n<td width=\"170\"><\/td>\n<\/tr>\n<tr>\n<td width=\"170\">Projeto Figueira<\/td>\n<td width=\"93\">Piracicaba<\/td>\n<td width=\"28\">SP<\/td>\n<td width=\"98\">Ind\u00fastria Pesada<\/td>\n<td width=\"152\">Klabin S\/A<\/td>\n<td width=\"170\"><\/td>\n<\/tr>\n<tr>\n<td width=\"170\">T\u00fanel Cec\u00edlia Lottenberg (Chucri Zaidan)<\/td>\n<td width=\"93\">S\u00e3o Paulo<\/td>\n<td width=\"28\">SP<\/td>\n<td width=\"98\">T\u00fanel<\/td>\n<td width=\"152\">Siurb S\u00e3o Paulo<\/td>\n<td width=\"170\">Jorge Bayerlein<\/td>\n<\/tr>\n<tr>\n<td width=\"170\">Conjunto Fotovoltaico Assu Sol<\/td>\n<td width=\"93\">Assu<\/td>\n<td width=\"28\">RN<\/td>\n<td width=\"98\">Gera\u00e7\u00e3o de Energia<\/td>\n<td width=\"152\">Cons\u00f3rcio Assu Sol<\/td>\n<td width=\"170\">Osvaldo Jose da Silva Araujo<\/td>\n<\/tr>\n<tr>\n<td width=\"170\">Linha de transmiss\u00e3o Jana\u00faba 06 &#8211; Presidente Juscelino<\/td>\n<td width=\"93\">Estado de MG<\/td>\n<td width=\"28\">MG<\/td>\n<td width=\"98\">Transmiss\u00e3o de Energia<\/td>\n<td width=\"152\">Cons\u00f3rcio CCEE<\/td>\n<td width=\"170\">Eliezer Valiante<\/td>\n<\/tr>\n<tr>\n<td width=\"170\">Requalifica\u00e7\u00e3o e Reforma do Corredor da Av. Santo Amaro (2B)<\/td>\n<td width=\"93\">S\u00e3o Paulo<\/td>\n<td width=\"28\">SP<\/td>\n<td width=\"98\">Transporte Urbano<\/td>\n<td width=\"152\">Siurb S\u00e3o Paulo<\/td>\n<td width=\"170\">Alexandre\u00a0 Marques Nogueira Cobra<\/td>\n<\/tr>\n<tr>\n<td width=\"170\">Linha 6 &#8211; Laranja do Metr\u00f4<\/td>\n<td width=\"93\">S\u00e3o Paulo<\/td>\n<td width=\"28\">SP<\/td>\n<td width=\"98\">Obra Ferrovi\u00e1ria<\/td>\n<td width=\"152\">Acciona Brasil<\/td>\n<td width=\"170\">Andr\u00e9 de Angelo e Lucio Matteucci<\/td>\n<\/tr>\n<tr>\n<td width=\"170\">MUVI &#8211; Mobilidade Urbana Verde Integrada<\/td>\n<td width=\"93\">S\u00e3o Gon\u00e7alo<\/td>\n<td width=\"28\">RJ<\/td>\n<td width=\"98\">Urbaniza\u00e7\u00e3o<\/td>\n<td width=\"152\">Secretaria de Estado das Cidades do Rio de Janeiro<\/td>\n<td width=\"170\">Douglas Ruas e Daniel Alves<\/td>\n<\/tr>\n<tr>\n<td width=\"170\">Parque Valongo<\/td>\n<td width=\"93\">Santos<\/td>\n<td width=\"28\">SP<\/td>\n<td width=\"98\">Porto<\/td>\n<td width=\"152\">Autoridade Portu\u00e1ria de Santos e Prefeitura Municipal de Santos<\/td>\n<td width=\"170\">Luiz Felipe Tonelli Tavora e Larissa Silva de Oliveira Cordeiro<\/td>\n<\/tr>\n<tr>\n<td width=\"170\">Barragem e vertedouro<\/td>\n<td width=\"93\">Concei\u00e7\u00e3o do Araguaia<\/td>\n<td width=\"28\">PA<\/td>\n<td width=\"98\">Saneamento<\/td>\n<td width=\"152\">MLC Infra Constru\u00e7\u00e3o<\/td>\n<td width=\"170\">Ricardo Mello Malucell<\/td>\n<\/tr>\n<tr>\n<td width=\"170\">Reservat\u00f3rio Antonico 2 (RPI-8 e PAN-2)<\/td>\n<td width=\"93\">S\u00e3o Paulo<\/td>\n<td width=\"28\">SP<\/td>\n<td width=\"98\">Combate a Enchentes<\/td>\n<td width=\"152\">Siurb S\u00e3o Paulo<\/td>\n<td width=\"170\">Carlos Fortuna Jarra e Osmar Dias dos Santos<\/td>\n<\/tr>\n<\/tbody>\n<\/table>\n<p>&nbsp;<\/p>\n<p style=\"text-align: center;\"><a href=\"https:\/\/www.flickr.com\/photos\/157391345@N08\/albums\/72177720329822816\"><strong>Clique aqui para conferir as fotos do Pr\u00eamio<\/strong><\/a><\/p>\n","protected":false},"excerpt":{"rendered":"<p>Nesta ter\u00e7a (21), para encerrar o segundo dia da Semana Nacional da Engenharia, cujos temas abordados foram rodovias, transporte urbano e energia, aconteceu a entrega do Pr\u00eamio Melhores e Maiores Obras 2025! Em sua segunda edi\u00e7\u00e3o, o PMMO tem o prop\u00f3sito de destacar empresas ou \u00f3rg\u00e3os p\u00fablicos, que transformam realidades, geram benef\u00edcios \u00e0 sociedade e [&hellip;]<\/p>\n","protected":false},"author":14,"featured_media":133829,"comment_status":"open","ping_status":"open","sticky":false,"template":"","format":"standard","meta":{"footnotes":""},"categories":[27,141],"tags":[],"class_list":{"0":"post-133826","1":"post","2":"type-post","3":"status-publish","4":"format-standard","5":"has-post-thumbnail","7":"category-instituto-de-engenharia","8":"category-noticias-menu"},"yoast_head":"<!-- This site is optimized with the Yoast SEO plugin v27.2 - https:\/\/yoast.com\/product\/yoast-seo-wordpress\/ -->\n<title>Segunda edi\u00e7\u00e3o do PMMO aconteceu nesta ter\u00e7a (21), durante a SNE. Confira os premiados - Instituto de Engenharia<\/title>\n<meta name=\"robots\" content=\"index, follow, max-snippet:-1, max-image-preview:large, max-video-preview:-1\" \/>\n<link rel=\"canonical\" href=\"https:\/\/www.institutodeengenharia.org.br\/site\/2025\/10\/22\/segunda-edicao-do-pmmo-aconteceu-nesta-terca-21-durante-a-sne-confira-os-premiados\/\" \/>\n<meta property=\"og:locale\" content=\"pt_BR\" \/>\n<meta property=\"og:type\" content=\"article\" \/>\n<meta property=\"og:title\" content=\"Segunda edi\u00e7\u00e3o do PMMO aconteceu nesta ter\u00e7a (21), durante a SNE. Confira os premiados - Instituto de Engenharia\" \/>\n<meta property=\"og:description\" content=\"Nesta ter\u00e7a (21), para encerrar o segundo dia da Semana Nacional da Engenharia, cujos temas abordados foram rodovias, transporte urbano e energia, aconteceu a entrega do Pr\u00eamio Melhores e Maiores Obras 2025! Em sua segunda edi\u00e7\u00e3o, o PMMO tem o prop\u00f3sito de destacar empresas ou \u00f3rg\u00e3os p\u00fablicos, que transformam realidades, geram benef\u00edcios \u00e0 sociedade e [&hellip;]\" \/>\n<meta property=\"og:url\" content=\"https:\/\/www.institutodeengenharia.org.br\/site\/2025\/10\/22\/segunda-edicao-do-pmmo-aconteceu-nesta-terca-21-durante-a-sne-confira-os-premiados\/\" \/>\n<meta property=\"og:site_name\" content=\"Instituto de Engenharia\" \/>\n<meta property=\"article:publisher\" content=\"https:\/\/www.facebook.com\/institutodeengenharia\" \/>\n<meta property=\"article:published_time\" content=\"2025-10-22T13:39:55+00:00\" \/>\n<meta property=\"article:modified_time\" content=\"2025-10-24T14:01:31+00:00\" \/>\n<meta property=\"og:image\" content=\"https:\/\/www.institutodeengenharia.org.br\/site\/wp-content\/uploads\/2025\/10\/pmmo-todos.png\" \/>\n\t<meta property=\"og:image:width\" content=\"745\" \/>\n\t<meta property=\"og:image:height\" content=\"311\" \/>\n\t<meta property=\"og:image:type\" content=\"image\/png\" \/>\n<meta name=\"author\" content=\"Isabel\" \/>\n<meta name=\"twitter:card\" content=\"summary_large_image\" \/>\n<meta name=\"twitter:creator\" content=\"@iengenharia\" \/>\n<meta name=\"twitter:site\" content=\"@iengenharia\" \/>\n<meta name=\"twitter:label1\" content=\"Escrito por\" \/>\n\t<meta name=\"twitter:data1\" content=\"Isabel\" \/>\n\t<meta name=\"twitter:label2\" content=\"Est. tempo de leitura\" \/>\n\t<meta name=\"twitter:data2\" content=\"4 minutos\" \/>\n<script type=\"application\/ld+json\" class=\"yoast-schema-graph\">{\"@context\":\"https:\/\/schema.org\",\"@graph\":[{\"@type\":\"Article\",\"@id\":\"https:\/\/www.institutodeengenharia.org.br\/site\/2025\/10\/22\/segunda-edicao-do-pmmo-aconteceu-nesta-terca-21-durante-a-sne-confira-os-premiados\/#article\",\"isPartOf\":{\"@id\":\"https:\/\/www.institutodeengenharia.org.br\/site\/2025\/10\/22\/segunda-edicao-do-pmmo-aconteceu-nesta-terca-21-durante-a-sne-confira-os-premiados\/\"},\"author\":{\"name\":\"Isabel\",\"@id\":\"https:\/\/www.institutodeengenharia.org.br\/site\/#\/schema\/person\/593dc356630173a4877a635d3e5fd76b\"},\"headline\":\"Segunda edi\u00e7\u00e3o do PMMO aconteceu nesta ter\u00e7a (21), durante a SNE. Confira os premiados\",\"datePublished\":\"2025-10-22T13:39:55+00:00\",\"dateModified\":\"2025-10-24T14:01:31+00:00\",\"mainEntityOfPage\":{\"@id\":\"https:\/\/www.institutodeengenharia.org.br\/site\/2025\/10\/22\/segunda-edicao-do-pmmo-aconteceu-nesta-terca-21-durante-a-sne-confira-os-premiados\/\"},\"wordCount\":662,\"commentCount\":0,\"publisher\":{\"@id\":\"https:\/\/www.institutodeengenharia.org.br\/site\/#organization\"},\"image\":{\"@id\":\"https:\/\/www.institutodeengenharia.org.br\/site\/2025\/10\/22\/segunda-edicao-do-pmmo-aconteceu-nesta-terca-21-durante-a-sne-confira-os-premiados\/#primaryimage\"},\"thumbnailUrl\":\"https:\/\/www.institutodeengenharia.org.br\/site\/wp-content\/uploads\/2025\/10\/pmmo-todos.png\",\"articleSection\":[\"Instituto de Engenharia\",\"Not\u00edcias\"],\"inLanguage\":\"pt-BR\",\"potentialAction\":[{\"@type\":\"CommentAction\",\"name\":\"Comment\",\"target\":[\"https:\/\/www.institutodeengenharia.org.br\/site\/2025\/10\/22\/segunda-edicao-do-pmmo-aconteceu-nesta-terca-21-durante-a-sne-confira-os-premiados\/#respond\"]}]},{\"@type\":\"WebPage\",\"@id\":\"https:\/\/www.institutodeengenharia.org.br\/site\/2025\/10\/22\/segunda-edicao-do-pmmo-aconteceu-nesta-terca-21-durante-a-sne-confira-os-premiados\/\",\"url\":\"https:\/\/www.institutodeengenharia.org.br\/site\/2025\/10\/22\/segunda-edicao-do-pmmo-aconteceu-nesta-terca-21-durante-a-sne-confira-os-premiados\/\",\"name\":\"Segunda edi\u00e7\u00e3o do PMMO aconteceu nesta ter\u00e7a (21), durante a SNE. Confira os premiados - Instituto de Engenharia\",\"isPartOf\":{\"@id\":\"https:\/\/www.institutodeengenharia.org.br\/site\/#website\"},\"primaryImageOfPage\":{\"@id\":\"https:\/\/www.institutodeengenharia.org.br\/site\/2025\/10\/22\/segunda-edicao-do-pmmo-aconteceu-nesta-terca-21-durante-a-sne-confira-os-premiados\/#primaryimage\"},\"image\":{\"@id\":\"https:\/\/www.institutodeengenharia.org.br\/site\/2025\/10\/22\/segunda-edicao-do-pmmo-aconteceu-nesta-terca-21-durante-a-sne-confira-os-premiados\/#primaryimage\"},\"thumbnailUrl\":\"https:\/\/www.institutodeengenharia.org.br\/site\/wp-content\/uploads\/2025\/10\/pmmo-todos.png\",\"datePublished\":\"2025-10-22T13:39:55+00:00\",\"dateModified\":\"2025-10-24T14:01:31+00:00\",\"breadcrumb\":{\"@id\":\"https:\/\/www.institutodeengenharia.org.br\/site\/2025\/10\/22\/segunda-edicao-do-pmmo-aconteceu-nesta-terca-21-durante-a-sne-confira-os-premiados\/#breadcrumb\"},\"inLanguage\":\"pt-BR\",\"potentialAction\":[{\"@type\":\"ReadAction\",\"target\":[\"https:\/\/www.institutodeengenharia.org.br\/site\/2025\/10\/22\/segunda-edicao-do-pmmo-aconteceu-nesta-terca-21-durante-a-sne-confira-os-premiados\/\"]}]},{\"@type\":\"ImageObject\",\"inLanguage\":\"pt-BR\",\"@id\":\"https:\/\/www.institutodeengenharia.org.br\/site\/2025\/10\/22\/segunda-edicao-do-pmmo-aconteceu-nesta-terca-21-durante-a-sne-confira-os-premiados\/#primaryimage\",\"url\":\"https:\/\/www.institutodeengenharia.org.br\/site\/wp-content\/uploads\/2025\/10\/pmmo-todos.png\",\"contentUrl\":\"https:\/\/www.institutodeengenharia.org.br\/site\/wp-content\/uploads\/2025\/10\/pmmo-todos.png\",\"width\":745,\"height\":311},{\"@type\":\"BreadcrumbList\",\"@id\":\"https:\/\/www.institutodeengenharia.org.br\/site\/2025\/10\/22\/segunda-edicao-do-pmmo-aconteceu-nesta-terca-21-durante-a-sne-confira-os-premiados\/#breadcrumb\",\"itemListElement\":[{\"@type\":\"ListItem\",\"position\":1,\"name\":\"In\u00edcio\",\"item\":\"https:\/\/www.institutodeengenharia.org.br\/site\/\"},{\"@type\":\"ListItem\",\"position\":2,\"name\":\"Segunda edi\u00e7\u00e3o do PMMO aconteceu nesta ter\u00e7a (21), durante a SNE. Confira os premiados\"}]},{\"@type\":\"WebSite\",\"@id\":\"https:\/\/www.institutodeengenharia.org.br\/site\/#website\",\"url\":\"https:\/\/www.institutodeengenharia.org.br\/site\/\",\"name\":\"Instituto de Engenharia\",\"description\":\"O Instituto de Engenharia promove a Engenharia em benef\u00edcio do desenvolvimento e da qualidade de vida da sociedade.\",\"publisher\":{\"@id\":\"https:\/\/www.institutodeengenharia.org.br\/site\/#organization\"},\"potentialAction\":[{\"@type\":\"SearchAction\",\"target\":{\"@type\":\"EntryPoint\",\"urlTemplate\":\"https:\/\/www.institutodeengenharia.org.br\/site\/?s={search_term_string}\"},\"query-input\":{\"@type\":\"PropertyValueSpecification\",\"valueRequired\":true,\"valueName\":\"search_term_string\"}}],\"inLanguage\":\"pt-BR\"},{\"@type\":\"Organization\",\"@id\":\"https:\/\/www.institutodeengenharia.org.br\/site\/#organization\",\"name\":\"Instituto de Engenharia\",\"url\":\"https:\/\/www.institutodeengenharia.org.br\/site\/\",\"logo\":{\"@type\":\"ImageObject\",\"inLanguage\":\"pt-BR\",\"@id\":\"https:\/\/www.institutodeengenharia.org.br\/site\/#\/schema\/logo\/image\/\",\"url\":\"https:\/\/www.institutodeengenharia.org.br\/site\/wp-content\/uploads\/2019\/03\/logo-novo-IE2018-1.jpg\",\"contentUrl\":\"https:\/\/www.institutodeengenharia.org.br\/site\/wp-content\/uploads\/2019\/03\/logo-novo-IE2018-1.jpg\",\"width\":1486,\"height\":1879,\"caption\":\"Instituto de Engenharia\"},\"image\":{\"@id\":\"https:\/\/www.institutodeengenharia.org.br\/site\/#\/schema\/logo\/image\/\"},\"sameAs\":[\"https:\/\/www.facebook.com\/institutodeengenharia\",\"https:\/\/x.com\/iengenharia\",\"https:\/\/www.instagram.com\/institutodeengenharia\/\",\"https:\/\/www.linkedin.com\/company\/instituto-de-engenharia\/\",\"https:\/\/www.youtube.com\/channel\/UCXiCAlsSMe977vamW915HxA\"]},{\"@type\":\"Person\",\"@id\":\"https:\/\/www.institutodeengenharia.org.br\/site\/#\/schema\/person\/593dc356630173a4877a635d3e5fd76b\",\"name\":\"Isabel\",\"image\":{\"@type\":\"ImageObject\",\"inLanguage\":\"pt-BR\",\"@id\":\"https:\/\/secure.gravatar.com\/avatar\/f3c521db63ec9db17894f10a88c6a3cf95b2281d7f80eeb3cf3ef1cb091576e7?s=96&d=mm&r=g\",\"url\":\"https:\/\/secure.gravatar.com\/avatar\/f3c521db63ec9db17894f10a88c6a3cf95b2281d7f80eeb3cf3ef1cb091576e7?s=96&d=mm&r=g\",\"contentUrl\":\"https:\/\/secure.gravatar.com\/avatar\/f3c521db63ec9db17894f10a88c6a3cf95b2281d7f80eeb3cf3ef1cb091576e7?s=96&d=mm&r=g\",\"caption\":\"Isabel\"},\"url\":\"https:\/\/www.institutodeengenharia.org.br\/site\/author\/comunicacao2\/\"}]}<\/script>\n<!-- \/ Yoast SEO plugin. -->","yoast_head_json":{"title":"Segunda edi\u00e7\u00e3o do PMMO aconteceu nesta ter\u00e7a (21), durante a SNE. Confira os premiados - Instituto de Engenharia","robots":{"index":"index","follow":"follow","max-snippet":"max-snippet:-1","max-image-preview":"max-image-preview:large","max-video-preview":"max-video-preview:-1"},"canonical":"https:\/\/www.institutodeengenharia.org.br\/site\/2025\/10\/22\/segunda-edicao-do-pmmo-aconteceu-nesta-terca-21-durante-a-sne-confira-os-premiados\/","og_locale":"pt_BR","og_type":"article","og_title":"Segunda edi\u00e7\u00e3o do PMMO aconteceu nesta ter\u00e7a (21), durante a SNE. Confira os premiados - Instituto de Engenharia","og_description":"Nesta ter\u00e7a (21), para encerrar o segundo dia da Semana Nacional da Engenharia, cujos temas abordados foram rodovias, transporte urbano e energia, aconteceu a entrega do Pr\u00eamio Melhores e Maiores Obras 2025! Em sua segunda edi\u00e7\u00e3o, o PMMO tem o prop\u00f3sito de destacar empresas ou \u00f3rg\u00e3os p\u00fablicos, que transformam realidades, geram benef\u00edcios \u00e0 sociedade e [&hellip;]","og_url":"https:\/\/www.institutodeengenharia.org.br\/site\/2025\/10\/22\/segunda-edicao-do-pmmo-aconteceu-nesta-terca-21-durante-a-sne-confira-os-premiados\/","og_site_name":"Instituto de Engenharia","article_publisher":"https:\/\/www.facebook.com\/institutodeengenharia","article_published_time":"2025-10-22T13:39:55+00:00","article_modified_time":"2025-10-24T14:01:31+00:00","og_image":[{"width":745,"height":311,"url":"https:\/\/www.institutodeengenharia.org.br\/site\/wp-content\/uploads\/2025\/10\/pmmo-todos.png","type":"image\/png"}],"author":"Isabel","twitter_card":"summary_large_image","twitter_creator":"@iengenharia","twitter_site":"@iengenharia","twitter_misc":{"Escrito por":"Isabel","Est. tempo de leitura":"4 minutos"},"schema":{"@context":"https:\/\/schema.org","@graph":[{"@type":"Article","@id":"https:\/\/www.institutodeengenharia.org.br\/site\/2025\/10\/22\/segunda-edicao-do-pmmo-aconteceu-nesta-terca-21-durante-a-sne-confira-os-premiados\/#article","isPartOf":{"@id":"https:\/\/www.institutodeengenharia.org.br\/site\/2025\/10\/22\/segunda-edicao-do-pmmo-aconteceu-nesta-terca-21-durante-a-sne-confira-os-premiados\/"},"author":{"name":"Isabel","@id":"https:\/\/www.institutodeengenharia.org.br\/site\/#\/schema\/person\/593dc356630173a4877a635d3e5fd76b"},"headline":"Segunda edi\u00e7\u00e3o do PMMO aconteceu nesta ter\u00e7a (21), durante a SNE. Confira os premiados","datePublished":"2025-10-22T13:39:55+00:00","dateModified":"2025-10-24T14:01:31+00:00","mainEntityOfPage":{"@id":"https:\/\/www.institutodeengenharia.org.br\/site\/2025\/10\/22\/segunda-edicao-do-pmmo-aconteceu-nesta-terca-21-durante-a-sne-confira-os-premiados\/"},"wordCount":662,"commentCount":0,"publisher":{"@id":"https:\/\/www.institutodeengenharia.org.br\/site\/#organization"},"image":{"@id":"https:\/\/www.institutodeengenharia.org.br\/site\/2025\/10\/22\/segunda-edicao-do-pmmo-aconteceu-nesta-terca-21-durante-a-sne-confira-os-premiados\/#primaryimage"},"thumbnailUrl":"https:\/\/www.institutodeengenharia.org.br\/site\/wp-content\/uploads\/2025\/10\/pmmo-todos.png","articleSection":["Instituto de Engenharia","Not\u00edcias"],"inLanguage":"pt-BR","potentialAction":[{"@type":"CommentAction","name":"Comment","target":["https:\/\/www.institutodeengenharia.org.br\/site\/2025\/10\/22\/segunda-edicao-do-pmmo-aconteceu-nesta-terca-21-durante-a-sne-confira-os-premiados\/#respond"]}]},{"@type":"WebPage","@id":"https:\/\/www.institutodeengenharia.org.br\/site\/2025\/10\/22\/segunda-edicao-do-pmmo-aconteceu-nesta-terca-21-durante-a-sne-confira-os-premiados\/","url":"https:\/\/www.institutodeengenharia.org.br\/site\/2025\/10\/22\/segunda-edicao-do-pmmo-aconteceu-nesta-terca-21-durante-a-sne-confira-os-premiados\/","name":"Segunda edi\u00e7\u00e3o do PMMO aconteceu nesta ter\u00e7a (21), durante a SNE. Confira os premiados - Instituto de Engenharia","isPartOf":{"@id":"https:\/\/www.institutodeengenharia.org.br\/site\/#website"},"primaryImageOfPage":{"@id":"https:\/\/www.institutodeengenharia.org.br\/site\/2025\/10\/22\/segunda-edicao-do-pmmo-aconteceu-nesta-terca-21-durante-a-sne-confira-os-premiados\/#primaryimage"},"image":{"@id":"https:\/\/www.institutodeengenharia.org.br\/site\/2025\/10\/22\/segunda-edicao-do-pmmo-aconteceu-nesta-terca-21-durante-a-sne-confira-os-premiados\/#primaryimage"},"thumbnailUrl":"https:\/\/www.institutodeengenharia.org.br\/site\/wp-content\/uploads\/2025\/10\/pmmo-todos.png","datePublished":"2025-10-22T13:39:55+00:00","dateModified":"2025-10-24T14:01:31+00:00","breadcrumb":{"@id":"https:\/\/www.institutodeengenharia.org.br\/site\/2025\/10\/22\/segunda-edicao-do-pmmo-aconteceu-nesta-terca-21-durante-a-sne-confira-os-premiados\/#breadcrumb"},"inLanguage":"pt-BR","potentialAction":[{"@type":"ReadAction","target":["https:\/\/www.institutodeengenharia.org.br\/site\/2025\/10\/22\/segunda-edicao-do-pmmo-aconteceu-nesta-terca-21-durante-a-sne-confira-os-premiados\/"]}]},{"@type":"ImageObject","inLanguage":"pt-BR","@id":"https:\/\/www.institutodeengenharia.org.br\/site\/2025\/10\/22\/segunda-edicao-do-pmmo-aconteceu-nesta-terca-21-durante-a-sne-confira-os-premiados\/#primaryimage","url":"https:\/\/www.institutodeengenharia.org.br\/site\/wp-content\/uploads\/2025\/10\/pmmo-todos.png","contentUrl":"https:\/\/www.institutodeengenharia.org.br\/site\/wp-content\/uploads\/2025\/10\/pmmo-todos.png","width":745,"height":311},{"@type":"BreadcrumbList","@id":"https:\/\/www.institutodeengenharia.org.br\/site\/2025\/10\/22\/segunda-edicao-do-pmmo-aconteceu-nesta-terca-21-durante-a-sne-confira-os-premiados\/#breadcrumb","itemListElement":[{"@type":"ListItem","position":1,"name":"In\u00edcio","item":"https:\/\/www.institutodeengenharia.org.br\/site\/"},{"@type":"ListItem","position":2,"name":"Segunda edi\u00e7\u00e3o do PMMO aconteceu nesta ter\u00e7a (21), durante a SNE. Confira os premiados"}]},{"@type":"WebSite","@id":"https:\/\/www.institutodeengenharia.org.br\/site\/#website","url":"https:\/\/www.institutodeengenharia.org.br\/site\/","name":"Instituto de Engenharia","description":"O Instituto de Engenharia promove a Engenharia em benef\u00edcio do desenvolvimento e da qualidade de vida da sociedade.","publisher":{"@id":"https:\/\/www.institutodeengenharia.org.br\/site\/#organization"},"potentialAction":[{"@type":"SearchAction","target":{"@type":"EntryPoint","urlTemplate":"https:\/\/www.institutodeengenharia.org.br\/site\/?s={search_term_string}"},"query-input":{"@type":"PropertyValueSpecification","valueRequired":true,"valueName":"search_term_string"}}],"inLanguage":"pt-BR"},{"@type":"Organization","@id":"https:\/\/www.institutodeengenharia.org.br\/site\/#organization","name":"Instituto de Engenharia","url":"https:\/\/www.institutodeengenharia.org.br\/site\/","logo":{"@type":"ImageObject","inLanguage":"pt-BR","@id":"https:\/\/www.institutodeengenharia.org.br\/site\/#\/schema\/logo\/image\/","url":"https:\/\/www.institutodeengenharia.org.br\/site\/wp-content\/uploads\/2019\/03\/logo-novo-IE2018-1.jpg","contentUrl":"https:\/\/www.institutodeengenharia.org.br\/site\/wp-content\/uploads\/2019\/03\/logo-novo-IE2018-1.jpg","width":1486,"height":1879,"caption":"Instituto de Engenharia"},"image":{"@id":"https:\/\/www.institutodeengenharia.org.br\/site\/#\/schema\/logo\/image\/"},"sameAs":["https:\/\/www.facebook.com\/institutodeengenharia","https:\/\/x.com\/iengenharia","https:\/\/www.instagram.com\/institutodeengenharia\/","https:\/\/www.linkedin.com\/company\/instituto-de-engenharia\/","https:\/\/www.youtube.com\/channel\/UCXiCAlsSMe977vamW915HxA"]},{"@type":"Person","@id":"https:\/\/www.institutodeengenharia.org.br\/site\/#\/schema\/person\/593dc356630173a4877a635d3e5fd76b","name":"Isabel","image":{"@type":"ImageObject","inLanguage":"pt-BR","@id":"https:\/\/secure.gravatar.com\/avatar\/f3c521db63ec9db17894f10a88c6a3cf95b2281d7f80eeb3cf3ef1cb091576e7?s=96&d=mm&r=g","url":"https:\/\/secure.gravatar.com\/avatar\/f3c521db63ec9db17894f10a88c6a3cf95b2281d7f80eeb3cf3ef1cb091576e7?s=96&d=mm&r=g","contentUrl":"https:\/\/secure.gravatar.com\/avatar\/f3c521db63ec9db17894f10a88c6a3cf95b2281d7f80eeb3cf3ef1cb091576e7?s=96&d=mm&r=g","caption":"Isabel"},"url":"https:\/\/www.institutodeengenharia.org.br\/site\/author\/comunicacao2\/"}]}},"_links":{"self":[{"href":"https:\/\/www.institutodeengenharia.org.br\/site\/wp-json\/wp\/v2\/posts\/133826","targetHints":{"allow":["GET"]}}],"collection":[{"href":"https:\/\/www.institutodeengenharia.org.br\/site\/wp-json\/wp\/v2\/posts"}],"about":[{"href":"https:\/\/www.institutodeengenharia.org.br\/site\/wp-json\/wp\/v2\/types\/post"}],"author":[{"embeddable":true,"href":"https:\/\/www.institutodeengenharia.org.br\/site\/wp-json\/wp\/v2\/users\/14"}],"replies":[{"embeddable":true,"href":"https:\/\/www.institutodeengenharia.org.br\/site\/wp-json\/wp\/v2\/comments?post=133826"}],"version-history":[{"count":5,"href":"https:\/\/www.institutodeengenharia.org.br\/site\/wp-json\/wp\/v2\/posts\/133826\/revisions"}],"predecessor-version":[{"id":133916,"href":"https:\/\/www.institutodeengenharia.org.br\/site\/wp-json\/wp\/v2\/posts\/133826\/revisions\/133916"}],"wp:featuredmedia":[{"embeddable":true,"href":"https:\/\/www.institutodeengenharia.org.br\/site\/wp-json\/wp\/v2\/media\/133829"}],"wp:attachment":[{"href":"https:\/\/www.institutodeengenharia.org.br\/site\/wp-json\/wp\/v2\/media?parent=133826"}],"wp:term":[{"taxonomy":"category","embeddable":true,"href":"https:\/\/www.institutodeengenharia.org.br\/site\/wp-json\/wp\/v2\/categories?post=133826"},{"taxonomy":"post_tag","embeddable":true,"href":"https:\/\/www.institutodeengenharia.org.br\/site\/wp-json\/wp\/v2\/tags?post=133826"}],"curies":[{"name":"wp","href":"https:\/\/api.w.org\/{rel}","templated":true}]}}