{"id":133681,"date":"2025-10-15T11:10:44","date_gmt":"2025-10-15T14:10:44","guid":{"rendered":"https:\/\/www.institutodeengenharia.org.br\/site\/?p=133681"},"modified":"2025-10-16T10:51:30","modified_gmt":"2025-10-16T13:51:30","slug":"palestra-do-prof-paulo-artaxo-no-gt-bioeconomia-nacional","status":"publish","type":"post","link":"https:\/\/www.institutodeengenharia.org.br\/site\/2025\/10\/15\/palestra-do-prof-paulo-artaxo-no-gt-bioeconomia-nacional\/","title":{"rendered":"Palestra do Prof. Paulo Artaxo no GT Bioeconomia Nacional"},"content":{"rendered":"<p><!DOCTYPE html><br \/>\n<html lang=\"pt-BR\"><br \/>\n<head><br \/>\n    <meta charset=\"UTF-8\"><br \/>\n    <meta name=\"viewport\" content=\"width=device-width, initial-scale=1.0\"><br \/>\n    <title>Palestra do Prof. Paulo Artaxo no GT Bioeconomia Nacional<\/title><\/p>\n<style>\n        .artaxo-lecture-container {\n            font-family: -apple-system, BlinkMacSystemFont, \"Segoe UI\", Roboto, Helvetica, Arial, sans-serif;\n            line-height: 1.6;\n            background-color: #f9f9f9;\n            color: #333;\n            padding: 20px 0;\n        }\n        .artaxo-lecture-container h1, \n        .artaxo-lecture-container h2, \n        .artaxo-lecture-container h3 {\n            color: #2c3e50;\n            font-weight: 600;\n        }\n        .artaxo-lecture-container h1 {\n            text-align: center;\n            margin-bottom: 10px;\n        }\n        .artaxo-lecture-container h3 {\n            margin-bottom: 20px;\n        }\n        .artaxo-header-subtitle {\n            text-align: center;\n            font-size: 1.1em;\n            color: #555;\n            margin-bottom: 40px;\n            padding: 0 15px;\n        }\n        .artaxo-intro, .artaxo-full-lecture {\n            background: #fff;\n            padding: 25px;\n            margin: 0 15px 30px 15px;\n            border-radius: 8px;\n            box-shadow: 0 4px 8px rgba(0,0,0,0.05);\n        }\n        .artaxo-media-text-block {\n            margin: 0 15px 30px 15px;\n            padding: 25px;\n            background: #fff;\n            border-radius: 8px;\n            box-shadow: 0 4px 8px rgba(0,0,0,0.05);\n        }\n        .artaxo-content-columns {\n            display: flex;\n            gap: 30px;\n            align-items: flex-start;\n        }\n        .artaxo-media-text-block--reverse .artaxo-content-columns {\n            flex-direction: row-reverse;\n        }\n        .artaxo-video-wrapper, .artaxo-text-wrapper {\n            flex: 1;\n            min-width: 0;\n        }\n        .artaxo-video-container {\n            position: relative;\n            width: 100%;\n            padding-bottom: 56.25%; \/* Propor\u00e7\u00e3o 16:9 *\/\n            height: 0;\n            border-radius: 8px;\n            overflow: hidden;\n            border: 1px solid #ddd;\n        }\n        .artaxo-video-container iframe {\n            position: absolute;\n            top: 0;\n            left: 0;\n            width: 100%;\n            height: 100%;\n            border: 0;\n        }\n        .artaxo-full-lecture {\n            text-align: center;\n            padding: 30px;\n        }\n        .artaxo-full-lecture a {\n            display: inline-block;\n            background-color: #3498db;\n            color: white;\n            padding: 12px 24px;\n            text-decoration: none;\n            border-radius: 5px;\n            font-weight: bold;\n            transition: background-color 0.3s ease;\n        }\n        .artaxo-full-lecture a:hover {\n            background-color: #2980b9;\n        }<\/p>\n<p>        \/* AJUSTE PARA CELULAR - AGORA COM !IMPORTANT *\/\n        @media (max-width: 800px) {\n            .artaxo-content-columns,\n            .artaxo-media-text-block--reverse .artaxo-content-columns {\n                flex-direction: column !important; \/* For\u00e7a o empilhamento em telas menores *\/\n            }\n        }\n    <\/style>\n<p><\/head><br \/>\n<body><\/p>\n<div class=\"artaxo-lecture-container\">\n<h1>Palestra do Prof. Paulo Artaxo no GT Bioeconomia Nacional<\/h1>\n<p class=\"artaxo-header-subtitle\">Uma an\u00e1lise sobre mudan\u00e7as clim\u00e1ticas, energia e o papel da engenharia no futuro do Brasil.<\/p>\n<div class=\"artaxo-intro\">\n<p>Com media\u00e7\u00e3o do <strong>Eng. George Paulus<\/strong> e da <strong>Enga. Larissa F\u00e9<\/strong>, e abertura realizada pelo Presidente do Instituto de Engenharia, <strong>Eng. Jos\u00e9 Eduardo Jardim<\/strong>, a palestra do Prof. Paulo Artaxo ofereceu uma vis\u00e3o aprofundada sobre os desafios clim\u00e1ticos que o Brasil enfrenta. A seguir, apresentamos os principais pontos deste encontro, explorando as urgentes mudan\u00e7as clim\u00e1ticas e o papel fundamental da engenharia na constru\u00e7\u00e3o de um futuro mais sustent\u00e1vel.<\/p>\n<\/p><\/div>\n<div class=\"artaxo-media-text-block\">\n<h3>O Clima no Brasil: N\u00e3o \u00e9 S\u00f3 Temperatura<\/h3>\n<div class=\"artaxo-content-columns\">\n<div class=\"artaxo-video-wrapper\">\n<div class=\"artaxo-video-container\">\n                        <iframe src=\"https:\/\/www.youtube.com\/embed\/5c7xKszXXk0\" allowfullscreen><\/iframe>\n                    <\/div>\n<\/p><\/div>\n<div class=\"artaxo-text-wrapper\">\n<p>O Prof. Artaxo destaca que o clima engloba n\u00e3o apenas a temperatura, mas tamb\u00e9m o regime de chuvas. O Brasil est\u00e1 se tornando mais seco, especialmente no Vale do Rio S\u00e3o Francisco e no Brasil central, onde a economia do agroneg\u00f3cio \u00e9 forte. Dados da Embrapa de 2019 mostram um avan\u00e7o r\u00e1pido de regi\u00f5es com alto d\u00e9ficit h\u00eddrico para \u00e1reas como Tocantins, Mato Grosso e Goi\u00e1s, com previs\u00e3o de atingir Rond\u00f4nia na pr\u00f3xima d\u00e9cada, impactando enormemente a economia brasileira.<\/p>\n<\/p><\/div>\n<\/p><\/div>\n<\/p><\/div>\n<div class=\"artaxo-media-text-block artaxo-media-text-block--reverse\">\n<h3>Eventos Clim\u00e1ticos Extremos e a Lei de Clausius-Clapeyron<\/h3>\n<div class=\"artaxo-content-columns\">\n<div class=\"artaxo-video-wrapper\">\n<div class=\"artaxo-video-container\">\n                        <iframe src=\"https:\/\/www.youtube.com\/embed\/L8QiSvhdtIc\" allowfullscreen><\/iframe>\n                    <\/div>\n<\/p><\/div>\n<div class=\"artaxo-text-wrapper\">\n<p>Os eventos clim\u00e1ticos extremos t\u00eam aumentado drasticamente. Esse aumento est\u00e1 ligado \u00e0 Lei de Clausius-Clapeyron: para cada grau de aumento de temperatura, a atmosfera pode reter 7% a mais de vapor d&#8217;\u00e1gua. Isso significa que, quando chove, h\u00e1 muito mais \u00e1gua dispon\u00edvel para cair, intensificando eventos extremos como os vistos no Texas, no Rio Grande do Sul e nas ondas de calor na Europa, que impactam imensamente a sa\u00fade da popula\u00e7\u00e3o.<\/p>\n<\/p><\/div>\n<\/p><\/div>\n<\/p><\/div>\n<div class=\"artaxo-media-text-block\">\n<h3>Engenharia para um Futuro Sustent\u00e1vel<\/h3>\n<div class=\"artaxo-content-columns\">\n<div class=\"artaxo-video-wrapper\">\n<div class=\"artaxo-video-container\">\n                        <iframe src=\"https:\/\/www.youtube.com\/embed\/uQPiPCS63vo\" allowfullscreen><\/iframe>\n                    <\/div>\n<\/p><\/div>\n<div class=\"artaxo-text-wrapper\">\n<p>A engenharia \u00e9 fundamental para enfrentar a crise clim\u00e1tica. Em novos materiais, o desafio \u00e9 criar produtos mais leves e resistentes que emitam menos gases de efeito estufa. Na engenharia el\u00e9trica, \u00e9 preciso adaptar as redes de distribui\u00e7\u00e3o para a gera\u00e7\u00e3o descentralizada de energia solar e e\u00f3lica, migrando de um modelo centralizado para um sistema mais distribu\u00eddo, um processo complexo que requer sofistica\u00e7\u00e3o t\u00e9cnica.<\/p>\n<\/p><\/div>\n<\/p><\/div>\n<\/p><\/div>\n<div class=\"artaxo-media-text-block artaxo-media-text-block--reverse\">\n<h3>Gera\u00e7\u00e3o de Eletricidade a Partir do Metano do Lixo<\/h3>\n<div class=\"artaxo-content-columns\">\n<div class=\"artaxo-video-wrapper\">\n<div class=\"artaxo-video-container\">\n                        <iframe src=\"https:\/\/www.youtube.com\/embed\/sMt3qyzlNhs\" allowfullscreen><\/iframe>\n                    <\/div>\n<\/p><\/div>\n<div class=\"artaxo-text-wrapper\">\n<p>A captura do metano gerado em lix\u00f5es \u00e9 uma solu\u00e7\u00e3o valiosa. Ao inv\u00e9s de liber\u00e1-lo na atmosfera, o metano pode ser convertido em eletricidade. S\u00e3o Paulo j\u00e1 possui quatro lix\u00f5es que geram energia assim, e Estocolmo \u00e9 aquecida no inverno pela combust\u00e3o do metano do lixo. O professor enfatiza a necessidade de legisla\u00e7\u00e3o que incentive o aproveitamento de res\u00edduos org\u00e2nicos para gera\u00e7\u00e3o de energia.<\/p>\n<\/p><\/div>\n<\/p><\/div>\n<\/p><\/div>\n<div class=\"artaxo-media-text-block\">\n<h3>Hidrog\u00eanio como Armazenamento de Energia<\/h3>\n<div class=\"artaxo-content-columns\">\n<div class=\"artaxo-video-wrapper\">\n<div class=\"artaxo-video-container\">\n                        <iframe src=\"https:\/\/www.youtube.com\/embed\/bvWZvLHb1HU\" allowfullscreen><\/iframe>\n                    <\/div>\n<\/p><\/div>\n<div class=\"artaxo-text-wrapper\">\n<p>O hidrog\u00eanio \u00e9 visto como uma forma eficiente de armazenar energia. Atrav\u00e9s da eletr\u00f3lise da \u00e1gua, ele pode ser usado em c\u00e9lulas de combust\u00edvel. A USP j\u00e1 opera quatro \u00f4nibus movidos a hidrog\u00eanio, a partir da convers\u00e3o de etanol. Embora o processo ainda n\u00e3o seja economicamente vi\u00e1vel, h\u00e1 grandes expectativas para o desenvolvimento de novas tecnologias que o tornar\u00e3o acess\u00edvel no futuro pr\u00f3ximo.<\/p>\n<\/p><\/div>\n<\/p><\/div>\n<\/p><\/div>\n<div class=\"artaxo-media-text-block artaxo-media-text-block--reverse\">\n<h3>Potencial do Brasil em Energias Renov\u00e1veis<\/h3>\n<div class=\"artaxo-content-columns\">\n<div class=\"artaxo-video-wrapper\">\n<div class=\"artaxo-video-container\">\n                        <iframe src=\"https:\/\/www.youtube.com\/embed\/tfevW10FhLc\" allowfullscreen><\/iframe>\n                    <\/div>\n<\/p><\/div>\n<div class=\"artaxo-text-wrapper\">\n<p>O custo por gigawatt de energia solar e e\u00f3lica j\u00e1 \u00e9 menor do que o da energia de fontes f\u00f3sseis. Dado o potencial do Brasil, \u00e9 crucial investir em renov\u00e1veis. No entanto, \u00e9 preciso redesenhar a rede de distribui\u00e7\u00e3o para lidar com a intermit\u00eancia. O Brasil tem a vantagem de uma rede interligada que permite usar solar\/e\u00f3lica durante o dia e hidroeletricidade \u00e0 noite, uma vantagem que poucos pa\u00edses possuem.<\/p>\n<\/p><\/div>\n<\/p><\/div>\n<\/p><\/div>\n<div class=\"artaxo-media-text-block\">\n<h3>Transi\u00e7\u00e3o Energ\u00e9tica e Elimina\u00e7\u00e3o do Desmatamento<\/h3>\n<div class=\"artaxo-content-columns\">\n<div class=\"artaxo-video-wrapper\">\n<div class=\"artaxo-video-container\">\n                        <iframe src=\"https:\/\/www.youtube.com\/embed\/GV9rcrO8VTg\" allowfullscreen><\/iframe>\n                    <\/div>\n<\/p><\/div>\n<div class=\"artaxo-text-wrapper\">\n<p>A COP30 deve focar na r\u00e1pida transi\u00e7\u00e3o de combust\u00edveis f\u00f3sseis para energias sustent\u00e1veis. Al\u00e9m disso, \u00e9 crucial eliminar o desmatamento de florestas tropicais at\u00e9 2030, que hoje \u00e9 respons\u00e1vel por 11% das emiss\u00f5es globais. A adapta\u00e7\u00e3o da sociedade e da economia ao novo clima deve ser uma prioridade para minimizar impactos.<\/p>\n<\/p><\/div>\n<\/p><\/div>\n<\/p><\/div>\n<div class=\"artaxo-media-text-block artaxo-media-text-block--reverse\">\n<h3>O Setor Energ\u00e9tico e o Futuro do Clima<\/h3>\n<div class=\"artaxo-content-columns\">\n<div class=\"artaxo-video-wrapper\">\n<div class=\"artaxo-video-container\">\n                        <iframe src=\"https:\/\/www.youtube.com\/embed\/2aWZYqFSTNc\" allowfullscreen><\/iframe>\n                    <\/div>\n<\/p><\/div>\n<div class=\"artaxo-text-wrapper\">\n<p>\u00c9 fundamental evitar um colapso do sistema clim\u00e1tico global. Nesse esfor\u00e7o, o setor energ\u00e9tico \u00e9 cr\u00edtico para a constru\u00e7\u00e3o de um mundo mais sustent\u00e1vel, justo e com menores emiss\u00f5es. O foco deve ser a elimina\u00e7\u00e3o de fontes de emiss\u00e3o, como o desmatamento, e a transi\u00e7\u00e3o para uma matriz energ\u00e9tica limpa para garantir um clima minimamente est\u00e1vel.<\/p>\n<\/p><\/div>\n<\/p><\/div>\n<\/p><\/div>\n<div class=\"artaxo-full-lecture\">\n<h2>Assista \u00e0 Palestra Completa<\/h2>\n<p>Para uma an\u00e1lise aprofundada sobre as mudan\u00e7as clim\u00e1ticas e o futuro da bioeconomia, assista \u00e0 palestra integral do Prof. Paulo Artaxo:<\/p>\n<p>            <a href=\"https:\/\/www.institutodeengenharia.org.br\/site\/2025\/07\/08\/32o-encontro-aberto-gt-bioeconomia-nacional\/\" target=\"_blank\">Acessar Palestra Completa<\/a>\n        <\/div>\n<\/p><\/div>\n<p><\/body><br \/>\n<\/html><\/p>\n","protected":false},"excerpt":{"rendered":"<p>Palestra do Prof. Paulo Artaxo no GT Bioeconomia Nacional Palestra do Prof. Paulo Artaxo no GT Bioeconomia Nacional Uma an\u00e1lise sobre mudan\u00e7as clim\u00e1ticas, energia e o papel da engenharia no futuro do Brasil. Com media\u00e7\u00e3o do Eng. George Paulus e da Enga. Larissa F\u00e9, e abertura realizada pelo Presidente do Instituto de Engenharia, Eng. Jos\u00e9 [&hellip;]<\/p>\n","protected":false},"author":14,"featured_media":133686,"comment_status":"open","ping_status":"open","sticky":false,"template":"","format":"standard","meta":{"footnotes":""},"categories":[1119,27,6],"tags":[],"class_list":{"0":"post-133681","1":"post","2":"type-post","3":"status-publish","4":"format-standard","5":"has-post-thumbnail","7":"category-amazonia-e-bioeconomia","8":"category-instituto-de-engenharia","9":"category-noticias"},"yoast_head":"<!-- This site is optimized with the Yoast SEO plugin v27.2 - https:\/\/yoast.com\/product\/yoast-seo-wordpress\/ -->\n<title>Palestra do Prof. Paulo Artaxo no GT Bioeconomia Nacional - Instituto de Engenharia<\/title>\n<meta name=\"robots\" content=\"index, follow, max-snippet:-1, max-image-preview:large, max-video-preview:-1\" \/>\n<link rel=\"canonical\" href=\"https:\/\/www.institutodeengenharia.org.br\/site\/2025\/10\/15\/palestra-do-prof-paulo-artaxo-no-gt-bioeconomia-nacional\/\" \/>\n<meta property=\"og:locale\" content=\"pt_BR\" \/>\n<meta property=\"og:type\" content=\"article\" \/>\n<meta property=\"og:title\" content=\"Palestra do Prof. Paulo Artaxo no GT Bioeconomia Nacional - Instituto de Engenharia\" \/>\n<meta property=\"og:description\" content=\"Palestra do Prof. Paulo Artaxo no GT Bioeconomia Nacional Palestra do Prof. Paulo Artaxo no GT Bioeconomia Nacional Uma an\u00e1lise sobre mudan\u00e7as clim\u00e1ticas, energia e o papel da engenharia no futuro do Brasil. Com media\u00e7\u00e3o do Eng. George Paulus e da Enga. Larissa F\u00e9, e abertura realizada pelo Presidente do Instituto de Engenharia, Eng. Jos\u00e9 [&hellip;]\" \/>\n<meta property=\"og:url\" content=\"https:\/\/www.institutodeengenharia.org.br\/site\/2025\/10\/15\/palestra-do-prof-paulo-artaxo-no-gt-bioeconomia-nacional\/\" \/>\n<meta property=\"og:site_name\" content=\"Instituto de Engenharia\" \/>\n<meta property=\"article:publisher\" content=\"https:\/\/www.facebook.com\/institutodeengenharia\" \/>\n<meta property=\"article:published_time\" content=\"2025-10-15T14:10:44+00:00\" \/>\n<meta property=\"article:modified_time\" content=\"2025-10-16T13:51:30+00:00\" \/>\n<meta property=\"og:image\" content=\"https:\/\/www.institutodeengenharia.org.br\/site\/wp-content\/uploads\/2025\/10\/artaxo.png\" \/>\n\t<meta property=\"og:image:width\" content=\"366\" \/>\n\t<meta property=\"og:image:height\" content=\"361\" \/>\n\t<meta property=\"og:image:type\" content=\"image\/png\" \/>\n<meta name=\"author\" content=\"Isabel\" \/>\n<meta name=\"twitter:card\" content=\"summary_large_image\" \/>\n<meta name=\"twitter:creator\" content=\"@iengenharia\" \/>\n<meta name=\"twitter:site\" content=\"@iengenharia\" \/>\n<meta name=\"twitter:label1\" content=\"Escrito por\" \/>\n\t<meta name=\"twitter:data1\" content=\"Isabel\" \/>\n\t<meta name=\"twitter:label2\" content=\"Est. tempo de leitura\" \/>\n\t<meta name=\"twitter:data2\" content=\"6 minutos\" \/>\n<script type=\"application\/ld+json\" class=\"yoast-schema-graph\">{\"@context\":\"https:\/\/schema.org\",\"@graph\":[{\"@type\":\"Article\",\"@id\":\"https:\/\/www.institutodeengenharia.org.br\/site\/2025\/10\/15\/palestra-do-prof-paulo-artaxo-no-gt-bioeconomia-nacional\/#article\",\"isPartOf\":{\"@id\":\"https:\/\/www.institutodeengenharia.org.br\/site\/2025\/10\/15\/palestra-do-prof-paulo-artaxo-no-gt-bioeconomia-nacional\/\"},\"author\":{\"name\":\"Isabel\",\"@id\":\"https:\/\/www.institutodeengenharia.org.br\/site\/#\/schema\/person\/593dc356630173a4877a635d3e5fd76b\"},\"headline\":\"Palestra do Prof. Paulo Artaxo no GT Bioeconomia Nacional\",\"datePublished\":\"2025-10-15T14:10:44+00:00\",\"dateModified\":\"2025-10-16T13:51:30+00:00\",\"mainEntityOfPage\":{\"@id\":\"https:\/\/www.institutodeengenharia.org.br\/site\/2025\/10\/15\/palestra-do-prof-paulo-artaxo-no-gt-bioeconomia-nacional\/\"},\"wordCount\":791,\"commentCount\":0,\"publisher\":{\"@id\":\"https:\/\/www.institutodeengenharia.org.br\/site\/#organization\"},\"image\":{\"@id\":\"https:\/\/www.institutodeengenharia.org.br\/site\/2025\/10\/15\/palestra-do-prof-paulo-artaxo-no-gt-bioeconomia-nacional\/#primaryimage\"},\"thumbnailUrl\":\"https:\/\/www.institutodeengenharia.org.br\/site\/wp-content\/uploads\/2025\/10\/artaxo.png\",\"articleSection\":[\"Amaz\u00f4nia e Bioeconomia\",\"Instituto de Engenharia\",\"Not\u00edcias\"],\"inLanguage\":\"pt-BR\",\"potentialAction\":[{\"@type\":\"CommentAction\",\"name\":\"Comment\",\"target\":[\"https:\/\/www.institutodeengenharia.org.br\/site\/2025\/10\/15\/palestra-do-prof-paulo-artaxo-no-gt-bioeconomia-nacional\/#respond\"]}]},{\"@type\":\"WebPage\",\"@id\":\"https:\/\/www.institutodeengenharia.org.br\/site\/2025\/10\/15\/palestra-do-prof-paulo-artaxo-no-gt-bioeconomia-nacional\/\",\"url\":\"https:\/\/www.institutodeengenharia.org.br\/site\/2025\/10\/15\/palestra-do-prof-paulo-artaxo-no-gt-bioeconomia-nacional\/\",\"name\":\"Palestra do Prof. Paulo Artaxo no GT Bioeconomia Nacional - Instituto de Engenharia\",\"isPartOf\":{\"@id\":\"https:\/\/www.institutodeengenharia.org.br\/site\/#website\"},\"primaryImageOfPage\":{\"@id\":\"https:\/\/www.institutodeengenharia.org.br\/site\/2025\/10\/15\/palestra-do-prof-paulo-artaxo-no-gt-bioeconomia-nacional\/#primaryimage\"},\"image\":{\"@id\":\"https:\/\/www.institutodeengenharia.org.br\/site\/2025\/10\/15\/palestra-do-prof-paulo-artaxo-no-gt-bioeconomia-nacional\/#primaryimage\"},\"thumbnailUrl\":\"https:\/\/www.institutodeengenharia.org.br\/site\/wp-content\/uploads\/2025\/10\/artaxo.png\",\"datePublished\":\"2025-10-15T14:10:44+00:00\",\"dateModified\":\"2025-10-16T13:51:30+00:00\",\"breadcrumb\":{\"@id\":\"https:\/\/www.institutodeengenharia.org.br\/site\/2025\/10\/15\/palestra-do-prof-paulo-artaxo-no-gt-bioeconomia-nacional\/#breadcrumb\"},\"inLanguage\":\"pt-BR\",\"potentialAction\":[{\"@type\":\"ReadAction\",\"target\":[\"https:\/\/www.institutodeengenharia.org.br\/site\/2025\/10\/15\/palestra-do-prof-paulo-artaxo-no-gt-bioeconomia-nacional\/\"]}]},{\"@type\":\"ImageObject\",\"inLanguage\":\"pt-BR\",\"@id\":\"https:\/\/www.institutodeengenharia.org.br\/site\/2025\/10\/15\/palestra-do-prof-paulo-artaxo-no-gt-bioeconomia-nacional\/#primaryimage\",\"url\":\"https:\/\/www.institutodeengenharia.org.br\/site\/wp-content\/uploads\/2025\/10\/artaxo.png\",\"contentUrl\":\"https:\/\/www.institutodeengenharia.org.br\/site\/wp-content\/uploads\/2025\/10\/artaxo.png\",\"width\":366,\"height\":361},{\"@type\":\"BreadcrumbList\",\"@id\":\"https:\/\/www.institutodeengenharia.org.br\/site\/2025\/10\/15\/palestra-do-prof-paulo-artaxo-no-gt-bioeconomia-nacional\/#breadcrumb\",\"itemListElement\":[{\"@type\":\"ListItem\",\"position\":1,\"name\":\"In\u00edcio\",\"item\":\"https:\/\/www.institutodeengenharia.org.br\/site\/\"},{\"@type\":\"ListItem\",\"position\":2,\"name\":\"Palestra do Prof. Paulo Artaxo no GT Bioeconomia Nacional\"}]},{\"@type\":\"WebSite\",\"@id\":\"https:\/\/www.institutodeengenharia.org.br\/site\/#website\",\"url\":\"https:\/\/www.institutodeengenharia.org.br\/site\/\",\"name\":\"Instituto de Engenharia\",\"description\":\"O Instituto de Engenharia promove a Engenharia em benef\u00edcio do desenvolvimento e da qualidade de vida da sociedade.\",\"publisher\":{\"@id\":\"https:\/\/www.institutodeengenharia.org.br\/site\/#organization\"},\"potentialAction\":[{\"@type\":\"SearchAction\",\"target\":{\"@type\":\"EntryPoint\",\"urlTemplate\":\"https:\/\/www.institutodeengenharia.org.br\/site\/?s={search_term_string}\"},\"query-input\":{\"@type\":\"PropertyValueSpecification\",\"valueRequired\":true,\"valueName\":\"search_term_string\"}}],\"inLanguage\":\"pt-BR\"},{\"@type\":\"Organization\",\"@id\":\"https:\/\/www.institutodeengenharia.org.br\/site\/#organization\",\"name\":\"Instituto de Engenharia\",\"url\":\"https:\/\/www.institutodeengenharia.org.br\/site\/\",\"logo\":{\"@type\":\"ImageObject\",\"inLanguage\":\"pt-BR\",\"@id\":\"https:\/\/www.institutodeengenharia.org.br\/site\/#\/schema\/logo\/image\/\",\"url\":\"https:\/\/www.institutodeengenharia.org.br\/site\/wp-content\/uploads\/2019\/03\/logo-novo-IE2018-1.jpg\",\"contentUrl\":\"https:\/\/www.institutodeengenharia.org.br\/site\/wp-content\/uploads\/2019\/03\/logo-novo-IE2018-1.jpg\",\"width\":1486,\"height\":1879,\"caption\":\"Instituto de Engenharia\"},\"image\":{\"@id\":\"https:\/\/www.institutodeengenharia.org.br\/site\/#\/schema\/logo\/image\/\"},\"sameAs\":[\"https:\/\/www.facebook.com\/institutodeengenharia\",\"https:\/\/x.com\/iengenharia\",\"https:\/\/www.instagram.com\/institutodeengenharia\/\",\"https:\/\/www.linkedin.com\/company\/instituto-de-engenharia\/\",\"https:\/\/www.youtube.com\/channel\/UCXiCAlsSMe977vamW915HxA\"]},{\"@type\":\"Person\",\"@id\":\"https:\/\/www.institutodeengenharia.org.br\/site\/#\/schema\/person\/593dc356630173a4877a635d3e5fd76b\",\"name\":\"Isabel\",\"image\":{\"@type\":\"ImageObject\",\"inLanguage\":\"pt-BR\",\"@id\":\"https:\/\/secure.gravatar.com\/avatar\/f3c521db63ec9db17894f10a88c6a3cf95b2281d7f80eeb3cf3ef1cb091576e7?s=96&d=mm&r=g\",\"url\":\"https:\/\/secure.gravatar.com\/avatar\/f3c521db63ec9db17894f10a88c6a3cf95b2281d7f80eeb3cf3ef1cb091576e7?s=96&d=mm&r=g\",\"contentUrl\":\"https:\/\/secure.gravatar.com\/avatar\/f3c521db63ec9db17894f10a88c6a3cf95b2281d7f80eeb3cf3ef1cb091576e7?s=96&d=mm&r=g\",\"caption\":\"Isabel\"},\"url\":\"https:\/\/www.institutodeengenharia.org.br\/site\/author\/comunicacao2\/\"}]}<\/script>\n<!-- \/ Yoast SEO plugin. -->","yoast_head_json":{"title":"Palestra do Prof. Paulo Artaxo no GT Bioeconomia Nacional - Instituto de Engenharia","robots":{"index":"index","follow":"follow","max-snippet":"max-snippet:-1","max-image-preview":"max-image-preview:large","max-video-preview":"max-video-preview:-1"},"canonical":"https:\/\/www.institutodeengenharia.org.br\/site\/2025\/10\/15\/palestra-do-prof-paulo-artaxo-no-gt-bioeconomia-nacional\/","og_locale":"pt_BR","og_type":"article","og_title":"Palestra do Prof. Paulo Artaxo no GT Bioeconomia Nacional - Instituto de Engenharia","og_description":"Palestra do Prof. Paulo Artaxo no GT Bioeconomia Nacional Palestra do Prof. Paulo Artaxo no GT Bioeconomia Nacional Uma an\u00e1lise sobre mudan\u00e7as clim\u00e1ticas, energia e o papel da engenharia no futuro do Brasil. Com media\u00e7\u00e3o do Eng. George Paulus e da Enga. Larissa F\u00e9, e abertura realizada pelo Presidente do Instituto de Engenharia, Eng. Jos\u00e9 [&hellip;]","og_url":"https:\/\/www.institutodeengenharia.org.br\/site\/2025\/10\/15\/palestra-do-prof-paulo-artaxo-no-gt-bioeconomia-nacional\/","og_site_name":"Instituto de Engenharia","article_publisher":"https:\/\/www.facebook.com\/institutodeengenharia","article_published_time":"2025-10-15T14:10:44+00:00","article_modified_time":"2025-10-16T13:51:30+00:00","og_image":[{"width":366,"height":361,"url":"https:\/\/www.institutodeengenharia.org.br\/site\/wp-content\/uploads\/2025\/10\/artaxo.png","type":"image\/png"}],"author":"Isabel","twitter_card":"summary_large_image","twitter_creator":"@iengenharia","twitter_site":"@iengenharia","twitter_misc":{"Escrito por":"Isabel","Est. tempo de leitura":"6 minutos"},"schema":{"@context":"https:\/\/schema.org","@graph":[{"@type":"Article","@id":"https:\/\/www.institutodeengenharia.org.br\/site\/2025\/10\/15\/palestra-do-prof-paulo-artaxo-no-gt-bioeconomia-nacional\/#article","isPartOf":{"@id":"https:\/\/www.institutodeengenharia.org.br\/site\/2025\/10\/15\/palestra-do-prof-paulo-artaxo-no-gt-bioeconomia-nacional\/"},"author":{"name":"Isabel","@id":"https:\/\/www.institutodeengenharia.org.br\/site\/#\/schema\/person\/593dc356630173a4877a635d3e5fd76b"},"headline":"Palestra do Prof. Paulo Artaxo no GT Bioeconomia Nacional","datePublished":"2025-10-15T14:10:44+00:00","dateModified":"2025-10-16T13:51:30+00:00","mainEntityOfPage":{"@id":"https:\/\/www.institutodeengenharia.org.br\/site\/2025\/10\/15\/palestra-do-prof-paulo-artaxo-no-gt-bioeconomia-nacional\/"},"wordCount":791,"commentCount":0,"publisher":{"@id":"https:\/\/www.institutodeengenharia.org.br\/site\/#organization"},"image":{"@id":"https:\/\/www.institutodeengenharia.org.br\/site\/2025\/10\/15\/palestra-do-prof-paulo-artaxo-no-gt-bioeconomia-nacional\/#primaryimage"},"thumbnailUrl":"https:\/\/www.institutodeengenharia.org.br\/site\/wp-content\/uploads\/2025\/10\/artaxo.png","articleSection":["Amaz\u00f4nia e Bioeconomia","Instituto de Engenharia","Not\u00edcias"],"inLanguage":"pt-BR","potentialAction":[{"@type":"CommentAction","name":"Comment","target":["https:\/\/www.institutodeengenharia.org.br\/site\/2025\/10\/15\/palestra-do-prof-paulo-artaxo-no-gt-bioeconomia-nacional\/#respond"]}]},{"@type":"WebPage","@id":"https:\/\/www.institutodeengenharia.org.br\/site\/2025\/10\/15\/palestra-do-prof-paulo-artaxo-no-gt-bioeconomia-nacional\/","url":"https:\/\/www.institutodeengenharia.org.br\/site\/2025\/10\/15\/palestra-do-prof-paulo-artaxo-no-gt-bioeconomia-nacional\/","name":"Palestra do Prof. Paulo Artaxo no GT Bioeconomia Nacional - Instituto de Engenharia","isPartOf":{"@id":"https:\/\/www.institutodeengenharia.org.br\/site\/#website"},"primaryImageOfPage":{"@id":"https:\/\/www.institutodeengenharia.org.br\/site\/2025\/10\/15\/palestra-do-prof-paulo-artaxo-no-gt-bioeconomia-nacional\/#primaryimage"},"image":{"@id":"https:\/\/www.institutodeengenharia.org.br\/site\/2025\/10\/15\/palestra-do-prof-paulo-artaxo-no-gt-bioeconomia-nacional\/#primaryimage"},"thumbnailUrl":"https:\/\/www.institutodeengenharia.org.br\/site\/wp-content\/uploads\/2025\/10\/artaxo.png","datePublished":"2025-10-15T14:10:44+00:00","dateModified":"2025-10-16T13:51:30+00:00","breadcrumb":{"@id":"https:\/\/www.institutodeengenharia.org.br\/site\/2025\/10\/15\/palestra-do-prof-paulo-artaxo-no-gt-bioeconomia-nacional\/#breadcrumb"},"inLanguage":"pt-BR","potentialAction":[{"@type":"ReadAction","target":["https:\/\/www.institutodeengenharia.org.br\/site\/2025\/10\/15\/palestra-do-prof-paulo-artaxo-no-gt-bioeconomia-nacional\/"]}]},{"@type":"ImageObject","inLanguage":"pt-BR","@id":"https:\/\/www.institutodeengenharia.org.br\/site\/2025\/10\/15\/palestra-do-prof-paulo-artaxo-no-gt-bioeconomia-nacional\/#primaryimage","url":"https:\/\/www.institutodeengenharia.org.br\/site\/wp-content\/uploads\/2025\/10\/artaxo.png","contentUrl":"https:\/\/www.institutodeengenharia.org.br\/site\/wp-content\/uploads\/2025\/10\/artaxo.png","width":366,"height":361},{"@type":"BreadcrumbList","@id":"https:\/\/www.institutodeengenharia.org.br\/site\/2025\/10\/15\/palestra-do-prof-paulo-artaxo-no-gt-bioeconomia-nacional\/#breadcrumb","itemListElement":[{"@type":"ListItem","position":1,"name":"In\u00edcio","item":"https:\/\/www.institutodeengenharia.org.br\/site\/"},{"@type":"ListItem","position":2,"name":"Palestra do Prof. Paulo Artaxo no GT Bioeconomia Nacional"}]},{"@type":"WebSite","@id":"https:\/\/www.institutodeengenharia.org.br\/site\/#website","url":"https:\/\/www.institutodeengenharia.org.br\/site\/","name":"Instituto de Engenharia","description":"O Instituto de Engenharia promove a Engenharia em benef\u00edcio do desenvolvimento e da qualidade de vida da sociedade.","publisher":{"@id":"https:\/\/www.institutodeengenharia.org.br\/site\/#organization"},"potentialAction":[{"@type":"SearchAction","target":{"@type":"EntryPoint","urlTemplate":"https:\/\/www.institutodeengenharia.org.br\/site\/?s={search_term_string}"},"query-input":{"@type":"PropertyValueSpecification","valueRequired":true,"valueName":"search_term_string"}}],"inLanguage":"pt-BR"},{"@type":"Organization","@id":"https:\/\/www.institutodeengenharia.org.br\/site\/#organization","name":"Instituto de Engenharia","url":"https:\/\/www.institutodeengenharia.org.br\/site\/","logo":{"@type":"ImageObject","inLanguage":"pt-BR","@id":"https:\/\/www.institutodeengenharia.org.br\/site\/#\/schema\/logo\/image\/","url":"https:\/\/www.institutodeengenharia.org.br\/site\/wp-content\/uploads\/2019\/03\/logo-novo-IE2018-1.jpg","contentUrl":"https:\/\/www.institutodeengenharia.org.br\/site\/wp-content\/uploads\/2019\/03\/logo-novo-IE2018-1.jpg","width":1486,"height":1879,"caption":"Instituto de Engenharia"},"image":{"@id":"https:\/\/www.institutodeengenharia.org.br\/site\/#\/schema\/logo\/image\/"},"sameAs":["https:\/\/www.facebook.com\/institutodeengenharia","https:\/\/x.com\/iengenharia","https:\/\/www.instagram.com\/institutodeengenharia\/","https:\/\/www.linkedin.com\/company\/instituto-de-engenharia\/","https:\/\/www.youtube.com\/channel\/UCXiCAlsSMe977vamW915HxA"]},{"@type":"Person","@id":"https:\/\/www.institutodeengenharia.org.br\/site\/#\/schema\/person\/593dc356630173a4877a635d3e5fd76b","name":"Isabel","image":{"@type":"ImageObject","inLanguage":"pt-BR","@id":"https:\/\/secure.gravatar.com\/avatar\/f3c521db63ec9db17894f10a88c6a3cf95b2281d7f80eeb3cf3ef1cb091576e7?s=96&d=mm&r=g","url":"https:\/\/secure.gravatar.com\/avatar\/f3c521db63ec9db17894f10a88c6a3cf95b2281d7f80eeb3cf3ef1cb091576e7?s=96&d=mm&r=g","contentUrl":"https:\/\/secure.gravatar.com\/avatar\/f3c521db63ec9db17894f10a88c6a3cf95b2281d7f80eeb3cf3ef1cb091576e7?s=96&d=mm&r=g","caption":"Isabel"},"url":"https:\/\/www.institutodeengenharia.org.br\/site\/author\/comunicacao2\/"}]}},"_links":{"self":[{"href":"https:\/\/www.institutodeengenharia.org.br\/site\/wp-json\/wp\/v2\/posts\/133681","targetHints":{"allow":["GET"]}}],"collection":[{"href":"https:\/\/www.institutodeengenharia.org.br\/site\/wp-json\/wp\/v2\/posts"}],"about":[{"href":"https:\/\/www.institutodeengenharia.org.br\/site\/wp-json\/wp\/v2\/types\/post"}],"author":[{"embeddable":true,"href":"https:\/\/www.institutodeengenharia.org.br\/site\/wp-json\/wp\/v2\/users\/14"}],"replies":[{"embeddable":true,"href":"https:\/\/www.institutodeengenharia.org.br\/site\/wp-json\/wp\/v2\/comments?post=133681"}],"version-history":[{"count":2,"href":"https:\/\/www.institutodeengenharia.org.br\/site\/wp-json\/wp\/v2\/posts\/133681\/revisions"}],"predecessor-version":[{"id":133713,"href":"https:\/\/www.institutodeengenharia.org.br\/site\/wp-json\/wp\/v2\/posts\/133681\/revisions\/133713"}],"wp:featuredmedia":[{"embeddable":true,"href":"https:\/\/www.institutodeengenharia.org.br\/site\/wp-json\/wp\/v2\/media\/133686"}],"wp:attachment":[{"href":"https:\/\/www.institutodeengenharia.org.br\/site\/wp-json\/wp\/v2\/media?parent=133681"}],"wp:term":[{"taxonomy":"category","embeddable":true,"href":"https:\/\/www.institutodeengenharia.org.br\/site\/wp-json\/wp\/v2\/categories?post=133681"},{"taxonomy":"post_tag","embeddable":true,"href":"https:\/\/www.institutodeengenharia.org.br\/site\/wp-json\/wp\/v2\/tags?post=133681"}],"curies":[{"name":"wp","href":"https:\/\/api.w.org\/{rel}","templated":true}]}}