{"id":133637,"date":"2025-10-14T11:59:01","date_gmt":"2025-10-14T14:59:01","guid":{"rendered":"https:\/\/www.institutodeengenharia.org.br\/site\/?p=133637"},"modified":"2025-10-14T12:29:01","modified_gmt":"2025-10-14T15:29:01","slug":"instituto-de-engenharia-celebra-seus-109-anos-homenageando-mariangela-hungria","status":"publish","type":"post","link":"https:\/\/www.institutodeengenharia.org.br\/site\/2025\/10\/14\/instituto-de-engenharia-celebra-seus-109-anos-homenageando-mariangela-hungria\/","title":{"rendered":"Instituto de Engenharia celebra seus 109 anos homenageando Mariangela Hungria"},"content":{"rendered":"<p>Neste 13 de outubro, o Instituto de Engenharia comemorou, em sua sede, mais um ano de atividades e, como tradi\u00e7\u00e3o, a data foi lembrada homenageando um profissional que tenha se destacado e contribu\u00eddo com o desenvolvimento da Engenharia Nacional, concedendo o t\u00edtulo de Eminente Engenheiro do Ano.<\/p>\n<p>Pela terceira vez a homenageada foi uma mulher: a engenheira Agr\u00f4noma Mariangela Hungria.<\/p>\n<p>Com a presen\u00e7a do presidente do Conselho Consultivo, Alfredo Mario Savelli, a cerim\u00f4nia foi aberta pelo presidente do Instituto de Engenharia, Jos\u00e9 Eduardo Jardim, que destacou a trajet\u00f3ria de sucessivas gera\u00e7\u00f5es de engenheiros, que v\u00eam trabalhando voluntariamente na Casa em prol da Engenharia do estado e do Brasil. \u201cCom dedica\u00e7\u00e3o, esses profissionais t\u00eam unido esfor\u00e7os, superado desafios e garantido o funcionamento desta entidade, que se consolidou como disseminadora de conhecimento, promotora de discuss\u00f5es t\u00e9cnicas, articuladora de solu\u00e7\u00f5es e, sobretudo, sempre isenta\u201d, disse.<\/p>\n<p>Jardim refor\u00e7ou a for\u00e7a da mulher na Engenharia e, tamb\u00e9m, seu protagonismo cada vez maior dentro de todas as \u00e1reas de atua\u00e7\u00e3o dessa entidade centen\u00e1ria.<\/p>\n<p>\u201cTemos orgulho de ter em nossa diretoria, conselhos e corpo t\u00e9cnico profissionais brilhantes. O que antes era uma entidade majoritariamente masculina, vem se transformando, com a presen\u00e7a cada vez mais expressiva de engenheiras, que contribuem ativamente nos debates, nos estudos, nas a\u00e7\u00f5es externas e nas decis\u00f5es que escrevem os cap\u00edtulos da nossa hist\u00f3ria\u201d, ressaltou.<\/p>\n<p>Ao final, salientou a dedica\u00e7\u00e3o de Mariangela \u00e0 ci\u00eancia e \u00e0 Engenharia brasileira, lembrando do Pr\u00eamio Mundial de Alimenta\u00e7\u00e3o \u2013World Food Prize\u2013 reconhecido como \u201cNobel\u201d da Agricultura, que ela receber\u00e1 no pr\u00f3ximo dia 23, nos EUA.<\/p>\n<p>Na sequ\u00eancia, Jo\u00e3o Carlos de Souza Meirelles, ex-secret\u00e1rio de governo, fez a sauda\u00e7\u00e3o \u00e0 homenageada. Meirelles, como Eminente Engenheiro do Ano 1999, foi consultado pela comiss\u00e3o de escolha sobre o nome de Mariangela Hungria \u00e0 premia\u00e7\u00e3o e, para surpresa de todos, Meirelles revelou que Mariangela \u00e9 sua sobrinha. \u201cDesde pequena, ela j\u00e1 mostrou sua voca\u00e7\u00e3o e sua preocupa\u00e7\u00e3o em fazer algo para combater a fome no mundo e dedicou brilhantemente sua vida a isso\u201d, lembrou Meirelles.<\/p>\n<figure id=\"attachment_133645\" aria-describedby=\"caption-attachment-133645\" style=\"width: 492px\" class=\"wp-caption aligncenter\"><img loading=\"lazy\" decoding=\"async\" class=\" wp-image-133645\" src=\"https:\/\/www.institutodeengenharia.org.br\/site\/wp-content\/uploads\/2025\/10\/54854626578_a86eb41950_c-300x200.jpg\" alt=\"\" width=\"492\" height=\"328\" srcset=\"https:\/\/www.institutodeengenharia.org.br\/site\/wp-content\/uploads\/2025\/10\/54854626578_a86eb41950_c-300x200.jpg 300w, https:\/\/www.institutodeengenharia.org.br\/site\/wp-content\/uploads\/2025\/10\/54854626578_a86eb41950_c-768x512.jpg 768w, https:\/\/www.institutodeengenharia.org.br\/site\/wp-content\/uploads\/2025\/10\/54854626578_a86eb41950_c-630x420.jpg 630w, https:\/\/www.institutodeengenharia.org.br\/site\/wp-content\/uploads\/2025\/10\/54854626578_a86eb41950_c-696x464.jpg 696w, https:\/\/www.institutodeengenharia.org.br\/site\/wp-content\/uploads\/2025\/10\/54854626578_a86eb41950_c-600x400.jpg 600w, https:\/\/www.institutodeengenharia.org.br\/site\/wp-content\/uploads\/2025\/10\/54854626578_a86eb41950_c.jpg 799w\" sizes=\"auto, (max-width: 492px) 100vw, 492px\" \/><figcaption id=\"caption-attachment-133645\" class=\"wp-caption-text\">Da esq. p\/ dir.: Jos\u00e9 Eduardo Jardim, Mariangela Hungria, Miriana Marques, Alfredo Savelli, e Jo\u00e3o Carlos Meilrelles<\/figcaption><\/figure>\n<p>Ap\u00f3s receber a l\u00e1urea do presidente do Instituto de Engenharia, Jos\u00e9 Eduardo Jardim, Mariangela Hungria, em seu discurso, destacou a import\u00e2ncia de sua m\u00e3e e av\u00f3, professoras, em sua vida acad\u00eamica e profissional, sempre a incentivando.<\/p>\n<p>Ela lembrou de sua persist\u00eancia em se dedicar \u00e0 \u00e1rea de pesquisa em microbiologia, ao desenvolvimento de insumos biol\u00f3gicos para agricultura, quando todos achavam que ela colocaria a carreira em risco com isso.<\/p>\n<p>Mariangela tamb\u00e9m lembrou da for\u00e7a da mulher na agricultura que, com seu olhar diferenciado, se preocupa al\u00e9m da produ\u00e7\u00e3o, com foco nos detalhes e na qualidade do solo e dos alimentos.<\/p>\n<p>Ao final, a vice-presidente de Administra\u00e7\u00e3o e Finan\u00e7as, Miriana Marques, entregou um buqu\u00ea de flores \u00e0 homenageada em nome de todas as engenheiras.<\/p>\n<p>A cerim\u00f4nia contou com a presen\u00e7a da diretoria executiva do Instituto de Engenharia, Eminentes Engenheiros, ex-presidentes, diversas autoridades, associados e convidados.<\/p>\n<p><strong><a href=\"https:\/\/www.flickr.com\/photos\/157391345@N08\/albums\/72177720329688949\">Clique aqui<\/a> e confira as imagens do evento.\u00a0<\/strong><\/p>\n<p>&nbsp;<\/p>\n","protected":false},"excerpt":{"rendered":"<p>Neste 13 de outubro, o Instituto de Engenharia comemorou, em sua sede, mais um ano de atividades e, como tradi\u00e7\u00e3o, a data foi lembrada homenageando um profissional que tenha se destacado e contribu\u00eddo com o desenvolvimento da Engenharia Nacional, concedendo o t\u00edtulo de Eminente Engenheiro do Ano. Pela terceira vez a homenageada foi uma mulher: [&hellip;]<\/p>\n","protected":false},"author":14,"featured_media":133648,"comment_status":"open","ping_status":"open","sticky":false,"template":"","format":"standard","meta":{"footnotes":""},"categories":[27,141],"tags":[],"class_list":{"0":"post-133637","1":"post","2":"type-post","3":"status-publish","4":"format-standard","5":"has-post-thumbnail","7":"category-instituto-de-engenharia","8":"category-noticias-menu"},"yoast_head":"<!-- This site is optimized with the Yoast SEO plugin v27.2 - https:\/\/yoast.com\/product\/yoast-seo-wordpress\/ -->\n<title>Instituto de Engenharia celebra seus 109 anos homenageando Mariangela Hungria - Instituto de Engenharia<\/title>\n<meta name=\"robots\" content=\"index, follow, max-snippet:-1, max-image-preview:large, max-video-preview:-1\" \/>\n<link rel=\"canonical\" href=\"https:\/\/www.institutodeengenharia.org.br\/site\/2025\/10\/14\/instituto-de-engenharia-celebra-seus-109-anos-homenageando-mariangela-hungria\/\" \/>\n<meta property=\"og:locale\" content=\"pt_BR\" \/>\n<meta property=\"og:type\" content=\"article\" \/>\n<meta property=\"og:title\" content=\"Instituto de Engenharia celebra seus 109 anos homenageando Mariangela Hungria - Instituto de Engenharia\" \/>\n<meta property=\"og:description\" content=\"Neste 13 de outubro, o Instituto de Engenharia comemorou, em sua sede, mais um ano de atividades e, como tradi\u00e7\u00e3o, a data foi lembrada homenageando um profissional que tenha se destacado e contribu\u00eddo com o desenvolvimento da Engenharia Nacional, concedendo o t\u00edtulo de Eminente Engenheiro do Ano. Pela terceira vez a homenageada foi uma mulher: [&hellip;]\" \/>\n<meta property=\"og:url\" content=\"https:\/\/www.institutodeengenharia.org.br\/site\/2025\/10\/14\/instituto-de-engenharia-celebra-seus-109-anos-homenageando-mariangela-hungria\/\" \/>\n<meta property=\"og:site_name\" content=\"Instituto de Engenharia\" \/>\n<meta property=\"article:publisher\" content=\"https:\/\/www.facebook.com\/institutodeengenharia\" \/>\n<meta property=\"article:published_time\" content=\"2025-10-14T14:59:01+00:00\" \/>\n<meta property=\"article:modified_time\" content=\"2025-10-14T15:29:01+00:00\" \/>\n<meta property=\"og:image\" content=\"https:\/\/www.institutodeengenharia.org.br\/site\/wp-content\/uploads\/2025\/10\/54854648808_954c8f56fd_c.jpg\" \/>\n\t<meta property=\"og:image:width\" content=\"800\" \/>\n\t<meta property=\"og:image:height\" content=\"534\" \/>\n\t<meta property=\"og:image:type\" content=\"image\/jpeg\" \/>\n<meta name=\"author\" content=\"Isabel\" \/>\n<meta name=\"twitter:card\" content=\"summary_large_image\" \/>\n<meta name=\"twitter:creator\" content=\"@iengenharia\" \/>\n<meta name=\"twitter:site\" content=\"@iengenharia\" \/>\n<meta name=\"twitter:label1\" content=\"Escrito por\" \/>\n\t<meta name=\"twitter:data1\" content=\"Isabel\" \/>\n\t<meta name=\"twitter:label2\" content=\"Est. tempo de leitura\" \/>\n\t<meta name=\"twitter:data2\" content=\"4 minutos\" \/>\n<script type=\"application\/ld+json\" class=\"yoast-schema-graph\">{\"@context\":\"https:\/\/schema.org\",\"@graph\":[{\"@type\":\"Article\",\"@id\":\"https:\/\/www.institutodeengenharia.org.br\/site\/2025\/10\/14\/instituto-de-engenharia-celebra-seus-109-anos-homenageando-mariangela-hungria\/#article\",\"isPartOf\":{\"@id\":\"https:\/\/www.institutodeengenharia.org.br\/site\/2025\/10\/14\/instituto-de-engenharia-celebra-seus-109-anos-homenageando-mariangela-hungria\/\"},\"author\":{\"name\":\"Isabel\",\"@id\":\"https:\/\/www.institutodeengenharia.org.br\/site\/#\/schema\/person\/593dc356630173a4877a635d3e5fd76b\"},\"headline\":\"Instituto de Engenharia celebra seus 109 anos homenageando Mariangela Hungria\",\"datePublished\":\"2025-10-14T14:59:01+00:00\",\"dateModified\":\"2025-10-14T15:29:01+00:00\",\"mainEntityOfPage\":{\"@id\":\"https:\/\/www.institutodeengenharia.org.br\/site\/2025\/10\/14\/instituto-de-engenharia-celebra-seus-109-anos-homenageando-mariangela-hungria\/\"},\"wordCount\":564,\"commentCount\":0,\"publisher\":{\"@id\":\"https:\/\/www.institutodeengenharia.org.br\/site\/#organization\"},\"image\":{\"@id\":\"https:\/\/www.institutodeengenharia.org.br\/site\/2025\/10\/14\/instituto-de-engenharia-celebra-seus-109-anos-homenageando-mariangela-hungria\/#primaryimage\"},\"thumbnailUrl\":\"https:\/\/www.institutodeengenharia.org.br\/site\/wp-content\/uploads\/2025\/10\/54854648808_954c8f56fd_c.jpg\",\"articleSection\":[\"Instituto de Engenharia\",\"Not\u00edcias\"],\"inLanguage\":\"pt-BR\",\"potentialAction\":[{\"@type\":\"CommentAction\",\"name\":\"Comment\",\"target\":[\"https:\/\/www.institutodeengenharia.org.br\/site\/2025\/10\/14\/instituto-de-engenharia-celebra-seus-109-anos-homenageando-mariangela-hungria\/#respond\"]}]},{\"@type\":\"WebPage\",\"@id\":\"https:\/\/www.institutodeengenharia.org.br\/site\/2025\/10\/14\/instituto-de-engenharia-celebra-seus-109-anos-homenageando-mariangela-hungria\/\",\"url\":\"https:\/\/www.institutodeengenharia.org.br\/site\/2025\/10\/14\/instituto-de-engenharia-celebra-seus-109-anos-homenageando-mariangela-hungria\/\",\"name\":\"Instituto de Engenharia celebra seus 109 anos homenageando Mariangela Hungria - Instituto de Engenharia\",\"isPartOf\":{\"@id\":\"https:\/\/www.institutodeengenharia.org.br\/site\/#website\"},\"primaryImageOfPage\":{\"@id\":\"https:\/\/www.institutodeengenharia.org.br\/site\/2025\/10\/14\/instituto-de-engenharia-celebra-seus-109-anos-homenageando-mariangela-hungria\/#primaryimage\"},\"image\":{\"@id\":\"https:\/\/www.institutodeengenharia.org.br\/site\/2025\/10\/14\/instituto-de-engenharia-celebra-seus-109-anos-homenageando-mariangela-hungria\/#primaryimage\"},\"thumbnailUrl\":\"https:\/\/www.institutodeengenharia.org.br\/site\/wp-content\/uploads\/2025\/10\/54854648808_954c8f56fd_c.jpg\",\"datePublished\":\"2025-10-14T14:59:01+00:00\",\"dateModified\":\"2025-10-14T15:29:01+00:00\",\"breadcrumb\":{\"@id\":\"https:\/\/www.institutodeengenharia.org.br\/site\/2025\/10\/14\/instituto-de-engenharia-celebra-seus-109-anos-homenageando-mariangela-hungria\/#breadcrumb\"},\"inLanguage\":\"pt-BR\",\"potentialAction\":[{\"@type\":\"ReadAction\",\"target\":[\"https:\/\/www.institutodeengenharia.org.br\/site\/2025\/10\/14\/instituto-de-engenharia-celebra-seus-109-anos-homenageando-mariangela-hungria\/\"]}]},{\"@type\":\"ImageObject\",\"inLanguage\":\"pt-BR\",\"@id\":\"https:\/\/www.institutodeengenharia.org.br\/site\/2025\/10\/14\/instituto-de-engenharia-celebra-seus-109-anos-homenageando-mariangela-hungria\/#primaryimage\",\"url\":\"https:\/\/www.institutodeengenharia.org.br\/site\/wp-content\/uploads\/2025\/10\/54854648808_954c8f56fd_c.jpg\",\"contentUrl\":\"https:\/\/www.institutodeengenharia.org.br\/site\/wp-content\/uploads\/2025\/10\/54854648808_954c8f56fd_c.jpg\",\"width\":800,\"height\":534},{\"@type\":\"BreadcrumbList\",\"@id\":\"https:\/\/www.institutodeengenharia.org.br\/site\/2025\/10\/14\/instituto-de-engenharia-celebra-seus-109-anos-homenageando-mariangela-hungria\/#breadcrumb\",\"itemListElement\":[{\"@type\":\"ListItem\",\"position\":1,\"name\":\"In\u00edcio\",\"item\":\"https:\/\/www.institutodeengenharia.org.br\/site\/\"},{\"@type\":\"ListItem\",\"position\":2,\"name\":\"Instituto de Engenharia celebra seus 109 anos homenageando Mariangela Hungria\"}]},{\"@type\":\"WebSite\",\"@id\":\"https:\/\/www.institutodeengenharia.org.br\/site\/#website\",\"url\":\"https:\/\/www.institutodeengenharia.org.br\/site\/\",\"name\":\"Instituto de Engenharia\",\"description\":\"O Instituto de Engenharia promove a Engenharia em benef\u00edcio do desenvolvimento e da qualidade de vida da sociedade.\",\"publisher\":{\"@id\":\"https:\/\/www.institutodeengenharia.org.br\/site\/#organization\"},\"potentialAction\":[{\"@type\":\"SearchAction\",\"target\":{\"@type\":\"EntryPoint\",\"urlTemplate\":\"https:\/\/www.institutodeengenharia.org.br\/site\/?s={search_term_string}\"},\"query-input\":{\"@type\":\"PropertyValueSpecification\",\"valueRequired\":true,\"valueName\":\"search_term_string\"}}],\"inLanguage\":\"pt-BR\"},{\"@type\":\"Organization\",\"@id\":\"https:\/\/www.institutodeengenharia.org.br\/site\/#organization\",\"name\":\"Instituto de Engenharia\",\"url\":\"https:\/\/www.institutodeengenharia.org.br\/site\/\",\"logo\":{\"@type\":\"ImageObject\",\"inLanguage\":\"pt-BR\",\"@id\":\"https:\/\/www.institutodeengenharia.org.br\/site\/#\/schema\/logo\/image\/\",\"url\":\"https:\/\/www.institutodeengenharia.org.br\/site\/wp-content\/uploads\/2019\/03\/logo-novo-IE2018-1.jpg\",\"contentUrl\":\"https:\/\/www.institutodeengenharia.org.br\/site\/wp-content\/uploads\/2019\/03\/logo-novo-IE2018-1.jpg\",\"width\":1486,\"height\":1879,\"caption\":\"Instituto de Engenharia\"},\"image\":{\"@id\":\"https:\/\/www.institutodeengenharia.org.br\/site\/#\/schema\/logo\/image\/\"},\"sameAs\":[\"https:\/\/www.facebook.com\/institutodeengenharia\",\"https:\/\/x.com\/iengenharia\",\"https:\/\/www.instagram.com\/institutodeengenharia\/\",\"https:\/\/www.linkedin.com\/company\/instituto-de-engenharia\/\",\"https:\/\/www.youtube.com\/channel\/UCXiCAlsSMe977vamW915HxA\"]},{\"@type\":\"Person\",\"@id\":\"https:\/\/www.institutodeengenharia.org.br\/site\/#\/schema\/person\/593dc356630173a4877a635d3e5fd76b\",\"name\":\"Isabel\",\"image\":{\"@type\":\"ImageObject\",\"inLanguage\":\"pt-BR\",\"@id\":\"https:\/\/secure.gravatar.com\/avatar\/f3c521db63ec9db17894f10a88c6a3cf95b2281d7f80eeb3cf3ef1cb091576e7?s=96&d=mm&r=g\",\"url\":\"https:\/\/secure.gravatar.com\/avatar\/f3c521db63ec9db17894f10a88c6a3cf95b2281d7f80eeb3cf3ef1cb091576e7?s=96&d=mm&r=g\",\"contentUrl\":\"https:\/\/secure.gravatar.com\/avatar\/f3c521db63ec9db17894f10a88c6a3cf95b2281d7f80eeb3cf3ef1cb091576e7?s=96&d=mm&r=g\",\"caption\":\"Isabel\"},\"url\":\"https:\/\/www.institutodeengenharia.org.br\/site\/author\/comunicacao2\/\"}]}<\/script>\n<!-- \/ Yoast SEO plugin. -->","yoast_head_json":{"title":"Instituto de Engenharia celebra seus 109 anos homenageando Mariangela Hungria - Instituto de Engenharia","robots":{"index":"index","follow":"follow","max-snippet":"max-snippet:-1","max-image-preview":"max-image-preview:large","max-video-preview":"max-video-preview:-1"},"canonical":"https:\/\/www.institutodeengenharia.org.br\/site\/2025\/10\/14\/instituto-de-engenharia-celebra-seus-109-anos-homenageando-mariangela-hungria\/","og_locale":"pt_BR","og_type":"article","og_title":"Instituto de Engenharia celebra seus 109 anos homenageando Mariangela Hungria - Instituto de Engenharia","og_description":"Neste 13 de outubro, o Instituto de Engenharia comemorou, em sua sede, mais um ano de atividades e, como tradi\u00e7\u00e3o, a data foi lembrada homenageando um profissional que tenha se destacado e contribu\u00eddo com o desenvolvimento da Engenharia Nacional, concedendo o t\u00edtulo de Eminente Engenheiro do Ano. Pela terceira vez a homenageada foi uma mulher: [&hellip;]","og_url":"https:\/\/www.institutodeengenharia.org.br\/site\/2025\/10\/14\/instituto-de-engenharia-celebra-seus-109-anos-homenageando-mariangela-hungria\/","og_site_name":"Instituto de Engenharia","article_publisher":"https:\/\/www.facebook.com\/institutodeengenharia","article_published_time":"2025-10-14T14:59:01+00:00","article_modified_time":"2025-10-14T15:29:01+00:00","og_image":[{"width":800,"height":534,"url":"https:\/\/www.institutodeengenharia.org.br\/site\/wp-content\/uploads\/2025\/10\/54854648808_954c8f56fd_c.jpg","type":"image\/jpeg"}],"author":"Isabel","twitter_card":"summary_large_image","twitter_creator":"@iengenharia","twitter_site":"@iengenharia","twitter_misc":{"Escrito por":"Isabel","Est. tempo de leitura":"4 minutos"},"schema":{"@context":"https:\/\/schema.org","@graph":[{"@type":"Article","@id":"https:\/\/www.institutodeengenharia.org.br\/site\/2025\/10\/14\/instituto-de-engenharia-celebra-seus-109-anos-homenageando-mariangela-hungria\/#article","isPartOf":{"@id":"https:\/\/www.institutodeengenharia.org.br\/site\/2025\/10\/14\/instituto-de-engenharia-celebra-seus-109-anos-homenageando-mariangela-hungria\/"},"author":{"name":"Isabel","@id":"https:\/\/www.institutodeengenharia.org.br\/site\/#\/schema\/person\/593dc356630173a4877a635d3e5fd76b"},"headline":"Instituto de Engenharia celebra seus 109 anos homenageando Mariangela Hungria","datePublished":"2025-10-14T14:59:01+00:00","dateModified":"2025-10-14T15:29:01+00:00","mainEntityOfPage":{"@id":"https:\/\/www.institutodeengenharia.org.br\/site\/2025\/10\/14\/instituto-de-engenharia-celebra-seus-109-anos-homenageando-mariangela-hungria\/"},"wordCount":564,"commentCount":0,"publisher":{"@id":"https:\/\/www.institutodeengenharia.org.br\/site\/#organization"},"image":{"@id":"https:\/\/www.institutodeengenharia.org.br\/site\/2025\/10\/14\/instituto-de-engenharia-celebra-seus-109-anos-homenageando-mariangela-hungria\/#primaryimage"},"thumbnailUrl":"https:\/\/www.institutodeengenharia.org.br\/site\/wp-content\/uploads\/2025\/10\/54854648808_954c8f56fd_c.jpg","articleSection":["Instituto de Engenharia","Not\u00edcias"],"inLanguage":"pt-BR","potentialAction":[{"@type":"CommentAction","name":"Comment","target":["https:\/\/www.institutodeengenharia.org.br\/site\/2025\/10\/14\/instituto-de-engenharia-celebra-seus-109-anos-homenageando-mariangela-hungria\/#respond"]}]},{"@type":"WebPage","@id":"https:\/\/www.institutodeengenharia.org.br\/site\/2025\/10\/14\/instituto-de-engenharia-celebra-seus-109-anos-homenageando-mariangela-hungria\/","url":"https:\/\/www.institutodeengenharia.org.br\/site\/2025\/10\/14\/instituto-de-engenharia-celebra-seus-109-anos-homenageando-mariangela-hungria\/","name":"Instituto de Engenharia celebra seus 109 anos homenageando Mariangela Hungria - Instituto de Engenharia","isPartOf":{"@id":"https:\/\/www.institutodeengenharia.org.br\/site\/#website"},"primaryImageOfPage":{"@id":"https:\/\/www.institutodeengenharia.org.br\/site\/2025\/10\/14\/instituto-de-engenharia-celebra-seus-109-anos-homenageando-mariangela-hungria\/#primaryimage"},"image":{"@id":"https:\/\/www.institutodeengenharia.org.br\/site\/2025\/10\/14\/instituto-de-engenharia-celebra-seus-109-anos-homenageando-mariangela-hungria\/#primaryimage"},"thumbnailUrl":"https:\/\/www.institutodeengenharia.org.br\/site\/wp-content\/uploads\/2025\/10\/54854648808_954c8f56fd_c.jpg","datePublished":"2025-10-14T14:59:01+00:00","dateModified":"2025-10-14T15:29:01+00:00","breadcrumb":{"@id":"https:\/\/www.institutodeengenharia.org.br\/site\/2025\/10\/14\/instituto-de-engenharia-celebra-seus-109-anos-homenageando-mariangela-hungria\/#breadcrumb"},"inLanguage":"pt-BR","potentialAction":[{"@type":"ReadAction","target":["https:\/\/www.institutodeengenharia.org.br\/site\/2025\/10\/14\/instituto-de-engenharia-celebra-seus-109-anos-homenageando-mariangela-hungria\/"]}]},{"@type":"ImageObject","inLanguage":"pt-BR","@id":"https:\/\/www.institutodeengenharia.org.br\/site\/2025\/10\/14\/instituto-de-engenharia-celebra-seus-109-anos-homenageando-mariangela-hungria\/#primaryimage","url":"https:\/\/www.institutodeengenharia.org.br\/site\/wp-content\/uploads\/2025\/10\/54854648808_954c8f56fd_c.jpg","contentUrl":"https:\/\/www.institutodeengenharia.org.br\/site\/wp-content\/uploads\/2025\/10\/54854648808_954c8f56fd_c.jpg","width":800,"height":534},{"@type":"BreadcrumbList","@id":"https:\/\/www.institutodeengenharia.org.br\/site\/2025\/10\/14\/instituto-de-engenharia-celebra-seus-109-anos-homenageando-mariangela-hungria\/#breadcrumb","itemListElement":[{"@type":"ListItem","position":1,"name":"In\u00edcio","item":"https:\/\/www.institutodeengenharia.org.br\/site\/"},{"@type":"ListItem","position":2,"name":"Instituto de Engenharia celebra seus 109 anos homenageando Mariangela Hungria"}]},{"@type":"WebSite","@id":"https:\/\/www.institutodeengenharia.org.br\/site\/#website","url":"https:\/\/www.institutodeengenharia.org.br\/site\/","name":"Instituto de Engenharia","description":"O Instituto de Engenharia promove a Engenharia em benef\u00edcio do desenvolvimento e da qualidade de vida da sociedade.","publisher":{"@id":"https:\/\/www.institutodeengenharia.org.br\/site\/#organization"},"potentialAction":[{"@type":"SearchAction","target":{"@type":"EntryPoint","urlTemplate":"https:\/\/www.institutodeengenharia.org.br\/site\/?s={search_term_string}"},"query-input":{"@type":"PropertyValueSpecification","valueRequired":true,"valueName":"search_term_string"}}],"inLanguage":"pt-BR"},{"@type":"Organization","@id":"https:\/\/www.institutodeengenharia.org.br\/site\/#organization","name":"Instituto de Engenharia","url":"https:\/\/www.institutodeengenharia.org.br\/site\/","logo":{"@type":"ImageObject","inLanguage":"pt-BR","@id":"https:\/\/www.institutodeengenharia.org.br\/site\/#\/schema\/logo\/image\/","url":"https:\/\/www.institutodeengenharia.org.br\/site\/wp-content\/uploads\/2019\/03\/logo-novo-IE2018-1.jpg","contentUrl":"https:\/\/www.institutodeengenharia.org.br\/site\/wp-content\/uploads\/2019\/03\/logo-novo-IE2018-1.jpg","width":1486,"height":1879,"caption":"Instituto de Engenharia"},"image":{"@id":"https:\/\/www.institutodeengenharia.org.br\/site\/#\/schema\/logo\/image\/"},"sameAs":["https:\/\/www.facebook.com\/institutodeengenharia","https:\/\/x.com\/iengenharia","https:\/\/www.instagram.com\/institutodeengenharia\/","https:\/\/www.linkedin.com\/company\/instituto-de-engenharia\/","https:\/\/www.youtube.com\/channel\/UCXiCAlsSMe977vamW915HxA"]},{"@type":"Person","@id":"https:\/\/www.institutodeengenharia.org.br\/site\/#\/schema\/person\/593dc356630173a4877a635d3e5fd76b","name":"Isabel","image":{"@type":"ImageObject","inLanguage":"pt-BR","@id":"https:\/\/secure.gravatar.com\/avatar\/f3c521db63ec9db17894f10a88c6a3cf95b2281d7f80eeb3cf3ef1cb091576e7?s=96&d=mm&r=g","url":"https:\/\/secure.gravatar.com\/avatar\/f3c521db63ec9db17894f10a88c6a3cf95b2281d7f80eeb3cf3ef1cb091576e7?s=96&d=mm&r=g","contentUrl":"https:\/\/secure.gravatar.com\/avatar\/f3c521db63ec9db17894f10a88c6a3cf95b2281d7f80eeb3cf3ef1cb091576e7?s=96&d=mm&r=g","caption":"Isabel"},"url":"https:\/\/www.institutodeengenharia.org.br\/site\/author\/comunicacao2\/"}]}},"_links":{"self":[{"href":"https:\/\/www.institutodeengenharia.org.br\/site\/wp-json\/wp\/v2\/posts\/133637","targetHints":{"allow":["GET"]}}],"collection":[{"href":"https:\/\/www.institutodeengenharia.org.br\/site\/wp-json\/wp\/v2\/posts"}],"about":[{"href":"https:\/\/www.institutodeengenharia.org.br\/site\/wp-json\/wp\/v2\/types\/post"}],"author":[{"embeddable":true,"href":"https:\/\/www.institutodeengenharia.org.br\/site\/wp-json\/wp\/v2\/users\/14"}],"replies":[{"embeddable":true,"href":"https:\/\/www.institutodeengenharia.org.br\/site\/wp-json\/wp\/v2\/comments?post=133637"}],"version-history":[{"count":4,"href":"https:\/\/www.institutodeengenharia.org.br\/site\/wp-json\/wp\/v2\/posts\/133637\/revisions"}],"predecessor-version":[{"id":133646,"href":"https:\/\/www.institutodeengenharia.org.br\/site\/wp-json\/wp\/v2\/posts\/133637\/revisions\/133646"}],"wp:featuredmedia":[{"embeddable":true,"href":"https:\/\/www.institutodeengenharia.org.br\/site\/wp-json\/wp\/v2\/media\/133648"}],"wp:attachment":[{"href":"https:\/\/www.institutodeengenharia.org.br\/site\/wp-json\/wp\/v2\/media?parent=133637"}],"wp:term":[{"taxonomy":"category","embeddable":true,"href":"https:\/\/www.institutodeengenharia.org.br\/site\/wp-json\/wp\/v2\/categories?post=133637"},{"taxonomy":"post_tag","embeddable":true,"href":"https:\/\/www.institutodeengenharia.org.br\/site\/wp-json\/wp\/v2\/tags?post=133637"}],"curies":[{"name":"wp","href":"https:\/\/api.w.org\/{rel}","templated":true}]}}