{"id":133479,"date":"2025-09-11T11:41:04","date_gmt":"2025-09-11T14:41:04","guid":{"rendered":"https:\/\/www.institutodeengenharia.org.br\/site\/?p=133479"},"modified":"2025-10-07T11:59:10","modified_gmt":"2025-10-07T14:59:10","slug":"sem-agua-nao-ha-vida-guarapiranga-pede-socorro","status":"publish","type":"post","link":"https:\/\/www.institutodeengenharia.org.br\/site\/2025\/09\/11\/sem-agua-nao-ha-vida-guarapiranga-pede-socorro\/","title":{"rendered":"Sem \u00c1gua N\u00e3o H\u00e1 Vida &#8211; Guarapiranga pede socorro!"},"content":{"rendered":"<p><strong>Assista abaixo \u00e0 grava\u00e7\u00e3o do evento:<\/strong><\/p>\n<div style=\"padding: 56.25% 0 0 0; position: relative;\"><iframe style=\"position: absolute; top: 0; left: 0; width: 100%; height: 100%;\" src=\"https:\/\/vimeo.com\/showcase\/11901068\/embed2\" frameborder=\"0\" allowfullscreen=\"allowfullscreen\"><\/iframe><\/div>\n<p>&nbsp;<\/p>\n<p><strong>+ Informa\u00e7\u00f5es:<\/strong><\/p>\n<p>A \u00e1gua \u00e9 o recurso mais essencial para a sobreviv\u00eancia humana e o equil\u00edbrio ambiental. No entanto, a Represa Guarapiranga, uma das principais fontes de abastecimento da Regi\u00e3o Metropolitana de S\u00e3o Paulo, enfrenta desafios cr\u00edticos que amea\u00e7am sua preserva\u00e7\u00e3o e funcionalidade. Polui\u00e7\u00e3o, ocupa\u00e7\u00f5es irregulares, aus\u00eancia de saneamento b\u00e1sico e o avan\u00e7o da degrada\u00e7\u00e3o ambiental t\u00eam comprometido gravemente sua capacidade de prover \u00e1gua com qualidade para milh\u00f5es de pessoas.<\/p>\n<p>Al\u00e9m disso, os efeitos das mudan\u00e7as clim\u00e1ticas \u2014 como altera\u00e7\u00f5es no regime de chuvas, per\u00edodos prolongados de estiagem e eventos extremos \u2014 imp\u00f5em uma press\u00e3o adicional sobre os mananciais da cidade, tornando ainda mais urgente a ado\u00e7\u00e3o de pol\u00edticas p\u00fablicas eficazes e a\u00e7\u00f5es colaborativas para a conserva\u00e7\u00e3o da Guarapiranga.<\/p>\n<p>Com o tema \u201cSem \u00c1gua N\u00e3o H\u00e1 Vida\u201d, o evento visa promover um debate t\u00e9cnico e multidisciplinar sobre a atual situa\u00e7\u00e3o da represa, seus impactos socioambientais e os riscos ampliados diante do cen\u00e1rio clim\u00e1tico global. Especialistas, gestores p\u00fablicos, representantes da sociedade civil estar\u00e3o reunidos para discutir solu\u00e7\u00f5es sustent\u00e1veis, vi\u00e1veis e integradas, com foco na recupera\u00e7\u00e3o do ecossistema e na resili\u00eancia h\u00eddrica frente \u00e0s mudan\u00e7as clim\u00e1ticas.<\/p>\n<p><strong>P\u00fablico-alvo:\u00a0<\/strong><\/p>\n<p>Profissionais das \u00e1reas de Saneamento, Meio Ambiente e Engenharia. Ambientalistas, gestores p\u00fablicos, acad\u00eamicos e demais interessados no tema.<\/p>\n<p><b>Programa\u00e7\u00e3o:\u00a0<\/b><\/p>\n<p><em>9h \u00e0s 09h30 \u00a0\u2013 Recep\u00e7\u00e3o e Credenciamento<\/em><\/p>\n<p><em>9h30 \u00e0s 10h \u2013 Abertura do evento<\/em><\/p>\n<p>Miriana Marques \u2013 Presidente Interina do Instituto de Engenharia<\/p>\n<p>Renato Nalini \u2013 Secret\u00e1rio-executivo de Mudan\u00e7as Clim\u00e1ticas da Prefeitura de S\u00e3o Paulo<\/p>\n<p>Ivan Metran Whately \u2013 Vice-presidente de Rela\u00e7\u00f5es Externas do Instituto de Engenharia<\/p>\n<p>Tassilo Mader \u2013 Presidente da Sociedade Amigos da Riviera Paulista<\/p>\n<p><em>10h \u00e0s 10h30 \u2013 Palestra: Tratamento de Mananciais Eutrofizados \u2013 Caso Represa Guarapiranga<\/em><\/p>\n<p><em>Palestrante:<\/em>\u00a0Jos\u00e9 Carlos Leit\u00e3o \u2013 Consultor Especialista Saneamento<\/p>\n<p><em>10h30 \u00e0s 11h \u2013 Palestra: Programa de recupera\u00e7\u00e3o dos Mananciais<\/em><\/p>\n<p>Palestrante: Maria Teresa Cardoso Fedeli \u2013 Secret\u00e1ria-executiva do programa Mananciais da Prefeitura de S\u00e3o Paulo<\/p>\n<p><em>11h \u00e0s 12h30 \u2013 Mesa debate: O Futuro da Guarapiranga: Enfrentando as Mudan\u00e7as Clim\u00e1ticas com A\u00e7\u00f5es Integradas<\/em><\/p>\n<p>Moderador: Ivan Metran Whately \u2013 Vice-presidente de Rela\u00e7\u00f5es Externas do Instituto de Engenharia<\/p>\n<p>Participantes: Maria Teresa Cardoso Fedeli \u2013 Secret\u00e1ria-executiva do programa Mananciais da Prefeitura de S\u00e3o Paulo<\/p>\n<p>Marco Antonio Palermo \u2013 Assessor da SP Urbanismo<\/p>\n<p>Jos\u00e9 Eduardo W. A. Cavalcanti \u2013 Coordenador da DT de \u00c1guas e Saneamento do Instituto de Engenharia<\/p>\n<p>Milton Kiyoshi Uchima \u2013 Consultor Especialista de Saneamento<\/p>\n<p>Jairo Edward De Lucca \u2013 Especialista Legal<\/p>\n<p><em>12h30 \u00e0s 13h \u2013 Encerramento e considera\u00e7\u00f5es finais<\/em><\/p>\n<p>Jer\u00f4nimo Cabral P. Fagundes Neto \u2013 Vice-presidente de Atividades T\u00e9cnicas do Instituto de Engenharia<\/p>\n<p>Ivan Metran Whately \u2013 Vice-presidente de Rela\u00e7\u00f5es Externas do Instituto de Engenharia<\/p>\n<p><strong>Realiza\u00e7\u00e3o:<\/strong><\/p>\n<p><img loading=\"lazy\" decoding=\"async\" class=\"wp-image-86938 alignnone alignleft td-animation-stack-type0-2\" src=\"https:\/\/www.institutodeengenharia.org.br\/site\/wp-content\/uploads\/2021\/10\/logo-news2.png\" alt=\"\" width=\"106\" height=\"154\" srcset=\"https:\/\/www.institutodeengenharia.org.br\/site\/wp-content\/uploads\/2021\/10\/logo-news2.png 553w, https:\/\/www.institutodeengenharia.org.br\/site\/wp-content\/uploads\/2021\/10\/logo-news2-207x300.png 207w, https:\/\/www.institutodeengenharia.org.br\/site\/wp-content\/uploads\/2021\/10\/logo-news2-290x420.png 290w\" sizes=\"auto, (max-width: 106px) 100vw, 106px\" \/><\/p>\n<p><strong>Eng. Jer\u00f4nimo Cabral Pereira Fagundes Neto<\/strong>\u00a0\u2013 Vice-presidente de Atividades T\u00e9cnicas<\/p>\n<p><strong>Eng. Ivan M. Whately<\/strong>\u00a0\u2013 Vice-presidente de Rela\u00e7\u00f5es Externas<\/p>\n<p><strong>Arq.\u00aa Maria da Penha Pereira Nobre<\/strong>\u00a0\u2013 Diretora do Departamento de Desenvolvimento Urbano e Regional<\/p>\n<p><strong>Eng. Jos\u00e9 Eduardo W. A. Cavalcanti<\/strong>\u00a0\u2013 Coordenador da Divis\u00e3o T\u00e9cnica de \u00c1guas e Saneamento<\/p>\n<p><strong>Apoio Institucional:<\/strong><\/p>\n<p><img loading=\"lazy\" decoding=\"async\" class=\"wp-image-77696 alignleft td-animation-stack-type0-2\" src=\"https:\/\/www.institutodeengenharia.org.br\/site\/wp-content\/uploads\/2021\/02\/crea.jpg\" alt=\"\" width=\"132\" height=\"93\" srcset=\"https:\/\/www.institutodeengenharia.org.br\/site\/wp-content\/uploads\/2021\/02\/crea.jpg 448w, https:\/\/www.institutodeengenharia.org.br\/site\/wp-content\/uploads\/2021\/02\/crea-300x211.jpg 300w, https:\/\/www.institutodeengenharia.org.br\/site\/wp-content\/uploads\/2021\/02\/crea-100x70.jpg 100w\" sizes=\"auto, (max-width: 132px) 100vw, 132px\" \/><\/p>\n<p>&nbsp;<\/p>\n<p>&nbsp;<\/p>\n<p>&nbsp;<\/p>\n<p><strong>Apoio \u00e0 forma\u00e7\u00e3o:\u00a0<\/strong><\/p>\n<p>Espa\u00e7o aberto ao CREA-SP, objetivando o aperfei\u00e7oamento dos profissionais e o aprimoramento da fiscaliza\u00e7\u00e3o das \u00e1reas abrangidas pelo Sistema Confea\/CREAs, al\u00e9m de promover a conscientiza\u00e7\u00e3o da sociedade quanto \u00e0 necessidade e obrigatoriedade de contratar um profissional devidamente habilitado.<\/p>\n<p>&nbsp;<\/p>\n","protected":false},"excerpt":{"rendered":"<p>Assista abaixo \u00e0 grava\u00e7\u00e3o do evento: &nbsp; + Informa\u00e7\u00f5es: A \u00e1gua \u00e9 o recurso mais essencial para a sobreviv\u00eancia humana e o equil\u00edbrio ambiental. No entanto, a Represa Guarapiranga, uma das principais fontes de abastecimento da Regi\u00e3o Metropolitana de S\u00e3o Paulo, enfrenta desafios cr\u00edticos que amea\u00e7am sua preserva\u00e7\u00e3o e funcionalidade. Polui\u00e7\u00e3o, ocupa\u00e7\u00f5es irregulares, aus\u00eancia de [&hellip;]<\/p>\n","protected":false},"author":13,"featured_media":131159,"comment_status":"open","ping_status":"open","sticky":false,"template":"","format":"video","meta":{"footnotes":""},"categories":[968,969],"tags":[1176],"class_list":{"0":"post-133479","1":"post","2":"type-post","3":"status-publish","4":"format-video","5":"has-post-thumbnail","7":"category-nova-tv-engenharia","8":"category-palestra","9":"tag-video-home","10":"post_format-post-format-video"},"yoast_head":"<!-- This site is optimized with the Yoast SEO plugin v27.2 - https:\/\/yoast.com\/product\/yoast-seo-wordpress\/ -->\n<title>Sem \u00c1gua N\u00e3o H\u00e1 Vida - Guarapiranga pede socorro! - Instituto de Engenharia<\/title>\n<meta name=\"robots\" content=\"index, follow, max-snippet:-1, max-image-preview:large, max-video-preview:-1\" \/>\n<link rel=\"canonical\" href=\"https:\/\/www.institutodeengenharia.org.br\/site\/2025\/09\/11\/sem-agua-nao-ha-vida-guarapiranga-pede-socorro\/\" \/>\n<meta property=\"og:locale\" content=\"pt_BR\" \/>\n<meta property=\"og:type\" content=\"article\" \/>\n<meta property=\"og:title\" content=\"Sem \u00c1gua N\u00e3o H\u00e1 Vida - Guarapiranga pede socorro! - Instituto de Engenharia\" \/>\n<meta property=\"og:description\" content=\"Assista abaixo \u00e0 grava\u00e7\u00e3o do evento: &nbsp; + Informa\u00e7\u00f5es: A \u00e1gua \u00e9 o recurso mais essencial para a sobreviv\u00eancia humana e o equil\u00edbrio ambiental. No entanto, a Represa Guarapiranga, uma das principais fontes de abastecimento da Regi\u00e3o Metropolitana de S\u00e3o Paulo, enfrenta desafios cr\u00edticos que amea\u00e7am sua preserva\u00e7\u00e3o e funcionalidade. Polui\u00e7\u00e3o, ocupa\u00e7\u00f5es irregulares, aus\u00eancia de [&hellip;]\" \/>\n<meta property=\"og:url\" content=\"https:\/\/www.institutodeengenharia.org.br\/site\/2025\/09\/11\/sem-agua-nao-ha-vida-guarapiranga-pede-socorro\/\" \/>\n<meta property=\"og:site_name\" content=\"Instituto de Engenharia\" \/>\n<meta property=\"article:publisher\" content=\"https:\/\/www.facebook.com\/institutodeengenharia\" \/>\n<meta property=\"article:published_time\" content=\"2025-09-11T14:41:04+00:00\" \/>\n<meta property=\"article:modified_time\" content=\"2025-10-07T14:59:10+00:00\" \/>\n<meta property=\"og:image\" content=\"https:\/\/www.institutodeengenharia.org.br\/site\/wp-content\/uploads\/2025\/07\/Midia-Kit-Steam-Day-2024-Oficial-e1754576732995.jpg\" \/>\n\t<meta property=\"og:image:width\" content=\"1872\" \/>\n\t<meta property=\"og:image:height\" content=\"1080\" \/>\n\t<meta property=\"og:image:type\" content=\"image\/jpeg\" \/>\n<meta name=\"author\" content=\"Bianca\" \/>\n<meta name=\"twitter:card\" content=\"summary_large_image\" \/>\n<meta name=\"twitter:creator\" content=\"@iengenharia\" \/>\n<meta name=\"twitter:site\" content=\"@iengenharia\" \/>\n<meta name=\"twitter:label1\" content=\"Escrito por\" \/>\n\t<meta name=\"twitter:data1\" content=\"Bianca\" \/>\n\t<meta name=\"twitter:label2\" content=\"Est. tempo de leitura\" \/>\n\t<meta name=\"twitter:data2\" content=\"4 minutos\" \/>\n<script type=\"application\/ld+json\" class=\"yoast-schema-graph\">{\"@context\":\"https:\/\/schema.org\",\"@graph\":[{\"@type\":\"Article\",\"@id\":\"https:\/\/www.institutodeengenharia.org.br\/site\/2025\/09\/11\/sem-agua-nao-ha-vida-guarapiranga-pede-socorro\/#article\",\"isPartOf\":{\"@id\":\"https:\/\/www.institutodeengenharia.org.br\/site\/2025\/09\/11\/sem-agua-nao-ha-vida-guarapiranga-pede-socorro\/\"},\"author\":{\"name\":\"Bianca\",\"@id\":\"https:\/\/www.institutodeengenharia.org.br\/site\/#\/schema\/person\/aeb64951c405e100d26d30b033dd423f\"},\"headline\":\"Sem \u00c1gua N\u00e3o H\u00e1 Vida &#8211; Guarapiranga pede socorro!\",\"datePublished\":\"2025-09-11T14:41:04+00:00\",\"dateModified\":\"2025-10-07T14:59:10+00:00\",\"mainEntityOfPage\":{\"@id\":\"https:\/\/www.institutodeengenharia.org.br\/site\/2025\/09\/11\/sem-agua-nao-ha-vida-guarapiranga-pede-socorro\/\"},\"wordCount\":590,\"commentCount\":0,\"publisher\":{\"@id\":\"https:\/\/www.institutodeengenharia.org.br\/site\/#organization\"},\"image\":{\"@id\":\"https:\/\/www.institutodeengenharia.org.br\/site\/2025\/09\/11\/sem-agua-nao-ha-vida-guarapiranga-pede-socorro\/#primaryimage\"},\"thumbnailUrl\":\"https:\/\/www.institutodeengenharia.org.br\/site\/wp-content\/uploads\/2025\/07\/Midia-Kit-Steam-Day-2024-Oficial-e1754576732995.jpg\",\"keywords\":[\"video-home\"],\"articleSection\":[\"Nova TV Engenharia\",\"Palestra\"],\"inLanguage\":\"pt-BR\",\"potentialAction\":[{\"@type\":\"CommentAction\",\"name\":\"Comment\",\"target\":[\"https:\/\/www.institutodeengenharia.org.br\/site\/2025\/09\/11\/sem-agua-nao-ha-vida-guarapiranga-pede-socorro\/#respond\"]}]},{\"@type\":\"WebPage\",\"@id\":\"https:\/\/www.institutodeengenharia.org.br\/site\/2025\/09\/11\/sem-agua-nao-ha-vida-guarapiranga-pede-socorro\/\",\"url\":\"https:\/\/www.institutodeengenharia.org.br\/site\/2025\/09\/11\/sem-agua-nao-ha-vida-guarapiranga-pede-socorro\/\",\"name\":\"Sem \u00c1gua N\u00e3o H\u00e1 Vida - Guarapiranga pede socorro! - Instituto de Engenharia\",\"isPartOf\":{\"@id\":\"https:\/\/www.institutodeengenharia.org.br\/site\/#website\"},\"primaryImageOfPage\":{\"@id\":\"https:\/\/www.institutodeengenharia.org.br\/site\/2025\/09\/11\/sem-agua-nao-ha-vida-guarapiranga-pede-socorro\/#primaryimage\"},\"image\":{\"@id\":\"https:\/\/www.institutodeengenharia.org.br\/site\/2025\/09\/11\/sem-agua-nao-ha-vida-guarapiranga-pede-socorro\/#primaryimage\"},\"thumbnailUrl\":\"https:\/\/www.institutodeengenharia.org.br\/site\/wp-content\/uploads\/2025\/07\/Midia-Kit-Steam-Day-2024-Oficial-e1754576732995.jpg\",\"datePublished\":\"2025-09-11T14:41:04+00:00\",\"dateModified\":\"2025-10-07T14:59:10+00:00\",\"breadcrumb\":{\"@id\":\"https:\/\/www.institutodeengenharia.org.br\/site\/2025\/09\/11\/sem-agua-nao-ha-vida-guarapiranga-pede-socorro\/#breadcrumb\"},\"inLanguage\":\"pt-BR\",\"potentialAction\":[{\"@type\":\"ReadAction\",\"target\":[\"https:\/\/www.institutodeengenharia.org.br\/site\/2025\/09\/11\/sem-agua-nao-ha-vida-guarapiranga-pede-socorro\/\"]}]},{\"@type\":\"ImageObject\",\"inLanguage\":\"pt-BR\",\"@id\":\"https:\/\/www.institutodeengenharia.org.br\/site\/2025\/09\/11\/sem-agua-nao-ha-vida-guarapiranga-pede-socorro\/#primaryimage\",\"url\":\"https:\/\/www.institutodeengenharia.org.br\/site\/wp-content\/uploads\/2025\/07\/Midia-Kit-Steam-Day-2024-Oficial-e1754576732995.jpg\",\"contentUrl\":\"https:\/\/www.institutodeengenharia.org.br\/site\/wp-content\/uploads\/2025\/07\/Midia-Kit-Steam-Day-2024-Oficial-e1754576732995.jpg\",\"width\":1872,\"height\":1080},{\"@type\":\"BreadcrumbList\",\"@id\":\"https:\/\/www.institutodeengenharia.org.br\/site\/2025\/09\/11\/sem-agua-nao-ha-vida-guarapiranga-pede-socorro\/#breadcrumb\",\"itemListElement\":[{\"@type\":\"ListItem\",\"position\":1,\"name\":\"In\u00edcio\",\"item\":\"https:\/\/www.institutodeengenharia.org.br\/site\/\"},{\"@type\":\"ListItem\",\"position\":2,\"name\":\"Sem \u00c1gua N\u00e3o H\u00e1 Vida &#8211; Guarapiranga pede socorro!\"}]},{\"@type\":\"WebSite\",\"@id\":\"https:\/\/www.institutodeengenharia.org.br\/site\/#website\",\"url\":\"https:\/\/www.institutodeengenharia.org.br\/site\/\",\"name\":\"Instituto de Engenharia\",\"description\":\"O Instituto de Engenharia promove a Engenharia em benef\u00edcio do desenvolvimento e da qualidade de vida da sociedade.\",\"publisher\":{\"@id\":\"https:\/\/www.institutodeengenharia.org.br\/site\/#organization\"},\"potentialAction\":[{\"@type\":\"SearchAction\",\"target\":{\"@type\":\"EntryPoint\",\"urlTemplate\":\"https:\/\/www.institutodeengenharia.org.br\/site\/?s={search_term_string}\"},\"query-input\":{\"@type\":\"PropertyValueSpecification\",\"valueRequired\":true,\"valueName\":\"search_term_string\"}}],\"inLanguage\":\"pt-BR\"},{\"@type\":\"Organization\",\"@id\":\"https:\/\/www.institutodeengenharia.org.br\/site\/#organization\",\"name\":\"Instituto de Engenharia\",\"url\":\"https:\/\/www.institutodeengenharia.org.br\/site\/\",\"logo\":{\"@type\":\"ImageObject\",\"inLanguage\":\"pt-BR\",\"@id\":\"https:\/\/www.institutodeengenharia.org.br\/site\/#\/schema\/logo\/image\/\",\"url\":\"https:\/\/www.institutodeengenharia.org.br\/site\/wp-content\/uploads\/2019\/03\/logo-novo-IE2018-1.jpg\",\"contentUrl\":\"https:\/\/www.institutodeengenharia.org.br\/site\/wp-content\/uploads\/2019\/03\/logo-novo-IE2018-1.jpg\",\"width\":1486,\"height\":1879,\"caption\":\"Instituto de Engenharia\"},\"image\":{\"@id\":\"https:\/\/www.institutodeengenharia.org.br\/site\/#\/schema\/logo\/image\/\"},\"sameAs\":[\"https:\/\/www.facebook.com\/institutodeengenharia\",\"https:\/\/x.com\/iengenharia\",\"https:\/\/www.instagram.com\/institutodeengenharia\/\",\"https:\/\/www.linkedin.com\/company\/instituto-de-engenharia\/\",\"https:\/\/www.youtube.com\/channel\/UCXiCAlsSMe977vamW915HxA\"]},{\"@type\":\"Person\",\"@id\":\"https:\/\/www.institutodeengenharia.org.br\/site\/#\/schema\/person\/aeb64951c405e100d26d30b033dd423f\",\"name\":\"Bianca\",\"image\":{\"@type\":\"ImageObject\",\"inLanguage\":\"pt-BR\",\"@id\":\"https:\/\/secure.gravatar.com\/avatar\/a6fbe9bff57405baf4c1e2c5c1811e072b558253974a9f9508f4678900c97c2a?s=96&d=mm&r=g\",\"url\":\"https:\/\/secure.gravatar.com\/avatar\/a6fbe9bff57405baf4c1e2c5c1811e072b558253974a9f9508f4678900c97c2a?s=96&d=mm&r=g\",\"contentUrl\":\"https:\/\/secure.gravatar.com\/avatar\/a6fbe9bff57405baf4c1e2c5c1811e072b558253974a9f9508f4678900c97c2a?s=96&d=mm&r=g\",\"caption\":\"Bianca\"},\"url\":\"https:\/\/www.institutodeengenharia.org.br\/site\/author\/comunicacao1\/\"}]}<\/script>\n<!-- \/ Yoast SEO plugin. -->","yoast_head_json":{"title":"Sem \u00c1gua N\u00e3o H\u00e1 Vida - Guarapiranga pede socorro! - Instituto de Engenharia","robots":{"index":"index","follow":"follow","max-snippet":"max-snippet:-1","max-image-preview":"max-image-preview:large","max-video-preview":"max-video-preview:-1"},"canonical":"https:\/\/www.institutodeengenharia.org.br\/site\/2025\/09\/11\/sem-agua-nao-ha-vida-guarapiranga-pede-socorro\/","og_locale":"pt_BR","og_type":"article","og_title":"Sem \u00c1gua N\u00e3o H\u00e1 Vida - Guarapiranga pede socorro! - Instituto de Engenharia","og_description":"Assista abaixo \u00e0 grava\u00e7\u00e3o do evento: &nbsp; + Informa\u00e7\u00f5es: A \u00e1gua \u00e9 o recurso mais essencial para a sobreviv\u00eancia humana e o equil\u00edbrio ambiental. No entanto, a Represa Guarapiranga, uma das principais fontes de abastecimento da Regi\u00e3o Metropolitana de S\u00e3o Paulo, enfrenta desafios cr\u00edticos que amea\u00e7am sua preserva\u00e7\u00e3o e funcionalidade. Polui\u00e7\u00e3o, ocupa\u00e7\u00f5es irregulares, aus\u00eancia de [&hellip;]","og_url":"https:\/\/www.institutodeengenharia.org.br\/site\/2025\/09\/11\/sem-agua-nao-ha-vida-guarapiranga-pede-socorro\/","og_site_name":"Instituto de Engenharia","article_publisher":"https:\/\/www.facebook.com\/institutodeengenharia","article_published_time":"2025-09-11T14:41:04+00:00","article_modified_time":"2025-10-07T14:59:10+00:00","og_image":[{"width":1872,"height":1080,"url":"https:\/\/www.institutodeengenharia.org.br\/site\/wp-content\/uploads\/2025\/07\/Midia-Kit-Steam-Day-2024-Oficial-e1754576732995.jpg","type":"image\/jpeg"}],"author":"Bianca","twitter_card":"summary_large_image","twitter_creator":"@iengenharia","twitter_site":"@iengenharia","twitter_misc":{"Escrito por":"Bianca","Est. tempo de leitura":"4 minutos"},"schema":{"@context":"https:\/\/schema.org","@graph":[{"@type":"Article","@id":"https:\/\/www.institutodeengenharia.org.br\/site\/2025\/09\/11\/sem-agua-nao-ha-vida-guarapiranga-pede-socorro\/#article","isPartOf":{"@id":"https:\/\/www.institutodeengenharia.org.br\/site\/2025\/09\/11\/sem-agua-nao-ha-vida-guarapiranga-pede-socorro\/"},"author":{"name":"Bianca","@id":"https:\/\/www.institutodeengenharia.org.br\/site\/#\/schema\/person\/aeb64951c405e100d26d30b033dd423f"},"headline":"Sem \u00c1gua N\u00e3o H\u00e1 Vida &#8211; Guarapiranga pede socorro!","datePublished":"2025-09-11T14:41:04+00:00","dateModified":"2025-10-07T14:59:10+00:00","mainEntityOfPage":{"@id":"https:\/\/www.institutodeengenharia.org.br\/site\/2025\/09\/11\/sem-agua-nao-ha-vida-guarapiranga-pede-socorro\/"},"wordCount":590,"commentCount":0,"publisher":{"@id":"https:\/\/www.institutodeengenharia.org.br\/site\/#organization"},"image":{"@id":"https:\/\/www.institutodeengenharia.org.br\/site\/2025\/09\/11\/sem-agua-nao-ha-vida-guarapiranga-pede-socorro\/#primaryimage"},"thumbnailUrl":"https:\/\/www.institutodeengenharia.org.br\/site\/wp-content\/uploads\/2025\/07\/Midia-Kit-Steam-Day-2024-Oficial-e1754576732995.jpg","keywords":["video-home"],"articleSection":["Nova TV Engenharia","Palestra"],"inLanguage":"pt-BR","potentialAction":[{"@type":"CommentAction","name":"Comment","target":["https:\/\/www.institutodeengenharia.org.br\/site\/2025\/09\/11\/sem-agua-nao-ha-vida-guarapiranga-pede-socorro\/#respond"]}]},{"@type":"WebPage","@id":"https:\/\/www.institutodeengenharia.org.br\/site\/2025\/09\/11\/sem-agua-nao-ha-vida-guarapiranga-pede-socorro\/","url":"https:\/\/www.institutodeengenharia.org.br\/site\/2025\/09\/11\/sem-agua-nao-ha-vida-guarapiranga-pede-socorro\/","name":"Sem \u00c1gua N\u00e3o H\u00e1 Vida - Guarapiranga pede socorro! - Instituto de Engenharia","isPartOf":{"@id":"https:\/\/www.institutodeengenharia.org.br\/site\/#website"},"primaryImageOfPage":{"@id":"https:\/\/www.institutodeengenharia.org.br\/site\/2025\/09\/11\/sem-agua-nao-ha-vida-guarapiranga-pede-socorro\/#primaryimage"},"image":{"@id":"https:\/\/www.institutodeengenharia.org.br\/site\/2025\/09\/11\/sem-agua-nao-ha-vida-guarapiranga-pede-socorro\/#primaryimage"},"thumbnailUrl":"https:\/\/www.institutodeengenharia.org.br\/site\/wp-content\/uploads\/2025\/07\/Midia-Kit-Steam-Day-2024-Oficial-e1754576732995.jpg","datePublished":"2025-09-11T14:41:04+00:00","dateModified":"2025-10-07T14:59:10+00:00","breadcrumb":{"@id":"https:\/\/www.institutodeengenharia.org.br\/site\/2025\/09\/11\/sem-agua-nao-ha-vida-guarapiranga-pede-socorro\/#breadcrumb"},"inLanguage":"pt-BR","potentialAction":[{"@type":"ReadAction","target":["https:\/\/www.institutodeengenharia.org.br\/site\/2025\/09\/11\/sem-agua-nao-ha-vida-guarapiranga-pede-socorro\/"]}]},{"@type":"ImageObject","inLanguage":"pt-BR","@id":"https:\/\/www.institutodeengenharia.org.br\/site\/2025\/09\/11\/sem-agua-nao-ha-vida-guarapiranga-pede-socorro\/#primaryimage","url":"https:\/\/www.institutodeengenharia.org.br\/site\/wp-content\/uploads\/2025\/07\/Midia-Kit-Steam-Day-2024-Oficial-e1754576732995.jpg","contentUrl":"https:\/\/www.institutodeengenharia.org.br\/site\/wp-content\/uploads\/2025\/07\/Midia-Kit-Steam-Day-2024-Oficial-e1754576732995.jpg","width":1872,"height":1080},{"@type":"BreadcrumbList","@id":"https:\/\/www.institutodeengenharia.org.br\/site\/2025\/09\/11\/sem-agua-nao-ha-vida-guarapiranga-pede-socorro\/#breadcrumb","itemListElement":[{"@type":"ListItem","position":1,"name":"In\u00edcio","item":"https:\/\/www.institutodeengenharia.org.br\/site\/"},{"@type":"ListItem","position":2,"name":"Sem \u00c1gua N\u00e3o H\u00e1 Vida &#8211; Guarapiranga pede socorro!"}]},{"@type":"WebSite","@id":"https:\/\/www.institutodeengenharia.org.br\/site\/#website","url":"https:\/\/www.institutodeengenharia.org.br\/site\/","name":"Instituto de Engenharia","description":"O Instituto de Engenharia promove a Engenharia em benef\u00edcio do desenvolvimento e da qualidade de vida da sociedade.","publisher":{"@id":"https:\/\/www.institutodeengenharia.org.br\/site\/#organization"},"potentialAction":[{"@type":"SearchAction","target":{"@type":"EntryPoint","urlTemplate":"https:\/\/www.institutodeengenharia.org.br\/site\/?s={search_term_string}"},"query-input":{"@type":"PropertyValueSpecification","valueRequired":true,"valueName":"search_term_string"}}],"inLanguage":"pt-BR"},{"@type":"Organization","@id":"https:\/\/www.institutodeengenharia.org.br\/site\/#organization","name":"Instituto de Engenharia","url":"https:\/\/www.institutodeengenharia.org.br\/site\/","logo":{"@type":"ImageObject","inLanguage":"pt-BR","@id":"https:\/\/www.institutodeengenharia.org.br\/site\/#\/schema\/logo\/image\/","url":"https:\/\/www.institutodeengenharia.org.br\/site\/wp-content\/uploads\/2019\/03\/logo-novo-IE2018-1.jpg","contentUrl":"https:\/\/www.institutodeengenharia.org.br\/site\/wp-content\/uploads\/2019\/03\/logo-novo-IE2018-1.jpg","width":1486,"height":1879,"caption":"Instituto de Engenharia"},"image":{"@id":"https:\/\/www.institutodeengenharia.org.br\/site\/#\/schema\/logo\/image\/"},"sameAs":["https:\/\/www.facebook.com\/institutodeengenharia","https:\/\/x.com\/iengenharia","https:\/\/www.instagram.com\/institutodeengenharia\/","https:\/\/www.linkedin.com\/company\/instituto-de-engenharia\/","https:\/\/www.youtube.com\/channel\/UCXiCAlsSMe977vamW915HxA"]},{"@type":"Person","@id":"https:\/\/www.institutodeengenharia.org.br\/site\/#\/schema\/person\/aeb64951c405e100d26d30b033dd423f","name":"Bianca","image":{"@type":"ImageObject","inLanguage":"pt-BR","@id":"https:\/\/secure.gravatar.com\/avatar\/a6fbe9bff57405baf4c1e2c5c1811e072b558253974a9f9508f4678900c97c2a?s=96&d=mm&r=g","url":"https:\/\/secure.gravatar.com\/avatar\/a6fbe9bff57405baf4c1e2c5c1811e072b558253974a9f9508f4678900c97c2a?s=96&d=mm&r=g","contentUrl":"https:\/\/secure.gravatar.com\/avatar\/a6fbe9bff57405baf4c1e2c5c1811e072b558253974a9f9508f4678900c97c2a?s=96&d=mm&r=g","caption":"Bianca"},"url":"https:\/\/www.institutodeengenharia.org.br\/site\/author\/comunicacao1\/"}]}},"_links":{"self":[{"href":"https:\/\/www.institutodeengenharia.org.br\/site\/wp-json\/wp\/v2\/posts\/133479","targetHints":{"allow":["GET"]}}],"collection":[{"href":"https:\/\/www.institutodeengenharia.org.br\/site\/wp-json\/wp\/v2\/posts"}],"about":[{"href":"https:\/\/www.institutodeengenharia.org.br\/site\/wp-json\/wp\/v2\/types\/post"}],"author":[{"embeddable":true,"href":"https:\/\/www.institutodeengenharia.org.br\/site\/wp-json\/wp\/v2\/users\/13"}],"replies":[{"embeddable":true,"href":"https:\/\/www.institutodeengenharia.org.br\/site\/wp-json\/wp\/v2\/comments?post=133479"}],"version-history":[{"count":1,"href":"https:\/\/www.institutodeengenharia.org.br\/site\/wp-json\/wp\/v2\/posts\/133479\/revisions"}],"predecessor-version":[{"id":133480,"href":"https:\/\/www.institutodeengenharia.org.br\/site\/wp-json\/wp\/v2\/posts\/133479\/revisions\/133480"}],"wp:featuredmedia":[{"embeddable":true,"href":"https:\/\/www.institutodeengenharia.org.br\/site\/wp-json\/wp\/v2\/media\/131159"}],"wp:attachment":[{"href":"https:\/\/www.institutodeengenharia.org.br\/site\/wp-json\/wp\/v2\/media?parent=133479"}],"wp:term":[{"taxonomy":"category","embeddable":true,"href":"https:\/\/www.institutodeengenharia.org.br\/site\/wp-json\/wp\/v2\/categories?post=133479"},{"taxonomy":"post_tag","embeddable":true,"href":"https:\/\/www.institutodeengenharia.org.br\/site\/wp-json\/wp\/v2\/tags?post=133479"}],"curies":[{"name":"wp","href":"https:\/\/api.w.org\/{rel}","templated":true}]}}