{"id":133222,"date":"2025-09-26T15:05:03","date_gmt":"2025-09-26T18:05:03","guid":{"rendered":"https:\/\/www.institutodeengenharia.org.br\/site\/?p=133222"},"modified":"2025-09-26T15:15:38","modified_gmt":"2025-09-26T18:15:38","slug":"vlt-sao-paulo-e-tema-de-encontro-no-ie","status":"publish","type":"post","link":"https:\/\/www.institutodeengenharia.org.br\/site\/2025\/09\/26\/vlt-sao-paulo-e-tema-de-encontro-no-ie\/","title":{"rendered":"VLT S\u00e3o Paulo \u00e9 tema de encontro no IE"},"content":{"rendered":"<p>O Instituto de Engenharia realizou, nesta quinta (25), o segundo encontro para discutir a implanta\u00e7\u00e3o do VLT na cidade de S\u00e3o Paulo.<\/p>\n<p>O evento contou com a presen\u00e7a de representantes da prefeitura de S\u00e3o Paulo, entre eles Pedro Martin Fernandes, diretor-presidente da SPUrbanismo, e Manoel Marcos Botelho, secret\u00e1rio-executivo da Secretaria dos Transportes Metropolitanos do Estado de S\u00e3o Paulo; al\u00e9m de representantes da iniciativa privada, entidades do setor e corpo t\u00e9cnico do Instituto de Engenharia.<\/p>\n<p>O VLT \u00e9 um eixo de estrutura\u00e7\u00e3o da transforma\u00e7\u00e3o urbana, tornando-se um corredor ambiental urbano, contribuindo com a descarboniza\u00e7\u00e3o do meio ambiente, sendo um modal limpo, amig\u00e1vel, silencioso, que promove a reurbaniza\u00e7\u00e3o do entorno, criando mercados, oportunidade de requalifica\u00e7\u00e3o habitacional, tanto na atra\u00e7\u00e3o de novos empreendimentos imobili\u00e1rios, como na implanta\u00e7\u00e3o de zonas especiais, de interesse social e mercado popular.<\/p>\n<p><img loading=\"lazy\" decoding=\"async\" class=\" wp-image-133228 aligncenter\" src=\"https:\/\/www.institutodeengenharia.org.br\/site\/wp-content\/uploads\/2025\/09\/54813901290_470e42c9e1_c-300x169.jpg\" alt=\"\" width=\"561\" height=\"316\" srcset=\"https:\/\/www.institutodeengenharia.org.br\/site\/wp-content\/uploads\/2025\/09\/54813901290_470e42c9e1_c-300x169.jpg 300w, https:\/\/www.institutodeengenharia.org.br\/site\/wp-content\/uploads\/2025\/09\/54813901290_470e42c9e1_c-768x432.jpg 768w, https:\/\/www.institutodeengenharia.org.br\/site\/wp-content\/uploads\/2025\/09\/54813901290_470e42c9e1_c-747x420.jpg 747w, https:\/\/www.institutodeengenharia.org.br\/site\/wp-content\/uploads\/2025\/09\/54813901290_470e42c9e1_c-696x392.jpg 696w, https:\/\/www.institutodeengenharia.org.br\/site\/wp-content\/uploads\/2025\/09\/54813901290_470e42c9e1_c-600x338.jpg 600w, https:\/\/www.institutodeengenharia.org.br\/site\/wp-content\/uploads\/2025\/09\/54813901290_470e42c9e1_c.jpg 800w\" sizes=\"auto, (max-width: 561px) 100vw, 561px\" \/><\/p>\n<p>Durante o evento, entre outros temas, foram apresentadas as estrat\u00e9gias de material rodante e em qual etapas est\u00e3o na SPTrans e na Secretaria de Transportes, al\u00e9m de linhas alternativas passando pelo tri\u00e2ngulo de S\u00e3o Paulo, que \u00e9 um recorte do centro hist\u00f3rico paulistano, onde se situam os principais pr\u00e9dios hist\u00f3ricos da cidade, entre eles o Largo S\u00e3o Bento, Pateo do Collegio e Largo S\u00e3o Francisco.<\/p>\n<p>Este \u00e9 o segundo evento sobre o tema. O primeiro aconteceu em maio de 2024, e voc\u00ea pode assistir \u00e0 \u00edntegra <a href=\"https:\/\/www.institutodeengenharia.org.br\/site\/2024\/05\/16\/vlt-mobilidade-e-requalificacao-urbana\/\">clicando aqui<\/a>.<\/p>\n<p><a href=\"https:\/\/www.flickr.com\/photos\/157391345@N08\/albums\/72177720329301784\/\">Clique aqui<\/a> e confira as fotos do encontro.<\/p>\n<p>Assista \u00e0 grava\u00e7\u00e3o do evento VLT S\u00e3o Paulo, que aconteceu em 25\/9\/2025<\/p>\n<p><iframe loading=\"lazy\" title=\"YouTube video player\" src=\"https:\/\/www.youtube.com\/embed\/lVIwzghi2vo?si=LeKNfv0uZvG62pQb\" width=\"560\" height=\"315\" frameborder=\"0\" allowfullscreen=\"allowfullscreen\"><\/iframe><\/p>\n","protected":false},"excerpt":{"rendered":"<p>O Instituto de Engenharia realizou, nesta quinta (25), o segundo encontro para discutir a implanta\u00e7\u00e3o do VLT na cidade de S\u00e3o Paulo. O evento contou com a presen\u00e7a de representantes da prefeitura de S\u00e3o Paulo, entre eles Pedro Martin Fernandes, diretor-presidente da SPUrbanismo, e Manoel Marcos Botelho, secret\u00e1rio-executivo da Secretaria dos Transportes Metropolitanos do Estado [&hellip;]<\/p>\n","protected":false},"author":14,"featured_media":133223,"comment_status":"open","ping_status":"open","sticky":false,"template":"","format":"standard","meta":{"footnotes":""},"categories":[27,6,41],"tags":[],"class_list":{"0":"post-133222","1":"post","2":"type-post","3":"status-publish","4":"format-standard","5":"has-post-thumbnail","7":"category-instituto-de-engenharia","8":"category-noticias","9":"category-transportes"},"yoast_head":"<!-- This site is optimized with the Yoast SEO plugin v27.2 - https:\/\/yoast.com\/product\/yoast-seo-wordpress\/ -->\n<title>VLT S\u00e3o Paulo \u00e9 tema de encontro no IE - Instituto de Engenharia<\/title>\n<meta name=\"robots\" content=\"index, follow, max-snippet:-1, max-image-preview:large, max-video-preview:-1\" \/>\n<link rel=\"canonical\" href=\"https:\/\/www.institutodeengenharia.org.br\/site\/2025\/09\/26\/vlt-sao-paulo-e-tema-de-encontro-no-ie\/\" \/>\n<meta property=\"og:locale\" content=\"pt_BR\" \/>\n<meta property=\"og:type\" content=\"article\" \/>\n<meta property=\"og:title\" content=\"VLT S\u00e3o Paulo \u00e9 tema de encontro no IE - Instituto de Engenharia\" \/>\n<meta property=\"og:description\" content=\"O Instituto de Engenharia realizou, nesta quinta (25), o segundo encontro para discutir a implanta\u00e7\u00e3o do VLT na cidade de S\u00e3o Paulo. O evento contou com a presen\u00e7a de representantes da prefeitura de S\u00e3o Paulo, entre eles Pedro Martin Fernandes, diretor-presidente da SPUrbanismo, e Manoel Marcos Botelho, secret\u00e1rio-executivo da Secretaria dos Transportes Metropolitanos do Estado [&hellip;]\" \/>\n<meta property=\"og:url\" content=\"https:\/\/www.institutodeengenharia.org.br\/site\/2025\/09\/26\/vlt-sao-paulo-e-tema-de-encontro-no-ie\/\" \/>\n<meta property=\"og:site_name\" content=\"Instituto de Engenharia\" \/>\n<meta property=\"article:publisher\" content=\"https:\/\/www.facebook.com\/institutodeengenharia\" \/>\n<meta property=\"article:published_time\" content=\"2025-09-26T18:05:03+00:00\" \/>\n<meta property=\"article:modified_time\" content=\"2025-09-26T18:15:38+00:00\" \/>\n<meta property=\"og:image\" content=\"https:\/\/www.institutodeengenharia.org.br\/site\/wp-content\/uploads\/2025\/09\/54813543476_16a246c320_c.jpg\" \/>\n\t<meta property=\"og:image:width\" content=\"799\" \/>\n\t<meta property=\"og:image:height\" content=\"360\" \/>\n\t<meta property=\"og:image:type\" content=\"image\/jpeg\" \/>\n<meta name=\"author\" content=\"Isabel\" \/>\n<meta name=\"twitter:card\" content=\"summary_large_image\" \/>\n<meta name=\"twitter:creator\" content=\"@iengenharia\" \/>\n<meta name=\"twitter:site\" content=\"@iengenharia\" \/>\n<meta name=\"twitter:label1\" content=\"Escrito por\" \/>\n\t<meta name=\"twitter:data1\" content=\"Isabel\" \/>\n\t<meta name=\"twitter:label2\" content=\"Est. tempo de leitura\" \/>\n\t<meta name=\"twitter:data2\" content=\"2 minutos\" \/>\n<script type=\"application\/ld+json\" class=\"yoast-schema-graph\">{\"@context\":\"https:\/\/schema.org\",\"@graph\":[{\"@type\":\"Article\",\"@id\":\"https:\/\/www.institutodeengenharia.org.br\/site\/2025\/09\/26\/vlt-sao-paulo-e-tema-de-encontro-no-ie\/#article\",\"isPartOf\":{\"@id\":\"https:\/\/www.institutodeengenharia.org.br\/site\/2025\/09\/26\/vlt-sao-paulo-e-tema-de-encontro-no-ie\/\"},\"author\":{\"name\":\"Isabel\",\"@id\":\"https:\/\/www.institutodeengenharia.org.br\/site\/#\/schema\/person\/593dc356630173a4877a635d3e5fd76b\"},\"headline\":\"VLT S\u00e3o Paulo \u00e9 tema de encontro no IE\",\"datePublished\":\"2025-09-26T18:05:03+00:00\",\"dateModified\":\"2025-09-26T18:15:38+00:00\",\"mainEntityOfPage\":{\"@id\":\"https:\/\/www.institutodeengenharia.org.br\/site\/2025\/09\/26\/vlt-sao-paulo-e-tema-de-encontro-no-ie\/\"},\"wordCount\":271,\"commentCount\":0,\"publisher\":{\"@id\":\"https:\/\/www.institutodeengenharia.org.br\/site\/#organization\"},\"image\":{\"@id\":\"https:\/\/www.institutodeengenharia.org.br\/site\/2025\/09\/26\/vlt-sao-paulo-e-tema-de-encontro-no-ie\/#primaryimage\"},\"thumbnailUrl\":\"https:\/\/www.institutodeengenharia.org.br\/site\/wp-content\/uploads\/2025\/09\/54813543476_16a246c320_c.jpg\",\"articleSection\":[\"Instituto de Engenharia\",\"Not\u00edcias\",\"Transportes\"],\"inLanguage\":\"pt-BR\",\"potentialAction\":[{\"@type\":\"CommentAction\",\"name\":\"Comment\",\"target\":[\"https:\/\/www.institutodeengenharia.org.br\/site\/2025\/09\/26\/vlt-sao-paulo-e-tema-de-encontro-no-ie\/#respond\"]}]},{\"@type\":\"WebPage\",\"@id\":\"https:\/\/www.institutodeengenharia.org.br\/site\/2025\/09\/26\/vlt-sao-paulo-e-tema-de-encontro-no-ie\/\",\"url\":\"https:\/\/www.institutodeengenharia.org.br\/site\/2025\/09\/26\/vlt-sao-paulo-e-tema-de-encontro-no-ie\/\",\"name\":\"VLT S\u00e3o Paulo \u00e9 tema de encontro no IE - Instituto de Engenharia\",\"isPartOf\":{\"@id\":\"https:\/\/www.institutodeengenharia.org.br\/site\/#website\"},\"primaryImageOfPage\":{\"@id\":\"https:\/\/www.institutodeengenharia.org.br\/site\/2025\/09\/26\/vlt-sao-paulo-e-tema-de-encontro-no-ie\/#primaryimage\"},\"image\":{\"@id\":\"https:\/\/www.institutodeengenharia.org.br\/site\/2025\/09\/26\/vlt-sao-paulo-e-tema-de-encontro-no-ie\/#primaryimage\"},\"thumbnailUrl\":\"https:\/\/www.institutodeengenharia.org.br\/site\/wp-content\/uploads\/2025\/09\/54813543476_16a246c320_c.jpg\",\"datePublished\":\"2025-09-26T18:05:03+00:00\",\"dateModified\":\"2025-09-26T18:15:38+00:00\",\"breadcrumb\":{\"@id\":\"https:\/\/www.institutodeengenharia.org.br\/site\/2025\/09\/26\/vlt-sao-paulo-e-tema-de-encontro-no-ie\/#breadcrumb\"},\"inLanguage\":\"pt-BR\",\"potentialAction\":[{\"@type\":\"ReadAction\",\"target\":[\"https:\/\/www.institutodeengenharia.org.br\/site\/2025\/09\/26\/vlt-sao-paulo-e-tema-de-encontro-no-ie\/\"]}]},{\"@type\":\"ImageObject\",\"inLanguage\":\"pt-BR\",\"@id\":\"https:\/\/www.institutodeengenharia.org.br\/site\/2025\/09\/26\/vlt-sao-paulo-e-tema-de-encontro-no-ie\/#primaryimage\",\"url\":\"https:\/\/www.institutodeengenharia.org.br\/site\/wp-content\/uploads\/2025\/09\/54813543476_16a246c320_c.jpg\",\"contentUrl\":\"https:\/\/www.institutodeengenharia.org.br\/site\/wp-content\/uploads\/2025\/09\/54813543476_16a246c320_c.jpg\",\"width\":799,\"height\":360,\"caption\":\"Ao Centro, a VP de Adm. e Finan\u00e7as, Miriana Marques, com Pedro Martin (\u00e0 dir.) e Manoel Botelho.\"},{\"@type\":\"BreadcrumbList\",\"@id\":\"https:\/\/www.institutodeengenharia.org.br\/site\/2025\/09\/26\/vlt-sao-paulo-e-tema-de-encontro-no-ie\/#breadcrumb\",\"itemListElement\":[{\"@type\":\"ListItem\",\"position\":1,\"name\":\"In\u00edcio\",\"item\":\"https:\/\/www.institutodeengenharia.org.br\/site\/\"},{\"@type\":\"ListItem\",\"position\":2,\"name\":\"VLT S\u00e3o Paulo \u00e9 tema de encontro no IE\"}]},{\"@type\":\"WebSite\",\"@id\":\"https:\/\/www.institutodeengenharia.org.br\/site\/#website\",\"url\":\"https:\/\/www.institutodeengenharia.org.br\/site\/\",\"name\":\"Instituto de Engenharia\",\"description\":\"O Instituto de Engenharia promove a Engenharia em benef\u00edcio do desenvolvimento e da qualidade de vida da sociedade.\",\"publisher\":{\"@id\":\"https:\/\/www.institutodeengenharia.org.br\/site\/#organization\"},\"potentialAction\":[{\"@type\":\"SearchAction\",\"target\":{\"@type\":\"EntryPoint\",\"urlTemplate\":\"https:\/\/www.institutodeengenharia.org.br\/site\/?s={search_term_string}\"},\"query-input\":{\"@type\":\"PropertyValueSpecification\",\"valueRequired\":true,\"valueName\":\"search_term_string\"}}],\"inLanguage\":\"pt-BR\"},{\"@type\":\"Organization\",\"@id\":\"https:\/\/www.institutodeengenharia.org.br\/site\/#organization\",\"name\":\"Instituto de Engenharia\",\"url\":\"https:\/\/www.institutodeengenharia.org.br\/site\/\",\"logo\":{\"@type\":\"ImageObject\",\"inLanguage\":\"pt-BR\",\"@id\":\"https:\/\/www.institutodeengenharia.org.br\/site\/#\/schema\/logo\/image\/\",\"url\":\"https:\/\/www.institutodeengenharia.org.br\/site\/wp-content\/uploads\/2019\/03\/logo-novo-IE2018-1.jpg\",\"contentUrl\":\"https:\/\/www.institutodeengenharia.org.br\/site\/wp-content\/uploads\/2019\/03\/logo-novo-IE2018-1.jpg\",\"width\":1486,\"height\":1879,\"caption\":\"Instituto de Engenharia\"},\"image\":{\"@id\":\"https:\/\/www.institutodeengenharia.org.br\/site\/#\/schema\/logo\/image\/\"},\"sameAs\":[\"https:\/\/www.facebook.com\/institutodeengenharia\",\"https:\/\/x.com\/iengenharia\",\"https:\/\/www.instagram.com\/institutodeengenharia\/\",\"https:\/\/www.linkedin.com\/company\/instituto-de-engenharia\/\",\"https:\/\/www.youtube.com\/channel\/UCXiCAlsSMe977vamW915HxA\"]},{\"@type\":\"Person\",\"@id\":\"https:\/\/www.institutodeengenharia.org.br\/site\/#\/schema\/person\/593dc356630173a4877a635d3e5fd76b\",\"name\":\"Isabel\",\"image\":{\"@type\":\"ImageObject\",\"inLanguage\":\"pt-BR\",\"@id\":\"https:\/\/secure.gravatar.com\/avatar\/f3c521db63ec9db17894f10a88c6a3cf95b2281d7f80eeb3cf3ef1cb091576e7?s=96&d=mm&r=g\",\"url\":\"https:\/\/secure.gravatar.com\/avatar\/f3c521db63ec9db17894f10a88c6a3cf95b2281d7f80eeb3cf3ef1cb091576e7?s=96&d=mm&r=g\",\"contentUrl\":\"https:\/\/secure.gravatar.com\/avatar\/f3c521db63ec9db17894f10a88c6a3cf95b2281d7f80eeb3cf3ef1cb091576e7?s=96&d=mm&r=g\",\"caption\":\"Isabel\"},\"url\":\"https:\/\/www.institutodeengenharia.org.br\/site\/author\/comunicacao2\/\"}]}<\/script>\n<!-- \/ Yoast SEO plugin. -->","yoast_head_json":{"title":"VLT S\u00e3o Paulo \u00e9 tema de encontro no IE - Instituto de Engenharia","robots":{"index":"index","follow":"follow","max-snippet":"max-snippet:-1","max-image-preview":"max-image-preview:large","max-video-preview":"max-video-preview:-1"},"canonical":"https:\/\/www.institutodeengenharia.org.br\/site\/2025\/09\/26\/vlt-sao-paulo-e-tema-de-encontro-no-ie\/","og_locale":"pt_BR","og_type":"article","og_title":"VLT S\u00e3o Paulo \u00e9 tema de encontro no IE - Instituto de Engenharia","og_description":"O Instituto de Engenharia realizou, nesta quinta (25), o segundo encontro para discutir a implanta\u00e7\u00e3o do VLT na cidade de S\u00e3o Paulo. O evento contou com a presen\u00e7a de representantes da prefeitura de S\u00e3o Paulo, entre eles Pedro Martin Fernandes, diretor-presidente da SPUrbanismo, e Manoel Marcos Botelho, secret\u00e1rio-executivo da Secretaria dos Transportes Metropolitanos do Estado [&hellip;]","og_url":"https:\/\/www.institutodeengenharia.org.br\/site\/2025\/09\/26\/vlt-sao-paulo-e-tema-de-encontro-no-ie\/","og_site_name":"Instituto de Engenharia","article_publisher":"https:\/\/www.facebook.com\/institutodeengenharia","article_published_time":"2025-09-26T18:05:03+00:00","article_modified_time":"2025-09-26T18:15:38+00:00","og_image":[{"width":799,"height":360,"url":"https:\/\/www.institutodeengenharia.org.br\/site\/wp-content\/uploads\/2025\/09\/54813543476_16a246c320_c.jpg","type":"image\/jpeg"}],"author":"Isabel","twitter_card":"summary_large_image","twitter_creator":"@iengenharia","twitter_site":"@iengenharia","twitter_misc":{"Escrito por":"Isabel","Est. tempo de leitura":"2 minutos"},"schema":{"@context":"https:\/\/schema.org","@graph":[{"@type":"Article","@id":"https:\/\/www.institutodeengenharia.org.br\/site\/2025\/09\/26\/vlt-sao-paulo-e-tema-de-encontro-no-ie\/#article","isPartOf":{"@id":"https:\/\/www.institutodeengenharia.org.br\/site\/2025\/09\/26\/vlt-sao-paulo-e-tema-de-encontro-no-ie\/"},"author":{"name":"Isabel","@id":"https:\/\/www.institutodeengenharia.org.br\/site\/#\/schema\/person\/593dc356630173a4877a635d3e5fd76b"},"headline":"VLT S\u00e3o Paulo \u00e9 tema de encontro no IE","datePublished":"2025-09-26T18:05:03+00:00","dateModified":"2025-09-26T18:15:38+00:00","mainEntityOfPage":{"@id":"https:\/\/www.institutodeengenharia.org.br\/site\/2025\/09\/26\/vlt-sao-paulo-e-tema-de-encontro-no-ie\/"},"wordCount":271,"commentCount":0,"publisher":{"@id":"https:\/\/www.institutodeengenharia.org.br\/site\/#organization"},"image":{"@id":"https:\/\/www.institutodeengenharia.org.br\/site\/2025\/09\/26\/vlt-sao-paulo-e-tema-de-encontro-no-ie\/#primaryimage"},"thumbnailUrl":"https:\/\/www.institutodeengenharia.org.br\/site\/wp-content\/uploads\/2025\/09\/54813543476_16a246c320_c.jpg","articleSection":["Instituto de Engenharia","Not\u00edcias","Transportes"],"inLanguage":"pt-BR","potentialAction":[{"@type":"CommentAction","name":"Comment","target":["https:\/\/www.institutodeengenharia.org.br\/site\/2025\/09\/26\/vlt-sao-paulo-e-tema-de-encontro-no-ie\/#respond"]}]},{"@type":"WebPage","@id":"https:\/\/www.institutodeengenharia.org.br\/site\/2025\/09\/26\/vlt-sao-paulo-e-tema-de-encontro-no-ie\/","url":"https:\/\/www.institutodeengenharia.org.br\/site\/2025\/09\/26\/vlt-sao-paulo-e-tema-de-encontro-no-ie\/","name":"VLT S\u00e3o Paulo \u00e9 tema de encontro no IE - Instituto de Engenharia","isPartOf":{"@id":"https:\/\/www.institutodeengenharia.org.br\/site\/#website"},"primaryImageOfPage":{"@id":"https:\/\/www.institutodeengenharia.org.br\/site\/2025\/09\/26\/vlt-sao-paulo-e-tema-de-encontro-no-ie\/#primaryimage"},"image":{"@id":"https:\/\/www.institutodeengenharia.org.br\/site\/2025\/09\/26\/vlt-sao-paulo-e-tema-de-encontro-no-ie\/#primaryimage"},"thumbnailUrl":"https:\/\/www.institutodeengenharia.org.br\/site\/wp-content\/uploads\/2025\/09\/54813543476_16a246c320_c.jpg","datePublished":"2025-09-26T18:05:03+00:00","dateModified":"2025-09-26T18:15:38+00:00","breadcrumb":{"@id":"https:\/\/www.institutodeengenharia.org.br\/site\/2025\/09\/26\/vlt-sao-paulo-e-tema-de-encontro-no-ie\/#breadcrumb"},"inLanguage":"pt-BR","potentialAction":[{"@type":"ReadAction","target":["https:\/\/www.institutodeengenharia.org.br\/site\/2025\/09\/26\/vlt-sao-paulo-e-tema-de-encontro-no-ie\/"]}]},{"@type":"ImageObject","inLanguage":"pt-BR","@id":"https:\/\/www.institutodeengenharia.org.br\/site\/2025\/09\/26\/vlt-sao-paulo-e-tema-de-encontro-no-ie\/#primaryimage","url":"https:\/\/www.institutodeengenharia.org.br\/site\/wp-content\/uploads\/2025\/09\/54813543476_16a246c320_c.jpg","contentUrl":"https:\/\/www.institutodeengenharia.org.br\/site\/wp-content\/uploads\/2025\/09\/54813543476_16a246c320_c.jpg","width":799,"height":360,"caption":"Ao Centro, a VP de Adm. e Finan\u00e7as, Miriana Marques, com Pedro Martin (\u00e0 dir.) e Manoel Botelho."},{"@type":"BreadcrumbList","@id":"https:\/\/www.institutodeengenharia.org.br\/site\/2025\/09\/26\/vlt-sao-paulo-e-tema-de-encontro-no-ie\/#breadcrumb","itemListElement":[{"@type":"ListItem","position":1,"name":"In\u00edcio","item":"https:\/\/www.institutodeengenharia.org.br\/site\/"},{"@type":"ListItem","position":2,"name":"VLT S\u00e3o Paulo \u00e9 tema de encontro no IE"}]},{"@type":"WebSite","@id":"https:\/\/www.institutodeengenharia.org.br\/site\/#website","url":"https:\/\/www.institutodeengenharia.org.br\/site\/","name":"Instituto de Engenharia","description":"O Instituto de Engenharia promove a Engenharia em benef\u00edcio do desenvolvimento e da qualidade de vida da sociedade.","publisher":{"@id":"https:\/\/www.institutodeengenharia.org.br\/site\/#organization"},"potentialAction":[{"@type":"SearchAction","target":{"@type":"EntryPoint","urlTemplate":"https:\/\/www.institutodeengenharia.org.br\/site\/?s={search_term_string}"},"query-input":{"@type":"PropertyValueSpecification","valueRequired":true,"valueName":"search_term_string"}}],"inLanguage":"pt-BR"},{"@type":"Organization","@id":"https:\/\/www.institutodeengenharia.org.br\/site\/#organization","name":"Instituto de Engenharia","url":"https:\/\/www.institutodeengenharia.org.br\/site\/","logo":{"@type":"ImageObject","inLanguage":"pt-BR","@id":"https:\/\/www.institutodeengenharia.org.br\/site\/#\/schema\/logo\/image\/","url":"https:\/\/www.institutodeengenharia.org.br\/site\/wp-content\/uploads\/2019\/03\/logo-novo-IE2018-1.jpg","contentUrl":"https:\/\/www.institutodeengenharia.org.br\/site\/wp-content\/uploads\/2019\/03\/logo-novo-IE2018-1.jpg","width":1486,"height":1879,"caption":"Instituto de Engenharia"},"image":{"@id":"https:\/\/www.institutodeengenharia.org.br\/site\/#\/schema\/logo\/image\/"},"sameAs":["https:\/\/www.facebook.com\/institutodeengenharia","https:\/\/x.com\/iengenharia","https:\/\/www.instagram.com\/institutodeengenharia\/","https:\/\/www.linkedin.com\/company\/instituto-de-engenharia\/","https:\/\/www.youtube.com\/channel\/UCXiCAlsSMe977vamW915HxA"]},{"@type":"Person","@id":"https:\/\/www.institutodeengenharia.org.br\/site\/#\/schema\/person\/593dc356630173a4877a635d3e5fd76b","name":"Isabel","image":{"@type":"ImageObject","inLanguage":"pt-BR","@id":"https:\/\/secure.gravatar.com\/avatar\/f3c521db63ec9db17894f10a88c6a3cf95b2281d7f80eeb3cf3ef1cb091576e7?s=96&d=mm&r=g","url":"https:\/\/secure.gravatar.com\/avatar\/f3c521db63ec9db17894f10a88c6a3cf95b2281d7f80eeb3cf3ef1cb091576e7?s=96&d=mm&r=g","contentUrl":"https:\/\/secure.gravatar.com\/avatar\/f3c521db63ec9db17894f10a88c6a3cf95b2281d7f80eeb3cf3ef1cb091576e7?s=96&d=mm&r=g","caption":"Isabel"},"url":"https:\/\/www.institutodeengenharia.org.br\/site\/author\/comunicacao2\/"}]}},"_links":{"self":[{"href":"https:\/\/www.institutodeengenharia.org.br\/site\/wp-json\/wp\/v2\/posts\/133222","targetHints":{"allow":["GET"]}}],"collection":[{"href":"https:\/\/www.institutodeengenharia.org.br\/site\/wp-json\/wp\/v2\/posts"}],"about":[{"href":"https:\/\/www.institutodeengenharia.org.br\/site\/wp-json\/wp\/v2\/types\/post"}],"author":[{"embeddable":true,"href":"https:\/\/www.institutodeengenharia.org.br\/site\/wp-json\/wp\/v2\/users\/14"}],"replies":[{"embeddable":true,"href":"https:\/\/www.institutodeengenharia.org.br\/site\/wp-json\/wp\/v2\/comments?post=133222"}],"version-history":[{"count":4,"href":"https:\/\/www.institutodeengenharia.org.br\/site\/wp-json\/wp\/v2\/posts\/133222\/revisions"}],"predecessor-version":[{"id":133230,"href":"https:\/\/www.institutodeengenharia.org.br\/site\/wp-json\/wp\/v2\/posts\/133222\/revisions\/133230"}],"wp:featuredmedia":[{"embeddable":true,"href":"https:\/\/www.institutodeengenharia.org.br\/site\/wp-json\/wp\/v2\/media\/133223"}],"wp:attachment":[{"href":"https:\/\/www.institutodeengenharia.org.br\/site\/wp-json\/wp\/v2\/media?parent=133222"}],"wp:term":[{"taxonomy":"category","embeddable":true,"href":"https:\/\/www.institutodeengenharia.org.br\/site\/wp-json\/wp\/v2\/categories?post=133222"},{"taxonomy":"post_tag","embeddable":true,"href":"https:\/\/www.institutodeengenharia.org.br\/site\/wp-json\/wp\/v2\/tags?post=133222"}],"curies":[{"name":"wp","href":"https:\/\/api.w.org\/{rel}","templated":true}]}}