{"id":133167,"date":"2025-09-25T12:29:55","date_gmt":"2025-09-25T15:29:55","guid":{"rendered":"https:\/\/www.institutodeengenharia.org.br\/site\/?p=133167"},"modified":"2025-09-27T09:06:25","modified_gmt":"2025-09-27T12:06:25","slug":"equipe-da-pmsp-apresenta-a-tecnicos-do-ie-projeto-do-tunel-sena-madureira","status":"publish","type":"post","link":"https:\/\/www.institutodeengenharia.org.br\/site\/2025\/09\/25\/equipe-da-pmsp-apresenta-a-tecnicos-do-ie-projeto-do-tunel-sena-madureira\/","title":{"rendered":"Equipe da PMSP apresenta a t\u00e9cnicos do IE projeto do T\u00fanel Sena Madureira"},"content":{"rendered":"<p>Lideran\u00e7as da equipe de trabalho da Prefeitura de S\u00e3o Paulo, que est\u00e3o \u00e0 frente do Projeto do Complexo Vi\u00e1rio Sena Madureira, foram recebidas, nesta quarta (24), na sede do Instituto de Engenharia, pelo presidente da Casa, Jos\u00e9 Eduardo Jardim, sua diretoria e corpo t\u00e9cnico.<\/p>\n<p>O encontro teve como objetivo apresentar aos engenheiros do Instituto o projeto do t\u00fanel que conectar\u00e1 a Rua Sena Madureira \u00e0 Avenida Ricardo Jafet, no bairro do Ipiranga. A obra tem como foco a melhoria da mobilidade urbana na regi\u00e3o da Vila Mariana, em especial no cruzamento da Rua Sena Madureira com a Avenida Domingos de Moraes. As duas audi\u00eancias p\u00fablicas j\u00e1 realizadas ocorreram em espa\u00e7o cedido pelo Instituto de Engenharia.<\/p>\n<p>Estiveram no encontro Marcos Monteiro, secret\u00e1rio de Infraestrutura Urbana e Obras (Siurb); Marco Al\u00e9ssio, presidente da SPObras, Rodrigo Kenji de Souza Ashiuchi, secret\u00e1rio do Verde e do Meio Ambiente; Sidney Cruz, secret\u00e1rio municipal de Habita\u00e7\u00e3o; Milton Persoli, presidente da CET; Ricardo Pradas, da secretaria Executiva de Mobilidade e Tr\u00e2nsito, e Rafael Camargo, da SPTrans.<\/p>\n<p>Na apresenta\u00e7\u00e3o, foram abordados aspectos ambientais, de engenharia e geometria do projeto, tr\u00e2nsito e transporte, al\u00e9m das negocia\u00e7\u00f5es necess\u00e1rias para a realoca\u00e7\u00e3o de cerca de 200 fam\u00edlias das comunidades Sousa Ramos e Luis Alves.<\/p>\n<p>Devido \u00e0 complexidade do projeto, a equipe t\u00e9cnica do Instituto de Engenharia far\u00e1 uma an\u00e1lise detalhada para emiss\u00e3o de parecer t\u00e9cnico.<\/p>\n<p>Dessa forma, o Instituto reafirma seu compromisso em colaborar de forma respons\u00e1vel e isenta, colocando sua experi\u00eancia a servi\u00e7o tanto do poder p\u00fablico quanto da popula\u00e7\u00e3o, na busca de solu\u00e7\u00f5es que tragam benef\u00edcios concretos para a cidade.<\/p>\n","protected":false},"excerpt":{"rendered":"<p>Lideran\u00e7as da equipe de trabalho da Prefeitura de S\u00e3o Paulo, que est\u00e3o \u00e0 frente do Projeto do Complexo Vi\u00e1rio Sena Madureira, foram recebidas, nesta quarta (24), na sede do Instituto de Engenharia, pelo presidente da Casa, Jos\u00e9 Eduardo Jardim, sua diretoria e corpo t\u00e9cnico. O encontro teve como objetivo apresentar aos engenheiros do Instituto o [&hellip;]<\/p>\n","protected":false},"author":14,"featured_media":133168,"comment_status":"open","ping_status":"open","sticky":false,"template":"","format":"standard","meta":{"footnotes":""},"categories":[27,141,42],"tags":[],"class_list":{"0":"post-133167","1":"post","2":"type-post","3":"status-publish","4":"format-standard","5":"has-post-thumbnail","7":"category-instituto-de-engenharia","8":"category-noticias-menu","9":"category-urbanismo"},"yoast_head":"<!-- This site is optimized with the Yoast SEO plugin v27.2 - https:\/\/yoast.com\/product\/yoast-seo-wordpress\/ -->\n<title>Equipe da PMSP apresenta a t\u00e9cnicos do IE projeto do T\u00fanel Sena Madureira - Instituto de Engenharia<\/title>\n<meta name=\"robots\" content=\"index, follow, max-snippet:-1, max-image-preview:large, max-video-preview:-1\" \/>\n<link rel=\"canonical\" href=\"https:\/\/www.institutodeengenharia.org.br\/site\/2025\/09\/25\/equipe-da-pmsp-apresenta-a-tecnicos-do-ie-projeto-do-tunel-sena-madureira\/\" \/>\n<meta property=\"og:locale\" content=\"pt_BR\" \/>\n<meta property=\"og:type\" content=\"article\" \/>\n<meta property=\"og:title\" content=\"Equipe da PMSP apresenta a t\u00e9cnicos do IE projeto do T\u00fanel Sena Madureira - Instituto de Engenharia\" \/>\n<meta property=\"og:description\" content=\"Lideran\u00e7as da equipe de trabalho da Prefeitura de S\u00e3o Paulo, que est\u00e3o \u00e0 frente do Projeto do Complexo Vi\u00e1rio Sena Madureira, foram recebidas, nesta quarta (24), na sede do Instituto de Engenharia, pelo presidente da Casa, Jos\u00e9 Eduardo Jardim, sua diretoria e corpo t\u00e9cnico. O encontro teve como objetivo apresentar aos engenheiros do Instituto o [&hellip;]\" \/>\n<meta property=\"og:url\" content=\"https:\/\/www.institutodeengenharia.org.br\/site\/2025\/09\/25\/equipe-da-pmsp-apresenta-a-tecnicos-do-ie-projeto-do-tunel-sena-madureira\/\" \/>\n<meta property=\"og:site_name\" content=\"Instituto de Engenharia\" \/>\n<meta property=\"article:publisher\" content=\"https:\/\/www.facebook.com\/institutodeengenharia\" \/>\n<meta property=\"article:published_time\" content=\"2025-09-25T15:29:55+00:00\" \/>\n<meta property=\"article:modified_time\" content=\"2025-09-27T12:06:25+00:00\" \/>\n<meta property=\"og:image\" content=\"https:\/\/www.institutodeengenharia.org.br\/site\/wp-content\/uploads\/2025\/09\/Midia-22.jpg\" \/>\n\t<meta property=\"og:image:width\" content=\"1600\" \/>\n\t<meta property=\"og:image:height\" content=\"900\" \/>\n\t<meta property=\"og:image:type\" content=\"image\/jpeg\" \/>\n<meta name=\"author\" content=\"Isabel\" \/>\n<meta name=\"twitter:card\" content=\"summary_large_image\" \/>\n<meta name=\"twitter:creator\" content=\"@iengenharia\" \/>\n<meta name=\"twitter:site\" content=\"@iengenharia\" \/>\n<meta name=\"twitter:label1\" content=\"Escrito por\" \/>\n\t<meta name=\"twitter:data1\" content=\"Isabel\" \/>\n\t<meta name=\"twitter:label2\" content=\"Est. tempo de leitura\" \/>\n\t<meta name=\"twitter:data2\" content=\"2 minutos\" \/>\n<script type=\"application\/ld+json\" class=\"yoast-schema-graph\">{\"@context\":\"https:\/\/schema.org\",\"@graph\":[{\"@type\":\"Article\",\"@id\":\"https:\/\/www.institutodeengenharia.org.br\/site\/2025\/09\/25\/equipe-da-pmsp-apresenta-a-tecnicos-do-ie-projeto-do-tunel-sena-madureira\/#article\",\"isPartOf\":{\"@id\":\"https:\/\/www.institutodeengenharia.org.br\/site\/2025\/09\/25\/equipe-da-pmsp-apresenta-a-tecnicos-do-ie-projeto-do-tunel-sena-madureira\/\"},\"author\":{\"name\":\"Isabel\",\"@id\":\"https:\/\/www.institutodeengenharia.org.br\/site\/#\/schema\/person\/593dc356630173a4877a635d3e5fd76b\"},\"headline\":\"Equipe da PMSP apresenta a t\u00e9cnicos do IE projeto do T\u00fanel Sena Madureira\",\"datePublished\":\"2025-09-25T15:29:55+00:00\",\"dateModified\":\"2025-09-27T12:06:25+00:00\",\"mainEntityOfPage\":{\"@id\":\"https:\/\/www.institutodeengenharia.org.br\/site\/2025\/09\/25\/equipe-da-pmsp-apresenta-a-tecnicos-do-ie-projeto-do-tunel-sena-madureira\/\"},\"wordCount\":305,\"commentCount\":0,\"publisher\":{\"@id\":\"https:\/\/www.institutodeengenharia.org.br\/site\/#organization\"},\"image\":{\"@id\":\"https:\/\/www.institutodeengenharia.org.br\/site\/2025\/09\/25\/equipe-da-pmsp-apresenta-a-tecnicos-do-ie-projeto-do-tunel-sena-madureira\/#primaryimage\"},\"thumbnailUrl\":\"https:\/\/www.institutodeengenharia.org.br\/site\/wp-content\/uploads\/2025\/09\/Midia-22.jpg\",\"articleSection\":[\"Instituto de Engenharia\",\"Not\u00edcias\",\"Urbanismo\"],\"inLanguage\":\"pt-BR\",\"potentialAction\":[{\"@type\":\"CommentAction\",\"name\":\"Comment\",\"target\":[\"https:\/\/www.institutodeengenharia.org.br\/site\/2025\/09\/25\/equipe-da-pmsp-apresenta-a-tecnicos-do-ie-projeto-do-tunel-sena-madureira\/#respond\"]}]},{\"@type\":\"WebPage\",\"@id\":\"https:\/\/www.institutodeengenharia.org.br\/site\/2025\/09\/25\/equipe-da-pmsp-apresenta-a-tecnicos-do-ie-projeto-do-tunel-sena-madureira\/\",\"url\":\"https:\/\/www.institutodeengenharia.org.br\/site\/2025\/09\/25\/equipe-da-pmsp-apresenta-a-tecnicos-do-ie-projeto-do-tunel-sena-madureira\/\",\"name\":\"Equipe da PMSP apresenta a t\u00e9cnicos do IE projeto do T\u00fanel Sena Madureira - Instituto de Engenharia\",\"isPartOf\":{\"@id\":\"https:\/\/www.institutodeengenharia.org.br\/site\/#website\"},\"primaryImageOfPage\":{\"@id\":\"https:\/\/www.institutodeengenharia.org.br\/site\/2025\/09\/25\/equipe-da-pmsp-apresenta-a-tecnicos-do-ie-projeto-do-tunel-sena-madureira\/#primaryimage\"},\"image\":{\"@id\":\"https:\/\/www.institutodeengenharia.org.br\/site\/2025\/09\/25\/equipe-da-pmsp-apresenta-a-tecnicos-do-ie-projeto-do-tunel-sena-madureira\/#primaryimage\"},\"thumbnailUrl\":\"https:\/\/www.institutodeengenharia.org.br\/site\/wp-content\/uploads\/2025\/09\/Midia-22.jpg\",\"datePublished\":\"2025-09-25T15:29:55+00:00\",\"dateModified\":\"2025-09-27T12:06:25+00:00\",\"breadcrumb\":{\"@id\":\"https:\/\/www.institutodeengenharia.org.br\/site\/2025\/09\/25\/equipe-da-pmsp-apresenta-a-tecnicos-do-ie-projeto-do-tunel-sena-madureira\/#breadcrumb\"},\"inLanguage\":\"pt-BR\",\"potentialAction\":[{\"@type\":\"ReadAction\",\"target\":[\"https:\/\/www.institutodeengenharia.org.br\/site\/2025\/09\/25\/equipe-da-pmsp-apresenta-a-tecnicos-do-ie-projeto-do-tunel-sena-madureira\/\"]}]},{\"@type\":\"ImageObject\",\"inLanguage\":\"pt-BR\",\"@id\":\"https:\/\/www.institutodeengenharia.org.br\/site\/2025\/09\/25\/equipe-da-pmsp-apresenta-a-tecnicos-do-ie-projeto-do-tunel-sena-madureira\/#primaryimage\",\"url\":\"https:\/\/www.institutodeengenharia.org.br\/site\/wp-content\/uploads\/2025\/09\/Midia-22.jpg\",\"contentUrl\":\"https:\/\/www.institutodeengenharia.org.br\/site\/wp-content\/uploads\/2025\/09\/Midia-22.jpg\",\"width\":1600,\"height\":900},{\"@type\":\"BreadcrumbList\",\"@id\":\"https:\/\/www.institutodeengenharia.org.br\/site\/2025\/09\/25\/equipe-da-pmsp-apresenta-a-tecnicos-do-ie-projeto-do-tunel-sena-madureira\/#breadcrumb\",\"itemListElement\":[{\"@type\":\"ListItem\",\"position\":1,\"name\":\"In\u00edcio\",\"item\":\"https:\/\/www.institutodeengenharia.org.br\/site\/\"},{\"@type\":\"ListItem\",\"position\":2,\"name\":\"Equipe da PMSP apresenta a t\u00e9cnicos do IE projeto do T\u00fanel Sena Madureira\"}]},{\"@type\":\"WebSite\",\"@id\":\"https:\/\/www.institutodeengenharia.org.br\/site\/#website\",\"url\":\"https:\/\/www.institutodeengenharia.org.br\/site\/\",\"name\":\"Instituto de Engenharia\",\"description\":\"O Instituto de Engenharia promove a Engenharia em benef\u00edcio do desenvolvimento e da qualidade de vida da sociedade.\",\"publisher\":{\"@id\":\"https:\/\/www.institutodeengenharia.org.br\/site\/#organization\"},\"potentialAction\":[{\"@type\":\"SearchAction\",\"target\":{\"@type\":\"EntryPoint\",\"urlTemplate\":\"https:\/\/www.institutodeengenharia.org.br\/site\/?s={search_term_string}\"},\"query-input\":{\"@type\":\"PropertyValueSpecification\",\"valueRequired\":true,\"valueName\":\"search_term_string\"}}],\"inLanguage\":\"pt-BR\"},{\"@type\":\"Organization\",\"@id\":\"https:\/\/www.institutodeengenharia.org.br\/site\/#organization\",\"name\":\"Instituto de Engenharia\",\"url\":\"https:\/\/www.institutodeengenharia.org.br\/site\/\",\"logo\":{\"@type\":\"ImageObject\",\"inLanguage\":\"pt-BR\",\"@id\":\"https:\/\/www.institutodeengenharia.org.br\/site\/#\/schema\/logo\/image\/\",\"url\":\"https:\/\/www.institutodeengenharia.org.br\/site\/wp-content\/uploads\/2019\/03\/logo-novo-IE2018-1.jpg\",\"contentUrl\":\"https:\/\/www.institutodeengenharia.org.br\/site\/wp-content\/uploads\/2019\/03\/logo-novo-IE2018-1.jpg\",\"width\":1486,\"height\":1879,\"caption\":\"Instituto de Engenharia\"},\"image\":{\"@id\":\"https:\/\/www.institutodeengenharia.org.br\/site\/#\/schema\/logo\/image\/\"},\"sameAs\":[\"https:\/\/www.facebook.com\/institutodeengenharia\",\"https:\/\/x.com\/iengenharia\",\"https:\/\/www.instagram.com\/institutodeengenharia\/\",\"https:\/\/www.linkedin.com\/company\/instituto-de-engenharia\/\",\"https:\/\/www.youtube.com\/channel\/UCXiCAlsSMe977vamW915HxA\"]},{\"@type\":\"Person\",\"@id\":\"https:\/\/www.institutodeengenharia.org.br\/site\/#\/schema\/person\/593dc356630173a4877a635d3e5fd76b\",\"name\":\"Isabel\",\"image\":{\"@type\":\"ImageObject\",\"inLanguage\":\"pt-BR\",\"@id\":\"https:\/\/secure.gravatar.com\/avatar\/f3c521db63ec9db17894f10a88c6a3cf95b2281d7f80eeb3cf3ef1cb091576e7?s=96&d=mm&r=g\",\"url\":\"https:\/\/secure.gravatar.com\/avatar\/f3c521db63ec9db17894f10a88c6a3cf95b2281d7f80eeb3cf3ef1cb091576e7?s=96&d=mm&r=g\",\"contentUrl\":\"https:\/\/secure.gravatar.com\/avatar\/f3c521db63ec9db17894f10a88c6a3cf95b2281d7f80eeb3cf3ef1cb091576e7?s=96&d=mm&r=g\",\"caption\":\"Isabel\"},\"url\":\"https:\/\/www.institutodeengenharia.org.br\/site\/author\/comunicacao2\/\"}]}<\/script>\n<!-- \/ Yoast SEO plugin. -->","yoast_head_json":{"title":"Equipe da PMSP apresenta a t\u00e9cnicos do IE projeto do T\u00fanel Sena Madureira - Instituto de Engenharia","robots":{"index":"index","follow":"follow","max-snippet":"max-snippet:-1","max-image-preview":"max-image-preview:large","max-video-preview":"max-video-preview:-1"},"canonical":"https:\/\/www.institutodeengenharia.org.br\/site\/2025\/09\/25\/equipe-da-pmsp-apresenta-a-tecnicos-do-ie-projeto-do-tunel-sena-madureira\/","og_locale":"pt_BR","og_type":"article","og_title":"Equipe da PMSP apresenta a t\u00e9cnicos do IE projeto do T\u00fanel Sena Madureira - Instituto de Engenharia","og_description":"Lideran\u00e7as da equipe de trabalho da Prefeitura de S\u00e3o Paulo, que est\u00e3o \u00e0 frente do Projeto do Complexo Vi\u00e1rio Sena Madureira, foram recebidas, nesta quarta (24), na sede do Instituto de Engenharia, pelo presidente da Casa, Jos\u00e9 Eduardo Jardim, sua diretoria e corpo t\u00e9cnico. O encontro teve como objetivo apresentar aos engenheiros do Instituto o [&hellip;]","og_url":"https:\/\/www.institutodeengenharia.org.br\/site\/2025\/09\/25\/equipe-da-pmsp-apresenta-a-tecnicos-do-ie-projeto-do-tunel-sena-madureira\/","og_site_name":"Instituto de Engenharia","article_publisher":"https:\/\/www.facebook.com\/institutodeengenharia","article_published_time":"2025-09-25T15:29:55+00:00","article_modified_time":"2025-09-27T12:06:25+00:00","og_image":[{"width":1600,"height":900,"url":"https:\/\/www.institutodeengenharia.org.br\/site\/wp-content\/uploads\/2025\/09\/Midia-22.jpg","type":"image\/jpeg"}],"author":"Isabel","twitter_card":"summary_large_image","twitter_creator":"@iengenharia","twitter_site":"@iengenharia","twitter_misc":{"Escrito por":"Isabel","Est. tempo de leitura":"2 minutos"},"schema":{"@context":"https:\/\/schema.org","@graph":[{"@type":"Article","@id":"https:\/\/www.institutodeengenharia.org.br\/site\/2025\/09\/25\/equipe-da-pmsp-apresenta-a-tecnicos-do-ie-projeto-do-tunel-sena-madureira\/#article","isPartOf":{"@id":"https:\/\/www.institutodeengenharia.org.br\/site\/2025\/09\/25\/equipe-da-pmsp-apresenta-a-tecnicos-do-ie-projeto-do-tunel-sena-madureira\/"},"author":{"name":"Isabel","@id":"https:\/\/www.institutodeengenharia.org.br\/site\/#\/schema\/person\/593dc356630173a4877a635d3e5fd76b"},"headline":"Equipe da PMSP apresenta a t\u00e9cnicos do IE projeto do T\u00fanel Sena Madureira","datePublished":"2025-09-25T15:29:55+00:00","dateModified":"2025-09-27T12:06:25+00:00","mainEntityOfPage":{"@id":"https:\/\/www.institutodeengenharia.org.br\/site\/2025\/09\/25\/equipe-da-pmsp-apresenta-a-tecnicos-do-ie-projeto-do-tunel-sena-madureira\/"},"wordCount":305,"commentCount":0,"publisher":{"@id":"https:\/\/www.institutodeengenharia.org.br\/site\/#organization"},"image":{"@id":"https:\/\/www.institutodeengenharia.org.br\/site\/2025\/09\/25\/equipe-da-pmsp-apresenta-a-tecnicos-do-ie-projeto-do-tunel-sena-madureira\/#primaryimage"},"thumbnailUrl":"https:\/\/www.institutodeengenharia.org.br\/site\/wp-content\/uploads\/2025\/09\/Midia-22.jpg","articleSection":["Instituto de Engenharia","Not\u00edcias","Urbanismo"],"inLanguage":"pt-BR","potentialAction":[{"@type":"CommentAction","name":"Comment","target":["https:\/\/www.institutodeengenharia.org.br\/site\/2025\/09\/25\/equipe-da-pmsp-apresenta-a-tecnicos-do-ie-projeto-do-tunel-sena-madureira\/#respond"]}]},{"@type":"WebPage","@id":"https:\/\/www.institutodeengenharia.org.br\/site\/2025\/09\/25\/equipe-da-pmsp-apresenta-a-tecnicos-do-ie-projeto-do-tunel-sena-madureira\/","url":"https:\/\/www.institutodeengenharia.org.br\/site\/2025\/09\/25\/equipe-da-pmsp-apresenta-a-tecnicos-do-ie-projeto-do-tunel-sena-madureira\/","name":"Equipe da PMSP apresenta a t\u00e9cnicos do IE projeto do T\u00fanel Sena Madureira - Instituto de Engenharia","isPartOf":{"@id":"https:\/\/www.institutodeengenharia.org.br\/site\/#website"},"primaryImageOfPage":{"@id":"https:\/\/www.institutodeengenharia.org.br\/site\/2025\/09\/25\/equipe-da-pmsp-apresenta-a-tecnicos-do-ie-projeto-do-tunel-sena-madureira\/#primaryimage"},"image":{"@id":"https:\/\/www.institutodeengenharia.org.br\/site\/2025\/09\/25\/equipe-da-pmsp-apresenta-a-tecnicos-do-ie-projeto-do-tunel-sena-madureira\/#primaryimage"},"thumbnailUrl":"https:\/\/www.institutodeengenharia.org.br\/site\/wp-content\/uploads\/2025\/09\/Midia-22.jpg","datePublished":"2025-09-25T15:29:55+00:00","dateModified":"2025-09-27T12:06:25+00:00","breadcrumb":{"@id":"https:\/\/www.institutodeengenharia.org.br\/site\/2025\/09\/25\/equipe-da-pmsp-apresenta-a-tecnicos-do-ie-projeto-do-tunel-sena-madureira\/#breadcrumb"},"inLanguage":"pt-BR","potentialAction":[{"@type":"ReadAction","target":["https:\/\/www.institutodeengenharia.org.br\/site\/2025\/09\/25\/equipe-da-pmsp-apresenta-a-tecnicos-do-ie-projeto-do-tunel-sena-madureira\/"]}]},{"@type":"ImageObject","inLanguage":"pt-BR","@id":"https:\/\/www.institutodeengenharia.org.br\/site\/2025\/09\/25\/equipe-da-pmsp-apresenta-a-tecnicos-do-ie-projeto-do-tunel-sena-madureira\/#primaryimage","url":"https:\/\/www.institutodeengenharia.org.br\/site\/wp-content\/uploads\/2025\/09\/Midia-22.jpg","contentUrl":"https:\/\/www.institutodeengenharia.org.br\/site\/wp-content\/uploads\/2025\/09\/Midia-22.jpg","width":1600,"height":900},{"@type":"BreadcrumbList","@id":"https:\/\/www.institutodeengenharia.org.br\/site\/2025\/09\/25\/equipe-da-pmsp-apresenta-a-tecnicos-do-ie-projeto-do-tunel-sena-madureira\/#breadcrumb","itemListElement":[{"@type":"ListItem","position":1,"name":"In\u00edcio","item":"https:\/\/www.institutodeengenharia.org.br\/site\/"},{"@type":"ListItem","position":2,"name":"Equipe da PMSP apresenta a t\u00e9cnicos do IE projeto do T\u00fanel Sena Madureira"}]},{"@type":"WebSite","@id":"https:\/\/www.institutodeengenharia.org.br\/site\/#website","url":"https:\/\/www.institutodeengenharia.org.br\/site\/","name":"Instituto de Engenharia","description":"O Instituto de Engenharia promove a Engenharia em benef\u00edcio do desenvolvimento e da qualidade de vida da sociedade.","publisher":{"@id":"https:\/\/www.institutodeengenharia.org.br\/site\/#organization"},"potentialAction":[{"@type":"SearchAction","target":{"@type":"EntryPoint","urlTemplate":"https:\/\/www.institutodeengenharia.org.br\/site\/?s={search_term_string}"},"query-input":{"@type":"PropertyValueSpecification","valueRequired":true,"valueName":"search_term_string"}}],"inLanguage":"pt-BR"},{"@type":"Organization","@id":"https:\/\/www.institutodeengenharia.org.br\/site\/#organization","name":"Instituto de Engenharia","url":"https:\/\/www.institutodeengenharia.org.br\/site\/","logo":{"@type":"ImageObject","inLanguage":"pt-BR","@id":"https:\/\/www.institutodeengenharia.org.br\/site\/#\/schema\/logo\/image\/","url":"https:\/\/www.institutodeengenharia.org.br\/site\/wp-content\/uploads\/2019\/03\/logo-novo-IE2018-1.jpg","contentUrl":"https:\/\/www.institutodeengenharia.org.br\/site\/wp-content\/uploads\/2019\/03\/logo-novo-IE2018-1.jpg","width":1486,"height":1879,"caption":"Instituto de Engenharia"},"image":{"@id":"https:\/\/www.institutodeengenharia.org.br\/site\/#\/schema\/logo\/image\/"},"sameAs":["https:\/\/www.facebook.com\/institutodeengenharia","https:\/\/x.com\/iengenharia","https:\/\/www.instagram.com\/institutodeengenharia\/","https:\/\/www.linkedin.com\/company\/instituto-de-engenharia\/","https:\/\/www.youtube.com\/channel\/UCXiCAlsSMe977vamW915HxA"]},{"@type":"Person","@id":"https:\/\/www.institutodeengenharia.org.br\/site\/#\/schema\/person\/593dc356630173a4877a635d3e5fd76b","name":"Isabel","image":{"@type":"ImageObject","inLanguage":"pt-BR","@id":"https:\/\/secure.gravatar.com\/avatar\/f3c521db63ec9db17894f10a88c6a3cf95b2281d7f80eeb3cf3ef1cb091576e7?s=96&d=mm&r=g","url":"https:\/\/secure.gravatar.com\/avatar\/f3c521db63ec9db17894f10a88c6a3cf95b2281d7f80eeb3cf3ef1cb091576e7?s=96&d=mm&r=g","contentUrl":"https:\/\/secure.gravatar.com\/avatar\/f3c521db63ec9db17894f10a88c6a3cf95b2281d7f80eeb3cf3ef1cb091576e7?s=96&d=mm&r=g","caption":"Isabel"},"url":"https:\/\/www.institutodeengenharia.org.br\/site\/author\/comunicacao2\/"}]}},"_links":{"self":[{"href":"https:\/\/www.institutodeengenharia.org.br\/site\/wp-json\/wp\/v2\/posts\/133167","targetHints":{"allow":["GET"]}}],"collection":[{"href":"https:\/\/www.institutodeengenharia.org.br\/site\/wp-json\/wp\/v2\/posts"}],"about":[{"href":"https:\/\/www.institutodeengenharia.org.br\/site\/wp-json\/wp\/v2\/types\/post"}],"author":[{"embeddable":true,"href":"https:\/\/www.institutodeengenharia.org.br\/site\/wp-json\/wp\/v2\/users\/14"}],"replies":[{"embeddable":true,"href":"https:\/\/www.institutodeengenharia.org.br\/site\/wp-json\/wp\/v2\/comments?post=133167"}],"version-history":[{"count":2,"href":"https:\/\/www.institutodeengenharia.org.br\/site\/wp-json\/wp\/v2\/posts\/133167\/revisions"}],"predecessor-version":[{"id":133256,"href":"https:\/\/www.institutodeengenharia.org.br\/site\/wp-json\/wp\/v2\/posts\/133167\/revisions\/133256"}],"wp:featuredmedia":[{"embeddable":true,"href":"https:\/\/www.institutodeengenharia.org.br\/site\/wp-json\/wp\/v2\/media\/133168"}],"wp:attachment":[{"href":"https:\/\/www.institutodeengenharia.org.br\/site\/wp-json\/wp\/v2\/media?parent=133167"}],"wp:term":[{"taxonomy":"category","embeddable":true,"href":"https:\/\/www.institutodeengenharia.org.br\/site\/wp-json\/wp\/v2\/categories?post=133167"},{"taxonomy":"post_tag","embeddable":true,"href":"https:\/\/www.institutodeengenharia.org.br\/site\/wp-json\/wp\/v2\/tags?post=133167"}],"curies":[{"name":"wp","href":"https:\/\/api.w.org\/{rel}","templated":true}]}}