{"id":132921,"date":"2025-09-23T12:01:40","date_gmt":"2025-09-23T15:01:40","guid":{"rendered":"https:\/\/www.institutodeengenharia.org.br\/site\/?p=132921"},"modified":"2025-09-23T12:02:18","modified_gmt":"2025-09-23T15:02:18","slug":"ie-tcmsp-e-crea-sp-assinam-termo-de-cooperacao-tecnica-para-consolidacao-do-bim","status":"publish","type":"post","link":"https:\/\/www.institutodeengenharia.org.br\/site\/2025\/09\/23\/ie-tcmsp-e-crea-sp-assinam-termo-de-cooperacao-tecnica-para-consolidacao-do-bim\/","title":{"rendered":"IE, TCMSP e Crea-SP assinam Termo de Coopera\u00e7\u00e3o T\u00e9cnica para consolida\u00e7\u00e3o do BIM"},"content":{"rendered":"<p>O Instituto de Engenharia, o Tribunal de Contas do Munic\u00edpio de S\u00e3o Paulo (TCMSP) e o Conselho Regional de Engenharia e Agronomia de S\u00e3o Paulo (Crea-SP) assinaram nesta ter\u00e7a (23), no Plen\u00e1rio do TCMSP, um Termo de Coopera\u00e7\u00e3o T\u00e9cnica, com o objetivo de consolidar a metodologia BIM (<em>Building Information Modelling<\/em>), oferecendo a associados e servidores encontros, semin\u00e1rios, programas de forma\u00e7\u00e3o e capacita\u00e7\u00e3o para aprimoramento na tecnologia.<\/p>\n<figure id=\"attachment_132933\" aria-describedby=\"caption-attachment-132933\" style=\"width: 300px\" class=\"wp-caption alignleft\"><img loading=\"lazy\" decoding=\"async\" class=\"size-medium wp-image-132933\" src=\"https:\/\/www.institutodeengenharia.org.br\/site\/wp-content\/uploads\/2025\/09\/Midia-18-300x225.jpg\" alt=\"\" width=\"300\" height=\"225\" srcset=\"https:\/\/www.institutodeengenharia.org.br\/site\/wp-content\/uploads\/2025\/09\/Midia-18-300x225.jpg 300w, https:\/\/www.institutodeengenharia.org.br\/site\/wp-content\/uploads\/2025\/09\/Midia-18-1024x768.jpg 1024w, https:\/\/www.institutodeengenharia.org.br\/site\/wp-content\/uploads\/2025\/09\/Midia-18-768x576.jpg 768w, https:\/\/www.institutodeengenharia.org.br\/site\/wp-content\/uploads\/2025\/09\/Midia-18-1536x1152.jpg 1536w, https:\/\/www.institutodeengenharia.org.br\/site\/wp-content\/uploads\/2025\/09\/Midia-18-560x420.jpg 560w, https:\/\/www.institutodeengenharia.org.br\/site\/wp-content\/uploads\/2025\/09\/Midia-18-80x60.jpg 80w, https:\/\/www.institutodeengenharia.org.br\/site\/wp-content\/uploads\/2025\/09\/Midia-18-696x522.jpg 696w, https:\/\/www.institutodeengenharia.org.br\/site\/wp-content\/uploads\/2025\/09\/Midia-18-1068x801.jpg 1068w, https:\/\/www.institutodeengenharia.org.br\/site\/wp-content\/uploads\/2025\/09\/Midia-18-265x198.jpg 265w, https:\/\/www.institutodeengenharia.org.br\/site\/wp-content\/uploads\/2025\/09\/Midia-18-600x450.jpg 600w, https:\/\/www.institutodeengenharia.org.br\/site\/wp-content\/uploads\/2025\/09\/Midia-18.jpg 1600w\" sizes=\"auto, (max-width: 300px) 100vw, 300px\" \/><figcaption id=\"caption-attachment-132933\" class=\"wp-caption-text\">Da esq. p\/ dir.: Ivan Whately, Miriana Marques e Rui Camargo<\/figcaption><\/figure>\n<p>O termo foi assinado pelo presidente do Instituto de Engenharia, Jos\u00e9 Eduardo Jardim, pelo presidente do TCMSP, Domingos Dissei, e pelos integrantes do Crea-SP, Mar\u00edlia Gregolin Costa de Castro e Abner Rodrigo Toledo. O encontro tamb\u00e9m contou com a participa\u00e7\u00e3o de Miriana Marques e Ivan Whately, respectivamente, VP de Adm. e Finan\u00e7as e VP de Rela\u00e7\u00f5es Externas do IE, e de Rui Camargo, diretor da Revista Engenharia.<\/p>\n<p>Segundo Jos\u00e9 Eduardo Jardim, o BIM est\u00e1 se firmando como um novo padr\u00e3o na constru\u00e7\u00e3o civil \u2014 impulsionado n\u00e3o s\u00f3 por sua efici\u00eancia, mas tamb\u00e9m por exig\u00eancias legais e pela busca por mais sustentabilidade, precis\u00e3o e economia nas obras.<\/p>\n<p><img loading=\"lazy\" decoding=\"async\" class=\"size-medium wp-image-132936 aligncenter\" src=\"https:\/\/www.institutodeengenharia.org.br\/site\/wp-content\/uploads\/2025\/09\/Midia-16-300x225.jpg\" alt=\"\" width=\"300\" height=\"225\" srcset=\"https:\/\/www.institutodeengenharia.org.br\/site\/wp-content\/uploads\/2025\/09\/Midia-16-300x225.jpg 300w, https:\/\/www.institutodeengenharia.org.br\/site\/wp-content\/uploads\/2025\/09\/Midia-16-768x576.jpg 768w, https:\/\/www.institutodeengenharia.org.br\/site\/wp-content\/uploads\/2025\/09\/Midia-16-560x420.jpg 560w, https:\/\/www.institutodeengenharia.org.br\/site\/wp-content\/uploads\/2025\/09\/Midia-16-80x60.jpg 80w, https:\/\/www.institutodeengenharia.org.br\/site\/wp-content\/uploads\/2025\/09\/Midia-16-696x522.jpg 696w, https:\/\/www.institutodeengenharia.org.br\/site\/wp-content\/uploads\/2025\/09\/Midia-16-265x198.jpg 265w, https:\/\/www.institutodeengenharia.org.br\/site\/wp-content\/uploads\/2025\/09\/Midia-16-600x450.jpg 600w, https:\/\/www.institutodeengenharia.org.br\/site\/wp-content\/uploads\/2025\/09\/Midia-16.jpg 800w\" sizes=\"auto, (max-width: 300px) 100vw, 300px\" \/>A assinatura precedeu o evento \u201cTecnologia BIM aplicada \u00e0 gest\u00e3o p\u00fablica no munic\u00edpio de S\u00e3o Paulo\u201d, que contou com uma mesa de debates, com a participa\u00e7\u00e3o de representantes da Secretaria Municipal de Habita\u00e7\u00e3o (SEHAB), da Secretaria Municipal de Infraestrutura Urbana e Obras (Siurb), da S\u00e3o Paulo Obras (SPObras) e do TCMSP.<\/p>\n<p>Juntar for\u00e7as para oferecer a associados e servidores encontros, semin\u00e1rios, programas de forma\u00e7\u00e3o e capacita\u00e7\u00e3o para aprimoramento de temas relacionados ao BIM \u00e9 crucial para a Engenharia Nacional.<\/p>\n<p>&nbsp;<\/p>\n<p>&nbsp;<\/p>\n","protected":false},"excerpt":{"rendered":"<p>O Instituto de Engenharia, o Tribunal de Contas do Munic\u00edpio de S\u00e3o Paulo (TCMSP) e o Conselho Regional de Engenharia e Agronomia de S\u00e3o Paulo (Crea-SP) assinaram nesta ter\u00e7a (23), no Plen\u00e1rio do TCMSP, um Termo de Coopera\u00e7\u00e3o T\u00e9cnica, com o objetivo de consolidar a metodologia BIM (Building Information Modelling), oferecendo a associados e servidores [&hellip;]<\/p>\n","protected":false},"author":14,"featured_media":132935,"comment_status":"open","ping_status":"open","sticky":false,"template":"","format":"standard","meta":{"footnotes":""},"categories":[27,6],"tags":[],"class_list":{"0":"post-132921","1":"post","2":"type-post","3":"status-publish","4":"format-standard","5":"has-post-thumbnail","7":"category-instituto-de-engenharia","8":"category-noticias"},"yoast_head":"<!-- This site is optimized with the Yoast SEO plugin v27.2 - https:\/\/yoast.com\/product\/yoast-seo-wordpress\/ -->\n<title>IE, TCMSP e Crea-SP assinam Termo de Coopera\u00e7\u00e3o T\u00e9cnica para consolida\u00e7\u00e3o do BIM - Instituto de Engenharia<\/title>\n<meta name=\"robots\" content=\"index, follow, max-snippet:-1, max-image-preview:large, max-video-preview:-1\" \/>\n<link rel=\"canonical\" href=\"https:\/\/www.institutodeengenharia.org.br\/site\/2025\/09\/23\/ie-tcmsp-e-crea-sp-assinam-termo-de-cooperacao-tecnica-para-consolidacao-do-bim\/\" \/>\n<meta property=\"og:locale\" content=\"pt_BR\" \/>\n<meta property=\"og:type\" content=\"article\" \/>\n<meta property=\"og:title\" content=\"IE, TCMSP e Crea-SP assinam Termo de Coopera\u00e7\u00e3o T\u00e9cnica para consolida\u00e7\u00e3o do BIM - Instituto de Engenharia\" \/>\n<meta property=\"og:description\" content=\"O Instituto de Engenharia, o Tribunal de Contas do Munic\u00edpio de S\u00e3o Paulo (TCMSP) e o Conselho Regional de Engenharia e Agronomia de S\u00e3o Paulo (Crea-SP) assinaram nesta ter\u00e7a (23), no Plen\u00e1rio do TCMSP, um Termo de Coopera\u00e7\u00e3o T\u00e9cnica, com o objetivo de consolidar a metodologia BIM (Building Information Modelling), oferecendo a associados e servidores [&hellip;]\" \/>\n<meta property=\"og:url\" content=\"https:\/\/www.institutodeengenharia.org.br\/site\/2025\/09\/23\/ie-tcmsp-e-crea-sp-assinam-termo-de-cooperacao-tecnica-para-consolidacao-do-bim\/\" \/>\n<meta property=\"og:site_name\" content=\"Instituto de Engenharia\" \/>\n<meta property=\"article:publisher\" content=\"https:\/\/www.facebook.com\/institutodeengenharia\" \/>\n<meta property=\"article:published_time\" content=\"2025-09-23T15:01:40+00:00\" \/>\n<meta property=\"article:modified_time\" content=\"2025-09-23T15:02:18+00:00\" \/>\n<meta property=\"og:image\" content=\"https:\/\/www.institutodeengenharia.org.br\/site\/wp-content\/uploads\/2025\/09\/Midia-19.jpg\" \/>\n\t<meta property=\"og:image:width\" content=\"1600\" \/>\n\t<meta property=\"og:image:height\" content=\"1200\" \/>\n\t<meta property=\"og:image:type\" content=\"image\/jpeg\" \/>\n<meta name=\"author\" content=\"Isabel\" \/>\n<meta name=\"twitter:card\" content=\"summary_large_image\" \/>\n<meta name=\"twitter:creator\" content=\"@iengenharia\" \/>\n<meta name=\"twitter:site\" content=\"@iengenharia\" \/>\n<meta name=\"twitter:label1\" content=\"Escrito por\" \/>\n\t<meta name=\"twitter:data1\" content=\"Isabel\" \/>\n\t<meta name=\"twitter:label2\" content=\"Est. tempo de leitura\" \/>\n\t<meta name=\"twitter:data2\" content=\"3 minutos\" \/>\n<script type=\"application\/ld+json\" class=\"yoast-schema-graph\">{\"@context\":\"https:\/\/schema.org\",\"@graph\":[{\"@type\":\"Article\",\"@id\":\"https:\/\/www.institutodeengenharia.org.br\/site\/2025\/09\/23\/ie-tcmsp-e-crea-sp-assinam-termo-de-cooperacao-tecnica-para-consolidacao-do-bim\/#article\",\"isPartOf\":{\"@id\":\"https:\/\/www.institutodeengenharia.org.br\/site\/2025\/09\/23\/ie-tcmsp-e-crea-sp-assinam-termo-de-cooperacao-tecnica-para-consolidacao-do-bim\/\"},\"author\":{\"name\":\"Isabel\",\"@id\":\"https:\/\/www.institutodeengenharia.org.br\/site\/#\/schema\/person\/593dc356630173a4877a635d3e5fd76b\"},\"headline\":\"IE, TCMSP e Crea-SP assinam Termo de Coopera\u00e7\u00e3o T\u00e9cnica para consolida\u00e7\u00e3o do BIM\",\"datePublished\":\"2025-09-23T15:01:40+00:00\",\"dateModified\":\"2025-09-23T15:02:18+00:00\",\"mainEntityOfPage\":{\"@id\":\"https:\/\/www.institutodeengenharia.org.br\/site\/2025\/09\/23\/ie-tcmsp-e-crea-sp-assinam-termo-de-cooperacao-tecnica-para-consolidacao-do-bim\/\"},\"wordCount\":316,\"commentCount\":0,\"publisher\":{\"@id\":\"https:\/\/www.institutodeengenharia.org.br\/site\/#organization\"},\"image\":{\"@id\":\"https:\/\/www.institutodeengenharia.org.br\/site\/2025\/09\/23\/ie-tcmsp-e-crea-sp-assinam-termo-de-cooperacao-tecnica-para-consolidacao-do-bim\/#primaryimage\"},\"thumbnailUrl\":\"https:\/\/www.institutodeengenharia.org.br\/site\/wp-content\/uploads\/2025\/09\/Midia-19.jpg\",\"articleSection\":[\"Instituto de Engenharia\",\"Not\u00edcias\"],\"inLanguage\":\"pt-BR\",\"potentialAction\":[{\"@type\":\"CommentAction\",\"name\":\"Comment\",\"target\":[\"https:\/\/www.institutodeengenharia.org.br\/site\/2025\/09\/23\/ie-tcmsp-e-crea-sp-assinam-termo-de-cooperacao-tecnica-para-consolidacao-do-bim\/#respond\"]}]},{\"@type\":\"WebPage\",\"@id\":\"https:\/\/www.institutodeengenharia.org.br\/site\/2025\/09\/23\/ie-tcmsp-e-crea-sp-assinam-termo-de-cooperacao-tecnica-para-consolidacao-do-bim\/\",\"url\":\"https:\/\/www.institutodeengenharia.org.br\/site\/2025\/09\/23\/ie-tcmsp-e-crea-sp-assinam-termo-de-cooperacao-tecnica-para-consolidacao-do-bim\/\",\"name\":\"IE, TCMSP e Crea-SP assinam Termo de Coopera\u00e7\u00e3o T\u00e9cnica para consolida\u00e7\u00e3o do BIM - Instituto de Engenharia\",\"isPartOf\":{\"@id\":\"https:\/\/www.institutodeengenharia.org.br\/site\/#website\"},\"primaryImageOfPage\":{\"@id\":\"https:\/\/www.institutodeengenharia.org.br\/site\/2025\/09\/23\/ie-tcmsp-e-crea-sp-assinam-termo-de-cooperacao-tecnica-para-consolidacao-do-bim\/#primaryimage\"},\"image\":{\"@id\":\"https:\/\/www.institutodeengenharia.org.br\/site\/2025\/09\/23\/ie-tcmsp-e-crea-sp-assinam-termo-de-cooperacao-tecnica-para-consolidacao-do-bim\/#primaryimage\"},\"thumbnailUrl\":\"https:\/\/www.institutodeengenharia.org.br\/site\/wp-content\/uploads\/2025\/09\/Midia-19.jpg\",\"datePublished\":\"2025-09-23T15:01:40+00:00\",\"dateModified\":\"2025-09-23T15:02:18+00:00\",\"breadcrumb\":{\"@id\":\"https:\/\/www.institutodeengenharia.org.br\/site\/2025\/09\/23\/ie-tcmsp-e-crea-sp-assinam-termo-de-cooperacao-tecnica-para-consolidacao-do-bim\/#breadcrumb\"},\"inLanguage\":\"pt-BR\",\"potentialAction\":[{\"@type\":\"ReadAction\",\"target\":[\"https:\/\/www.institutodeengenharia.org.br\/site\/2025\/09\/23\/ie-tcmsp-e-crea-sp-assinam-termo-de-cooperacao-tecnica-para-consolidacao-do-bim\/\"]}]},{\"@type\":\"ImageObject\",\"inLanguage\":\"pt-BR\",\"@id\":\"https:\/\/www.institutodeengenharia.org.br\/site\/2025\/09\/23\/ie-tcmsp-e-crea-sp-assinam-termo-de-cooperacao-tecnica-para-consolidacao-do-bim\/#primaryimage\",\"url\":\"https:\/\/www.institutodeengenharia.org.br\/site\/wp-content\/uploads\/2025\/09\/Midia-19.jpg\",\"contentUrl\":\"https:\/\/www.institutodeengenharia.org.br\/site\/wp-content\/uploads\/2025\/09\/Midia-19.jpg\",\"width\":1600,\"height\":1200,\"caption\":\"Jos\u00e9 Eduardo Jardim na abertura\"},{\"@type\":\"BreadcrumbList\",\"@id\":\"https:\/\/www.institutodeengenharia.org.br\/site\/2025\/09\/23\/ie-tcmsp-e-crea-sp-assinam-termo-de-cooperacao-tecnica-para-consolidacao-do-bim\/#breadcrumb\",\"itemListElement\":[{\"@type\":\"ListItem\",\"position\":1,\"name\":\"In\u00edcio\",\"item\":\"https:\/\/www.institutodeengenharia.org.br\/site\/\"},{\"@type\":\"ListItem\",\"position\":2,\"name\":\"IE, TCMSP e Crea-SP assinam Termo de Coopera\u00e7\u00e3o T\u00e9cnica para consolida\u00e7\u00e3o do BIM\"}]},{\"@type\":\"WebSite\",\"@id\":\"https:\/\/www.institutodeengenharia.org.br\/site\/#website\",\"url\":\"https:\/\/www.institutodeengenharia.org.br\/site\/\",\"name\":\"Instituto de Engenharia\",\"description\":\"O Instituto de Engenharia promove a Engenharia em benef\u00edcio do desenvolvimento e da qualidade de vida da sociedade.\",\"publisher\":{\"@id\":\"https:\/\/www.institutodeengenharia.org.br\/site\/#organization\"},\"potentialAction\":[{\"@type\":\"SearchAction\",\"target\":{\"@type\":\"EntryPoint\",\"urlTemplate\":\"https:\/\/www.institutodeengenharia.org.br\/site\/?s={search_term_string}\"},\"query-input\":{\"@type\":\"PropertyValueSpecification\",\"valueRequired\":true,\"valueName\":\"search_term_string\"}}],\"inLanguage\":\"pt-BR\"},{\"@type\":\"Organization\",\"@id\":\"https:\/\/www.institutodeengenharia.org.br\/site\/#organization\",\"name\":\"Instituto de Engenharia\",\"url\":\"https:\/\/www.institutodeengenharia.org.br\/site\/\",\"logo\":{\"@type\":\"ImageObject\",\"inLanguage\":\"pt-BR\",\"@id\":\"https:\/\/www.institutodeengenharia.org.br\/site\/#\/schema\/logo\/image\/\",\"url\":\"https:\/\/www.institutodeengenharia.org.br\/site\/wp-content\/uploads\/2019\/03\/logo-novo-IE2018-1.jpg\",\"contentUrl\":\"https:\/\/www.institutodeengenharia.org.br\/site\/wp-content\/uploads\/2019\/03\/logo-novo-IE2018-1.jpg\",\"width\":1486,\"height\":1879,\"caption\":\"Instituto de Engenharia\"},\"image\":{\"@id\":\"https:\/\/www.institutodeengenharia.org.br\/site\/#\/schema\/logo\/image\/\"},\"sameAs\":[\"https:\/\/www.facebook.com\/institutodeengenharia\",\"https:\/\/x.com\/iengenharia\",\"https:\/\/www.instagram.com\/institutodeengenharia\/\",\"https:\/\/www.linkedin.com\/company\/instituto-de-engenharia\/\",\"https:\/\/www.youtube.com\/channel\/UCXiCAlsSMe977vamW915HxA\"]},{\"@type\":\"Person\",\"@id\":\"https:\/\/www.institutodeengenharia.org.br\/site\/#\/schema\/person\/593dc356630173a4877a635d3e5fd76b\",\"name\":\"Isabel\",\"image\":{\"@type\":\"ImageObject\",\"inLanguage\":\"pt-BR\",\"@id\":\"https:\/\/secure.gravatar.com\/avatar\/f3c521db63ec9db17894f10a88c6a3cf95b2281d7f80eeb3cf3ef1cb091576e7?s=96&d=mm&r=g\",\"url\":\"https:\/\/secure.gravatar.com\/avatar\/f3c521db63ec9db17894f10a88c6a3cf95b2281d7f80eeb3cf3ef1cb091576e7?s=96&d=mm&r=g\",\"contentUrl\":\"https:\/\/secure.gravatar.com\/avatar\/f3c521db63ec9db17894f10a88c6a3cf95b2281d7f80eeb3cf3ef1cb091576e7?s=96&d=mm&r=g\",\"caption\":\"Isabel\"},\"url\":\"https:\/\/www.institutodeengenharia.org.br\/site\/author\/comunicacao2\/\"}]}<\/script>\n<!-- \/ Yoast SEO plugin. -->","yoast_head_json":{"title":"IE, TCMSP e Crea-SP assinam Termo de Coopera\u00e7\u00e3o T\u00e9cnica para consolida\u00e7\u00e3o do BIM - Instituto de Engenharia","robots":{"index":"index","follow":"follow","max-snippet":"max-snippet:-1","max-image-preview":"max-image-preview:large","max-video-preview":"max-video-preview:-1"},"canonical":"https:\/\/www.institutodeengenharia.org.br\/site\/2025\/09\/23\/ie-tcmsp-e-crea-sp-assinam-termo-de-cooperacao-tecnica-para-consolidacao-do-bim\/","og_locale":"pt_BR","og_type":"article","og_title":"IE, TCMSP e Crea-SP assinam Termo de Coopera\u00e7\u00e3o T\u00e9cnica para consolida\u00e7\u00e3o do BIM - Instituto de Engenharia","og_description":"O Instituto de Engenharia, o Tribunal de Contas do Munic\u00edpio de S\u00e3o Paulo (TCMSP) e o Conselho Regional de Engenharia e Agronomia de S\u00e3o Paulo (Crea-SP) assinaram nesta ter\u00e7a (23), no Plen\u00e1rio do TCMSP, um Termo de Coopera\u00e7\u00e3o T\u00e9cnica, com o objetivo de consolidar a metodologia BIM (Building Information Modelling), oferecendo a associados e servidores [&hellip;]","og_url":"https:\/\/www.institutodeengenharia.org.br\/site\/2025\/09\/23\/ie-tcmsp-e-crea-sp-assinam-termo-de-cooperacao-tecnica-para-consolidacao-do-bim\/","og_site_name":"Instituto de Engenharia","article_publisher":"https:\/\/www.facebook.com\/institutodeengenharia","article_published_time":"2025-09-23T15:01:40+00:00","article_modified_time":"2025-09-23T15:02:18+00:00","og_image":[{"width":1600,"height":1200,"url":"https:\/\/www.institutodeengenharia.org.br\/site\/wp-content\/uploads\/2025\/09\/Midia-19.jpg","type":"image\/jpeg"}],"author":"Isabel","twitter_card":"summary_large_image","twitter_creator":"@iengenharia","twitter_site":"@iengenharia","twitter_misc":{"Escrito por":"Isabel","Est. tempo de leitura":"3 minutos"},"schema":{"@context":"https:\/\/schema.org","@graph":[{"@type":"Article","@id":"https:\/\/www.institutodeengenharia.org.br\/site\/2025\/09\/23\/ie-tcmsp-e-crea-sp-assinam-termo-de-cooperacao-tecnica-para-consolidacao-do-bim\/#article","isPartOf":{"@id":"https:\/\/www.institutodeengenharia.org.br\/site\/2025\/09\/23\/ie-tcmsp-e-crea-sp-assinam-termo-de-cooperacao-tecnica-para-consolidacao-do-bim\/"},"author":{"name":"Isabel","@id":"https:\/\/www.institutodeengenharia.org.br\/site\/#\/schema\/person\/593dc356630173a4877a635d3e5fd76b"},"headline":"IE, TCMSP e Crea-SP assinam Termo de Coopera\u00e7\u00e3o T\u00e9cnica para consolida\u00e7\u00e3o do BIM","datePublished":"2025-09-23T15:01:40+00:00","dateModified":"2025-09-23T15:02:18+00:00","mainEntityOfPage":{"@id":"https:\/\/www.institutodeengenharia.org.br\/site\/2025\/09\/23\/ie-tcmsp-e-crea-sp-assinam-termo-de-cooperacao-tecnica-para-consolidacao-do-bim\/"},"wordCount":316,"commentCount":0,"publisher":{"@id":"https:\/\/www.institutodeengenharia.org.br\/site\/#organization"},"image":{"@id":"https:\/\/www.institutodeengenharia.org.br\/site\/2025\/09\/23\/ie-tcmsp-e-crea-sp-assinam-termo-de-cooperacao-tecnica-para-consolidacao-do-bim\/#primaryimage"},"thumbnailUrl":"https:\/\/www.institutodeengenharia.org.br\/site\/wp-content\/uploads\/2025\/09\/Midia-19.jpg","articleSection":["Instituto de Engenharia","Not\u00edcias"],"inLanguage":"pt-BR","potentialAction":[{"@type":"CommentAction","name":"Comment","target":["https:\/\/www.institutodeengenharia.org.br\/site\/2025\/09\/23\/ie-tcmsp-e-crea-sp-assinam-termo-de-cooperacao-tecnica-para-consolidacao-do-bim\/#respond"]}]},{"@type":"WebPage","@id":"https:\/\/www.institutodeengenharia.org.br\/site\/2025\/09\/23\/ie-tcmsp-e-crea-sp-assinam-termo-de-cooperacao-tecnica-para-consolidacao-do-bim\/","url":"https:\/\/www.institutodeengenharia.org.br\/site\/2025\/09\/23\/ie-tcmsp-e-crea-sp-assinam-termo-de-cooperacao-tecnica-para-consolidacao-do-bim\/","name":"IE, TCMSP e Crea-SP assinam Termo de Coopera\u00e7\u00e3o T\u00e9cnica para consolida\u00e7\u00e3o do BIM - Instituto de Engenharia","isPartOf":{"@id":"https:\/\/www.institutodeengenharia.org.br\/site\/#website"},"primaryImageOfPage":{"@id":"https:\/\/www.institutodeengenharia.org.br\/site\/2025\/09\/23\/ie-tcmsp-e-crea-sp-assinam-termo-de-cooperacao-tecnica-para-consolidacao-do-bim\/#primaryimage"},"image":{"@id":"https:\/\/www.institutodeengenharia.org.br\/site\/2025\/09\/23\/ie-tcmsp-e-crea-sp-assinam-termo-de-cooperacao-tecnica-para-consolidacao-do-bim\/#primaryimage"},"thumbnailUrl":"https:\/\/www.institutodeengenharia.org.br\/site\/wp-content\/uploads\/2025\/09\/Midia-19.jpg","datePublished":"2025-09-23T15:01:40+00:00","dateModified":"2025-09-23T15:02:18+00:00","breadcrumb":{"@id":"https:\/\/www.institutodeengenharia.org.br\/site\/2025\/09\/23\/ie-tcmsp-e-crea-sp-assinam-termo-de-cooperacao-tecnica-para-consolidacao-do-bim\/#breadcrumb"},"inLanguage":"pt-BR","potentialAction":[{"@type":"ReadAction","target":["https:\/\/www.institutodeengenharia.org.br\/site\/2025\/09\/23\/ie-tcmsp-e-crea-sp-assinam-termo-de-cooperacao-tecnica-para-consolidacao-do-bim\/"]}]},{"@type":"ImageObject","inLanguage":"pt-BR","@id":"https:\/\/www.institutodeengenharia.org.br\/site\/2025\/09\/23\/ie-tcmsp-e-crea-sp-assinam-termo-de-cooperacao-tecnica-para-consolidacao-do-bim\/#primaryimage","url":"https:\/\/www.institutodeengenharia.org.br\/site\/wp-content\/uploads\/2025\/09\/Midia-19.jpg","contentUrl":"https:\/\/www.institutodeengenharia.org.br\/site\/wp-content\/uploads\/2025\/09\/Midia-19.jpg","width":1600,"height":1200,"caption":"Jos\u00e9 Eduardo Jardim na abertura"},{"@type":"BreadcrumbList","@id":"https:\/\/www.institutodeengenharia.org.br\/site\/2025\/09\/23\/ie-tcmsp-e-crea-sp-assinam-termo-de-cooperacao-tecnica-para-consolidacao-do-bim\/#breadcrumb","itemListElement":[{"@type":"ListItem","position":1,"name":"In\u00edcio","item":"https:\/\/www.institutodeengenharia.org.br\/site\/"},{"@type":"ListItem","position":2,"name":"IE, TCMSP e Crea-SP assinam Termo de Coopera\u00e7\u00e3o T\u00e9cnica para consolida\u00e7\u00e3o do BIM"}]},{"@type":"WebSite","@id":"https:\/\/www.institutodeengenharia.org.br\/site\/#website","url":"https:\/\/www.institutodeengenharia.org.br\/site\/","name":"Instituto de Engenharia","description":"O Instituto de Engenharia promove a Engenharia em benef\u00edcio do desenvolvimento e da qualidade de vida da sociedade.","publisher":{"@id":"https:\/\/www.institutodeengenharia.org.br\/site\/#organization"},"potentialAction":[{"@type":"SearchAction","target":{"@type":"EntryPoint","urlTemplate":"https:\/\/www.institutodeengenharia.org.br\/site\/?s={search_term_string}"},"query-input":{"@type":"PropertyValueSpecification","valueRequired":true,"valueName":"search_term_string"}}],"inLanguage":"pt-BR"},{"@type":"Organization","@id":"https:\/\/www.institutodeengenharia.org.br\/site\/#organization","name":"Instituto de Engenharia","url":"https:\/\/www.institutodeengenharia.org.br\/site\/","logo":{"@type":"ImageObject","inLanguage":"pt-BR","@id":"https:\/\/www.institutodeengenharia.org.br\/site\/#\/schema\/logo\/image\/","url":"https:\/\/www.institutodeengenharia.org.br\/site\/wp-content\/uploads\/2019\/03\/logo-novo-IE2018-1.jpg","contentUrl":"https:\/\/www.institutodeengenharia.org.br\/site\/wp-content\/uploads\/2019\/03\/logo-novo-IE2018-1.jpg","width":1486,"height":1879,"caption":"Instituto de Engenharia"},"image":{"@id":"https:\/\/www.institutodeengenharia.org.br\/site\/#\/schema\/logo\/image\/"},"sameAs":["https:\/\/www.facebook.com\/institutodeengenharia","https:\/\/x.com\/iengenharia","https:\/\/www.instagram.com\/institutodeengenharia\/","https:\/\/www.linkedin.com\/company\/instituto-de-engenharia\/","https:\/\/www.youtube.com\/channel\/UCXiCAlsSMe977vamW915HxA"]},{"@type":"Person","@id":"https:\/\/www.institutodeengenharia.org.br\/site\/#\/schema\/person\/593dc356630173a4877a635d3e5fd76b","name":"Isabel","image":{"@type":"ImageObject","inLanguage":"pt-BR","@id":"https:\/\/secure.gravatar.com\/avatar\/f3c521db63ec9db17894f10a88c6a3cf95b2281d7f80eeb3cf3ef1cb091576e7?s=96&d=mm&r=g","url":"https:\/\/secure.gravatar.com\/avatar\/f3c521db63ec9db17894f10a88c6a3cf95b2281d7f80eeb3cf3ef1cb091576e7?s=96&d=mm&r=g","contentUrl":"https:\/\/secure.gravatar.com\/avatar\/f3c521db63ec9db17894f10a88c6a3cf95b2281d7f80eeb3cf3ef1cb091576e7?s=96&d=mm&r=g","caption":"Isabel"},"url":"https:\/\/www.institutodeengenharia.org.br\/site\/author\/comunicacao2\/"}]}},"_links":{"self":[{"href":"https:\/\/www.institutodeengenharia.org.br\/site\/wp-json\/wp\/v2\/posts\/132921","targetHints":{"allow":["GET"]}}],"collection":[{"href":"https:\/\/www.institutodeengenharia.org.br\/site\/wp-json\/wp\/v2\/posts"}],"about":[{"href":"https:\/\/www.institutodeengenharia.org.br\/site\/wp-json\/wp\/v2\/types\/post"}],"author":[{"embeddable":true,"href":"https:\/\/www.institutodeengenharia.org.br\/site\/wp-json\/wp\/v2\/users\/14"}],"replies":[{"embeddable":true,"href":"https:\/\/www.institutodeengenharia.org.br\/site\/wp-json\/wp\/v2\/comments?post=132921"}],"version-history":[{"count":2,"href":"https:\/\/www.institutodeengenharia.org.br\/site\/wp-json\/wp\/v2\/posts\/132921\/revisions"}],"predecessor-version":[{"id":132938,"href":"https:\/\/www.institutodeengenharia.org.br\/site\/wp-json\/wp\/v2\/posts\/132921\/revisions\/132938"}],"wp:featuredmedia":[{"embeddable":true,"href":"https:\/\/www.institutodeengenharia.org.br\/site\/wp-json\/wp\/v2\/media\/132935"}],"wp:attachment":[{"href":"https:\/\/www.institutodeengenharia.org.br\/site\/wp-json\/wp\/v2\/media?parent=132921"}],"wp:term":[{"taxonomy":"category","embeddable":true,"href":"https:\/\/www.institutodeengenharia.org.br\/site\/wp-json\/wp\/v2\/categories?post=132921"},{"taxonomy":"post_tag","embeddable":true,"href":"https:\/\/www.institutodeengenharia.org.br\/site\/wp-json\/wp\/v2\/tags?post=132921"}],"curies":[{"name":"wp","href":"https:\/\/api.w.org\/{rel}","templated":true}]}}