{"id":132449,"date":"2025-09-10T16:12:10","date_gmt":"2025-09-10T19:12:10","guid":{"rendered":"https:\/\/www.institutodeengenharia.org.br\/site\/?p=132449"},"modified":"2025-11-07T14:13:29","modified_gmt":"2025-11-07T17:13:29","slug":"por-jose-eduardo-cavalcanti-consideracoes-acerca-do-acidente-ocorrido-em-maio-de-2025-na-marginal-tiete-em-decorrencia-de-vazamento-de-esgotos-originarios-do-interceptor-iti-3-2a-parte-em","status":"publish","type":"post","link":"https:\/\/www.institutodeengenharia.org.br\/site\/2025\/09\/10\/por-jose-eduardo-cavalcanti-consideracoes-acerca-do-acidente-ocorrido-em-maio-de-2025-na-marginal-tiete-em-decorrencia-de-vazamento-de-esgotos-originarios-do-interceptor-iti-3-2a-parte-em\/","title":{"rendered":"Por Jos\u00e9 Eduardo Cavalcanti \u2013 Considera\u00e7\u00f5es acerca do acidente ocorrido, em maio de 2025, na Marginal Tiet\u00ea em decorr\u00eancia de vazamento de esgotos origin\u00e1rios do interceptor ITI 3 (2\u00aa parte em 7\/9\/25)"},"content":{"rendered":"<p><strong>Alerta<\/strong>: Estas considera\u00e7\u00f5es foram baseadas apenas nos relatos obtidos atrav\u00e9s de entrevistas concedidas \u00e0 imprensa por parte de engenheiros da SABESP, uma vez que n\u00e3o foram ainda disponibilizadas informa\u00e7\u00f5es oficiais de cunho t\u00e9cnico detalhado por parte daquela Companhia.<\/p>\n<p>Decorridos mais de 2.5 meses ap\u00f3s o prazo inicial estipulado pela Sabesp (12 de junho), a Companhia de Saneamento B\u00e1sico do Estado de S\u00e3o Paulo, agora privatizada, deu novo prazo para concluir o reparo da\u00a0cratera\u00a0na Marginal Tiet\u00ea. O buraco que se formou no dia 10 de abril e que voltou a ceder em 11 de maio deve ser corrigido at\u00e9 mar\u00e7o de 2026, segundo a Sabesp. A previs\u00e3o inicial divulgada em 12 de maio era de 30 dias\u00a0\u00a0 No dia 1\u00ba de setembro, a Companhia informou que concluiu a etapa de estabiliza\u00e7\u00e3o do solo e iniciou a fase de limpeza e recupera\u00e7\u00e3o de parte do interceptor ITI 7,<\/p>\n<p>Em entrevista a TV Globo, o diretor de engenharia da empresa, Roberval Tavares, afirmou que o prazo mais longo ser\u00e1 necess\u00e1rio porque a empresa ainda n\u00e3o conseguiu estabilizar a cratera e retirar totalmente o esgoto que estava vazando no interceptor de esgoto, na pista da Marginal.<\/p>\n<p>\u201c<em>At\u00e9 o momento n\u00f3s n\u00e3o t\u00ednhamos tido acesso ao interceptor. Agora tivemos acesso, o interceptor est\u00e1 totalmente preservado, o duto, que \u00e9 o mais importante est\u00e1 preservado. Fizemos a sondagem horizontal e detectamos exatamente o que vai ser feito aqui. Ent\u00e3o, estamos estimando o m\u00eas de mar\u00e7o para entregar isso com total libera\u00e7\u00e3o da via, a pista nova que fizemos, retorno da pista antiga, a retirada de todas as tubula\u00e7\u00f5es que fizemos ao longo da marginal transferindo esgoto. Isso est\u00e1 tudo dentro do prazo para entregar a obra completa para a sociedade\u201d<\/em>, disse o executivo.<\/p>\n<p>Para viabilizar a a\u00e7\u00e3o no interceptor, a Sabesp realizou um desvio tempor\u00e1rio das tubula\u00e7\u00f5es de esgoto com seis a\u00e7\u00f5es espalhadas por trechos da marginal.<\/p>\n<p>O interceptor da margem direita precisou ser totalmente esvaziado para permitir as obras de reparo onde a cratera se abriu, perto da ponte At\u00edlio Fontana.<\/p>\n<p>Para isso, a Sabesp criou pontos de transfer\u00eancia de esgoto para outras tubula\u00e7\u00f5es, desde o Parque Novo Mundo, passando pelas pontes da Casa Verde, da Freguesia do \u00d3, do Piqueri, at\u00e9 o ponto da cratera.<\/p>\n<p>A opera\u00e7\u00e3o \u00e9 feita por tubos que ligam uma margem \u00e0 outra, passando pelas pontes sobre o rio, e tamb\u00e9m por um duto subterr\u00e2neo na regi\u00e3o do Piquerii A transfer\u00eancia envolve o esgoto de mais de 435 mil im\u00f3veis da Zona Norte.<\/p>\n<p><em>\u201cCom isso n\u00f3s conseguimos retirar mais de 99% do esgoto da tubula\u00e7\u00e3o. Hoje o que passa \u00e9 um pequeno resqu\u00edcio que vai ser suprimido na hora em que fizermos o bloqueio total. N\u00f3s estamos usando um gel qu\u00edmico para poder fazer o bloqueio total do interceptor, para que n\u00e3o venha nenhum litro de esgoto e a\u00ed fazer o servi\u00e7o de maneira completa\u201d,<\/em> explicou o diretor de engenharia da Sabesp.<\/p>\n<p>Em junho, durante essa transfer\u00eancia, a Sabesp foi notificada pela Cetesb por ter bombeado esgoto para dentro do Rio Tiet\u00ea. Segundo a companhia, a medida foi tomada para proteger os oper\u00e1rios da obra.<\/p>\n<p><em>\u201cEra um plano de conting\u00eancia que, se houvesse algum perigo, isso seria acionado, e foi acionado no m\u00eas de junho. De l\u00e1 pra c\u00e1 n\u00f3s conseguimos manter tudo normal, sem nenhum acesso aos rios, s\u00f3 transferindo esgoto pra dentro do sistema da Sabesp\u201d, <\/em>afirmou o diretor.<\/p>\n<p>Foi exatamente na \u00e1rea que agora est\u00e1 cheia de pedras que a cratera se abriu. O solo foi estabilizado com 66 estacas de concreto para evitar novos desmoronamentos.<\/p>\n<p>Para uma solu\u00e7\u00e3o definitiva, a Sabesp abriu um novo po\u00e7o de acesso de 15 metros de profundidade, onde os oper\u00e1rios chegaram ao topo do interceptor<\/p>\n<p>Segundo Roberval Tavares, os oper\u00e1rios est\u00e3o retirando o entulho de dentro do interceptor. Um trecho de aproximadamente 30 a 50 metros ser\u00e1 recuperado, incluindo a caixa de passagem que causou o desmoronamento.<\/p>\n<p><em>\u201cTodas as inje\u00e7\u00f5es de concreto deixaram o solo totalmente preservado e n\u00e3o h\u00e1 possibilidade nenhuma da expans\u00e3o dessa cratera para algumas das pistas\u201d,<\/em> garantiu.<\/p>\n<p>Para viabilizar o acesso ao interceptor, a Companhia realizou um desvio tempor\u00e1rio que permite transferir 2.75 m3\/s de esgoto, distribu\u00eddo por diversas estruturas e trechos da Marginal Tiet\u00ea.<\/p>\n<p>S\u00e3o seis a\u00e7\u00f5es operando:<\/p>\n<ul>\n<li>Tr\u00eas sistemas montados sobre as pontes da Casa Verde, Freguesia do \u00d3 e Piqueri, onde o esgoto \u00e9 bombeado por tubula\u00e7\u00f5es sobre as vias at\u00e9 outro interceptor na margem oposta;<\/li>\n<li>Um bombeamento por baixo do rio Tiet\u00ea, por uma tubula\u00e7\u00e3o chamada sif\u00e3o, tamb\u00e9m na altura da Ponte do Piqueri;<\/li>\n<li>Um desvio por tubula\u00e7\u00f5es instaladas no canteiro da marginal Tiet\u00ea, ao lado do buraco, na regi\u00e3o da Ponte At\u00edlio Fontana;<\/li>\n<li>Uma revers\u00e3o na Vila Maria, que est\u00e1 bombeando o esgoto dessa regi\u00e3o \u201cao contr\u00e1rio\u201d, para a esta\u00e7\u00e3o de tratamento do Parque Novo Mundo.<\/li>\n<\/ul>\n<p>Ainda de acordo com a Sabesp, a ado\u00e7\u00e3o de uma tecnologia in\u00e9dita para a recupera\u00e7\u00e3o do interceptor permite a entrada segura de profissionais na tubula\u00e7\u00e3o.<\/p>\n<p>Chamado de Ecoryon, trata-se de um gel qu\u00edmico injetado no solo que cria uma barreira imperme\u00e1vel, garantindo estabilidade e seguran\u00e7a durante as escava\u00e7\u00f5es, bloqueando infiltra\u00e7\u00f5es de \u00e1gua e esgoto e impedindo que a \u00e1gua comprometa a seguran\u00e7a das equipes de obra.<\/p>\n<p>Segundo a Sabesp, o produto funciona como uma esp\u00e9cie de cola l\u00edquida que endurece dentro do terreno, impedindo infiltra\u00e7\u00f5es e reduzindo poss\u00edveis riscos.<\/p>\n<p><em>&#8220;Essa tecnologia \u00e9 fundamental para garantir que as equipes possam trabalhar com seguran\u00e7a. O Ecoryon cria uma barreira dentro do solo, bloqueando totalmente a passagem de \u00e1gua e esgoto no trecho em interven\u00e7\u00e3o, o que permite que as obras avancem sem comprometer a estrutura e a seguran\u00e7a de todos&#8221;,<\/em> acrescentou Tavares<\/p>\n<p>Continuaremos a acompanhar o prosseguimento das a\u00e7\u00f5es atrav\u00e9s do notici\u00e1rio da m\u00eddia<\/p>\n<p>________________________________________________________________________<\/p>\n<p><img loading=\"lazy\" decoding=\"async\" class=\"wp-image-31353 alignleft td-animation-stack-type0-2\" src=\"https:\/\/www.institutodeengenharia.org.br\/site\/wp-content\/uploads\/2018\/02\/cavalcanti-alta2-e1547225067645.jpg\" sizes=\"auto, (max-width: 169px) 100vw, 169px\" srcset=\"https:\/\/www.institutodeengenharia.org.br\/site\/wp-content\/uploads\/2018\/02\/cavalcanti-alta2-e1547225067645.jpg 606w, https:\/\/www.institutodeengenharia.org.br\/site\/wp-content\/uploads\/2018\/02\/cavalcanti-alta2-e1547225067645-150x150.jpg 150w, https:\/\/www.institutodeengenharia.org.br\/site\/wp-content\/uploads\/2018\/02\/cavalcanti-alta2-e1547225067645-298x300.jpg 298w, https:\/\/www.institutodeengenharia.org.br\/site\/wp-content\/uploads\/2018\/02\/cavalcanti-alta2-e1547225067645-417x420.jpg 417w\" alt=\"\" width=\"169\" height=\"170\" \/><\/p>\n<p>Jos\u00e9 Eduardo Cavalcanti \u00e9 engenheiro consultor, diretor do Departamento de Engenharia da Ambiental do Brasil, diretor da Divis\u00e3o de Saneamento do Deinfra \u2013 Departamento de Infraestrutura da Federa\u00e7\u00e3o das Ind\u00fastrias do Estado de S\u00e3o Paulo (Fiesp), conselheiro do Instituto de Engenharia, e membro da Comiss\u00e3o Editorial da Revista Engenharia. E-mail:\u00a0<a href=\"mailto:cavalcanti@ambientaldobrasil.com.br\">cavalcanti@ambientaldobrasil.com.br<\/a><\/p>\n<p>*<em>Os artigos publicados com assinatura, n\u00e3o traduzem necessariamente a opini\u00e3o do Instituto de Engenharia. Sua publica\u00e7\u00e3o obedece ao prop\u00f3sito de estimular o debate dos problemas brasileiros e de refletir as diversas tend\u00eancias do pensamento contempor\u00e2neo<\/em><\/p>\n<p><em>Este artigo \u00e9 de exclusiva responsabilidade do autor.<\/em><\/p>\n<p>&nbsp;<\/p>\n","protected":false},"excerpt":{"rendered":"<p>Alerta: Estas considera\u00e7\u00f5es foram baseadas apenas nos relatos obtidos atrav\u00e9s de entrevistas concedidas \u00e0 imprensa por parte de engenheiros da SABESP, uma vez que n\u00e3o foram ainda disponibilizadas informa\u00e7\u00f5es oficiais de cunho t\u00e9cnico detalhado por parte daquela Companhia. Decorridos mais de 2.5 meses ap\u00f3s o prazo inicial estipulado pela Sabesp (12 de junho), a Companhia [&hellip;]<\/p>\n","protected":false},"author":13,"featured_media":132450,"comment_status":"open","ping_status":"open","sticky":false,"template":"","format":"standard","meta":{"footnotes":""},"categories":[11,92],"tags":[],"class_list":{"0":"post-132449","1":"post","2":"type-post","3":"status-publish","4":"format-standard","5":"has-post-thumbnail","7":"category-articulistas","8":"category-jose-eduardo-cavalcanti"},"yoast_head":"<!-- This site is optimized with the Yoast SEO plugin v27.2 - https:\/\/yoast.com\/product\/yoast-seo-wordpress\/ -->\n<title>Por Jos\u00e9 Eduardo Cavalcanti \u2013 Considera\u00e7\u00f5es acerca do acidente ocorrido, em maio de 2025, na Marginal Tiet\u00ea em decorr\u00eancia de vazamento de esgotos origin\u00e1rios do interceptor ITI 3 (2\u00aa parte em 7\/9\/25) - Instituto de Engenharia<\/title>\n<meta name=\"robots\" content=\"index, follow, max-snippet:-1, max-image-preview:large, max-video-preview:-1\" \/>\n<link rel=\"canonical\" href=\"https:\/\/www.institutodeengenharia.org.br\/site\/2025\/09\/10\/por-jose-eduardo-cavalcanti-consideracoes-acerca-do-acidente-ocorrido-em-maio-de-2025-na-marginal-tiete-em-decorrencia-de-vazamento-de-esgotos-originarios-do-interceptor-iti-3-2a-parte-em\/\" \/>\n<meta property=\"og:locale\" content=\"pt_BR\" \/>\n<meta property=\"og:type\" content=\"article\" \/>\n<meta property=\"og:title\" content=\"Por Jos\u00e9 Eduardo Cavalcanti \u2013 Considera\u00e7\u00f5es acerca do acidente ocorrido, em maio de 2025, na Marginal Tiet\u00ea em decorr\u00eancia de vazamento de esgotos origin\u00e1rios do interceptor ITI 3 (2\u00aa parte em 7\/9\/25) - Instituto de Engenharia\" \/>\n<meta property=\"og:description\" content=\"Alerta: Estas considera\u00e7\u00f5es foram baseadas apenas nos relatos obtidos atrav\u00e9s de entrevistas concedidas \u00e0 imprensa por parte de engenheiros da SABESP, uma vez que n\u00e3o foram ainda disponibilizadas informa\u00e7\u00f5es oficiais de cunho t\u00e9cnico detalhado por parte daquela Companhia. Decorridos mais de 2.5 meses ap\u00f3s o prazo inicial estipulado pela Sabesp (12 de junho), a Companhia [&hellip;]\" \/>\n<meta property=\"og:url\" content=\"https:\/\/www.institutodeengenharia.org.br\/site\/2025\/09\/10\/por-jose-eduardo-cavalcanti-consideracoes-acerca-do-acidente-ocorrido-em-maio-de-2025-na-marginal-tiete-em-decorrencia-de-vazamento-de-esgotos-originarios-do-interceptor-iti-3-2a-parte-em\/\" \/>\n<meta property=\"og:site_name\" content=\"Instituto de Engenharia\" \/>\n<meta property=\"article:publisher\" content=\"https:\/\/www.facebook.com\/institutodeengenharia\" \/>\n<meta property=\"article:published_time\" content=\"2025-09-10T19:12:10+00:00\" \/>\n<meta property=\"article:modified_time\" content=\"2025-11-07T17:13:29+00:00\" \/>\n<meta property=\"og:image\" content=\"https:\/\/www.institutodeengenharia.org.br\/site\/wp-content\/uploads\/2025\/09\/Design-sem-nome-22-1024x683-1.png\" \/>\n\t<meta property=\"og:image:width\" content=\"1024\" \/>\n\t<meta property=\"og:image:height\" content=\"683\" \/>\n\t<meta property=\"og:image:type\" content=\"image\/png\" \/>\n<meta name=\"author\" content=\"Bianca\" \/>\n<meta name=\"twitter:card\" content=\"summary_large_image\" \/>\n<meta name=\"twitter:creator\" content=\"@iengenharia\" \/>\n<meta name=\"twitter:site\" content=\"@iengenharia\" \/>\n<meta name=\"twitter:label1\" content=\"Escrito por\" \/>\n\t<meta name=\"twitter:data1\" content=\"Bianca\" \/>\n\t<meta name=\"twitter:label2\" content=\"Est. tempo de leitura\" \/>\n\t<meta name=\"twitter:data2\" content=\"7 minutos\" \/>\n<script type=\"application\/ld+json\" class=\"yoast-schema-graph\">{\"@context\":\"https:\/\/schema.org\",\"@graph\":[{\"@type\":\"Article\",\"@id\":\"https:\/\/www.institutodeengenharia.org.br\/site\/2025\/09\/10\/por-jose-eduardo-cavalcanti-consideracoes-acerca-do-acidente-ocorrido-em-maio-de-2025-na-marginal-tiete-em-decorrencia-de-vazamento-de-esgotos-originarios-do-interceptor-iti-3-2a-parte-em\/#article\",\"isPartOf\":{\"@id\":\"https:\/\/www.institutodeengenharia.org.br\/site\/2025\/09\/10\/por-jose-eduardo-cavalcanti-consideracoes-acerca-do-acidente-ocorrido-em-maio-de-2025-na-marginal-tiete-em-decorrencia-de-vazamento-de-esgotos-originarios-do-interceptor-iti-3-2a-parte-em\/\"},\"author\":{\"name\":\"Bianca\",\"@id\":\"https:\/\/www.institutodeengenharia.org.br\/site\/#\/schema\/person\/aeb64951c405e100d26d30b033dd423f\"},\"headline\":\"Por Jos\u00e9 Eduardo Cavalcanti \u2013 Considera\u00e7\u00f5es acerca do acidente ocorrido, em maio de 2025, na Marginal Tiet\u00ea em decorr\u00eancia de vazamento de esgotos origin\u00e1rios do interceptor ITI 3 (2\u00aa parte em 7\/9\/25)\",\"datePublished\":\"2025-09-10T19:12:10+00:00\",\"dateModified\":\"2025-11-07T17:13:29+00:00\",\"mainEntityOfPage\":{\"@id\":\"https:\/\/www.institutodeengenharia.org.br\/site\/2025\/09\/10\/por-jose-eduardo-cavalcanti-consideracoes-acerca-do-acidente-ocorrido-em-maio-de-2025-na-marginal-tiete-em-decorrencia-de-vazamento-de-esgotos-originarios-do-interceptor-iti-3-2a-parte-em\/\"},\"wordCount\":1152,\"commentCount\":0,\"publisher\":{\"@id\":\"https:\/\/www.institutodeengenharia.org.br\/site\/#organization\"},\"image\":{\"@id\":\"https:\/\/www.institutodeengenharia.org.br\/site\/2025\/09\/10\/por-jose-eduardo-cavalcanti-consideracoes-acerca-do-acidente-ocorrido-em-maio-de-2025-na-marginal-tiete-em-decorrencia-de-vazamento-de-esgotos-originarios-do-interceptor-iti-3-2a-parte-em\/#primaryimage\"},\"thumbnailUrl\":\"https:\/\/www.institutodeengenharia.org.br\/site\/wp-content\/uploads\/2025\/09\/Design-sem-nome-22-1024x683-1.png\",\"articleSection\":[\"Articulistas\",\"Jos\u00e9 Eduardo Cavalcanti\"],\"inLanguage\":\"pt-BR\",\"potentialAction\":[{\"@type\":\"CommentAction\",\"name\":\"Comment\",\"target\":[\"https:\/\/www.institutodeengenharia.org.br\/site\/2025\/09\/10\/por-jose-eduardo-cavalcanti-consideracoes-acerca-do-acidente-ocorrido-em-maio-de-2025-na-marginal-tiete-em-decorrencia-de-vazamento-de-esgotos-originarios-do-interceptor-iti-3-2a-parte-em\/#respond\"]}]},{\"@type\":\"WebPage\",\"@id\":\"https:\/\/www.institutodeengenharia.org.br\/site\/2025\/09\/10\/por-jose-eduardo-cavalcanti-consideracoes-acerca-do-acidente-ocorrido-em-maio-de-2025-na-marginal-tiete-em-decorrencia-de-vazamento-de-esgotos-originarios-do-interceptor-iti-3-2a-parte-em\/\",\"url\":\"https:\/\/www.institutodeengenharia.org.br\/site\/2025\/09\/10\/por-jose-eduardo-cavalcanti-consideracoes-acerca-do-acidente-ocorrido-em-maio-de-2025-na-marginal-tiete-em-decorrencia-de-vazamento-de-esgotos-originarios-do-interceptor-iti-3-2a-parte-em\/\",\"name\":\"Por Jos\u00e9 Eduardo Cavalcanti \u2013 Considera\u00e7\u00f5es acerca do acidente ocorrido, em maio de 2025, na Marginal Tiet\u00ea em decorr\u00eancia de vazamento de esgotos origin\u00e1rios do interceptor ITI 3 (2\u00aa parte em 7\/9\/25) - Instituto de Engenharia\",\"isPartOf\":{\"@id\":\"https:\/\/www.institutodeengenharia.org.br\/site\/#website\"},\"primaryImageOfPage\":{\"@id\":\"https:\/\/www.institutodeengenharia.org.br\/site\/2025\/09\/10\/por-jose-eduardo-cavalcanti-consideracoes-acerca-do-acidente-ocorrido-em-maio-de-2025-na-marginal-tiete-em-decorrencia-de-vazamento-de-esgotos-originarios-do-interceptor-iti-3-2a-parte-em\/#primaryimage\"},\"image\":{\"@id\":\"https:\/\/www.institutodeengenharia.org.br\/site\/2025\/09\/10\/por-jose-eduardo-cavalcanti-consideracoes-acerca-do-acidente-ocorrido-em-maio-de-2025-na-marginal-tiete-em-decorrencia-de-vazamento-de-esgotos-originarios-do-interceptor-iti-3-2a-parte-em\/#primaryimage\"},\"thumbnailUrl\":\"https:\/\/www.institutodeengenharia.org.br\/site\/wp-content\/uploads\/2025\/09\/Design-sem-nome-22-1024x683-1.png\",\"datePublished\":\"2025-09-10T19:12:10+00:00\",\"dateModified\":\"2025-11-07T17:13:29+00:00\",\"breadcrumb\":{\"@id\":\"https:\/\/www.institutodeengenharia.org.br\/site\/2025\/09\/10\/por-jose-eduardo-cavalcanti-consideracoes-acerca-do-acidente-ocorrido-em-maio-de-2025-na-marginal-tiete-em-decorrencia-de-vazamento-de-esgotos-originarios-do-interceptor-iti-3-2a-parte-em\/#breadcrumb\"},\"inLanguage\":\"pt-BR\",\"potentialAction\":[{\"@type\":\"ReadAction\",\"target\":[\"https:\/\/www.institutodeengenharia.org.br\/site\/2025\/09\/10\/por-jose-eduardo-cavalcanti-consideracoes-acerca-do-acidente-ocorrido-em-maio-de-2025-na-marginal-tiete-em-decorrencia-de-vazamento-de-esgotos-originarios-do-interceptor-iti-3-2a-parte-em\/\"]}]},{\"@type\":\"ImageObject\",\"inLanguage\":\"pt-BR\",\"@id\":\"https:\/\/www.institutodeengenharia.org.br\/site\/2025\/09\/10\/por-jose-eduardo-cavalcanti-consideracoes-acerca-do-acidente-ocorrido-em-maio-de-2025-na-marginal-tiete-em-decorrencia-de-vazamento-de-esgotos-originarios-do-interceptor-iti-3-2a-parte-em\/#primaryimage\",\"url\":\"https:\/\/www.institutodeengenharia.org.br\/site\/wp-content\/uploads\/2025\/09\/Design-sem-nome-22-1024x683-1.png\",\"contentUrl\":\"https:\/\/www.institutodeengenharia.org.br\/site\/wp-content\/uploads\/2025\/09\/Design-sem-nome-22-1024x683-1.png\",\"width\":1024,\"height\":683},{\"@type\":\"BreadcrumbList\",\"@id\":\"https:\/\/www.institutodeengenharia.org.br\/site\/2025\/09\/10\/por-jose-eduardo-cavalcanti-consideracoes-acerca-do-acidente-ocorrido-em-maio-de-2025-na-marginal-tiete-em-decorrencia-de-vazamento-de-esgotos-originarios-do-interceptor-iti-3-2a-parte-em\/#breadcrumb\",\"itemListElement\":[{\"@type\":\"ListItem\",\"position\":1,\"name\":\"In\u00edcio\",\"item\":\"https:\/\/www.institutodeengenharia.org.br\/site\/\"},{\"@type\":\"ListItem\",\"position\":2,\"name\":\"Por Jos\u00e9 Eduardo Cavalcanti \u2013 Considera\u00e7\u00f5es acerca do acidente ocorrido, em maio de 2025, na Marginal Tiet\u00ea em decorr\u00eancia de vazamento de esgotos origin\u00e1rios do interceptor ITI 3 (2\u00aa parte em 7\/9\/25)\"}]},{\"@type\":\"WebSite\",\"@id\":\"https:\/\/www.institutodeengenharia.org.br\/site\/#website\",\"url\":\"https:\/\/www.institutodeengenharia.org.br\/site\/\",\"name\":\"Instituto de Engenharia\",\"description\":\"O Instituto de Engenharia promove a Engenharia em benef\u00edcio do desenvolvimento e da qualidade de vida da sociedade.\",\"publisher\":{\"@id\":\"https:\/\/www.institutodeengenharia.org.br\/site\/#organization\"},\"potentialAction\":[{\"@type\":\"SearchAction\",\"target\":{\"@type\":\"EntryPoint\",\"urlTemplate\":\"https:\/\/www.institutodeengenharia.org.br\/site\/?s={search_term_string}\"},\"query-input\":{\"@type\":\"PropertyValueSpecification\",\"valueRequired\":true,\"valueName\":\"search_term_string\"}}],\"inLanguage\":\"pt-BR\"},{\"@type\":\"Organization\",\"@id\":\"https:\/\/www.institutodeengenharia.org.br\/site\/#organization\",\"name\":\"Instituto de Engenharia\",\"url\":\"https:\/\/www.institutodeengenharia.org.br\/site\/\",\"logo\":{\"@type\":\"ImageObject\",\"inLanguage\":\"pt-BR\",\"@id\":\"https:\/\/www.institutodeengenharia.org.br\/site\/#\/schema\/logo\/image\/\",\"url\":\"https:\/\/www.institutodeengenharia.org.br\/site\/wp-content\/uploads\/2019\/03\/logo-novo-IE2018-1.jpg\",\"contentUrl\":\"https:\/\/www.institutodeengenharia.org.br\/site\/wp-content\/uploads\/2019\/03\/logo-novo-IE2018-1.jpg\",\"width\":1486,\"height\":1879,\"caption\":\"Instituto de Engenharia\"},\"image\":{\"@id\":\"https:\/\/www.institutodeengenharia.org.br\/site\/#\/schema\/logo\/image\/\"},\"sameAs\":[\"https:\/\/www.facebook.com\/institutodeengenharia\",\"https:\/\/x.com\/iengenharia\",\"https:\/\/www.instagram.com\/institutodeengenharia\/\",\"https:\/\/www.linkedin.com\/company\/instituto-de-engenharia\/\",\"https:\/\/www.youtube.com\/channel\/UCXiCAlsSMe977vamW915HxA\"]},{\"@type\":\"Person\",\"@id\":\"https:\/\/www.institutodeengenharia.org.br\/site\/#\/schema\/person\/aeb64951c405e100d26d30b033dd423f\",\"name\":\"Bianca\",\"image\":{\"@type\":\"ImageObject\",\"inLanguage\":\"pt-BR\",\"@id\":\"https:\/\/secure.gravatar.com\/avatar\/a6fbe9bff57405baf4c1e2c5c1811e072b558253974a9f9508f4678900c97c2a?s=96&d=mm&r=g\",\"url\":\"https:\/\/secure.gravatar.com\/avatar\/a6fbe9bff57405baf4c1e2c5c1811e072b558253974a9f9508f4678900c97c2a?s=96&d=mm&r=g\",\"contentUrl\":\"https:\/\/secure.gravatar.com\/avatar\/a6fbe9bff57405baf4c1e2c5c1811e072b558253974a9f9508f4678900c97c2a?s=96&d=mm&r=g\",\"caption\":\"Bianca\"},\"url\":\"https:\/\/www.institutodeengenharia.org.br\/site\/author\/comunicacao1\/\"}]}<\/script>\n<!-- \/ Yoast SEO plugin. -->","yoast_head_json":{"title":"Por Jos\u00e9 Eduardo Cavalcanti \u2013 Considera\u00e7\u00f5es acerca do acidente ocorrido, em maio de 2025, na Marginal Tiet\u00ea em decorr\u00eancia de vazamento de esgotos origin\u00e1rios do interceptor ITI 3 (2\u00aa parte em 7\/9\/25) - Instituto de Engenharia","robots":{"index":"index","follow":"follow","max-snippet":"max-snippet:-1","max-image-preview":"max-image-preview:large","max-video-preview":"max-video-preview:-1"},"canonical":"https:\/\/www.institutodeengenharia.org.br\/site\/2025\/09\/10\/por-jose-eduardo-cavalcanti-consideracoes-acerca-do-acidente-ocorrido-em-maio-de-2025-na-marginal-tiete-em-decorrencia-de-vazamento-de-esgotos-originarios-do-interceptor-iti-3-2a-parte-em\/","og_locale":"pt_BR","og_type":"article","og_title":"Por Jos\u00e9 Eduardo Cavalcanti \u2013 Considera\u00e7\u00f5es acerca do acidente ocorrido, em maio de 2025, na Marginal Tiet\u00ea em decorr\u00eancia de vazamento de esgotos origin\u00e1rios do interceptor ITI 3 (2\u00aa parte em 7\/9\/25) - Instituto de Engenharia","og_description":"Alerta: Estas considera\u00e7\u00f5es foram baseadas apenas nos relatos obtidos atrav\u00e9s de entrevistas concedidas \u00e0 imprensa por parte de engenheiros da SABESP, uma vez que n\u00e3o foram ainda disponibilizadas informa\u00e7\u00f5es oficiais de cunho t\u00e9cnico detalhado por parte daquela Companhia. Decorridos mais de 2.5 meses ap\u00f3s o prazo inicial estipulado pela Sabesp (12 de junho), a Companhia [&hellip;]","og_url":"https:\/\/www.institutodeengenharia.org.br\/site\/2025\/09\/10\/por-jose-eduardo-cavalcanti-consideracoes-acerca-do-acidente-ocorrido-em-maio-de-2025-na-marginal-tiete-em-decorrencia-de-vazamento-de-esgotos-originarios-do-interceptor-iti-3-2a-parte-em\/","og_site_name":"Instituto de Engenharia","article_publisher":"https:\/\/www.facebook.com\/institutodeengenharia","article_published_time":"2025-09-10T19:12:10+00:00","article_modified_time":"2025-11-07T17:13:29+00:00","og_image":[{"width":1024,"height":683,"url":"https:\/\/www.institutodeengenharia.org.br\/site\/wp-content\/uploads\/2025\/09\/Design-sem-nome-22-1024x683-1.png","type":"image\/png"}],"author":"Bianca","twitter_card":"summary_large_image","twitter_creator":"@iengenharia","twitter_site":"@iengenharia","twitter_misc":{"Escrito por":"Bianca","Est. tempo de leitura":"7 minutos"},"schema":{"@context":"https:\/\/schema.org","@graph":[{"@type":"Article","@id":"https:\/\/www.institutodeengenharia.org.br\/site\/2025\/09\/10\/por-jose-eduardo-cavalcanti-consideracoes-acerca-do-acidente-ocorrido-em-maio-de-2025-na-marginal-tiete-em-decorrencia-de-vazamento-de-esgotos-originarios-do-interceptor-iti-3-2a-parte-em\/#article","isPartOf":{"@id":"https:\/\/www.institutodeengenharia.org.br\/site\/2025\/09\/10\/por-jose-eduardo-cavalcanti-consideracoes-acerca-do-acidente-ocorrido-em-maio-de-2025-na-marginal-tiete-em-decorrencia-de-vazamento-de-esgotos-originarios-do-interceptor-iti-3-2a-parte-em\/"},"author":{"name":"Bianca","@id":"https:\/\/www.institutodeengenharia.org.br\/site\/#\/schema\/person\/aeb64951c405e100d26d30b033dd423f"},"headline":"Por Jos\u00e9 Eduardo Cavalcanti \u2013 Considera\u00e7\u00f5es acerca do acidente ocorrido, em maio de 2025, na Marginal Tiet\u00ea em decorr\u00eancia de vazamento de esgotos origin\u00e1rios do interceptor ITI 3 (2\u00aa parte em 7\/9\/25)","datePublished":"2025-09-10T19:12:10+00:00","dateModified":"2025-11-07T17:13:29+00:00","mainEntityOfPage":{"@id":"https:\/\/www.institutodeengenharia.org.br\/site\/2025\/09\/10\/por-jose-eduardo-cavalcanti-consideracoes-acerca-do-acidente-ocorrido-em-maio-de-2025-na-marginal-tiete-em-decorrencia-de-vazamento-de-esgotos-originarios-do-interceptor-iti-3-2a-parte-em\/"},"wordCount":1152,"commentCount":0,"publisher":{"@id":"https:\/\/www.institutodeengenharia.org.br\/site\/#organization"},"image":{"@id":"https:\/\/www.institutodeengenharia.org.br\/site\/2025\/09\/10\/por-jose-eduardo-cavalcanti-consideracoes-acerca-do-acidente-ocorrido-em-maio-de-2025-na-marginal-tiete-em-decorrencia-de-vazamento-de-esgotos-originarios-do-interceptor-iti-3-2a-parte-em\/#primaryimage"},"thumbnailUrl":"https:\/\/www.institutodeengenharia.org.br\/site\/wp-content\/uploads\/2025\/09\/Design-sem-nome-22-1024x683-1.png","articleSection":["Articulistas","Jos\u00e9 Eduardo Cavalcanti"],"inLanguage":"pt-BR","potentialAction":[{"@type":"CommentAction","name":"Comment","target":["https:\/\/www.institutodeengenharia.org.br\/site\/2025\/09\/10\/por-jose-eduardo-cavalcanti-consideracoes-acerca-do-acidente-ocorrido-em-maio-de-2025-na-marginal-tiete-em-decorrencia-de-vazamento-de-esgotos-originarios-do-interceptor-iti-3-2a-parte-em\/#respond"]}]},{"@type":"WebPage","@id":"https:\/\/www.institutodeengenharia.org.br\/site\/2025\/09\/10\/por-jose-eduardo-cavalcanti-consideracoes-acerca-do-acidente-ocorrido-em-maio-de-2025-na-marginal-tiete-em-decorrencia-de-vazamento-de-esgotos-originarios-do-interceptor-iti-3-2a-parte-em\/","url":"https:\/\/www.institutodeengenharia.org.br\/site\/2025\/09\/10\/por-jose-eduardo-cavalcanti-consideracoes-acerca-do-acidente-ocorrido-em-maio-de-2025-na-marginal-tiete-em-decorrencia-de-vazamento-de-esgotos-originarios-do-interceptor-iti-3-2a-parte-em\/","name":"Por Jos\u00e9 Eduardo Cavalcanti \u2013 Considera\u00e7\u00f5es acerca do acidente ocorrido, em maio de 2025, na Marginal Tiet\u00ea em decorr\u00eancia de vazamento de esgotos origin\u00e1rios do interceptor ITI 3 (2\u00aa parte em 7\/9\/25) - Instituto de Engenharia","isPartOf":{"@id":"https:\/\/www.institutodeengenharia.org.br\/site\/#website"},"primaryImageOfPage":{"@id":"https:\/\/www.institutodeengenharia.org.br\/site\/2025\/09\/10\/por-jose-eduardo-cavalcanti-consideracoes-acerca-do-acidente-ocorrido-em-maio-de-2025-na-marginal-tiete-em-decorrencia-de-vazamento-de-esgotos-originarios-do-interceptor-iti-3-2a-parte-em\/#primaryimage"},"image":{"@id":"https:\/\/www.institutodeengenharia.org.br\/site\/2025\/09\/10\/por-jose-eduardo-cavalcanti-consideracoes-acerca-do-acidente-ocorrido-em-maio-de-2025-na-marginal-tiete-em-decorrencia-de-vazamento-de-esgotos-originarios-do-interceptor-iti-3-2a-parte-em\/#primaryimage"},"thumbnailUrl":"https:\/\/www.institutodeengenharia.org.br\/site\/wp-content\/uploads\/2025\/09\/Design-sem-nome-22-1024x683-1.png","datePublished":"2025-09-10T19:12:10+00:00","dateModified":"2025-11-07T17:13:29+00:00","breadcrumb":{"@id":"https:\/\/www.institutodeengenharia.org.br\/site\/2025\/09\/10\/por-jose-eduardo-cavalcanti-consideracoes-acerca-do-acidente-ocorrido-em-maio-de-2025-na-marginal-tiete-em-decorrencia-de-vazamento-de-esgotos-originarios-do-interceptor-iti-3-2a-parte-em\/#breadcrumb"},"inLanguage":"pt-BR","potentialAction":[{"@type":"ReadAction","target":["https:\/\/www.institutodeengenharia.org.br\/site\/2025\/09\/10\/por-jose-eduardo-cavalcanti-consideracoes-acerca-do-acidente-ocorrido-em-maio-de-2025-na-marginal-tiete-em-decorrencia-de-vazamento-de-esgotos-originarios-do-interceptor-iti-3-2a-parte-em\/"]}]},{"@type":"ImageObject","inLanguage":"pt-BR","@id":"https:\/\/www.institutodeengenharia.org.br\/site\/2025\/09\/10\/por-jose-eduardo-cavalcanti-consideracoes-acerca-do-acidente-ocorrido-em-maio-de-2025-na-marginal-tiete-em-decorrencia-de-vazamento-de-esgotos-originarios-do-interceptor-iti-3-2a-parte-em\/#primaryimage","url":"https:\/\/www.institutodeengenharia.org.br\/site\/wp-content\/uploads\/2025\/09\/Design-sem-nome-22-1024x683-1.png","contentUrl":"https:\/\/www.institutodeengenharia.org.br\/site\/wp-content\/uploads\/2025\/09\/Design-sem-nome-22-1024x683-1.png","width":1024,"height":683},{"@type":"BreadcrumbList","@id":"https:\/\/www.institutodeengenharia.org.br\/site\/2025\/09\/10\/por-jose-eduardo-cavalcanti-consideracoes-acerca-do-acidente-ocorrido-em-maio-de-2025-na-marginal-tiete-em-decorrencia-de-vazamento-de-esgotos-originarios-do-interceptor-iti-3-2a-parte-em\/#breadcrumb","itemListElement":[{"@type":"ListItem","position":1,"name":"In\u00edcio","item":"https:\/\/www.institutodeengenharia.org.br\/site\/"},{"@type":"ListItem","position":2,"name":"Por Jos\u00e9 Eduardo Cavalcanti \u2013 Considera\u00e7\u00f5es acerca do acidente ocorrido, em maio de 2025, na Marginal Tiet\u00ea em decorr\u00eancia de vazamento de esgotos origin\u00e1rios do interceptor ITI 3 (2\u00aa parte em 7\/9\/25)"}]},{"@type":"WebSite","@id":"https:\/\/www.institutodeengenharia.org.br\/site\/#website","url":"https:\/\/www.institutodeengenharia.org.br\/site\/","name":"Instituto de Engenharia","description":"O Instituto de Engenharia promove a Engenharia em benef\u00edcio do desenvolvimento e da qualidade de vida da sociedade.","publisher":{"@id":"https:\/\/www.institutodeengenharia.org.br\/site\/#organization"},"potentialAction":[{"@type":"SearchAction","target":{"@type":"EntryPoint","urlTemplate":"https:\/\/www.institutodeengenharia.org.br\/site\/?s={search_term_string}"},"query-input":{"@type":"PropertyValueSpecification","valueRequired":true,"valueName":"search_term_string"}}],"inLanguage":"pt-BR"},{"@type":"Organization","@id":"https:\/\/www.institutodeengenharia.org.br\/site\/#organization","name":"Instituto de Engenharia","url":"https:\/\/www.institutodeengenharia.org.br\/site\/","logo":{"@type":"ImageObject","inLanguage":"pt-BR","@id":"https:\/\/www.institutodeengenharia.org.br\/site\/#\/schema\/logo\/image\/","url":"https:\/\/www.institutodeengenharia.org.br\/site\/wp-content\/uploads\/2019\/03\/logo-novo-IE2018-1.jpg","contentUrl":"https:\/\/www.institutodeengenharia.org.br\/site\/wp-content\/uploads\/2019\/03\/logo-novo-IE2018-1.jpg","width":1486,"height":1879,"caption":"Instituto de Engenharia"},"image":{"@id":"https:\/\/www.institutodeengenharia.org.br\/site\/#\/schema\/logo\/image\/"},"sameAs":["https:\/\/www.facebook.com\/institutodeengenharia","https:\/\/x.com\/iengenharia","https:\/\/www.instagram.com\/institutodeengenharia\/","https:\/\/www.linkedin.com\/company\/instituto-de-engenharia\/","https:\/\/www.youtube.com\/channel\/UCXiCAlsSMe977vamW915HxA"]},{"@type":"Person","@id":"https:\/\/www.institutodeengenharia.org.br\/site\/#\/schema\/person\/aeb64951c405e100d26d30b033dd423f","name":"Bianca","image":{"@type":"ImageObject","inLanguage":"pt-BR","@id":"https:\/\/secure.gravatar.com\/avatar\/a6fbe9bff57405baf4c1e2c5c1811e072b558253974a9f9508f4678900c97c2a?s=96&d=mm&r=g","url":"https:\/\/secure.gravatar.com\/avatar\/a6fbe9bff57405baf4c1e2c5c1811e072b558253974a9f9508f4678900c97c2a?s=96&d=mm&r=g","contentUrl":"https:\/\/secure.gravatar.com\/avatar\/a6fbe9bff57405baf4c1e2c5c1811e072b558253974a9f9508f4678900c97c2a?s=96&d=mm&r=g","caption":"Bianca"},"url":"https:\/\/www.institutodeengenharia.org.br\/site\/author\/comunicacao1\/"}]}},"_links":{"self":[{"href":"https:\/\/www.institutodeengenharia.org.br\/site\/wp-json\/wp\/v2\/posts\/132449","targetHints":{"allow":["GET"]}}],"collection":[{"href":"https:\/\/www.institutodeengenharia.org.br\/site\/wp-json\/wp\/v2\/posts"}],"about":[{"href":"https:\/\/www.institutodeengenharia.org.br\/site\/wp-json\/wp\/v2\/types\/post"}],"author":[{"embeddable":true,"href":"https:\/\/www.institutodeengenharia.org.br\/site\/wp-json\/wp\/v2\/users\/13"}],"replies":[{"embeddable":true,"href":"https:\/\/www.institutodeengenharia.org.br\/site\/wp-json\/wp\/v2\/comments?post=132449"}],"version-history":[{"count":3,"href":"https:\/\/www.institutodeengenharia.org.br\/site\/wp-json\/wp\/v2\/posts\/132449\/revisions"}],"predecessor-version":[{"id":134345,"href":"https:\/\/www.institutodeengenharia.org.br\/site\/wp-json\/wp\/v2\/posts\/132449\/revisions\/134345"}],"wp:featuredmedia":[{"embeddable":true,"href":"https:\/\/www.institutodeengenharia.org.br\/site\/wp-json\/wp\/v2\/media\/132450"}],"wp:attachment":[{"href":"https:\/\/www.institutodeengenharia.org.br\/site\/wp-json\/wp\/v2\/media?parent=132449"}],"wp:term":[{"taxonomy":"category","embeddable":true,"href":"https:\/\/www.institutodeengenharia.org.br\/site\/wp-json\/wp\/v2\/categories?post=132449"},{"taxonomy":"post_tag","embeddable":true,"href":"https:\/\/www.institutodeengenharia.org.br\/site\/wp-json\/wp\/v2\/tags?post=132449"}],"curies":[{"name":"wp","href":"https:\/\/api.w.org\/{rel}","templated":true}]}}