{"id":132254,"date":"2025-08-12T11:56:59","date_gmt":"2025-08-12T14:56:59","guid":{"rendered":"https:\/\/www.institutodeengenharia.org.br\/site\/?p=132254"},"modified":"2025-09-08T12:02:19","modified_gmt":"2025-09-08T15:02:19","slug":"simposio-de-pce-bidirecional-e-ecd-campo-de-teste-ie","status":"publish","type":"post","link":"https:\/\/www.institutodeengenharia.org.br\/site\/2025\/08\/12\/simposio-de-pce-bidirecional-e-ecd-campo-de-teste-ie\/","title":{"rendered":"Simp\u00f3sio de PCE, bidirecional e ECD + Campo de teste IE"},"content":{"rendered":"<p><strong>Assista abaixo \u00e0 grava\u00e7\u00e3o do evento:<\/strong><\/p>\n<div style=\"padding: 56.25% 0 0 0; position: relative;\"><iframe style=\"position: absolute; top: 0; left: 0; width: 100%; height: 100%;\" src=\"https:\/\/vimeo.com\/showcase\/11861334\/embed2\" frameborder=\"0\" allowfullscreen=\"allowfullscreen\"><\/iframe><\/div>\n<p>&nbsp;<\/p>\n<p><strong>+ Informa\u00e7\u00f5es:<\/strong><\/p>\n<p>Simp\u00f3sio de prova de carga e ensaios din\u00e2micos: Evento em 3 blocos (PCE, C\u00e9lula Expansiva e PDA) + Campo de teste IE.<\/p>\n<p><strong>P\u00fablico-alvo:\u00a0<\/strong><\/p>\n<p>Profissionais da \u00e1rea de Geotecnia, engenheiros, t\u00e9cnicos, estudantes e demais interessados no tema.<\/p>\n<h3><strong>PROGRAMA\u00c7\u00c3O:<\/strong><\/h3>\n<p><em>Dia 12\/08\/2025, das 9h \u00e0s 19h35 \u2013 SIMP\u00d3SIO<\/em><\/p>\n<p><strong>9h \u00e0s 9h10\u00a0<\/strong>\u2013 Abertura do evento<\/p>\n<p><em><strong>9h10 \u00e0s 12h \u2013<\/strong>\u00a0Painel 1: PCE<\/em><\/p>\n<p><strong>9h10 \u00e0s 9h50\u00a0<\/strong>\u2013\u00a0<em>Palestra 1:<\/em>\u00a0Montagem e dimensionamento da PC<\/p>\n<p><em>Palestrante:<\/em>\u00a0Eng. Me. Dirney Cury \u2013 Engenheiro na G2 Base<\/p>\n<p><strong>9h50 \u00e0s 10h30\u00a0<\/strong>\u2013\u00a0<em>Palestra 2:<\/em>\u00a0Instrumenta\u00e7\u00e3o na PCE<\/p>\n<p><em>Palestrante:<\/em>\u00a0Prof. Me. Tiago Garcia Rodriguez \u2013 Diretor da GeoProva<\/p>\n<p><strong>10h30 \u00e0s 10h40\u00a0<\/strong>\u2013 Coffee Break<\/p>\n<p><strong>10h40 \u00e0s 11h20\u00a0<\/strong>\u2013\u00a0<em>Palestra 3:<\/em>\u00a0Curva Carga x Recalque<\/p>\n<p><em>Palestrante:<\/em>\u00a0Prof. Dr. David de Carvalho \u2013 Professor da UNICAMP<\/p>\n<p><strong>11h20 \u00e0s 12h\u00a0<\/strong>\u2013 Mesa Redonda PCE<\/p>\n<p><em>Moderador:\u00a0<\/em>Eng. Arthur Askinis \u2013 Coordenador da Divis\u00e3o T\u00e9cnica de Geotecnia<\/p>\n<p><em>Participantes:<\/em>\u00a0Eng. Me. Dirney Cury, Prof. Me. Tiago Garcia Rodriguez, Prof. Dr. David de Carvalho<\/p>\n<p><strong>12h \u00e0s 13h<\/strong>\u00a0\u2013 Almo\u00e7o<\/p>\n<p><em><strong>13h \u00e0s 14h35\u00a0<\/strong>\u2013 Painel 2: Bidirecional<\/em><\/p>\n<p><strong>13h \u00e0s 13h40\u00a0<\/strong>\u2013\u00a0<em>Palestra 4:<\/em>\u00a0Ensaio Bidirecional<\/p>\n<p><em>Palestrante:<\/em>\u00a0Eng. Alysson Resende \u2013 Engenheiro Civil na Arcos Engenharia de Solos<\/p>\n<p><strong>13h40 \u00e0s 14h20\u00a0<\/strong>\u2013\u00a0<em>Palestra 5:<\/em>\u00a0Casos de Obra<\/p>\n<p><em>Palestrante:<\/em>\u00a0Eng. Celso Nogueira Corr\u00eaa \u2013 Engenheiro na ZF Engenheiros Associados<\/p>\n<p><strong>14h20 \u00e0s 14h35\u00a0<\/strong>\u2013 Mesa Redonda Bidirecional<\/p>\n<p><em>Moderador:\u00a0<\/em>Eng. Dr. Roberto Kochen \u2013 Diretor da Geocompany<\/p>\n<p><em>Participantes:<\/em>\u00a0Eng. Alysson Resende e Eng. Celso Nogueira Corr\u00eaa<\/p>\n<p><em><strong>14h35 \u00e0s 16h10 \u2013<\/strong>\u00a0Painel 3: PDA<\/em><\/p>\n<p><strong>14h35 \u00e0s 15h15\u00a0<\/strong>\u2013\u00a0<em>Palestra 6:<\/em>\u00a0Ensaio PDA<\/p>\n<p><em>Palestrante:<\/em>\u00a0Eng. Rafael Valverde \u2013 Engenheiro da PDI Engenharia<\/p>\n<p><strong>15h15 \u00e0s 15h55\u00a0<\/strong>\u2013\u00a0<em>Palestra 7:<\/em>\u00a0Quando contratar PDA ou PCE<\/p>\n<p><em>Palestrante:<\/em>\u00a0Eng. Prof. Dr. Sussumu Niyama \u2013 Diretor da TECNUM CONSTRUTORA<\/p>\n<p><strong>15h55 \u00e0s 16h10\u00a0<\/strong>\u2013 Mesa Redonda PDA<\/p>\n<p><em>Moderador:\u00a0<\/em>Eng. Dr. Tiago de Jesus Souza \u2013 UFSCAR\/Geotecnia Brasil<\/p>\n<p><em>Participantes:<\/em>\u00a0Eng. Rafael Valverde e Eng. Prof. Dr. Sussumu Niyama<\/p>\n<p><strong>16h10 \u00e0s 16h30\u00a0<\/strong>\u2013 Coffee Break<\/p>\n<p><strong>16h30 \u00e0s 19h15\u00a0<\/strong>\u2013 Painel 4: Campo de prova IE<\/p>\n<h3><strong>16h30 \u00e0s 16h40\u00a0<\/strong><strong>\u2013 Abertura \u2013<em>\u00a0Campo de Teste IE \u2013 COM TRANSMISS\u00c3O\u00a0<\/em><\/strong><\/h3>\n<p><strong>16h40 \u00e0s 16h55\u00a0<\/strong>\u2013 Palestra 8: SPT e a medida de torque<\/p>\n<p><em>Palestrante:<\/em>\u00a0Eng.\u00aa Dra. Anna S\u00edlvia Palcheco Peixoto \u2013 Professora da UNESP Bauru<\/p>\n<p><strong>16h55 \u00e0s 17h10\u00a0<\/strong>\u2013 Palestra 9: Ensaios especiais: S-CPTu e S-DMT<\/p>\n<p><em>Palestrante:<\/em>\u00a0Prof. Dr. Ant\u00f4nio Sergio Damasco Penna \u2013 Diretor da Damasco Penna<\/p>\n<p><strong>17h10 \u00e0s 17h25\u00a0<\/strong>\u2013 Palestra 10: Cross Hole<\/p>\n<p><em>Palestrante:<\/em>\u00a0Geof. Otavio Gandolfo \u2013 Geof\u00edsico no IPT<\/p>\n<p><strong>17h25 \u00e0s 17h40\u00a0<\/strong>\u2013 Palestra 11: Barra Roc Solos<\/p>\n<p><em>Palestrante:<\/em>\u00a0Eng. C\u00e1ssio Moura \u2013 Diretor da CPB<\/p>\n<p><strong>17h40 \u00e0s 17h55\u00a0<\/strong>\u2013 Palestra 12: Estaca Raiz<\/p>\n<p><em>Palestrante:<\/em>\u00a0Eng. M\u00e1rcio dos Santos \u2013 CEO da FundSolo<\/p>\n<p><strong>17h55 \u00e0s 18h10\u00a0<\/strong>\u2013 Palestra 13: Montagem da PC<\/p>\n<p><em>Palestrante:<\/em>\u00a0Prof. Me. Tiago Garcia Rodriguez \u2013 Diretor da GeoProva<\/p>\n<p><strong>18h10 \u00e0s 18h20\u00a0<\/strong>\u2013 Palestra 14: Investiga\u00e7\u00f5es adicionais<\/p>\n<p><em>Palestrante:<\/em>\u00a0Prof. Dr. David de Carvalho \u2013 Professor da UNICAMP<\/p>\n<p><strong>\u00a0<\/strong><strong>18h20 \u00e0s 18h35\u00a0<\/strong>\u2013 Palestra 15: PDA executados na ET-01 e ET-02<\/p>\n<p><em>Palestrante:<\/em>\u00a0Eng. Arthur Askinis \u2013 Coordenador da Divis\u00e3o T\u00e9cnica de Geotecnia<\/p>\n<p><strong>18h35 \u00e0s 19h05 \u2013\u00a0<\/strong>Palestra 16: An\u00e1lises e Considera\u00e7\u00f5es dos Resultados<\/p>\n<p><em>Palestrante:<\/em>\u00a0Eng. Dr. Luciano Decourt \u2013 Diretor da Luciano Decourt Consultoria<\/p>\n<p><strong>19h05 \u00e0s 19h25\u00a0<\/strong>\u2013\u00a0<em>Mesa Redonda Campo de Prova<\/em><\/p>\n<p><em>Moderador:\u00a0<\/em>Eng. Arthur Askinis \u2013 Coordenador da Divis\u00e3o T\u00e9cnica de Geotecnia<\/p>\n<p><em>Participantes:<\/em>\u00a0Eng.\u00aa Dra. Anna S\u00edlvia Palcheco Peixoto, Prof. Dr. Ant\u00f4nio Sergio Damasco Penna, Geof. Otavio Gandolfo, Eng. C\u00e1ssio Moura, Eng. M\u00e1rcio dos Santos, Prof. Me. Tiago Garcia Rodriguez, Prof. Dr. David de Carvalho, Eng. Dr. Luciano Decourt<\/p>\n<p><strong>19h25 \u00e0s 19h35\u00a0<\/strong>\u2013 Encerramento e considera\u00e7\u00f5es finais<\/p>\n<p>Jos\u00e9 Eduardo Frasc\u00e1 Poyares Jardim \u2013 Presidente do Instituto de Engenharia<\/p>\n<p><strong>Realiza\u00e7\u00e3o:<\/strong><\/p>\n<p><img loading=\"lazy\" decoding=\"async\" class=\"alignnone wp-image-81229 alignleft td-animation-stack-type0-2\" src=\"https:\/\/www.institutodeengenharia.org.br\/site\/wp-content\/uploads\/2021\/05\/ie-logo-escudo.jpeg\" alt=\"\" width=\"94\" height=\"119\" srcset=\"https:\/\/www.institutodeengenharia.org.br\/site\/wp-content\/uploads\/2021\/05\/ie-logo-escudo.jpeg 1012w, https:\/\/www.institutodeengenharia.org.br\/site\/wp-content\/uploads\/2021\/05\/ie-logo-escudo-237x300.jpeg 237w, https:\/\/www.institutodeengenharia.org.br\/site\/wp-content\/uploads\/2021\/05\/ie-logo-escudo-810x1024.jpeg 810w, https:\/\/www.institutodeengenharia.org.br\/site\/wp-content\/uploads\/2021\/05\/ie-logo-escudo-768x971.jpeg 768w, https:\/\/www.institutodeengenharia.org.br\/site\/wp-content\/uploads\/2021\/05\/ie-logo-escudo-696x880.jpeg 696w, https:\/\/www.institutodeengenharia.org.br\/site\/wp-content\/uploads\/2021\/05\/ie-logo-escudo-332x420.jpeg 332w, https:\/\/www.institutodeengenharia.org.br\/site\/wp-content\/uploads\/2021\/05\/ie-logo-escudo-600x759.jpeg 600w\" sizes=\"auto, (max-width: 94px) 100vw, 94px\" \/><\/p>\n<p><strong>Eng. Jer\u00f4nimo Cabral Pereira Fagundes Neto<\/strong>\u00a0\u2013 Vice-Presidente de Atividades T\u00e9cnicas<\/p>\n<p><strong>Eng. Francisco Jos\u00e9 Pereira de Oliveira<\/strong>\u00a0\u2013 Diretor do Departamento de Desenvolvimento de Projeto e Servi\u00e7os de Infraestrutura<\/p>\n<p><strong>Eng. Arthur Teixeira Askinis<\/strong>\u00a0\u2013 Coordenador da Divis\u00e3o T\u00e9cnica de Geotecnia<\/p>\n<p style=\"text-align: center;\"><strong>Patroc\u00ednio:<\/strong><\/p>\n<p><img loading=\"lazy\" decoding=\"async\" class=\"wp-image-130972 td-animation-stack-type0-2 aligncenter\" src=\"https:\/\/www.institutodeengenharia.org.br\/site\/wp-content\/uploads\/2023\/12\/logos-patrocinio-simposio-de-carga-11-1024x753.jpg\" alt=\"\" width=\"490\" height=\"361\" srcset=\"https:\/\/www.institutodeengenharia.org.br\/site\/wp-content\/uploads\/2023\/12\/logos-patrocinio-simposio-de-carga-11-1024x753.jpg 1024w, https:\/\/www.institutodeengenharia.org.br\/site\/wp-content\/uploads\/2023\/12\/logos-patrocinio-simposio-de-carga-11-300x221.jpg 300w, https:\/\/www.institutodeengenharia.org.br\/site\/wp-content\/uploads\/2023\/12\/logos-patrocinio-simposio-de-carga-11-768x565.jpg 768w, https:\/\/www.institutodeengenharia.org.br\/site\/wp-content\/uploads\/2023\/12\/logos-patrocinio-simposio-de-carga-11-1536x1130.jpg 1536w, https:\/\/www.institutodeengenharia.org.br\/site\/wp-content\/uploads\/2023\/12\/logos-patrocinio-simposio-de-carga-11-2048x1506.jpg 2048w, https:\/\/www.institutodeengenharia.org.br\/site\/wp-content\/uploads\/2023\/12\/logos-patrocinio-simposio-de-carga-11-571x420.jpg 571w, https:\/\/www.institutodeengenharia.org.br\/site\/wp-content\/uploads\/2023\/12\/logos-patrocinio-simposio-de-carga-11-80x60.jpg 80w, https:\/\/www.institutodeengenharia.org.br\/site\/wp-content\/uploads\/2023\/12\/logos-patrocinio-simposio-de-carga-11-696x512.jpg 696w, https:\/\/www.institutodeengenharia.org.br\/site\/wp-content\/uploads\/2023\/12\/logos-patrocinio-simposio-de-carga-11-1068x785.jpg 1068w, https:\/\/www.institutodeengenharia.org.br\/site\/wp-content\/uploads\/2023\/12\/logos-patrocinio-simposio-de-carga-11-1920x1412.jpg 1920w, https:\/\/www.institutodeengenharia.org.br\/site\/wp-content\/uploads\/2023\/12\/logos-patrocinio-simposio-de-carga-11-600x441.jpg 600w\" sizes=\"auto, (max-width: 490px) 100vw, 490px\" \/><\/p>\n<p><strong>Apoio Institucional:\u00a0<\/strong><\/p>\n<p><img loading=\"lazy\" decoding=\"async\" class=\"wp-image-129410 aligncenter td-animation-stack-type0-2\" src=\"https:\/\/www.institutodeengenharia.org.br\/site\/wp-content\/uploads\/2023\/12\/logos-patrocinio-simposio-de-carga-5-1024x420.jpg\" alt=\"\" width=\"418\" height=\"171\" srcset=\"https:\/\/www.institutodeengenharia.org.br\/site\/wp-content\/uploads\/2023\/12\/logos-patrocinio-simposio-de-carga-5-1024x420.jpg 1024w, https:\/\/www.institutodeengenharia.org.br\/site\/wp-content\/uploads\/2023\/12\/logos-patrocinio-simposio-de-carga-5-300x123.jpg 300w, https:\/\/www.institutodeengenharia.org.br\/site\/wp-content\/uploads\/2023\/12\/logos-patrocinio-simposio-de-carga-5-768x315.jpg 768w, https:\/\/www.institutodeengenharia.org.br\/site\/wp-content\/uploads\/2023\/12\/logos-patrocinio-simposio-de-carga-5-1536x630.jpg 1536w, https:\/\/www.institutodeengenharia.org.br\/site\/wp-content\/uploads\/2023\/12\/logos-patrocinio-simposio-de-carga-5-2048x840.jpg 2048w, https:\/\/www.institutodeengenharia.org.br\/site\/wp-content\/uploads\/2023\/12\/logos-patrocinio-simposio-de-carga-5-696x285.jpg 696w, https:\/\/www.institutodeengenharia.org.br\/site\/wp-content\/uploads\/2023\/12\/logos-patrocinio-simposio-de-carga-5-1068x438.jpg 1068w, https:\/\/www.institutodeengenharia.org.br\/site\/wp-content\/uploads\/2023\/12\/logos-patrocinio-simposio-de-carga-5-1920x787.jpg 1920w, https:\/\/www.institutodeengenharia.org.br\/site\/wp-content\/uploads\/2023\/12\/logos-patrocinio-simposio-de-carga-5-600x246.jpg 600w\" sizes=\"auto, (max-width: 418px) 100vw, 418px\" \/><\/p>\n<p><strong>Apoio \u00e0 forma\u00e7\u00e3o:\u00a0<\/strong><\/p>\n<p>Espa\u00e7o aberto ao CREA-SP, objetivando o aperfei\u00e7oamento dos profissionais e o aprimoramento da fiscaliza\u00e7\u00e3o das \u00e1reas abrangidas pelo Sistema Confea\/CREAs, al\u00e9m de promover a conscientiza\u00e7\u00e3o da sociedade quanto \u00e0 necessidade e obrigatoriedade de contratar um profissional devidamente habilitado.<\/p>\n<p>&nbsp;<\/p>\n","protected":false},"excerpt":{"rendered":"<p>Assista abaixo \u00e0 grava\u00e7\u00e3o do evento: &nbsp; + Informa\u00e7\u00f5es: Simp\u00f3sio de prova de carga e ensaios din\u00e2micos: Evento em 3 blocos (PCE, C\u00e9lula Expansiva e PDA) + Campo de teste IE. P\u00fablico-alvo:\u00a0 Profissionais da \u00e1rea de Geotecnia, engenheiros, t\u00e9cnicos, estudantes e demais interessados no tema. PROGRAMA\u00c7\u00c3O: Dia 12\/08\/2025, das 9h \u00e0s 19h35 \u2013 SIMP\u00d3SIO 9h [&hellip;]<\/p>\n","protected":false},"author":13,"featured_media":124332,"comment_status":"open","ping_status":"open","sticky":false,"template":"","format":"video","meta":{"footnotes":""},"categories":[968,969],"tags":[1176],"class_list":{"0":"post-132254","1":"post","2":"type-post","3":"status-publish","4":"format-video","5":"has-post-thumbnail","7":"category-nova-tv-engenharia","8":"category-palestra","9":"tag-video-home","10":"post_format-post-format-video"},"yoast_head":"<!-- This site is optimized with the Yoast SEO plugin v27.2 - https:\/\/yoast.com\/product\/yoast-seo-wordpress\/ -->\n<title>Simp\u00f3sio de PCE, bidirecional e ECD + Campo de teste IE - Instituto de Engenharia<\/title>\n<meta name=\"robots\" content=\"index, follow, max-snippet:-1, max-image-preview:large, max-video-preview:-1\" \/>\n<link rel=\"canonical\" href=\"https:\/\/www.institutodeengenharia.org.br\/site\/2025\/08\/12\/simposio-de-pce-bidirecional-e-ecd-campo-de-teste-ie\/\" \/>\n<meta property=\"og:locale\" content=\"pt_BR\" \/>\n<meta property=\"og:type\" content=\"article\" \/>\n<meta property=\"og:title\" content=\"Simp\u00f3sio de PCE, bidirecional e ECD + Campo de teste IE - Instituto de Engenharia\" \/>\n<meta property=\"og:description\" content=\"Assista abaixo \u00e0 grava\u00e7\u00e3o do evento: &nbsp; + Informa\u00e7\u00f5es: Simp\u00f3sio de prova de carga e ensaios din\u00e2micos: Evento em 3 blocos (PCE, C\u00e9lula Expansiva e PDA) + Campo de teste IE. P\u00fablico-alvo:\u00a0 Profissionais da \u00e1rea de Geotecnia, engenheiros, t\u00e9cnicos, estudantes e demais interessados no tema. PROGRAMA\u00c7\u00c3O: Dia 12\/08\/2025, das 9h \u00e0s 19h35 \u2013 SIMP\u00d3SIO 9h [&hellip;]\" \/>\n<meta property=\"og:url\" content=\"https:\/\/www.institutodeengenharia.org.br\/site\/2025\/08\/12\/simposio-de-pce-bidirecional-e-ecd-campo-de-teste-ie\/\" \/>\n<meta property=\"og:site_name\" content=\"Instituto de Engenharia\" \/>\n<meta property=\"article:publisher\" content=\"https:\/\/www.facebook.com\/institutodeengenharia\" \/>\n<meta property=\"article:published_time\" content=\"2025-08-12T14:56:59+00:00\" \/>\n<meta property=\"article:modified_time\" content=\"2025-09-08T15:02:19+00:00\" \/>\n<meta property=\"og:image\" content=\"https:\/\/www.institutodeengenharia.org.br\/site\/wp-content\/uploads\/2024\/10\/IMG-20231211-WA0051-1.jpg\" \/>\n\t<meta property=\"og:image:width\" content=\"1600\" \/>\n\t<meta property=\"og:image:height\" content=\"1131\" \/>\n\t<meta property=\"og:image:type\" content=\"image\/jpeg\" \/>\n<meta name=\"author\" content=\"Bianca\" \/>\n<meta name=\"twitter:card\" content=\"summary_large_image\" \/>\n<meta name=\"twitter:creator\" content=\"@iengenharia\" \/>\n<meta name=\"twitter:site\" content=\"@iengenharia\" \/>\n<meta name=\"twitter:label1\" content=\"Escrito por\" \/>\n\t<meta name=\"twitter:data1\" content=\"Bianca\" \/>\n\t<meta name=\"twitter:label2\" content=\"Est. tempo de leitura\" \/>\n\t<meta name=\"twitter:data2\" content=\"5 minutos\" \/>\n<script type=\"application\/ld+json\" class=\"yoast-schema-graph\">{\"@context\":\"https:\/\/schema.org\",\"@graph\":[{\"@type\":\"Article\",\"@id\":\"https:\/\/www.institutodeengenharia.org.br\/site\/2025\/08\/12\/simposio-de-pce-bidirecional-e-ecd-campo-de-teste-ie\/#article\",\"isPartOf\":{\"@id\":\"https:\/\/www.institutodeengenharia.org.br\/site\/2025\/08\/12\/simposio-de-pce-bidirecional-e-ecd-campo-de-teste-ie\/\"},\"author\":{\"name\":\"Bianca\",\"@id\":\"https:\/\/www.institutodeengenharia.org.br\/site\/#\/schema\/person\/aeb64951c405e100d26d30b033dd423f\"},\"headline\":\"Simp\u00f3sio de PCE, bidirecional e ECD + Campo de teste IE\",\"datePublished\":\"2025-08-12T14:56:59+00:00\",\"dateModified\":\"2025-09-08T15:02:19+00:00\",\"mainEntityOfPage\":{\"@id\":\"https:\/\/www.institutodeengenharia.org.br\/site\/2025\/08\/12\/simposio-de-pce-bidirecional-e-ecd-campo-de-teste-ie\/\"},\"wordCount\":662,\"commentCount\":0,\"publisher\":{\"@id\":\"https:\/\/www.institutodeengenharia.org.br\/site\/#organization\"},\"image\":{\"@id\":\"https:\/\/www.institutodeengenharia.org.br\/site\/2025\/08\/12\/simposio-de-pce-bidirecional-e-ecd-campo-de-teste-ie\/#primaryimage\"},\"thumbnailUrl\":\"https:\/\/www.institutodeengenharia.org.br\/site\/wp-content\/uploads\/2024\/10\/IMG-20231211-WA0051-1.jpg\",\"keywords\":[\"video-home\"],\"articleSection\":[\"Nova TV Engenharia\",\"Palestra\"],\"inLanguage\":\"pt-BR\",\"potentialAction\":[{\"@type\":\"CommentAction\",\"name\":\"Comment\",\"target\":[\"https:\/\/www.institutodeengenharia.org.br\/site\/2025\/08\/12\/simposio-de-pce-bidirecional-e-ecd-campo-de-teste-ie\/#respond\"]}]},{\"@type\":\"WebPage\",\"@id\":\"https:\/\/www.institutodeengenharia.org.br\/site\/2025\/08\/12\/simposio-de-pce-bidirecional-e-ecd-campo-de-teste-ie\/\",\"url\":\"https:\/\/www.institutodeengenharia.org.br\/site\/2025\/08\/12\/simposio-de-pce-bidirecional-e-ecd-campo-de-teste-ie\/\",\"name\":\"Simp\u00f3sio de PCE, bidirecional e ECD + Campo de teste IE - Instituto de Engenharia\",\"isPartOf\":{\"@id\":\"https:\/\/www.institutodeengenharia.org.br\/site\/#website\"},\"primaryImageOfPage\":{\"@id\":\"https:\/\/www.institutodeengenharia.org.br\/site\/2025\/08\/12\/simposio-de-pce-bidirecional-e-ecd-campo-de-teste-ie\/#primaryimage\"},\"image\":{\"@id\":\"https:\/\/www.institutodeengenharia.org.br\/site\/2025\/08\/12\/simposio-de-pce-bidirecional-e-ecd-campo-de-teste-ie\/#primaryimage\"},\"thumbnailUrl\":\"https:\/\/www.institutodeengenharia.org.br\/site\/wp-content\/uploads\/2024\/10\/IMG-20231211-WA0051-1.jpg\",\"datePublished\":\"2025-08-12T14:56:59+00:00\",\"dateModified\":\"2025-09-08T15:02:19+00:00\",\"breadcrumb\":{\"@id\":\"https:\/\/www.institutodeengenharia.org.br\/site\/2025\/08\/12\/simposio-de-pce-bidirecional-e-ecd-campo-de-teste-ie\/#breadcrumb\"},\"inLanguage\":\"pt-BR\",\"potentialAction\":[{\"@type\":\"ReadAction\",\"target\":[\"https:\/\/www.institutodeengenharia.org.br\/site\/2025\/08\/12\/simposio-de-pce-bidirecional-e-ecd-campo-de-teste-ie\/\"]}]},{\"@type\":\"ImageObject\",\"inLanguage\":\"pt-BR\",\"@id\":\"https:\/\/www.institutodeengenharia.org.br\/site\/2025\/08\/12\/simposio-de-pce-bidirecional-e-ecd-campo-de-teste-ie\/#primaryimage\",\"url\":\"https:\/\/www.institutodeengenharia.org.br\/site\/wp-content\/uploads\/2024\/10\/IMG-20231211-WA0051-1.jpg\",\"contentUrl\":\"https:\/\/www.institutodeengenharia.org.br\/site\/wp-content\/uploads\/2024\/10\/IMG-20231211-WA0051-1.jpg\",\"width\":1600,\"height\":1131},{\"@type\":\"BreadcrumbList\",\"@id\":\"https:\/\/www.institutodeengenharia.org.br\/site\/2025\/08\/12\/simposio-de-pce-bidirecional-e-ecd-campo-de-teste-ie\/#breadcrumb\",\"itemListElement\":[{\"@type\":\"ListItem\",\"position\":1,\"name\":\"In\u00edcio\",\"item\":\"https:\/\/www.institutodeengenharia.org.br\/site\/\"},{\"@type\":\"ListItem\",\"position\":2,\"name\":\"Simp\u00f3sio de PCE, bidirecional e ECD + Campo de teste IE\"}]},{\"@type\":\"WebSite\",\"@id\":\"https:\/\/www.institutodeengenharia.org.br\/site\/#website\",\"url\":\"https:\/\/www.institutodeengenharia.org.br\/site\/\",\"name\":\"Instituto de Engenharia\",\"description\":\"O Instituto de Engenharia promove a Engenharia em benef\u00edcio do desenvolvimento e da qualidade de vida da sociedade.\",\"publisher\":{\"@id\":\"https:\/\/www.institutodeengenharia.org.br\/site\/#organization\"},\"potentialAction\":[{\"@type\":\"SearchAction\",\"target\":{\"@type\":\"EntryPoint\",\"urlTemplate\":\"https:\/\/www.institutodeengenharia.org.br\/site\/?s={search_term_string}\"},\"query-input\":{\"@type\":\"PropertyValueSpecification\",\"valueRequired\":true,\"valueName\":\"search_term_string\"}}],\"inLanguage\":\"pt-BR\"},{\"@type\":\"Organization\",\"@id\":\"https:\/\/www.institutodeengenharia.org.br\/site\/#organization\",\"name\":\"Instituto de Engenharia\",\"url\":\"https:\/\/www.institutodeengenharia.org.br\/site\/\",\"logo\":{\"@type\":\"ImageObject\",\"inLanguage\":\"pt-BR\",\"@id\":\"https:\/\/www.institutodeengenharia.org.br\/site\/#\/schema\/logo\/image\/\",\"url\":\"https:\/\/www.institutodeengenharia.org.br\/site\/wp-content\/uploads\/2019\/03\/logo-novo-IE2018-1.jpg\",\"contentUrl\":\"https:\/\/www.institutodeengenharia.org.br\/site\/wp-content\/uploads\/2019\/03\/logo-novo-IE2018-1.jpg\",\"width\":1486,\"height\":1879,\"caption\":\"Instituto de Engenharia\"},\"image\":{\"@id\":\"https:\/\/www.institutodeengenharia.org.br\/site\/#\/schema\/logo\/image\/\"},\"sameAs\":[\"https:\/\/www.facebook.com\/institutodeengenharia\",\"https:\/\/x.com\/iengenharia\",\"https:\/\/www.instagram.com\/institutodeengenharia\/\",\"https:\/\/www.linkedin.com\/company\/instituto-de-engenharia\/\",\"https:\/\/www.youtube.com\/channel\/UCXiCAlsSMe977vamW915HxA\"]},{\"@type\":\"Person\",\"@id\":\"https:\/\/www.institutodeengenharia.org.br\/site\/#\/schema\/person\/aeb64951c405e100d26d30b033dd423f\",\"name\":\"Bianca\",\"image\":{\"@type\":\"ImageObject\",\"inLanguage\":\"pt-BR\",\"@id\":\"https:\/\/secure.gravatar.com\/avatar\/a6fbe9bff57405baf4c1e2c5c1811e072b558253974a9f9508f4678900c97c2a?s=96&d=mm&r=g\",\"url\":\"https:\/\/secure.gravatar.com\/avatar\/a6fbe9bff57405baf4c1e2c5c1811e072b558253974a9f9508f4678900c97c2a?s=96&d=mm&r=g\",\"contentUrl\":\"https:\/\/secure.gravatar.com\/avatar\/a6fbe9bff57405baf4c1e2c5c1811e072b558253974a9f9508f4678900c97c2a?s=96&d=mm&r=g\",\"caption\":\"Bianca\"},\"url\":\"https:\/\/www.institutodeengenharia.org.br\/site\/author\/comunicacao1\/\"}]}<\/script>\n<!-- \/ Yoast SEO plugin. -->","yoast_head_json":{"title":"Simp\u00f3sio de PCE, bidirecional e ECD + Campo de teste IE - Instituto de Engenharia","robots":{"index":"index","follow":"follow","max-snippet":"max-snippet:-1","max-image-preview":"max-image-preview:large","max-video-preview":"max-video-preview:-1"},"canonical":"https:\/\/www.institutodeengenharia.org.br\/site\/2025\/08\/12\/simposio-de-pce-bidirecional-e-ecd-campo-de-teste-ie\/","og_locale":"pt_BR","og_type":"article","og_title":"Simp\u00f3sio de PCE, bidirecional e ECD + Campo de teste IE - Instituto de Engenharia","og_description":"Assista abaixo \u00e0 grava\u00e7\u00e3o do evento: &nbsp; + Informa\u00e7\u00f5es: Simp\u00f3sio de prova de carga e ensaios din\u00e2micos: Evento em 3 blocos (PCE, C\u00e9lula Expansiva e PDA) + Campo de teste IE. P\u00fablico-alvo:\u00a0 Profissionais da \u00e1rea de Geotecnia, engenheiros, t\u00e9cnicos, estudantes e demais interessados no tema. PROGRAMA\u00c7\u00c3O: Dia 12\/08\/2025, das 9h \u00e0s 19h35 \u2013 SIMP\u00d3SIO 9h [&hellip;]","og_url":"https:\/\/www.institutodeengenharia.org.br\/site\/2025\/08\/12\/simposio-de-pce-bidirecional-e-ecd-campo-de-teste-ie\/","og_site_name":"Instituto de Engenharia","article_publisher":"https:\/\/www.facebook.com\/institutodeengenharia","article_published_time":"2025-08-12T14:56:59+00:00","article_modified_time":"2025-09-08T15:02:19+00:00","og_image":[{"width":1600,"height":1131,"url":"https:\/\/www.institutodeengenharia.org.br\/site\/wp-content\/uploads\/2024\/10\/IMG-20231211-WA0051-1.jpg","type":"image\/jpeg"}],"author":"Bianca","twitter_card":"summary_large_image","twitter_creator":"@iengenharia","twitter_site":"@iengenharia","twitter_misc":{"Escrito por":"Bianca","Est. tempo de leitura":"5 minutos"},"schema":{"@context":"https:\/\/schema.org","@graph":[{"@type":"Article","@id":"https:\/\/www.institutodeengenharia.org.br\/site\/2025\/08\/12\/simposio-de-pce-bidirecional-e-ecd-campo-de-teste-ie\/#article","isPartOf":{"@id":"https:\/\/www.institutodeengenharia.org.br\/site\/2025\/08\/12\/simposio-de-pce-bidirecional-e-ecd-campo-de-teste-ie\/"},"author":{"name":"Bianca","@id":"https:\/\/www.institutodeengenharia.org.br\/site\/#\/schema\/person\/aeb64951c405e100d26d30b033dd423f"},"headline":"Simp\u00f3sio de PCE, bidirecional e ECD + Campo de teste IE","datePublished":"2025-08-12T14:56:59+00:00","dateModified":"2025-09-08T15:02:19+00:00","mainEntityOfPage":{"@id":"https:\/\/www.institutodeengenharia.org.br\/site\/2025\/08\/12\/simposio-de-pce-bidirecional-e-ecd-campo-de-teste-ie\/"},"wordCount":662,"commentCount":0,"publisher":{"@id":"https:\/\/www.institutodeengenharia.org.br\/site\/#organization"},"image":{"@id":"https:\/\/www.institutodeengenharia.org.br\/site\/2025\/08\/12\/simposio-de-pce-bidirecional-e-ecd-campo-de-teste-ie\/#primaryimage"},"thumbnailUrl":"https:\/\/www.institutodeengenharia.org.br\/site\/wp-content\/uploads\/2024\/10\/IMG-20231211-WA0051-1.jpg","keywords":["video-home"],"articleSection":["Nova TV Engenharia","Palestra"],"inLanguage":"pt-BR","potentialAction":[{"@type":"CommentAction","name":"Comment","target":["https:\/\/www.institutodeengenharia.org.br\/site\/2025\/08\/12\/simposio-de-pce-bidirecional-e-ecd-campo-de-teste-ie\/#respond"]}]},{"@type":"WebPage","@id":"https:\/\/www.institutodeengenharia.org.br\/site\/2025\/08\/12\/simposio-de-pce-bidirecional-e-ecd-campo-de-teste-ie\/","url":"https:\/\/www.institutodeengenharia.org.br\/site\/2025\/08\/12\/simposio-de-pce-bidirecional-e-ecd-campo-de-teste-ie\/","name":"Simp\u00f3sio de PCE, bidirecional e ECD + Campo de teste IE - Instituto de Engenharia","isPartOf":{"@id":"https:\/\/www.institutodeengenharia.org.br\/site\/#website"},"primaryImageOfPage":{"@id":"https:\/\/www.institutodeengenharia.org.br\/site\/2025\/08\/12\/simposio-de-pce-bidirecional-e-ecd-campo-de-teste-ie\/#primaryimage"},"image":{"@id":"https:\/\/www.institutodeengenharia.org.br\/site\/2025\/08\/12\/simposio-de-pce-bidirecional-e-ecd-campo-de-teste-ie\/#primaryimage"},"thumbnailUrl":"https:\/\/www.institutodeengenharia.org.br\/site\/wp-content\/uploads\/2024\/10\/IMG-20231211-WA0051-1.jpg","datePublished":"2025-08-12T14:56:59+00:00","dateModified":"2025-09-08T15:02:19+00:00","breadcrumb":{"@id":"https:\/\/www.institutodeengenharia.org.br\/site\/2025\/08\/12\/simposio-de-pce-bidirecional-e-ecd-campo-de-teste-ie\/#breadcrumb"},"inLanguage":"pt-BR","potentialAction":[{"@type":"ReadAction","target":["https:\/\/www.institutodeengenharia.org.br\/site\/2025\/08\/12\/simposio-de-pce-bidirecional-e-ecd-campo-de-teste-ie\/"]}]},{"@type":"ImageObject","inLanguage":"pt-BR","@id":"https:\/\/www.institutodeengenharia.org.br\/site\/2025\/08\/12\/simposio-de-pce-bidirecional-e-ecd-campo-de-teste-ie\/#primaryimage","url":"https:\/\/www.institutodeengenharia.org.br\/site\/wp-content\/uploads\/2024\/10\/IMG-20231211-WA0051-1.jpg","contentUrl":"https:\/\/www.institutodeengenharia.org.br\/site\/wp-content\/uploads\/2024\/10\/IMG-20231211-WA0051-1.jpg","width":1600,"height":1131},{"@type":"BreadcrumbList","@id":"https:\/\/www.institutodeengenharia.org.br\/site\/2025\/08\/12\/simposio-de-pce-bidirecional-e-ecd-campo-de-teste-ie\/#breadcrumb","itemListElement":[{"@type":"ListItem","position":1,"name":"In\u00edcio","item":"https:\/\/www.institutodeengenharia.org.br\/site\/"},{"@type":"ListItem","position":2,"name":"Simp\u00f3sio de PCE, bidirecional e ECD + Campo de teste IE"}]},{"@type":"WebSite","@id":"https:\/\/www.institutodeengenharia.org.br\/site\/#website","url":"https:\/\/www.institutodeengenharia.org.br\/site\/","name":"Instituto de Engenharia","description":"O Instituto de Engenharia promove a Engenharia em benef\u00edcio do desenvolvimento e da qualidade de vida da sociedade.","publisher":{"@id":"https:\/\/www.institutodeengenharia.org.br\/site\/#organization"},"potentialAction":[{"@type":"SearchAction","target":{"@type":"EntryPoint","urlTemplate":"https:\/\/www.institutodeengenharia.org.br\/site\/?s={search_term_string}"},"query-input":{"@type":"PropertyValueSpecification","valueRequired":true,"valueName":"search_term_string"}}],"inLanguage":"pt-BR"},{"@type":"Organization","@id":"https:\/\/www.institutodeengenharia.org.br\/site\/#organization","name":"Instituto de Engenharia","url":"https:\/\/www.institutodeengenharia.org.br\/site\/","logo":{"@type":"ImageObject","inLanguage":"pt-BR","@id":"https:\/\/www.institutodeengenharia.org.br\/site\/#\/schema\/logo\/image\/","url":"https:\/\/www.institutodeengenharia.org.br\/site\/wp-content\/uploads\/2019\/03\/logo-novo-IE2018-1.jpg","contentUrl":"https:\/\/www.institutodeengenharia.org.br\/site\/wp-content\/uploads\/2019\/03\/logo-novo-IE2018-1.jpg","width":1486,"height":1879,"caption":"Instituto de Engenharia"},"image":{"@id":"https:\/\/www.institutodeengenharia.org.br\/site\/#\/schema\/logo\/image\/"},"sameAs":["https:\/\/www.facebook.com\/institutodeengenharia","https:\/\/x.com\/iengenharia","https:\/\/www.instagram.com\/institutodeengenharia\/","https:\/\/www.linkedin.com\/company\/instituto-de-engenharia\/","https:\/\/www.youtube.com\/channel\/UCXiCAlsSMe977vamW915HxA"]},{"@type":"Person","@id":"https:\/\/www.institutodeengenharia.org.br\/site\/#\/schema\/person\/aeb64951c405e100d26d30b033dd423f","name":"Bianca","image":{"@type":"ImageObject","inLanguage":"pt-BR","@id":"https:\/\/secure.gravatar.com\/avatar\/a6fbe9bff57405baf4c1e2c5c1811e072b558253974a9f9508f4678900c97c2a?s=96&d=mm&r=g","url":"https:\/\/secure.gravatar.com\/avatar\/a6fbe9bff57405baf4c1e2c5c1811e072b558253974a9f9508f4678900c97c2a?s=96&d=mm&r=g","contentUrl":"https:\/\/secure.gravatar.com\/avatar\/a6fbe9bff57405baf4c1e2c5c1811e072b558253974a9f9508f4678900c97c2a?s=96&d=mm&r=g","caption":"Bianca"},"url":"https:\/\/www.institutodeengenharia.org.br\/site\/author\/comunicacao1\/"}]}},"_links":{"self":[{"href":"https:\/\/www.institutodeengenharia.org.br\/site\/wp-json\/wp\/v2\/posts\/132254","targetHints":{"allow":["GET"]}}],"collection":[{"href":"https:\/\/www.institutodeengenharia.org.br\/site\/wp-json\/wp\/v2\/posts"}],"about":[{"href":"https:\/\/www.institutodeengenharia.org.br\/site\/wp-json\/wp\/v2\/types\/post"}],"author":[{"embeddable":true,"href":"https:\/\/www.institutodeengenharia.org.br\/site\/wp-json\/wp\/v2\/users\/13"}],"replies":[{"embeddable":true,"href":"https:\/\/www.institutodeengenharia.org.br\/site\/wp-json\/wp\/v2\/comments?post=132254"}],"version-history":[{"count":1,"href":"https:\/\/www.institutodeengenharia.org.br\/site\/wp-json\/wp\/v2\/posts\/132254\/revisions"}],"predecessor-version":[{"id":132255,"href":"https:\/\/www.institutodeengenharia.org.br\/site\/wp-json\/wp\/v2\/posts\/132254\/revisions\/132255"}],"wp:featuredmedia":[{"embeddable":true,"href":"https:\/\/www.institutodeengenharia.org.br\/site\/wp-json\/wp\/v2\/media\/124332"}],"wp:attachment":[{"href":"https:\/\/www.institutodeengenharia.org.br\/site\/wp-json\/wp\/v2\/media?parent=132254"}],"wp:term":[{"taxonomy":"category","embeddable":true,"href":"https:\/\/www.institutodeengenharia.org.br\/site\/wp-json\/wp\/v2\/categories?post=132254"},{"taxonomy":"post_tag","embeddable":true,"href":"https:\/\/www.institutodeengenharia.org.br\/site\/wp-json\/wp\/v2\/tags?post=132254"}],"curies":[{"name":"wp","href":"https:\/\/api.w.org\/{rel}","templated":true}]}}