{"id":131868,"date":"2025-09-01T11:51:31","date_gmt":"2025-09-01T14:51:31","guid":{"rendered":"https:\/\/www.institutodeengenharia.org.br\/site\/?p=131868"},"modified":"2025-09-01T15:08:16","modified_gmt":"2025-09-01T18:08:16","slug":"representantes-do-ie-sao-empossados-no-conselho-do-condephaat","status":"publish","type":"post","link":"https:\/\/www.institutodeengenharia.org.br\/site\/2025\/09\/01\/representantes-do-ie-sao-empossados-no-conselho-do-condephaat\/","title":{"rendered":"Representantes do IE s\u00e3o empossados no Conselho do CONDEPHAAT"},"content":{"rendered":"<p>Ivan Whately e Rui Camargo, respectivamente, vice-presidente de Rela\u00e7\u00f5es Externas e diretor da Revista Engenharia, foram designados representantes (titular e suplente) do Instituto de Engenharia, para integrar o Conselho de Defesa do Patrim\u00f4nio Hist\u00f3rico, Arqueol\u00f3gico, Art\u00edstico e Tur\u00edstico do Estado (CONDEPHAAT), por um per\u00edodo de dois anos.<\/p>\n<figure id=\"attachment_131870\" aria-describedby=\"caption-attachment-131870\" style=\"width: 341px\" class=\"wp-caption alignleft\"><img loading=\"lazy\" decoding=\"async\" class=\"wp-image-131870\" src=\"https:\/\/www.institutodeengenharia.org.br\/site\/wp-content\/uploads\/2025\/09\/Midia-2-1-300x174.jpg\" alt=\"\" width=\"341\" height=\"198\" srcset=\"https:\/\/www.institutodeengenharia.org.br\/site\/wp-content\/uploads\/2025\/09\/Midia-2-1-300x174.jpg 300w, https:\/\/www.institutodeengenharia.org.br\/site\/wp-content\/uploads\/2025\/09\/Midia-2-1-1024x592.jpg 1024w, https:\/\/www.institutodeengenharia.org.br\/site\/wp-content\/uploads\/2025\/09\/Midia-2-1-768x444.jpg 768w, https:\/\/www.institutodeengenharia.org.br\/site\/wp-content\/uploads\/2025\/09\/Midia-2-1-726x420.jpg 726w, https:\/\/www.institutodeengenharia.org.br\/site\/wp-content\/uploads\/2025\/09\/Midia-2-1-696x403.jpg 696w, https:\/\/www.institutodeengenharia.org.br\/site\/wp-content\/uploads\/2025\/09\/Midia-2-1-1068x618.jpg 1068w, https:\/\/www.institutodeengenharia.org.br\/site\/wp-content\/uploads\/2025\/09\/Midia-2-1-600x347.jpg 600w, https:\/\/www.institutodeengenharia.org.br\/site\/wp-content\/uploads\/2025\/09\/Midia-2-1.jpg 1091w\" sizes=\"auto, (max-width: 341px) 100vw, 341px\" \/><figcaption id=\"caption-attachment-131870\" class=\"wp-caption-text\">Da esq. p\/ dir.: Carlos Augusto Mattei Faggin e Mariana de Souza Rolim, presidente e vice-presidente do CONDEPHAT, e Mar\u00edlia Marton, secret\u00e1ria da Cultura, Economia e Ind\u00fastria Criativas do Governo do Estado SP.<\/figcaption><\/figure>\n<p>A cerim\u00f4nia de posse aconteceu nesta segunda (1), na sala Carlos Gomes, no Complexo Julio Prestes, e foi conduzida pelo presidente e pela vice-presidente do CONDEPHAT, Carlos Augusto Mattei Faggin e Mariana de Souza Rolim, e secret\u00e1ria da Cultura, Economia e Ind\u00fastria Criativas do Governo do Estado de S\u00e3o Paulo, Mar\u00edlia Marton. A presidente Interina do Insituto de Engenharia, Miriana Marques, tamb\u00e9m prestigiou a posse.<\/p>\n<p>O conselho \u00e9 composto por representantes de institui\u00e7\u00f5es p\u00fablicas e especialistas, que se re\u00fanem a cada 15 dias para deliberar as solicita\u00e7\u00f5es referentes a bens protegidos.<\/p>\n<figure id=\"attachment_131877\" aria-describedby=\"caption-attachment-131877\" style=\"width: 163px\" class=\"wp-caption alignleft\"><img loading=\"lazy\" decoding=\"async\" class=\" wp-image-131877\" src=\"https:\/\/www.institutodeengenharia.org.br\/site\/wp-content\/uploads\/2025\/09\/Midia-3-229x300.jpg\" alt=\"\" width=\"163\" height=\"213\" srcset=\"https:\/\/www.institutodeengenharia.org.br\/site\/wp-content\/uploads\/2025\/09\/Midia-3-229x300.jpg 229w, https:\/\/www.institutodeengenharia.org.br\/site\/wp-content\/uploads\/2025\/09\/Midia-3-320x420.jpg 320w, https:\/\/www.institutodeengenharia.org.br\/site\/wp-content\/uploads\/2025\/09\/Midia-3-696x914.jpg 696w, https:\/\/www.institutodeengenharia.org.br\/site\/wp-content\/uploads\/2025\/09\/Midia-3-600x788.jpg 600w, https:\/\/www.institutodeengenharia.org.br\/site\/wp-content\/uploads\/2025\/09\/Midia-3.jpg 755w\" sizes=\"auto, (max-width: 163px) 100vw, 163px\" \/><figcaption id=\"caption-attachment-131877\" class=\"wp-caption-text\">Ivan Whately<\/figcaption><\/figure>\n<figure id=\"attachment_131878\" aria-describedby=\"caption-attachment-131878\" style=\"width: 194px\" class=\"wp-caption alignnone\"><img loading=\"lazy\" decoding=\"async\" class=\"wp-image-131878 \" src=\"https:\/\/www.institutodeengenharia.org.br\/site\/wp-content\/uploads\/2025\/09\/Midia-6-1-275x300.jpg\" alt=\"\" width=\"194\" height=\"212\" srcset=\"https:\/\/www.institutodeengenharia.org.br\/site\/wp-content\/uploads\/2025\/09\/Midia-6-1-275x300.jpg 275w, https:\/\/www.institutodeengenharia.org.br\/site\/wp-content\/uploads\/2025\/09\/Midia-6-1-385x420.jpg 385w, https:\/\/www.institutodeengenharia.org.br\/site\/wp-content\/uploads\/2025\/09\/Midia-6-1-696x760.jpg 696w, https:\/\/www.institutodeengenharia.org.br\/site\/wp-content\/uploads\/2025\/09\/Midia-6-1-600x655.jpg 600w, https:\/\/www.institutodeengenharia.org.br\/site\/wp-content\/uploads\/2025\/09\/Midia-6-1.jpg 749w\" sizes=\"auto, (max-width: 194px) 100vw, 194px\" \/><figcaption id=\"caption-attachment-131878\" class=\"wp-caption-text\">Rui Camargo<\/figcaption><\/figure>\n<p>&nbsp;<\/p>\n<p style=\"text-align: left;\">Criado em 1968, o CONDEPHAAT \u00e9 um \u00f3rg\u00e3o vinculado \u00e0 Secretaria da Cultura, Economia e Ind\u00fastria Criativas do Governo do Estado de S\u00e3o Paulo, que desempenha um papel crucial na salvaguarda de monumentos, edifica\u00e7\u00f5es, s\u00edtios arqueol\u00f3gicos, paisagens e manifesta\u00e7\u00f5es culturais imateriais que fazem parte da hist\u00f3ria e identidade paulistas.<\/p>\n<figure id=\"attachment_131880\" aria-describedby=\"caption-attachment-131880\" style=\"width: 300px\" class=\"wp-caption aligncenter\"><img loading=\"lazy\" decoding=\"async\" class=\"size-medium wp-image-131880\" src=\"https:\/\/www.institutodeengenharia.org.br\/site\/wp-content\/uploads\/2025\/09\/Midia-5-300x225.jpg\" alt=\"\" width=\"300\" height=\"225\" srcset=\"https:\/\/www.institutodeengenharia.org.br\/site\/wp-content\/uploads\/2025\/09\/Midia-5-300x225.jpg 300w, https:\/\/www.institutodeengenharia.org.br\/site\/wp-content\/uploads\/2025\/09\/Midia-5-1024x768.jpg 1024w, https:\/\/www.institutodeengenharia.org.br\/site\/wp-content\/uploads\/2025\/09\/Midia-5-768x576.jpg 768w, https:\/\/www.institutodeengenharia.org.br\/site\/wp-content\/uploads\/2025\/09\/Midia-5-1536x1152.jpg 1536w, https:\/\/www.institutodeengenharia.org.br\/site\/wp-content\/uploads\/2025\/09\/Midia-5-560x420.jpg 560w, https:\/\/www.institutodeengenharia.org.br\/site\/wp-content\/uploads\/2025\/09\/Midia-5-80x60.jpg 80w, https:\/\/www.institutodeengenharia.org.br\/site\/wp-content\/uploads\/2025\/09\/Midia-5-696x522.jpg 696w, https:\/\/www.institutodeengenharia.org.br\/site\/wp-content\/uploads\/2025\/09\/Midia-5-1068x801.jpg 1068w, https:\/\/www.institutodeengenharia.org.br\/site\/wp-content\/uploads\/2025\/09\/Midia-5-265x198.jpg 265w, https:\/\/www.institutodeengenharia.org.br\/site\/wp-content\/uploads\/2025\/09\/Midia-5-600x450.jpg 600w, https:\/\/www.institutodeengenharia.org.br\/site\/wp-content\/uploads\/2025\/09\/Midia-5.jpg 1600w\" sizes=\"auto, (max-width: 300px) 100vw, 300px\" \/><figcaption id=\"caption-attachment-131880\" class=\"wp-caption-text\">Rui Arruda e Ivan Whately com a secret\u00e1ria de Cultura, Marilia Marton<\/figcaption><\/figure>\n<p>&nbsp;<\/p>\n<h6><em>Com informa\u00e7\u00f5es: cultura.sp.gov.br<\/em><\/h6>\n","protected":false},"excerpt":{"rendered":"<p>Ivan Whately e Rui Camargo, respectivamente, vice-presidente de Rela\u00e7\u00f5es Externas e diretor da Revista Engenharia, foram designados representantes (titular e suplente) do Instituto de Engenharia, para integrar o Conselho de Defesa do Patrim\u00f4nio Hist\u00f3rico, Arqueol\u00f3gico, Art\u00edstico e Tur\u00edstico do Estado (CONDEPHAAT), por um per\u00edodo de dois anos. A cerim\u00f4nia de posse aconteceu nesta segunda (1), [&hellip;]<\/p>\n","protected":false},"author":14,"featured_media":131887,"comment_status":"open","ping_status":"open","sticky":false,"template":"","format":"standard","meta":{"footnotes":""},"categories":[27,141],"tags":[],"class_list":{"0":"post-131868","1":"post","2":"type-post","3":"status-publish","4":"format-standard","5":"has-post-thumbnail","7":"category-instituto-de-engenharia","8":"category-noticias-menu"},"yoast_head":"<!-- This site is optimized with the Yoast SEO plugin v27.2 - https:\/\/yoast.com\/product\/yoast-seo-wordpress\/ -->\n<title>Representantes do IE s\u00e3o empossados no Conselho do CONDEPHAAT - Instituto de Engenharia<\/title>\n<meta name=\"robots\" content=\"index, follow, max-snippet:-1, max-image-preview:large, max-video-preview:-1\" \/>\n<link rel=\"canonical\" href=\"https:\/\/www.institutodeengenharia.org.br\/site\/2025\/09\/01\/representantes-do-ie-sao-empossados-no-conselho-do-condephaat\/\" \/>\n<meta property=\"og:locale\" content=\"pt_BR\" \/>\n<meta property=\"og:type\" content=\"article\" \/>\n<meta property=\"og:title\" content=\"Representantes do IE s\u00e3o empossados no Conselho do CONDEPHAAT - Instituto de Engenharia\" \/>\n<meta property=\"og:description\" content=\"Ivan Whately e Rui Camargo, respectivamente, vice-presidente de Rela\u00e7\u00f5es Externas e diretor da Revista Engenharia, foram designados representantes (titular e suplente) do Instituto de Engenharia, para integrar o Conselho de Defesa do Patrim\u00f4nio Hist\u00f3rico, Arqueol\u00f3gico, Art\u00edstico e Tur\u00edstico do Estado (CONDEPHAAT), por um per\u00edodo de dois anos. A cerim\u00f4nia de posse aconteceu nesta segunda (1), [&hellip;]\" \/>\n<meta property=\"og:url\" content=\"https:\/\/www.institutodeengenharia.org.br\/site\/2025\/09\/01\/representantes-do-ie-sao-empossados-no-conselho-do-condephaat\/\" \/>\n<meta property=\"og:site_name\" content=\"Instituto de Engenharia\" \/>\n<meta property=\"article:publisher\" content=\"https:\/\/www.facebook.com\/institutodeengenharia\" \/>\n<meta property=\"article:published_time\" content=\"2025-09-01T14:51:31+00:00\" \/>\n<meta property=\"article:modified_time\" content=\"2025-09-01T18:08:16+00:00\" \/>\n<meta property=\"og:image\" content=\"https:\/\/www.institutodeengenharia.org.br\/site\/wp-content\/uploads\/2025\/09\/Midia-4-1.jpg\" \/>\n\t<meta property=\"og:image:width\" content=\"1434\" \/>\n\t<meta property=\"og:image:height\" content=\"819\" \/>\n\t<meta property=\"og:image:type\" content=\"image\/jpeg\" \/>\n<meta name=\"author\" content=\"Isabel\" \/>\n<meta name=\"twitter:card\" content=\"summary_large_image\" \/>\n<meta name=\"twitter:creator\" content=\"@iengenharia\" \/>\n<meta name=\"twitter:site\" content=\"@iengenharia\" \/>\n<meta name=\"twitter:label1\" content=\"Escrito por\" \/>\n\t<meta name=\"twitter:data1\" content=\"Isabel\" \/>\n\t<meta name=\"twitter:label2\" content=\"Est. tempo de leitura\" \/>\n\t<meta name=\"twitter:data2\" content=\"3 minutos\" \/>\n<script type=\"application\/ld+json\" class=\"yoast-schema-graph\">{\"@context\":\"https:\/\/schema.org\",\"@graph\":[{\"@type\":\"Article\",\"@id\":\"https:\/\/www.institutodeengenharia.org.br\/site\/2025\/09\/01\/representantes-do-ie-sao-empossados-no-conselho-do-condephaat\/#article\",\"isPartOf\":{\"@id\":\"https:\/\/www.institutodeengenharia.org.br\/site\/2025\/09\/01\/representantes-do-ie-sao-empossados-no-conselho-do-condephaat\/\"},\"author\":{\"name\":\"Isabel\",\"@id\":\"https:\/\/www.institutodeengenharia.org.br\/site\/#\/schema\/person\/593dc356630173a4877a635d3e5fd76b\"},\"headline\":\"Representantes do IE s\u00e3o empossados no Conselho do CONDEPHAAT\",\"datePublished\":\"2025-09-01T14:51:31+00:00\",\"dateModified\":\"2025-09-01T18:08:16+00:00\",\"mainEntityOfPage\":{\"@id\":\"https:\/\/www.institutodeengenharia.org.br\/site\/2025\/09\/01\/representantes-do-ie-sao-empossados-no-conselho-do-condephaat\/\"},\"wordCount\":306,\"commentCount\":0,\"publisher\":{\"@id\":\"https:\/\/www.institutodeengenharia.org.br\/site\/#organization\"},\"image\":{\"@id\":\"https:\/\/www.institutodeengenharia.org.br\/site\/2025\/09\/01\/representantes-do-ie-sao-empossados-no-conselho-do-condephaat\/#primaryimage\"},\"thumbnailUrl\":\"https:\/\/www.institutodeengenharia.org.br\/site\/wp-content\/uploads\/2025\/09\/Midia-4-1.jpg\",\"articleSection\":[\"Instituto de Engenharia\",\"Not\u00edcias\"],\"inLanguage\":\"pt-BR\",\"potentialAction\":[{\"@type\":\"CommentAction\",\"name\":\"Comment\",\"target\":[\"https:\/\/www.institutodeengenharia.org.br\/site\/2025\/09\/01\/representantes-do-ie-sao-empossados-no-conselho-do-condephaat\/#respond\"]}]},{\"@type\":\"WebPage\",\"@id\":\"https:\/\/www.institutodeengenharia.org.br\/site\/2025\/09\/01\/representantes-do-ie-sao-empossados-no-conselho-do-condephaat\/\",\"url\":\"https:\/\/www.institutodeengenharia.org.br\/site\/2025\/09\/01\/representantes-do-ie-sao-empossados-no-conselho-do-condephaat\/\",\"name\":\"Representantes do IE s\u00e3o empossados no Conselho do CONDEPHAAT - Instituto de Engenharia\",\"isPartOf\":{\"@id\":\"https:\/\/www.institutodeengenharia.org.br\/site\/#website\"},\"primaryImageOfPage\":{\"@id\":\"https:\/\/www.institutodeengenharia.org.br\/site\/2025\/09\/01\/representantes-do-ie-sao-empossados-no-conselho-do-condephaat\/#primaryimage\"},\"image\":{\"@id\":\"https:\/\/www.institutodeengenharia.org.br\/site\/2025\/09\/01\/representantes-do-ie-sao-empossados-no-conselho-do-condephaat\/#primaryimage\"},\"thumbnailUrl\":\"https:\/\/www.institutodeengenharia.org.br\/site\/wp-content\/uploads\/2025\/09\/Midia-4-1.jpg\",\"datePublished\":\"2025-09-01T14:51:31+00:00\",\"dateModified\":\"2025-09-01T18:08:16+00:00\",\"breadcrumb\":{\"@id\":\"https:\/\/www.institutodeengenharia.org.br\/site\/2025\/09\/01\/representantes-do-ie-sao-empossados-no-conselho-do-condephaat\/#breadcrumb\"},\"inLanguage\":\"pt-BR\",\"potentialAction\":[{\"@type\":\"ReadAction\",\"target\":[\"https:\/\/www.institutodeengenharia.org.br\/site\/2025\/09\/01\/representantes-do-ie-sao-empossados-no-conselho-do-condephaat\/\"]}]},{\"@type\":\"ImageObject\",\"inLanguage\":\"pt-BR\",\"@id\":\"https:\/\/www.institutodeengenharia.org.br\/site\/2025\/09\/01\/representantes-do-ie-sao-empossados-no-conselho-do-condephaat\/#primaryimage\",\"url\":\"https:\/\/www.institutodeengenharia.org.br\/site\/wp-content\/uploads\/2025\/09\/Midia-4-1.jpg\",\"contentUrl\":\"https:\/\/www.institutodeengenharia.org.br\/site\/wp-content\/uploads\/2025\/09\/Midia-4-1.jpg\",\"width\":1434,\"height\":819},{\"@type\":\"BreadcrumbList\",\"@id\":\"https:\/\/www.institutodeengenharia.org.br\/site\/2025\/09\/01\/representantes-do-ie-sao-empossados-no-conselho-do-condephaat\/#breadcrumb\",\"itemListElement\":[{\"@type\":\"ListItem\",\"position\":1,\"name\":\"In\u00edcio\",\"item\":\"https:\/\/www.institutodeengenharia.org.br\/site\/\"},{\"@type\":\"ListItem\",\"position\":2,\"name\":\"Representantes do IE s\u00e3o empossados no Conselho do CONDEPHAAT\"}]},{\"@type\":\"WebSite\",\"@id\":\"https:\/\/www.institutodeengenharia.org.br\/site\/#website\",\"url\":\"https:\/\/www.institutodeengenharia.org.br\/site\/\",\"name\":\"Instituto de Engenharia\",\"description\":\"O Instituto de Engenharia promove a Engenharia em benef\u00edcio do desenvolvimento e da qualidade de vida da sociedade.\",\"publisher\":{\"@id\":\"https:\/\/www.institutodeengenharia.org.br\/site\/#organization\"},\"potentialAction\":[{\"@type\":\"SearchAction\",\"target\":{\"@type\":\"EntryPoint\",\"urlTemplate\":\"https:\/\/www.institutodeengenharia.org.br\/site\/?s={search_term_string}\"},\"query-input\":{\"@type\":\"PropertyValueSpecification\",\"valueRequired\":true,\"valueName\":\"search_term_string\"}}],\"inLanguage\":\"pt-BR\"},{\"@type\":\"Organization\",\"@id\":\"https:\/\/www.institutodeengenharia.org.br\/site\/#organization\",\"name\":\"Instituto de Engenharia\",\"url\":\"https:\/\/www.institutodeengenharia.org.br\/site\/\",\"logo\":{\"@type\":\"ImageObject\",\"inLanguage\":\"pt-BR\",\"@id\":\"https:\/\/www.institutodeengenharia.org.br\/site\/#\/schema\/logo\/image\/\",\"url\":\"https:\/\/www.institutodeengenharia.org.br\/site\/wp-content\/uploads\/2019\/03\/logo-novo-IE2018-1.jpg\",\"contentUrl\":\"https:\/\/www.institutodeengenharia.org.br\/site\/wp-content\/uploads\/2019\/03\/logo-novo-IE2018-1.jpg\",\"width\":1486,\"height\":1879,\"caption\":\"Instituto de Engenharia\"},\"image\":{\"@id\":\"https:\/\/www.institutodeengenharia.org.br\/site\/#\/schema\/logo\/image\/\"},\"sameAs\":[\"https:\/\/www.facebook.com\/institutodeengenharia\",\"https:\/\/x.com\/iengenharia\",\"https:\/\/www.instagram.com\/institutodeengenharia\/\",\"https:\/\/www.linkedin.com\/company\/instituto-de-engenharia\/\",\"https:\/\/www.youtube.com\/channel\/UCXiCAlsSMe977vamW915HxA\"]},{\"@type\":\"Person\",\"@id\":\"https:\/\/www.institutodeengenharia.org.br\/site\/#\/schema\/person\/593dc356630173a4877a635d3e5fd76b\",\"name\":\"Isabel\",\"image\":{\"@type\":\"ImageObject\",\"inLanguage\":\"pt-BR\",\"@id\":\"https:\/\/secure.gravatar.com\/avatar\/f3c521db63ec9db17894f10a88c6a3cf95b2281d7f80eeb3cf3ef1cb091576e7?s=96&d=mm&r=g\",\"url\":\"https:\/\/secure.gravatar.com\/avatar\/f3c521db63ec9db17894f10a88c6a3cf95b2281d7f80eeb3cf3ef1cb091576e7?s=96&d=mm&r=g\",\"contentUrl\":\"https:\/\/secure.gravatar.com\/avatar\/f3c521db63ec9db17894f10a88c6a3cf95b2281d7f80eeb3cf3ef1cb091576e7?s=96&d=mm&r=g\",\"caption\":\"Isabel\"},\"url\":\"https:\/\/www.institutodeengenharia.org.br\/site\/author\/comunicacao2\/\"}]}<\/script>\n<!-- \/ Yoast SEO plugin. -->","yoast_head_json":{"title":"Representantes do IE s\u00e3o empossados no Conselho do CONDEPHAAT - Instituto de Engenharia","robots":{"index":"index","follow":"follow","max-snippet":"max-snippet:-1","max-image-preview":"max-image-preview:large","max-video-preview":"max-video-preview:-1"},"canonical":"https:\/\/www.institutodeengenharia.org.br\/site\/2025\/09\/01\/representantes-do-ie-sao-empossados-no-conselho-do-condephaat\/","og_locale":"pt_BR","og_type":"article","og_title":"Representantes do IE s\u00e3o empossados no Conselho do CONDEPHAAT - Instituto de Engenharia","og_description":"Ivan Whately e Rui Camargo, respectivamente, vice-presidente de Rela\u00e7\u00f5es Externas e diretor da Revista Engenharia, foram designados representantes (titular e suplente) do Instituto de Engenharia, para integrar o Conselho de Defesa do Patrim\u00f4nio Hist\u00f3rico, Arqueol\u00f3gico, Art\u00edstico e Tur\u00edstico do Estado (CONDEPHAAT), por um per\u00edodo de dois anos. A cerim\u00f4nia de posse aconteceu nesta segunda (1), [&hellip;]","og_url":"https:\/\/www.institutodeengenharia.org.br\/site\/2025\/09\/01\/representantes-do-ie-sao-empossados-no-conselho-do-condephaat\/","og_site_name":"Instituto de Engenharia","article_publisher":"https:\/\/www.facebook.com\/institutodeengenharia","article_published_time":"2025-09-01T14:51:31+00:00","article_modified_time":"2025-09-01T18:08:16+00:00","og_image":[{"width":1434,"height":819,"url":"https:\/\/www.institutodeengenharia.org.br\/site\/wp-content\/uploads\/2025\/09\/Midia-4-1.jpg","type":"image\/jpeg"}],"author":"Isabel","twitter_card":"summary_large_image","twitter_creator":"@iengenharia","twitter_site":"@iengenharia","twitter_misc":{"Escrito por":"Isabel","Est. tempo de leitura":"3 minutos"},"schema":{"@context":"https:\/\/schema.org","@graph":[{"@type":"Article","@id":"https:\/\/www.institutodeengenharia.org.br\/site\/2025\/09\/01\/representantes-do-ie-sao-empossados-no-conselho-do-condephaat\/#article","isPartOf":{"@id":"https:\/\/www.institutodeengenharia.org.br\/site\/2025\/09\/01\/representantes-do-ie-sao-empossados-no-conselho-do-condephaat\/"},"author":{"name":"Isabel","@id":"https:\/\/www.institutodeengenharia.org.br\/site\/#\/schema\/person\/593dc356630173a4877a635d3e5fd76b"},"headline":"Representantes do IE s\u00e3o empossados no Conselho do CONDEPHAAT","datePublished":"2025-09-01T14:51:31+00:00","dateModified":"2025-09-01T18:08:16+00:00","mainEntityOfPage":{"@id":"https:\/\/www.institutodeengenharia.org.br\/site\/2025\/09\/01\/representantes-do-ie-sao-empossados-no-conselho-do-condephaat\/"},"wordCount":306,"commentCount":0,"publisher":{"@id":"https:\/\/www.institutodeengenharia.org.br\/site\/#organization"},"image":{"@id":"https:\/\/www.institutodeengenharia.org.br\/site\/2025\/09\/01\/representantes-do-ie-sao-empossados-no-conselho-do-condephaat\/#primaryimage"},"thumbnailUrl":"https:\/\/www.institutodeengenharia.org.br\/site\/wp-content\/uploads\/2025\/09\/Midia-4-1.jpg","articleSection":["Instituto de Engenharia","Not\u00edcias"],"inLanguage":"pt-BR","potentialAction":[{"@type":"CommentAction","name":"Comment","target":["https:\/\/www.institutodeengenharia.org.br\/site\/2025\/09\/01\/representantes-do-ie-sao-empossados-no-conselho-do-condephaat\/#respond"]}]},{"@type":"WebPage","@id":"https:\/\/www.institutodeengenharia.org.br\/site\/2025\/09\/01\/representantes-do-ie-sao-empossados-no-conselho-do-condephaat\/","url":"https:\/\/www.institutodeengenharia.org.br\/site\/2025\/09\/01\/representantes-do-ie-sao-empossados-no-conselho-do-condephaat\/","name":"Representantes do IE s\u00e3o empossados no Conselho do CONDEPHAAT - Instituto de Engenharia","isPartOf":{"@id":"https:\/\/www.institutodeengenharia.org.br\/site\/#website"},"primaryImageOfPage":{"@id":"https:\/\/www.institutodeengenharia.org.br\/site\/2025\/09\/01\/representantes-do-ie-sao-empossados-no-conselho-do-condephaat\/#primaryimage"},"image":{"@id":"https:\/\/www.institutodeengenharia.org.br\/site\/2025\/09\/01\/representantes-do-ie-sao-empossados-no-conselho-do-condephaat\/#primaryimage"},"thumbnailUrl":"https:\/\/www.institutodeengenharia.org.br\/site\/wp-content\/uploads\/2025\/09\/Midia-4-1.jpg","datePublished":"2025-09-01T14:51:31+00:00","dateModified":"2025-09-01T18:08:16+00:00","breadcrumb":{"@id":"https:\/\/www.institutodeengenharia.org.br\/site\/2025\/09\/01\/representantes-do-ie-sao-empossados-no-conselho-do-condephaat\/#breadcrumb"},"inLanguage":"pt-BR","potentialAction":[{"@type":"ReadAction","target":["https:\/\/www.institutodeengenharia.org.br\/site\/2025\/09\/01\/representantes-do-ie-sao-empossados-no-conselho-do-condephaat\/"]}]},{"@type":"ImageObject","inLanguage":"pt-BR","@id":"https:\/\/www.institutodeengenharia.org.br\/site\/2025\/09\/01\/representantes-do-ie-sao-empossados-no-conselho-do-condephaat\/#primaryimage","url":"https:\/\/www.institutodeengenharia.org.br\/site\/wp-content\/uploads\/2025\/09\/Midia-4-1.jpg","contentUrl":"https:\/\/www.institutodeengenharia.org.br\/site\/wp-content\/uploads\/2025\/09\/Midia-4-1.jpg","width":1434,"height":819},{"@type":"BreadcrumbList","@id":"https:\/\/www.institutodeengenharia.org.br\/site\/2025\/09\/01\/representantes-do-ie-sao-empossados-no-conselho-do-condephaat\/#breadcrumb","itemListElement":[{"@type":"ListItem","position":1,"name":"In\u00edcio","item":"https:\/\/www.institutodeengenharia.org.br\/site\/"},{"@type":"ListItem","position":2,"name":"Representantes do IE s\u00e3o empossados no Conselho do CONDEPHAAT"}]},{"@type":"WebSite","@id":"https:\/\/www.institutodeengenharia.org.br\/site\/#website","url":"https:\/\/www.institutodeengenharia.org.br\/site\/","name":"Instituto de Engenharia","description":"O Instituto de Engenharia promove a Engenharia em benef\u00edcio do desenvolvimento e da qualidade de vida da sociedade.","publisher":{"@id":"https:\/\/www.institutodeengenharia.org.br\/site\/#organization"},"potentialAction":[{"@type":"SearchAction","target":{"@type":"EntryPoint","urlTemplate":"https:\/\/www.institutodeengenharia.org.br\/site\/?s={search_term_string}"},"query-input":{"@type":"PropertyValueSpecification","valueRequired":true,"valueName":"search_term_string"}}],"inLanguage":"pt-BR"},{"@type":"Organization","@id":"https:\/\/www.institutodeengenharia.org.br\/site\/#organization","name":"Instituto de Engenharia","url":"https:\/\/www.institutodeengenharia.org.br\/site\/","logo":{"@type":"ImageObject","inLanguage":"pt-BR","@id":"https:\/\/www.institutodeengenharia.org.br\/site\/#\/schema\/logo\/image\/","url":"https:\/\/www.institutodeengenharia.org.br\/site\/wp-content\/uploads\/2019\/03\/logo-novo-IE2018-1.jpg","contentUrl":"https:\/\/www.institutodeengenharia.org.br\/site\/wp-content\/uploads\/2019\/03\/logo-novo-IE2018-1.jpg","width":1486,"height":1879,"caption":"Instituto de Engenharia"},"image":{"@id":"https:\/\/www.institutodeengenharia.org.br\/site\/#\/schema\/logo\/image\/"},"sameAs":["https:\/\/www.facebook.com\/institutodeengenharia","https:\/\/x.com\/iengenharia","https:\/\/www.instagram.com\/institutodeengenharia\/","https:\/\/www.linkedin.com\/company\/instituto-de-engenharia\/","https:\/\/www.youtube.com\/channel\/UCXiCAlsSMe977vamW915HxA"]},{"@type":"Person","@id":"https:\/\/www.institutodeengenharia.org.br\/site\/#\/schema\/person\/593dc356630173a4877a635d3e5fd76b","name":"Isabel","image":{"@type":"ImageObject","inLanguage":"pt-BR","@id":"https:\/\/secure.gravatar.com\/avatar\/f3c521db63ec9db17894f10a88c6a3cf95b2281d7f80eeb3cf3ef1cb091576e7?s=96&d=mm&r=g","url":"https:\/\/secure.gravatar.com\/avatar\/f3c521db63ec9db17894f10a88c6a3cf95b2281d7f80eeb3cf3ef1cb091576e7?s=96&d=mm&r=g","contentUrl":"https:\/\/secure.gravatar.com\/avatar\/f3c521db63ec9db17894f10a88c6a3cf95b2281d7f80eeb3cf3ef1cb091576e7?s=96&d=mm&r=g","caption":"Isabel"},"url":"https:\/\/www.institutodeengenharia.org.br\/site\/author\/comunicacao2\/"}]}},"_links":{"self":[{"href":"https:\/\/www.institutodeengenharia.org.br\/site\/wp-json\/wp\/v2\/posts\/131868","targetHints":{"allow":["GET"]}}],"collection":[{"href":"https:\/\/www.institutodeengenharia.org.br\/site\/wp-json\/wp\/v2\/posts"}],"about":[{"href":"https:\/\/www.institutodeengenharia.org.br\/site\/wp-json\/wp\/v2\/types\/post"}],"author":[{"embeddable":true,"href":"https:\/\/www.institutodeengenharia.org.br\/site\/wp-json\/wp\/v2\/users\/14"}],"replies":[{"embeddable":true,"href":"https:\/\/www.institutodeengenharia.org.br\/site\/wp-json\/wp\/v2\/comments?post=131868"}],"version-history":[{"count":7,"href":"https:\/\/www.institutodeengenharia.org.br\/site\/wp-json\/wp\/v2\/posts\/131868\/revisions"}],"predecessor-version":[{"id":131895,"href":"https:\/\/www.institutodeengenharia.org.br\/site\/wp-json\/wp\/v2\/posts\/131868\/revisions\/131895"}],"wp:featuredmedia":[{"embeddable":true,"href":"https:\/\/www.institutodeengenharia.org.br\/site\/wp-json\/wp\/v2\/media\/131887"}],"wp:attachment":[{"href":"https:\/\/www.institutodeengenharia.org.br\/site\/wp-json\/wp\/v2\/media?parent=131868"}],"wp:term":[{"taxonomy":"category","embeddable":true,"href":"https:\/\/www.institutodeengenharia.org.br\/site\/wp-json\/wp\/v2\/categories?post=131868"},{"taxonomy":"post_tag","embeddable":true,"href":"https:\/\/www.institutodeengenharia.org.br\/site\/wp-json\/wp\/v2\/tags?post=131868"}],"curies":[{"name":"wp","href":"https:\/\/api.w.org\/{rel}","templated":true}]}}