{"id":131818,"date":"2025-08-05T11:13:12","date_gmt":"2025-08-05T14:13:12","guid":{"rendered":"https:\/\/www.institutodeengenharia.org.br\/site\/?p=131818"},"modified":"2025-08-29T11:15:57","modified_gmt":"2025-08-29T14:15:57","slug":"1-encontro-nacional-sobre-inovacoes-tecnologicas-em-irradiacao-de-alimentos-praticas-transformadoras-para-um-futuro-sustentavel","status":"publish","type":"post","link":"https:\/\/www.institutodeengenharia.org.br\/site\/2025\/08\/05\/1-encontro-nacional-sobre-inovacoes-tecnologicas-em-irradiacao-de-alimentos-praticas-transformadoras-para-um-futuro-sustentavel\/","title":{"rendered":"1\u00b0 Encontro Nacional sobre Inova\u00e7\u00f5es Tecnol\u00f3gicas em Irradia\u00e7\u00e3o de Alimentos &#8211; Pr\u00e1ticas Transformadoras para um futuro sustent\u00e1vel"},"content":{"rendered":"<p><strong>Assista abaixo \u00e0 grava\u00e7\u00e3o do evento:<\/strong><\/p>\n<div style=\"padding: 56.25% 0 0 0; position: relative;\"><iframe style=\"position: absolute; top: 0; left: 0; width: 100%; height: 100%;\" src=\"https:\/\/vimeo.com\/showcase\/11853493\/embed2\" frameborder=\"0\" allowfullscreen=\"allowfullscreen\"><\/iframe><\/div>\n<div><\/div>\n<div><strong>+ Informa\u00e7\u00f5es:\u00a0<\/strong><\/div>\n<div><\/div>\n<p>O objetivo do evento \u00e9 levar ao setor aliment\u00edcio brasileiro os impactos e novas perspectivas que se abrir\u00e3o pela aplica\u00e7\u00e3o de sistemas de incremento da sustentabilidade, aumento do tempo de prateleira e redu\u00e7\u00e3o de enfermidades causadas por alimentos\u00a0<em>in natura<\/em>\u00a0contaminados, com benef\u00edcios gerais \u00e0 popula\u00e7\u00e3o brasileira e maior competitividade na exporta\u00e7\u00e3o desses produtos.<\/p>\n<p>O evento \u00e9 destinado a l\u00edderes e tomadores de decis\u00e3o, para compartilhar conhecimentos e constituir um f\u00f3rum de discuss\u00e3o sobre temas estrat\u00e9gicos de alto impacto diante dos desafios do mundo globalizado.<\/p>\n<p><strong>P\u00fablico-alvo<\/strong><br \/>\nProfissionais do Agroneg\u00f3cio | Ind\u00fastria Aliment\u00edcia | Entidades e associa\u00e7\u00f5es t\u00e9cnico-cient\u00edficas | \u00d3rg\u00e3os reguladores e fiscalizadores | Profissionais ligados \u00e0 gest\u00e3o de pol\u00edticas alimentares<\/p>\n<p><strong>Programa\u00e7\u00e3o pr\u00e9via<\/strong><\/p>\n<p><strong>14h-<\/strong>\u00a0Recep\u00e7\u00e3o e credenciamento<br \/>\n<strong>14h30<\/strong>\u00a0\u2013 Mesa de abertura<br \/>\n<strong>15h<\/strong>\u00a0 \u2013 Inova\u00e7\u00e3o tecnol\u00f3gica em irradia\u00e7\u00e3o de alimentos: pr\u00e1ticas transformadoras para um futuro sustent\u00e1vel<br \/>\n<strong>16h30<\/strong>\u00a0\u2013 Coffee Break &amp; Networking<br \/>\n<strong>16h45<\/strong>\u00a0\u2013 Irradia\u00e7\u00e3o de Alimentos: uma alternativa para a conserva\u00e7\u00e3o e seguran\u00e7a de alimentos perec\u00edveis em ambientes navais?<br \/>\n<strong>17h30 -18h<\/strong>\u00a0\u2013 Mesa de encerramento<\/p>\n<p><strong>Realiza\u00e7\u00e3o:<\/strong><\/p>\n<p><img loading=\"lazy\" decoding=\"async\" class=\"wp-image-130527 aligncenter td-animation-stack-type0-2\" src=\"https:\/\/www.institutodeengenharia.org.br\/site\/wp-content\/uploads\/2025\/07\/logos-patrocinio-simposio-de-carga-7-1024x278.jpg\" alt=\"\" width=\"462\" height=\"125\" srcset=\"https:\/\/www.institutodeengenharia.org.br\/site\/wp-content\/uploads\/2025\/07\/logos-patrocinio-simposio-de-carga-7-1024x278.jpg 1024w, https:\/\/www.institutodeengenharia.org.br\/site\/wp-content\/uploads\/2025\/07\/logos-patrocinio-simposio-de-carga-7-300x81.jpg 300w, https:\/\/www.institutodeengenharia.org.br\/site\/wp-content\/uploads\/2025\/07\/logos-patrocinio-simposio-de-carga-7-768x208.jpg 768w, https:\/\/www.institutodeengenharia.org.br\/site\/wp-content\/uploads\/2025\/07\/logos-patrocinio-simposio-de-carga-7-1536x417.jpg 1536w, https:\/\/www.institutodeengenharia.org.br\/site\/wp-content\/uploads\/2025\/07\/logos-patrocinio-simposio-de-carga-7-2048x556.jpg 2048w, https:\/\/www.institutodeengenharia.org.br\/site\/wp-content\/uploads\/2025\/07\/logos-patrocinio-simposio-de-carga-7-1548x420.jpg 1548w, https:\/\/www.institutodeengenharia.org.br\/site\/wp-content\/uploads\/2025\/07\/logos-patrocinio-simposio-de-carga-7-696x189.jpg 696w, https:\/\/www.institutodeengenharia.org.br\/site\/wp-content\/uploads\/2025\/07\/logos-patrocinio-simposio-de-carga-7-1068x290.jpg 1068w, https:\/\/www.institutodeengenharia.org.br\/site\/wp-content\/uploads\/2025\/07\/logos-patrocinio-simposio-de-carga-7-1920x521.jpg 1920w, https:\/\/www.institutodeengenharia.org.br\/site\/wp-content\/uploads\/2025\/07\/logos-patrocinio-simposio-de-carga-7-600x163.jpg 600w\" sizes=\"auto, (max-width: 462px) 100vw, 462px\" \/><\/p>\n<p><strong>Patroc\u00ednio:\u00a0<\/strong><\/p>\n<p><img loading=\"lazy\" decoding=\"async\" class=\"wp-image-130786 aligncenter td-animation-stack-type0-2\" src=\"https:\/\/www.institutodeengenharia.org.br\/site\/wp-content\/uploads\/2025\/07\/Hydrus1-e1739273176297.webp\" alt=\"\" width=\"204\" height=\"60\" srcset=\"https:\/\/www.institutodeengenharia.org.br\/site\/wp-content\/uploads\/2025\/07\/Hydrus1-e1739273176297.webp 707w, https:\/\/www.institutodeengenharia.org.br\/site\/wp-content\/uploads\/2025\/07\/Hydrus1-e1739273176297-300x88.webp 300w, https:\/\/www.institutodeengenharia.org.br\/site\/wp-content\/uploads\/2025\/07\/Hydrus1-e1739273176297-696x208.webp 696w, https:\/\/www.institutodeengenharia.org.br\/site\/wp-content\/uploads\/2025\/07\/Hydrus1-e1739273176297-600x177.webp 600w\" sizes=\"auto, (max-width: 204px) 100vw, 204px\" \/><\/p>\n<p><img loading=\"lazy\" decoding=\"async\" class=\"wp-image-130784 aligncenter td-animation-stack-type0-2\" src=\"https:\/\/www.institutodeengenharia.org.br\/site\/wp-content\/uploads\/2025\/07\/LOGO-OF-TRANSP.png\" alt=\"\" width=\"182\" height=\"182\" srcset=\"https:\/\/www.institutodeengenharia.org.br\/site\/wp-content\/uploads\/2025\/07\/LOGO-OF-TRANSP.png 500w, https:\/\/www.institutodeengenharia.org.br\/site\/wp-content\/uploads\/2025\/07\/LOGO-OF-TRANSP-300x300.png 300w, https:\/\/www.institutodeengenharia.org.br\/site\/wp-content\/uploads\/2025\/07\/LOGO-OF-TRANSP-150x150.png 150w, https:\/\/www.institutodeengenharia.org.br\/site\/wp-content\/uploads\/2025\/07\/LOGO-OF-TRANSP-420x420.png 420w, https:\/\/www.institutodeengenharia.org.br\/site\/wp-content\/uploads\/2025\/07\/LOGO-OF-TRANSP-100x100.png 100w\" sizes=\"auto, (max-width: 182px) 100vw, 182px\" \/><\/p>\n<p><strong>Apoio Institucional:\u00a0<\/strong><\/p>\n<p><img loading=\"lazy\" decoding=\"async\" class=\"wp-image-130530 aligncenter td-animation-stack-type0-2\" src=\"https:\/\/www.institutodeengenharia.org.br\/site\/wp-content\/uploads\/2025\/07\/logos-patrocinio-simposio-de-carga-8-1024x730.jpg\" alt=\"\" width=\"266\" height=\"190\" srcset=\"https:\/\/www.institutodeengenharia.org.br\/site\/wp-content\/uploads\/2025\/07\/logos-patrocinio-simposio-de-carga-8-1024x730.jpg 1024w, https:\/\/www.institutodeengenharia.org.br\/site\/wp-content\/uploads\/2025\/07\/logos-patrocinio-simposio-de-carga-8-300x214.jpg 300w, https:\/\/www.institutodeengenharia.org.br\/site\/wp-content\/uploads\/2025\/07\/logos-patrocinio-simposio-de-carga-8-768x547.jpg 768w, https:\/\/www.institutodeengenharia.org.br\/site\/wp-content\/uploads\/2025\/07\/logos-patrocinio-simposio-de-carga-8-1536x1095.jpg 1536w, https:\/\/www.institutodeengenharia.org.br\/site\/wp-content\/uploads\/2025\/07\/logos-patrocinio-simposio-de-carga-8-2048x1459.jpg 2048w, https:\/\/www.institutodeengenharia.org.br\/site\/wp-content\/uploads\/2025\/07\/logos-patrocinio-simposio-de-carga-8-589x420.jpg 589w, https:\/\/www.institutodeengenharia.org.br\/site\/wp-content\/uploads\/2025\/07\/logos-patrocinio-simposio-de-carga-8-696x496.jpg 696w, https:\/\/www.institutodeengenharia.org.br\/site\/wp-content\/uploads\/2025\/07\/logos-patrocinio-simposio-de-carga-8-1068x761.jpg 1068w, https:\/\/www.institutodeengenharia.org.br\/site\/wp-content\/uploads\/2025\/07\/logos-patrocinio-simposio-de-carga-8-1920x1368.jpg 1920w, https:\/\/www.institutodeengenharia.org.br\/site\/wp-content\/uploads\/2025\/07\/logos-patrocinio-simposio-de-carga-8-100x70.jpg 100w, https:\/\/www.institutodeengenharia.org.br\/site\/wp-content\/uploads\/2025\/07\/logos-patrocinio-simposio-de-carga-8-600x428.jpg 600w\" sizes=\"auto, (max-width: 266px) 100vw, 266px\" \/><\/p>\n<p>&nbsp;<\/p>\n<p>GSI \u2013 Gabinete de Seguran\u00e7a Institucional da Presid\u00eancia da Rep\u00fablica<\/p>\n","protected":false},"excerpt":{"rendered":"<p>Assista abaixo \u00e0 grava\u00e7\u00e3o do evento: + Informa\u00e7\u00f5es:\u00a0 O objetivo do evento \u00e9 levar ao setor aliment\u00edcio brasileiro os impactos e novas perspectivas que se abrir\u00e3o pela aplica\u00e7\u00e3o de sistemas de incremento da sustentabilidade, aumento do tempo de prateleira e redu\u00e7\u00e3o de enfermidades causadas por alimentos\u00a0in natura\u00a0contaminados, com benef\u00edcios gerais \u00e0 popula\u00e7\u00e3o brasileira e maior [&hellip;]<\/p>\n","protected":false},"author":13,"featured_media":130508,"comment_status":"open","ping_status":"open","sticky":false,"template":"","format":"video","meta":{"footnotes":""},"categories":[968,969],"tags":[1176],"class_list":{"0":"post-131818","1":"post","2":"type-post","3":"status-publish","4":"format-video","5":"has-post-thumbnail","7":"category-nova-tv-engenharia","8":"category-palestra","9":"tag-video-home","10":"post_format-post-format-video"},"yoast_head":"<!-- This site is optimized with the Yoast SEO plugin v27.2 - https:\/\/yoast.com\/product\/yoast-seo-wordpress\/ -->\n<title>1\u00b0 Encontro Nacional sobre Inova\u00e7\u00f5es Tecnol\u00f3gicas em Irradia\u00e7\u00e3o de Alimentos - Pr\u00e1ticas Transformadoras para um futuro sustent\u00e1vel - Instituto de Engenharia<\/title>\n<meta name=\"robots\" content=\"index, follow, max-snippet:-1, max-image-preview:large, max-video-preview:-1\" \/>\n<link rel=\"canonical\" href=\"https:\/\/www.institutodeengenharia.org.br\/site\/2025\/08\/05\/1-encontro-nacional-sobre-inovacoes-tecnologicas-em-irradiacao-de-alimentos-praticas-transformadoras-para-um-futuro-sustentavel\/\" \/>\n<meta property=\"og:locale\" content=\"pt_BR\" \/>\n<meta property=\"og:type\" content=\"article\" \/>\n<meta property=\"og:title\" content=\"1\u00b0 Encontro Nacional sobre Inova\u00e7\u00f5es Tecnol\u00f3gicas em Irradia\u00e7\u00e3o de Alimentos - Pr\u00e1ticas Transformadoras para um futuro sustent\u00e1vel - Instituto de Engenharia\" \/>\n<meta property=\"og:description\" content=\"Assista abaixo \u00e0 grava\u00e7\u00e3o do evento: + Informa\u00e7\u00f5es:\u00a0 O objetivo do evento \u00e9 levar ao setor aliment\u00edcio brasileiro os impactos e novas perspectivas que se abrir\u00e3o pela aplica\u00e7\u00e3o de sistemas de incremento da sustentabilidade, aumento do tempo de prateleira e redu\u00e7\u00e3o de enfermidades causadas por alimentos\u00a0in natura\u00a0contaminados, com benef\u00edcios gerais \u00e0 popula\u00e7\u00e3o brasileira e maior [&hellip;]\" \/>\n<meta property=\"og:url\" content=\"https:\/\/www.institutodeengenharia.org.br\/site\/2025\/08\/05\/1-encontro-nacional-sobre-inovacoes-tecnologicas-em-irradiacao-de-alimentos-praticas-transformadoras-para-um-futuro-sustentavel\/\" \/>\n<meta property=\"og:site_name\" content=\"Instituto de Engenharia\" \/>\n<meta property=\"article:publisher\" content=\"https:\/\/www.facebook.com\/institutodeengenharia\" \/>\n<meta property=\"article:published_time\" content=\"2025-08-05T14:13:12+00:00\" \/>\n<meta property=\"article:modified_time\" content=\"2025-08-29T14:15:57+00:00\" \/>\n<meta property=\"og:image\" content=\"https:\/\/www.institutodeengenharia.org.br\/site\/wp-content\/uploads\/2025\/07\/alimentos.png\" \/>\n\t<meta property=\"og:image:width\" content=\"1226\" \/>\n\t<meta property=\"og:image:height\" content=\"757\" \/>\n\t<meta property=\"og:image:type\" content=\"image\/png\" \/>\n<meta name=\"author\" content=\"Bianca\" \/>\n<meta name=\"twitter:card\" content=\"summary_large_image\" \/>\n<meta name=\"twitter:creator\" content=\"@iengenharia\" \/>\n<meta name=\"twitter:site\" content=\"@iengenharia\" \/>\n<meta name=\"twitter:label1\" content=\"Escrito por\" \/>\n\t<meta name=\"twitter:data1\" content=\"Bianca\" \/>\n\t<meta name=\"twitter:label2\" content=\"Est. tempo de leitura\" \/>\n\t<meta name=\"twitter:data2\" content=\"2 minutos\" \/>\n<script type=\"application\/ld+json\" class=\"yoast-schema-graph\">{\"@context\":\"https:\/\/schema.org\",\"@graph\":[{\"@type\":\"Article\",\"@id\":\"https:\/\/www.institutodeengenharia.org.br\/site\/2025\/08\/05\/1-encontro-nacional-sobre-inovacoes-tecnologicas-em-irradiacao-de-alimentos-praticas-transformadoras-para-um-futuro-sustentavel\/#article\",\"isPartOf\":{\"@id\":\"https:\/\/www.institutodeengenharia.org.br\/site\/2025\/08\/05\/1-encontro-nacional-sobre-inovacoes-tecnologicas-em-irradiacao-de-alimentos-praticas-transformadoras-para-um-futuro-sustentavel\/\"},\"author\":{\"name\":\"Bianca\",\"@id\":\"https:\/\/www.institutodeengenharia.org.br\/site\/#\/schema\/person\/aeb64951c405e100d26d30b033dd423f\"},\"headline\":\"1\u00b0 Encontro Nacional sobre Inova\u00e7\u00f5es Tecnol\u00f3gicas em Irradia\u00e7\u00e3o de Alimentos &#8211; Pr\u00e1ticas Transformadoras para um futuro sustent\u00e1vel\",\"datePublished\":\"2025-08-05T14:13:12+00:00\",\"dateModified\":\"2025-08-29T14:15:57+00:00\",\"mainEntityOfPage\":{\"@id\":\"https:\/\/www.institutodeengenharia.org.br\/site\/2025\/08\/05\/1-encontro-nacional-sobre-inovacoes-tecnologicas-em-irradiacao-de-alimentos-praticas-transformadoras-para-um-futuro-sustentavel\/\"},\"wordCount\":235,\"commentCount\":0,\"publisher\":{\"@id\":\"https:\/\/www.institutodeengenharia.org.br\/site\/#organization\"},\"image\":{\"@id\":\"https:\/\/www.institutodeengenharia.org.br\/site\/2025\/08\/05\/1-encontro-nacional-sobre-inovacoes-tecnologicas-em-irradiacao-de-alimentos-praticas-transformadoras-para-um-futuro-sustentavel\/#primaryimage\"},\"thumbnailUrl\":\"https:\/\/www.institutodeengenharia.org.br\/site\/wp-content\/uploads\/2025\/07\/alimentos.png\",\"keywords\":[\"video-home\"],\"articleSection\":[\"Nova TV Engenharia\",\"Palestra\"],\"inLanguage\":\"pt-BR\",\"potentialAction\":[{\"@type\":\"CommentAction\",\"name\":\"Comment\",\"target\":[\"https:\/\/www.institutodeengenharia.org.br\/site\/2025\/08\/05\/1-encontro-nacional-sobre-inovacoes-tecnologicas-em-irradiacao-de-alimentos-praticas-transformadoras-para-um-futuro-sustentavel\/#respond\"]}]},{\"@type\":\"WebPage\",\"@id\":\"https:\/\/www.institutodeengenharia.org.br\/site\/2025\/08\/05\/1-encontro-nacional-sobre-inovacoes-tecnologicas-em-irradiacao-de-alimentos-praticas-transformadoras-para-um-futuro-sustentavel\/\",\"url\":\"https:\/\/www.institutodeengenharia.org.br\/site\/2025\/08\/05\/1-encontro-nacional-sobre-inovacoes-tecnologicas-em-irradiacao-de-alimentos-praticas-transformadoras-para-um-futuro-sustentavel\/\",\"name\":\"1\u00b0 Encontro Nacional sobre Inova\u00e7\u00f5es Tecnol\u00f3gicas em Irradia\u00e7\u00e3o de Alimentos - Pr\u00e1ticas Transformadoras para um futuro sustent\u00e1vel - Instituto de Engenharia\",\"isPartOf\":{\"@id\":\"https:\/\/www.institutodeengenharia.org.br\/site\/#website\"},\"primaryImageOfPage\":{\"@id\":\"https:\/\/www.institutodeengenharia.org.br\/site\/2025\/08\/05\/1-encontro-nacional-sobre-inovacoes-tecnologicas-em-irradiacao-de-alimentos-praticas-transformadoras-para-um-futuro-sustentavel\/#primaryimage\"},\"image\":{\"@id\":\"https:\/\/www.institutodeengenharia.org.br\/site\/2025\/08\/05\/1-encontro-nacional-sobre-inovacoes-tecnologicas-em-irradiacao-de-alimentos-praticas-transformadoras-para-um-futuro-sustentavel\/#primaryimage\"},\"thumbnailUrl\":\"https:\/\/www.institutodeengenharia.org.br\/site\/wp-content\/uploads\/2025\/07\/alimentos.png\",\"datePublished\":\"2025-08-05T14:13:12+00:00\",\"dateModified\":\"2025-08-29T14:15:57+00:00\",\"breadcrumb\":{\"@id\":\"https:\/\/www.institutodeengenharia.org.br\/site\/2025\/08\/05\/1-encontro-nacional-sobre-inovacoes-tecnologicas-em-irradiacao-de-alimentos-praticas-transformadoras-para-um-futuro-sustentavel\/#breadcrumb\"},\"inLanguage\":\"pt-BR\",\"potentialAction\":[{\"@type\":\"ReadAction\",\"target\":[\"https:\/\/www.institutodeengenharia.org.br\/site\/2025\/08\/05\/1-encontro-nacional-sobre-inovacoes-tecnologicas-em-irradiacao-de-alimentos-praticas-transformadoras-para-um-futuro-sustentavel\/\"]}]},{\"@type\":\"ImageObject\",\"inLanguage\":\"pt-BR\",\"@id\":\"https:\/\/www.institutodeengenharia.org.br\/site\/2025\/08\/05\/1-encontro-nacional-sobre-inovacoes-tecnologicas-em-irradiacao-de-alimentos-praticas-transformadoras-para-um-futuro-sustentavel\/#primaryimage\",\"url\":\"https:\/\/www.institutodeengenharia.org.br\/site\/wp-content\/uploads\/2025\/07\/alimentos.png\",\"contentUrl\":\"https:\/\/www.institutodeengenharia.org.br\/site\/wp-content\/uploads\/2025\/07\/alimentos.png\",\"width\":1226,\"height\":757},{\"@type\":\"BreadcrumbList\",\"@id\":\"https:\/\/www.institutodeengenharia.org.br\/site\/2025\/08\/05\/1-encontro-nacional-sobre-inovacoes-tecnologicas-em-irradiacao-de-alimentos-praticas-transformadoras-para-um-futuro-sustentavel\/#breadcrumb\",\"itemListElement\":[{\"@type\":\"ListItem\",\"position\":1,\"name\":\"In\u00edcio\",\"item\":\"https:\/\/www.institutodeengenharia.org.br\/site\/\"},{\"@type\":\"ListItem\",\"position\":2,\"name\":\"1\u00b0 Encontro Nacional sobre Inova\u00e7\u00f5es Tecnol\u00f3gicas em Irradia\u00e7\u00e3o de Alimentos &#8211; Pr\u00e1ticas Transformadoras para um futuro sustent\u00e1vel\"}]},{\"@type\":\"WebSite\",\"@id\":\"https:\/\/www.institutodeengenharia.org.br\/site\/#website\",\"url\":\"https:\/\/www.institutodeengenharia.org.br\/site\/\",\"name\":\"Instituto de Engenharia\",\"description\":\"O Instituto de Engenharia promove a Engenharia em benef\u00edcio do desenvolvimento e da qualidade de vida da sociedade.\",\"publisher\":{\"@id\":\"https:\/\/www.institutodeengenharia.org.br\/site\/#organization\"},\"potentialAction\":[{\"@type\":\"SearchAction\",\"target\":{\"@type\":\"EntryPoint\",\"urlTemplate\":\"https:\/\/www.institutodeengenharia.org.br\/site\/?s={search_term_string}\"},\"query-input\":{\"@type\":\"PropertyValueSpecification\",\"valueRequired\":true,\"valueName\":\"search_term_string\"}}],\"inLanguage\":\"pt-BR\"},{\"@type\":\"Organization\",\"@id\":\"https:\/\/www.institutodeengenharia.org.br\/site\/#organization\",\"name\":\"Instituto de Engenharia\",\"url\":\"https:\/\/www.institutodeengenharia.org.br\/site\/\",\"logo\":{\"@type\":\"ImageObject\",\"inLanguage\":\"pt-BR\",\"@id\":\"https:\/\/www.institutodeengenharia.org.br\/site\/#\/schema\/logo\/image\/\",\"url\":\"https:\/\/www.institutodeengenharia.org.br\/site\/wp-content\/uploads\/2019\/03\/logo-novo-IE2018-1.jpg\",\"contentUrl\":\"https:\/\/www.institutodeengenharia.org.br\/site\/wp-content\/uploads\/2019\/03\/logo-novo-IE2018-1.jpg\",\"width\":1486,\"height\":1879,\"caption\":\"Instituto de Engenharia\"},\"image\":{\"@id\":\"https:\/\/www.institutodeengenharia.org.br\/site\/#\/schema\/logo\/image\/\"},\"sameAs\":[\"https:\/\/www.facebook.com\/institutodeengenharia\",\"https:\/\/x.com\/iengenharia\",\"https:\/\/www.instagram.com\/institutodeengenharia\/\",\"https:\/\/www.linkedin.com\/company\/instituto-de-engenharia\/\",\"https:\/\/www.youtube.com\/channel\/UCXiCAlsSMe977vamW915HxA\"]},{\"@type\":\"Person\",\"@id\":\"https:\/\/www.institutodeengenharia.org.br\/site\/#\/schema\/person\/aeb64951c405e100d26d30b033dd423f\",\"name\":\"Bianca\",\"image\":{\"@type\":\"ImageObject\",\"inLanguage\":\"pt-BR\",\"@id\":\"https:\/\/secure.gravatar.com\/avatar\/a6fbe9bff57405baf4c1e2c5c1811e072b558253974a9f9508f4678900c97c2a?s=96&d=mm&r=g\",\"url\":\"https:\/\/secure.gravatar.com\/avatar\/a6fbe9bff57405baf4c1e2c5c1811e072b558253974a9f9508f4678900c97c2a?s=96&d=mm&r=g\",\"contentUrl\":\"https:\/\/secure.gravatar.com\/avatar\/a6fbe9bff57405baf4c1e2c5c1811e072b558253974a9f9508f4678900c97c2a?s=96&d=mm&r=g\",\"caption\":\"Bianca\"},\"url\":\"https:\/\/www.institutodeengenharia.org.br\/site\/author\/comunicacao1\/\"}]}<\/script>\n<!-- \/ Yoast SEO plugin. -->","yoast_head_json":{"title":"1\u00b0 Encontro Nacional sobre Inova\u00e7\u00f5es Tecnol\u00f3gicas em Irradia\u00e7\u00e3o de Alimentos - Pr\u00e1ticas Transformadoras para um futuro sustent\u00e1vel - Instituto de Engenharia","robots":{"index":"index","follow":"follow","max-snippet":"max-snippet:-1","max-image-preview":"max-image-preview:large","max-video-preview":"max-video-preview:-1"},"canonical":"https:\/\/www.institutodeengenharia.org.br\/site\/2025\/08\/05\/1-encontro-nacional-sobre-inovacoes-tecnologicas-em-irradiacao-de-alimentos-praticas-transformadoras-para-um-futuro-sustentavel\/","og_locale":"pt_BR","og_type":"article","og_title":"1\u00b0 Encontro Nacional sobre Inova\u00e7\u00f5es Tecnol\u00f3gicas em Irradia\u00e7\u00e3o de Alimentos - Pr\u00e1ticas Transformadoras para um futuro sustent\u00e1vel - Instituto de Engenharia","og_description":"Assista abaixo \u00e0 grava\u00e7\u00e3o do evento: + Informa\u00e7\u00f5es:\u00a0 O objetivo do evento \u00e9 levar ao setor aliment\u00edcio brasileiro os impactos e novas perspectivas que se abrir\u00e3o pela aplica\u00e7\u00e3o de sistemas de incremento da sustentabilidade, aumento do tempo de prateleira e redu\u00e7\u00e3o de enfermidades causadas por alimentos\u00a0in natura\u00a0contaminados, com benef\u00edcios gerais \u00e0 popula\u00e7\u00e3o brasileira e maior [&hellip;]","og_url":"https:\/\/www.institutodeengenharia.org.br\/site\/2025\/08\/05\/1-encontro-nacional-sobre-inovacoes-tecnologicas-em-irradiacao-de-alimentos-praticas-transformadoras-para-um-futuro-sustentavel\/","og_site_name":"Instituto de Engenharia","article_publisher":"https:\/\/www.facebook.com\/institutodeengenharia","article_published_time":"2025-08-05T14:13:12+00:00","article_modified_time":"2025-08-29T14:15:57+00:00","og_image":[{"width":1226,"height":757,"url":"https:\/\/www.institutodeengenharia.org.br\/site\/wp-content\/uploads\/2025\/07\/alimentos.png","type":"image\/png"}],"author":"Bianca","twitter_card":"summary_large_image","twitter_creator":"@iengenharia","twitter_site":"@iengenharia","twitter_misc":{"Escrito por":"Bianca","Est. tempo de leitura":"2 minutos"},"schema":{"@context":"https:\/\/schema.org","@graph":[{"@type":"Article","@id":"https:\/\/www.institutodeengenharia.org.br\/site\/2025\/08\/05\/1-encontro-nacional-sobre-inovacoes-tecnologicas-em-irradiacao-de-alimentos-praticas-transformadoras-para-um-futuro-sustentavel\/#article","isPartOf":{"@id":"https:\/\/www.institutodeengenharia.org.br\/site\/2025\/08\/05\/1-encontro-nacional-sobre-inovacoes-tecnologicas-em-irradiacao-de-alimentos-praticas-transformadoras-para-um-futuro-sustentavel\/"},"author":{"name":"Bianca","@id":"https:\/\/www.institutodeengenharia.org.br\/site\/#\/schema\/person\/aeb64951c405e100d26d30b033dd423f"},"headline":"1\u00b0 Encontro Nacional sobre Inova\u00e7\u00f5es Tecnol\u00f3gicas em Irradia\u00e7\u00e3o de Alimentos &#8211; Pr\u00e1ticas Transformadoras para um futuro sustent\u00e1vel","datePublished":"2025-08-05T14:13:12+00:00","dateModified":"2025-08-29T14:15:57+00:00","mainEntityOfPage":{"@id":"https:\/\/www.institutodeengenharia.org.br\/site\/2025\/08\/05\/1-encontro-nacional-sobre-inovacoes-tecnologicas-em-irradiacao-de-alimentos-praticas-transformadoras-para-um-futuro-sustentavel\/"},"wordCount":235,"commentCount":0,"publisher":{"@id":"https:\/\/www.institutodeengenharia.org.br\/site\/#organization"},"image":{"@id":"https:\/\/www.institutodeengenharia.org.br\/site\/2025\/08\/05\/1-encontro-nacional-sobre-inovacoes-tecnologicas-em-irradiacao-de-alimentos-praticas-transformadoras-para-um-futuro-sustentavel\/#primaryimage"},"thumbnailUrl":"https:\/\/www.institutodeengenharia.org.br\/site\/wp-content\/uploads\/2025\/07\/alimentos.png","keywords":["video-home"],"articleSection":["Nova TV Engenharia","Palestra"],"inLanguage":"pt-BR","potentialAction":[{"@type":"CommentAction","name":"Comment","target":["https:\/\/www.institutodeengenharia.org.br\/site\/2025\/08\/05\/1-encontro-nacional-sobre-inovacoes-tecnologicas-em-irradiacao-de-alimentos-praticas-transformadoras-para-um-futuro-sustentavel\/#respond"]}]},{"@type":"WebPage","@id":"https:\/\/www.institutodeengenharia.org.br\/site\/2025\/08\/05\/1-encontro-nacional-sobre-inovacoes-tecnologicas-em-irradiacao-de-alimentos-praticas-transformadoras-para-um-futuro-sustentavel\/","url":"https:\/\/www.institutodeengenharia.org.br\/site\/2025\/08\/05\/1-encontro-nacional-sobre-inovacoes-tecnologicas-em-irradiacao-de-alimentos-praticas-transformadoras-para-um-futuro-sustentavel\/","name":"1\u00b0 Encontro Nacional sobre Inova\u00e7\u00f5es Tecnol\u00f3gicas em Irradia\u00e7\u00e3o de Alimentos - Pr\u00e1ticas Transformadoras para um futuro sustent\u00e1vel - Instituto de Engenharia","isPartOf":{"@id":"https:\/\/www.institutodeengenharia.org.br\/site\/#website"},"primaryImageOfPage":{"@id":"https:\/\/www.institutodeengenharia.org.br\/site\/2025\/08\/05\/1-encontro-nacional-sobre-inovacoes-tecnologicas-em-irradiacao-de-alimentos-praticas-transformadoras-para-um-futuro-sustentavel\/#primaryimage"},"image":{"@id":"https:\/\/www.institutodeengenharia.org.br\/site\/2025\/08\/05\/1-encontro-nacional-sobre-inovacoes-tecnologicas-em-irradiacao-de-alimentos-praticas-transformadoras-para-um-futuro-sustentavel\/#primaryimage"},"thumbnailUrl":"https:\/\/www.institutodeengenharia.org.br\/site\/wp-content\/uploads\/2025\/07\/alimentos.png","datePublished":"2025-08-05T14:13:12+00:00","dateModified":"2025-08-29T14:15:57+00:00","breadcrumb":{"@id":"https:\/\/www.institutodeengenharia.org.br\/site\/2025\/08\/05\/1-encontro-nacional-sobre-inovacoes-tecnologicas-em-irradiacao-de-alimentos-praticas-transformadoras-para-um-futuro-sustentavel\/#breadcrumb"},"inLanguage":"pt-BR","potentialAction":[{"@type":"ReadAction","target":["https:\/\/www.institutodeengenharia.org.br\/site\/2025\/08\/05\/1-encontro-nacional-sobre-inovacoes-tecnologicas-em-irradiacao-de-alimentos-praticas-transformadoras-para-um-futuro-sustentavel\/"]}]},{"@type":"ImageObject","inLanguage":"pt-BR","@id":"https:\/\/www.institutodeengenharia.org.br\/site\/2025\/08\/05\/1-encontro-nacional-sobre-inovacoes-tecnologicas-em-irradiacao-de-alimentos-praticas-transformadoras-para-um-futuro-sustentavel\/#primaryimage","url":"https:\/\/www.institutodeengenharia.org.br\/site\/wp-content\/uploads\/2025\/07\/alimentos.png","contentUrl":"https:\/\/www.institutodeengenharia.org.br\/site\/wp-content\/uploads\/2025\/07\/alimentos.png","width":1226,"height":757},{"@type":"BreadcrumbList","@id":"https:\/\/www.institutodeengenharia.org.br\/site\/2025\/08\/05\/1-encontro-nacional-sobre-inovacoes-tecnologicas-em-irradiacao-de-alimentos-praticas-transformadoras-para-um-futuro-sustentavel\/#breadcrumb","itemListElement":[{"@type":"ListItem","position":1,"name":"In\u00edcio","item":"https:\/\/www.institutodeengenharia.org.br\/site\/"},{"@type":"ListItem","position":2,"name":"1\u00b0 Encontro Nacional sobre Inova\u00e7\u00f5es Tecnol\u00f3gicas em Irradia\u00e7\u00e3o de Alimentos &#8211; Pr\u00e1ticas Transformadoras para um futuro sustent\u00e1vel"}]},{"@type":"WebSite","@id":"https:\/\/www.institutodeengenharia.org.br\/site\/#website","url":"https:\/\/www.institutodeengenharia.org.br\/site\/","name":"Instituto de Engenharia","description":"O Instituto de Engenharia promove a Engenharia em benef\u00edcio do desenvolvimento e da qualidade de vida da sociedade.","publisher":{"@id":"https:\/\/www.institutodeengenharia.org.br\/site\/#organization"},"potentialAction":[{"@type":"SearchAction","target":{"@type":"EntryPoint","urlTemplate":"https:\/\/www.institutodeengenharia.org.br\/site\/?s={search_term_string}"},"query-input":{"@type":"PropertyValueSpecification","valueRequired":true,"valueName":"search_term_string"}}],"inLanguage":"pt-BR"},{"@type":"Organization","@id":"https:\/\/www.institutodeengenharia.org.br\/site\/#organization","name":"Instituto de Engenharia","url":"https:\/\/www.institutodeengenharia.org.br\/site\/","logo":{"@type":"ImageObject","inLanguage":"pt-BR","@id":"https:\/\/www.institutodeengenharia.org.br\/site\/#\/schema\/logo\/image\/","url":"https:\/\/www.institutodeengenharia.org.br\/site\/wp-content\/uploads\/2019\/03\/logo-novo-IE2018-1.jpg","contentUrl":"https:\/\/www.institutodeengenharia.org.br\/site\/wp-content\/uploads\/2019\/03\/logo-novo-IE2018-1.jpg","width":1486,"height":1879,"caption":"Instituto de Engenharia"},"image":{"@id":"https:\/\/www.institutodeengenharia.org.br\/site\/#\/schema\/logo\/image\/"},"sameAs":["https:\/\/www.facebook.com\/institutodeengenharia","https:\/\/x.com\/iengenharia","https:\/\/www.instagram.com\/institutodeengenharia\/","https:\/\/www.linkedin.com\/company\/instituto-de-engenharia\/","https:\/\/www.youtube.com\/channel\/UCXiCAlsSMe977vamW915HxA"]},{"@type":"Person","@id":"https:\/\/www.institutodeengenharia.org.br\/site\/#\/schema\/person\/aeb64951c405e100d26d30b033dd423f","name":"Bianca","image":{"@type":"ImageObject","inLanguage":"pt-BR","@id":"https:\/\/secure.gravatar.com\/avatar\/a6fbe9bff57405baf4c1e2c5c1811e072b558253974a9f9508f4678900c97c2a?s=96&d=mm&r=g","url":"https:\/\/secure.gravatar.com\/avatar\/a6fbe9bff57405baf4c1e2c5c1811e072b558253974a9f9508f4678900c97c2a?s=96&d=mm&r=g","contentUrl":"https:\/\/secure.gravatar.com\/avatar\/a6fbe9bff57405baf4c1e2c5c1811e072b558253974a9f9508f4678900c97c2a?s=96&d=mm&r=g","caption":"Bianca"},"url":"https:\/\/www.institutodeengenharia.org.br\/site\/author\/comunicacao1\/"}]}},"_links":{"self":[{"href":"https:\/\/www.institutodeengenharia.org.br\/site\/wp-json\/wp\/v2\/posts\/131818","targetHints":{"allow":["GET"]}}],"collection":[{"href":"https:\/\/www.institutodeengenharia.org.br\/site\/wp-json\/wp\/v2\/posts"}],"about":[{"href":"https:\/\/www.institutodeengenharia.org.br\/site\/wp-json\/wp\/v2\/types\/post"}],"author":[{"embeddable":true,"href":"https:\/\/www.institutodeengenharia.org.br\/site\/wp-json\/wp\/v2\/users\/13"}],"replies":[{"embeddable":true,"href":"https:\/\/www.institutodeengenharia.org.br\/site\/wp-json\/wp\/v2\/comments?post=131818"}],"version-history":[{"count":1,"href":"https:\/\/www.institutodeengenharia.org.br\/site\/wp-json\/wp\/v2\/posts\/131818\/revisions"}],"predecessor-version":[{"id":131819,"href":"https:\/\/www.institutodeengenharia.org.br\/site\/wp-json\/wp\/v2\/posts\/131818\/revisions\/131819"}],"wp:featuredmedia":[{"embeddable":true,"href":"https:\/\/www.institutodeengenharia.org.br\/site\/wp-json\/wp\/v2\/media\/130508"}],"wp:attachment":[{"href":"https:\/\/www.institutodeengenharia.org.br\/site\/wp-json\/wp\/v2\/media?parent=131818"}],"wp:term":[{"taxonomy":"category","embeddable":true,"href":"https:\/\/www.institutodeengenharia.org.br\/site\/wp-json\/wp\/v2\/categories?post=131818"},{"taxonomy":"post_tag","embeddable":true,"href":"https:\/\/www.institutodeengenharia.org.br\/site\/wp-json\/wp\/v2\/tags?post=131818"}],"curies":[{"name":"wp","href":"https:\/\/api.w.org\/{rel}","templated":true}]}}