{"id":131765,"date":"2025-08-28T09:47:44","date_gmt":"2025-08-28T12:47:44","guid":{"rendered":"https:\/\/www.institutodeengenharia.org.br\/site\/?p=131765"},"modified":"2025-08-28T13:56:10","modified_gmt":"2025-08-28T16:56:10","slug":"por-tito-livio-ferreira-gomide-stella-marys-della-flora-e-silvia-matsu-eguti-reflexos-do-planejamento-na-manutencao-em-edificacoes","status":"publish","type":"post","link":"https:\/\/www.institutodeengenharia.org.br\/site\/2025\/08\/28\/por-tito-livio-ferreira-gomide-stella-marys-della-flora-e-silvia-matsu-eguti-reflexos-do-planejamento-na-manutencao-em-edificacoes\/","title":{"rendered":"Por Tito L\u00edvio Ferreira Gomide, Stella Marys Della Flora e Silvia Matsu Eguti \u2013 Reflexos do planejamento na manuten\u00e7\u00e3o em edifica\u00e7\u00f5es"},"content":{"rendered":"<p>Manuten\u00e7\u00e3o \u00e9 o \u201cconjunto de atividades a serem realizadas para conservar ou recuperar a capacidade funcional da edifica\u00e7\u00e3o e de seus sistemas constituintes, a fim de atender \u00e0s necessidades e seguran\u00e7a dos seus usu\u00e1rios\u201d, consoante preconiza a ABNT NBR 15575.<\/p>\n<p>Tamb\u00e9m se pode entender a Manuten\u00e7\u00e3o em Edifica\u00e7\u00f5es como \u201ca combina\u00e7\u00e3o de todas as a\u00e7\u00f5es t\u00e9cnicas e administrativas de modo a que o edif\u00edcio e seus elementos desempenhem, durante a vida \u00fatil, as fun\u00e7\u00f5es paras as quais foram concebidos\u201d, consoante consta no livro \u201cManual de Manuten\u00e7\u00e3o em Edifica\u00e7\u00f5es\u201d4.<\/p>\n<p>Tais defini\u00e7\u00f5es destacam o car\u00e1ter t\u00e9cnico da atividade para o bom desempenho funcional e o car\u00e1ter humano para atender as necessidades dos usu\u00e1rios. Assim sendo, a aus\u00eancia ou falhas da manuten\u00e7\u00e3o nas edifica\u00e7\u00f5es podem prejudicar o bom funcionamento ou at\u00e9 mesmo impedir a utiliza\u00e7\u00e3o da edifica\u00e7\u00e3o, nos casos mais graves, afetando diretamente os usu\u00e1rios, trazendo graves preju\u00edzos. Por\u00e9m, a cultura da manuten\u00e7\u00e3o \u00e9 incipiente no Brasil, sendo raros os pr\u00e9dios que recebem os servi\u00e7os adequados dessa atividade.<\/p>\n<h4>Tipologias e Procedimentos<\/h4>\n<p>A manuten\u00e7\u00e3o se desenvolve basicamente atrav\u00e9s de dois tipos de procedimentos: corretivos e preventivos.<\/p>\n<p>A manuten\u00e7\u00e3o corretiva \u00e9 aquela efetuada ap\u00f3s a falha (n\u00e3o planejada) ou do desempenho inferior a uma condi\u00e7\u00e3o m\u00ednima (planejada), enquanto a preventiva baseia-se em crit\u00e9rios pr\u00e9-determinados para evitar a falha.<\/p>\n<p>A manuten\u00e7\u00e3o preventiva pode ser preditiva quando se baseia na an\u00e1lise da evolu\u00e7\u00e3o de um sintoma ou de uma degrada\u00e7\u00e3o, cujo maior exemplo \u00e9 a substitui\u00e7\u00e3o de l\u00e2mpadas pouco antes do final da vida \u00fatil.<\/p>\n<p>O planejamento dos servi\u00e7os de manuten\u00e7\u00e3o requer a elabora\u00e7\u00e3o de uma previs\u00e3o detalhada dos m\u00e9todos de trabalho, ferramentas e equipamentos necess\u00e1rios, condi\u00e7\u00f5es especiais de acesso, cronograma de realiza\u00e7\u00e3o e dura\u00e7\u00e3o dos servi\u00e7os de manuten\u00e7\u00e3o, consoante recomenda\u00e7\u00f5es da norma de Manuten\u00e7\u00e3o de Edifica\u00e7\u00f5es (ABNT NBR 5674).<\/p>\n<p>O planejamento deve ser definido em planos de curto, m\u00e9dio e longo prazos, de maneira a:<\/p>\n<ol>\n<li>coordenar os servi\u00e7os de manuten\u00e7\u00e3o para reduzir a necessidade de sucessivas interven\u00e7\u00f5es;<\/li>\n<li>minimizar a interfer\u00eancia dos servi\u00e7os de manuten\u00e7\u00e3o no uso da edifica\u00e7\u00e3o e a interfer\u00eancia dos usu\u00e1rios sobre a execu\u00e7\u00e3o dos servi\u00e7os de manuten\u00e7\u00e3o;<\/li>\n<li>otimizar o aproveitamento de recursos humanos financeiros e<\/li>\n<\/ol>\n<p>O tipo de planejamento, representado pela previs\u00e3o detalhada dos m\u00e9todos de trabalho a ser implantado na edifica\u00e7\u00e3o, depende do objetivo pretendido, da verba dispon\u00edvel e de informa\u00e7\u00f5es para ser corretamente elaborado. Assim, recomenda-se determinar as condi\u00e7\u00f5es t\u00e9cnicas, operacionais e administrativas para elabora\u00e7\u00e3o do planejamento.<\/p>\n<ul>\n<li>Condi\u00e7\u00e3o t\u00e9cnica<\/li>\n<\/ul>\n<p>&lt; tipologia do im\u00f3vel, idade e padr\u00e3o construtivo;<\/p>\n<p>&lt; \u00e1reas (constru\u00edda, \u00fatil, privativa, comum etc.);<\/p>\n<p>&lt; utiliza\u00e7\u00e3o (habitada, desabitada, em uso ou desuso)<\/p>\n<p>&lt; funcionamento (hor\u00e1rios, popula\u00e7\u00e3o fixa e tempor\u00e1ria);<\/p>\n<p>&lt; especifica\u00e7\u00e3o dos equipamentos;<\/p>\n<p>&lt; manifesta\u00e7\u00f5es patol\u00f3gicas.<\/p>\n<ul>\n<li>Condi\u00e7\u00e3o operacional<\/li>\n<\/ul>\n<p>&lt; procedimentos de rotina e servi\u00e7os;<\/p>\n<p>&lt; controles e registros.<\/p>\n<ul>\n<li>Condi\u00e7\u00e3o administrativa<\/li>\n<\/ul>\n<p>&lt; tipologia da manuten\u00e7\u00e3o (corretiva, preventiva, preditiva)<\/p>\n<p>&lt; n\u00edvel de confiabilidade e de disponibilidade;<\/p>\n<p>&lt; equipe e treinamento;<\/p>\n<p>&lt; diagn\u00f3stico t\u00e9cnico atualizado;<\/p>\n<p>&lt; documenta\u00e7\u00e3o dispon\u00edvel;<\/p>\n<p>&lt; an\u00e1lise de custos.<\/p>\n<p>Definidos os objetivos e a verba dispon\u00edvel para a manuten\u00e7\u00e3o, pode-se implantar o tipo de planejamento mais adequado para a edifica\u00e7\u00e3o, com base nas seguintes metodologias:<\/p>\n<p>&lt; <em>conservador<\/em> \u2013 par\u00e2metro exclusivamente t\u00e9cnico: baseia-se na vida \u00fatil e no n\u00famero de horas de funcionamento de cada sistema e equipamento;<\/p>\n<p>&lt; <em>arrojado <\/em>\u2013 baseia-se na combina\u00e7\u00e3o de par\u00e2metros t\u00e9cnicos da edifica\u00e7\u00e3o e econ\u00f4micos da atividade empresarial. Exemplo t\u00edpico s\u00e3o as eventuais prorroga\u00e7\u00f5es dos prazos de manuten\u00e7\u00e3o recomendados pelos fabricantes, pois o menor tempo dispendido na opera\u00e7\u00e3o \u00e9 compensado pelo ganho gerado pelo neg\u00f3cio nesse prazo, que transforma o \u201cpreju\u00edzo\u201d da redu\u00e7\u00e3o de vida \u00fatil em maior ganho empresarial.<\/p>\n<h4>Falhas do Planejamento da Manuten\u00e7\u00e3o<\/h4>\n<p>As falhas da manuten\u00e7\u00e3o incidem nos aspectos t\u00e9cnicos, operacionais e administrativos, por\u00e9m, a maior delas consiste na aus\u00eancia ou impropriedade do plano de manuten\u00e7\u00e3o das edifica\u00e7\u00f5es.<\/p>\n<p>O plano de manuten\u00e7\u00e3o deve conter, no m\u00ednimo, o m\u00e9todo de trabalho, a verba dispon\u00edvel e o objetivo pretendido, pois tais fatores s\u00e3o essenciais a qualquer atividade que se pretenda bem-sucedida. Tal qual o v\u00f4o de aeronave, o desconhecimento do modo de pilotar (m\u00e9todo), do combust\u00edvel dispon\u00edvel (verba dispon\u00edvel) e do destino (objetivo), em geral, resultam em cat\u00e1strofe, o mesmo se diga com a manuten\u00e7\u00e3o sem plano.<\/p>\n<p>O funcionamento da edifica\u00e7\u00e3o sem plano de manuten\u00e7\u00e3o \u00e9 prec\u00e1rio e temer\u00e1rio. Prec\u00e1rio, pois a disponibilidade de uso costuma ser comprometida pelas constantes paralisa\u00e7\u00f5es de equipamentos (elevadores, bombas de piscina, interfones etc.), redu\u00e7\u00e3o do desempenho condominial (falta de \u00e1gua e luz, por exemplo) e desconfortos (entupimentos, sujidades em paredes etc.). Temer\u00e1rio, pois a seguran\u00e7a sempre fica comprometida quando a manuten\u00e7\u00e3o falha, como por exemplo o mau funcionamento dos elevadores, o fornecimento de \u00e1gua contaminada, o vazamento de g\u00e1s e outras mazelas.<\/p>\n<p>Por\u00e9m, apesar da import\u00e2ncia da manuten\u00e7\u00e3o, lamentavelmente, grande parcela das edifica\u00e7\u00f5es brasileiras n\u00e3o possui qualquer plano de manuten\u00e7\u00e3o, devido \u00e0 falta dessa cultura condominial na administra\u00e7\u00e3o. Muitos consideram como despesa qualquer atividade de manuten\u00e7\u00e3o, principalmente aquelas preventivas, desconhecendo que a aus\u00eancia ou falha de manuten\u00e7\u00e3o redunda, invariavelmente, em desvaloriza\u00e7\u00e3o e redu\u00e7\u00e3o da vida \u00fatil da edifica\u00e7\u00e3o. De se registrar que a verba m\u00e9dia necess\u00e1ria \u00e0 manuten\u00e7\u00e3o gira em torno de 1% ao ano do custo total da edifica\u00e7\u00e3o. Tal valor deveria ser acrescido ao montante da verba anual de despesas usuais do condom\u00ednio (pagamentos de impostos, de sal\u00e1rios, de insumos de limpeza etc.), que tamb\u00e9m fica em torno de 1%, ou seja, a estimativa m\u00e9dia do valor da taxa de condom\u00ednio no Brasil \u00e9 a metade do que deveria ser, caso se inclu\u00edsse a verba destinada \u00e0 manuten\u00e7\u00e3o.<\/p>\n<p>A principal falha de planejamento na manuten\u00e7\u00e3o em edifica\u00e7\u00f5es, portanto, \u00e9 a aus\u00eancia de qualquer previs\u00e3o or\u00e7ament\u00e1ria na taxa condominial, com graves conseq\u00fc\u00eancias para a manuten\u00e7\u00e3o de longo prazo.<\/p>\n<p>Assim sendo, n\u00e3o \u00e9 de se estranhar a cobran\u00e7a de taxas extras condominiais logo ap\u00f3s o per\u00edodo de \u201cpr\u00e9dio novo\u201d do im\u00f3vel, em geral, por volta do quinto ano, para que se possa cobrir alguns \u201cimprevistos\u201d, que nada mais s\u00e3o do que previs\u00edveis medidas da manuten\u00e7\u00e3o de longo prazo, tais como a repintura das fachadas, as substitui\u00e7\u00f5es dos cabos dos elevadores e outras. Essa gritante falha de planejamento pela aus\u00eancia de provis\u00e3o da verba de manuten\u00e7\u00e3o de longo prazo \u00e9 praticamente generalizada nos pr\u00e9dios novos brasileiros, sem embargo de tantas outras falhas de natureza t\u00e9cnica, operacional e administrativa, devido ao improviso que campeia na opera\u00e7\u00e3o e uso condominial.<\/p>\n<h4>Responsabilidades<\/h4>\n<p>A responsabilidade por essa grave falha de planejamento na manuten\u00e7\u00e3o em edifica\u00e7\u00f5es de longo prazo, desde o in\u00edcio da implanta\u00e7\u00e3o do condom\u00ednio, deve ser compartilhada, principalmente, entre o construtor e o administrador condominial, pois ambos s\u00e3o respons\u00e1veis pela falta de orienta\u00e7\u00e3o e informa\u00e7\u00e3o ao condom\u00ednio quanto \u00e0 necessidade do bom planejamento da manuten\u00e7\u00e3o, principalmente para as a\u00e7\u00f5es de manuten\u00e7\u00e3o de longo prazo.<\/p>\n<p>O construtor tem por obriga\u00e7\u00e3o fornecer informa\u00e7\u00f5es suficientes e adequadas ao uso (Art. 12 do C\u00f3digo do Consumidor) e elaborar o manual de uso, opera\u00e7\u00e3o e manuten\u00e7\u00e3o em atendimento a ABNT NBR 14037. Esse manual deve conter orienta\u00e7\u00f5es t\u00e9cnicas detalhadas para a elabora\u00e7\u00e3o do plano de manuten\u00e7\u00e3o, inclusive com a indica\u00e7\u00e3o das principais atividades para os primeiros cinco anos do \u201cpr\u00e9dio novo\u201d, incluindo atividades de longo prazo. \u00c9 recomend\u00e1vel a inclus\u00e3o de previs\u00e3o or\u00e7ament\u00e1ria para a manuten\u00e7\u00e3o de longo prazo, visando a arrecada\u00e7\u00e3o paulatina das verbas mais significativas dos eventos de maiores gastos, tais como as substitui\u00e7\u00f5es de impermeabiliza\u00e7\u00f5es, pisos e equipamentos (bombas, quadros el\u00e9tricos, entre outros).<\/p>\n<p>Quanto \u00e0 responsabilidade da administradora condominial, recomenda-se o mesmo procedimento de tamb\u00e9m or\u00e7ar esses servi\u00e7os de manuten\u00e7\u00e3o de longo prazo e fazer a programa\u00e7\u00e3o de arrecada\u00e7\u00e3o ao longo do per\u00edodo, para evitar cobran\u00e7as inesperadas de taxas extra, em contrariedade ao Art. 14 do C\u00f3digo do Consumidor.<\/p>\n<p>Essa desinforma\u00e7\u00e3o do condom\u00ednio por falta de orienta\u00e7\u00e3o do construtor e administrador, no entanto, n\u00e3o exclui sua responsabilidade pelo cuidado do pr\u00e9dio, recaindo sobre o s\u00edndico esse \u00f4nus, consoante estabelece o Art. 1348 item V do C\u00f3digo Civil Brasileiro.<\/p>\n<h4>Jeitinho Brasileiro<\/h4>\n<p>Evidentemente, ao se aproximar o quinto ano do \u201cpr\u00e9dio novo\u201d sem plano de manuten\u00e7\u00e3o, prenunciam-se problemas financeiros ao condom\u00ednio, pois quase sempre n\u00e3o disp\u00f5e das verbas \u201cextraordin\u00e1rias\u201d necess\u00e1rias para atender as previs\u00edveis, mas \u201cesquecidas\u201d exig\u00eancias da manuten\u00e7\u00e3o de longo prazo.<\/p>\n<p>Por\u00e9m, coincidentemente, ao final do quinto ano tamb\u00e9m vence o prazo legal de garantia construtiva, ocasi\u00e3o em que costumam ser apresentadas diversas reclama\u00e7\u00f5es \u00e0 construtora, inclusive aquelas decorrentes de problemas de manuten\u00e7\u00e3o que s\u00e3o de responsabilidade do condom\u00ednio.<\/p>\n<p>Assim sendo, muitas vezes, surge a proposta de a\u00e7\u00e3o judicial contra a construtora\/incorporadora, devido \u00e0 proximidade do final do prazo de garantia quanto \u00e0s anomalias construtivas, situa\u00e7\u00e3o que propicia tamb\u00e9m eventual inclus\u00e3o dos problemas de manuten\u00e7\u00e3o no pedido. Tal procedimento \u00e9 favorecido pela circunst\u00e2ncia de haver muitas correla\u00e7\u00f5es entre problemas construtivos e de manuten\u00e7\u00e3o, que podem redundar na exclusiva responsabiliza\u00e7\u00e3o da construtora, resolvendo-se os dois problemas sem qualquer \u00f4nus para o condom\u00ednio. Essa situa\u00e7\u00e3o \u00e9 muito comum nas reclama\u00e7\u00f5es de problemas nas fachadas edil\u00edcias, pois as ocorr\u00eancias das naturais fissuras de acomoda\u00e7\u00e3o nos revestimentos s\u00e3o alega\u00e7\u00f5es para o pedido de tratamento e repintura dos pain\u00e9is, como sendo responsabilidade total do construtor, na tentativa de obter a repintura de manuten\u00e7\u00e3o sem \u00f4nus ao condom\u00ednio.<\/p>\n<p>Por\u00e9m, apesar da dificuldade pericial de se separar os problemas construtivos daqueles de manuten\u00e7\u00e3o, imprescind\u00edvel tal medida, para que tais a\u00e7\u00f5es judiciais fa\u00e7am Justi\u00e7a, evitando onerar indevidamente os construtores nas responsabilidades da manuten\u00e7\u00e3o que cabem aos condom\u00ednios.<\/p>\n<p>Nesse sentido, importante consignar que a tradi\u00e7\u00e3o da pr\u00e1tica pericial \u00e9 vulner\u00e1vel nesse particular pois, na grande maioria dos casos, os Peritos Judiciais n\u00e3o separam o \u201cjoio do trigo\u201d e costumam atribuir todos os problemas construtivos e de manuten\u00e7\u00e3o ao construtor.<\/p>\n<p>Cabe reportar-se, portanto, ao ac\u00f3rd\u00e3o da apela\u00e7\u00e3o c\u00edvel n\u00ba 000.494-4\/8 do Tribunal de Justi\u00e7a de S\u00e3o Paulo que decidiu sabiamente em A\u00e7\u00e3o de Obriga\u00e7\u00e3o de Fazer, determinando que \u201c<em>n\u00e3o est\u00e1 obrigada a Construtora a efetuar reparos em obras n\u00e3o previstas no memorial de especifica\u00e7\u00e3o, nem est\u00e1 obrigada a reparar aquilo que a tempo, de ordin\u00e1rio e normalmente desgastaria<\/em>\u201d, cabendo transcrever o seguinte trecho:<\/p>\n<p><em>\u201c\u01eauanto ao gradil frontal, (item e da senten\u00e7a), tamb\u00e9m desprocede a pretens\u00e3o reparat\u00f3ria, de vez que, neste ponto, parece-me correta a discord\u00e2ncia do assistente-t\u00e9cnico da r\u00e9, de vez que preponder\u00e2ncia de dois fatores outros que falhas construtivas subsistem desgaste natural de material normalmente exposto \u00e0s intemp\u00e9ries, corros\u00e3o maior verific\u00e1vel \u201cjunto ao piso das pedras, e que estas s\u00e3o lavadas com \u00e1cido e com m\u00e1quinas de alta press\u00e3o, danificando os caixilhos\u201d.<\/em><\/p>\n<p><em>\u00c9 a mesma situa\u00e7\u00e3o do madeiramento do deck das piscinas. Pode ser que a qualidade do material utilizado pela r\u00e9 n\u00e3o fosse dos melhores, mas \u00e9 absolutamente preponderante, o normal desgaste temporal (entre a feitura dos laudos e a entrega da obra passou mais de cinco anos, <u>al\u00e9m do que parece clara a<\/u> <u>m\u00ednima manuten\u00e7\u00e3o do Condom\u00ednio- autor<\/u> -grifa-se). Al\u00e9m do <\/em><em>que se cuidava de, se existente fato vis\u00edvel pelos que receberam a obra. N\u00e3o se equipara, portanto, a falha estrutural.<\/em><\/p>\n<p><em>Acolho, no mais, o deferido decis\u00f3riamente, com duas ressalvas. As conclus\u00f5es, a respeito, da maioria pericial prevalecem.<\/em><\/p>\n<p><em>Assim, quanto \u00e0 corre\u00e7\u00e3o de fissuras na argamassa de revestimento, em se considerando que pelo tempo decorrido, normalmente o pr\u00e9dio teria que ser pintado, parece \u00f3bvio (sob pena de enriquecimento sem causa) <u>que a pintura externa<\/u> <u>dever\u00e1 ser efetuada pelo Condom\u00ednio, enquanto caber\u00e1 \u00e0<\/u> <u>construtora a abertura de sulcos nas fissuras e enchimento<\/u> <u>com massa pl\u00e1stica<\/u> (grifa-se).\u201d<\/em><\/p>\n<p>H\u00e1, portanto, Tribunais que n\u00e3o se deixam levar por solicita\u00e7\u00f5es indevidas e\/ou per\u00edcias tendenciosas, evidenciando conhecimento t\u00e9cnico e elevado esp\u00edrito de justi\u00e7a.<\/p>\n<h4>Considera\u00e7\u00f5es Finais<\/h4>\n<p>Claro est\u00e1, portanto, que o planejamento da manuten\u00e7\u00e3o \u00e9 fundamental para manter a edifica\u00e7\u00e3o em boas condi\u00e7\u00f5es t\u00e9cnicas, de uso, opera\u00e7\u00e3o, manuten\u00e7\u00e3o e administra\u00e7\u00e3o, sem embargo de tamb\u00e9m favorecer a preserva\u00e7\u00e3o da garantia imobili\u00e1ria e evitar desgastantes e onerosos conflitos judiciais entre condom\u00ednios e construtoras.<\/p>\n<p>S\u00e3o Paulo, agosto de 2025.<\/p>\n<p>________________________________________________________________________<\/p>\n<p>Tito L\u00edvio Ferreira Gomide<\/p>\n<p>Engenheiro civil e bacharel em Direito. Atua na atividade pericial desde 1978. \u00c9 autor e coautor de livros t\u00e9cnicos de engenharia diagn\u00f3stica e grafoscopia. Foi perito do Instituto de Criminal\u00edstica da Pol\u00edcia Civil de S\u00e3o Paulo e presidente do IBAPE-SP, al\u00e9m de coordenador da Divis\u00e3o de Patologia das Constru\u00e7\u00f5es do Instituto de Engenharia. \u00c9 s\u00f3cio diretor do Gabinete de Per\u00edcias Gomide.<\/p>\n<p>Stella Marys Della Flora<\/p>\n<p>Engenheira, p\u00f3s-graduada e mestre em Engenharia Civil. Especialista em Engenharia Diagn\u00f3stica e coautora de livros t\u00e9cnicos. Atua como perita judicial e assistente t\u00e9cnica em processos no judici\u00e1rio. Coordenadora da Divis\u00e3o T\u00e9cnica de Engenharia Diagn\u00f3stica do Instituto de Engenharia, associada ao Ibape\/RS e s\u00f3cia do Gabinete de Per\u00edcias Gomide.<\/p>\n<p>Silvia Matsu Eguti<\/p>\n<p>Engenheira civil e qu\u00edmica. Especialista em Engenharia Diagn\u00f3stica, em Documentoscopia e Grafoscopia, e em per\u00edcias em \u00e1udio, imagens, assinaturas eletr\u00f4nicas e documentos digitais. \u00c9 membro da APEJESP e s\u00f3cia do Gabinete de Per\u00edcias Gomide.<\/p>\n<p><strong>Peritos<\/strong> <strong>do<\/strong> <strong>Gabinete<\/strong> <strong>de<\/strong> <strong>Per\u00edcias<\/strong> <strong>Gomide<\/strong><\/p>\n<p>4\u00a0Livro Manual de Manuten\u00e7\u00e3o em Edifica\u00e7\u00f5es. 19 ed. Editora Leud, 2022, p. 26.<\/p>\n<p>&nbsp;<\/p>\n","protected":false},"excerpt":{"rendered":"<p>Manuten\u00e7\u00e3o \u00e9 o \u201cconjunto de atividades a serem realizadas para conservar ou recuperar a capacidade funcional da edifica\u00e7\u00e3o e de seus sistemas constituintes, a fim de atender \u00e0s necessidades e seguran\u00e7a dos seus usu\u00e1rios\u201d, consoante preconiza a ABNT NBR 15575. Tamb\u00e9m se pode entender a Manuten\u00e7\u00e3o em Edifica\u00e7\u00f5es como \u201ca combina\u00e7\u00e3o de todas as a\u00e7\u00f5es [&hellip;]<\/p>\n","protected":false},"author":13,"featured_media":131769,"comment_status":"open","ping_status":"open","sticky":false,"template":"","format":"standard","meta":{"footnotes":""},"categories":[11,110],"tags":[],"class_list":{"0":"post-131765","1":"post","2":"type-post","3":"status-publish","4":"format-standard","5":"has-post-thumbnail","7":"category-articulistas","8":"category-tito-livio-ferreira-gomide"},"yoast_head":"<!-- This site is optimized with the Yoast SEO plugin v27.2 - https:\/\/yoast.com\/product\/yoast-seo-wordpress\/ -->\n<title>Por Tito L\u00edvio Ferreira Gomide, Stella Marys Della Flora e Silvia Matsu Eguti \u2013 Reflexos do planejamento na manuten\u00e7\u00e3o em edifica\u00e7\u00f5es - Instituto de Engenharia<\/title>\n<meta name=\"robots\" content=\"index, follow, max-snippet:-1, max-image-preview:large, max-video-preview:-1\" \/>\n<link rel=\"canonical\" href=\"https:\/\/www.institutodeengenharia.org.br\/site\/2025\/08\/28\/por-tito-livio-ferreira-gomide-stella-marys-della-flora-e-silvia-matsu-eguti-reflexos-do-planejamento-na-manutencao-em-edificacoes\/\" \/>\n<meta property=\"og:locale\" content=\"pt_BR\" \/>\n<meta property=\"og:type\" content=\"article\" \/>\n<meta property=\"og:title\" content=\"Por Tito L\u00edvio Ferreira Gomide, Stella Marys Della Flora e Silvia Matsu Eguti \u2013 Reflexos do planejamento na manuten\u00e7\u00e3o em edifica\u00e7\u00f5es - Instituto de Engenharia\" \/>\n<meta property=\"og:description\" content=\"Manuten\u00e7\u00e3o \u00e9 o \u201cconjunto de atividades a serem realizadas para conservar ou recuperar a capacidade funcional da edifica\u00e7\u00e3o e de seus sistemas constituintes, a fim de atender \u00e0s necessidades e seguran\u00e7a dos seus usu\u00e1rios\u201d, consoante preconiza a ABNT NBR 15575. Tamb\u00e9m se pode entender a Manuten\u00e7\u00e3o em Edifica\u00e7\u00f5es como \u201ca combina\u00e7\u00e3o de todas as a\u00e7\u00f5es [&hellip;]\" \/>\n<meta property=\"og:url\" content=\"https:\/\/www.institutodeengenharia.org.br\/site\/2025\/08\/28\/por-tito-livio-ferreira-gomide-stella-marys-della-flora-e-silvia-matsu-eguti-reflexos-do-planejamento-na-manutencao-em-edificacoes\/\" \/>\n<meta property=\"og:site_name\" content=\"Instituto de Engenharia\" \/>\n<meta property=\"article:publisher\" content=\"https:\/\/www.facebook.com\/institutodeengenharia\" \/>\n<meta property=\"article:published_time\" content=\"2025-08-28T12:47:44+00:00\" \/>\n<meta property=\"article:modified_time\" content=\"2025-08-28T16:56:10+00:00\" \/>\n<meta property=\"og:image\" content=\"https:\/\/www.institutodeengenharia.org.br\/site\/wp-content\/uploads\/2025\/08\/CAPA-PALESTRA-ONLINE-9.jpg\" \/>\n\t<meta property=\"og:image:width\" content=\"1920\" \/>\n\t<meta property=\"og:image:height\" content=\"1080\" \/>\n\t<meta property=\"og:image:type\" content=\"image\/jpeg\" \/>\n<meta name=\"author\" content=\"Bianca\" \/>\n<meta name=\"twitter:card\" content=\"summary_large_image\" \/>\n<meta name=\"twitter:creator\" content=\"@iengenharia\" \/>\n<meta name=\"twitter:site\" content=\"@iengenharia\" \/>\n<meta name=\"twitter:label1\" content=\"Escrito por\" \/>\n\t<meta name=\"twitter:data1\" content=\"Bianca\" \/>\n\t<meta name=\"twitter:label2\" content=\"Est. tempo de leitura\" \/>\n\t<meta name=\"twitter:data2\" content=\"12 minutos\" \/>\n<script type=\"application\/ld+json\" class=\"yoast-schema-graph\">{\"@context\":\"https:\/\/schema.org\",\"@graph\":[{\"@type\":\"Article\",\"@id\":\"https:\/\/www.institutodeengenharia.org.br\/site\/2025\/08\/28\/por-tito-livio-ferreira-gomide-stella-marys-della-flora-e-silvia-matsu-eguti-reflexos-do-planejamento-na-manutencao-em-edificacoes\/#article\",\"isPartOf\":{\"@id\":\"https:\/\/www.institutodeengenharia.org.br\/site\/2025\/08\/28\/por-tito-livio-ferreira-gomide-stella-marys-della-flora-e-silvia-matsu-eguti-reflexos-do-planejamento-na-manutencao-em-edificacoes\/\"},\"author\":{\"name\":\"Bianca\",\"@id\":\"https:\/\/www.institutodeengenharia.org.br\/site\/#\/schema\/person\/aeb64951c405e100d26d30b033dd423f\"},\"headline\":\"Por Tito L\u00edvio Ferreira Gomide, Stella Marys Della Flora e Silvia Matsu Eguti \u2013 Reflexos do planejamento na manuten\u00e7\u00e3o em edifica\u00e7\u00f5es\",\"datePublished\":\"2025-08-28T12:47:44+00:00\",\"dateModified\":\"2025-08-28T16:56:10+00:00\",\"mainEntityOfPage\":{\"@id\":\"https:\/\/www.institutodeengenharia.org.br\/site\/2025\/08\/28\/por-tito-livio-ferreira-gomide-stella-marys-della-flora-e-silvia-matsu-eguti-reflexos-do-planejamento-na-manutencao-em-edificacoes\/\"},\"wordCount\":2480,\"commentCount\":0,\"publisher\":{\"@id\":\"https:\/\/www.institutodeengenharia.org.br\/site\/#organization\"},\"image\":{\"@id\":\"https:\/\/www.institutodeengenharia.org.br\/site\/2025\/08\/28\/por-tito-livio-ferreira-gomide-stella-marys-della-flora-e-silvia-matsu-eguti-reflexos-do-planejamento-na-manutencao-em-edificacoes\/#primaryimage\"},\"thumbnailUrl\":\"https:\/\/www.institutodeengenharia.org.br\/site\/wp-content\/uploads\/2025\/08\/CAPA-PALESTRA-ONLINE-9.jpg\",\"articleSection\":[\"Articulistas\",\"Tito L\u00edvio Ferreira Gomide\"],\"inLanguage\":\"pt-BR\",\"potentialAction\":[{\"@type\":\"CommentAction\",\"name\":\"Comment\",\"target\":[\"https:\/\/www.institutodeengenharia.org.br\/site\/2025\/08\/28\/por-tito-livio-ferreira-gomide-stella-marys-della-flora-e-silvia-matsu-eguti-reflexos-do-planejamento-na-manutencao-em-edificacoes\/#respond\"]}]},{\"@type\":\"WebPage\",\"@id\":\"https:\/\/www.institutodeengenharia.org.br\/site\/2025\/08\/28\/por-tito-livio-ferreira-gomide-stella-marys-della-flora-e-silvia-matsu-eguti-reflexos-do-planejamento-na-manutencao-em-edificacoes\/\",\"url\":\"https:\/\/www.institutodeengenharia.org.br\/site\/2025\/08\/28\/por-tito-livio-ferreira-gomide-stella-marys-della-flora-e-silvia-matsu-eguti-reflexos-do-planejamento-na-manutencao-em-edificacoes\/\",\"name\":\"Por Tito L\u00edvio Ferreira Gomide, Stella Marys Della Flora e Silvia Matsu Eguti \u2013 Reflexos do planejamento na manuten\u00e7\u00e3o em edifica\u00e7\u00f5es - Instituto de Engenharia\",\"isPartOf\":{\"@id\":\"https:\/\/www.institutodeengenharia.org.br\/site\/#website\"},\"primaryImageOfPage\":{\"@id\":\"https:\/\/www.institutodeengenharia.org.br\/site\/2025\/08\/28\/por-tito-livio-ferreira-gomide-stella-marys-della-flora-e-silvia-matsu-eguti-reflexos-do-planejamento-na-manutencao-em-edificacoes\/#primaryimage\"},\"image\":{\"@id\":\"https:\/\/www.institutodeengenharia.org.br\/site\/2025\/08\/28\/por-tito-livio-ferreira-gomide-stella-marys-della-flora-e-silvia-matsu-eguti-reflexos-do-planejamento-na-manutencao-em-edificacoes\/#primaryimage\"},\"thumbnailUrl\":\"https:\/\/www.institutodeengenharia.org.br\/site\/wp-content\/uploads\/2025\/08\/CAPA-PALESTRA-ONLINE-9.jpg\",\"datePublished\":\"2025-08-28T12:47:44+00:00\",\"dateModified\":\"2025-08-28T16:56:10+00:00\",\"breadcrumb\":{\"@id\":\"https:\/\/www.institutodeengenharia.org.br\/site\/2025\/08\/28\/por-tito-livio-ferreira-gomide-stella-marys-della-flora-e-silvia-matsu-eguti-reflexos-do-planejamento-na-manutencao-em-edificacoes\/#breadcrumb\"},\"inLanguage\":\"pt-BR\",\"potentialAction\":[{\"@type\":\"ReadAction\",\"target\":[\"https:\/\/www.institutodeengenharia.org.br\/site\/2025\/08\/28\/por-tito-livio-ferreira-gomide-stella-marys-della-flora-e-silvia-matsu-eguti-reflexos-do-planejamento-na-manutencao-em-edificacoes\/\"]}]},{\"@type\":\"ImageObject\",\"inLanguage\":\"pt-BR\",\"@id\":\"https:\/\/www.institutodeengenharia.org.br\/site\/2025\/08\/28\/por-tito-livio-ferreira-gomide-stella-marys-della-flora-e-silvia-matsu-eguti-reflexos-do-planejamento-na-manutencao-em-edificacoes\/#primaryimage\",\"url\":\"https:\/\/www.institutodeengenharia.org.br\/site\/wp-content\/uploads\/2025\/08\/CAPA-PALESTRA-ONLINE-9.jpg\",\"contentUrl\":\"https:\/\/www.institutodeengenharia.org.br\/site\/wp-content\/uploads\/2025\/08\/CAPA-PALESTRA-ONLINE-9.jpg\",\"width\":1920,\"height\":1080},{\"@type\":\"BreadcrumbList\",\"@id\":\"https:\/\/www.institutodeengenharia.org.br\/site\/2025\/08\/28\/por-tito-livio-ferreira-gomide-stella-marys-della-flora-e-silvia-matsu-eguti-reflexos-do-planejamento-na-manutencao-em-edificacoes\/#breadcrumb\",\"itemListElement\":[{\"@type\":\"ListItem\",\"position\":1,\"name\":\"In\u00edcio\",\"item\":\"https:\/\/www.institutodeengenharia.org.br\/site\/\"},{\"@type\":\"ListItem\",\"position\":2,\"name\":\"Por Tito L\u00edvio Ferreira Gomide, Stella Marys Della Flora e Silvia Matsu Eguti \u2013 Reflexos do planejamento na manuten\u00e7\u00e3o em edifica\u00e7\u00f5es\"}]},{\"@type\":\"WebSite\",\"@id\":\"https:\/\/www.institutodeengenharia.org.br\/site\/#website\",\"url\":\"https:\/\/www.institutodeengenharia.org.br\/site\/\",\"name\":\"Instituto de Engenharia\",\"description\":\"O Instituto de Engenharia promove a Engenharia em benef\u00edcio do desenvolvimento e da qualidade de vida da sociedade.\",\"publisher\":{\"@id\":\"https:\/\/www.institutodeengenharia.org.br\/site\/#organization\"},\"potentialAction\":[{\"@type\":\"SearchAction\",\"target\":{\"@type\":\"EntryPoint\",\"urlTemplate\":\"https:\/\/www.institutodeengenharia.org.br\/site\/?s={search_term_string}\"},\"query-input\":{\"@type\":\"PropertyValueSpecification\",\"valueRequired\":true,\"valueName\":\"search_term_string\"}}],\"inLanguage\":\"pt-BR\"},{\"@type\":\"Organization\",\"@id\":\"https:\/\/www.institutodeengenharia.org.br\/site\/#organization\",\"name\":\"Instituto de Engenharia\",\"url\":\"https:\/\/www.institutodeengenharia.org.br\/site\/\",\"logo\":{\"@type\":\"ImageObject\",\"inLanguage\":\"pt-BR\",\"@id\":\"https:\/\/www.institutodeengenharia.org.br\/site\/#\/schema\/logo\/image\/\",\"url\":\"https:\/\/www.institutodeengenharia.org.br\/site\/wp-content\/uploads\/2019\/03\/logo-novo-IE2018-1.jpg\",\"contentUrl\":\"https:\/\/www.institutodeengenharia.org.br\/site\/wp-content\/uploads\/2019\/03\/logo-novo-IE2018-1.jpg\",\"width\":1486,\"height\":1879,\"caption\":\"Instituto de Engenharia\"},\"image\":{\"@id\":\"https:\/\/www.institutodeengenharia.org.br\/site\/#\/schema\/logo\/image\/\"},\"sameAs\":[\"https:\/\/www.facebook.com\/institutodeengenharia\",\"https:\/\/x.com\/iengenharia\",\"https:\/\/www.instagram.com\/institutodeengenharia\/\",\"https:\/\/www.linkedin.com\/company\/instituto-de-engenharia\/\",\"https:\/\/www.youtube.com\/channel\/UCXiCAlsSMe977vamW915HxA\"]},{\"@type\":\"Person\",\"@id\":\"https:\/\/www.institutodeengenharia.org.br\/site\/#\/schema\/person\/aeb64951c405e100d26d30b033dd423f\",\"name\":\"Bianca\",\"image\":{\"@type\":\"ImageObject\",\"inLanguage\":\"pt-BR\",\"@id\":\"https:\/\/secure.gravatar.com\/avatar\/a6fbe9bff57405baf4c1e2c5c1811e072b558253974a9f9508f4678900c97c2a?s=96&d=mm&r=g\",\"url\":\"https:\/\/secure.gravatar.com\/avatar\/a6fbe9bff57405baf4c1e2c5c1811e072b558253974a9f9508f4678900c97c2a?s=96&d=mm&r=g\",\"contentUrl\":\"https:\/\/secure.gravatar.com\/avatar\/a6fbe9bff57405baf4c1e2c5c1811e072b558253974a9f9508f4678900c97c2a?s=96&d=mm&r=g\",\"caption\":\"Bianca\"},\"url\":\"https:\/\/www.institutodeengenharia.org.br\/site\/author\/comunicacao1\/\"}]}<\/script>\n<!-- \/ Yoast SEO plugin. -->","yoast_head_json":{"title":"Por Tito L\u00edvio Ferreira Gomide, Stella Marys Della Flora e Silvia Matsu Eguti \u2013 Reflexos do planejamento na manuten\u00e7\u00e3o em edifica\u00e7\u00f5es - Instituto de Engenharia","robots":{"index":"index","follow":"follow","max-snippet":"max-snippet:-1","max-image-preview":"max-image-preview:large","max-video-preview":"max-video-preview:-1"},"canonical":"https:\/\/www.institutodeengenharia.org.br\/site\/2025\/08\/28\/por-tito-livio-ferreira-gomide-stella-marys-della-flora-e-silvia-matsu-eguti-reflexos-do-planejamento-na-manutencao-em-edificacoes\/","og_locale":"pt_BR","og_type":"article","og_title":"Por Tito L\u00edvio Ferreira Gomide, Stella Marys Della Flora e Silvia Matsu Eguti \u2013 Reflexos do planejamento na manuten\u00e7\u00e3o em edifica\u00e7\u00f5es - Instituto de Engenharia","og_description":"Manuten\u00e7\u00e3o \u00e9 o \u201cconjunto de atividades a serem realizadas para conservar ou recuperar a capacidade funcional da edifica\u00e7\u00e3o e de seus sistemas constituintes, a fim de atender \u00e0s necessidades e seguran\u00e7a dos seus usu\u00e1rios\u201d, consoante preconiza a ABNT NBR 15575. Tamb\u00e9m se pode entender a Manuten\u00e7\u00e3o em Edifica\u00e7\u00f5es como \u201ca combina\u00e7\u00e3o de todas as a\u00e7\u00f5es [&hellip;]","og_url":"https:\/\/www.institutodeengenharia.org.br\/site\/2025\/08\/28\/por-tito-livio-ferreira-gomide-stella-marys-della-flora-e-silvia-matsu-eguti-reflexos-do-planejamento-na-manutencao-em-edificacoes\/","og_site_name":"Instituto de Engenharia","article_publisher":"https:\/\/www.facebook.com\/institutodeengenharia","article_published_time":"2025-08-28T12:47:44+00:00","article_modified_time":"2025-08-28T16:56:10+00:00","og_image":[{"width":1920,"height":1080,"url":"https:\/\/www.institutodeengenharia.org.br\/site\/wp-content\/uploads\/2025\/08\/CAPA-PALESTRA-ONLINE-9.jpg","type":"image\/jpeg"}],"author":"Bianca","twitter_card":"summary_large_image","twitter_creator":"@iengenharia","twitter_site":"@iengenharia","twitter_misc":{"Escrito por":"Bianca","Est. tempo de leitura":"12 minutos"},"schema":{"@context":"https:\/\/schema.org","@graph":[{"@type":"Article","@id":"https:\/\/www.institutodeengenharia.org.br\/site\/2025\/08\/28\/por-tito-livio-ferreira-gomide-stella-marys-della-flora-e-silvia-matsu-eguti-reflexos-do-planejamento-na-manutencao-em-edificacoes\/#article","isPartOf":{"@id":"https:\/\/www.institutodeengenharia.org.br\/site\/2025\/08\/28\/por-tito-livio-ferreira-gomide-stella-marys-della-flora-e-silvia-matsu-eguti-reflexos-do-planejamento-na-manutencao-em-edificacoes\/"},"author":{"name":"Bianca","@id":"https:\/\/www.institutodeengenharia.org.br\/site\/#\/schema\/person\/aeb64951c405e100d26d30b033dd423f"},"headline":"Por Tito L\u00edvio Ferreira Gomide, Stella Marys Della Flora e Silvia Matsu Eguti \u2013 Reflexos do planejamento na manuten\u00e7\u00e3o em edifica\u00e7\u00f5es","datePublished":"2025-08-28T12:47:44+00:00","dateModified":"2025-08-28T16:56:10+00:00","mainEntityOfPage":{"@id":"https:\/\/www.institutodeengenharia.org.br\/site\/2025\/08\/28\/por-tito-livio-ferreira-gomide-stella-marys-della-flora-e-silvia-matsu-eguti-reflexos-do-planejamento-na-manutencao-em-edificacoes\/"},"wordCount":2480,"commentCount":0,"publisher":{"@id":"https:\/\/www.institutodeengenharia.org.br\/site\/#organization"},"image":{"@id":"https:\/\/www.institutodeengenharia.org.br\/site\/2025\/08\/28\/por-tito-livio-ferreira-gomide-stella-marys-della-flora-e-silvia-matsu-eguti-reflexos-do-planejamento-na-manutencao-em-edificacoes\/#primaryimage"},"thumbnailUrl":"https:\/\/www.institutodeengenharia.org.br\/site\/wp-content\/uploads\/2025\/08\/CAPA-PALESTRA-ONLINE-9.jpg","articleSection":["Articulistas","Tito L\u00edvio Ferreira Gomide"],"inLanguage":"pt-BR","potentialAction":[{"@type":"CommentAction","name":"Comment","target":["https:\/\/www.institutodeengenharia.org.br\/site\/2025\/08\/28\/por-tito-livio-ferreira-gomide-stella-marys-della-flora-e-silvia-matsu-eguti-reflexos-do-planejamento-na-manutencao-em-edificacoes\/#respond"]}]},{"@type":"WebPage","@id":"https:\/\/www.institutodeengenharia.org.br\/site\/2025\/08\/28\/por-tito-livio-ferreira-gomide-stella-marys-della-flora-e-silvia-matsu-eguti-reflexos-do-planejamento-na-manutencao-em-edificacoes\/","url":"https:\/\/www.institutodeengenharia.org.br\/site\/2025\/08\/28\/por-tito-livio-ferreira-gomide-stella-marys-della-flora-e-silvia-matsu-eguti-reflexos-do-planejamento-na-manutencao-em-edificacoes\/","name":"Por Tito L\u00edvio Ferreira Gomide, Stella Marys Della Flora e Silvia Matsu Eguti \u2013 Reflexos do planejamento na manuten\u00e7\u00e3o em edifica\u00e7\u00f5es - Instituto de Engenharia","isPartOf":{"@id":"https:\/\/www.institutodeengenharia.org.br\/site\/#website"},"primaryImageOfPage":{"@id":"https:\/\/www.institutodeengenharia.org.br\/site\/2025\/08\/28\/por-tito-livio-ferreira-gomide-stella-marys-della-flora-e-silvia-matsu-eguti-reflexos-do-planejamento-na-manutencao-em-edificacoes\/#primaryimage"},"image":{"@id":"https:\/\/www.institutodeengenharia.org.br\/site\/2025\/08\/28\/por-tito-livio-ferreira-gomide-stella-marys-della-flora-e-silvia-matsu-eguti-reflexos-do-planejamento-na-manutencao-em-edificacoes\/#primaryimage"},"thumbnailUrl":"https:\/\/www.institutodeengenharia.org.br\/site\/wp-content\/uploads\/2025\/08\/CAPA-PALESTRA-ONLINE-9.jpg","datePublished":"2025-08-28T12:47:44+00:00","dateModified":"2025-08-28T16:56:10+00:00","breadcrumb":{"@id":"https:\/\/www.institutodeengenharia.org.br\/site\/2025\/08\/28\/por-tito-livio-ferreira-gomide-stella-marys-della-flora-e-silvia-matsu-eguti-reflexos-do-planejamento-na-manutencao-em-edificacoes\/#breadcrumb"},"inLanguage":"pt-BR","potentialAction":[{"@type":"ReadAction","target":["https:\/\/www.institutodeengenharia.org.br\/site\/2025\/08\/28\/por-tito-livio-ferreira-gomide-stella-marys-della-flora-e-silvia-matsu-eguti-reflexos-do-planejamento-na-manutencao-em-edificacoes\/"]}]},{"@type":"ImageObject","inLanguage":"pt-BR","@id":"https:\/\/www.institutodeengenharia.org.br\/site\/2025\/08\/28\/por-tito-livio-ferreira-gomide-stella-marys-della-flora-e-silvia-matsu-eguti-reflexos-do-planejamento-na-manutencao-em-edificacoes\/#primaryimage","url":"https:\/\/www.institutodeengenharia.org.br\/site\/wp-content\/uploads\/2025\/08\/CAPA-PALESTRA-ONLINE-9.jpg","contentUrl":"https:\/\/www.institutodeengenharia.org.br\/site\/wp-content\/uploads\/2025\/08\/CAPA-PALESTRA-ONLINE-9.jpg","width":1920,"height":1080},{"@type":"BreadcrumbList","@id":"https:\/\/www.institutodeengenharia.org.br\/site\/2025\/08\/28\/por-tito-livio-ferreira-gomide-stella-marys-della-flora-e-silvia-matsu-eguti-reflexos-do-planejamento-na-manutencao-em-edificacoes\/#breadcrumb","itemListElement":[{"@type":"ListItem","position":1,"name":"In\u00edcio","item":"https:\/\/www.institutodeengenharia.org.br\/site\/"},{"@type":"ListItem","position":2,"name":"Por Tito L\u00edvio Ferreira Gomide, Stella Marys Della Flora e Silvia Matsu Eguti \u2013 Reflexos do planejamento na manuten\u00e7\u00e3o em edifica\u00e7\u00f5es"}]},{"@type":"WebSite","@id":"https:\/\/www.institutodeengenharia.org.br\/site\/#website","url":"https:\/\/www.institutodeengenharia.org.br\/site\/","name":"Instituto de Engenharia","description":"O Instituto de Engenharia promove a Engenharia em benef\u00edcio do desenvolvimento e da qualidade de vida da sociedade.","publisher":{"@id":"https:\/\/www.institutodeengenharia.org.br\/site\/#organization"},"potentialAction":[{"@type":"SearchAction","target":{"@type":"EntryPoint","urlTemplate":"https:\/\/www.institutodeengenharia.org.br\/site\/?s={search_term_string}"},"query-input":{"@type":"PropertyValueSpecification","valueRequired":true,"valueName":"search_term_string"}}],"inLanguage":"pt-BR"},{"@type":"Organization","@id":"https:\/\/www.institutodeengenharia.org.br\/site\/#organization","name":"Instituto de Engenharia","url":"https:\/\/www.institutodeengenharia.org.br\/site\/","logo":{"@type":"ImageObject","inLanguage":"pt-BR","@id":"https:\/\/www.institutodeengenharia.org.br\/site\/#\/schema\/logo\/image\/","url":"https:\/\/www.institutodeengenharia.org.br\/site\/wp-content\/uploads\/2019\/03\/logo-novo-IE2018-1.jpg","contentUrl":"https:\/\/www.institutodeengenharia.org.br\/site\/wp-content\/uploads\/2019\/03\/logo-novo-IE2018-1.jpg","width":1486,"height":1879,"caption":"Instituto de Engenharia"},"image":{"@id":"https:\/\/www.institutodeengenharia.org.br\/site\/#\/schema\/logo\/image\/"},"sameAs":["https:\/\/www.facebook.com\/institutodeengenharia","https:\/\/x.com\/iengenharia","https:\/\/www.instagram.com\/institutodeengenharia\/","https:\/\/www.linkedin.com\/company\/instituto-de-engenharia\/","https:\/\/www.youtube.com\/channel\/UCXiCAlsSMe977vamW915HxA"]},{"@type":"Person","@id":"https:\/\/www.institutodeengenharia.org.br\/site\/#\/schema\/person\/aeb64951c405e100d26d30b033dd423f","name":"Bianca","image":{"@type":"ImageObject","inLanguage":"pt-BR","@id":"https:\/\/secure.gravatar.com\/avatar\/a6fbe9bff57405baf4c1e2c5c1811e072b558253974a9f9508f4678900c97c2a?s=96&d=mm&r=g","url":"https:\/\/secure.gravatar.com\/avatar\/a6fbe9bff57405baf4c1e2c5c1811e072b558253974a9f9508f4678900c97c2a?s=96&d=mm&r=g","contentUrl":"https:\/\/secure.gravatar.com\/avatar\/a6fbe9bff57405baf4c1e2c5c1811e072b558253974a9f9508f4678900c97c2a?s=96&d=mm&r=g","caption":"Bianca"},"url":"https:\/\/www.institutodeengenharia.org.br\/site\/author\/comunicacao1\/"}]}},"_links":{"self":[{"href":"https:\/\/www.institutodeengenharia.org.br\/site\/wp-json\/wp\/v2\/posts\/131765","targetHints":{"allow":["GET"]}}],"collection":[{"href":"https:\/\/www.institutodeengenharia.org.br\/site\/wp-json\/wp\/v2\/posts"}],"about":[{"href":"https:\/\/www.institutodeengenharia.org.br\/site\/wp-json\/wp\/v2\/types\/post"}],"author":[{"embeddable":true,"href":"https:\/\/www.institutodeengenharia.org.br\/site\/wp-json\/wp\/v2\/users\/13"}],"replies":[{"embeddable":true,"href":"https:\/\/www.institutodeengenharia.org.br\/site\/wp-json\/wp\/v2\/comments?post=131765"}],"version-history":[{"count":2,"href":"https:\/\/www.institutodeengenharia.org.br\/site\/wp-json\/wp\/v2\/posts\/131765\/revisions"}],"predecessor-version":[{"id":131784,"href":"https:\/\/www.institutodeengenharia.org.br\/site\/wp-json\/wp\/v2\/posts\/131765\/revisions\/131784"}],"wp:featuredmedia":[{"embeddable":true,"href":"https:\/\/www.institutodeengenharia.org.br\/site\/wp-json\/wp\/v2\/media\/131769"}],"wp:attachment":[{"href":"https:\/\/www.institutodeengenharia.org.br\/site\/wp-json\/wp\/v2\/media?parent=131765"}],"wp:term":[{"taxonomy":"category","embeddable":true,"href":"https:\/\/www.institutodeengenharia.org.br\/site\/wp-json\/wp\/v2\/categories?post=131765"},{"taxonomy":"post_tag","embeddable":true,"href":"https:\/\/www.institutodeengenharia.org.br\/site\/wp-json\/wp\/v2\/tags?post=131765"}],"curies":[{"name":"wp","href":"https:\/\/api.w.org\/{rel}","templated":true}]}}