{"id":131607,"date":"2025-07-24T16:37:11","date_gmt":"2025-07-24T19:37:11","guid":{"rendered":"https:\/\/www.institutodeengenharia.org.br\/site\/?p=131607"},"modified":"2025-08-22T16:40:52","modified_gmt":"2025-08-22T19:40:52","slug":"mobilidade-sobre-duas-rodas-desafios-comportamentos-e-solucoes","status":"publish","type":"post","link":"https:\/\/www.institutodeengenharia.org.br\/site\/2025\/07\/24\/mobilidade-sobre-duas-rodas-desafios-comportamentos-e-solucoes\/","title":{"rendered":"Mobilidade sobre duas rodas: desafios, comportamentos e solu\u00e7\u00f5es"},"content":{"rendered":"<p><strong>Assista abaixo \u00e0 grava\u00e7\u00e3o do evento:\u00a0<\/strong><\/p>\n<div style=\"padding: 56.25% 0 0 0; position: relative;\"><iframe style=\"position: absolute; top: 0; left: 0; width: 100%; height: 100%;\" src=\"https:\/\/vimeo.com\/showcase\/11839550\/embed2\" frameborder=\"0\" allowfullscreen=\"allowfullscreen\"><\/iframe><\/div>\n<p>&nbsp;<\/p>\n<p><strong>+ Informa\u00e7\u00f5es:\u00a0\u00a0<\/strong><\/p>\n<p>A motocicleta, cada vez mais presente no cen\u00e1rio urbano, tornou-se uma pe\u00e7a central no debate sobre mobilidade, seguran\u00e7a e comportamento no tr\u00e2nsito. Pensando nisso, o Instituto de Engenharia promove o evento \u201cMobilidade sobre Duas Rodas: Desafios, Comportamentos e Solu\u00e7\u00f5es\u201d. Um espa\u00e7o dedicado \u00e0 an\u00e1lise profunda das m\u00faltiplas dimens\u00f5es que envolvem o uso de motos nas cidades brasileiras.<\/p>\n<p>Ser\u00e3o dois dias de discuss\u00f5es tem\u00e1ticas, com especialistas, representantes de \u00f3rg\u00e3os p\u00fablicos, profissionais do setor, usu\u00e1rios e demais atores envolvidos. O evento abordar\u00e1 dados crescentes sobre acidentes, forma\u00e7\u00e3o de condutores, caracter\u00edsticas dos ve\u00edculos, seguran\u00e7a individual, infraestrutura vi\u00e1ria, fiscaliza\u00e7\u00e3o e os impactos sociais e econ\u00f4micos desse meio de transporte em expans\u00e3o.<\/p>\n<p><strong>P\u00fablico-alvo:\u00a0<\/strong><\/p>\n<p>Engenheiros, arquitetos, gestores p\u00fablicos, urbanistas e demais profissionais\/interessados no tema.<\/p>\n<h4 style=\"text-align: center;\"><strong>PROGRAMA\u00c7\u00c3O:\u00a0<\/strong><\/h4>\n<p style=\"text-align: center;\"><strong>DIA 23\/7\/2025 &#8211; das 9h \u00e0s 17h30 &#8211; Simp\u00f3sio<\/strong><\/p>\n<p><strong>8h30 \u00e0s 9h<\/strong> &#8211;\u00a0<em>Caf\u00e9 de boas-vindas e credenciamento<\/em><\/p>\n<p><strong>9h \u00e0s 9h30<\/strong> &#8211;\u00a0<em>Abertura do evento<\/em><\/p>\n<p>Jos\u00e9 Eduardo Frasc\u00e1 Poyares Jardim &#8211; Presidente do Instituto de Engenharia<\/p>\n<p>Vinicius Issa Lima Riverete &#8211; Presidente da empresa municipal de desenvolvimento de Campinas (EMDEC), e vice-presidente do F\u00f3rum Paulista de Secret\u00e1rios e Dirigentes P\u00fablicos de Mobilidade Urbana<\/p>\n<p>Luiz Carlos Mantovani N\u00e9spoli &#8211; Superintendente da ANTP (Associa\u00e7\u00e3o Nacional de Transportes P\u00fablicos), representando Ailton Brasiliense Pires, presidente<\/p>\n<p>Dr. Jos\u00e9 Everardo da Costa Montal &#8211; Fundador e membro da Diretora da ABRAMET\u00a0 (Associa\u00e7\u00e3o Brasileira de Medicina de Tr\u00e1fego)<\/p>\n<p>Sergio Martins de Oliveira &#8211; Diretor-executivo da Abraciclo (Associa\u00e7\u00e3o Brasileira dos Fabricantes de Motocicletas, Ciclomotores, Motonetas, Bicicletas e Similares), representando Marcos Antonio Bento de Sousa, presidente<\/p>\n<p><strong>9h30 \u00e0s 10h40<\/strong> &#8211;\u00a0<em>Painel 1: A complexidade do cen\u00e1rio existente: n\u00fameros que chocam<\/em><\/p>\n<p><em>Moderador:\u00a0<\/em>Vinicius Issa Lima Riverete &#8211; Presidente da empresa municipal de Desenvolvimento de Campinas (EMDEC), e vice-presidente do F\u00f3rum Paulista de Secret\u00e1rios e Dirigentes P\u00fablicos de Mobilidade Urbana<\/p>\n<p><em>Tema: Acidentes de\/com motos &#8211; A patologia da modernidade<\/em><\/p>\n<p><em>Palestrante:<\/em> Dr. Jos\u00e9 Everardo da Costa Montal &#8211; Fundador, e membro, da Diretoria da ABRAMET<\/p>\n<p><em>Tema:<\/em> <em>Consequ\u00eancias na sa\u00fade, no trabalho e na vida<\/em><\/p>\n<p><em>Palestrante:<\/em> Dra J\u00falia Maria D\u2019Andr\u00e9a Greve &#8211; Fisiatra no Hospital das Cl\u00ednicas (FMUSP)<\/p>\n<p><em>Comentaristas:<\/em> Everaldo Valenga &#8211; Coordenador do Observat\u00f3rio de Seguran\u00e7a no Tr\u00e2nsito do DETRAN-SP<\/p>\n<p><strong>10h40 \u00e0s 11h<\/strong> &#8211;\u00a0<em>Coffee Break<\/em><\/p>\n<p><strong>11h \u00e0s 12h<\/strong> &#8211;\u00a0<em>Painel 2: Fator humano &#8211; O comportamento no tr\u00e2nsito<\/em><\/p>\n<p><em>Por que eu ando de moto? O comportamento dos motociclistas e as causas de acidentes<\/em><\/p>\n<p><em>Moderador:<\/em> Flaminio Fichman &#8211; Membro do Departamento de Desenvolvimento Urbano e Regional do Instituto de Engenharia<\/p>\n<p><em>Palestrante:<\/em> Renato Campestrini &#8211; Assessor de Pol\u00edticas Governamentais da Secretaria de Mobilidade Urbana da Prefeitura de Jundia\u00ed e Consultor Jur\u00eddico do F\u00f3rum Paulista de Secret\u00e1rios de Transportes e Tr\u00e2nsito<\/p>\n<p><em>Comentaristas:<\/em> Gilberto Almeida dos Santos &#8211; Presidente SindimotoSP\u00a0 (Sindicato dos Mensageiros Motociclistas, Ciclistas e Mototaxista Intermunicipal do Estado de S\u00e3o Paulo)<\/p>\n<p>Edgar Francisco da Silva &#8211; Presidente da AMABR (Associa\u00e7\u00e3o dos Motofretistas de Aplicativos e Aut\u00f4nomos do Brasil)<\/p>\n<p>Luiz Carlos Mantovani N\u00e9spoli &#8211; Superintendente da ANTP (Associa\u00e7\u00e3o Nacional de Transportes P\u00fablicos)<\/p>\n<p><strong>12h \u00e0s 13h30<\/strong> &#8211;\u00a0<em>Almo\u00e7o<\/em><\/p>\n<p><strong>13h30 \u00e0s 14h30<\/strong> &#8211;\u00a0<em>Painel 3: Fator humano &#8211; Forma\u00e7\u00e3o do condutor e exame de habilita\u00e7\u00e3o<\/em><\/p>\n<p><em>Os CFC\u2019s, a forma\u00e7\u00e3o dos condutores de motocicletas, os exames de habilita\u00e7\u00e3o e os resultados no tr\u00e2nsito<\/em><\/p>\n<p><em>Moderadora: <\/em>Maria da Penha Pereira Nobre &#8211; Diretora do Departamento de Desenvolvimento Urbano e Regional do Instituto de Engenharia<\/p>\n<p><em>Palestrante:<\/em> Wilson Yasuda &#8211; Consultor de Seguran\u00e7a Vi\u00e1ria da Abraciclo<\/p>\n<p><em>Comentaristas:\u00a0<\/em>Osias Baptista Neto (on-line) &#8211; Ex-presidente da BHTRANS (Empresa de Transportes e Tr\u00e2nsito de Belo Horizonte)<\/p>\n<p>Rosa Em\u00edlia Rossi &#8211; Propriet\u00e1ria da R e Rossi Recrutamento e Sele\u00e7\u00e3o<\/p>\n<p>Magnelson Carlos de Souza &#8211; Presidente do Conselho Consultivo do Sindautoescola (Sindicato das Auto Moto Escolas e Centros de Forma\u00e7\u00e3o de Condutores no Estado de S\u00e3o Paulo)<\/p>\n<p><strong>14h30 \u00e0s 15h40<\/strong> &#8211;\u00a0<em>Painel 4: Fator ve\u00edcular<\/em><\/p>\n<p><em>Podemos categorizar por cilindradas ou por tempo de habilita\u00e7\u00e3o as categorias de ve\u00edculos tipo motocicletas?<\/em><\/p>\n<p><em>Moderador:<\/em> Paulo Guimar\u00e3es &#8211; CEO do Observat\u00f3rio Nacional de Seguran\u00e7a Vi\u00e1ria<\/p>\n<p><em>Palestrante<\/em><em>:<\/em> Marcos Rodrigues Oriqui &#8211; Fundador da MAP2 &#8211; Telemetria Propositiva<\/p>\n<p><em>Comentaristas:<\/em> Luiz Fernando Portella &#8211; Conselheiro Deliberativo e Consultivo do Instituto de Engenharia e CCO da Calypso Networks Association (Am\u00e9rica Latina)<\/p>\n<p>Osias Baptista Neto (on-line) &#8211; Ex-presidente da BHTRANS (Empresa de transportes e Tr\u00e2nsito de Belo Horizonte)<\/p>\n<p>Wilson Yasuda &#8211; Consultor de Seguran\u00e7a Vi\u00e1ria da Abraciclo<\/p>\n<p><strong>15h40 \u00e0s 16h40<\/strong> &#8211; Painel 5: Fator ve\u00edcular<\/p>\n<p><em>Basta ter tecnologia avan\u00e7ada ou \u00e9 necess\u00e1rio investir mais no treinamento e capacita\u00e7\u00e3o dos motociclistas?<\/em><\/p>\n<p><em>Moderador:<\/em> Paulo Guimar\u00e3es &#8211; CEO do Observat\u00f3rio Nacional de Seguran\u00e7a Vi\u00e1ria<\/p>\n<p><em>Palestrante:<\/em> Sebasti\u00e3o Souza &#8211; Consultor S\u00eanior da SIM Treinamentos<\/p>\n<p>Sergio Martins de Oliveira &#8211; Diretor executivo da ABRACICLO<\/p>\n<p><em>Comentaristas:<\/em> Ricardo Pazzini Rocha Campos &#8211; Instrutor de Dire\u00e7\u00e3o Policial Preventiva da Pol\u00edcia Militar do Estado de S\u00e3o Paulo<\/p>\n<p><strong>16h40 \u00e0s 17h40<\/strong> &#8211;\u00a0<em>Painel 6: Fator humano<\/em><\/p>\n<p><em>A vis\u00e3o sobre os usu\u00e1rios de motos<\/em><\/p>\n<p><em>Moderadora:<\/em> Maria da Penha Pereira Nobre &#8211; Diretora do Departamento de Desenvolvimento Urbano e Regional do Instituto de Engenharia<\/p>\n<p><em>Mesa redonda:<\/em> Luiz Henrique Romagnoli &#8211; Jornalista e Radialista, Podcast do Transporte<\/p>\n<p>Jos\u00e9 Manoel de Oliveira Reis &#8211; Coordenador da Divis\u00e3o T\u00e9cnica de Rodovias do Instituto de Engenharia<\/p>\n<p>Carlos Augusto Elias (on-line) &#8211; Jornalista e especialista em Mobilidade, Manual do Tr\u00e2nsito<\/p>\n<p>Marco Aurelio Lima &#8211; Funcion\u00e1rio p\u00fablico aposentado da Secret\u00e1ria de Seguran\u00e7a da Prefeitura de S\u00e3o Sebasti\u00e3o<\/p>\n<p>Ricardo Tch\u00ea Correa da Silva &#8211; Diretor de Novos Neg\u00f3cios da Polo Transforma\u00e7\u00e3o Cultural<\/p>\n<p>Dr. Alberto Francisco Sabag &#8211; Diretor da ABCB (Associa\u00e7\u00e3o do Bem Comum do Brasil)<\/p>\n<p><strong>17h40 \u00e0s 18h<\/strong> &#8211; Caf\u00e9 de Networking<\/p>\n<p style=\"text-align: center;\"><strong>DIA 24\/7\/2025 &#8211; das 9h \u00e0s 18h15 &#8211; Simp\u00f3sio<\/strong><\/p>\n<p><strong>9h \u00e0s 10h40<\/strong> &#8211;\u00a0<em>Painel 7: Fator prote\u00e7\u00e3o pessoal<\/em><\/p>\n<p><em>Equipamentos e vestimentas para seguran\u00e7a dos motociclistas<\/em><\/p>\n<p><em>Palestrante:<\/em> Renato Campestrini &#8211; Assessor de Pol\u00edticas Governamentais da Secretaria de Mobilidade Urbana da Prefeitura Municipal de Jundia\u00ed, e consultor Jur\u00eddico do F\u00f3rum Paulista de Secret\u00e1rios de Transportes e Tr\u00e2nsito<\/p>\n<p>Fabia Helena Allegrini Pereira &#8211; Assessora da Presid\u00eancia Anfamoto (Associa\u00e7\u00e3o Nacional dos Fabricantes e Atacadistas de Motope\u00e7as), e superintendente AMM (Associa\u00e7\u00e3o Marly Menezes para Reabilita\u00e7\u00e3o e Reinser\u00e7\u00e3o Social de V\u00edtimas de Acidentes de Tr\u00e2nsito)<\/p>\n<p><em>Comentarista: <\/em>Sebasti\u00e3o Souza &#8211; Consultor S\u00eanior da SIM Treinamentos<\/p>\n<p><strong>10h40 \u00e0s 11h<\/strong> &#8211;\u00a0<em>Coffee Break<\/em><\/p>\n<p><strong>11h \u00e0s 12h<\/strong> &#8211;\u00a0<em>Painel 8: Fator via e condi\u00e7\u00f5es ambientais<\/em><\/p>\n<p><em>A Engenharia de tr\u00e1fego\/tr\u00e2nsito e a seguran\u00e7a dos motociclistas<\/em><\/p>\n<p><em>Moderador:<\/em> Vanderlei Coffani &#8211; Coordenador da Divis\u00e3o T\u00e9cnica de Tr\u00e2nsito do Instituto de Engenharia<\/p>\n<p><em>Palestrante:<\/em> Bruno Benites &#8211; Gerente-t\u00e9cnico Comercial da Armco Staco S.A. &#8211; ABNT<\/p>\n<p>H\u00e9lio Antonio Moreira &#8211; S\u00f3cio-diretor da Indutil Ind\u00fastria de Tintas Ltda.<\/p>\n<p>Luiz Fernando Romano Devico (on-line) &#8211; Diretor da Empresa Sttrada Seguran\u00e7a Vi\u00e1ria<\/p>\n<p><strong>12h \u00e0s 13h30<\/strong> &#8211;\u00a0<em>Almo\u00e7o<\/em><\/p>\n<p><strong>13h30 \u00e0s 14h30<\/strong> &#8211;\u00a0<em>Painel 9: Transporte alternativo de passageiros<\/em><\/p>\n<p><em>Motot\u00e1xi e moto aplicativos: quest\u00f5es sobre seguran\u00e7a e conforto dos usu\u00e1rios<\/em><\/p>\n<p><em>Moderador:<\/em> Jose Carlos Sacramone &#8211; Gestor de Mobilidade e Transporte da Prefeitura de Jundia\u00ed<\/p>\n<p><em>Palestrante:<\/em> Francisco Christovam &#8211; Diretor-executivo da Associa\u00e7\u00e3o Nacional das Empresas de Transportes Urbanos (NTU)<\/p>\n<p><em>Comentaristas:<\/em> Gilberto Almeida dos Santos &#8211; Presidente SindimotoSP (Sindicato dos Mensageiros Motociclistas, Ciclistas e Mototaxista Intermunicipal do Estado de S\u00e3o Paulo)<\/p>\n<p>Claudio de Senna Frederico &#8211; Membro do Conselho Diretor da ANTP (Associa\u00e7\u00e3o Nacional de Transportes P\u00fablicos)<\/p>\n<p><strong>14h30 \u00e0s 15h30<\/strong> &#8211;\u00a0<em>Painel 10: Esfor\u00e7o legal &#8211; fiscaliza\u00e7\u00e3o e o c\u00f3digo de tr\u00e2nsito brasileiro (CTB)<\/em><\/p>\n<p><em>Fiscaliza\u00e7\u00e3o das motos e dos condutores: desafios e propostas<\/em><\/p>\n<p><em>Moderador:<\/em> Frederico Pierotti Arantes &#8211; Presidente do Conselho Estadual de Tr\u00e2nsito\u00a0 (CETRAN-SP)<\/p>\n<p><em>Palestrante: <\/em>Cap. PM Andr\u00e9 Vaz de Lima &#8211; CPTran (Comando de Policiamento de Tr\u00e2nsito)<\/p>\n<p><em>Comentaristas:<\/em> Milton Roberto Persoli &#8211; Presidente da Companhia de Engenharia de Tr\u00e1fego do Munic\u00edpio de S\u00e3o Paulo (CET)<\/p>\n<p style=\"text-align: left;\">Silvio M\u00e9dici &#8211; Presidente-executivo da ABEETRANS (Associa\u00e7\u00e3o Brasileira das Empresas de Engenharia de Tr\u00e2nsito)<\/p>\n<p style=\"text-align: left;\">Sergio Martins de Oliveira &#8211; Diretor-executivo ABRACICLO<\/p>\n<p><strong>15h30 \u00e0s 17h<\/strong> &#8211;\u00a0<em>Painel 11: Diferentes vis\u00f5es sobre o uso de motos: coment\u00e1rios e propostas<\/em><\/p>\n<p><em>Moderador: <\/em>Alexandre Pelegi &#8211; Jornalista e diretor do Di\u00e1rio do Transporte<\/p>\n<p><em>Mesa redonda: <\/em>Gilberto Almeida dos Santos &#8211; Presidente SindimotoSP (Sindicato dos Mensageiros Motociclistas, Ciclistas e Mototaxista Intermunicipal do Estado de S\u00e3o Paulo)<\/p>\n<p>Edgar Francisco da Silva &#8211; Presidente da AMABR (Associa\u00e7\u00e3o dos Motofretistas de Aplicativos e Aut\u00f4nomos do Brasil)<\/p>\n<p>Deise Barp &#8211; Coordenadora de Projetos do Instituto Corrida Amiga (Bicicletas e Pedestres)<\/p>\n<p>Geraldo Jos\u00e9 Calmon de Moura &#8211; S\u00f3cio-propriet\u00e1rio da Planmur (Planejamento Mobilidade e Urbanismo), e diretor do Ruaviva (Instituto da Mobilidade Sustent\u00e1vel)<\/p>\n<p>Cap. PM Andr\u00e9 Vaz de Lima &#8211; CPTran (Comando de Policiamento de Tr\u00e2nsito)<\/p>\n<p><strong>17h \u00e0s 17h45<\/strong> &#8211;\u00a0<em>Conclus\u00f5es do evento<\/em><\/p>\n<p><em>Conclus\u00f5es finais e propostas de encaminhamento<\/em><\/p>\n<p><em>Moderador:<\/em> Maria da Penha Pereira Nobre &#8211; Diretora do Departamento de Desenvolvimento Urbano e Regional do Instituto de Engenharia<\/p>\n<p><em>Participantes:<\/em> <em>APRESENTA\u00c7\u00c3O DE S\u00cdNTESES DAS DISCUSS\u00d5ES PELOS MODERADORES<\/em><\/p>\n<p><strong>17h45 \u00e0s 18h15<\/strong> &#8211; Caf\u00e9 de Networking<\/p>\n<p><strong>Realiza\u00e7\u00e3o:<\/strong><\/p>\n<p><img loading=\"lazy\" decoding=\"async\" class=\"wp-image-81229 alignnone alignleft\" src=\"https:\/\/www.institutodeengenharia.org.br\/site\/wp-content\/uploads\/2021\/05\/ie-logo-escudo-810x1024.jpeg\" alt=\"\" width=\"114\" height=\"144\" srcset=\"https:\/\/www.institutodeengenharia.org.br\/site\/wp-content\/uploads\/2021\/05\/ie-logo-escudo-810x1024.jpeg 810w, https:\/\/www.institutodeengenharia.org.br\/site\/wp-content\/uploads\/2021\/05\/ie-logo-escudo-237x300.jpeg 237w, https:\/\/www.institutodeengenharia.org.br\/site\/wp-content\/uploads\/2021\/05\/ie-logo-escudo-768x971.jpeg 768w, https:\/\/www.institutodeengenharia.org.br\/site\/wp-content\/uploads\/2021\/05\/ie-logo-escudo-696x880.jpeg 696w, https:\/\/www.institutodeengenharia.org.br\/site\/wp-content\/uploads\/2021\/05\/ie-logo-escudo-332x420.jpeg 332w, https:\/\/www.institutodeengenharia.org.br\/site\/wp-content\/uploads\/2021\/05\/ie-logo-escudo-600x759.jpeg 600w, https:\/\/www.institutodeengenharia.org.br\/site\/wp-content\/uploads\/2021\/05\/ie-logo-escudo.jpeg 1012w\" sizes=\"auto, (max-width: 114px) 100vw, 114px\" \/><\/p>\n<p style=\"text-align: left;\"><strong>Jer\u00f4nimo Cabral P. Fagundes Neto<\/strong> \u2013 Vice-presidente de Atividades T\u00e9cnicas<\/p>\n<p style=\"text-align: left;\"><strong>Maria da Penha Pereira Nobre<\/strong> \u2013 Diretora do Departamento de Desenvolvimento Urbano e Regional<\/p>\n<p style=\"text-align: left;\"><strong>Ivan M. Whately<\/strong> &#8211; Coordenador da Divis\u00e3o T\u00e9cnica de Mobilidade e Log\u00edstica Urbana<\/p>\n<p style=\"text-align: left;\"><strong>Vanderlei Coffani<\/strong> &#8211; Coordenador da Divis\u00e3o T\u00e9cnica de Tr\u00e2nsito<\/p>\n<p style=\"text-align: center;\"><strong>Patroc\u00ednio Bronze:<\/strong><\/p>\n<p><img loading=\"lazy\" decoding=\"async\" class=\" wp-image-130636 aligncenter\" src=\"https:\/\/www.institutodeengenharia.org.br\/site\/wp-content\/uploads\/2025\/06\/Abraciclo-1024x569.jpg\" alt=\"\" width=\"169\" height=\"94\" srcset=\"https:\/\/www.institutodeengenharia.org.br\/site\/wp-content\/uploads\/2025\/06\/Abraciclo-1024x569.jpg 1024w, https:\/\/www.institutodeengenharia.org.br\/site\/wp-content\/uploads\/2025\/06\/Abraciclo-300x167.jpg 300w, https:\/\/www.institutodeengenharia.org.br\/site\/wp-content\/uploads\/2025\/06\/Abraciclo-768x427.jpg 768w, https:\/\/www.institutodeengenharia.org.br\/site\/wp-content\/uploads\/2025\/06\/Abraciclo-1536x854.jpg 1536w, https:\/\/www.institutodeengenharia.org.br\/site\/wp-content\/uploads\/2025\/06\/Abraciclo-2048x1139.jpg 2048w, https:\/\/www.institutodeengenharia.org.br\/site\/wp-content\/uploads\/2025\/06\/Abraciclo-755x420.jpg 755w, https:\/\/www.institutodeengenharia.org.br\/site\/wp-content\/uploads\/2025\/06\/Abraciclo-696x385.jpg 696w, https:\/\/www.institutodeengenharia.org.br\/site\/wp-content\/uploads\/2025\/06\/Abraciclo-1068x594.jpg 1068w, https:\/\/www.institutodeengenharia.org.br\/site\/wp-content\/uploads\/2025\/06\/Abraciclo-1920x1068.jpg 1920w, https:\/\/www.institutodeengenharia.org.br\/site\/wp-content\/uploads\/2025\/06\/Abraciclo-600x334.jpg 600w\" sizes=\"auto, (max-width: 169px) 100vw, 169px\" \/><\/p>\n<p><img loading=\"lazy\" decoding=\"async\" class=\"wp-image-130694 aligncenter\" src=\"https:\/\/www.institutodeengenharia.org.br\/site\/wp-content\/uploads\/2025\/06\/logos-patrocinio-simposio-de-carga-9-1024x623.jpg\" alt=\"\" width=\"188\" height=\"114\" srcset=\"https:\/\/www.institutodeengenharia.org.br\/site\/wp-content\/uploads\/2025\/06\/logos-patrocinio-simposio-de-carga-9-1024x623.jpg 1024w, https:\/\/www.institutodeengenharia.org.br\/site\/wp-content\/uploads\/2025\/06\/logos-patrocinio-simposio-de-carga-9-300x182.jpg 300w, https:\/\/www.institutodeengenharia.org.br\/site\/wp-content\/uploads\/2025\/06\/logos-patrocinio-simposio-de-carga-9-768x467.jpg 768w, https:\/\/www.institutodeengenharia.org.br\/site\/wp-content\/uploads\/2025\/06\/logos-patrocinio-simposio-de-carga-9-1536x934.jpg 1536w, https:\/\/www.institutodeengenharia.org.br\/site\/wp-content\/uploads\/2025\/06\/logos-patrocinio-simposio-de-carga-9-2048x1246.jpg 2048w, https:\/\/www.institutodeengenharia.org.br\/site\/wp-content\/uploads\/2025\/06\/logos-patrocinio-simposio-de-carga-9-690x420.jpg 690w, https:\/\/www.institutodeengenharia.org.br\/site\/wp-content\/uploads\/2025\/06\/logos-patrocinio-simposio-de-carga-9-696x423.jpg 696w, https:\/\/www.institutodeengenharia.org.br\/site\/wp-content\/uploads\/2025\/06\/logos-patrocinio-simposio-de-carga-9-1068x650.jpg 1068w, https:\/\/www.institutodeengenharia.org.br\/site\/wp-content\/uploads\/2025\/06\/logos-patrocinio-simposio-de-carga-9-1920x1168.jpg 1920w, https:\/\/www.institutodeengenharia.org.br\/site\/wp-content\/uploads\/2025\/06\/logos-patrocinio-simposio-de-carga-9-600x365.jpg 600w\" sizes=\"auto, (max-width: 188px) 100vw, 188px\" \/><\/p>\n<p><img loading=\"lazy\" decoding=\"async\" class=\" wp-image-130422 aligncenter\" src=\"https:\/\/www.institutodeengenharia.org.br\/site\/wp-content\/uploads\/2025\/06\/industil-1024x417.png\" alt=\"\" width=\"197\" height=\"80\" srcset=\"https:\/\/www.institutodeengenharia.org.br\/site\/wp-content\/uploads\/2025\/06\/industil-1024x417.png 1024w, https:\/\/www.institutodeengenharia.org.br\/site\/wp-content\/uploads\/2025\/06\/industil-300x122.png 300w, https:\/\/www.institutodeengenharia.org.br\/site\/wp-content\/uploads\/2025\/06\/industil-768x312.png 768w, https:\/\/www.institutodeengenharia.org.br\/site\/wp-content\/uploads\/2025\/06\/industil-1033x420.png 1033w, https:\/\/www.institutodeengenharia.org.br\/site\/wp-content\/uploads\/2025\/06\/industil-696x283.png 696w, https:\/\/www.institutodeengenharia.org.br\/site\/wp-content\/uploads\/2025\/06\/industil-1068x434.png 1068w, https:\/\/www.institutodeengenharia.org.br\/site\/wp-content\/uploads\/2025\/06\/industil-600x244.png 600w, https:\/\/www.institutodeengenharia.org.br\/site\/wp-content\/uploads\/2025\/06\/industil.png 1276w\" sizes=\"auto, (max-width: 197px) 100vw, 197px\" \/><\/p>\n<p>&nbsp;<\/p>\n<p style=\"text-align: center;\"><strong>Apoio Institucional:<\/strong><\/p>\n<p><img loading=\"lazy\" decoding=\"async\" class=\"wp-image-77696 aligncenter\" src=\"https:\/\/www.institutodeengenharia.org.br\/site\/wp-content\/uploads\/2021\/02\/crea.jpg\" alt=\"\" width=\"130\" height=\"92\" srcset=\"https:\/\/www.institutodeengenharia.org.br\/site\/wp-content\/uploads\/2021\/02\/crea.jpg 448w, https:\/\/www.institutodeengenharia.org.br\/site\/wp-content\/uploads\/2021\/02\/crea-300x211.jpg 300w, https:\/\/www.institutodeengenharia.org.br\/site\/wp-content\/uploads\/2021\/02\/crea-100x70.jpg 100w\" sizes=\"auto, (max-width: 130px) 100vw, 130px\" \/><\/p>\n<p><strong>Apoio \u00e0 forma\u00e7\u00e3o:\u00a0<\/strong><\/p>\n<p>Espa\u00e7o aberto ao CREA-SP, objetivando o aperfei\u00e7oamento dos profissionais e o aprimoramento da fiscaliza\u00e7\u00e3o das \u00e1reas abrangidas pelo Sistema Confea\/CREAs, al\u00e9m de promover a conscientiza\u00e7\u00e3o da sociedade quanto \u00e0 necessidade e obrigatoriedade de contratar um profissional devidamente habilitado.<\/p>\n<p>&nbsp;<\/p>\n","protected":false},"excerpt":{"rendered":"<p>Assista abaixo \u00e0 grava\u00e7\u00e3o do evento:\u00a0 &nbsp; + Informa\u00e7\u00f5es:\u00a0\u00a0 A motocicleta, cada vez mais presente no cen\u00e1rio urbano, tornou-se uma pe\u00e7a central no debate sobre mobilidade, seguran\u00e7a e comportamento no tr\u00e2nsito. Pensando nisso, o Instituto de Engenharia promove o evento \u201cMobilidade sobre Duas Rodas: Desafios, Comportamentos e Solu\u00e7\u00f5es\u201d. Um espa\u00e7o dedicado \u00e0 an\u00e1lise profunda das [&hellip;]<\/p>\n","protected":false},"author":13,"featured_media":129793,"comment_status":"open","ping_status":"open","sticky":false,"template":"","format":"video","meta":{"footnotes":""},"categories":[968,969],"tags":[1176],"class_list":{"0":"post-131607","1":"post","2":"type-post","3":"status-publish","4":"format-video","5":"has-post-thumbnail","7":"category-nova-tv-engenharia","8":"category-palestra","9":"tag-video-home","10":"post_format-post-format-video"},"yoast_head":"<!-- This site is optimized with the Yoast SEO plugin v27.2 - https:\/\/yoast.com\/product\/yoast-seo-wordpress\/ -->\n<title>Mobilidade sobre duas rodas: desafios, comportamentos e solu\u00e7\u00f5es - Instituto de Engenharia<\/title>\n<meta name=\"robots\" content=\"index, follow, max-snippet:-1, max-image-preview:large, max-video-preview:-1\" \/>\n<link rel=\"canonical\" href=\"https:\/\/www.institutodeengenharia.org.br\/site\/2025\/07\/24\/mobilidade-sobre-duas-rodas-desafios-comportamentos-e-solucoes\/\" \/>\n<meta property=\"og:locale\" content=\"pt_BR\" \/>\n<meta property=\"og:type\" content=\"article\" \/>\n<meta property=\"og:title\" content=\"Mobilidade sobre duas rodas: desafios, comportamentos e solu\u00e7\u00f5es - Instituto de Engenharia\" \/>\n<meta property=\"og:description\" content=\"Assista abaixo \u00e0 grava\u00e7\u00e3o do evento:\u00a0 &nbsp; + Informa\u00e7\u00f5es:\u00a0\u00a0 A motocicleta, cada vez mais presente no cen\u00e1rio urbano, tornou-se uma pe\u00e7a central no debate sobre mobilidade, seguran\u00e7a e comportamento no tr\u00e2nsito. Pensando nisso, o Instituto de Engenharia promove o evento \u201cMobilidade sobre Duas Rodas: Desafios, Comportamentos e Solu\u00e7\u00f5es\u201d. Um espa\u00e7o dedicado \u00e0 an\u00e1lise profunda das [&hellip;]\" \/>\n<meta property=\"og:url\" content=\"https:\/\/www.institutodeengenharia.org.br\/site\/2025\/07\/24\/mobilidade-sobre-duas-rodas-desafios-comportamentos-e-solucoes\/\" \/>\n<meta property=\"og:site_name\" content=\"Instituto de Engenharia\" \/>\n<meta property=\"article:publisher\" content=\"https:\/\/www.facebook.com\/institutodeengenharia\" \/>\n<meta property=\"article:published_time\" content=\"2025-07-24T19:37:11+00:00\" \/>\n<meta property=\"article:modified_time\" content=\"2025-08-22T19:40:52+00:00\" \/>\n<meta property=\"og:image\" content=\"https:\/\/www.institutodeengenharia.org.br\/site\/wp-content\/uploads\/2025\/06\/eventomobilidade.png\" \/>\n\t<meta property=\"og:image:width\" content=\"314\" \/>\n\t<meta property=\"og:image:height\" content=\"315\" \/>\n\t<meta property=\"og:image:type\" content=\"image\/png\" \/>\n<meta name=\"author\" content=\"Bianca\" \/>\n<meta name=\"twitter:card\" content=\"summary_large_image\" \/>\n<meta name=\"twitter:creator\" content=\"@iengenharia\" \/>\n<meta name=\"twitter:site\" content=\"@iengenharia\" \/>\n<meta name=\"twitter:label1\" content=\"Escrito por\" \/>\n\t<meta name=\"twitter:data1\" content=\"Bianca\" \/>\n\t<meta name=\"twitter:label2\" content=\"Est. tempo de leitura\" \/>\n\t<meta name=\"twitter:data2\" content=\"9 minutos\" \/>\n<script type=\"application\/ld+json\" class=\"yoast-schema-graph\">{\"@context\":\"https:\/\/schema.org\",\"@graph\":[{\"@type\":\"Article\",\"@id\":\"https:\/\/www.institutodeengenharia.org.br\/site\/2025\/07\/24\/mobilidade-sobre-duas-rodas-desafios-comportamentos-e-solucoes\/#article\",\"isPartOf\":{\"@id\":\"https:\/\/www.institutodeengenharia.org.br\/site\/2025\/07\/24\/mobilidade-sobre-duas-rodas-desafios-comportamentos-e-solucoes\/\"},\"author\":{\"name\":\"Bianca\",\"@id\":\"https:\/\/www.institutodeengenharia.org.br\/site\/#\/schema\/person\/aeb64951c405e100d26d30b033dd423f\"},\"headline\":\"Mobilidade sobre duas rodas: desafios, comportamentos e solu\u00e7\u00f5es\",\"datePublished\":\"2025-07-24T19:37:11+00:00\",\"dateModified\":\"2025-08-22T19:40:52+00:00\",\"mainEntityOfPage\":{\"@id\":\"https:\/\/www.institutodeengenharia.org.br\/site\/2025\/07\/24\/mobilidade-sobre-duas-rodas-desafios-comportamentos-e-solucoes\/\"},\"wordCount\":1700,\"commentCount\":0,\"publisher\":{\"@id\":\"https:\/\/www.institutodeengenharia.org.br\/site\/#organization\"},\"image\":{\"@id\":\"https:\/\/www.institutodeengenharia.org.br\/site\/2025\/07\/24\/mobilidade-sobre-duas-rodas-desafios-comportamentos-e-solucoes\/#primaryimage\"},\"thumbnailUrl\":\"https:\/\/www.institutodeengenharia.org.br\/site\/wp-content\/uploads\/2025\/06\/eventomobilidade.png\",\"keywords\":[\"video-home\"],\"articleSection\":[\"Nova TV Engenharia\",\"Palestra\"],\"inLanguage\":\"pt-BR\",\"potentialAction\":[{\"@type\":\"CommentAction\",\"name\":\"Comment\",\"target\":[\"https:\/\/www.institutodeengenharia.org.br\/site\/2025\/07\/24\/mobilidade-sobre-duas-rodas-desafios-comportamentos-e-solucoes\/#respond\"]}]},{\"@type\":\"WebPage\",\"@id\":\"https:\/\/www.institutodeengenharia.org.br\/site\/2025\/07\/24\/mobilidade-sobre-duas-rodas-desafios-comportamentos-e-solucoes\/\",\"url\":\"https:\/\/www.institutodeengenharia.org.br\/site\/2025\/07\/24\/mobilidade-sobre-duas-rodas-desafios-comportamentos-e-solucoes\/\",\"name\":\"Mobilidade sobre duas rodas: desafios, comportamentos e solu\u00e7\u00f5es - Instituto de Engenharia\",\"isPartOf\":{\"@id\":\"https:\/\/www.institutodeengenharia.org.br\/site\/#website\"},\"primaryImageOfPage\":{\"@id\":\"https:\/\/www.institutodeengenharia.org.br\/site\/2025\/07\/24\/mobilidade-sobre-duas-rodas-desafios-comportamentos-e-solucoes\/#primaryimage\"},\"image\":{\"@id\":\"https:\/\/www.institutodeengenharia.org.br\/site\/2025\/07\/24\/mobilidade-sobre-duas-rodas-desafios-comportamentos-e-solucoes\/#primaryimage\"},\"thumbnailUrl\":\"https:\/\/www.institutodeengenharia.org.br\/site\/wp-content\/uploads\/2025\/06\/eventomobilidade.png\",\"datePublished\":\"2025-07-24T19:37:11+00:00\",\"dateModified\":\"2025-08-22T19:40:52+00:00\",\"breadcrumb\":{\"@id\":\"https:\/\/www.institutodeengenharia.org.br\/site\/2025\/07\/24\/mobilidade-sobre-duas-rodas-desafios-comportamentos-e-solucoes\/#breadcrumb\"},\"inLanguage\":\"pt-BR\",\"potentialAction\":[{\"@type\":\"ReadAction\",\"target\":[\"https:\/\/www.institutodeengenharia.org.br\/site\/2025\/07\/24\/mobilidade-sobre-duas-rodas-desafios-comportamentos-e-solucoes\/\"]}]},{\"@type\":\"ImageObject\",\"inLanguage\":\"pt-BR\",\"@id\":\"https:\/\/www.institutodeengenharia.org.br\/site\/2025\/07\/24\/mobilidade-sobre-duas-rodas-desafios-comportamentos-e-solucoes\/#primaryimage\",\"url\":\"https:\/\/www.institutodeengenharia.org.br\/site\/wp-content\/uploads\/2025\/06\/eventomobilidade.png\",\"contentUrl\":\"https:\/\/www.institutodeengenharia.org.br\/site\/wp-content\/uploads\/2025\/06\/eventomobilidade.png\",\"width\":314,\"height\":315},{\"@type\":\"BreadcrumbList\",\"@id\":\"https:\/\/www.institutodeengenharia.org.br\/site\/2025\/07\/24\/mobilidade-sobre-duas-rodas-desafios-comportamentos-e-solucoes\/#breadcrumb\",\"itemListElement\":[{\"@type\":\"ListItem\",\"position\":1,\"name\":\"In\u00edcio\",\"item\":\"https:\/\/www.institutodeengenharia.org.br\/site\/\"},{\"@type\":\"ListItem\",\"position\":2,\"name\":\"Mobilidade sobre duas rodas: desafios, comportamentos e solu\u00e7\u00f5es\"}]},{\"@type\":\"WebSite\",\"@id\":\"https:\/\/www.institutodeengenharia.org.br\/site\/#website\",\"url\":\"https:\/\/www.institutodeengenharia.org.br\/site\/\",\"name\":\"Instituto de Engenharia\",\"description\":\"O Instituto de Engenharia promove a Engenharia em benef\u00edcio do desenvolvimento e da qualidade de vida da sociedade.\",\"publisher\":{\"@id\":\"https:\/\/www.institutodeengenharia.org.br\/site\/#organization\"},\"potentialAction\":[{\"@type\":\"SearchAction\",\"target\":{\"@type\":\"EntryPoint\",\"urlTemplate\":\"https:\/\/www.institutodeengenharia.org.br\/site\/?s={search_term_string}\"},\"query-input\":{\"@type\":\"PropertyValueSpecification\",\"valueRequired\":true,\"valueName\":\"search_term_string\"}}],\"inLanguage\":\"pt-BR\"},{\"@type\":\"Organization\",\"@id\":\"https:\/\/www.institutodeengenharia.org.br\/site\/#organization\",\"name\":\"Instituto de Engenharia\",\"url\":\"https:\/\/www.institutodeengenharia.org.br\/site\/\",\"logo\":{\"@type\":\"ImageObject\",\"inLanguage\":\"pt-BR\",\"@id\":\"https:\/\/www.institutodeengenharia.org.br\/site\/#\/schema\/logo\/image\/\",\"url\":\"https:\/\/www.institutodeengenharia.org.br\/site\/wp-content\/uploads\/2019\/03\/logo-novo-IE2018-1.jpg\",\"contentUrl\":\"https:\/\/www.institutodeengenharia.org.br\/site\/wp-content\/uploads\/2019\/03\/logo-novo-IE2018-1.jpg\",\"width\":1486,\"height\":1879,\"caption\":\"Instituto de Engenharia\"},\"image\":{\"@id\":\"https:\/\/www.institutodeengenharia.org.br\/site\/#\/schema\/logo\/image\/\"},\"sameAs\":[\"https:\/\/www.facebook.com\/institutodeengenharia\",\"https:\/\/x.com\/iengenharia\",\"https:\/\/www.instagram.com\/institutodeengenharia\/\",\"https:\/\/www.linkedin.com\/company\/instituto-de-engenharia\/\",\"https:\/\/www.youtube.com\/channel\/UCXiCAlsSMe977vamW915HxA\"]},{\"@type\":\"Person\",\"@id\":\"https:\/\/www.institutodeengenharia.org.br\/site\/#\/schema\/person\/aeb64951c405e100d26d30b033dd423f\",\"name\":\"Bianca\",\"image\":{\"@type\":\"ImageObject\",\"inLanguage\":\"pt-BR\",\"@id\":\"https:\/\/secure.gravatar.com\/avatar\/a6fbe9bff57405baf4c1e2c5c1811e072b558253974a9f9508f4678900c97c2a?s=96&d=mm&r=g\",\"url\":\"https:\/\/secure.gravatar.com\/avatar\/a6fbe9bff57405baf4c1e2c5c1811e072b558253974a9f9508f4678900c97c2a?s=96&d=mm&r=g\",\"contentUrl\":\"https:\/\/secure.gravatar.com\/avatar\/a6fbe9bff57405baf4c1e2c5c1811e072b558253974a9f9508f4678900c97c2a?s=96&d=mm&r=g\",\"caption\":\"Bianca\"},\"url\":\"https:\/\/www.institutodeengenharia.org.br\/site\/author\/comunicacao1\/\"}]}<\/script>\n<!-- \/ Yoast SEO plugin. -->","yoast_head_json":{"title":"Mobilidade sobre duas rodas: desafios, comportamentos e solu\u00e7\u00f5es - Instituto de Engenharia","robots":{"index":"index","follow":"follow","max-snippet":"max-snippet:-1","max-image-preview":"max-image-preview:large","max-video-preview":"max-video-preview:-1"},"canonical":"https:\/\/www.institutodeengenharia.org.br\/site\/2025\/07\/24\/mobilidade-sobre-duas-rodas-desafios-comportamentos-e-solucoes\/","og_locale":"pt_BR","og_type":"article","og_title":"Mobilidade sobre duas rodas: desafios, comportamentos e solu\u00e7\u00f5es - Instituto de Engenharia","og_description":"Assista abaixo \u00e0 grava\u00e7\u00e3o do evento:\u00a0 &nbsp; + Informa\u00e7\u00f5es:\u00a0\u00a0 A motocicleta, cada vez mais presente no cen\u00e1rio urbano, tornou-se uma pe\u00e7a central no debate sobre mobilidade, seguran\u00e7a e comportamento no tr\u00e2nsito. Pensando nisso, o Instituto de Engenharia promove o evento \u201cMobilidade sobre Duas Rodas: Desafios, Comportamentos e Solu\u00e7\u00f5es\u201d. Um espa\u00e7o dedicado \u00e0 an\u00e1lise profunda das [&hellip;]","og_url":"https:\/\/www.institutodeengenharia.org.br\/site\/2025\/07\/24\/mobilidade-sobre-duas-rodas-desafios-comportamentos-e-solucoes\/","og_site_name":"Instituto de Engenharia","article_publisher":"https:\/\/www.facebook.com\/institutodeengenharia","article_published_time":"2025-07-24T19:37:11+00:00","article_modified_time":"2025-08-22T19:40:52+00:00","og_image":[{"width":314,"height":315,"url":"https:\/\/www.institutodeengenharia.org.br\/site\/wp-content\/uploads\/2025\/06\/eventomobilidade.png","type":"image\/png"}],"author":"Bianca","twitter_card":"summary_large_image","twitter_creator":"@iengenharia","twitter_site":"@iengenharia","twitter_misc":{"Escrito por":"Bianca","Est. tempo de leitura":"9 minutos"},"schema":{"@context":"https:\/\/schema.org","@graph":[{"@type":"Article","@id":"https:\/\/www.institutodeengenharia.org.br\/site\/2025\/07\/24\/mobilidade-sobre-duas-rodas-desafios-comportamentos-e-solucoes\/#article","isPartOf":{"@id":"https:\/\/www.institutodeengenharia.org.br\/site\/2025\/07\/24\/mobilidade-sobre-duas-rodas-desafios-comportamentos-e-solucoes\/"},"author":{"name":"Bianca","@id":"https:\/\/www.institutodeengenharia.org.br\/site\/#\/schema\/person\/aeb64951c405e100d26d30b033dd423f"},"headline":"Mobilidade sobre duas rodas: desafios, comportamentos e solu\u00e7\u00f5es","datePublished":"2025-07-24T19:37:11+00:00","dateModified":"2025-08-22T19:40:52+00:00","mainEntityOfPage":{"@id":"https:\/\/www.institutodeengenharia.org.br\/site\/2025\/07\/24\/mobilidade-sobre-duas-rodas-desafios-comportamentos-e-solucoes\/"},"wordCount":1700,"commentCount":0,"publisher":{"@id":"https:\/\/www.institutodeengenharia.org.br\/site\/#organization"},"image":{"@id":"https:\/\/www.institutodeengenharia.org.br\/site\/2025\/07\/24\/mobilidade-sobre-duas-rodas-desafios-comportamentos-e-solucoes\/#primaryimage"},"thumbnailUrl":"https:\/\/www.institutodeengenharia.org.br\/site\/wp-content\/uploads\/2025\/06\/eventomobilidade.png","keywords":["video-home"],"articleSection":["Nova TV Engenharia","Palestra"],"inLanguage":"pt-BR","potentialAction":[{"@type":"CommentAction","name":"Comment","target":["https:\/\/www.institutodeengenharia.org.br\/site\/2025\/07\/24\/mobilidade-sobre-duas-rodas-desafios-comportamentos-e-solucoes\/#respond"]}]},{"@type":"WebPage","@id":"https:\/\/www.institutodeengenharia.org.br\/site\/2025\/07\/24\/mobilidade-sobre-duas-rodas-desafios-comportamentos-e-solucoes\/","url":"https:\/\/www.institutodeengenharia.org.br\/site\/2025\/07\/24\/mobilidade-sobre-duas-rodas-desafios-comportamentos-e-solucoes\/","name":"Mobilidade sobre duas rodas: desafios, comportamentos e solu\u00e7\u00f5es - Instituto de Engenharia","isPartOf":{"@id":"https:\/\/www.institutodeengenharia.org.br\/site\/#website"},"primaryImageOfPage":{"@id":"https:\/\/www.institutodeengenharia.org.br\/site\/2025\/07\/24\/mobilidade-sobre-duas-rodas-desafios-comportamentos-e-solucoes\/#primaryimage"},"image":{"@id":"https:\/\/www.institutodeengenharia.org.br\/site\/2025\/07\/24\/mobilidade-sobre-duas-rodas-desafios-comportamentos-e-solucoes\/#primaryimage"},"thumbnailUrl":"https:\/\/www.institutodeengenharia.org.br\/site\/wp-content\/uploads\/2025\/06\/eventomobilidade.png","datePublished":"2025-07-24T19:37:11+00:00","dateModified":"2025-08-22T19:40:52+00:00","breadcrumb":{"@id":"https:\/\/www.institutodeengenharia.org.br\/site\/2025\/07\/24\/mobilidade-sobre-duas-rodas-desafios-comportamentos-e-solucoes\/#breadcrumb"},"inLanguage":"pt-BR","potentialAction":[{"@type":"ReadAction","target":["https:\/\/www.institutodeengenharia.org.br\/site\/2025\/07\/24\/mobilidade-sobre-duas-rodas-desafios-comportamentos-e-solucoes\/"]}]},{"@type":"ImageObject","inLanguage":"pt-BR","@id":"https:\/\/www.institutodeengenharia.org.br\/site\/2025\/07\/24\/mobilidade-sobre-duas-rodas-desafios-comportamentos-e-solucoes\/#primaryimage","url":"https:\/\/www.institutodeengenharia.org.br\/site\/wp-content\/uploads\/2025\/06\/eventomobilidade.png","contentUrl":"https:\/\/www.institutodeengenharia.org.br\/site\/wp-content\/uploads\/2025\/06\/eventomobilidade.png","width":314,"height":315},{"@type":"BreadcrumbList","@id":"https:\/\/www.institutodeengenharia.org.br\/site\/2025\/07\/24\/mobilidade-sobre-duas-rodas-desafios-comportamentos-e-solucoes\/#breadcrumb","itemListElement":[{"@type":"ListItem","position":1,"name":"In\u00edcio","item":"https:\/\/www.institutodeengenharia.org.br\/site\/"},{"@type":"ListItem","position":2,"name":"Mobilidade sobre duas rodas: desafios, comportamentos e solu\u00e7\u00f5es"}]},{"@type":"WebSite","@id":"https:\/\/www.institutodeengenharia.org.br\/site\/#website","url":"https:\/\/www.institutodeengenharia.org.br\/site\/","name":"Instituto de Engenharia","description":"O Instituto de Engenharia promove a Engenharia em benef\u00edcio do desenvolvimento e da qualidade de vida da sociedade.","publisher":{"@id":"https:\/\/www.institutodeengenharia.org.br\/site\/#organization"},"potentialAction":[{"@type":"SearchAction","target":{"@type":"EntryPoint","urlTemplate":"https:\/\/www.institutodeengenharia.org.br\/site\/?s={search_term_string}"},"query-input":{"@type":"PropertyValueSpecification","valueRequired":true,"valueName":"search_term_string"}}],"inLanguage":"pt-BR"},{"@type":"Organization","@id":"https:\/\/www.institutodeengenharia.org.br\/site\/#organization","name":"Instituto de Engenharia","url":"https:\/\/www.institutodeengenharia.org.br\/site\/","logo":{"@type":"ImageObject","inLanguage":"pt-BR","@id":"https:\/\/www.institutodeengenharia.org.br\/site\/#\/schema\/logo\/image\/","url":"https:\/\/www.institutodeengenharia.org.br\/site\/wp-content\/uploads\/2019\/03\/logo-novo-IE2018-1.jpg","contentUrl":"https:\/\/www.institutodeengenharia.org.br\/site\/wp-content\/uploads\/2019\/03\/logo-novo-IE2018-1.jpg","width":1486,"height":1879,"caption":"Instituto de Engenharia"},"image":{"@id":"https:\/\/www.institutodeengenharia.org.br\/site\/#\/schema\/logo\/image\/"},"sameAs":["https:\/\/www.facebook.com\/institutodeengenharia","https:\/\/x.com\/iengenharia","https:\/\/www.instagram.com\/institutodeengenharia\/","https:\/\/www.linkedin.com\/company\/instituto-de-engenharia\/","https:\/\/www.youtube.com\/channel\/UCXiCAlsSMe977vamW915HxA"]},{"@type":"Person","@id":"https:\/\/www.institutodeengenharia.org.br\/site\/#\/schema\/person\/aeb64951c405e100d26d30b033dd423f","name":"Bianca","image":{"@type":"ImageObject","inLanguage":"pt-BR","@id":"https:\/\/secure.gravatar.com\/avatar\/a6fbe9bff57405baf4c1e2c5c1811e072b558253974a9f9508f4678900c97c2a?s=96&d=mm&r=g","url":"https:\/\/secure.gravatar.com\/avatar\/a6fbe9bff57405baf4c1e2c5c1811e072b558253974a9f9508f4678900c97c2a?s=96&d=mm&r=g","contentUrl":"https:\/\/secure.gravatar.com\/avatar\/a6fbe9bff57405baf4c1e2c5c1811e072b558253974a9f9508f4678900c97c2a?s=96&d=mm&r=g","caption":"Bianca"},"url":"https:\/\/www.institutodeengenharia.org.br\/site\/author\/comunicacao1\/"}]}},"_links":{"self":[{"href":"https:\/\/www.institutodeengenharia.org.br\/site\/wp-json\/wp\/v2\/posts\/131607","targetHints":{"allow":["GET"]}}],"collection":[{"href":"https:\/\/www.institutodeengenharia.org.br\/site\/wp-json\/wp\/v2\/posts"}],"about":[{"href":"https:\/\/www.institutodeengenharia.org.br\/site\/wp-json\/wp\/v2\/types\/post"}],"author":[{"embeddable":true,"href":"https:\/\/www.institutodeengenharia.org.br\/site\/wp-json\/wp\/v2\/users\/13"}],"replies":[{"embeddable":true,"href":"https:\/\/www.institutodeengenharia.org.br\/site\/wp-json\/wp\/v2\/comments?post=131607"}],"version-history":[{"count":1,"href":"https:\/\/www.institutodeengenharia.org.br\/site\/wp-json\/wp\/v2\/posts\/131607\/revisions"}],"predecessor-version":[{"id":131608,"href":"https:\/\/www.institutodeengenharia.org.br\/site\/wp-json\/wp\/v2\/posts\/131607\/revisions\/131608"}],"wp:featuredmedia":[{"embeddable":true,"href":"https:\/\/www.institutodeengenharia.org.br\/site\/wp-json\/wp\/v2\/media\/129793"}],"wp:attachment":[{"href":"https:\/\/www.institutodeengenharia.org.br\/site\/wp-json\/wp\/v2\/media?parent=131607"}],"wp:term":[{"taxonomy":"category","embeddable":true,"href":"https:\/\/www.institutodeengenharia.org.br\/site\/wp-json\/wp\/v2\/categories?post=131607"},{"taxonomy":"post_tag","embeddable":true,"href":"https:\/\/www.institutodeengenharia.org.br\/site\/wp-json\/wp\/v2\/tags?post=131607"}],"curies":[{"name":"wp","href":"https:\/\/api.w.org\/{rel}","templated":true}]}}