{"id":131413,"date":"2025-06-30T14:51:35","date_gmt":"2025-06-30T17:51:35","guid":{"rendered":"https:\/\/www.institutodeengenharia.org.br\/site\/?p=131413"},"modified":"2025-08-18T15:06:12","modified_gmt":"2025-08-18T18:06:12","slug":"instituto-de-engenharia-faz-visita-tecnica-ao-aquatico-sp","status":"publish","type":"post","link":"https:\/\/www.institutodeengenharia.org.br\/site\/2025\/06\/30\/instituto-de-engenharia-faz-visita-tecnica-ao-aquatico-sp\/","title":{"rendered":"Instituto de Engenharia faz visita t\u00e9cnica ao Aqu\u00e1tico SP"},"content":{"rendered":"<p>A diretoria do Instituto de Engenharia e associados participaram, em junho, de uma visita t\u00e9cnica ao Aqu\u00e1tico de S\u00e3o Paulo, primeiro sistema de transporte p\u00fablico hidrovi\u00e1rio, que liga os terminais Cantinho do C\u00e9u e Parque Mar Paulista, na Represa Billings, Zona Sul da capital.<\/p>\n<figure id=\"attachment_131415\" aria-describedby=\"caption-attachment-131415\" style=\"width: 273px\" class=\"wp-caption alignleft\"><img loading=\"lazy\" decoding=\"async\" class=\"wp-image-131415 size-medium\" src=\"https:\/\/www.institutodeengenharia.org.br\/site\/wp-content\/uploads\/2025\/08\/54618272065_c9ee3dc64c_c-273x300.jpg\" alt=\"\" width=\"273\" height=\"300\" srcset=\"https:\/\/www.institutodeengenharia.org.br\/site\/wp-content\/uploads\/2025\/08\/54618272065_c9ee3dc64c_c-273x300.jpg 273w, https:\/\/www.institutodeengenharia.org.br\/site\/wp-content\/uploads\/2025\/08\/54618272065_c9ee3dc64c_c-383x420.jpg 383w, https:\/\/www.institutodeengenharia.org.br\/site\/wp-content\/uploads\/2025\/08\/54618272065_c9ee3dc64c_c-696x764.jpg 696w, https:\/\/www.institutodeengenharia.org.br\/site\/wp-content\/uploads\/2025\/08\/54618272065_c9ee3dc64c_c-600x658.jpg 600w, https:\/\/www.institutodeengenharia.org.br\/site\/wp-content\/uploads\/2025\/08\/54618272065_c9ee3dc64c_c.jpg 729w\" sizes=\"auto, (max-width: 273px) 100vw, 273px\" \/><figcaption id=\"caption-attachment-131415\" class=\"wp-caption-text\">Jos\u00e9 Manuel de Oliveira Reis, gerente do Sistema Hidrovi\u00e1rio da cidade de S\u00e3o Paulo<\/figcaption><\/figure>\n<p>Segundo Jos\u00e9 Manuel de Oliveira Reis, gerente do Sistema Hidrovi\u00e1rio da cidade de S\u00e3o Paulo, a ideia desse transporte vem da \u00e9poca em que o atual prefeito da cidade de S\u00e3o Paulo, Ricardo Nunes, era vereador. \u201cEle \u00e9 dessa regi\u00e3o e sempre quis utilizar o transsporte hidrovi\u00e1rio em virtude da exist\u00eancia da Represa. Ele preparou um projeto piloto e a opera\u00e7\u00e3o assistida foi implantada em maio de 2024, e vai da regi\u00e3o de Pedreira ao parque Cantinho do C\u00e9u, que tem uma grande densidade demogr\u00e1fica\u201d, explica<\/p>\n<p>Desde sua implanta\u00e7\u00e3o, mais de 500 mil pessoas j\u00e1 foram transportadas, em mais de 28 mil viagens. \u201cTemos seis embarca\u00e7\u00f5es que, em hor\u00e1rio de pico, saem de 15 em 15 minutos e, fora desse per\u00edodo, de 30 em 30 minutos\u201d, diz Reis. Ele ressalta que esse modal de transporte integra \u00f4nibus, metr\u00f4 e embarca\u00e7\u00e3o. \u201cO percurso que antes era feito em uma hora e meia, hoje leva em torno de 17 minutos na embarca\u00e7\u00e3o.<\/p>\n<p>A primeira fase do projeto, que vai at\u00e9 final de julho de 2025, \u00e9 gratuita. Ap\u00f3s essa fase o sistema \u00e9 integrado ao Bilhete \u00danico.<\/p>\n<p>Outras regi\u00f5es est\u00e3o sendo estudadas para a implanta\u00e7\u00e3o de hidrovias: a regi\u00e3o do Ponta do Apur\u00e1 e Cocaia.<\/p>\n<p>Par mais informa\u00e7\u00f5es sobre o funcionamento, acesse <a href=\"https:\/\/www.sptrans.com.br\/aquatico-sp\">https:\/\/www.sptrans.com.br\/aquatico-sp<\/a><\/p>\n<p><strong><a href=\"https:\/\/www.flickr.com\/photos\/157391345@N08\/albums\/72177720327169697\/\">Clique aqui<\/a> e confira imagens da visita.<\/strong><\/p>\n","protected":false},"excerpt":{"rendered":"<p>A diretoria do Instituto de Engenharia e associados participaram, em junho, de uma visita t\u00e9cnica ao Aqu\u00e1tico de S\u00e3o Paulo, primeiro sistema de transporte p\u00fablico hidrovi\u00e1rio, que liga os terminais Cantinho do C\u00e9u e Parque Mar Paulista, na Represa Billings, Zona Sul da capital. Segundo Jos\u00e9 Manuel de Oliveira Reis, gerente do Sistema Hidrovi\u00e1rio da [&hellip;]<\/p>\n","protected":false},"author":14,"featured_media":131414,"comment_status":"open","ping_status":"open","sticky":false,"template":"","format":"standard","meta":{"footnotes":""},"categories":[27,141,41],"tags":[],"class_list":{"0":"post-131413","1":"post","2":"type-post","3":"status-publish","4":"format-standard","5":"has-post-thumbnail","7":"category-instituto-de-engenharia","8":"category-noticias-menu","9":"category-transportes"},"yoast_head":"<!-- This site is optimized with the Yoast SEO plugin v27.2 - https:\/\/yoast.com\/product\/yoast-seo-wordpress\/ -->\n<title>Instituto de Engenharia faz visita t\u00e9cnica ao Aqu\u00e1tico SP - Instituto de Engenharia<\/title>\n<meta name=\"robots\" content=\"index, follow, max-snippet:-1, max-image-preview:large, max-video-preview:-1\" \/>\n<link rel=\"canonical\" href=\"https:\/\/www.institutodeengenharia.org.br\/site\/2025\/06\/30\/instituto-de-engenharia-faz-visita-tecnica-ao-aquatico-sp\/\" \/>\n<meta property=\"og:locale\" content=\"pt_BR\" \/>\n<meta property=\"og:type\" content=\"article\" \/>\n<meta property=\"og:title\" content=\"Instituto de Engenharia faz visita t\u00e9cnica ao Aqu\u00e1tico SP - Instituto de Engenharia\" \/>\n<meta property=\"og:description\" content=\"A diretoria do Instituto de Engenharia e associados participaram, em junho, de uma visita t\u00e9cnica ao Aqu\u00e1tico de S\u00e3o Paulo, primeiro sistema de transporte p\u00fablico hidrovi\u00e1rio, que liga os terminais Cantinho do C\u00e9u e Parque Mar Paulista, na Represa Billings, Zona Sul da capital. Segundo Jos\u00e9 Manuel de Oliveira Reis, gerente do Sistema Hidrovi\u00e1rio da [&hellip;]\" \/>\n<meta property=\"og:url\" content=\"https:\/\/www.institutodeengenharia.org.br\/site\/2025\/06\/30\/instituto-de-engenharia-faz-visita-tecnica-ao-aquatico-sp\/\" \/>\n<meta property=\"og:site_name\" content=\"Instituto de Engenharia\" \/>\n<meta property=\"article:publisher\" content=\"https:\/\/www.facebook.com\/institutodeengenharia\" \/>\n<meta property=\"article:published_time\" content=\"2025-06-30T17:51:35+00:00\" \/>\n<meta property=\"article:modified_time\" content=\"2025-08-18T18:06:12+00:00\" \/>\n<meta property=\"og:image\" content=\"https:\/\/www.institutodeengenharia.org.br\/site\/wp-content\/uploads\/2025\/08\/54617082932_e82119a47d_c.jpg\" \/>\n\t<meta property=\"og:image:width\" content=\"800\" \/>\n\t<meta property=\"og:image:height\" content=\"600\" \/>\n\t<meta property=\"og:image:type\" content=\"image\/jpeg\" \/>\n<meta name=\"author\" content=\"Isabel\" \/>\n<meta name=\"twitter:card\" content=\"summary_large_image\" \/>\n<meta name=\"twitter:creator\" content=\"@iengenharia\" \/>\n<meta name=\"twitter:site\" content=\"@iengenharia\" \/>\n<meta name=\"twitter:label1\" content=\"Escrito por\" \/>\n\t<meta name=\"twitter:data1\" content=\"Isabel\" \/>\n\t<meta name=\"twitter:label2\" content=\"Est. tempo de leitura\" \/>\n\t<meta name=\"twitter:data2\" content=\"2 minutos\" \/>\n<script type=\"application\/ld+json\" class=\"yoast-schema-graph\">{\"@context\":\"https:\/\/schema.org\",\"@graph\":[{\"@type\":\"Article\",\"@id\":\"https:\/\/www.institutodeengenharia.org.br\/site\/2025\/06\/30\/instituto-de-engenharia-faz-visita-tecnica-ao-aquatico-sp\/#article\",\"isPartOf\":{\"@id\":\"https:\/\/www.institutodeengenharia.org.br\/site\/2025\/06\/30\/instituto-de-engenharia-faz-visita-tecnica-ao-aquatico-sp\/\"},\"author\":{\"name\":\"Isabel\",\"@id\":\"https:\/\/www.institutodeengenharia.org.br\/site\/#\/schema\/person\/593dc356630173a4877a635d3e5fd76b\"},\"headline\":\"Instituto de Engenharia faz visita t\u00e9cnica ao Aqu\u00e1tico SP\",\"datePublished\":\"2025-06-30T17:51:35+00:00\",\"dateModified\":\"2025-08-18T18:06:12+00:00\",\"mainEntityOfPage\":{\"@id\":\"https:\/\/www.institutodeengenharia.org.br\/site\/2025\/06\/30\/instituto-de-engenharia-faz-visita-tecnica-ao-aquatico-sp\/\"},\"wordCount\":317,\"commentCount\":0,\"publisher\":{\"@id\":\"https:\/\/www.institutodeengenharia.org.br\/site\/#organization\"},\"image\":{\"@id\":\"https:\/\/www.institutodeengenharia.org.br\/site\/2025\/06\/30\/instituto-de-engenharia-faz-visita-tecnica-ao-aquatico-sp\/#primaryimage\"},\"thumbnailUrl\":\"https:\/\/www.institutodeengenharia.org.br\/site\/wp-content\/uploads\/2025\/08\/54617082932_e82119a47d_c.jpg\",\"articleSection\":[\"Instituto de Engenharia\",\"Not\u00edcias\",\"Transportes\"],\"inLanguage\":\"pt-BR\",\"potentialAction\":[{\"@type\":\"CommentAction\",\"name\":\"Comment\",\"target\":[\"https:\/\/www.institutodeengenharia.org.br\/site\/2025\/06\/30\/instituto-de-engenharia-faz-visita-tecnica-ao-aquatico-sp\/#respond\"]}]},{\"@type\":\"WebPage\",\"@id\":\"https:\/\/www.institutodeengenharia.org.br\/site\/2025\/06\/30\/instituto-de-engenharia-faz-visita-tecnica-ao-aquatico-sp\/\",\"url\":\"https:\/\/www.institutodeengenharia.org.br\/site\/2025\/06\/30\/instituto-de-engenharia-faz-visita-tecnica-ao-aquatico-sp\/\",\"name\":\"Instituto de Engenharia faz visita t\u00e9cnica ao Aqu\u00e1tico SP - Instituto de Engenharia\",\"isPartOf\":{\"@id\":\"https:\/\/www.institutodeengenharia.org.br\/site\/#website\"},\"primaryImageOfPage\":{\"@id\":\"https:\/\/www.institutodeengenharia.org.br\/site\/2025\/06\/30\/instituto-de-engenharia-faz-visita-tecnica-ao-aquatico-sp\/#primaryimage\"},\"image\":{\"@id\":\"https:\/\/www.institutodeengenharia.org.br\/site\/2025\/06\/30\/instituto-de-engenharia-faz-visita-tecnica-ao-aquatico-sp\/#primaryimage\"},\"thumbnailUrl\":\"https:\/\/www.institutodeengenharia.org.br\/site\/wp-content\/uploads\/2025\/08\/54617082932_e82119a47d_c.jpg\",\"datePublished\":\"2025-06-30T17:51:35+00:00\",\"dateModified\":\"2025-08-18T18:06:12+00:00\",\"breadcrumb\":{\"@id\":\"https:\/\/www.institutodeengenharia.org.br\/site\/2025\/06\/30\/instituto-de-engenharia-faz-visita-tecnica-ao-aquatico-sp\/#breadcrumb\"},\"inLanguage\":\"pt-BR\",\"potentialAction\":[{\"@type\":\"ReadAction\",\"target\":[\"https:\/\/www.institutodeengenharia.org.br\/site\/2025\/06\/30\/instituto-de-engenharia-faz-visita-tecnica-ao-aquatico-sp\/\"]}]},{\"@type\":\"ImageObject\",\"inLanguage\":\"pt-BR\",\"@id\":\"https:\/\/www.institutodeengenharia.org.br\/site\/2025\/06\/30\/instituto-de-engenharia-faz-visita-tecnica-ao-aquatico-sp\/#primaryimage\",\"url\":\"https:\/\/www.institutodeengenharia.org.br\/site\/wp-content\/uploads\/2025\/08\/54617082932_e82119a47d_c.jpg\",\"contentUrl\":\"https:\/\/www.institutodeengenharia.org.br\/site\/wp-content\/uploads\/2025\/08\/54617082932_e82119a47d_c.jpg\",\"width\":800,\"height\":600},{\"@type\":\"BreadcrumbList\",\"@id\":\"https:\/\/www.institutodeengenharia.org.br\/site\/2025\/06\/30\/instituto-de-engenharia-faz-visita-tecnica-ao-aquatico-sp\/#breadcrumb\",\"itemListElement\":[{\"@type\":\"ListItem\",\"position\":1,\"name\":\"In\u00edcio\",\"item\":\"https:\/\/www.institutodeengenharia.org.br\/site\/\"},{\"@type\":\"ListItem\",\"position\":2,\"name\":\"Instituto de Engenharia faz visita t\u00e9cnica ao Aqu\u00e1tico SP\"}]},{\"@type\":\"WebSite\",\"@id\":\"https:\/\/www.institutodeengenharia.org.br\/site\/#website\",\"url\":\"https:\/\/www.institutodeengenharia.org.br\/site\/\",\"name\":\"Instituto de Engenharia\",\"description\":\"O Instituto de Engenharia promove a Engenharia em benef\u00edcio do desenvolvimento e da qualidade de vida da sociedade.\",\"publisher\":{\"@id\":\"https:\/\/www.institutodeengenharia.org.br\/site\/#organization\"},\"potentialAction\":[{\"@type\":\"SearchAction\",\"target\":{\"@type\":\"EntryPoint\",\"urlTemplate\":\"https:\/\/www.institutodeengenharia.org.br\/site\/?s={search_term_string}\"},\"query-input\":{\"@type\":\"PropertyValueSpecification\",\"valueRequired\":true,\"valueName\":\"search_term_string\"}}],\"inLanguage\":\"pt-BR\"},{\"@type\":\"Organization\",\"@id\":\"https:\/\/www.institutodeengenharia.org.br\/site\/#organization\",\"name\":\"Instituto de Engenharia\",\"url\":\"https:\/\/www.institutodeengenharia.org.br\/site\/\",\"logo\":{\"@type\":\"ImageObject\",\"inLanguage\":\"pt-BR\",\"@id\":\"https:\/\/www.institutodeengenharia.org.br\/site\/#\/schema\/logo\/image\/\",\"url\":\"https:\/\/www.institutodeengenharia.org.br\/site\/wp-content\/uploads\/2019\/03\/logo-novo-IE2018-1.jpg\",\"contentUrl\":\"https:\/\/www.institutodeengenharia.org.br\/site\/wp-content\/uploads\/2019\/03\/logo-novo-IE2018-1.jpg\",\"width\":1486,\"height\":1879,\"caption\":\"Instituto de Engenharia\"},\"image\":{\"@id\":\"https:\/\/www.institutodeengenharia.org.br\/site\/#\/schema\/logo\/image\/\"},\"sameAs\":[\"https:\/\/www.facebook.com\/institutodeengenharia\",\"https:\/\/x.com\/iengenharia\",\"https:\/\/www.instagram.com\/institutodeengenharia\/\",\"https:\/\/www.linkedin.com\/company\/instituto-de-engenharia\/\",\"https:\/\/www.youtube.com\/channel\/UCXiCAlsSMe977vamW915HxA\"]},{\"@type\":\"Person\",\"@id\":\"https:\/\/www.institutodeengenharia.org.br\/site\/#\/schema\/person\/593dc356630173a4877a635d3e5fd76b\",\"name\":\"Isabel\",\"image\":{\"@type\":\"ImageObject\",\"inLanguage\":\"pt-BR\",\"@id\":\"https:\/\/secure.gravatar.com\/avatar\/f3c521db63ec9db17894f10a88c6a3cf95b2281d7f80eeb3cf3ef1cb091576e7?s=96&d=mm&r=g\",\"url\":\"https:\/\/secure.gravatar.com\/avatar\/f3c521db63ec9db17894f10a88c6a3cf95b2281d7f80eeb3cf3ef1cb091576e7?s=96&d=mm&r=g\",\"contentUrl\":\"https:\/\/secure.gravatar.com\/avatar\/f3c521db63ec9db17894f10a88c6a3cf95b2281d7f80eeb3cf3ef1cb091576e7?s=96&d=mm&r=g\",\"caption\":\"Isabel\"},\"url\":\"https:\/\/www.institutodeengenharia.org.br\/site\/author\/comunicacao2\/\"}]}<\/script>\n<!-- \/ Yoast SEO plugin. -->","yoast_head_json":{"title":"Instituto de Engenharia faz visita t\u00e9cnica ao Aqu\u00e1tico SP - Instituto de Engenharia","robots":{"index":"index","follow":"follow","max-snippet":"max-snippet:-1","max-image-preview":"max-image-preview:large","max-video-preview":"max-video-preview:-1"},"canonical":"https:\/\/www.institutodeengenharia.org.br\/site\/2025\/06\/30\/instituto-de-engenharia-faz-visita-tecnica-ao-aquatico-sp\/","og_locale":"pt_BR","og_type":"article","og_title":"Instituto de Engenharia faz visita t\u00e9cnica ao Aqu\u00e1tico SP - Instituto de Engenharia","og_description":"A diretoria do Instituto de Engenharia e associados participaram, em junho, de uma visita t\u00e9cnica ao Aqu\u00e1tico de S\u00e3o Paulo, primeiro sistema de transporte p\u00fablico hidrovi\u00e1rio, que liga os terminais Cantinho do C\u00e9u e Parque Mar Paulista, na Represa Billings, Zona Sul da capital. Segundo Jos\u00e9 Manuel de Oliveira Reis, gerente do Sistema Hidrovi\u00e1rio da [&hellip;]","og_url":"https:\/\/www.institutodeengenharia.org.br\/site\/2025\/06\/30\/instituto-de-engenharia-faz-visita-tecnica-ao-aquatico-sp\/","og_site_name":"Instituto de Engenharia","article_publisher":"https:\/\/www.facebook.com\/institutodeengenharia","article_published_time":"2025-06-30T17:51:35+00:00","article_modified_time":"2025-08-18T18:06:12+00:00","og_image":[{"width":800,"height":600,"url":"https:\/\/www.institutodeengenharia.org.br\/site\/wp-content\/uploads\/2025\/08\/54617082932_e82119a47d_c.jpg","type":"image\/jpeg"}],"author":"Isabel","twitter_card":"summary_large_image","twitter_creator":"@iengenharia","twitter_site":"@iengenharia","twitter_misc":{"Escrito por":"Isabel","Est. tempo de leitura":"2 minutos"},"schema":{"@context":"https:\/\/schema.org","@graph":[{"@type":"Article","@id":"https:\/\/www.institutodeengenharia.org.br\/site\/2025\/06\/30\/instituto-de-engenharia-faz-visita-tecnica-ao-aquatico-sp\/#article","isPartOf":{"@id":"https:\/\/www.institutodeengenharia.org.br\/site\/2025\/06\/30\/instituto-de-engenharia-faz-visita-tecnica-ao-aquatico-sp\/"},"author":{"name":"Isabel","@id":"https:\/\/www.institutodeengenharia.org.br\/site\/#\/schema\/person\/593dc356630173a4877a635d3e5fd76b"},"headline":"Instituto de Engenharia faz visita t\u00e9cnica ao Aqu\u00e1tico SP","datePublished":"2025-06-30T17:51:35+00:00","dateModified":"2025-08-18T18:06:12+00:00","mainEntityOfPage":{"@id":"https:\/\/www.institutodeengenharia.org.br\/site\/2025\/06\/30\/instituto-de-engenharia-faz-visita-tecnica-ao-aquatico-sp\/"},"wordCount":317,"commentCount":0,"publisher":{"@id":"https:\/\/www.institutodeengenharia.org.br\/site\/#organization"},"image":{"@id":"https:\/\/www.institutodeengenharia.org.br\/site\/2025\/06\/30\/instituto-de-engenharia-faz-visita-tecnica-ao-aquatico-sp\/#primaryimage"},"thumbnailUrl":"https:\/\/www.institutodeengenharia.org.br\/site\/wp-content\/uploads\/2025\/08\/54617082932_e82119a47d_c.jpg","articleSection":["Instituto de Engenharia","Not\u00edcias","Transportes"],"inLanguage":"pt-BR","potentialAction":[{"@type":"CommentAction","name":"Comment","target":["https:\/\/www.institutodeengenharia.org.br\/site\/2025\/06\/30\/instituto-de-engenharia-faz-visita-tecnica-ao-aquatico-sp\/#respond"]}]},{"@type":"WebPage","@id":"https:\/\/www.institutodeengenharia.org.br\/site\/2025\/06\/30\/instituto-de-engenharia-faz-visita-tecnica-ao-aquatico-sp\/","url":"https:\/\/www.institutodeengenharia.org.br\/site\/2025\/06\/30\/instituto-de-engenharia-faz-visita-tecnica-ao-aquatico-sp\/","name":"Instituto de Engenharia faz visita t\u00e9cnica ao Aqu\u00e1tico SP - Instituto de Engenharia","isPartOf":{"@id":"https:\/\/www.institutodeengenharia.org.br\/site\/#website"},"primaryImageOfPage":{"@id":"https:\/\/www.institutodeengenharia.org.br\/site\/2025\/06\/30\/instituto-de-engenharia-faz-visita-tecnica-ao-aquatico-sp\/#primaryimage"},"image":{"@id":"https:\/\/www.institutodeengenharia.org.br\/site\/2025\/06\/30\/instituto-de-engenharia-faz-visita-tecnica-ao-aquatico-sp\/#primaryimage"},"thumbnailUrl":"https:\/\/www.institutodeengenharia.org.br\/site\/wp-content\/uploads\/2025\/08\/54617082932_e82119a47d_c.jpg","datePublished":"2025-06-30T17:51:35+00:00","dateModified":"2025-08-18T18:06:12+00:00","breadcrumb":{"@id":"https:\/\/www.institutodeengenharia.org.br\/site\/2025\/06\/30\/instituto-de-engenharia-faz-visita-tecnica-ao-aquatico-sp\/#breadcrumb"},"inLanguage":"pt-BR","potentialAction":[{"@type":"ReadAction","target":["https:\/\/www.institutodeengenharia.org.br\/site\/2025\/06\/30\/instituto-de-engenharia-faz-visita-tecnica-ao-aquatico-sp\/"]}]},{"@type":"ImageObject","inLanguage":"pt-BR","@id":"https:\/\/www.institutodeengenharia.org.br\/site\/2025\/06\/30\/instituto-de-engenharia-faz-visita-tecnica-ao-aquatico-sp\/#primaryimage","url":"https:\/\/www.institutodeengenharia.org.br\/site\/wp-content\/uploads\/2025\/08\/54617082932_e82119a47d_c.jpg","contentUrl":"https:\/\/www.institutodeengenharia.org.br\/site\/wp-content\/uploads\/2025\/08\/54617082932_e82119a47d_c.jpg","width":800,"height":600},{"@type":"BreadcrumbList","@id":"https:\/\/www.institutodeengenharia.org.br\/site\/2025\/06\/30\/instituto-de-engenharia-faz-visita-tecnica-ao-aquatico-sp\/#breadcrumb","itemListElement":[{"@type":"ListItem","position":1,"name":"In\u00edcio","item":"https:\/\/www.institutodeengenharia.org.br\/site\/"},{"@type":"ListItem","position":2,"name":"Instituto de Engenharia faz visita t\u00e9cnica ao Aqu\u00e1tico SP"}]},{"@type":"WebSite","@id":"https:\/\/www.institutodeengenharia.org.br\/site\/#website","url":"https:\/\/www.institutodeengenharia.org.br\/site\/","name":"Instituto de Engenharia","description":"O Instituto de Engenharia promove a Engenharia em benef\u00edcio do desenvolvimento e da qualidade de vida da sociedade.","publisher":{"@id":"https:\/\/www.institutodeengenharia.org.br\/site\/#organization"},"potentialAction":[{"@type":"SearchAction","target":{"@type":"EntryPoint","urlTemplate":"https:\/\/www.institutodeengenharia.org.br\/site\/?s={search_term_string}"},"query-input":{"@type":"PropertyValueSpecification","valueRequired":true,"valueName":"search_term_string"}}],"inLanguage":"pt-BR"},{"@type":"Organization","@id":"https:\/\/www.institutodeengenharia.org.br\/site\/#organization","name":"Instituto de Engenharia","url":"https:\/\/www.institutodeengenharia.org.br\/site\/","logo":{"@type":"ImageObject","inLanguage":"pt-BR","@id":"https:\/\/www.institutodeengenharia.org.br\/site\/#\/schema\/logo\/image\/","url":"https:\/\/www.institutodeengenharia.org.br\/site\/wp-content\/uploads\/2019\/03\/logo-novo-IE2018-1.jpg","contentUrl":"https:\/\/www.institutodeengenharia.org.br\/site\/wp-content\/uploads\/2019\/03\/logo-novo-IE2018-1.jpg","width":1486,"height":1879,"caption":"Instituto de Engenharia"},"image":{"@id":"https:\/\/www.institutodeengenharia.org.br\/site\/#\/schema\/logo\/image\/"},"sameAs":["https:\/\/www.facebook.com\/institutodeengenharia","https:\/\/x.com\/iengenharia","https:\/\/www.instagram.com\/institutodeengenharia\/","https:\/\/www.linkedin.com\/company\/instituto-de-engenharia\/","https:\/\/www.youtube.com\/channel\/UCXiCAlsSMe977vamW915HxA"]},{"@type":"Person","@id":"https:\/\/www.institutodeengenharia.org.br\/site\/#\/schema\/person\/593dc356630173a4877a635d3e5fd76b","name":"Isabel","image":{"@type":"ImageObject","inLanguage":"pt-BR","@id":"https:\/\/secure.gravatar.com\/avatar\/f3c521db63ec9db17894f10a88c6a3cf95b2281d7f80eeb3cf3ef1cb091576e7?s=96&d=mm&r=g","url":"https:\/\/secure.gravatar.com\/avatar\/f3c521db63ec9db17894f10a88c6a3cf95b2281d7f80eeb3cf3ef1cb091576e7?s=96&d=mm&r=g","contentUrl":"https:\/\/secure.gravatar.com\/avatar\/f3c521db63ec9db17894f10a88c6a3cf95b2281d7f80eeb3cf3ef1cb091576e7?s=96&d=mm&r=g","caption":"Isabel"},"url":"https:\/\/www.institutodeengenharia.org.br\/site\/author\/comunicacao2\/"}]}},"_links":{"self":[{"href":"https:\/\/www.institutodeengenharia.org.br\/site\/wp-json\/wp\/v2\/posts\/131413","targetHints":{"allow":["GET"]}}],"collection":[{"href":"https:\/\/www.institutodeengenharia.org.br\/site\/wp-json\/wp\/v2\/posts"}],"about":[{"href":"https:\/\/www.institutodeengenharia.org.br\/site\/wp-json\/wp\/v2\/types\/post"}],"author":[{"embeddable":true,"href":"https:\/\/www.institutodeengenharia.org.br\/site\/wp-json\/wp\/v2\/users\/14"}],"replies":[{"embeddable":true,"href":"https:\/\/www.institutodeengenharia.org.br\/site\/wp-json\/wp\/v2\/comments?post=131413"}],"version-history":[{"count":1,"href":"https:\/\/www.institutodeengenharia.org.br\/site\/wp-json\/wp\/v2\/posts\/131413\/revisions"}],"predecessor-version":[{"id":131416,"href":"https:\/\/www.institutodeengenharia.org.br\/site\/wp-json\/wp\/v2\/posts\/131413\/revisions\/131416"}],"wp:featuredmedia":[{"embeddable":true,"href":"https:\/\/www.institutodeengenharia.org.br\/site\/wp-json\/wp\/v2\/media\/131414"}],"wp:attachment":[{"href":"https:\/\/www.institutodeengenharia.org.br\/site\/wp-json\/wp\/v2\/media?parent=131413"}],"wp:term":[{"taxonomy":"category","embeddable":true,"href":"https:\/\/www.institutodeengenharia.org.br\/site\/wp-json\/wp\/v2\/categories?post=131413"},{"taxonomy":"post_tag","embeddable":true,"href":"https:\/\/www.institutodeengenharia.org.br\/site\/wp-json\/wp\/v2\/tags?post=131413"}],"curies":[{"name":"wp","href":"https:\/\/api.w.org\/{rel}","templated":true}]}}