{"id":130812,"date":"2025-07-24T12:06:18","date_gmt":"2025-07-24T15:06:18","guid":{"rendered":"https:\/\/www.institutodeengenharia.org.br\/site\/?p=130812"},"modified":"2025-09-09T09:59:01","modified_gmt":"2025-09-09T12:59:01","slug":"por-jose-eduardo-cavalcanti-consideracoes-acerca-do-acidente-ocorrido-em-maio-de-2025-na-marginal-do-tiete-em-decorrencia-de-vazamento-de-esgotos-originarios-do-interceptor","status":"publish","type":"post","link":"https:\/\/www.institutodeengenharia.org.br\/site\/2025\/07\/24\/por-jose-eduardo-cavalcanti-consideracoes-acerca-do-acidente-ocorrido-em-maio-de-2025-na-marginal-do-tiete-em-decorrencia-de-vazamento-de-esgotos-originarios-do-interceptor\/","title":{"rendered":"Por Jos\u00e9 Eduardo Cavalcanti \u2013 Considera\u00e7\u00f5es acerca do acidente ocorrido em maio de 2025 na Marginal do Tiet\u00ea em decorr\u00eancia de vazamento de esgotos origin\u00e1rios do interceptor"},"content":{"rendered":"<p>Alerta: Estas considera\u00e7\u00f5es foram baseadas apenas nos relatos obtidos atrav\u00e9s de entrevistas concedidas \u00e0 imprensa por parte de engenheiros da SABESP, uma vez que n\u00e3o foram ainda disponibilizadas informa\u00e7\u00f5es oficiais de cunho t\u00e9cnico detalhado por parte daquela Companhia.<\/p>\n<p>Vamos aos fatos: Em abril deste ano houve um acidente similar, como o ocorrido agora em maio, no mesmo local da Marginal do Tiet\u00ea, pr\u00f3ximo \u00e0 ponte At\u00edlio Fontana no sentido Castelo Branco causando o solapamento em uma das tr\u00eas faixas da pista central provocando a abertura de uma cratera, fato que for\u00e7ou a interrup\u00e7\u00e3o e o desvio do tr\u00e1fego naquele local causando mais transtornos \u00e0quela via j\u00e1 congestionada.<\/p>\n<p>Na ocasi\u00e3o a causa alegada pela SABESP era uma fissura na estrutura de uma \u201ccaixa\u201d situada a 18 m de profundidade, reparada em apenas 3 dias. Entretanto, menos de 30 dias depois, nova cratera se abriu naquele mesmo local provocando nova interrup\u00e7\u00e3o do tr\u00e2nsito.<\/p>\n<p>Diante da situa\u00e7\u00e3o, a SABESP decidiu por uma interven\u00e7\u00e3o mais robusta visando resolver definitivamente o problema o que demandaria um prazo de 30 dias.<\/p>\n<p>Instada, pelos meios de comunica\u00e7\u00e3o, a esclarecer porque tal interven\u00e7\u00e3o n\u00e3o foi feita por ocasi\u00e3o do primeiro acidente, a SABESP alegou ter agora identificado mais detalhadamente o problema representado pela presen\u00e7a de \u00e1guas pluviais lan\u00e7adas indevidamente no interceptor causando sobrecarga na tubula\u00e7\u00e3o de 2.5 m de di\u00e2metro ocasionando, em consequ\u00eancia, o vazamento de esgotos que, espraiando-se no subsolo, acabou por causar o solapamento da pista de rolamento abrindo uma cratera.<\/p>\n<p>A interven\u00e7\u00e3o planejada est\u00e1 sendo a constru\u00e7\u00e3o de um novo po\u00e7o de visita no local da ruptura, com 18 m de altura (\u201cshaft \u201d de 18 m de largura), localizado entre os dois po\u00e7os existentes, situados, respectivamente a 330 m a jusante do PV 08 e a 230 m a montante do PV 10.<\/p>\n<p>A permanecer a vers\u00e3o da SABESP sobre o ocorrido, depreende-se que a tubula\u00e7\u00e3o est\u00e1 operando em carga devido ao excesso de vaz\u00e3o (esgotos + \u00e1guas pluviais) e que o vazamento ocorreu atrav\u00e9s de fissuras provavelmente em alguma junta, na \u201ccaixa\u201d ou po\u00e7o de visita ou mesmo no pr\u00f3prio tubo.<\/p>\n<p>O que \u00e9 certo \u00e9 que \u00e1guas pluviais costumam se misturar em tubula\u00e7\u00f5es de esgotos e tamb\u00e9m, com muito mais frequ\u00eancia, esgotos s\u00e3o lan\u00e7ados em galerias de \u00e1guas pluviais. Dif\u00edcil impedir estas pr\u00e1ticas, principalmente considerando a enorme extens\u00e3o destas redes. Desta forma, pode-se presumir que o interceptor da margem direita do Tiet\u00ea possa estar subdimensionado para as condi\u00e7\u00f5es REAIS de contribui\u00e7\u00e3o uma vez que n\u00e3o foram ainda disponibilizadas informa\u00e7\u00f5es oficiais de cunho t\u00e9cnico detalhado por parte daquela Companhia.<\/p>\n<p>________________________________________________________________________<\/p>\n<p><img loading=\"lazy\" decoding=\"async\" class=\"wp-image-31353 alignleft td-animation-stack-type0-2\" src=\"https:\/\/www.institutodeengenharia.org.br\/site\/wp-content\/uploads\/2018\/02\/cavalcanti-alta2-e1547225067645.jpg\" sizes=\"auto, (max-width: 169px) 100vw, 169px\" srcset=\"https:\/\/www.institutodeengenharia.org.br\/site\/wp-content\/uploads\/2018\/02\/cavalcanti-alta2-e1547225067645.jpg 606w, https:\/\/www.institutodeengenharia.org.br\/site\/wp-content\/uploads\/2018\/02\/cavalcanti-alta2-e1547225067645-150x150.jpg 150w, https:\/\/www.institutodeengenharia.org.br\/site\/wp-content\/uploads\/2018\/02\/cavalcanti-alta2-e1547225067645-298x300.jpg 298w, https:\/\/www.institutodeengenharia.org.br\/site\/wp-content\/uploads\/2018\/02\/cavalcanti-alta2-e1547225067645-417x420.jpg 417w\" alt=\"\" width=\"169\" height=\"170\" \/><\/p>\n<p>Jos\u00e9 Eduardo Cavalcanti \u00e9 engenheiro consultor, diretor do Departamento de Engenharia da Ambiental do Brasil, diretor da Divis\u00e3o de Saneamento do Deinfra \u2013 Departamento de Infraestrutura da Federa\u00e7\u00e3o das Ind\u00fastrias do Estado de S\u00e3o Paulo (Fiesp), conselheiro do Instituto de Engenharia, e membro da Comiss\u00e3o Editorial da Revista Engenharia. E-mail:\u00a0<a href=\"mailto:cavalcanti@ambientaldobrasil.com.br\">cavalcanti@ambientaldobrasil.com.br<\/a><\/p>\n<p>*<em>Os artigos publicados com assinatura, n\u00e3o traduzem necessariamente a opini\u00e3o do Instituto de Engenharia. Sua publica\u00e7\u00e3o obedece ao prop\u00f3sito de estimular o debate dos problemas brasileiros e de refletir as diversas tend\u00eancias do pensamento contempor\u00e2neo<\/em><\/p>\n<p><em>Este artigo \u00e9 de exclusiva responsabilidade do autor.<\/em><\/p>\n","protected":false},"excerpt":{"rendered":"<p>Alerta: Estas considera\u00e7\u00f5es foram baseadas apenas nos relatos obtidos atrav\u00e9s de entrevistas concedidas \u00e0 imprensa por parte de engenheiros da SABESP, uma vez que n\u00e3o foram ainda disponibilizadas informa\u00e7\u00f5es oficiais de cunho t\u00e9cnico detalhado por parte daquela Companhia. Vamos aos fatos: Em abril deste ano houve um acidente similar, como o ocorrido agora em maio, [&hellip;]<\/p>\n","protected":false},"author":13,"featured_media":130813,"comment_status":"open","ping_status":"open","sticky":false,"template":"","format":"standard","meta":{"footnotes":""},"categories":[11,92],"tags":[],"class_list":{"0":"post-130812","1":"post","2":"type-post","3":"status-publish","4":"format-standard","5":"has-post-thumbnail","7":"category-articulistas","8":"category-jose-eduardo-cavalcanti"},"yoast_head":"<!-- This site is optimized with the Yoast SEO plugin v27.2 - https:\/\/yoast.com\/product\/yoast-seo-wordpress\/ -->\n<title>Por Jos\u00e9 Eduardo Cavalcanti \u2013 Considera\u00e7\u00f5es acerca do acidente ocorrido em maio de 2025 na Marginal do Tiet\u00ea em decorr\u00eancia de vazamento de esgotos origin\u00e1rios do interceptor - Instituto de Engenharia<\/title>\n<meta name=\"robots\" content=\"index, follow, max-snippet:-1, max-image-preview:large, max-video-preview:-1\" \/>\n<link rel=\"canonical\" href=\"https:\/\/www.institutodeengenharia.org.br\/site\/2025\/07\/24\/por-jose-eduardo-cavalcanti-consideracoes-acerca-do-acidente-ocorrido-em-maio-de-2025-na-marginal-do-tiete-em-decorrencia-de-vazamento-de-esgotos-originarios-do-interceptor\/\" \/>\n<meta property=\"og:locale\" content=\"pt_BR\" \/>\n<meta property=\"og:type\" content=\"article\" \/>\n<meta property=\"og:title\" content=\"Por Jos\u00e9 Eduardo Cavalcanti \u2013 Considera\u00e7\u00f5es acerca do acidente ocorrido em maio de 2025 na Marginal do Tiet\u00ea em decorr\u00eancia de vazamento de esgotos origin\u00e1rios do interceptor - Instituto de Engenharia\" \/>\n<meta property=\"og:description\" content=\"Alerta: Estas considera\u00e7\u00f5es foram baseadas apenas nos relatos obtidos atrav\u00e9s de entrevistas concedidas \u00e0 imprensa por parte de engenheiros da SABESP, uma vez que n\u00e3o foram ainda disponibilizadas informa\u00e7\u00f5es oficiais de cunho t\u00e9cnico detalhado por parte daquela Companhia. Vamos aos fatos: Em abril deste ano houve um acidente similar, como o ocorrido agora em maio, [&hellip;]\" \/>\n<meta property=\"og:url\" content=\"https:\/\/www.institutodeengenharia.org.br\/site\/2025\/07\/24\/por-jose-eduardo-cavalcanti-consideracoes-acerca-do-acidente-ocorrido-em-maio-de-2025-na-marginal-do-tiete-em-decorrencia-de-vazamento-de-esgotos-originarios-do-interceptor\/\" \/>\n<meta property=\"og:site_name\" content=\"Instituto de Engenharia\" \/>\n<meta property=\"article:publisher\" content=\"https:\/\/www.facebook.com\/institutodeengenharia\" \/>\n<meta property=\"article:published_time\" content=\"2025-07-24T15:06:18+00:00\" \/>\n<meta property=\"article:modified_time\" content=\"2025-09-09T12:59:01+00:00\" \/>\n<meta property=\"og:image\" content=\"https:\/\/www.institutodeengenharia.org.br\/site\/wp-content\/uploads\/2025\/07\/Design-sem-nome-22-1024x683.png\" \/>\n\t<meta property=\"og:image:width\" content=\"1024\" \/>\n\t<meta property=\"og:image:height\" content=\"683\" \/>\n\t<meta property=\"og:image:type\" content=\"image\/png\" \/>\n<meta name=\"author\" content=\"Bianca\" \/>\n<meta name=\"twitter:card\" content=\"summary_large_image\" \/>\n<meta name=\"twitter:creator\" content=\"@iengenharia\" \/>\n<meta name=\"twitter:site\" content=\"@iengenharia\" \/>\n<meta name=\"twitter:label1\" content=\"Escrito por\" \/>\n\t<meta name=\"twitter:data1\" content=\"Bianca\" \/>\n\t<meta name=\"twitter:label2\" content=\"Est. tempo de leitura\" \/>\n\t<meta name=\"twitter:data2\" content=\"4 minutos\" \/>\n<script type=\"application\/ld+json\" class=\"yoast-schema-graph\">{\"@context\":\"https:\/\/schema.org\",\"@graph\":[{\"@type\":\"Article\",\"@id\":\"https:\/\/www.institutodeengenharia.org.br\/site\/2025\/07\/24\/por-jose-eduardo-cavalcanti-consideracoes-acerca-do-acidente-ocorrido-em-maio-de-2025-na-marginal-do-tiete-em-decorrencia-de-vazamento-de-esgotos-originarios-do-interceptor\/#article\",\"isPartOf\":{\"@id\":\"https:\/\/www.institutodeengenharia.org.br\/site\/2025\/07\/24\/por-jose-eduardo-cavalcanti-consideracoes-acerca-do-acidente-ocorrido-em-maio-de-2025-na-marginal-do-tiete-em-decorrencia-de-vazamento-de-esgotos-originarios-do-interceptor\/\"},\"author\":{\"name\":\"Bianca\",\"@id\":\"https:\/\/www.institutodeengenharia.org.br\/site\/#\/schema\/person\/aeb64951c405e100d26d30b033dd423f\"},\"headline\":\"Por Jos\u00e9 Eduardo Cavalcanti \u2013 Considera\u00e7\u00f5es acerca do acidente ocorrido em maio de 2025 na Marginal do Tiet\u00ea em decorr\u00eancia de vazamento de esgotos origin\u00e1rios do interceptor\",\"datePublished\":\"2025-07-24T15:06:18+00:00\",\"dateModified\":\"2025-09-09T12:59:01+00:00\",\"mainEntityOfPage\":{\"@id\":\"https:\/\/www.institutodeengenharia.org.br\/site\/2025\/07\/24\/por-jose-eduardo-cavalcanti-consideracoes-acerca-do-acidente-ocorrido-em-maio-de-2025-na-marginal-do-tiete-em-decorrencia-de-vazamento-de-esgotos-originarios-do-interceptor\/\"},\"wordCount\":590,\"commentCount\":0,\"publisher\":{\"@id\":\"https:\/\/www.institutodeengenharia.org.br\/site\/#organization\"},\"image\":{\"@id\":\"https:\/\/www.institutodeengenharia.org.br\/site\/2025\/07\/24\/por-jose-eduardo-cavalcanti-consideracoes-acerca-do-acidente-ocorrido-em-maio-de-2025-na-marginal-do-tiete-em-decorrencia-de-vazamento-de-esgotos-originarios-do-interceptor\/#primaryimage\"},\"thumbnailUrl\":\"https:\/\/www.institutodeengenharia.org.br\/site\/wp-content\/uploads\/2025\/07\/Design-sem-nome-22.png\",\"articleSection\":[\"Articulistas\",\"Jos\u00e9 Eduardo Cavalcanti\"],\"inLanguage\":\"pt-BR\",\"potentialAction\":[{\"@type\":\"CommentAction\",\"name\":\"Comment\",\"target\":[\"https:\/\/www.institutodeengenharia.org.br\/site\/2025\/07\/24\/por-jose-eduardo-cavalcanti-consideracoes-acerca-do-acidente-ocorrido-em-maio-de-2025-na-marginal-do-tiete-em-decorrencia-de-vazamento-de-esgotos-originarios-do-interceptor\/#respond\"]}]},{\"@type\":\"WebPage\",\"@id\":\"https:\/\/www.institutodeengenharia.org.br\/site\/2025\/07\/24\/por-jose-eduardo-cavalcanti-consideracoes-acerca-do-acidente-ocorrido-em-maio-de-2025-na-marginal-do-tiete-em-decorrencia-de-vazamento-de-esgotos-originarios-do-interceptor\/\",\"url\":\"https:\/\/www.institutodeengenharia.org.br\/site\/2025\/07\/24\/por-jose-eduardo-cavalcanti-consideracoes-acerca-do-acidente-ocorrido-em-maio-de-2025-na-marginal-do-tiete-em-decorrencia-de-vazamento-de-esgotos-originarios-do-interceptor\/\",\"name\":\"Por Jos\u00e9 Eduardo Cavalcanti \u2013 Considera\u00e7\u00f5es acerca do acidente ocorrido em maio de 2025 na Marginal do Tiet\u00ea em decorr\u00eancia de vazamento de esgotos origin\u00e1rios do interceptor - Instituto de Engenharia\",\"isPartOf\":{\"@id\":\"https:\/\/www.institutodeengenharia.org.br\/site\/#website\"},\"primaryImageOfPage\":{\"@id\":\"https:\/\/www.institutodeengenharia.org.br\/site\/2025\/07\/24\/por-jose-eduardo-cavalcanti-consideracoes-acerca-do-acidente-ocorrido-em-maio-de-2025-na-marginal-do-tiete-em-decorrencia-de-vazamento-de-esgotos-originarios-do-interceptor\/#primaryimage\"},\"image\":{\"@id\":\"https:\/\/www.institutodeengenharia.org.br\/site\/2025\/07\/24\/por-jose-eduardo-cavalcanti-consideracoes-acerca-do-acidente-ocorrido-em-maio-de-2025-na-marginal-do-tiete-em-decorrencia-de-vazamento-de-esgotos-originarios-do-interceptor\/#primaryimage\"},\"thumbnailUrl\":\"https:\/\/www.institutodeengenharia.org.br\/site\/wp-content\/uploads\/2025\/07\/Design-sem-nome-22.png\",\"datePublished\":\"2025-07-24T15:06:18+00:00\",\"dateModified\":\"2025-09-09T12:59:01+00:00\",\"breadcrumb\":{\"@id\":\"https:\/\/www.institutodeengenharia.org.br\/site\/2025\/07\/24\/por-jose-eduardo-cavalcanti-consideracoes-acerca-do-acidente-ocorrido-em-maio-de-2025-na-marginal-do-tiete-em-decorrencia-de-vazamento-de-esgotos-originarios-do-interceptor\/#breadcrumb\"},\"inLanguage\":\"pt-BR\",\"potentialAction\":[{\"@type\":\"ReadAction\",\"target\":[\"https:\/\/www.institutodeengenharia.org.br\/site\/2025\/07\/24\/por-jose-eduardo-cavalcanti-consideracoes-acerca-do-acidente-ocorrido-em-maio-de-2025-na-marginal-do-tiete-em-decorrencia-de-vazamento-de-esgotos-originarios-do-interceptor\/\"]}]},{\"@type\":\"ImageObject\",\"inLanguage\":\"pt-BR\",\"@id\":\"https:\/\/www.institutodeengenharia.org.br\/site\/2025\/07\/24\/por-jose-eduardo-cavalcanti-consideracoes-acerca-do-acidente-ocorrido-em-maio-de-2025-na-marginal-do-tiete-em-decorrencia-de-vazamento-de-esgotos-originarios-do-interceptor\/#primaryimage\",\"url\":\"https:\/\/www.institutodeengenharia.org.br\/site\/wp-content\/uploads\/2025\/07\/Design-sem-nome-22.png\",\"contentUrl\":\"https:\/\/www.institutodeengenharia.org.br\/site\/wp-content\/uploads\/2025\/07\/Design-sem-nome-22.png\",\"width\":1536,\"height\":1024},{\"@type\":\"BreadcrumbList\",\"@id\":\"https:\/\/www.institutodeengenharia.org.br\/site\/2025\/07\/24\/por-jose-eduardo-cavalcanti-consideracoes-acerca-do-acidente-ocorrido-em-maio-de-2025-na-marginal-do-tiete-em-decorrencia-de-vazamento-de-esgotos-originarios-do-interceptor\/#breadcrumb\",\"itemListElement\":[{\"@type\":\"ListItem\",\"position\":1,\"name\":\"In\u00edcio\",\"item\":\"https:\/\/www.institutodeengenharia.org.br\/site\/\"},{\"@type\":\"ListItem\",\"position\":2,\"name\":\"Por Jos\u00e9 Eduardo Cavalcanti \u2013 Considera\u00e7\u00f5es acerca do acidente ocorrido em maio de 2025 na Marginal do Tiet\u00ea em decorr\u00eancia de vazamento de esgotos origin\u00e1rios do interceptor\"}]},{\"@type\":\"WebSite\",\"@id\":\"https:\/\/www.institutodeengenharia.org.br\/site\/#website\",\"url\":\"https:\/\/www.institutodeengenharia.org.br\/site\/\",\"name\":\"Instituto de Engenharia\",\"description\":\"O Instituto de Engenharia promove a Engenharia em benef\u00edcio do desenvolvimento e da qualidade de vida da sociedade.\",\"publisher\":{\"@id\":\"https:\/\/www.institutodeengenharia.org.br\/site\/#organization\"},\"potentialAction\":[{\"@type\":\"SearchAction\",\"target\":{\"@type\":\"EntryPoint\",\"urlTemplate\":\"https:\/\/www.institutodeengenharia.org.br\/site\/?s={search_term_string}\"},\"query-input\":{\"@type\":\"PropertyValueSpecification\",\"valueRequired\":true,\"valueName\":\"search_term_string\"}}],\"inLanguage\":\"pt-BR\"},{\"@type\":\"Organization\",\"@id\":\"https:\/\/www.institutodeengenharia.org.br\/site\/#organization\",\"name\":\"Instituto de Engenharia\",\"url\":\"https:\/\/www.institutodeengenharia.org.br\/site\/\",\"logo\":{\"@type\":\"ImageObject\",\"inLanguage\":\"pt-BR\",\"@id\":\"https:\/\/www.institutodeengenharia.org.br\/site\/#\/schema\/logo\/image\/\",\"url\":\"https:\/\/www.institutodeengenharia.org.br\/site\/wp-content\/uploads\/2019\/03\/logo-novo-IE2018-1.jpg\",\"contentUrl\":\"https:\/\/www.institutodeengenharia.org.br\/site\/wp-content\/uploads\/2019\/03\/logo-novo-IE2018-1.jpg\",\"width\":1486,\"height\":1879,\"caption\":\"Instituto de Engenharia\"},\"image\":{\"@id\":\"https:\/\/www.institutodeengenharia.org.br\/site\/#\/schema\/logo\/image\/\"},\"sameAs\":[\"https:\/\/www.facebook.com\/institutodeengenharia\",\"https:\/\/x.com\/iengenharia\",\"https:\/\/www.instagram.com\/institutodeengenharia\/\",\"https:\/\/www.linkedin.com\/company\/instituto-de-engenharia\/\",\"https:\/\/www.youtube.com\/channel\/UCXiCAlsSMe977vamW915HxA\"]},{\"@type\":\"Person\",\"@id\":\"https:\/\/www.institutodeengenharia.org.br\/site\/#\/schema\/person\/aeb64951c405e100d26d30b033dd423f\",\"name\":\"Bianca\",\"image\":{\"@type\":\"ImageObject\",\"inLanguage\":\"pt-BR\",\"@id\":\"https:\/\/secure.gravatar.com\/avatar\/a6fbe9bff57405baf4c1e2c5c1811e072b558253974a9f9508f4678900c97c2a?s=96&d=mm&r=g\",\"url\":\"https:\/\/secure.gravatar.com\/avatar\/a6fbe9bff57405baf4c1e2c5c1811e072b558253974a9f9508f4678900c97c2a?s=96&d=mm&r=g\",\"contentUrl\":\"https:\/\/secure.gravatar.com\/avatar\/a6fbe9bff57405baf4c1e2c5c1811e072b558253974a9f9508f4678900c97c2a?s=96&d=mm&r=g\",\"caption\":\"Bianca\"},\"url\":\"https:\/\/www.institutodeengenharia.org.br\/site\/author\/comunicacao1\/\"}]}<\/script>\n<!-- \/ Yoast SEO plugin. -->","yoast_head_json":{"title":"Por Jos\u00e9 Eduardo Cavalcanti \u2013 Considera\u00e7\u00f5es acerca do acidente ocorrido em maio de 2025 na Marginal do Tiet\u00ea em decorr\u00eancia de vazamento de esgotos origin\u00e1rios do interceptor - Instituto de Engenharia","robots":{"index":"index","follow":"follow","max-snippet":"max-snippet:-1","max-image-preview":"max-image-preview:large","max-video-preview":"max-video-preview:-1"},"canonical":"https:\/\/www.institutodeengenharia.org.br\/site\/2025\/07\/24\/por-jose-eduardo-cavalcanti-consideracoes-acerca-do-acidente-ocorrido-em-maio-de-2025-na-marginal-do-tiete-em-decorrencia-de-vazamento-de-esgotos-originarios-do-interceptor\/","og_locale":"pt_BR","og_type":"article","og_title":"Por Jos\u00e9 Eduardo Cavalcanti \u2013 Considera\u00e7\u00f5es acerca do acidente ocorrido em maio de 2025 na Marginal do Tiet\u00ea em decorr\u00eancia de vazamento de esgotos origin\u00e1rios do interceptor - Instituto de Engenharia","og_description":"Alerta: Estas considera\u00e7\u00f5es foram baseadas apenas nos relatos obtidos atrav\u00e9s de entrevistas concedidas \u00e0 imprensa por parte de engenheiros da SABESP, uma vez que n\u00e3o foram ainda disponibilizadas informa\u00e7\u00f5es oficiais de cunho t\u00e9cnico detalhado por parte daquela Companhia. Vamos aos fatos: Em abril deste ano houve um acidente similar, como o ocorrido agora em maio, [&hellip;]","og_url":"https:\/\/www.institutodeengenharia.org.br\/site\/2025\/07\/24\/por-jose-eduardo-cavalcanti-consideracoes-acerca-do-acidente-ocorrido-em-maio-de-2025-na-marginal-do-tiete-em-decorrencia-de-vazamento-de-esgotos-originarios-do-interceptor\/","og_site_name":"Instituto de Engenharia","article_publisher":"https:\/\/www.facebook.com\/institutodeengenharia","article_published_time":"2025-07-24T15:06:18+00:00","article_modified_time":"2025-09-09T12:59:01+00:00","og_image":[{"width":1024,"height":683,"url":"https:\/\/www.institutodeengenharia.org.br\/site\/wp-content\/uploads\/2025\/07\/Design-sem-nome-22-1024x683.png","type":"image\/png"}],"author":"Bianca","twitter_card":"summary_large_image","twitter_creator":"@iengenharia","twitter_site":"@iengenharia","twitter_misc":{"Escrito por":"Bianca","Est. tempo de leitura":"4 minutos"},"schema":{"@context":"https:\/\/schema.org","@graph":[{"@type":"Article","@id":"https:\/\/www.institutodeengenharia.org.br\/site\/2025\/07\/24\/por-jose-eduardo-cavalcanti-consideracoes-acerca-do-acidente-ocorrido-em-maio-de-2025-na-marginal-do-tiete-em-decorrencia-de-vazamento-de-esgotos-originarios-do-interceptor\/#article","isPartOf":{"@id":"https:\/\/www.institutodeengenharia.org.br\/site\/2025\/07\/24\/por-jose-eduardo-cavalcanti-consideracoes-acerca-do-acidente-ocorrido-em-maio-de-2025-na-marginal-do-tiete-em-decorrencia-de-vazamento-de-esgotos-originarios-do-interceptor\/"},"author":{"name":"Bianca","@id":"https:\/\/www.institutodeengenharia.org.br\/site\/#\/schema\/person\/aeb64951c405e100d26d30b033dd423f"},"headline":"Por Jos\u00e9 Eduardo Cavalcanti \u2013 Considera\u00e7\u00f5es acerca do acidente ocorrido em maio de 2025 na Marginal do Tiet\u00ea em decorr\u00eancia de vazamento de esgotos origin\u00e1rios do interceptor","datePublished":"2025-07-24T15:06:18+00:00","dateModified":"2025-09-09T12:59:01+00:00","mainEntityOfPage":{"@id":"https:\/\/www.institutodeengenharia.org.br\/site\/2025\/07\/24\/por-jose-eduardo-cavalcanti-consideracoes-acerca-do-acidente-ocorrido-em-maio-de-2025-na-marginal-do-tiete-em-decorrencia-de-vazamento-de-esgotos-originarios-do-interceptor\/"},"wordCount":590,"commentCount":0,"publisher":{"@id":"https:\/\/www.institutodeengenharia.org.br\/site\/#organization"},"image":{"@id":"https:\/\/www.institutodeengenharia.org.br\/site\/2025\/07\/24\/por-jose-eduardo-cavalcanti-consideracoes-acerca-do-acidente-ocorrido-em-maio-de-2025-na-marginal-do-tiete-em-decorrencia-de-vazamento-de-esgotos-originarios-do-interceptor\/#primaryimage"},"thumbnailUrl":"https:\/\/www.institutodeengenharia.org.br\/site\/wp-content\/uploads\/2025\/07\/Design-sem-nome-22.png","articleSection":["Articulistas","Jos\u00e9 Eduardo Cavalcanti"],"inLanguage":"pt-BR","potentialAction":[{"@type":"CommentAction","name":"Comment","target":["https:\/\/www.institutodeengenharia.org.br\/site\/2025\/07\/24\/por-jose-eduardo-cavalcanti-consideracoes-acerca-do-acidente-ocorrido-em-maio-de-2025-na-marginal-do-tiete-em-decorrencia-de-vazamento-de-esgotos-originarios-do-interceptor\/#respond"]}]},{"@type":"WebPage","@id":"https:\/\/www.institutodeengenharia.org.br\/site\/2025\/07\/24\/por-jose-eduardo-cavalcanti-consideracoes-acerca-do-acidente-ocorrido-em-maio-de-2025-na-marginal-do-tiete-em-decorrencia-de-vazamento-de-esgotos-originarios-do-interceptor\/","url":"https:\/\/www.institutodeengenharia.org.br\/site\/2025\/07\/24\/por-jose-eduardo-cavalcanti-consideracoes-acerca-do-acidente-ocorrido-em-maio-de-2025-na-marginal-do-tiete-em-decorrencia-de-vazamento-de-esgotos-originarios-do-interceptor\/","name":"Por Jos\u00e9 Eduardo Cavalcanti \u2013 Considera\u00e7\u00f5es acerca do acidente ocorrido em maio de 2025 na Marginal do Tiet\u00ea em decorr\u00eancia de vazamento de esgotos origin\u00e1rios do interceptor - Instituto de Engenharia","isPartOf":{"@id":"https:\/\/www.institutodeengenharia.org.br\/site\/#website"},"primaryImageOfPage":{"@id":"https:\/\/www.institutodeengenharia.org.br\/site\/2025\/07\/24\/por-jose-eduardo-cavalcanti-consideracoes-acerca-do-acidente-ocorrido-em-maio-de-2025-na-marginal-do-tiete-em-decorrencia-de-vazamento-de-esgotos-originarios-do-interceptor\/#primaryimage"},"image":{"@id":"https:\/\/www.institutodeengenharia.org.br\/site\/2025\/07\/24\/por-jose-eduardo-cavalcanti-consideracoes-acerca-do-acidente-ocorrido-em-maio-de-2025-na-marginal-do-tiete-em-decorrencia-de-vazamento-de-esgotos-originarios-do-interceptor\/#primaryimage"},"thumbnailUrl":"https:\/\/www.institutodeengenharia.org.br\/site\/wp-content\/uploads\/2025\/07\/Design-sem-nome-22.png","datePublished":"2025-07-24T15:06:18+00:00","dateModified":"2025-09-09T12:59:01+00:00","breadcrumb":{"@id":"https:\/\/www.institutodeengenharia.org.br\/site\/2025\/07\/24\/por-jose-eduardo-cavalcanti-consideracoes-acerca-do-acidente-ocorrido-em-maio-de-2025-na-marginal-do-tiete-em-decorrencia-de-vazamento-de-esgotos-originarios-do-interceptor\/#breadcrumb"},"inLanguage":"pt-BR","potentialAction":[{"@type":"ReadAction","target":["https:\/\/www.institutodeengenharia.org.br\/site\/2025\/07\/24\/por-jose-eduardo-cavalcanti-consideracoes-acerca-do-acidente-ocorrido-em-maio-de-2025-na-marginal-do-tiete-em-decorrencia-de-vazamento-de-esgotos-originarios-do-interceptor\/"]}]},{"@type":"ImageObject","inLanguage":"pt-BR","@id":"https:\/\/www.institutodeengenharia.org.br\/site\/2025\/07\/24\/por-jose-eduardo-cavalcanti-consideracoes-acerca-do-acidente-ocorrido-em-maio-de-2025-na-marginal-do-tiete-em-decorrencia-de-vazamento-de-esgotos-originarios-do-interceptor\/#primaryimage","url":"https:\/\/www.institutodeengenharia.org.br\/site\/wp-content\/uploads\/2025\/07\/Design-sem-nome-22.png","contentUrl":"https:\/\/www.institutodeengenharia.org.br\/site\/wp-content\/uploads\/2025\/07\/Design-sem-nome-22.png","width":1536,"height":1024},{"@type":"BreadcrumbList","@id":"https:\/\/www.institutodeengenharia.org.br\/site\/2025\/07\/24\/por-jose-eduardo-cavalcanti-consideracoes-acerca-do-acidente-ocorrido-em-maio-de-2025-na-marginal-do-tiete-em-decorrencia-de-vazamento-de-esgotos-originarios-do-interceptor\/#breadcrumb","itemListElement":[{"@type":"ListItem","position":1,"name":"In\u00edcio","item":"https:\/\/www.institutodeengenharia.org.br\/site\/"},{"@type":"ListItem","position":2,"name":"Por Jos\u00e9 Eduardo Cavalcanti \u2013 Considera\u00e7\u00f5es acerca do acidente ocorrido em maio de 2025 na Marginal do Tiet\u00ea em decorr\u00eancia de vazamento de esgotos origin\u00e1rios do interceptor"}]},{"@type":"WebSite","@id":"https:\/\/www.institutodeengenharia.org.br\/site\/#website","url":"https:\/\/www.institutodeengenharia.org.br\/site\/","name":"Instituto de Engenharia","description":"O Instituto de Engenharia promove a Engenharia em benef\u00edcio do desenvolvimento e da qualidade de vida da sociedade.","publisher":{"@id":"https:\/\/www.institutodeengenharia.org.br\/site\/#organization"},"potentialAction":[{"@type":"SearchAction","target":{"@type":"EntryPoint","urlTemplate":"https:\/\/www.institutodeengenharia.org.br\/site\/?s={search_term_string}"},"query-input":{"@type":"PropertyValueSpecification","valueRequired":true,"valueName":"search_term_string"}}],"inLanguage":"pt-BR"},{"@type":"Organization","@id":"https:\/\/www.institutodeengenharia.org.br\/site\/#organization","name":"Instituto de Engenharia","url":"https:\/\/www.institutodeengenharia.org.br\/site\/","logo":{"@type":"ImageObject","inLanguage":"pt-BR","@id":"https:\/\/www.institutodeengenharia.org.br\/site\/#\/schema\/logo\/image\/","url":"https:\/\/www.institutodeengenharia.org.br\/site\/wp-content\/uploads\/2019\/03\/logo-novo-IE2018-1.jpg","contentUrl":"https:\/\/www.institutodeengenharia.org.br\/site\/wp-content\/uploads\/2019\/03\/logo-novo-IE2018-1.jpg","width":1486,"height":1879,"caption":"Instituto de Engenharia"},"image":{"@id":"https:\/\/www.institutodeengenharia.org.br\/site\/#\/schema\/logo\/image\/"},"sameAs":["https:\/\/www.facebook.com\/institutodeengenharia","https:\/\/x.com\/iengenharia","https:\/\/www.instagram.com\/institutodeengenharia\/","https:\/\/www.linkedin.com\/company\/instituto-de-engenharia\/","https:\/\/www.youtube.com\/channel\/UCXiCAlsSMe977vamW915HxA"]},{"@type":"Person","@id":"https:\/\/www.institutodeengenharia.org.br\/site\/#\/schema\/person\/aeb64951c405e100d26d30b033dd423f","name":"Bianca","image":{"@type":"ImageObject","inLanguage":"pt-BR","@id":"https:\/\/secure.gravatar.com\/avatar\/a6fbe9bff57405baf4c1e2c5c1811e072b558253974a9f9508f4678900c97c2a?s=96&d=mm&r=g","url":"https:\/\/secure.gravatar.com\/avatar\/a6fbe9bff57405baf4c1e2c5c1811e072b558253974a9f9508f4678900c97c2a?s=96&d=mm&r=g","contentUrl":"https:\/\/secure.gravatar.com\/avatar\/a6fbe9bff57405baf4c1e2c5c1811e072b558253974a9f9508f4678900c97c2a?s=96&d=mm&r=g","caption":"Bianca"},"url":"https:\/\/www.institutodeengenharia.org.br\/site\/author\/comunicacao1\/"}]}},"_links":{"self":[{"href":"https:\/\/www.institutodeengenharia.org.br\/site\/wp-json\/wp\/v2\/posts\/130812","targetHints":{"allow":["GET"]}}],"collection":[{"href":"https:\/\/www.institutodeengenharia.org.br\/site\/wp-json\/wp\/v2\/posts"}],"about":[{"href":"https:\/\/www.institutodeengenharia.org.br\/site\/wp-json\/wp\/v2\/types\/post"}],"author":[{"embeddable":true,"href":"https:\/\/www.institutodeengenharia.org.br\/site\/wp-json\/wp\/v2\/users\/13"}],"replies":[{"embeddable":true,"href":"https:\/\/www.institutodeengenharia.org.br\/site\/wp-json\/wp\/v2\/comments?post=130812"}],"version-history":[{"count":2,"href":"https:\/\/www.institutodeengenharia.org.br\/site\/wp-json\/wp\/v2\/posts\/130812\/revisions"}],"predecessor-version":[{"id":132376,"href":"https:\/\/www.institutodeengenharia.org.br\/site\/wp-json\/wp\/v2\/posts\/130812\/revisions\/132376"}],"wp:featuredmedia":[{"embeddable":true,"href":"https:\/\/www.institutodeengenharia.org.br\/site\/wp-json\/wp\/v2\/media\/130813"}],"wp:attachment":[{"href":"https:\/\/www.institutodeengenharia.org.br\/site\/wp-json\/wp\/v2\/media?parent=130812"}],"wp:term":[{"taxonomy":"category","embeddable":true,"href":"https:\/\/www.institutodeengenharia.org.br\/site\/wp-json\/wp\/v2\/categories?post=130812"},{"taxonomy":"post_tag","embeddable":true,"href":"https:\/\/www.institutodeengenharia.org.br\/site\/wp-json\/wp\/v2\/tags?post=130812"}],"curies":[{"name":"wp","href":"https:\/\/api.w.org\/{rel}","templated":true}]}}