{"id":130701,"date":"2025-06-17T15:39:51","date_gmt":"2025-06-17T18:39:51","guid":{"rendered":"https:\/\/www.institutodeengenharia.org.br\/site\/?p=130701"},"modified":"2025-07-21T15:46:42","modified_gmt":"2025-07-21T18:46:42","slug":"pericias-e-suas-tecnologias","status":"publish","type":"post","link":"https:\/\/www.institutodeengenharia.org.br\/site\/2025\/06\/17\/pericias-e-suas-tecnologias\/","title":{"rendered":"Per\u00edcias e suas tecnologias"},"content":{"rendered":"<p><strong>Assista abaixo \u00e0 grava\u00e7\u00e3o do evento:\u00a0<\/strong><\/p>\n<div style=\"padding: 56.25% 0 0 0; position: relative;\"><iframe style=\"position: absolute; top: 0; left: 0; width: 100%; height: 100%;\" title=\"PER\u00cdCIAS E SUAS TECNOLOGIAS\" src=\"https:\/\/player.vimeo.com\/video\/1103198938?badge=0&amp;autopause=0&amp;player_id=0&amp;app_id=58479\" frameborder=\"0\"><\/iframe><\/div>\n<p>&nbsp;<\/p>\n<p><strong>+ Informa\u00e7\u00f5es:<\/strong><\/p>\n<p>A palestra abordar\u00e1 os impactos das inova\u00e7\u00f5es tecnol\u00f3gicas no exerc\u00edcio da Engenharia contempor\u00e2nea.<\/p>\n<p>Trata de um cen\u00e1rio de transforma\u00e7\u00f5es aceleradas \u2014 marcado por Intelig\u00eancia Artificial, Automa\u00e7\u00e3o, Digital Twins, Internet das coisas (IoT), Materiais Inteligentes e Metodologias Inovadoras \u2014 onde o engenheiro \u00e9 cada vez mais chamado a reinventar seu papel e atualizar suas compet\u00eancias.<\/p>\n<p>\u00c9 uma oportunidade para refletirmos sobre os desafios e as oportunidades que essas novas tecnologias oferecem, tanto na atua\u00e7\u00e3o profissional quanto na forma\u00e7\u00e3o t\u00e9cnica dos engenheiros.<\/p>\n<p><strong>P\u00fablico-alvo:<\/strong><\/p>\n<p>Engenheiros e arquitetos que atuam, ou desejam atuar, na \u00e1rea de Engenharia de Inova\u00e7\u00f5es.<\/p>\n<p><strong>Realiza\u00e7\u00e3o:<\/strong><\/p>\n<p><img loading=\"lazy\" decoding=\"async\" class=\"alignnone wp-image-81229 alignleft td-animation-stack-type0-2\" src=\"https:\/\/www.institutodeengenharia.org.br\/site\/wp-content\/uploads\/2021\/05\/ie-logo-escudo.jpeg\" alt=\"\" width=\"94\" height=\"119\" srcset=\"https:\/\/www.institutodeengenharia.org.br\/site\/wp-content\/uploads\/2021\/05\/ie-logo-escudo.jpeg 1012w, https:\/\/www.institutodeengenharia.org.br\/site\/wp-content\/uploads\/2021\/05\/ie-logo-escudo-237x300.jpeg 237w, https:\/\/www.institutodeengenharia.org.br\/site\/wp-content\/uploads\/2021\/05\/ie-logo-escudo-810x1024.jpeg 810w, https:\/\/www.institutodeengenharia.org.br\/site\/wp-content\/uploads\/2021\/05\/ie-logo-escudo-768x971.jpeg 768w, https:\/\/www.institutodeengenharia.org.br\/site\/wp-content\/uploads\/2021\/05\/ie-logo-escudo-696x880.jpeg 696w, https:\/\/www.institutodeengenharia.org.br\/site\/wp-content\/uploads\/2021\/05\/ie-logo-escudo-332x420.jpeg 332w, https:\/\/www.institutodeengenharia.org.br\/site\/wp-content\/uploads\/2021\/05\/ie-logo-escudo-600x759.jpeg 600w\" sizes=\"auto, (max-width: 94px) 100vw, 94px\" \/><\/p>\n<p><strong>Eng. Jer\u00f4nimo Cabral Pereira Fagundes Neto<\/strong>\u00a0\u2013 Vice-Presidente de Atividades T\u00e9cnicas<\/p>\n<p><strong>Eng.\u00aa D\u00e9bora Sanches de A. Marinello<\/strong>\u00a0\u2013 Diretora do Departamento de Desenvolvimento de Gest\u00e3o e Objetivos<\/p>\n<p><strong>Eng. Ricardo Henrique de Araujo Imamura<\/strong>\u00a0\u2013 Coordenador da Divis\u00e3o T\u00e9cnica de Avalia\u00e7\u00f5es e Per\u00edcias<\/p>\n<p><strong>Apoio Institucional:<\/strong><\/p>\n<p><img loading=\"lazy\" decoding=\"async\" class=\"alignnone wp-image-77696 td-animation-stack-type0-2\" src=\"https:\/\/www.institutodeengenharia.org.br\/site\/wp-content\/uploads\/2021\/02\/crea.jpg\" alt=\"\" width=\"145\" height=\"102\" srcset=\"https:\/\/www.institutodeengenharia.org.br\/site\/wp-content\/uploads\/2021\/02\/crea.jpg 448w, https:\/\/www.institutodeengenharia.org.br\/site\/wp-content\/uploads\/2021\/02\/crea-300x211.jpg 300w, https:\/\/www.institutodeengenharia.org.br\/site\/wp-content\/uploads\/2021\/02\/crea-100x70.jpg 100w\" sizes=\"auto, (max-width: 145px) 100vw, 145px\" \/><\/p>\n<p><strong>Apoio \u00e0 forma\u00e7\u00e3o:\u00a0<\/strong><\/p>\n<p>Espa\u00e7o aberto ao CREA-SP, objetivando o aperfei\u00e7oamento dos profissionais e o aprimoramento da fiscaliza\u00e7\u00e3o das \u00e1reas abrangidas pelo Sistema Confea\/CREAs, al\u00e9m de promover a conscientiza\u00e7\u00e3o da sociedade quanto \u00e0 necessidade e obrigatoriedade de contratar um profissional devidamente habilitado.<\/p>\n<p>&nbsp;<\/p>\n","protected":false},"excerpt":{"rendered":"<p>Assista abaixo \u00e0 grava\u00e7\u00e3o do evento:\u00a0 &nbsp; + Informa\u00e7\u00f5es: A palestra abordar\u00e1 os impactos das inova\u00e7\u00f5es tecnol\u00f3gicas no exerc\u00edcio da Engenharia contempor\u00e2nea. Trata de um cen\u00e1rio de transforma\u00e7\u00f5es aceleradas \u2014 marcado por Intelig\u00eancia Artificial, Automa\u00e7\u00e3o, Digital Twins, Internet das coisas (IoT), Materiais Inteligentes e Metodologias Inovadoras \u2014 onde o engenheiro \u00e9 cada vez mais chamado [&hellip;]<\/p>\n","protected":false},"author":13,"featured_media":130711,"comment_status":"open","ping_status":"open","sticky":false,"template":"","format":"video","meta":{"footnotes":""},"categories":[968,969],"tags":[],"class_list":{"0":"post-130701","1":"post","2":"type-post","3":"status-publish","4":"format-video","5":"has-post-thumbnail","7":"category-nova-tv-engenharia","8":"category-palestra","9":"post_format-post-format-video"},"yoast_head":"<!-- This site is optimized with the Yoast SEO plugin v27.2 - https:\/\/yoast.com\/product\/yoast-seo-wordpress\/ -->\n<title>Per\u00edcias e suas tecnologias - Instituto de Engenharia<\/title>\n<meta name=\"robots\" content=\"index, follow, max-snippet:-1, max-image-preview:large, max-video-preview:-1\" \/>\n<link rel=\"canonical\" href=\"https:\/\/www.institutodeengenharia.org.br\/site\/2025\/06\/17\/pericias-e-suas-tecnologias\/\" \/>\n<meta property=\"og:locale\" content=\"pt_BR\" \/>\n<meta property=\"og:type\" content=\"article\" \/>\n<meta property=\"og:title\" content=\"Per\u00edcias e suas tecnologias - Instituto de Engenharia\" \/>\n<meta property=\"og:description\" content=\"Assista abaixo \u00e0 grava\u00e7\u00e3o do evento:\u00a0 &nbsp; + Informa\u00e7\u00f5es: A palestra abordar\u00e1 os impactos das inova\u00e7\u00f5es tecnol\u00f3gicas no exerc\u00edcio da Engenharia contempor\u00e2nea. Trata de um cen\u00e1rio de transforma\u00e7\u00f5es aceleradas \u2014 marcado por Intelig\u00eancia Artificial, Automa\u00e7\u00e3o, Digital Twins, Internet das coisas (IoT), Materiais Inteligentes e Metodologias Inovadoras \u2014 onde o engenheiro \u00e9 cada vez mais chamado [&hellip;]\" \/>\n<meta property=\"og:url\" content=\"https:\/\/www.institutodeengenharia.org.br\/site\/2025\/06\/17\/pericias-e-suas-tecnologias\/\" \/>\n<meta property=\"og:site_name\" content=\"Instituto de Engenharia\" \/>\n<meta property=\"article:publisher\" content=\"https:\/\/www.facebook.com\/institutodeengenharia\" \/>\n<meta property=\"article:published_time\" content=\"2025-06-17T18:39:51+00:00\" \/>\n<meta property=\"article:modified_time\" content=\"2025-07-21T18:46:42+00:00\" \/>\n<meta property=\"og:image\" content=\"https:\/\/www.institutodeengenharia.org.br\/site\/wp-content\/uploads\/2025\/07\/PERICIAS-E-SUAS-TECNOLOGIAS.jpg\" \/>\n\t<meta property=\"og:image:width\" content=\"1920\" \/>\n\t<meta property=\"og:image:height\" content=\"1080\" \/>\n\t<meta property=\"og:image:type\" content=\"image\/jpeg\" \/>\n<meta name=\"author\" content=\"Bianca\" \/>\n<meta name=\"twitter:card\" content=\"summary_large_image\" \/>\n<meta name=\"twitter:creator\" content=\"@iengenharia\" \/>\n<meta name=\"twitter:site\" content=\"@iengenharia\" \/>\n<meta name=\"twitter:label1\" content=\"Escrito por\" \/>\n\t<meta name=\"twitter:data1\" content=\"Bianca\" \/>\n\t<meta name=\"twitter:label2\" content=\"Est. tempo de leitura\" \/>\n\t<meta name=\"twitter:data2\" content=\"2 minutos\" \/>\n<script type=\"application\/ld+json\" class=\"yoast-schema-graph\">{\"@context\":\"https:\/\/schema.org\",\"@graph\":[{\"@type\":\"Article\",\"@id\":\"https:\/\/www.institutodeengenharia.org.br\/site\/2025\/06\/17\/pericias-e-suas-tecnologias\/#article\",\"isPartOf\":{\"@id\":\"https:\/\/www.institutodeengenharia.org.br\/site\/2025\/06\/17\/pericias-e-suas-tecnologias\/\"},\"author\":{\"name\":\"Bianca\",\"@id\":\"https:\/\/www.institutodeengenharia.org.br\/site\/#\/schema\/person\/aeb64951c405e100d26d30b033dd423f\"},\"headline\":\"Per\u00edcias e suas tecnologias\",\"datePublished\":\"2025-06-17T18:39:51+00:00\",\"dateModified\":\"2025-07-21T18:46:42+00:00\",\"mainEntityOfPage\":{\"@id\":\"https:\/\/www.institutodeengenharia.org.br\/site\/2025\/06\/17\/pericias-e-suas-tecnologias\/\"},\"wordCount\":217,\"commentCount\":0,\"publisher\":{\"@id\":\"https:\/\/www.institutodeengenharia.org.br\/site\/#organization\"},\"image\":{\"@id\":\"https:\/\/www.institutodeengenharia.org.br\/site\/2025\/06\/17\/pericias-e-suas-tecnologias\/#primaryimage\"},\"thumbnailUrl\":\"https:\/\/www.institutodeengenharia.org.br\/site\/wp-content\/uploads\/2025\/07\/PERICIAS-E-SUAS-TECNOLOGIAS.jpg\",\"articleSection\":[\"Nova TV Engenharia\",\"Palestra\"],\"inLanguage\":\"pt-BR\",\"potentialAction\":[{\"@type\":\"CommentAction\",\"name\":\"Comment\",\"target\":[\"https:\/\/www.institutodeengenharia.org.br\/site\/2025\/06\/17\/pericias-e-suas-tecnologias\/#respond\"]}]},{\"@type\":\"WebPage\",\"@id\":\"https:\/\/www.institutodeengenharia.org.br\/site\/2025\/06\/17\/pericias-e-suas-tecnologias\/\",\"url\":\"https:\/\/www.institutodeengenharia.org.br\/site\/2025\/06\/17\/pericias-e-suas-tecnologias\/\",\"name\":\"Per\u00edcias e suas tecnologias - Instituto de Engenharia\",\"isPartOf\":{\"@id\":\"https:\/\/www.institutodeengenharia.org.br\/site\/#website\"},\"primaryImageOfPage\":{\"@id\":\"https:\/\/www.institutodeengenharia.org.br\/site\/2025\/06\/17\/pericias-e-suas-tecnologias\/#primaryimage\"},\"image\":{\"@id\":\"https:\/\/www.institutodeengenharia.org.br\/site\/2025\/06\/17\/pericias-e-suas-tecnologias\/#primaryimage\"},\"thumbnailUrl\":\"https:\/\/www.institutodeengenharia.org.br\/site\/wp-content\/uploads\/2025\/07\/PERICIAS-E-SUAS-TECNOLOGIAS.jpg\",\"datePublished\":\"2025-06-17T18:39:51+00:00\",\"dateModified\":\"2025-07-21T18:46:42+00:00\",\"breadcrumb\":{\"@id\":\"https:\/\/www.institutodeengenharia.org.br\/site\/2025\/06\/17\/pericias-e-suas-tecnologias\/#breadcrumb\"},\"inLanguage\":\"pt-BR\",\"potentialAction\":[{\"@type\":\"ReadAction\",\"target\":[\"https:\/\/www.institutodeengenharia.org.br\/site\/2025\/06\/17\/pericias-e-suas-tecnologias\/\"]}]},{\"@type\":\"ImageObject\",\"inLanguage\":\"pt-BR\",\"@id\":\"https:\/\/www.institutodeengenharia.org.br\/site\/2025\/06\/17\/pericias-e-suas-tecnologias\/#primaryimage\",\"url\":\"https:\/\/www.institutodeengenharia.org.br\/site\/wp-content\/uploads\/2025\/07\/PERICIAS-E-SUAS-TECNOLOGIAS.jpg\",\"contentUrl\":\"https:\/\/www.institutodeengenharia.org.br\/site\/wp-content\/uploads\/2025\/07\/PERICIAS-E-SUAS-TECNOLOGIAS.jpg\",\"width\":1920,\"height\":1080},{\"@type\":\"BreadcrumbList\",\"@id\":\"https:\/\/www.institutodeengenharia.org.br\/site\/2025\/06\/17\/pericias-e-suas-tecnologias\/#breadcrumb\",\"itemListElement\":[{\"@type\":\"ListItem\",\"position\":1,\"name\":\"In\u00edcio\",\"item\":\"https:\/\/www.institutodeengenharia.org.br\/site\/\"},{\"@type\":\"ListItem\",\"position\":2,\"name\":\"Per\u00edcias e suas tecnologias\"}]},{\"@type\":\"WebSite\",\"@id\":\"https:\/\/www.institutodeengenharia.org.br\/site\/#website\",\"url\":\"https:\/\/www.institutodeengenharia.org.br\/site\/\",\"name\":\"Instituto de Engenharia\",\"description\":\"O Instituto de Engenharia promove a Engenharia em benef\u00edcio do desenvolvimento e da qualidade de vida da sociedade.\",\"publisher\":{\"@id\":\"https:\/\/www.institutodeengenharia.org.br\/site\/#organization\"},\"potentialAction\":[{\"@type\":\"SearchAction\",\"target\":{\"@type\":\"EntryPoint\",\"urlTemplate\":\"https:\/\/www.institutodeengenharia.org.br\/site\/?s={search_term_string}\"},\"query-input\":{\"@type\":\"PropertyValueSpecification\",\"valueRequired\":true,\"valueName\":\"search_term_string\"}}],\"inLanguage\":\"pt-BR\"},{\"@type\":\"Organization\",\"@id\":\"https:\/\/www.institutodeengenharia.org.br\/site\/#organization\",\"name\":\"Instituto de Engenharia\",\"url\":\"https:\/\/www.institutodeengenharia.org.br\/site\/\",\"logo\":{\"@type\":\"ImageObject\",\"inLanguage\":\"pt-BR\",\"@id\":\"https:\/\/www.institutodeengenharia.org.br\/site\/#\/schema\/logo\/image\/\",\"url\":\"https:\/\/www.institutodeengenharia.org.br\/site\/wp-content\/uploads\/2019\/03\/logo-novo-IE2018-1.jpg\",\"contentUrl\":\"https:\/\/www.institutodeengenharia.org.br\/site\/wp-content\/uploads\/2019\/03\/logo-novo-IE2018-1.jpg\",\"width\":1486,\"height\":1879,\"caption\":\"Instituto de Engenharia\"},\"image\":{\"@id\":\"https:\/\/www.institutodeengenharia.org.br\/site\/#\/schema\/logo\/image\/\"},\"sameAs\":[\"https:\/\/www.facebook.com\/institutodeengenharia\",\"https:\/\/x.com\/iengenharia\",\"https:\/\/www.instagram.com\/institutodeengenharia\/\",\"https:\/\/www.linkedin.com\/company\/instituto-de-engenharia\/\",\"https:\/\/www.youtube.com\/channel\/UCXiCAlsSMe977vamW915HxA\"]},{\"@type\":\"Person\",\"@id\":\"https:\/\/www.institutodeengenharia.org.br\/site\/#\/schema\/person\/aeb64951c405e100d26d30b033dd423f\",\"name\":\"Bianca\",\"image\":{\"@type\":\"ImageObject\",\"inLanguage\":\"pt-BR\",\"@id\":\"https:\/\/secure.gravatar.com\/avatar\/a6fbe9bff57405baf4c1e2c5c1811e072b558253974a9f9508f4678900c97c2a?s=96&d=mm&r=g\",\"url\":\"https:\/\/secure.gravatar.com\/avatar\/a6fbe9bff57405baf4c1e2c5c1811e072b558253974a9f9508f4678900c97c2a?s=96&d=mm&r=g\",\"contentUrl\":\"https:\/\/secure.gravatar.com\/avatar\/a6fbe9bff57405baf4c1e2c5c1811e072b558253974a9f9508f4678900c97c2a?s=96&d=mm&r=g\",\"caption\":\"Bianca\"},\"url\":\"https:\/\/www.institutodeengenharia.org.br\/site\/author\/comunicacao1\/\"}]}<\/script>\n<!-- \/ Yoast SEO plugin. -->","yoast_head_json":{"title":"Per\u00edcias e suas tecnologias - Instituto de Engenharia","robots":{"index":"index","follow":"follow","max-snippet":"max-snippet:-1","max-image-preview":"max-image-preview:large","max-video-preview":"max-video-preview:-1"},"canonical":"https:\/\/www.institutodeengenharia.org.br\/site\/2025\/06\/17\/pericias-e-suas-tecnologias\/","og_locale":"pt_BR","og_type":"article","og_title":"Per\u00edcias e suas tecnologias - Instituto de Engenharia","og_description":"Assista abaixo \u00e0 grava\u00e7\u00e3o do evento:\u00a0 &nbsp; + Informa\u00e7\u00f5es: A palestra abordar\u00e1 os impactos das inova\u00e7\u00f5es tecnol\u00f3gicas no exerc\u00edcio da Engenharia contempor\u00e2nea. Trata de um cen\u00e1rio de transforma\u00e7\u00f5es aceleradas \u2014 marcado por Intelig\u00eancia Artificial, Automa\u00e7\u00e3o, Digital Twins, Internet das coisas (IoT), Materiais Inteligentes e Metodologias Inovadoras \u2014 onde o engenheiro \u00e9 cada vez mais chamado [&hellip;]","og_url":"https:\/\/www.institutodeengenharia.org.br\/site\/2025\/06\/17\/pericias-e-suas-tecnologias\/","og_site_name":"Instituto de Engenharia","article_publisher":"https:\/\/www.facebook.com\/institutodeengenharia","article_published_time":"2025-06-17T18:39:51+00:00","article_modified_time":"2025-07-21T18:46:42+00:00","og_image":[{"width":1920,"height":1080,"url":"https:\/\/www.institutodeengenharia.org.br\/site\/wp-content\/uploads\/2025\/07\/PERICIAS-E-SUAS-TECNOLOGIAS.jpg","type":"image\/jpeg"}],"author":"Bianca","twitter_card":"summary_large_image","twitter_creator":"@iengenharia","twitter_site":"@iengenharia","twitter_misc":{"Escrito por":"Bianca","Est. tempo de leitura":"2 minutos"},"schema":{"@context":"https:\/\/schema.org","@graph":[{"@type":"Article","@id":"https:\/\/www.institutodeengenharia.org.br\/site\/2025\/06\/17\/pericias-e-suas-tecnologias\/#article","isPartOf":{"@id":"https:\/\/www.institutodeengenharia.org.br\/site\/2025\/06\/17\/pericias-e-suas-tecnologias\/"},"author":{"name":"Bianca","@id":"https:\/\/www.institutodeengenharia.org.br\/site\/#\/schema\/person\/aeb64951c405e100d26d30b033dd423f"},"headline":"Per\u00edcias e suas tecnologias","datePublished":"2025-06-17T18:39:51+00:00","dateModified":"2025-07-21T18:46:42+00:00","mainEntityOfPage":{"@id":"https:\/\/www.institutodeengenharia.org.br\/site\/2025\/06\/17\/pericias-e-suas-tecnologias\/"},"wordCount":217,"commentCount":0,"publisher":{"@id":"https:\/\/www.institutodeengenharia.org.br\/site\/#organization"},"image":{"@id":"https:\/\/www.institutodeengenharia.org.br\/site\/2025\/06\/17\/pericias-e-suas-tecnologias\/#primaryimage"},"thumbnailUrl":"https:\/\/www.institutodeengenharia.org.br\/site\/wp-content\/uploads\/2025\/07\/PERICIAS-E-SUAS-TECNOLOGIAS.jpg","articleSection":["Nova TV Engenharia","Palestra"],"inLanguage":"pt-BR","potentialAction":[{"@type":"CommentAction","name":"Comment","target":["https:\/\/www.institutodeengenharia.org.br\/site\/2025\/06\/17\/pericias-e-suas-tecnologias\/#respond"]}]},{"@type":"WebPage","@id":"https:\/\/www.institutodeengenharia.org.br\/site\/2025\/06\/17\/pericias-e-suas-tecnologias\/","url":"https:\/\/www.institutodeengenharia.org.br\/site\/2025\/06\/17\/pericias-e-suas-tecnologias\/","name":"Per\u00edcias e suas tecnologias - Instituto de Engenharia","isPartOf":{"@id":"https:\/\/www.institutodeengenharia.org.br\/site\/#website"},"primaryImageOfPage":{"@id":"https:\/\/www.institutodeengenharia.org.br\/site\/2025\/06\/17\/pericias-e-suas-tecnologias\/#primaryimage"},"image":{"@id":"https:\/\/www.institutodeengenharia.org.br\/site\/2025\/06\/17\/pericias-e-suas-tecnologias\/#primaryimage"},"thumbnailUrl":"https:\/\/www.institutodeengenharia.org.br\/site\/wp-content\/uploads\/2025\/07\/PERICIAS-E-SUAS-TECNOLOGIAS.jpg","datePublished":"2025-06-17T18:39:51+00:00","dateModified":"2025-07-21T18:46:42+00:00","breadcrumb":{"@id":"https:\/\/www.institutodeengenharia.org.br\/site\/2025\/06\/17\/pericias-e-suas-tecnologias\/#breadcrumb"},"inLanguage":"pt-BR","potentialAction":[{"@type":"ReadAction","target":["https:\/\/www.institutodeengenharia.org.br\/site\/2025\/06\/17\/pericias-e-suas-tecnologias\/"]}]},{"@type":"ImageObject","inLanguage":"pt-BR","@id":"https:\/\/www.institutodeengenharia.org.br\/site\/2025\/06\/17\/pericias-e-suas-tecnologias\/#primaryimage","url":"https:\/\/www.institutodeengenharia.org.br\/site\/wp-content\/uploads\/2025\/07\/PERICIAS-E-SUAS-TECNOLOGIAS.jpg","contentUrl":"https:\/\/www.institutodeengenharia.org.br\/site\/wp-content\/uploads\/2025\/07\/PERICIAS-E-SUAS-TECNOLOGIAS.jpg","width":1920,"height":1080},{"@type":"BreadcrumbList","@id":"https:\/\/www.institutodeengenharia.org.br\/site\/2025\/06\/17\/pericias-e-suas-tecnologias\/#breadcrumb","itemListElement":[{"@type":"ListItem","position":1,"name":"In\u00edcio","item":"https:\/\/www.institutodeengenharia.org.br\/site\/"},{"@type":"ListItem","position":2,"name":"Per\u00edcias e suas tecnologias"}]},{"@type":"WebSite","@id":"https:\/\/www.institutodeengenharia.org.br\/site\/#website","url":"https:\/\/www.institutodeengenharia.org.br\/site\/","name":"Instituto de Engenharia","description":"O Instituto de Engenharia promove a Engenharia em benef\u00edcio do desenvolvimento e da qualidade de vida da sociedade.","publisher":{"@id":"https:\/\/www.institutodeengenharia.org.br\/site\/#organization"},"potentialAction":[{"@type":"SearchAction","target":{"@type":"EntryPoint","urlTemplate":"https:\/\/www.institutodeengenharia.org.br\/site\/?s={search_term_string}"},"query-input":{"@type":"PropertyValueSpecification","valueRequired":true,"valueName":"search_term_string"}}],"inLanguage":"pt-BR"},{"@type":"Organization","@id":"https:\/\/www.institutodeengenharia.org.br\/site\/#organization","name":"Instituto de Engenharia","url":"https:\/\/www.institutodeengenharia.org.br\/site\/","logo":{"@type":"ImageObject","inLanguage":"pt-BR","@id":"https:\/\/www.institutodeengenharia.org.br\/site\/#\/schema\/logo\/image\/","url":"https:\/\/www.institutodeengenharia.org.br\/site\/wp-content\/uploads\/2019\/03\/logo-novo-IE2018-1.jpg","contentUrl":"https:\/\/www.institutodeengenharia.org.br\/site\/wp-content\/uploads\/2019\/03\/logo-novo-IE2018-1.jpg","width":1486,"height":1879,"caption":"Instituto de Engenharia"},"image":{"@id":"https:\/\/www.institutodeengenharia.org.br\/site\/#\/schema\/logo\/image\/"},"sameAs":["https:\/\/www.facebook.com\/institutodeengenharia","https:\/\/x.com\/iengenharia","https:\/\/www.instagram.com\/institutodeengenharia\/","https:\/\/www.linkedin.com\/company\/instituto-de-engenharia\/","https:\/\/www.youtube.com\/channel\/UCXiCAlsSMe977vamW915HxA"]},{"@type":"Person","@id":"https:\/\/www.institutodeengenharia.org.br\/site\/#\/schema\/person\/aeb64951c405e100d26d30b033dd423f","name":"Bianca","image":{"@type":"ImageObject","inLanguage":"pt-BR","@id":"https:\/\/secure.gravatar.com\/avatar\/a6fbe9bff57405baf4c1e2c5c1811e072b558253974a9f9508f4678900c97c2a?s=96&d=mm&r=g","url":"https:\/\/secure.gravatar.com\/avatar\/a6fbe9bff57405baf4c1e2c5c1811e072b558253974a9f9508f4678900c97c2a?s=96&d=mm&r=g","contentUrl":"https:\/\/secure.gravatar.com\/avatar\/a6fbe9bff57405baf4c1e2c5c1811e072b558253974a9f9508f4678900c97c2a?s=96&d=mm&r=g","caption":"Bianca"},"url":"https:\/\/www.institutodeengenharia.org.br\/site\/author\/comunicacao1\/"}]}},"_links":{"self":[{"href":"https:\/\/www.institutodeengenharia.org.br\/site\/wp-json\/wp\/v2\/posts\/130701","targetHints":{"allow":["GET"]}}],"collection":[{"href":"https:\/\/www.institutodeengenharia.org.br\/site\/wp-json\/wp\/v2\/posts"}],"about":[{"href":"https:\/\/www.institutodeengenharia.org.br\/site\/wp-json\/wp\/v2\/types\/post"}],"author":[{"embeddable":true,"href":"https:\/\/www.institutodeengenharia.org.br\/site\/wp-json\/wp\/v2\/users\/13"}],"replies":[{"embeddable":true,"href":"https:\/\/www.institutodeengenharia.org.br\/site\/wp-json\/wp\/v2\/comments?post=130701"}],"version-history":[{"count":1,"href":"https:\/\/www.institutodeengenharia.org.br\/site\/wp-json\/wp\/v2\/posts\/130701\/revisions"}],"predecessor-version":[{"id":130712,"href":"https:\/\/www.institutodeengenharia.org.br\/site\/wp-json\/wp\/v2\/posts\/130701\/revisions\/130712"}],"wp:featuredmedia":[{"embeddable":true,"href":"https:\/\/www.institutodeengenharia.org.br\/site\/wp-json\/wp\/v2\/media\/130711"}],"wp:attachment":[{"href":"https:\/\/www.institutodeengenharia.org.br\/site\/wp-json\/wp\/v2\/media?parent=130701"}],"wp:term":[{"taxonomy":"category","embeddable":true,"href":"https:\/\/www.institutodeengenharia.org.br\/site\/wp-json\/wp\/v2\/categories?post=130701"},{"taxonomy":"post_tag","embeddable":true,"href":"https:\/\/www.institutodeengenharia.org.br\/site\/wp-json\/wp\/v2\/tags?post=130701"}],"curies":[{"name":"wp","href":"https:\/\/api.w.org\/{rel}","templated":true}]}}