{"id":130629,"date":"2025-07-17T14:55:27","date_gmt":"2025-07-17T17:55:27","guid":{"rendered":"https:\/\/www.institutodeengenharia.org.br\/site\/?p=130629"},"modified":"2025-07-17T15:38:27","modified_gmt":"2025-07-17T18:38:27","slug":"podcast-visao-da-engenharia-bastidores-do-gerenciamento-e-dos-empreendimentos-imobiliarios-no-brasil-13","status":"publish","type":"post","link":"https:\/\/www.institutodeengenharia.org.br\/site\/2025\/07\/17\/podcast-visao-da-engenharia-bastidores-do-gerenciamento-e-dos-empreendimentos-imobiliarios-no-brasil-13\/","title":{"rendered":"PodCast Vis\u00e3o da Engenharia &#8211; Bastidores do Gerenciamento e dos Empreendimentos Imobili\u00e1rios no Brasil #13"},"content":{"rendered":"<p><iframe loading=\"lazy\" title=\"YouTube video player\" src=\"https:\/\/www.youtube.com\/embed\/YaaBScfAo2o?si=QXbijH8iCyVTpjzG\" width=\"560\" height=\"315\" frameborder=\"0\" allowfullscreen=\"allowfullscreen\"><\/iframe><\/p>\n<p>Neste epis\u00f3dio gravado no Instituto de Engenharia, em S\u00e3o Paulo, Hernani Varella, s\u00f3cio-diretor da Tallento Engenharia \u2014 uma das principais empresas de gerenciamento de obras do Brasil \u2014 participa de um bate-papo revelador sobre os bastidores, desafios e transforma\u00e7\u00f5es do mercado imobili\u00e1rio e da Engenharia nacional.<\/p>\n<p>Hernani compartilha experi\u00eancias que v\u00e3o desde a sua forma\u00e7\u00e3o na Poli-USP at\u00e9 a atua\u00e7\u00e3o da Talento em mais de 1.400 obras no pa\u00eds, incluindo projetos ic\u00f4nicos como o novo pr\u00e9dio do MASP. A conversa mergulha em temas como:<br \/>\n\u2022 O modelo de empreendimentos a \u201cpre\u00e7o de custo\u201d;<br \/>\n\u2022 A evolu\u00e7\u00e3o do gerenciamento de obras no Brasil;<br \/>\n\u2022 O impacto da legisla\u00e7\u00e3o urbana, da Selic e dos Planos Diretores no mercado;<br \/>\n\u2022 A transforma\u00e7\u00e3o dos bairros de S\u00e3o Paulo e o futuro das moradias;<br \/>\n\u2022 O papel da tecnologia (como BIM e drones) na engenharia moderna;<br \/>\n\u2022 A import\u00e2ncia da forma\u00e7\u00e3o dos engenheiros para os desafios atuais;<br \/>\n\u2022 Os desafios t\u00e9cnicos e estrat\u00e9gicos da obra do MASP;<br \/>\n\u2022 A import\u00e2ncia do retrofit e da revitaliza\u00e7\u00e3o do centro hist\u00f3rico de S\u00e3o Paulo.<\/p>\n<p>Da engenharia \u201cp\u00e9 no barro\u201d aos sistemas inteligentes de gest\u00e3o, esse epis\u00f3dio \u00e9 uma aula pr\u00e1tica sobre como projetos imobili\u00e1rios ganham vida \u2014 com intelig\u00eancia, planejamento e paix\u00e3o pela constru\u00e7\u00e3o.<\/p>\n<p>Participa\u00e7\u00e3o de Alfredo Savelli, Miriana Marques e Rui Camargo, do Instituto de Engenharia, e Regis Gehlen Oliveira, da ConVis\u00e3o CNC.<\/p>\n<p>Se voc\u00ea \u00e9 engenheiro, estudante, investidor ou apaixonado por urbanismo e mercado imobili\u00e1rio, este epis\u00f3dio \u00e9 imperd\u00edvel!<\/p>\n","protected":false},"excerpt":{"rendered":"<p>Neste epis\u00f3dio gravado no Instituto de Engenharia, em S\u00e3o Paulo, Hernani Varella, s\u00f3cio-diretor da Tallento Engenharia \u2014 uma das principais empresas de gerenciamento de obras do Brasil \u2014 participa de um bate-papo revelador sobre os bastidores, desafios e transforma\u00e7\u00f5es do mercado imobili\u00e1rio e da Engenharia nacional. Hernani compartilha experi\u00eancias que v\u00e3o desde a sua forma\u00e7\u00e3o [&hellip;]<\/p>\n","protected":false},"author":13,"featured_media":130635,"comment_status":"open","ping_status":"open","sticky":false,"template":"","format":"video","meta":{"footnotes":""},"categories":[968,969],"tags":[1176],"class_list":{"0":"post-130629","1":"post","2":"type-post","3":"status-publish","4":"format-video","5":"has-post-thumbnail","7":"category-nova-tv-engenharia","8":"category-palestra","9":"tag-video-home","10":"post_format-post-format-video"},"yoast_head":"<!-- This site is optimized with the Yoast SEO plugin v27.2 - https:\/\/yoast.com\/product\/yoast-seo-wordpress\/ -->\n<title>PodCast Vis\u00e3o da Engenharia - Bastidores do Gerenciamento e dos Empreendimentos Imobili\u00e1rios no Brasil #13 - Instituto de Engenharia<\/title>\n<meta name=\"robots\" content=\"index, follow, max-snippet:-1, max-image-preview:large, max-video-preview:-1\" \/>\n<link rel=\"canonical\" href=\"https:\/\/www.institutodeengenharia.org.br\/site\/2025\/07\/17\/podcast-visao-da-engenharia-bastidores-do-gerenciamento-e-dos-empreendimentos-imobiliarios-no-brasil-13\/\" \/>\n<meta property=\"og:locale\" content=\"pt_BR\" \/>\n<meta property=\"og:type\" content=\"article\" \/>\n<meta property=\"og:title\" content=\"PodCast Vis\u00e3o da Engenharia - Bastidores do Gerenciamento e dos Empreendimentos Imobili\u00e1rios no Brasil #13 - Instituto de Engenharia\" \/>\n<meta property=\"og:description\" content=\"Neste epis\u00f3dio gravado no Instituto de Engenharia, em S\u00e3o Paulo, Hernani Varella, s\u00f3cio-diretor da Tallento Engenharia \u2014 uma das principais empresas de gerenciamento de obras do Brasil \u2014 participa de um bate-papo revelador sobre os bastidores, desafios e transforma\u00e7\u00f5es do mercado imobili\u00e1rio e da Engenharia nacional. Hernani compartilha experi\u00eancias que v\u00e3o desde a sua forma\u00e7\u00e3o [&hellip;]\" \/>\n<meta property=\"og:url\" content=\"https:\/\/www.institutodeengenharia.org.br\/site\/2025\/07\/17\/podcast-visao-da-engenharia-bastidores-do-gerenciamento-e-dos-empreendimentos-imobiliarios-no-brasil-13\/\" \/>\n<meta property=\"og:site_name\" content=\"Instituto de Engenharia\" \/>\n<meta property=\"article:publisher\" content=\"https:\/\/www.facebook.com\/institutodeengenharia\" \/>\n<meta property=\"article:published_time\" content=\"2025-07-17T17:55:27+00:00\" \/>\n<meta property=\"article:modified_time\" content=\"2025-07-17T18:38:27+00:00\" \/>\n<meta property=\"og:image\" content=\"https:\/\/www.institutodeengenharia.org.br\/site\/wp-content\/uploads\/2025\/07\/Miniatura-Podcast-Visao-da-Engenharia-696-x-392-px-1.jpg\" \/>\n\t<meta property=\"og:image:width\" content=\"696\" \/>\n\t<meta property=\"og:image:height\" content=\"392\" \/>\n\t<meta property=\"og:image:type\" content=\"image\/jpeg\" \/>\n<meta name=\"author\" content=\"Bianca\" \/>\n<meta name=\"twitter:card\" content=\"summary_large_image\" \/>\n<meta name=\"twitter:creator\" content=\"@iengenharia\" \/>\n<meta name=\"twitter:site\" content=\"@iengenharia\" \/>\n<meta name=\"twitter:label1\" content=\"Escrito por\" \/>\n\t<meta name=\"twitter:data1\" content=\"Bianca\" \/>\n\t<meta name=\"twitter:label2\" content=\"Est. tempo de leitura\" \/>\n\t<meta name=\"twitter:data2\" content=\"2 minutos\" \/>\n<script type=\"application\/ld+json\" class=\"yoast-schema-graph\">{\"@context\":\"https:\/\/schema.org\",\"@graph\":[{\"@type\":\"Article\",\"@id\":\"https:\/\/www.institutodeengenharia.org.br\/site\/2025\/07\/17\/podcast-visao-da-engenharia-bastidores-do-gerenciamento-e-dos-empreendimentos-imobiliarios-no-brasil-13\/#article\",\"isPartOf\":{\"@id\":\"https:\/\/www.institutodeengenharia.org.br\/site\/2025\/07\/17\/podcast-visao-da-engenharia-bastidores-do-gerenciamento-e-dos-empreendimentos-imobiliarios-no-brasil-13\/\"},\"author\":{\"name\":\"Bianca\",\"@id\":\"https:\/\/www.institutodeengenharia.org.br\/site\/#\/schema\/person\/aeb64951c405e100d26d30b033dd423f\"},\"headline\":\"PodCast Vis\u00e3o da Engenharia &#8211; Bastidores do Gerenciamento e dos Empreendimentos Imobili\u00e1rios no Brasil #13\",\"datePublished\":\"2025-07-17T17:55:27+00:00\",\"dateModified\":\"2025-07-17T18:38:27+00:00\",\"mainEntityOfPage\":{\"@id\":\"https:\/\/www.institutodeengenharia.org.br\/site\/2025\/07\/17\/podcast-visao-da-engenharia-bastidores-do-gerenciamento-e-dos-empreendimentos-imobiliarios-no-brasil-13\/\"},\"wordCount\":281,\"commentCount\":0,\"publisher\":{\"@id\":\"https:\/\/www.institutodeengenharia.org.br\/site\/#organization\"},\"image\":{\"@id\":\"https:\/\/www.institutodeengenharia.org.br\/site\/2025\/07\/17\/podcast-visao-da-engenharia-bastidores-do-gerenciamento-e-dos-empreendimentos-imobiliarios-no-brasil-13\/#primaryimage\"},\"thumbnailUrl\":\"https:\/\/www.institutodeengenharia.org.br\/site\/wp-content\/uploads\/2025\/07\/Miniatura-Podcast-Visao-da-Engenharia-696-x-392-px-1.jpg\",\"keywords\":[\"video-home\"],\"articleSection\":[\"Nova TV Engenharia\",\"Palestra\"],\"inLanguage\":\"pt-BR\",\"potentialAction\":[{\"@type\":\"CommentAction\",\"name\":\"Comment\",\"target\":[\"https:\/\/www.institutodeengenharia.org.br\/site\/2025\/07\/17\/podcast-visao-da-engenharia-bastidores-do-gerenciamento-e-dos-empreendimentos-imobiliarios-no-brasil-13\/#respond\"]}]},{\"@type\":\"WebPage\",\"@id\":\"https:\/\/www.institutodeengenharia.org.br\/site\/2025\/07\/17\/podcast-visao-da-engenharia-bastidores-do-gerenciamento-e-dos-empreendimentos-imobiliarios-no-brasil-13\/\",\"url\":\"https:\/\/www.institutodeengenharia.org.br\/site\/2025\/07\/17\/podcast-visao-da-engenharia-bastidores-do-gerenciamento-e-dos-empreendimentos-imobiliarios-no-brasil-13\/\",\"name\":\"PodCast Vis\u00e3o da Engenharia - Bastidores do Gerenciamento e dos Empreendimentos Imobili\u00e1rios no Brasil #13 - Instituto de Engenharia\",\"isPartOf\":{\"@id\":\"https:\/\/www.institutodeengenharia.org.br\/site\/#website\"},\"primaryImageOfPage\":{\"@id\":\"https:\/\/www.institutodeengenharia.org.br\/site\/2025\/07\/17\/podcast-visao-da-engenharia-bastidores-do-gerenciamento-e-dos-empreendimentos-imobiliarios-no-brasil-13\/#primaryimage\"},\"image\":{\"@id\":\"https:\/\/www.institutodeengenharia.org.br\/site\/2025\/07\/17\/podcast-visao-da-engenharia-bastidores-do-gerenciamento-e-dos-empreendimentos-imobiliarios-no-brasil-13\/#primaryimage\"},\"thumbnailUrl\":\"https:\/\/www.institutodeengenharia.org.br\/site\/wp-content\/uploads\/2025\/07\/Miniatura-Podcast-Visao-da-Engenharia-696-x-392-px-1.jpg\",\"datePublished\":\"2025-07-17T17:55:27+00:00\",\"dateModified\":\"2025-07-17T18:38:27+00:00\",\"breadcrumb\":{\"@id\":\"https:\/\/www.institutodeengenharia.org.br\/site\/2025\/07\/17\/podcast-visao-da-engenharia-bastidores-do-gerenciamento-e-dos-empreendimentos-imobiliarios-no-brasil-13\/#breadcrumb\"},\"inLanguage\":\"pt-BR\",\"potentialAction\":[{\"@type\":\"ReadAction\",\"target\":[\"https:\/\/www.institutodeengenharia.org.br\/site\/2025\/07\/17\/podcast-visao-da-engenharia-bastidores-do-gerenciamento-e-dos-empreendimentos-imobiliarios-no-brasil-13\/\"]}]},{\"@type\":\"ImageObject\",\"inLanguage\":\"pt-BR\",\"@id\":\"https:\/\/www.institutodeengenharia.org.br\/site\/2025\/07\/17\/podcast-visao-da-engenharia-bastidores-do-gerenciamento-e-dos-empreendimentos-imobiliarios-no-brasil-13\/#primaryimage\",\"url\":\"https:\/\/www.institutodeengenharia.org.br\/site\/wp-content\/uploads\/2025\/07\/Miniatura-Podcast-Visao-da-Engenharia-696-x-392-px-1.jpg\",\"contentUrl\":\"https:\/\/www.institutodeengenharia.org.br\/site\/wp-content\/uploads\/2025\/07\/Miniatura-Podcast-Visao-da-Engenharia-696-x-392-px-1.jpg\",\"width\":696,\"height\":392},{\"@type\":\"BreadcrumbList\",\"@id\":\"https:\/\/www.institutodeengenharia.org.br\/site\/2025\/07\/17\/podcast-visao-da-engenharia-bastidores-do-gerenciamento-e-dos-empreendimentos-imobiliarios-no-brasil-13\/#breadcrumb\",\"itemListElement\":[{\"@type\":\"ListItem\",\"position\":1,\"name\":\"In\u00edcio\",\"item\":\"https:\/\/www.institutodeengenharia.org.br\/site\/\"},{\"@type\":\"ListItem\",\"position\":2,\"name\":\"PodCast Vis\u00e3o da Engenharia &#8211; Bastidores do Gerenciamento e dos Empreendimentos Imobili\u00e1rios no Brasil #13\"}]},{\"@type\":\"WebSite\",\"@id\":\"https:\/\/www.institutodeengenharia.org.br\/site\/#website\",\"url\":\"https:\/\/www.institutodeengenharia.org.br\/site\/\",\"name\":\"Instituto de Engenharia\",\"description\":\"O Instituto de Engenharia promove a Engenharia em benef\u00edcio do desenvolvimento e da qualidade de vida da sociedade.\",\"publisher\":{\"@id\":\"https:\/\/www.institutodeengenharia.org.br\/site\/#organization\"},\"potentialAction\":[{\"@type\":\"SearchAction\",\"target\":{\"@type\":\"EntryPoint\",\"urlTemplate\":\"https:\/\/www.institutodeengenharia.org.br\/site\/?s={search_term_string}\"},\"query-input\":{\"@type\":\"PropertyValueSpecification\",\"valueRequired\":true,\"valueName\":\"search_term_string\"}}],\"inLanguage\":\"pt-BR\"},{\"@type\":\"Organization\",\"@id\":\"https:\/\/www.institutodeengenharia.org.br\/site\/#organization\",\"name\":\"Instituto de Engenharia\",\"url\":\"https:\/\/www.institutodeengenharia.org.br\/site\/\",\"logo\":{\"@type\":\"ImageObject\",\"inLanguage\":\"pt-BR\",\"@id\":\"https:\/\/www.institutodeengenharia.org.br\/site\/#\/schema\/logo\/image\/\",\"url\":\"https:\/\/www.institutodeengenharia.org.br\/site\/wp-content\/uploads\/2019\/03\/logo-novo-IE2018-1.jpg\",\"contentUrl\":\"https:\/\/www.institutodeengenharia.org.br\/site\/wp-content\/uploads\/2019\/03\/logo-novo-IE2018-1.jpg\",\"width\":1486,\"height\":1879,\"caption\":\"Instituto de Engenharia\"},\"image\":{\"@id\":\"https:\/\/www.institutodeengenharia.org.br\/site\/#\/schema\/logo\/image\/\"},\"sameAs\":[\"https:\/\/www.facebook.com\/institutodeengenharia\",\"https:\/\/x.com\/iengenharia\",\"https:\/\/www.instagram.com\/institutodeengenharia\/\",\"https:\/\/www.linkedin.com\/company\/instituto-de-engenharia\/\",\"https:\/\/www.youtube.com\/channel\/UCXiCAlsSMe977vamW915HxA\"]},{\"@type\":\"Person\",\"@id\":\"https:\/\/www.institutodeengenharia.org.br\/site\/#\/schema\/person\/aeb64951c405e100d26d30b033dd423f\",\"name\":\"Bianca\",\"image\":{\"@type\":\"ImageObject\",\"inLanguage\":\"pt-BR\",\"@id\":\"https:\/\/secure.gravatar.com\/avatar\/a6fbe9bff57405baf4c1e2c5c1811e072b558253974a9f9508f4678900c97c2a?s=96&d=mm&r=g\",\"url\":\"https:\/\/secure.gravatar.com\/avatar\/a6fbe9bff57405baf4c1e2c5c1811e072b558253974a9f9508f4678900c97c2a?s=96&d=mm&r=g\",\"contentUrl\":\"https:\/\/secure.gravatar.com\/avatar\/a6fbe9bff57405baf4c1e2c5c1811e072b558253974a9f9508f4678900c97c2a?s=96&d=mm&r=g\",\"caption\":\"Bianca\"},\"url\":\"https:\/\/www.institutodeengenharia.org.br\/site\/author\/comunicacao1\/\"}]}<\/script>\n<!-- \/ Yoast SEO plugin. -->","yoast_head_json":{"title":"PodCast Vis\u00e3o da Engenharia - Bastidores do Gerenciamento e dos Empreendimentos Imobili\u00e1rios no Brasil #13 - Instituto de Engenharia","robots":{"index":"index","follow":"follow","max-snippet":"max-snippet:-1","max-image-preview":"max-image-preview:large","max-video-preview":"max-video-preview:-1"},"canonical":"https:\/\/www.institutodeengenharia.org.br\/site\/2025\/07\/17\/podcast-visao-da-engenharia-bastidores-do-gerenciamento-e-dos-empreendimentos-imobiliarios-no-brasil-13\/","og_locale":"pt_BR","og_type":"article","og_title":"PodCast Vis\u00e3o da Engenharia - Bastidores do Gerenciamento e dos Empreendimentos Imobili\u00e1rios no Brasil #13 - Instituto de Engenharia","og_description":"Neste epis\u00f3dio gravado no Instituto de Engenharia, em S\u00e3o Paulo, Hernani Varella, s\u00f3cio-diretor da Tallento Engenharia \u2014 uma das principais empresas de gerenciamento de obras do Brasil \u2014 participa de um bate-papo revelador sobre os bastidores, desafios e transforma\u00e7\u00f5es do mercado imobili\u00e1rio e da Engenharia nacional. Hernani compartilha experi\u00eancias que v\u00e3o desde a sua forma\u00e7\u00e3o [&hellip;]","og_url":"https:\/\/www.institutodeengenharia.org.br\/site\/2025\/07\/17\/podcast-visao-da-engenharia-bastidores-do-gerenciamento-e-dos-empreendimentos-imobiliarios-no-brasil-13\/","og_site_name":"Instituto de Engenharia","article_publisher":"https:\/\/www.facebook.com\/institutodeengenharia","article_published_time":"2025-07-17T17:55:27+00:00","article_modified_time":"2025-07-17T18:38:27+00:00","og_image":[{"width":696,"height":392,"url":"https:\/\/www.institutodeengenharia.org.br\/site\/wp-content\/uploads\/2025\/07\/Miniatura-Podcast-Visao-da-Engenharia-696-x-392-px-1.jpg","type":"image\/jpeg"}],"author":"Bianca","twitter_card":"summary_large_image","twitter_creator":"@iengenharia","twitter_site":"@iengenharia","twitter_misc":{"Escrito por":"Bianca","Est. tempo de leitura":"2 minutos"},"schema":{"@context":"https:\/\/schema.org","@graph":[{"@type":"Article","@id":"https:\/\/www.institutodeengenharia.org.br\/site\/2025\/07\/17\/podcast-visao-da-engenharia-bastidores-do-gerenciamento-e-dos-empreendimentos-imobiliarios-no-brasil-13\/#article","isPartOf":{"@id":"https:\/\/www.institutodeengenharia.org.br\/site\/2025\/07\/17\/podcast-visao-da-engenharia-bastidores-do-gerenciamento-e-dos-empreendimentos-imobiliarios-no-brasil-13\/"},"author":{"name":"Bianca","@id":"https:\/\/www.institutodeengenharia.org.br\/site\/#\/schema\/person\/aeb64951c405e100d26d30b033dd423f"},"headline":"PodCast Vis\u00e3o da Engenharia &#8211; Bastidores do Gerenciamento e dos Empreendimentos Imobili\u00e1rios no Brasil #13","datePublished":"2025-07-17T17:55:27+00:00","dateModified":"2025-07-17T18:38:27+00:00","mainEntityOfPage":{"@id":"https:\/\/www.institutodeengenharia.org.br\/site\/2025\/07\/17\/podcast-visao-da-engenharia-bastidores-do-gerenciamento-e-dos-empreendimentos-imobiliarios-no-brasil-13\/"},"wordCount":281,"commentCount":0,"publisher":{"@id":"https:\/\/www.institutodeengenharia.org.br\/site\/#organization"},"image":{"@id":"https:\/\/www.institutodeengenharia.org.br\/site\/2025\/07\/17\/podcast-visao-da-engenharia-bastidores-do-gerenciamento-e-dos-empreendimentos-imobiliarios-no-brasil-13\/#primaryimage"},"thumbnailUrl":"https:\/\/www.institutodeengenharia.org.br\/site\/wp-content\/uploads\/2025\/07\/Miniatura-Podcast-Visao-da-Engenharia-696-x-392-px-1.jpg","keywords":["video-home"],"articleSection":["Nova TV Engenharia","Palestra"],"inLanguage":"pt-BR","potentialAction":[{"@type":"CommentAction","name":"Comment","target":["https:\/\/www.institutodeengenharia.org.br\/site\/2025\/07\/17\/podcast-visao-da-engenharia-bastidores-do-gerenciamento-e-dos-empreendimentos-imobiliarios-no-brasil-13\/#respond"]}]},{"@type":"WebPage","@id":"https:\/\/www.institutodeengenharia.org.br\/site\/2025\/07\/17\/podcast-visao-da-engenharia-bastidores-do-gerenciamento-e-dos-empreendimentos-imobiliarios-no-brasil-13\/","url":"https:\/\/www.institutodeengenharia.org.br\/site\/2025\/07\/17\/podcast-visao-da-engenharia-bastidores-do-gerenciamento-e-dos-empreendimentos-imobiliarios-no-brasil-13\/","name":"PodCast Vis\u00e3o da Engenharia - Bastidores do Gerenciamento e dos Empreendimentos Imobili\u00e1rios no Brasil #13 - Instituto de Engenharia","isPartOf":{"@id":"https:\/\/www.institutodeengenharia.org.br\/site\/#website"},"primaryImageOfPage":{"@id":"https:\/\/www.institutodeengenharia.org.br\/site\/2025\/07\/17\/podcast-visao-da-engenharia-bastidores-do-gerenciamento-e-dos-empreendimentos-imobiliarios-no-brasil-13\/#primaryimage"},"image":{"@id":"https:\/\/www.institutodeengenharia.org.br\/site\/2025\/07\/17\/podcast-visao-da-engenharia-bastidores-do-gerenciamento-e-dos-empreendimentos-imobiliarios-no-brasil-13\/#primaryimage"},"thumbnailUrl":"https:\/\/www.institutodeengenharia.org.br\/site\/wp-content\/uploads\/2025\/07\/Miniatura-Podcast-Visao-da-Engenharia-696-x-392-px-1.jpg","datePublished":"2025-07-17T17:55:27+00:00","dateModified":"2025-07-17T18:38:27+00:00","breadcrumb":{"@id":"https:\/\/www.institutodeengenharia.org.br\/site\/2025\/07\/17\/podcast-visao-da-engenharia-bastidores-do-gerenciamento-e-dos-empreendimentos-imobiliarios-no-brasil-13\/#breadcrumb"},"inLanguage":"pt-BR","potentialAction":[{"@type":"ReadAction","target":["https:\/\/www.institutodeengenharia.org.br\/site\/2025\/07\/17\/podcast-visao-da-engenharia-bastidores-do-gerenciamento-e-dos-empreendimentos-imobiliarios-no-brasil-13\/"]}]},{"@type":"ImageObject","inLanguage":"pt-BR","@id":"https:\/\/www.institutodeengenharia.org.br\/site\/2025\/07\/17\/podcast-visao-da-engenharia-bastidores-do-gerenciamento-e-dos-empreendimentos-imobiliarios-no-brasil-13\/#primaryimage","url":"https:\/\/www.institutodeengenharia.org.br\/site\/wp-content\/uploads\/2025\/07\/Miniatura-Podcast-Visao-da-Engenharia-696-x-392-px-1.jpg","contentUrl":"https:\/\/www.institutodeengenharia.org.br\/site\/wp-content\/uploads\/2025\/07\/Miniatura-Podcast-Visao-da-Engenharia-696-x-392-px-1.jpg","width":696,"height":392},{"@type":"BreadcrumbList","@id":"https:\/\/www.institutodeengenharia.org.br\/site\/2025\/07\/17\/podcast-visao-da-engenharia-bastidores-do-gerenciamento-e-dos-empreendimentos-imobiliarios-no-brasil-13\/#breadcrumb","itemListElement":[{"@type":"ListItem","position":1,"name":"In\u00edcio","item":"https:\/\/www.institutodeengenharia.org.br\/site\/"},{"@type":"ListItem","position":2,"name":"PodCast Vis\u00e3o da Engenharia &#8211; Bastidores do Gerenciamento e dos Empreendimentos Imobili\u00e1rios no Brasil #13"}]},{"@type":"WebSite","@id":"https:\/\/www.institutodeengenharia.org.br\/site\/#website","url":"https:\/\/www.institutodeengenharia.org.br\/site\/","name":"Instituto de Engenharia","description":"O Instituto de Engenharia promove a Engenharia em benef\u00edcio do desenvolvimento e da qualidade de vida da sociedade.","publisher":{"@id":"https:\/\/www.institutodeengenharia.org.br\/site\/#organization"},"potentialAction":[{"@type":"SearchAction","target":{"@type":"EntryPoint","urlTemplate":"https:\/\/www.institutodeengenharia.org.br\/site\/?s={search_term_string}"},"query-input":{"@type":"PropertyValueSpecification","valueRequired":true,"valueName":"search_term_string"}}],"inLanguage":"pt-BR"},{"@type":"Organization","@id":"https:\/\/www.institutodeengenharia.org.br\/site\/#organization","name":"Instituto de Engenharia","url":"https:\/\/www.institutodeengenharia.org.br\/site\/","logo":{"@type":"ImageObject","inLanguage":"pt-BR","@id":"https:\/\/www.institutodeengenharia.org.br\/site\/#\/schema\/logo\/image\/","url":"https:\/\/www.institutodeengenharia.org.br\/site\/wp-content\/uploads\/2019\/03\/logo-novo-IE2018-1.jpg","contentUrl":"https:\/\/www.institutodeengenharia.org.br\/site\/wp-content\/uploads\/2019\/03\/logo-novo-IE2018-1.jpg","width":1486,"height":1879,"caption":"Instituto de Engenharia"},"image":{"@id":"https:\/\/www.institutodeengenharia.org.br\/site\/#\/schema\/logo\/image\/"},"sameAs":["https:\/\/www.facebook.com\/institutodeengenharia","https:\/\/x.com\/iengenharia","https:\/\/www.instagram.com\/institutodeengenharia\/","https:\/\/www.linkedin.com\/company\/instituto-de-engenharia\/","https:\/\/www.youtube.com\/channel\/UCXiCAlsSMe977vamW915HxA"]},{"@type":"Person","@id":"https:\/\/www.institutodeengenharia.org.br\/site\/#\/schema\/person\/aeb64951c405e100d26d30b033dd423f","name":"Bianca","image":{"@type":"ImageObject","inLanguage":"pt-BR","@id":"https:\/\/secure.gravatar.com\/avatar\/a6fbe9bff57405baf4c1e2c5c1811e072b558253974a9f9508f4678900c97c2a?s=96&d=mm&r=g","url":"https:\/\/secure.gravatar.com\/avatar\/a6fbe9bff57405baf4c1e2c5c1811e072b558253974a9f9508f4678900c97c2a?s=96&d=mm&r=g","contentUrl":"https:\/\/secure.gravatar.com\/avatar\/a6fbe9bff57405baf4c1e2c5c1811e072b558253974a9f9508f4678900c97c2a?s=96&d=mm&r=g","caption":"Bianca"},"url":"https:\/\/www.institutodeengenharia.org.br\/site\/author\/comunicacao1\/"}]}},"_links":{"self":[{"href":"https:\/\/www.institutodeengenharia.org.br\/site\/wp-json\/wp\/v2\/posts\/130629","targetHints":{"allow":["GET"]}}],"collection":[{"href":"https:\/\/www.institutodeengenharia.org.br\/site\/wp-json\/wp\/v2\/posts"}],"about":[{"href":"https:\/\/www.institutodeengenharia.org.br\/site\/wp-json\/wp\/v2\/types\/post"}],"author":[{"embeddable":true,"href":"https:\/\/www.institutodeengenharia.org.br\/site\/wp-json\/wp\/v2\/users\/13"}],"replies":[{"embeddable":true,"href":"https:\/\/www.institutodeengenharia.org.br\/site\/wp-json\/wp\/v2\/comments?post=130629"}],"version-history":[{"count":2,"href":"https:\/\/www.institutodeengenharia.org.br\/site\/wp-json\/wp\/v2\/posts\/130629\/revisions"}],"predecessor-version":[{"id":130634,"href":"https:\/\/www.institutodeengenharia.org.br\/site\/wp-json\/wp\/v2\/posts\/130629\/revisions\/130634"}],"wp:featuredmedia":[{"embeddable":true,"href":"https:\/\/www.institutodeengenharia.org.br\/site\/wp-json\/wp\/v2\/media\/130635"}],"wp:attachment":[{"href":"https:\/\/www.institutodeengenharia.org.br\/site\/wp-json\/wp\/v2\/media?parent=130629"}],"wp:term":[{"taxonomy":"category","embeddable":true,"href":"https:\/\/www.institutodeengenharia.org.br\/site\/wp-json\/wp\/v2\/categories?post=130629"},{"taxonomy":"post_tag","embeddable":true,"href":"https:\/\/www.institutodeengenharia.org.br\/site\/wp-json\/wp\/v2\/tags?post=130629"}],"curies":[{"name":"wp","href":"https:\/\/api.w.org\/{rel}","templated":true}]}}