{"id":130571,"date":"2025-07-15T15:51:55","date_gmt":"2025-07-15T18:51:55","guid":{"rendered":"https:\/\/www.institutodeengenharia.org.br\/site\/?p=130571"},"modified":"2025-07-15T16:00:16","modified_gmt":"2025-07-15T19:00:16","slug":"viabilizacao-de-tecnologia-para-motores-lineares-e-discutida-no-ie","status":"publish","type":"post","link":"https:\/\/www.institutodeengenharia.org.br\/site\/2025\/07\/15\/viabilizacao-de-tecnologia-para-motores-lineares-e-discutida-no-ie\/","title":{"rendered":"Viabiliza\u00e7\u00e3o de tecnologia para motores lineares \u00e9 discutida no IE"},"content":{"rendered":"<p data-start=\"96\" data-end=\"521\">O presidente do Instituto de Engenharia, Jos\u00e9 Eduardo Jardim, juntamente com sua diretoria e conselhos, recebeu na sede da entidade Dario Rais Lopes, ex-secret\u00e1rio Nacional de Avia\u00e7\u00e3o Civil do Minist\u00e9rio dos Transportes, Portos e Avia\u00e7\u00e3o Civil e ex-secret\u00e1rio Nacional de Transporte e Mobilidade Urbana, e Cyro Antonio Laurenza Filho, representante do Instituto para o Desenvolvimento dos Sistemas de Transportes (iDESTRA).<\/p>\n<p data-start=\"523\" data-end=\"1011\"><img loading=\"lazy\" decoding=\"async\" class=\"size-medium wp-image-130574 alignleft\" src=\"https:\/\/www.institutodeengenharia.org.br\/site\/wp-content\/uploads\/2025\/07\/shared-image-1-1-300x225.jpg\" alt=\"\" width=\"300\" height=\"225\" srcset=\"https:\/\/www.institutodeengenharia.org.br\/site\/wp-content\/uploads\/2025\/07\/shared-image-1-1-300x225.jpg 300w, https:\/\/www.institutodeengenharia.org.br\/site\/wp-content\/uploads\/2025\/07\/shared-image-1-1-768x576.jpg 768w, https:\/\/www.institutodeengenharia.org.br\/site\/wp-content\/uploads\/2025\/07\/shared-image-1-1-560x420.jpg 560w, https:\/\/www.institutodeengenharia.org.br\/site\/wp-content\/uploads\/2025\/07\/shared-image-1-1-80x60.jpg 80w, https:\/\/www.institutodeengenharia.org.br\/site\/wp-content\/uploads\/2025\/07\/shared-image-1-1-696x522.jpg 696w, https:\/\/www.institutodeengenharia.org.br\/site\/wp-content\/uploads\/2025\/07\/shared-image-1-1-265x198.jpg 265w, https:\/\/www.institutodeengenharia.org.br\/site\/wp-content\/uploads\/2025\/07\/shared-image-1-1-600x450.jpg 600w, https:\/\/www.institutodeengenharia.org.br\/site\/wp-content\/uploads\/2025\/07\/shared-image-1-1.jpg 800w\" sizes=\"auto, (max-width: 300px) 100vw, 300px\" \/>O encontro teve como objetivo discutir a viabiliza\u00e7\u00e3o do uso de motores lineares em novos tra\u00e7ados ferrovi\u00e1rios. Atualmente, essa tecnologia ainda n\u00e3o \u00e9 aplicada no Brasil, mas o iDESTRA disp\u00f5e do conhecimento t\u00e9cnico e de profissionais qualificados para sua implementa\u00e7\u00e3o. Um dos pontos centrais da reuni\u00e3o foi a proposta para que o Instituto de Engenharia seja o articulador entre o iDESTRA e os governos federal e estadual para\u00a0 a introdu\u00e7\u00e3o dessa inova\u00e7\u00e3o no Pa\u00eds.<\/p>\n<p data-start=\"1013\" data-end=\"1263\">A reuni\u00e3o contou tamb\u00e9m com a presen\u00e7a dos ex-presidentes do Instituto de Engenharia Edemar de Souza Amorim (2007\/2008), Camil Eid (2013\/2014 e 2015\/2016) e Alfredo Savelli (1993\/1994 e 1995\/1996), atualmente presidente do Conselho Consultivo.<\/p>\n<p data-start=\"1265\" data-end=\"1393\">Vale lembrar que Dario Rais Lopes foi agraciado com o t\u00edtulo de Eminente Engenheiro do Ano de 2005 pelo Instituto de Engenharia.<\/p>\n","protected":false},"excerpt":{"rendered":"<p>O presidente do Instituto de Engenharia, Jos\u00e9 Eduardo Jardim, juntamente com sua diretoria e conselhos, recebeu na sede da entidade Dario Rais Lopes, ex-secret\u00e1rio Nacional de Avia\u00e7\u00e3o Civil do Minist\u00e9rio dos Transportes, Portos e Avia\u00e7\u00e3o Civil e ex-secret\u00e1rio Nacional de Transporte e Mobilidade Urbana, e Cyro Antonio Laurenza Filho, representante do Instituto para o Desenvolvimento [&hellip;]<\/p>\n","protected":false},"author":14,"featured_media":130575,"comment_status":"open","ping_status":"open","sticky":false,"template":"","format":"standard","meta":{"footnotes":""},"categories":[27,6,41],"tags":[],"class_list":{"0":"post-130571","1":"post","2":"type-post","3":"status-publish","4":"format-standard","5":"has-post-thumbnail","7":"category-instituto-de-engenharia","8":"category-noticias","9":"category-transportes"},"yoast_head":"<!-- This site is optimized with the Yoast SEO plugin v27.2 - https:\/\/yoast.com\/product\/yoast-seo-wordpress\/ -->\n<title>Viabiliza\u00e7\u00e3o de tecnologia para motores lineares \u00e9 discutida no IE - Instituto de Engenharia<\/title>\n<meta name=\"robots\" content=\"index, follow, max-snippet:-1, max-image-preview:large, max-video-preview:-1\" \/>\n<link rel=\"canonical\" href=\"https:\/\/www.institutodeengenharia.org.br\/site\/2025\/07\/15\/viabilizacao-de-tecnologia-para-motores-lineares-e-discutida-no-ie\/\" \/>\n<meta property=\"og:locale\" content=\"pt_BR\" \/>\n<meta property=\"og:type\" content=\"article\" \/>\n<meta property=\"og:title\" content=\"Viabiliza\u00e7\u00e3o de tecnologia para motores lineares \u00e9 discutida no IE - Instituto de Engenharia\" \/>\n<meta property=\"og:description\" content=\"O presidente do Instituto de Engenharia, Jos\u00e9 Eduardo Jardim, juntamente com sua diretoria e conselhos, recebeu na sede da entidade Dario Rais Lopes, ex-secret\u00e1rio Nacional de Avia\u00e7\u00e3o Civil do Minist\u00e9rio dos Transportes, Portos e Avia\u00e7\u00e3o Civil e ex-secret\u00e1rio Nacional de Transporte e Mobilidade Urbana, e Cyro Antonio Laurenza Filho, representante do Instituto para o Desenvolvimento [&hellip;]\" \/>\n<meta property=\"og:url\" content=\"https:\/\/www.institutodeengenharia.org.br\/site\/2025\/07\/15\/viabilizacao-de-tecnologia-para-motores-lineares-e-discutida-no-ie\/\" \/>\n<meta property=\"og:site_name\" content=\"Instituto de Engenharia\" \/>\n<meta property=\"article:publisher\" content=\"https:\/\/www.facebook.com\/institutodeengenharia\" \/>\n<meta property=\"article:published_time\" content=\"2025-07-15T18:51:55+00:00\" \/>\n<meta property=\"article:modified_time\" content=\"2025-07-15T19:00:16+00:00\" \/>\n<meta property=\"og:image\" content=\"https:\/\/www.institutodeengenharia.org.br\/site\/wp-content\/uploads\/2025\/07\/shared-image-2-1.jpg\" \/>\n\t<meta property=\"og:image:width\" content=\"1751\" \/>\n\t<meta property=\"og:image:height\" content=\"1047\" \/>\n\t<meta property=\"og:image:type\" content=\"image\/jpeg\" \/>\n<meta name=\"author\" content=\"Isabel\" \/>\n<meta name=\"twitter:card\" content=\"summary_large_image\" \/>\n<meta name=\"twitter:creator\" content=\"@iengenharia\" \/>\n<meta name=\"twitter:site\" content=\"@iengenharia\" \/>\n<meta name=\"twitter:label1\" content=\"Escrito por\" \/>\n\t<meta name=\"twitter:data1\" content=\"Isabel\" \/>\n\t<meta name=\"twitter:label2\" content=\"Est. tempo de leitura\" \/>\n\t<meta name=\"twitter:data2\" content=\"2 minutos\" \/>\n<script type=\"application\/ld+json\" class=\"yoast-schema-graph\">{\"@context\":\"https:\/\/schema.org\",\"@graph\":[{\"@type\":\"Article\",\"@id\":\"https:\/\/www.institutodeengenharia.org.br\/site\/2025\/07\/15\/viabilizacao-de-tecnologia-para-motores-lineares-e-discutida-no-ie\/#article\",\"isPartOf\":{\"@id\":\"https:\/\/www.institutodeengenharia.org.br\/site\/2025\/07\/15\/viabilizacao-de-tecnologia-para-motores-lineares-e-discutida-no-ie\/\"},\"author\":{\"name\":\"Isabel\",\"@id\":\"https:\/\/www.institutodeengenharia.org.br\/site\/#\/schema\/person\/593dc356630173a4877a635d3e5fd76b\"},\"headline\":\"Viabiliza\u00e7\u00e3o de tecnologia para motores lineares \u00e9 discutida no IE\",\"datePublished\":\"2025-07-15T18:51:55+00:00\",\"dateModified\":\"2025-07-15T19:00:16+00:00\",\"mainEntityOfPage\":{\"@id\":\"https:\/\/www.institutodeengenharia.org.br\/site\/2025\/07\/15\/viabilizacao-de-tecnologia-para-motores-lineares-e-discutida-no-ie\/\"},\"wordCount\":213,\"commentCount\":0,\"publisher\":{\"@id\":\"https:\/\/www.institutodeengenharia.org.br\/site\/#organization\"},\"image\":{\"@id\":\"https:\/\/www.institutodeengenharia.org.br\/site\/2025\/07\/15\/viabilizacao-de-tecnologia-para-motores-lineares-e-discutida-no-ie\/#primaryimage\"},\"thumbnailUrl\":\"https:\/\/www.institutodeengenharia.org.br\/site\/wp-content\/uploads\/2025\/07\/shared-image-2-1.jpg\",\"articleSection\":[\"Instituto de Engenharia\",\"Not\u00edcias\",\"Transportes\"],\"inLanguage\":\"pt-BR\",\"potentialAction\":[{\"@type\":\"CommentAction\",\"name\":\"Comment\",\"target\":[\"https:\/\/www.institutodeengenharia.org.br\/site\/2025\/07\/15\/viabilizacao-de-tecnologia-para-motores-lineares-e-discutida-no-ie\/#respond\"]}]},{\"@type\":\"WebPage\",\"@id\":\"https:\/\/www.institutodeengenharia.org.br\/site\/2025\/07\/15\/viabilizacao-de-tecnologia-para-motores-lineares-e-discutida-no-ie\/\",\"url\":\"https:\/\/www.institutodeengenharia.org.br\/site\/2025\/07\/15\/viabilizacao-de-tecnologia-para-motores-lineares-e-discutida-no-ie\/\",\"name\":\"Viabiliza\u00e7\u00e3o de tecnologia para motores lineares \u00e9 discutida no IE - Instituto de Engenharia\",\"isPartOf\":{\"@id\":\"https:\/\/www.institutodeengenharia.org.br\/site\/#website\"},\"primaryImageOfPage\":{\"@id\":\"https:\/\/www.institutodeengenharia.org.br\/site\/2025\/07\/15\/viabilizacao-de-tecnologia-para-motores-lineares-e-discutida-no-ie\/#primaryimage\"},\"image\":{\"@id\":\"https:\/\/www.institutodeengenharia.org.br\/site\/2025\/07\/15\/viabilizacao-de-tecnologia-para-motores-lineares-e-discutida-no-ie\/#primaryimage\"},\"thumbnailUrl\":\"https:\/\/www.institutodeengenharia.org.br\/site\/wp-content\/uploads\/2025\/07\/shared-image-2-1.jpg\",\"datePublished\":\"2025-07-15T18:51:55+00:00\",\"dateModified\":\"2025-07-15T19:00:16+00:00\",\"breadcrumb\":{\"@id\":\"https:\/\/www.institutodeengenharia.org.br\/site\/2025\/07\/15\/viabilizacao-de-tecnologia-para-motores-lineares-e-discutida-no-ie\/#breadcrumb\"},\"inLanguage\":\"pt-BR\",\"potentialAction\":[{\"@type\":\"ReadAction\",\"target\":[\"https:\/\/www.institutodeengenharia.org.br\/site\/2025\/07\/15\/viabilizacao-de-tecnologia-para-motores-lineares-e-discutida-no-ie\/\"]}]},{\"@type\":\"ImageObject\",\"inLanguage\":\"pt-BR\",\"@id\":\"https:\/\/www.institutodeengenharia.org.br\/site\/2025\/07\/15\/viabilizacao-de-tecnologia-para-motores-lineares-e-discutida-no-ie\/#primaryimage\",\"url\":\"https:\/\/www.institutodeengenharia.org.br\/site\/wp-content\/uploads\/2025\/07\/shared-image-2-1.jpg\",\"contentUrl\":\"https:\/\/www.institutodeengenharia.org.br\/site\/wp-content\/uploads\/2025\/07\/shared-image-2-1.jpg\",\"width\":1751,\"height\":1047},{\"@type\":\"BreadcrumbList\",\"@id\":\"https:\/\/www.institutodeengenharia.org.br\/site\/2025\/07\/15\/viabilizacao-de-tecnologia-para-motores-lineares-e-discutida-no-ie\/#breadcrumb\",\"itemListElement\":[{\"@type\":\"ListItem\",\"position\":1,\"name\":\"In\u00edcio\",\"item\":\"https:\/\/www.institutodeengenharia.org.br\/site\/\"},{\"@type\":\"ListItem\",\"position\":2,\"name\":\"Viabiliza\u00e7\u00e3o de tecnologia para motores lineares \u00e9 discutida no IE\"}]},{\"@type\":\"WebSite\",\"@id\":\"https:\/\/www.institutodeengenharia.org.br\/site\/#website\",\"url\":\"https:\/\/www.institutodeengenharia.org.br\/site\/\",\"name\":\"Instituto de Engenharia\",\"description\":\"O Instituto de Engenharia promove a Engenharia em benef\u00edcio do desenvolvimento e da qualidade de vida da sociedade.\",\"publisher\":{\"@id\":\"https:\/\/www.institutodeengenharia.org.br\/site\/#organization\"},\"potentialAction\":[{\"@type\":\"SearchAction\",\"target\":{\"@type\":\"EntryPoint\",\"urlTemplate\":\"https:\/\/www.institutodeengenharia.org.br\/site\/?s={search_term_string}\"},\"query-input\":{\"@type\":\"PropertyValueSpecification\",\"valueRequired\":true,\"valueName\":\"search_term_string\"}}],\"inLanguage\":\"pt-BR\"},{\"@type\":\"Organization\",\"@id\":\"https:\/\/www.institutodeengenharia.org.br\/site\/#organization\",\"name\":\"Instituto de Engenharia\",\"url\":\"https:\/\/www.institutodeengenharia.org.br\/site\/\",\"logo\":{\"@type\":\"ImageObject\",\"inLanguage\":\"pt-BR\",\"@id\":\"https:\/\/www.institutodeengenharia.org.br\/site\/#\/schema\/logo\/image\/\",\"url\":\"https:\/\/www.institutodeengenharia.org.br\/site\/wp-content\/uploads\/2019\/03\/logo-novo-IE2018-1.jpg\",\"contentUrl\":\"https:\/\/www.institutodeengenharia.org.br\/site\/wp-content\/uploads\/2019\/03\/logo-novo-IE2018-1.jpg\",\"width\":1486,\"height\":1879,\"caption\":\"Instituto de Engenharia\"},\"image\":{\"@id\":\"https:\/\/www.institutodeengenharia.org.br\/site\/#\/schema\/logo\/image\/\"},\"sameAs\":[\"https:\/\/www.facebook.com\/institutodeengenharia\",\"https:\/\/x.com\/iengenharia\",\"https:\/\/www.instagram.com\/institutodeengenharia\/\",\"https:\/\/www.linkedin.com\/company\/instituto-de-engenharia\/\",\"https:\/\/www.youtube.com\/channel\/UCXiCAlsSMe977vamW915HxA\"]},{\"@type\":\"Person\",\"@id\":\"https:\/\/www.institutodeengenharia.org.br\/site\/#\/schema\/person\/593dc356630173a4877a635d3e5fd76b\",\"name\":\"Isabel\",\"image\":{\"@type\":\"ImageObject\",\"inLanguage\":\"pt-BR\",\"@id\":\"https:\/\/secure.gravatar.com\/avatar\/f3c521db63ec9db17894f10a88c6a3cf95b2281d7f80eeb3cf3ef1cb091576e7?s=96&d=mm&r=g\",\"url\":\"https:\/\/secure.gravatar.com\/avatar\/f3c521db63ec9db17894f10a88c6a3cf95b2281d7f80eeb3cf3ef1cb091576e7?s=96&d=mm&r=g\",\"contentUrl\":\"https:\/\/secure.gravatar.com\/avatar\/f3c521db63ec9db17894f10a88c6a3cf95b2281d7f80eeb3cf3ef1cb091576e7?s=96&d=mm&r=g\",\"caption\":\"Isabel\"},\"url\":\"https:\/\/www.institutodeengenharia.org.br\/site\/author\/comunicacao2\/\"}]}<\/script>\n<!-- \/ Yoast SEO plugin. -->","yoast_head_json":{"title":"Viabiliza\u00e7\u00e3o de tecnologia para motores lineares \u00e9 discutida no IE - Instituto de Engenharia","robots":{"index":"index","follow":"follow","max-snippet":"max-snippet:-1","max-image-preview":"max-image-preview:large","max-video-preview":"max-video-preview:-1"},"canonical":"https:\/\/www.institutodeengenharia.org.br\/site\/2025\/07\/15\/viabilizacao-de-tecnologia-para-motores-lineares-e-discutida-no-ie\/","og_locale":"pt_BR","og_type":"article","og_title":"Viabiliza\u00e7\u00e3o de tecnologia para motores lineares \u00e9 discutida no IE - Instituto de Engenharia","og_description":"O presidente do Instituto de Engenharia, Jos\u00e9 Eduardo Jardim, juntamente com sua diretoria e conselhos, recebeu na sede da entidade Dario Rais Lopes, ex-secret\u00e1rio Nacional de Avia\u00e7\u00e3o Civil do Minist\u00e9rio dos Transportes, Portos e Avia\u00e7\u00e3o Civil e ex-secret\u00e1rio Nacional de Transporte e Mobilidade Urbana, e Cyro Antonio Laurenza Filho, representante do Instituto para o Desenvolvimento [&hellip;]","og_url":"https:\/\/www.institutodeengenharia.org.br\/site\/2025\/07\/15\/viabilizacao-de-tecnologia-para-motores-lineares-e-discutida-no-ie\/","og_site_name":"Instituto de Engenharia","article_publisher":"https:\/\/www.facebook.com\/institutodeengenharia","article_published_time":"2025-07-15T18:51:55+00:00","article_modified_time":"2025-07-15T19:00:16+00:00","og_image":[{"width":1751,"height":1047,"url":"https:\/\/www.institutodeengenharia.org.br\/site\/wp-content\/uploads\/2025\/07\/shared-image-2-1.jpg","type":"image\/jpeg"}],"author":"Isabel","twitter_card":"summary_large_image","twitter_creator":"@iengenharia","twitter_site":"@iengenharia","twitter_misc":{"Escrito por":"Isabel","Est. tempo de leitura":"2 minutos"},"schema":{"@context":"https:\/\/schema.org","@graph":[{"@type":"Article","@id":"https:\/\/www.institutodeengenharia.org.br\/site\/2025\/07\/15\/viabilizacao-de-tecnologia-para-motores-lineares-e-discutida-no-ie\/#article","isPartOf":{"@id":"https:\/\/www.institutodeengenharia.org.br\/site\/2025\/07\/15\/viabilizacao-de-tecnologia-para-motores-lineares-e-discutida-no-ie\/"},"author":{"name":"Isabel","@id":"https:\/\/www.institutodeengenharia.org.br\/site\/#\/schema\/person\/593dc356630173a4877a635d3e5fd76b"},"headline":"Viabiliza\u00e7\u00e3o de tecnologia para motores lineares \u00e9 discutida no IE","datePublished":"2025-07-15T18:51:55+00:00","dateModified":"2025-07-15T19:00:16+00:00","mainEntityOfPage":{"@id":"https:\/\/www.institutodeengenharia.org.br\/site\/2025\/07\/15\/viabilizacao-de-tecnologia-para-motores-lineares-e-discutida-no-ie\/"},"wordCount":213,"commentCount":0,"publisher":{"@id":"https:\/\/www.institutodeengenharia.org.br\/site\/#organization"},"image":{"@id":"https:\/\/www.institutodeengenharia.org.br\/site\/2025\/07\/15\/viabilizacao-de-tecnologia-para-motores-lineares-e-discutida-no-ie\/#primaryimage"},"thumbnailUrl":"https:\/\/www.institutodeengenharia.org.br\/site\/wp-content\/uploads\/2025\/07\/shared-image-2-1.jpg","articleSection":["Instituto de Engenharia","Not\u00edcias","Transportes"],"inLanguage":"pt-BR","potentialAction":[{"@type":"CommentAction","name":"Comment","target":["https:\/\/www.institutodeengenharia.org.br\/site\/2025\/07\/15\/viabilizacao-de-tecnologia-para-motores-lineares-e-discutida-no-ie\/#respond"]}]},{"@type":"WebPage","@id":"https:\/\/www.institutodeengenharia.org.br\/site\/2025\/07\/15\/viabilizacao-de-tecnologia-para-motores-lineares-e-discutida-no-ie\/","url":"https:\/\/www.institutodeengenharia.org.br\/site\/2025\/07\/15\/viabilizacao-de-tecnologia-para-motores-lineares-e-discutida-no-ie\/","name":"Viabiliza\u00e7\u00e3o de tecnologia para motores lineares \u00e9 discutida no IE - Instituto de Engenharia","isPartOf":{"@id":"https:\/\/www.institutodeengenharia.org.br\/site\/#website"},"primaryImageOfPage":{"@id":"https:\/\/www.institutodeengenharia.org.br\/site\/2025\/07\/15\/viabilizacao-de-tecnologia-para-motores-lineares-e-discutida-no-ie\/#primaryimage"},"image":{"@id":"https:\/\/www.institutodeengenharia.org.br\/site\/2025\/07\/15\/viabilizacao-de-tecnologia-para-motores-lineares-e-discutida-no-ie\/#primaryimage"},"thumbnailUrl":"https:\/\/www.institutodeengenharia.org.br\/site\/wp-content\/uploads\/2025\/07\/shared-image-2-1.jpg","datePublished":"2025-07-15T18:51:55+00:00","dateModified":"2025-07-15T19:00:16+00:00","breadcrumb":{"@id":"https:\/\/www.institutodeengenharia.org.br\/site\/2025\/07\/15\/viabilizacao-de-tecnologia-para-motores-lineares-e-discutida-no-ie\/#breadcrumb"},"inLanguage":"pt-BR","potentialAction":[{"@type":"ReadAction","target":["https:\/\/www.institutodeengenharia.org.br\/site\/2025\/07\/15\/viabilizacao-de-tecnologia-para-motores-lineares-e-discutida-no-ie\/"]}]},{"@type":"ImageObject","inLanguage":"pt-BR","@id":"https:\/\/www.institutodeengenharia.org.br\/site\/2025\/07\/15\/viabilizacao-de-tecnologia-para-motores-lineares-e-discutida-no-ie\/#primaryimage","url":"https:\/\/www.institutodeengenharia.org.br\/site\/wp-content\/uploads\/2025\/07\/shared-image-2-1.jpg","contentUrl":"https:\/\/www.institutodeengenharia.org.br\/site\/wp-content\/uploads\/2025\/07\/shared-image-2-1.jpg","width":1751,"height":1047},{"@type":"BreadcrumbList","@id":"https:\/\/www.institutodeengenharia.org.br\/site\/2025\/07\/15\/viabilizacao-de-tecnologia-para-motores-lineares-e-discutida-no-ie\/#breadcrumb","itemListElement":[{"@type":"ListItem","position":1,"name":"In\u00edcio","item":"https:\/\/www.institutodeengenharia.org.br\/site\/"},{"@type":"ListItem","position":2,"name":"Viabiliza\u00e7\u00e3o de tecnologia para motores lineares \u00e9 discutida no IE"}]},{"@type":"WebSite","@id":"https:\/\/www.institutodeengenharia.org.br\/site\/#website","url":"https:\/\/www.institutodeengenharia.org.br\/site\/","name":"Instituto de Engenharia","description":"O Instituto de Engenharia promove a Engenharia em benef\u00edcio do desenvolvimento e da qualidade de vida da sociedade.","publisher":{"@id":"https:\/\/www.institutodeengenharia.org.br\/site\/#organization"},"potentialAction":[{"@type":"SearchAction","target":{"@type":"EntryPoint","urlTemplate":"https:\/\/www.institutodeengenharia.org.br\/site\/?s={search_term_string}"},"query-input":{"@type":"PropertyValueSpecification","valueRequired":true,"valueName":"search_term_string"}}],"inLanguage":"pt-BR"},{"@type":"Organization","@id":"https:\/\/www.institutodeengenharia.org.br\/site\/#organization","name":"Instituto de Engenharia","url":"https:\/\/www.institutodeengenharia.org.br\/site\/","logo":{"@type":"ImageObject","inLanguage":"pt-BR","@id":"https:\/\/www.institutodeengenharia.org.br\/site\/#\/schema\/logo\/image\/","url":"https:\/\/www.institutodeengenharia.org.br\/site\/wp-content\/uploads\/2019\/03\/logo-novo-IE2018-1.jpg","contentUrl":"https:\/\/www.institutodeengenharia.org.br\/site\/wp-content\/uploads\/2019\/03\/logo-novo-IE2018-1.jpg","width":1486,"height":1879,"caption":"Instituto de Engenharia"},"image":{"@id":"https:\/\/www.institutodeengenharia.org.br\/site\/#\/schema\/logo\/image\/"},"sameAs":["https:\/\/www.facebook.com\/institutodeengenharia","https:\/\/x.com\/iengenharia","https:\/\/www.instagram.com\/institutodeengenharia\/","https:\/\/www.linkedin.com\/company\/instituto-de-engenharia\/","https:\/\/www.youtube.com\/channel\/UCXiCAlsSMe977vamW915HxA"]},{"@type":"Person","@id":"https:\/\/www.institutodeengenharia.org.br\/site\/#\/schema\/person\/593dc356630173a4877a635d3e5fd76b","name":"Isabel","image":{"@type":"ImageObject","inLanguage":"pt-BR","@id":"https:\/\/secure.gravatar.com\/avatar\/f3c521db63ec9db17894f10a88c6a3cf95b2281d7f80eeb3cf3ef1cb091576e7?s=96&d=mm&r=g","url":"https:\/\/secure.gravatar.com\/avatar\/f3c521db63ec9db17894f10a88c6a3cf95b2281d7f80eeb3cf3ef1cb091576e7?s=96&d=mm&r=g","contentUrl":"https:\/\/secure.gravatar.com\/avatar\/f3c521db63ec9db17894f10a88c6a3cf95b2281d7f80eeb3cf3ef1cb091576e7?s=96&d=mm&r=g","caption":"Isabel"},"url":"https:\/\/www.institutodeengenharia.org.br\/site\/author\/comunicacao2\/"}]}},"_links":{"self":[{"href":"https:\/\/www.institutodeengenharia.org.br\/site\/wp-json\/wp\/v2\/posts\/130571","targetHints":{"allow":["GET"]}}],"collection":[{"href":"https:\/\/www.institutodeengenharia.org.br\/site\/wp-json\/wp\/v2\/posts"}],"about":[{"href":"https:\/\/www.institutodeengenharia.org.br\/site\/wp-json\/wp\/v2\/types\/post"}],"author":[{"embeddable":true,"href":"https:\/\/www.institutodeengenharia.org.br\/site\/wp-json\/wp\/v2\/users\/14"}],"replies":[{"embeddable":true,"href":"https:\/\/www.institutodeengenharia.org.br\/site\/wp-json\/wp\/v2\/comments?post=130571"}],"version-history":[{"count":5,"href":"https:\/\/www.institutodeengenharia.org.br\/site\/wp-json\/wp\/v2\/posts\/130571\/revisions"}],"predecessor-version":[{"id":130580,"href":"https:\/\/www.institutodeengenharia.org.br\/site\/wp-json\/wp\/v2\/posts\/130571\/revisions\/130580"}],"wp:featuredmedia":[{"embeddable":true,"href":"https:\/\/www.institutodeengenharia.org.br\/site\/wp-json\/wp\/v2\/media\/130575"}],"wp:attachment":[{"href":"https:\/\/www.institutodeengenharia.org.br\/site\/wp-json\/wp\/v2\/media?parent=130571"}],"wp:term":[{"taxonomy":"category","embeddable":true,"href":"https:\/\/www.institutodeengenharia.org.br\/site\/wp-json\/wp\/v2\/categories?post=130571"},{"taxonomy":"post_tag","embeddable":true,"href":"https:\/\/www.institutodeengenharia.org.br\/site\/wp-json\/wp\/v2\/tags?post=130571"}],"curies":[{"name":"wp","href":"https:\/\/api.w.org\/{rel}","templated":true}]}}