{"id":130258,"date":"2025-07-01T15:12:56","date_gmt":"2025-07-01T18:12:56","guid":{"rendered":"https:\/\/www.institutodeengenharia.org.br\/site\/?p=130258"},"modified":"2025-07-01T15:19:08","modified_gmt":"2025-07-01T18:19:08","slug":"energia-acao-e-reacao-uma-visao-holistica-da-dinamica-energetica","status":"publish","type":"post","link":"https:\/\/www.institutodeengenharia.org.br\/site\/2025\/07\/01\/energia-acao-e-reacao-uma-visao-holistica-da-dinamica-energetica\/","title":{"rendered":"Energia: A\u00e7\u00e3o e Rea\u00e7\u00e3o &#8211; Uma Vis\u00e3o Hol\u00edstica da Din\u00e2mica Energ\u00e9tica"},"content":{"rendered":"<h3>Introdu\u00e7\u00e3o<\/h3>\n<p>A energia \u00e9 um conceito central da f\u00edsica e da engenharia. Ao longo da hist\u00f3ria, fil\u00f3sofos, cientistas e engenheiros observaram que todo sistema energ\u00e9tico est\u00e1 sujeito \u00e0s leis da din\u00e2mica. Uma das mais conhecidas \u00e9 a Terceira Lei de Newton, formulada em 1687:<\/p>\n<p>&#8220;<strong><em>Para toda a\u00e7\u00e3o, h\u00e1 sempre uma rea\u00e7\u00e3o oposta e de igual intensidade<\/em><\/strong>.&#8221;<\/p>\n<p>O pesquisador ingl\u00eas Sir Isaac Newton (1643\u20131727), autor dos &#8220;Principia Mathematica&#8221;, formulou a Terceira Lei do Movimento observando a natureza.<\/p>\n<p>Essa lei n\u00e3o \u00e9 apenas um pilar da mec\u00e2nica cl\u00e1ssica, mas uma chave para compreendermos como a ENERGIA se manifesta e se redistribui em sistemas interativos.<\/p>\n<h3>O Relojoeiro e a Longitude: Sincroniza\u00e7\u00e3o Involunt\u00e1ria<\/h3>\n<p>No s\u00e9culo XVIII com o avan\u00e7o da navega\u00e7\u00e3o mar\u00edtima, conhecer a posi\u00e7\u00e3o exata do navio em alto mar era um problema de dif\u00edcil solu\u00e7\u00e3o. O Governo Brit\u00e2nico oferecia um pr\u00eamio de 20.000 libras a quem descobrisse uma forma confi\u00e1vel e precisa de determina\u00e7\u00e3o da longitude.<\/p>\n<p>Sabia-se que as horas eram a base do c\u00e1lculo desta dist\u00e2ncia, mas n\u00e3o havia rel\u00f3gios que oferecessem as horas precisas e todos eles (rel\u00f3gios de p\u00eandulo) precisavam ser ajustados diariamente pois atrasavam ou adiantam muito, situa\u00e7\u00e3o cr\u00edtica em alto mar pois o balan\u00e7ar do navio, os ventos, o calor e a varia\u00e7\u00e3o da for\u00e7a da gravidade influenciavam o balan\u00e7ar do p\u00eandulo.<\/p>\n<p>O relojoeiro ingl\u00eas John Harrison (1693-1776) desejando ganhar o pr\u00eamio oferecido pelo governo, fez v\u00e1rias experi\u00eancias instalando n\u00e3o um, mas v\u00e1rios rel\u00f3gios em partes do navio na expectativa de obter marca\u00e7\u00f5es precisas das horas. Entretanto as experi\u00eancias de tentar obter as horas precisas resultavam em fracasso pois os p\u00eandulos, a princ\u00edpio oscilando de forma independente, passavam, depois algum tempo, a oscilarem de forma sincronizada, na mesma frequ\u00eancia. Imaginando que esta sincroniza\u00e7\u00e3o era devido \u00e0 a\u00e7\u00e3o do vento, John tentou eliminar as influ\u00eancias colocando paineis entre os rel\u00f3gios, mas, mesmo assim, os rel\u00f3gios entravam em sincronia. S\u00f3 descobriu que esta sincronia deixava de existir quando os rel\u00f3gios eram instalados em locais distantes um do outro.<\/p>\n<p>Depois de muitos anos de pesquisa, desenvolveu um mecanismo dotado de 2 p\u00eandulos oscilantes e com isso ganhou o pr\u00eamio oferecido pelo Governo Brit\u00e2nico.<\/p>\n<p>Embora a hist\u00f3ria cl\u00e1ssica fale dos avan\u00e7os t\u00e9cnicos feitos por John e outros cientistas, uma observa\u00e7\u00e3o curiosa foi relatada por cientistas posteriores: quando dois rel\u00f3gios de p\u00eandulo eram instalados numa mesma viga, eles acabavam oscilando em sincronia depois de algum tempo.<\/p>\n<p>Veja o que acontece com um dos p\u00eandulos, que na posi\u00e7\u00e3o mais alta, exerce uma for\u00e7a F<sub>H<\/sub>, embora pequena, no suporte onde o p\u00eandulo est\u00e1 preso e essa pequena for\u00e7a \u00e9 transmitida para o outro p\u00eandulo preso na mesma viga.<\/p>\n<p><img loading=\"lazy\" decoding=\"async\" class=\" wp-image-130260 aligncenter\" src=\"https:\/\/www.institutodeengenharia.org.br\/site\/wp-content\/uploads\/2025\/07\/fotoartigowatabanebe.png\" alt=\"\" width=\"426\" height=\"279\" srcset=\"https:\/\/www.institutodeengenharia.org.br\/site\/wp-content\/uploads\/2025\/07\/fotoartigowatabanebe.png 740w, https:\/\/www.institutodeengenharia.org.br\/site\/wp-content\/uploads\/2025\/07\/fotoartigowatabanebe-300x197.png 300w, https:\/\/www.institutodeengenharia.org.br\/site\/wp-content\/uploads\/2025\/07\/fotoartigowatabanebe-641x420.png 641w, https:\/\/www.institutodeengenharia.org.br\/site\/wp-content\/uploads\/2025\/07\/fotoartigowatabanebe-696x456.png 696w, https:\/\/www.institutodeengenharia.org.br\/site\/wp-content\/uploads\/2025\/07\/fotoartigowatabanebe-600x393.png 600w\" sizes=\"auto, (max-width: 426px) 100vw, 426px\" \/><\/p>\n<p>Esse fen\u00f4meno de acoplamento mec\u00e2nico \u00e9 um exemplo claro de &#8220;rea\u00e7\u00e3o&#8221;: um sistema influencia o outro atrav\u00e9s da estrutura comum. A energia de oscila\u00e7\u00e3o de um p\u00eandulo afeta o outro, demonstrando o princ\u00edpio de intera\u00e7\u00e3o m\u00fatua.<\/p>\n<p>Diversas experi\u00eancias pr\u00e1ticas realizadas com metr\u00f4nomos comprovam esse efeito e dezenas de metr\u00f4nomos colocados sobre uma bandeja, todos oscilando independentemente, passam, depois de um certo tempo a oscilarem de forma sincronizada.<\/p>\n<h3>A Ponte Millennium: Pessoas Influenciadas Pela Estrutura<\/h3>\n<p>Em 2000, foi inaugurada em Londres a ponte Millennium, projetada exclusivamente para pedestres.<\/p>\n<p>No dia da inaugura\u00e7\u00e3o, um fen\u00f4meno inusitado ocorreu: a ponte come\u00e7ou a oscilar lateralmente conforme os pedestres caminhavam.<\/p>\n<p>Inicialmente, acreditava-se que o problema era causado pelo vento como o desastre da ponte Tacoma Narrows em 1940 nos EUA. Ent\u00e3o \u00e0 vista do risco de desabamento a ponte foi interditada.<\/p>\n<p>Nas semanas que se seguiram, engenheiros desenvolveram uma s\u00e9rie de experi\u00eancias e constataram que o fen\u00f4meno s\u00f3 ocorria quando havia pedestres caminhando pela ponte n\u00e3o havendo nenhuma rela\u00e7\u00e3o com o vento. Fizeram experi\u00eancias controladas com quantidades<\/p>\n<p>crescente de pedestres e constataram que o fen\u00f4meno s\u00f3 aparecia a partir de uma certa quantidade de pessoas e, surpreendentemente constataram tamb\u00e9m um fen\u00f4meno \u201cm\u00e1gico\u201d em que grande parte dos pedestres andavam na mesma sincronia dos passos.<\/p>\n<p>Da\u00ed associaram as conclus\u00f5es feitas pelo relojoeiro John Harrison e conclu\u00edram que era a ponte, oscilando numa determinada frequ\u00eancia, induziam nos pedestres a caminharem (\u00e9 intuitivo a gente imprimir uma for\u00e7a contr\u00e1ria quando o piso tende a se deslocar num sentido) na mesma frequ\u00eancia da ponte.<\/p>\n<p>Outra constata\u00e7\u00e3o: A oscila\u00e7\u00e3o m\u00e1xima da ponte ocorre quando a frequ\u00eancia dos passos \u00e9 exatamente a metade da frequ\u00eancia natural da ponte.<\/p>\n<p>Esse \u00e9 um caso cl\u00e1ssico de realimenta\u00e7\u00e3o din\u00e2mica: a estrutura influencia os usu\u00e1rios, que por sua vez influenciam a estrutura. A energia das passadas humanas gera uma &#8220;rea\u00e7\u00e3o&#8221; na ponte, que retorna como est\u00edmulo oscilat\u00f3rio.<\/p>\n<p>A ponte foi posteriormente equipada com amortecedores e reaberta em 2002.<\/p>\n<h3>Conclus\u00e3o: Energia \u00e9 Intera\u00e7\u00e3o<\/h3>\n<p>Esses dois exemplos ilustram uma ideia essencial para engenheiros: <strong>energia \u00e9 o resultado de intera\u00e7\u00f5es<\/strong>. O princ\u00edpio da a\u00e7\u00e3o e rea\u00e7\u00e3o n\u00e3o se limita ao choque de corpos ou \u00e0 acelera\u00e7\u00e3o dos ve\u00edculos num viaduto ou no balan\u00e7ar das piscinas individuais em apartamentos de pr\u00e9dio altos. Ele est\u00e1 presente na din\u00e2mica de estruturas, em sistemas sincronizados e em comportamentos coletivos inesperados.<\/p>\n<p>Portanto, propomos aqui a equa\u00e7\u00e3o simb\u00f3lica:<\/p>\n<h3>Energia = A\u00e7\u00e3o + Rea\u00e7\u00e3o<\/h3>\n<p>Essa vis\u00e3o hol\u00edstica permite avan\u00e7ar na compreens\u00e3o de sistemas complexos. Ao reconhecer que todo efeito tem uma contrapartida, que toda energia se manifesta por intera\u00e7\u00f5es, preparamos o terreno para inova\u00e7\u00f5es mais seguras, eficientes e integradas.<\/p>\n<p>Fica aqui um aleta para os projetistas de estruturas de pr\u00e9dios cada vez mais altos, de pontes e viadutos cada vez mais altos onde trafegam ve\u00edculos cada vez mais pesados de que n\u00e3o s\u00f3 os ventos, mas tamb\u00e9m as pessoas e a trepida\u00e7\u00e3o dos ve\u00edculos agindo em conjunto podem encontrar situa\u00e7\u00f5es sincronizantes que mesmo em pequenos valores na soma das for\u00e7as possam atuar de forma cr\u00edtica na seguran\u00e7a e estabilidade das estruturas.<\/p>\n<p style=\"text-align: right;\"><em>S\u00e3o Paulo, 29 de junho de 2024<\/em><\/p>\n<p><img loading=\"lazy\" decoding=\"async\" class=\" wp-image-130259 alignright\" src=\"https:\/\/www.institutodeengenharia.org.br\/site\/wp-content\/uploads\/2025\/07\/assinaturawatabane.jpg\" alt=\"\" width=\"291\" height=\"108\" srcset=\"https:\/\/www.institutodeengenharia.org.br\/site\/wp-content\/uploads\/2025\/07\/assinaturawatabane.jpg 399w, https:\/\/www.institutodeengenharia.org.br\/site\/wp-content\/uploads\/2025\/07\/assinaturawatabane-300x111.jpg 300w\" sizes=\"auto, (max-width: 291px) 100vw, 291px\" \/><\/p>\n","protected":false},"excerpt":{"rendered":"<p>Introdu\u00e7\u00e3o A energia \u00e9 um conceito central da f\u00edsica e da engenharia. Ao longo da hist\u00f3ria, fil\u00f3sofos, cientistas e engenheiros observaram que todo sistema energ\u00e9tico est\u00e1 sujeito \u00e0s leis da din\u00e2mica. Uma das mais conhecidas \u00e9 a Terceira Lei de Newton, formulada em 1687: &#8220;Para toda a\u00e7\u00e3o, h\u00e1 sempre uma rea\u00e7\u00e3o oposta e de igual [&hellip;]<\/p>\n","protected":false},"author":13,"featured_media":130262,"comment_status":"open","ping_status":"open","sticky":false,"template":"","format":"standard","meta":{"footnotes":""},"categories":[114,15,1816,12,113],"tags":[],"class_list":{"0":"post-130258","1":"post","2":"type-post","3":"status-publish","4":"format-standard","5":"has-post-thumbnail","7":"category-artigos","8":"category-departamento-desenvolvimento-de-projetos-e-servicos-de-infraestrutura","9":"category-divisao-tecnica-de-projetos-de-energia","10":"category-divisoes-tecnicas","11":"category-publicacoes"},"yoast_head":"<!-- This site is optimized with the Yoast SEO plugin v27.2 - https:\/\/yoast.com\/product\/yoast-seo-wordpress\/ -->\n<title>Energia: A\u00e7\u00e3o e Rea\u00e7\u00e3o - Uma Vis\u00e3o Hol\u00edstica da Din\u00e2mica Energ\u00e9tica - Instituto de Engenharia<\/title>\n<meta name=\"robots\" content=\"index, follow, max-snippet:-1, max-image-preview:large, max-video-preview:-1\" \/>\n<link rel=\"canonical\" href=\"https:\/\/www.institutodeengenharia.org.br\/site\/2025\/07\/01\/energia-acao-e-reacao-uma-visao-holistica-da-dinamica-energetica\/\" \/>\n<meta property=\"og:locale\" content=\"pt_BR\" \/>\n<meta property=\"og:type\" content=\"article\" \/>\n<meta property=\"og:title\" content=\"Energia: A\u00e7\u00e3o e Rea\u00e7\u00e3o - Uma Vis\u00e3o Hol\u00edstica da Din\u00e2mica Energ\u00e9tica - Instituto de Engenharia\" \/>\n<meta property=\"og:description\" content=\"Introdu\u00e7\u00e3o A energia \u00e9 um conceito central da f\u00edsica e da engenharia. Ao longo da hist\u00f3ria, fil\u00f3sofos, cientistas e engenheiros observaram que todo sistema energ\u00e9tico est\u00e1 sujeito \u00e0s leis da din\u00e2mica. Uma das mais conhecidas \u00e9 a Terceira Lei de Newton, formulada em 1687: &#8220;Para toda a\u00e7\u00e3o, h\u00e1 sempre uma rea\u00e7\u00e3o oposta e de igual [&hellip;]\" \/>\n<meta property=\"og:url\" content=\"https:\/\/www.institutodeengenharia.org.br\/site\/2025\/07\/01\/energia-acao-e-reacao-uma-visao-holistica-da-dinamica-energetica\/\" \/>\n<meta property=\"og:site_name\" content=\"Instituto de Engenharia\" \/>\n<meta property=\"article:publisher\" content=\"https:\/\/www.facebook.com\/institutodeengenharia\" \/>\n<meta property=\"article:published_time\" content=\"2025-07-01T18:12:56+00:00\" \/>\n<meta property=\"article:modified_time\" content=\"2025-07-01T18:19:08+00:00\" \/>\n<meta property=\"og:image\" content=\"https:\/\/www.institutodeengenharia.org.br\/site\/wp-content\/uploads\/2025\/07\/Palestra-Fios-e-cabos-eletricos-Qualidade-e-seguranca-caminham-juntas.jpg\" \/>\n\t<meta property=\"og:image:width\" content=\"1920\" \/>\n\t<meta property=\"og:image:height\" content=\"1080\" \/>\n\t<meta property=\"og:image:type\" content=\"image\/jpeg\" \/>\n<meta name=\"author\" content=\"Bianca\" \/>\n<meta name=\"twitter:card\" content=\"summary_large_image\" \/>\n<meta name=\"twitter:creator\" content=\"@iengenharia\" \/>\n<meta name=\"twitter:site\" content=\"@iengenharia\" \/>\n<meta name=\"twitter:label1\" content=\"Escrito por\" \/>\n\t<meta name=\"twitter:data1\" content=\"Bianca\" \/>\n\t<meta name=\"twitter:label2\" content=\"Est. tempo de leitura\" \/>\n\t<meta name=\"twitter:data2\" content=\"6 minutos\" \/>\n<script type=\"application\/ld+json\" class=\"yoast-schema-graph\">{\"@context\":\"https:\/\/schema.org\",\"@graph\":[{\"@type\":\"Article\",\"@id\":\"https:\/\/www.institutodeengenharia.org.br\/site\/2025\/07\/01\/energia-acao-e-reacao-uma-visao-holistica-da-dinamica-energetica\/#article\",\"isPartOf\":{\"@id\":\"https:\/\/www.institutodeengenharia.org.br\/site\/2025\/07\/01\/energia-acao-e-reacao-uma-visao-holistica-da-dinamica-energetica\/\"},\"author\":{\"name\":\"Bianca\",\"@id\":\"https:\/\/www.institutodeengenharia.org.br\/site\/#\/schema\/person\/aeb64951c405e100d26d30b033dd423f\"},\"headline\":\"Energia: A\u00e7\u00e3o e Rea\u00e7\u00e3o &#8211; Uma Vis\u00e3o Hol\u00edstica da Din\u00e2mica Energ\u00e9tica\",\"datePublished\":\"2025-07-01T18:12:56+00:00\",\"dateModified\":\"2025-07-01T18:19:08+00:00\",\"mainEntityOfPage\":{\"@id\":\"https:\/\/www.institutodeengenharia.org.br\/site\/2025\/07\/01\/energia-acao-e-reacao-uma-visao-holistica-da-dinamica-energetica\/\"},\"wordCount\":1090,\"commentCount\":0,\"publisher\":{\"@id\":\"https:\/\/www.institutodeengenharia.org.br\/site\/#organization\"},\"image\":{\"@id\":\"https:\/\/www.institutodeengenharia.org.br\/site\/2025\/07\/01\/energia-acao-e-reacao-uma-visao-holistica-da-dinamica-energetica\/#primaryimage\"},\"thumbnailUrl\":\"https:\/\/www.institutodeengenharia.org.br\/site\/wp-content\/uploads\/2025\/07\/Palestra-Fios-e-cabos-eletricos-Qualidade-e-seguranca-caminham-juntas.jpg\",\"articleSection\":[\"Artigos\",\"Departamento Desenvolvimento de Projetos e Servi\u00e7os de Infraestrutura\",\"Divis\u00e3o T\u00e9cnica de Projetos de Energia\",\"Divis\u00f5es T\u00e9cnicas\",\"Publica\u00e7\u00f5es\"],\"inLanguage\":\"pt-BR\",\"potentialAction\":[{\"@type\":\"CommentAction\",\"name\":\"Comment\",\"target\":[\"https:\/\/www.institutodeengenharia.org.br\/site\/2025\/07\/01\/energia-acao-e-reacao-uma-visao-holistica-da-dinamica-energetica\/#respond\"]}]},{\"@type\":\"WebPage\",\"@id\":\"https:\/\/www.institutodeengenharia.org.br\/site\/2025\/07\/01\/energia-acao-e-reacao-uma-visao-holistica-da-dinamica-energetica\/\",\"url\":\"https:\/\/www.institutodeengenharia.org.br\/site\/2025\/07\/01\/energia-acao-e-reacao-uma-visao-holistica-da-dinamica-energetica\/\",\"name\":\"Energia: A\u00e7\u00e3o e Rea\u00e7\u00e3o - Uma Vis\u00e3o Hol\u00edstica da Din\u00e2mica Energ\u00e9tica - Instituto de Engenharia\",\"isPartOf\":{\"@id\":\"https:\/\/www.institutodeengenharia.org.br\/site\/#website\"},\"primaryImageOfPage\":{\"@id\":\"https:\/\/www.institutodeengenharia.org.br\/site\/2025\/07\/01\/energia-acao-e-reacao-uma-visao-holistica-da-dinamica-energetica\/#primaryimage\"},\"image\":{\"@id\":\"https:\/\/www.institutodeengenharia.org.br\/site\/2025\/07\/01\/energia-acao-e-reacao-uma-visao-holistica-da-dinamica-energetica\/#primaryimage\"},\"thumbnailUrl\":\"https:\/\/www.institutodeengenharia.org.br\/site\/wp-content\/uploads\/2025\/07\/Palestra-Fios-e-cabos-eletricos-Qualidade-e-seguranca-caminham-juntas.jpg\",\"datePublished\":\"2025-07-01T18:12:56+00:00\",\"dateModified\":\"2025-07-01T18:19:08+00:00\",\"breadcrumb\":{\"@id\":\"https:\/\/www.institutodeengenharia.org.br\/site\/2025\/07\/01\/energia-acao-e-reacao-uma-visao-holistica-da-dinamica-energetica\/#breadcrumb\"},\"inLanguage\":\"pt-BR\",\"potentialAction\":[{\"@type\":\"ReadAction\",\"target\":[\"https:\/\/www.institutodeengenharia.org.br\/site\/2025\/07\/01\/energia-acao-e-reacao-uma-visao-holistica-da-dinamica-energetica\/\"]}]},{\"@type\":\"ImageObject\",\"inLanguage\":\"pt-BR\",\"@id\":\"https:\/\/www.institutodeengenharia.org.br\/site\/2025\/07\/01\/energia-acao-e-reacao-uma-visao-holistica-da-dinamica-energetica\/#primaryimage\",\"url\":\"https:\/\/www.institutodeengenharia.org.br\/site\/wp-content\/uploads\/2025\/07\/Palestra-Fios-e-cabos-eletricos-Qualidade-e-seguranca-caminham-juntas.jpg\",\"contentUrl\":\"https:\/\/www.institutodeengenharia.org.br\/site\/wp-content\/uploads\/2025\/07\/Palestra-Fios-e-cabos-eletricos-Qualidade-e-seguranca-caminham-juntas.jpg\",\"width\":1920,\"height\":1080},{\"@type\":\"BreadcrumbList\",\"@id\":\"https:\/\/www.institutodeengenharia.org.br\/site\/2025\/07\/01\/energia-acao-e-reacao-uma-visao-holistica-da-dinamica-energetica\/#breadcrumb\",\"itemListElement\":[{\"@type\":\"ListItem\",\"position\":1,\"name\":\"In\u00edcio\",\"item\":\"https:\/\/www.institutodeengenharia.org.br\/site\/\"},{\"@type\":\"ListItem\",\"position\":2,\"name\":\"Energia: A\u00e7\u00e3o e Rea\u00e7\u00e3o &#8211; Uma Vis\u00e3o Hol\u00edstica da Din\u00e2mica Energ\u00e9tica\"}]},{\"@type\":\"WebSite\",\"@id\":\"https:\/\/www.institutodeengenharia.org.br\/site\/#website\",\"url\":\"https:\/\/www.institutodeengenharia.org.br\/site\/\",\"name\":\"Instituto de Engenharia\",\"description\":\"O Instituto de Engenharia promove a Engenharia em benef\u00edcio do desenvolvimento e da qualidade de vida da sociedade.\",\"publisher\":{\"@id\":\"https:\/\/www.institutodeengenharia.org.br\/site\/#organization\"},\"potentialAction\":[{\"@type\":\"SearchAction\",\"target\":{\"@type\":\"EntryPoint\",\"urlTemplate\":\"https:\/\/www.institutodeengenharia.org.br\/site\/?s={search_term_string}\"},\"query-input\":{\"@type\":\"PropertyValueSpecification\",\"valueRequired\":true,\"valueName\":\"search_term_string\"}}],\"inLanguage\":\"pt-BR\"},{\"@type\":\"Organization\",\"@id\":\"https:\/\/www.institutodeengenharia.org.br\/site\/#organization\",\"name\":\"Instituto de Engenharia\",\"url\":\"https:\/\/www.institutodeengenharia.org.br\/site\/\",\"logo\":{\"@type\":\"ImageObject\",\"inLanguage\":\"pt-BR\",\"@id\":\"https:\/\/www.institutodeengenharia.org.br\/site\/#\/schema\/logo\/image\/\",\"url\":\"https:\/\/www.institutodeengenharia.org.br\/site\/wp-content\/uploads\/2019\/03\/logo-novo-IE2018-1.jpg\",\"contentUrl\":\"https:\/\/www.institutodeengenharia.org.br\/site\/wp-content\/uploads\/2019\/03\/logo-novo-IE2018-1.jpg\",\"width\":1486,\"height\":1879,\"caption\":\"Instituto de Engenharia\"},\"image\":{\"@id\":\"https:\/\/www.institutodeengenharia.org.br\/site\/#\/schema\/logo\/image\/\"},\"sameAs\":[\"https:\/\/www.facebook.com\/institutodeengenharia\",\"https:\/\/x.com\/iengenharia\",\"https:\/\/www.instagram.com\/institutodeengenharia\/\",\"https:\/\/www.linkedin.com\/company\/instituto-de-engenharia\/\",\"https:\/\/www.youtube.com\/channel\/UCXiCAlsSMe977vamW915HxA\"]},{\"@type\":\"Person\",\"@id\":\"https:\/\/www.institutodeengenharia.org.br\/site\/#\/schema\/person\/aeb64951c405e100d26d30b033dd423f\",\"name\":\"Bianca\",\"image\":{\"@type\":\"ImageObject\",\"inLanguage\":\"pt-BR\",\"@id\":\"https:\/\/secure.gravatar.com\/avatar\/a6fbe9bff57405baf4c1e2c5c1811e072b558253974a9f9508f4678900c97c2a?s=96&d=mm&r=g\",\"url\":\"https:\/\/secure.gravatar.com\/avatar\/a6fbe9bff57405baf4c1e2c5c1811e072b558253974a9f9508f4678900c97c2a?s=96&d=mm&r=g\",\"contentUrl\":\"https:\/\/secure.gravatar.com\/avatar\/a6fbe9bff57405baf4c1e2c5c1811e072b558253974a9f9508f4678900c97c2a?s=96&d=mm&r=g\",\"caption\":\"Bianca\"},\"url\":\"https:\/\/www.institutodeengenharia.org.br\/site\/author\/comunicacao1\/\"}]}<\/script>\n<!-- \/ Yoast SEO plugin. -->","yoast_head_json":{"title":"Energia: A\u00e7\u00e3o e Rea\u00e7\u00e3o - Uma Vis\u00e3o Hol\u00edstica da Din\u00e2mica Energ\u00e9tica - Instituto de Engenharia","robots":{"index":"index","follow":"follow","max-snippet":"max-snippet:-1","max-image-preview":"max-image-preview:large","max-video-preview":"max-video-preview:-1"},"canonical":"https:\/\/www.institutodeengenharia.org.br\/site\/2025\/07\/01\/energia-acao-e-reacao-uma-visao-holistica-da-dinamica-energetica\/","og_locale":"pt_BR","og_type":"article","og_title":"Energia: A\u00e7\u00e3o e Rea\u00e7\u00e3o - Uma Vis\u00e3o Hol\u00edstica da Din\u00e2mica Energ\u00e9tica - Instituto de Engenharia","og_description":"Introdu\u00e7\u00e3o A energia \u00e9 um conceito central da f\u00edsica e da engenharia. Ao longo da hist\u00f3ria, fil\u00f3sofos, cientistas e engenheiros observaram que todo sistema energ\u00e9tico est\u00e1 sujeito \u00e0s leis da din\u00e2mica. Uma das mais conhecidas \u00e9 a Terceira Lei de Newton, formulada em 1687: &#8220;Para toda a\u00e7\u00e3o, h\u00e1 sempre uma rea\u00e7\u00e3o oposta e de igual [&hellip;]","og_url":"https:\/\/www.institutodeengenharia.org.br\/site\/2025\/07\/01\/energia-acao-e-reacao-uma-visao-holistica-da-dinamica-energetica\/","og_site_name":"Instituto de Engenharia","article_publisher":"https:\/\/www.facebook.com\/institutodeengenharia","article_published_time":"2025-07-01T18:12:56+00:00","article_modified_time":"2025-07-01T18:19:08+00:00","og_image":[{"width":1920,"height":1080,"url":"https:\/\/www.institutodeengenharia.org.br\/site\/wp-content\/uploads\/2025\/07\/Palestra-Fios-e-cabos-eletricos-Qualidade-e-seguranca-caminham-juntas.jpg","type":"image\/jpeg"}],"author":"Bianca","twitter_card":"summary_large_image","twitter_creator":"@iengenharia","twitter_site":"@iengenharia","twitter_misc":{"Escrito por":"Bianca","Est. tempo de leitura":"6 minutos"},"schema":{"@context":"https:\/\/schema.org","@graph":[{"@type":"Article","@id":"https:\/\/www.institutodeengenharia.org.br\/site\/2025\/07\/01\/energia-acao-e-reacao-uma-visao-holistica-da-dinamica-energetica\/#article","isPartOf":{"@id":"https:\/\/www.institutodeengenharia.org.br\/site\/2025\/07\/01\/energia-acao-e-reacao-uma-visao-holistica-da-dinamica-energetica\/"},"author":{"name":"Bianca","@id":"https:\/\/www.institutodeengenharia.org.br\/site\/#\/schema\/person\/aeb64951c405e100d26d30b033dd423f"},"headline":"Energia: A\u00e7\u00e3o e Rea\u00e7\u00e3o &#8211; Uma Vis\u00e3o Hol\u00edstica da Din\u00e2mica Energ\u00e9tica","datePublished":"2025-07-01T18:12:56+00:00","dateModified":"2025-07-01T18:19:08+00:00","mainEntityOfPage":{"@id":"https:\/\/www.institutodeengenharia.org.br\/site\/2025\/07\/01\/energia-acao-e-reacao-uma-visao-holistica-da-dinamica-energetica\/"},"wordCount":1090,"commentCount":0,"publisher":{"@id":"https:\/\/www.institutodeengenharia.org.br\/site\/#organization"},"image":{"@id":"https:\/\/www.institutodeengenharia.org.br\/site\/2025\/07\/01\/energia-acao-e-reacao-uma-visao-holistica-da-dinamica-energetica\/#primaryimage"},"thumbnailUrl":"https:\/\/www.institutodeengenharia.org.br\/site\/wp-content\/uploads\/2025\/07\/Palestra-Fios-e-cabos-eletricos-Qualidade-e-seguranca-caminham-juntas.jpg","articleSection":["Artigos","Departamento Desenvolvimento de Projetos e Servi\u00e7os de Infraestrutura","Divis\u00e3o T\u00e9cnica de Projetos de Energia","Divis\u00f5es T\u00e9cnicas","Publica\u00e7\u00f5es"],"inLanguage":"pt-BR","potentialAction":[{"@type":"CommentAction","name":"Comment","target":["https:\/\/www.institutodeengenharia.org.br\/site\/2025\/07\/01\/energia-acao-e-reacao-uma-visao-holistica-da-dinamica-energetica\/#respond"]}]},{"@type":"WebPage","@id":"https:\/\/www.institutodeengenharia.org.br\/site\/2025\/07\/01\/energia-acao-e-reacao-uma-visao-holistica-da-dinamica-energetica\/","url":"https:\/\/www.institutodeengenharia.org.br\/site\/2025\/07\/01\/energia-acao-e-reacao-uma-visao-holistica-da-dinamica-energetica\/","name":"Energia: A\u00e7\u00e3o e Rea\u00e7\u00e3o - Uma Vis\u00e3o Hol\u00edstica da Din\u00e2mica Energ\u00e9tica - Instituto de Engenharia","isPartOf":{"@id":"https:\/\/www.institutodeengenharia.org.br\/site\/#website"},"primaryImageOfPage":{"@id":"https:\/\/www.institutodeengenharia.org.br\/site\/2025\/07\/01\/energia-acao-e-reacao-uma-visao-holistica-da-dinamica-energetica\/#primaryimage"},"image":{"@id":"https:\/\/www.institutodeengenharia.org.br\/site\/2025\/07\/01\/energia-acao-e-reacao-uma-visao-holistica-da-dinamica-energetica\/#primaryimage"},"thumbnailUrl":"https:\/\/www.institutodeengenharia.org.br\/site\/wp-content\/uploads\/2025\/07\/Palestra-Fios-e-cabos-eletricos-Qualidade-e-seguranca-caminham-juntas.jpg","datePublished":"2025-07-01T18:12:56+00:00","dateModified":"2025-07-01T18:19:08+00:00","breadcrumb":{"@id":"https:\/\/www.institutodeengenharia.org.br\/site\/2025\/07\/01\/energia-acao-e-reacao-uma-visao-holistica-da-dinamica-energetica\/#breadcrumb"},"inLanguage":"pt-BR","potentialAction":[{"@type":"ReadAction","target":["https:\/\/www.institutodeengenharia.org.br\/site\/2025\/07\/01\/energia-acao-e-reacao-uma-visao-holistica-da-dinamica-energetica\/"]}]},{"@type":"ImageObject","inLanguage":"pt-BR","@id":"https:\/\/www.institutodeengenharia.org.br\/site\/2025\/07\/01\/energia-acao-e-reacao-uma-visao-holistica-da-dinamica-energetica\/#primaryimage","url":"https:\/\/www.institutodeengenharia.org.br\/site\/wp-content\/uploads\/2025\/07\/Palestra-Fios-e-cabos-eletricos-Qualidade-e-seguranca-caminham-juntas.jpg","contentUrl":"https:\/\/www.institutodeengenharia.org.br\/site\/wp-content\/uploads\/2025\/07\/Palestra-Fios-e-cabos-eletricos-Qualidade-e-seguranca-caminham-juntas.jpg","width":1920,"height":1080},{"@type":"BreadcrumbList","@id":"https:\/\/www.institutodeengenharia.org.br\/site\/2025\/07\/01\/energia-acao-e-reacao-uma-visao-holistica-da-dinamica-energetica\/#breadcrumb","itemListElement":[{"@type":"ListItem","position":1,"name":"In\u00edcio","item":"https:\/\/www.institutodeengenharia.org.br\/site\/"},{"@type":"ListItem","position":2,"name":"Energia: A\u00e7\u00e3o e Rea\u00e7\u00e3o &#8211; Uma Vis\u00e3o Hol\u00edstica da Din\u00e2mica Energ\u00e9tica"}]},{"@type":"WebSite","@id":"https:\/\/www.institutodeengenharia.org.br\/site\/#website","url":"https:\/\/www.institutodeengenharia.org.br\/site\/","name":"Instituto de Engenharia","description":"O Instituto de Engenharia promove a Engenharia em benef\u00edcio do desenvolvimento e da qualidade de vida da sociedade.","publisher":{"@id":"https:\/\/www.institutodeengenharia.org.br\/site\/#organization"},"potentialAction":[{"@type":"SearchAction","target":{"@type":"EntryPoint","urlTemplate":"https:\/\/www.institutodeengenharia.org.br\/site\/?s={search_term_string}"},"query-input":{"@type":"PropertyValueSpecification","valueRequired":true,"valueName":"search_term_string"}}],"inLanguage":"pt-BR"},{"@type":"Organization","@id":"https:\/\/www.institutodeengenharia.org.br\/site\/#organization","name":"Instituto de Engenharia","url":"https:\/\/www.institutodeengenharia.org.br\/site\/","logo":{"@type":"ImageObject","inLanguage":"pt-BR","@id":"https:\/\/www.institutodeengenharia.org.br\/site\/#\/schema\/logo\/image\/","url":"https:\/\/www.institutodeengenharia.org.br\/site\/wp-content\/uploads\/2019\/03\/logo-novo-IE2018-1.jpg","contentUrl":"https:\/\/www.institutodeengenharia.org.br\/site\/wp-content\/uploads\/2019\/03\/logo-novo-IE2018-1.jpg","width":1486,"height":1879,"caption":"Instituto de Engenharia"},"image":{"@id":"https:\/\/www.institutodeengenharia.org.br\/site\/#\/schema\/logo\/image\/"},"sameAs":["https:\/\/www.facebook.com\/institutodeengenharia","https:\/\/x.com\/iengenharia","https:\/\/www.instagram.com\/institutodeengenharia\/","https:\/\/www.linkedin.com\/company\/instituto-de-engenharia\/","https:\/\/www.youtube.com\/channel\/UCXiCAlsSMe977vamW915HxA"]},{"@type":"Person","@id":"https:\/\/www.institutodeengenharia.org.br\/site\/#\/schema\/person\/aeb64951c405e100d26d30b033dd423f","name":"Bianca","image":{"@type":"ImageObject","inLanguage":"pt-BR","@id":"https:\/\/secure.gravatar.com\/avatar\/a6fbe9bff57405baf4c1e2c5c1811e072b558253974a9f9508f4678900c97c2a?s=96&d=mm&r=g","url":"https:\/\/secure.gravatar.com\/avatar\/a6fbe9bff57405baf4c1e2c5c1811e072b558253974a9f9508f4678900c97c2a?s=96&d=mm&r=g","contentUrl":"https:\/\/secure.gravatar.com\/avatar\/a6fbe9bff57405baf4c1e2c5c1811e072b558253974a9f9508f4678900c97c2a?s=96&d=mm&r=g","caption":"Bianca"},"url":"https:\/\/www.institutodeengenharia.org.br\/site\/author\/comunicacao1\/"}]}},"_links":{"self":[{"href":"https:\/\/www.institutodeengenharia.org.br\/site\/wp-json\/wp\/v2\/posts\/130258","targetHints":{"allow":["GET"]}}],"collection":[{"href":"https:\/\/www.institutodeengenharia.org.br\/site\/wp-json\/wp\/v2\/posts"}],"about":[{"href":"https:\/\/www.institutodeengenharia.org.br\/site\/wp-json\/wp\/v2\/types\/post"}],"author":[{"embeddable":true,"href":"https:\/\/www.institutodeengenharia.org.br\/site\/wp-json\/wp\/v2\/users\/13"}],"replies":[{"embeddable":true,"href":"https:\/\/www.institutodeengenharia.org.br\/site\/wp-json\/wp\/v2\/comments?post=130258"}],"version-history":[{"count":1,"href":"https:\/\/www.institutodeengenharia.org.br\/site\/wp-json\/wp\/v2\/posts\/130258\/revisions"}],"predecessor-version":[{"id":130261,"href":"https:\/\/www.institutodeengenharia.org.br\/site\/wp-json\/wp\/v2\/posts\/130258\/revisions\/130261"}],"wp:featuredmedia":[{"embeddable":true,"href":"https:\/\/www.institutodeengenharia.org.br\/site\/wp-json\/wp\/v2\/media\/130262"}],"wp:attachment":[{"href":"https:\/\/www.institutodeengenharia.org.br\/site\/wp-json\/wp\/v2\/media?parent=130258"}],"wp:term":[{"taxonomy":"category","embeddable":true,"href":"https:\/\/www.institutodeengenharia.org.br\/site\/wp-json\/wp\/v2\/categories?post=130258"},{"taxonomy":"post_tag","embeddable":true,"href":"https:\/\/www.institutodeengenharia.org.br\/site\/wp-json\/wp\/v2\/tags?post=130258"}],"curies":[{"name":"wp","href":"https:\/\/api.w.org\/{rel}","templated":true}]}}