{"id":130248,"date":"2025-07-01T12:17:41","date_gmt":"2025-07-01T15:17:41","guid":{"rendered":"https:\/\/www.institutodeengenharia.org.br\/site\/?p=130248"},"modified":"2025-07-01T14:36:10","modified_gmt":"2025-07-01T17:36:10","slug":"vahan-agopyan-recebe-o-titulo-de-professor-emerito-da-usp","status":"publish","type":"post","link":"https:\/\/www.institutodeengenharia.org.br\/site\/2025\/07\/01\/vahan-agopyan-recebe-o-titulo-de-professor-emerito-da-usp\/","title":{"rendered":"Vahan Agopyan recebe o t\u00edtulo de Professor Em\u00e9rito da USP"},"content":{"rendered":"<p>O secret\u00e1rio de Ci\u00eancia, Tecnologia e Inova\u00e7\u00e3o do Estado de S\u00e3o Paulo, Vahan Agopyan recebeu a outorga do T\u00edtulo de Professor Em\u00e9rito da Universidade de S\u00e3o Paulo, nesta segunda (30), no Campus S\u00e3o Paulo da USP.<\/p>\n<p>Ex-reitor da Universidade e ex-professor do Departamento de Engenharia de Constru\u00e7\u00e3o Civil da Escola Polit\u00e9cnica da USP, Vahan Agopyan \u00e9 associado desde 1999 ao Instituto de Engenharia e Eminente Engenheiro do Ano 2004, pela entidade. O presidente do IE, Jos\u00e9 Eduardo Jardim, e os ex-presidentes Eduardo Lafraia e Cl\u00e1udio Amaury Dall\u2019Acqua, o conselheiro, Jo\u00e3o Antonio Machado Neto, assim como o assessor Especial do Departamento de Desenvolvimento de Projeto e Servi\u00e7os de Infraestrutura, Roberto Kochen, prestigiaram o amigo e conselheiro na cerim\u00f4nia.<\/p>\n<p>Este t\u00edtulo ressalta o desempenhou de Vahan Agopyan em atividades de Ensino, Pesquisa e Extens\u00e3o, assim como no corpo diretivo do Departamento e da Escola Polit\u00e9cnica, e ainda como reitor da USP: uma trajet\u00f3ria pautada por excel\u00eancia que impactou inclusive na forma\u00e7\u00e3o pessoal e na trajet\u00f3ria acad\u00eamica de alguns docentes que se manifestaram.<\/p>\n<p><a href=\"https:\/\/www.youtube.com\/live\/KsH9UCx4GeU\">Clique aqui<\/a> e assista \u00e0 grava\u00e7\u00e3o da cerim\u00f4nia.<\/p>\n<p><em>Com informa\u00e7\u00f5es da <a href=\"https:\/\/www.pcc.usp.br\/post\/no-pr%C3%B3ximo-dia-30-de-junho-acontecer%C3%A1-a-cerim%C3%B4nia-de-outorga-do-t%C3%ADtulo-de-professor-em%C3%A9rito-da-usp\">USP<\/a>.\u00a0<\/em><\/p>\n","protected":false},"excerpt":{"rendered":"<p>O secret\u00e1rio de Ci\u00eancia, Tecnologia e Inova\u00e7\u00e3o do Estado de S\u00e3o Paulo, Vahan Agopyan recebeu a outorga do T\u00edtulo de Professor Em\u00e9rito da Universidade de S\u00e3o Paulo, nesta segunda (30), no Campus S\u00e3o Paulo da USP. Ex-reitor da Universidade e ex-professor do Departamento de Engenharia de Constru\u00e7\u00e3o Civil da Escola Polit\u00e9cnica da USP, Vahan Agopyan [&hellip;]<\/p>\n","protected":false},"author":14,"featured_media":130250,"comment_status":"open","ping_status":"open","sticky":false,"template":"","format":"standard","meta":{"footnotes":""},"categories":[23,27,6],"tags":[],"class_list":{"0":"post-130248","1":"post","2":"type-post","3":"status-publish","4":"format-standard","5":"has-post-thumbnail","7":"category-educacao","8":"category-instituto-de-engenharia","9":"category-noticias"},"yoast_head":"<!-- This site is optimized with the Yoast SEO plugin v27.2 - https:\/\/yoast.com\/product\/yoast-seo-wordpress\/ -->\n<title>Vahan Agopyan recebe o t\u00edtulo de Professor Em\u00e9rito da USP - Instituto de Engenharia<\/title>\n<meta name=\"robots\" content=\"index, follow, max-snippet:-1, max-image-preview:large, max-video-preview:-1\" \/>\n<link rel=\"canonical\" href=\"https:\/\/www.institutodeengenharia.org.br\/site\/2025\/07\/01\/vahan-agopyan-recebe-o-titulo-de-professor-emerito-da-usp\/\" \/>\n<meta property=\"og:locale\" content=\"pt_BR\" \/>\n<meta property=\"og:type\" content=\"article\" \/>\n<meta property=\"og:title\" content=\"Vahan Agopyan recebe o t\u00edtulo de Professor Em\u00e9rito da USP - Instituto de Engenharia\" \/>\n<meta property=\"og:description\" content=\"O secret\u00e1rio de Ci\u00eancia, Tecnologia e Inova\u00e7\u00e3o do Estado de S\u00e3o Paulo, Vahan Agopyan recebeu a outorga do T\u00edtulo de Professor Em\u00e9rito da Universidade de S\u00e3o Paulo, nesta segunda (30), no Campus S\u00e3o Paulo da USP. Ex-reitor da Universidade e ex-professor do Departamento de Engenharia de Constru\u00e7\u00e3o Civil da Escola Polit\u00e9cnica da USP, Vahan Agopyan [&hellip;]\" \/>\n<meta property=\"og:url\" content=\"https:\/\/www.institutodeengenharia.org.br\/site\/2025\/07\/01\/vahan-agopyan-recebe-o-titulo-de-professor-emerito-da-usp\/\" \/>\n<meta property=\"og:site_name\" content=\"Instituto de Engenharia\" \/>\n<meta property=\"article:publisher\" content=\"https:\/\/www.facebook.com\/institutodeengenharia\" \/>\n<meta property=\"article:published_time\" content=\"2025-07-01T15:17:41+00:00\" \/>\n<meta property=\"article:modified_time\" content=\"2025-07-01T17:36:10+00:00\" \/>\n<meta property=\"og:image\" content=\"https:\/\/www.institutodeengenharia.org.br\/site\/wp-content\/uploads\/2025\/07\/laurea-vahan.jpeg\" \/>\n\t<meta property=\"og:image:width\" content=\"2560\" \/>\n\t<meta property=\"og:image:height\" content=\"1706\" \/>\n\t<meta property=\"og:image:type\" content=\"image\/jpeg\" \/>\n<meta name=\"author\" content=\"Isabel\" \/>\n<meta name=\"twitter:card\" content=\"summary_large_image\" \/>\n<meta name=\"twitter:creator\" content=\"@iengenharia\" \/>\n<meta name=\"twitter:site\" content=\"@iengenharia\" \/>\n<meta name=\"twitter:label1\" content=\"Escrito por\" \/>\n\t<meta name=\"twitter:data1\" content=\"Isabel\" \/>\n\t<meta name=\"twitter:label2\" content=\"Est. tempo de leitura\" \/>\n\t<meta name=\"twitter:data2\" content=\"2 minutos\" \/>\n<script type=\"application\/ld+json\" class=\"yoast-schema-graph\">{\"@context\":\"https:\/\/schema.org\",\"@graph\":[{\"@type\":\"Article\",\"@id\":\"https:\/\/www.institutodeengenharia.org.br\/site\/2025\/07\/01\/vahan-agopyan-recebe-o-titulo-de-professor-emerito-da-usp\/#article\",\"isPartOf\":{\"@id\":\"https:\/\/www.institutodeengenharia.org.br\/site\/2025\/07\/01\/vahan-agopyan-recebe-o-titulo-de-professor-emerito-da-usp\/\"},\"author\":{\"name\":\"Isabel\",\"@id\":\"https:\/\/www.institutodeengenharia.org.br\/site\/#\/schema\/person\/593dc356630173a4877a635d3e5fd76b\"},\"headline\":\"Vahan Agopyan recebe o t\u00edtulo de Professor Em\u00e9rito da USP\",\"datePublished\":\"2025-07-01T15:17:41+00:00\",\"dateModified\":\"2025-07-01T17:36:10+00:00\",\"mainEntityOfPage\":{\"@id\":\"https:\/\/www.institutodeengenharia.org.br\/site\/2025\/07\/01\/vahan-agopyan-recebe-o-titulo-de-professor-emerito-da-usp\/\"},\"wordCount\":215,\"commentCount\":0,\"publisher\":{\"@id\":\"https:\/\/www.institutodeengenharia.org.br\/site\/#organization\"},\"image\":{\"@id\":\"https:\/\/www.institutodeengenharia.org.br\/site\/2025\/07\/01\/vahan-agopyan-recebe-o-titulo-de-professor-emerito-da-usp\/#primaryimage\"},\"thumbnailUrl\":\"https:\/\/www.institutodeengenharia.org.br\/site\/wp-content\/uploads\/2025\/07\/laurea-vahan.jpeg\",\"articleSection\":[\"Educa\u00e7\u00e3o\",\"Instituto de Engenharia\",\"Not\u00edcias\"],\"inLanguage\":\"pt-BR\",\"potentialAction\":[{\"@type\":\"CommentAction\",\"name\":\"Comment\",\"target\":[\"https:\/\/www.institutodeengenharia.org.br\/site\/2025\/07\/01\/vahan-agopyan-recebe-o-titulo-de-professor-emerito-da-usp\/#respond\"]}]},{\"@type\":\"WebPage\",\"@id\":\"https:\/\/www.institutodeengenharia.org.br\/site\/2025\/07\/01\/vahan-agopyan-recebe-o-titulo-de-professor-emerito-da-usp\/\",\"url\":\"https:\/\/www.institutodeengenharia.org.br\/site\/2025\/07\/01\/vahan-agopyan-recebe-o-titulo-de-professor-emerito-da-usp\/\",\"name\":\"Vahan Agopyan recebe o t\u00edtulo de Professor Em\u00e9rito da USP - Instituto de Engenharia\",\"isPartOf\":{\"@id\":\"https:\/\/www.institutodeengenharia.org.br\/site\/#website\"},\"primaryImageOfPage\":{\"@id\":\"https:\/\/www.institutodeengenharia.org.br\/site\/2025\/07\/01\/vahan-agopyan-recebe-o-titulo-de-professor-emerito-da-usp\/#primaryimage\"},\"image\":{\"@id\":\"https:\/\/www.institutodeengenharia.org.br\/site\/2025\/07\/01\/vahan-agopyan-recebe-o-titulo-de-professor-emerito-da-usp\/#primaryimage\"},\"thumbnailUrl\":\"https:\/\/www.institutodeengenharia.org.br\/site\/wp-content\/uploads\/2025\/07\/laurea-vahan.jpeg\",\"datePublished\":\"2025-07-01T15:17:41+00:00\",\"dateModified\":\"2025-07-01T17:36:10+00:00\",\"breadcrumb\":{\"@id\":\"https:\/\/www.institutodeengenharia.org.br\/site\/2025\/07\/01\/vahan-agopyan-recebe-o-titulo-de-professor-emerito-da-usp\/#breadcrumb\"},\"inLanguage\":\"pt-BR\",\"potentialAction\":[{\"@type\":\"ReadAction\",\"target\":[\"https:\/\/www.institutodeengenharia.org.br\/site\/2025\/07\/01\/vahan-agopyan-recebe-o-titulo-de-professor-emerito-da-usp\/\"]}]},{\"@type\":\"ImageObject\",\"inLanguage\":\"pt-BR\",\"@id\":\"https:\/\/www.institutodeengenharia.org.br\/site\/2025\/07\/01\/vahan-agopyan-recebe-o-titulo-de-professor-emerito-da-usp\/#primaryimage\",\"url\":\"https:\/\/www.institutodeengenharia.org.br\/site\/wp-content\/uploads\/2025\/07\/laurea-vahan.jpeg\",\"contentUrl\":\"https:\/\/www.institutodeengenharia.org.br\/site\/wp-content\/uploads\/2025\/07\/laurea-vahan.jpeg\",\"width\":2560,\"height\":1706,\"caption\":\"Da esq. p\/ dir.: Roberto Kochen, Vahan Agopyan, Claudio Dall'Acqua, e Jos\u00e9 Eduardo Jardim. Cr\u00e9dito: Lucas Rodrigues\"},{\"@type\":\"BreadcrumbList\",\"@id\":\"https:\/\/www.institutodeengenharia.org.br\/site\/2025\/07\/01\/vahan-agopyan-recebe-o-titulo-de-professor-emerito-da-usp\/#breadcrumb\",\"itemListElement\":[{\"@type\":\"ListItem\",\"position\":1,\"name\":\"In\u00edcio\",\"item\":\"https:\/\/www.institutodeengenharia.org.br\/site\/\"},{\"@type\":\"ListItem\",\"position\":2,\"name\":\"Vahan Agopyan recebe o t\u00edtulo de Professor Em\u00e9rito da USP\"}]},{\"@type\":\"WebSite\",\"@id\":\"https:\/\/www.institutodeengenharia.org.br\/site\/#website\",\"url\":\"https:\/\/www.institutodeengenharia.org.br\/site\/\",\"name\":\"Instituto de Engenharia\",\"description\":\"O Instituto de Engenharia promove a Engenharia em benef\u00edcio do desenvolvimento e da qualidade de vida da sociedade.\",\"publisher\":{\"@id\":\"https:\/\/www.institutodeengenharia.org.br\/site\/#organization\"},\"potentialAction\":[{\"@type\":\"SearchAction\",\"target\":{\"@type\":\"EntryPoint\",\"urlTemplate\":\"https:\/\/www.institutodeengenharia.org.br\/site\/?s={search_term_string}\"},\"query-input\":{\"@type\":\"PropertyValueSpecification\",\"valueRequired\":true,\"valueName\":\"search_term_string\"}}],\"inLanguage\":\"pt-BR\"},{\"@type\":\"Organization\",\"@id\":\"https:\/\/www.institutodeengenharia.org.br\/site\/#organization\",\"name\":\"Instituto de Engenharia\",\"url\":\"https:\/\/www.institutodeengenharia.org.br\/site\/\",\"logo\":{\"@type\":\"ImageObject\",\"inLanguage\":\"pt-BR\",\"@id\":\"https:\/\/www.institutodeengenharia.org.br\/site\/#\/schema\/logo\/image\/\",\"url\":\"https:\/\/www.institutodeengenharia.org.br\/site\/wp-content\/uploads\/2019\/03\/logo-novo-IE2018-1.jpg\",\"contentUrl\":\"https:\/\/www.institutodeengenharia.org.br\/site\/wp-content\/uploads\/2019\/03\/logo-novo-IE2018-1.jpg\",\"width\":1486,\"height\":1879,\"caption\":\"Instituto de Engenharia\"},\"image\":{\"@id\":\"https:\/\/www.institutodeengenharia.org.br\/site\/#\/schema\/logo\/image\/\"},\"sameAs\":[\"https:\/\/www.facebook.com\/institutodeengenharia\",\"https:\/\/x.com\/iengenharia\",\"https:\/\/www.instagram.com\/institutodeengenharia\/\",\"https:\/\/www.linkedin.com\/company\/instituto-de-engenharia\/\",\"https:\/\/www.youtube.com\/channel\/UCXiCAlsSMe977vamW915HxA\"]},{\"@type\":\"Person\",\"@id\":\"https:\/\/www.institutodeengenharia.org.br\/site\/#\/schema\/person\/593dc356630173a4877a635d3e5fd76b\",\"name\":\"Isabel\",\"image\":{\"@type\":\"ImageObject\",\"inLanguage\":\"pt-BR\",\"@id\":\"https:\/\/secure.gravatar.com\/avatar\/f3c521db63ec9db17894f10a88c6a3cf95b2281d7f80eeb3cf3ef1cb091576e7?s=96&d=mm&r=g\",\"url\":\"https:\/\/secure.gravatar.com\/avatar\/f3c521db63ec9db17894f10a88c6a3cf95b2281d7f80eeb3cf3ef1cb091576e7?s=96&d=mm&r=g\",\"contentUrl\":\"https:\/\/secure.gravatar.com\/avatar\/f3c521db63ec9db17894f10a88c6a3cf95b2281d7f80eeb3cf3ef1cb091576e7?s=96&d=mm&r=g\",\"caption\":\"Isabel\"},\"url\":\"https:\/\/www.institutodeengenharia.org.br\/site\/author\/comunicacao2\/\"}]}<\/script>\n<!-- \/ Yoast SEO plugin. -->","yoast_head_json":{"title":"Vahan Agopyan recebe o t\u00edtulo de Professor Em\u00e9rito da USP - Instituto de Engenharia","robots":{"index":"index","follow":"follow","max-snippet":"max-snippet:-1","max-image-preview":"max-image-preview:large","max-video-preview":"max-video-preview:-1"},"canonical":"https:\/\/www.institutodeengenharia.org.br\/site\/2025\/07\/01\/vahan-agopyan-recebe-o-titulo-de-professor-emerito-da-usp\/","og_locale":"pt_BR","og_type":"article","og_title":"Vahan Agopyan recebe o t\u00edtulo de Professor Em\u00e9rito da USP - Instituto de Engenharia","og_description":"O secret\u00e1rio de Ci\u00eancia, Tecnologia e Inova\u00e7\u00e3o do Estado de S\u00e3o Paulo, Vahan Agopyan recebeu a outorga do T\u00edtulo de Professor Em\u00e9rito da Universidade de S\u00e3o Paulo, nesta segunda (30), no Campus S\u00e3o Paulo da USP. Ex-reitor da Universidade e ex-professor do Departamento de Engenharia de Constru\u00e7\u00e3o Civil da Escola Polit\u00e9cnica da USP, Vahan Agopyan [&hellip;]","og_url":"https:\/\/www.institutodeengenharia.org.br\/site\/2025\/07\/01\/vahan-agopyan-recebe-o-titulo-de-professor-emerito-da-usp\/","og_site_name":"Instituto de Engenharia","article_publisher":"https:\/\/www.facebook.com\/institutodeengenharia","article_published_time":"2025-07-01T15:17:41+00:00","article_modified_time":"2025-07-01T17:36:10+00:00","og_image":[{"width":2560,"height":1706,"url":"https:\/\/www.institutodeengenharia.org.br\/site\/wp-content\/uploads\/2025\/07\/laurea-vahan.jpeg","type":"image\/jpeg"}],"author":"Isabel","twitter_card":"summary_large_image","twitter_creator":"@iengenharia","twitter_site":"@iengenharia","twitter_misc":{"Escrito por":"Isabel","Est. tempo de leitura":"2 minutos"},"schema":{"@context":"https:\/\/schema.org","@graph":[{"@type":"Article","@id":"https:\/\/www.institutodeengenharia.org.br\/site\/2025\/07\/01\/vahan-agopyan-recebe-o-titulo-de-professor-emerito-da-usp\/#article","isPartOf":{"@id":"https:\/\/www.institutodeengenharia.org.br\/site\/2025\/07\/01\/vahan-agopyan-recebe-o-titulo-de-professor-emerito-da-usp\/"},"author":{"name":"Isabel","@id":"https:\/\/www.institutodeengenharia.org.br\/site\/#\/schema\/person\/593dc356630173a4877a635d3e5fd76b"},"headline":"Vahan Agopyan recebe o t\u00edtulo de Professor Em\u00e9rito da USP","datePublished":"2025-07-01T15:17:41+00:00","dateModified":"2025-07-01T17:36:10+00:00","mainEntityOfPage":{"@id":"https:\/\/www.institutodeengenharia.org.br\/site\/2025\/07\/01\/vahan-agopyan-recebe-o-titulo-de-professor-emerito-da-usp\/"},"wordCount":215,"commentCount":0,"publisher":{"@id":"https:\/\/www.institutodeengenharia.org.br\/site\/#organization"},"image":{"@id":"https:\/\/www.institutodeengenharia.org.br\/site\/2025\/07\/01\/vahan-agopyan-recebe-o-titulo-de-professor-emerito-da-usp\/#primaryimage"},"thumbnailUrl":"https:\/\/www.institutodeengenharia.org.br\/site\/wp-content\/uploads\/2025\/07\/laurea-vahan.jpeg","articleSection":["Educa\u00e7\u00e3o","Instituto de Engenharia","Not\u00edcias"],"inLanguage":"pt-BR","potentialAction":[{"@type":"CommentAction","name":"Comment","target":["https:\/\/www.institutodeengenharia.org.br\/site\/2025\/07\/01\/vahan-agopyan-recebe-o-titulo-de-professor-emerito-da-usp\/#respond"]}]},{"@type":"WebPage","@id":"https:\/\/www.institutodeengenharia.org.br\/site\/2025\/07\/01\/vahan-agopyan-recebe-o-titulo-de-professor-emerito-da-usp\/","url":"https:\/\/www.institutodeengenharia.org.br\/site\/2025\/07\/01\/vahan-agopyan-recebe-o-titulo-de-professor-emerito-da-usp\/","name":"Vahan Agopyan recebe o t\u00edtulo de Professor Em\u00e9rito da USP - Instituto de Engenharia","isPartOf":{"@id":"https:\/\/www.institutodeengenharia.org.br\/site\/#website"},"primaryImageOfPage":{"@id":"https:\/\/www.institutodeengenharia.org.br\/site\/2025\/07\/01\/vahan-agopyan-recebe-o-titulo-de-professor-emerito-da-usp\/#primaryimage"},"image":{"@id":"https:\/\/www.institutodeengenharia.org.br\/site\/2025\/07\/01\/vahan-agopyan-recebe-o-titulo-de-professor-emerito-da-usp\/#primaryimage"},"thumbnailUrl":"https:\/\/www.institutodeengenharia.org.br\/site\/wp-content\/uploads\/2025\/07\/laurea-vahan.jpeg","datePublished":"2025-07-01T15:17:41+00:00","dateModified":"2025-07-01T17:36:10+00:00","breadcrumb":{"@id":"https:\/\/www.institutodeengenharia.org.br\/site\/2025\/07\/01\/vahan-agopyan-recebe-o-titulo-de-professor-emerito-da-usp\/#breadcrumb"},"inLanguage":"pt-BR","potentialAction":[{"@type":"ReadAction","target":["https:\/\/www.institutodeengenharia.org.br\/site\/2025\/07\/01\/vahan-agopyan-recebe-o-titulo-de-professor-emerito-da-usp\/"]}]},{"@type":"ImageObject","inLanguage":"pt-BR","@id":"https:\/\/www.institutodeengenharia.org.br\/site\/2025\/07\/01\/vahan-agopyan-recebe-o-titulo-de-professor-emerito-da-usp\/#primaryimage","url":"https:\/\/www.institutodeengenharia.org.br\/site\/wp-content\/uploads\/2025\/07\/laurea-vahan.jpeg","contentUrl":"https:\/\/www.institutodeengenharia.org.br\/site\/wp-content\/uploads\/2025\/07\/laurea-vahan.jpeg","width":2560,"height":1706,"caption":"Da esq. p\/ dir.: Roberto Kochen, Vahan Agopyan, Claudio Dall'Acqua, e Jos\u00e9 Eduardo Jardim. Cr\u00e9dito: Lucas Rodrigues"},{"@type":"BreadcrumbList","@id":"https:\/\/www.institutodeengenharia.org.br\/site\/2025\/07\/01\/vahan-agopyan-recebe-o-titulo-de-professor-emerito-da-usp\/#breadcrumb","itemListElement":[{"@type":"ListItem","position":1,"name":"In\u00edcio","item":"https:\/\/www.institutodeengenharia.org.br\/site\/"},{"@type":"ListItem","position":2,"name":"Vahan Agopyan recebe o t\u00edtulo de Professor Em\u00e9rito da USP"}]},{"@type":"WebSite","@id":"https:\/\/www.institutodeengenharia.org.br\/site\/#website","url":"https:\/\/www.institutodeengenharia.org.br\/site\/","name":"Instituto de Engenharia","description":"O Instituto de Engenharia promove a Engenharia em benef\u00edcio do desenvolvimento e da qualidade de vida da sociedade.","publisher":{"@id":"https:\/\/www.institutodeengenharia.org.br\/site\/#organization"},"potentialAction":[{"@type":"SearchAction","target":{"@type":"EntryPoint","urlTemplate":"https:\/\/www.institutodeengenharia.org.br\/site\/?s={search_term_string}"},"query-input":{"@type":"PropertyValueSpecification","valueRequired":true,"valueName":"search_term_string"}}],"inLanguage":"pt-BR"},{"@type":"Organization","@id":"https:\/\/www.institutodeengenharia.org.br\/site\/#organization","name":"Instituto de Engenharia","url":"https:\/\/www.institutodeengenharia.org.br\/site\/","logo":{"@type":"ImageObject","inLanguage":"pt-BR","@id":"https:\/\/www.institutodeengenharia.org.br\/site\/#\/schema\/logo\/image\/","url":"https:\/\/www.institutodeengenharia.org.br\/site\/wp-content\/uploads\/2019\/03\/logo-novo-IE2018-1.jpg","contentUrl":"https:\/\/www.institutodeengenharia.org.br\/site\/wp-content\/uploads\/2019\/03\/logo-novo-IE2018-1.jpg","width":1486,"height":1879,"caption":"Instituto de Engenharia"},"image":{"@id":"https:\/\/www.institutodeengenharia.org.br\/site\/#\/schema\/logo\/image\/"},"sameAs":["https:\/\/www.facebook.com\/institutodeengenharia","https:\/\/x.com\/iengenharia","https:\/\/www.instagram.com\/institutodeengenharia\/","https:\/\/www.linkedin.com\/company\/instituto-de-engenharia\/","https:\/\/www.youtube.com\/channel\/UCXiCAlsSMe977vamW915HxA"]},{"@type":"Person","@id":"https:\/\/www.institutodeengenharia.org.br\/site\/#\/schema\/person\/593dc356630173a4877a635d3e5fd76b","name":"Isabel","image":{"@type":"ImageObject","inLanguage":"pt-BR","@id":"https:\/\/secure.gravatar.com\/avatar\/f3c521db63ec9db17894f10a88c6a3cf95b2281d7f80eeb3cf3ef1cb091576e7?s=96&d=mm&r=g","url":"https:\/\/secure.gravatar.com\/avatar\/f3c521db63ec9db17894f10a88c6a3cf95b2281d7f80eeb3cf3ef1cb091576e7?s=96&d=mm&r=g","contentUrl":"https:\/\/secure.gravatar.com\/avatar\/f3c521db63ec9db17894f10a88c6a3cf95b2281d7f80eeb3cf3ef1cb091576e7?s=96&d=mm&r=g","caption":"Isabel"},"url":"https:\/\/www.institutodeengenharia.org.br\/site\/author\/comunicacao2\/"}]}},"_links":{"self":[{"href":"https:\/\/www.institutodeengenharia.org.br\/site\/wp-json\/wp\/v2\/posts\/130248","targetHints":{"allow":["GET"]}}],"collection":[{"href":"https:\/\/www.institutodeengenharia.org.br\/site\/wp-json\/wp\/v2\/posts"}],"about":[{"href":"https:\/\/www.institutodeengenharia.org.br\/site\/wp-json\/wp\/v2\/types\/post"}],"author":[{"embeddable":true,"href":"https:\/\/www.institutodeengenharia.org.br\/site\/wp-json\/wp\/v2\/users\/14"}],"replies":[{"embeddable":true,"href":"https:\/\/www.institutodeengenharia.org.br\/site\/wp-json\/wp\/v2\/comments?post=130248"}],"version-history":[{"count":3,"href":"https:\/\/www.institutodeengenharia.org.br\/site\/wp-json\/wp\/v2\/posts\/130248\/revisions"}],"predecessor-version":[{"id":130255,"href":"https:\/\/www.institutodeengenharia.org.br\/site\/wp-json\/wp\/v2\/posts\/130248\/revisions\/130255"}],"wp:featuredmedia":[{"embeddable":true,"href":"https:\/\/www.institutodeengenharia.org.br\/site\/wp-json\/wp\/v2\/media\/130250"}],"wp:attachment":[{"href":"https:\/\/www.institutodeengenharia.org.br\/site\/wp-json\/wp\/v2\/media?parent=130248"}],"wp:term":[{"taxonomy":"category","embeddable":true,"href":"https:\/\/www.institutodeengenharia.org.br\/site\/wp-json\/wp\/v2\/categories?post=130248"},{"taxonomy":"post_tag","embeddable":true,"href":"https:\/\/www.institutodeengenharia.org.br\/site\/wp-json\/wp\/v2\/tags?post=130248"}],"curies":[{"name":"wp","href":"https:\/\/api.w.org\/{rel}","templated":true}]}}