{"id":130243,"date":"2025-07-01T10:32:57","date_gmt":"2025-07-01T13:32:57","guid":{"rendered":"https:\/\/www.institutodeengenharia.org.br\/site\/?p=130243"},"modified":"2025-07-01T10:32:57","modified_gmt":"2025-07-01T13:32:57","slug":"podcast-visao-da-engenharia-energia-desafios-e-transformacao-12","status":"publish","type":"post","link":"https:\/\/www.institutodeengenharia.org.br\/site\/2025\/07\/01\/podcast-visao-da-engenharia-energia-desafios-e-transformacao-12\/","title":{"rendered":"PodCast Vis\u00e3o da Engenharia &#8211; Energia, desafios e transforma\u00e7\u00e3o #12"},"content":{"rendered":"<p><iframe loading=\"lazy\" title=\"YouTube video player\" src=\"https:\/\/www.youtube.com\/embed\/wXRVr_vmep0?si=auzRZEwES155E6eF\" width=\"560\" height=\"315\" frameborder=\"0\" allowfullscreen=\"allowfullscreen\"><\/iframe><\/p>\n<p>Neste epis\u00f3dio do podcast, Vis\u00e3o da Engenharia, recebemos Antonio Scala, CEO da Enel Brasil, para um bate-papo esclarecedor sobre os desafios e os investimentos da companhia no setor el\u00e9trico, especialmente na complexa malha urbana de S\u00e3o Paulo.<\/p>\n<p>Ao lado do presidente do Instituto de Engenharia, Jos\u00e9 Eduardo Jardim, dos vice-presidentes Miriana Marques e Ivan Whately, e do mediador Regis Gehlen Oliveira, diretor da ConVis\u00e3o CNC \u2013 Central de Not\u00edcias da Constru\u00e7\u00e3o, debatemos os bastidores da crise de energia, os impactos das mudan\u00e7as clim\u00e1ticas, as metas de eletrifica\u00e7\u00e3o do transporte p\u00fablico e o plano de investimento de R$ 25 bilh\u00f5es da Enel no Brasil.<\/p>\n<p>Essa s\u00e9rie de v\u00eddeos faz parte da Semana Nacional da Engenharia, que acontecer\u00e1 do dia 20 a 24 de outubro.<\/p>\n<div class=\"td-pb-span8 td-main-content\" role=\"main\">\n<div class=\"td-ss-main-content\">\n<article id=\"post-129759\" class=\"post-129759 post type-post status-publish format-video has-post-thumbnail category-nova-tv-engenharia category-palestra tag-video-home post_format-post-format-video\">\n<div class=\"td-post-content tagdiv-type\">\n<div class=\"td-a-rec td-a-rec-id-content_bottom  tdi_61 td_block_template_1\"><\/div>\n<\/div>\n<footer>\n<div class=\"td-post-source-tags\"><\/div>\n<\/footer>\n<\/article>\n<div class=\"clearfix\"><\/div>\n<\/div>\n<\/div>\n<div class=\"td-pb-span4 td-main-sidebar\" role=\"complementary\">\n<div class=\"td-ss-main-sidebar\">\n<div class=\"clearfix\"><\/div>\n<div class=\"td_block_wrap td_block_7 td_block_widget tdi_62 td_with_ajax_pagination td-pb-border-top td_block_template_1 td-column-1 td_block_padding\" data-td-block-uid=\"tdi_62\">\n<div class=\"td-block-title-wrap\"><\/div>\n<\/div>\n<\/div>\n<\/div>\n","protected":false},"excerpt":{"rendered":"<p>Neste epis\u00f3dio do podcast, Vis\u00e3o da Engenharia, recebemos Antonio Scala, CEO da Enel Brasil, para um bate-papo esclarecedor sobre os desafios e os investimentos da companhia no setor el\u00e9trico, especialmente na complexa malha urbana de S\u00e3o Paulo. Ao lado do presidente do Instituto de Engenharia, Jos\u00e9 Eduardo Jardim, dos vice-presidentes Miriana Marques e Ivan Whately, [&hellip;]<\/p>\n","protected":false},"author":13,"featured_media":130244,"comment_status":"open","ping_status":"open","sticky":false,"template":"","format":"video","meta":{"footnotes":""},"categories":[968,969],"tags":[1176],"class_list":{"0":"post-130243","1":"post","2":"type-post","3":"status-publish","4":"format-video","5":"has-post-thumbnail","7":"category-nova-tv-engenharia","8":"category-palestra","9":"tag-video-home","10":"post_format-post-format-video"},"yoast_head":"<!-- This site is optimized with the Yoast SEO plugin v27.2 - https:\/\/yoast.com\/product\/yoast-seo-wordpress\/ -->\n<title>PodCast Vis\u00e3o da Engenharia - Energia, desafios e transforma\u00e7\u00e3o #12 - Instituto de Engenharia<\/title>\n<meta name=\"robots\" content=\"index, follow, max-snippet:-1, max-image-preview:large, max-video-preview:-1\" \/>\n<link rel=\"canonical\" href=\"https:\/\/www.institutodeengenharia.org.br\/site\/2025\/07\/01\/podcast-visao-da-engenharia-energia-desafios-e-transformacao-12\/\" \/>\n<meta property=\"og:locale\" content=\"pt_BR\" \/>\n<meta property=\"og:type\" content=\"article\" \/>\n<meta property=\"og:title\" content=\"PodCast Vis\u00e3o da Engenharia - Energia, desafios e transforma\u00e7\u00e3o #12 - Instituto de Engenharia\" \/>\n<meta property=\"og:description\" content=\"Neste epis\u00f3dio do podcast, Vis\u00e3o da Engenharia, recebemos Antonio Scala, CEO da Enel Brasil, para um bate-papo esclarecedor sobre os desafios e os investimentos da companhia no setor el\u00e9trico, especialmente na complexa malha urbana de S\u00e3o Paulo. Ao lado do presidente do Instituto de Engenharia, Jos\u00e9 Eduardo Jardim, dos vice-presidentes Miriana Marques e Ivan Whately, [&hellip;]\" \/>\n<meta property=\"og:url\" content=\"https:\/\/www.institutodeengenharia.org.br\/site\/2025\/07\/01\/podcast-visao-da-engenharia-energia-desafios-e-transformacao-12\/\" \/>\n<meta property=\"og:site_name\" content=\"Instituto de Engenharia\" \/>\n<meta property=\"article:publisher\" content=\"https:\/\/www.facebook.com\/institutodeengenharia\" \/>\n<meta property=\"article:published_time\" content=\"2025-07-01T13:32:57+00:00\" \/>\n<meta property=\"og:image\" content=\"https:\/\/www.institutodeengenharia.org.br\/site\/wp-content\/uploads\/2025\/07\/Miniatura-Podcast-Visao-da-Engenharia-696-x-392-px.jpg\" \/>\n\t<meta property=\"og:image:width\" content=\"696\" \/>\n\t<meta property=\"og:image:height\" content=\"392\" \/>\n\t<meta property=\"og:image:type\" content=\"image\/jpeg\" \/>\n<meta name=\"author\" content=\"Bianca\" \/>\n<meta name=\"twitter:card\" content=\"summary_large_image\" \/>\n<meta name=\"twitter:creator\" content=\"@iengenharia\" \/>\n<meta name=\"twitter:site\" content=\"@iengenharia\" \/>\n<meta name=\"twitter:label1\" content=\"Escrito por\" \/>\n\t<meta name=\"twitter:data1\" content=\"Bianca\" \/>\n\t<meta name=\"twitter:label2\" content=\"Est. tempo de leitura\" \/>\n\t<meta name=\"twitter:data2\" content=\"1 minuto\" \/>\n<script type=\"application\/ld+json\" class=\"yoast-schema-graph\">{\"@context\":\"https:\/\/schema.org\",\"@graph\":[{\"@type\":\"Article\",\"@id\":\"https:\/\/www.institutodeengenharia.org.br\/site\/2025\/07\/01\/podcast-visao-da-engenharia-energia-desafios-e-transformacao-12\/#article\",\"isPartOf\":{\"@id\":\"https:\/\/www.institutodeengenharia.org.br\/site\/2025\/07\/01\/podcast-visao-da-engenharia-energia-desafios-e-transformacao-12\/\"},\"author\":{\"name\":\"Bianca\",\"@id\":\"https:\/\/www.institutodeengenharia.org.br\/site\/#\/schema\/person\/aeb64951c405e100d26d30b033dd423f\"},\"headline\":\"PodCast Vis\u00e3o da Engenharia &#8211; Energia, desafios e transforma\u00e7\u00e3o #12\",\"datePublished\":\"2025-07-01T13:32:57+00:00\",\"mainEntityOfPage\":{\"@id\":\"https:\/\/www.institutodeengenharia.org.br\/site\/2025\/07\/01\/podcast-visao-da-engenharia-energia-desafios-e-transformacao-12\/\"},\"wordCount\":144,\"commentCount\":0,\"publisher\":{\"@id\":\"https:\/\/www.institutodeengenharia.org.br\/site\/#organization\"},\"image\":{\"@id\":\"https:\/\/www.institutodeengenharia.org.br\/site\/2025\/07\/01\/podcast-visao-da-engenharia-energia-desafios-e-transformacao-12\/#primaryimage\"},\"thumbnailUrl\":\"https:\/\/www.institutodeengenharia.org.br\/site\/wp-content\/uploads\/2025\/07\/Miniatura-Podcast-Visao-da-Engenharia-696-x-392-px.jpg\",\"keywords\":[\"video-home\"],\"articleSection\":[\"Nova TV Engenharia\",\"Palestra\"],\"inLanguage\":\"pt-BR\",\"potentialAction\":[{\"@type\":\"CommentAction\",\"name\":\"Comment\",\"target\":[\"https:\/\/www.institutodeengenharia.org.br\/site\/2025\/07\/01\/podcast-visao-da-engenharia-energia-desafios-e-transformacao-12\/#respond\"]}]},{\"@type\":\"WebPage\",\"@id\":\"https:\/\/www.institutodeengenharia.org.br\/site\/2025\/07\/01\/podcast-visao-da-engenharia-energia-desafios-e-transformacao-12\/\",\"url\":\"https:\/\/www.institutodeengenharia.org.br\/site\/2025\/07\/01\/podcast-visao-da-engenharia-energia-desafios-e-transformacao-12\/\",\"name\":\"PodCast Vis\u00e3o da Engenharia - Energia, desafios e transforma\u00e7\u00e3o #12 - Instituto de Engenharia\",\"isPartOf\":{\"@id\":\"https:\/\/www.institutodeengenharia.org.br\/site\/#website\"},\"primaryImageOfPage\":{\"@id\":\"https:\/\/www.institutodeengenharia.org.br\/site\/2025\/07\/01\/podcast-visao-da-engenharia-energia-desafios-e-transformacao-12\/#primaryimage\"},\"image\":{\"@id\":\"https:\/\/www.institutodeengenharia.org.br\/site\/2025\/07\/01\/podcast-visao-da-engenharia-energia-desafios-e-transformacao-12\/#primaryimage\"},\"thumbnailUrl\":\"https:\/\/www.institutodeengenharia.org.br\/site\/wp-content\/uploads\/2025\/07\/Miniatura-Podcast-Visao-da-Engenharia-696-x-392-px.jpg\",\"datePublished\":\"2025-07-01T13:32:57+00:00\",\"breadcrumb\":{\"@id\":\"https:\/\/www.institutodeengenharia.org.br\/site\/2025\/07\/01\/podcast-visao-da-engenharia-energia-desafios-e-transformacao-12\/#breadcrumb\"},\"inLanguage\":\"pt-BR\",\"potentialAction\":[{\"@type\":\"ReadAction\",\"target\":[\"https:\/\/www.institutodeengenharia.org.br\/site\/2025\/07\/01\/podcast-visao-da-engenharia-energia-desafios-e-transformacao-12\/\"]}]},{\"@type\":\"ImageObject\",\"inLanguage\":\"pt-BR\",\"@id\":\"https:\/\/www.institutodeengenharia.org.br\/site\/2025\/07\/01\/podcast-visao-da-engenharia-energia-desafios-e-transformacao-12\/#primaryimage\",\"url\":\"https:\/\/www.institutodeengenharia.org.br\/site\/wp-content\/uploads\/2025\/07\/Miniatura-Podcast-Visao-da-Engenharia-696-x-392-px.jpg\",\"contentUrl\":\"https:\/\/www.institutodeengenharia.org.br\/site\/wp-content\/uploads\/2025\/07\/Miniatura-Podcast-Visao-da-Engenharia-696-x-392-px.jpg\",\"width\":696,\"height\":392},{\"@type\":\"BreadcrumbList\",\"@id\":\"https:\/\/www.institutodeengenharia.org.br\/site\/2025\/07\/01\/podcast-visao-da-engenharia-energia-desafios-e-transformacao-12\/#breadcrumb\",\"itemListElement\":[{\"@type\":\"ListItem\",\"position\":1,\"name\":\"In\u00edcio\",\"item\":\"https:\/\/www.institutodeengenharia.org.br\/site\/\"},{\"@type\":\"ListItem\",\"position\":2,\"name\":\"PodCast Vis\u00e3o da Engenharia &#8211; Energia, desafios e transforma\u00e7\u00e3o #12\"}]},{\"@type\":\"WebSite\",\"@id\":\"https:\/\/www.institutodeengenharia.org.br\/site\/#website\",\"url\":\"https:\/\/www.institutodeengenharia.org.br\/site\/\",\"name\":\"Instituto de Engenharia\",\"description\":\"O Instituto de Engenharia promove a Engenharia em benef\u00edcio do desenvolvimento e da qualidade de vida da sociedade.\",\"publisher\":{\"@id\":\"https:\/\/www.institutodeengenharia.org.br\/site\/#organization\"},\"potentialAction\":[{\"@type\":\"SearchAction\",\"target\":{\"@type\":\"EntryPoint\",\"urlTemplate\":\"https:\/\/www.institutodeengenharia.org.br\/site\/?s={search_term_string}\"},\"query-input\":{\"@type\":\"PropertyValueSpecification\",\"valueRequired\":true,\"valueName\":\"search_term_string\"}}],\"inLanguage\":\"pt-BR\"},{\"@type\":\"Organization\",\"@id\":\"https:\/\/www.institutodeengenharia.org.br\/site\/#organization\",\"name\":\"Instituto de Engenharia\",\"url\":\"https:\/\/www.institutodeengenharia.org.br\/site\/\",\"logo\":{\"@type\":\"ImageObject\",\"inLanguage\":\"pt-BR\",\"@id\":\"https:\/\/www.institutodeengenharia.org.br\/site\/#\/schema\/logo\/image\/\",\"url\":\"https:\/\/www.institutodeengenharia.org.br\/site\/wp-content\/uploads\/2019\/03\/logo-novo-IE2018-1.jpg\",\"contentUrl\":\"https:\/\/www.institutodeengenharia.org.br\/site\/wp-content\/uploads\/2019\/03\/logo-novo-IE2018-1.jpg\",\"width\":1486,\"height\":1879,\"caption\":\"Instituto de Engenharia\"},\"image\":{\"@id\":\"https:\/\/www.institutodeengenharia.org.br\/site\/#\/schema\/logo\/image\/\"},\"sameAs\":[\"https:\/\/www.facebook.com\/institutodeengenharia\",\"https:\/\/x.com\/iengenharia\",\"https:\/\/www.instagram.com\/institutodeengenharia\/\",\"https:\/\/www.linkedin.com\/company\/instituto-de-engenharia\/\",\"https:\/\/www.youtube.com\/channel\/UCXiCAlsSMe977vamW915HxA\"]},{\"@type\":\"Person\",\"@id\":\"https:\/\/www.institutodeengenharia.org.br\/site\/#\/schema\/person\/aeb64951c405e100d26d30b033dd423f\",\"name\":\"Bianca\",\"image\":{\"@type\":\"ImageObject\",\"inLanguage\":\"pt-BR\",\"@id\":\"https:\/\/secure.gravatar.com\/avatar\/a6fbe9bff57405baf4c1e2c5c1811e072b558253974a9f9508f4678900c97c2a?s=96&d=mm&r=g\",\"url\":\"https:\/\/secure.gravatar.com\/avatar\/a6fbe9bff57405baf4c1e2c5c1811e072b558253974a9f9508f4678900c97c2a?s=96&d=mm&r=g\",\"contentUrl\":\"https:\/\/secure.gravatar.com\/avatar\/a6fbe9bff57405baf4c1e2c5c1811e072b558253974a9f9508f4678900c97c2a?s=96&d=mm&r=g\",\"caption\":\"Bianca\"},\"url\":\"https:\/\/www.institutodeengenharia.org.br\/site\/author\/comunicacao1\/\"}]}<\/script>\n<!-- \/ Yoast SEO plugin. -->","yoast_head_json":{"title":"PodCast Vis\u00e3o da Engenharia - Energia, desafios e transforma\u00e7\u00e3o #12 - Instituto de Engenharia","robots":{"index":"index","follow":"follow","max-snippet":"max-snippet:-1","max-image-preview":"max-image-preview:large","max-video-preview":"max-video-preview:-1"},"canonical":"https:\/\/www.institutodeengenharia.org.br\/site\/2025\/07\/01\/podcast-visao-da-engenharia-energia-desafios-e-transformacao-12\/","og_locale":"pt_BR","og_type":"article","og_title":"PodCast Vis\u00e3o da Engenharia - Energia, desafios e transforma\u00e7\u00e3o #12 - Instituto de Engenharia","og_description":"Neste epis\u00f3dio do podcast, Vis\u00e3o da Engenharia, recebemos Antonio Scala, CEO da Enel Brasil, para um bate-papo esclarecedor sobre os desafios e os investimentos da companhia no setor el\u00e9trico, especialmente na complexa malha urbana de S\u00e3o Paulo. Ao lado do presidente do Instituto de Engenharia, Jos\u00e9 Eduardo Jardim, dos vice-presidentes Miriana Marques e Ivan Whately, [&hellip;]","og_url":"https:\/\/www.institutodeengenharia.org.br\/site\/2025\/07\/01\/podcast-visao-da-engenharia-energia-desafios-e-transformacao-12\/","og_site_name":"Instituto de Engenharia","article_publisher":"https:\/\/www.facebook.com\/institutodeengenharia","article_published_time":"2025-07-01T13:32:57+00:00","og_image":[{"width":696,"height":392,"url":"https:\/\/www.institutodeengenharia.org.br\/site\/wp-content\/uploads\/2025\/07\/Miniatura-Podcast-Visao-da-Engenharia-696-x-392-px.jpg","type":"image\/jpeg"}],"author":"Bianca","twitter_card":"summary_large_image","twitter_creator":"@iengenharia","twitter_site":"@iengenharia","twitter_misc":{"Escrito por":"Bianca","Est. tempo de leitura":"1 minuto"},"schema":{"@context":"https:\/\/schema.org","@graph":[{"@type":"Article","@id":"https:\/\/www.institutodeengenharia.org.br\/site\/2025\/07\/01\/podcast-visao-da-engenharia-energia-desafios-e-transformacao-12\/#article","isPartOf":{"@id":"https:\/\/www.institutodeengenharia.org.br\/site\/2025\/07\/01\/podcast-visao-da-engenharia-energia-desafios-e-transformacao-12\/"},"author":{"name":"Bianca","@id":"https:\/\/www.institutodeengenharia.org.br\/site\/#\/schema\/person\/aeb64951c405e100d26d30b033dd423f"},"headline":"PodCast Vis\u00e3o da Engenharia &#8211; Energia, desafios e transforma\u00e7\u00e3o #12","datePublished":"2025-07-01T13:32:57+00:00","mainEntityOfPage":{"@id":"https:\/\/www.institutodeengenharia.org.br\/site\/2025\/07\/01\/podcast-visao-da-engenharia-energia-desafios-e-transformacao-12\/"},"wordCount":144,"commentCount":0,"publisher":{"@id":"https:\/\/www.institutodeengenharia.org.br\/site\/#organization"},"image":{"@id":"https:\/\/www.institutodeengenharia.org.br\/site\/2025\/07\/01\/podcast-visao-da-engenharia-energia-desafios-e-transformacao-12\/#primaryimage"},"thumbnailUrl":"https:\/\/www.institutodeengenharia.org.br\/site\/wp-content\/uploads\/2025\/07\/Miniatura-Podcast-Visao-da-Engenharia-696-x-392-px.jpg","keywords":["video-home"],"articleSection":["Nova TV Engenharia","Palestra"],"inLanguage":"pt-BR","potentialAction":[{"@type":"CommentAction","name":"Comment","target":["https:\/\/www.institutodeengenharia.org.br\/site\/2025\/07\/01\/podcast-visao-da-engenharia-energia-desafios-e-transformacao-12\/#respond"]}]},{"@type":"WebPage","@id":"https:\/\/www.institutodeengenharia.org.br\/site\/2025\/07\/01\/podcast-visao-da-engenharia-energia-desafios-e-transformacao-12\/","url":"https:\/\/www.institutodeengenharia.org.br\/site\/2025\/07\/01\/podcast-visao-da-engenharia-energia-desafios-e-transformacao-12\/","name":"PodCast Vis\u00e3o da Engenharia - Energia, desafios e transforma\u00e7\u00e3o #12 - Instituto de Engenharia","isPartOf":{"@id":"https:\/\/www.institutodeengenharia.org.br\/site\/#website"},"primaryImageOfPage":{"@id":"https:\/\/www.institutodeengenharia.org.br\/site\/2025\/07\/01\/podcast-visao-da-engenharia-energia-desafios-e-transformacao-12\/#primaryimage"},"image":{"@id":"https:\/\/www.institutodeengenharia.org.br\/site\/2025\/07\/01\/podcast-visao-da-engenharia-energia-desafios-e-transformacao-12\/#primaryimage"},"thumbnailUrl":"https:\/\/www.institutodeengenharia.org.br\/site\/wp-content\/uploads\/2025\/07\/Miniatura-Podcast-Visao-da-Engenharia-696-x-392-px.jpg","datePublished":"2025-07-01T13:32:57+00:00","breadcrumb":{"@id":"https:\/\/www.institutodeengenharia.org.br\/site\/2025\/07\/01\/podcast-visao-da-engenharia-energia-desafios-e-transformacao-12\/#breadcrumb"},"inLanguage":"pt-BR","potentialAction":[{"@type":"ReadAction","target":["https:\/\/www.institutodeengenharia.org.br\/site\/2025\/07\/01\/podcast-visao-da-engenharia-energia-desafios-e-transformacao-12\/"]}]},{"@type":"ImageObject","inLanguage":"pt-BR","@id":"https:\/\/www.institutodeengenharia.org.br\/site\/2025\/07\/01\/podcast-visao-da-engenharia-energia-desafios-e-transformacao-12\/#primaryimage","url":"https:\/\/www.institutodeengenharia.org.br\/site\/wp-content\/uploads\/2025\/07\/Miniatura-Podcast-Visao-da-Engenharia-696-x-392-px.jpg","contentUrl":"https:\/\/www.institutodeengenharia.org.br\/site\/wp-content\/uploads\/2025\/07\/Miniatura-Podcast-Visao-da-Engenharia-696-x-392-px.jpg","width":696,"height":392},{"@type":"BreadcrumbList","@id":"https:\/\/www.institutodeengenharia.org.br\/site\/2025\/07\/01\/podcast-visao-da-engenharia-energia-desafios-e-transformacao-12\/#breadcrumb","itemListElement":[{"@type":"ListItem","position":1,"name":"In\u00edcio","item":"https:\/\/www.institutodeengenharia.org.br\/site\/"},{"@type":"ListItem","position":2,"name":"PodCast Vis\u00e3o da Engenharia &#8211; Energia, desafios e transforma\u00e7\u00e3o #12"}]},{"@type":"WebSite","@id":"https:\/\/www.institutodeengenharia.org.br\/site\/#website","url":"https:\/\/www.institutodeengenharia.org.br\/site\/","name":"Instituto de Engenharia","description":"O Instituto de Engenharia promove a Engenharia em benef\u00edcio do desenvolvimento e da qualidade de vida da sociedade.","publisher":{"@id":"https:\/\/www.institutodeengenharia.org.br\/site\/#organization"},"potentialAction":[{"@type":"SearchAction","target":{"@type":"EntryPoint","urlTemplate":"https:\/\/www.institutodeengenharia.org.br\/site\/?s={search_term_string}"},"query-input":{"@type":"PropertyValueSpecification","valueRequired":true,"valueName":"search_term_string"}}],"inLanguage":"pt-BR"},{"@type":"Organization","@id":"https:\/\/www.institutodeengenharia.org.br\/site\/#organization","name":"Instituto de Engenharia","url":"https:\/\/www.institutodeengenharia.org.br\/site\/","logo":{"@type":"ImageObject","inLanguage":"pt-BR","@id":"https:\/\/www.institutodeengenharia.org.br\/site\/#\/schema\/logo\/image\/","url":"https:\/\/www.institutodeengenharia.org.br\/site\/wp-content\/uploads\/2019\/03\/logo-novo-IE2018-1.jpg","contentUrl":"https:\/\/www.institutodeengenharia.org.br\/site\/wp-content\/uploads\/2019\/03\/logo-novo-IE2018-1.jpg","width":1486,"height":1879,"caption":"Instituto de Engenharia"},"image":{"@id":"https:\/\/www.institutodeengenharia.org.br\/site\/#\/schema\/logo\/image\/"},"sameAs":["https:\/\/www.facebook.com\/institutodeengenharia","https:\/\/x.com\/iengenharia","https:\/\/www.instagram.com\/institutodeengenharia\/","https:\/\/www.linkedin.com\/company\/instituto-de-engenharia\/","https:\/\/www.youtube.com\/channel\/UCXiCAlsSMe977vamW915HxA"]},{"@type":"Person","@id":"https:\/\/www.institutodeengenharia.org.br\/site\/#\/schema\/person\/aeb64951c405e100d26d30b033dd423f","name":"Bianca","image":{"@type":"ImageObject","inLanguage":"pt-BR","@id":"https:\/\/secure.gravatar.com\/avatar\/a6fbe9bff57405baf4c1e2c5c1811e072b558253974a9f9508f4678900c97c2a?s=96&d=mm&r=g","url":"https:\/\/secure.gravatar.com\/avatar\/a6fbe9bff57405baf4c1e2c5c1811e072b558253974a9f9508f4678900c97c2a?s=96&d=mm&r=g","contentUrl":"https:\/\/secure.gravatar.com\/avatar\/a6fbe9bff57405baf4c1e2c5c1811e072b558253974a9f9508f4678900c97c2a?s=96&d=mm&r=g","caption":"Bianca"},"url":"https:\/\/www.institutodeengenharia.org.br\/site\/author\/comunicacao1\/"}]}},"_links":{"self":[{"href":"https:\/\/www.institutodeengenharia.org.br\/site\/wp-json\/wp\/v2\/posts\/130243","targetHints":{"allow":["GET"]}}],"collection":[{"href":"https:\/\/www.institutodeengenharia.org.br\/site\/wp-json\/wp\/v2\/posts"}],"about":[{"href":"https:\/\/www.institutodeengenharia.org.br\/site\/wp-json\/wp\/v2\/types\/post"}],"author":[{"embeddable":true,"href":"https:\/\/www.institutodeengenharia.org.br\/site\/wp-json\/wp\/v2\/users\/13"}],"replies":[{"embeddable":true,"href":"https:\/\/www.institutodeengenharia.org.br\/site\/wp-json\/wp\/v2\/comments?post=130243"}],"version-history":[{"count":1,"href":"https:\/\/www.institutodeengenharia.org.br\/site\/wp-json\/wp\/v2\/posts\/130243\/revisions"}],"predecessor-version":[{"id":130245,"href":"https:\/\/www.institutodeengenharia.org.br\/site\/wp-json\/wp\/v2\/posts\/130243\/revisions\/130245"}],"wp:featuredmedia":[{"embeddable":true,"href":"https:\/\/www.institutodeengenharia.org.br\/site\/wp-json\/wp\/v2\/media\/130244"}],"wp:attachment":[{"href":"https:\/\/www.institutodeengenharia.org.br\/site\/wp-json\/wp\/v2\/media?parent=130243"}],"wp:term":[{"taxonomy":"category","embeddable":true,"href":"https:\/\/www.institutodeengenharia.org.br\/site\/wp-json\/wp\/v2\/categories?post=130243"},{"taxonomy":"post_tag","embeddable":true,"href":"https:\/\/www.institutodeengenharia.org.br\/site\/wp-json\/wp\/v2\/tags?post=130243"}],"curies":[{"name":"wp","href":"https:\/\/api.w.org\/{rel}","templated":true}]}}