{"id":130212,"date":"2025-06-30T12:07:57","date_gmt":"2025-06-30T15:07:57","guid":{"rendered":"https:\/\/www.institutodeengenharia.org.br\/site\/?p=130212"},"modified":"2025-06-30T12:13:53","modified_gmt":"2025-06-30T15:13:53","slug":"instituto-de-engenharia-fecha-acordo-de-cooperacao-para-desenvolvimento-sustentavel-no-acre","status":"publish","type":"post","link":"https:\/\/www.institutodeengenharia.org.br\/site\/2025\/06\/30\/instituto-de-engenharia-fecha-acordo-de-cooperacao-para-desenvolvimento-sustentavel-no-acre\/","title":{"rendered":"Instituto de Engenharia fecha Acordo de Coopera\u00e7\u00e3o para Desenvolvimento Sustent\u00e1vel no Acre"},"content":{"rendered":"<p>O Instituto de Engenharia, a Tatu de Inova\u00e7\u00e3o Social e o Tribunal de Contas do Estado do Acre (TCE\/AC) assinaram, em 25 de junho, um acordo de coopera\u00e7\u00e3o com foco na discuss\u00e3o de temas, como o desenvolvimento sustent\u00e1vel, com \u00eanfase na bioeconomia.<\/p>\n<p>&#8220;O Instituto de Engenharia\u00a0 j\u00e1 est\u00e1 nos apoiando desde o ano passado, \u00e9 uma caminhada que estamos concretizando. Esperamos que essa base, em S\u00e3o Paulo, nos ajude a discutir temas mais amplos, para pensarmos de que forma podemos fazer essa adapta\u00e7\u00e3o do nosso territ\u00f3rio \u00e0s mudan\u00e7as clim\u00e1ticas&#8221; explicou Roland Polanco Ribeiro, do TCE\/AC.<\/p>\n<p>Polanco salientou que os profissionais de\u00a0 S\u00e3o Paulo os ajudar\u00e3o a fazer bacias de conten\u00e7\u00e3o de \u00e1gua no Igarap\u00e9 S\u00e3o Francisco, que \u00e9 uma a\u00e7\u00e3o espec\u00edfica j\u00e1 em andamento. &#8220;Nosso desafio \u00e9 como vamos explorar a bioeconomia na regi\u00e3o. Estamos aproveitando o caminho de voc\u00eas, que fizeram um amplo estudo. O presidente (Eduardo) Lafraia mostrou esse <a href=\"https:\/\/www.institutodeengenharia.org.br\/site\/amazonia-e-bioeconomia\/\">estudo<\/a> e queremos avan\u00e7ar com isso, para tentar fazer a floresta mais produtiva&#8221;, acrescentou.<\/p>\n<p>Ele finalizou destacando a import\u00e2ncia do Instituto na articula\u00e7\u00e3o entre profissionais de v\u00e1rias \u00e1reas da Engenharia; e o presidente do Instituto de Engenharia enfatizou que se sente muito honrado em colaborar com o estado do Acre e colocou a Casa \u00e0 disposi\u00e7\u00e3o no que for preciso.<\/p>\n","protected":false},"excerpt":{"rendered":"<p>O Instituto de Engenharia, a Tatu de Inova\u00e7\u00e3o Social e o Tribunal de Contas do Estado do Acre (TCE\/AC) assinaram, em 25 de junho, um acordo de coopera\u00e7\u00e3o com foco na discuss\u00e3o de temas, como o desenvolvimento sustent\u00e1vel, com \u00eanfase na bioeconomia. &#8220;O Instituto de Engenharia\u00a0 j\u00e1 est\u00e1 nos apoiando desde o ano passado, \u00e9 [&hellip;]<\/p>\n","protected":false},"author":14,"featured_media":130213,"comment_status":"open","ping_status":"open","sticky":false,"template":"","format":"standard","meta":{"footnotes":""},"categories":[1119,27,31,6],"tags":[],"class_list":{"0":"post-130212","1":"post","2":"type-post","3":"status-publish","4":"format-standard","5":"has-post-thumbnail","7":"category-amazonia-e-bioeconomia","8":"category-instituto-de-engenharia","9":"category-meio-ambiente","10":"category-noticias"},"yoast_head":"<!-- This site is optimized with the Yoast SEO plugin v27.2 - https:\/\/yoast.com\/product\/yoast-seo-wordpress\/ -->\n<title>Instituto de Engenharia fecha Acordo de Coopera\u00e7\u00e3o para Desenvolvimento Sustent\u00e1vel no Acre - Instituto de Engenharia<\/title>\n<meta name=\"robots\" content=\"index, follow, max-snippet:-1, max-image-preview:large, max-video-preview:-1\" \/>\n<link rel=\"canonical\" href=\"https:\/\/www.institutodeengenharia.org.br\/site\/2025\/06\/30\/instituto-de-engenharia-fecha-acordo-de-cooperacao-para-desenvolvimento-sustentavel-no-acre\/\" \/>\n<meta property=\"og:locale\" content=\"pt_BR\" \/>\n<meta property=\"og:type\" content=\"article\" \/>\n<meta property=\"og:title\" content=\"Instituto de Engenharia fecha Acordo de Coopera\u00e7\u00e3o para Desenvolvimento Sustent\u00e1vel no Acre - Instituto de Engenharia\" \/>\n<meta property=\"og:description\" content=\"O Instituto de Engenharia, a Tatu de Inova\u00e7\u00e3o Social e o Tribunal de Contas do Estado do Acre (TCE\/AC) assinaram, em 25 de junho, um acordo de coopera\u00e7\u00e3o com foco na discuss\u00e3o de temas, como o desenvolvimento sustent\u00e1vel, com \u00eanfase na bioeconomia. &#8220;O Instituto de Engenharia\u00a0 j\u00e1 est\u00e1 nos apoiando desde o ano passado, \u00e9 [&hellip;]\" \/>\n<meta property=\"og:url\" content=\"https:\/\/www.institutodeengenharia.org.br\/site\/2025\/06\/30\/instituto-de-engenharia-fecha-acordo-de-cooperacao-para-desenvolvimento-sustentavel-no-acre\/\" \/>\n<meta property=\"og:site_name\" content=\"Instituto de Engenharia\" \/>\n<meta property=\"article:publisher\" content=\"https:\/\/www.facebook.com\/institutodeengenharia\" \/>\n<meta property=\"article:published_time\" content=\"2025-06-30T15:07:57+00:00\" \/>\n<meta property=\"article:modified_time\" content=\"2025-06-30T15:13:53+00:00\" \/>\n<meta property=\"og:image\" content=\"https:\/\/www.institutodeengenharia.org.br\/site\/wp-content\/uploads\/2025\/06\/shared-image.jpg\" \/>\n\t<meta property=\"og:image:width\" content=\"800\" \/>\n\t<meta property=\"og:image:height\" content=\"600\" \/>\n\t<meta property=\"og:image:type\" content=\"image\/jpeg\" \/>\n<meta name=\"author\" content=\"Isabel\" \/>\n<meta name=\"twitter:card\" content=\"summary_large_image\" \/>\n<meta name=\"twitter:creator\" content=\"@iengenharia\" \/>\n<meta name=\"twitter:site\" content=\"@iengenharia\" \/>\n<meta name=\"twitter:label1\" content=\"Escrito por\" \/>\n\t<meta name=\"twitter:data1\" content=\"Isabel\" \/>\n\t<meta name=\"twitter:label2\" content=\"Est. tempo de leitura\" \/>\n\t<meta name=\"twitter:data2\" content=\"2 minutos\" \/>\n<script type=\"application\/ld+json\" class=\"yoast-schema-graph\">{\"@context\":\"https:\/\/schema.org\",\"@graph\":[{\"@type\":\"Article\",\"@id\":\"https:\/\/www.institutodeengenharia.org.br\/site\/2025\/06\/30\/instituto-de-engenharia-fecha-acordo-de-cooperacao-para-desenvolvimento-sustentavel-no-acre\/#article\",\"isPartOf\":{\"@id\":\"https:\/\/www.institutodeengenharia.org.br\/site\/2025\/06\/30\/instituto-de-engenharia-fecha-acordo-de-cooperacao-para-desenvolvimento-sustentavel-no-acre\/\"},\"author\":{\"name\":\"Isabel\",\"@id\":\"https:\/\/www.institutodeengenharia.org.br\/site\/#\/schema\/person\/593dc356630173a4877a635d3e5fd76b\"},\"headline\":\"Instituto de Engenharia fecha Acordo de Coopera\u00e7\u00e3o para Desenvolvimento Sustent\u00e1vel no Acre\",\"datePublished\":\"2025-06-30T15:07:57+00:00\",\"dateModified\":\"2025-06-30T15:13:53+00:00\",\"mainEntityOfPage\":{\"@id\":\"https:\/\/www.institutodeengenharia.org.br\/site\/2025\/06\/30\/instituto-de-engenharia-fecha-acordo-de-cooperacao-para-desenvolvimento-sustentavel-no-acre\/\"},\"wordCount\":244,\"commentCount\":0,\"publisher\":{\"@id\":\"https:\/\/www.institutodeengenharia.org.br\/site\/#organization\"},\"image\":{\"@id\":\"https:\/\/www.institutodeengenharia.org.br\/site\/2025\/06\/30\/instituto-de-engenharia-fecha-acordo-de-cooperacao-para-desenvolvimento-sustentavel-no-acre\/#primaryimage\"},\"thumbnailUrl\":\"https:\/\/www.institutodeengenharia.org.br\/site\/wp-content\/uploads\/2025\/06\/shared-image.jpg\",\"articleSection\":[\"Amaz\u00f4nia e Bioeconomia\",\"Instituto de Engenharia\",\"Meio Ambiente\",\"Not\u00edcias\"],\"inLanguage\":\"pt-BR\",\"potentialAction\":[{\"@type\":\"CommentAction\",\"name\":\"Comment\",\"target\":[\"https:\/\/www.institutodeengenharia.org.br\/site\/2025\/06\/30\/instituto-de-engenharia-fecha-acordo-de-cooperacao-para-desenvolvimento-sustentavel-no-acre\/#respond\"]}]},{\"@type\":\"WebPage\",\"@id\":\"https:\/\/www.institutodeengenharia.org.br\/site\/2025\/06\/30\/instituto-de-engenharia-fecha-acordo-de-cooperacao-para-desenvolvimento-sustentavel-no-acre\/\",\"url\":\"https:\/\/www.institutodeengenharia.org.br\/site\/2025\/06\/30\/instituto-de-engenharia-fecha-acordo-de-cooperacao-para-desenvolvimento-sustentavel-no-acre\/\",\"name\":\"Instituto de Engenharia fecha Acordo de Coopera\u00e7\u00e3o para Desenvolvimento Sustent\u00e1vel no Acre - Instituto de Engenharia\",\"isPartOf\":{\"@id\":\"https:\/\/www.institutodeengenharia.org.br\/site\/#website\"},\"primaryImageOfPage\":{\"@id\":\"https:\/\/www.institutodeengenharia.org.br\/site\/2025\/06\/30\/instituto-de-engenharia-fecha-acordo-de-cooperacao-para-desenvolvimento-sustentavel-no-acre\/#primaryimage\"},\"image\":{\"@id\":\"https:\/\/www.institutodeengenharia.org.br\/site\/2025\/06\/30\/instituto-de-engenharia-fecha-acordo-de-cooperacao-para-desenvolvimento-sustentavel-no-acre\/#primaryimage\"},\"thumbnailUrl\":\"https:\/\/www.institutodeengenharia.org.br\/site\/wp-content\/uploads\/2025\/06\/shared-image.jpg\",\"datePublished\":\"2025-06-30T15:07:57+00:00\",\"dateModified\":\"2025-06-30T15:13:53+00:00\",\"breadcrumb\":{\"@id\":\"https:\/\/www.institutodeengenharia.org.br\/site\/2025\/06\/30\/instituto-de-engenharia-fecha-acordo-de-cooperacao-para-desenvolvimento-sustentavel-no-acre\/#breadcrumb\"},\"inLanguage\":\"pt-BR\",\"potentialAction\":[{\"@type\":\"ReadAction\",\"target\":[\"https:\/\/www.institutodeengenharia.org.br\/site\/2025\/06\/30\/instituto-de-engenharia-fecha-acordo-de-cooperacao-para-desenvolvimento-sustentavel-no-acre\/\"]}]},{\"@type\":\"ImageObject\",\"inLanguage\":\"pt-BR\",\"@id\":\"https:\/\/www.institutodeengenharia.org.br\/site\/2025\/06\/30\/instituto-de-engenharia-fecha-acordo-de-cooperacao-para-desenvolvimento-sustentavel-no-acre\/#primaryimage\",\"url\":\"https:\/\/www.institutodeengenharia.org.br\/site\/wp-content\/uploads\/2025\/06\/shared-image.jpg\",\"contentUrl\":\"https:\/\/www.institutodeengenharia.org.br\/site\/wp-content\/uploads\/2025\/06\/shared-image.jpg\",\"width\":800,\"height\":600,\"caption\":\"Da esq. p\/ dir.: Tunehiro Uono, conselheiro, Jos\u00e9 Eduardo Jardim, presidente IE, Roland Polanco, TCE\/AC, Lawrence Koo, VP Assuntos Internos IE, Ivan Whately, VP Rela\u00e7\u00f5es Externas IE, e M\u00e1rcio Marucci, diretor-presidente, Instituto Jeca Tatu\"},{\"@type\":\"BreadcrumbList\",\"@id\":\"https:\/\/www.institutodeengenharia.org.br\/site\/2025\/06\/30\/instituto-de-engenharia-fecha-acordo-de-cooperacao-para-desenvolvimento-sustentavel-no-acre\/#breadcrumb\",\"itemListElement\":[{\"@type\":\"ListItem\",\"position\":1,\"name\":\"In\u00edcio\",\"item\":\"https:\/\/www.institutodeengenharia.org.br\/site\/\"},{\"@type\":\"ListItem\",\"position\":2,\"name\":\"Instituto de Engenharia fecha Acordo de Coopera\u00e7\u00e3o para Desenvolvimento Sustent\u00e1vel no Acre\"}]},{\"@type\":\"WebSite\",\"@id\":\"https:\/\/www.institutodeengenharia.org.br\/site\/#website\",\"url\":\"https:\/\/www.institutodeengenharia.org.br\/site\/\",\"name\":\"Instituto de Engenharia\",\"description\":\"O Instituto de Engenharia promove a Engenharia em benef\u00edcio do desenvolvimento e da qualidade de vida da sociedade.\",\"publisher\":{\"@id\":\"https:\/\/www.institutodeengenharia.org.br\/site\/#organization\"},\"potentialAction\":[{\"@type\":\"SearchAction\",\"target\":{\"@type\":\"EntryPoint\",\"urlTemplate\":\"https:\/\/www.institutodeengenharia.org.br\/site\/?s={search_term_string}\"},\"query-input\":{\"@type\":\"PropertyValueSpecification\",\"valueRequired\":true,\"valueName\":\"search_term_string\"}}],\"inLanguage\":\"pt-BR\"},{\"@type\":\"Organization\",\"@id\":\"https:\/\/www.institutodeengenharia.org.br\/site\/#organization\",\"name\":\"Instituto de Engenharia\",\"url\":\"https:\/\/www.institutodeengenharia.org.br\/site\/\",\"logo\":{\"@type\":\"ImageObject\",\"inLanguage\":\"pt-BR\",\"@id\":\"https:\/\/www.institutodeengenharia.org.br\/site\/#\/schema\/logo\/image\/\",\"url\":\"https:\/\/www.institutodeengenharia.org.br\/site\/wp-content\/uploads\/2019\/03\/logo-novo-IE2018-1.jpg\",\"contentUrl\":\"https:\/\/www.institutodeengenharia.org.br\/site\/wp-content\/uploads\/2019\/03\/logo-novo-IE2018-1.jpg\",\"width\":1486,\"height\":1879,\"caption\":\"Instituto de Engenharia\"},\"image\":{\"@id\":\"https:\/\/www.institutodeengenharia.org.br\/site\/#\/schema\/logo\/image\/\"},\"sameAs\":[\"https:\/\/www.facebook.com\/institutodeengenharia\",\"https:\/\/x.com\/iengenharia\",\"https:\/\/www.instagram.com\/institutodeengenharia\/\",\"https:\/\/www.linkedin.com\/company\/instituto-de-engenharia\/\",\"https:\/\/www.youtube.com\/channel\/UCXiCAlsSMe977vamW915HxA\"]},{\"@type\":\"Person\",\"@id\":\"https:\/\/www.institutodeengenharia.org.br\/site\/#\/schema\/person\/593dc356630173a4877a635d3e5fd76b\",\"name\":\"Isabel\",\"image\":{\"@type\":\"ImageObject\",\"inLanguage\":\"pt-BR\",\"@id\":\"https:\/\/secure.gravatar.com\/avatar\/f3c521db63ec9db17894f10a88c6a3cf95b2281d7f80eeb3cf3ef1cb091576e7?s=96&d=mm&r=g\",\"url\":\"https:\/\/secure.gravatar.com\/avatar\/f3c521db63ec9db17894f10a88c6a3cf95b2281d7f80eeb3cf3ef1cb091576e7?s=96&d=mm&r=g\",\"contentUrl\":\"https:\/\/secure.gravatar.com\/avatar\/f3c521db63ec9db17894f10a88c6a3cf95b2281d7f80eeb3cf3ef1cb091576e7?s=96&d=mm&r=g\",\"caption\":\"Isabel\"},\"url\":\"https:\/\/www.institutodeengenharia.org.br\/site\/author\/comunicacao2\/\"}]}<\/script>\n<!-- \/ Yoast SEO plugin. -->","yoast_head_json":{"title":"Instituto de Engenharia fecha Acordo de Coopera\u00e7\u00e3o para Desenvolvimento Sustent\u00e1vel no Acre - Instituto de Engenharia","robots":{"index":"index","follow":"follow","max-snippet":"max-snippet:-1","max-image-preview":"max-image-preview:large","max-video-preview":"max-video-preview:-1"},"canonical":"https:\/\/www.institutodeengenharia.org.br\/site\/2025\/06\/30\/instituto-de-engenharia-fecha-acordo-de-cooperacao-para-desenvolvimento-sustentavel-no-acre\/","og_locale":"pt_BR","og_type":"article","og_title":"Instituto de Engenharia fecha Acordo de Coopera\u00e7\u00e3o para Desenvolvimento Sustent\u00e1vel no Acre - Instituto de Engenharia","og_description":"O Instituto de Engenharia, a Tatu de Inova\u00e7\u00e3o Social e o Tribunal de Contas do Estado do Acre (TCE\/AC) assinaram, em 25 de junho, um acordo de coopera\u00e7\u00e3o com foco na discuss\u00e3o de temas, como o desenvolvimento sustent\u00e1vel, com \u00eanfase na bioeconomia. &#8220;O Instituto de Engenharia\u00a0 j\u00e1 est\u00e1 nos apoiando desde o ano passado, \u00e9 [&hellip;]","og_url":"https:\/\/www.institutodeengenharia.org.br\/site\/2025\/06\/30\/instituto-de-engenharia-fecha-acordo-de-cooperacao-para-desenvolvimento-sustentavel-no-acre\/","og_site_name":"Instituto de Engenharia","article_publisher":"https:\/\/www.facebook.com\/institutodeengenharia","article_published_time":"2025-06-30T15:07:57+00:00","article_modified_time":"2025-06-30T15:13:53+00:00","og_image":[{"width":800,"height":600,"url":"https:\/\/www.institutodeengenharia.org.br\/site\/wp-content\/uploads\/2025\/06\/shared-image.jpg","type":"image\/jpeg"}],"author":"Isabel","twitter_card":"summary_large_image","twitter_creator":"@iengenharia","twitter_site":"@iengenharia","twitter_misc":{"Escrito por":"Isabel","Est. tempo de leitura":"2 minutos"},"schema":{"@context":"https:\/\/schema.org","@graph":[{"@type":"Article","@id":"https:\/\/www.institutodeengenharia.org.br\/site\/2025\/06\/30\/instituto-de-engenharia-fecha-acordo-de-cooperacao-para-desenvolvimento-sustentavel-no-acre\/#article","isPartOf":{"@id":"https:\/\/www.institutodeengenharia.org.br\/site\/2025\/06\/30\/instituto-de-engenharia-fecha-acordo-de-cooperacao-para-desenvolvimento-sustentavel-no-acre\/"},"author":{"name":"Isabel","@id":"https:\/\/www.institutodeengenharia.org.br\/site\/#\/schema\/person\/593dc356630173a4877a635d3e5fd76b"},"headline":"Instituto de Engenharia fecha Acordo de Coopera\u00e7\u00e3o para Desenvolvimento Sustent\u00e1vel no Acre","datePublished":"2025-06-30T15:07:57+00:00","dateModified":"2025-06-30T15:13:53+00:00","mainEntityOfPage":{"@id":"https:\/\/www.institutodeengenharia.org.br\/site\/2025\/06\/30\/instituto-de-engenharia-fecha-acordo-de-cooperacao-para-desenvolvimento-sustentavel-no-acre\/"},"wordCount":244,"commentCount":0,"publisher":{"@id":"https:\/\/www.institutodeengenharia.org.br\/site\/#organization"},"image":{"@id":"https:\/\/www.institutodeengenharia.org.br\/site\/2025\/06\/30\/instituto-de-engenharia-fecha-acordo-de-cooperacao-para-desenvolvimento-sustentavel-no-acre\/#primaryimage"},"thumbnailUrl":"https:\/\/www.institutodeengenharia.org.br\/site\/wp-content\/uploads\/2025\/06\/shared-image.jpg","articleSection":["Amaz\u00f4nia e Bioeconomia","Instituto de Engenharia","Meio Ambiente","Not\u00edcias"],"inLanguage":"pt-BR","potentialAction":[{"@type":"CommentAction","name":"Comment","target":["https:\/\/www.institutodeengenharia.org.br\/site\/2025\/06\/30\/instituto-de-engenharia-fecha-acordo-de-cooperacao-para-desenvolvimento-sustentavel-no-acre\/#respond"]}]},{"@type":"WebPage","@id":"https:\/\/www.institutodeengenharia.org.br\/site\/2025\/06\/30\/instituto-de-engenharia-fecha-acordo-de-cooperacao-para-desenvolvimento-sustentavel-no-acre\/","url":"https:\/\/www.institutodeengenharia.org.br\/site\/2025\/06\/30\/instituto-de-engenharia-fecha-acordo-de-cooperacao-para-desenvolvimento-sustentavel-no-acre\/","name":"Instituto de Engenharia fecha Acordo de Coopera\u00e7\u00e3o para Desenvolvimento Sustent\u00e1vel no Acre - Instituto de Engenharia","isPartOf":{"@id":"https:\/\/www.institutodeengenharia.org.br\/site\/#website"},"primaryImageOfPage":{"@id":"https:\/\/www.institutodeengenharia.org.br\/site\/2025\/06\/30\/instituto-de-engenharia-fecha-acordo-de-cooperacao-para-desenvolvimento-sustentavel-no-acre\/#primaryimage"},"image":{"@id":"https:\/\/www.institutodeengenharia.org.br\/site\/2025\/06\/30\/instituto-de-engenharia-fecha-acordo-de-cooperacao-para-desenvolvimento-sustentavel-no-acre\/#primaryimage"},"thumbnailUrl":"https:\/\/www.institutodeengenharia.org.br\/site\/wp-content\/uploads\/2025\/06\/shared-image.jpg","datePublished":"2025-06-30T15:07:57+00:00","dateModified":"2025-06-30T15:13:53+00:00","breadcrumb":{"@id":"https:\/\/www.institutodeengenharia.org.br\/site\/2025\/06\/30\/instituto-de-engenharia-fecha-acordo-de-cooperacao-para-desenvolvimento-sustentavel-no-acre\/#breadcrumb"},"inLanguage":"pt-BR","potentialAction":[{"@type":"ReadAction","target":["https:\/\/www.institutodeengenharia.org.br\/site\/2025\/06\/30\/instituto-de-engenharia-fecha-acordo-de-cooperacao-para-desenvolvimento-sustentavel-no-acre\/"]}]},{"@type":"ImageObject","inLanguage":"pt-BR","@id":"https:\/\/www.institutodeengenharia.org.br\/site\/2025\/06\/30\/instituto-de-engenharia-fecha-acordo-de-cooperacao-para-desenvolvimento-sustentavel-no-acre\/#primaryimage","url":"https:\/\/www.institutodeengenharia.org.br\/site\/wp-content\/uploads\/2025\/06\/shared-image.jpg","contentUrl":"https:\/\/www.institutodeengenharia.org.br\/site\/wp-content\/uploads\/2025\/06\/shared-image.jpg","width":800,"height":600,"caption":"Da esq. p\/ dir.: Tunehiro Uono, conselheiro, Jos\u00e9 Eduardo Jardim, presidente IE, Roland Polanco, TCE\/AC, Lawrence Koo, VP Assuntos Internos IE, Ivan Whately, VP Rela\u00e7\u00f5es Externas IE, e M\u00e1rcio Marucci, diretor-presidente, Instituto Jeca Tatu"},{"@type":"BreadcrumbList","@id":"https:\/\/www.institutodeengenharia.org.br\/site\/2025\/06\/30\/instituto-de-engenharia-fecha-acordo-de-cooperacao-para-desenvolvimento-sustentavel-no-acre\/#breadcrumb","itemListElement":[{"@type":"ListItem","position":1,"name":"In\u00edcio","item":"https:\/\/www.institutodeengenharia.org.br\/site\/"},{"@type":"ListItem","position":2,"name":"Instituto de Engenharia fecha Acordo de Coopera\u00e7\u00e3o para Desenvolvimento Sustent\u00e1vel no Acre"}]},{"@type":"WebSite","@id":"https:\/\/www.institutodeengenharia.org.br\/site\/#website","url":"https:\/\/www.institutodeengenharia.org.br\/site\/","name":"Instituto de Engenharia","description":"O Instituto de Engenharia promove a Engenharia em benef\u00edcio do desenvolvimento e da qualidade de vida da sociedade.","publisher":{"@id":"https:\/\/www.institutodeengenharia.org.br\/site\/#organization"},"potentialAction":[{"@type":"SearchAction","target":{"@type":"EntryPoint","urlTemplate":"https:\/\/www.institutodeengenharia.org.br\/site\/?s={search_term_string}"},"query-input":{"@type":"PropertyValueSpecification","valueRequired":true,"valueName":"search_term_string"}}],"inLanguage":"pt-BR"},{"@type":"Organization","@id":"https:\/\/www.institutodeengenharia.org.br\/site\/#organization","name":"Instituto de Engenharia","url":"https:\/\/www.institutodeengenharia.org.br\/site\/","logo":{"@type":"ImageObject","inLanguage":"pt-BR","@id":"https:\/\/www.institutodeengenharia.org.br\/site\/#\/schema\/logo\/image\/","url":"https:\/\/www.institutodeengenharia.org.br\/site\/wp-content\/uploads\/2019\/03\/logo-novo-IE2018-1.jpg","contentUrl":"https:\/\/www.institutodeengenharia.org.br\/site\/wp-content\/uploads\/2019\/03\/logo-novo-IE2018-1.jpg","width":1486,"height":1879,"caption":"Instituto de Engenharia"},"image":{"@id":"https:\/\/www.institutodeengenharia.org.br\/site\/#\/schema\/logo\/image\/"},"sameAs":["https:\/\/www.facebook.com\/institutodeengenharia","https:\/\/x.com\/iengenharia","https:\/\/www.instagram.com\/institutodeengenharia\/","https:\/\/www.linkedin.com\/company\/instituto-de-engenharia\/","https:\/\/www.youtube.com\/channel\/UCXiCAlsSMe977vamW915HxA"]},{"@type":"Person","@id":"https:\/\/www.institutodeengenharia.org.br\/site\/#\/schema\/person\/593dc356630173a4877a635d3e5fd76b","name":"Isabel","image":{"@type":"ImageObject","inLanguage":"pt-BR","@id":"https:\/\/secure.gravatar.com\/avatar\/f3c521db63ec9db17894f10a88c6a3cf95b2281d7f80eeb3cf3ef1cb091576e7?s=96&d=mm&r=g","url":"https:\/\/secure.gravatar.com\/avatar\/f3c521db63ec9db17894f10a88c6a3cf95b2281d7f80eeb3cf3ef1cb091576e7?s=96&d=mm&r=g","contentUrl":"https:\/\/secure.gravatar.com\/avatar\/f3c521db63ec9db17894f10a88c6a3cf95b2281d7f80eeb3cf3ef1cb091576e7?s=96&d=mm&r=g","caption":"Isabel"},"url":"https:\/\/www.institutodeengenharia.org.br\/site\/author\/comunicacao2\/"}]}},"_links":{"self":[{"href":"https:\/\/www.institutodeengenharia.org.br\/site\/wp-json\/wp\/v2\/posts\/130212","targetHints":{"allow":["GET"]}}],"collection":[{"href":"https:\/\/www.institutodeengenharia.org.br\/site\/wp-json\/wp\/v2\/posts"}],"about":[{"href":"https:\/\/www.institutodeengenharia.org.br\/site\/wp-json\/wp\/v2\/types\/post"}],"author":[{"embeddable":true,"href":"https:\/\/www.institutodeengenharia.org.br\/site\/wp-json\/wp\/v2\/users\/14"}],"replies":[{"embeddable":true,"href":"https:\/\/www.institutodeengenharia.org.br\/site\/wp-json\/wp\/v2\/comments?post=130212"}],"version-history":[{"count":3,"href":"https:\/\/www.institutodeengenharia.org.br\/site\/wp-json\/wp\/v2\/posts\/130212\/revisions"}],"predecessor-version":[{"id":130217,"href":"https:\/\/www.institutodeengenharia.org.br\/site\/wp-json\/wp\/v2\/posts\/130212\/revisions\/130217"}],"wp:featuredmedia":[{"embeddable":true,"href":"https:\/\/www.institutodeengenharia.org.br\/site\/wp-json\/wp\/v2\/media\/130213"}],"wp:attachment":[{"href":"https:\/\/www.institutodeengenharia.org.br\/site\/wp-json\/wp\/v2\/media?parent=130212"}],"wp:term":[{"taxonomy":"category","embeddable":true,"href":"https:\/\/www.institutodeengenharia.org.br\/site\/wp-json\/wp\/v2\/categories?post=130212"},{"taxonomy":"post_tag","embeddable":true,"href":"https:\/\/www.institutodeengenharia.org.br\/site\/wp-json\/wp\/v2\/tags?post=130212"}],"curies":[{"name":"wp","href":"https:\/\/api.w.org\/{rel}","templated":true}]}}