{"id":130154,"date":"2025-06-25T15:01:57","date_gmt":"2025-06-25T18:01:57","guid":{"rendered":"https:\/\/www.institutodeengenharia.org.br\/site\/?p=130154"},"modified":"2025-06-25T15:01:57","modified_gmt":"2025-06-25T18:01:57","slug":"por-george-paulus-dias-quando-a-ia-vai-matar-minha-profissao-a-penultima-ferida-narcisica","status":"publish","type":"post","link":"https:\/\/www.institutodeengenharia.org.br\/site\/2025\/06\/25\/por-george-paulus-dias-quando-a-ia-vai-matar-minha-profissao-a-penultima-ferida-narcisica\/","title":{"rendered":"Por George Paulus Dias \u2013 Quando a IA vai matar minha profiss\u00e3o? A Pen\u00faltima Ferida Narc\u00edsica"},"content":{"rendered":"<p>A atual obsess\u00e3o com listas de &#8220;profiss\u00f5es que a IA vai eliminar&#8221; n\u00e3o \u00e9 um fato isolado. \u00c9 a manifesta\u00e7\u00e3o mais recente de um padr\u00e3o hist\u00f3rico que a pesquisa (psicanal\u00edtica) identificou como &#8220;feridas narc\u00edsicas&#8221; &#8211; momentos em que novos conhecimentos abalam nossa percep\u00e7\u00e3o de centralidade e unicidade no universo. Como bem observou Dora Kaufman (<a href=\"https:\/\/oglobo.globo.com\/opiniao\/artigos\/coluna\/2025\/06\/ia-e-a-quinta-ferida-narcisica.ghtml\">O\u202fGlobo, 21\/06\/2025<\/a>) em artigo recente, a intelig\u00eancia artificial generativa configura-se como a quinta ferida narc\u00edsica, questionando nossa <em>pen<\/em>\u00faltima fortaleza: a linguagem e a capacidade de processamento simb\u00f3lico como distintivos exclusivamente humanos.<\/p>\n<p>Cada ferida anterior provocou resist\u00eancia similar. Cop\u00e9rnico nos retirou do centro do universo. Darwin nos colocou no cont\u00ednuo evolutivo com outros animais. A psican\u00e1lise revelou que n\u00e3o controlamos nem nossa pr\u00f3pria mente consciente. Uma quarta descontinuidade reconheceu a rela\u00e7\u00e3o simbi\u00f3tica entre humanos e m\u00e1quinas. Agora enfrentamos algo qualitativamente diferente: sistemas que processam informa\u00e7\u00e3o de forma estranha \u00e0 cogni\u00e7\u00e3o humana, mas com resultados que frequentemente superam nossa performance em dom\u00ednios que consider\u00e1vamos exclusivamente nossos.<\/p>\n<p>A rea\u00e7\u00e3o segue o roteiro familiar: nega\u00e7\u00e3o (&#8220;IA nunca conseguir\u00e1 fazer X, Y ou Z&#8221;), concess\u00f5es graduais (&#8220;talvez fa\u00e7a tarefas simples, mas nunca as complexas&#8221;), e redefini\u00e7\u00e3o defensiva (&#8220;pode at\u00e9 fazer tudo isso, mas sem alma\/consci\u00eancia\/verdadeira compreens\u00e3o&#8221;). Este padr\u00e3o revela menos sobre limita\u00e7\u00f5es da IA e mais sobre nossa dificuldade em processar mudan\u00e7as que desafiam nossas autoimagens individual e coletiva. Essa natural resist\u00eancia explica por que perdemos tanta energia mapeando cen\u00e1rios apocal\u00edpticos de substitui\u00e7\u00e3o ao inv\u00e9s de explorar de um lado as oportunidades de amplifica\u00e7\u00e3o de nossas capacidades, e de outro, os importantes riscos que precisam ser mitigados, que s\u00e3o muitos e alguns de alto impacto.<\/p>\n<p>A pergunta &#8220;quando meu trabalho ser\u00e1 automatizado?&#8221; serve fun\u00e7\u00e3o defensiva: transforma ansiedade em problema t\u00e9cnico com cronograma supostamente previs\u00edvel. \u00c9 mais confort\u00e1vel imaginar um futuro em que &#8220;radiologistas ser\u00e3o substitu\u00eddos em 2028&#8221; do que reconhecer que estamos navegando territ\u00f3rio sem precedentes. Mas esta abordagem ignora a realidade emergente de que profissionais que trabalham diariamente com IA desenvolvem capacidade imediata de identificar quando seus resultados &#8220;n\u00e3o fazem sentido&#8221;, mesmo sem conseguir articular precisamente por qu\u00ea.<\/p>\n<p>Esta intui\u00e7\u00e3o aponta para algo fundamental: o que emerge n\u00e3o s\u00e3o sistemas que substituem profissionais, mas o que abordei anteriormente em &#8220;<a href=\"https:\/\/www.institutodeengenharia.org.br\/site\/2023\/09\/25\/por-george-paulus-dias-arranjos-de-inteligencias-artificial-e-humana-rumo-a-qualidade-e-equidade-na-educacao\">Arranjos de Intelig\u00eancias Artificial e Humana<\/a>&#8221; &#8211; configura\u00e7\u00f5es colaborativas onde cada parte atua com suas for\u00e7as distintivas. Na engenharia, isso significa, por exemplo, a IA acessando grandes bases de conhecimento, processando c\u00e1lculos complexos, simula\u00e7\u00f5es e an\u00e1lises de dados, enquanto engenheiros definem par\u00e2metros, interpretam resultados no contexto de sistemas maiores e assumem responsabilidade pelas decis\u00f5es finais. Aponto o\u00a0modelo apresentado no curso <a href=\"https:\/\/www.anthropic.com\/ai-fluency\/overview\">AI Fluency<\/a>, recentemente lan\u00e7ado pela empresa Anthropic, e que oferece estrutura pr\u00e1tica para navegar esses arranjos atrav\u00e9s dos &#8220;4Ds&#8221;: Delega\u00e7\u00e3o (saber quando e como transferir responsabilidades espec\u00edficas mantendo comando estrat\u00e9gico), Descri\u00e7\u00e3o (articular problemas com clareza que permite colabora\u00e7\u00e3o produtiva), Discernimento (desenvolver julgamento sobre quando confiar em outputs versus quando question\u00e1-los) e Dilig\u00eancia (manter responsabilidade cont\u00ednua sobre resultados finais). Estes s\u00e3o princ\u00edpios t\u00e9cnicos basilares que traduzir\u00e3o as compet\u00eancias para intelig\u00eancia amplificada.<\/p>\n<p>Mas h\u00e1 algo mais relevante em jogo na discuss\u00e3o das feridas narc\u00edsicas. Muito ainda se discutir\u00e1 sobre o que nos diferencia como humanos, o luto ser\u00e1 longo. Mas o que precisamos cuidar para que continue uma fronteira entre n\u00f3s e as novas formas de intelig\u00eancia n\u00e3o \u00e9 a quest\u00e3o cognitiva e sim no fato de que n\u00f3s, humanos, somos portadores de direitos e deveres\/responsabilidades intrincados em contratos sociais e civilizat\u00f3rios elaborados ao longo de mil\u00eanios. Somos agentes morais e legais, n\u00e3o apenas processadores de informa\u00e7\u00e3o.<\/p>\n<p>Esta distin\u00e7\u00e3o tem implica\u00e7\u00f5es pr\u00e1ticas imediatas. Quando um engenheiro estrutural usa IA para otimizar um projeto, a ferramenta pode gerar solu\u00e7\u00f5es tecnicamente superiores, mas o engenheiro permanece respons\u00e1vel pela seguran\u00e7a p\u00fablica, pelo cumprimento de normas, pela considera\u00e7\u00e3o de impactos ambientais e sociais.<\/p>\n<p>A Intelig\u00eancia Artificial pode calcular, mas n\u00e3o pode assumir responsabilidade civil ou criminal pelos resultados. Esta assimetria n\u00e3o \u00e9 limita\u00e7\u00e3o t\u00e9cnica tempor\u00e1ria ou uma burocracia mal pensada &#8211; \u00e9 diferen\u00e7a fundamental de natureza. A IA n\u00e3o \u00e9 imput\u00e1vel, n\u00e3o responde processo, n\u00e3o vai pra cadeia, n\u00e3o tem direito \u00e0 vida, \u00e0 liberdade, \u00e0 igualdade, \u00e0 seguran\u00e7a, \u00e0 propriedade, n\u00e3o tem direito ao voto, de ir e vir, \u00e0 organiza\u00e7\u00e3o partid\u00e1ria e n\u00e3o tem direito especialmente \u00e0 liberdade de express\u00e3o. Independente da evolu\u00e7\u00e3o da tecnologia, esses s\u00e3o pontos que, objetivamente, devem seguir nos diferenciando como humanos.<\/p>\n<p>O trabalho, na sociedade contempor\u00e2nea, transcendeu fun\u00e7\u00e3o econ\u00f4mica para tornar-se identidade prim\u00e1ria. &#8220;Sou engenheira&#8221;, &#8220;sou arquiteto&#8221;, &#8220;sou m\u00e9dica&#8221; &#8211; profiss\u00f5es definem n\u00e3o apenas o que fazemos, mas quem Somos no tecido social. A possibilidade de substitui\u00e7\u00e3o tecnol\u00f3gica amea\u00e7a esta constru\u00e7\u00e3o identit\u00e1ria, mas a amea\u00e7a real n\u00e3o \u00e9 a automa\u00e7\u00e3o de tarefas, \u00e9 a abdica\u00e7\u00e3o de responsabilidade. Profissionais que abordam IA como extens\u00e3o de capacidades mant\u00eam comando sobre seus dom\u00ednios. Aqueles que a percebem como substituta externa praticamente garantem a pr\u00f3pria obsolesc\u00eancia.<\/p>\n<p>A boa not\u00edcia \u00e9 que as feridas narc\u00edsicas anteriores seguiram padr\u00e3o similar: resist\u00eancia inicial, seguida de integra\u00e7\u00e3o gradual que ao final expandiu ao inv\u00e9s de diminuir potencial humano. A revolu\u00e7\u00e3o copernicana n\u00e3o tornou astronomia menos importante &#8211; revolucionou nossa compreens\u00e3o do cosmos. A teoria evolutiva n\u00e3o diminuiu a biologia &#8211; fundou ci\u00eancia moderna da vida. A quinta ferida narc\u00edsica possivelmente seguir\u00e1 trajet\u00f3ria similar, mas com uma dimens\u00e3o adicional: <strong>a necessidade de preservar e fortalecer os contratos sociais que definem nossa humanidade coletiva<\/strong>.<\/p>\n<p>Superar esta ferida exige abandonar ilus\u00e3o de unicidade cognitiva &#8211; n\u00e3o para diminuir o valor humano, mas para descobrir formas mais sofisticadas de amplific\u00e1-lo atrav\u00e9s de arranjos colaborativos de intelig\u00eancias. Simultaneamente, exige reafirmar nossa posi\u00e7\u00e3o \u00fanica como agentes morais e legais respons\u00e1veis pelas consequ\u00eancias de nossas decis\u00f5es amplificadas. O futuro da engenharia &#8211; e acredito que de outras profiss\u00f5es &#8211; n\u00e3o ser\u00e1 de humanos versus intelig\u00eancia artificial, mas de diferentes n\u00edveis de flu\u00eancia em colabora\u00e7\u00e3o respons\u00e1vel entre formas complementares de intelig\u00eancia.<\/p>\n<p>Nos pr\u00f3ximos anos alguns desenvolver\u00e3o capacidade sofisticada de dire\u00e7\u00e3o, julgamento e responsabilidade dentro desses arranjos. Outros permanecer\u00e3o limitados por resist\u00eancia narc\u00edsica ou complac\u00eancia tecnol\u00f3gica. A responsabilidade pelas consequ\u00eancias da escolha precisa continuar nossa.<\/p>\n<p>&nbsp;<\/p>\n<p><em>Mas por que pen\u00faltima?<\/em> A \u00faltima ferida seria reconhecermos uma IA como \u201cpessoa\u201d, com autonomia legal e responsabilidade pr\u00f3pria. Nesse ponto, a fronteira entre criador e criatura se dissolve \u2013 e a viabilidade da humanidade entra em jogo. Um assunto pra desenvolver mais na pr\u00f3xima oportunidade.<\/p>\n<p><strong>Refer\u00eancias<\/strong><\/p>\n<p><strong>Dora<\/strong><strong>\u202f<\/strong><strong>Kaufman<\/strong>. \u201cIA e a quinta ferida narc\u00edsica\u201d. <em>O<\/em><em>\u202f<\/em><em>Globo<\/em>, 21\/06\/2025. Dispon\u00edvel em: <a href=\"https:\/\/oglobo.globo.com\/opiniao\/artigos\/coluna\/2025\/06\/ia-e-a-quinta-ferida-narcisica.ghtml\">https:\/\/oglobo.globo.com\/opiniao\/artigos\/coluna\/2025\/06\/ia-e-a-quinta-ferida-narcisica.ghtml<\/a><\/p>\n<p><strong>Anthropic<\/strong>. \u201cAI\u202fFluency\u202f\u2013\u202fOverview\u201d. Dispon\u00edvel em: <a href=\"https:\/\/www.anthropic.com\/ai-fluency\/overview\">https:\/\/www.anthropic.com\/ai-fluency\/overview<\/a><\/p>\n<p><strong>George<\/strong><strong>\u202f<\/strong><strong>Paulus<\/strong><strong>\u202f<\/strong><strong>Dias<\/strong>. \u201cArranjos de Intelig\u00eancias Artificial e Humana: rumo \u00e0 qualidade e equidade na educa\u00e7\u00e3o\u201d. <em>Instituto de Engenharia<\/em>, 25\/09\/2023. Dispon\u00edvel em: <a href=\"https:\/\/www.institutodeengenharia.org.br\/site\/2023\/09\/25\/por-george-paulus-dias-arranjos-de-inteligencias-artificial-e-humana-rumo-a-qualidade-e-equidade-na-educacao\">https:\/\/www.institutodeengenharia.org.br\/site\/2023\/09\/25\/por-george-paulus-dias-arranjos-de-inteligencias-artificial-e-humana-rumo-a-qualidade-e-equidade-na-educacao<\/a><\/p>\n<p>________________________________________________________________________<\/p>\n<p>*\u00a0<a href=\"https:\/\/www.linkedin.com\/in\/georgepaulus\/\">George Paulus Dias<\/a>\u00a0\u00e9 engenheiro de produ\u00e7\u00e3o pela Escola Polit\u00e9cnica da USP, mestre e doutor em Log\u00edstica e Educa\u00e7\u00e3o com Jogos. \u00c9 empreendedor na \u00e1rea de sistemas de informa\u00e7\u00e3o e educa\u00e7\u00e3o. Acumulou 20 anos de experi\u00eancia docente.<br \/>\n\u00c9 conselheiro do Instituto de Engenharia onde tamb\u00e9m coordena o GT de Bioeconomia Nacional.<\/p>\n","protected":false},"excerpt":{"rendered":"<p>A atual obsess\u00e3o com listas de &#8220;profiss\u00f5es que a IA vai eliminar&#8221; n\u00e3o \u00e9 um fato isolado. \u00c9 a manifesta\u00e7\u00e3o mais recente de um padr\u00e3o hist\u00f3rico que a pesquisa (psicanal\u00edtica) identificou como &#8220;feridas narc\u00edsicas&#8221; &#8211; momentos em que novos conhecimentos abalam nossa percep\u00e7\u00e3o de centralidade e unicidade no universo. Como bem observou Dora Kaufman (O\u202fGlobo, [&hellip;]<\/p>\n","protected":false},"author":13,"featured_media":130155,"comment_status":"open","ping_status":"open","sticky":false,"template":"","format":"standard","meta":{"footnotes":""},"categories":[11,1526],"tags":[],"class_list":{"0":"post-130154","1":"post","2":"type-post","3":"status-publish","4":"format-standard","5":"has-post-thumbnail","7":"category-articulistas","8":"category-george-paulus-dias"},"yoast_head":"<!-- This site is optimized with the Yoast SEO plugin v27.2 - https:\/\/yoast.com\/product\/yoast-seo-wordpress\/ -->\n<title>Por George Paulus Dias \u2013 Quando a IA vai matar minha profiss\u00e3o? A Pen\u00faltima Ferida Narc\u00edsica - Instituto de Engenharia<\/title>\n<meta name=\"robots\" content=\"index, follow, max-snippet:-1, max-image-preview:large, max-video-preview:-1\" \/>\n<link rel=\"canonical\" href=\"https:\/\/www.institutodeengenharia.org.br\/site\/2025\/06\/25\/por-george-paulus-dias-quando-a-ia-vai-matar-minha-profissao-a-penultima-ferida-narcisica\/\" \/>\n<meta property=\"og:locale\" content=\"pt_BR\" \/>\n<meta property=\"og:type\" content=\"article\" \/>\n<meta property=\"og:title\" content=\"Por George Paulus Dias \u2013 Quando a IA vai matar minha profiss\u00e3o? A Pen\u00faltima Ferida Narc\u00edsica - Instituto de Engenharia\" \/>\n<meta property=\"og:description\" content=\"A atual obsess\u00e3o com listas de &#8220;profiss\u00f5es que a IA vai eliminar&#8221; n\u00e3o \u00e9 um fato isolado. \u00c9 a manifesta\u00e7\u00e3o mais recente de um padr\u00e3o hist\u00f3rico que a pesquisa (psicanal\u00edtica) identificou como &#8220;feridas narc\u00edsicas&#8221; &#8211; momentos em que novos conhecimentos abalam nossa percep\u00e7\u00e3o de centralidade e unicidade no universo. Como bem observou Dora Kaufman (O\u202fGlobo, [&hellip;]\" \/>\n<meta property=\"og:url\" content=\"https:\/\/www.institutodeengenharia.org.br\/site\/2025\/06\/25\/por-george-paulus-dias-quando-a-ia-vai-matar-minha-profissao-a-penultima-ferida-narcisica\/\" \/>\n<meta property=\"og:site_name\" content=\"Instituto de Engenharia\" \/>\n<meta property=\"article:publisher\" content=\"https:\/\/www.facebook.com\/institutodeengenharia\" \/>\n<meta property=\"article:published_time\" content=\"2025-06-25T18:01:57+00:00\" \/>\n<meta property=\"og:image\" content=\"https:\/\/www.institutodeengenharia.org.br\/site\/wp-content\/uploads\/2025\/06\/Quando-a-IA-vai-matar-minha-profissao.png\" \/>\n\t<meta property=\"og:image:width\" content=\"1024\" \/>\n\t<meta property=\"og:image:height\" content=\"1024\" \/>\n\t<meta property=\"og:image:type\" content=\"image\/png\" \/>\n<meta name=\"author\" content=\"Bianca\" \/>\n<meta name=\"twitter:card\" content=\"summary_large_image\" \/>\n<meta name=\"twitter:creator\" content=\"@iengenharia\" \/>\n<meta name=\"twitter:site\" content=\"@iengenharia\" \/>\n<meta name=\"twitter:label1\" content=\"Escrito por\" \/>\n\t<meta name=\"twitter:data1\" content=\"Bianca\" \/>\n\t<meta name=\"twitter:label2\" content=\"Est. tempo de leitura\" \/>\n\t<meta name=\"twitter:data2\" content=\"7 minutos\" \/>\n<script type=\"application\/ld+json\" class=\"yoast-schema-graph\">{\"@context\":\"https:\/\/schema.org\",\"@graph\":[{\"@type\":\"Article\",\"@id\":\"https:\/\/www.institutodeengenharia.org.br\/site\/2025\/06\/25\/por-george-paulus-dias-quando-a-ia-vai-matar-minha-profissao-a-penultima-ferida-narcisica\/#article\",\"isPartOf\":{\"@id\":\"https:\/\/www.institutodeengenharia.org.br\/site\/2025\/06\/25\/por-george-paulus-dias-quando-a-ia-vai-matar-minha-profissao-a-penultima-ferida-narcisica\/\"},\"author\":{\"name\":\"Bianca\",\"@id\":\"https:\/\/www.institutodeengenharia.org.br\/site\/#\/schema\/person\/aeb64951c405e100d26d30b033dd423f\"},\"headline\":\"Por George Paulus Dias \u2013 Quando a IA vai matar minha profiss\u00e3o? A Pen\u00faltima Ferida Narc\u00edsica\",\"datePublished\":\"2025-06-25T18:01:57+00:00\",\"mainEntityOfPage\":{\"@id\":\"https:\/\/www.institutodeengenharia.org.br\/site\/2025\/06\/25\/por-george-paulus-dias-quando-a-ia-vai-matar-minha-profissao-a-penultima-ferida-narcisica\/\"},\"wordCount\":1342,\"commentCount\":0,\"publisher\":{\"@id\":\"https:\/\/www.institutodeengenharia.org.br\/site\/#organization\"},\"image\":{\"@id\":\"https:\/\/www.institutodeengenharia.org.br\/site\/2025\/06\/25\/por-george-paulus-dias-quando-a-ia-vai-matar-minha-profissao-a-penultima-ferida-narcisica\/#primaryimage\"},\"thumbnailUrl\":\"https:\/\/www.institutodeengenharia.org.br\/site\/wp-content\/uploads\/2025\/06\/Quando-a-IA-vai-matar-minha-profissao-e1751637454184.png\",\"articleSection\":[\"Articulistas\",\"George Paulus Dias\"],\"inLanguage\":\"pt-BR\",\"potentialAction\":[{\"@type\":\"CommentAction\",\"name\":\"Comment\",\"target\":[\"https:\/\/www.institutodeengenharia.org.br\/site\/2025\/06\/25\/por-george-paulus-dias-quando-a-ia-vai-matar-minha-profissao-a-penultima-ferida-narcisica\/#respond\"]}]},{\"@type\":\"WebPage\",\"@id\":\"https:\/\/www.institutodeengenharia.org.br\/site\/2025\/06\/25\/por-george-paulus-dias-quando-a-ia-vai-matar-minha-profissao-a-penultima-ferida-narcisica\/\",\"url\":\"https:\/\/www.institutodeengenharia.org.br\/site\/2025\/06\/25\/por-george-paulus-dias-quando-a-ia-vai-matar-minha-profissao-a-penultima-ferida-narcisica\/\",\"name\":\"Por George Paulus Dias \u2013 Quando a IA vai matar minha profiss\u00e3o? A Pen\u00faltima Ferida Narc\u00edsica - Instituto de Engenharia\",\"isPartOf\":{\"@id\":\"https:\/\/www.institutodeengenharia.org.br\/site\/#website\"},\"primaryImageOfPage\":{\"@id\":\"https:\/\/www.institutodeengenharia.org.br\/site\/2025\/06\/25\/por-george-paulus-dias-quando-a-ia-vai-matar-minha-profissao-a-penultima-ferida-narcisica\/#primaryimage\"},\"image\":{\"@id\":\"https:\/\/www.institutodeengenharia.org.br\/site\/2025\/06\/25\/por-george-paulus-dias-quando-a-ia-vai-matar-minha-profissao-a-penultima-ferida-narcisica\/#primaryimage\"},\"thumbnailUrl\":\"https:\/\/www.institutodeengenharia.org.br\/site\/wp-content\/uploads\/2025\/06\/Quando-a-IA-vai-matar-minha-profissao-e1751637454184.png\",\"datePublished\":\"2025-06-25T18:01:57+00:00\",\"breadcrumb\":{\"@id\":\"https:\/\/www.institutodeengenharia.org.br\/site\/2025\/06\/25\/por-george-paulus-dias-quando-a-ia-vai-matar-minha-profissao-a-penultima-ferida-narcisica\/#breadcrumb\"},\"inLanguage\":\"pt-BR\",\"potentialAction\":[{\"@type\":\"ReadAction\",\"target\":[\"https:\/\/www.institutodeengenharia.org.br\/site\/2025\/06\/25\/por-george-paulus-dias-quando-a-ia-vai-matar-minha-profissao-a-penultima-ferida-narcisica\/\"]}]},{\"@type\":\"ImageObject\",\"inLanguage\":\"pt-BR\",\"@id\":\"https:\/\/www.institutodeengenharia.org.br\/site\/2025\/06\/25\/por-george-paulus-dias-quando-a-ia-vai-matar-minha-profissao-a-penultima-ferida-narcisica\/#primaryimage\",\"url\":\"https:\/\/www.institutodeengenharia.org.br\/site\/wp-content\/uploads\/2025\/06\/Quando-a-IA-vai-matar-minha-profissao-e1751637454184.png\",\"contentUrl\":\"https:\/\/www.institutodeengenharia.org.br\/site\/wp-content\/uploads\/2025\/06\/Quando-a-IA-vai-matar-minha-profissao-e1751637454184.png\",\"width\":1024,\"height\":680},{\"@type\":\"BreadcrumbList\",\"@id\":\"https:\/\/www.institutodeengenharia.org.br\/site\/2025\/06\/25\/por-george-paulus-dias-quando-a-ia-vai-matar-minha-profissao-a-penultima-ferida-narcisica\/#breadcrumb\",\"itemListElement\":[{\"@type\":\"ListItem\",\"position\":1,\"name\":\"In\u00edcio\",\"item\":\"https:\/\/www.institutodeengenharia.org.br\/site\/\"},{\"@type\":\"ListItem\",\"position\":2,\"name\":\"Por George Paulus Dias \u2013 Quando a IA vai matar minha profiss\u00e3o? A Pen\u00faltima Ferida Narc\u00edsica\"}]},{\"@type\":\"WebSite\",\"@id\":\"https:\/\/www.institutodeengenharia.org.br\/site\/#website\",\"url\":\"https:\/\/www.institutodeengenharia.org.br\/site\/\",\"name\":\"Instituto de Engenharia\",\"description\":\"O Instituto de Engenharia promove a Engenharia em benef\u00edcio do desenvolvimento e da qualidade de vida da sociedade.\",\"publisher\":{\"@id\":\"https:\/\/www.institutodeengenharia.org.br\/site\/#organization\"},\"potentialAction\":[{\"@type\":\"SearchAction\",\"target\":{\"@type\":\"EntryPoint\",\"urlTemplate\":\"https:\/\/www.institutodeengenharia.org.br\/site\/?s={search_term_string}\"},\"query-input\":{\"@type\":\"PropertyValueSpecification\",\"valueRequired\":true,\"valueName\":\"search_term_string\"}}],\"inLanguage\":\"pt-BR\"},{\"@type\":\"Organization\",\"@id\":\"https:\/\/www.institutodeengenharia.org.br\/site\/#organization\",\"name\":\"Instituto de Engenharia\",\"url\":\"https:\/\/www.institutodeengenharia.org.br\/site\/\",\"logo\":{\"@type\":\"ImageObject\",\"inLanguage\":\"pt-BR\",\"@id\":\"https:\/\/www.institutodeengenharia.org.br\/site\/#\/schema\/logo\/image\/\",\"url\":\"https:\/\/www.institutodeengenharia.org.br\/site\/wp-content\/uploads\/2019\/03\/logo-novo-IE2018-1.jpg\",\"contentUrl\":\"https:\/\/www.institutodeengenharia.org.br\/site\/wp-content\/uploads\/2019\/03\/logo-novo-IE2018-1.jpg\",\"width\":1486,\"height\":1879,\"caption\":\"Instituto de Engenharia\"},\"image\":{\"@id\":\"https:\/\/www.institutodeengenharia.org.br\/site\/#\/schema\/logo\/image\/\"},\"sameAs\":[\"https:\/\/www.facebook.com\/institutodeengenharia\",\"https:\/\/x.com\/iengenharia\",\"https:\/\/www.instagram.com\/institutodeengenharia\/\",\"https:\/\/www.linkedin.com\/company\/instituto-de-engenharia\/\",\"https:\/\/www.youtube.com\/channel\/UCXiCAlsSMe977vamW915HxA\"]},{\"@type\":\"Person\",\"@id\":\"https:\/\/www.institutodeengenharia.org.br\/site\/#\/schema\/person\/aeb64951c405e100d26d30b033dd423f\",\"name\":\"Bianca\",\"image\":{\"@type\":\"ImageObject\",\"inLanguage\":\"pt-BR\",\"@id\":\"https:\/\/secure.gravatar.com\/avatar\/a6fbe9bff57405baf4c1e2c5c1811e072b558253974a9f9508f4678900c97c2a?s=96&d=mm&r=g\",\"url\":\"https:\/\/secure.gravatar.com\/avatar\/a6fbe9bff57405baf4c1e2c5c1811e072b558253974a9f9508f4678900c97c2a?s=96&d=mm&r=g\",\"contentUrl\":\"https:\/\/secure.gravatar.com\/avatar\/a6fbe9bff57405baf4c1e2c5c1811e072b558253974a9f9508f4678900c97c2a?s=96&d=mm&r=g\",\"caption\":\"Bianca\"},\"url\":\"https:\/\/www.institutodeengenharia.org.br\/site\/author\/comunicacao1\/\"}]}<\/script>\n<!-- \/ Yoast SEO plugin. -->","yoast_head_json":{"title":"Por George Paulus Dias \u2013 Quando a IA vai matar minha profiss\u00e3o? A Pen\u00faltima Ferida Narc\u00edsica - Instituto de Engenharia","robots":{"index":"index","follow":"follow","max-snippet":"max-snippet:-1","max-image-preview":"max-image-preview:large","max-video-preview":"max-video-preview:-1"},"canonical":"https:\/\/www.institutodeengenharia.org.br\/site\/2025\/06\/25\/por-george-paulus-dias-quando-a-ia-vai-matar-minha-profissao-a-penultima-ferida-narcisica\/","og_locale":"pt_BR","og_type":"article","og_title":"Por George Paulus Dias \u2013 Quando a IA vai matar minha profiss\u00e3o? A Pen\u00faltima Ferida Narc\u00edsica - Instituto de Engenharia","og_description":"A atual obsess\u00e3o com listas de &#8220;profiss\u00f5es que a IA vai eliminar&#8221; n\u00e3o \u00e9 um fato isolado. \u00c9 a manifesta\u00e7\u00e3o mais recente de um padr\u00e3o hist\u00f3rico que a pesquisa (psicanal\u00edtica) identificou como &#8220;feridas narc\u00edsicas&#8221; &#8211; momentos em que novos conhecimentos abalam nossa percep\u00e7\u00e3o de centralidade e unicidade no universo. Como bem observou Dora Kaufman (O\u202fGlobo, [&hellip;]","og_url":"https:\/\/www.institutodeengenharia.org.br\/site\/2025\/06\/25\/por-george-paulus-dias-quando-a-ia-vai-matar-minha-profissao-a-penultima-ferida-narcisica\/","og_site_name":"Instituto de Engenharia","article_publisher":"https:\/\/www.facebook.com\/institutodeengenharia","article_published_time":"2025-06-25T18:01:57+00:00","og_image":[{"width":1024,"height":1024,"url":"https:\/\/www.institutodeengenharia.org.br\/site\/wp-content\/uploads\/2025\/06\/Quando-a-IA-vai-matar-minha-profissao.png","type":"image\/png"}],"author":"Bianca","twitter_card":"summary_large_image","twitter_creator":"@iengenharia","twitter_site":"@iengenharia","twitter_misc":{"Escrito por":"Bianca","Est. tempo de leitura":"7 minutos"},"schema":{"@context":"https:\/\/schema.org","@graph":[{"@type":"Article","@id":"https:\/\/www.institutodeengenharia.org.br\/site\/2025\/06\/25\/por-george-paulus-dias-quando-a-ia-vai-matar-minha-profissao-a-penultima-ferida-narcisica\/#article","isPartOf":{"@id":"https:\/\/www.institutodeengenharia.org.br\/site\/2025\/06\/25\/por-george-paulus-dias-quando-a-ia-vai-matar-minha-profissao-a-penultima-ferida-narcisica\/"},"author":{"name":"Bianca","@id":"https:\/\/www.institutodeengenharia.org.br\/site\/#\/schema\/person\/aeb64951c405e100d26d30b033dd423f"},"headline":"Por George Paulus Dias \u2013 Quando a IA vai matar minha profiss\u00e3o? A Pen\u00faltima Ferida Narc\u00edsica","datePublished":"2025-06-25T18:01:57+00:00","mainEntityOfPage":{"@id":"https:\/\/www.institutodeengenharia.org.br\/site\/2025\/06\/25\/por-george-paulus-dias-quando-a-ia-vai-matar-minha-profissao-a-penultima-ferida-narcisica\/"},"wordCount":1342,"commentCount":0,"publisher":{"@id":"https:\/\/www.institutodeengenharia.org.br\/site\/#organization"},"image":{"@id":"https:\/\/www.institutodeengenharia.org.br\/site\/2025\/06\/25\/por-george-paulus-dias-quando-a-ia-vai-matar-minha-profissao-a-penultima-ferida-narcisica\/#primaryimage"},"thumbnailUrl":"https:\/\/www.institutodeengenharia.org.br\/site\/wp-content\/uploads\/2025\/06\/Quando-a-IA-vai-matar-minha-profissao-e1751637454184.png","articleSection":["Articulistas","George Paulus Dias"],"inLanguage":"pt-BR","potentialAction":[{"@type":"CommentAction","name":"Comment","target":["https:\/\/www.institutodeengenharia.org.br\/site\/2025\/06\/25\/por-george-paulus-dias-quando-a-ia-vai-matar-minha-profissao-a-penultima-ferida-narcisica\/#respond"]}]},{"@type":"WebPage","@id":"https:\/\/www.institutodeengenharia.org.br\/site\/2025\/06\/25\/por-george-paulus-dias-quando-a-ia-vai-matar-minha-profissao-a-penultima-ferida-narcisica\/","url":"https:\/\/www.institutodeengenharia.org.br\/site\/2025\/06\/25\/por-george-paulus-dias-quando-a-ia-vai-matar-minha-profissao-a-penultima-ferida-narcisica\/","name":"Por George Paulus Dias \u2013 Quando a IA vai matar minha profiss\u00e3o? A Pen\u00faltima Ferida Narc\u00edsica - Instituto de Engenharia","isPartOf":{"@id":"https:\/\/www.institutodeengenharia.org.br\/site\/#website"},"primaryImageOfPage":{"@id":"https:\/\/www.institutodeengenharia.org.br\/site\/2025\/06\/25\/por-george-paulus-dias-quando-a-ia-vai-matar-minha-profissao-a-penultima-ferida-narcisica\/#primaryimage"},"image":{"@id":"https:\/\/www.institutodeengenharia.org.br\/site\/2025\/06\/25\/por-george-paulus-dias-quando-a-ia-vai-matar-minha-profissao-a-penultima-ferida-narcisica\/#primaryimage"},"thumbnailUrl":"https:\/\/www.institutodeengenharia.org.br\/site\/wp-content\/uploads\/2025\/06\/Quando-a-IA-vai-matar-minha-profissao-e1751637454184.png","datePublished":"2025-06-25T18:01:57+00:00","breadcrumb":{"@id":"https:\/\/www.institutodeengenharia.org.br\/site\/2025\/06\/25\/por-george-paulus-dias-quando-a-ia-vai-matar-minha-profissao-a-penultima-ferida-narcisica\/#breadcrumb"},"inLanguage":"pt-BR","potentialAction":[{"@type":"ReadAction","target":["https:\/\/www.institutodeengenharia.org.br\/site\/2025\/06\/25\/por-george-paulus-dias-quando-a-ia-vai-matar-minha-profissao-a-penultima-ferida-narcisica\/"]}]},{"@type":"ImageObject","inLanguage":"pt-BR","@id":"https:\/\/www.institutodeengenharia.org.br\/site\/2025\/06\/25\/por-george-paulus-dias-quando-a-ia-vai-matar-minha-profissao-a-penultima-ferida-narcisica\/#primaryimage","url":"https:\/\/www.institutodeengenharia.org.br\/site\/wp-content\/uploads\/2025\/06\/Quando-a-IA-vai-matar-minha-profissao-e1751637454184.png","contentUrl":"https:\/\/www.institutodeengenharia.org.br\/site\/wp-content\/uploads\/2025\/06\/Quando-a-IA-vai-matar-minha-profissao-e1751637454184.png","width":1024,"height":680},{"@type":"BreadcrumbList","@id":"https:\/\/www.institutodeengenharia.org.br\/site\/2025\/06\/25\/por-george-paulus-dias-quando-a-ia-vai-matar-minha-profissao-a-penultima-ferida-narcisica\/#breadcrumb","itemListElement":[{"@type":"ListItem","position":1,"name":"In\u00edcio","item":"https:\/\/www.institutodeengenharia.org.br\/site\/"},{"@type":"ListItem","position":2,"name":"Por George Paulus Dias \u2013 Quando a IA vai matar minha profiss\u00e3o? A Pen\u00faltima Ferida Narc\u00edsica"}]},{"@type":"WebSite","@id":"https:\/\/www.institutodeengenharia.org.br\/site\/#website","url":"https:\/\/www.institutodeengenharia.org.br\/site\/","name":"Instituto de Engenharia","description":"O Instituto de Engenharia promove a Engenharia em benef\u00edcio do desenvolvimento e da qualidade de vida da sociedade.","publisher":{"@id":"https:\/\/www.institutodeengenharia.org.br\/site\/#organization"},"potentialAction":[{"@type":"SearchAction","target":{"@type":"EntryPoint","urlTemplate":"https:\/\/www.institutodeengenharia.org.br\/site\/?s={search_term_string}"},"query-input":{"@type":"PropertyValueSpecification","valueRequired":true,"valueName":"search_term_string"}}],"inLanguage":"pt-BR"},{"@type":"Organization","@id":"https:\/\/www.institutodeengenharia.org.br\/site\/#organization","name":"Instituto de Engenharia","url":"https:\/\/www.institutodeengenharia.org.br\/site\/","logo":{"@type":"ImageObject","inLanguage":"pt-BR","@id":"https:\/\/www.institutodeengenharia.org.br\/site\/#\/schema\/logo\/image\/","url":"https:\/\/www.institutodeengenharia.org.br\/site\/wp-content\/uploads\/2019\/03\/logo-novo-IE2018-1.jpg","contentUrl":"https:\/\/www.institutodeengenharia.org.br\/site\/wp-content\/uploads\/2019\/03\/logo-novo-IE2018-1.jpg","width":1486,"height":1879,"caption":"Instituto de Engenharia"},"image":{"@id":"https:\/\/www.institutodeengenharia.org.br\/site\/#\/schema\/logo\/image\/"},"sameAs":["https:\/\/www.facebook.com\/institutodeengenharia","https:\/\/x.com\/iengenharia","https:\/\/www.instagram.com\/institutodeengenharia\/","https:\/\/www.linkedin.com\/company\/instituto-de-engenharia\/","https:\/\/www.youtube.com\/channel\/UCXiCAlsSMe977vamW915HxA"]},{"@type":"Person","@id":"https:\/\/www.institutodeengenharia.org.br\/site\/#\/schema\/person\/aeb64951c405e100d26d30b033dd423f","name":"Bianca","image":{"@type":"ImageObject","inLanguage":"pt-BR","@id":"https:\/\/secure.gravatar.com\/avatar\/a6fbe9bff57405baf4c1e2c5c1811e072b558253974a9f9508f4678900c97c2a?s=96&d=mm&r=g","url":"https:\/\/secure.gravatar.com\/avatar\/a6fbe9bff57405baf4c1e2c5c1811e072b558253974a9f9508f4678900c97c2a?s=96&d=mm&r=g","contentUrl":"https:\/\/secure.gravatar.com\/avatar\/a6fbe9bff57405baf4c1e2c5c1811e072b558253974a9f9508f4678900c97c2a?s=96&d=mm&r=g","caption":"Bianca"},"url":"https:\/\/www.institutodeengenharia.org.br\/site\/author\/comunicacao1\/"}]}},"_links":{"self":[{"href":"https:\/\/www.institutodeengenharia.org.br\/site\/wp-json\/wp\/v2\/posts\/130154","targetHints":{"allow":["GET"]}}],"collection":[{"href":"https:\/\/www.institutodeengenharia.org.br\/site\/wp-json\/wp\/v2\/posts"}],"about":[{"href":"https:\/\/www.institutodeengenharia.org.br\/site\/wp-json\/wp\/v2\/types\/post"}],"author":[{"embeddable":true,"href":"https:\/\/www.institutodeengenharia.org.br\/site\/wp-json\/wp\/v2\/users\/13"}],"replies":[{"embeddable":true,"href":"https:\/\/www.institutodeengenharia.org.br\/site\/wp-json\/wp\/v2\/comments?post=130154"}],"version-history":[{"count":1,"href":"https:\/\/www.institutodeengenharia.org.br\/site\/wp-json\/wp\/v2\/posts\/130154\/revisions"}],"predecessor-version":[{"id":130156,"href":"https:\/\/www.institutodeengenharia.org.br\/site\/wp-json\/wp\/v2\/posts\/130154\/revisions\/130156"}],"wp:featuredmedia":[{"embeddable":true,"href":"https:\/\/www.institutodeengenharia.org.br\/site\/wp-json\/wp\/v2\/media\/130155"}],"wp:attachment":[{"href":"https:\/\/www.institutodeengenharia.org.br\/site\/wp-json\/wp\/v2\/media?parent=130154"}],"wp:term":[{"taxonomy":"category","embeddable":true,"href":"https:\/\/www.institutodeengenharia.org.br\/site\/wp-json\/wp\/v2\/categories?post=130154"},{"taxonomy":"post_tag","embeddable":true,"href":"https:\/\/www.institutodeengenharia.org.br\/site\/wp-json\/wp\/v2\/tags?post=130154"}],"curies":[{"name":"wp","href":"https:\/\/api.w.org\/{rel}","templated":true}]}}