{"id":130040,"date":"2025-06-23T14:37:36","date_gmt":"2025-06-23T17:37:36","guid":{"rendered":"https:\/\/www.institutodeengenharia.org.br\/site\/?p=130040"},"modified":"2025-06-23T14:57:05","modified_gmt":"2025-06-23T17:57:05","slug":"gt-bioeconomia-nacional-apresentara-projeto-no-txai-amazonia-em-rio-branco","status":"publish","type":"post","link":"https:\/\/www.institutodeengenharia.org.br\/site\/2025\/06\/23\/gt-bioeconomia-nacional-apresentara-projeto-no-txai-amazonia-em-rio-branco\/","title":{"rendered":"GT Bioeconomia Nacional apresentar\u00e1 projeto no Txai Amaz\u00f4nia, em Rio Branco"},"content":{"rendered":"<p>George Paulus, coordenador GT Bioeconomia Nacional, do Instituto de Engenharia, participar\u00e1 do painel &#8220;<em>Bioeconomia e Agro \u2013 O quanto o Agro pode ser Bioecon\u00f4mico e o quanto a Bioeconomia pode ser Agro<\/em>&#8220;, que far\u00e1 parte do Semin\u00e1rio Internacional Txai Amaz\u00f4nia, que acontecer\u00e1 no espa\u00e7o do eAmaz\u00f4nia, na Universidade Federal do Acre (UFAC), em Rio Branco, no dia 25 de junho, \u00e0s 11h.<\/p>\n<p>O evento ocorre entre os dias 25 e 28 de junho, e ter\u00e1 in\u00fameras oportunidades em bioeconomia e desenvolvimento sustent\u00e1vel. Al\u00e9m das apresenta\u00e7\u00f5es do Semin\u00e1rio, o evento abrigar\u00e1 a Mostra Cultural de Bioeconomia, que trar\u00e1 muita m\u00fasica, teatro, gastronomia e diversas manifesta\u00e7\u00f5es culturais.<\/p>\n<p style=\"text-align: center;\"><strong><a href=\"https:\/\/txaiamazonia.com.br\/programacao\/\">CLIQUE AQUI<\/a> E CONFIRA OS DETALHES DA PROGRAMA\u00c7\u00c3O E INSCRI\u00c7\u00c3O<\/strong><\/p>\n<p>Cada uma das 23 atividades prop\u00f5e uma experi\u00eancia sens\u00edvel e transformadora, em que a cultura local se apresenta n\u00e3o como adere\u00e7o, mas como eixo central de uma nova vis\u00e3o de desenvolvimento para a Amaz\u00f4nia. Um destaque: todos os artistas que se apresentar\u00e3o no palco do Txai Amaz\u00f4nia s\u00e3o da regi\u00e3o Norte. Ao todo, ser\u00e3o mais de 160 artistas em 23 apresenta\u00e7\u00f5es.<\/p>\n<p>Todos os dias, ao meio-dia, acontecer\u00e1 o FestCine Origin\u00e1rios, com produ\u00e7\u00f5es audiovisuais que retratam a vida na floresta, por meio de uma curadoria de filmes que colocam ind\u00edgenas, ribeirinhos e extrativistas como protagonistas. A DJ Cau Bartholo tamb\u00e9m estar\u00e1 presente nos quatro dias de programa\u00e7\u00e3o, sempre a partir das 17h, com sets inspirados na ancestralidade amaz\u00f4nica.<\/p>\n<p><strong>Dia 25 de junho<\/strong><\/p>\n<p>O l\u00edder espiritual Mapu Huni Kuin conduz a cerim\u00f4nia de abertura com rezos sagrados e a for\u00e7a ancestral da floresta, al\u00e9m do seu hit em parceria com Alok, \u201cYube Mana Ibubu\u201d, \u00e0s 8h30. Em seguida, acontece um momento de interc\u00e2mbio cultural com o povo Huni Kuin, com a comitiva do Centro Huw\u00e3 Karu Yuxibu Shukut\u00e3 Bari Bay, \u00e0s 11h.<\/p>\n<p>\u201cAbrir um evento como o Txai Amaz\u00f4nia, que vai viabilizar uma discuss\u00e3o de prepara\u00e7\u00e3o para a COP30, \u00e9 mais que um privil\u00e9gio. \u00c9 um presente, uma oportunidade, uma conquista. H\u00e1 muito tempo n\u00e3o t\u00ednhamos a nossa voz abrindo um acontecimento t\u00e3o importante\u201d, celebra Mapu.<\/p>\n<p>A artista multifacetada Camila Cabe\u00e7a conduz uma viv\u00eancia dan\u00e7ante de carimb\u00f3, ritmo tradicional do Norte, \u00e0s 15h. Para encerrar o primeiro dia do Txai Amaz\u00f4nia, a banda Forr\u00f3 no Balde apresenta um forr\u00f3 que vem do seringal, com um repert\u00f3rio de artistas consagrados que embalam mem\u00f3rias das margens do Acre.<\/p>\n<p>Com estreia no Acre, o semin\u00e1rio reunir\u00e1 lideran\u00e7as dos nove estados da Amaz\u00f4nia Legal, al\u00e9m de Bol\u00edvia e Peru, para promover a bioeconomia e a valoriza\u00e7\u00e3o da sociobiodiversidade como base para o desenvolvimento econ\u00f4mico da regi\u00e3o.<\/p>\n<p><strong>Dia 26 de junho<\/strong><\/p>\n<p>\u00c0s 10h, voc\u00ea conhecer\u00e1 um Acre antes de ser Acre. A pe\u00e7a vencedora do Pr\u00eamio Nacional Arcanjo de Cultura na categoria Teatro, \u201cAfluentes Acreanas\u201d, do Teatro Candeeiro, ser\u00e1 apresentada no palco do Semin\u00e1rio Internacional. Ap\u00f3s a apresenta\u00e7\u00e3o, o TRZ Crew promove uma viv\u00eancia com integrantes do coletivo, reunindo live painting (grafite ao vivo) e o show literomusical \u201c7 Linhas\u201d.<\/p>\n<p>A campe\u00e3 nacional do Slam Singulares 2023, Natielly Castro, manda o recado: \u201cE al\u00e9m da TRZ Crew e da Central de Slam, vai ter outras atividades e atra\u00e7\u00f5es incr\u00edveis para voc\u00eas. Tu n\u00e3o pode perder, n\u00e9?\u201d<\/p>\n<p>O Txai Amaz\u00f4nia abordar\u00e1 sete temas em 15 pain\u00e9is, apresentando 20 casos de sucesso da bioeconomia regional. O evento espera receber mais de dois mil participantes presenciais e \u00e9 totalmente gratuito.<\/p>\n<p>\u00c0s 18h, o grupo Jabuti Bumb\u00e1, manifesta\u00e7\u00e3o cultural popular do Acre, apresentar\u00e1 mensagens de conscientiza\u00e7\u00e3o ambiental por meio da dan\u00e7a, do teatro e da m\u00fasica. A dan\u00e7a tamb\u00e9m ter\u00e1 destaque com a performance Corpo Terreiro, de Joy Ramos, \u00e0s 15h, que expressa a ancestralidade por meio da interpreta\u00e7\u00e3o em Libras.<\/p>\n<p><strong>Dia 27 de junho<\/strong><\/p>\n<p>O dia come\u00e7a com o espet\u00e1culo teatral \u201cTonha\u201d, \u00e0s 10h, criado e protagonizado por Catarina C\u00e2ndida. A apresenta\u00e7\u00e3o ter\u00e1 um toque especial. Quem conta \u00e9 a pr\u00f3pria criadora da pe\u00e7a: \u201cEu escolhi o palco do Txai para fazer a \u00faltima apresenta\u00e7\u00e3o do Tonha\u201d, revela.<\/p>\n<p>O grupo Saiti Munuti Yawanawa conduz a viv\u00eancia Cantos e Encantos, com m\u00fasica ancestral, dan\u00e7a, pinturas sagradas, medicinas da floresta e elementos ritual\u00edsticos ind\u00edgenas, \u00e0s 11h. O Txai Amaz\u00f4nia tamb\u00e9m traz moda para o Acre com o desfile Yawa Tari, projeto inspirado no povo Yawanawa. A cole\u00e7\u00e3o homenageia as tradi\u00e7\u00f5es, com roupas que unem elementos da natureza e da espiritualidade, inspiradas nos kenes (desenhos tradicionais e sagrados).<\/p>\n<p>Int\u00e9rprete de \u201cMeu Amor\u201d, parceria com o DJ Alok, Ix\u00e3 apresenta as can\u00e7\u00f5es autorais do seu primeiro EP. O show come\u00e7a \u00e0s 18h:<\/p>\n<p>\u201c\u00c9 maravilhoso me apresentar no estado onde eu cresci, que foi onde tudo come\u00e7ou tamb\u00e9m. Estar ali \u00e9 cantar na raiz da coisa. Ao mesmo tempo, \u00e9 tamb\u00e9m um desafio bonito: trazer um show novo, com a est\u00e9tica que eu t\u00f4 construindo\u201d, conta o cantor.<\/p>\n<p><strong>Dia 28 de junho<\/strong><\/p>\n<p>Cantos \u00e0 capela e instrumentais, exposi\u00e7\u00e3o de artesanatos, pinturas corporais com kenes, rodada de rap\u00e9, conta\u00e7\u00e3o de hist\u00f3rias, exposi\u00e7\u00e3o de ervas medicinais, dan\u00e7as e desfile com tari e kenes ind\u00edgenas s\u00e3o destaques da programa\u00e7\u00e3o do \u00faltimo dia, \u00e0s 14h, em uma viv\u00eancia com os povos Shanenawa, Huni Kuin e Kaxinawa.<\/p>\n<p>Em seguida, o espet\u00e1culo \u2018Correrias\u2019 narra o cotidiano dos povos origin\u00e1rios e seus corpos territoriais em rituais livres, dentro do imagin\u00e1rio das divindades da floresta. Para encerrar, Maya Dourado e banda apresentam o show \u2018Salve Essa Terra\u2019, espet\u00e1culo autoral que re\u00fane composi\u00e7\u00f5es com tem\u00e1tica ambiental e social.<\/p>\n<p>\u201cUm show especialmente feito para contar as nossas hist\u00f3rias enquanto pessoas negras, amaz\u00f4nicas e viventes no Acre, \u00e0 beira do rio\u201d, descreve Dourado.<\/p>\n<p>O semin\u00e1rio \u00e9 organizado pelo Instituto SAPIEN, uma institui\u00e7\u00e3o cient\u00edfica, tecnol\u00f3gica e de inova\u00e7\u00e3o dedicada \u00e0 pesquisa e gest\u00e3o para o desenvolvimento regional, em parceria com o Minist\u00e9rio da Integra\u00e7\u00e3o e do Desenvolvimento Regional (MIDR), o Governo do Estado do Acre, suas secretarias e 25 institui\u00e7\u00f5es locais.<\/p>\n<h6><em>Fonte: <a href=\"https:\/\/txaiamazonia.com.br\/somos-txai\/\">https:\/\/txaiamazonia.com.br\/somos-txai\/<\/a><\/em><\/h6>\n<p>&nbsp;<\/p>\n","protected":false},"excerpt":{"rendered":"<p>George Paulus, coordenador GT Bioeconomia Nacional, do Instituto de Engenharia, participar\u00e1 do painel &#8220;Bioeconomia e Agro \u2013 O quanto o Agro pode ser Bioecon\u00f4mico e o quanto a Bioeconomia pode ser Agro&#8220;, que far\u00e1 parte do Semin\u00e1rio Internacional Txai Amaz\u00f4nia, que acontecer\u00e1 no espa\u00e7o do eAmaz\u00f4nia, na Universidade Federal do Acre (UFAC), em Rio Branco, [&hellip;]<\/p>\n","protected":false},"author":14,"featured_media":130045,"comment_status":"open","ping_status":"open","sticky":false,"template":"","format":"standard","meta":{"footnotes":""},"categories":[1119,27,31,6],"tags":[],"class_list":{"0":"post-130040","1":"post","2":"type-post","3":"status-publish","4":"format-standard","5":"has-post-thumbnail","7":"category-amazonia-e-bioeconomia","8":"category-instituto-de-engenharia","9":"category-meio-ambiente","10":"category-noticias"},"yoast_head":"<!-- This site is optimized with the Yoast SEO plugin v27.2 - https:\/\/yoast.com\/product\/yoast-seo-wordpress\/ -->\n<title>GT Bioeconomia Nacional apresentar\u00e1 projeto no Txai Amaz\u00f4nia, em Rio Branco - Instituto de Engenharia<\/title>\n<meta name=\"robots\" content=\"index, follow, max-snippet:-1, max-image-preview:large, max-video-preview:-1\" \/>\n<link rel=\"canonical\" href=\"https:\/\/www.institutodeengenharia.org.br\/site\/2025\/06\/23\/gt-bioeconomia-nacional-apresentara-projeto-no-txai-amazonia-em-rio-branco\/\" \/>\n<meta property=\"og:locale\" content=\"pt_BR\" \/>\n<meta property=\"og:type\" content=\"article\" \/>\n<meta property=\"og:title\" content=\"GT Bioeconomia Nacional apresentar\u00e1 projeto no Txai Amaz\u00f4nia, em Rio Branco - Instituto de Engenharia\" \/>\n<meta property=\"og:description\" content=\"George Paulus, coordenador GT Bioeconomia Nacional, do Instituto de Engenharia, participar\u00e1 do painel &#8220;Bioeconomia e Agro \u2013 O quanto o Agro pode ser Bioecon\u00f4mico e o quanto a Bioeconomia pode ser Agro&#8220;, que far\u00e1 parte do Semin\u00e1rio Internacional Txai Amaz\u00f4nia, que acontecer\u00e1 no espa\u00e7o do eAmaz\u00f4nia, na Universidade Federal do Acre (UFAC), em Rio Branco, [&hellip;]\" \/>\n<meta property=\"og:url\" content=\"https:\/\/www.institutodeengenharia.org.br\/site\/2025\/06\/23\/gt-bioeconomia-nacional-apresentara-projeto-no-txai-amazonia-em-rio-branco\/\" \/>\n<meta property=\"og:site_name\" content=\"Instituto de Engenharia\" \/>\n<meta property=\"article:publisher\" content=\"https:\/\/www.facebook.com\/institutodeengenharia\" \/>\n<meta property=\"article:published_time\" content=\"2025-06-23T17:37:36+00:00\" \/>\n<meta property=\"article:modified_time\" content=\"2025-06-23T17:57:05+00:00\" \/>\n<meta property=\"og:image\" content=\"https:\/\/www.institutodeengenharia.org.br\/site\/wp-content\/uploads\/2025\/06\/Design-sem-nome-2025-06-23T142734.063.jpg\" \/>\n\t<meta property=\"og:image:width\" content=\"200\" \/>\n\t<meta property=\"og:image:height\" content=\"200\" \/>\n\t<meta property=\"og:image:type\" content=\"image\/jpeg\" \/>\n<meta name=\"author\" content=\"Isabel\" \/>\n<meta name=\"twitter:card\" content=\"summary_large_image\" \/>\n<meta name=\"twitter:creator\" content=\"@iengenharia\" \/>\n<meta name=\"twitter:site\" content=\"@iengenharia\" \/>\n<meta name=\"twitter:label1\" content=\"Escrito por\" \/>\n\t<meta name=\"twitter:data1\" content=\"Isabel\" \/>\n\t<meta name=\"twitter:label2\" content=\"Est. tempo de leitura\" \/>\n\t<meta name=\"twitter:data2\" content=\"6 minutos\" \/>\n<script type=\"application\/ld+json\" class=\"yoast-schema-graph\">{\"@context\":\"https:\/\/schema.org\",\"@graph\":[{\"@type\":\"Article\",\"@id\":\"https:\/\/www.institutodeengenharia.org.br\/site\/2025\/06\/23\/gt-bioeconomia-nacional-apresentara-projeto-no-txai-amazonia-em-rio-branco\/#article\",\"isPartOf\":{\"@id\":\"https:\/\/www.institutodeengenharia.org.br\/site\/2025\/06\/23\/gt-bioeconomia-nacional-apresentara-projeto-no-txai-amazonia-em-rio-branco\/\"},\"author\":{\"name\":\"Isabel\",\"@id\":\"https:\/\/www.institutodeengenharia.org.br\/site\/#\/schema\/person\/593dc356630173a4877a635d3e5fd76b\"},\"headline\":\"GT Bioeconomia Nacional apresentar\u00e1 projeto no Txai Amaz\u00f4nia, em Rio Branco\",\"datePublished\":\"2025-06-23T17:37:36+00:00\",\"dateModified\":\"2025-06-23T17:57:05+00:00\",\"mainEntityOfPage\":{\"@id\":\"https:\/\/www.institutodeengenharia.org.br\/site\/2025\/06\/23\/gt-bioeconomia-nacional-apresentara-projeto-no-txai-amazonia-em-rio-branco\/\"},\"wordCount\":1080,\"commentCount\":0,\"publisher\":{\"@id\":\"https:\/\/www.institutodeengenharia.org.br\/site\/#organization\"},\"image\":{\"@id\":\"https:\/\/www.institutodeengenharia.org.br\/site\/2025\/06\/23\/gt-bioeconomia-nacional-apresentara-projeto-no-txai-amazonia-em-rio-branco\/#primaryimage\"},\"thumbnailUrl\":\"https:\/\/www.institutodeengenharia.org.br\/site\/wp-content\/uploads\/2025\/06\/Design-sem-nome-2025-06-23T142734.063.jpg\",\"articleSection\":[\"Amaz\u00f4nia e Bioeconomia\",\"Instituto de Engenharia\",\"Meio Ambiente\",\"Not\u00edcias\"],\"inLanguage\":\"pt-BR\",\"potentialAction\":[{\"@type\":\"CommentAction\",\"name\":\"Comment\",\"target\":[\"https:\/\/www.institutodeengenharia.org.br\/site\/2025\/06\/23\/gt-bioeconomia-nacional-apresentara-projeto-no-txai-amazonia-em-rio-branco\/#respond\"]}]},{\"@type\":\"WebPage\",\"@id\":\"https:\/\/www.institutodeengenharia.org.br\/site\/2025\/06\/23\/gt-bioeconomia-nacional-apresentara-projeto-no-txai-amazonia-em-rio-branco\/\",\"url\":\"https:\/\/www.institutodeengenharia.org.br\/site\/2025\/06\/23\/gt-bioeconomia-nacional-apresentara-projeto-no-txai-amazonia-em-rio-branco\/\",\"name\":\"GT Bioeconomia Nacional apresentar\u00e1 projeto no Txai Amaz\u00f4nia, em Rio Branco - Instituto de Engenharia\",\"isPartOf\":{\"@id\":\"https:\/\/www.institutodeengenharia.org.br\/site\/#website\"},\"primaryImageOfPage\":{\"@id\":\"https:\/\/www.institutodeengenharia.org.br\/site\/2025\/06\/23\/gt-bioeconomia-nacional-apresentara-projeto-no-txai-amazonia-em-rio-branco\/#primaryimage\"},\"image\":{\"@id\":\"https:\/\/www.institutodeengenharia.org.br\/site\/2025\/06\/23\/gt-bioeconomia-nacional-apresentara-projeto-no-txai-amazonia-em-rio-branco\/#primaryimage\"},\"thumbnailUrl\":\"https:\/\/www.institutodeengenharia.org.br\/site\/wp-content\/uploads\/2025\/06\/Design-sem-nome-2025-06-23T142734.063.jpg\",\"datePublished\":\"2025-06-23T17:37:36+00:00\",\"dateModified\":\"2025-06-23T17:57:05+00:00\",\"breadcrumb\":{\"@id\":\"https:\/\/www.institutodeengenharia.org.br\/site\/2025\/06\/23\/gt-bioeconomia-nacional-apresentara-projeto-no-txai-amazonia-em-rio-branco\/#breadcrumb\"},\"inLanguage\":\"pt-BR\",\"potentialAction\":[{\"@type\":\"ReadAction\",\"target\":[\"https:\/\/www.institutodeengenharia.org.br\/site\/2025\/06\/23\/gt-bioeconomia-nacional-apresentara-projeto-no-txai-amazonia-em-rio-branco\/\"]}]},{\"@type\":\"ImageObject\",\"inLanguage\":\"pt-BR\",\"@id\":\"https:\/\/www.institutodeengenharia.org.br\/site\/2025\/06\/23\/gt-bioeconomia-nacional-apresentara-projeto-no-txai-amazonia-em-rio-branco\/#primaryimage\",\"url\":\"https:\/\/www.institutodeengenharia.org.br\/site\/wp-content\/uploads\/2025\/06\/Design-sem-nome-2025-06-23T142734.063.jpg\",\"contentUrl\":\"https:\/\/www.institutodeengenharia.org.br\/site\/wp-content\/uploads\/2025\/06\/Design-sem-nome-2025-06-23T142734.063.jpg\",\"width\":200,\"height\":200},{\"@type\":\"BreadcrumbList\",\"@id\":\"https:\/\/www.institutodeengenharia.org.br\/site\/2025\/06\/23\/gt-bioeconomia-nacional-apresentara-projeto-no-txai-amazonia-em-rio-branco\/#breadcrumb\",\"itemListElement\":[{\"@type\":\"ListItem\",\"position\":1,\"name\":\"In\u00edcio\",\"item\":\"https:\/\/www.institutodeengenharia.org.br\/site\/\"},{\"@type\":\"ListItem\",\"position\":2,\"name\":\"GT Bioeconomia Nacional apresentar\u00e1 projeto no Txai Amaz\u00f4nia, em Rio Branco\"}]},{\"@type\":\"WebSite\",\"@id\":\"https:\/\/www.institutodeengenharia.org.br\/site\/#website\",\"url\":\"https:\/\/www.institutodeengenharia.org.br\/site\/\",\"name\":\"Instituto de Engenharia\",\"description\":\"O Instituto de Engenharia promove a Engenharia em benef\u00edcio do desenvolvimento e da qualidade de vida da sociedade.\",\"publisher\":{\"@id\":\"https:\/\/www.institutodeengenharia.org.br\/site\/#organization\"},\"potentialAction\":[{\"@type\":\"SearchAction\",\"target\":{\"@type\":\"EntryPoint\",\"urlTemplate\":\"https:\/\/www.institutodeengenharia.org.br\/site\/?s={search_term_string}\"},\"query-input\":{\"@type\":\"PropertyValueSpecification\",\"valueRequired\":true,\"valueName\":\"search_term_string\"}}],\"inLanguage\":\"pt-BR\"},{\"@type\":\"Organization\",\"@id\":\"https:\/\/www.institutodeengenharia.org.br\/site\/#organization\",\"name\":\"Instituto de Engenharia\",\"url\":\"https:\/\/www.institutodeengenharia.org.br\/site\/\",\"logo\":{\"@type\":\"ImageObject\",\"inLanguage\":\"pt-BR\",\"@id\":\"https:\/\/www.institutodeengenharia.org.br\/site\/#\/schema\/logo\/image\/\",\"url\":\"https:\/\/www.institutodeengenharia.org.br\/site\/wp-content\/uploads\/2019\/03\/logo-novo-IE2018-1.jpg\",\"contentUrl\":\"https:\/\/www.institutodeengenharia.org.br\/site\/wp-content\/uploads\/2019\/03\/logo-novo-IE2018-1.jpg\",\"width\":1486,\"height\":1879,\"caption\":\"Instituto de Engenharia\"},\"image\":{\"@id\":\"https:\/\/www.institutodeengenharia.org.br\/site\/#\/schema\/logo\/image\/\"},\"sameAs\":[\"https:\/\/www.facebook.com\/institutodeengenharia\",\"https:\/\/x.com\/iengenharia\",\"https:\/\/www.instagram.com\/institutodeengenharia\/\",\"https:\/\/www.linkedin.com\/company\/instituto-de-engenharia\/\",\"https:\/\/www.youtube.com\/channel\/UCXiCAlsSMe977vamW915HxA\"]},{\"@type\":\"Person\",\"@id\":\"https:\/\/www.institutodeengenharia.org.br\/site\/#\/schema\/person\/593dc356630173a4877a635d3e5fd76b\",\"name\":\"Isabel\",\"image\":{\"@type\":\"ImageObject\",\"inLanguage\":\"pt-BR\",\"@id\":\"https:\/\/secure.gravatar.com\/avatar\/f3c521db63ec9db17894f10a88c6a3cf95b2281d7f80eeb3cf3ef1cb091576e7?s=96&d=mm&r=g\",\"url\":\"https:\/\/secure.gravatar.com\/avatar\/f3c521db63ec9db17894f10a88c6a3cf95b2281d7f80eeb3cf3ef1cb091576e7?s=96&d=mm&r=g\",\"contentUrl\":\"https:\/\/secure.gravatar.com\/avatar\/f3c521db63ec9db17894f10a88c6a3cf95b2281d7f80eeb3cf3ef1cb091576e7?s=96&d=mm&r=g\",\"caption\":\"Isabel\"},\"url\":\"https:\/\/www.institutodeengenharia.org.br\/site\/author\/comunicacao2\/\"}]}<\/script>\n<!-- \/ Yoast SEO plugin. -->","yoast_head_json":{"title":"GT Bioeconomia Nacional apresentar\u00e1 projeto no Txai Amaz\u00f4nia, em Rio Branco - Instituto de Engenharia","robots":{"index":"index","follow":"follow","max-snippet":"max-snippet:-1","max-image-preview":"max-image-preview:large","max-video-preview":"max-video-preview:-1"},"canonical":"https:\/\/www.institutodeengenharia.org.br\/site\/2025\/06\/23\/gt-bioeconomia-nacional-apresentara-projeto-no-txai-amazonia-em-rio-branco\/","og_locale":"pt_BR","og_type":"article","og_title":"GT Bioeconomia Nacional apresentar\u00e1 projeto no Txai Amaz\u00f4nia, em Rio Branco - Instituto de Engenharia","og_description":"George Paulus, coordenador GT Bioeconomia Nacional, do Instituto de Engenharia, participar\u00e1 do painel &#8220;Bioeconomia e Agro \u2013 O quanto o Agro pode ser Bioecon\u00f4mico e o quanto a Bioeconomia pode ser Agro&#8220;, que far\u00e1 parte do Semin\u00e1rio Internacional Txai Amaz\u00f4nia, que acontecer\u00e1 no espa\u00e7o do eAmaz\u00f4nia, na Universidade Federal do Acre (UFAC), em Rio Branco, [&hellip;]","og_url":"https:\/\/www.institutodeengenharia.org.br\/site\/2025\/06\/23\/gt-bioeconomia-nacional-apresentara-projeto-no-txai-amazonia-em-rio-branco\/","og_site_name":"Instituto de Engenharia","article_publisher":"https:\/\/www.facebook.com\/institutodeengenharia","article_published_time":"2025-06-23T17:37:36+00:00","article_modified_time":"2025-06-23T17:57:05+00:00","og_image":[{"width":200,"height":200,"url":"https:\/\/www.institutodeengenharia.org.br\/site\/wp-content\/uploads\/2025\/06\/Design-sem-nome-2025-06-23T142734.063.jpg","type":"image\/jpeg"}],"author":"Isabel","twitter_card":"summary_large_image","twitter_creator":"@iengenharia","twitter_site":"@iengenharia","twitter_misc":{"Escrito por":"Isabel","Est. tempo de leitura":"6 minutos"},"schema":{"@context":"https:\/\/schema.org","@graph":[{"@type":"Article","@id":"https:\/\/www.institutodeengenharia.org.br\/site\/2025\/06\/23\/gt-bioeconomia-nacional-apresentara-projeto-no-txai-amazonia-em-rio-branco\/#article","isPartOf":{"@id":"https:\/\/www.institutodeengenharia.org.br\/site\/2025\/06\/23\/gt-bioeconomia-nacional-apresentara-projeto-no-txai-amazonia-em-rio-branco\/"},"author":{"name":"Isabel","@id":"https:\/\/www.institutodeengenharia.org.br\/site\/#\/schema\/person\/593dc356630173a4877a635d3e5fd76b"},"headline":"GT Bioeconomia Nacional apresentar\u00e1 projeto no Txai Amaz\u00f4nia, em Rio Branco","datePublished":"2025-06-23T17:37:36+00:00","dateModified":"2025-06-23T17:57:05+00:00","mainEntityOfPage":{"@id":"https:\/\/www.institutodeengenharia.org.br\/site\/2025\/06\/23\/gt-bioeconomia-nacional-apresentara-projeto-no-txai-amazonia-em-rio-branco\/"},"wordCount":1080,"commentCount":0,"publisher":{"@id":"https:\/\/www.institutodeengenharia.org.br\/site\/#organization"},"image":{"@id":"https:\/\/www.institutodeengenharia.org.br\/site\/2025\/06\/23\/gt-bioeconomia-nacional-apresentara-projeto-no-txai-amazonia-em-rio-branco\/#primaryimage"},"thumbnailUrl":"https:\/\/www.institutodeengenharia.org.br\/site\/wp-content\/uploads\/2025\/06\/Design-sem-nome-2025-06-23T142734.063.jpg","articleSection":["Amaz\u00f4nia e Bioeconomia","Instituto de Engenharia","Meio Ambiente","Not\u00edcias"],"inLanguage":"pt-BR","potentialAction":[{"@type":"CommentAction","name":"Comment","target":["https:\/\/www.institutodeengenharia.org.br\/site\/2025\/06\/23\/gt-bioeconomia-nacional-apresentara-projeto-no-txai-amazonia-em-rio-branco\/#respond"]}]},{"@type":"WebPage","@id":"https:\/\/www.institutodeengenharia.org.br\/site\/2025\/06\/23\/gt-bioeconomia-nacional-apresentara-projeto-no-txai-amazonia-em-rio-branco\/","url":"https:\/\/www.institutodeengenharia.org.br\/site\/2025\/06\/23\/gt-bioeconomia-nacional-apresentara-projeto-no-txai-amazonia-em-rio-branco\/","name":"GT Bioeconomia Nacional apresentar\u00e1 projeto no Txai Amaz\u00f4nia, em Rio Branco - Instituto de Engenharia","isPartOf":{"@id":"https:\/\/www.institutodeengenharia.org.br\/site\/#website"},"primaryImageOfPage":{"@id":"https:\/\/www.institutodeengenharia.org.br\/site\/2025\/06\/23\/gt-bioeconomia-nacional-apresentara-projeto-no-txai-amazonia-em-rio-branco\/#primaryimage"},"image":{"@id":"https:\/\/www.institutodeengenharia.org.br\/site\/2025\/06\/23\/gt-bioeconomia-nacional-apresentara-projeto-no-txai-amazonia-em-rio-branco\/#primaryimage"},"thumbnailUrl":"https:\/\/www.institutodeengenharia.org.br\/site\/wp-content\/uploads\/2025\/06\/Design-sem-nome-2025-06-23T142734.063.jpg","datePublished":"2025-06-23T17:37:36+00:00","dateModified":"2025-06-23T17:57:05+00:00","breadcrumb":{"@id":"https:\/\/www.institutodeengenharia.org.br\/site\/2025\/06\/23\/gt-bioeconomia-nacional-apresentara-projeto-no-txai-amazonia-em-rio-branco\/#breadcrumb"},"inLanguage":"pt-BR","potentialAction":[{"@type":"ReadAction","target":["https:\/\/www.institutodeengenharia.org.br\/site\/2025\/06\/23\/gt-bioeconomia-nacional-apresentara-projeto-no-txai-amazonia-em-rio-branco\/"]}]},{"@type":"ImageObject","inLanguage":"pt-BR","@id":"https:\/\/www.institutodeengenharia.org.br\/site\/2025\/06\/23\/gt-bioeconomia-nacional-apresentara-projeto-no-txai-amazonia-em-rio-branco\/#primaryimage","url":"https:\/\/www.institutodeengenharia.org.br\/site\/wp-content\/uploads\/2025\/06\/Design-sem-nome-2025-06-23T142734.063.jpg","contentUrl":"https:\/\/www.institutodeengenharia.org.br\/site\/wp-content\/uploads\/2025\/06\/Design-sem-nome-2025-06-23T142734.063.jpg","width":200,"height":200},{"@type":"BreadcrumbList","@id":"https:\/\/www.institutodeengenharia.org.br\/site\/2025\/06\/23\/gt-bioeconomia-nacional-apresentara-projeto-no-txai-amazonia-em-rio-branco\/#breadcrumb","itemListElement":[{"@type":"ListItem","position":1,"name":"In\u00edcio","item":"https:\/\/www.institutodeengenharia.org.br\/site\/"},{"@type":"ListItem","position":2,"name":"GT Bioeconomia Nacional apresentar\u00e1 projeto no Txai Amaz\u00f4nia, em Rio Branco"}]},{"@type":"WebSite","@id":"https:\/\/www.institutodeengenharia.org.br\/site\/#website","url":"https:\/\/www.institutodeengenharia.org.br\/site\/","name":"Instituto de Engenharia","description":"O Instituto de Engenharia promove a Engenharia em benef\u00edcio do desenvolvimento e da qualidade de vida da sociedade.","publisher":{"@id":"https:\/\/www.institutodeengenharia.org.br\/site\/#organization"},"potentialAction":[{"@type":"SearchAction","target":{"@type":"EntryPoint","urlTemplate":"https:\/\/www.institutodeengenharia.org.br\/site\/?s={search_term_string}"},"query-input":{"@type":"PropertyValueSpecification","valueRequired":true,"valueName":"search_term_string"}}],"inLanguage":"pt-BR"},{"@type":"Organization","@id":"https:\/\/www.institutodeengenharia.org.br\/site\/#organization","name":"Instituto de Engenharia","url":"https:\/\/www.institutodeengenharia.org.br\/site\/","logo":{"@type":"ImageObject","inLanguage":"pt-BR","@id":"https:\/\/www.institutodeengenharia.org.br\/site\/#\/schema\/logo\/image\/","url":"https:\/\/www.institutodeengenharia.org.br\/site\/wp-content\/uploads\/2019\/03\/logo-novo-IE2018-1.jpg","contentUrl":"https:\/\/www.institutodeengenharia.org.br\/site\/wp-content\/uploads\/2019\/03\/logo-novo-IE2018-1.jpg","width":1486,"height":1879,"caption":"Instituto de Engenharia"},"image":{"@id":"https:\/\/www.institutodeengenharia.org.br\/site\/#\/schema\/logo\/image\/"},"sameAs":["https:\/\/www.facebook.com\/institutodeengenharia","https:\/\/x.com\/iengenharia","https:\/\/www.instagram.com\/institutodeengenharia\/","https:\/\/www.linkedin.com\/company\/instituto-de-engenharia\/","https:\/\/www.youtube.com\/channel\/UCXiCAlsSMe977vamW915HxA"]},{"@type":"Person","@id":"https:\/\/www.institutodeengenharia.org.br\/site\/#\/schema\/person\/593dc356630173a4877a635d3e5fd76b","name":"Isabel","image":{"@type":"ImageObject","inLanguage":"pt-BR","@id":"https:\/\/secure.gravatar.com\/avatar\/f3c521db63ec9db17894f10a88c6a3cf95b2281d7f80eeb3cf3ef1cb091576e7?s=96&d=mm&r=g","url":"https:\/\/secure.gravatar.com\/avatar\/f3c521db63ec9db17894f10a88c6a3cf95b2281d7f80eeb3cf3ef1cb091576e7?s=96&d=mm&r=g","contentUrl":"https:\/\/secure.gravatar.com\/avatar\/f3c521db63ec9db17894f10a88c6a3cf95b2281d7f80eeb3cf3ef1cb091576e7?s=96&d=mm&r=g","caption":"Isabel"},"url":"https:\/\/www.institutodeengenharia.org.br\/site\/author\/comunicacao2\/"}]}},"_links":{"self":[{"href":"https:\/\/www.institutodeengenharia.org.br\/site\/wp-json\/wp\/v2\/posts\/130040","targetHints":{"allow":["GET"]}}],"collection":[{"href":"https:\/\/www.institutodeengenharia.org.br\/site\/wp-json\/wp\/v2\/posts"}],"about":[{"href":"https:\/\/www.institutodeengenharia.org.br\/site\/wp-json\/wp\/v2\/types\/post"}],"author":[{"embeddable":true,"href":"https:\/\/www.institutodeengenharia.org.br\/site\/wp-json\/wp\/v2\/users\/14"}],"replies":[{"embeddable":true,"href":"https:\/\/www.institutodeengenharia.org.br\/site\/wp-json\/wp\/v2\/comments?post=130040"}],"version-history":[{"count":4,"href":"https:\/\/www.institutodeengenharia.org.br\/site\/wp-json\/wp\/v2\/posts\/130040\/revisions"}],"predecessor-version":[{"id":130051,"href":"https:\/\/www.institutodeengenharia.org.br\/site\/wp-json\/wp\/v2\/posts\/130040\/revisions\/130051"}],"wp:featuredmedia":[{"embeddable":true,"href":"https:\/\/www.institutodeengenharia.org.br\/site\/wp-json\/wp\/v2\/media\/130045"}],"wp:attachment":[{"href":"https:\/\/www.institutodeengenharia.org.br\/site\/wp-json\/wp\/v2\/media?parent=130040"}],"wp:term":[{"taxonomy":"category","embeddable":true,"href":"https:\/\/www.institutodeengenharia.org.br\/site\/wp-json\/wp\/v2\/categories?post=130040"},{"taxonomy":"post_tag","embeddable":true,"href":"https:\/\/www.institutodeengenharia.org.br\/site\/wp-json\/wp\/v2\/tags?post=130040"}],"curies":[{"name":"wp","href":"https:\/\/api.w.org\/{rel}","templated":true}]}}