{"id":129853,"date":"2025-06-16T16:22:08","date_gmt":"2025-06-16T19:22:08","guid":{"rendered":"https:\/\/www.institutodeengenharia.org.br\/site\/?p=129853"},"modified":"2025-06-16T16:54:32","modified_gmt":"2025-06-16T19:54:32","slug":"gas-e-tema-de-evento-na-fiesp-instituto-tambem-debate-o-assunto-na-proxima-semana-24-6","status":"publish","type":"post","link":"https:\/\/www.institutodeengenharia.org.br\/site\/2025\/06\/16\/gas-e-tema-de-evento-na-fiesp-instituto-tambem-debate-o-assunto-na-proxima-semana-24-6\/","title":{"rendered":"G\u00e1s \u00e9 tema de evento na Fiesp. Instituto tamb\u00e9m debate o assunto na pr\u00f3xima semana (24\/6)"},"content":{"rendered":"<p>O presidente do Instituto de Engenharia, Jos\u00e9 Eduardo Jardim, prestigiou nesta segunda (16) o semin\u00e1rio &#8220;G\u00e1s para empregar &#8211; construindo uma estrutura justa e sustent\u00e1vel de pre\u00e7os&#8221;, na sede da Fiesp.<\/p>\n<p>O evento teve a presen\u00e7a do Ministro de Minas e Energia, Alexandre Silveira; da especialista e refer\u00eancia Global em Energia, Ieda Gomes Yell; da diretora de Estudos do Petr\u00f3leo, G\u00e1s e Biocombust\u00edveis da Empresa Energ\u00e9tica &#8211; EPE, Heloisa Borges; do CEO da Brava Energia; D\u00e9cio Oddone, e do diretor do Instituto de Energia da PUC-Rio &#8211; IEPUC, Eloi Fern\u00e1ndez y Fern\u00e1ndez, entre outros importantes nomes do setor.<\/p>\n<p>No pr\u00f3ximo dia 24 de junho, o Instituto de Engenharia tamb\u00e9m traz o tema para debate com o evento um &#8220;Horizonte de Oportunidades no \u00d3leo &amp; G\u00e1s Brasileiro&#8221;.\u00a0As inscri\u00e7\u00f5es podem ser feitas <a href=\"https:\/\/www.institutodeengenharia.org.br\/site\/events\/horizonte-de-oportunidades-no-og-brasileiro\/\">clicando aqui<\/a>.<\/p>\n<p>Fa\u00e7a sua inscri\u00e7\u00e3o e se aprofunde ainda mais sobre um tema t\u00e3o importante para a economia e para o desenvolvimento do Brasil.<\/p>\n","protected":false},"excerpt":{"rendered":"<p>O presidente do Instituto de Engenharia, Jos\u00e9 Eduardo Jardim, prestigiou nesta segunda (16) o semin\u00e1rio &#8220;G\u00e1s para empregar &#8211; construindo uma estrutura justa e sustent\u00e1vel de pre\u00e7os&#8221;, na sede da Fiesp. O evento teve a presen\u00e7a do Ministro de Minas e Energia, Alexandre Silveira; da especialista e refer\u00eancia Global em Energia, Ieda Gomes Yell; da [&hellip;]<\/p>\n","protected":false},"author":14,"featured_media":129863,"comment_status":"open","ping_status":"open","sticky":false,"template":"","format":"standard","meta":{"footnotes":""},"categories":[24,27,6],"tags":[],"class_list":{"0":"post-129853","1":"post","2":"type-post","3":"status-publish","4":"format-standard","5":"has-post-thumbnail","7":"category-energia","8":"category-instituto-de-engenharia","9":"category-noticias"},"yoast_head":"<!-- This site is optimized with the Yoast SEO plugin v27.2 - https:\/\/yoast.com\/product\/yoast-seo-wordpress\/ -->\n<title>G\u00e1s \u00e9 tema de evento na Fiesp. Instituto tamb\u00e9m debate o assunto na pr\u00f3xima semana (24\/6) - Instituto de Engenharia<\/title>\n<meta name=\"robots\" content=\"index, follow, max-snippet:-1, max-image-preview:large, max-video-preview:-1\" \/>\n<link rel=\"canonical\" href=\"https:\/\/www.institutodeengenharia.org.br\/site\/2025\/06\/16\/gas-e-tema-de-evento-na-fiesp-instituto-tambem-debate-o-assunto-na-proxima-semana-24-6\/\" \/>\n<meta property=\"og:locale\" content=\"pt_BR\" \/>\n<meta property=\"og:type\" content=\"article\" \/>\n<meta property=\"og:title\" content=\"G\u00e1s \u00e9 tema de evento na Fiesp. Instituto tamb\u00e9m debate o assunto na pr\u00f3xima semana (24\/6) - Instituto de Engenharia\" \/>\n<meta property=\"og:description\" content=\"O presidente do Instituto de Engenharia, Jos\u00e9 Eduardo Jardim, prestigiou nesta segunda (16) o semin\u00e1rio &#8220;G\u00e1s para empregar &#8211; construindo uma estrutura justa e sustent\u00e1vel de pre\u00e7os&#8221;, na sede da Fiesp. O evento teve a presen\u00e7a do Ministro de Minas e Energia, Alexandre Silveira; da especialista e refer\u00eancia Global em Energia, Ieda Gomes Yell; da [&hellip;]\" \/>\n<meta property=\"og:url\" content=\"https:\/\/www.institutodeengenharia.org.br\/site\/2025\/06\/16\/gas-e-tema-de-evento-na-fiesp-instituto-tambem-debate-o-assunto-na-proxima-semana-24-6\/\" \/>\n<meta property=\"og:site_name\" content=\"Instituto de Engenharia\" \/>\n<meta property=\"article:publisher\" content=\"https:\/\/www.facebook.com\/institutodeengenharia\" \/>\n<meta property=\"article:published_time\" content=\"2025-06-16T19:22:08+00:00\" \/>\n<meta property=\"article:modified_time\" content=\"2025-06-16T19:54:32+00:00\" \/>\n<meta property=\"og:image\" content=\"https:\/\/www.institutodeengenharia.org.br\/site\/wp-content\/uploads\/2025\/06\/WhatsApp-Image-2025-06-16-at-09.57.30.jpeg\" \/>\n\t<meta property=\"og:image:width\" content=\"1280\" \/>\n\t<meta property=\"og:image:height\" content=\"960\" \/>\n\t<meta property=\"og:image:type\" content=\"image\/jpeg\" \/>\n<meta name=\"author\" content=\"Isabel\" \/>\n<meta name=\"twitter:card\" content=\"summary_large_image\" \/>\n<meta name=\"twitter:creator\" content=\"@iengenharia\" \/>\n<meta name=\"twitter:site\" content=\"@iengenharia\" \/>\n<meta name=\"twitter:label1\" content=\"Escrito por\" \/>\n\t<meta name=\"twitter:data1\" content=\"Isabel\" \/>\n\t<meta name=\"twitter:label2\" content=\"Est. tempo de leitura\" \/>\n\t<meta name=\"twitter:data2\" content=\"2 minutos\" \/>\n<script type=\"application\/ld+json\" class=\"yoast-schema-graph\">{\"@context\":\"https:\/\/schema.org\",\"@graph\":[{\"@type\":\"Article\",\"@id\":\"https:\/\/www.institutodeengenharia.org.br\/site\/2025\/06\/16\/gas-e-tema-de-evento-na-fiesp-instituto-tambem-debate-o-assunto-na-proxima-semana-24-6\/#article\",\"isPartOf\":{\"@id\":\"https:\/\/www.institutodeengenharia.org.br\/site\/2025\/06\/16\/gas-e-tema-de-evento-na-fiesp-instituto-tambem-debate-o-assunto-na-proxima-semana-24-6\/\"},\"author\":{\"name\":\"Isabel\",\"@id\":\"https:\/\/www.institutodeengenharia.org.br\/site\/#\/schema\/person\/593dc356630173a4877a635d3e5fd76b\"},\"headline\":\"G\u00e1s \u00e9 tema de evento na Fiesp. Instituto tamb\u00e9m debate o assunto na pr\u00f3xima semana (24\/6)\",\"datePublished\":\"2025-06-16T19:22:08+00:00\",\"dateModified\":\"2025-06-16T19:54:32+00:00\",\"mainEntityOfPage\":{\"@id\":\"https:\/\/www.institutodeengenharia.org.br\/site\/2025\/06\/16\/gas-e-tema-de-evento-na-fiesp-instituto-tambem-debate-o-assunto-na-proxima-semana-24-6\/\"},\"wordCount\":190,\"commentCount\":0,\"publisher\":{\"@id\":\"https:\/\/www.institutodeengenharia.org.br\/site\/#organization\"},\"image\":{\"@id\":\"https:\/\/www.institutodeengenharia.org.br\/site\/2025\/06\/16\/gas-e-tema-de-evento-na-fiesp-instituto-tambem-debate-o-assunto-na-proxima-semana-24-6\/#primaryimage\"},\"thumbnailUrl\":\"https:\/\/www.institutodeengenharia.org.br\/site\/wp-content\/uploads\/2025\/06\/WhatsApp-Image-2025-06-16-at-09.57.30.jpeg\",\"articleSection\":[\"Energia\",\"Instituto de Engenharia\",\"Not\u00edcias\"],\"inLanguage\":\"pt-BR\",\"potentialAction\":[{\"@type\":\"CommentAction\",\"name\":\"Comment\",\"target\":[\"https:\/\/www.institutodeengenharia.org.br\/site\/2025\/06\/16\/gas-e-tema-de-evento-na-fiesp-instituto-tambem-debate-o-assunto-na-proxima-semana-24-6\/#respond\"]}]},{\"@type\":\"WebPage\",\"@id\":\"https:\/\/www.institutodeengenharia.org.br\/site\/2025\/06\/16\/gas-e-tema-de-evento-na-fiesp-instituto-tambem-debate-o-assunto-na-proxima-semana-24-6\/\",\"url\":\"https:\/\/www.institutodeengenharia.org.br\/site\/2025\/06\/16\/gas-e-tema-de-evento-na-fiesp-instituto-tambem-debate-o-assunto-na-proxima-semana-24-6\/\",\"name\":\"G\u00e1s \u00e9 tema de evento na Fiesp. Instituto tamb\u00e9m debate o assunto na pr\u00f3xima semana (24\/6) - Instituto de Engenharia\",\"isPartOf\":{\"@id\":\"https:\/\/www.institutodeengenharia.org.br\/site\/#website\"},\"primaryImageOfPage\":{\"@id\":\"https:\/\/www.institutodeengenharia.org.br\/site\/2025\/06\/16\/gas-e-tema-de-evento-na-fiesp-instituto-tambem-debate-o-assunto-na-proxima-semana-24-6\/#primaryimage\"},\"image\":{\"@id\":\"https:\/\/www.institutodeengenharia.org.br\/site\/2025\/06\/16\/gas-e-tema-de-evento-na-fiesp-instituto-tambem-debate-o-assunto-na-proxima-semana-24-6\/#primaryimage\"},\"thumbnailUrl\":\"https:\/\/www.institutodeengenharia.org.br\/site\/wp-content\/uploads\/2025\/06\/WhatsApp-Image-2025-06-16-at-09.57.30.jpeg\",\"datePublished\":\"2025-06-16T19:22:08+00:00\",\"dateModified\":\"2025-06-16T19:54:32+00:00\",\"breadcrumb\":{\"@id\":\"https:\/\/www.institutodeengenharia.org.br\/site\/2025\/06\/16\/gas-e-tema-de-evento-na-fiesp-instituto-tambem-debate-o-assunto-na-proxima-semana-24-6\/#breadcrumb\"},\"inLanguage\":\"pt-BR\",\"potentialAction\":[{\"@type\":\"ReadAction\",\"target\":[\"https:\/\/www.institutodeengenharia.org.br\/site\/2025\/06\/16\/gas-e-tema-de-evento-na-fiesp-instituto-tambem-debate-o-assunto-na-proxima-semana-24-6\/\"]}]},{\"@type\":\"ImageObject\",\"inLanguage\":\"pt-BR\",\"@id\":\"https:\/\/www.institutodeengenharia.org.br\/site\/2025\/06\/16\/gas-e-tema-de-evento-na-fiesp-instituto-tambem-debate-o-assunto-na-proxima-semana-24-6\/#primaryimage\",\"url\":\"https:\/\/www.institutodeengenharia.org.br\/site\/wp-content\/uploads\/2025\/06\/WhatsApp-Image-2025-06-16-at-09.57.30.jpeg\",\"contentUrl\":\"https:\/\/www.institutodeengenharia.org.br\/site\/wp-content\/uploads\/2025\/06\/WhatsApp-Image-2025-06-16-at-09.57.30.jpeg\",\"width\":1280,\"height\":960},{\"@type\":\"BreadcrumbList\",\"@id\":\"https:\/\/www.institutodeengenharia.org.br\/site\/2025\/06\/16\/gas-e-tema-de-evento-na-fiesp-instituto-tambem-debate-o-assunto-na-proxima-semana-24-6\/#breadcrumb\",\"itemListElement\":[{\"@type\":\"ListItem\",\"position\":1,\"name\":\"In\u00edcio\",\"item\":\"https:\/\/www.institutodeengenharia.org.br\/site\/\"},{\"@type\":\"ListItem\",\"position\":2,\"name\":\"G\u00e1s \u00e9 tema de evento na Fiesp. Instituto tamb\u00e9m debate o assunto na pr\u00f3xima semana (24\/6)\"}]},{\"@type\":\"WebSite\",\"@id\":\"https:\/\/www.institutodeengenharia.org.br\/site\/#website\",\"url\":\"https:\/\/www.institutodeengenharia.org.br\/site\/\",\"name\":\"Instituto de Engenharia\",\"description\":\"O Instituto de Engenharia promove a Engenharia em benef\u00edcio do desenvolvimento e da qualidade de vida da sociedade.\",\"publisher\":{\"@id\":\"https:\/\/www.institutodeengenharia.org.br\/site\/#organization\"},\"potentialAction\":[{\"@type\":\"SearchAction\",\"target\":{\"@type\":\"EntryPoint\",\"urlTemplate\":\"https:\/\/www.institutodeengenharia.org.br\/site\/?s={search_term_string}\"},\"query-input\":{\"@type\":\"PropertyValueSpecification\",\"valueRequired\":true,\"valueName\":\"search_term_string\"}}],\"inLanguage\":\"pt-BR\"},{\"@type\":\"Organization\",\"@id\":\"https:\/\/www.institutodeengenharia.org.br\/site\/#organization\",\"name\":\"Instituto de Engenharia\",\"url\":\"https:\/\/www.institutodeengenharia.org.br\/site\/\",\"logo\":{\"@type\":\"ImageObject\",\"inLanguage\":\"pt-BR\",\"@id\":\"https:\/\/www.institutodeengenharia.org.br\/site\/#\/schema\/logo\/image\/\",\"url\":\"https:\/\/www.institutodeengenharia.org.br\/site\/wp-content\/uploads\/2019\/03\/logo-novo-IE2018-1.jpg\",\"contentUrl\":\"https:\/\/www.institutodeengenharia.org.br\/site\/wp-content\/uploads\/2019\/03\/logo-novo-IE2018-1.jpg\",\"width\":1486,\"height\":1879,\"caption\":\"Instituto de Engenharia\"},\"image\":{\"@id\":\"https:\/\/www.institutodeengenharia.org.br\/site\/#\/schema\/logo\/image\/\"},\"sameAs\":[\"https:\/\/www.facebook.com\/institutodeengenharia\",\"https:\/\/x.com\/iengenharia\",\"https:\/\/www.instagram.com\/institutodeengenharia\/\",\"https:\/\/www.linkedin.com\/company\/instituto-de-engenharia\/\",\"https:\/\/www.youtube.com\/channel\/UCXiCAlsSMe977vamW915HxA\"]},{\"@type\":\"Person\",\"@id\":\"https:\/\/www.institutodeengenharia.org.br\/site\/#\/schema\/person\/593dc356630173a4877a635d3e5fd76b\",\"name\":\"Isabel\",\"image\":{\"@type\":\"ImageObject\",\"inLanguage\":\"pt-BR\",\"@id\":\"https:\/\/secure.gravatar.com\/avatar\/f3c521db63ec9db17894f10a88c6a3cf95b2281d7f80eeb3cf3ef1cb091576e7?s=96&d=mm&r=g\",\"url\":\"https:\/\/secure.gravatar.com\/avatar\/f3c521db63ec9db17894f10a88c6a3cf95b2281d7f80eeb3cf3ef1cb091576e7?s=96&d=mm&r=g\",\"contentUrl\":\"https:\/\/secure.gravatar.com\/avatar\/f3c521db63ec9db17894f10a88c6a3cf95b2281d7f80eeb3cf3ef1cb091576e7?s=96&d=mm&r=g\",\"caption\":\"Isabel\"},\"url\":\"https:\/\/www.institutodeengenharia.org.br\/site\/author\/comunicacao2\/\"}]}<\/script>\n<!-- \/ Yoast SEO plugin. -->","yoast_head_json":{"title":"G\u00e1s \u00e9 tema de evento na Fiesp. Instituto tamb\u00e9m debate o assunto na pr\u00f3xima semana (24\/6) - Instituto de Engenharia","robots":{"index":"index","follow":"follow","max-snippet":"max-snippet:-1","max-image-preview":"max-image-preview:large","max-video-preview":"max-video-preview:-1"},"canonical":"https:\/\/www.institutodeengenharia.org.br\/site\/2025\/06\/16\/gas-e-tema-de-evento-na-fiesp-instituto-tambem-debate-o-assunto-na-proxima-semana-24-6\/","og_locale":"pt_BR","og_type":"article","og_title":"G\u00e1s \u00e9 tema de evento na Fiesp. Instituto tamb\u00e9m debate o assunto na pr\u00f3xima semana (24\/6) - Instituto de Engenharia","og_description":"O presidente do Instituto de Engenharia, Jos\u00e9 Eduardo Jardim, prestigiou nesta segunda (16) o semin\u00e1rio &#8220;G\u00e1s para empregar &#8211; construindo uma estrutura justa e sustent\u00e1vel de pre\u00e7os&#8221;, na sede da Fiesp. O evento teve a presen\u00e7a do Ministro de Minas e Energia, Alexandre Silveira; da especialista e refer\u00eancia Global em Energia, Ieda Gomes Yell; da [&hellip;]","og_url":"https:\/\/www.institutodeengenharia.org.br\/site\/2025\/06\/16\/gas-e-tema-de-evento-na-fiesp-instituto-tambem-debate-o-assunto-na-proxima-semana-24-6\/","og_site_name":"Instituto de Engenharia","article_publisher":"https:\/\/www.facebook.com\/institutodeengenharia","article_published_time":"2025-06-16T19:22:08+00:00","article_modified_time":"2025-06-16T19:54:32+00:00","og_image":[{"width":1280,"height":960,"url":"https:\/\/www.institutodeengenharia.org.br\/site\/wp-content\/uploads\/2025\/06\/WhatsApp-Image-2025-06-16-at-09.57.30.jpeg","type":"image\/jpeg"}],"author":"Isabel","twitter_card":"summary_large_image","twitter_creator":"@iengenharia","twitter_site":"@iengenharia","twitter_misc":{"Escrito por":"Isabel","Est. tempo de leitura":"2 minutos"},"schema":{"@context":"https:\/\/schema.org","@graph":[{"@type":"Article","@id":"https:\/\/www.institutodeengenharia.org.br\/site\/2025\/06\/16\/gas-e-tema-de-evento-na-fiesp-instituto-tambem-debate-o-assunto-na-proxima-semana-24-6\/#article","isPartOf":{"@id":"https:\/\/www.institutodeengenharia.org.br\/site\/2025\/06\/16\/gas-e-tema-de-evento-na-fiesp-instituto-tambem-debate-o-assunto-na-proxima-semana-24-6\/"},"author":{"name":"Isabel","@id":"https:\/\/www.institutodeengenharia.org.br\/site\/#\/schema\/person\/593dc356630173a4877a635d3e5fd76b"},"headline":"G\u00e1s \u00e9 tema de evento na Fiesp. Instituto tamb\u00e9m debate o assunto na pr\u00f3xima semana (24\/6)","datePublished":"2025-06-16T19:22:08+00:00","dateModified":"2025-06-16T19:54:32+00:00","mainEntityOfPage":{"@id":"https:\/\/www.institutodeengenharia.org.br\/site\/2025\/06\/16\/gas-e-tema-de-evento-na-fiesp-instituto-tambem-debate-o-assunto-na-proxima-semana-24-6\/"},"wordCount":190,"commentCount":0,"publisher":{"@id":"https:\/\/www.institutodeengenharia.org.br\/site\/#organization"},"image":{"@id":"https:\/\/www.institutodeengenharia.org.br\/site\/2025\/06\/16\/gas-e-tema-de-evento-na-fiesp-instituto-tambem-debate-o-assunto-na-proxima-semana-24-6\/#primaryimage"},"thumbnailUrl":"https:\/\/www.institutodeengenharia.org.br\/site\/wp-content\/uploads\/2025\/06\/WhatsApp-Image-2025-06-16-at-09.57.30.jpeg","articleSection":["Energia","Instituto de Engenharia","Not\u00edcias"],"inLanguage":"pt-BR","potentialAction":[{"@type":"CommentAction","name":"Comment","target":["https:\/\/www.institutodeengenharia.org.br\/site\/2025\/06\/16\/gas-e-tema-de-evento-na-fiesp-instituto-tambem-debate-o-assunto-na-proxima-semana-24-6\/#respond"]}]},{"@type":"WebPage","@id":"https:\/\/www.institutodeengenharia.org.br\/site\/2025\/06\/16\/gas-e-tema-de-evento-na-fiesp-instituto-tambem-debate-o-assunto-na-proxima-semana-24-6\/","url":"https:\/\/www.institutodeengenharia.org.br\/site\/2025\/06\/16\/gas-e-tema-de-evento-na-fiesp-instituto-tambem-debate-o-assunto-na-proxima-semana-24-6\/","name":"G\u00e1s \u00e9 tema de evento na Fiesp. Instituto tamb\u00e9m debate o assunto na pr\u00f3xima semana (24\/6) - Instituto de Engenharia","isPartOf":{"@id":"https:\/\/www.institutodeengenharia.org.br\/site\/#website"},"primaryImageOfPage":{"@id":"https:\/\/www.institutodeengenharia.org.br\/site\/2025\/06\/16\/gas-e-tema-de-evento-na-fiesp-instituto-tambem-debate-o-assunto-na-proxima-semana-24-6\/#primaryimage"},"image":{"@id":"https:\/\/www.institutodeengenharia.org.br\/site\/2025\/06\/16\/gas-e-tema-de-evento-na-fiesp-instituto-tambem-debate-o-assunto-na-proxima-semana-24-6\/#primaryimage"},"thumbnailUrl":"https:\/\/www.institutodeengenharia.org.br\/site\/wp-content\/uploads\/2025\/06\/WhatsApp-Image-2025-06-16-at-09.57.30.jpeg","datePublished":"2025-06-16T19:22:08+00:00","dateModified":"2025-06-16T19:54:32+00:00","breadcrumb":{"@id":"https:\/\/www.institutodeengenharia.org.br\/site\/2025\/06\/16\/gas-e-tema-de-evento-na-fiesp-instituto-tambem-debate-o-assunto-na-proxima-semana-24-6\/#breadcrumb"},"inLanguage":"pt-BR","potentialAction":[{"@type":"ReadAction","target":["https:\/\/www.institutodeengenharia.org.br\/site\/2025\/06\/16\/gas-e-tema-de-evento-na-fiesp-instituto-tambem-debate-o-assunto-na-proxima-semana-24-6\/"]}]},{"@type":"ImageObject","inLanguage":"pt-BR","@id":"https:\/\/www.institutodeengenharia.org.br\/site\/2025\/06\/16\/gas-e-tema-de-evento-na-fiesp-instituto-tambem-debate-o-assunto-na-proxima-semana-24-6\/#primaryimage","url":"https:\/\/www.institutodeengenharia.org.br\/site\/wp-content\/uploads\/2025\/06\/WhatsApp-Image-2025-06-16-at-09.57.30.jpeg","contentUrl":"https:\/\/www.institutodeengenharia.org.br\/site\/wp-content\/uploads\/2025\/06\/WhatsApp-Image-2025-06-16-at-09.57.30.jpeg","width":1280,"height":960},{"@type":"BreadcrumbList","@id":"https:\/\/www.institutodeengenharia.org.br\/site\/2025\/06\/16\/gas-e-tema-de-evento-na-fiesp-instituto-tambem-debate-o-assunto-na-proxima-semana-24-6\/#breadcrumb","itemListElement":[{"@type":"ListItem","position":1,"name":"In\u00edcio","item":"https:\/\/www.institutodeengenharia.org.br\/site\/"},{"@type":"ListItem","position":2,"name":"G\u00e1s \u00e9 tema de evento na Fiesp. Instituto tamb\u00e9m debate o assunto na pr\u00f3xima semana (24\/6)"}]},{"@type":"WebSite","@id":"https:\/\/www.institutodeengenharia.org.br\/site\/#website","url":"https:\/\/www.institutodeengenharia.org.br\/site\/","name":"Instituto de Engenharia","description":"O Instituto de Engenharia promove a Engenharia em benef\u00edcio do desenvolvimento e da qualidade de vida da sociedade.","publisher":{"@id":"https:\/\/www.institutodeengenharia.org.br\/site\/#organization"},"potentialAction":[{"@type":"SearchAction","target":{"@type":"EntryPoint","urlTemplate":"https:\/\/www.institutodeengenharia.org.br\/site\/?s={search_term_string}"},"query-input":{"@type":"PropertyValueSpecification","valueRequired":true,"valueName":"search_term_string"}}],"inLanguage":"pt-BR"},{"@type":"Organization","@id":"https:\/\/www.institutodeengenharia.org.br\/site\/#organization","name":"Instituto de Engenharia","url":"https:\/\/www.institutodeengenharia.org.br\/site\/","logo":{"@type":"ImageObject","inLanguage":"pt-BR","@id":"https:\/\/www.institutodeengenharia.org.br\/site\/#\/schema\/logo\/image\/","url":"https:\/\/www.institutodeengenharia.org.br\/site\/wp-content\/uploads\/2019\/03\/logo-novo-IE2018-1.jpg","contentUrl":"https:\/\/www.institutodeengenharia.org.br\/site\/wp-content\/uploads\/2019\/03\/logo-novo-IE2018-1.jpg","width":1486,"height":1879,"caption":"Instituto de Engenharia"},"image":{"@id":"https:\/\/www.institutodeengenharia.org.br\/site\/#\/schema\/logo\/image\/"},"sameAs":["https:\/\/www.facebook.com\/institutodeengenharia","https:\/\/x.com\/iengenharia","https:\/\/www.instagram.com\/institutodeengenharia\/","https:\/\/www.linkedin.com\/company\/instituto-de-engenharia\/","https:\/\/www.youtube.com\/channel\/UCXiCAlsSMe977vamW915HxA"]},{"@type":"Person","@id":"https:\/\/www.institutodeengenharia.org.br\/site\/#\/schema\/person\/593dc356630173a4877a635d3e5fd76b","name":"Isabel","image":{"@type":"ImageObject","inLanguage":"pt-BR","@id":"https:\/\/secure.gravatar.com\/avatar\/f3c521db63ec9db17894f10a88c6a3cf95b2281d7f80eeb3cf3ef1cb091576e7?s=96&d=mm&r=g","url":"https:\/\/secure.gravatar.com\/avatar\/f3c521db63ec9db17894f10a88c6a3cf95b2281d7f80eeb3cf3ef1cb091576e7?s=96&d=mm&r=g","contentUrl":"https:\/\/secure.gravatar.com\/avatar\/f3c521db63ec9db17894f10a88c6a3cf95b2281d7f80eeb3cf3ef1cb091576e7?s=96&d=mm&r=g","caption":"Isabel"},"url":"https:\/\/www.institutodeengenharia.org.br\/site\/author\/comunicacao2\/"}]}},"_links":{"self":[{"href":"https:\/\/www.institutodeengenharia.org.br\/site\/wp-json\/wp\/v2\/posts\/129853","targetHints":{"allow":["GET"]}}],"collection":[{"href":"https:\/\/www.institutodeengenharia.org.br\/site\/wp-json\/wp\/v2\/posts"}],"about":[{"href":"https:\/\/www.institutodeengenharia.org.br\/site\/wp-json\/wp\/v2\/types\/post"}],"author":[{"embeddable":true,"href":"https:\/\/www.institutodeengenharia.org.br\/site\/wp-json\/wp\/v2\/users\/14"}],"replies":[{"embeddable":true,"href":"https:\/\/www.institutodeengenharia.org.br\/site\/wp-json\/wp\/v2\/comments?post=129853"}],"version-history":[{"count":3,"href":"https:\/\/www.institutodeengenharia.org.br\/site\/wp-json\/wp\/v2\/posts\/129853\/revisions"}],"predecessor-version":[{"id":129859,"href":"https:\/\/www.institutodeengenharia.org.br\/site\/wp-json\/wp\/v2\/posts\/129853\/revisions\/129859"}],"wp:featuredmedia":[{"embeddable":true,"href":"https:\/\/www.institutodeengenharia.org.br\/site\/wp-json\/wp\/v2\/media\/129863"}],"wp:attachment":[{"href":"https:\/\/www.institutodeengenharia.org.br\/site\/wp-json\/wp\/v2\/media?parent=129853"}],"wp:term":[{"taxonomy":"category","embeddable":true,"href":"https:\/\/www.institutodeengenharia.org.br\/site\/wp-json\/wp\/v2\/categories?post=129853"},{"taxonomy":"post_tag","embeddable":true,"href":"https:\/\/www.institutodeengenharia.org.br\/site\/wp-json\/wp\/v2\/tags?post=129853"}],"curies":[{"name":"wp","href":"https:\/\/api.w.org\/{rel}","templated":true}]}}